{"id":481,"date":"2012-03-12T16:52:19","date_gmt":"2012-03-12T14:52:19","guid":{"rendered":"http:\/\/www.pigrecoemme.com\/blog\/?p=481"},"modified":"2012-03-12T18:42:30","modified_gmt":"2012-03-12T16:42:30","slug":"valerio-caprara-presenta-linquilino-del-terzo-piano-al-pan","status":"publish","type":"post","link":"https:\/\/www.pigrecoemme.com\/blog\/valerio-caprara-presenta-linquilino-del-terzo-piano-al-pan\/","title":{"rendered":"Valerio Caprara presenta &#8220;L&#8217;inquilino del terzo piano&#8221; al PAN"},"content":{"rendered":"<p style=\"text-align: center;\">\n<figure id=\"attachment_482\" aria-describedby=\"caption-attachment-482\" style=\"width: 500px\" class=\"wp-caption aligncenter\"><a href=\"https:\/\/i0.wp.com\/www.pigrecoemme.com\/blog\/wp-content\/uploads\/2012\/03\/valerio-caprara.jpg?ssl=1\"><img data-recalc-dims=\"1\" loading=\"lazy\" decoding=\"async\" class=\"size-full wp-image-482\" title=\"valerio-caprara\" src=\"https:\/\/i0.wp.com\/www.pigrecoemme.com\/blog\/wp-content\/uploads\/2012\/03\/valerio-caprara.jpg?resize=500%2C368&#038;ssl=1\" alt=\"Valerio Caprara\" width=\"500\" height=\"368\" srcset=\"https:\/\/i0.wp.com\/www.pigrecoemme.com\/blog\/wp-content\/uploads\/2012\/03\/valerio-caprara.jpg?w=500&amp;ssl=1 500w, https:\/\/i0.wp.com\/www.pigrecoemme.com\/blog\/wp-content\/uploads\/2012\/03\/valerio-caprara.jpg?resize=300%2C220&amp;ssl=1 300w\" sizes=\"auto, (max-width: 500px) 100vw, 500px\" \/><\/a><figcaption id=\"caption-attachment-482\" class=\"wp-caption-text\">Valerio Caprara<\/figcaption><\/figure>\n<p>Nell\u2019ambito della rassegna <a href=\"https:\/\/www.pigrecoemme.com\/blog\/storia-permanente-del-cinema-al-pan-ancora-film-gratuiti\/\">Storia permanente del cinema<\/a>, al PAN, per il ciclo \u201cL\u2019ospite inatteso\u201d a cura della <a href=\"http:\/\/www.pigrecoemme.com\/\">Scuola di cinema Pigrecoemme<\/a> di Napoli, <strong>mercoled\u00ec 14 marzo 2012 alle ore 17,00<\/strong> il critico cinematografico e presidente della Film Commission Regione Campania Valerio Caprara presenta il capolavoro di Roman Polanski, &#8220;L\u2019inquilino del terzo piano&#8221;.La proiezione, a <strong>ingresso gratuito<\/strong>, si terr\u00e0 nella rinnovata FilmZone del Palazzo delle arti di Napoli di via dei Mille 60.<\/p>\n<p>La rassegna continuer\u00e0 poi gioved\u00ec 15 marzo con il ciclo \u201cRock Around the Screen. Storie di cinema e musica pop\u201d, a cura di Diego Del Pozzo e Vincenzo Esposito, che indagheranno i rapporti tra settima arte e rock.<br \/>\nTre i film in programma: alle 15,00 Walk the Line \u2013 Quando l\u2019amore brucia l\u2019anima di James Mangold; alle 17,15, il film di Richard Lester coi Beatles, A Hard Day\u2019s Night \u2013 Tutti per uno e alle ore 19,00 il recente I Love Radio Rock di Richard Curtis.<br \/>\nOgni pellicola, sempre ad ingresso gratuito, sar\u00e0 introdotta dai curatori.<\/p>\n<p style=\"text-align: center;\">\n<figure id=\"attachment_483\" aria-describedby=\"caption-attachment-483\" style=\"width: 500px\" class=\"wp-caption aligncenter\"><a href=\"https:\/\/i0.wp.com\/www.pigrecoemme.com\/blog\/wp-content\/uploads\/2012\/03\/l-linquilino-del-terzo-piano-polanski.jpg?ssl=1\"><img data-recalc-dims=\"1\" loading=\"lazy\" decoding=\"async\" class=\"size-full wp-image-483 \" title=\"l-linquilino-del-terzo-piano-polanski\" src=\"https:\/\/i0.wp.com\/www.pigrecoemme.com\/blog\/wp-content\/uploads\/2012\/03\/l-linquilino-del-terzo-piano-polanski.jpg?resize=500%2C333&#038;ssl=1\" alt=\"L'inquilino del terzo piano\" width=\"500\" height=\"333\" srcset=\"https:\/\/i0.wp.com\/www.pigrecoemme.com\/blog\/wp-content\/uploads\/2012\/03\/l-linquilino-del-terzo-piano-polanski.jpg?w=540&amp;ssl=1 540w, https:\/\/i0.wp.com\/www.pigrecoemme.com\/blog\/wp-content\/uploads\/2012\/03\/l-linquilino-del-terzo-piano-polanski.jpg?resize=300%2C200&amp;ssl=1 300w\" sizes=\"auto, (max-width: 500px) 100vw, 500px\" \/><\/a><figcaption id=\"caption-attachment-483\" class=\"wp-caption-text\">L&#39;inquilino del terzo piano<\/figcaption><\/figure>\n<p><strong>La scheda del film<\/strong><br \/>\nL\u2019inquilino del terzo piano (Roman Polanski, Francia, 1976) 126\u2019<br \/>\nTopor, nel romanzo Le locataire chimerique \u2013 che Polanski dodici anni dopo trasformer\u00e0 in uno dei suoi film pi\u00f9 complessi \u2013 soffocava, in quel lontano 1964, certe ingenuit\u00e0 surrealiste del Movimento Panico (che pure l\u2019autore franco-polacco aveva contribuito a creare) in un\u2019angosciosa messinscena dove la dicotomia tra essere e apparire si frantumava sul selciato di un\u2019inevitabile follia.<br \/>\nLa casa, il corpo; io, l\u2019altro: opposti dove la doppia accezione del termine ospite (chi accoglie e chi \u00e8 accolto) segna, nel film di Polanski, il sistema per narrare l\u2019ambiguit\u00e0 identitaria del protagonista, stretto tra la condizione aliena dello straniero e l\u2019alienazione mentale, fino a discendere negli inferi di un everyman che nella transgenia, quale fluttuante ipotesi ontologica nel mondo postmoderno, trova l\u2019unico, tragico destino possibile. (Corrado Morra)<\/p>\n","protected":false},"excerpt":{"rendered":"<p>Nell\u2019ambito della rassegna Storia permanente del cinema, al PAN, per il ciclo \u201cL\u2019ospite inatteso\u201d a cura della Scuola di cinema Pigrecoemme di Napoli, mercoled\u00ec 14 marzo 2012 alle ore 17,00 il critico cinematografico e&hellip;<\/p>\n","protected":false},"author":1,"featured_media":0,"comment_status":"open","ping_status":"open","sticky":false,"template":"","format":"standard","meta":{"_jetpack_newsletter_access":"","_jetpack_dont_email_post_to_subs":false,"_jetpack_newsletter_tier_id":0,"_jetpack_memberships_contains_paywalled_content":false,"_jetpack_feature_clip_id":0,"_jetpack_memberships_contains_paid_content":false,"footnotes":"","jetpack_post_was_ever_published":false},"categories":[11,1],"tags":[15,665,240],"class_list":["post-481","post","type-post","status-publish","format-standard","hentry","category-eventi","category-generale","tag-pan","tag-storia-permanente-del-cinema","tag-valerio-caprara"],"yoast_head":"<!-- This site is optimized with the Yoast SEO plugin v28.3 - https:\/\/yoast.com\/product\/yoast-seo-wordpress\/ -->\n<title>Valerio Caprara presenta &quot;L&#039;inquilino del terzo piano&quot; al PAN<\/title>\n<meta name=\"robots\" content=\"index, follow, max-snippet:-1, max-image-preview:large, max-video-preview:-1\" \/>\n<link rel=\"canonical\" href=\"https:\/\/www.pigrecoemme.com\/blog\/valerio-caprara-presenta-linquilino-del-terzo-piano-al-pan\/\" \/>\n<meta property=\"og:locale\" content=\"it_IT\" \/>\n<meta property=\"og:type\" content=\"article\" \/>\n<meta property=\"og:title\" content=\"Valerio Caprara presenta &quot;L&#039;inquilino del terzo piano&quot; al PAN\" \/>\n<meta property=\"og:description\" content=\"Nell\u2019ambito della rassegna Storia permanente del cinema, al PAN, per il ciclo \u201cL\u2019ospite inatteso\u201d a cura della Scuola di cinema Pigrecoemme di Napoli, mercoled\u00ec 14 marzo 2012 alle ore 17,00 il critico cinematografico e presidente della Film Commission Regione Campania &hellip; Continue reading &rarr;\" \/>\n<meta property=\"og:url\" content=\"https:\/\/www.pigrecoemme.com\/blog\/valerio-caprara-presenta-linquilino-del-terzo-piano-al-pan\/\" \/>\n<meta property=\"og:site_name\" content=\"Scuola di Cinema Pigrecoemme - Blog\" \/>\n<meta property=\"article:publisher\" content=\"https:\/\/www.facebook.com\/pigrecoemme\" \/>\n<meta property=\"article:author\" content=\"https:\/\/www.facebook.com\/giacomo.fabbrocino\" \/>\n<meta property=\"article:published_time\" content=\"2012-03-12T14:52:19+00:00\" \/>\n<meta property=\"article:modified_time\" content=\"2012-03-12T16:42:30+00:00\" \/>\n<meta property=\"og:image\" content=\"http:\/\/www.pigrecoemme.com\/blog\/wp-content\/uploads\/2012\/03\/valerio-caprara.jpg\" \/>\n<meta name=\"author\" content=\"Giacomo Fabbrocino\" \/>\n<meta name=\"twitter:card\" content=\"summary_large_image\" \/>\n<meta name=\"twitter:creator\" content=\"@Pigrecoemme\" \/>\n<meta name=\"twitter:site\" content=\"@Pigrecoemme\" \/>\n<meta name=\"twitter:label1\" content=\"Scritto da\" \/>\n\t<meta name=\"twitter:data1\" content=\"Giacomo Fabbrocino\" \/>\n\t<meta name=\"twitter:label2\" content=\"Tempo di lettura stimato\" \/>\n\t<meta name=\"twitter:data2\" content=\"2 minuti\" \/>\n<script type=\"application\/ld+json\" class=\"yoast-schema-graph\">{\"@context\":\"https:\\\/\\\/schema.org\",\"@graph\":[{\"@type\":[\"Article\",\"BlogPosting\"],\"@id\":\"https:\\\/\\\/www.pigrecoemme.com\\\/blog\\\/valerio-caprara-presenta-linquilino-del-terzo-piano-al-pan\\\/#article\",\"isPartOf\":{\"@id\":\"https:\\\/\\\/www.pigrecoemme.com\\\/blog\\\/valerio-caprara-presenta-linquilino-del-terzo-piano-al-pan\\\/\"},\"author\":{\"name\":\"Giacomo Fabbrocino\",\"@id\":\"https:\\\/\\\/www.pigrecoemme.com\\\/blog\\\/#\\\/schema\\\/person\\\/57fa822c3d209d3a2612fd0411ae63f4\"},\"headline\":\"Valerio Caprara presenta &#8220;L&#8217;inquilino del terzo piano&#8221; al PAN\",\"datePublished\":\"2012-03-12T14:52:19+00:00\",\"dateModified\":\"2012-03-12T16:42:30+00:00\",\"mainEntityOfPage\":{\"@id\":\"https:\\\/\\\/www.pigrecoemme.com\\\/blog\\\/valerio-caprara-presenta-linquilino-del-terzo-piano-al-pan\\\/\"},\"wordCount\":338,\"commentCount\":0,\"publisher\":{\"@id\":\"https:\\\/\\\/www.pigrecoemme.com\\\/blog\\\/#organization\"},\"image\":{\"@id\":\"https:\\\/\\\/www.pigrecoemme.com\\\/blog\\\/valerio-caprara-presenta-linquilino-del-terzo-piano-al-pan\\\/#primaryimage\"},\"thumbnailUrl\":\"http:\\\/\\\/www.pigrecoemme.com\\\/blog\\\/wp-content\\\/uploads\\\/2012\\\/03\\\/valerio-caprara.jpg\",\"keywords\":[\"pan\",\"storia permanente del cinema\",\"valerio caprara\"],\"articleSection\":[\"Eventi\",\"Generale\"],\"inLanguage\":\"it-IT\",\"potentialAction\":[{\"@type\":\"CommentAction\",\"name\":\"Comment\",\"target\":[\"https:\\\/\\\/www.pigrecoemme.com\\\/blog\\\/valerio-caprara-presenta-linquilino-del-terzo-piano-al-pan\\\/#respond\"]}]},{\"@type\":\"WebPage\",\"@id\":\"https:\\\/\\\/www.pigrecoemme.com\\\/blog\\\/valerio-caprara-presenta-linquilino-del-terzo-piano-al-pan\\\/\",\"url\":\"https:\\\/\\\/www.pigrecoemme.com\\\/blog\\\/valerio-caprara-presenta-linquilino-del-terzo-piano-al-pan\\\/\",\"name\":\"Valerio Caprara presenta \\\"L'inquilino del terzo piano\\\" al PAN\",\"isPartOf\":{\"@id\":\"https:\\\/\\\/www.pigrecoemme.com\\\/blog\\\/#website\"},\"primaryImageOfPage\":{\"@id\":\"https:\\\/\\\/www.pigrecoemme.com\\\/blog\\\/valerio-caprara-presenta-linquilino-del-terzo-piano-al-pan\\\/#primaryimage\"},\"image\":{\"@id\":\"https:\\\/\\\/www.pigrecoemme.com\\\/blog\\\/valerio-caprara-presenta-linquilino-del-terzo-piano-al-pan\\\/#primaryimage\"},\"thumbnailUrl\":\"http:\\\/\\\/www.pigrecoemme.com\\\/blog\\\/wp-content\\\/uploads\\\/2012\\\/03\\\/valerio-caprara.jpg\",\"datePublished\":\"2012-03-12T14:52:19+00:00\",\"dateModified\":\"2012-03-12T16:42:30+00:00\",\"breadcrumb\":{\"@id\":\"https:\\\/\\\/www.pigrecoemme.com\\\/blog\\\/valerio-caprara-presenta-linquilino-del-terzo-piano-al-pan\\\/#breadcrumb\"},\"inLanguage\":\"it-IT\",\"potentialAction\":[{\"@type\":\"ReadAction\",\"target\":[\"https:\\\/\\\/www.pigrecoemme.com\\\/blog\\\/valerio-caprara-presenta-linquilino-del-terzo-piano-al-pan\\\/\"]}]},{\"@type\":\"ImageObject\",\"inLanguage\":\"it-IT\",\"@id\":\"https:\\\/\\\/www.pigrecoemme.com\\\/blog\\\/valerio-caprara-presenta-linquilino-del-terzo-piano-al-pan\\\/#primaryimage\",\"url\":\"http:\\\/\\\/www.pigrecoemme.com\\\/blog\\\/wp-content\\\/uploads\\\/2012\\\/03\\\/valerio-caprara.jpg\",\"contentUrl\":\"http:\\\/\\\/www.pigrecoemme.com\\\/blog\\\/wp-content\\\/uploads\\\/2012\\\/03\\\/valerio-caprara.jpg\"},{\"@type\":\"BreadcrumbList\",\"@id\":\"https:\\\/\\\/www.pigrecoemme.com\\\/blog\\\/valerio-caprara-presenta-linquilino-del-terzo-piano-al-pan\\\/#breadcrumb\",\"itemListElement\":[{\"@type\":\"ListItem\",\"position\":1,\"name\":\"Home\",\"item\":\"https:\\\/\\\/www.pigrecoemme.com\\\/blog\\\/\"},{\"@type\":\"ListItem\",\"position\":2,\"name\":\"Valerio Caprara presenta &#8220;L&#8217;inquilino del terzo piano&#8221; al PAN\"}]},{\"@type\":\"WebSite\",\"@id\":\"https:\\\/\\\/www.pigrecoemme.com\\\/blog\\\/#website\",\"url\":\"https:\\\/\\\/www.pigrecoemme.com\\\/blog\\\/\",\"name\":\"Scuola di Cinema Pigrecoemme - Blog\",\"description\":\"Siamo la prima Scuola di Cinema e Fotografia di Napoli\",\"publisher\":{\"@id\":\"https:\\\/\\\/www.pigrecoemme.com\\\/blog\\\/#organization\"},\"potentialAction\":[{\"@type\":\"SearchAction\",\"target\":{\"@type\":\"EntryPoint\",\"urlTemplate\":\"https:\\\/\\\/www.pigrecoemme.com\\\/blog\\\/?s={search_term_string}\"},\"query-input\":{\"@type\":\"PropertyValueSpecification\",\"valueRequired\":true,\"valueName\":\"search_term_string\"}}],\"inLanguage\":\"it-IT\"},{\"@type\":\"Organization\",\"@id\":\"https:\\\/\\\/www.pigrecoemme.com\\\/blog\\\/#organization\",\"name\":\"Scuola di cinema e fotografia Pigrecoemme\",\"url\":\"https:\\\/\\\/www.pigrecoemme.com\\\/blog\\\/\",\"logo\":{\"@type\":\"ImageObject\",\"inLanguage\":\"it-IT\",\"@id\":\"https:\\\/\\\/www.pigrecoemme.com\\\/blog\\\/#\\\/schema\\\/logo\\\/image\\\/\",\"url\":\"https:\\\/\\\/i0.wp.com\\\/www.pigrecoemme.com\\\/blog\\\/wp-content\\\/uploads\\\/2018\\\/06\\\/logo-pigrecoemme-2018.png?fit=500%2C500&ssl=1\",\"contentUrl\":\"https:\\\/\\\/i0.wp.com\\\/www.pigrecoemme.com\\\/blog\\\/wp-content\\\/uploads\\\/2018\\\/06\\\/logo-pigrecoemme-2018.png?fit=500%2C500&ssl=1\",\"width\":500,\"height\":500,\"caption\":\"Scuola di cinema e fotografia Pigrecoemme\"},\"image\":{\"@id\":\"https:\\\/\\\/www.pigrecoemme.com\\\/blog\\\/#\\\/schema\\\/logo\\\/image\\\/\"},\"sameAs\":[\"https:\\\/\\\/www.facebook.com\\\/pigrecoemme\",\"https:\\\/\\\/x.com\\\/Pigrecoemme\",\"https:\\\/\\\/www.instagram.com\\\/pigrecoemme\\\/\",\"https:\\\/\\\/www.linkedin.com\\\/company\\\/pigrecoemme\\\/\",\"https:\\\/\\\/www.youtube.com\\\/pigrecoemme\"]},{\"@type\":\"Person\",\"@id\":\"https:\\\/\\\/www.pigrecoemme.com\\\/blog\\\/#\\\/schema\\\/person\\\/57fa822c3d209d3a2612fd0411ae63f4\",\"name\":\"Giacomo Fabbrocino\",\"image\":{\"@type\":\"ImageObject\",\"inLanguage\":\"it-IT\",\"@id\":\"https:\\\/\\\/secure.gravatar.com\\\/avatar\\\/0e4dfd4d05c06a03fffaffeb36fb181415ba11b91a6b566fa2e8ada75927db32?s=96&r=g\",\"url\":\"https:\\\/\\\/secure.gravatar.com\\\/avatar\\\/0e4dfd4d05c06a03fffaffeb36fb181415ba11b91a6b566fa2e8ada75927db32?s=96&r=g\",\"contentUrl\":\"https:\\\/\\\/secure.gravatar.com\\\/avatar\\\/0e4dfd4d05c06a03fffaffeb36fb181415ba11b91a6b566fa2e8ada75927db32?s=96&r=g\",\"caption\":\"Giacomo Fabbrocino\"},\"description\":\"Montatore cinematografico, autore di documentari sull'arte e di video d'artista, Giacomo \u00e8 responsabile della didattica e della comunicazione web della Scuola di Cinema, Fotografia e Televisione Pigrecoemme di Napoli.\",\"sameAs\":[\"http:\\\/\\\/www.pigrecoemme.com\\\/\",\"https:\\\/\\\/www.facebook.com\\\/giacomo.fabbrocino\"],\"url\":\"https:\\\/\\\/www.pigrecoemme.com\\\/blog\\\/author\\\/giacomo-fabbrocino\\\/\"}]}<\/script>\n<!-- \/ Yoast SEO plugin. -->","yoast_head_json":{"title":"Valerio Caprara presenta \"L'inquilino del terzo piano\" al PAN","robots":{"index":"index","follow":"follow","max-snippet":"max-snippet:-1","max-image-preview":"max-image-preview:large","max-video-preview":"max-video-preview:-1"},"canonical":"https:\/\/www.pigrecoemme.com\/blog\/valerio-caprara-presenta-linquilino-del-terzo-piano-al-pan\/","og_locale":"it_IT","og_type":"article","og_title":"Valerio Caprara presenta \"L'inquilino del terzo piano\" al PAN","og_description":"Nell\u2019ambito della rassegna Storia permanente del cinema, al PAN, per il ciclo \u201cL\u2019ospite inatteso\u201d a cura della Scuola di cinema Pigrecoemme di Napoli, mercoled\u00ec 14 marzo 2012 alle ore 17,00 il critico cinematografico e presidente della Film Commission Regione Campania &hellip; Continue reading &rarr;","og_url":"https:\/\/www.pigrecoemme.com\/blog\/valerio-caprara-presenta-linquilino-del-terzo-piano-al-pan\/","og_site_name":"Scuola di Cinema Pigrecoemme - Blog","article_publisher":"https:\/\/www.facebook.com\/pigrecoemme","article_author":"https:\/\/www.facebook.com\/giacomo.fabbrocino","article_published_time":"2012-03-12T14:52:19+00:00","article_modified_time":"2012-03-12T16:42:30+00:00","og_image":[{"url":"http:\/\/www.pigrecoemme.com\/blog\/wp-content\/uploads\/2012\/03\/valerio-caprara.jpg","type":"","width":"","height":""}],"author":"Giacomo Fabbrocino","twitter_card":"summary_large_image","twitter_creator":"@Pigrecoemme","twitter_site":"@Pigrecoemme","twitter_misc":{"Scritto da":"Giacomo Fabbrocino","Tempo di lettura stimato":"2 minuti"},"schema":{"@context":"https:\/\/schema.org","@graph":[{"@type":["Article","BlogPosting"],"@id":"https:\/\/www.pigrecoemme.com\/blog\/valerio-caprara-presenta-linquilino-del-terzo-piano-al-pan\/#article","isPartOf":{"@id":"https:\/\/www.pigrecoemme.com\/blog\/valerio-caprara-presenta-linquilino-del-terzo-piano-al-pan\/"},"author":{"name":"Giacomo Fabbrocino","@id":"https:\/\/www.pigrecoemme.com\/blog\/#\/schema\/person\/57fa822c3d209d3a2612fd0411ae63f4"},"headline":"Valerio Caprara presenta &#8220;L&#8217;inquilino del terzo piano&#8221; al PAN","datePublished":"2012-03-12T14:52:19+00:00","dateModified":"2012-03-12T16:42:30+00:00","mainEntityOfPage":{"@id":"https:\/\/www.pigrecoemme.com\/blog\/valerio-caprara-presenta-linquilino-del-terzo-piano-al-pan\/"},"wordCount":338,"commentCount":0,"publisher":{"@id":"https:\/\/www.pigrecoemme.com\/blog\/#organization"},"image":{"@id":"https:\/\/www.pigrecoemme.com\/blog\/valerio-caprara-presenta-linquilino-del-terzo-piano-al-pan\/#primaryimage"},"thumbnailUrl":"http:\/\/www.pigrecoemme.com\/blog\/wp-content\/uploads\/2012\/03\/valerio-caprara.jpg","keywords":["pan","storia permanente del cinema","valerio caprara"],"articleSection":["Eventi","Generale"],"inLanguage":"it-IT","potentialAction":[{"@type":"CommentAction","name":"Comment","target":["https:\/\/www.pigrecoemme.com\/blog\/valerio-caprara-presenta-linquilino-del-terzo-piano-al-pan\/#respond"]}]},{"@type":"WebPage","@id":"https:\/\/www.pigrecoemme.com\/blog\/valerio-caprara-presenta-linquilino-del-terzo-piano-al-pan\/","url":"https:\/\/www.pigrecoemme.com\/blog\/valerio-caprara-presenta-linquilino-del-terzo-piano-al-pan\/","name":"Valerio Caprara presenta \"L'inquilino del terzo piano\" al PAN","isPartOf":{"@id":"https:\/\/www.pigrecoemme.com\/blog\/#website"},"primaryImageOfPage":{"@id":"https:\/\/www.pigrecoemme.com\/blog\/valerio-caprara-presenta-linquilino-del-terzo-piano-al-pan\/#primaryimage"},"image":{"@id":"https:\/\/www.pigrecoemme.com\/blog\/valerio-caprara-presenta-linquilino-del-terzo-piano-al-pan\/#primaryimage"},"thumbnailUrl":"http:\/\/www.pigrecoemme.com\/blog\/wp-content\/uploads\/2012\/03\/valerio-caprara.jpg","datePublished":"2012-03-12T14:52:19+00:00","dateModified":"2012-03-12T16:42:30+00:00","breadcrumb":{"@id":"https:\/\/www.pigrecoemme.com\/blog\/valerio-caprara-presenta-linquilino-del-terzo-piano-al-pan\/#breadcrumb"},"inLanguage":"it-IT","potentialAction":[{"@type":"ReadAction","target":["https:\/\/www.pigrecoemme.com\/blog\/valerio-caprara-presenta-linquilino-del-terzo-piano-al-pan\/"]}]},{"@type":"ImageObject","inLanguage":"it-IT","@id":"https:\/\/www.pigrecoemme.com\/blog\/valerio-caprara-presenta-linquilino-del-terzo-piano-al-pan\/#primaryimage","url":"http:\/\/www.pigrecoemme.com\/blog\/wp-content\/uploads\/2012\/03\/valerio-caprara.jpg","contentUrl":"http:\/\/www.pigrecoemme.com\/blog\/wp-content\/uploads\/2012\/03\/valerio-caprara.jpg"},{"@type":"BreadcrumbList","@id":"https:\/\/www.pigrecoemme.com\/blog\/valerio-caprara-presenta-linquilino-del-terzo-piano-al-pan\/#breadcrumb","itemListElement":[{"@type":"ListItem","position":1,"name":"Home","item":"https:\/\/www.pigrecoemme.com\/blog\/"},{"@type":"ListItem","position":2,"name":"Valerio Caprara presenta &#8220;L&#8217;inquilino del terzo piano&#8221; al PAN"}]},{"@type":"WebSite","@id":"https:\/\/www.pigrecoemme.com\/blog\/#website","url":"https:\/\/www.pigrecoemme.com\/blog\/","name":"Scuola di Cinema Pigrecoemme - Blog","description":"Siamo la prima Scuola di Cinema e Fotografia di Napoli","publisher":{"@id":"https:\/\/www.pigrecoemme.com\/blog\/#organization"},"potentialAction":[{"@type":"SearchAction","target":{"@type":"EntryPoint","urlTemplate":"https:\/\/www.pigrecoemme.com\/blog\/?s={search_term_string}"},"query-input":{"@type":"PropertyValueSpecification","valueRequired":true,"valueName":"search_term_string"}}],"inLanguage":"it-IT"},{"@type":"Organization","@id":"https:\/\/www.pigrecoemme.com\/blog\/#organization","name":"Scuola di cinema e fotografia Pigrecoemme","url":"https:\/\/www.pigrecoemme.com\/blog\/","logo":{"@type":"ImageObject","inLanguage":"it-IT","@id":"https:\/\/www.pigrecoemme.com\/blog\/#\/schema\/logo\/image\/","url":"https:\/\/i0.wp.com\/www.pigrecoemme.com\/blog\/wp-content\/uploads\/2018\/06\/logo-pigrecoemme-2018.png?fit=500%2C500&ssl=1","contentUrl":"https:\/\/i0.wp.com\/www.pigrecoemme.com\/blog\/wp-content\/uploads\/2018\/06\/logo-pigrecoemme-2018.png?fit=500%2C500&ssl=1","width":500,"height":500,"caption":"Scuola di cinema e fotografia Pigrecoemme"},"image":{"@id":"https:\/\/www.pigrecoemme.com\/blog\/#\/schema\/logo\/image\/"},"sameAs":["https:\/\/www.facebook.com\/pigrecoemme","https:\/\/x.com\/Pigrecoemme","https:\/\/www.instagram.com\/pigrecoemme\/","https:\/\/www.linkedin.com\/company\/pigrecoemme\/","https:\/\/www.youtube.com\/pigrecoemme"]},{"@type":"Person","@id":"https:\/\/www.pigrecoemme.com\/blog\/#\/schema\/person\/57fa822c3d209d3a2612fd0411ae63f4","name":"Giacomo Fabbrocino","image":{"@type":"ImageObject","inLanguage":"it-IT","@id":"https:\/\/secure.gravatar.com\/avatar\/0e4dfd4d05c06a03fffaffeb36fb181415ba11b91a6b566fa2e8ada75927db32?s=96&r=g","url":"https:\/\/secure.gravatar.com\/avatar\/0e4dfd4d05c06a03fffaffeb36fb181415ba11b91a6b566fa2e8ada75927db32?s=96&r=g","contentUrl":"https:\/\/secure.gravatar.com\/avatar\/0e4dfd4d05c06a03fffaffeb36fb181415ba11b91a6b566fa2e8ada75927db32?s=96&r=g","caption":"Giacomo Fabbrocino"},"description":"Montatore cinematografico, autore di documentari sull'arte e di video d'artista, Giacomo \u00e8 responsabile della didattica e della comunicazione web della Scuola di Cinema, Fotografia e Televisione Pigrecoemme di Napoli.","sameAs":["http:\/\/www.pigrecoemme.com\/","https:\/\/www.facebook.com\/giacomo.fabbrocino"],"url":"https:\/\/www.pigrecoemme.com\/blog\/author\/giacomo-fabbrocino\/"}]}},"jetpack_sharing_enabled":true,"jetpack_likes_enabled":true,"jetpack-related-posts":[{"id":94,"url":"https:\/\/www.pigrecoemme.com\/blog\/i-film-della-mia-vita-2008\/","url_meta":{"origin":481,"position":0},"title":"I Film della mia vita 2008","author":"Giacomo Fabbrocino","date":"28 Ottobre 2008","format":false,"excerpt":"Torna, per il terzo anno consecutivo, I Film della mia vita, il ciclo di incontri con registi, attori, critici, storici, professionisti che il cinema lo fanno e lo amano e che racconteranno il loro personale romanzo visivo di formazione al pubblico del Pan, mostrando sequenze di film, inquadrature, ma pure\u2026","rel":"","context":"In &quot;Eventi&quot;","block_context":{"text":"Eventi","link":"https:\/\/www.pigrecoemme.com\/blog\/eventi\/"},"img":{"alt_text":"","src":"https:\/\/i0.wp.com\/www.pigrecoemme.com\/blog\/wp-content\/uploads\/2008\/10\/film-della-mia-vita-2008-300x195.jpg?resize=350%2C200","width":350,"height":200},"classes":[]},{"id":207,"url":"https:\/\/www.pigrecoemme.com\/blog\/alla-feltrinelli-la-presentazione-di-rock-around-the-screen\/","url_meta":{"origin":481,"position":1},"title":"Alla Feltrinelli la presentazione di &#8220;Rock Around the Screen&#8221;","author":"Giacomo Fabbrocino","date":"1 Marzo 2010","format":false,"excerpt":"Marted\u00ec 2 marzo, alle ore 18, presso il megastore\u00a0La Feltrinelli - Libri e Musica di piazza dei Martiri a Napoli, \u00e8 in programma la presentazione del volume\u00a0Rock Around the Screen. Storie di cinema e musica pop, a cura di Diego Del Pozzo e Vincenzo Esposito (Liguori Editore). Interviene lo storico\u2026","rel":"","context":"In &quot;Eventi&quot;","block_context":{"text":"Eventi","link":"https:\/\/www.pigrecoemme.com\/blog\/eventi\/"},"img":{"alt_text":"","src":"https:\/\/i0.wp.com\/www.pigrecoemme.com\/blog\/wp-content\/uploads\/2010\/03\/rock-around-the-screen-presentazione-300x143.jpg?resize=350%2C200","width":350,"height":200},"classes":[]},{"id":3204,"url":"https:\/\/www.pigrecoemme.com\/blog\/situazione-critica-2022-ripartiamo-dalle-sale\/","url_meta":{"origin":481,"position":2},"title":"Situazione critica 2022 \u2013 Ripartiamo dalle sale","author":"Pigrecoemme","date":"27 Settembre 2022","format":false,"excerpt":"Dal 4 ottobre al 9 novembre, 4 film in 4 diverse sale della Campania, presentati da importanti critici e studiosi. Coinvolte anche alcune scuole del territorio campano, Universit\u00e0 e Accademie. Quando Situazione Critica, la manifestazione organizzata dall'Associazione Culturale Porte Invisibili Media, ha avuto inizio, il 5 maggio del 2018, quel\u2026","rel":"","context":"In &quot;Analisi e Critica&quot;","block_context":{"text":"Analisi e Critica","link":"https:\/\/www.pigrecoemme.com\/blog\/analisi-e-critica-2\/"},"img":{"alt_text":"situazione critica ripartiamo dalle sale","src":"https:\/\/i0.wp.com\/www.pigrecoemme.com\/blog\/wp-content\/uploads\/2022\/09\/situazione-critica-ripartiamo-dalle-sale.jpg?resize=350%2C200&ssl=1","width":350,"height":200,"srcset":"https:\/\/i0.wp.com\/www.pigrecoemme.com\/blog\/wp-content\/uploads\/2022\/09\/situazione-critica-ripartiamo-dalle-sale.jpg?resize=350%2C200&ssl=1 1x, https:\/\/i0.wp.com\/www.pigrecoemme.com\/blog\/wp-content\/uploads\/2022\/09\/situazione-critica-ripartiamo-dalle-sale.jpg?resize=525%2C300&ssl=1 1.5x, https:\/\/i0.wp.com\/www.pigrecoemme.com\/blog\/wp-content\/uploads\/2022\/09\/situazione-critica-ripartiamo-dalle-sale.jpg?resize=700%2C400&ssl=1 2x, https:\/\/i0.wp.com\/www.pigrecoemme.com\/blog\/wp-content\/uploads\/2022\/09\/situazione-critica-ripartiamo-dalle-sale.jpg?resize=1050%2C600&ssl=1 3x"},"classes":[]},{"id":211,"url":"https:\/\/www.pigrecoemme.com\/blog\/rock-around-the-screen-il-booktrailer\/","url_meta":{"origin":481,"position":3},"title":"Rock Around the Screen: il Booktrailer","author":"Giacomo Fabbrocino","date":"3 Marzo 2010","format":false,"excerpt":"\u00c8\u00a0stato davvero piacevole ieri vedere un pubblico cos\u00ec numeroso e \"bello\" alla presentazione di Rock Around the Screen. Grazie a tutti, davvero, per aver partecipato! Riproponiamo il video montato da Rosario Gallone proiettato ieri per introdurre la serata alla quale sono intervenuti Valerio Caprara, Teresa Mancini, i curatori del volume\u2026","rel":"","context":"In &quot;Eventi&quot;","block_context":{"text":"Eventi","link":"https:\/\/www.pigrecoemme.com\/blog\/eventi\/"},"img":{"alt_text":"","src":"","width":0,"height":0},"classes":[]},{"id":2088,"url":"https:\/\/www.pigrecoemme.com\/blog\/situazione-critica-primo-appuntamento-5-maggio\/","url_meta":{"origin":481,"position":4},"title":"Situazione critica: il primo appuntamento \u00e8 il 5 maggio","author":"Pigrecoemme","date":"19 Aprile 2018","format":false,"excerpt":"La Scuola di Cinema Pigrecoemme celebra 18 anni di attivit\u00e0 e propone \u201cSituazione critica\u201d: una serie di incontri sulla critica cinematografica e la promozione culturale della settima arte. Situazione critica \u00e8 il tentativo di fare il punto su quale sia, oggi, lo stato della cultura cinematografica e dell\u2019audiovisivo in genere,\u2026","rel":"","context":"In &quot;Analisi e Critica&quot;","block_context":{"text":"Analisi e Critica","link":"https:\/\/www.pigrecoemme.com\/blog\/analisi-e-critica-2\/"},"img":{"alt_text":"","src":"https:\/\/i0.wp.com\/www.pigrecoemme.com\/blog\/wp-content\/uploads\/2018\/04\/situazione-critica-quadrato-1.jpg?fit=900%2C900&ssl=1&resize=350%2C200","width":350,"height":200,"srcset":"https:\/\/i0.wp.com\/www.pigrecoemme.com\/blog\/wp-content\/uploads\/2018\/04\/situazione-critica-quadrato-1.jpg?fit=900%2C900&ssl=1&resize=350%2C200 1x, https:\/\/i0.wp.com\/www.pigrecoemme.com\/blog\/wp-content\/uploads\/2018\/04\/situazione-critica-quadrato-1.jpg?fit=900%2C900&ssl=1&resize=525%2C300 1.5x, https:\/\/i0.wp.com\/www.pigrecoemme.com\/blog\/wp-content\/uploads\/2018\/04\/situazione-critica-quadrato-1.jpg?fit=900%2C900&ssl=1&resize=700%2C400 2x"},"classes":[]},{"id":2500,"url":"https:\/\/www.pigrecoemme.com\/blog\/situazione-critica-8-laudiovisivo-nellera-post-network\/","url_meta":{"origin":481,"position":5},"title":"Situazione Critica #8: L\u2019audiovisivo nell&#8217;era post-network","author":"Pigrecoemme","date":"30 Settembre 2019","format":false,"excerpt":"\u00a0 L\u2019ottavo appuntamento di \"Situazione Critica\" - l\u2019iniziativa della scuola di cinema Pigrecoemme di Napoli cominciata a maggio 2018 per celebrare i nostri 18 anni di attivit\u00e0 - \u00a0si terr\u00e0 marted\u00ec 8 ottobre 2019 alle ore 16:30 e avr\u00e0 come oggetto l\u2019era post-network. Ne parleranno, con Rosario Gallone, il giornalista\u2026","rel":"","context":"In &quot;Analisi e Critica&quot;","block_context":{"text":"Analisi e Critica","link":"https:\/\/www.pigrecoemme.com\/blog\/analisi-e-critica-2\/"},"img":{"alt_text":"SITUAZIONE CRITICA #8: L\u2019audiovisivo nell'era post-network","src":"https:\/\/i0.wp.com\/www.pigrecoemme.com\/blog\/wp-content\/uploads\/2019\/09\/situazione-critica-8.jpg?resize=350%2C200","width":350,"height":200,"srcset":"https:\/\/i0.wp.com\/www.pigrecoemme.com\/blog\/wp-content\/uploads\/2019\/09\/situazione-critica-8.jpg?resize=350%2C200 1x, https:\/\/i0.wp.com\/www.pigrecoemme.com\/blog\/wp-content\/uploads\/2019\/09\/situazione-critica-8.jpg?resize=525%2C300 1.5x, https:\/\/i0.wp.com\/www.pigrecoemme.com\/blog\/wp-content\/uploads\/2019\/09\/situazione-critica-8.jpg?resize=700%2C400 2x"},"classes":[]}],"jetpack_featured_media_url":"","_links":{"self":[{"href":"https:\/\/www.pigrecoemme.com\/blog\/wp-json\/wp\/v2\/posts\/481","targetHints":{"allow":["GET"]}}],"collection":[{"href":"https:\/\/www.pigrecoemme.com\/blog\/wp-json\/wp\/v2\/posts"}],"about":[{"href":"https:\/\/www.pigrecoemme.com\/blog\/wp-json\/wp\/v2\/types\/post"}],"author":[{"embeddable":true,"href":"https:\/\/www.pigrecoemme.com\/blog\/wp-json\/wp\/v2\/users\/1"}],"replies":[{"embeddable":true,"href":"https:\/\/www.pigrecoemme.com\/blog\/wp-json\/wp\/v2\/comments?post=481"}],"version-history":[{"count":0,"href":"https:\/\/www.pigrecoemme.com\/blog\/wp-json\/wp\/v2\/posts\/481\/revisions"}],"wp:attachment":[{"href":"https:\/\/www.pigrecoemme.com\/blog\/wp-json\/wp\/v2\/media?parent=481"}],"wp:term":[{"taxonomy":"category","embeddable":true,"href":"https:\/\/www.pigrecoemme.com\/blog\/wp-json\/wp\/v2\/categories?post=481"},{"taxonomy":"post_tag","embeddable":true,"href":"https:\/\/www.pigrecoemme.com\/blog\/wp-json\/wp\/v2\/tags?post=481"}],"curies":[{"name":"wp","href":"https:\/\/api.w.org\/{rel}","templated":true}]}}