{"id":477,"date":"2012-03-10T14:56:58","date_gmt":"2012-03-10T12:56:58","guid":{"rendered":"http:\/\/www.pigrecoemme.com\/blog\/?p=477"},"modified":"2014-11-20T11:59:22","modified_gmt":"2014-11-20T10:59:22","slug":"%e2%80%9cla-profondita-e-la-leggerezza%e2%80%9d-laboratorio-per-attori-a-cura-di-angelo-serio","status":"publish","type":"post","link":"https:\/\/www.pigrecoemme.com\/blog\/%e2%80%9cla-profondita-e-la-leggerezza%e2%80%9d-laboratorio-per-attori-a-cura-di-angelo-serio\/","title":{"rendered":"\u201cLa profondit\u00e0 e la leggerezza\u201d &#8211; Laboratorio per attori a cura di Angelo Serio"},"content":{"rendered":"<p style=\"text-align: center;\"><a href=\"https:\/\/i0.wp.com\/www.pigrecoemme.com\/blog\/wp-content\/uploads\/2012\/03\/banner-recitazione9.jpg?ssl=1\"><img data-recalc-dims=\"1\" loading=\"lazy\" decoding=\"async\" class=\"size-full wp-image-478 aligncenter\" title=\"Laboratorio di recitazione a Napoli\" src=\"https:\/\/i0.wp.com\/www.pigrecoemme.com\/blog\/wp-content\/uploads\/2012\/03\/banner-recitazione9.jpg?resize=500%2C207&#038;ssl=1\" alt=\"\" width=\"500\" height=\"207\" srcset=\"https:\/\/i0.wp.com\/www.pigrecoemme.com\/blog\/wp-content\/uploads\/2012\/03\/banner-recitazione9.jpg?w=720&amp;ssl=1 720w, https:\/\/i0.wp.com\/www.pigrecoemme.com\/blog\/wp-content\/uploads\/2012\/03\/banner-recitazione9.jpg?resize=300%2C124&amp;ssl=1 300w\" sizes=\"auto, (max-width: 500px) 100vw, 500px\" \/><\/a><\/p>\n<p>Un <strong>laboratorio pratico di recitazione<\/strong> di nuova concezione, quello a cui ha lavorato negli ultimi anni il regista Angelo Serio, e che ora Pigrecoemme propone in otto incontri<strong> a partire da gioved\u00ec 12 aprile 2012<\/strong>.<\/p>\n<p>Il laboratorio ha lo scopo di aprire nuove possibilit\u00e0 rispetto al classico approccio alla recitazione, proponendo un lavoro s\u00ec sulla profondit\u00e0, necessaria perch\u00e9 un attore possa dare spessore al proprio personaggio, ma che parta da un elemento fondamentale: la curiosit\u00e0 che \u00e8 la chiave per accedere a una nuova consapevolezza, necessaria per comprendere che la ricerca sul profondo non necessita di un lavoro sulla sofferenza, ma pu\u00f2 essere affrontata &#8211; molto pi\u00f9 semplicemente &#8211; con leggerezza, indagando se stessi per aprire nuove porte d&#8217;accesso alla creazione.<\/p>\n<p>Gli incontri prevedono che si lavori davanti alla macchina da presa; le esercitazioni saranno poi esaminate in sala di proiezione e al banco di montaggio.<\/p>\n<p><strong>Modalit\u00e0 di iscrizione<\/strong><\/p>\n<ul>\n<li>Il laboratorio \u00e8 aperto a un massimo di dieci iscritti.<\/li>\n<li>Gli interessati dovranno inviare curriculum e foto all&#8217;indirizzo <a href=\"mailto:corsi@pigrecoemme.com\">corsi@pigrecoemme.com<\/a> entro e non oltre il 5 aprile 2012.<\/li>\n<li>La quota di partecipazione \u00e8 di \u20ac250 da pagare in due rate.<\/li>\n<li>Saranno inoltre ammessi al laboratorio un massimo di 5 uditori.<\/li>\n<\/ul>\n<p><strong>Orari e frequenza<\/strong><\/p>\n<ul>\n<li>Gli 8 incontri si terranno ogni gioved\u00ec dalle 11,00 alle 14,30 a partire dal 12 aprile 2012.<\/li>\n<li>Le date degli incontri saranno quindi: 12, 19 e 26 aprile e 3, 10, 17, 24 e 31 maggio.<\/li>\n<\/ul>\n<p><strong>Ulteriori informazioni<\/strong><\/p>\n<ul>\n<li>Sull\u2019approccio alla recitazione di Angelo Serio si consulti il nuovo sito <a href=\"http:\/\/www.recitazione9.com\" target=\"_blank\">www.recitazione9.com<\/a>.<\/li>\n<li>Per contatti: <a href=\"mailto:corsi@pigrecoemme.com\">corsi@pigrecoemme.com<\/a> o 0815635188<\/li>\n<\/ul>\n<div><a href=\"http:\/\/www.facebook.com\/events\/114375992020041\/\"><img data-recalc-dims=\"1\" loading=\"lazy\" decoding=\"async\" class=\"aligncenter size-full wp-image-479\" title=\"laboratorio per attori a Napoli\" src=\"https:\/\/i0.wp.com\/www.pigrecoemme.com\/blog\/wp-content\/uploads\/2012\/03\/evento-facebook.png?resize=500%2C86&#038;ssl=1\" alt=\"\" width=\"500\" height=\"86\" srcset=\"https:\/\/i0.wp.com\/www.pigrecoemme.com\/blog\/wp-content\/uploads\/2012\/03\/evento-facebook.png?w=500&amp;ssl=1 500w, https:\/\/i0.wp.com\/www.pigrecoemme.com\/blog\/wp-content\/uploads\/2012\/03\/evento-facebook.png?resize=300%2C51&amp;ssl=1 300w\" sizes=\"auto, (max-width: 500px) 100vw, 500px\" \/><\/a><\/div>\n","protected":false},"excerpt":{"rendered":"<p>Un laboratorio pratico di recitazione di nuova concezione, quello a cui ha lavorato negli ultimi anni il regista Angelo Serio, e che ora Pigrecoemme propone in otto incontri a partire da gioved\u00ec 12 aprile&hellip;<\/p>\n","protected":false},"author":1,"featured_media":0,"comment_status":"open","ping_status":"open","sticky":false,"template":"","format":"standard","meta":{"_jetpack_newsletter_access":"","_jetpack_dont_email_post_to_subs":false,"_jetpack_newsletter_tier_id":0,"_jetpack_memberships_contains_paywalled_content":false,"_jetpack_feature_clip_id":0,"_jetpack_memberships_contains_paid_content":false,"footnotes":"","jetpack_post_was_ever_published":false},"categories":[11,3],"tags":[49,682,680,681,219,679],"class_list":["post-477","post","type-post","status-publish","format-standard","hentry","category-eventi","category-scuola-di-cinema","tag-angelo-serio","tag-la-profondita-e-la-leggerezza","tag-laboratorio-di-recitazione","tag-laboratorio-per-attori","tag-recitazione","tag-recitazione9"],"yoast_head":"<!-- This site is optimized with the Yoast SEO plugin v28.3 - https:\/\/yoast.com\/product\/yoast-seo-wordpress\/ -->\n<title>\u201cLa profondit\u00e0 e la leggerezza\u201d - Laboratorio per attori a cura di Angelo Serio<\/title>\n<meta name=\"robots\" content=\"index, follow, max-snippet:-1, max-image-preview:large, max-video-preview:-1\" \/>\n<link rel=\"canonical\" href=\"https:\/\/www.pigrecoemme.com\/blog\/\u201cla-profondita-e-la-leggerezza\u201d-laboratorio-per-attori-a-cura-di-angelo-serio\/\" \/>\n<meta property=\"og:locale\" content=\"it_IT\" \/>\n<meta property=\"og:type\" content=\"article\" \/>\n<meta property=\"og:title\" content=\"\u201cLa profondit\u00e0 e la leggerezza\u201d - Laboratorio per attori a cura di Angelo Serio\" \/>\n<meta property=\"og:description\" content=\"Un laboratorio pratico di recitazione di nuova concezione, quello a cui ha lavorato negli ultimi anni il regista Angelo Serio, e che ora Pigrecoemme propone in otto incontri a partire da gioved\u00ec 12 aprile&hellip;\" \/>\n<meta property=\"og:url\" content=\"https:\/\/www.pigrecoemme.com\/blog\/\u201cla-profondita-e-la-leggerezza\u201d-laboratorio-per-attori-a-cura-di-angelo-serio\/\" \/>\n<meta property=\"og:site_name\" content=\"Scuola di Cinema Pigrecoemme - Blog\" \/>\n<meta property=\"article:publisher\" content=\"https:\/\/www.facebook.com\/pigrecoemme\" \/>\n<meta property=\"article:author\" content=\"https:\/\/www.facebook.com\/giacomo.fabbrocino\" \/>\n<meta property=\"article:published_time\" content=\"2012-03-10T12:56:58+00:00\" \/>\n<meta property=\"article:modified_time\" content=\"2014-11-20T10:59:22+00:00\" \/>\n<meta property=\"og:image\" content=\"http:\/\/www.pigrecoemme.com\/blog\/wp-content\/uploads\/2012\/03\/banner-recitazione9.jpg\" \/>\n<meta name=\"author\" content=\"Giacomo Fabbrocino\" \/>\n<meta name=\"twitter:card\" content=\"summary_large_image\" \/>\n<meta name=\"twitter:creator\" content=\"@Pigrecoemme\" \/>\n<meta name=\"twitter:site\" content=\"@Pigrecoemme\" \/>\n<meta name=\"twitter:label1\" content=\"Scritto da\" \/>\n\t<meta name=\"twitter:data1\" content=\"Giacomo Fabbrocino\" \/>\n\t<meta name=\"twitter:label2\" content=\"Tempo di lettura stimato\" \/>\n\t<meta name=\"twitter:data2\" content=\"1 minuto\" \/>\n<script type=\"application\/ld+json\" class=\"yoast-schema-graph\">{\"@context\":\"https:\\\/\\\/schema.org\",\"@graph\":[{\"@type\":[\"Article\",\"BlogPosting\"],\"@id\":\"https:\\\/\\\/www.pigrecoemme.com\\\/blog\\\/%e2%80%9cla-profondita-e-la-leggerezza%e2%80%9d-laboratorio-per-attori-a-cura-di-angelo-serio\\\/#article\",\"isPartOf\":{\"@id\":\"https:\\\/\\\/www.pigrecoemme.com\\\/blog\\\/%e2%80%9cla-profondita-e-la-leggerezza%e2%80%9d-laboratorio-per-attori-a-cura-di-angelo-serio\\\/\"},\"author\":{\"name\":\"Giacomo Fabbrocino\",\"@id\":\"https:\\\/\\\/www.pigrecoemme.com\\\/blog\\\/#\\\/schema\\\/person\\\/57fa822c3d209d3a2612fd0411ae63f4\"},\"headline\":\"\u201cLa profondit\u00e0 e la leggerezza\u201d &#8211; Laboratorio per attori a cura di Angelo Serio\",\"datePublished\":\"2012-03-10T12:56:58+00:00\",\"dateModified\":\"2014-11-20T10:59:22+00:00\",\"mainEntityOfPage\":{\"@id\":\"https:\\\/\\\/www.pigrecoemme.com\\\/blog\\\/%e2%80%9cla-profondita-e-la-leggerezza%e2%80%9d-laboratorio-per-attori-a-cura-di-angelo-serio\\\/\"},\"wordCount\":256,\"commentCount\":0,\"publisher\":{\"@id\":\"https:\\\/\\\/www.pigrecoemme.com\\\/blog\\\/#organization\"},\"image\":{\"@id\":\"https:\\\/\\\/www.pigrecoemme.com\\\/blog\\\/%e2%80%9cla-profondita-e-la-leggerezza%e2%80%9d-laboratorio-per-attori-a-cura-di-angelo-serio\\\/#primaryimage\"},\"thumbnailUrl\":\"http:\\\/\\\/www.pigrecoemme.com\\\/blog\\\/wp-content\\\/uploads\\\/2012\\\/03\\\/banner-recitazione9.jpg\",\"keywords\":[\"angelo serio\",\"la profondit\u00e0 e la leggerezza\",\"laboratorio di recitazione\",\"laboratorio per attori\",\"recitazione\",\"recitazione9\"],\"articleSection\":[\"Eventi\",\"Scuola di cinema\"],\"inLanguage\":\"it-IT\",\"potentialAction\":[{\"@type\":\"CommentAction\",\"name\":\"Comment\",\"target\":[\"https:\\\/\\\/www.pigrecoemme.com\\\/blog\\\/%e2%80%9cla-profondita-e-la-leggerezza%e2%80%9d-laboratorio-per-attori-a-cura-di-angelo-serio\\\/#respond\"]}]},{\"@type\":\"WebPage\",\"@id\":\"https:\\\/\\\/www.pigrecoemme.com\\\/blog\\\/%e2%80%9cla-profondita-e-la-leggerezza%e2%80%9d-laboratorio-per-attori-a-cura-di-angelo-serio\\\/\",\"url\":\"https:\\\/\\\/www.pigrecoemme.com\\\/blog\\\/%e2%80%9cla-profondita-e-la-leggerezza%e2%80%9d-laboratorio-per-attori-a-cura-di-angelo-serio\\\/\",\"name\":\"\u201cLa profondit\u00e0 e la leggerezza\u201d - Laboratorio per attori a cura di Angelo Serio\",\"isPartOf\":{\"@id\":\"https:\\\/\\\/www.pigrecoemme.com\\\/blog\\\/#website\"},\"primaryImageOfPage\":{\"@id\":\"https:\\\/\\\/www.pigrecoemme.com\\\/blog\\\/%e2%80%9cla-profondita-e-la-leggerezza%e2%80%9d-laboratorio-per-attori-a-cura-di-angelo-serio\\\/#primaryimage\"},\"image\":{\"@id\":\"https:\\\/\\\/www.pigrecoemme.com\\\/blog\\\/%e2%80%9cla-profondita-e-la-leggerezza%e2%80%9d-laboratorio-per-attori-a-cura-di-angelo-serio\\\/#primaryimage\"},\"thumbnailUrl\":\"http:\\\/\\\/www.pigrecoemme.com\\\/blog\\\/wp-content\\\/uploads\\\/2012\\\/03\\\/banner-recitazione9.jpg\",\"datePublished\":\"2012-03-10T12:56:58+00:00\",\"dateModified\":\"2014-11-20T10:59:22+00:00\",\"breadcrumb\":{\"@id\":\"https:\\\/\\\/www.pigrecoemme.com\\\/blog\\\/%e2%80%9cla-profondita-e-la-leggerezza%e2%80%9d-laboratorio-per-attori-a-cura-di-angelo-serio\\\/#breadcrumb\"},\"inLanguage\":\"it-IT\",\"potentialAction\":[{\"@type\":\"ReadAction\",\"target\":[\"https:\\\/\\\/www.pigrecoemme.com\\\/blog\\\/%e2%80%9cla-profondita-e-la-leggerezza%e2%80%9d-laboratorio-per-attori-a-cura-di-angelo-serio\\\/\"]}]},{\"@type\":\"ImageObject\",\"inLanguage\":\"it-IT\",\"@id\":\"https:\\\/\\\/www.pigrecoemme.com\\\/blog\\\/%e2%80%9cla-profondita-e-la-leggerezza%e2%80%9d-laboratorio-per-attori-a-cura-di-angelo-serio\\\/#primaryimage\",\"url\":\"http:\\\/\\\/www.pigrecoemme.com\\\/blog\\\/wp-content\\\/uploads\\\/2012\\\/03\\\/banner-recitazione9.jpg\",\"contentUrl\":\"http:\\\/\\\/www.pigrecoemme.com\\\/blog\\\/wp-content\\\/uploads\\\/2012\\\/03\\\/banner-recitazione9.jpg\"},{\"@type\":\"BreadcrumbList\",\"@id\":\"https:\\\/\\\/www.pigrecoemme.com\\\/blog\\\/%e2%80%9cla-profondita-e-la-leggerezza%e2%80%9d-laboratorio-per-attori-a-cura-di-angelo-serio\\\/#breadcrumb\",\"itemListElement\":[{\"@type\":\"ListItem\",\"position\":1,\"name\":\"Home\",\"item\":\"https:\\\/\\\/www.pigrecoemme.com\\\/blog\\\/\"},{\"@type\":\"ListItem\",\"position\":2,\"name\":\"\u201cLa profondit\u00e0 e la leggerezza\u201d &#8211; Laboratorio per attori a cura di Angelo Serio\"}]},{\"@type\":\"WebSite\",\"@id\":\"https:\\\/\\\/www.pigrecoemme.com\\\/blog\\\/#website\",\"url\":\"https:\\\/\\\/www.pigrecoemme.com\\\/blog\\\/\",\"name\":\"Scuola di Cinema Pigrecoemme - Blog\",\"description\":\"Siamo la prima Scuola di Cinema e Fotografia di Napoli\",\"publisher\":{\"@id\":\"https:\\\/\\\/www.pigrecoemme.com\\\/blog\\\/#organization\"},\"potentialAction\":[{\"@type\":\"SearchAction\",\"target\":{\"@type\":\"EntryPoint\",\"urlTemplate\":\"https:\\\/\\\/www.pigrecoemme.com\\\/blog\\\/?s={search_term_string}\"},\"query-input\":{\"@type\":\"PropertyValueSpecification\",\"valueRequired\":true,\"valueName\":\"search_term_string\"}}],\"inLanguage\":\"it-IT\"},{\"@type\":\"Organization\",\"@id\":\"https:\\\/\\\/www.pigrecoemme.com\\\/blog\\\/#organization\",\"name\":\"Scuola di cinema e fotografia Pigrecoemme\",\"url\":\"https:\\\/\\\/www.pigrecoemme.com\\\/blog\\\/\",\"logo\":{\"@type\":\"ImageObject\",\"inLanguage\":\"it-IT\",\"@id\":\"https:\\\/\\\/www.pigrecoemme.com\\\/blog\\\/#\\\/schema\\\/logo\\\/image\\\/\",\"url\":\"https:\\\/\\\/i0.wp.com\\\/www.pigrecoemme.com\\\/blog\\\/wp-content\\\/uploads\\\/2018\\\/06\\\/logo-pigrecoemme-2018.png?fit=500%2C500&ssl=1\",\"contentUrl\":\"https:\\\/\\\/i0.wp.com\\\/www.pigrecoemme.com\\\/blog\\\/wp-content\\\/uploads\\\/2018\\\/06\\\/logo-pigrecoemme-2018.png?fit=500%2C500&ssl=1\",\"width\":500,\"height\":500,\"caption\":\"Scuola di cinema e fotografia Pigrecoemme\"},\"image\":{\"@id\":\"https:\\\/\\\/www.pigrecoemme.com\\\/blog\\\/#\\\/schema\\\/logo\\\/image\\\/\"},\"sameAs\":[\"https:\\\/\\\/www.facebook.com\\\/pigrecoemme\",\"https:\\\/\\\/x.com\\\/Pigrecoemme\",\"https:\\\/\\\/www.instagram.com\\\/pigrecoemme\\\/\",\"https:\\\/\\\/www.linkedin.com\\\/company\\\/pigrecoemme\\\/\",\"https:\\\/\\\/www.youtube.com\\\/pigrecoemme\"]},{\"@type\":\"Person\",\"@id\":\"https:\\\/\\\/www.pigrecoemme.com\\\/blog\\\/#\\\/schema\\\/person\\\/57fa822c3d209d3a2612fd0411ae63f4\",\"name\":\"Giacomo Fabbrocino\",\"image\":{\"@type\":\"ImageObject\",\"inLanguage\":\"it-IT\",\"@id\":\"https:\\\/\\\/secure.gravatar.com\\\/avatar\\\/0e4dfd4d05c06a03fffaffeb36fb181415ba11b91a6b566fa2e8ada75927db32?s=96&r=g\",\"url\":\"https:\\\/\\\/secure.gravatar.com\\\/avatar\\\/0e4dfd4d05c06a03fffaffeb36fb181415ba11b91a6b566fa2e8ada75927db32?s=96&r=g\",\"contentUrl\":\"https:\\\/\\\/secure.gravatar.com\\\/avatar\\\/0e4dfd4d05c06a03fffaffeb36fb181415ba11b91a6b566fa2e8ada75927db32?s=96&r=g\",\"caption\":\"Giacomo Fabbrocino\"},\"description\":\"Montatore cinematografico, autore di documentari sull'arte e di video d'artista, Giacomo \u00e8 responsabile della didattica e della comunicazione web della Scuola di Cinema, Fotografia e Televisione Pigrecoemme di Napoli.\",\"sameAs\":[\"http:\\\/\\\/www.pigrecoemme.com\\\/\",\"https:\\\/\\\/www.facebook.com\\\/giacomo.fabbrocino\"],\"url\":\"https:\\\/\\\/www.pigrecoemme.com\\\/blog\\\/author\\\/giacomo-fabbrocino\\\/\"}]}<\/script>\n<!-- \/ Yoast SEO plugin. -->","yoast_head_json":{"title":"\u201cLa profondit\u00e0 e la leggerezza\u201d - Laboratorio per attori a cura di Angelo Serio","robots":{"index":"index","follow":"follow","max-snippet":"max-snippet:-1","max-image-preview":"max-image-preview:large","max-video-preview":"max-video-preview:-1"},"canonical":"https:\/\/www.pigrecoemme.com\/blog\/\u201cla-profondita-e-la-leggerezza\u201d-laboratorio-per-attori-a-cura-di-angelo-serio\/","og_locale":"it_IT","og_type":"article","og_title":"\u201cLa profondit\u00e0 e la leggerezza\u201d - Laboratorio per attori a cura di Angelo Serio","og_description":"Un laboratorio pratico di recitazione di nuova concezione, quello a cui ha lavorato negli ultimi anni il regista Angelo Serio, e che ora Pigrecoemme propone in otto incontri a partire da gioved\u00ec 12 aprile&hellip;","og_url":"https:\/\/www.pigrecoemme.com\/blog\/\u201cla-profondita-e-la-leggerezza\u201d-laboratorio-per-attori-a-cura-di-angelo-serio\/","og_site_name":"Scuola di Cinema Pigrecoemme - Blog","article_publisher":"https:\/\/www.facebook.com\/pigrecoemme","article_author":"https:\/\/www.facebook.com\/giacomo.fabbrocino","article_published_time":"2012-03-10T12:56:58+00:00","article_modified_time":"2014-11-20T10:59:22+00:00","og_image":[{"url":"http:\/\/www.pigrecoemme.com\/blog\/wp-content\/uploads\/2012\/03\/banner-recitazione9.jpg","type":"","width":"","height":""}],"author":"Giacomo Fabbrocino","twitter_card":"summary_large_image","twitter_creator":"@Pigrecoemme","twitter_site":"@Pigrecoemme","twitter_misc":{"Scritto da":"Giacomo Fabbrocino","Tempo di lettura stimato":"1 minuto"},"schema":{"@context":"https:\/\/schema.org","@graph":[{"@type":["Article","BlogPosting"],"@id":"https:\/\/www.pigrecoemme.com\/blog\/%e2%80%9cla-profondita-e-la-leggerezza%e2%80%9d-laboratorio-per-attori-a-cura-di-angelo-serio\/#article","isPartOf":{"@id":"https:\/\/www.pigrecoemme.com\/blog\/%e2%80%9cla-profondita-e-la-leggerezza%e2%80%9d-laboratorio-per-attori-a-cura-di-angelo-serio\/"},"author":{"name":"Giacomo Fabbrocino","@id":"https:\/\/www.pigrecoemme.com\/blog\/#\/schema\/person\/57fa822c3d209d3a2612fd0411ae63f4"},"headline":"\u201cLa profondit\u00e0 e la leggerezza\u201d &#8211; Laboratorio per attori a cura di Angelo Serio","datePublished":"2012-03-10T12:56:58+00:00","dateModified":"2014-11-20T10:59:22+00:00","mainEntityOfPage":{"@id":"https:\/\/www.pigrecoemme.com\/blog\/%e2%80%9cla-profondita-e-la-leggerezza%e2%80%9d-laboratorio-per-attori-a-cura-di-angelo-serio\/"},"wordCount":256,"commentCount":0,"publisher":{"@id":"https:\/\/www.pigrecoemme.com\/blog\/#organization"},"image":{"@id":"https:\/\/www.pigrecoemme.com\/blog\/%e2%80%9cla-profondita-e-la-leggerezza%e2%80%9d-laboratorio-per-attori-a-cura-di-angelo-serio\/#primaryimage"},"thumbnailUrl":"http:\/\/www.pigrecoemme.com\/blog\/wp-content\/uploads\/2012\/03\/banner-recitazione9.jpg","keywords":["angelo serio","la profondit\u00e0 e la leggerezza","laboratorio di recitazione","laboratorio per attori","recitazione","recitazione9"],"articleSection":["Eventi","Scuola di cinema"],"inLanguage":"it-IT","potentialAction":[{"@type":"CommentAction","name":"Comment","target":["https:\/\/www.pigrecoemme.com\/blog\/%e2%80%9cla-profondita-e-la-leggerezza%e2%80%9d-laboratorio-per-attori-a-cura-di-angelo-serio\/#respond"]}]},{"@type":"WebPage","@id":"https:\/\/www.pigrecoemme.com\/blog\/%e2%80%9cla-profondita-e-la-leggerezza%e2%80%9d-laboratorio-per-attori-a-cura-di-angelo-serio\/","url":"https:\/\/www.pigrecoemme.com\/blog\/%e2%80%9cla-profondita-e-la-leggerezza%e2%80%9d-laboratorio-per-attori-a-cura-di-angelo-serio\/","name":"\u201cLa profondit\u00e0 e la leggerezza\u201d - Laboratorio per attori a cura di Angelo Serio","isPartOf":{"@id":"https:\/\/www.pigrecoemme.com\/blog\/#website"},"primaryImageOfPage":{"@id":"https:\/\/www.pigrecoemme.com\/blog\/%e2%80%9cla-profondita-e-la-leggerezza%e2%80%9d-laboratorio-per-attori-a-cura-di-angelo-serio\/#primaryimage"},"image":{"@id":"https:\/\/www.pigrecoemme.com\/blog\/%e2%80%9cla-profondita-e-la-leggerezza%e2%80%9d-laboratorio-per-attori-a-cura-di-angelo-serio\/#primaryimage"},"thumbnailUrl":"http:\/\/www.pigrecoemme.com\/blog\/wp-content\/uploads\/2012\/03\/banner-recitazione9.jpg","datePublished":"2012-03-10T12:56:58+00:00","dateModified":"2014-11-20T10:59:22+00:00","breadcrumb":{"@id":"https:\/\/www.pigrecoemme.com\/blog\/%e2%80%9cla-profondita-e-la-leggerezza%e2%80%9d-laboratorio-per-attori-a-cura-di-angelo-serio\/#breadcrumb"},"inLanguage":"it-IT","potentialAction":[{"@type":"ReadAction","target":["https:\/\/www.pigrecoemme.com\/blog\/%e2%80%9cla-profondita-e-la-leggerezza%e2%80%9d-laboratorio-per-attori-a-cura-di-angelo-serio\/"]}]},{"@type":"ImageObject","inLanguage":"it-IT","@id":"https:\/\/www.pigrecoemme.com\/blog\/%e2%80%9cla-profondita-e-la-leggerezza%e2%80%9d-laboratorio-per-attori-a-cura-di-angelo-serio\/#primaryimage","url":"http:\/\/www.pigrecoemme.com\/blog\/wp-content\/uploads\/2012\/03\/banner-recitazione9.jpg","contentUrl":"http:\/\/www.pigrecoemme.com\/blog\/wp-content\/uploads\/2012\/03\/banner-recitazione9.jpg"},{"@type":"BreadcrumbList","@id":"https:\/\/www.pigrecoemme.com\/blog\/%e2%80%9cla-profondita-e-la-leggerezza%e2%80%9d-laboratorio-per-attori-a-cura-di-angelo-serio\/#breadcrumb","itemListElement":[{"@type":"ListItem","position":1,"name":"Home","item":"https:\/\/www.pigrecoemme.com\/blog\/"},{"@type":"ListItem","position":2,"name":"\u201cLa profondit\u00e0 e la leggerezza\u201d &#8211; Laboratorio per attori a cura di Angelo Serio"}]},{"@type":"WebSite","@id":"https:\/\/www.pigrecoemme.com\/blog\/#website","url":"https:\/\/www.pigrecoemme.com\/blog\/","name":"Scuola di Cinema Pigrecoemme - Blog","description":"Siamo la prima Scuola di Cinema e Fotografia di Napoli","publisher":{"@id":"https:\/\/www.pigrecoemme.com\/blog\/#organization"},"potentialAction":[{"@type":"SearchAction","target":{"@type":"EntryPoint","urlTemplate":"https:\/\/www.pigrecoemme.com\/blog\/?s={search_term_string}"},"query-input":{"@type":"PropertyValueSpecification","valueRequired":true,"valueName":"search_term_string"}}],"inLanguage":"it-IT"},{"@type":"Organization","@id":"https:\/\/www.pigrecoemme.com\/blog\/#organization","name":"Scuola di cinema e fotografia Pigrecoemme","url":"https:\/\/www.pigrecoemme.com\/blog\/","logo":{"@type":"ImageObject","inLanguage":"it-IT","@id":"https:\/\/www.pigrecoemme.com\/blog\/#\/schema\/logo\/image\/","url":"https:\/\/i0.wp.com\/www.pigrecoemme.com\/blog\/wp-content\/uploads\/2018\/06\/logo-pigrecoemme-2018.png?fit=500%2C500&ssl=1","contentUrl":"https:\/\/i0.wp.com\/www.pigrecoemme.com\/blog\/wp-content\/uploads\/2018\/06\/logo-pigrecoemme-2018.png?fit=500%2C500&ssl=1","width":500,"height":500,"caption":"Scuola di cinema e fotografia Pigrecoemme"},"image":{"@id":"https:\/\/www.pigrecoemme.com\/blog\/#\/schema\/logo\/image\/"},"sameAs":["https:\/\/www.facebook.com\/pigrecoemme","https:\/\/x.com\/Pigrecoemme","https:\/\/www.instagram.com\/pigrecoemme\/","https:\/\/www.linkedin.com\/company\/pigrecoemme\/","https:\/\/www.youtube.com\/pigrecoemme"]},{"@type":"Person","@id":"https:\/\/www.pigrecoemme.com\/blog\/#\/schema\/person\/57fa822c3d209d3a2612fd0411ae63f4","name":"Giacomo Fabbrocino","image":{"@type":"ImageObject","inLanguage":"it-IT","@id":"https:\/\/secure.gravatar.com\/avatar\/0e4dfd4d05c06a03fffaffeb36fb181415ba11b91a6b566fa2e8ada75927db32?s=96&r=g","url":"https:\/\/secure.gravatar.com\/avatar\/0e4dfd4d05c06a03fffaffeb36fb181415ba11b91a6b566fa2e8ada75927db32?s=96&r=g","contentUrl":"https:\/\/secure.gravatar.com\/avatar\/0e4dfd4d05c06a03fffaffeb36fb181415ba11b91a6b566fa2e8ada75927db32?s=96&r=g","caption":"Giacomo Fabbrocino"},"description":"Montatore cinematografico, autore di documentari sull'arte e di video d'artista, Giacomo \u00e8 responsabile della didattica e della comunicazione web della Scuola di Cinema, Fotografia e Televisione Pigrecoemme di Napoli.","sameAs":["http:\/\/www.pigrecoemme.com\/","https:\/\/www.facebook.com\/giacomo.fabbrocino"],"url":"https:\/\/www.pigrecoemme.com\/blog\/author\/giacomo-fabbrocino\/"}]}},"jetpack_sharing_enabled":true,"jetpack_likes_enabled":true,"jetpack-related-posts":[{"id":1194,"url":"https:\/\/www.pigrecoemme.com\/blog\/laboratorio-di-recitazione-cinematografica-di-secondo-livello\/","url_meta":{"origin":477,"position":0},"title":"Laboratorio di recitazione cinematografica di secondo livello","author":"Rosario Gallone","date":"9 Gennaio 2015","format":false,"excerpt":"\u00a0 Un laboratorio pratico di recitazione di nuova concezione, quello a cui ha lavorato negli ultimi anni il regista Angelo Serio, e che ora Pigrecoemme propone in dodici incontri settimanali \u00a0a partire da venerd\u00ec 13 febbraio fino al 15 maggio 2015 (orario delle lezioni: 11.00 - 14.00). Un laboratorio per\u2026","rel":"","context":"In &quot;Generale&quot;","block_context":{"text":"Generale","link":"https:\/\/www.pigrecoemme.com\/blog\/generale\/"},"img":{"alt_text":"Laboratorio di recitazione di secondo livello","src":"https:\/\/i0.wp.com\/www.pigrecoemme.com\/blog\/wp-content\/uploads\/2015\/01\/laboratorio-recitazione-napoli.jpg?resize=350%2C200","width":350,"height":200,"srcset":"https:\/\/i0.wp.com\/www.pigrecoemme.com\/blog\/wp-content\/uploads\/2015\/01\/laboratorio-recitazione-napoli.jpg?resize=350%2C200 1x, https:\/\/i0.wp.com\/www.pigrecoemme.com\/blog\/wp-content\/uploads\/2015\/01\/laboratorio-recitazione-napoli.jpg?resize=525%2C300 1.5x, https:\/\/i0.wp.com\/www.pigrecoemme.com\/blog\/wp-content\/uploads\/2015\/01\/laboratorio-recitazione-napoli.jpg?resize=700%2C400 2x, https:\/\/i0.wp.com\/www.pigrecoemme.com\/blog\/wp-content\/uploads\/2015\/01\/laboratorio-recitazione-napoli.jpg?resize=1050%2C600 3x"},"classes":[]},{"id":231,"url":"https:\/\/www.pigrecoemme.com\/blog\/laboratorio-avanzato-di-recitazione-cinematografica-con-angelo-serio\/","url_meta":{"origin":477,"position":1},"title":"Laboratorio avanzato di recitazione cinematografica con Angelo Serio","author":"Giacomo Fabbrocino","date":"4 Maggio 2010","format":false,"excerpt":"Dal 31 maggio al 4 giugno si svolger\u00e0, presso la Scuola di Cinema Pigrecoemme un laboratorio di recitazione cinematografica rivolto ad attori professionisti e allievi attori. Il laboratorio, condotto da Angelo Serio \u00e8 concepito per dare agli attori la possibilit\u00e0 di sviluppare e affinare la tecnica davanti alla macchina da\u2026","rel":"","context":"In &quot;Scuola di cinema&quot;","block_context":{"text":"Scuola di cinema","link":"https:\/\/www.pigrecoemme.com\/blog\/scuola-di-cinema\/"},"img":{"alt_text":"angelo-serio-sul-set","src":"https:\/\/i0.wp.com\/www.pigrecoemme.com\/blog\/wp-content\/uploads\/2008\/12\/angelo-serio-sul-set.jpg?resize=350%2C200","width":350,"height":200,"srcset":"https:\/\/i0.wp.com\/www.pigrecoemme.com\/blog\/wp-content\/uploads\/2008\/12\/angelo-serio-sul-set.jpg?resize=350%2C200 1x, https:\/\/i0.wp.com\/www.pigrecoemme.com\/blog\/wp-content\/uploads\/2008\/12\/angelo-serio-sul-set.jpg?resize=525%2C300 1.5x"},"classes":[]},{"id":293,"url":"https:\/\/www.pigrecoemme.com\/blog\/il-4-novembre-un-incontro-aperto-a-tutti-per-presentare-recitazione-9\/","url_meta":{"origin":477,"position":2},"title":"Il 4 novembre un incontro aperto a tutti per presentare Recitazione 9","author":"Giacomo Fabbrocino","date":"1 Novembre 2010","format":false,"excerpt":"Il 4 novembre 2010 alle ore 11.00, presso la Scuola di cinema, televisione e fotografia Pigrecoemme di Napoli, il regista Angelo Serio (tra i suoi lavori ricordiamo Isa 9000 \u2013 docufilm su e con Isa Danieli, acquisito dall\u2019Universit\u00e0 della California di San Diego \u2013 mentre l\u2019ultima realizzazione \u00e8 lo spot\u2026","rel":"","context":"In &quot;Generale&quot;","block_context":{"text":"Generale","link":"https:\/\/www.pigrecoemme.com\/blog\/generale\/"},"img":{"alt_text":"","src":"https:\/\/i0.wp.com\/www.pigrecoemme.com\/blog\/wp-content\/uploads\/2011\/02\/recitazione-9-b.jpg?resize=350%2C200&ssl=1","width":350,"height":200,"srcset":"https:\/\/i0.wp.com\/www.pigrecoemme.com\/blog\/wp-content\/uploads\/2011\/02\/recitazione-9-b.jpg?resize=350%2C200&ssl=1 1x, https:\/\/i0.wp.com\/www.pigrecoemme.com\/blog\/wp-content\/uploads\/2011\/02\/recitazione-9-b.jpg?resize=525%2C300&ssl=1 1.5x, https:\/\/i0.wp.com\/www.pigrecoemme.com\/blog\/wp-content\/uploads\/2011\/02\/recitazione-9-b.jpg?resize=700%2C400&ssl=1 2x"},"classes":[]},{"id":73,"url":"https:\/\/www.pigrecoemme.com\/blog\/lucio-allocca-e-cesare-accetta-due-nuovi-docenti-della-scuola-di-cinema-pigrecoemme\/","url_meta":{"origin":477,"position":3},"title":"Lucio Allocca e Cesare Accetta, due nuovi docenti della Scuola di Cinema Pigrecoemme","author":"Giacomo Fabbrocino","date":"4 Agosto 2008","format":false,"excerpt":"Interrompo il silenzio estivo (gi\u00e0, che fine hanno fatto le foto della settimana?) per annunciare ufficialmente due interessantissime novit\u00e0 riguardanti il prossimo anno di corsi. Il prossimo corso master in cinema (il nostro corso pi\u00f9 completo, quello annuale) vedr\u00e0 tra i docenti il maestro Cesare Accetta, sicuramente uno dei pi\u00f9\u2026","rel":"","context":"In &quot;Scuola di cinema&quot;","block_context":{"text":"Scuola di cinema","link":"https:\/\/www.pigrecoemme.com\/blog\/scuola-di-cinema\/"},"img":{"alt_text":"","src":"","width":0,"height":0},"classes":[]},{"id":3705,"url":"https:\/\/www.pigrecoemme.com\/blog\/michele-rosiello-alla-presentazione-del-corso-di-recitazione-il-9-ottobre\/","url_meta":{"origin":477,"position":4},"title":"Michele Rosiello alla presentazione del corso di recitazione il 9 ottobre.","author":"Pigrecoemme","date":"2 Ottobre 2024","format":false,"excerpt":"Mercoled\u00ec 9 ottobre 2024, alle 17:00 presso la sede della Scuola di Cinema Pigrecoemme in Piazza Portanova 11 a Napoli sar\u00e0 presentato il nuovo corso di recitazione 2024\/2025. In compagnia di Angelo Serio, coordinatore del percorso formativo, ci sar\u00e0 l\u2019attore (ed ex allievo della Pigrecoemme) Michele Rosiello, uno degli gli\u2026","rel":"","context":"In &quot;Generale&quot;","block_context":{"text":"Generale","link":"https:\/\/www.pigrecoemme.com\/blog\/generale\/"},"img":{"alt_text":"","src":"https:\/\/i0.wp.com\/www.pigrecoemme.com\/blog\/wp-content\/uploads\/2024\/10\/michele-rosiello-presentazione.jpg?resize=350%2C200&ssl=1","width":350,"height":200,"srcset":"https:\/\/i0.wp.com\/www.pigrecoemme.com\/blog\/wp-content\/uploads\/2024\/10\/michele-rosiello-presentazione.jpg?resize=350%2C200&ssl=1 1x, https:\/\/i0.wp.com\/www.pigrecoemme.com\/blog\/wp-content\/uploads\/2024\/10\/michele-rosiello-presentazione.jpg?resize=525%2C300&ssl=1 1.5x, https:\/\/i0.wp.com\/www.pigrecoemme.com\/blog\/wp-content\/uploads\/2024\/10\/michele-rosiello-presentazione.jpg?resize=700%2C400&ssl=1 2x, https:\/\/i0.wp.com\/www.pigrecoemme.com\/blog\/wp-content\/uploads\/2024\/10\/michele-rosiello-presentazione.jpg?resize=1050%2C600&ssl=1 3x"},"classes":[]},{"id":3628,"url":"https:\/\/www.pigrecoemme.com\/blog\/il-corso-di-recitazione-cinematografica-si-rinnova\/","url_meta":{"origin":477,"position":5},"title":"Il corso di recitazione cinematografica si rinnova!","author":"Pigrecoemme","date":"12 Luglio 2024","format":false,"excerpt":"Per l'anno accademico 2024\/2025 abbiamo rinnovato il corso di fotografia, ma anche il corso di recitazione, che ora prevede, oltre ai tre percorsi sulla dizione e sulla recitazione, sullo studio del personaggio e sul controllo della voce e della respirazione (condotti rispettivamente da Angelo Serio, Lucio Allocca e Cristina Florio),\u2026","rel":"","context":"In &quot;Generale&quot;","block_context":{"text":"Generale","link":"https:\/\/www.pigrecoemme.com\/blog\/generale\/"},"img":{"alt_text":"","src":"https:\/\/i0.wp.com\/www.pigrecoemme.com\/blog\/wp-content\/uploads\/2024\/07\/michele-rosiello.jpg?resize=350%2C200&ssl=1","width":350,"height":200},"classes":[]}],"jetpack_featured_media_url":"","_links":{"self":[{"href":"https:\/\/www.pigrecoemme.com\/blog\/wp-json\/wp\/v2\/posts\/477","targetHints":{"allow":["GET"]}}],"collection":[{"href":"https:\/\/www.pigrecoemme.com\/blog\/wp-json\/wp\/v2\/posts"}],"about":[{"href":"https:\/\/www.pigrecoemme.com\/blog\/wp-json\/wp\/v2\/types\/post"}],"author":[{"embeddable":true,"href":"https:\/\/www.pigrecoemme.com\/blog\/wp-json\/wp\/v2\/users\/1"}],"replies":[{"embeddable":true,"href":"https:\/\/www.pigrecoemme.com\/blog\/wp-json\/wp\/v2\/comments?post=477"}],"version-history":[{"count":0,"href":"https:\/\/www.pigrecoemme.com\/blog\/wp-json\/wp\/v2\/posts\/477\/revisions"}],"wp:attachment":[{"href":"https:\/\/www.pigrecoemme.com\/blog\/wp-json\/wp\/v2\/media?parent=477"}],"wp:term":[{"taxonomy":"category","embeddable":true,"href":"https:\/\/www.pigrecoemme.com\/blog\/wp-json\/wp\/v2\/categories?post=477"},{"taxonomy":"post_tag","embeddable":true,"href":"https:\/\/www.pigrecoemme.com\/blog\/wp-json\/wp\/v2\/tags?post=477"}],"curies":[{"name":"wp","href":"https:\/\/api.w.org\/{rel}","templated":true}]}}