{"id":474,"date":"2012-02-27T03:20:05","date_gmt":"2012-02-27T01:20:05","guid":{"rendered":"http:\/\/www.pigrecoemme.com\/blog\/?p=474"},"modified":"2012-02-27T03:37:08","modified_gmt":"2012-02-27T01:37:08","slug":"il-corso-di-fotogiornalismo-riparte-ad-aprile-2012","status":"publish","type":"post","link":"https:\/\/www.pigrecoemme.com\/blog\/il-corso-di-fotogiornalismo-riparte-ad-aprile-2012\/","title":{"rendered":"Il corso di fotogiornalismo riparte ad aprile 2012"},"content":{"rendered":"<figure style=\"width: 191px\" class=\"wp-caption alignleft\"><a href=\"https:\/\/i0.wp.com\/www.pigrecoemme.com\/corso-fotografia\/corso-fotogiornalismo-locandina.jpg\"><img data-recalc-dims=\"1\" loading=\"lazy\" decoding=\"async\" class=\"  \" title=\"La locandina del corso di fotogiornalismo\" src=\"https:\/\/i0.wp.com\/www.pigrecoemme.com\/corso-fotografia\/corso-fotogiornalismo-locandina.jpg?resize=191%2C266\" alt=\"La locandina del corso di fotogiornalismo\" width=\"191\" height=\"266\" \/><\/a><figcaption class=\"wp-caption-text\">La locandina del corso di fotogiornalismo<\/figcaption><\/figure>\n<p>Il 14 aprile, per la precisione. E le iscrizioni sono aperte. Il <strong>corso di fotogiornalismo e reportage<\/strong> organizzato dalla Pigrecoemme si rivolge a coloro che,  in possesso di una fotocamera reflex, delle conoscenze basilari della tecnica fotografica e di un programma di fotoritocco, vogliano i<span>ntraprendere la difficile, ma affascinante carriera del reporter o <\/span><span> <\/span><span>impadronirsi di nuove competenze al fine di sviluppare una propria ricerca visiva, <\/span>ma \u00e8 anche consigliato al fotoamatore evoluto che voglia approfondire le dinamiche del racconto fotografico e abbia intenzione di collaborare part-time con un&#8217;agenzia.<\/p>\n<p>Il corso prevede un totale di 16 lezioni frontali di tre ore ciascuna e uno\u00a0uno <strong>stage<\/strong> di due mesi, da ottobre a dicembre, con l\u2019agenzia <a href=\"http:\/\/www.graffitipress.it\/\" target=\"_blank\">Graffiti<\/a>, che fornir\u00e0 ai partecipanti un tesserino di praticantato.<\/p>\n<p>Da questo stage sono gi\u00e0 stati ottenuti <strong>ottimi risultati<\/strong> dagli allievi pi\u00f9 costanti.<br \/>\nVedi <a href=\"https:\/\/www.pigrecoemme.com\/blog\/lo-stage-di-fotogiornalismo-da-pigrecoemme-al-corriere-della-sera\/\" target=\"_blank\">qui<\/a> e <a href=\"https:\/\/www.pigrecoemme.com\/blog\/in-prima-pagina\/\" target=\"_blank\">qui<\/a>.<\/p>\n<p><a href=\"http:\/\/www.pigrecoemme.com\/cgi-bin\/clickmanager\/clickmanager.cgi?dl=http:\/\/www.pigrecoemme.com\/corso-fotografia\/corso-di-fotogiornalismo-napoli.pdf\"><img data-recalc-dims=\"1\" loading=\"lazy\" decoding=\"async\" src=\"https:\/\/i0.wp.com\/www.pigrecoemme.com\/images\/pdf-corso-fotografia.png?resize=32%2C32\" alt=\"programma del corso di fotografia a napoli in pdf\" width=\"32\" height=\"32\" align=\"left\" \/><strong>Scarica<br \/>\nil programma del corso di fotogiornalismo in formato .PDF<\/strong><\/a><\/p>\n<p>L&#8217;evento su Facebook \u00e8 <a href=\"https:\/\/www.facebook.com\/events\/334656943244512\/\">qui<\/a>.<\/p>\n<p><a href=\"http:\/\/www.pigrecoemme.com\/cgi-bin\/clickmanager\/clickmanager.cgi?dl=http:\/\/www.pigrecoemme.com\/corso-fotografia\/corso-di-fotogiornalismo-napoli.pdf\"><\/a><strong>La quota di iscrizione<\/strong> \u00e8 di \u20ac700.<\/p>\n<p><strong>Maggiori informazioni<\/strong> <a href=\"http:\/\/www.pigrecoemme.com\/corso-fotografia\/corso-di-fotogiornalismo-reportage-napoli.htm\">qui<\/a>,<br \/>\no al telefono (0815635188)<br \/>\ne per email (<a href=\"mailto:corsi@pigrecoemme.com\">corsi@pigrecoemme.com<\/a>)<\/p>\n","protected":false},"excerpt":{"rendered":"<p>Il 14 aprile, per la precisione. E le iscrizioni sono aperte. Il corso di fotogiornalismo e reportage organizzato dalla Pigrecoemme si rivolge a coloro che, in possesso di una fotocamera reflex, delle conoscenze basilari&hellip;<\/p>\n","protected":false},"author":1,"featured_media":0,"comment_status":"open","ping_status":"open","sticky":false,"template":"","format":"standard","meta":{"_jetpack_newsletter_access":"","_jetpack_dont_email_post_to_subs":false,"_jetpack_newsletter_tier_id":0,"_jetpack_memberships_contains_paywalled_content":false,"_jetpack_feature_clip_id":0,"_jetpack_memberships_contains_paid_content":false,"footnotes":"","jetpack_post_was_ever_published":false},"categories":[21,1],"tags":[20,366,678],"class_list":["post-474","post","type-post","status-publish","format-standard","hentry","category-fotografia","category-generale","tag-corso-di-fotografia","tag-corso-di-fotogiornalismo","tag-graffiti"],"yoast_head":"<!-- This site is optimized with the Yoast SEO plugin v28.4 - https:\/\/yoast.com\/product\/yoast-seo-wordpress\/ -->\n<title>Il corso di fotogiornalismo riparte ad aprile 2012<\/title>\n<meta name=\"robots\" content=\"index, follow, max-snippet:-1, max-image-preview:large, max-video-preview:-1\" \/>\n<link rel=\"canonical\" href=\"https:\/\/www.pigrecoemme.com\/blog\/il-corso-di-fotogiornalismo-riparte-ad-aprile-2012\/\" \/>\n<meta property=\"og:locale\" content=\"it_IT\" \/>\n<meta property=\"og:type\" content=\"article\" \/>\n<meta property=\"og:title\" content=\"Il corso di fotogiornalismo riparte ad aprile 2012\" \/>\n<meta property=\"og:description\" content=\"Il 14 aprile, per la precisione. E le iscrizioni sono aperte. Il corso di fotogiornalismo e reportage organizzato dalla Pigrecoemme si rivolge a coloro che, in possesso di una fotocamera reflex, delle conoscenze basilari&hellip;\" \/>\n<meta property=\"og:url\" content=\"https:\/\/www.pigrecoemme.com\/blog\/il-corso-di-fotogiornalismo-riparte-ad-aprile-2012\/\" \/>\n<meta property=\"og:site_name\" content=\"Scuola di Cinema Pigrecoemme - Blog\" \/>\n<meta property=\"article:publisher\" content=\"https:\/\/www.facebook.com\/pigrecoemme\" \/>\n<meta property=\"article:author\" content=\"https:\/\/www.facebook.com\/giacomo.fabbrocino\" \/>\n<meta property=\"article:published_time\" content=\"2012-02-27T01:20:05+00:00\" \/>\n<meta property=\"article:modified_time\" content=\"2012-02-27T01:37:08+00:00\" \/>\n<meta property=\"og:image\" content=\"http:\/\/www.pigrecoemme.com\/corso-fotografia\/corso-fotogiornalismo-locandina.jpg\" \/>\n<meta name=\"author\" content=\"Giacomo Fabbrocino\" \/>\n<meta name=\"twitter:card\" content=\"summary_large_image\" \/>\n<meta name=\"twitter:creator\" content=\"@Pigrecoemme\" \/>\n<meta name=\"twitter:site\" content=\"@Pigrecoemme\" \/>\n<meta name=\"twitter:label1\" content=\"Scritto da\" \/>\n\t<meta name=\"twitter:data1\" content=\"Giacomo Fabbrocino\" \/>\n\t<meta name=\"twitter:label2\" content=\"Tempo di lettura stimato\" \/>\n\t<meta name=\"twitter:data2\" content=\"1 minuto\" \/>\n<script type=\"application\/ld+json\" class=\"yoast-schema-graph\">{\"@context\":\"https:\\\/\\\/schema.org\",\"@graph\":[{\"@type\":[\"Article\",\"BlogPosting\"],\"@id\":\"https:\\\/\\\/www.pigrecoemme.com\\\/blog\\\/il-corso-di-fotogiornalismo-riparte-ad-aprile-2012\\\/#article\",\"isPartOf\":{\"@id\":\"https:\\\/\\\/www.pigrecoemme.com\\\/blog\\\/il-corso-di-fotogiornalismo-riparte-ad-aprile-2012\\\/\"},\"author\":{\"name\":\"Giacomo Fabbrocino\",\"@id\":\"https:\\\/\\\/www.pigrecoemme.com\\\/blog\\\/#\\\/schema\\\/person\\\/57fa822c3d209d3a2612fd0411ae63f4\"},\"headline\":\"Il corso di fotogiornalismo riparte ad aprile 2012\",\"datePublished\":\"2012-02-27T01:20:05+00:00\",\"dateModified\":\"2012-02-27T01:37:08+00:00\",\"mainEntityOfPage\":{\"@id\":\"https:\\\/\\\/www.pigrecoemme.com\\\/blog\\\/il-corso-di-fotogiornalismo-riparte-ad-aprile-2012\\\/\"},\"wordCount\":191,\"commentCount\":0,\"publisher\":{\"@id\":\"https:\\\/\\\/www.pigrecoemme.com\\\/blog\\\/#organization\"},\"image\":{\"@id\":\"https:\\\/\\\/www.pigrecoemme.com\\\/blog\\\/il-corso-di-fotogiornalismo-riparte-ad-aprile-2012\\\/#primaryimage\"},\"thumbnailUrl\":\"http:\\\/\\\/www.pigrecoemme.com\\\/corso-fotografia\\\/corso-fotogiornalismo-locandina.jpg\",\"keywords\":[\"\\\"corso di fotografia\\\"\",\"corso di fotogiornalismo\",\"graffiti\"],\"articleSection\":[\"Fotografia\",\"Generale\"],\"inLanguage\":\"it-IT\",\"potentialAction\":[{\"@type\":\"CommentAction\",\"name\":\"Comment\",\"target\":[\"https:\\\/\\\/www.pigrecoemme.com\\\/blog\\\/il-corso-di-fotogiornalismo-riparte-ad-aprile-2012\\\/#respond\"]}]},{\"@type\":\"WebPage\",\"@id\":\"https:\\\/\\\/www.pigrecoemme.com\\\/blog\\\/il-corso-di-fotogiornalismo-riparte-ad-aprile-2012\\\/\",\"url\":\"https:\\\/\\\/www.pigrecoemme.com\\\/blog\\\/il-corso-di-fotogiornalismo-riparte-ad-aprile-2012\\\/\",\"name\":\"Il corso di fotogiornalismo riparte ad aprile 2012\",\"isPartOf\":{\"@id\":\"https:\\\/\\\/www.pigrecoemme.com\\\/blog\\\/#website\"},\"primaryImageOfPage\":{\"@id\":\"https:\\\/\\\/www.pigrecoemme.com\\\/blog\\\/il-corso-di-fotogiornalismo-riparte-ad-aprile-2012\\\/#primaryimage\"},\"image\":{\"@id\":\"https:\\\/\\\/www.pigrecoemme.com\\\/blog\\\/il-corso-di-fotogiornalismo-riparte-ad-aprile-2012\\\/#primaryimage\"},\"thumbnailUrl\":\"http:\\\/\\\/www.pigrecoemme.com\\\/corso-fotografia\\\/corso-fotogiornalismo-locandina.jpg\",\"datePublished\":\"2012-02-27T01:20:05+00:00\",\"dateModified\":\"2012-02-27T01:37:08+00:00\",\"breadcrumb\":{\"@id\":\"https:\\\/\\\/www.pigrecoemme.com\\\/blog\\\/il-corso-di-fotogiornalismo-riparte-ad-aprile-2012\\\/#breadcrumb\"},\"inLanguage\":\"it-IT\",\"potentialAction\":[{\"@type\":\"ReadAction\",\"target\":[\"https:\\\/\\\/www.pigrecoemme.com\\\/blog\\\/il-corso-di-fotogiornalismo-riparte-ad-aprile-2012\\\/\"]}]},{\"@type\":\"ImageObject\",\"inLanguage\":\"it-IT\",\"@id\":\"https:\\\/\\\/www.pigrecoemme.com\\\/blog\\\/il-corso-di-fotogiornalismo-riparte-ad-aprile-2012\\\/#primaryimage\",\"url\":\"http:\\\/\\\/www.pigrecoemme.com\\\/corso-fotografia\\\/corso-fotogiornalismo-locandina.jpg\",\"contentUrl\":\"http:\\\/\\\/www.pigrecoemme.com\\\/corso-fotografia\\\/corso-fotogiornalismo-locandina.jpg\"},{\"@type\":\"BreadcrumbList\",\"@id\":\"https:\\\/\\\/www.pigrecoemme.com\\\/blog\\\/il-corso-di-fotogiornalismo-riparte-ad-aprile-2012\\\/#breadcrumb\",\"itemListElement\":[{\"@type\":\"ListItem\",\"position\":1,\"name\":\"Home\",\"item\":\"https:\\\/\\\/www.pigrecoemme.com\\\/blog\\\/\"},{\"@type\":\"ListItem\",\"position\":2,\"name\":\"Il corso di fotogiornalismo riparte ad aprile 2012\"}]},{\"@type\":\"WebSite\",\"@id\":\"https:\\\/\\\/www.pigrecoemme.com\\\/blog\\\/#website\",\"url\":\"https:\\\/\\\/www.pigrecoemme.com\\\/blog\\\/\",\"name\":\"Scuola di Cinema Pigrecoemme - Blog\",\"description\":\"Siamo la prima Scuola di Cinema e Fotografia di Napoli\",\"publisher\":{\"@id\":\"https:\\\/\\\/www.pigrecoemme.com\\\/blog\\\/#organization\"},\"potentialAction\":[{\"@type\":\"SearchAction\",\"target\":{\"@type\":\"EntryPoint\",\"urlTemplate\":\"https:\\\/\\\/www.pigrecoemme.com\\\/blog\\\/?s={search_term_string}\"},\"query-input\":{\"@type\":\"PropertyValueSpecification\",\"valueRequired\":true,\"valueName\":\"search_term_string\"}}],\"inLanguage\":\"it-IT\"},{\"@type\":\"Organization\",\"@id\":\"https:\\\/\\\/www.pigrecoemme.com\\\/blog\\\/#organization\",\"name\":\"Scuola di cinema e fotografia Pigrecoemme\",\"url\":\"https:\\\/\\\/www.pigrecoemme.com\\\/blog\\\/\",\"logo\":{\"@type\":\"ImageObject\",\"inLanguage\":\"it-IT\",\"@id\":\"https:\\\/\\\/www.pigrecoemme.com\\\/blog\\\/#\\\/schema\\\/logo\\\/image\\\/\",\"url\":\"https:\\\/\\\/i0.wp.com\\\/www.pigrecoemme.com\\\/blog\\\/wp-content\\\/uploads\\\/2018\\\/06\\\/logo-pigrecoemme-2018.png?fit=500%2C500&ssl=1\",\"contentUrl\":\"https:\\\/\\\/i0.wp.com\\\/www.pigrecoemme.com\\\/blog\\\/wp-content\\\/uploads\\\/2018\\\/06\\\/logo-pigrecoemme-2018.png?fit=500%2C500&ssl=1\",\"width\":500,\"height\":500,\"caption\":\"Scuola di cinema e fotografia Pigrecoemme\"},\"image\":{\"@id\":\"https:\\\/\\\/www.pigrecoemme.com\\\/blog\\\/#\\\/schema\\\/logo\\\/image\\\/\"},\"sameAs\":[\"https:\\\/\\\/www.facebook.com\\\/pigrecoemme\",\"https:\\\/\\\/x.com\\\/Pigrecoemme\",\"https:\\\/\\\/www.instagram.com\\\/pigrecoemme\\\/\",\"https:\\\/\\\/www.linkedin.com\\\/company\\\/pigrecoemme\\\/\",\"https:\\\/\\\/www.youtube.com\\\/pigrecoemme\"]},{\"@type\":\"Person\",\"@id\":\"https:\\\/\\\/www.pigrecoemme.com\\\/blog\\\/#\\\/schema\\\/person\\\/57fa822c3d209d3a2612fd0411ae63f4\",\"name\":\"Giacomo Fabbrocino\",\"image\":{\"@type\":\"ImageObject\",\"inLanguage\":\"it-IT\",\"@id\":\"https:\\\/\\\/secure.gravatar.com\\\/avatar\\\/0e4dfd4d05c06a03fffaffeb36fb181415ba11b91a6b566fa2e8ada75927db32?s=96&r=g\",\"url\":\"https:\\\/\\\/secure.gravatar.com\\\/avatar\\\/0e4dfd4d05c06a03fffaffeb36fb181415ba11b91a6b566fa2e8ada75927db32?s=96&r=g\",\"contentUrl\":\"https:\\\/\\\/secure.gravatar.com\\\/avatar\\\/0e4dfd4d05c06a03fffaffeb36fb181415ba11b91a6b566fa2e8ada75927db32?s=96&r=g\",\"caption\":\"Giacomo Fabbrocino\"},\"description\":\"Montatore cinematografico, autore di documentari sull'arte e di video d'artista, Giacomo \u00e8 responsabile della didattica e della comunicazione web della Scuola di Cinema, Fotografia e Televisione Pigrecoemme di Napoli.\",\"sameAs\":[\"http:\\\/\\\/www.pigrecoemme.com\\\/\",\"https:\\\/\\\/www.facebook.com\\\/giacomo.fabbrocino\"],\"url\":\"https:\\\/\\\/www.pigrecoemme.com\\\/blog\\\/author\\\/giacomo-fabbrocino\\\/\"}]}<\/script>\n<!-- \/ Yoast SEO plugin. -->","yoast_head_json":{"title":"Il corso di fotogiornalismo riparte ad aprile 2012","robots":{"index":"index","follow":"follow","max-snippet":"max-snippet:-1","max-image-preview":"max-image-preview:large","max-video-preview":"max-video-preview:-1"},"canonical":"https:\/\/www.pigrecoemme.com\/blog\/il-corso-di-fotogiornalismo-riparte-ad-aprile-2012\/","og_locale":"it_IT","og_type":"article","og_title":"Il corso di fotogiornalismo riparte ad aprile 2012","og_description":"Il 14 aprile, per la precisione. E le iscrizioni sono aperte. Il corso di fotogiornalismo e reportage organizzato dalla Pigrecoemme si rivolge a coloro che, in possesso di una fotocamera reflex, delle conoscenze basilari&hellip;","og_url":"https:\/\/www.pigrecoemme.com\/blog\/il-corso-di-fotogiornalismo-riparte-ad-aprile-2012\/","og_site_name":"Scuola di Cinema Pigrecoemme - Blog","article_publisher":"https:\/\/www.facebook.com\/pigrecoemme","article_author":"https:\/\/www.facebook.com\/giacomo.fabbrocino","article_published_time":"2012-02-27T01:20:05+00:00","article_modified_time":"2012-02-27T01:37:08+00:00","og_image":[{"url":"http:\/\/www.pigrecoemme.com\/corso-fotografia\/corso-fotogiornalismo-locandina.jpg","type":"","width":"","height":""}],"author":"Giacomo Fabbrocino","twitter_card":"summary_large_image","twitter_creator":"@Pigrecoemme","twitter_site":"@Pigrecoemme","twitter_misc":{"Scritto da":"Giacomo Fabbrocino","Tempo di lettura stimato":"1 minuto"},"schema":{"@context":"https:\/\/schema.org","@graph":[{"@type":["Article","BlogPosting"],"@id":"https:\/\/www.pigrecoemme.com\/blog\/il-corso-di-fotogiornalismo-riparte-ad-aprile-2012\/#article","isPartOf":{"@id":"https:\/\/www.pigrecoemme.com\/blog\/il-corso-di-fotogiornalismo-riparte-ad-aprile-2012\/"},"author":{"name":"Giacomo Fabbrocino","@id":"https:\/\/www.pigrecoemme.com\/blog\/#\/schema\/person\/57fa822c3d209d3a2612fd0411ae63f4"},"headline":"Il corso di fotogiornalismo riparte ad aprile 2012","datePublished":"2012-02-27T01:20:05+00:00","dateModified":"2012-02-27T01:37:08+00:00","mainEntityOfPage":{"@id":"https:\/\/www.pigrecoemme.com\/blog\/il-corso-di-fotogiornalismo-riparte-ad-aprile-2012\/"},"wordCount":191,"commentCount":0,"publisher":{"@id":"https:\/\/www.pigrecoemme.com\/blog\/#organization"},"image":{"@id":"https:\/\/www.pigrecoemme.com\/blog\/il-corso-di-fotogiornalismo-riparte-ad-aprile-2012\/#primaryimage"},"thumbnailUrl":"http:\/\/www.pigrecoemme.com\/corso-fotografia\/corso-fotogiornalismo-locandina.jpg","keywords":["\"corso di fotografia\"","corso di fotogiornalismo","graffiti"],"articleSection":["Fotografia","Generale"],"inLanguage":"it-IT","potentialAction":[{"@type":"CommentAction","name":"Comment","target":["https:\/\/www.pigrecoemme.com\/blog\/il-corso-di-fotogiornalismo-riparte-ad-aprile-2012\/#respond"]}]},{"@type":"WebPage","@id":"https:\/\/www.pigrecoemme.com\/blog\/il-corso-di-fotogiornalismo-riparte-ad-aprile-2012\/","url":"https:\/\/www.pigrecoemme.com\/blog\/il-corso-di-fotogiornalismo-riparte-ad-aprile-2012\/","name":"Il corso di fotogiornalismo riparte ad aprile 2012","isPartOf":{"@id":"https:\/\/www.pigrecoemme.com\/blog\/#website"},"primaryImageOfPage":{"@id":"https:\/\/www.pigrecoemme.com\/blog\/il-corso-di-fotogiornalismo-riparte-ad-aprile-2012\/#primaryimage"},"image":{"@id":"https:\/\/www.pigrecoemme.com\/blog\/il-corso-di-fotogiornalismo-riparte-ad-aprile-2012\/#primaryimage"},"thumbnailUrl":"http:\/\/www.pigrecoemme.com\/corso-fotografia\/corso-fotogiornalismo-locandina.jpg","datePublished":"2012-02-27T01:20:05+00:00","dateModified":"2012-02-27T01:37:08+00:00","breadcrumb":{"@id":"https:\/\/www.pigrecoemme.com\/blog\/il-corso-di-fotogiornalismo-riparte-ad-aprile-2012\/#breadcrumb"},"inLanguage":"it-IT","potentialAction":[{"@type":"ReadAction","target":["https:\/\/www.pigrecoemme.com\/blog\/il-corso-di-fotogiornalismo-riparte-ad-aprile-2012\/"]}]},{"@type":"ImageObject","inLanguage":"it-IT","@id":"https:\/\/www.pigrecoemme.com\/blog\/il-corso-di-fotogiornalismo-riparte-ad-aprile-2012\/#primaryimage","url":"http:\/\/www.pigrecoemme.com\/corso-fotografia\/corso-fotogiornalismo-locandina.jpg","contentUrl":"http:\/\/www.pigrecoemme.com\/corso-fotografia\/corso-fotogiornalismo-locandina.jpg"},{"@type":"BreadcrumbList","@id":"https:\/\/www.pigrecoemme.com\/blog\/il-corso-di-fotogiornalismo-riparte-ad-aprile-2012\/#breadcrumb","itemListElement":[{"@type":"ListItem","position":1,"name":"Home","item":"https:\/\/www.pigrecoemme.com\/blog\/"},{"@type":"ListItem","position":2,"name":"Il corso di fotogiornalismo riparte ad aprile 2012"}]},{"@type":"WebSite","@id":"https:\/\/www.pigrecoemme.com\/blog\/#website","url":"https:\/\/www.pigrecoemme.com\/blog\/","name":"Scuola di Cinema Pigrecoemme - Blog","description":"Siamo la prima Scuola di Cinema e Fotografia di Napoli","publisher":{"@id":"https:\/\/www.pigrecoemme.com\/blog\/#organization"},"potentialAction":[{"@type":"SearchAction","target":{"@type":"EntryPoint","urlTemplate":"https:\/\/www.pigrecoemme.com\/blog\/?s={search_term_string}"},"query-input":{"@type":"PropertyValueSpecification","valueRequired":true,"valueName":"search_term_string"}}],"inLanguage":"it-IT"},{"@type":"Organization","@id":"https:\/\/www.pigrecoemme.com\/blog\/#organization","name":"Scuola di cinema e fotografia Pigrecoemme","url":"https:\/\/www.pigrecoemme.com\/blog\/","logo":{"@type":"ImageObject","inLanguage":"it-IT","@id":"https:\/\/www.pigrecoemme.com\/blog\/#\/schema\/logo\/image\/","url":"https:\/\/i0.wp.com\/www.pigrecoemme.com\/blog\/wp-content\/uploads\/2018\/06\/logo-pigrecoemme-2018.png?fit=500%2C500&ssl=1","contentUrl":"https:\/\/i0.wp.com\/www.pigrecoemme.com\/blog\/wp-content\/uploads\/2018\/06\/logo-pigrecoemme-2018.png?fit=500%2C500&ssl=1","width":500,"height":500,"caption":"Scuola di cinema e fotografia Pigrecoemme"},"image":{"@id":"https:\/\/www.pigrecoemme.com\/blog\/#\/schema\/logo\/image\/"},"sameAs":["https:\/\/www.facebook.com\/pigrecoemme","https:\/\/x.com\/Pigrecoemme","https:\/\/www.instagram.com\/pigrecoemme\/","https:\/\/www.linkedin.com\/company\/pigrecoemme\/","https:\/\/www.youtube.com\/pigrecoemme"]},{"@type":"Person","@id":"https:\/\/www.pigrecoemme.com\/blog\/#\/schema\/person\/57fa822c3d209d3a2612fd0411ae63f4","name":"Giacomo Fabbrocino","image":{"@type":"ImageObject","inLanguage":"it-IT","@id":"https:\/\/secure.gravatar.com\/avatar\/0e4dfd4d05c06a03fffaffeb36fb181415ba11b91a6b566fa2e8ada75927db32?s=96&r=g","url":"https:\/\/secure.gravatar.com\/avatar\/0e4dfd4d05c06a03fffaffeb36fb181415ba11b91a6b566fa2e8ada75927db32?s=96&r=g","contentUrl":"https:\/\/secure.gravatar.com\/avatar\/0e4dfd4d05c06a03fffaffeb36fb181415ba11b91a6b566fa2e8ada75927db32?s=96&r=g","caption":"Giacomo Fabbrocino"},"description":"Montatore cinematografico, autore di documentari sull'arte e di video d'artista, Giacomo \u00e8 responsabile della didattica e della comunicazione web della Scuola di Cinema, Fotografia e Televisione Pigrecoemme di Napoli.","sameAs":["http:\/\/www.pigrecoemme.com\/","https:\/\/www.facebook.com\/giacomo.fabbrocino"],"url":"https:\/\/www.pigrecoemme.com\/blog\/author\/giacomo-fabbrocino\/"}]}},"jetpack_sharing_enabled":true,"jetpack_likes_enabled":true,"jetpack-related-posts":[{"id":217,"url":"https:\/\/www.pigrecoemme.com\/blog\/corso-di-fotogiornalismo-gianni-pinnizzotto-al-tg5\/","url_meta":{"origin":474,"position":0},"title":"Corso di fotogiornalismo: Gianni Pinnizzotto al TG5","author":"Giacomo Fabbrocino","date":"26 Marzo 2010","format":false,"excerpt":"Segnaliamo questo servizio del TG5 in cui \u00e8 intervistato Gianni Pinnizzotto,\u00a0direttore dell' Agenzia Fotogiornalistica Graffiti Press e docente del nostro corso di fotogiornalismo\u00a0il cui inizio \u00e8 previsto per il 10 aprile e al quale \u00e8 ancora possibile ad iscriversi.","rel":"","context":"In &quot;Fotografia&quot;","block_context":{"text":"Fotografia","link":"https:\/\/www.pigrecoemme.com\/blog\/fotografia\/"},"img":{"alt_text":"","src":"","width":0,"height":0},"classes":[]},{"id":200,"url":"https:\/\/www.pigrecoemme.com\/blog\/il-programma-del-corso-di-fotogiornalismo\/","url_meta":{"origin":474,"position":1},"title":"Il programma del corso di fotogiornalismo","author":"Giacomo Fabbrocino","date":"26 Gennaio 2010","format":false,"excerpt":"Il Corso di Fotogiornalismo di Pigrecoemme, coordinato da Luca Sorbo, \u00e8 diretto a chi, avendo gi\u00e0 acquisite le competenze di base della fotografia, voglia intraprendere la carriera di fotogiornalista. Il corso \u00e8 anche consigliato al fotoamatore evoluto che voglia approfondire le dinamiche del racconto fotografico e abbia intenzione di collaborare\u2026","rel":"","context":"In &quot;Generale&quot;","block_context":{"text":"Generale","link":"https:\/\/www.pigrecoemme.com\/blog\/generale\/"},"img":{"alt_text":"","src":"https:\/\/i0.wp.com\/www.pigrecoemme.com\/corso-fotografia\/corso-fotogiornalismo.jpg?resize=350%2C200","width":350,"height":200},"classes":[]},{"id":356,"url":"https:\/\/www.pigrecoemme.com\/blog\/il-nuovo-corso-di-fotogiornalismo-parte-il-14-maggio-a-napoli\/","url_meta":{"origin":474,"position":2},"title":"Il nuovo corso di fotogiornalismo parte il 14 maggio a Napoli","author":"Giacomo Fabbrocino","date":"6 Aprile 2011","format":false,"excerpt":"Parte Sabato 14 maggio a Napoli il nuovo corso di Fotogiornalismo di Pigrecoemme, che quest\u2019anno presenta, oltre all\u2019ormai consolidata collaborazione con l\u2019agenzia romana Graffiti Press (che fornir\u00e0 gli accrediti giornalistici e lo stage finale), alcune interessanti novit\u00e0, tra cui una sezione del corso dedicata alla fotografia naturalistica, a cura di\u2026","rel":"","context":"In &quot;Fotografia&quot;","block_context":{"text":"Fotografia","link":"https:\/\/www.pigrecoemme.com\/blog\/fotografia\/"},"img":{"alt_text":"","src":"https:\/\/i0.wp.com\/www.pigrecoemme.com\/corso-fotografia\/corso-fotogiornalismo-social.jpg?resize=350%2C200","width":350,"height":200},"classes":[]},{"id":476,"url":"https:\/\/www.pigrecoemme.com\/blog\/riaprono-le-iscrizioni-ai-corsi-di-cinema-e-fotografia\/","url_meta":{"origin":474,"position":3},"title":"Riaprono le iscrizioni ai corsi di cinema e fotografia","author":"Giacomo Fabbrocino","date":"3 Marzo 2012","format":false,"excerpt":"Si avvicina il ciclo primaverile di corsi di cinema e fotografia e, di conseguenza, riaprono le iscrizioni.I nostri corsi sul cinema partono dalle basi e si rivolgono a coloro che vogliano cimentarsi con le tecniche e i linguaggi dell'audiovisivo per iniziare un percorso professionalizzante o per accrescere il proprio bagaglio\u2026","rel":"","context":"In &quot;Fotografia&quot;","block_context":{"text":"Fotografia","link":"https:\/\/www.pigrecoemme.com\/blog\/fotografia\/"},"img":{"alt_text":"corso master cinema napoli","src":"https:\/\/i0.wp.com\/www.pigrecoemme.com\/blog\/wp-content\/uploads\/2016\/04\/corso-master-2016-2017.jpg?resize=350%2C200&ssl=1","width":350,"height":200,"srcset":"https:\/\/i0.wp.com\/www.pigrecoemme.com\/blog\/wp-content\/uploads\/2016\/04\/corso-master-2016-2017.jpg?resize=350%2C200&ssl=1 1x, https:\/\/i0.wp.com\/www.pigrecoemme.com\/blog\/wp-content\/uploads\/2016\/04\/corso-master-2016-2017.jpg?resize=525%2C300&ssl=1 1.5x, https:\/\/i0.wp.com\/www.pigrecoemme.com\/blog\/wp-content\/uploads\/2016\/04\/corso-master-2016-2017.jpg?resize=700%2C400&ssl=1 2x"},"classes":[]},{"id":191,"url":"https:\/\/www.pigrecoemme.com\/blog\/fra-i-corsi-del-2010-due-importanti-novita-fotogiornalismo-e-scrittura-per-la-televisione\/","url_meta":{"origin":474,"position":4},"title":"Fra i corsi del 2010 due importanti novit\u00e0: fotogiornalismo e scrittura per la televisione","author":"Giacomo Fabbrocino","date":"5 Gennaio 2010","format":false,"excerpt":"Ripartono l'11 gennaio le attivit\u00e0 didattiche della Scuola di cinema e televisione Pigrecoemme. Che, ai consueti corsi di cinema e di fotografia, affianca due importanti novit\u00e0: un corso dedicato alla scrittura televisiva e, in collaborazione con l'agenzia fotogiornalistica Graffiti di Roma, uno di fotogiornalismo. CORSI SEMESTRALI E BIMESTRALI SUL CINEMA\u2026","rel":"","context":"In &quot;Scuola di cinema&quot;","block_context":{"text":"Scuola di cinema","link":"https:\/\/www.pigrecoemme.com\/blog\/scuola-di-cinema\/"},"img":{"alt_text":"","src":"https:\/\/i0.wp.com\/www.pigrecoemme.com\/blog\/wp-content\/uploads\/2011\/12\/corso-scrittura-tv-2012.jpg?resize=350%2C200&ssl=1","width":350,"height":200,"srcset":"https:\/\/i0.wp.com\/www.pigrecoemme.com\/blog\/wp-content\/uploads\/2011\/12\/corso-scrittura-tv-2012.jpg?resize=350%2C200&ssl=1 1x, https:\/\/i0.wp.com\/www.pigrecoemme.com\/blog\/wp-content\/uploads\/2011\/12\/corso-scrittura-tv-2012.jpg?resize=525%2C300&ssl=1 1.5x"},"classes":[]},{"id":450,"url":"https:\/\/www.pigrecoemme.com\/blog\/lo-stage-di-fotogiornalismo-da-pigrecoemme-al-corriere-della-sera\/","url_meta":{"origin":474,"position":5},"title":"Lo stage di Fotogiornalismo: da Pigrecoemme al Corriere della sera","author":"Corrado Morra","date":"21 Dicembre 2011","format":false,"excerpt":"23 ottobre 2011. Il Corriere della sera, principale quotidiano italiano, esce con una pagina intera dedicata alle cronache del convegno dei giovani industriali a Capri. L'appuntamento - uno dei termometri pi\u00f9 sensibili dell'economia del Paese - quest'anno \u00e8 particolarmente caldo: la presidente di Confindustria - Emma Marcegaglia - non nasconde\u2026","rel":"","context":"In &quot;Eventi&quot;","block_context":{"text":"Eventi","link":"https:\/\/www.pigrecoemme.com\/blog\/eventi\/"},"img":{"alt_text":"","src":"https:\/\/i0.wp.com\/www.pigrecoemme.com\/blog\/wp-content\/uploads\/2011\/12\/pigrecoemme-corsera-300x207.jpg?resize=350%2C200","width":350,"height":200},"classes":[]}],"jetpack_featured_media_url":"","_links":{"self":[{"href":"https:\/\/www.pigrecoemme.com\/blog\/wp-json\/wp\/v2\/posts\/474","targetHints":{"allow":["GET"]}}],"collection":[{"href":"https:\/\/www.pigrecoemme.com\/blog\/wp-json\/wp\/v2\/posts"}],"about":[{"href":"https:\/\/www.pigrecoemme.com\/blog\/wp-json\/wp\/v2\/types\/post"}],"author":[{"embeddable":true,"href":"https:\/\/www.pigrecoemme.com\/blog\/wp-json\/wp\/v2\/users\/1"}],"replies":[{"embeddable":true,"href":"https:\/\/www.pigrecoemme.com\/blog\/wp-json\/wp\/v2\/comments?post=474"}],"version-history":[{"count":0,"href":"https:\/\/www.pigrecoemme.com\/blog\/wp-json\/wp\/v2\/posts\/474\/revisions"}],"wp:attachment":[{"href":"https:\/\/www.pigrecoemme.com\/blog\/wp-json\/wp\/v2\/media?parent=474"}],"wp:term":[{"taxonomy":"category","embeddable":true,"href":"https:\/\/www.pigrecoemme.com\/blog\/wp-json\/wp\/v2\/categories?post=474"},{"taxonomy":"post_tag","embeddable":true,"href":"https:\/\/www.pigrecoemme.com\/blog\/wp-json\/wp\/v2\/tags?post=474"}],"curies":[{"name":"wp","href":"https:\/\/api.w.org\/{rel}","templated":true}]}}