{"id":468,"date":"2012-02-11T13:53:06","date_gmt":"2012-02-11T11:53:06","guid":{"rendered":"http:\/\/www.pigrecoemme.com\/blog\/?p=468"},"modified":"2012-02-14T15:01:09","modified_gmt":"2012-02-14T13:01:09","slug":"a-pigrecoemme-uno-stage-di-approfondimento-per-attori-condotto-da-lucio-allocca","status":"publish","type":"post","link":"https:\/\/www.pigrecoemme.com\/blog\/a-pigrecoemme-uno-stage-di-approfondimento-per-attori-condotto-da-lucio-allocca\/","title":{"rendered":"Dal 25 febbraio Lo spett\/attore: stage di approfondimento per attori condotto da Lucio Allocca"},"content":{"rendered":"<h3><a href=\"https:\/\/i0.wp.com\/www.pigrecoemme.com\/blog\/wp-content\/uploads\/2012\/02\/lucioalloccaotellotesta.jpg?ssl=1\"><img data-recalc-dims=\"1\" loading=\"lazy\" decoding=\"async\" class=\"alignleft size-medium wp-image-469\" title=\"Lucio Allocca\" src=\"https:\/\/i0.wp.com\/www.pigrecoemme.com\/blog\/wp-content\/uploads\/2012\/02\/lucioalloccaotellotesta.jpg?resize=300%2C208&#038;ssl=1\" alt=\"\" width=\"300\" height=\"208\" srcset=\"https:\/\/i0.wp.com\/www.pigrecoemme.com\/blog\/wp-content\/uploads\/2012\/02\/lucioalloccaotellotesta.jpg?resize=300%2C208&amp;ssl=1 300w, https:\/\/i0.wp.com\/www.pigrecoemme.com\/blog\/wp-content\/uploads\/2012\/02\/lucioalloccaotellotesta.jpg?w=432&amp;ssl=1 432w\" sizes=\"auto, (max-width: 300px) 100vw, 300px\" \/><\/a><strong>Lo spett\/attore<\/strong><\/h3>\n<p><strong><em><strong><\/strong><strong><\/strong>L&#8217;abbattimento della Quarta Parete \u2013 Stanislavskij, Cechov e il teatro d&#8217;Arte di Mosca<\/em><\/strong><\/p>\n<p>Uno studio-laboratorio condotto da Lucio Allocca che, in 6 incontri, guider\u00e0 i partecipanti alla scoperta della pi\u00f9 grande rivoluzione nell&#8217;arte dell&#8217;attore del secolo scorso.<\/p>\n<p>Quano l&#8217;attore &#8220;vive&#8221; il personaggio fa s\u00ec che lo spettatore perda la coscienza di essere a teatro e che la distanza tra palco e platea si accorci fino ad annullarsi.<\/p>\n<p>Attraverso documenti ed esercitazioni, Lucio Allocca introdurr\u00e0 una ricerca che ha influenzato l&#8217;intera arte teatrale del &#8216;900, da Grotowski a Beck fino a Peter Brook. Senza dimenticare l&#8217;influenza sulla recitazione cinematografica attraverso il filtro strasberghiano.<\/p>\n<p>Nel laboratorio intensivo&#8221;Stanislavkij, Cecov ed il Teatro D&#8217;Arte di Mosca&#8221;\u00a0saranno messi a disposizione degli iscritti, sia per consultazione, sia per\u00a0studio  le seguenti pubblicazioni:<\/p>\n<p>Stanislavskij<br \/>\n<em>La mia vita nell&#8217;arte<\/em> (Casa Usher)<br \/>\n<em>Il lavoro dell&#8217;attore su se stesso<\/em> (Bulzoni)<br \/>\n<em>Il lavoro dell&#8217;attore sul personaggio<\/em> (Bulzoni)<br \/>\n<em>Le mie regie<\/em> (Ubu Libri)<\/p>\n<p>Vachtangov &#8211;\u00a0<em>La gioia della scena<\/em> (Il Principe costante)<\/p>\n<p>Henri Troyat &#8211;\u00a0<em>Cechov<\/em> (Bulzoni)<\/p>\n<p>Aurelio Zanco, A. Villa &#8211; \u00a0<em>Anton Pavlovi\u010d \u010cechov<\/em> (Firenze &#8220;La voce&#8221; 1925&#8243;)<\/p>\n<p>Gherardo Casini Editore 1966 &#8211; \u00a0&#8220;<em>Tutto il Teatro di Cechov<\/em>&#8221; (Riccamente illustrato\u00a0con foto e appunti originali)<\/p>\n<p>Michail Cechov &#8211;\u00a0<em> La tecnica dell&#8217; attore<\/em> (Dino Audino )<\/p>\n<p>Claudio Vicentini- \u00a0<em>L&#8217;arte di guardare gli Attori<\/em> (Marsilio)<\/p>\n<p><strong>Documenti video:<br \/>\n<\/strong>&#8220;Il gabbiano&#8221;. Ripresa televisiva negli studi RAI.<\/p>\n<p>Regia di Orazio Costa\u00a0Giovangigli<\/p>\n<p>&#8220;Il giardino dei Ciliegi&#8221;. Ripresa televisiva Dal Piccolo Teatro di Milano.<br \/>\nRegia di Giorgio Strehler<\/p>\n<ul>\n<li><span style=\"font-weight: bold;\">Dal 25 febbraio al 31 marzo, 6 incontri di 3 ore ciascuno, il Sabato dalle 16 alle 19.<\/span><\/li>\n<li><span style=\"font-weight: bold;\">Quota di iscrizione: \u20ac200 <\/span><\/li>\n<\/ul>\n<p><strong>Informazioni<\/strong> allo 0815635188 o scrivendo a <a href=\"mailto:corsi@pigrecoemme.com\">corsi@pigrecoemme.com<\/a><\/p>\n","protected":false},"excerpt":{"rendered":"<p>Lo spett\/attore L&#8217;abbattimento della Quarta Parete \u2013 Stanislavskij, Cechov e il teatro d&#8217;Arte di Mosca Uno studio-laboratorio condotto da Lucio Allocca che, in 6 incontri, guider\u00e0 i partecipanti alla scoperta della pi\u00f9 grande rivoluzione&hellip;<\/p>\n","protected":false},"author":2,"featured_media":0,"comment_status":"open","ping_status":"open","sticky":false,"template":"","format":"standard","meta":{"_jetpack_newsletter_access":"","_jetpack_dont_email_post_to_subs":false,"_jetpack_newsletter_tier_id":0,"_jetpack_memberships_contains_paywalled_content":false,"_jetpack_feature_clip_id":0,"_jetpack_memberships_contains_paid_content":false,"footnotes":"","jetpack_post_was_ever_published":false},"categories":[299,3],"tags":[446,209,77,58,219,677,66],"class_list":["post-468","post","type-post","status-publish","format-standard","hentry","category-foto-della-settimana","category-scuola-di-cinema","tag-attore","tag-lucio-allocca","tag-napoli","tag-pigrecoemme","tag-recitazione","tag-stage","tag-teatro"],"yoast_head":"<!-- This site is optimized with the Yoast SEO plugin v28.3 - https:\/\/yoast.com\/product\/yoast-seo-wordpress\/ -->\n<title>Dal 25 febbraio Lo spett\/attore: stage di approfondimento per attori condotto da Lucio Allocca<\/title>\n<meta name=\"robots\" content=\"index, follow, max-snippet:-1, max-image-preview:large, max-video-preview:-1\" \/>\n<link rel=\"canonical\" href=\"https:\/\/www.pigrecoemme.com\/blog\/a-pigrecoemme-uno-stage-di-approfondimento-per-attori-condotto-da-lucio-allocca\/\" \/>\n<meta property=\"og:locale\" content=\"it_IT\" \/>\n<meta property=\"og:type\" content=\"article\" \/>\n<meta property=\"og:title\" content=\"Dal 25 febbraio Lo spett\/attore: stage di approfondimento per attori condotto da Lucio Allocca\" \/>\n<meta property=\"og:description\" content=\"Lo spett\/attore L&#8217;abbattimento della Quarta Parete \u2013 Stanislavskij, Cechov e il teatro d&#8217;Arte di Mosca Uno studio-laboratorio condotto da Lucio Allocca che, in 6 incontri, guider\u00e0 i partecipanti alla scoperta della pi\u00f9 grande rivoluzione&hellip;\" \/>\n<meta property=\"og:url\" content=\"https:\/\/www.pigrecoemme.com\/blog\/a-pigrecoemme-uno-stage-di-approfondimento-per-attori-condotto-da-lucio-allocca\/\" \/>\n<meta property=\"og:site_name\" content=\"Scuola di Cinema Pigrecoemme - Blog\" \/>\n<meta property=\"article:publisher\" content=\"https:\/\/www.facebook.com\/pigrecoemme\" \/>\n<meta property=\"article:author\" content=\"https:\/\/www.facebook.com\/corrado.morra1\" \/>\n<meta property=\"article:published_time\" content=\"2012-02-11T11:53:06+00:00\" \/>\n<meta property=\"article:modified_time\" content=\"2012-02-14T13:01:09+00:00\" \/>\n<meta property=\"og:image\" content=\"http:\/\/www.pigrecoemme.com\/blog\/wp-content\/uploads\/2012\/02\/lucioalloccaotellotesta-300x208.jpg\" \/>\n<meta name=\"author\" content=\"Corrado Morra\" \/>\n<meta name=\"twitter:card\" content=\"summary_large_image\" \/>\n<meta name=\"twitter:creator\" content=\"@Pigrecoemme\" \/>\n<meta name=\"twitter:site\" content=\"@Pigrecoemme\" \/>\n<meta name=\"twitter:label1\" content=\"Scritto da\" \/>\n\t<meta name=\"twitter:data1\" content=\"Corrado Morra\" \/>\n\t<meta name=\"twitter:label2\" content=\"Tempo di lettura stimato\" \/>\n\t<meta name=\"twitter:data2\" content=\"1 minuto\" \/>\n<script type=\"application\/ld+json\" class=\"yoast-schema-graph\">{\"@context\":\"https:\\\/\\\/schema.org\",\"@graph\":[{\"@type\":[\"Article\",\"BlogPosting\"],\"@id\":\"https:\\\/\\\/www.pigrecoemme.com\\\/blog\\\/a-pigrecoemme-uno-stage-di-approfondimento-per-attori-condotto-da-lucio-allocca\\\/#article\",\"isPartOf\":{\"@id\":\"https:\\\/\\\/www.pigrecoemme.com\\\/blog\\\/a-pigrecoemme-uno-stage-di-approfondimento-per-attori-condotto-da-lucio-allocca\\\/\"},\"author\":{\"name\":\"Corrado Morra\",\"@id\":\"https:\\\/\\\/www.pigrecoemme.com\\\/blog\\\/#\\\/schema\\\/person\\\/702764b5ecda4c2f34e82348789f649e\"},\"headline\":\"Dal 25 febbraio Lo spett\\\/attore: stage di approfondimento per attori condotto da Lucio Allocca\",\"datePublished\":\"2012-02-11T11:53:06+00:00\",\"dateModified\":\"2012-02-14T13:01:09+00:00\",\"mainEntityOfPage\":{\"@id\":\"https:\\\/\\\/www.pigrecoemme.com\\\/blog\\\/a-pigrecoemme-uno-stage-di-approfondimento-per-attori-condotto-da-lucio-allocca\\\/\"},\"wordCount\":289,\"commentCount\":0,\"publisher\":{\"@id\":\"https:\\\/\\\/www.pigrecoemme.com\\\/blog\\\/#organization\"},\"image\":{\"@id\":\"https:\\\/\\\/www.pigrecoemme.com\\\/blog\\\/a-pigrecoemme-uno-stage-di-approfondimento-per-attori-condotto-da-lucio-allocca\\\/#primaryimage\"},\"thumbnailUrl\":\"http:\\\/\\\/www.pigrecoemme.com\\\/blog\\\/wp-content\\\/uploads\\\/2012\\\/02\\\/lucioalloccaotellotesta-300x208.jpg\",\"keywords\":[\"attore\",\"lucio allocca\",\"napoli\",\"pigrecoemme\",\"recitazione\",\"stage\",\"teatro\"],\"articleSection\":[\"La foto della settimana\",\"Scuola di cinema\"],\"inLanguage\":\"it-IT\",\"potentialAction\":[{\"@type\":\"CommentAction\",\"name\":\"Comment\",\"target\":[\"https:\\\/\\\/www.pigrecoemme.com\\\/blog\\\/a-pigrecoemme-uno-stage-di-approfondimento-per-attori-condotto-da-lucio-allocca\\\/#respond\"]}]},{\"@type\":\"WebPage\",\"@id\":\"https:\\\/\\\/www.pigrecoemme.com\\\/blog\\\/a-pigrecoemme-uno-stage-di-approfondimento-per-attori-condotto-da-lucio-allocca\\\/\",\"url\":\"https:\\\/\\\/www.pigrecoemme.com\\\/blog\\\/a-pigrecoemme-uno-stage-di-approfondimento-per-attori-condotto-da-lucio-allocca\\\/\",\"name\":\"Dal 25 febbraio Lo spett\\\/attore: stage di approfondimento per attori condotto da Lucio Allocca\",\"isPartOf\":{\"@id\":\"https:\\\/\\\/www.pigrecoemme.com\\\/blog\\\/#website\"},\"primaryImageOfPage\":{\"@id\":\"https:\\\/\\\/www.pigrecoemme.com\\\/blog\\\/a-pigrecoemme-uno-stage-di-approfondimento-per-attori-condotto-da-lucio-allocca\\\/#primaryimage\"},\"image\":{\"@id\":\"https:\\\/\\\/www.pigrecoemme.com\\\/blog\\\/a-pigrecoemme-uno-stage-di-approfondimento-per-attori-condotto-da-lucio-allocca\\\/#primaryimage\"},\"thumbnailUrl\":\"http:\\\/\\\/www.pigrecoemme.com\\\/blog\\\/wp-content\\\/uploads\\\/2012\\\/02\\\/lucioalloccaotellotesta-300x208.jpg\",\"datePublished\":\"2012-02-11T11:53:06+00:00\",\"dateModified\":\"2012-02-14T13:01:09+00:00\",\"breadcrumb\":{\"@id\":\"https:\\\/\\\/www.pigrecoemme.com\\\/blog\\\/a-pigrecoemme-uno-stage-di-approfondimento-per-attori-condotto-da-lucio-allocca\\\/#breadcrumb\"},\"inLanguage\":\"it-IT\",\"potentialAction\":[{\"@type\":\"ReadAction\",\"target\":[\"https:\\\/\\\/www.pigrecoemme.com\\\/blog\\\/a-pigrecoemme-uno-stage-di-approfondimento-per-attori-condotto-da-lucio-allocca\\\/\"]}]},{\"@type\":\"ImageObject\",\"inLanguage\":\"it-IT\",\"@id\":\"https:\\\/\\\/www.pigrecoemme.com\\\/blog\\\/a-pigrecoemme-uno-stage-di-approfondimento-per-attori-condotto-da-lucio-allocca\\\/#primaryimage\",\"url\":\"http:\\\/\\\/www.pigrecoemme.com\\\/blog\\\/wp-content\\\/uploads\\\/2012\\\/02\\\/lucioalloccaotellotesta-300x208.jpg\",\"contentUrl\":\"http:\\\/\\\/www.pigrecoemme.com\\\/blog\\\/wp-content\\\/uploads\\\/2012\\\/02\\\/lucioalloccaotellotesta-300x208.jpg\"},{\"@type\":\"BreadcrumbList\",\"@id\":\"https:\\\/\\\/www.pigrecoemme.com\\\/blog\\\/a-pigrecoemme-uno-stage-di-approfondimento-per-attori-condotto-da-lucio-allocca\\\/#breadcrumb\",\"itemListElement\":[{\"@type\":\"ListItem\",\"position\":1,\"name\":\"Home\",\"item\":\"https:\\\/\\\/www.pigrecoemme.com\\\/blog\\\/\"},{\"@type\":\"ListItem\",\"position\":2,\"name\":\"Dal 25 febbraio Lo spett\\\/attore: stage di approfondimento per attori condotto da Lucio Allocca\"}]},{\"@type\":\"WebSite\",\"@id\":\"https:\\\/\\\/www.pigrecoemme.com\\\/blog\\\/#website\",\"url\":\"https:\\\/\\\/www.pigrecoemme.com\\\/blog\\\/\",\"name\":\"Scuola di Cinema Pigrecoemme - Blog\",\"description\":\"Siamo la prima Scuola di Cinema e Fotografia di Napoli\",\"publisher\":{\"@id\":\"https:\\\/\\\/www.pigrecoemme.com\\\/blog\\\/#organization\"},\"potentialAction\":[{\"@type\":\"SearchAction\",\"target\":{\"@type\":\"EntryPoint\",\"urlTemplate\":\"https:\\\/\\\/www.pigrecoemme.com\\\/blog\\\/?s={search_term_string}\"},\"query-input\":{\"@type\":\"PropertyValueSpecification\",\"valueRequired\":true,\"valueName\":\"search_term_string\"}}],\"inLanguage\":\"it-IT\"},{\"@type\":\"Organization\",\"@id\":\"https:\\\/\\\/www.pigrecoemme.com\\\/blog\\\/#organization\",\"name\":\"Scuola di cinema e fotografia Pigrecoemme\",\"url\":\"https:\\\/\\\/www.pigrecoemme.com\\\/blog\\\/\",\"logo\":{\"@type\":\"ImageObject\",\"inLanguage\":\"it-IT\",\"@id\":\"https:\\\/\\\/www.pigrecoemme.com\\\/blog\\\/#\\\/schema\\\/logo\\\/image\\\/\",\"url\":\"https:\\\/\\\/i0.wp.com\\\/www.pigrecoemme.com\\\/blog\\\/wp-content\\\/uploads\\\/2018\\\/06\\\/logo-pigrecoemme-2018.png?fit=500%2C500&ssl=1\",\"contentUrl\":\"https:\\\/\\\/i0.wp.com\\\/www.pigrecoemme.com\\\/blog\\\/wp-content\\\/uploads\\\/2018\\\/06\\\/logo-pigrecoemme-2018.png?fit=500%2C500&ssl=1\",\"width\":500,\"height\":500,\"caption\":\"Scuola di cinema e fotografia Pigrecoemme\"},\"image\":{\"@id\":\"https:\\\/\\\/www.pigrecoemme.com\\\/blog\\\/#\\\/schema\\\/logo\\\/image\\\/\"},\"sameAs\":[\"https:\\\/\\\/www.facebook.com\\\/pigrecoemme\",\"https:\\\/\\\/x.com\\\/Pigrecoemme\",\"https:\\\/\\\/www.instagram.com\\\/pigrecoemme\\\/\",\"https:\\\/\\\/www.linkedin.com\\\/company\\\/pigrecoemme\\\/\",\"https:\\\/\\\/www.youtube.com\\\/pigrecoemme\"]},{\"@type\":\"Person\",\"@id\":\"https:\\\/\\\/www.pigrecoemme.com\\\/blog\\\/#\\\/schema\\\/person\\\/702764b5ecda4c2f34e82348789f649e\",\"name\":\"Corrado Morra\",\"image\":{\"@type\":\"ImageObject\",\"inLanguage\":\"it-IT\",\"@id\":\"https:\\\/\\\/secure.gravatar.com\\\/avatar\\\/f6ce2f6728fbdf920737112fe70682512808577befa2c9c7845c04a8449b8f03?s=96&r=g\",\"url\":\"https:\\\/\\\/secure.gravatar.com\\\/avatar\\\/f6ce2f6728fbdf920737112fe70682512808577befa2c9c7845c04a8449b8f03?s=96&r=g\",\"contentUrl\":\"https:\\\/\\\/secure.gravatar.com\\\/avatar\\\/f6ce2f6728fbdf920737112fe70682512808577befa2c9c7845c04a8449b8f03?s=96&r=g\",\"caption\":\"Corrado Morra\"},\"description\":\"Esperto di arti visive e di cinema, insegna Sceneggiatura alla Scuola di cinema Pigrecoemme di Napoli, di cui \u00e8 tra i fondatori.\",\"sameAs\":[\"http:\\\/\\\/www.pigrecoemme.com\\\/\",\"https:\\\/\\\/www.facebook.com\\\/corrado.morra1\"],\"url\":\"https:\\\/\\\/www.pigrecoemme.com\\\/blog\\\/author\\\/corrado-morra\\\/\"}]}<\/script>\n<!-- \/ Yoast SEO plugin. -->","yoast_head_json":{"title":"Dal 25 febbraio Lo spett\/attore: stage di approfondimento per attori condotto da Lucio Allocca","robots":{"index":"index","follow":"follow","max-snippet":"max-snippet:-1","max-image-preview":"max-image-preview:large","max-video-preview":"max-video-preview:-1"},"canonical":"https:\/\/www.pigrecoemme.com\/blog\/a-pigrecoemme-uno-stage-di-approfondimento-per-attori-condotto-da-lucio-allocca\/","og_locale":"it_IT","og_type":"article","og_title":"Dal 25 febbraio Lo spett\/attore: stage di approfondimento per attori condotto da Lucio Allocca","og_description":"Lo spett\/attore L&#8217;abbattimento della Quarta Parete \u2013 Stanislavskij, Cechov e il teatro d&#8217;Arte di Mosca Uno studio-laboratorio condotto da Lucio Allocca che, in 6 incontri, guider\u00e0 i partecipanti alla scoperta della pi\u00f9 grande rivoluzione&hellip;","og_url":"https:\/\/www.pigrecoemme.com\/blog\/a-pigrecoemme-uno-stage-di-approfondimento-per-attori-condotto-da-lucio-allocca\/","og_site_name":"Scuola di Cinema Pigrecoemme - Blog","article_publisher":"https:\/\/www.facebook.com\/pigrecoemme","article_author":"https:\/\/www.facebook.com\/corrado.morra1","article_published_time":"2012-02-11T11:53:06+00:00","article_modified_time":"2012-02-14T13:01:09+00:00","og_image":[{"url":"http:\/\/www.pigrecoemme.com\/blog\/wp-content\/uploads\/2012\/02\/lucioalloccaotellotesta-300x208.jpg","type":"","width":"","height":""}],"author":"Corrado Morra","twitter_card":"summary_large_image","twitter_creator":"@Pigrecoemme","twitter_site":"@Pigrecoemme","twitter_misc":{"Scritto da":"Corrado Morra","Tempo di lettura stimato":"1 minuto"},"schema":{"@context":"https:\/\/schema.org","@graph":[{"@type":["Article","BlogPosting"],"@id":"https:\/\/www.pigrecoemme.com\/blog\/a-pigrecoemme-uno-stage-di-approfondimento-per-attori-condotto-da-lucio-allocca\/#article","isPartOf":{"@id":"https:\/\/www.pigrecoemme.com\/blog\/a-pigrecoemme-uno-stage-di-approfondimento-per-attori-condotto-da-lucio-allocca\/"},"author":{"name":"Corrado Morra","@id":"https:\/\/www.pigrecoemme.com\/blog\/#\/schema\/person\/702764b5ecda4c2f34e82348789f649e"},"headline":"Dal 25 febbraio Lo spett\/attore: stage di approfondimento per attori condotto da Lucio Allocca","datePublished":"2012-02-11T11:53:06+00:00","dateModified":"2012-02-14T13:01:09+00:00","mainEntityOfPage":{"@id":"https:\/\/www.pigrecoemme.com\/blog\/a-pigrecoemme-uno-stage-di-approfondimento-per-attori-condotto-da-lucio-allocca\/"},"wordCount":289,"commentCount":0,"publisher":{"@id":"https:\/\/www.pigrecoemme.com\/blog\/#organization"},"image":{"@id":"https:\/\/www.pigrecoemme.com\/blog\/a-pigrecoemme-uno-stage-di-approfondimento-per-attori-condotto-da-lucio-allocca\/#primaryimage"},"thumbnailUrl":"http:\/\/www.pigrecoemme.com\/blog\/wp-content\/uploads\/2012\/02\/lucioalloccaotellotesta-300x208.jpg","keywords":["attore","lucio allocca","napoli","pigrecoemme","recitazione","stage","teatro"],"articleSection":["La foto della settimana","Scuola di cinema"],"inLanguage":"it-IT","potentialAction":[{"@type":"CommentAction","name":"Comment","target":["https:\/\/www.pigrecoemme.com\/blog\/a-pigrecoemme-uno-stage-di-approfondimento-per-attori-condotto-da-lucio-allocca\/#respond"]}]},{"@type":"WebPage","@id":"https:\/\/www.pigrecoemme.com\/blog\/a-pigrecoemme-uno-stage-di-approfondimento-per-attori-condotto-da-lucio-allocca\/","url":"https:\/\/www.pigrecoemme.com\/blog\/a-pigrecoemme-uno-stage-di-approfondimento-per-attori-condotto-da-lucio-allocca\/","name":"Dal 25 febbraio Lo spett\/attore: stage di approfondimento per attori condotto da Lucio Allocca","isPartOf":{"@id":"https:\/\/www.pigrecoemme.com\/blog\/#website"},"primaryImageOfPage":{"@id":"https:\/\/www.pigrecoemme.com\/blog\/a-pigrecoemme-uno-stage-di-approfondimento-per-attori-condotto-da-lucio-allocca\/#primaryimage"},"image":{"@id":"https:\/\/www.pigrecoemme.com\/blog\/a-pigrecoemme-uno-stage-di-approfondimento-per-attori-condotto-da-lucio-allocca\/#primaryimage"},"thumbnailUrl":"http:\/\/www.pigrecoemme.com\/blog\/wp-content\/uploads\/2012\/02\/lucioalloccaotellotesta-300x208.jpg","datePublished":"2012-02-11T11:53:06+00:00","dateModified":"2012-02-14T13:01:09+00:00","breadcrumb":{"@id":"https:\/\/www.pigrecoemme.com\/blog\/a-pigrecoemme-uno-stage-di-approfondimento-per-attori-condotto-da-lucio-allocca\/#breadcrumb"},"inLanguage":"it-IT","potentialAction":[{"@type":"ReadAction","target":["https:\/\/www.pigrecoemme.com\/blog\/a-pigrecoemme-uno-stage-di-approfondimento-per-attori-condotto-da-lucio-allocca\/"]}]},{"@type":"ImageObject","inLanguage":"it-IT","@id":"https:\/\/www.pigrecoemme.com\/blog\/a-pigrecoemme-uno-stage-di-approfondimento-per-attori-condotto-da-lucio-allocca\/#primaryimage","url":"http:\/\/www.pigrecoemme.com\/blog\/wp-content\/uploads\/2012\/02\/lucioalloccaotellotesta-300x208.jpg","contentUrl":"http:\/\/www.pigrecoemme.com\/blog\/wp-content\/uploads\/2012\/02\/lucioalloccaotellotesta-300x208.jpg"},{"@type":"BreadcrumbList","@id":"https:\/\/www.pigrecoemme.com\/blog\/a-pigrecoemme-uno-stage-di-approfondimento-per-attori-condotto-da-lucio-allocca\/#breadcrumb","itemListElement":[{"@type":"ListItem","position":1,"name":"Home","item":"https:\/\/www.pigrecoemme.com\/blog\/"},{"@type":"ListItem","position":2,"name":"Dal 25 febbraio Lo spett\/attore: stage di approfondimento per attori condotto da Lucio Allocca"}]},{"@type":"WebSite","@id":"https:\/\/www.pigrecoemme.com\/blog\/#website","url":"https:\/\/www.pigrecoemme.com\/blog\/","name":"Scuola di Cinema Pigrecoemme - Blog","description":"Siamo la prima Scuola di Cinema e Fotografia di Napoli","publisher":{"@id":"https:\/\/www.pigrecoemme.com\/blog\/#organization"},"potentialAction":[{"@type":"SearchAction","target":{"@type":"EntryPoint","urlTemplate":"https:\/\/www.pigrecoemme.com\/blog\/?s={search_term_string}"},"query-input":{"@type":"PropertyValueSpecification","valueRequired":true,"valueName":"search_term_string"}}],"inLanguage":"it-IT"},{"@type":"Organization","@id":"https:\/\/www.pigrecoemme.com\/blog\/#organization","name":"Scuola di cinema e fotografia Pigrecoemme","url":"https:\/\/www.pigrecoemme.com\/blog\/","logo":{"@type":"ImageObject","inLanguage":"it-IT","@id":"https:\/\/www.pigrecoemme.com\/blog\/#\/schema\/logo\/image\/","url":"https:\/\/i0.wp.com\/www.pigrecoemme.com\/blog\/wp-content\/uploads\/2018\/06\/logo-pigrecoemme-2018.png?fit=500%2C500&ssl=1","contentUrl":"https:\/\/i0.wp.com\/www.pigrecoemme.com\/blog\/wp-content\/uploads\/2018\/06\/logo-pigrecoemme-2018.png?fit=500%2C500&ssl=1","width":500,"height":500,"caption":"Scuola di cinema e fotografia Pigrecoemme"},"image":{"@id":"https:\/\/www.pigrecoemme.com\/blog\/#\/schema\/logo\/image\/"},"sameAs":["https:\/\/www.facebook.com\/pigrecoemme","https:\/\/x.com\/Pigrecoemme","https:\/\/www.instagram.com\/pigrecoemme\/","https:\/\/www.linkedin.com\/company\/pigrecoemme\/","https:\/\/www.youtube.com\/pigrecoemme"]},{"@type":"Person","@id":"https:\/\/www.pigrecoemme.com\/blog\/#\/schema\/person\/702764b5ecda4c2f34e82348789f649e","name":"Corrado Morra","image":{"@type":"ImageObject","inLanguage":"it-IT","@id":"https:\/\/secure.gravatar.com\/avatar\/f6ce2f6728fbdf920737112fe70682512808577befa2c9c7845c04a8449b8f03?s=96&r=g","url":"https:\/\/secure.gravatar.com\/avatar\/f6ce2f6728fbdf920737112fe70682512808577befa2c9c7845c04a8449b8f03?s=96&r=g","contentUrl":"https:\/\/secure.gravatar.com\/avatar\/f6ce2f6728fbdf920737112fe70682512808577befa2c9c7845c04a8449b8f03?s=96&r=g","caption":"Corrado Morra"},"description":"Esperto di arti visive e di cinema, insegna Sceneggiatura alla Scuola di cinema Pigrecoemme di Napoli, di cui \u00e8 tra i fondatori.","sameAs":["http:\/\/www.pigrecoemme.com\/","https:\/\/www.facebook.com\/corrado.morra1"],"url":"https:\/\/www.pigrecoemme.com\/blog\/author\/corrado-morra\/"}]}},"jetpack_sharing_enabled":true,"jetpack_likes_enabled":true,"jetpack-related-posts":[{"id":73,"url":"https:\/\/www.pigrecoemme.com\/blog\/lucio-allocca-e-cesare-accetta-due-nuovi-docenti-della-scuola-di-cinema-pigrecoemme\/","url_meta":{"origin":468,"position":0},"title":"Lucio Allocca e Cesare Accetta, due nuovi docenti della Scuola di Cinema Pigrecoemme","author":"Giacomo Fabbrocino","date":"4 Agosto 2008","format":false,"excerpt":"Interrompo il silenzio estivo (gi\u00e0, che fine hanno fatto le foto della settimana?) per annunciare ufficialmente due interessantissime novit\u00e0 riguardanti il prossimo anno di corsi. Il prossimo corso master in cinema (il nostro corso pi\u00f9 completo, quello annuale) vedr\u00e0 tra i docenti il maestro Cesare Accetta, sicuramente uno dei pi\u00f9\u2026","rel":"","context":"In &quot;Scuola di cinema&quot;","block_context":{"text":"Scuola di cinema","link":"https:\/\/www.pigrecoemme.com\/blog\/scuola-di-cinema\/"},"img":{"alt_text":"","src":"","width":0,"height":0},"classes":[]},{"id":282,"url":"https:\/\/www.pigrecoemme.com\/blog\/peppino-de-filippo-e-masaniello-una-testimonianza-di-lucio-allocca\/","url_meta":{"origin":468,"position":1},"title":"Peppino De Filippo e Masaniello. Una testimonianza di Lucio Allocca","author":"Corrado Morra","date":"19 Ottobre 2010","format":false,"excerpt":"Mercoled\u00ec 27 ottobre, a Napoli, presso la Facolt\u00e0 di Giurisprudenza di Corso Umberto I, alle ore ore 14, ci sar\u00e0 la presentazione del libro \"Per Peppino De Filippo attore e autore\", interessante volume edito dalla ESI, a cura di Pasquale Sabbatino e Giuseppina Scognamiglio. All'evento, oltre agli autori, sar\u00e0 presente\u2026","rel":"","context":"In &quot;Eventi&quot;","block_context":{"text":"Eventi","link":"https:\/\/www.pigrecoemme.com\/blog\/eventi\/"},"img":{"alt_text":"","src":"https:\/\/i0.wp.com\/www.pigrecoemme.com\/blog\/wp-content\/uploads\/2010\/10\/lucio-allocca.jpg?resize=350%2C200","width":350,"height":200},"classes":[]},{"id":187,"url":"https:\/\/www.pigrecoemme.com\/blog\/ancora-aperti-i-colloqui-per-accedere-al-nuovo-corso-di-recitazione-cinematografica\/","url_meta":{"origin":468,"position":2},"title":"Ancora aperti i colloqui per accedere al nuovo Corso di recitazione cinematografica","author":"Giacomo Fabbrocino","date":"8 Novembre 2009","format":false,"excerpt":"\u00c8 di nuovo possibile sostenere i colloqui per accedere al corso di Recitazione cinematografica di Pigrecoemme, condotto da Lucio Allocca, Angelo Serio e, da quest'anno, Cristina Florio, che comincer\u00e0 marted\u00ec I dicembre. Chiamando allo 0815635188 si potr\u00e0 prendere un appuntamento per un colloquio conoscitivo da sostenersi nella sede della Scuola\u2026","rel":"","context":"In &quot;Scuola di cinema&quot;","block_context":{"text":"Scuola di cinema","link":"https:\/\/www.pigrecoemme.com\/blog\/scuola-di-cinema\/"},"img":{"alt_text":"Lucio Allocca con alcuni allievi del corso","src":"https:\/\/i0.wp.com\/www.pigrecoemme.com\/blog\/wp-content\/uploads\/2009\/11\/corso-di-recitazione-napoli-300x224.jpg?resize=350%2C200","width":350,"height":200},"classes":[]},{"id":596,"url":"https:\/\/www.pigrecoemme.com\/blog\/questioni-di-coppia\/","url_meta":{"origin":468,"position":3},"title":"&#8220;Questioni di coppia&#8221;, con una regia di Lucio Allocca, Pigrecoemme torna sul palco. Al Th\u00e9\u00e2tre de Poche.","author":"Corrado Morra","date":"17 Gennaio 2013","format":false,"excerpt":"Dal 24 al 27 gennaio 2013, al Th\u00e9\u00e2tre de Poche di Napoli (Via Salvatore Tommasi, 15), andr\u00e0 in scena Questioni di coppia, atto unico, libero adattamento di Ludovica Rambelli de La tigre di Murray Schisgal. La regia dello spettacolo \u00e8 di Lucio Allocca. Sul palco, due giovani e interessanti attori\u2026","rel":"","context":"In &quot;Generale&quot;","block_context":{"text":"Generale","link":"https:\/\/www.pigrecoemme.com\/blog\/generale\/"},"img":{"alt_text":"","src":"https:\/\/i0.wp.com\/www.pigrecoemme.com\/blog\/wp-content\/uploads\/2013\/01\/locandina-questioni-di-coppia-211x300.jpg?resize=350%2C200","width":350,"height":200},"classes":[]},{"id":300,"url":"https:\/\/www.pigrecoemme.com\/blog\/300\/","url_meta":{"origin":468,"position":4},"title":"Radio Punto Nuovo intervista Corrado Morra","author":"Rosario Gallone","date":"15 Novembre 2010","format":false,"excerpt":"Marted\u00ec 16 novembre Radio Punto Nuovo intervista Corrado Morra. Che parler\u00e0 dei nuovi corsi di cinema e di recitazione di Pigrecoemme.","rel":"","context":"In &quot;Eventi&quot;","block_context":{"text":"Eventi","link":"https:\/\/www.pigrecoemme.com\/blog\/eventi\/"},"img":{"alt_text":"","src":"","width":0,"height":0},"classes":[]},{"id":3628,"url":"https:\/\/www.pigrecoemme.com\/blog\/il-corso-di-recitazione-cinematografica-si-rinnova\/","url_meta":{"origin":468,"position":5},"title":"Il corso di recitazione cinematografica si rinnova!","author":"Pigrecoemme","date":"12 Luglio 2024","format":false,"excerpt":"Per l'anno accademico 2024\/2025 abbiamo rinnovato il corso di fotografia, ma anche il corso di recitazione, che ora prevede, oltre ai tre percorsi sulla dizione e sulla recitazione, sullo studio del personaggio e sul controllo della voce e della respirazione (condotti rispettivamente da Angelo Serio, Lucio Allocca e Cristina Florio),\u2026","rel":"","context":"In &quot;Generale&quot;","block_context":{"text":"Generale","link":"https:\/\/www.pigrecoemme.com\/blog\/generale\/"},"img":{"alt_text":"","src":"https:\/\/i0.wp.com\/www.pigrecoemme.com\/blog\/wp-content\/uploads\/2024\/07\/michele-rosiello.jpg?resize=350%2C200&ssl=1","width":350,"height":200},"classes":[]}],"jetpack_featured_media_url":"","_links":{"self":[{"href":"https:\/\/www.pigrecoemme.com\/blog\/wp-json\/wp\/v2\/posts\/468","targetHints":{"allow":["GET"]}}],"collection":[{"href":"https:\/\/www.pigrecoemme.com\/blog\/wp-json\/wp\/v2\/posts"}],"about":[{"href":"https:\/\/www.pigrecoemme.com\/blog\/wp-json\/wp\/v2\/types\/post"}],"author":[{"embeddable":true,"href":"https:\/\/www.pigrecoemme.com\/blog\/wp-json\/wp\/v2\/users\/2"}],"replies":[{"embeddable":true,"href":"https:\/\/www.pigrecoemme.com\/blog\/wp-json\/wp\/v2\/comments?post=468"}],"version-history":[{"count":0,"href":"https:\/\/www.pigrecoemme.com\/blog\/wp-json\/wp\/v2\/posts\/468\/revisions"}],"wp:attachment":[{"href":"https:\/\/www.pigrecoemme.com\/blog\/wp-json\/wp\/v2\/media?parent=468"}],"wp:term":[{"taxonomy":"category","embeddable":true,"href":"https:\/\/www.pigrecoemme.com\/blog\/wp-json\/wp\/v2\/categories?post=468"},{"taxonomy":"post_tag","embeddable":true,"href":"https:\/\/www.pigrecoemme.com\/blog\/wp-json\/wp\/v2\/tags?post=468"}],"curies":[{"name":"wp","href":"https:\/\/api.w.org\/{rel}","templated":true}]}}