{"id":462,"date":"2012-01-31T20:39:19","date_gmt":"2012-01-31T18:39:19","guid":{"rendered":"http:\/\/www.pigrecoemme.com\/blog\/?p=462"},"modified":"2012-02-01T15:31:19","modified_gmt":"2012-02-01T13:31:19","slug":"workshop-di-regia-con-stefano-incerti-il-2-e-3-febbraio","status":"publish","type":"post","link":"https:\/\/www.pigrecoemme.com\/blog\/workshop-di-regia-con-stefano-incerti-il-2-e-3-febbraio\/","title":{"rendered":"Workshop di regia con Stefano Incerti il 2 e 3 febbraio"},"content":{"rendered":"<p><a href=\"https:\/\/i0.wp.com\/www.pigrecoemme.com\/blog\/wp-content\/uploads\/2011\/01\/stefano-incerti.jpg?ssl=1\"><img data-recalc-dims=\"1\" loading=\"lazy\" decoding=\"async\" class=\"alignleft size-medium wp-image-328\" title=\"stefano-incerti\" src=\"https:\/\/i0.wp.com\/www.pigrecoemme.com\/blog\/wp-content\/uploads\/2011\/01\/stefano-incerti.jpg?resize=112%2C144&#038;ssl=1\" alt=\"\" width=\"112\" height=\"144\" srcset=\"https:\/\/i0.wp.com\/www.pigrecoemme.com\/blog\/wp-content\/uploads\/2011\/01\/stefano-incerti.jpg?resize=233%2C300&amp;ssl=1 233w, https:\/\/i0.wp.com\/www.pigrecoemme.com\/blog\/wp-content\/uploads\/2011\/01\/stefano-incerti.jpg?w=410&amp;ssl=1 410w\" sizes=\"auto, (max-width: 112px) 100vw, 112px\" \/><\/a> Il workshop di regia condotto\u00a0presso Pigrecoemme a Napoli\u00a0da <strong>Stefano Incerti<\/strong> (<em>Gorbaciof<\/em>, <em>L&#8217;uomo di vetro<\/em>, <em>I Vesuviani<\/em>, <em>Il Verificatore<\/em> sono tra i suoi film pi\u00f9 noti) si terr\u00e0 quest&#8217;anno gioved\u00ec 2 febbraio (h 15,30 &#8211; 19,30) e venerd\u00ec 3 febbraio (h. 10.00 &#8211; \u00a014.00 \u00a0e h. 15,00-19,00).<\/p>\n<p>Se siete interessati, potete ancora iscrivervi.<br \/>\nLa quota di partecipazione \u00e8 di \u20ac 250, \u00a0e se avete gi\u00e0 ferquentato un corso Pigrecoemme avrete diritto ad uno sconto di \u20ac50.<br \/>\n<strong> Per informazioni<\/strong>: 0815635188 o <a href=\"mailto:corsi@pigrecoemme.com\">corsi@pigrecoemme.com<\/a>.<\/p>\n<p style=\"text-align: center;\"><object classid=\"clsid:d27cdb6e-ae6d-11cf-96b8-444553540000\" width=\"420\" height=\"315\" codebase=\"http:\/\/download.macromedia.com\/pub\/shockwave\/cabs\/flash\/swflash.cab#version=6,0,40,0\"><param name=\"allowFullScreen\" value=\"true\" \/><param name=\"allowscriptaccess\" value=\"always\" \/><param name=\"src\" value=\"http:\/\/www.youtube.com\/v\/EO5NJZe1kYQ?version=3&amp;hl=it_IT\" \/><\/object><\/p>\n","protected":false},"excerpt":{"rendered":"<p>Il workshop di regia condotto\u00a0presso Pigrecoemme a Napoli\u00a0da Stefano Incerti (Gorbaciof, L&#8217;uomo di vetro, I Vesuviani, Il Verificatore sono tra i suoi film pi\u00f9 noti) si terr\u00e0 quest&#8217;anno gioved\u00ec 2 febbraio (h 15,30 &#8211;&hellip;<\/p>\n","protected":false},"author":1,"featured_media":0,"comment_status":"open","ping_status":"open","sticky":false,"template":"","format":"standard","meta":{"_jetpack_newsletter_access":"","_jetpack_dont_email_post_to_subs":false,"_jetpack_newsletter_tier_id":0,"_jetpack_memberships_contains_paywalled_content":false,"_jetpack_feature_clip_id":0,"_jetpack_memberships_contains_paid_content":false,"footnotes":"","jetpack_post_was_ever_published":false},"categories":[1,3],"tags":[435,503],"class_list":["post-462","post","type-post","status-publish","format-standard","hentry","category-generale","category-scuola-di-cinema","tag-stefano-incerti","tag-workshop-di-regia"],"yoast_head":"<!-- This site is optimized with the Yoast SEO plugin v28.3 - https:\/\/yoast.com\/product\/yoast-seo-wordpress\/ -->\n<title>Workshop di regia con Stefano Incerti il 2 e 3 febbraio<\/title>\n<meta name=\"robots\" content=\"index, follow, max-snippet:-1, max-image-preview:large, max-video-preview:-1\" \/>\n<link rel=\"canonical\" href=\"https:\/\/www.pigrecoemme.com\/blog\/workshop-di-regia-con-stefano-incerti-il-2-e-3-febbraio\/\" \/>\n<meta property=\"og:locale\" content=\"it_IT\" \/>\n<meta property=\"og:type\" content=\"article\" \/>\n<meta property=\"og:title\" content=\"Workshop di regia con Stefano Incerti il 2 e 3 febbraio\" \/>\n<meta property=\"og:description\" content=\"Il workshop di regia condotto\u00a0presso Pigrecoemme a Napoli\u00a0da Stefano Incerti (Gorbaciof, L&#8217;uomo di vetro, I Vesuviani, Il Verificatore sono tra i suoi film pi\u00f9 noti) si terr\u00e0 quest&#8217;anno gioved\u00ec 2 febbraio (h 15,30 &#8211; 19,30) e venerd\u00ec 3 febbraio (h. &hellip; Continua a leggere &rarr;\" \/>\n<meta property=\"og:url\" content=\"https:\/\/www.pigrecoemme.com\/blog\/workshop-di-regia-con-stefano-incerti-il-2-e-3-febbraio\/\" \/>\n<meta property=\"og:site_name\" content=\"Scuola di Cinema Pigrecoemme - Blog\" \/>\n<meta property=\"article:publisher\" content=\"https:\/\/www.facebook.com\/pigrecoemme\" \/>\n<meta property=\"article:author\" content=\"https:\/\/www.facebook.com\/giacomo.fabbrocino\" \/>\n<meta property=\"article:published_time\" content=\"2012-01-31T18:39:19+00:00\" \/>\n<meta property=\"article:modified_time\" content=\"2012-02-01T13:31:19+00:00\" \/>\n<meta property=\"og:image\" content=\"http:\/\/www.pigrecoemme.com\/blog\/wp-content\/uploads\/2011\/01\/stefano-incerti-233x300.jpg\" \/>\n<meta name=\"author\" content=\"Giacomo Fabbrocino\" \/>\n<meta name=\"twitter:card\" content=\"summary_large_image\" \/>\n<meta name=\"twitter:creator\" content=\"@Pigrecoemme\" \/>\n<meta name=\"twitter:site\" content=\"@Pigrecoemme\" \/>\n<meta name=\"twitter:label1\" content=\"Scritto da\" \/>\n\t<meta name=\"twitter:data1\" content=\"Giacomo Fabbrocino\" \/>\n<script type=\"application\/ld+json\" class=\"yoast-schema-graph\">{\"@context\":\"https:\\\/\\\/schema.org\",\"@graph\":[{\"@type\":[\"Article\",\"BlogPosting\"],\"@id\":\"https:\\\/\\\/www.pigrecoemme.com\\\/blog\\\/workshop-di-regia-con-stefano-incerti-il-2-e-3-febbraio\\\/#article\",\"isPartOf\":{\"@id\":\"https:\\\/\\\/www.pigrecoemme.com\\\/blog\\\/workshop-di-regia-con-stefano-incerti-il-2-e-3-febbraio\\\/\"},\"author\":{\"name\":\"Giacomo Fabbrocino\",\"@id\":\"https:\\\/\\\/www.pigrecoemme.com\\\/blog\\\/#\\\/schema\\\/person\\\/57fa822c3d209d3a2612fd0411ae63f4\"},\"headline\":\"Workshop di regia con Stefano Incerti il 2 e 3 febbraio\",\"datePublished\":\"2012-01-31T18:39:19+00:00\",\"dateModified\":\"2012-02-01T13:31:19+00:00\",\"mainEntityOfPage\":{\"@id\":\"https:\\\/\\\/www.pigrecoemme.com\\\/blog\\\/workshop-di-regia-con-stefano-incerti-il-2-e-3-febbraio\\\/\"},\"wordCount\":84,\"commentCount\":0,\"publisher\":{\"@id\":\"https:\\\/\\\/www.pigrecoemme.com\\\/blog\\\/#organization\"},\"image\":{\"@id\":\"https:\\\/\\\/www.pigrecoemme.com\\\/blog\\\/workshop-di-regia-con-stefano-incerti-il-2-e-3-febbraio\\\/#primaryimage\"},\"thumbnailUrl\":\"http:\\\/\\\/www.pigrecoemme.com\\\/blog\\\/wp-content\\\/uploads\\\/2011\\\/01\\\/stefano-incerti-233x300.jpg\",\"keywords\":[\"stefano incerti\",\"workshop di regia\"],\"articleSection\":[\"Generale\",\"Scuola di cinema\"],\"inLanguage\":\"it-IT\",\"potentialAction\":[{\"@type\":\"CommentAction\",\"name\":\"Comment\",\"target\":[\"https:\\\/\\\/www.pigrecoemme.com\\\/blog\\\/workshop-di-regia-con-stefano-incerti-il-2-e-3-febbraio\\\/#respond\"]}]},{\"@type\":\"WebPage\",\"@id\":\"https:\\\/\\\/www.pigrecoemme.com\\\/blog\\\/workshop-di-regia-con-stefano-incerti-il-2-e-3-febbraio\\\/\",\"url\":\"https:\\\/\\\/www.pigrecoemme.com\\\/blog\\\/workshop-di-regia-con-stefano-incerti-il-2-e-3-febbraio\\\/\",\"name\":\"Workshop di regia con Stefano Incerti il 2 e 3 febbraio\",\"isPartOf\":{\"@id\":\"https:\\\/\\\/www.pigrecoemme.com\\\/blog\\\/#website\"},\"primaryImageOfPage\":{\"@id\":\"https:\\\/\\\/www.pigrecoemme.com\\\/blog\\\/workshop-di-regia-con-stefano-incerti-il-2-e-3-febbraio\\\/#primaryimage\"},\"image\":{\"@id\":\"https:\\\/\\\/www.pigrecoemme.com\\\/blog\\\/workshop-di-regia-con-stefano-incerti-il-2-e-3-febbraio\\\/#primaryimage\"},\"thumbnailUrl\":\"http:\\\/\\\/www.pigrecoemme.com\\\/blog\\\/wp-content\\\/uploads\\\/2011\\\/01\\\/stefano-incerti-233x300.jpg\",\"datePublished\":\"2012-01-31T18:39:19+00:00\",\"dateModified\":\"2012-02-01T13:31:19+00:00\",\"breadcrumb\":{\"@id\":\"https:\\\/\\\/www.pigrecoemme.com\\\/blog\\\/workshop-di-regia-con-stefano-incerti-il-2-e-3-febbraio\\\/#breadcrumb\"},\"inLanguage\":\"it-IT\",\"potentialAction\":[{\"@type\":\"ReadAction\",\"target\":[\"https:\\\/\\\/www.pigrecoemme.com\\\/blog\\\/workshop-di-regia-con-stefano-incerti-il-2-e-3-febbraio\\\/\"]}]},{\"@type\":\"ImageObject\",\"inLanguage\":\"it-IT\",\"@id\":\"https:\\\/\\\/www.pigrecoemme.com\\\/blog\\\/workshop-di-regia-con-stefano-incerti-il-2-e-3-febbraio\\\/#primaryimage\",\"url\":\"http:\\\/\\\/www.pigrecoemme.com\\\/blog\\\/wp-content\\\/uploads\\\/2011\\\/01\\\/stefano-incerti-233x300.jpg\",\"contentUrl\":\"http:\\\/\\\/www.pigrecoemme.com\\\/blog\\\/wp-content\\\/uploads\\\/2011\\\/01\\\/stefano-incerti-233x300.jpg\"},{\"@type\":\"BreadcrumbList\",\"@id\":\"https:\\\/\\\/www.pigrecoemme.com\\\/blog\\\/workshop-di-regia-con-stefano-incerti-il-2-e-3-febbraio\\\/#breadcrumb\",\"itemListElement\":[{\"@type\":\"ListItem\",\"position\":1,\"name\":\"Home\",\"item\":\"https:\\\/\\\/www.pigrecoemme.com\\\/blog\\\/\"},{\"@type\":\"ListItem\",\"position\":2,\"name\":\"Workshop di regia con Stefano Incerti il 2 e 3 febbraio\"}]},{\"@type\":\"WebSite\",\"@id\":\"https:\\\/\\\/www.pigrecoemme.com\\\/blog\\\/#website\",\"url\":\"https:\\\/\\\/www.pigrecoemme.com\\\/blog\\\/\",\"name\":\"Scuola di Cinema Pigrecoemme - Blog\",\"description\":\"Siamo la prima Scuola di Cinema e Fotografia di Napoli\",\"publisher\":{\"@id\":\"https:\\\/\\\/www.pigrecoemme.com\\\/blog\\\/#organization\"},\"potentialAction\":[{\"@type\":\"SearchAction\",\"target\":{\"@type\":\"EntryPoint\",\"urlTemplate\":\"https:\\\/\\\/www.pigrecoemme.com\\\/blog\\\/?s={search_term_string}\"},\"query-input\":{\"@type\":\"PropertyValueSpecification\",\"valueRequired\":true,\"valueName\":\"search_term_string\"}}],\"inLanguage\":\"it-IT\"},{\"@type\":\"Organization\",\"@id\":\"https:\\\/\\\/www.pigrecoemme.com\\\/blog\\\/#organization\",\"name\":\"Scuola di cinema e fotografia Pigrecoemme\",\"url\":\"https:\\\/\\\/www.pigrecoemme.com\\\/blog\\\/\",\"logo\":{\"@type\":\"ImageObject\",\"inLanguage\":\"it-IT\",\"@id\":\"https:\\\/\\\/www.pigrecoemme.com\\\/blog\\\/#\\\/schema\\\/logo\\\/image\\\/\",\"url\":\"https:\\\/\\\/i0.wp.com\\\/www.pigrecoemme.com\\\/blog\\\/wp-content\\\/uploads\\\/2018\\\/06\\\/logo-pigrecoemme-2018.png?fit=500%2C500&ssl=1\",\"contentUrl\":\"https:\\\/\\\/i0.wp.com\\\/www.pigrecoemme.com\\\/blog\\\/wp-content\\\/uploads\\\/2018\\\/06\\\/logo-pigrecoemme-2018.png?fit=500%2C500&ssl=1\",\"width\":500,\"height\":500,\"caption\":\"Scuola di cinema e fotografia Pigrecoemme\"},\"image\":{\"@id\":\"https:\\\/\\\/www.pigrecoemme.com\\\/blog\\\/#\\\/schema\\\/logo\\\/image\\\/\"},\"sameAs\":[\"https:\\\/\\\/www.facebook.com\\\/pigrecoemme\",\"https:\\\/\\\/x.com\\\/Pigrecoemme\",\"https:\\\/\\\/www.instagram.com\\\/pigrecoemme\\\/\",\"https:\\\/\\\/www.linkedin.com\\\/company\\\/pigrecoemme\\\/\",\"https:\\\/\\\/www.youtube.com\\\/pigrecoemme\"]},{\"@type\":\"Person\",\"@id\":\"https:\\\/\\\/www.pigrecoemme.com\\\/blog\\\/#\\\/schema\\\/person\\\/57fa822c3d209d3a2612fd0411ae63f4\",\"name\":\"Giacomo Fabbrocino\",\"image\":{\"@type\":\"ImageObject\",\"inLanguage\":\"it-IT\",\"@id\":\"https:\\\/\\\/secure.gravatar.com\\\/avatar\\\/0e4dfd4d05c06a03fffaffeb36fb181415ba11b91a6b566fa2e8ada75927db32?s=96&r=g\",\"url\":\"https:\\\/\\\/secure.gravatar.com\\\/avatar\\\/0e4dfd4d05c06a03fffaffeb36fb181415ba11b91a6b566fa2e8ada75927db32?s=96&r=g\",\"contentUrl\":\"https:\\\/\\\/secure.gravatar.com\\\/avatar\\\/0e4dfd4d05c06a03fffaffeb36fb181415ba11b91a6b566fa2e8ada75927db32?s=96&r=g\",\"caption\":\"Giacomo Fabbrocino\"},\"description\":\"Montatore cinematografico, autore di documentari sull'arte e di video d'artista, Giacomo \u00e8 responsabile della didattica e della comunicazione web della Scuola di Cinema, Fotografia e Televisione Pigrecoemme di Napoli.\",\"sameAs\":[\"http:\\\/\\\/www.pigrecoemme.com\\\/\",\"https:\\\/\\\/www.facebook.com\\\/giacomo.fabbrocino\"],\"url\":\"https:\\\/\\\/www.pigrecoemme.com\\\/blog\\\/author\\\/giacomo-fabbrocino\\\/\"}]}<\/script>\n<!-- \/ Yoast SEO plugin. -->","yoast_head_json":{"title":"Workshop di regia con Stefano Incerti il 2 e 3 febbraio","robots":{"index":"index","follow":"follow","max-snippet":"max-snippet:-1","max-image-preview":"max-image-preview:large","max-video-preview":"max-video-preview:-1"},"canonical":"https:\/\/www.pigrecoemme.com\/blog\/workshop-di-regia-con-stefano-incerti-il-2-e-3-febbraio\/","og_locale":"it_IT","og_type":"article","og_title":"Workshop di regia con Stefano Incerti il 2 e 3 febbraio","og_description":"Il workshop di regia condotto\u00a0presso Pigrecoemme a Napoli\u00a0da Stefano Incerti (Gorbaciof, L&#8217;uomo di vetro, I Vesuviani, Il Verificatore sono tra i suoi film pi\u00f9 noti) si terr\u00e0 quest&#8217;anno gioved\u00ec 2 febbraio (h 15,30 &#8211; 19,30) e venerd\u00ec 3 febbraio (h. &hellip; Continua a leggere &rarr;","og_url":"https:\/\/www.pigrecoemme.com\/blog\/workshop-di-regia-con-stefano-incerti-il-2-e-3-febbraio\/","og_site_name":"Scuola di Cinema Pigrecoemme - Blog","article_publisher":"https:\/\/www.facebook.com\/pigrecoemme","article_author":"https:\/\/www.facebook.com\/giacomo.fabbrocino","article_published_time":"2012-01-31T18:39:19+00:00","article_modified_time":"2012-02-01T13:31:19+00:00","og_image":[{"url":"http:\/\/www.pigrecoemme.com\/blog\/wp-content\/uploads\/2011\/01\/stefano-incerti-233x300.jpg","type":"","width":"","height":""}],"author":"Giacomo Fabbrocino","twitter_card":"summary_large_image","twitter_creator":"@Pigrecoemme","twitter_site":"@Pigrecoemme","twitter_misc":{"Scritto da":"Giacomo Fabbrocino"},"schema":{"@context":"https:\/\/schema.org","@graph":[{"@type":["Article","BlogPosting"],"@id":"https:\/\/www.pigrecoemme.com\/blog\/workshop-di-regia-con-stefano-incerti-il-2-e-3-febbraio\/#article","isPartOf":{"@id":"https:\/\/www.pigrecoemme.com\/blog\/workshop-di-regia-con-stefano-incerti-il-2-e-3-febbraio\/"},"author":{"name":"Giacomo Fabbrocino","@id":"https:\/\/www.pigrecoemme.com\/blog\/#\/schema\/person\/57fa822c3d209d3a2612fd0411ae63f4"},"headline":"Workshop di regia con Stefano Incerti il 2 e 3 febbraio","datePublished":"2012-01-31T18:39:19+00:00","dateModified":"2012-02-01T13:31:19+00:00","mainEntityOfPage":{"@id":"https:\/\/www.pigrecoemme.com\/blog\/workshop-di-regia-con-stefano-incerti-il-2-e-3-febbraio\/"},"wordCount":84,"commentCount":0,"publisher":{"@id":"https:\/\/www.pigrecoemme.com\/blog\/#organization"},"image":{"@id":"https:\/\/www.pigrecoemme.com\/blog\/workshop-di-regia-con-stefano-incerti-il-2-e-3-febbraio\/#primaryimage"},"thumbnailUrl":"http:\/\/www.pigrecoemme.com\/blog\/wp-content\/uploads\/2011\/01\/stefano-incerti-233x300.jpg","keywords":["stefano incerti","workshop di regia"],"articleSection":["Generale","Scuola di cinema"],"inLanguage":"it-IT","potentialAction":[{"@type":"CommentAction","name":"Comment","target":["https:\/\/www.pigrecoemme.com\/blog\/workshop-di-regia-con-stefano-incerti-il-2-e-3-febbraio\/#respond"]}]},{"@type":"WebPage","@id":"https:\/\/www.pigrecoemme.com\/blog\/workshop-di-regia-con-stefano-incerti-il-2-e-3-febbraio\/","url":"https:\/\/www.pigrecoemme.com\/blog\/workshop-di-regia-con-stefano-incerti-il-2-e-3-febbraio\/","name":"Workshop di regia con Stefano Incerti il 2 e 3 febbraio","isPartOf":{"@id":"https:\/\/www.pigrecoemme.com\/blog\/#website"},"primaryImageOfPage":{"@id":"https:\/\/www.pigrecoemme.com\/blog\/workshop-di-regia-con-stefano-incerti-il-2-e-3-febbraio\/#primaryimage"},"image":{"@id":"https:\/\/www.pigrecoemme.com\/blog\/workshop-di-regia-con-stefano-incerti-il-2-e-3-febbraio\/#primaryimage"},"thumbnailUrl":"http:\/\/www.pigrecoemme.com\/blog\/wp-content\/uploads\/2011\/01\/stefano-incerti-233x300.jpg","datePublished":"2012-01-31T18:39:19+00:00","dateModified":"2012-02-01T13:31:19+00:00","breadcrumb":{"@id":"https:\/\/www.pigrecoemme.com\/blog\/workshop-di-regia-con-stefano-incerti-il-2-e-3-febbraio\/#breadcrumb"},"inLanguage":"it-IT","potentialAction":[{"@type":"ReadAction","target":["https:\/\/www.pigrecoemme.com\/blog\/workshop-di-regia-con-stefano-incerti-il-2-e-3-febbraio\/"]}]},{"@type":"ImageObject","inLanguage":"it-IT","@id":"https:\/\/www.pigrecoemme.com\/blog\/workshop-di-regia-con-stefano-incerti-il-2-e-3-febbraio\/#primaryimage","url":"http:\/\/www.pigrecoemme.com\/blog\/wp-content\/uploads\/2011\/01\/stefano-incerti-233x300.jpg","contentUrl":"http:\/\/www.pigrecoemme.com\/blog\/wp-content\/uploads\/2011\/01\/stefano-incerti-233x300.jpg"},{"@type":"BreadcrumbList","@id":"https:\/\/www.pigrecoemme.com\/blog\/workshop-di-regia-con-stefano-incerti-il-2-e-3-febbraio\/#breadcrumb","itemListElement":[{"@type":"ListItem","position":1,"name":"Home","item":"https:\/\/www.pigrecoemme.com\/blog\/"},{"@type":"ListItem","position":2,"name":"Workshop di regia con Stefano Incerti il 2 e 3 febbraio"}]},{"@type":"WebSite","@id":"https:\/\/www.pigrecoemme.com\/blog\/#website","url":"https:\/\/www.pigrecoemme.com\/blog\/","name":"Scuola di Cinema Pigrecoemme - Blog","description":"Siamo la prima Scuola di Cinema e Fotografia di Napoli","publisher":{"@id":"https:\/\/www.pigrecoemme.com\/blog\/#organization"},"potentialAction":[{"@type":"SearchAction","target":{"@type":"EntryPoint","urlTemplate":"https:\/\/www.pigrecoemme.com\/blog\/?s={search_term_string}"},"query-input":{"@type":"PropertyValueSpecification","valueRequired":true,"valueName":"search_term_string"}}],"inLanguage":"it-IT"},{"@type":"Organization","@id":"https:\/\/www.pigrecoemme.com\/blog\/#organization","name":"Scuola di cinema e fotografia Pigrecoemme","url":"https:\/\/www.pigrecoemme.com\/blog\/","logo":{"@type":"ImageObject","inLanguage":"it-IT","@id":"https:\/\/www.pigrecoemme.com\/blog\/#\/schema\/logo\/image\/","url":"https:\/\/i0.wp.com\/www.pigrecoemme.com\/blog\/wp-content\/uploads\/2018\/06\/logo-pigrecoemme-2018.png?fit=500%2C500&ssl=1","contentUrl":"https:\/\/i0.wp.com\/www.pigrecoemme.com\/blog\/wp-content\/uploads\/2018\/06\/logo-pigrecoemme-2018.png?fit=500%2C500&ssl=1","width":500,"height":500,"caption":"Scuola di cinema e fotografia Pigrecoemme"},"image":{"@id":"https:\/\/www.pigrecoemme.com\/blog\/#\/schema\/logo\/image\/"},"sameAs":["https:\/\/www.facebook.com\/pigrecoemme","https:\/\/x.com\/Pigrecoemme","https:\/\/www.instagram.com\/pigrecoemme\/","https:\/\/www.linkedin.com\/company\/pigrecoemme\/","https:\/\/www.youtube.com\/pigrecoemme"]},{"@type":"Person","@id":"https:\/\/www.pigrecoemme.com\/blog\/#\/schema\/person\/57fa822c3d209d3a2612fd0411ae63f4","name":"Giacomo Fabbrocino","image":{"@type":"ImageObject","inLanguage":"it-IT","@id":"https:\/\/secure.gravatar.com\/avatar\/0e4dfd4d05c06a03fffaffeb36fb181415ba11b91a6b566fa2e8ada75927db32?s=96&r=g","url":"https:\/\/secure.gravatar.com\/avatar\/0e4dfd4d05c06a03fffaffeb36fb181415ba11b91a6b566fa2e8ada75927db32?s=96&r=g","contentUrl":"https:\/\/secure.gravatar.com\/avatar\/0e4dfd4d05c06a03fffaffeb36fb181415ba11b91a6b566fa2e8ada75927db32?s=96&r=g","caption":"Giacomo Fabbrocino"},"description":"Montatore cinematografico, autore di documentari sull'arte e di video d'artista, Giacomo \u00e8 responsabile della didattica e della comunicazione web della Scuola di Cinema, Fotografia e Televisione Pigrecoemme di Napoli.","sameAs":["http:\/\/www.pigrecoemme.com\/","https:\/\/www.facebook.com\/giacomo.fabbrocino"],"url":"https:\/\/www.pigrecoemme.com\/blog\/author\/giacomo-fabbrocino\/"}]}},"jetpack_sharing_enabled":true,"jetpack_likes_enabled":true,"jetpack-related-posts":[{"id":612,"url":"https:\/\/www.pigrecoemme.com\/blog\/il-3-ed-il-4-aprile-torna-il-workshop-di-regia-con-stefano-incerti-made-in-pigrec\/","url_meta":{"origin":462,"position":0},"title":"Il 3 ed il 4 aprile torna il workshop di regia con Stefano Incerti","author":"Rosario Gallone","date":"14 Marzo 2013","format":false,"excerpt":"Il 3 e 4 aprile prossimi torner\u00e0 uno degli appuntamenti annuali pi\u00f9 attesi di Pigrecoemme: il workshop di regia (12 ore) condotto da Stefano Incerti. Incerti ha esordito nel 1995 con\u00a0Il verificatore e da subito si \u00e8 distinto dal gruppo del cosiddetto Nuovo Cinema Napoletano, per uno sguardo pi\u00f9 attento\u2026","rel":"","context":"In &quot;Eventi&quot;","block_context":{"text":"Eventi","link":"https:\/\/www.pigrecoemme.com\/blog\/eventi\/"},"img":{"alt_text":"","src":"https:\/\/i0.wp.com\/www.pigrecoemme.com\/blog\/wp-content\/uploads\/2013\/03\/stefano_incerti-234x300.jpg?resize=350%2C200","width":350,"height":200},"classes":[]},{"id":444,"url":"https:\/\/www.pigrecoemme.com\/blog\/il-2012-di-pigrecoemme-sfida-i-maya\/","url_meta":{"origin":462,"position":1},"title":"Il 2012 di Pigrecoemme sfida i Maya","author":"Rosario Gallone","date":"20 Dicembre 2011","format":false,"excerpt":"A bottega (bottega Pigrecoemme, si intende) ci piace pensare che il nostro futuro sia ancora lungo e pieno di soddisfazioni. Checch\u00e9 ne pensino i Maya. Ed allora diamo subito il via alla nuova stagione 2012 di corsi a partire dal 16 gennaio 2012 con il nuovo Corso base di Fotografia.\u2026","rel":"","context":"In &quot;Generale&quot;","block_context":{"text":"Generale","link":"https:\/\/www.pigrecoemme.com\/blog\/generale\/"},"img":{"alt_text":"","src":"https:\/\/i0.wp.com\/www.pigrecoemme.com\/blog\/wp-content\/uploads\/2011\/12\/scuola-di-cinema-400x100-300x75.png?resize=350%2C200","width":350,"height":200},"classes":[]},{"id":327,"url":"https:\/\/www.pigrecoemme.com\/blog\/il-20-e-21-gennaio-workshop-di-regia-a-cura-di-stefano-incerti\/","url_meta":{"origin":462,"position":2},"title":"Il 20 e 21 gennaio, workshop di Regia a cura di Stefano Incerti","author":"Corrado Morra","date":"14 Gennaio 2011","format":false,"excerpt":"Gioved\u00ec 20 e venerd\u00ec 21 gennaio (ore 11.00 - 18.00) il regista e sceneggiatore Stefano Incerti dar\u00e0 vita ad un intenso workshop di Regia cinematografica alla scuola di cinema Pigrecoemme. \u00c8 un ritorno, quello di Incerti alla Pigrecoemme, di cui siamo particolarmente contenti, convinti come siamo che nella ventennale esperienza\u2026","rel":"","context":"In &quot;Eventi&quot;","block_context":{"text":"Eventi","link":"https:\/\/www.pigrecoemme.com\/blog\/eventi\/"},"img":{"alt_text":"","src":"https:\/\/i0.wp.com\/www.pigrecoemme.com\/blog\/wp-content\/uploads\/2011\/01\/stefano-incerti-233x300.jpg?resize=350%2C200","width":350,"height":200},"classes":[]},{"id":1879,"url":"https:\/\/www.pigrecoemme.com\/blog\/la-parrucchiera-la-drammedia-di-stefano-incerti\/","url_meta":{"origin":462,"position":3},"title":"La parrucchiera &#8211; Una drammedia di Stefano Incerti","author":"Pigrecoemme","date":"13 Aprile 2017","format":false,"excerpt":"Questo post non \u00e8 una vera e propria recensione. Perch\u00e9\u00a0La parrucchiera, l'ultima regia di\u00a0Stefano Incerti, \u00e8 un'opera alla quale siamo legati per diversi motivi: per il numero di amici (Gennaro Fasolino,\u00a0Cesare Accetta)\u00a0e docenti della Pigrecoemme coinvolti (da\u00a0Renato Lori alla scenografia ad\u00a0Annalisa Ciaramella ai costumi senza dimenticare il regista stesso e\u2026","rel":"","context":"In &quot;Analisi e Critica&quot;","block_context":{"text":"Analisi e Critica","link":"https:\/\/www.pigrecoemme.com\/blog\/analisi-e-critica-2\/"},"img":{"alt_text":"la parrucchiera - di stefano incerti","src":"https:\/\/i0.wp.com\/www.pigrecoemme.com\/blog\/wp-content\/uploads\/2017\/04\/la-parrucchiera-stefano-incerti.jpg?resize=350%2C200","width":350,"height":200},"classes":[]},{"id":346,"url":"https:\/\/www.pigrecoemme.com\/blog\/ad-aprile-corso-di-scenografia-con-renato-lori\/","url_meta":{"origin":462,"position":4},"title":"Ad aprile Corso di Scenografia con Renato Lori","author":"Rosario Gallone","date":"21 Febbraio 2011","format":false,"excerpt":"Anche quest'anno Pigrecoemme organizza un workshop di scenografia per il cinema. Docente, come negli anni passati, Renato Lori, uno dei pi\u00f9 importanti scenografi italiani che vanta nel suo curriculum partecipazioni a film come Il padrino parte III di Francis Ford Coppola ed Opera di Dario Argento. Di grande importanza il\u2026","rel":"","context":"In &quot;Generale&quot;","block_context":{"text":"Generale","link":"https:\/\/www.pigrecoemme.com\/blog\/generale\/"},"img":{"alt_text":"Renato Lori - Docente del workshop di scenografia di Pigrecoemme","src":"https:\/\/i0.wp.com\/www.pigrecoemme.com\/blog\/wp-content\/uploads\/2011\/02\/lori.jpg?resize=350%2C200","width":350,"height":200},"classes":[]},{"id":601,"url":"https:\/\/www.pigrecoemme.com\/blog\/workshop-di-direzione-della-fotografia-e-laprile-di-pigrecoemme-niente-scherzi\/","url_meta":{"origin":462,"position":5},"title":"Workshop di Direzione della Fotografia e l&#8217;aprile di Pigrecoemme (niente scherzi)","author":"Rosario Gallone","date":"11 Marzo 2013","format":false,"excerpt":"Pigrecoemme non smette mai di cercare di ampliare la propria offerta. Ragion per cui dopo la replica, a grande richiesta, del Workshop di Direzione della Fotografia , che si rivolge\u00a0a coloro che vogliano imparare a gestire sul piano tecnico e su quello artistico l'illuminazione ed i cromatismi delle riprese video\u2026","rel":"","context":"In &quot;Fotografia&quot;","block_context":{"text":"Fotografia","link":"https:\/\/www.pigrecoemme.com\/blog\/fotografia\/"},"img":{"alt_text":"","src":"https:\/\/i0.wp.com\/www.pigrecoemme.com\/corsi\/corso-direzione-della-fotografia-napoli.jpg?resize=350%2C200","width":350,"height":200},"classes":[]}],"jetpack_featured_media_url":"","_links":{"self":[{"href":"https:\/\/www.pigrecoemme.com\/blog\/wp-json\/wp\/v2\/posts\/462","targetHints":{"allow":["GET"]}}],"collection":[{"href":"https:\/\/www.pigrecoemme.com\/blog\/wp-json\/wp\/v2\/posts"}],"about":[{"href":"https:\/\/www.pigrecoemme.com\/blog\/wp-json\/wp\/v2\/types\/post"}],"author":[{"embeddable":true,"href":"https:\/\/www.pigrecoemme.com\/blog\/wp-json\/wp\/v2\/users\/1"}],"replies":[{"embeddable":true,"href":"https:\/\/www.pigrecoemme.com\/blog\/wp-json\/wp\/v2\/comments?post=462"}],"version-history":[{"count":0,"href":"https:\/\/www.pigrecoemme.com\/blog\/wp-json\/wp\/v2\/posts\/462\/revisions"}],"wp:attachment":[{"href":"https:\/\/www.pigrecoemme.com\/blog\/wp-json\/wp\/v2\/media?parent=462"}],"wp:term":[{"taxonomy":"category","embeddable":true,"href":"https:\/\/www.pigrecoemme.com\/blog\/wp-json\/wp\/v2\/categories?post=462"},{"taxonomy":"post_tag","embeddable":true,"href":"https:\/\/www.pigrecoemme.com\/blog\/wp-json\/wp\/v2\/tags?post=462"}],"curies":[{"name":"wp","href":"https:\/\/api.w.org\/{rel}","templated":true}]}}