{"id":459,"date":"2012-01-30T14:09:01","date_gmt":"2012-01-30T12:09:01","guid":{"rendered":"http:\/\/www.pigrecoemme.com\/blog\/?p=459"},"modified":"2012-01-30T15:18:36","modified_gmt":"2012-01-30T13:18:36","slug":"il-corso-di-scrittura-tv-parte-il-3-febbraio","status":"publish","type":"post","link":"https:\/\/www.pigrecoemme.com\/blog\/il-corso-di-scrittura-tv-parte-il-3-febbraio\/","title":{"rendered":"Il corso di Scrittura TV parte il 3 febbraio"},"content":{"rendered":"<p>A causa dello sciopero generale dello scorso 27 gennaio, il <a href=\"http:\/\/www.pigrecoemme.com\/corsi\/corso-scrittura-televisione.htm\">corso di Scrittura TV<\/a> <strong>partir\u00e0 <\/strong>con una settimana di ritardo, ovvero <strong>venerd\u00ec 3 febbraio<\/strong>. Approfitto dell&#8217;occasione per ricordare che, ancora per pochi giorni, sono aperte le iscrizioni.<br \/>\nIntanto, ci fa piacere informarvi che, con gli studenti del corso dello scorso anno, abbiamo appena terminato le <strong>riprese di una webserie<\/strong>, con cui saremo presto online.<br \/>\nIl progetto, nato all&#8217;interno del corso, si basa su un <strong>format innovativo<\/strong>, che ha di recente suscitato l&#8217;interesse di un&#8217;ammnistrazione pubblica della provincia di Caserta, che ci ha commissionato la prima serie. Cinque puntate, in fase di post-produzione che, con un linguaggio divertito e leggero, si occuper\u00e0 di un problema decisamente serio. La cosa che ci sembra interessante sottolineare \u00e8 che gli ex studenti, in questo modo, si sono subito trovati coinvolti in una vera e propria produzione che, oltre a presentarsi come un ulteriore tassello del percorso formativo, ha rappresentato <strong>una c<\/strong><strong>oncreta<\/strong><strong> occasione di lavoro<\/strong>. Ma molto presto ne saprete di pi\u00f9.<\/p>\n","protected":false},"excerpt":{"rendered":"<p>A causa dello sciopero generale dello scorso 27 gennaio, il corso di Scrittura TV partir\u00e0 con una settimana di ritardo, ovvero venerd\u00ec 3 febbraio. Approfitto dell&#8217;occasione per ricordare che, ancora per pochi giorni, sono&hellip;<\/p>\n","protected":false},"author":2,"featured_media":0,"comment_status":"open","ping_status":"open","sticky":false,"template":"","format":"standard","meta":{"_jetpack_newsletter_access":"","_jetpack_dont_email_post_to_subs":false,"_jetpack_newsletter_tier_id":0,"_jetpack_memberships_contains_paywalled_content":false,"_jetpack_feature_clip_id":0,"_jetpack_memberships_contains_paid_content":false,"footnotes":"","jetpack_post_was_ever_published":false},"categories":[11,1,12,3],"tags":[668,667,669,597],"class_list":["post-459","post","type-post","status-publish","format-standard","hentry","category-eventi","category-generale","category-produzioni","category-scuola-di-cinema","tag-corsi-napoli","tag-corso-scrittura-tv","tag-produzioni-tv","tag-webseries"],"yoast_head":"<!-- This site is optimized with the Yoast SEO plugin v28.3 - https:\/\/yoast.com\/product\/yoast-seo-wordpress\/ -->\n<title>Il corso di Scrittura TV parte il 3 febbraio<\/title>\n<meta name=\"robots\" content=\"index, follow, max-snippet:-1, max-image-preview:large, max-video-preview:-1\" \/>\n<link rel=\"canonical\" href=\"https:\/\/www.pigrecoemme.com\/blog\/il-corso-di-scrittura-tv-parte-il-3-febbraio\/\" \/>\n<meta property=\"og:locale\" content=\"it_IT\" \/>\n<meta property=\"og:type\" content=\"article\" \/>\n<meta property=\"og:title\" content=\"Il corso di Scrittura TV parte il 3 febbraio\" \/>\n<meta property=\"og:description\" content=\"A causa dello sciopero generale dello scorso 27 gennaio, il corso di Scrittura TV partir\u00e0 con una settimana di ritardo, ovvero venerd\u00ec 3 febbraio. Approfitto dell&#8217;occasione per ricordare che, ancora per pochi giorni, sono&hellip;\" \/>\n<meta property=\"og:url\" content=\"https:\/\/www.pigrecoemme.com\/blog\/il-corso-di-scrittura-tv-parte-il-3-febbraio\/\" \/>\n<meta property=\"og:site_name\" content=\"Scuola di Cinema Pigrecoemme - Blog\" \/>\n<meta property=\"article:publisher\" content=\"https:\/\/www.facebook.com\/pigrecoemme\" \/>\n<meta property=\"article:author\" content=\"https:\/\/www.facebook.com\/corrado.morra1\" \/>\n<meta property=\"article:published_time\" content=\"2012-01-30T12:09:01+00:00\" \/>\n<meta property=\"article:modified_time\" content=\"2012-01-30T13:18:36+00:00\" \/>\n<meta property=\"og:image\" content=\"https:\/\/i0.wp.com\/www.pigrecoemme.com\/blog\/wp-content\/uploads\/2014\/11\/pigrecoemme-test1.jpg?fit=484%2C252&ssl=1\" \/>\n\t<meta property=\"og:image:width\" content=\"484\" \/>\n\t<meta property=\"og:image:height\" content=\"252\" \/>\n\t<meta property=\"og:image:type\" content=\"image\/jpeg\" \/>\n<meta name=\"author\" content=\"Corrado Morra\" \/>\n<meta name=\"twitter:card\" content=\"summary_large_image\" \/>\n<meta name=\"twitter:creator\" content=\"@Pigrecoemme\" \/>\n<meta name=\"twitter:site\" content=\"@Pigrecoemme\" \/>\n<meta name=\"twitter:label1\" content=\"Scritto da\" \/>\n\t<meta name=\"twitter:data1\" content=\"Corrado Morra\" \/>\n\t<meta name=\"twitter:label2\" content=\"Tempo di lettura stimato\" \/>\n\t<meta name=\"twitter:data2\" content=\"1 minuto\" \/>\n<script type=\"application\/ld+json\" class=\"yoast-schema-graph\">{\"@context\":\"https:\\\/\\\/schema.org\",\"@graph\":[{\"@type\":[\"Article\",\"BlogPosting\"],\"@id\":\"https:\\\/\\\/www.pigrecoemme.com\\\/blog\\\/il-corso-di-scrittura-tv-parte-il-3-febbraio\\\/#article\",\"isPartOf\":{\"@id\":\"https:\\\/\\\/www.pigrecoemme.com\\\/blog\\\/il-corso-di-scrittura-tv-parte-il-3-febbraio\\\/\"},\"author\":{\"name\":\"Corrado Morra\",\"@id\":\"https:\\\/\\\/www.pigrecoemme.com\\\/blog\\\/#\\\/schema\\\/person\\\/702764b5ecda4c2f34e82348789f649e\"},\"headline\":\"Il corso di Scrittura TV parte il 3 febbraio\",\"datePublished\":\"2012-01-30T12:09:01+00:00\",\"dateModified\":\"2012-01-30T13:18:36+00:00\",\"mainEntityOfPage\":{\"@id\":\"https:\\\/\\\/www.pigrecoemme.com\\\/blog\\\/il-corso-di-scrittura-tv-parte-il-3-febbraio\\\/\"},\"wordCount\":177,\"commentCount\":0,\"publisher\":{\"@id\":\"https:\\\/\\\/www.pigrecoemme.com\\\/blog\\\/#organization\"},\"keywords\":[\"corsi napoli\",\"corso scrittura tv\",\"produzioni tv\",\"webseries\"],\"articleSection\":[\"Eventi\",\"Generale\",\"Produzioni\",\"Scuola di cinema\"],\"inLanguage\":\"it-IT\",\"potentialAction\":[{\"@type\":\"CommentAction\",\"name\":\"Comment\",\"target\":[\"https:\\\/\\\/www.pigrecoemme.com\\\/blog\\\/il-corso-di-scrittura-tv-parte-il-3-febbraio\\\/#respond\"]}]},{\"@type\":\"WebPage\",\"@id\":\"https:\\\/\\\/www.pigrecoemme.com\\\/blog\\\/il-corso-di-scrittura-tv-parte-il-3-febbraio\\\/\",\"url\":\"https:\\\/\\\/www.pigrecoemme.com\\\/blog\\\/il-corso-di-scrittura-tv-parte-il-3-febbraio\\\/\",\"name\":\"Il corso di Scrittura TV parte il 3 febbraio\",\"isPartOf\":{\"@id\":\"https:\\\/\\\/www.pigrecoemme.com\\\/blog\\\/#website\"},\"datePublished\":\"2012-01-30T12:09:01+00:00\",\"dateModified\":\"2012-01-30T13:18:36+00:00\",\"breadcrumb\":{\"@id\":\"https:\\\/\\\/www.pigrecoemme.com\\\/blog\\\/il-corso-di-scrittura-tv-parte-il-3-febbraio\\\/#breadcrumb\"},\"inLanguage\":\"it-IT\",\"potentialAction\":[{\"@type\":\"ReadAction\",\"target\":[\"https:\\\/\\\/www.pigrecoemme.com\\\/blog\\\/il-corso-di-scrittura-tv-parte-il-3-febbraio\\\/\"]}]},{\"@type\":\"BreadcrumbList\",\"@id\":\"https:\\\/\\\/www.pigrecoemme.com\\\/blog\\\/il-corso-di-scrittura-tv-parte-il-3-febbraio\\\/#breadcrumb\",\"itemListElement\":[{\"@type\":\"ListItem\",\"position\":1,\"name\":\"Home\",\"item\":\"https:\\\/\\\/www.pigrecoemme.com\\\/blog\\\/\"},{\"@type\":\"ListItem\",\"position\":2,\"name\":\"Il corso di Scrittura TV parte il 3 febbraio\"}]},{\"@type\":\"WebSite\",\"@id\":\"https:\\\/\\\/www.pigrecoemme.com\\\/blog\\\/#website\",\"url\":\"https:\\\/\\\/www.pigrecoemme.com\\\/blog\\\/\",\"name\":\"Scuola di Cinema Pigrecoemme - Blog\",\"description\":\"Siamo la prima Scuola di Cinema e Fotografia di Napoli\",\"publisher\":{\"@id\":\"https:\\\/\\\/www.pigrecoemme.com\\\/blog\\\/#organization\"},\"potentialAction\":[{\"@type\":\"SearchAction\",\"target\":{\"@type\":\"EntryPoint\",\"urlTemplate\":\"https:\\\/\\\/www.pigrecoemme.com\\\/blog\\\/?s={search_term_string}\"},\"query-input\":{\"@type\":\"PropertyValueSpecification\",\"valueRequired\":true,\"valueName\":\"search_term_string\"}}],\"inLanguage\":\"it-IT\"},{\"@type\":\"Organization\",\"@id\":\"https:\\\/\\\/www.pigrecoemme.com\\\/blog\\\/#organization\",\"name\":\"Scuola di cinema e fotografia Pigrecoemme\",\"url\":\"https:\\\/\\\/www.pigrecoemme.com\\\/blog\\\/\",\"logo\":{\"@type\":\"ImageObject\",\"inLanguage\":\"it-IT\",\"@id\":\"https:\\\/\\\/www.pigrecoemme.com\\\/blog\\\/#\\\/schema\\\/logo\\\/image\\\/\",\"url\":\"https:\\\/\\\/i0.wp.com\\\/www.pigrecoemme.com\\\/blog\\\/wp-content\\\/uploads\\\/2018\\\/06\\\/logo-pigrecoemme-2018.png?fit=500%2C500&ssl=1\",\"contentUrl\":\"https:\\\/\\\/i0.wp.com\\\/www.pigrecoemme.com\\\/blog\\\/wp-content\\\/uploads\\\/2018\\\/06\\\/logo-pigrecoemme-2018.png?fit=500%2C500&ssl=1\",\"width\":500,\"height\":500,\"caption\":\"Scuola di cinema e fotografia Pigrecoemme\"},\"image\":{\"@id\":\"https:\\\/\\\/www.pigrecoemme.com\\\/blog\\\/#\\\/schema\\\/logo\\\/image\\\/\"},\"sameAs\":[\"https:\\\/\\\/www.facebook.com\\\/pigrecoemme\",\"https:\\\/\\\/x.com\\\/Pigrecoemme\",\"https:\\\/\\\/www.instagram.com\\\/pigrecoemme\\\/\",\"https:\\\/\\\/www.linkedin.com\\\/company\\\/pigrecoemme\\\/\",\"https:\\\/\\\/www.youtube.com\\\/pigrecoemme\"]},{\"@type\":\"Person\",\"@id\":\"https:\\\/\\\/www.pigrecoemme.com\\\/blog\\\/#\\\/schema\\\/person\\\/702764b5ecda4c2f34e82348789f649e\",\"name\":\"Corrado Morra\",\"image\":{\"@type\":\"ImageObject\",\"inLanguage\":\"it-IT\",\"@id\":\"https:\\\/\\\/secure.gravatar.com\\\/avatar\\\/f6ce2f6728fbdf920737112fe70682512808577befa2c9c7845c04a8449b8f03?s=96&r=g\",\"url\":\"https:\\\/\\\/secure.gravatar.com\\\/avatar\\\/f6ce2f6728fbdf920737112fe70682512808577befa2c9c7845c04a8449b8f03?s=96&r=g\",\"contentUrl\":\"https:\\\/\\\/secure.gravatar.com\\\/avatar\\\/f6ce2f6728fbdf920737112fe70682512808577befa2c9c7845c04a8449b8f03?s=96&r=g\",\"caption\":\"Corrado Morra\"},\"description\":\"Esperto di arti visive e di cinema, insegna Sceneggiatura alla Scuola di cinema Pigrecoemme di Napoli, di cui \u00e8 tra i fondatori.\",\"sameAs\":[\"http:\\\/\\\/www.pigrecoemme.com\\\/\",\"https:\\\/\\\/www.facebook.com\\\/corrado.morra1\"],\"url\":\"https:\\\/\\\/www.pigrecoemme.com\\\/blog\\\/author\\\/corrado-morra\\\/\"}]}<\/script>\n<!-- \/ Yoast SEO plugin. -->","yoast_head_json":{"title":"Il corso di Scrittura TV parte il 3 febbraio","robots":{"index":"index","follow":"follow","max-snippet":"max-snippet:-1","max-image-preview":"max-image-preview:large","max-video-preview":"max-video-preview:-1"},"canonical":"https:\/\/www.pigrecoemme.com\/blog\/il-corso-di-scrittura-tv-parte-il-3-febbraio\/","og_locale":"it_IT","og_type":"article","og_title":"Il corso di Scrittura TV parte il 3 febbraio","og_description":"A causa dello sciopero generale dello scorso 27 gennaio, il corso di Scrittura TV partir\u00e0 con una settimana di ritardo, ovvero venerd\u00ec 3 febbraio. Approfitto dell&#8217;occasione per ricordare che, ancora per pochi giorni, sono&hellip;","og_url":"https:\/\/www.pigrecoemme.com\/blog\/il-corso-di-scrittura-tv-parte-il-3-febbraio\/","og_site_name":"Scuola di Cinema Pigrecoemme - Blog","article_publisher":"https:\/\/www.facebook.com\/pigrecoemme","article_author":"https:\/\/www.facebook.com\/corrado.morra1","article_published_time":"2012-01-30T12:09:01+00:00","article_modified_time":"2012-01-30T13:18:36+00:00","og_image":[{"width":484,"height":252,"url":"https:\/\/i0.wp.com\/www.pigrecoemme.com\/blog\/wp-content\/uploads\/2014\/11\/pigrecoemme-test1.jpg?fit=484%2C252&ssl=1","type":"image\/jpeg"}],"author":"Corrado Morra","twitter_card":"summary_large_image","twitter_creator":"@Pigrecoemme","twitter_site":"@Pigrecoemme","twitter_misc":{"Scritto da":"Corrado Morra","Tempo di lettura stimato":"1 minuto"},"schema":{"@context":"https:\/\/schema.org","@graph":[{"@type":["Article","BlogPosting"],"@id":"https:\/\/www.pigrecoemme.com\/blog\/il-corso-di-scrittura-tv-parte-il-3-febbraio\/#article","isPartOf":{"@id":"https:\/\/www.pigrecoemme.com\/blog\/il-corso-di-scrittura-tv-parte-il-3-febbraio\/"},"author":{"name":"Corrado Morra","@id":"https:\/\/www.pigrecoemme.com\/blog\/#\/schema\/person\/702764b5ecda4c2f34e82348789f649e"},"headline":"Il corso di Scrittura TV parte il 3 febbraio","datePublished":"2012-01-30T12:09:01+00:00","dateModified":"2012-01-30T13:18:36+00:00","mainEntityOfPage":{"@id":"https:\/\/www.pigrecoemme.com\/blog\/il-corso-di-scrittura-tv-parte-il-3-febbraio\/"},"wordCount":177,"commentCount":0,"publisher":{"@id":"https:\/\/www.pigrecoemme.com\/blog\/#organization"},"keywords":["corsi napoli","corso scrittura tv","produzioni tv","webseries"],"articleSection":["Eventi","Generale","Produzioni","Scuola di cinema"],"inLanguage":"it-IT","potentialAction":[{"@type":"CommentAction","name":"Comment","target":["https:\/\/www.pigrecoemme.com\/blog\/il-corso-di-scrittura-tv-parte-il-3-febbraio\/#respond"]}]},{"@type":"WebPage","@id":"https:\/\/www.pigrecoemme.com\/blog\/il-corso-di-scrittura-tv-parte-il-3-febbraio\/","url":"https:\/\/www.pigrecoemme.com\/blog\/il-corso-di-scrittura-tv-parte-il-3-febbraio\/","name":"Il corso di Scrittura TV parte il 3 febbraio","isPartOf":{"@id":"https:\/\/www.pigrecoemme.com\/blog\/#website"},"datePublished":"2012-01-30T12:09:01+00:00","dateModified":"2012-01-30T13:18:36+00:00","breadcrumb":{"@id":"https:\/\/www.pigrecoemme.com\/blog\/il-corso-di-scrittura-tv-parte-il-3-febbraio\/#breadcrumb"},"inLanguage":"it-IT","potentialAction":[{"@type":"ReadAction","target":["https:\/\/www.pigrecoemme.com\/blog\/il-corso-di-scrittura-tv-parte-il-3-febbraio\/"]}]},{"@type":"BreadcrumbList","@id":"https:\/\/www.pigrecoemme.com\/blog\/il-corso-di-scrittura-tv-parte-il-3-febbraio\/#breadcrumb","itemListElement":[{"@type":"ListItem","position":1,"name":"Home","item":"https:\/\/www.pigrecoemme.com\/blog\/"},{"@type":"ListItem","position":2,"name":"Il corso di Scrittura TV parte il 3 febbraio"}]},{"@type":"WebSite","@id":"https:\/\/www.pigrecoemme.com\/blog\/#website","url":"https:\/\/www.pigrecoemme.com\/blog\/","name":"Scuola di Cinema Pigrecoemme - Blog","description":"Siamo la prima Scuola di Cinema e Fotografia di Napoli","publisher":{"@id":"https:\/\/www.pigrecoemme.com\/blog\/#organization"},"potentialAction":[{"@type":"SearchAction","target":{"@type":"EntryPoint","urlTemplate":"https:\/\/www.pigrecoemme.com\/blog\/?s={search_term_string}"},"query-input":{"@type":"PropertyValueSpecification","valueRequired":true,"valueName":"search_term_string"}}],"inLanguage":"it-IT"},{"@type":"Organization","@id":"https:\/\/www.pigrecoemme.com\/blog\/#organization","name":"Scuola di cinema e fotografia Pigrecoemme","url":"https:\/\/www.pigrecoemme.com\/blog\/","logo":{"@type":"ImageObject","inLanguage":"it-IT","@id":"https:\/\/www.pigrecoemme.com\/blog\/#\/schema\/logo\/image\/","url":"https:\/\/i0.wp.com\/www.pigrecoemme.com\/blog\/wp-content\/uploads\/2018\/06\/logo-pigrecoemme-2018.png?fit=500%2C500&ssl=1","contentUrl":"https:\/\/i0.wp.com\/www.pigrecoemme.com\/blog\/wp-content\/uploads\/2018\/06\/logo-pigrecoemme-2018.png?fit=500%2C500&ssl=1","width":500,"height":500,"caption":"Scuola di cinema e fotografia Pigrecoemme"},"image":{"@id":"https:\/\/www.pigrecoemme.com\/blog\/#\/schema\/logo\/image\/"},"sameAs":["https:\/\/www.facebook.com\/pigrecoemme","https:\/\/x.com\/Pigrecoemme","https:\/\/www.instagram.com\/pigrecoemme\/","https:\/\/www.linkedin.com\/company\/pigrecoemme\/","https:\/\/www.youtube.com\/pigrecoemme"]},{"@type":"Person","@id":"https:\/\/www.pigrecoemme.com\/blog\/#\/schema\/person\/702764b5ecda4c2f34e82348789f649e","name":"Corrado Morra","image":{"@type":"ImageObject","inLanguage":"it-IT","@id":"https:\/\/secure.gravatar.com\/avatar\/f6ce2f6728fbdf920737112fe70682512808577befa2c9c7845c04a8449b8f03?s=96&r=g","url":"https:\/\/secure.gravatar.com\/avatar\/f6ce2f6728fbdf920737112fe70682512808577befa2c9c7845c04a8449b8f03?s=96&r=g","contentUrl":"https:\/\/secure.gravatar.com\/avatar\/f6ce2f6728fbdf920737112fe70682512808577befa2c9c7845c04a8449b8f03?s=96&r=g","caption":"Corrado Morra"},"description":"Esperto di arti visive e di cinema, insegna Sceneggiatura alla Scuola di cinema Pigrecoemme di Napoli, di cui \u00e8 tra i fondatori.","sameAs":["http:\/\/www.pigrecoemme.com\/","https:\/\/www.facebook.com\/corrado.morra1"],"url":"https:\/\/www.pigrecoemme.com\/blog\/author\/corrado-morra\/"}]}},"jetpack_sharing_enabled":true,"jetpack_likes_enabled":true,"jetpack-related-posts":[{"id":444,"url":"https:\/\/www.pigrecoemme.com\/blog\/il-2012-di-pigrecoemme-sfida-i-maya\/","url_meta":{"origin":459,"position":0},"title":"Il 2012 di Pigrecoemme sfida i Maya","author":"Rosario Gallone","date":"20 Dicembre 2011","format":false,"excerpt":"A bottega (bottega Pigrecoemme, si intende) ci piace pensare che il nostro futuro sia ancora lungo e pieno di soddisfazioni. Checch\u00e9 ne pensino i Maya. Ed allora diamo subito il via alla nuova stagione 2012 di corsi a partire dal 16 gennaio 2012 con il nuovo Corso base di Fotografia.\u2026","rel":"","context":"In &quot;Generale&quot;","block_context":{"text":"Generale","link":"https:\/\/www.pigrecoemme.com\/blog\/generale\/"},"img":{"alt_text":"","src":"https:\/\/i0.wp.com\/www.pigrecoemme.com\/blog\/wp-content\/uploads\/2011\/12\/scuola-di-cinema-400x100-300x75.png?resize=350%2C200","width":350,"height":200},"classes":[]},{"id":397,"url":"https:\/\/www.pigrecoemme.com\/blog\/idea-format-tv-nutrita-la-spedizione-di-pigrecoemme\/","url_meta":{"origin":459,"position":1},"title":"Idea Format Tv: nutrita la spedizione di Pigrecoemme","author":"Giacomo Fabbrocino","date":"2 Agosto 2011","format":false,"excerpt":"L'idea Format Tv di san Benedetto del tronto, o IF TV - primo festival in Italia dedicato alle idee per la televisione e luogo di incontro e scambio tra autori, sceneggiatori, filmaker, registi, produttori indipendenti e network - accoglier\u00e0 nell'edizione 2011 (22-27 agosto) una nutrita spedizione proveniente dalla Scuola di\u2026","rel":"","context":"In &quot;Generale&quot;","block_context":{"text":"Generale","link":"https:\/\/www.pigrecoemme.com\/blog\/generale\/"},"img":{"alt_text":"","src":"https:\/\/i0.wp.com\/www.pigrecoemme.com\/blog\/wp-content\/uploads\/2011\/08\/idea-format-tv.png?resize=350%2C200","width":350,"height":200},"classes":[]},{"id":438,"url":"https:\/\/www.pigrecoemme.com\/blog\/438\/","url_meta":{"origin":459,"position":2},"title":"Parte il 27 gennaio il nuovo corso di &#8220;scrittura per la televisione&#8221;","author":"Corrado Morra","date":"7 Dicembre 2011","format":false,"excerpt":"Il 27 gennaio 2012, a Napoli, parte in nuovo Corso di Scrittura per la televisione della Scuola di cinema Pigrecoemme. Tra i docenti, alcuni dei pi\u00f9 importanti autori e produttori del broadcast italiano.","rel":"","context":"In &quot;Scuola di cinema&quot;","block_context":{"text":"Scuola di cinema","link":"https:\/\/www.pigrecoemme.com\/blog\/scuola-di-cinema\/"},"img":{"alt_text":"","src":"https:\/\/i0.wp.com\/www.pigrecoemme.com\/blog\/wp-content\/uploads\/2011\/12\/corso-scrittura-tv-2012-150x150.jpg?resize=350%2C200","width":350,"height":200},"classes":[]},{"id":329,"url":"https:\/\/www.pigrecoemme.com\/blog\/il-corso-di-scrittura-per-la-televisione-parte-il-21-gennaio-2011\/","url_meta":{"origin":459,"position":3},"title":"Diventare autore televisivo? Il corso di scrittura per la televisione parte il 21 gennaio 2011","author":"Giacomo Fabbrocino","date":"17 Gennaio 2011","format":false,"excerpt":"Venerd\u00ec 21 gennaio parte il Corso di scrittura per la televisione organizzato dalla\u00a0Scuola di cinema Pigrecoemme con sede a Napoli in piazza Portanova 11. Il corso, articolato in\u00a032 lezioni, prevede una parte teorica e una laboratoriale coordinata dalla sceneggiatrice\u00a0Anna Coluccino. Tra i docenti, oltre a\u00a0Rosario Gallone,\u00a0Giacomo Fabbrocinoe\u00a0Corrado Morra di Pigrecoemme,\u2026","rel":"","context":"In &quot;Generale&quot;","block_context":{"text":"Generale","link":"https:\/\/www.pigrecoemme.com\/blog\/generale\/"},"img":{"alt_text":"","src":"https:\/\/i0.wp.com\/www.pigrecoemme.com\/corsi\/corso-scrittura-per-la-televisione-2011-small.jpg?resize=350%2C200","width":350,"height":200},"classes":[]},{"id":191,"url":"https:\/\/www.pigrecoemme.com\/blog\/fra-i-corsi-del-2010-due-importanti-novita-fotogiornalismo-e-scrittura-per-la-televisione\/","url_meta":{"origin":459,"position":4},"title":"Fra i corsi del 2010 due importanti novit\u00e0: fotogiornalismo e scrittura per la televisione","author":"Giacomo Fabbrocino","date":"5 Gennaio 2010","format":false,"excerpt":"Ripartono l'11 gennaio le attivit\u00e0 didattiche della Scuola di cinema e televisione Pigrecoemme. Che, ai consueti corsi di cinema e di fotografia, affianca due importanti novit\u00e0: un corso dedicato alla scrittura televisiva e, in collaborazione con l'agenzia fotogiornalistica Graffiti di Roma, uno di fotogiornalismo. CORSI SEMESTRALI E BIMESTRALI SUL CINEMA\u2026","rel":"","context":"In &quot;Scuola di cinema&quot;","block_context":{"text":"Scuola di cinema","link":"https:\/\/www.pigrecoemme.com\/blog\/scuola-di-cinema\/"},"img":{"alt_text":"","src":"https:\/\/i0.wp.com\/www.pigrecoemme.com\/blog\/wp-content\/uploads\/2011\/12\/corso-scrittura-tv-2012.jpg?resize=350%2C200&ssl=1","width":350,"height":200,"srcset":"https:\/\/i0.wp.com\/www.pigrecoemme.com\/blog\/wp-content\/uploads\/2011\/12\/corso-scrittura-tv-2012.jpg?resize=350%2C200&ssl=1 1x, https:\/\/i0.wp.com\/www.pigrecoemme.com\/blog\/wp-content\/uploads\/2011\/12\/corso-scrittura-tv-2012.jpg?resize=525%2C300&ssl=1 1.5x"},"classes":[]},{"id":331,"url":"https:\/\/www.pigrecoemme.com\/blog\/a-pigrecoemme-il-2011-comincia-bene\/","url_meta":{"origin":459,"position":5},"title":"A Pigrecoemme il 2011 comincia bene!","author":"Rosario Gallone","date":"22 Gennaio 2011","format":false,"excerpt":"Lo avevamo annunciato: il 2011 di Pigrecoemme sarebbe stato un anno ricco di sorprese, di nuove iniziative e di...soddisfazioni. Beh, nelle soddisfazioni ci speravamo pi\u00f9 che altro, come \u00e8 giusto che si faccia quando si decide di investire (non solo economicamente) in un'attivit\u00e0 che ci appassiona. Ma \u00e8 altres\u00ec vero\u2026","rel":"","context":"In &quot;Generale&quot;","block_context":{"text":"Generale","link":"https:\/\/www.pigrecoemme.com\/blog\/generale\/"},"img":{"alt_text":"Il corso di scrittura per la televisione \u00e8 partito il 21 gennaio","src":"https:\/\/i0.wp.com\/www.pigrecoemme.com\/blog\/wp-content\/uploads\/2011\/01\/corso-scrittura-per-la-televisione-2011-small-212x300.jpg?resize=350%2C200","width":350,"height":200},"classes":[]}],"jetpack_featured_media_url":"","_links":{"self":[{"href":"https:\/\/www.pigrecoemme.com\/blog\/wp-json\/wp\/v2\/posts\/459","targetHints":{"allow":["GET"]}}],"collection":[{"href":"https:\/\/www.pigrecoemme.com\/blog\/wp-json\/wp\/v2\/posts"}],"about":[{"href":"https:\/\/www.pigrecoemme.com\/blog\/wp-json\/wp\/v2\/types\/post"}],"author":[{"embeddable":true,"href":"https:\/\/www.pigrecoemme.com\/blog\/wp-json\/wp\/v2\/users\/2"}],"replies":[{"embeddable":true,"href":"https:\/\/www.pigrecoemme.com\/blog\/wp-json\/wp\/v2\/comments?post=459"}],"version-history":[{"count":0,"href":"https:\/\/www.pigrecoemme.com\/blog\/wp-json\/wp\/v2\/posts\/459\/revisions"}],"wp:attachment":[{"href":"https:\/\/www.pigrecoemme.com\/blog\/wp-json\/wp\/v2\/media?parent=459"}],"wp:term":[{"taxonomy":"category","embeddable":true,"href":"https:\/\/www.pigrecoemme.com\/blog\/wp-json\/wp\/v2\/categories?post=459"},{"taxonomy":"post_tag","embeddable":true,"href":"https:\/\/www.pigrecoemme.com\/blog\/wp-json\/wp\/v2\/tags?post=459"}],"curies":[{"name":"wp","href":"https:\/\/api.w.org\/{rel}","templated":true}]}}