{"id":454,"date":"2012-01-09T13:54:57","date_gmt":"2012-01-09T11:54:57","guid":{"rendered":"http:\/\/www.pigrecoemme.com\/blog\/?p=454"},"modified":"2016-01-27T11:17:16","modified_gmt":"2016-01-27T10:17:16","slug":"antonio-biasiucci-alla-pigrecoemme","status":"publish","type":"post","link":"https:\/\/www.pigrecoemme.com\/blog\/antonio-biasiucci-alla-pigrecoemme\/","title":{"rendered":"Antonio Biasiucci alla Pigrecoemme"},"content":{"rendered":"<p><a href=\"https:\/\/i0.wp.com\/www.pigrecoemme.com\/blog\/wp-content\/uploads\/2012\/01\/ex-voto-di-antonio-biasiucci.jpg?ssl=1\"><img data-recalc-dims=\"1\" loading=\"lazy\" decoding=\"async\" class=\"alignleft size-medium wp-image-455\" title=\"ex-voto-di-antonio-biasiucci\" src=\"https:\/\/i0.wp.com\/www.pigrecoemme.com\/blog\/wp-content\/uploads\/2012\/01\/ex-voto-di-antonio-biasiucci.jpg?resize=210%2C209&#038;ssl=1\" alt=\"\" width=\"210\" height=\"209\" srcset=\"https:\/\/i0.wp.com\/www.pigrecoemme.com\/blog\/wp-content\/uploads\/2012\/01\/ex-voto-di-antonio-biasiucci.jpg?resize=300%2C298&amp;ssl=1 300w, https:\/\/i0.wp.com\/www.pigrecoemme.com\/blog\/wp-content\/uploads\/2012\/01\/ex-voto-di-antonio-biasiucci.jpg?resize=150%2C150&amp;ssl=1 150w, https:\/\/i0.wp.com\/www.pigrecoemme.com\/blog\/wp-content\/uploads\/2012\/01\/ex-voto-di-antonio-biasiucci.jpg?w=600&amp;ssl=1 600w\" sizes=\"auto, (max-width: 210px) 100vw, 210px\" \/><\/a>Aveva ragione <strong>Cesare de Seta<\/strong>, quando, gi\u00e0 nell&#8217;84, aveva scorto la matrice e gli esiti poetici della ricerca lirica del fotografo <a href=\"www.antoniobiasiucci.it\">Antonio Biasiucci<\/a> in una certa idea di mondo che si riscontra, in modo esemplare, nella pittura di <strong>Giorgio Morandi<\/strong>. Biasiucci, infatti, tra i fotografi degli ultimi anni, \u00e8 probabilmente, colui che, in maniera pi\u00f9 radicale e ostinata, ha ragionato sulla forza sineddotica delle cose e dei particolari. Con risultati, come nel caso del pittore bolognese, di immensa suggestione visiva.<\/p>\n<p>Che sia l&#8217;evanescenza di un riverbero o la rugosa potenza del magma, la pia baldanza della natura o l&#8217;iconico interrogativo di un ex voto, nel fotografo campano vive sempre una tensione spirituale, che chiede allo sguardo dello spettatore una dolorosa e coinvolgente partecipazione.<\/p>\n<p>Biasiucci, infatti, oltre che grande fotografo, \u00e8 soprattutto un artista straordinario, sincero e di rara onest\u00e0 intellettuale, che ha cercato di leggere, con immutata curiosit\u00e0, le mille narrazioni del mondo, premettendo sempre all&#8217;istanza ermeneutica il demone della poesia.<\/p>\n<p>E&#8217; anche per questo che siamo particolarmente orgogliosi di presentare un incontro-lezione che Antonio Biasiucci terr\u00e0 alla <a href=\"http:\/\/www.pigrecoemme.com\">Scuola di cinema e fotografia Pigrecoemme<\/a> <strong>mercoled\u00ec 11 gennaio 2012<\/strong>, dalle 17,00 alle 19,00.<\/p>\n<p>L&#8217;appuntamento, gratuito e aperto a tutti, sar\u00e0 presentato da <strong>Luca Sorbo<\/strong>, curatore dei nostri <a href=\"http:\/\/www.pigrecoemme.com\/corso-fotografia\/corso-di-fotografia-2.htm\">Corsi di fotografia<\/a> e da <strong>Corrado Morra<\/strong>.<\/p>\n","protected":false},"excerpt":{"rendered":"<p>Aveva ragione Cesare de Seta, quando, gi\u00e0 nell&#8217;84, aveva scorto la matrice e gli esiti poetici della ricerca lirica del fotografo Antonio Biasiucci in una certa idea di mondo che si riscontra, in modo&hellip;<\/p>\n","protected":false},"author":2,"featured_media":0,"comment_status":"open","ping_status":"open","sticky":false,"template":"","format":"standard","meta":{"_jetpack_newsletter_access":"","_jetpack_dont_email_post_to_subs":false,"_jetpack_newsletter_tier_id":0,"_jetpack_memberships_contains_paywalled_content":false,"_jetpack_feature_clip_id":0,"_jetpack_memberships_contains_paid_content":false,"footnotes":"","jetpack_post_was_ever_published":false},"categories":[11,21,1,1523],"tags":[659,227,74,370,69,660],"class_list":["post-454","post","type-post","status-publish","format-standard","hentry","category-eventi","category-fotografia","category-generale","category-incontri-fotografici","tag-antonio-biasiucci","tag-corrado-morra","tag-corsi-di-fotografia","tag-incontri-fotografici","tag-luca-sorbo","tag-workshop-fotografia"],"yoast_head":"<!-- This site is optimized with the Yoast SEO plugin v28.3 - https:\/\/yoast.com\/product\/yoast-seo-wordpress\/ -->\n<title>Antonio Biasiucci alla Pigrecoemme<\/title>\n<meta name=\"robots\" content=\"index, follow, max-snippet:-1, max-image-preview:large, max-video-preview:-1\" \/>\n<link rel=\"canonical\" href=\"https:\/\/www.pigrecoemme.com\/blog\/antonio-biasiucci-alla-pigrecoemme\/\" \/>\n<meta property=\"og:locale\" content=\"it_IT\" \/>\n<meta property=\"og:type\" content=\"article\" \/>\n<meta property=\"og:title\" content=\"Antonio Biasiucci alla Pigrecoemme\" \/>\n<meta property=\"og:description\" content=\"Aveva ragione Cesare de Seta, quando, gi\u00e0 nell&#8217;84, aveva scorto la matrice e gli esiti poetici della ricerca lirica del fotografo Antonio Biasiucci in una certa idea di mondo che si riscontra, in modo esemplare, nella pittura di Giorgio Morandi. &hellip; Continue reading &rarr;\" \/>\n<meta property=\"og:url\" content=\"https:\/\/www.pigrecoemme.com\/blog\/antonio-biasiucci-alla-pigrecoemme\/\" \/>\n<meta property=\"og:site_name\" content=\"Scuola di Cinema Pigrecoemme - Blog\" \/>\n<meta property=\"article:publisher\" content=\"https:\/\/www.facebook.com\/pigrecoemme\" \/>\n<meta property=\"article:author\" content=\"https:\/\/www.facebook.com\/corrado.morra1\" \/>\n<meta property=\"article:published_time\" content=\"2012-01-09T11:54:57+00:00\" \/>\n<meta property=\"article:modified_time\" content=\"2016-01-27T10:17:16+00:00\" \/>\n<meta property=\"og:image\" content=\"http:\/\/www.pigrecoemme.com\/blog\/wp-content\/uploads\/2012\/01\/ex-voto-di-antonio-biasiucci-300x298.jpg\" \/>\n<meta name=\"author\" content=\"Corrado Morra\" \/>\n<meta name=\"twitter:card\" content=\"summary_large_image\" \/>\n<meta name=\"twitter:creator\" content=\"@Pigrecoemme\" \/>\n<meta name=\"twitter:site\" content=\"@Pigrecoemme\" \/>\n<meta name=\"twitter:label1\" content=\"Scritto da\" \/>\n\t<meta name=\"twitter:data1\" content=\"Corrado Morra\" \/>\n\t<meta name=\"twitter:label2\" content=\"Tempo di lettura stimato\" \/>\n\t<meta name=\"twitter:data2\" content=\"1 minuto\" \/>\n<script type=\"application\/ld+json\" class=\"yoast-schema-graph\">{\"@context\":\"https:\\\/\\\/schema.org\",\"@graph\":[{\"@type\":[\"Article\",\"BlogPosting\"],\"@id\":\"https:\\\/\\\/www.pigrecoemme.com\\\/blog\\\/antonio-biasiucci-alla-pigrecoemme\\\/#article\",\"isPartOf\":{\"@id\":\"https:\\\/\\\/www.pigrecoemme.com\\\/blog\\\/antonio-biasiucci-alla-pigrecoemme\\\/\"},\"author\":{\"name\":\"Corrado Morra\",\"@id\":\"https:\\\/\\\/www.pigrecoemme.com\\\/blog\\\/#\\\/schema\\\/person\\\/702764b5ecda4c2f34e82348789f649e\"},\"headline\":\"Antonio Biasiucci alla Pigrecoemme\",\"datePublished\":\"2012-01-09T11:54:57+00:00\",\"dateModified\":\"2016-01-27T10:17:16+00:00\",\"mainEntityOfPage\":{\"@id\":\"https:\\\/\\\/www.pigrecoemme.com\\\/blog\\\/antonio-biasiucci-alla-pigrecoemme\\\/\"},\"wordCount\":215,\"commentCount\":0,\"publisher\":{\"@id\":\"https:\\\/\\\/www.pigrecoemme.com\\\/blog\\\/#organization\"},\"image\":{\"@id\":\"https:\\\/\\\/www.pigrecoemme.com\\\/blog\\\/antonio-biasiucci-alla-pigrecoemme\\\/#primaryimage\"},\"thumbnailUrl\":\"http:\\\/\\\/www.pigrecoemme.com\\\/blog\\\/wp-content\\\/uploads\\\/2012\\\/01\\\/ex-voto-di-antonio-biasiucci-300x298.jpg\",\"keywords\":[\"antonio biasiucci\",\"Corrado Morra\",\"corsi di fotografia\",\"incontri fotografici\",\"luca sorbo\",\"workshop fotografia\"],\"articleSection\":[\"Eventi\",\"Fotografia\",\"Generale\",\"Incontri fotografici\"],\"inLanguage\":\"it-IT\",\"potentialAction\":[{\"@type\":\"CommentAction\",\"name\":\"Comment\",\"target\":[\"https:\\\/\\\/www.pigrecoemme.com\\\/blog\\\/antonio-biasiucci-alla-pigrecoemme\\\/#respond\"]}]},{\"@type\":\"WebPage\",\"@id\":\"https:\\\/\\\/www.pigrecoemme.com\\\/blog\\\/antonio-biasiucci-alla-pigrecoemme\\\/\",\"url\":\"https:\\\/\\\/www.pigrecoemme.com\\\/blog\\\/antonio-biasiucci-alla-pigrecoemme\\\/\",\"name\":\"Antonio Biasiucci alla Pigrecoemme\",\"isPartOf\":{\"@id\":\"https:\\\/\\\/www.pigrecoemme.com\\\/blog\\\/#website\"},\"primaryImageOfPage\":{\"@id\":\"https:\\\/\\\/www.pigrecoemme.com\\\/blog\\\/antonio-biasiucci-alla-pigrecoemme\\\/#primaryimage\"},\"image\":{\"@id\":\"https:\\\/\\\/www.pigrecoemme.com\\\/blog\\\/antonio-biasiucci-alla-pigrecoemme\\\/#primaryimage\"},\"thumbnailUrl\":\"http:\\\/\\\/www.pigrecoemme.com\\\/blog\\\/wp-content\\\/uploads\\\/2012\\\/01\\\/ex-voto-di-antonio-biasiucci-300x298.jpg\",\"datePublished\":\"2012-01-09T11:54:57+00:00\",\"dateModified\":\"2016-01-27T10:17:16+00:00\",\"breadcrumb\":{\"@id\":\"https:\\\/\\\/www.pigrecoemme.com\\\/blog\\\/antonio-biasiucci-alla-pigrecoemme\\\/#breadcrumb\"},\"inLanguage\":\"it-IT\",\"potentialAction\":[{\"@type\":\"ReadAction\",\"target\":[\"https:\\\/\\\/www.pigrecoemme.com\\\/blog\\\/antonio-biasiucci-alla-pigrecoemme\\\/\"]}]},{\"@type\":\"ImageObject\",\"inLanguage\":\"it-IT\",\"@id\":\"https:\\\/\\\/www.pigrecoemme.com\\\/blog\\\/antonio-biasiucci-alla-pigrecoemme\\\/#primaryimage\",\"url\":\"http:\\\/\\\/www.pigrecoemme.com\\\/blog\\\/wp-content\\\/uploads\\\/2012\\\/01\\\/ex-voto-di-antonio-biasiucci-300x298.jpg\",\"contentUrl\":\"http:\\\/\\\/www.pigrecoemme.com\\\/blog\\\/wp-content\\\/uploads\\\/2012\\\/01\\\/ex-voto-di-antonio-biasiucci-300x298.jpg\"},{\"@type\":\"BreadcrumbList\",\"@id\":\"https:\\\/\\\/www.pigrecoemme.com\\\/blog\\\/antonio-biasiucci-alla-pigrecoemme\\\/#breadcrumb\",\"itemListElement\":[{\"@type\":\"ListItem\",\"position\":1,\"name\":\"Home\",\"item\":\"https:\\\/\\\/www.pigrecoemme.com\\\/blog\\\/\"},{\"@type\":\"ListItem\",\"position\":2,\"name\":\"Antonio Biasiucci alla Pigrecoemme\"}]},{\"@type\":\"WebSite\",\"@id\":\"https:\\\/\\\/www.pigrecoemme.com\\\/blog\\\/#website\",\"url\":\"https:\\\/\\\/www.pigrecoemme.com\\\/blog\\\/\",\"name\":\"Scuola di Cinema Pigrecoemme - Blog\",\"description\":\"Siamo la prima Scuola di Cinema e Fotografia di Napoli\",\"publisher\":{\"@id\":\"https:\\\/\\\/www.pigrecoemme.com\\\/blog\\\/#organization\"},\"potentialAction\":[{\"@type\":\"SearchAction\",\"target\":{\"@type\":\"EntryPoint\",\"urlTemplate\":\"https:\\\/\\\/www.pigrecoemme.com\\\/blog\\\/?s={search_term_string}\"},\"query-input\":{\"@type\":\"PropertyValueSpecification\",\"valueRequired\":true,\"valueName\":\"search_term_string\"}}],\"inLanguage\":\"it-IT\"},{\"@type\":\"Organization\",\"@id\":\"https:\\\/\\\/www.pigrecoemme.com\\\/blog\\\/#organization\",\"name\":\"Scuola di cinema e fotografia Pigrecoemme\",\"url\":\"https:\\\/\\\/www.pigrecoemme.com\\\/blog\\\/\",\"logo\":{\"@type\":\"ImageObject\",\"inLanguage\":\"it-IT\",\"@id\":\"https:\\\/\\\/www.pigrecoemme.com\\\/blog\\\/#\\\/schema\\\/logo\\\/image\\\/\",\"url\":\"https:\\\/\\\/i0.wp.com\\\/www.pigrecoemme.com\\\/blog\\\/wp-content\\\/uploads\\\/2018\\\/06\\\/logo-pigrecoemme-2018.png?fit=500%2C500&ssl=1\",\"contentUrl\":\"https:\\\/\\\/i0.wp.com\\\/www.pigrecoemme.com\\\/blog\\\/wp-content\\\/uploads\\\/2018\\\/06\\\/logo-pigrecoemme-2018.png?fit=500%2C500&ssl=1\",\"width\":500,\"height\":500,\"caption\":\"Scuola di cinema e fotografia Pigrecoemme\"},\"image\":{\"@id\":\"https:\\\/\\\/www.pigrecoemme.com\\\/blog\\\/#\\\/schema\\\/logo\\\/image\\\/\"},\"sameAs\":[\"https:\\\/\\\/www.facebook.com\\\/pigrecoemme\",\"https:\\\/\\\/x.com\\\/Pigrecoemme\",\"https:\\\/\\\/www.instagram.com\\\/pigrecoemme\\\/\",\"https:\\\/\\\/www.linkedin.com\\\/company\\\/pigrecoemme\\\/\",\"https:\\\/\\\/www.youtube.com\\\/pigrecoemme\"]},{\"@type\":\"Person\",\"@id\":\"https:\\\/\\\/www.pigrecoemme.com\\\/blog\\\/#\\\/schema\\\/person\\\/702764b5ecda4c2f34e82348789f649e\",\"name\":\"Corrado Morra\",\"image\":{\"@type\":\"ImageObject\",\"inLanguage\":\"it-IT\",\"@id\":\"https:\\\/\\\/secure.gravatar.com\\\/avatar\\\/f6ce2f6728fbdf920737112fe70682512808577befa2c9c7845c04a8449b8f03?s=96&r=g\",\"url\":\"https:\\\/\\\/secure.gravatar.com\\\/avatar\\\/f6ce2f6728fbdf920737112fe70682512808577befa2c9c7845c04a8449b8f03?s=96&r=g\",\"contentUrl\":\"https:\\\/\\\/secure.gravatar.com\\\/avatar\\\/f6ce2f6728fbdf920737112fe70682512808577befa2c9c7845c04a8449b8f03?s=96&r=g\",\"caption\":\"Corrado Morra\"},\"description\":\"Esperto di arti visive e di cinema, insegna Sceneggiatura alla Scuola di cinema Pigrecoemme di Napoli, di cui \u00e8 tra i fondatori.\",\"sameAs\":[\"http:\\\/\\\/www.pigrecoemme.com\\\/\",\"https:\\\/\\\/www.facebook.com\\\/corrado.morra1\"],\"url\":\"https:\\\/\\\/www.pigrecoemme.com\\\/blog\\\/author\\\/corrado-morra\\\/\"}]}<\/script>\n<!-- \/ Yoast SEO plugin. -->","yoast_head_json":{"title":"Antonio Biasiucci alla Pigrecoemme","robots":{"index":"index","follow":"follow","max-snippet":"max-snippet:-1","max-image-preview":"max-image-preview:large","max-video-preview":"max-video-preview:-1"},"canonical":"https:\/\/www.pigrecoemme.com\/blog\/antonio-biasiucci-alla-pigrecoemme\/","og_locale":"it_IT","og_type":"article","og_title":"Antonio Biasiucci alla Pigrecoemme","og_description":"Aveva ragione Cesare de Seta, quando, gi\u00e0 nell&#8217;84, aveva scorto la matrice e gli esiti poetici della ricerca lirica del fotografo Antonio Biasiucci in una certa idea di mondo che si riscontra, in modo esemplare, nella pittura di Giorgio Morandi. &hellip; Continue reading &rarr;","og_url":"https:\/\/www.pigrecoemme.com\/blog\/antonio-biasiucci-alla-pigrecoemme\/","og_site_name":"Scuola di Cinema Pigrecoemme - Blog","article_publisher":"https:\/\/www.facebook.com\/pigrecoemme","article_author":"https:\/\/www.facebook.com\/corrado.morra1","article_published_time":"2012-01-09T11:54:57+00:00","article_modified_time":"2016-01-27T10:17:16+00:00","og_image":[{"url":"http:\/\/www.pigrecoemme.com\/blog\/wp-content\/uploads\/2012\/01\/ex-voto-di-antonio-biasiucci-300x298.jpg","type":"","width":"","height":""}],"author":"Corrado Morra","twitter_card":"summary_large_image","twitter_creator":"@Pigrecoemme","twitter_site":"@Pigrecoemme","twitter_misc":{"Scritto da":"Corrado Morra","Tempo di lettura stimato":"1 minuto"},"schema":{"@context":"https:\/\/schema.org","@graph":[{"@type":["Article","BlogPosting"],"@id":"https:\/\/www.pigrecoemme.com\/blog\/antonio-biasiucci-alla-pigrecoemme\/#article","isPartOf":{"@id":"https:\/\/www.pigrecoemme.com\/blog\/antonio-biasiucci-alla-pigrecoemme\/"},"author":{"name":"Corrado Morra","@id":"https:\/\/www.pigrecoemme.com\/blog\/#\/schema\/person\/702764b5ecda4c2f34e82348789f649e"},"headline":"Antonio Biasiucci alla Pigrecoemme","datePublished":"2012-01-09T11:54:57+00:00","dateModified":"2016-01-27T10:17:16+00:00","mainEntityOfPage":{"@id":"https:\/\/www.pigrecoemme.com\/blog\/antonio-biasiucci-alla-pigrecoemme\/"},"wordCount":215,"commentCount":0,"publisher":{"@id":"https:\/\/www.pigrecoemme.com\/blog\/#organization"},"image":{"@id":"https:\/\/www.pigrecoemme.com\/blog\/antonio-biasiucci-alla-pigrecoemme\/#primaryimage"},"thumbnailUrl":"http:\/\/www.pigrecoemme.com\/blog\/wp-content\/uploads\/2012\/01\/ex-voto-di-antonio-biasiucci-300x298.jpg","keywords":["antonio biasiucci","Corrado Morra","corsi di fotografia","incontri fotografici","luca sorbo","workshop fotografia"],"articleSection":["Eventi","Fotografia","Generale","Incontri fotografici"],"inLanguage":"it-IT","potentialAction":[{"@type":"CommentAction","name":"Comment","target":["https:\/\/www.pigrecoemme.com\/blog\/antonio-biasiucci-alla-pigrecoemme\/#respond"]}]},{"@type":"WebPage","@id":"https:\/\/www.pigrecoemme.com\/blog\/antonio-biasiucci-alla-pigrecoemme\/","url":"https:\/\/www.pigrecoemme.com\/blog\/antonio-biasiucci-alla-pigrecoemme\/","name":"Antonio Biasiucci alla Pigrecoemme","isPartOf":{"@id":"https:\/\/www.pigrecoemme.com\/blog\/#website"},"primaryImageOfPage":{"@id":"https:\/\/www.pigrecoemme.com\/blog\/antonio-biasiucci-alla-pigrecoemme\/#primaryimage"},"image":{"@id":"https:\/\/www.pigrecoemme.com\/blog\/antonio-biasiucci-alla-pigrecoemme\/#primaryimage"},"thumbnailUrl":"http:\/\/www.pigrecoemme.com\/blog\/wp-content\/uploads\/2012\/01\/ex-voto-di-antonio-biasiucci-300x298.jpg","datePublished":"2012-01-09T11:54:57+00:00","dateModified":"2016-01-27T10:17:16+00:00","breadcrumb":{"@id":"https:\/\/www.pigrecoemme.com\/blog\/antonio-biasiucci-alla-pigrecoemme\/#breadcrumb"},"inLanguage":"it-IT","potentialAction":[{"@type":"ReadAction","target":["https:\/\/www.pigrecoemme.com\/blog\/antonio-biasiucci-alla-pigrecoemme\/"]}]},{"@type":"ImageObject","inLanguage":"it-IT","@id":"https:\/\/www.pigrecoemme.com\/blog\/antonio-biasiucci-alla-pigrecoemme\/#primaryimage","url":"http:\/\/www.pigrecoemme.com\/blog\/wp-content\/uploads\/2012\/01\/ex-voto-di-antonio-biasiucci-300x298.jpg","contentUrl":"http:\/\/www.pigrecoemme.com\/blog\/wp-content\/uploads\/2012\/01\/ex-voto-di-antonio-biasiucci-300x298.jpg"},{"@type":"BreadcrumbList","@id":"https:\/\/www.pigrecoemme.com\/blog\/antonio-biasiucci-alla-pigrecoemme\/#breadcrumb","itemListElement":[{"@type":"ListItem","position":1,"name":"Home","item":"https:\/\/www.pigrecoemme.com\/blog\/"},{"@type":"ListItem","position":2,"name":"Antonio Biasiucci alla Pigrecoemme"}]},{"@type":"WebSite","@id":"https:\/\/www.pigrecoemme.com\/blog\/#website","url":"https:\/\/www.pigrecoemme.com\/blog\/","name":"Scuola di Cinema Pigrecoemme - Blog","description":"Siamo la prima Scuola di Cinema e Fotografia di Napoli","publisher":{"@id":"https:\/\/www.pigrecoemme.com\/blog\/#organization"},"potentialAction":[{"@type":"SearchAction","target":{"@type":"EntryPoint","urlTemplate":"https:\/\/www.pigrecoemme.com\/blog\/?s={search_term_string}"},"query-input":{"@type":"PropertyValueSpecification","valueRequired":true,"valueName":"search_term_string"}}],"inLanguage":"it-IT"},{"@type":"Organization","@id":"https:\/\/www.pigrecoemme.com\/blog\/#organization","name":"Scuola di cinema e fotografia Pigrecoemme","url":"https:\/\/www.pigrecoemme.com\/blog\/","logo":{"@type":"ImageObject","inLanguage":"it-IT","@id":"https:\/\/www.pigrecoemme.com\/blog\/#\/schema\/logo\/image\/","url":"https:\/\/i0.wp.com\/www.pigrecoemme.com\/blog\/wp-content\/uploads\/2018\/06\/logo-pigrecoemme-2018.png?fit=500%2C500&ssl=1","contentUrl":"https:\/\/i0.wp.com\/www.pigrecoemme.com\/blog\/wp-content\/uploads\/2018\/06\/logo-pigrecoemme-2018.png?fit=500%2C500&ssl=1","width":500,"height":500,"caption":"Scuola di cinema e fotografia Pigrecoemme"},"image":{"@id":"https:\/\/www.pigrecoemme.com\/blog\/#\/schema\/logo\/image\/"},"sameAs":["https:\/\/www.facebook.com\/pigrecoemme","https:\/\/x.com\/Pigrecoemme","https:\/\/www.instagram.com\/pigrecoemme\/","https:\/\/www.linkedin.com\/company\/pigrecoemme\/","https:\/\/www.youtube.com\/pigrecoemme"]},{"@type":"Person","@id":"https:\/\/www.pigrecoemme.com\/blog\/#\/schema\/person\/702764b5ecda4c2f34e82348789f649e","name":"Corrado Morra","image":{"@type":"ImageObject","inLanguage":"it-IT","@id":"https:\/\/secure.gravatar.com\/avatar\/f6ce2f6728fbdf920737112fe70682512808577befa2c9c7845c04a8449b8f03?s=96&r=g","url":"https:\/\/secure.gravatar.com\/avatar\/f6ce2f6728fbdf920737112fe70682512808577befa2c9c7845c04a8449b8f03?s=96&r=g","contentUrl":"https:\/\/secure.gravatar.com\/avatar\/f6ce2f6728fbdf920737112fe70682512808577befa2c9c7845c04a8449b8f03?s=96&r=g","caption":"Corrado Morra"},"description":"Esperto di arti visive e di cinema, insegna Sceneggiatura alla Scuola di cinema Pigrecoemme di Napoli, di cui \u00e8 tra i fondatori.","sameAs":["http:\/\/www.pigrecoemme.com\/","https:\/\/www.facebook.com\/corrado.morra1"],"url":"https:\/\/www.pigrecoemme.com\/blog\/author\/corrado-morra\/"}]}},"jetpack_sharing_enabled":true,"jetpack_likes_enabled":true,"jetpack-related-posts":[{"id":691,"url":"https:\/\/www.pigrecoemme.com\/blog\/lezione-aperta-con-raffaela-mariniello\/","url_meta":{"origin":454,"position":0},"title":"Lezione aperta con Raffaela Mariniello: la fotografia artistica","author":"Giacomo Fabbrocino","date":"23 Settembre 2013","format":false,"excerpt":"Alla Scuola di cinema e fotografia Pigrecoemme riprendono gli incontri con i maestri della fotografia. Il prossimo venerd\u00ec 27 settembre \u00e8 di scena\u00a0RAFFAELA MARINIELLO in una lezione aperta sulla fotografia artistica. L'appuntamento Riprende, in occasione della ripresa dei corsi di Fotografia di Pigrecoemme, con un incontro con Raffaela Mariniello, la\u2026","rel":"","context":"In &quot;Eventi&quot;","block_context":{"text":"Eventi","link":"https:\/\/www.pigrecoemme.com\/blog\/eventi\/"},"img":{"alt_text":"","src":"https:\/\/i0.wp.com\/www.pigrecoemme.com\/blog\/wp-content\/uploads\/2013\/09\/mariniello-01.jpg?resize=350%2C200","width":350,"height":200},"classes":[]},{"id":1641,"url":"https:\/\/www.pigrecoemme.com\/blog\/ilaria-abbiento-corrispondenze\/","url_meta":{"origin":454,"position":1},"title":"Ilaria Abbiento presenta il progetto fotografico &#8220;Corrispondenze&#8221;","author":"Giacomo Fabbrocino","date":"26 Febbraio 2016","format":false,"excerpt":"Sabato 12 marzo 2016, alle ore 16:00, nell\u2019ambito della rassegna Incontri fotografici, che ha gi\u00e0 accolto artisti come Antonio Biasiucci, Gianni Fiorito, Luciano Ferrara, Gianni Pinnizzotto e Raffaela Mariniello, la Scuola di cinema e fotografia Pigrecoemme di Napoli ospita Ilaria Abbiento, che illustrer\u00e0 il suo progetto \u201cCorrispondenze\u201d con il quale\u2026","rel":"","context":"In &quot;Eventi&quot;","block_context":{"text":"Eventi","link":"https:\/\/www.pigrecoemme.com\/blog\/eventi\/"},"img":{"alt_text":"","src":"https:\/\/i0.wp.com\/www.pigrecoemme.com\/blog\/wp-content\/uploads\/2016\/02\/ilaria-abbiento-corrispondenze-2.jpg?resize=350%2C200","width":350,"height":200,"srcset":"https:\/\/i0.wp.com\/www.pigrecoemme.com\/blog\/wp-content\/uploads\/2016\/02\/ilaria-abbiento-corrispondenze-2.jpg?resize=350%2C200 1x, https:\/\/i0.wp.com\/www.pigrecoemme.com\/blog\/wp-content\/uploads\/2016\/02\/ilaria-abbiento-corrispondenze-2.jpg?resize=525%2C300 1.5x, https:\/\/i0.wp.com\/www.pigrecoemme.com\/blog\/wp-content\/uploads\/2016\/02\/ilaria-abbiento-corrispondenze-2.jpg?resize=700%2C400 2x"},"classes":[]},{"id":1942,"url":"https:\/\/www.pigrecoemme.com\/blog\/incontro-fotografico-lucia-patalano\/","url_meta":{"origin":454,"position":2},"title":"Incontro fotografico con Lucia Patalano","author":"Pigrecoemme","date":"8 Settembre 2017","format":false,"excerpt":"Sabato 30 settembre 2017 alle 16:00 presso la Scuola di Cinema e Fotografia Pigrecoemme di Napoli Luca Sorbo, docente all'Accademia di Belle Arti di Napoli e responsabile dei corsi di Fotografia della Pigrecoemme, incontrer\u00e0 Lucia Patalano, una delle principali esponenti della fotografia napoletana. Sar\u00e0 un'occasione importante per ripercorrere la vicenda\u2026","rel":"","context":"In &quot;Eventi&quot;","block_context":{"text":"Eventi","link":"https:\/\/www.pigrecoemme.com\/blog\/eventi\/"},"img":{"alt_text":"Incontro fotografico con Lucia Patalano","src":"https:\/\/i0.wp.com\/www.pigrecoemme.com\/blog\/wp-content\/uploads\/2017\/09\/incontro-con-lucia-patalano.jpg?resize=350%2C200","width":350,"height":200},"classes":[]},{"id":1663,"url":"https:\/\/www.pigrecoemme.com\/blog\/camminando-incontro-mostra-alessandro-santulli\/","url_meta":{"origin":454,"position":3},"title":"Camminando. Incontro e mostra con Alessandro Santulli","author":"Giacomo Fabbrocino","date":"17 Marzo 2016","format":false,"excerpt":"Sabato 9 aprile 2016, alle ore 16:00, nell\u2019ambito della rassegna Incontri fotografici, che ha gi\u00e0 accolto artisti come Antonio Biasiucci, Gianni Fiorito, Luciano Ferrara, Gianni Pinnizzotto, Ilaria Abbiento e Raffaela Mariniello, la Scuola di cinema e fotografia Pigrecoemme di Napoli ospita Alessandro Santulli, che illustrer\u00e0 il suo lavoro foto-antropologico. Modalit\u00e0\u2026","rel":"","context":"In &quot;Eventi&quot;","block_context":{"text":"Eventi","link":"https:\/\/www.pigrecoemme.com\/blog\/eventi\/"},"img":{"alt_text":"Incontro e mostra con Alessandro Santulli","src":"https:\/\/i0.wp.com\/www.pigrecoemme.com\/blog\/wp-content\/uploads\/2016\/03\/alessandro-santulli.jpg?resize=350%2C200","width":350,"height":200,"srcset":"https:\/\/i0.wp.com\/www.pigrecoemme.com\/blog\/wp-content\/uploads\/2016\/03\/alessandro-santulli.jpg?resize=350%2C200 1x, https:\/\/i0.wp.com\/www.pigrecoemme.com\/blog\/wp-content\/uploads\/2016\/03\/alessandro-santulli.jpg?resize=525%2C300 1.5x, https:\/\/i0.wp.com\/www.pigrecoemme.com\/blog\/wp-content\/uploads\/2016\/03\/alessandro-santulli.jpg?resize=700%2C400 2x"},"classes":[]},{"id":1463,"url":"https:\/\/www.pigrecoemme.com\/blog\/diventare-fotografo\/","url_meta":{"origin":454,"position":4},"title":"Diventare fotografo. Un incontro gratuito","author":"Corrado Morra","date":"15 Settembre 2015","format":false,"excerpt":"Gioved\u00ec 1\u00b0 ottobre, dalle ore 16:00 alle 18:00, alla Pigrecoemme, si terr\u00e0\u00a0un incontro di orientamento su come entrare nel mondo della fotografia, un'arte da sempre sospesa tra passione e professione. L'incontro \u00e8 a cura di Luca Sorbo, responsabile dei corsi di Fotografia della Pigrecoemme e docente all\u2019Accademia di Belle Arti\u2026","rel":"","context":"In &quot;Eventi&quot;","block_context":{"text":"Eventi","link":"https:\/\/www.pigrecoemme.com\/blog\/eventi\/"},"img":{"alt_text":"diventare-fotografo","src":"https:\/\/i0.wp.com\/www.pigrecoemme.com\/blog\/wp-content\/uploads\/2015\/09\/diventare-fotografo.jpg?resize=350%2C200","width":350,"height":200},"classes":[]},{"id":1740,"url":"https:\/\/www.pigrecoemme.com\/blog\/incontro-gratuito-gianni-fiorito-fotografo-scena\/","url_meta":{"origin":454,"position":5},"title":"Incontro gratuito con Gianni Fiorito, fotografo di scena","author":"Pigrecoemme","date":"12 Settembre 2016","format":false,"excerpt":"Mercoled\u00ec 28 settembre 2016, dalle\u00a0ore 16:00 alle ore\u00a018:00, nell\u2019ambito della rassegna Incontri fotografici,\u00a0Gianni Fiorito sar\u00e0 ospite alla Scuola di cinema e fotografia\u00a0Pigrecoemme\u00a0di Napoli per dar vita a un incontro in cui racconter\u00e0 la sua avvincente esperienza di fotografo in grado di ricoprire ruoli di primissimo piano \u00a0nel reportage, nella fotografia\u2026","rel":"","context":"In &quot;Eventi&quot;","block_context":{"text":"Eventi","link":"https:\/\/www.pigrecoemme.com\/blog\/eventi\/"},"img":{"alt_text":"Un bacio - di Ivan Cotroneo","src":"https:\/\/i0.wp.com\/www.pigrecoemme.com\/blog\/wp-content\/uploads\/2016\/09\/un-bacio-1.jpg?resize=350%2C200","width":350,"height":200,"srcset":"https:\/\/i0.wp.com\/www.pigrecoemme.com\/blog\/wp-content\/uploads\/2016\/09\/un-bacio-1.jpg?resize=350%2C200 1x, https:\/\/i0.wp.com\/www.pigrecoemme.com\/blog\/wp-content\/uploads\/2016\/09\/un-bacio-1.jpg?resize=525%2C300 1.5x, https:\/\/i0.wp.com\/www.pigrecoemme.com\/blog\/wp-content\/uploads\/2016\/09\/un-bacio-1.jpg?resize=700%2C400 2x, https:\/\/i0.wp.com\/www.pigrecoemme.com\/blog\/wp-content\/uploads\/2016\/09\/un-bacio-1.jpg?resize=1050%2C600 3x, https:\/\/i0.wp.com\/www.pigrecoemme.com\/blog\/wp-content\/uploads\/2016\/09\/un-bacio-1.jpg?resize=1400%2C800 4x"},"classes":[]}],"jetpack_featured_media_url":"","_links":{"self":[{"href":"https:\/\/www.pigrecoemme.com\/blog\/wp-json\/wp\/v2\/posts\/454","targetHints":{"allow":["GET"]}}],"collection":[{"href":"https:\/\/www.pigrecoemme.com\/blog\/wp-json\/wp\/v2\/posts"}],"about":[{"href":"https:\/\/www.pigrecoemme.com\/blog\/wp-json\/wp\/v2\/types\/post"}],"author":[{"embeddable":true,"href":"https:\/\/www.pigrecoemme.com\/blog\/wp-json\/wp\/v2\/users\/2"}],"replies":[{"embeddable":true,"href":"https:\/\/www.pigrecoemme.com\/blog\/wp-json\/wp\/v2\/comments?post=454"}],"version-history":[{"count":0,"href":"https:\/\/www.pigrecoemme.com\/blog\/wp-json\/wp\/v2\/posts\/454\/revisions"}],"wp:attachment":[{"href":"https:\/\/www.pigrecoemme.com\/blog\/wp-json\/wp\/v2\/media?parent=454"}],"wp:term":[{"taxonomy":"category","embeddable":true,"href":"https:\/\/www.pigrecoemme.com\/blog\/wp-json\/wp\/v2\/categories?post=454"},{"taxonomy":"post_tag","embeddable":true,"href":"https:\/\/www.pigrecoemme.com\/blog\/wp-json\/wp\/v2\/tags?post=454"}],"curies":[{"name":"wp","href":"https:\/\/api.w.org\/{rel}","templated":true}]}}