{"id":429,"date":"2011-10-27T16:24:58","date_gmt":"2011-10-27T14:24:58","guid":{"rendered":"http:\/\/www.pigrecoemme.com\/blog\/?p=429"},"modified":"2012-03-17T17:57:27","modified_gmt":"2012-03-17T15:57:27","slug":"storia-permanente-del-cinema-al-pan-rassegna-ad-ingresso-gratuito","status":"publish","type":"post","link":"https:\/\/www.pigrecoemme.com\/blog\/storia-permanente-del-cinema-al-pan-rassegna-ad-ingresso-gratuito\/","title":{"rendered":"Storia permanente del cinema al Pan (rassegna ad ingresso gratuito)"},"content":{"rendered":"<p>Tra le nuove iniziative \u00a0culturali ospitate al <a href=\"http:\/\/www.palazzoartinapoli.net\/\">PAN<\/a> (Palazzo delle Arti di Napoli), quella dedicata al cinema vede anche la nostra collaborazione.<\/p>\n<p><a href=\"https:\/\/i0.wp.com\/www.pigrecoemme.com\/blog\/wp-content\/uploads\/2011\/10\/filmzone-pan.png?ssl=1\"><img data-recalc-dims=\"1\" loading=\"lazy\" decoding=\"async\" class=\"alignleft size-full wp-image-428\" title=\"filmzone pan\" src=\"https:\/\/i0.wp.com\/www.pigrecoemme.com\/blog\/wp-content\/uploads\/2011\/10\/filmzone-pan.png?resize=263%2C244&#038;ssl=1\" alt=\"\" width=\"263\" height=\"244\" \/><\/a>A cura della <a href=\"http:\/\/www.pigrecoemme.com\/\">Scuola di cinema Pigrecoemme<\/a>, della <a href=\"http:\/\/www.mediatecasantasofia.it\/\" target=\"_blank\">Mediateca Santa Sofia<\/a> e di <a href=\"http:\/\/www.cinemaitaliano.info\/pers\/015015\/marcello-sannino.html\" target=\"_blank\">Marcello Sannino<\/a> e in collaborazione con la <a href=\"http:\/\/www.mediatecailmonello.it\/\" target=\"_blank\">Mediateca di Napoli Il Monello<\/a>,\u00a0partir\u00e0 marted\u00ec 15 novembre 2011 la rassegna <strong>Filmzone, &#8220;Storia Permanente del cinema&#8221;: <\/strong>un percorso che, tra grandi classici della settima arte, rarit\u00e0, film singolari e innovativi e cortometraggi d\u2019autore accompagner\u00e0 lo spettatore lungo un&#8217;investigazione della\u00a0Storia del cinema come espressione artistica e come potente strumento mitopoietico e di orientamento nel mondo.<br \/>\nCon un solo obiettivo: quello di tessere, pellicola dopo pellicola, nel coacervo fruttuoso delle mille ipotesi ermeneutiche, un tessuto comune di storie e di riferimenti, perch\u00e9 il cinema \u00e8, in fin dei conti, soprattutto, la materia di cui sono fatti i sogni e, ancora di pi\u00f9, l&#8217;impalcatura necessaria della nostra memoria condivisa.<\/p>\n<p>Tutti le proiezioni si svolgono al PAN (Palazzo della Arti di napoli) in via dei Mille 60.<br \/>\nL&#8217;ingresso \u00e8 gratuito.<\/p>\n<p><strong>Ecco il programma fino all 22 dicembre 2011.<br \/>\n(<a href=\"http:\/\/www.pigrecoemme.com\/cgi-bin\/clickmanager\/clickmanager.cgi?dl=http:\/\/www.pigrecoemme.com\/filmzone.pdf\">scarica il programma stampabile in pdf<\/a>) <\/strong><\/p>\n<p><strong> <\/strong><strong>Storie del cinema.<\/strong> <em>Cicli, percorsi, rarit\u00e0 a cura della Mediateca Santa Sofia<\/em><br \/>\n<strong>Capolavori.<\/strong> <em>I grandi classici della Settima arte a cura di Marcello Sannino<\/em><br \/>\n<strong> Temi.<\/strong> <em>Ricorrenze e sincronie del cinema a cura della Scuola di cinema Pigrecoemme<\/em><\/p>\n<p><em>Marted\u00ec 15 novembre 2011<\/em><br \/>\nOre 15: Storie del cinema. <em>Mon Oncle<\/em> (Jacques Tati, Francia, 1958) 120&#8242;<br \/>\nOre 17: Capolavori. <em>Intolerance <\/em>(David Wark Griffith, USA, 1916) 120&#8242;<br \/>\nOre 19: Temi. \u201cInfanzia e adolescenza nel cinema\u201d: <em>Germania anno zero<\/em> (Roberto Rossellini, Italia, 1948) 78&#8242;<\/p>\n<p><em>Mercoled\u00ec 16 novembre 2011<\/em><br \/>\nOre 15: Storie del cinema. \u201cCiclo Antoine Doinel\u201d: <em>I 400 colpi<\/em> (Fran\u00e7ois Truffaut, Francia, 1959) 105&#8242;<br \/>\nOre 17: Capolavori. <em>L&#8217;ultima risata<\/em> (Friedrich Wilhelm Murnau, Germania, 1924) 98&#8242;<br \/>\nOre 19: Temi. \u201cInfanzia e adolescenza nel cinema\u201d: <em>Stand By Me &#8211; Ricordo di un&#8217;estate<\/em> (Rob Reiner, USA, 1986) 89&#8242;<\/p>\n<p><em>Gioved\u00ec 17 novembre 2011<\/em><br \/>\nOre 15: Storie del cinema. \u201cCiclo Antoine Doinel\u201d: <em>Antoine e Colette<\/em> (Fran\u00e7ois Truffaut, Francia, 1962) 29&#8242;; Baci rubati (Fran\u00e7ois Truffaut, Francia, 1968) 90&#8242;<br \/>\nOre 17: Capolavori. <em>L&#8217;uomo con la macchina da presa<\/em> (Dziga Vertov, URSS, 1929) 61&#8242;<br \/>\nOre 19: Temi. \u201cInfanzia e adolescenza nel cinema\u201d: <em>L\u2019infanzia di Ivan<\/em> (Andrej Tarkovskij, URSS, 1962) 95&#8242;<\/p>\n<p><em>Marted\u00ec 22 novembre 2011<\/em><br \/>\nOre 15: Storie del cinema. \u201cCiclo Antoine Doinel\u201d: <em>Non drammatizziamo \u00e8 solo questione di corna<\/em> (Fran\u00e7ois Truffaut, Francia, 1970) 100&#8242;<br \/>\nOre 17: Capolavori. \u201cI corti del fratelli Lumi\u00e8re\u201d (Francia, 1895-96) 15&#8242;; \u201cI corti di Thomas A. Edison\u201d (USA, 1894-1896) 5&#8242;; <em>Viaggio nella luna<\/em> (Georges M\u00e9li\u00e8s, Francia, 1900) 8&#8242;; <em>Assalto al treno<\/em> (Edwin S. Porter, USA, 1903) 11&#8242;;<br \/>\nOre 19: Temi. \u201cInfanzia e adolescenza nel cinema\u201d: <em>Arrivederci ragazzi<\/em> (Lous Malle, Francia, Germania Ovest, Italia 1987) 104&#8242;<\/p>\n<p><em>Mercoled\u00ec 23 novembre 2011<\/em><br \/>\nOre 15: Storie del cinema. \u201cCiclo Antoine Doinel\u201d: <em>L&#8217;amore fugge<\/em> (Fran\u00e7ois Truffaut, Francia, 1979) 90&#8242;<br \/>\nOre 17: Capolavori. <em>Cabiria <\/em>(Giovanni Pastrone, Italia, 1914) 120&#8242;<br \/>\nOre 19: Temi. \u201cInfanzia e adolescenza nel cinema\u201d: <em>Los Olvidados &#8211; I Figli della violenza<\/em> (Luis Bu\u00f1uel, Messico,1950) 85&#8242;<\/p>\n<p><em>Gioved\u00ec 24 novembre 2011<\/em><br \/>\nOre 15: Storie del cinema. <em>Nodo alla gola<\/em> (Alfred Hitchcock, USA, 1948) 80&#8242;<br \/>\nOre 17: Capolavori. <em>Nanuk l&#8217;eschimese<\/em> (Robert Flaherty, USA, 1922) 55&#8242;<br \/>\nOre 19: Temi. \u201cInfanzia e adolescenza nel cinema\u201d: <em>Se\u2026<\/em> (Lindsay Anderson, UK,1968) 111&#8242;<\/p>\n<p><em>Marted\u00ec 29 novembre 2011<\/em><br \/>\nOre 15: Storie del cinema. <em>Il decalogo <\/em>I e II (Krzysztof Kie\u015blowski, Polonia, 1989) 120&#8242;<br \/>\nOre 17: Capolavori. <em>Nosferatu <\/em>(Friedrich Wilhelm Murnau, Germania, 1922) 75&#8242;<br \/>\nOre 19: Temi. \u201cInfanzia e adolescenza nel cinema\u201d: <em>Giovent\u00f9, amore e rabbia<\/em> (Tony Richardson,  UK, 1962) 104&#8242;<\/p>\n<p><em>Mercoled\u00ec 30 novembre 2011<\/em><br \/>\nOre 15: Storie del cinema. <em>Il decalogo<\/em> III e IV (Krzysztof Kie\u015blowski, Polonia, 1989) 120&#8242;<br \/>\nOre 17: Capolavori. <em>Vampyr <\/em>(Carl Theodor Dreyer, Danimarca, 1932) 72&#8242;<br \/>\nOre 19: Temi. \u201cInfanzia e adolescenza nel cinema\u201d: <em>Pap\u00e0&#8230; \u00e8 in viaggio di affari<\/em> (Emir Kusturica, Yugoslavia,1985) 136&#8242;<\/p>\n<p><em>Gioved\u00ec 1 dicembre 2011<\/em><br \/>\nOre 15: Storie del cinema. <em>Il decalogo<\/em> V e VI (Krzysztof Kie\u015blowski, Polonia, 1989) 120&#8242;<br \/>\nOre 17: Capolavori. <em>M. Il mostro di D\u00fcsseldorf <\/em>(Fritz Lang, Germania, 1931) 96&#8242;<br \/>\nOre 19: Temi. \u201cInfanzia e adolescenza nel cinema\u201d: <em>Sciusci\u00e0 <\/em>(Vittorio De Sica, Italia, 1946) 93&#8242;<\/p>\n<p><em>Marted\u00ec 6 dicembre 2011<\/em><br \/>\nOre 15: Storie del cinema. <em>Il decalogo<\/em> VII e VIII (Krzysztof Kie\u015blowski, Polonia, 1989) 120&#8242;<br \/>\nOre 17: Capolavori. <em>Ottobre <\/em>(Sergej M. Ejzenstejn, URSS, 1928) 80&#8242;<br \/>\nOre 19: Temi. \u201cLe metafore del noir\u201d: <em>Un angelo \u00e8 caduto<\/em> (Otto Preminger, USA, 1945) 98&#8242;<\/p>\n<p><em>Mercoled\u00ec 7 dicembre 2011<\/em><br \/>\nOre 15: Storie del cinema. <em>Il decalogo<\/em> IX e X (Krzysztof Kie\u015blowski, Polonia, 1989) 120&#8242;<br \/>\nOre 17: Capolavori. <em>La fine di San Pietroburgo<\/em> (Vsevolod I. Pudovkin, 1927) 91&#8242;<br \/>\nOre 19: Temi. \u201cLe metafore del noir\u201d:  <em>Il bandito senza nome<\/em> (Joseph L. Mankiewicz, USA, 1946) 110&#8242;<\/p>\n<p><em>Gioved\u00ec 8 dicembre 2011<\/em><br \/>\nOre 15: Storie del cinema. <em>Lettere da Iwo Jima<\/em> (Clint Eastwood, USA, 2006) 142&#8242;<br \/>\nOre 17: Capolavori. <em>Ivan il terribile<\/em> (Sergej M. Ejzenstejn, URSS, 1944) 96&#8242;<br \/>\nOre 19: Temi. \u201cLe metafore del noir\u201d: <em>La citt\u00e0 nuda<\/em> (Jules Dassin, USA, 1948) 96&#8242;<\/p>\n<p><em>Marted\u00ec13 dicembre 2011<\/em><br \/>\nOre 15: Storie del cinema. <em>Flags Of Our Fathers<\/em> (Clint Eastwood, USA, 2006) 130&#8242;<br \/>\nOre 17: Capolavori. <em>Aurora <\/em>( Friedrich Wilhelm Murnau, USA, 1927) 95&#8242;<br \/>\nOre 19: Temi. \u201cLe metafore del noir\u201d: <em>Il gigante di New York<\/em> (Jacques Tourneur, USA, 1949) 77&#8242;<\/p>\n<p><em>Mercoled\u00ec 14 dicembre 2011<\/em><br \/>\nOre 15: Storie del cinema. <em>Ultimo tango a Parigi<\/em> (Bernardo Bertolucci, Francia \u2013 Italia, 1972) 130&#8242;<br \/>\nOre 17: Capolavori. <em>L&#8217;Atalante<\/em> (Jean Vigo, Francia, 1934) 78&#8242;<br \/>\nOre 19: Temi. \u201cLe metafore del noir\u201d:  <em>Vendico il tuo peccato<\/em> (Edward Dmytryk, USA, 1949) 96&#8242;<\/p>\n<p><em>Gioved\u00ec 15 dicembre 2011<\/em><br \/>\nOre 15: Storie del cinema. <em>Tempi moderni<\/em> (Charlie Chaplin, USA, 1936) 85&#8242;<br \/>\nOre 17: Capolavori. <em>Lulu <\/em>( G. William Pabst, Germania, 1928) 106&#8242;<br \/>\nOre 19: Temi. \u201cLe metafore del noir\u201d: <em> Detour <\/em>(Edgar G. Ulmer, USA, 1945) 67&#8242;<\/p>\n<p><em>Marted\u00ec 20 dicembre 2011<\/em><br \/>\nOre 15: Storie del cinema. \u201cLa trilogia di Apu\u201d: <em>Il lamento del sentiero<\/em> (Satyajit Ray, India, 1955) 86&#8242;<br \/>\nOre 17: Capolavori. <em>Storie di erbe fluttuanti<\/em> (Yasujiro Ozu, Giappone, 1932) 90&#8242;<br \/>\nOre 19: Temi. \u201cLe metafore del noir\u201d:  <em>Il commissario Maigret<\/em> (Jean Delannoy, Francia, 1958) 119&#8242;<\/p>\n<p><em>Mercoled\u00ec 21 dicembre 2011<\/em><br \/>\nOre 15: Storie del cinema. \u201cLa trilogia di Apu\u201d: <em>L&#8217;invitto<\/em> (Satyajit Ray, India, 1956) 106&#8242;<br \/>\nOre 17: Capolavori. <em>Palcoscenico <\/em>(Gregory La Cava, USA, 1937) 87&#8242;<br \/>\nOre 19: Temi. \u201cLe metafore del noir\u201d: <em> I diabolici<\/em> (Henri-George Clouzot, Francia, 1954) 114&#8242;<\/p>\n<p><em>Gioved\u00ec 22 dicembre 2011<\/em><br \/>\nOre 15: Storie del cinema. \u201cLa trilogia di Apu\u201d: <em>Il mondo di Apu<\/em> (Satyajit Ray, India, 1959) 102&#8242;<br \/>\nOre 17: Capolavori. <em>Yoru No Onnatachi &#8211; Donne della notte <\/em>(Kenji Mizoguchi, Giappone, 1948) 74&#8242;<br \/>\nOre 19: Temi. \u201cLe metafore del noir\u201d: <em>Lo spione<\/em> (Jean-Pierre Melville, Francia, 1962) 108&#8242;<\/p>\n","protected":false},"excerpt":{"rendered":"<p>Tra le nuove iniziative \u00a0culturali ospitate al PAN (Palazzo delle Arti di Napoli), quella dedicata al cinema vede anche la nostra collaborazione. A cura della Scuola di cinema Pigrecoemme, della Mediateca Santa Sofia e&hellip;<\/p>\n","protected":false},"author":1,"featured_media":0,"comment_status":"open","ping_status":"open","sticky":false,"template":"","format":"standard","meta":{"_jetpack_newsletter_access":"","_jetpack_dont_email_post_to_subs":false,"_jetpack_newsletter_tier_id":0,"_jetpack_memberships_contains_paywalled_content":false,"_jetpack_feature_clip_id":0,"_jetpack_memberships_contains_paid_content":false,"footnotes":"","jetpack_post_was_ever_published":false},"categories":[11,1],"tags":[607,15,306,665],"class_list":["post-429","post","type-post","status-publish","format-standard","hentry","category-eventi","category-generale","tag-palazzo-della-arti-di-napoli","tag-pan","tag-rassegna","tag-storia-permanente-del-cinema"],"yoast_head":"<!-- This site is optimized with the Yoast SEO plugin v28.4 - https:\/\/yoast.com\/product\/yoast-seo-wordpress\/ -->\n<title>Storia permanente del cinema al Pan (rassegna ad ingresso gratuito)<\/title>\n<meta name=\"robots\" content=\"index, follow, max-snippet:-1, max-image-preview:large, max-video-preview:-1\" \/>\n<link rel=\"canonical\" href=\"https:\/\/www.pigrecoemme.com\/blog\/storia-permanente-del-cinema-al-pan-rassegna-ad-ingresso-gratuito\/\" \/>\n<meta property=\"og:locale\" content=\"it_IT\" \/>\n<meta property=\"og:type\" content=\"article\" \/>\n<meta property=\"og:title\" content=\"Storia permanente del cinema al Pan (rassegna ad ingresso gratuito)\" \/>\n<meta property=\"og:description\" content=\"Tra le nuove iniziative \u00a0culturali ospitate al PAN (Palazzo delle Arti di Napoli), quella dedicata al cinema vede anche la nostra collaborazione. A cura della Scuola di cinema Pigrecoemme, della Mediateca Santa Sofia e&hellip;\" \/>\n<meta property=\"og:url\" content=\"https:\/\/www.pigrecoemme.com\/blog\/storia-permanente-del-cinema-al-pan-rassegna-ad-ingresso-gratuito\/\" \/>\n<meta property=\"og:site_name\" content=\"Scuola di Cinema Pigrecoemme - Blog\" \/>\n<meta property=\"article:publisher\" content=\"https:\/\/www.facebook.com\/pigrecoemme\" \/>\n<meta property=\"article:author\" content=\"https:\/\/www.facebook.com\/giacomo.fabbrocino\" \/>\n<meta property=\"article:published_time\" content=\"2011-10-27T14:24:58+00:00\" \/>\n<meta property=\"article:modified_time\" content=\"2012-03-17T15:57:27+00:00\" \/>\n<meta property=\"og:image\" content=\"http:\/\/www.pigrecoemme.com\/blog\/wp-content\/uploads\/2011\/10\/filmzone-pan.png\" \/>\n<meta name=\"author\" content=\"Giacomo Fabbrocino\" \/>\n<meta name=\"twitter:card\" content=\"summary_large_image\" \/>\n<meta name=\"twitter:creator\" content=\"@Pigrecoemme\" \/>\n<meta name=\"twitter:site\" content=\"@Pigrecoemme\" \/>\n<meta name=\"twitter:label1\" content=\"Scritto da\" \/>\n\t<meta name=\"twitter:data1\" content=\"Giacomo Fabbrocino\" \/>\n\t<meta name=\"twitter:label2\" content=\"Tempo di lettura stimato\" \/>\n\t<meta name=\"twitter:data2\" content=\"5 minuti\" \/>\n<script type=\"application\/ld+json\" class=\"yoast-schema-graph\">{\"@context\":\"https:\\\/\\\/schema.org\",\"@graph\":[{\"@type\":[\"Article\",\"BlogPosting\"],\"@id\":\"https:\\\/\\\/www.pigrecoemme.com\\\/blog\\\/storia-permanente-del-cinema-al-pan-rassegna-ad-ingresso-gratuito\\\/#article\",\"isPartOf\":{\"@id\":\"https:\\\/\\\/www.pigrecoemme.com\\\/blog\\\/storia-permanente-del-cinema-al-pan-rassegna-ad-ingresso-gratuito\\\/\"},\"author\":{\"name\":\"Giacomo Fabbrocino\",\"@id\":\"https:\\\/\\\/www.pigrecoemme.com\\\/blog\\\/#\\\/schema\\\/person\\\/57fa822c3d209d3a2612fd0411ae63f4\"},\"headline\":\"Storia permanente del cinema al Pan (rassegna ad ingresso gratuito)\",\"datePublished\":\"2011-10-27T14:24:58+00:00\",\"dateModified\":\"2012-03-17T15:57:27+00:00\",\"mainEntityOfPage\":{\"@id\":\"https:\\\/\\\/www.pigrecoemme.com\\\/blog\\\/storia-permanente-del-cinema-al-pan-rassegna-ad-ingresso-gratuito\\\/\"},\"wordCount\":913,\"commentCount\":0,\"publisher\":{\"@id\":\"https:\\\/\\\/www.pigrecoemme.com\\\/blog\\\/#organization\"},\"image\":{\"@id\":\"https:\\\/\\\/www.pigrecoemme.com\\\/blog\\\/storia-permanente-del-cinema-al-pan-rassegna-ad-ingresso-gratuito\\\/#primaryimage\"},\"thumbnailUrl\":\"http:\\\/\\\/www.pigrecoemme.com\\\/blog\\\/wp-content\\\/uploads\\\/2011\\\/10\\\/filmzone-pan.png\",\"keywords\":[\"palazzo della arti di napoli\",\"pan\",\"rassegna\",\"storia permanente del cinema\"],\"articleSection\":[\"Eventi\",\"Generale\"],\"inLanguage\":\"it-IT\",\"potentialAction\":[{\"@type\":\"CommentAction\",\"name\":\"Comment\",\"target\":[\"https:\\\/\\\/www.pigrecoemme.com\\\/blog\\\/storia-permanente-del-cinema-al-pan-rassegna-ad-ingresso-gratuito\\\/#respond\"]}]},{\"@type\":\"WebPage\",\"@id\":\"https:\\\/\\\/www.pigrecoemme.com\\\/blog\\\/storia-permanente-del-cinema-al-pan-rassegna-ad-ingresso-gratuito\\\/\",\"url\":\"https:\\\/\\\/www.pigrecoemme.com\\\/blog\\\/storia-permanente-del-cinema-al-pan-rassegna-ad-ingresso-gratuito\\\/\",\"name\":\"Storia permanente del cinema al Pan (rassegna ad ingresso gratuito)\",\"isPartOf\":{\"@id\":\"https:\\\/\\\/www.pigrecoemme.com\\\/blog\\\/#website\"},\"primaryImageOfPage\":{\"@id\":\"https:\\\/\\\/www.pigrecoemme.com\\\/blog\\\/storia-permanente-del-cinema-al-pan-rassegna-ad-ingresso-gratuito\\\/#primaryimage\"},\"image\":{\"@id\":\"https:\\\/\\\/www.pigrecoemme.com\\\/blog\\\/storia-permanente-del-cinema-al-pan-rassegna-ad-ingresso-gratuito\\\/#primaryimage\"},\"thumbnailUrl\":\"http:\\\/\\\/www.pigrecoemme.com\\\/blog\\\/wp-content\\\/uploads\\\/2011\\\/10\\\/filmzone-pan.png\",\"datePublished\":\"2011-10-27T14:24:58+00:00\",\"dateModified\":\"2012-03-17T15:57:27+00:00\",\"breadcrumb\":{\"@id\":\"https:\\\/\\\/www.pigrecoemme.com\\\/blog\\\/storia-permanente-del-cinema-al-pan-rassegna-ad-ingresso-gratuito\\\/#breadcrumb\"},\"inLanguage\":\"it-IT\",\"potentialAction\":[{\"@type\":\"ReadAction\",\"target\":[\"https:\\\/\\\/www.pigrecoemme.com\\\/blog\\\/storia-permanente-del-cinema-al-pan-rassegna-ad-ingresso-gratuito\\\/\"]}]},{\"@type\":\"ImageObject\",\"inLanguage\":\"it-IT\",\"@id\":\"https:\\\/\\\/www.pigrecoemme.com\\\/blog\\\/storia-permanente-del-cinema-al-pan-rassegna-ad-ingresso-gratuito\\\/#primaryimage\",\"url\":\"http:\\\/\\\/www.pigrecoemme.com\\\/blog\\\/wp-content\\\/uploads\\\/2011\\\/10\\\/filmzone-pan.png\",\"contentUrl\":\"http:\\\/\\\/www.pigrecoemme.com\\\/blog\\\/wp-content\\\/uploads\\\/2011\\\/10\\\/filmzone-pan.png\"},{\"@type\":\"BreadcrumbList\",\"@id\":\"https:\\\/\\\/www.pigrecoemme.com\\\/blog\\\/storia-permanente-del-cinema-al-pan-rassegna-ad-ingresso-gratuito\\\/#breadcrumb\",\"itemListElement\":[{\"@type\":\"ListItem\",\"position\":1,\"name\":\"Home\",\"item\":\"https:\\\/\\\/www.pigrecoemme.com\\\/blog\\\/\"},{\"@type\":\"ListItem\",\"position\":2,\"name\":\"Storia permanente del cinema al Pan (rassegna ad ingresso gratuito)\"}]},{\"@type\":\"WebSite\",\"@id\":\"https:\\\/\\\/www.pigrecoemme.com\\\/blog\\\/#website\",\"url\":\"https:\\\/\\\/www.pigrecoemme.com\\\/blog\\\/\",\"name\":\"Scuola di Cinema Pigrecoemme - Blog\",\"description\":\"Siamo la prima Scuola di Cinema e Fotografia di Napoli\",\"publisher\":{\"@id\":\"https:\\\/\\\/www.pigrecoemme.com\\\/blog\\\/#organization\"},\"potentialAction\":[{\"@type\":\"SearchAction\",\"target\":{\"@type\":\"EntryPoint\",\"urlTemplate\":\"https:\\\/\\\/www.pigrecoemme.com\\\/blog\\\/?s={search_term_string}\"},\"query-input\":{\"@type\":\"PropertyValueSpecification\",\"valueRequired\":true,\"valueName\":\"search_term_string\"}}],\"inLanguage\":\"it-IT\"},{\"@type\":\"Organization\",\"@id\":\"https:\\\/\\\/www.pigrecoemme.com\\\/blog\\\/#organization\",\"name\":\"Scuola di cinema e fotografia Pigrecoemme\",\"url\":\"https:\\\/\\\/www.pigrecoemme.com\\\/blog\\\/\",\"logo\":{\"@type\":\"ImageObject\",\"inLanguage\":\"it-IT\",\"@id\":\"https:\\\/\\\/www.pigrecoemme.com\\\/blog\\\/#\\\/schema\\\/logo\\\/image\\\/\",\"url\":\"https:\\\/\\\/i0.wp.com\\\/www.pigrecoemme.com\\\/blog\\\/wp-content\\\/uploads\\\/2018\\\/06\\\/logo-pigrecoemme-2018.png?fit=500%2C500&ssl=1\",\"contentUrl\":\"https:\\\/\\\/i0.wp.com\\\/www.pigrecoemme.com\\\/blog\\\/wp-content\\\/uploads\\\/2018\\\/06\\\/logo-pigrecoemme-2018.png?fit=500%2C500&ssl=1\",\"width\":500,\"height\":500,\"caption\":\"Scuola di cinema e fotografia Pigrecoemme\"},\"image\":{\"@id\":\"https:\\\/\\\/www.pigrecoemme.com\\\/blog\\\/#\\\/schema\\\/logo\\\/image\\\/\"},\"sameAs\":[\"https:\\\/\\\/www.facebook.com\\\/pigrecoemme\",\"https:\\\/\\\/x.com\\\/Pigrecoemme\",\"https:\\\/\\\/www.instagram.com\\\/pigrecoemme\\\/\",\"https:\\\/\\\/www.linkedin.com\\\/company\\\/pigrecoemme\\\/\",\"https:\\\/\\\/www.youtube.com\\\/pigrecoemme\"]},{\"@type\":\"Person\",\"@id\":\"https:\\\/\\\/www.pigrecoemme.com\\\/blog\\\/#\\\/schema\\\/person\\\/57fa822c3d209d3a2612fd0411ae63f4\",\"name\":\"Giacomo Fabbrocino\",\"image\":{\"@type\":\"ImageObject\",\"inLanguage\":\"it-IT\",\"@id\":\"https:\\\/\\\/secure.gravatar.com\\\/avatar\\\/0e4dfd4d05c06a03fffaffeb36fb181415ba11b91a6b566fa2e8ada75927db32?s=96&r=g\",\"url\":\"https:\\\/\\\/secure.gravatar.com\\\/avatar\\\/0e4dfd4d05c06a03fffaffeb36fb181415ba11b91a6b566fa2e8ada75927db32?s=96&r=g\",\"contentUrl\":\"https:\\\/\\\/secure.gravatar.com\\\/avatar\\\/0e4dfd4d05c06a03fffaffeb36fb181415ba11b91a6b566fa2e8ada75927db32?s=96&r=g\",\"caption\":\"Giacomo Fabbrocino\"},\"description\":\"Montatore cinematografico, autore di documentari sull'arte e di video d'artista, Giacomo \u00e8 responsabile della didattica e della comunicazione web della Scuola di Cinema, Fotografia e Televisione Pigrecoemme di Napoli.\",\"sameAs\":[\"http:\\\/\\\/www.pigrecoemme.com\\\/\",\"https:\\\/\\\/www.facebook.com\\\/giacomo.fabbrocino\"],\"url\":\"https:\\\/\\\/www.pigrecoemme.com\\\/blog\\\/author\\\/giacomo-fabbrocino\\\/\"}]}<\/script>\n<!-- \/ Yoast SEO plugin. -->","yoast_head_json":{"title":"Storia permanente del cinema al Pan (rassegna ad ingresso gratuito)","robots":{"index":"index","follow":"follow","max-snippet":"max-snippet:-1","max-image-preview":"max-image-preview:large","max-video-preview":"max-video-preview:-1"},"canonical":"https:\/\/www.pigrecoemme.com\/blog\/storia-permanente-del-cinema-al-pan-rassegna-ad-ingresso-gratuito\/","og_locale":"it_IT","og_type":"article","og_title":"Storia permanente del cinema al Pan (rassegna ad ingresso gratuito)","og_description":"Tra le nuove iniziative \u00a0culturali ospitate al PAN (Palazzo delle Arti di Napoli), quella dedicata al cinema vede anche la nostra collaborazione. A cura della Scuola di cinema Pigrecoemme, della Mediateca Santa Sofia e&hellip;","og_url":"https:\/\/www.pigrecoemme.com\/blog\/storia-permanente-del-cinema-al-pan-rassegna-ad-ingresso-gratuito\/","og_site_name":"Scuola di Cinema Pigrecoemme - Blog","article_publisher":"https:\/\/www.facebook.com\/pigrecoemme","article_author":"https:\/\/www.facebook.com\/giacomo.fabbrocino","article_published_time":"2011-10-27T14:24:58+00:00","article_modified_time":"2012-03-17T15:57:27+00:00","og_image":[{"url":"http:\/\/www.pigrecoemme.com\/blog\/wp-content\/uploads\/2011\/10\/filmzone-pan.png","type":"","width":"","height":""}],"author":"Giacomo Fabbrocino","twitter_card":"summary_large_image","twitter_creator":"@Pigrecoemme","twitter_site":"@Pigrecoemme","twitter_misc":{"Scritto da":"Giacomo Fabbrocino","Tempo di lettura stimato":"5 minuti"},"schema":{"@context":"https:\/\/schema.org","@graph":[{"@type":["Article","BlogPosting"],"@id":"https:\/\/www.pigrecoemme.com\/blog\/storia-permanente-del-cinema-al-pan-rassegna-ad-ingresso-gratuito\/#article","isPartOf":{"@id":"https:\/\/www.pigrecoemme.com\/blog\/storia-permanente-del-cinema-al-pan-rassegna-ad-ingresso-gratuito\/"},"author":{"name":"Giacomo Fabbrocino","@id":"https:\/\/www.pigrecoemme.com\/blog\/#\/schema\/person\/57fa822c3d209d3a2612fd0411ae63f4"},"headline":"Storia permanente del cinema al Pan (rassegna ad ingresso gratuito)","datePublished":"2011-10-27T14:24:58+00:00","dateModified":"2012-03-17T15:57:27+00:00","mainEntityOfPage":{"@id":"https:\/\/www.pigrecoemme.com\/blog\/storia-permanente-del-cinema-al-pan-rassegna-ad-ingresso-gratuito\/"},"wordCount":913,"commentCount":0,"publisher":{"@id":"https:\/\/www.pigrecoemme.com\/blog\/#organization"},"image":{"@id":"https:\/\/www.pigrecoemme.com\/blog\/storia-permanente-del-cinema-al-pan-rassegna-ad-ingresso-gratuito\/#primaryimage"},"thumbnailUrl":"http:\/\/www.pigrecoemme.com\/blog\/wp-content\/uploads\/2011\/10\/filmzone-pan.png","keywords":["palazzo della arti di napoli","pan","rassegna","storia permanente del cinema"],"articleSection":["Eventi","Generale"],"inLanguage":"it-IT","potentialAction":[{"@type":"CommentAction","name":"Comment","target":["https:\/\/www.pigrecoemme.com\/blog\/storia-permanente-del-cinema-al-pan-rassegna-ad-ingresso-gratuito\/#respond"]}]},{"@type":"WebPage","@id":"https:\/\/www.pigrecoemme.com\/blog\/storia-permanente-del-cinema-al-pan-rassegna-ad-ingresso-gratuito\/","url":"https:\/\/www.pigrecoemme.com\/blog\/storia-permanente-del-cinema-al-pan-rassegna-ad-ingresso-gratuito\/","name":"Storia permanente del cinema al Pan (rassegna ad ingresso gratuito)","isPartOf":{"@id":"https:\/\/www.pigrecoemme.com\/blog\/#website"},"primaryImageOfPage":{"@id":"https:\/\/www.pigrecoemme.com\/blog\/storia-permanente-del-cinema-al-pan-rassegna-ad-ingresso-gratuito\/#primaryimage"},"image":{"@id":"https:\/\/www.pigrecoemme.com\/blog\/storia-permanente-del-cinema-al-pan-rassegna-ad-ingresso-gratuito\/#primaryimage"},"thumbnailUrl":"http:\/\/www.pigrecoemme.com\/blog\/wp-content\/uploads\/2011\/10\/filmzone-pan.png","datePublished":"2011-10-27T14:24:58+00:00","dateModified":"2012-03-17T15:57:27+00:00","breadcrumb":{"@id":"https:\/\/www.pigrecoemme.com\/blog\/storia-permanente-del-cinema-al-pan-rassegna-ad-ingresso-gratuito\/#breadcrumb"},"inLanguage":"it-IT","potentialAction":[{"@type":"ReadAction","target":["https:\/\/www.pigrecoemme.com\/blog\/storia-permanente-del-cinema-al-pan-rassegna-ad-ingresso-gratuito\/"]}]},{"@type":"ImageObject","inLanguage":"it-IT","@id":"https:\/\/www.pigrecoemme.com\/blog\/storia-permanente-del-cinema-al-pan-rassegna-ad-ingresso-gratuito\/#primaryimage","url":"http:\/\/www.pigrecoemme.com\/blog\/wp-content\/uploads\/2011\/10\/filmzone-pan.png","contentUrl":"http:\/\/www.pigrecoemme.com\/blog\/wp-content\/uploads\/2011\/10\/filmzone-pan.png"},{"@type":"BreadcrumbList","@id":"https:\/\/www.pigrecoemme.com\/blog\/storia-permanente-del-cinema-al-pan-rassegna-ad-ingresso-gratuito\/#breadcrumb","itemListElement":[{"@type":"ListItem","position":1,"name":"Home","item":"https:\/\/www.pigrecoemme.com\/blog\/"},{"@type":"ListItem","position":2,"name":"Storia permanente del cinema al Pan (rassegna ad ingresso gratuito)"}]},{"@type":"WebSite","@id":"https:\/\/www.pigrecoemme.com\/blog\/#website","url":"https:\/\/www.pigrecoemme.com\/blog\/","name":"Scuola di Cinema Pigrecoemme - Blog","description":"Siamo la prima Scuola di Cinema e Fotografia di Napoli","publisher":{"@id":"https:\/\/www.pigrecoemme.com\/blog\/#organization"},"potentialAction":[{"@type":"SearchAction","target":{"@type":"EntryPoint","urlTemplate":"https:\/\/www.pigrecoemme.com\/blog\/?s={search_term_string}"},"query-input":{"@type":"PropertyValueSpecification","valueRequired":true,"valueName":"search_term_string"}}],"inLanguage":"it-IT"},{"@type":"Organization","@id":"https:\/\/www.pigrecoemme.com\/blog\/#organization","name":"Scuola di cinema e fotografia Pigrecoemme","url":"https:\/\/www.pigrecoemme.com\/blog\/","logo":{"@type":"ImageObject","inLanguage":"it-IT","@id":"https:\/\/www.pigrecoemme.com\/blog\/#\/schema\/logo\/image\/","url":"https:\/\/i0.wp.com\/www.pigrecoemme.com\/blog\/wp-content\/uploads\/2018\/06\/logo-pigrecoemme-2018.png?fit=500%2C500&ssl=1","contentUrl":"https:\/\/i0.wp.com\/www.pigrecoemme.com\/blog\/wp-content\/uploads\/2018\/06\/logo-pigrecoemme-2018.png?fit=500%2C500&ssl=1","width":500,"height":500,"caption":"Scuola di cinema e fotografia Pigrecoemme"},"image":{"@id":"https:\/\/www.pigrecoemme.com\/blog\/#\/schema\/logo\/image\/"},"sameAs":["https:\/\/www.facebook.com\/pigrecoemme","https:\/\/x.com\/Pigrecoemme","https:\/\/www.instagram.com\/pigrecoemme\/","https:\/\/www.linkedin.com\/company\/pigrecoemme\/","https:\/\/www.youtube.com\/pigrecoemme"]},{"@type":"Person","@id":"https:\/\/www.pigrecoemme.com\/blog\/#\/schema\/person\/57fa822c3d209d3a2612fd0411ae63f4","name":"Giacomo Fabbrocino","image":{"@type":"ImageObject","inLanguage":"it-IT","@id":"https:\/\/secure.gravatar.com\/avatar\/0e4dfd4d05c06a03fffaffeb36fb181415ba11b91a6b566fa2e8ada75927db32?s=96&r=g","url":"https:\/\/secure.gravatar.com\/avatar\/0e4dfd4d05c06a03fffaffeb36fb181415ba11b91a6b566fa2e8ada75927db32?s=96&r=g","contentUrl":"https:\/\/secure.gravatar.com\/avatar\/0e4dfd4d05c06a03fffaffeb36fb181415ba11b91a6b566fa2e8ada75927db32?s=96&r=g","caption":"Giacomo Fabbrocino"},"description":"Montatore cinematografico, autore di documentari sull'arte e di video d'artista, Giacomo \u00e8 responsabile della didattica e della comunicazione web della Scuola di Cinema, Fotografia e Televisione Pigrecoemme di Napoli.","sameAs":["http:\/\/www.pigrecoemme.com\/","https:\/\/www.facebook.com\/giacomo.fabbrocino"],"url":"https:\/\/www.pigrecoemme.com\/blog\/author\/giacomo-fabbrocino\/"}]}},"jetpack_sharing_enabled":true,"jetpack_likes_enabled":true,"jetpack-related-posts":[{"id":457,"url":"https:\/\/www.pigrecoemme.com\/blog\/storia-permanente-del-cinema-al-pan-ancora-film-gratuiti\/","url_meta":{"origin":429,"position":0},"title":"Storia permanente del cinema. Al Pan ancora film gratuiti","author":"Corrado Morra","date":"16 Gennaio 2012","format":false,"excerpt":"Riparte marted\u00ec 17 gennaio, negli spazi del PAN - Palazzo delle arti di Napoli, in via dei Mille 60, la rassegna Storia permanente del cinema. L\u2019evento, a cura della Scuola di cinema Pigrecoemme, della Mediateca S. Sofia del Comune di Napoli e del regista Marcello Sannino, in collaborazione con la\u2026","rel":"","context":"In &quot;Eventi&quot;","block_context":{"text":"Eventi","link":"https:\/\/www.pigrecoemme.com\/blog\/eventi\/"},"img":{"alt_text":"","src":"https:\/\/i0.wp.com\/www.pigrecoemme.com\/blog\/wp-content\/uploads\/2011\/10\/filmzone-pan.png?resize=350%2C200","width":350,"height":200},"classes":[]},{"id":486,"url":"https:\/\/www.pigrecoemme.com\/blog\/dal-15-marzo-al-pan-storie-di-cinema-e-rock\/","url_meta":{"origin":429,"position":1},"title":"Dal 15 marzo, al PAN, Storie di cinema e rock","author":"Giacomo Fabbrocino","date":"14 Marzo 2012","format":false,"excerpt":"Le mille sfaccettature del rapporto tra cinema e rock saranno declinate a partire da domani pomeriggio durante la rassegna cinematografica \u201cRock Around the Screen. Storie di cinema e musica pop\u201d, a cura di Diego Del Pozzo e Vincenzo Esposito. Il ciclo di rock movies, programmato nell\u2019ambito della manifestazione \u201cFilmzone \u2013\u2026","rel":"","context":"In &quot;Eventi&quot;","block_context":{"text":"Eventi","link":"https:\/\/www.pigrecoemme.com\/blog\/eventi\/"},"img":{"alt_text":"La copertina di Rock Around the Screen","src":"https:\/\/i0.wp.com\/www.pigrecoemme.com\/blog\/wp-content\/uploads\/2010\/01\/cinema-e-rock-199x300.jpg?resize=350%2C200","width":350,"height":200},"classes":[]},{"id":18,"url":"https:\/\/www.pigrecoemme.com\/blog\/salvatore-piscicelli-incontro-al-pan-il-prossimo-30-ottobre\/","url_meta":{"origin":429,"position":2},"title":"Salvatore Piscicelli: incontro al PAN il prossimo 30 ottobre","author":"Giacomo Fabbrocino","date":"26 Ottobre 2007","format":false,"excerpt":"Sulla scia del successo del recente ciclo d'incontri I film della mia vita, continuano gli appuntamenti sul cinema e sui suoi protagonisti della Mediateca S. Sofia: il prossimo marted\u00ec 30 ottobre sar\u00e0, infatti, Salvatore Piscicelli l'ospite di un interessante incontro al Pan in cui il regista napoletano, accompagnato dal critico\u2026","rel":"","context":"In &quot;Eventi&quot;","block_context":{"text":"Eventi","link":"https:\/\/www.pigrecoemme.com\/blog\/eventi\/"},"img":{"alt_text":"Invito incontro Piscicelli","src":"https:\/\/i0.wp.com\/farm3.static.flickr.com\/2199\/1759582031_8fe3c14b09_m.jpg?resize=350%2C200","width":350,"height":200},"classes":[]},{"id":589,"url":"https:\/\/www.pigrecoemme.com\/blog\/una-rassegna-sul-documentario-al-pan-e-i-nuovi-corsi-di-cinema-di-pigrecoemme\/","url_meta":{"origin":429,"position":3},"title":"Una rassegna sul documentario al PAN e i nuovi corsi di cinema di Pigrecoemme","author":"Giacomo Fabbrocino","date":"11 Dicembre 2012","format":false,"excerpt":"Tutto pronto per i nuovi corsi di cinema e fotografia di Pigrecoemme che partiranno a gennaio: anche quest'anno sono previsti sia moduli bimestrali (tra cui i collaudati corsi di Regia, Sceneggiatura e Montaggio), sia semestrali, come il nuovo corso Filmaker, un percorso di 160 ore, che, a un prezzo scontatissimo,\u2026","rel":"","context":"In &quot;Eventi&quot;","block_context":{"text":"Eventi","link":"https:\/\/www.pigrecoemme.com\/blog\/eventi\/"},"img":{"alt_text":"","src":"https:\/\/i0.wp.com\/www.pigrecoemme.com\/blog\/wp-content\/uploads\/2024\/03\/ficc-a-napoli.webp?resize=350%2C200&ssl=1","width":350,"height":200},"classes":[]},{"id":185,"url":"https:\/\/www.pigrecoemme.com\/blog\/ugo-caruso-al-pan-per-i-film-della-mia-vita\/","url_meta":{"origin":429,"position":4},"title":"Ugo G. Caruso al PAN per I film della mia vita","author":"Corrado Morra","date":"28 Ottobre 2009","format":false,"excerpt":"Continua domani, gioved\u00ec 29 ottobre, con il critico cinematografico Ugo G. Caruso, la quarta edizione della rassegna I film della mia vita. Alle 18,00 al pubblico del PAN di Napoli, Caruso presenter\u00e0 un serrato montaggio di sequenze da oltre cinquanta film, un patrimonio straordinario ed eterogeneo di suggestioni che costituiscono\u2026","rel":"","context":"In &quot;Eventi&quot;","block_context":{"text":"Eventi","link":"https:\/\/www.pigrecoemme.com\/blog\/eventi\/"},"img":{"alt_text":"","src":"","width":0,"height":0},"classes":[]},{"id":481,"url":"https:\/\/www.pigrecoemme.com\/blog\/valerio-caprara-presenta-linquilino-del-terzo-piano-al-pan\/","url_meta":{"origin":429,"position":5},"title":"Valerio Caprara presenta &#8220;L&#8217;inquilino del terzo piano&#8221; al PAN","author":"Giacomo Fabbrocino","date":"12 Marzo 2012","format":false,"excerpt":"Nell\u2019ambito della rassegna Storia permanente del cinema, al PAN, per il ciclo \u201cL\u2019ospite inatteso\u201d a cura della Scuola di cinema Pigrecoemme di Napoli, mercoled\u00ec 14 marzo 2012 alle ore 17,00 il critico cinematografico e presidente della Film Commission Regione Campania Valerio Caprara presenta il capolavoro di Roman Polanski, \"L\u2019inquilino del\u2026","rel":"","context":"In &quot;Eventi&quot;","block_context":{"text":"Eventi","link":"https:\/\/www.pigrecoemme.com\/blog\/eventi\/"},"img":{"alt_text":"Valerio Caprara","src":"https:\/\/i0.wp.com\/www.pigrecoemme.com\/blog\/wp-content\/uploads\/2012\/03\/valerio-caprara.jpg?resize=350%2C200","width":350,"height":200},"classes":[]}],"jetpack_featured_media_url":"","_links":{"self":[{"href":"https:\/\/www.pigrecoemme.com\/blog\/wp-json\/wp\/v2\/posts\/429","targetHints":{"allow":["GET"]}}],"collection":[{"href":"https:\/\/www.pigrecoemme.com\/blog\/wp-json\/wp\/v2\/posts"}],"about":[{"href":"https:\/\/www.pigrecoemme.com\/blog\/wp-json\/wp\/v2\/types\/post"}],"author":[{"embeddable":true,"href":"https:\/\/www.pigrecoemme.com\/blog\/wp-json\/wp\/v2\/users\/1"}],"replies":[{"embeddable":true,"href":"https:\/\/www.pigrecoemme.com\/blog\/wp-json\/wp\/v2\/comments?post=429"}],"version-history":[{"count":0,"href":"https:\/\/www.pigrecoemme.com\/blog\/wp-json\/wp\/v2\/posts\/429\/revisions"}],"wp:attachment":[{"href":"https:\/\/www.pigrecoemme.com\/blog\/wp-json\/wp\/v2\/media?parent=429"}],"wp:term":[{"taxonomy":"category","embeddable":true,"href":"https:\/\/www.pigrecoemme.com\/blog\/wp-json\/wp\/v2\/categories?post=429"},{"taxonomy":"post_tag","embeddable":true,"href":"https:\/\/www.pigrecoemme.com\/blog\/wp-json\/wp\/v2\/tags?post=429"}],"curies":[{"name":"wp","href":"https:\/\/api.w.org\/{rel}","templated":true}]}}