{"id":378,"date":"2011-06-30T04:01:21","date_gmt":"2011-06-30T02:01:21","guid":{"rendered":"http:\/\/www.pigrecoemme.com\/blog\/?p=378"},"modified":"2011-07-06T12:55:53","modified_gmt":"2011-07-06T10:55:53","slug":"faito-doc-festival-pigrecoemme-tra-i-partner","status":"publish","type":"post","link":"https:\/\/www.pigrecoemme.com\/blog\/faito-doc-festival-pigrecoemme-tra-i-partner\/","title":{"rendered":"Faito Doc Festival: Pigrecoemme tra i partner"},"content":{"rendered":"<figure id=\"attachment_379\" aria-describedby=\"caption-attachment-379\" style=\"width: 212px\" class=\"wp-caption alignleft\"><a href=\"https:\/\/i0.wp.com\/www.pigrecoemme.com\/blog\/wp-content\/uploads\/2011\/06\/locandina_fdf_2011.jpg?ssl=1\"><img data-recalc-dims=\"1\" loading=\"lazy\" decoding=\"async\" class=\"size-medium wp-image-379 \" title=\"Faito Doc Festival\" src=\"https:\/\/i0.wp.com\/www.pigrecoemme.com\/blog\/wp-content\/uploads\/2011\/06\/locandina_fdf_2011.jpg?resize=212%2C300&#038;ssl=1\" alt=\"La locandina del Faito Doc Festival\" width=\"212\" height=\"300\" srcset=\"https:\/\/i0.wp.com\/www.pigrecoemme.com\/blog\/wp-content\/uploads\/2011\/06\/locandina_fdf_2011.jpg?resize=212%2C300&amp;ssl=1 212w, https:\/\/i0.wp.com\/www.pigrecoemme.com\/blog\/wp-content\/uploads\/2011\/06\/locandina_fdf_2011.jpg?w=428&amp;ssl=1 428w\" sizes=\"auto, (max-width: 212px) 100vw, 212px\" \/><\/a><figcaption id=\"caption-attachment-379\" class=\"wp-caption-text\">La locandina del Faito Doc Festival<\/figcaption><\/figure>\n<p>Dal <strong>6 al 10 luglio 2011<\/strong> si terr\u00e0 la quarta edizione del <strong>Faito Doc Festival<\/strong>, festival internazionale e tematico del documentario che quest&#8217;anno sar\u00e0 dedicato all&#8217;<em>identit\u00e0<\/em>.<br \/>\nIl festival prevede il <strong>concorso cinematografico internazionale<\/strong>, che propone la proiezione di 11\u00a0documentari lungometraggi e 9 cortometraggi provenienti da Belgio, Francia, Estonia, Israele,<br \/>\nPolonia, Italia, Bangladesh, Spagna, Iran e Finlandia.<br \/>\nRicca anche la sezione non competitiva <strong>Campania DOC<\/strong>: 6 opere che toccano tematiche proprie del territorio campano.<br \/>\nDue i premi: quello \u201cdel pubblico\u201d e un quello \u201cPremio Miglior Documentario\u201d assegnato da una giuria di professionisti, tra cui registi vincitori delle passate edizioni e ospiti illustri: Altugy Ilmaz (TR, giornalista Agos), Maurizio Del Bufalo (direttore di Cinema e Diritti), Sabrina\u00a0Varani (direttore della fotografia), Salvatore Fronio (regista) e Maria Grazia Caso ( Mediterraneo Video Festival).<\/p>\n<p>L\u2019evento avr\u00e0 quest\u2019anno una doppia location: il <strong>Monte Faito<\/strong> &#8211; parco naturale sulla cima di una montagna\u00a0che abbraccia il mare, la penisola sorrentina, il golfo di Napoli, il Vesuvio, le isole e la costiera amalfitana &#8211;\u00a0<strong>e la Sala Multimediale nel Chiostro S.S. Trinit\u00e0 di Vico Equense<\/strong>, luogo ormai da tempo deputato per\u00a0i principali eventi culturali e artistici del Comune, grazie alla sua bellezza, alla sua centralit\u00e0 ed alla sua\u00a0posizione strategica.<\/p>\n<h3>La partecipazione di Pigrecoemme<\/h3>\n<p>Tra i partner del Faito Doc Festival  anche la\u00a0<a href=\"http:\/\/www.pigrecoemme.com\">Scuola di cinema, televisone e fotografia Pigrecoemme di Napoli<\/a> ai cui ex allievi, ormai professionisti dell&#8217;audiovisivo,  \u00e8 riservato uno spazio<strong> domenica 10 luglio<\/strong>, dalle 16,00 alle 18,30.<br \/>\nI documentari proiettati (Piazzale Funivia del Monte Faito) saranno <strong>Midnight Bingo<\/strong> (28&#8242;) di <a href=\"http:\/\/www.cinemaitaliano.info\/pers\/028067\/antonio-longo-ii.html\">Antonio Longo<\/a> e due lavori di <a href=\"http:\/\/www.cinemaitaliano.info\/pers\/011283\/emanuele-vernillo.html\">Emanuele Vernillo<\/a>: <strong>La citt\u00e0  immaginata<\/strong> (9&#8217;48&#8221;) e <strong>Un buio perfetto<\/strong> (9&#8217;24&#8221;).<\/p>\n<p style=\"text-align: center;\"><object classid=\"clsid:d27cdb6e-ae6d-11cf-96b8-444553540000\" width=\"400\" height=\"255\" codebase=\"http:\/\/download.macromedia.com\/pub\/shockwave\/cabs\/flash\/swflash.cab#version=6,0,40,0\"><param name=\"allowFullScreen\" value=\"true\" \/><param name=\"allowscriptaccess\" value=\"always\" \/><param name=\"src\" value=\"http:\/\/www.youtube.com\/v\/AY4GO6tk1b0?fs=1&amp;hl=it_IT&amp;hd=1\" \/><\/object><\/p>\n<p>Longo, dopo aver realizzato l&#8217;importante <strong>Una storia invisibile<\/strong>, si occupa di un fenomeno al contempo bizzarro e tragico: il bingo clandestino organizzato a Napoli per proteggersi dalle morse, forse ben pi\u00f9 pericolose, del bingo legale.<br \/>\nVernillo investiga, con uno sguardo sospeso tra poesia e documentazione, il quotidiano, i sogni, la voglia di raccontarsi e di conoscere e le mille suggestioni di alcuni immigrati a Napoli.\n<\/p>\n<p style=\"text-align: center;\"><a href=\"https:\/\/i0.wp.com\/www.faitodocfestival.it\/IT\/Schede\/faitofestival_catalogo2011%2029_1.jpg\"><img data-recalc-dims=\"1\" loading=\"lazy\" decoding=\"async\" class=\"aligncenter\" src=\"https:\/\/i0.wp.com\/www.faitodocfestival.it\/IT\/Schede\/faitofestival_catalogo2011%2029_1.jpg?resize=329%2C220\" alt=\"\" width=\"329\" height=\"220\" \/><\/a><\/p>\n<p style=\"text-align: center;\">\n<p>Per maggiori informazioni consultare il sito <a href=\"http:\/\/www.faitodocfestival.it\">www.faitodocfestival.it<\/a><\/p>\n","protected":false},"excerpt":{"rendered":"<p>Dal 6 al 10 luglio 2011 si terr\u00e0 la quarta edizione del Faito Doc Festival, festival internazionale e tematico del documentario che quest&#8217;anno sar\u00e0 dedicato all&#8217;identit\u00e0. Il festival prevede il concorso cinematografico internazionale, che&hellip;<\/p>\n","protected":false},"author":1,"featured_media":0,"comment_status":"open","ping_status":"open","sticky":false,"template":"","format":"standard","meta":{"_jetpack_newsletter_access":"","_jetpack_dont_email_post_to_subs":false,"_jetpack_newsletter_tier_id":0,"_jetpack_memberships_contains_paywalled_content":false,"_jetpack_feature_clip_id":0,"_jetpack_memberships_contains_paid_content":false,"footnotes":"","jetpack_post_was_ever_published":false},"categories":[11,1,12],"tags":[536,136,571,573,572,538],"class_list":["post-378","post","type-post","status-publish","format-standard","hentry","category-eventi","category-generale","category-produzioni","tag-antonio-longo","tag-documentario","tag-emanuele-vernillo","tag-ex-all","tag-faito-doc-festival","tag-midnight-bingo"],"yoast_head":"<!-- This site is optimized with the Yoast SEO plugin v28.4 - https:\/\/yoast.com\/product\/yoast-seo-wordpress\/ -->\n<title>Faito Doc Festival: Pigrecoemme tra i partner<\/title>\n<meta name=\"robots\" content=\"index, follow, max-snippet:-1, max-image-preview:large, max-video-preview:-1\" \/>\n<link rel=\"canonical\" href=\"https:\/\/www.pigrecoemme.com\/blog\/faito-doc-festival-pigrecoemme-tra-i-partner\/\" \/>\n<meta property=\"og:locale\" content=\"it_IT\" \/>\n<meta property=\"og:type\" content=\"article\" \/>\n<meta property=\"og:title\" content=\"Faito Doc Festival: Pigrecoemme tra i partner\" \/>\n<meta property=\"og:description\" content=\"Dal 6 al 10 luglio 2011 si terr\u00e0 la quarta edizione del Faito Doc Festival, festival internazionale e tematico del documentario che quest&#8217;anno sar\u00e0 dedicato all&#8217;identit\u00e0. Il festival prevede il concorso cinematografico internazionale, che propone la proiezione di 11\u00a0documentari lungometraggi &hellip; Continue reading &rarr;\" \/>\n<meta property=\"og:url\" content=\"https:\/\/www.pigrecoemme.com\/blog\/faito-doc-festival-pigrecoemme-tra-i-partner\/\" \/>\n<meta property=\"og:site_name\" content=\"Scuola di Cinema Pigrecoemme - Blog\" \/>\n<meta property=\"article:publisher\" content=\"https:\/\/www.facebook.com\/pigrecoemme\" \/>\n<meta property=\"article:author\" content=\"https:\/\/www.facebook.com\/giacomo.fabbrocino\" \/>\n<meta property=\"article:published_time\" content=\"2011-06-30T02:01:21+00:00\" \/>\n<meta property=\"article:modified_time\" content=\"2011-07-06T10:55:53+00:00\" \/>\n<meta property=\"og:image\" content=\"http:\/\/www.pigrecoemme.com\/blog\/wp-content\/uploads\/2011\/06\/locandina_fdf_2011-212x300.jpg\" \/>\n<meta name=\"author\" content=\"Giacomo Fabbrocino\" \/>\n<meta name=\"twitter:card\" content=\"summary_large_image\" \/>\n<meta name=\"twitter:creator\" content=\"@Pigrecoemme\" \/>\n<meta name=\"twitter:site\" content=\"@Pigrecoemme\" \/>\n<meta name=\"twitter:label1\" content=\"Scritto da\" \/>\n\t<meta name=\"twitter:data1\" content=\"Giacomo Fabbrocino\" \/>\n\t<meta name=\"twitter:label2\" content=\"Tempo di lettura stimato\" \/>\n\t<meta name=\"twitter:data2\" content=\"2 minuti\" \/>\n<script type=\"application\/ld+json\" class=\"yoast-schema-graph\">{\"@context\":\"https:\\\/\\\/schema.org\",\"@graph\":[{\"@type\":[\"Article\",\"BlogPosting\"],\"@id\":\"https:\\\/\\\/www.pigrecoemme.com\\\/blog\\\/faito-doc-festival-pigrecoemme-tra-i-partner\\\/#article\",\"isPartOf\":{\"@id\":\"https:\\\/\\\/www.pigrecoemme.com\\\/blog\\\/faito-doc-festival-pigrecoemme-tra-i-partner\\\/\"},\"author\":{\"name\":\"Giacomo Fabbrocino\",\"@id\":\"https:\\\/\\\/www.pigrecoemme.com\\\/blog\\\/#\\\/schema\\\/person\\\/57fa822c3d209d3a2612fd0411ae63f4\"},\"headline\":\"Faito Doc Festival: Pigrecoemme tra i partner\",\"datePublished\":\"2011-06-30T02:01:21+00:00\",\"dateModified\":\"2011-07-06T10:55:53+00:00\",\"mainEntityOfPage\":{\"@id\":\"https:\\\/\\\/www.pigrecoemme.com\\\/blog\\\/faito-doc-festival-pigrecoemme-tra-i-partner\\\/\"},\"wordCount\":363,\"commentCount\":0,\"publisher\":{\"@id\":\"https:\\\/\\\/www.pigrecoemme.com\\\/blog\\\/#organization\"},\"image\":{\"@id\":\"https:\\\/\\\/www.pigrecoemme.com\\\/blog\\\/faito-doc-festival-pigrecoemme-tra-i-partner\\\/#primaryimage\"},\"thumbnailUrl\":\"http:\\\/\\\/www.pigrecoemme.com\\\/blog\\\/wp-content\\\/uploads\\\/2011\\\/06\\\/locandina_fdf_2011-212x300.jpg\",\"keywords\":[\"antonio longo\",\"documentario\",\"emanuele vernillo\",\"ex all\",\"faito doc festival\",\"midnight bingo\"],\"articleSection\":[\"Eventi\",\"Generale\",\"Produzioni\"],\"inLanguage\":\"it-IT\",\"potentialAction\":[{\"@type\":\"CommentAction\",\"name\":\"Comment\",\"target\":[\"https:\\\/\\\/www.pigrecoemme.com\\\/blog\\\/faito-doc-festival-pigrecoemme-tra-i-partner\\\/#respond\"]}]},{\"@type\":\"WebPage\",\"@id\":\"https:\\\/\\\/www.pigrecoemme.com\\\/blog\\\/faito-doc-festival-pigrecoemme-tra-i-partner\\\/\",\"url\":\"https:\\\/\\\/www.pigrecoemme.com\\\/blog\\\/faito-doc-festival-pigrecoemme-tra-i-partner\\\/\",\"name\":\"Faito Doc Festival: Pigrecoemme tra i partner\",\"isPartOf\":{\"@id\":\"https:\\\/\\\/www.pigrecoemme.com\\\/blog\\\/#website\"},\"primaryImageOfPage\":{\"@id\":\"https:\\\/\\\/www.pigrecoemme.com\\\/blog\\\/faito-doc-festival-pigrecoemme-tra-i-partner\\\/#primaryimage\"},\"image\":{\"@id\":\"https:\\\/\\\/www.pigrecoemme.com\\\/blog\\\/faito-doc-festival-pigrecoemme-tra-i-partner\\\/#primaryimage\"},\"thumbnailUrl\":\"http:\\\/\\\/www.pigrecoemme.com\\\/blog\\\/wp-content\\\/uploads\\\/2011\\\/06\\\/locandina_fdf_2011-212x300.jpg\",\"datePublished\":\"2011-06-30T02:01:21+00:00\",\"dateModified\":\"2011-07-06T10:55:53+00:00\",\"breadcrumb\":{\"@id\":\"https:\\\/\\\/www.pigrecoemme.com\\\/blog\\\/faito-doc-festival-pigrecoemme-tra-i-partner\\\/#breadcrumb\"},\"inLanguage\":\"it-IT\",\"potentialAction\":[{\"@type\":\"ReadAction\",\"target\":[\"https:\\\/\\\/www.pigrecoemme.com\\\/blog\\\/faito-doc-festival-pigrecoemme-tra-i-partner\\\/\"]}]},{\"@type\":\"ImageObject\",\"inLanguage\":\"it-IT\",\"@id\":\"https:\\\/\\\/www.pigrecoemme.com\\\/blog\\\/faito-doc-festival-pigrecoemme-tra-i-partner\\\/#primaryimage\",\"url\":\"http:\\\/\\\/www.pigrecoemme.com\\\/blog\\\/wp-content\\\/uploads\\\/2011\\\/06\\\/locandina_fdf_2011-212x300.jpg\",\"contentUrl\":\"http:\\\/\\\/www.pigrecoemme.com\\\/blog\\\/wp-content\\\/uploads\\\/2011\\\/06\\\/locandina_fdf_2011-212x300.jpg\"},{\"@type\":\"BreadcrumbList\",\"@id\":\"https:\\\/\\\/www.pigrecoemme.com\\\/blog\\\/faito-doc-festival-pigrecoemme-tra-i-partner\\\/#breadcrumb\",\"itemListElement\":[{\"@type\":\"ListItem\",\"position\":1,\"name\":\"Home\",\"item\":\"https:\\\/\\\/www.pigrecoemme.com\\\/blog\\\/\"},{\"@type\":\"ListItem\",\"position\":2,\"name\":\"Faito Doc Festival: Pigrecoemme tra i partner\"}]},{\"@type\":\"WebSite\",\"@id\":\"https:\\\/\\\/www.pigrecoemme.com\\\/blog\\\/#website\",\"url\":\"https:\\\/\\\/www.pigrecoemme.com\\\/blog\\\/\",\"name\":\"Scuola di Cinema Pigrecoemme - Blog\",\"description\":\"Siamo la prima Scuola di Cinema e Fotografia di Napoli\",\"publisher\":{\"@id\":\"https:\\\/\\\/www.pigrecoemme.com\\\/blog\\\/#organization\"},\"potentialAction\":[{\"@type\":\"SearchAction\",\"target\":{\"@type\":\"EntryPoint\",\"urlTemplate\":\"https:\\\/\\\/www.pigrecoemme.com\\\/blog\\\/?s={search_term_string}\"},\"query-input\":{\"@type\":\"PropertyValueSpecification\",\"valueRequired\":true,\"valueName\":\"search_term_string\"}}],\"inLanguage\":\"it-IT\"},{\"@type\":\"Organization\",\"@id\":\"https:\\\/\\\/www.pigrecoemme.com\\\/blog\\\/#organization\",\"name\":\"Scuola di cinema e fotografia Pigrecoemme\",\"url\":\"https:\\\/\\\/www.pigrecoemme.com\\\/blog\\\/\",\"logo\":{\"@type\":\"ImageObject\",\"inLanguage\":\"it-IT\",\"@id\":\"https:\\\/\\\/www.pigrecoemme.com\\\/blog\\\/#\\\/schema\\\/logo\\\/image\\\/\",\"url\":\"https:\\\/\\\/i0.wp.com\\\/www.pigrecoemme.com\\\/blog\\\/wp-content\\\/uploads\\\/2018\\\/06\\\/logo-pigrecoemme-2018.png?fit=500%2C500&ssl=1\",\"contentUrl\":\"https:\\\/\\\/i0.wp.com\\\/www.pigrecoemme.com\\\/blog\\\/wp-content\\\/uploads\\\/2018\\\/06\\\/logo-pigrecoemme-2018.png?fit=500%2C500&ssl=1\",\"width\":500,\"height\":500,\"caption\":\"Scuola di cinema e fotografia Pigrecoemme\"},\"image\":{\"@id\":\"https:\\\/\\\/www.pigrecoemme.com\\\/blog\\\/#\\\/schema\\\/logo\\\/image\\\/\"},\"sameAs\":[\"https:\\\/\\\/www.facebook.com\\\/pigrecoemme\",\"https:\\\/\\\/x.com\\\/Pigrecoemme\",\"https:\\\/\\\/www.instagram.com\\\/pigrecoemme\\\/\",\"https:\\\/\\\/www.linkedin.com\\\/company\\\/pigrecoemme\\\/\",\"https:\\\/\\\/www.youtube.com\\\/pigrecoemme\"]},{\"@type\":\"Person\",\"@id\":\"https:\\\/\\\/www.pigrecoemme.com\\\/blog\\\/#\\\/schema\\\/person\\\/57fa822c3d209d3a2612fd0411ae63f4\",\"name\":\"Giacomo Fabbrocino\",\"image\":{\"@type\":\"ImageObject\",\"inLanguage\":\"it-IT\",\"@id\":\"https:\\\/\\\/secure.gravatar.com\\\/avatar\\\/0e4dfd4d05c06a03fffaffeb36fb181415ba11b91a6b566fa2e8ada75927db32?s=96&r=g\",\"url\":\"https:\\\/\\\/secure.gravatar.com\\\/avatar\\\/0e4dfd4d05c06a03fffaffeb36fb181415ba11b91a6b566fa2e8ada75927db32?s=96&r=g\",\"contentUrl\":\"https:\\\/\\\/secure.gravatar.com\\\/avatar\\\/0e4dfd4d05c06a03fffaffeb36fb181415ba11b91a6b566fa2e8ada75927db32?s=96&r=g\",\"caption\":\"Giacomo Fabbrocino\"},\"description\":\"Montatore cinematografico, autore di documentari sull'arte e di video d'artista, Giacomo \u00e8 responsabile della didattica e della comunicazione web della Scuola di Cinema, Fotografia e Televisione Pigrecoemme di Napoli.\",\"sameAs\":[\"http:\\\/\\\/www.pigrecoemme.com\\\/\",\"https:\\\/\\\/www.facebook.com\\\/giacomo.fabbrocino\"],\"url\":\"https:\\\/\\\/www.pigrecoemme.com\\\/blog\\\/author\\\/giacomo-fabbrocino\\\/\"}]}<\/script>\n<!-- \/ Yoast SEO plugin. -->","yoast_head_json":{"title":"Faito Doc Festival: Pigrecoemme tra i partner","robots":{"index":"index","follow":"follow","max-snippet":"max-snippet:-1","max-image-preview":"max-image-preview:large","max-video-preview":"max-video-preview:-1"},"canonical":"https:\/\/www.pigrecoemme.com\/blog\/faito-doc-festival-pigrecoemme-tra-i-partner\/","og_locale":"it_IT","og_type":"article","og_title":"Faito Doc Festival: Pigrecoemme tra i partner","og_description":"Dal 6 al 10 luglio 2011 si terr\u00e0 la quarta edizione del Faito Doc Festival, festival internazionale e tematico del documentario che quest&#8217;anno sar\u00e0 dedicato all&#8217;identit\u00e0. Il festival prevede il concorso cinematografico internazionale, che propone la proiezione di 11\u00a0documentari lungometraggi &hellip; Continue reading &rarr;","og_url":"https:\/\/www.pigrecoemme.com\/blog\/faito-doc-festival-pigrecoemme-tra-i-partner\/","og_site_name":"Scuola di Cinema Pigrecoemme - Blog","article_publisher":"https:\/\/www.facebook.com\/pigrecoemme","article_author":"https:\/\/www.facebook.com\/giacomo.fabbrocino","article_published_time":"2011-06-30T02:01:21+00:00","article_modified_time":"2011-07-06T10:55:53+00:00","og_image":[{"url":"http:\/\/www.pigrecoemme.com\/blog\/wp-content\/uploads\/2011\/06\/locandina_fdf_2011-212x300.jpg","type":"","width":"","height":""}],"author":"Giacomo Fabbrocino","twitter_card":"summary_large_image","twitter_creator":"@Pigrecoemme","twitter_site":"@Pigrecoemme","twitter_misc":{"Scritto da":"Giacomo Fabbrocino","Tempo di lettura stimato":"2 minuti"},"schema":{"@context":"https:\/\/schema.org","@graph":[{"@type":["Article","BlogPosting"],"@id":"https:\/\/www.pigrecoemme.com\/blog\/faito-doc-festival-pigrecoemme-tra-i-partner\/#article","isPartOf":{"@id":"https:\/\/www.pigrecoemme.com\/blog\/faito-doc-festival-pigrecoemme-tra-i-partner\/"},"author":{"name":"Giacomo Fabbrocino","@id":"https:\/\/www.pigrecoemme.com\/blog\/#\/schema\/person\/57fa822c3d209d3a2612fd0411ae63f4"},"headline":"Faito Doc Festival: Pigrecoemme tra i partner","datePublished":"2011-06-30T02:01:21+00:00","dateModified":"2011-07-06T10:55:53+00:00","mainEntityOfPage":{"@id":"https:\/\/www.pigrecoemme.com\/blog\/faito-doc-festival-pigrecoemme-tra-i-partner\/"},"wordCount":363,"commentCount":0,"publisher":{"@id":"https:\/\/www.pigrecoemme.com\/blog\/#organization"},"image":{"@id":"https:\/\/www.pigrecoemme.com\/blog\/faito-doc-festival-pigrecoemme-tra-i-partner\/#primaryimage"},"thumbnailUrl":"http:\/\/www.pigrecoemme.com\/blog\/wp-content\/uploads\/2011\/06\/locandina_fdf_2011-212x300.jpg","keywords":["antonio longo","documentario","emanuele vernillo","ex all","faito doc festival","midnight bingo"],"articleSection":["Eventi","Generale","Produzioni"],"inLanguage":"it-IT","potentialAction":[{"@type":"CommentAction","name":"Comment","target":["https:\/\/www.pigrecoemme.com\/blog\/faito-doc-festival-pigrecoemme-tra-i-partner\/#respond"]}]},{"@type":"WebPage","@id":"https:\/\/www.pigrecoemme.com\/blog\/faito-doc-festival-pigrecoemme-tra-i-partner\/","url":"https:\/\/www.pigrecoemme.com\/blog\/faito-doc-festival-pigrecoemme-tra-i-partner\/","name":"Faito Doc Festival: Pigrecoemme tra i partner","isPartOf":{"@id":"https:\/\/www.pigrecoemme.com\/blog\/#website"},"primaryImageOfPage":{"@id":"https:\/\/www.pigrecoemme.com\/blog\/faito-doc-festival-pigrecoemme-tra-i-partner\/#primaryimage"},"image":{"@id":"https:\/\/www.pigrecoemme.com\/blog\/faito-doc-festival-pigrecoemme-tra-i-partner\/#primaryimage"},"thumbnailUrl":"http:\/\/www.pigrecoemme.com\/blog\/wp-content\/uploads\/2011\/06\/locandina_fdf_2011-212x300.jpg","datePublished":"2011-06-30T02:01:21+00:00","dateModified":"2011-07-06T10:55:53+00:00","breadcrumb":{"@id":"https:\/\/www.pigrecoemme.com\/blog\/faito-doc-festival-pigrecoemme-tra-i-partner\/#breadcrumb"},"inLanguage":"it-IT","potentialAction":[{"@type":"ReadAction","target":["https:\/\/www.pigrecoemme.com\/blog\/faito-doc-festival-pigrecoemme-tra-i-partner\/"]}]},{"@type":"ImageObject","inLanguage":"it-IT","@id":"https:\/\/www.pigrecoemme.com\/blog\/faito-doc-festival-pigrecoemme-tra-i-partner\/#primaryimage","url":"http:\/\/www.pigrecoemme.com\/blog\/wp-content\/uploads\/2011\/06\/locandina_fdf_2011-212x300.jpg","contentUrl":"http:\/\/www.pigrecoemme.com\/blog\/wp-content\/uploads\/2011\/06\/locandina_fdf_2011-212x300.jpg"},{"@type":"BreadcrumbList","@id":"https:\/\/www.pigrecoemme.com\/blog\/faito-doc-festival-pigrecoemme-tra-i-partner\/#breadcrumb","itemListElement":[{"@type":"ListItem","position":1,"name":"Home","item":"https:\/\/www.pigrecoemme.com\/blog\/"},{"@type":"ListItem","position":2,"name":"Faito Doc Festival: Pigrecoemme tra i partner"}]},{"@type":"WebSite","@id":"https:\/\/www.pigrecoemme.com\/blog\/#website","url":"https:\/\/www.pigrecoemme.com\/blog\/","name":"Scuola di Cinema Pigrecoemme - Blog","description":"Siamo la prima Scuola di Cinema e Fotografia di Napoli","publisher":{"@id":"https:\/\/www.pigrecoemme.com\/blog\/#organization"},"potentialAction":[{"@type":"SearchAction","target":{"@type":"EntryPoint","urlTemplate":"https:\/\/www.pigrecoemme.com\/blog\/?s={search_term_string}"},"query-input":{"@type":"PropertyValueSpecification","valueRequired":true,"valueName":"search_term_string"}}],"inLanguage":"it-IT"},{"@type":"Organization","@id":"https:\/\/www.pigrecoemme.com\/blog\/#organization","name":"Scuola di cinema e fotografia Pigrecoemme","url":"https:\/\/www.pigrecoemme.com\/blog\/","logo":{"@type":"ImageObject","inLanguage":"it-IT","@id":"https:\/\/www.pigrecoemme.com\/blog\/#\/schema\/logo\/image\/","url":"https:\/\/i0.wp.com\/www.pigrecoemme.com\/blog\/wp-content\/uploads\/2018\/06\/logo-pigrecoemme-2018.png?fit=500%2C500&ssl=1","contentUrl":"https:\/\/i0.wp.com\/www.pigrecoemme.com\/blog\/wp-content\/uploads\/2018\/06\/logo-pigrecoemme-2018.png?fit=500%2C500&ssl=1","width":500,"height":500,"caption":"Scuola di cinema e fotografia Pigrecoemme"},"image":{"@id":"https:\/\/www.pigrecoemme.com\/blog\/#\/schema\/logo\/image\/"},"sameAs":["https:\/\/www.facebook.com\/pigrecoemme","https:\/\/x.com\/Pigrecoemme","https:\/\/www.instagram.com\/pigrecoemme\/","https:\/\/www.linkedin.com\/company\/pigrecoemme\/","https:\/\/www.youtube.com\/pigrecoemme"]},{"@type":"Person","@id":"https:\/\/www.pigrecoemme.com\/blog\/#\/schema\/person\/57fa822c3d209d3a2612fd0411ae63f4","name":"Giacomo Fabbrocino","image":{"@type":"ImageObject","inLanguage":"it-IT","@id":"https:\/\/secure.gravatar.com\/avatar\/0e4dfd4d05c06a03fffaffeb36fb181415ba11b91a6b566fa2e8ada75927db32?s=96&r=g","url":"https:\/\/secure.gravatar.com\/avatar\/0e4dfd4d05c06a03fffaffeb36fb181415ba11b91a6b566fa2e8ada75927db32?s=96&r=g","contentUrl":"https:\/\/secure.gravatar.com\/avatar\/0e4dfd4d05c06a03fffaffeb36fb181415ba11b91a6b566fa2e8ada75927db32?s=96&r=g","caption":"Giacomo Fabbrocino"},"description":"Montatore cinematografico, autore di documentari sull'arte e di video d'artista, Giacomo \u00e8 responsabile della didattica e della comunicazione web della Scuola di Cinema, Fotografia e Televisione Pigrecoemme di Napoli.","sameAs":["http:\/\/www.pigrecoemme.com\/","https:\/\/www.facebook.com\/giacomo.fabbrocino"],"url":"https:\/\/www.pigrecoemme.com\/blog\/author\/giacomo-fabbrocino\/"}]}},"jetpack_sharing_enabled":true,"jetpack_likes_enabled":true,"jetpack-related-posts":[{"id":534,"url":"https:\/\/www.pigrecoemme.com\/blog\/al-faito-doc-festival-un-interessante-workshop-di-direzione-della-fotografia\/","url_meta":{"origin":378,"position":0},"title":"Al Faito Doc Festival, un interessante Workshop di Direzione della fotografia","author":"Corrado Morra","date":"25 Luglio 2012","format":false,"excerpt":"La Direzione della fotografia al servizio del cinema. \u00c8 questo il titolo dell'interessante workshop dedicato ai segreti della luce nella Settima arte, tenuto, nell'ambito del Faito Doc Festival, da Michel Baudour, direttore della Fotografia belga, direttore della fotografia e documentarista, com una lunga carrierra televisiva, formatosi alla INSAS di Bruxelles.\u2026","rel":"","context":"In &quot;Eventi&quot;","block_context":{"text":"Eventi","link":"https:\/\/www.pigrecoemme.com\/blog\/eventi\/"},"img":{"alt_text":"","src":"https:\/\/i0.wp.com\/www.pigrecoemme.com\/blog\/wp-content\/uploads\/2012\/07\/michel-baudour-300x300.jpg?resize=350%2C200","width":350,"height":200},"classes":[]},{"id":532,"url":"https:\/\/www.pigrecoemme.com\/blog\/al-via-il-faito-doc-festival-con-un-pizzico-di-follia-e-di-pigrecoemme\/","url_meta":{"origin":378,"position":1},"title":"Al via il Faito Doc Festival, con un pizzico di follia (e di Pigrecoemme&#8230;)","author":"Corrado Morra","date":"24 Luglio 2012","format":false,"excerpt":"Dal 22 al 26 agosto 2012 ritorna il Faito Doc Festival, l'interessante rassegna estiva dedicata al documentario e al cinema d\u2019autore, ora alla quinta edizione. Tema di quest'anno la Follia. Tanti gli eventi e le proiezioni, con una breve sezione dedicata alla Scuola di cinema Pigrecoemme.","rel":"","context":"In &quot;Eventi&quot;","block_context":{"text":"Eventi","link":"https:\/\/www.pigrecoemme.com\/blog\/eventi\/"},"img":{"alt_text":"","src":"https:\/\/i0.wp.com\/www.pigrecoemme.com\/blog\/wp-content\/uploads\/2012\/07\/faito-doc-festival-213x300.jpg?resize=350%2C200","width":350,"height":200},"classes":[]},{"id":382,"url":"https:\/\/www.pigrecoemme.com\/blog\/il-2%c2%b0-cinemavvenire-video-festival-premia-midnight-bingo\/","url_meta":{"origin":378,"position":2},"title":"Il 2\u00b0 Cinemavvenire Video Festival premia Midnight Bingo","author":"Giacomo Fabbrocino","date":"6 Luglio 2011","format":false,"excerpt":"Siamo molto contenti di comunicare a chi ci segue che il documentario \"Midnight Bingo\" realizzato da Antonio Longo - ex partecipante ai nostri corsi - con il nostro contributo (il montaggio e di Rosario Gallone e il color grading di Giacomo Fabbrocino) ha ottenuto la menzione speciale per i migliori\u2026","rel":"","context":"In &quot;Generale&quot;","block_context":{"text":"Generale","link":"https:\/\/www.pigrecoemme.com\/blog\/generale\/"},"img":{"alt_text":"","src":"https:\/\/i0.wp.com\/img195.imageshack.us\/img195\/9969\/inabingosmall.jpg?resize=350%2C200","width":350,"height":200},"classes":[]},{"id":2485,"url":"https:\/\/www.pigrecoemme.com\/blog\/pigrecoemme-al-napoli-film-festival-2019\/","url_meta":{"origin":378,"position":3},"title":"Tris di Pigrecoemme al Napoli Film Festival 2019.","author":"Pigrecoemme","date":"19 Settembre 2019","format":false,"excerpt":"La Pigrecoemme \u00e8 presente al Napoli Film Festival 2019 con tre produzioni, tutte realizzate coinvolgendo allievi ed ex allievi. Flavioh - Tributo a Flavio Bucci Di questo documentario vi abbiamo gi\u00e0 parlato nel corso dell'ultimo anno: presentato alla Festa del cinema di Roma il 20 ottobre del 2018, il film\u2026","rel":"","context":"In &quot;Generale&quot;","block_context":{"text":"Generale","link":"https:\/\/www.pigrecoemme.com\/blog\/generale\/"},"img":{"alt_text":"Napoli Film Festival 2019","src":"https:\/\/i0.wp.com\/www.pigrecoemme.com\/blog\/wp-content\/uploads\/2019\/09\/napoli-film-festival-2019-pigrecoemme.jpg?resize=350%2C200","width":350,"height":200,"srcset":"https:\/\/i0.wp.com\/www.pigrecoemme.com\/blog\/wp-content\/uploads\/2019\/09\/napoli-film-festival-2019-pigrecoemme.jpg?resize=350%2C200 1x, https:\/\/i0.wp.com\/www.pigrecoemme.com\/blog\/wp-content\/uploads\/2019\/09\/napoli-film-festival-2019-pigrecoemme.jpg?resize=525%2C300 1.5x, https:\/\/i0.wp.com\/www.pigrecoemme.com\/blog\/wp-content\/uploads\/2019\/09\/napoli-film-festival-2019-pigrecoemme.jpg?resize=700%2C400 2x, https:\/\/i0.wp.com\/www.pigrecoemme.com\/blog\/wp-content\/uploads\/2019\/09\/napoli-film-festival-2019-pigrecoemme.jpg?resize=1050%2C600 3x, https:\/\/i0.wp.com\/www.pigrecoemme.com\/blog\/wp-content\/uploads\/2019\/09\/napoli-film-festival-2019-pigrecoemme.jpg?resize=1400%2C800 4x"},"classes":[]},{"id":688,"url":"https:\/\/www.pigrecoemme.com\/blog\/pigrecoemme-al-napoli-film-festival-2013\/","url_meta":{"origin":378,"position":4},"title":"Pigrecoemme al Napoli Film Festival 2013","author":"Giacomo Fabbrocino","date":"4 Settembre 2013","format":false,"excerpt":"Anche quest'anno, al Napoli Film Festival, \u00e8 di tutto rispetto la presenza di nostri ex allievi e di produzioni che ci vedono a vario titolo coinvolti. Il documentario Ero un Re di Antonio Longo, gi\u00e0 premiato due anni fa al festival partenopeo per Midnight Bingo, \u00e8 in concorso nella sezione\u00a0SchermoNapoli\u2026","rel":"","context":"In &quot;Eventi&quot;","block_context":{"text":"Eventi","link":"https:\/\/www.pigrecoemme.com\/blog\/eventi\/"},"img":{"alt_text":"","src":"https:\/\/i0.wp.com\/www.pigrecoemme.com\/blog\/wp-content\/uploads\/2013\/09\/napoli-film-festival-2013.jpg?resize=350%2C200","width":350,"height":200},"classes":[]},{"id":274,"url":"https:\/\/www.pigrecoemme.com\/blog\/la-palla-a-due-punte-ovvero-come-gli-ex-allievi-di-pigrecoemme-cresconoe-pigrecoemme-li-accompagna\/","url_meta":{"origin":378,"position":5},"title":"La palla a due punte ovvero come gli ex allievi di Pigrecoemme crescono&#8230; E Pigrecoemme li accompagna","author":"Rosario Gallone","date":"7 Ottobre 2010","format":false,"excerpt":"Gaetano Massa, ex allievo del corso di regia ha realizzato un interessante documentario sulla scuola di rugby che un appassionato professore, Vittorio Mazzone, ha messo su ad Afragola. Uno sport che fa crescere, come lui ripetutamente dice nel video, prima degli uomini, dei cittadini e solo dopo degli sportivi. Gaetano\u2026","rel":"","context":"In &quot;Generale&quot;","block_context":{"text":"Generale","link":"https:\/\/www.pigrecoemme.com\/blog\/generale\/"},"img":{"alt_text":"","src":"https:\/\/i0.wp.com\/www.pigrecoemme.com\/blog\/wp-content\/uploads\/2010\/10\/la-palla-a-due-punte-116x300.jpg?resize=350%2C200","width":350,"height":200},"classes":[]}],"jetpack_featured_media_url":"","_links":{"self":[{"href":"https:\/\/www.pigrecoemme.com\/blog\/wp-json\/wp\/v2\/posts\/378","targetHints":{"allow":["GET"]}}],"collection":[{"href":"https:\/\/www.pigrecoemme.com\/blog\/wp-json\/wp\/v2\/posts"}],"about":[{"href":"https:\/\/www.pigrecoemme.com\/blog\/wp-json\/wp\/v2\/types\/post"}],"author":[{"embeddable":true,"href":"https:\/\/www.pigrecoemme.com\/blog\/wp-json\/wp\/v2\/users\/1"}],"replies":[{"embeddable":true,"href":"https:\/\/www.pigrecoemme.com\/blog\/wp-json\/wp\/v2\/comments?post=378"}],"version-history":[{"count":0,"href":"https:\/\/www.pigrecoemme.com\/blog\/wp-json\/wp\/v2\/posts\/378\/revisions"}],"wp:attachment":[{"href":"https:\/\/www.pigrecoemme.com\/blog\/wp-json\/wp\/v2\/media?parent=378"}],"wp:term":[{"taxonomy":"category","embeddable":true,"href":"https:\/\/www.pigrecoemme.com\/blog\/wp-json\/wp\/v2\/categories?post=378"},{"taxonomy":"post_tag","embeddable":true,"href":"https:\/\/www.pigrecoemme.com\/blog\/wp-json\/wp\/v2\/tags?post=378"}],"curies":[{"name":"wp","href":"https:\/\/api.w.org\/{rel}","templated":true}]}}