{"id":374,"date":"2011-06-21T16:27:53","date_gmt":"2011-06-21T14:27:53","guid":{"rendered":"http:\/\/www.pigrecoemme.com\/blog\/?p=374"},"modified":"2011-06-22T13:43:00","modified_gmt":"2011-06-22T11:43:00","slug":"kino-kino-kino","status":"publish","type":"post","link":"https:\/\/www.pigrecoemme.com\/blog\/kino-kino-kino\/","title":{"rendered":"Kino Kino Kino"},"content":{"rendered":"<p><a href=\"https:\/\/i0.wp.com\/www.pigrecoemme.com\/blog\/wp-content\/uploads\/2011\/06\/kinokinokino.jpg?ssl=1\"><img data-recalc-dims=\"1\" loading=\"lazy\" decoding=\"async\" class=\"alignleft size-medium wp-image-375\" title=\"kinokinokino\" src=\"https:\/\/i0.wp.com\/www.pigrecoemme.com\/blog\/wp-content\/uploads\/2011\/06\/kinokinokino.jpg?resize=300%2C232&#038;ssl=1\" alt=\"\" width=\"300\" height=\"232\" srcset=\"https:\/\/i0.wp.com\/www.pigrecoemme.com\/blog\/wp-content\/uploads\/2011\/06\/kinokinokino.jpg?resize=300%2C232&amp;ssl=1 300w, https:\/\/i0.wp.com\/www.pigrecoemme.com\/blog\/wp-content\/uploads\/2011\/06\/kinokinokino.jpg?w=431&amp;ssl=1 431w\" sizes=\"auto, (max-width: 300px) 100vw, 300px\" \/><\/a><strong>Kino Kino Kino &#8211; Viaggio nel tempo e nello spazio<\/strong>, \u00e8 questo il titolo dell&#8217;intrigante progetto cinematografico del <a href=\"http:\/\/www.goethe.de\/ins\/it\/nea\/itindex.htm\">Goethe-Institut di Napoli<\/a>, a cura di<strong> Franziska Pierwoss<\/strong> e <strong>Siska<\/strong>, con l&#8217;organizzazione di <strong>Barbara Pfister<\/strong>.<br \/>\nL&#8217;idea \u00e8 quella di lavorare ad una <strong>rassegna di cinema <\/strong>sul <strong>turismo<\/strong>, che abbia per\u00f2 la forza e la curiosit\u00e0 di cogliere le mille articolazioni che un tema del genere, cos\u00ec ecumenico e popolare, \u00e8 in grado di declinare, sia dal punto di vista sociologico, sia da quello espressivo.<br \/>\nPer una mappatura quanto pi\u00f9 ampia, aperta e&#8230; <em>spiazzante<\/em> dell&#8217;argomento, le curatrici si rivolgono ora al pubblico, in cerca di film amatoriali, girati rigorosamente in pellicola <strong>8mm<\/strong>, in <strong>Super8<\/strong> o <strong>16mm<\/strong>. Vecchi e un po&#8217; dimenticati film, magari, su cui sono impressi antichi ricordi famigliari di vacanze e di viaggi in ogni parte del mondo (dal pi\u00f9 esotico e remoto <em>buen retiro<\/em>, alla spiaggetta sotto casa&#8230;), dagli anni Cinquanta in poi. Film, insomma, che, rivisti in una prospettiva antropologica o con la semplice curiosit\u00e0 di uno sguardo mosso da un ghiotto modernariato, ci restituiscano un pezzo di quello che siamo stati e che, forse, in fondo, ancora siamo: argonauti meravigliati e incantati davanti alle nostre stesse fugaci emozioni, sempre alle prese con l&#8217;alea mutevole del tempo, e con la sfida delle sfide, gi\u00e0 persa in partenza, quella cio\u00e8 di tentare di <em>fermare <\/em>il tempo, che sovente significa semplicemente <em>filmare <\/em>il tempo&#8230;<br \/>\nDa tutto questo nascer\u00e0, nel prossimo autunno a Napoli, un allestimento\/installazione &#8211; <strong>\u201ccinema paradiso\u201d<\/strong> &#8211; che raccoglier\u00e0 contributi dalla Germania e dall\u2019Italia. Il programma di Kino Kino Kino sar\u00e0 infine completato da una selezione di video di artisti contemporanei sempre sul tema del viaggio e delle vacanze.<br \/>\nChi, tra i ricordi della propria famiglia, dovesse avere filmati di questo tipo o volesse, munito di una cinepresa, contribuire con nuovi lavori, partecipare all&#8217;evento, pu\u00f2 inviare il materiale entro il <strong>15 Luglio 2011<\/strong>. Tutti i film, dopo la selezione, saranno regolarmente restituiti. Il contatto per ulteriori informazioni e per stabilire le modalit\u00e0 di consegna dei lavori \u00e8 il seguente: Barbara Pfister, cell. 349.5484356, email: babpfister@aol.com<br \/>\nPer saperne di pi\u00f9, potete anche consultare lo spazio web del Goethe Institut, al seguente indirizzo: <a href=\"www.goethe.de\/ins\/it\/nea\/ver\/it7690381v.htm\">www.goethe.de\/ins\/it\/nea\/ver\/it7690381v.htm<\/a><\/p>\n","protected":false},"excerpt":{"rendered":"<p>Il Goethe Institut di Napoli cerca video amatoriali di viaggi e di vacanze, dagli anni Cinquanta a oggi, per una rassegna, che si terr\u00e0 in citt\u00e0 nell&#8217;autunno 2011.<\/p>\n","protected":false},"author":2,"featured_media":0,"comment_status":"open","ping_status":"open","sticky":false,"template":"","format":"standard","meta":{"_jetpack_newsletter_access":"","_jetpack_dont_email_post_to_subs":false,"_jetpack_newsletter_tier_id":0,"_jetpack_memberships_contains_paywalled_content":false,"_jetpack_feature_clip_id":0,"_jetpack_memberships_contains_paid_content":false,"footnotes":"","jetpack_post_was_ever_published":false},"categories":[11,1],"tags":[567,570,565,564,568,566,569],"class_list":["post-374","post","type-post","status-publish","format-standard","hentry","category-eventi","category-generale","tag-barbara-pfister","tag-cinema-paradiso","tag-franziska-pierwoss","tag-goethe-institut","tag-rassegne-cinema","tag-siska","tag-videoarte"],"yoast_head":"<!-- This site is optimized with the Yoast SEO plugin v28.4 - https:\/\/yoast.com\/product\/yoast-seo-wordpress\/ -->\n<title>Kino Kino Kino<\/title>\n<meta name=\"robots\" content=\"index, follow, max-snippet:-1, max-image-preview:large, max-video-preview:-1\" \/>\n<link rel=\"canonical\" href=\"https:\/\/www.pigrecoemme.com\/blog\/kino-kino-kino\/\" \/>\n<meta property=\"og:locale\" content=\"it_IT\" \/>\n<meta property=\"og:type\" content=\"article\" \/>\n<meta property=\"og:title\" content=\"Kino Kino Kino\" \/>\n<meta property=\"og:description\" content=\"Il Goethe Institut di Napoli cerca video amatoriali di viaggi e di vacanze, dagli anni Cinquanta a oggi, per una rassegna, che si terr\u00e0 in citt\u00e0 nell&#039;autunno 2011.\" \/>\n<meta property=\"og:url\" content=\"https:\/\/www.pigrecoemme.com\/blog\/kino-kino-kino\/\" \/>\n<meta property=\"og:site_name\" content=\"Scuola di Cinema Pigrecoemme - Blog\" \/>\n<meta property=\"article:publisher\" content=\"https:\/\/www.facebook.com\/pigrecoemme\" \/>\n<meta property=\"article:author\" content=\"https:\/\/www.facebook.com\/corrado.morra1\" \/>\n<meta property=\"article:published_time\" content=\"2011-06-21T14:27:53+00:00\" \/>\n<meta property=\"article:modified_time\" content=\"2011-06-22T11:43:00+00:00\" \/>\n<meta property=\"og:image\" content=\"http:\/\/www.pigrecoemme.com\/blog\/wp-content\/uploads\/2011\/06\/kinokinokino-300x232.jpg\" \/>\n<meta name=\"author\" content=\"Corrado Morra\" \/>\n<meta name=\"twitter:card\" content=\"summary_large_image\" \/>\n<meta name=\"twitter:creator\" content=\"@Pigrecoemme\" \/>\n<meta name=\"twitter:site\" content=\"@Pigrecoemme\" \/>\n<meta name=\"twitter:label1\" content=\"Scritto da\" \/>\n\t<meta name=\"twitter:data1\" content=\"Corrado Morra\" \/>\n\t<meta name=\"twitter:label2\" content=\"Tempo di lettura stimato\" \/>\n\t<meta name=\"twitter:data2\" content=\"2 minuti\" \/>\n<script type=\"application\/ld+json\" class=\"yoast-schema-graph\">{\"@context\":\"https:\\\/\\\/schema.org\",\"@graph\":[{\"@type\":[\"Article\",\"BlogPosting\"],\"@id\":\"https:\\\/\\\/www.pigrecoemme.com\\\/blog\\\/kino-kino-kino\\\/#article\",\"isPartOf\":{\"@id\":\"https:\\\/\\\/www.pigrecoemme.com\\\/blog\\\/kino-kino-kino\\\/\"},\"author\":{\"name\":\"Corrado Morra\",\"@id\":\"https:\\\/\\\/www.pigrecoemme.com\\\/blog\\\/#\\\/schema\\\/person\\\/702764b5ecda4c2f34e82348789f649e\"},\"headline\":\"Kino Kino Kino\",\"datePublished\":\"2011-06-21T14:27:53+00:00\",\"dateModified\":\"2011-06-22T11:43:00+00:00\",\"mainEntityOfPage\":{\"@id\":\"https:\\\/\\\/www.pigrecoemme.com\\\/blog\\\/kino-kino-kino\\\/\"},\"wordCount\":378,\"commentCount\":0,\"publisher\":{\"@id\":\"https:\\\/\\\/www.pigrecoemme.com\\\/blog\\\/#organization\"},\"image\":{\"@id\":\"https:\\\/\\\/www.pigrecoemme.com\\\/blog\\\/kino-kino-kino\\\/#primaryimage\"},\"thumbnailUrl\":\"http:\\\/\\\/www.pigrecoemme.com\\\/blog\\\/wp-content\\\/uploads\\\/2011\\\/06\\\/kinokinokino-300x232.jpg\",\"keywords\":[\"Barbara Pfister\",\"cinema paradiso\",\"Franziska Pierwoss\",\"goethe institut\",\"rassegne cinema\",\"Siska\",\"videoarte\"],\"articleSection\":[\"Eventi\",\"Generale\"],\"inLanguage\":\"it-IT\",\"potentialAction\":[{\"@type\":\"CommentAction\",\"name\":\"Comment\",\"target\":[\"https:\\\/\\\/www.pigrecoemme.com\\\/blog\\\/kino-kino-kino\\\/#respond\"]}]},{\"@type\":\"WebPage\",\"@id\":\"https:\\\/\\\/www.pigrecoemme.com\\\/blog\\\/kino-kino-kino\\\/\",\"url\":\"https:\\\/\\\/www.pigrecoemme.com\\\/blog\\\/kino-kino-kino\\\/\",\"name\":\"Kino Kino Kino\",\"isPartOf\":{\"@id\":\"https:\\\/\\\/www.pigrecoemme.com\\\/blog\\\/#website\"},\"primaryImageOfPage\":{\"@id\":\"https:\\\/\\\/www.pigrecoemme.com\\\/blog\\\/kino-kino-kino\\\/#primaryimage\"},\"image\":{\"@id\":\"https:\\\/\\\/www.pigrecoemme.com\\\/blog\\\/kino-kino-kino\\\/#primaryimage\"},\"thumbnailUrl\":\"http:\\\/\\\/www.pigrecoemme.com\\\/blog\\\/wp-content\\\/uploads\\\/2011\\\/06\\\/kinokinokino-300x232.jpg\",\"datePublished\":\"2011-06-21T14:27:53+00:00\",\"dateModified\":\"2011-06-22T11:43:00+00:00\",\"breadcrumb\":{\"@id\":\"https:\\\/\\\/www.pigrecoemme.com\\\/blog\\\/kino-kino-kino\\\/#breadcrumb\"},\"inLanguage\":\"it-IT\",\"potentialAction\":[{\"@type\":\"ReadAction\",\"target\":[\"https:\\\/\\\/www.pigrecoemme.com\\\/blog\\\/kino-kino-kino\\\/\"]}]},{\"@type\":\"ImageObject\",\"inLanguage\":\"it-IT\",\"@id\":\"https:\\\/\\\/www.pigrecoemme.com\\\/blog\\\/kino-kino-kino\\\/#primaryimage\",\"url\":\"http:\\\/\\\/www.pigrecoemme.com\\\/blog\\\/wp-content\\\/uploads\\\/2011\\\/06\\\/kinokinokino-300x232.jpg\",\"contentUrl\":\"http:\\\/\\\/www.pigrecoemme.com\\\/blog\\\/wp-content\\\/uploads\\\/2011\\\/06\\\/kinokinokino-300x232.jpg\"},{\"@type\":\"BreadcrumbList\",\"@id\":\"https:\\\/\\\/www.pigrecoemme.com\\\/blog\\\/kino-kino-kino\\\/#breadcrumb\",\"itemListElement\":[{\"@type\":\"ListItem\",\"position\":1,\"name\":\"Home\",\"item\":\"https:\\\/\\\/www.pigrecoemme.com\\\/blog\\\/\"},{\"@type\":\"ListItem\",\"position\":2,\"name\":\"Kino Kino Kino\"}]},{\"@type\":\"WebSite\",\"@id\":\"https:\\\/\\\/www.pigrecoemme.com\\\/blog\\\/#website\",\"url\":\"https:\\\/\\\/www.pigrecoemme.com\\\/blog\\\/\",\"name\":\"Scuola di Cinema Pigrecoemme - Blog\",\"description\":\"Siamo la prima Scuola di Cinema e Fotografia di Napoli\",\"publisher\":{\"@id\":\"https:\\\/\\\/www.pigrecoemme.com\\\/blog\\\/#organization\"},\"potentialAction\":[{\"@type\":\"SearchAction\",\"target\":{\"@type\":\"EntryPoint\",\"urlTemplate\":\"https:\\\/\\\/www.pigrecoemme.com\\\/blog\\\/?s={search_term_string}\"},\"query-input\":{\"@type\":\"PropertyValueSpecification\",\"valueRequired\":true,\"valueName\":\"search_term_string\"}}],\"inLanguage\":\"it-IT\"},{\"@type\":\"Organization\",\"@id\":\"https:\\\/\\\/www.pigrecoemme.com\\\/blog\\\/#organization\",\"name\":\"Scuola di cinema e fotografia Pigrecoemme\",\"url\":\"https:\\\/\\\/www.pigrecoemme.com\\\/blog\\\/\",\"logo\":{\"@type\":\"ImageObject\",\"inLanguage\":\"it-IT\",\"@id\":\"https:\\\/\\\/www.pigrecoemme.com\\\/blog\\\/#\\\/schema\\\/logo\\\/image\\\/\",\"url\":\"https:\\\/\\\/i0.wp.com\\\/www.pigrecoemme.com\\\/blog\\\/wp-content\\\/uploads\\\/2018\\\/06\\\/logo-pigrecoemme-2018.png?fit=500%2C500&ssl=1\",\"contentUrl\":\"https:\\\/\\\/i0.wp.com\\\/www.pigrecoemme.com\\\/blog\\\/wp-content\\\/uploads\\\/2018\\\/06\\\/logo-pigrecoemme-2018.png?fit=500%2C500&ssl=1\",\"width\":500,\"height\":500,\"caption\":\"Scuola di cinema e fotografia Pigrecoemme\"},\"image\":{\"@id\":\"https:\\\/\\\/www.pigrecoemme.com\\\/blog\\\/#\\\/schema\\\/logo\\\/image\\\/\"},\"sameAs\":[\"https:\\\/\\\/www.facebook.com\\\/pigrecoemme\",\"https:\\\/\\\/x.com\\\/Pigrecoemme\",\"https:\\\/\\\/www.instagram.com\\\/pigrecoemme\\\/\",\"https:\\\/\\\/www.linkedin.com\\\/company\\\/pigrecoemme\\\/\",\"https:\\\/\\\/www.youtube.com\\\/pigrecoemme\"]},{\"@type\":\"Person\",\"@id\":\"https:\\\/\\\/www.pigrecoemme.com\\\/blog\\\/#\\\/schema\\\/person\\\/702764b5ecda4c2f34e82348789f649e\",\"name\":\"Corrado Morra\",\"image\":{\"@type\":\"ImageObject\",\"inLanguage\":\"it-IT\",\"@id\":\"https:\\\/\\\/secure.gravatar.com\\\/avatar\\\/f6ce2f6728fbdf920737112fe70682512808577befa2c9c7845c04a8449b8f03?s=96&r=g\",\"url\":\"https:\\\/\\\/secure.gravatar.com\\\/avatar\\\/f6ce2f6728fbdf920737112fe70682512808577befa2c9c7845c04a8449b8f03?s=96&r=g\",\"contentUrl\":\"https:\\\/\\\/secure.gravatar.com\\\/avatar\\\/f6ce2f6728fbdf920737112fe70682512808577befa2c9c7845c04a8449b8f03?s=96&r=g\",\"caption\":\"Corrado Morra\"},\"description\":\"Esperto di arti visive e di cinema, insegna Sceneggiatura alla Scuola di cinema Pigrecoemme di Napoli, di cui \u00e8 tra i fondatori.\",\"sameAs\":[\"http:\\\/\\\/www.pigrecoemme.com\\\/\",\"https:\\\/\\\/www.facebook.com\\\/corrado.morra1\"],\"url\":\"https:\\\/\\\/www.pigrecoemme.com\\\/blog\\\/author\\\/corrado-morra\\\/\"}]}<\/script>\n<!-- \/ Yoast SEO plugin. -->","yoast_head_json":{"title":"Kino Kino Kino","robots":{"index":"index","follow":"follow","max-snippet":"max-snippet:-1","max-image-preview":"max-image-preview:large","max-video-preview":"max-video-preview:-1"},"canonical":"https:\/\/www.pigrecoemme.com\/blog\/kino-kino-kino\/","og_locale":"it_IT","og_type":"article","og_title":"Kino Kino Kino","og_description":"Il Goethe Institut di Napoli cerca video amatoriali di viaggi e di vacanze, dagli anni Cinquanta a oggi, per una rassegna, che si terr\u00e0 in citt\u00e0 nell'autunno 2011.","og_url":"https:\/\/www.pigrecoemme.com\/blog\/kino-kino-kino\/","og_site_name":"Scuola di Cinema Pigrecoemme - Blog","article_publisher":"https:\/\/www.facebook.com\/pigrecoemme","article_author":"https:\/\/www.facebook.com\/corrado.morra1","article_published_time":"2011-06-21T14:27:53+00:00","article_modified_time":"2011-06-22T11:43:00+00:00","og_image":[{"url":"http:\/\/www.pigrecoemme.com\/blog\/wp-content\/uploads\/2011\/06\/kinokinokino-300x232.jpg","type":"","width":"","height":""}],"author":"Corrado Morra","twitter_card":"summary_large_image","twitter_creator":"@Pigrecoemme","twitter_site":"@Pigrecoemme","twitter_misc":{"Scritto da":"Corrado Morra","Tempo di lettura stimato":"2 minuti"},"schema":{"@context":"https:\/\/schema.org","@graph":[{"@type":["Article","BlogPosting"],"@id":"https:\/\/www.pigrecoemme.com\/blog\/kino-kino-kino\/#article","isPartOf":{"@id":"https:\/\/www.pigrecoemme.com\/blog\/kino-kino-kino\/"},"author":{"name":"Corrado Morra","@id":"https:\/\/www.pigrecoemme.com\/blog\/#\/schema\/person\/702764b5ecda4c2f34e82348789f649e"},"headline":"Kino Kino Kino","datePublished":"2011-06-21T14:27:53+00:00","dateModified":"2011-06-22T11:43:00+00:00","mainEntityOfPage":{"@id":"https:\/\/www.pigrecoemme.com\/blog\/kino-kino-kino\/"},"wordCount":378,"commentCount":0,"publisher":{"@id":"https:\/\/www.pigrecoemme.com\/blog\/#organization"},"image":{"@id":"https:\/\/www.pigrecoemme.com\/blog\/kino-kino-kino\/#primaryimage"},"thumbnailUrl":"http:\/\/www.pigrecoemme.com\/blog\/wp-content\/uploads\/2011\/06\/kinokinokino-300x232.jpg","keywords":["Barbara Pfister","cinema paradiso","Franziska Pierwoss","goethe institut","rassegne cinema","Siska","videoarte"],"articleSection":["Eventi","Generale"],"inLanguage":"it-IT","potentialAction":[{"@type":"CommentAction","name":"Comment","target":["https:\/\/www.pigrecoemme.com\/blog\/kino-kino-kino\/#respond"]}]},{"@type":"WebPage","@id":"https:\/\/www.pigrecoemme.com\/blog\/kino-kino-kino\/","url":"https:\/\/www.pigrecoemme.com\/blog\/kino-kino-kino\/","name":"Kino Kino Kino","isPartOf":{"@id":"https:\/\/www.pigrecoemme.com\/blog\/#website"},"primaryImageOfPage":{"@id":"https:\/\/www.pigrecoemme.com\/blog\/kino-kino-kino\/#primaryimage"},"image":{"@id":"https:\/\/www.pigrecoemme.com\/blog\/kino-kino-kino\/#primaryimage"},"thumbnailUrl":"http:\/\/www.pigrecoemme.com\/blog\/wp-content\/uploads\/2011\/06\/kinokinokino-300x232.jpg","datePublished":"2011-06-21T14:27:53+00:00","dateModified":"2011-06-22T11:43:00+00:00","breadcrumb":{"@id":"https:\/\/www.pigrecoemme.com\/blog\/kino-kino-kino\/#breadcrumb"},"inLanguage":"it-IT","potentialAction":[{"@type":"ReadAction","target":["https:\/\/www.pigrecoemme.com\/blog\/kino-kino-kino\/"]}]},{"@type":"ImageObject","inLanguage":"it-IT","@id":"https:\/\/www.pigrecoemme.com\/blog\/kino-kino-kino\/#primaryimage","url":"http:\/\/www.pigrecoemme.com\/blog\/wp-content\/uploads\/2011\/06\/kinokinokino-300x232.jpg","contentUrl":"http:\/\/www.pigrecoemme.com\/blog\/wp-content\/uploads\/2011\/06\/kinokinokino-300x232.jpg"},{"@type":"BreadcrumbList","@id":"https:\/\/www.pigrecoemme.com\/blog\/kino-kino-kino\/#breadcrumb","itemListElement":[{"@type":"ListItem","position":1,"name":"Home","item":"https:\/\/www.pigrecoemme.com\/blog\/"},{"@type":"ListItem","position":2,"name":"Kino Kino Kino"}]},{"@type":"WebSite","@id":"https:\/\/www.pigrecoemme.com\/blog\/#website","url":"https:\/\/www.pigrecoemme.com\/blog\/","name":"Scuola di Cinema Pigrecoemme - Blog","description":"Siamo la prima Scuola di Cinema e Fotografia di Napoli","publisher":{"@id":"https:\/\/www.pigrecoemme.com\/blog\/#organization"},"potentialAction":[{"@type":"SearchAction","target":{"@type":"EntryPoint","urlTemplate":"https:\/\/www.pigrecoemme.com\/blog\/?s={search_term_string}"},"query-input":{"@type":"PropertyValueSpecification","valueRequired":true,"valueName":"search_term_string"}}],"inLanguage":"it-IT"},{"@type":"Organization","@id":"https:\/\/www.pigrecoemme.com\/blog\/#organization","name":"Scuola di cinema e fotografia Pigrecoemme","url":"https:\/\/www.pigrecoemme.com\/blog\/","logo":{"@type":"ImageObject","inLanguage":"it-IT","@id":"https:\/\/www.pigrecoemme.com\/blog\/#\/schema\/logo\/image\/","url":"https:\/\/i0.wp.com\/www.pigrecoemme.com\/blog\/wp-content\/uploads\/2018\/06\/logo-pigrecoemme-2018.png?fit=500%2C500&ssl=1","contentUrl":"https:\/\/i0.wp.com\/www.pigrecoemme.com\/blog\/wp-content\/uploads\/2018\/06\/logo-pigrecoemme-2018.png?fit=500%2C500&ssl=1","width":500,"height":500,"caption":"Scuola di cinema e fotografia Pigrecoemme"},"image":{"@id":"https:\/\/www.pigrecoemme.com\/blog\/#\/schema\/logo\/image\/"},"sameAs":["https:\/\/www.facebook.com\/pigrecoemme","https:\/\/x.com\/Pigrecoemme","https:\/\/www.instagram.com\/pigrecoemme\/","https:\/\/www.linkedin.com\/company\/pigrecoemme\/","https:\/\/www.youtube.com\/pigrecoemme"]},{"@type":"Person","@id":"https:\/\/www.pigrecoemme.com\/blog\/#\/schema\/person\/702764b5ecda4c2f34e82348789f649e","name":"Corrado Morra","image":{"@type":"ImageObject","inLanguage":"it-IT","@id":"https:\/\/secure.gravatar.com\/avatar\/f6ce2f6728fbdf920737112fe70682512808577befa2c9c7845c04a8449b8f03?s=96&r=g","url":"https:\/\/secure.gravatar.com\/avatar\/f6ce2f6728fbdf920737112fe70682512808577befa2c9c7845c04a8449b8f03?s=96&r=g","contentUrl":"https:\/\/secure.gravatar.com\/avatar\/f6ce2f6728fbdf920737112fe70682512808577befa2c9c7845c04a8449b8f03?s=96&r=g","caption":"Corrado Morra"},"description":"Esperto di arti visive e di cinema, insegna Sceneggiatura alla Scuola di cinema Pigrecoemme di Napoli, di cui \u00e8 tra i fondatori.","sameAs":["http:\/\/www.pigrecoemme.com\/","https:\/\/www.facebook.com\/corrado.morra1"],"url":"https:\/\/www.pigrecoemme.com\/blog\/author\/corrado-morra\/"}]}},"jetpack_sharing_enabled":true,"jetpack_likes_enabled":true,"jetpack-related-posts":[{"id":572,"url":"https:\/\/www.pigrecoemme.com\/blog\/allinstitut-francais-una-master-class-sul-cinema-horror-a-cura-di-gabriele-albanesi-ad-ingresso-gratuito\/","url_meta":{"origin":374,"position":0},"title":"All&#8217;Institut Fran\u00e7ais, una Master Class sul cinema horror, a cura di Gabriele Albanesi, ad ingresso gratuito","author":"Corrado Morra","date":"30 Ottobre 2012","format":false,"excerpt":"Nell\u2019ambito della terza edizione della rassegna sul Cinema fantastico, organizzata dall\u2019Institut Fran\u00e7ais di Napoli, in collaborazione con il Goethe Institut, l\u2019Instituto Cervantes e la Stella Film, Pigrecoemme organizza una Master Class, a cura di Gabriele Albanesi, sulla regia e la produzione di cinema horror. Albanesi, uno dei principali esponenti del\u2026","rel":"","context":"In &quot;Eventi&quot;","block_context":{"text":"Eventi","link":"https:\/\/www.pigrecoemme.com\/blog\/eventi\/"},"img":{"alt_text":"","src":"https:\/\/i0.wp.com\/www.pigrecoemme.com\/blog\/wp-content\/uploads\/2012\/10\/master-class-211x300.jpg?resize=350%2C200","width":350,"height":200},"classes":[]},{"id":434,"url":"https:\/\/www.pigrecoemme.com\/blog\/fantasticorti-un-ciclo-di-film-brevi-sul-fantastico-curato-da-pigrecoemme\/","url_meta":{"origin":374,"position":1},"title":"Fantasticorti: un ciclo di film brevi sul fantastico curato da Pigrecoemme","author":"Corrado Morra","date":"24 Novembre 2011","format":false,"excerpt":"Dal 28 novembre al 3 dicembre 2011, a Napoli,l'Institut Fran\u00e7ais Le Grenoble, il Goethe Institut, l'Instituto Cervantes e la sala 2 del cinema Modernissimo daranno vita a una rassegna sul Cinema fantastico che ospiter\u00e0 anche un breve ciclo di film brevi, Fantasticorti, a cura della Scuola di cinema Pigrecoemme.","rel":"","context":"In &quot;Eventi&quot;","block_context":{"text":"Eventi","link":"https:\/\/www.pigrecoemme.com\/blog\/eventi\/"},"img":{"alt_text":"","src":"https:\/\/i0.wp.com\/www.pigrecoemme.com\/blog\/wp-content\/uploads\/2011\/11\/cinema-fantastico-212x300.jpg?resize=350%2C200","width":350,"height":200},"classes":[]},{"id":670,"url":"https:\/\/www.pigrecoemme.com\/blog\/un-consiglio-a-dio-ottiene-ottime-recensioni-e-rimane-nelle-sale\/","url_meta":{"origin":374,"position":2},"title":"UN CONSIGLIO A DIO ottiene ottime recensioni e rimane nelle sale","author":"Giacomo Fabbrocino","date":"2 Giugno 2013","format":false,"excerpt":"Montato dal nostro docente e fondatore Giacomo Fabbrocino, \"Un Consiglio a Dio\", nuovo film di Sandro Dionisio prodotto dalla Axelotil di Ganluca Arcopinto, dalla, C.ET.R.A di Sandro Dionisio e dalla Pigrecoemme, ha ottenuto ottime critiche sulla stampa nazionale (vedi immagini allegate) e sul web (leggi su Indie Eye) e continua\u2026","rel":"","context":"In &quot;Eventi&quot;","block_context":{"text":"Eventi","link":"https:\/\/www.pigrecoemme.com\/blog\/eventi\/"},"img":{"alt_text":"","src":"https:\/\/i0.wp.com\/www.pigrecoemme.com\/blog\/wp-content\/uploads\/2013\/06\/unita.jpg?resize=350%2C200","width":350,"height":200},"classes":[]},{"id":1235,"url":"https:\/\/www.pigrecoemme.com\/blog\/montagskino\/","url_meta":{"origin":374,"position":3},"title":"Montagskino: la rassegna sul nuovo cinema tedesco","author":"Corrado Morra","date":"19 Febbraio 2015","format":false,"excerpt":"Anche quest'anno il nuovo cinema tedesco avr\u00e0 la sua pi\u00f9 importante vetrina in citt\u00e0 grazie a\u00a0Montagskino,\u00a0la rassegna dedicata al Festival Internazionale del Cinema di Berlino\u00a0a cura del\u00a0Goethe-Institut Napoli. Giunto alla quinta edizione, il ciclo di film andr\u00e0 avanti, dal\u00a02 marzo al 27 aprile, presso il\u00a0Multicinema Modernissimo\u00a0(via Cisterna dell'Olio a Napoli).\u2026","rel":"","context":"In &quot;Eventi&quot;","block_context":{"text":"Eventi","link":"https:\/\/www.pigrecoemme.com\/blog\/eventi\/"},"img":{"alt_text":"MK5_flyer","src":"https:\/\/i0.wp.com\/www.pigrecoemme.com\/blog\/wp-content\/uploads\/2015\/02\/MK5_flyer-214x300.jpg?resize=350%2C200","width":350,"height":200},"classes":[]},{"id":1653,"url":"https:\/\/www.pigrecoemme.com\/blog\/incontro-con-patrick-vollrath-candidato-alloscar-dustin-loose-e-ilker-catak\/","url_meta":{"origin":374,"position":4},"title":"Incontro con  Patrick Vollrath (candidato all&#8217;Oscar), Dustin Loose e Ilker Catak","author":"Giacomo Fabbrocino","date":"4 Marzo 2016","format":false,"excerpt":"Grazie alla collaborazione col Goethe Institut\u00a0e con la \u00a0sua responsabile Johanna Wand, Mercoled\u00ec 9 marzo alle\u00a016:00, presso la Scuola di Cinema Pigrecoemme in Piazza Portanova 11 a Napoli, gli allievi della scuola e\u00a0gli appassionati di cinema potranno incontrare tre\u00a0giovani registi tedeschi, vincitori nel 2015 di tre\u00a0Student Academy Awards a Los\u2026","rel":"","context":"In &quot;Eventi&quot;","block_context":{"text":"Eventi","link":"https:\/\/www.pigrecoemme.com\/blog\/eventi\/"},"img":{"alt_text":"registi-tedeschi","src":"https:\/\/i0.wp.com\/www.pigrecoemme.com\/blog\/wp-content\/uploads\/2016\/03\/registi-tedeschi.jpg?resize=350%2C200","width":350,"height":200},"classes":[]},{"id":664,"url":"https:\/\/www.pigrecoemme.com\/blog\/un-consiglio-a-dio-al-cinema\/","url_meta":{"origin":374,"position":5},"title":"Un Consiglio a Dio al Cinema! (si parte dal nuovo Sacher di Roma e dal Filangieri di Napoli)","author":"Giacomo Fabbrocino","date":"27 Maggio 2013","format":false,"excerpt":"\u00a0 E' con grandissima soddisfazione che vi annunciamo che il nuovo film di Sandro Dionisio, Un Consiglio a Dio, prodotto dalla Axelotil di Ganluca Arcopinto, dalla, C.ET.R.A di Sandro Dionisio e dalla Pigrecoemme, inizia il suo percorso distributivo nelle sale italiane. Il 29 maggio al Nuovo Sacher di Roma Montato\u2026","rel":"","context":"In &quot;Eventi&quot;","block_context":{"text":"Eventi","link":"https:\/\/www.pigrecoemme.com\/blog\/eventi\/"},"img":{"alt_text":"Il manifesto","src":"https:\/\/i0.wp.com\/www.pigrecoemme.com\/blog\/wp-content\/uploads\/2013\/05\/cad_a-210x300.jpg?resize=350%2C200","width":350,"height":200},"classes":[]}],"jetpack_featured_media_url":"","_links":{"self":[{"href":"https:\/\/www.pigrecoemme.com\/blog\/wp-json\/wp\/v2\/posts\/374","targetHints":{"allow":["GET"]}}],"collection":[{"href":"https:\/\/www.pigrecoemme.com\/blog\/wp-json\/wp\/v2\/posts"}],"about":[{"href":"https:\/\/www.pigrecoemme.com\/blog\/wp-json\/wp\/v2\/types\/post"}],"author":[{"embeddable":true,"href":"https:\/\/www.pigrecoemme.com\/blog\/wp-json\/wp\/v2\/users\/2"}],"replies":[{"embeddable":true,"href":"https:\/\/www.pigrecoemme.com\/blog\/wp-json\/wp\/v2\/comments?post=374"}],"version-history":[{"count":0,"href":"https:\/\/www.pigrecoemme.com\/blog\/wp-json\/wp\/v2\/posts\/374\/revisions"}],"wp:attachment":[{"href":"https:\/\/www.pigrecoemme.com\/blog\/wp-json\/wp\/v2\/media?parent=374"}],"wp:term":[{"taxonomy":"category","embeddable":true,"href":"https:\/\/www.pigrecoemme.com\/blog\/wp-json\/wp\/v2\/categories?post=374"},{"taxonomy":"post_tag","embeddable":true,"href":"https:\/\/www.pigrecoemme.com\/blog\/wp-json\/wp\/v2\/tags?post=374"}],"curies":[{"name":"wp","href":"https:\/\/api.w.org\/{rel}","templated":true}]}}