{"id":364,"date":"2011-05-19T13:59:19","date_gmt":"2011-05-19T11:59:19","guid":{"rendered":"http:\/\/www.pigrecoemme.com\/blog\/?p=364"},"modified":"2011-05-19T13:59:19","modified_gmt":"2011-05-19T11:59:19","slug":"abel-ferrara-e-la-costituzione-protagonisti-del-%e2%80%9csarno-film-festival%e2%80%9d","status":"publish","type":"post","link":"https:\/\/www.pigrecoemme.com\/blog\/abel-ferrara-e-la-costituzione-protagonisti-del-%e2%80%9csarno-film-festival%e2%80%9d\/","title":{"rendered":"Abel Ferrara e la Costituzione protagonisti del \u201cSarno Film Festival\u201d"},"content":{"rendered":"<p>\u00c8 con grande piacere che annunciamo la nostra partnership con la prima edizione del <a href=\"http:\/\/www.sarnofilmfestival.it\/\">Sarno Film Festival<\/a> che, per il suo esordio, ha voluto concentrarsi sulla Carta Fondamentale dei diritti del nostro Paese, la <strong>Costituzione<\/strong>. Infatti, titolo di quest\u2019anno \u00e8 \u201c<strong>Un Corto sulla Carta<\/strong>\u201d, e consiste in <strong>un concorso di cortometraggi ispirati al tema della Costituzione Italiana e dei diritti costituzionali<\/strong>, ritenendo il cortometraggio (e le arti visive ed audiovisive in genere) la forma espressiva e comunicativa pi\u00f9 valida ed attuale a livello sociale e culturale, capace di contribuire alla conoscenza e all\u2019approfondimento di tematiche importanti come i diritti e le problematiche sociali.<\/p>\n<p>Il Festival si svolger\u00e0 a Sarno il<strong> 2 e 3 giugno 2011<\/strong>, ore 18,00, presso il Centro Sociale-Archivio Storico. \u00c8\u2019 organizzato dall\u2019Associazione culturale \u201cIl Cantiere dell\u2019Alternativa \u2013 Diritti Cinema e Cultura\u201d, che attraverso il valore del cinema ha ritenuto di voler contribuire alla crescita del suo territorio offrendo un modello didattico innovativo volto a stimolare la riflessione dei partecipanti e, dunque, a sollecitarne la capacit\u00e0 critica.<\/p>\n<p style=\"text-align: center; \"><object classid=\"clsid:d27cdb6e-ae6d-11cf-96b8-444553540000\" width=\"400\" height=\"257\" codebase=\"http:\/\/download.macromedia.com\/pub\/shockwave\/cabs\/flash\/swflash.cab#version=6,0,40,0\"><param name=\"allowFullScreen\" value=\"true\" \/><param name=\"allowscriptaccess\" value=\"always\" \/><param name=\"src\" value=\"http:\/\/www.youtube.com\/v\/lXCpGXTMt0I?fs=1&amp;hl=it_IT&amp;hd=1\" \/><\/object><\/p>\n<h2>Il Concorso<\/h2>\n<p><strong>10 i cortometraggi in gara e 3 quelli fuori concorso<\/strong> che saranno proiettati nella serata del 2 giugno. I fuori concorso sono: \u201c15 Seconds\u201d di Gianluca Petrazzi con <strong>Raoul Bova<\/strong>; \u201cDomani\u201d di Giovanni Bufalini con <strong>Beppe Fiorello<\/strong>; \u201cSposer\u00f2 Nichi Vendola\u201d di Andrea Costantino.<\/p>\n<h2>Special Guest: Abel Ferrara<\/h2>\n<p><a href=\"https:\/\/i0.wp.com\/www.pigrecoemme.com\/blog\/wp-content\/uploads\/2011\/05\/abel-ferrara.jpg?ssl=1\"><img data-recalc-dims=\"1\" loading=\"lazy\" decoding=\"async\" class=\"size-medium wp-image-365 alignleft\" title=\"Abel Ferrara\" src=\"https:\/\/i0.wp.com\/www.pigrecoemme.com\/blog\/wp-content\/uploads\/2011\/05\/abel-ferrara.jpg?resize=110%2C132&#038;ssl=1\" alt=\"\" width=\"110\" height=\"132\" srcset=\"https:\/\/i0.wp.com\/www.pigrecoemme.com\/blog\/wp-content\/uploads\/2011\/05\/abel-ferrara.jpg?resize=248%2C300&amp;ssl=1 248w, https:\/\/i0.wp.com\/www.pigrecoemme.com\/blog\/wp-content\/uploads\/2011\/05\/abel-ferrara.jpg?w=455&amp;ssl=1 455w\" sizes=\"auto, (max-width: 110px) 100vw, 110px\" \/><\/a>Special Guest di entrambe le serate sar\u00e0 il famoso regista americano Abel Ferrara, di origini sarnesi, che proprio in quei giorni sar\u00e0 impegnato anche in un suo nuovo lavoro dedicato al nonno sarnese partito per New York agli inizi del \u2018900.<br \/>\nIl 3 giugno alle ore 11.00 Abel Ferrara e tutta la giuria tecnica del Sarno Film Festival saranno presenti alla conferenza stampa che si terr\u00e0 presso il Centro Sociale-Archivio Storico del Comune di Sarno, via traversa Campo Sportivo.<\/p>\n<h2>La Giuria<\/h2>\n<p>Presidente della giuria tecnica sar\u00e0 il regista e produttore napoletano <strong>Gaetano Di Vaio<\/strong>.<br \/>\nGli altri membri saranno Giuseppe Candura (Produttore Cineanima); Ciccio Capozzi (critico cinematografico); Andrea D\u2019Ascenzi (montatore professionista); Tamara Djukic (regista); Giovanni Meola (regista).<\/p>\n<p>La manifestazione culturale \u00e8 organizzata con il Patrocinio del Comune di Sarno e in collaborazione con AperitivoCorto, Il Festival del Cinema dei Diritti Umani di Napoli e Pigrecoemme Scuola di Cinema, Televisione e Fotografia.<\/p>\n<p>L&#8217;ingresso \u00e8 previsto per le ore 18.00 ed \u00e8 libero fino ad esaurimento posti.<br \/>\nVisita <a href=\"http:\/\/www.sarnofilmfestival.it\/\">http:\/\/www.sarnofilmfestival.it\/<\/a><\/p>\n","protected":false},"excerpt":{"rendered":"<p>\u00c8 con grande piacere che annunciamo la nostra partnership con la prima edizione del Sarno Film Festival che, per il suo esordio, ha voluto concentrarsi sulla Carta Fondamentale dei diritti del nostro Paese, la&hellip;<\/p>\n","protected":false},"author":1,"featured_media":0,"comment_status":"open","ping_status":"open","sticky":false,"template":"","format":"standard","meta":{"_jetpack_newsletter_access":"","_jetpack_dont_email_post_to_subs":false,"_jetpack_newsletter_tier_id":0,"_jetpack_memberships_contains_paywalled_content":false,"_jetpack_feature_clip_id":0,"_jetpack_memberships_contains_paid_content":false,"footnotes":"","jetpack_post_was_ever_published":false},"categories":[11,1],"tags":[390,548,85,547,546],"class_list":["post-364","post","type-post","status-publish","format-standard","hentry","category-eventi","category-generale","tag-abel-ferrara","tag-costituzione","tag-festival","tag-sarno","tag-sarno-film-festival"],"yoast_head":"<!-- This site is optimized with the Yoast SEO plugin v28.3 - https:\/\/yoast.com\/product\/yoast-seo-wordpress\/ -->\n<title>Abel Ferrara e la Costituzione protagonisti del \u201cSarno Film Festival\u201d<\/title>\n<meta name=\"robots\" content=\"index, follow, max-snippet:-1, max-image-preview:large, max-video-preview:-1\" \/>\n<link rel=\"canonical\" href=\"https:\/\/www.pigrecoemme.com\/blog\/abel-ferrara-e-la-costituzione-protagonisti-del-\u201csarno-film-festival\u201d\/\" \/>\n<meta property=\"og:locale\" content=\"it_IT\" \/>\n<meta property=\"og:type\" content=\"article\" \/>\n<meta property=\"og:title\" content=\"Abel Ferrara e la Costituzione protagonisti del \u201cSarno Film Festival\u201d\" \/>\n<meta property=\"og:description\" content=\"\u00c8 con grande piacere che annunciamo la nostra partnership con la prima edizione del Sarno Film Festival che, per il suo esordio, ha voluto concentrarsi sulla Carta Fondamentale dei diritti del nostro Paese, la&hellip;\" \/>\n<meta property=\"og:url\" content=\"https:\/\/www.pigrecoemme.com\/blog\/abel-ferrara-e-la-costituzione-protagonisti-del-\u201csarno-film-festival\u201d\/\" \/>\n<meta property=\"og:site_name\" content=\"Scuola di Cinema Pigrecoemme - Blog\" \/>\n<meta property=\"article:publisher\" content=\"https:\/\/www.facebook.com\/pigrecoemme\" \/>\n<meta property=\"article:author\" content=\"https:\/\/www.facebook.com\/giacomo.fabbrocino\" \/>\n<meta property=\"article:published_time\" content=\"2011-05-19T11:59:19+00:00\" \/>\n<meta property=\"og:image\" content=\"http:\/\/www.pigrecoemme.com\/blog\/wp-content\/uploads\/2011\/05\/abel-ferrara-248x300.jpg\" \/>\n<meta name=\"author\" content=\"Giacomo Fabbrocino\" \/>\n<meta name=\"twitter:card\" content=\"summary_large_image\" \/>\n<meta name=\"twitter:creator\" content=\"@Pigrecoemme\" \/>\n<meta name=\"twitter:site\" content=\"@Pigrecoemme\" \/>\n<meta name=\"twitter:label1\" content=\"Scritto da\" \/>\n\t<meta name=\"twitter:data1\" content=\"Giacomo Fabbrocino\" \/>\n\t<meta name=\"twitter:label2\" content=\"Tempo di lettura stimato\" \/>\n\t<meta name=\"twitter:data2\" content=\"2 minuti\" \/>\n<script type=\"application\/ld+json\" class=\"yoast-schema-graph\">{\"@context\":\"https:\\\/\\\/schema.org\",\"@graph\":[{\"@type\":[\"Article\",\"BlogPosting\"],\"@id\":\"https:\\\/\\\/www.pigrecoemme.com\\\/blog\\\/abel-ferrara-e-la-costituzione-protagonisti-del-%e2%80%9csarno-film-festival%e2%80%9d\\\/#article\",\"isPartOf\":{\"@id\":\"https:\\\/\\\/www.pigrecoemme.com\\\/blog\\\/abel-ferrara-e-la-costituzione-protagonisti-del-%e2%80%9csarno-film-festival%e2%80%9d\\\/\"},\"author\":{\"name\":\"Giacomo Fabbrocino\",\"@id\":\"https:\\\/\\\/www.pigrecoemme.com\\\/blog\\\/#\\\/schema\\\/person\\\/57fa822c3d209d3a2612fd0411ae63f4\"},\"headline\":\"Abel Ferrara e la Costituzione protagonisti del \u201cSarno Film Festival\u201d\",\"datePublished\":\"2011-05-19T11:59:19+00:00\",\"mainEntityOfPage\":{\"@id\":\"https:\\\/\\\/www.pigrecoemme.com\\\/blog\\\/abel-ferrara-e-la-costituzione-protagonisti-del-%e2%80%9csarno-film-festival%e2%80%9d\\\/\"},\"wordCount\":384,\"commentCount\":0,\"publisher\":{\"@id\":\"https:\\\/\\\/www.pigrecoemme.com\\\/blog\\\/#organization\"},\"image\":{\"@id\":\"https:\\\/\\\/www.pigrecoemme.com\\\/blog\\\/abel-ferrara-e-la-costituzione-protagonisti-del-%e2%80%9csarno-film-festival%e2%80%9d\\\/#primaryimage\"},\"thumbnailUrl\":\"http:\\\/\\\/www.pigrecoemme.com\\\/blog\\\/wp-content\\\/uploads\\\/2011\\\/05\\\/abel-ferrara-248x300.jpg\",\"keywords\":[\"abel ferrara\",\"costituzione\",\"festival\",\"sarno\",\"sarno film festival\"],\"articleSection\":[\"Eventi\",\"Generale\"],\"inLanguage\":\"it-IT\",\"potentialAction\":[{\"@type\":\"CommentAction\",\"name\":\"Comment\",\"target\":[\"https:\\\/\\\/www.pigrecoemme.com\\\/blog\\\/abel-ferrara-e-la-costituzione-protagonisti-del-%e2%80%9csarno-film-festival%e2%80%9d\\\/#respond\"]}]},{\"@type\":\"WebPage\",\"@id\":\"https:\\\/\\\/www.pigrecoemme.com\\\/blog\\\/abel-ferrara-e-la-costituzione-protagonisti-del-%e2%80%9csarno-film-festival%e2%80%9d\\\/\",\"url\":\"https:\\\/\\\/www.pigrecoemme.com\\\/blog\\\/abel-ferrara-e-la-costituzione-protagonisti-del-%e2%80%9csarno-film-festival%e2%80%9d\\\/\",\"name\":\"Abel Ferrara e la Costituzione protagonisti del \u201cSarno Film Festival\u201d\",\"isPartOf\":{\"@id\":\"https:\\\/\\\/www.pigrecoemme.com\\\/blog\\\/#website\"},\"primaryImageOfPage\":{\"@id\":\"https:\\\/\\\/www.pigrecoemme.com\\\/blog\\\/abel-ferrara-e-la-costituzione-protagonisti-del-%e2%80%9csarno-film-festival%e2%80%9d\\\/#primaryimage\"},\"image\":{\"@id\":\"https:\\\/\\\/www.pigrecoemme.com\\\/blog\\\/abel-ferrara-e-la-costituzione-protagonisti-del-%e2%80%9csarno-film-festival%e2%80%9d\\\/#primaryimage\"},\"thumbnailUrl\":\"http:\\\/\\\/www.pigrecoemme.com\\\/blog\\\/wp-content\\\/uploads\\\/2011\\\/05\\\/abel-ferrara-248x300.jpg\",\"datePublished\":\"2011-05-19T11:59:19+00:00\",\"breadcrumb\":{\"@id\":\"https:\\\/\\\/www.pigrecoemme.com\\\/blog\\\/abel-ferrara-e-la-costituzione-protagonisti-del-%e2%80%9csarno-film-festival%e2%80%9d\\\/#breadcrumb\"},\"inLanguage\":\"it-IT\",\"potentialAction\":[{\"@type\":\"ReadAction\",\"target\":[\"https:\\\/\\\/www.pigrecoemme.com\\\/blog\\\/abel-ferrara-e-la-costituzione-protagonisti-del-%e2%80%9csarno-film-festival%e2%80%9d\\\/\"]}]},{\"@type\":\"ImageObject\",\"inLanguage\":\"it-IT\",\"@id\":\"https:\\\/\\\/www.pigrecoemme.com\\\/blog\\\/abel-ferrara-e-la-costituzione-protagonisti-del-%e2%80%9csarno-film-festival%e2%80%9d\\\/#primaryimage\",\"url\":\"http:\\\/\\\/www.pigrecoemme.com\\\/blog\\\/wp-content\\\/uploads\\\/2011\\\/05\\\/abel-ferrara-248x300.jpg\",\"contentUrl\":\"http:\\\/\\\/www.pigrecoemme.com\\\/blog\\\/wp-content\\\/uploads\\\/2011\\\/05\\\/abel-ferrara-248x300.jpg\"},{\"@type\":\"BreadcrumbList\",\"@id\":\"https:\\\/\\\/www.pigrecoemme.com\\\/blog\\\/abel-ferrara-e-la-costituzione-protagonisti-del-%e2%80%9csarno-film-festival%e2%80%9d\\\/#breadcrumb\",\"itemListElement\":[{\"@type\":\"ListItem\",\"position\":1,\"name\":\"Home\",\"item\":\"https:\\\/\\\/www.pigrecoemme.com\\\/blog\\\/\"},{\"@type\":\"ListItem\",\"position\":2,\"name\":\"Abel Ferrara e la Costituzione protagonisti del \u201cSarno Film Festival\u201d\"}]},{\"@type\":\"WebSite\",\"@id\":\"https:\\\/\\\/www.pigrecoemme.com\\\/blog\\\/#website\",\"url\":\"https:\\\/\\\/www.pigrecoemme.com\\\/blog\\\/\",\"name\":\"Scuola di Cinema Pigrecoemme - Blog\",\"description\":\"Siamo la prima Scuola di Cinema e Fotografia di Napoli\",\"publisher\":{\"@id\":\"https:\\\/\\\/www.pigrecoemme.com\\\/blog\\\/#organization\"},\"potentialAction\":[{\"@type\":\"SearchAction\",\"target\":{\"@type\":\"EntryPoint\",\"urlTemplate\":\"https:\\\/\\\/www.pigrecoemme.com\\\/blog\\\/?s={search_term_string}\"},\"query-input\":{\"@type\":\"PropertyValueSpecification\",\"valueRequired\":true,\"valueName\":\"search_term_string\"}}],\"inLanguage\":\"it-IT\"},{\"@type\":\"Organization\",\"@id\":\"https:\\\/\\\/www.pigrecoemme.com\\\/blog\\\/#organization\",\"name\":\"Scuola di cinema e fotografia Pigrecoemme\",\"url\":\"https:\\\/\\\/www.pigrecoemme.com\\\/blog\\\/\",\"logo\":{\"@type\":\"ImageObject\",\"inLanguage\":\"it-IT\",\"@id\":\"https:\\\/\\\/www.pigrecoemme.com\\\/blog\\\/#\\\/schema\\\/logo\\\/image\\\/\",\"url\":\"https:\\\/\\\/i0.wp.com\\\/www.pigrecoemme.com\\\/blog\\\/wp-content\\\/uploads\\\/2018\\\/06\\\/logo-pigrecoemme-2018.png?fit=500%2C500&ssl=1\",\"contentUrl\":\"https:\\\/\\\/i0.wp.com\\\/www.pigrecoemme.com\\\/blog\\\/wp-content\\\/uploads\\\/2018\\\/06\\\/logo-pigrecoemme-2018.png?fit=500%2C500&ssl=1\",\"width\":500,\"height\":500,\"caption\":\"Scuola di cinema e fotografia Pigrecoemme\"},\"image\":{\"@id\":\"https:\\\/\\\/www.pigrecoemme.com\\\/blog\\\/#\\\/schema\\\/logo\\\/image\\\/\"},\"sameAs\":[\"https:\\\/\\\/www.facebook.com\\\/pigrecoemme\",\"https:\\\/\\\/x.com\\\/Pigrecoemme\",\"https:\\\/\\\/www.instagram.com\\\/pigrecoemme\\\/\",\"https:\\\/\\\/www.linkedin.com\\\/company\\\/pigrecoemme\\\/\",\"https:\\\/\\\/www.youtube.com\\\/pigrecoemme\"]},{\"@type\":\"Person\",\"@id\":\"https:\\\/\\\/www.pigrecoemme.com\\\/blog\\\/#\\\/schema\\\/person\\\/57fa822c3d209d3a2612fd0411ae63f4\",\"name\":\"Giacomo Fabbrocino\",\"image\":{\"@type\":\"ImageObject\",\"inLanguage\":\"it-IT\",\"@id\":\"https:\\\/\\\/secure.gravatar.com\\\/avatar\\\/0e4dfd4d05c06a03fffaffeb36fb181415ba11b91a6b566fa2e8ada75927db32?s=96&r=g\",\"url\":\"https:\\\/\\\/secure.gravatar.com\\\/avatar\\\/0e4dfd4d05c06a03fffaffeb36fb181415ba11b91a6b566fa2e8ada75927db32?s=96&r=g\",\"contentUrl\":\"https:\\\/\\\/secure.gravatar.com\\\/avatar\\\/0e4dfd4d05c06a03fffaffeb36fb181415ba11b91a6b566fa2e8ada75927db32?s=96&r=g\",\"caption\":\"Giacomo Fabbrocino\"},\"description\":\"Montatore cinematografico, autore di documentari sull'arte e di video d'artista, Giacomo \u00e8 responsabile della didattica e della comunicazione web della Scuola di Cinema, Fotografia e Televisione Pigrecoemme di Napoli.\",\"sameAs\":[\"http:\\\/\\\/www.pigrecoemme.com\\\/\",\"https:\\\/\\\/www.facebook.com\\\/giacomo.fabbrocino\"],\"url\":\"https:\\\/\\\/www.pigrecoemme.com\\\/blog\\\/author\\\/giacomo-fabbrocino\\\/\"}]}<\/script>\n<!-- \/ Yoast SEO plugin. -->","yoast_head_json":{"title":"Abel Ferrara e la Costituzione protagonisti del \u201cSarno Film Festival\u201d","robots":{"index":"index","follow":"follow","max-snippet":"max-snippet:-1","max-image-preview":"max-image-preview:large","max-video-preview":"max-video-preview:-1"},"canonical":"https:\/\/www.pigrecoemme.com\/blog\/abel-ferrara-e-la-costituzione-protagonisti-del-\u201csarno-film-festival\u201d\/","og_locale":"it_IT","og_type":"article","og_title":"Abel Ferrara e la Costituzione protagonisti del \u201cSarno Film Festival\u201d","og_description":"\u00c8 con grande piacere che annunciamo la nostra partnership con la prima edizione del Sarno Film Festival che, per il suo esordio, ha voluto concentrarsi sulla Carta Fondamentale dei diritti del nostro Paese, la&hellip;","og_url":"https:\/\/www.pigrecoemme.com\/blog\/abel-ferrara-e-la-costituzione-protagonisti-del-\u201csarno-film-festival\u201d\/","og_site_name":"Scuola di Cinema Pigrecoemme - Blog","article_publisher":"https:\/\/www.facebook.com\/pigrecoemme","article_author":"https:\/\/www.facebook.com\/giacomo.fabbrocino","article_published_time":"2011-05-19T11:59:19+00:00","og_image":[{"url":"http:\/\/www.pigrecoemme.com\/blog\/wp-content\/uploads\/2011\/05\/abel-ferrara-248x300.jpg","type":"","width":"","height":""}],"author":"Giacomo Fabbrocino","twitter_card":"summary_large_image","twitter_creator":"@Pigrecoemme","twitter_site":"@Pigrecoemme","twitter_misc":{"Scritto da":"Giacomo Fabbrocino","Tempo di lettura stimato":"2 minuti"},"schema":{"@context":"https:\/\/schema.org","@graph":[{"@type":["Article","BlogPosting"],"@id":"https:\/\/www.pigrecoemme.com\/blog\/abel-ferrara-e-la-costituzione-protagonisti-del-%e2%80%9csarno-film-festival%e2%80%9d\/#article","isPartOf":{"@id":"https:\/\/www.pigrecoemme.com\/blog\/abel-ferrara-e-la-costituzione-protagonisti-del-%e2%80%9csarno-film-festival%e2%80%9d\/"},"author":{"name":"Giacomo Fabbrocino","@id":"https:\/\/www.pigrecoemme.com\/blog\/#\/schema\/person\/57fa822c3d209d3a2612fd0411ae63f4"},"headline":"Abel Ferrara e la Costituzione protagonisti del \u201cSarno Film Festival\u201d","datePublished":"2011-05-19T11:59:19+00:00","mainEntityOfPage":{"@id":"https:\/\/www.pigrecoemme.com\/blog\/abel-ferrara-e-la-costituzione-protagonisti-del-%e2%80%9csarno-film-festival%e2%80%9d\/"},"wordCount":384,"commentCount":0,"publisher":{"@id":"https:\/\/www.pigrecoemme.com\/blog\/#organization"},"image":{"@id":"https:\/\/www.pigrecoemme.com\/blog\/abel-ferrara-e-la-costituzione-protagonisti-del-%e2%80%9csarno-film-festival%e2%80%9d\/#primaryimage"},"thumbnailUrl":"http:\/\/www.pigrecoemme.com\/blog\/wp-content\/uploads\/2011\/05\/abel-ferrara-248x300.jpg","keywords":["abel ferrara","costituzione","festival","sarno","sarno film festival"],"articleSection":["Eventi","Generale"],"inLanguage":"it-IT","potentialAction":[{"@type":"CommentAction","name":"Comment","target":["https:\/\/www.pigrecoemme.com\/blog\/abel-ferrara-e-la-costituzione-protagonisti-del-%e2%80%9csarno-film-festival%e2%80%9d\/#respond"]}]},{"@type":"WebPage","@id":"https:\/\/www.pigrecoemme.com\/blog\/abel-ferrara-e-la-costituzione-protagonisti-del-%e2%80%9csarno-film-festival%e2%80%9d\/","url":"https:\/\/www.pigrecoemme.com\/blog\/abel-ferrara-e-la-costituzione-protagonisti-del-%e2%80%9csarno-film-festival%e2%80%9d\/","name":"Abel Ferrara e la Costituzione protagonisti del \u201cSarno Film Festival\u201d","isPartOf":{"@id":"https:\/\/www.pigrecoemme.com\/blog\/#website"},"primaryImageOfPage":{"@id":"https:\/\/www.pigrecoemme.com\/blog\/abel-ferrara-e-la-costituzione-protagonisti-del-%e2%80%9csarno-film-festival%e2%80%9d\/#primaryimage"},"image":{"@id":"https:\/\/www.pigrecoemme.com\/blog\/abel-ferrara-e-la-costituzione-protagonisti-del-%e2%80%9csarno-film-festival%e2%80%9d\/#primaryimage"},"thumbnailUrl":"http:\/\/www.pigrecoemme.com\/blog\/wp-content\/uploads\/2011\/05\/abel-ferrara-248x300.jpg","datePublished":"2011-05-19T11:59:19+00:00","breadcrumb":{"@id":"https:\/\/www.pigrecoemme.com\/blog\/abel-ferrara-e-la-costituzione-protagonisti-del-%e2%80%9csarno-film-festival%e2%80%9d\/#breadcrumb"},"inLanguage":"it-IT","potentialAction":[{"@type":"ReadAction","target":["https:\/\/www.pigrecoemme.com\/blog\/abel-ferrara-e-la-costituzione-protagonisti-del-%e2%80%9csarno-film-festival%e2%80%9d\/"]}]},{"@type":"ImageObject","inLanguage":"it-IT","@id":"https:\/\/www.pigrecoemme.com\/blog\/abel-ferrara-e-la-costituzione-protagonisti-del-%e2%80%9csarno-film-festival%e2%80%9d\/#primaryimage","url":"http:\/\/www.pigrecoemme.com\/blog\/wp-content\/uploads\/2011\/05\/abel-ferrara-248x300.jpg","contentUrl":"http:\/\/www.pigrecoemme.com\/blog\/wp-content\/uploads\/2011\/05\/abel-ferrara-248x300.jpg"},{"@type":"BreadcrumbList","@id":"https:\/\/www.pigrecoemme.com\/blog\/abel-ferrara-e-la-costituzione-protagonisti-del-%e2%80%9csarno-film-festival%e2%80%9d\/#breadcrumb","itemListElement":[{"@type":"ListItem","position":1,"name":"Home","item":"https:\/\/www.pigrecoemme.com\/blog\/"},{"@type":"ListItem","position":2,"name":"Abel Ferrara e la Costituzione protagonisti del \u201cSarno Film Festival\u201d"}]},{"@type":"WebSite","@id":"https:\/\/www.pigrecoemme.com\/blog\/#website","url":"https:\/\/www.pigrecoemme.com\/blog\/","name":"Scuola di Cinema Pigrecoemme - Blog","description":"Siamo la prima Scuola di Cinema e Fotografia di Napoli","publisher":{"@id":"https:\/\/www.pigrecoemme.com\/blog\/#organization"},"potentialAction":[{"@type":"SearchAction","target":{"@type":"EntryPoint","urlTemplate":"https:\/\/www.pigrecoemme.com\/blog\/?s={search_term_string}"},"query-input":{"@type":"PropertyValueSpecification","valueRequired":true,"valueName":"search_term_string"}}],"inLanguage":"it-IT"},{"@type":"Organization","@id":"https:\/\/www.pigrecoemme.com\/blog\/#organization","name":"Scuola di cinema e fotografia Pigrecoemme","url":"https:\/\/www.pigrecoemme.com\/blog\/","logo":{"@type":"ImageObject","inLanguage":"it-IT","@id":"https:\/\/www.pigrecoemme.com\/blog\/#\/schema\/logo\/image\/","url":"https:\/\/i0.wp.com\/www.pigrecoemme.com\/blog\/wp-content\/uploads\/2018\/06\/logo-pigrecoemme-2018.png?fit=500%2C500&ssl=1","contentUrl":"https:\/\/i0.wp.com\/www.pigrecoemme.com\/blog\/wp-content\/uploads\/2018\/06\/logo-pigrecoemme-2018.png?fit=500%2C500&ssl=1","width":500,"height":500,"caption":"Scuola di cinema e fotografia Pigrecoemme"},"image":{"@id":"https:\/\/www.pigrecoemme.com\/blog\/#\/schema\/logo\/image\/"},"sameAs":["https:\/\/www.facebook.com\/pigrecoemme","https:\/\/x.com\/Pigrecoemme","https:\/\/www.instagram.com\/pigrecoemme\/","https:\/\/www.linkedin.com\/company\/pigrecoemme\/","https:\/\/www.youtube.com\/pigrecoemme"]},{"@type":"Person","@id":"https:\/\/www.pigrecoemme.com\/blog\/#\/schema\/person\/57fa822c3d209d3a2612fd0411ae63f4","name":"Giacomo Fabbrocino","image":{"@type":"ImageObject","inLanguage":"it-IT","@id":"https:\/\/secure.gravatar.com\/avatar\/0e4dfd4d05c06a03fffaffeb36fb181415ba11b91a6b566fa2e8ada75927db32?s=96&r=g","url":"https:\/\/secure.gravatar.com\/avatar\/0e4dfd4d05c06a03fffaffeb36fb181415ba11b91a6b566fa2e8ada75927db32?s=96&r=g","contentUrl":"https:\/\/secure.gravatar.com\/avatar\/0e4dfd4d05c06a03fffaffeb36fb181415ba11b91a6b566fa2e8ada75927db32?s=96&r=g","caption":"Giacomo Fabbrocino"},"description":"Montatore cinematografico, autore di documentari sull'arte e di video d'artista, Giacomo \u00e8 responsabile della didattica e della comunicazione web della Scuola di Cinema, Fotografia e Televisione Pigrecoemme di Napoli.","sameAs":["http:\/\/www.pigrecoemme.com\/","https:\/\/www.facebook.com\/giacomo.fabbrocino"],"url":"https:\/\/www.pigrecoemme.com\/blog\/author\/giacomo-fabbrocino\/"}]}},"jetpack_sharing_enabled":true,"jetpack_likes_enabled":true,"jetpack-related-posts":[{"id":58,"url":"https:\/\/www.pigrecoemme.com\/blog\/il-nuovo-film-documentario-di-angelo-serio-su-salvatore-sarno-e-shosholoza\/","url_meta":{"origin":364,"position":0},"title":"Il nuovo film documentario di Angelo Serio su Salvatore Sarno e Shosholoza","author":"Giacomo Fabbrocino","date":"6 Giugno 2008","format":false,"excerpt":"Sono iniziate ieri le riprese del nuovo film documentario di Angelo Serio. Il regista nocerino impegnato da tre anni nella conduzione del corso di recitazione cinematografica della Scuola di Cinema Pigrecoemme, racconter\u00e0 la fantastica avventura di Salvatore Sarno, il capitano, fondatore, nonch\u00e9 presidente del team e del challenger di Coppa\u2026","rel":"","context":"In &quot;Generale&quot;","block_context":{"text":"Generale","link":"https:\/\/www.pigrecoemme.com\/blog\/generale\/"},"img":{"alt_text":"","src":"","width":0,"height":0},"classes":[]},{"id":226,"url":"https:\/\/www.pigrecoemme.com\/blog\/la-via-piu-breve-tra-napoli-e-ferrara\/","url_meta":{"origin":364,"position":1},"title":"La via pi\u00f9 breve tra Napoli e Ferrara","author":"Giacomo Fabbrocino","date":"27 Aprile 2010","format":false,"excerpt":"Fuori programma ai limiti del surreale, ieri pomeriggio. Gli amici di Figli del Bronx sono venuti a prendere uno schermo per proiezioni presso la nostra sede e si sono presentati con Abel Ferrara che, manco a dirlo, ha attirato subito a s\u00e9 i nostri studenti in adorazione, non prima, per\u00f2,\u2026","rel":"","context":"In &quot;Eventi&quot;","block_context":{"text":"Eventi","link":"https:\/\/www.pigrecoemme.com\/blog\/eventi\/"},"img":{"alt_text":"Abel Ferrara con Manuel, studente del nostro master in cinema.","src":"https:\/\/i0.wp.com\/www.pigrecoemme.com\/blog\/wp-content\/uploads\/2010\/04\/abelferrara-225x300.jpg?resize=350%2C200","width":350,"height":200},"classes":[]},{"id":314,"url":"https:\/\/www.pigrecoemme.com\/blog\/the-others-su-gt-channel-la-scuola-di-cinema-e-televisione-pigrecoemme-in-tv\/","url_meta":{"origin":364,"position":2},"title":"The Others su GT Channel. La Scuola di cinema e televisione Pigrecoemme in TV","author":"Rosario Gallone","date":"14 Dicembre 2010","format":false,"excerpt":"The Others, la rivista di approfondimento critico della Scuola di cinema e televisione Pigrecoemme di Napoli, arriva, con un programma di approfondimento cinematografico, in TV. Su GT Channel.","rel":"","context":"In &quot;Eventi&quot;","block_context":{"text":"Eventi","link":"https:\/\/www.pigrecoemme.com\/blog\/eventi\/"},"img":{"alt_text":"","src":"https:\/\/i0.wp.com\/www.pigrecoemme.com\/blog\/wp-content\/uploads\/2010\/12\/the-others-gt-channel.jpg?resize=350%2C200&ssl=1","width":350,"height":200},"classes":[]},{"id":1454,"url":"https:\/\/www.pigrecoemme.com\/blog\/shakespeare-nascosto-il-bardo-tradotto-e-tradito-in-10-film\/","url_meta":{"origin":364,"position":3},"title":"Shakespeare nascosto &#8211; Il Bardo tradotto e tradito in 10 film","author":"Rosario Gallone","date":"11 Novembre 2015","format":false,"excerpt":"\"Che Shakespeare sia il pi\u00f9 grande sceneggiatore del mondo \u00e8 vulgata comune e lo dimostrano i costanti successi di pellicole tratte dalle sue opere. Dalle grandi tragedie ai drammi storici fino alle commedie, conservando o buttando alle ortiche i versi immortali del Bardo, le vicende e i personaggi di Shakespeare\u2026","rel":"","context":"In &quot;Analisi e Critica&quot;","block_context":{"text":"Analisi e Critica","link":"https:\/\/www.pigrecoemme.com\/blog\/analisi-e-critica-2\/"},"img":{"alt_text":"shakespeare","src":"https:\/\/i0.wp.com\/www.pigrecoemme.com\/blog\/wp-content\/uploads\/2015\/09\/shakespeare.jpg?resize=350%2C200","width":350,"height":200},"classes":[]},{"id":378,"url":"https:\/\/www.pigrecoemme.com\/blog\/faito-doc-festival-pigrecoemme-tra-i-partner\/","url_meta":{"origin":364,"position":4},"title":"Faito Doc Festival: Pigrecoemme tra i partner","author":"Giacomo Fabbrocino","date":"30 Giugno 2011","format":false,"excerpt":"Dal 6 al 10 luglio 2011 si terr\u00e0 la quarta edizione del Faito Doc Festival, festival internazionale e tematico del documentario che quest'anno sar\u00e0 dedicato all'identit\u00e0. Il festival prevede il concorso cinematografico internazionale, che propone la proiezione di 11\u00a0documentari lungometraggi e 9 cortometraggi provenienti da Belgio, Francia, Estonia, Israele, Polonia,\u2026","rel":"","context":"In &quot;Eventi&quot;","block_context":{"text":"Eventi","link":"https:\/\/www.pigrecoemme.com\/blog\/eventi\/"},"img":{"alt_text":"La locandina del Faito Doc Festival","src":"https:\/\/i0.wp.com\/www.pigrecoemme.com\/blog\/wp-content\/uploads\/2011\/06\/locandina_fdf_2011-212x300.jpg?resize=350%2C200","width":350,"height":200},"classes":[]},{"id":854,"url":"https:\/\/www.pigrecoemme.com\/blog\/10-film-che-puoi-fare-a-meno-di-vedere-anche-se-i-cinefili-ti-diranno-il-contrario\/","url_meta":{"origin":364,"position":5},"title":"10 film che puoi fare a meno di vedere anche se i cinefili ti diranno il contrario","author":"Rosario Gallone","date":"16 Ottobre 2014","format":false,"excerpt":"1 -\u00a0Requiem For a Dream di\u00a0Darren Aronofsky Perch\u00e9 \u00e8 meglio Trainspotting. E lo split screen \u00e8 cos\u00ec anni '90... 2 -\u00a0L'arco di\u00a0Kim Ki-Duk Perch\u00e9 \u00e8 comico, ma involontariamente (i cinefili si affanneranno a dirvi che lo \u00e8 volutamente). 3 -\u00a0Sogni di Akira Kurosawa Nomen Omen: vi addormentereste. 4 - La\u2026","rel":"","context":"In &quot;Playlist&quot;","block_context":{"text":"Playlist","link":"https:\/\/www.pigrecoemme.com\/blog\/analisi-e-critica-2\/playlist\/"},"img":{"alt_text":"","src":"https:\/\/i0.wp.com\/www.pigrecoemme.com\/blog\/wp-content\/uploads\/2014\/10\/film-da-evitare.png?resize=350%2C200","width":350,"height":200,"srcset":"https:\/\/i0.wp.com\/www.pigrecoemme.com\/blog\/wp-content\/uploads\/2014\/10\/film-da-evitare.png?resize=350%2C200 1x, https:\/\/i0.wp.com\/www.pigrecoemme.com\/blog\/wp-content\/uploads\/2014\/10\/film-da-evitare.png?resize=525%2C300 1.5x, https:\/\/i0.wp.com\/www.pigrecoemme.com\/blog\/wp-content\/uploads\/2014\/10\/film-da-evitare.png?resize=700%2C400 2x"},"classes":[]}],"jetpack_featured_media_url":"","_links":{"self":[{"href":"https:\/\/www.pigrecoemme.com\/blog\/wp-json\/wp\/v2\/posts\/364","targetHints":{"allow":["GET"]}}],"collection":[{"href":"https:\/\/www.pigrecoemme.com\/blog\/wp-json\/wp\/v2\/posts"}],"about":[{"href":"https:\/\/www.pigrecoemme.com\/blog\/wp-json\/wp\/v2\/types\/post"}],"author":[{"embeddable":true,"href":"https:\/\/www.pigrecoemme.com\/blog\/wp-json\/wp\/v2\/users\/1"}],"replies":[{"embeddable":true,"href":"https:\/\/www.pigrecoemme.com\/blog\/wp-json\/wp\/v2\/comments?post=364"}],"version-history":[{"count":0,"href":"https:\/\/www.pigrecoemme.com\/blog\/wp-json\/wp\/v2\/posts\/364\/revisions"}],"wp:attachment":[{"href":"https:\/\/www.pigrecoemme.com\/blog\/wp-json\/wp\/v2\/media?parent=364"}],"wp:term":[{"taxonomy":"category","embeddable":true,"href":"https:\/\/www.pigrecoemme.com\/blog\/wp-json\/wp\/v2\/categories?post=364"},{"taxonomy":"post_tag","embeddable":true,"href":"https:\/\/www.pigrecoemme.com\/blog\/wp-json\/wp\/v2\/tags?post=364"}],"curies":[{"name":"wp","href":"https:\/\/api.w.org\/{rel}","templated":true}]}}