{"id":362,"date":"2011-05-04T19:08:04","date_gmt":"2011-05-04T17:08:04","guid":{"rendered":"http:\/\/www.pigrecoemme.com\/blog\/?p=362"},"modified":"2016-01-27T11:56:07","modified_gmt":"2016-01-27T10:56:07","slug":"pigrecoemme-al-museo-di-capodimonte","status":"publish","type":"post","link":"https:\/\/www.pigrecoemme.com\/blog\/pigrecoemme-al-museo-di-capodimonte\/","title":{"rendered":"Gli allievi di Pigrecoemme? Al Museo di Capodimonte&#8230;"},"content":{"rendered":"<p>Per la <strong>La notte dei musei<\/strong> &#8211; evento che coinvolger\u00e0 l&#8217;intera Europa &#8211; <strong>sabato 14 maggio 2011<\/strong>, alle <strong>ore 21,30<\/strong>, il <a href=\"http:\/\/museodicapodimonte.campaniabeniculturali.it\/\"> Museo di Capodimonte<\/a>, con l\u2019<a href=\"http:\/\/www.maggiodellamusica.it\/\">Associazione Musicale Maggio della Musica<\/a>, presentano <strong>Clic si suona<\/strong>, una serata dedicata ad alcuni dei pi\u00f9 interessanti giovani fotografi e musicisti della scena campana.<\/p>\n<p>Lo diciamo subito: avremmo segnalato la serata in ogni caso, convinti come siamo della particolarit\u00e0 e della suggestione del progetto, ma lo facciamo oggi con ancora maggiore calore e attenzione perch\u00e9, con orgoglio, possiamo dire che il Museo di Capodimonte aveva coinvolto Pigrecoemme diversi mesi orsono nell&#8217;organizzazione dell&#8217;evento, chiedendo alla nostra Scuola di segnalare alcuni degli allievi pi\u00f9 interessanti dei nostri <a href=\"http:\/\/www.pigrecoemme.com\/corso-fotografia\/corso-di-fotogiornalismo-reportage-napoli.htm\">corsi di Fotografia<\/a>.<\/p>\n<p style=\"text-align: center;\"><a href=\"https:\/\/i0.wp.com\/www.pigrecoemme.com\/blog\/wp-content\/uploads\/2011\/05\/clic-si-suona.jpg?ssl=1\"><img data-recalc-dims=\"1\" loading=\"lazy\" decoding=\"async\" class=\"size-medium wp-image-363 aligncenter\" title=\"clic-si-suona\" src=\"https:\/\/i0.wp.com\/www.pigrecoemme.com\/blog\/wp-content\/uploads\/2011\/05\/clic-si-suona.jpg?resize=129%2C180&#038;ssl=1\" alt=\"\" width=\"129\" height=\"180\" srcset=\"https:\/\/i0.wp.com\/www.pigrecoemme.com\/blog\/wp-content\/uploads\/2011\/05\/clic-si-suona.jpg?resize=215%2C300&amp;ssl=1 215w, https:\/\/i0.wp.com\/www.pigrecoemme.com\/blog\/wp-content\/uploads\/2011\/05\/clic-si-suona.jpg?w=800&amp;ssl=1 800w\" sizes=\"auto, (max-width: 129px) 100vw, 129px\" \/><\/a><\/p>\n<p style=\"text-align: left;\">Il progetto, a cura di <strong>Linda Martino<\/strong> con la collaborazione di <strong>Flaviana Frascogna<\/strong>, mette infatti in mostra <strong>dieci fotografi<\/strong> (due dei quali, <strong>ex studenti di Pigrecoemme<\/strong>: <strong>Gaetano Massa<\/strong> e <strong>Luca Schettino<\/strong>), chiamati a raccontare, attraverso le immagini, viaggi, emozioni, incontri, volti, di paesi e di uomini, ora vicini, ora remoti, ognuno con le proprie storie, che, tutti insieme, forniranno un unico, serrato percorso poetico. Le musiche di <strong>Marco Sannini<\/strong>, eseguite dai musicisti del <strong>Conservatorio di San Pietro a Maiella di Napoli<\/strong>, fungeranno da colonna sonora di questo percorso di immagini e, nell&#8217;osmosidi dei linguaggi, creeranno un&#8217;unica sinestetica narrazione, ricca di suggestioni e di sorprese.<br \/>\nI fotografi in mostra sono: <strong>Dario Bocchetti<\/strong>, <strong>Paolo Bosso<\/strong>,<strong> Piero Cremonese<\/strong>, <strong>Ernesto De Bartolomeis<\/strong>, <strong>Andrea De Franciscis<\/strong>, <strong>Flaviana Frascogna<\/strong>, <strong>Gaetano Massa<\/strong>, <strong>Janine Pereira Alves<\/strong>, <strong>Luca Schettino<\/strong> e <strong>Giuseppe Trincone<\/strong>. Mentre le musiche di Marco Sannini saranno eseguite dallo stesso Marco Sannini, alla tromba, <strong>Tancredi D\u2019Al\u00f2<\/strong>, alla chitarra, <strong>Renato Grieco<\/strong>, al basso e da <strong>Massimo Del Pezzo<\/strong>, alle percussioni.<br \/>\nUn plauso particolare a <strong>Rino Sorrentino<\/strong>, artista di grande sensibilit\u00e0, autore, in questo caso, del bellissimo lavoro grafico della manifestazione.<\/p>\n","protected":false},"excerpt":{"rendered":"<p>Al Museo di Capodimonte, alcuni allievi dei corsi di Fotografia di Pigrecoemme in mostra, nell&#8217;ambito dell&#8217;evento Clic si suona.<\/p>\n","protected":false},"author":2,"featured_media":0,"comment_status":"open","ping_status":"open","sticky":false,"template":"","format":"standard","meta":{"_jetpack_newsletter_access":"","_jetpack_dont_email_post_to_subs":false,"_jetpack_newsletter_tier_id":0,"_jetpack_memberships_contains_paywalled_content":false,"_jetpack_feature_clip_id":0,"_jetpack_memberships_contains_paid_content":false,"footnotes":"","jetpack_post_was_ever_published":false},"categories":[11,21,1,1523],"tags":[545,74,544,542,370,543,541],"class_list":["post-362","post","type-post","status-publish","format-standard","hentry","category-eventi","category-fotografia","category-generale","category-incontri-fotografici","tag-clic-si-suona","tag-corsi-di-fotografia","tag-cultura-napoli","tag-eventi-live","tag-incontri-fotografici","tag-mostre-fotografia","tag-museo-di-capodimonte"],"yoast_head":"<!-- This site is optimized with the Yoast SEO plugin v28.3 - https:\/\/yoast.com\/product\/yoast-seo-wordpress\/ -->\n<title>Gli allievi di Pigrecoemme? Al Museo di Capodimonte...<\/title>\n<meta name=\"robots\" content=\"index, follow, max-snippet:-1, max-image-preview:large, max-video-preview:-1\" \/>\n<link rel=\"canonical\" href=\"https:\/\/www.pigrecoemme.com\/blog\/pigrecoemme-al-museo-di-capodimonte\/\" \/>\n<meta property=\"og:locale\" content=\"it_IT\" \/>\n<meta property=\"og:type\" content=\"article\" \/>\n<meta property=\"og:title\" content=\"Gli allievi di Pigrecoemme? Al Museo di Capodimonte...\" \/>\n<meta property=\"og:description\" content=\"Al Museo di Capodimonte, alcuni allievi dei corsi di Fotografia di Pigrecoemme in mostra, nell&#039;ambito dell&#039;evento Clic si suona.\" \/>\n<meta property=\"og:url\" content=\"https:\/\/www.pigrecoemme.com\/blog\/pigrecoemme-al-museo-di-capodimonte\/\" \/>\n<meta property=\"og:site_name\" content=\"Scuola di Cinema Pigrecoemme - Blog\" \/>\n<meta property=\"article:publisher\" content=\"https:\/\/www.facebook.com\/pigrecoemme\" \/>\n<meta property=\"article:author\" content=\"https:\/\/www.facebook.com\/corrado.morra1\" \/>\n<meta property=\"article:published_time\" content=\"2011-05-04T17:08:04+00:00\" \/>\n<meta property=\"article:modified_time\" content=\"2016-01-27T10:56:07+00:00\" \/>\n<meta property=\"og:image\" content=\"http:\/\/www.pigrecoemme.com\/blog\/wp-content\/uploads\/2011\/05\/clic-si-suona-215x300.jpg\" \/>\n<meta name=\"author\" content=\"Corrado Morra\" \/>\n<meta name=\"twitter:card\" content=\"summary_large_image\" \/>\n<meta name=\"twitter:creator\" content=\"@Pigrecoemme\" \/>\n<meta name=\"twitter:site\" content=\"@Pigrecoemme\" \/>\n<meta name=\"twitter:label1\" content=\"Scritto da\" \/>\n\t<meta name=\"twitter:data1\" content=\"Corrado Morra\" \/>\n\t<meta name=\"twitter:label2\" content=\"Tempo di lettura stimato\" \/>\n\t<meta name=\"twitter:data2\" content=\"1 minuto\" \/>\n<script type=\"application\/ld+json\" class=\"yoast-schema-graph\">{\"@context\":\"https:\\\/\\\/schema.org\",\"@graph\":[{\"@type\":[\"Article\",\"BlogPosting\"],\"@id\":\"https:\\\/\\\/www.pigrecoemme.com\\\/blog\\\/pigrecoemme-al-museo-di-capodimonte\\\/#article\",\"isPartOf\":{\"@id\":\"https:\\\/\\\/www.pigrecoemme.com\\\/blog\\\/pigrecoemme-al-museo-di-capodimonte\\\/\"},\"author\":{\"name\":\"Corrado Morra\",\"@id\":\"https:\\\/\\\/www.pigrecoemme.com\\\/blog\\\/#\\\/schema\\\/person\\\/702764b5ecda4c2f34e82348789f649e\"},\"headline\":\"Gli allievi di Pigrecoemme? Al Museo di Capodimonte&#8230;\",\"datePublished\":\"2011-05-04T17:08:04+00:00\",\"dateModified\":\"2016-01-27T10:56:07+00:00\",\"mainEntityOfPage\":{\"@id\":\"https:\\\/\\\/www.pigrecoemme.com\\\/blog\\\/pigrecoemme-al-museo-di-capodimonte\\\/\"},\"wordCount\":307,\"commentCount\":0,\"publisher\":{\"@id\":\"https:\\\/\\\/www.pigrecoemme.com\\\/blog\\\/#organization\"},\"image\":{\"@id\":\"https:\\\/\\\/www.pigrecoemme.com\\\/blog\\\/pigrecoemme-al-museo-di-capodimonte\\\/#primaryimage\"},\"thumbnailUrl\":\"http:\\\/\\\/www.pigrecoemme.com\\\/blog\\\/wp-content\\\/uploads\\\/2011\\\/05\\\/clic-si-suona-215x300.jpg\",\"keywords\":[\"clic si suona\",\"corsi di fotografia\",\"cultura napoli\",\"eventi live\",\"incontri fotografici\",\"mostre fotografia\",\"museo di capodimonte\"],\"articleSection\":[\"Eventi\",\"Fotografia\",\"Generale\",\"Incontri fotografici\"],\"inLanguage\":\"it-IT\",\"potentialAction\":[{\"@type\":\"CommentAction\",\"name\":\"Comment\",\"target\":[\"https:\\\/\\\/www.pigrecoemme.com\\\/blog\\\/pigrecoemme-al-museo-di-capodimonte\\\/#respond\"]}]},{\"@type\":\"WebPage\",\"@id\":\"https:\\\/\\\/www.pigrecoemme.com\\\/blog\\\/pigrecoemme-al-museo-di-capodimonte\\\/\",\"url\":\"https:\\\/\\\/www.pigrecoemme.com\\\/blog\\\/pigrecoemme-al-museo-di-capodimonte\\\/\",\"name\":\"Gli allievi di Pigrecoemme? Al Museo di Capodimonte...\",\"isPartOf\":{\"@id\":\"https:\\\/\\\/www.pigrecoemme.com\\\/blog\\\/#website\"},\"primaryImageOfPage\":{\"@id\":\"https:\\\/\\\/www.pigrecoemme.com\\\/blog\\\/pigrecoemme-al-museo-di-capodimonte\\\/#primaryimage\"},\"image\":{\"@id\":\"https:\\\/\\\/www.pigrecoemme.com\\\/blog\\\/pigrecoemme-al-museo-di-capodimonte\\\/#primaryimage\"},\"thumbnailUrl\":\"http:\\\/\\\/www.pigrecoemme.com\\\/blog\\\/wp-content\\\/uploads\\\/2011\\\/05\\\/clic-si-suona-215x300.jpg\",\"datePublished\":\"2011-05-04T17:08:04+00:00\",\"dateModified\":\"2016-01-27T10:56:07+00:00\",\"breadcrumb\":{\"@id\":\"https:\\\/\\\/www.pigrecoemme.com\\\/blog\\\/pigrecoemme-al-museo-di-capodimonte\\\/#breadcrumb\"},\"inLanguage\":\"it-IT\",\"potentialAction\":[{\"@type\":\"ReadAction\",\"target\":[\"https:\\\/\\\/www.pigrecoemme.com\\\/blog\\\/pigrecoemme-al-museo-di-capodimonte\\\/\"]}]},{\"@type\":\"ImageObject\",\"inLanguage\":\"it-IT\",\"@id\":\"https:\\\/\\\/www.pigrecoemme.com\\\/blog\\\/pigrecoemme-al-museo-di-capodimonte\\\/#primaryimage\",\"url\":\"http:\\\/\\\/www.pigrecoemme.com\\\/blog\\\/wp-content\\\/uploads\\\/2011\\\/05\\\/clic-si-suona-215x300.jpg\",\"contentUrl\":\"http:\\\/\\\/www.pigrecoemme.com\\\/blog\\\/wp-content\\\/uploads\\\/2011\\\/05\\\/clic-si-suona-215x300.jpg\"},{\"@type\":\"BreadcrumbList\",\"@id\":\"https:\\\/\\\/www.pigrecoemme.com\\\/blog\\\/pigrecoemme-al-museo-di-capodimonte\\\/#breadcrumb\",\"itemListElement\":[{\"@type\":\"ListItem\",\"position\":1,\"name\":\"Home\",\"item\":\"https:\\\/\\\/www.pigrecoemme.com\\\/blog\\\/\"},{\"@type\":\"ListItem\",\"position\":2,\"name\":\"Gli allievi di Pigrecoemme? Al Museo di Capodimonte&#8230;\"}]},{\"@type\":\"WebSite\",\"@id\":\"https:\\\/\\\/www.pigrecoemme.com\\\/blog\\\/#website\",\"url\":\"https:\\\/\\\/www.pigrecoemme.com\\\/blog\\\/\",\"name\":\"Scuola di Cinema Pigrecoemme - Blog\",\"description\":\"Siamo la prima Scuola di Cinema e Fotografia di Napoli\",\"publisher\":{\"@id\":\"https:\\\/\\\/www.pigrecoemme.com\\\/blog\\\/#organization\"},\"potentialAction\":[{\"@type\":\"SearchAction\",\"target\":{\"@type\":\"EntryPoint\",\"urlTemplate\":\"https:\\\/\\\/www.pigrecoemme.com\\\/blog\\\/?s={search_term_string}\"},\"query-input\":{\"@type\":\"PropertyValueSpecification\",\"valueRequired\":true,\"valueName\":\"search_term_string\"}}],\"inLanguage\":\"it-IT\"},{\"@type\":\"Organization\",\"@id\":\"https:\\\/\\\/www.pigrecoemme.com\\\/blog\\\/#organization\",\"name\":\"Scuola di cinema e fotografia Pigrecoemme\",\"url\":\"https:\\\/\\\/www.pigrecoemme.com\\\/blog\\\/\",\"logo\":{\"@type\":\"ImageObject\",\"inLanguage\":\"it-IT\",\"@id\":\"https:\\\/\\\/www.pigrecoemme.com\\\/blog\\\/#\\\/schema\\\/logo\\\/image\\\/\",\"url\":\"https:\\\/\\\/i0.wp.com\\\/www.pigrecoemme.com\\\/blog\\\/wp-content\\\/uploads\\\/2018\\\/06\\\/logo-pigrecoemme-2018.png?fit=500%2C500&ssl=1\",\"contentUrl\":\"https:\\\/\\\/i0.wp.com\\\/www.pigrecoemme.com\\\/blog\\\/wp-content\\\/uploads\\\/2018\\\/06\\\/logo-pigrecoemme-2018.png?fit=500%2C500&ssl=1\",\"width\":500,\"height\":500,\"caption\":\"Scuola di cinema e fotografia Pigrecoemme\"},\"image\":{\"@id\":\"https:\\\/\\\/www.pigrecoemme.com\\\/blog\\\/#\\\/schema\\\/logo\\\/image\\\/\"},\"sameAs\":[\"https:\\\/\\\/www.facebook.com\\\/pigrecoemme\",\"https:\\\/\\\/x.com\\\/Pigrecoemme\",\"https:\\\/\\\/www.instagram.com\\\/pigrecoemme\\\/\",\"https:\\\/\\\/www.linkedin.com\\\/company\\\/pigrecoemme\\\/\",\"https:\\\/\\\/www.youtube.com\\\/pigrecoemme\"]},{\"@type\":\"Person\",\"@id\":\"https:\\\/\\\/www.pigrecoemme.com\\\/blog\\\/#\\\/schema\\\/person\\\/702764b5ecda4c2f34e82348789f649e\",\"name\":\"Corrado Morra\",\"image\":{\"@type\":\"ImageObject\",\"inLanguage\":\"it-IT\",\"@id\":\"https:\\\/\\\/secure.gravatar.com\\\/avatar\\\/f6ce2f6728fbdf920737112fe70682512808577befa2c9c7845c04a8449b8f03?s=96&r=g\",\"url\":\"https:\\\/\\\/secure.gravatar.com\\\/avatar\\\/f6ce2f6728fbdf920737112fe70682512808577befa2c9c7845c04a8449b8f03?s=96&r=g\",\"contentUrl\":\"https:\\\/\\\/secure.gravatar.com\\\/avatar\\\/f6ce2f6728fbdf920737112fe70682512808577befa2c9c7845c04a8449b8f03?s=96&r=g\",\"caption\":\"Corrado Morra\"},\"description\":\"Esperto di arti visive e di cinema, insegna Sceneggiatura alla Scuola di cinema Pigrecoemme di Napoli, di cui \u00e8 tra i fondatori.\",\"sameAs\":[\"http:\\\/\\\/www.pigrecoemme.com\\\/\",\"https:\\\/\\\/www.facebook.com\\\/corrado.morra1\"],\"url\":\"https:\\\/\\\/www.pigrecoemme.com\\\/blog\\\/author\\\/corrado-morra\\\/\"}]}<\/script>\n<!-- \/ Yoast SEO plugin. -->","yoast_head_json":{"title":"Gli allievi di Pigrecoemme? Al Museo di Capodimonte...","robots":{"index":"index","follow":"follow","max-snippet":"max-snippet:-1","max-image-preview":"max-image-preview:large","max-video-preview":"max-video-preview:-1"},"canonical":"https:\/\/www.pigrecoemme.com\/blog\/pigrecoemme-al-museo-di-capodimonte\/","og_locale":"it_IT","og_type":"article","og_title":"Gli allievi di Pigrecoemme? Al Museo di Capodimonte...","og_description":"Al Museo di Capodimonte, alcuni allievi dei corsi di Fotografia di Pigrecoemme in mostra, nell'ambito dell'evento Clic si suona.","og_url":"https:\/\/www.pigrecoemme.com\/blog\/pigrecoemme-al-museo-di-capodimonte\/","og_site_name":"Scuola di Cinema Pigrecoemme - Blog","article_publisher":"https:\/\/www.facebook.com\/pigrecoemme","article_author":"https:\/\/www.facebook.com\/corrado.morra1","article_published_time":"2011-05-04T17:08:04+00:00","article_modified_time":"2016-01-27T10:56:07+00:00","og_image":[{"url":"http:\/\/www.pigrecoemme.com\/blog\/wp-content\/uploads\/2011\/05\/clic-si-suona-215x300.jpg","type":"","width":"","height":""}],"author":"Corrado Morra","twitter_card":"summary_large_image","twitter_creator":"@Pigrecoemme","twitter_site":"@Pigrecoemme","twitter_misc":{"Scritto da":"Corrado Morra","Tempo di lettura stimato":"1 minuto"},"schema":{"@context":"https:\/\/schema.org","@graph":[{"@type":["Article","BlogPosting"],"@id":"https:\/\/www.pigrecoemme.com\/blog\/pigrecoemme-al-museo-di-capodimonte\/#article","isPartOf":{"@id":"https:\/\/www.pigrecoemme.com\/blog\/pigrecoemme-al-museo-di-capodimonte\/"},"author":{"name":"Corrado Morra","@id":"https:\/\/www.pigrecoemme.com\/blog\/#\/schema\/person\/702764b5ecda4c2f34e82348789f649e"},"headline":"Gli allievi di Pigrecoemme? Al Museo di Capodimonte&#8230;","datePublished":"2011-05-04T17:08:04+00:00","dateModified":"2016-01-27T10:56:07+00:00","mainEntityOfPage":{"@id":"https:\/\/www.pigrecoemme.com\/blog\/pigrecoemme-al-museo-di-capodimonte\/"},"wordCount":307,"commentCount":0,"publisher":{"@id":"https:\/\/www.pigrecoemme.com\/blog\/#organization"},"image":{"@id":"https:\/\/www.pigrecoemme.com\/blog\/pigrecoemme-al-museo-di-capodimonte\/#primaryimage"},"thumbnailUrl":"http:\/\/www.pigrecoemme.com\/blog\/wp-content\/uploads\/2011\/05\/clic-si-suona-215x300.jpg","keywords":["clic si suona","corsi di fotografia","cultura napoli","eventi live","incontri fotografici","mostre fotografia","museo di capodimonte"],"articleSection":["Eventi","Fotografia","Generale","Incontri fotografici"],"inLanguage":"it-IT","potentialAction":[{"@type":"CommentAction","name":"Comment","target":["https:\/\/www.pigrecoemme.com\/blog\/pigrecoemme-al-museo-di-capodimonte\/#respond"]}]},{"@type":"WebPage","@id":"https:\/\/www.pigrecoemme.com\/blog\/pigrecoemme-al-museo-di-capodimonte\/","url":"https:\/\/www.pigrecoemme.com\/blog\/pigrecoemme-al-museo-di-capodimonte\/","name":"Gli allievi di Pigrecoemme? Al Museo di Capodimonte...","isPartOf":{"@id":"https:\/\/www.pigrecoemme.com\/blog\/#website"},"primaryImageOfPage":{"@id":"https:\/\/www.pigrecoemme.com\/blog\/pigrecoemme-al-museo-di-capodimonte\/#primaryimage"},"image":{"@id":"https:\/\/www.pigrecoemme.com\/blog\/pigrecoemme-al-museo-di-capodimonte\/#primaryimage"},"thumbnailUrl":"http:\/\/www.pigrecoemme.com\/blog\/wp-content\/uploads\/2011\/05\/clic-si-suona-215x300.jpg","datePublished":"2011-05-04T17:08:04+00:00","dateModified":"2016-01-27T10:56:07+00:00","breadcrumb":{"@id":"https:\/\/www.pigrecoemme.com\/blog\/pigrecoemme-al-museo-di-capodimonte\/#breadcrumb"},"inLanguage":"it-IT","potentialAction":[{"@type":"ReadAction","target":["https:\/\/www.pigrecoemme.com\/blog\/pigrecoemme-al-museo-di-capodimonte\/"]}]},{"@type":"ImageObject","inLanguage":"it-IT","@id":"https:\/\/www.pigrecoemme.com\/blog\/pigrecoemme-al-museo-di-capodimonte\/#primaryimage","url":"http:\/\/www.pigrecoemme.com\/blog\/wp-content\/uploads\/2011\/05\/clic-si-suona-215x300.jpg","contentUrl":"http:\/\/www.pigrecoemme.com\/blog\/wp-content\/uploads\/2011\/05\/clic-si-suona-215x300.jpg"},{"@type":"BreadcrumbList","@id":"https:\/\/www.pigrecoemme.com\/blog\/pigrecoemme-al-museo-di-capodimonte\/#breadcrumb","itemListElement":[{"@type":"ListItem","position":1,"name":"Home","item":"https:\/\/www.pigrecoemme.com\/blog\/"},{"@type":"ListItem","position":2,"name":"Gli allievi di Pigrecoemme? Al Museo di Capodimonte&#8230;"}]},{"@type":"WebSite","@id":"https:\/\/www.pigrecoemme.com\/blog\/#website","url":"https:\/\/www.pigrecoemme.com\/blog\/","name":"Scuola di Cinema Pigrecoemme - Blog","description":"Siamo la prima Scuola di Cinema e Fotografia di Napoli","publisher":{"@id":"https:\/\/www.pigrecoemme.com\/blog\/#organization"},"potentialAction":[{"@type":"SearchAction","target":{"@type":"EntryPoint","urlTemplate":"https:\/\/www.pigrecoemme.com\/blog\/?s={search_term_string}"},"query-input":{"@type":"PropertyValueSpecification","valueRequired":true,"valueName":"search_term_string"}}],"inLanguage":"it-IT"},{"@type":"Organization","@id":"https:\/\/www.pigrecoemme.com\/blog\/#organization","name":"Scuola di cinema e fotografia Pigrecoemme","url":"https:\/\/www.pigrecoemme.com\/blog\/","logo":{"@type":"ImageObject","inLanguage":"it-IT","@id":"https:\/\/www.pigrecoemme.com\/blog\/#\/schema\/logo\/image\/","url":"https:\/\/i0.wp.com\/www.pigrecoemme.com\/blog\/wp-content\/uploads\/2018\/06\/logo-pigrecoemme-2018.png?fit=500%2C500&ssl=1","contentUrl":"https:\/\/i0.wp.com\/www.pigrecoemme.com\/blog\/wp-content\/uploads\/2018\/06\/logo-pigrecoemme-2018.png?fit=500%2C500&ssl=1","width":500,"height":500,"caption":"Scuola di cinema e fotografia Pigrecoemme"},"image":{"@id":"https:\/\/www.pigrecoemme.com\/blog\/#\/schema\/logo\/image\/"},"sameAs":["https:\/\/www.facebook.com\/pigrecoemme","https:\/\/x.com\/Pigrecoemme","https:\/\/www.instagram.com\/pigrecoemme\/","https:\/\/www.linkedin.com\/company\/pigrecoemme\/","https:\/\/www.youtube.com\/pigrecoemme"]},{"@type":"Person","@id":"https:\/\/www.pigrecoemme.com\/blog\/#\/schema\/person\/702764b5ecda4c2f34e82348789f649e","name":"Corrado Morra","image":{"@type":"ImageObject","inLanguage":"it-IT","@id":"https:\/\/secure.gravatar.com\/avatar\/f6ce2f6728fbdf920737112fe70682512808577befa2c9c7845c04a8449b8f03?s=96&r=g","url":"https:\/\/secure.gravatar.com\/avatar\/f6ce2f6728fbdf920737112fe70682512808577befa2c9c7845c04a8449b8f03?s=96&r=g","contentUrl":"https:\/\/secure.gravatar.com\/avatar\/f6ce2f6728fbdf920737112fe70682512808577befa2c9c7845c04a8449b8f03?s=96&r=g","caption":"Corrado Morra"},"description":"Esperto di arti visive e di cinema, insegna Sceneggiatura alla Scuola di cinema Pigrecoemme di Napoli, di cui \u00e8 tra i fondatori.","sameAs":["http:\/\/www.pigrecoemme.com\/","https:\/\/www.facebook.com\/corrado.morra1"],"url":"https:\/\/www.pigrecoemme.com\/blog\/author\/corrado-morra\/"}]}},"jetpack_sharing_enabled":true,"jetpack_likes_enabled":true,"jetpack-related-posts":[{"id":1837,"url":"https:\/\/www.pigrecoemme.com\/blog\/sabato-14-gennaio-incontro-fotografico-cesare-accetta\/","url_meta":{"origin":362,"position":0},"title":"Sabato 14 gennaio: incontro fotografico con Cesare Accetta","author":"Giacomo Fabbrocino","date":"5 Gennaio 2017","format":false,"excerpt":"Sabato\u00a014\u00a0gennaio 2017, dalle\u00a0ore 16:30 alle ore\u00a018:00, nell\u2019ambito della rassegna Incontri fotografici, Cesare Accetta\u00a0sar\u00e0 ospite alla Scuola di cinema e fotografia\u00a0Pigrecoemme\u00a0di Napoli, per dar vita a un incontro in cui racconter\u00e0 il suo entusiasmante percorso artistico e professionale come fotografo di scena, fotografo di ricerca, direttore della fotografia per il cinema\u2026","rel":"","context":"In &quot;Eventi&quot;","block_context":{"text":"Eventi","link":"https:\/\/www.pigrecoemme.com\/blog\/eventi\/"},"img":{"alt_text":"02 (Nero sensibile)","src":"https:\/\/i0.wp.com\/www.pigrecoemme.com\/blog\/wp-content\/uploads\/2017\/01\/02-Nero-sensibile.jpg?resize=350%2C200","width":350,"height":200,"srcset":"https:\/\/i0.wp.com\/www.pigrecoemme.com\/blog\/wp-content\/uploads\/2017\/01\/02-Nero-sensibile.jpg?resize=350%2C200 1x, https:\/\/i0.wp.com\/www.pigrecoemme.com\/blog\/wp-content\/uploads\/2017\/01\/02-Nero-sensibile.jpg?resize=525%2C300 1.5x, https:\/\/i0.wp.com\/www.pigrecoemme.com\/blog\/wp-content\/uploads\/2017\/01\/02-Nero-sensibile.jpg?resize=700%2C400 2x, https:\/\/i0.wp.com\/www.pigrecoemme.com\/blog\/wp-content\/uploads\/2017\/01\/02-Nero-sensibile.jpg?resize=1050%2C600 3x"},"classes":[]},{"id":492,"url":"https:\/\/www.pigrecoemme.com\/blog\/sabato-21-aprile-aniello-barone-terra-un-incontro-lezione-gratuito-sulla-fotografia\/","url_meta":{"origin":362,"position":1},"title":"Sabato 21 aprile Aniello Barone terr\u00e0 un incontro-lezione gratuito sulla fotografia","author":"Corrado Morra","date":"17 Aprile 2012","format":false,"excerpt":"Continuano, alla Scuola di cinema e fotografia Pigrecoemme di Napoli, gli incontri dedicati ai grandi fotografi. Sabato 21 aprile 2012, Aniello Barone sar\u00e0, cos\u00ec, negli spazi di Piazza Portanova, per un incontro-lezione, che avr\u00e0 il compito di tracciare le linee principali del suo affascinante percorso artistico e professionale. L\u2019appuntamento, dalle\u2026","rel":"","context":"In &quot;Eventi&quot;","block_context":{"text":"Eventi","link":"https:\/\/www.pigrecoemme.com\/blog\/eventi\/"},"img":{"alt_text":"","src":"https:\/\/i0.wp.com\/www.pigrecoemme.com\/blog\/wp-content\/uploads\/2012\/04\/aniello-barone1-300x200.jpg?resize=350%2C200","width":350,"height":200},"classes":[]},{"id":536,"url":"https:\/\/www.pigrecoemme.com\/blog\/alla-pigrecoemme-incontri-gratuiti-con-la-royal-photographic-society-e-l%e2%80%99agenzia-graffiti-di-roma\/","url_meta":{"origin":362,"position":2},"title":"Alla Pigrecoemme, incontri gratuiti con la Royal Photographic Society e l\u2019agenzia Graffiti di Roma","author":"Corrado Morra","date":"17 Settembre 2012","format":false,"excerpt":"Fine settembre all'insegna della Fotografia alla\u00a0Scuola di Cinema e Fotografia\u00a0Pigrecoemme\u00a0di Napoli, con un doppio, imperdibile evento:\u00a0sabato 29 settembre, alle\u00a0ore 16,00, nella sede della Scuola di\u00a0Piazza Portanova 11, ci sar\u00e0 un incontro con\u00a0Olivio Argenti, presidente del\u00a0CIRPS - Capitolo italiano\u00a0della\u00a0Royal Photographic Society,\u00a0la\u00a0prima e pi\u00f9 importante associazione fotografica al mondo,\u00a0Durante la serata,\u00a0Luca Sorbo,\u00a0responsabile\u2026","rel":"","context":"In &quot;Eventi&quot;","block_context":{"text":"Eventi","link":"https:\/\/www.pigrecoemme.com\/blog\/eventi\/"},"img":{"alt_text":"","src":"https:\/\/i0.wp.com\/www.pigrecoemme.com\/blog\/wp-content\/uploads\/2012\/09\/rps-300x113.jpg?resize=350%2C200","width":350,"height":200},"classes":[]},{"id":691,"url":"https:\/\/www.pigrecoemme.com\/blog\/lezione-aperta-con-raffaela-mariniello\/","url_meta":{"origin":362,"position":3},"title":"Lezione aperta con Raffaela Mariniello: la fotografia artistica","author":"Giacomo Fabbrocino","date":"23 Settembre 2013","format":false,"excerpt":"Alla Scuola di cinema e fotografia Pigrecoemme riprendono gli incontri con i maestri della fotografia. Il prossimo venerd\u00ec 27 settembre \u00e8 di scena\u00a0RAFFAELA MARINIELLO in una lezione aperta sulla fotografia artistica. L'appuntamento Riprende, in occasione della ripresa dei corsi di Fotografia di Pigrecoemme, con un incontro con Raffaela Mariniello, la\u2026","rel":"","context":"In &quot;Eventi&quot;","block_context":{"text":"Eventi","link":"https:\/\/www.pigrecoemme.com\/blog\/eventi\/"},"img":{"alt_text":"","src":"https:\/\/i0.wp.com\/www.pigrecoemme.com\/blog\/wp-content\/uploads\/2013\/09\/mariniello-01.jpg?resize=350%2C200","width":350,"height":200},"classes":[]},{"id":829,"url":"https:\/\/www.pigrecoemme.com\/blog\/la-grande-bellezza-la-fotografia-di-gianni-fiorito\/","url_meta":{"origin":362,"position":4},"title":"La grande bellezza? La fotografia. Dal fotogiornalismo al set, Gianni Fiorito si racconta alla Pigrecoemme","author":"Corrado Morra","date":"30 Aprile 2014","format":false,"excerpt":"Marted\u00ec 6 maggio, dalle ore 18,30 alle 20,30, nell\u2019ambito della rassegna Incontri fotografici,\u00a0Gianni Fiorito sar\u00e0 alla Scuola di cinema e fotografia Pigrecoemme di Napoli per vita a un incontro aperto in cui racconter\u00e0 il suo esemplare ed avvincente percorso artistico che scorre, grazie a una costante e fruttuosa contaminazione, tra\u2026","rel":"","context":"In &quot;Eventi&quot;","block_context":{"text":"Eventi","link":"https:\/\/www.pigrecoemme.com\/blog\/eventi\/"},"img":{"alt_text":"","src":"https:\/\/i0.wp.com\/www.pigrecoemme.com\/blog\/wp-content\/uploads\/2014\/04\/fiorito3-300x208.jpg?resize=350%2C200","width":350,"height":200},"classes":[]},{"id":1987,"url":"https:\/\/www.pigrecoemme.com\/blog\/guido-dapuzzo-e-le-meraviglie-del-foro-stenopeico\/","url_meta":{"origin":362,"position":5},"title":"Guido D\u2019Apuzzo e le meraviglie del Foro Stenopeico","author":"Pigrecoemme","date":"10 Ottobre 2017","format":false,"excerpt":"Venerd\u00ec 20 ottobre alle 16:00, nell\u2019ambito della rassegna\u00a0Incontri fotografici, Luca Sorbo, docente all'Accademia di Belle Arti di Napoli e curatore dei nostri corsi di fotografia, incontrer\u00e0 nella sede della Pigrecoemme Guido D'Apuzzo, profondo conoscitore delle possibilit\u00e0 creative del foro stenopeico, per parlare di questa pratica fotografica che pur situandosi all'origine\u2026","rel":"","context":"In &quot;Eventi&quot;","block_context":{"text":"Eventi","link":"https:\/\/www.pigrecoemme.com\/blog\/eventi\/"},"img":{"alt_text":"Guido D\u2019Apuzzo e le meraviglie del Foro Stenopeico","src":"https:\/\/i0.wp.com\/www.pigrecoemme.com\/blog\/wp-content\/uploads\/2017\/10\/guido-dapuzzo-foro-stenopeico.jpg?resize=350%2C200","width":350,"height":200},"classes":[]}],"jetpack_featured_media_url":"","_links":{"self":[{"href":"https:\/\/www.pigrecoemme.com\/blog\/wp-json\/wp\/v2\/posts\/362","targetHints":{"allow":["GET"]}}],"collection":[{"href":"https:\/\/www.pigrecoemme.com\/blog\/wp-json\/wp\/v2\/posts"}],"about":[{"href":"https:\/\/www.pigrecoemme.com\/blog\/wp-json\/wp\/v2\/types\/post"}],"author":[{"embeddable":true,"href":"https:\/\/www.pigrecoemme.com\/blog\/wp-json\/wp\/v2\/users\/2"}],"replies":[{"embeddable":true,"href":"https:\/\/www.pigrecoemme.com\/blog\/wp-json\/wp\/v2\/comments?post=362"}],"version-history":[{"count":0,"href":"https:\/\/www.pigrecoemme.com\/blog\/wp-json\/wp\/v2\/posts\/362\/revisions"}],"wp:attachment":[{"href":"https:\/\/www.pigrecoemme.com\/blog\/wp-json\/wp\/v2\/media?parent=362"}],"wp:term":[{"taxonomy":"category","embeddable":true,"href":"https:\/\/www.pigrecoemme.com\/blog\/wp-json\/wp\/v2\/categories?post=362"},{"taxonomy":"post_tag","embeddable":true,"href":"https:\/\/www.pigrecoemme.com\/blog\/wp-json\/wp\/v2\/tags?post=362"}],"curies":[{"name":"wp","href":"https:\/\/api.w.org\/{rel}","templated":true}]}}