{"id":360,"date":"2011-04-27T13:47:10","date_gmt":"2011-04-27T11:47:10","guid":{"rendered":"http:\/\/www.pigrecoemme.com\/blog\/?p=360"},"modified":"2011-04-27T13:47:10","modified_gmt":"2011-04-27T11:47:10","slug":"ce-tempo-per-le-vacanze-a-giugno-i-corsi-estivi-di-pigrecoemme","status":"publish","type":"post","link":"https:\/\/www.pigrecoemme.com\/blog\/ce-tempo-per-le-vacanze-a-giugno-i-corsi-estivi-di-pigrecoemme\/","title":{"rendered":"C&#8217;\u00e8 tempo per le vacanze! A giugno i corsi estivi di Pigrecoemme"},"content":{"rendered":"<p><a href=\"https:\/\/i0.wp.com\/www.pigrecoemme.com\/blog\/wp-content\/uploads\/2011\/04\/mareaffollataspiaggiafotodivertenti.jpg?ssl=1\"><img data-recalc-dims=\"1\" loading=\"lazy\" decoding=\"async\" class=\"alignleft size-medium wp-image-361\" title=\"mareaffollataspiaggiafotodivertenti\" src=\"https:\/\/i0.wp.com\/www.pigrecoemme.com\/blog\/wp-content\/uploads\/2011\/04\/mareaffollataspiaggiafotodivertenti.jpg?resize=300%2C199&#038;ssl=1\" alt=\"\" width=\"300\" height=\"199\" srcset=\"https:\/\/i0.wp.com\/www.pigrecoemme.com\/blog\/wp-content\/uploads\/2011\/04\/mareaffollataspiaggiafotodivertenti.jpg?resize=300%2C199&amp;ssl=1 300w, https:\/\/i0.wp.com\/www.pigrecoemme.com\/blog\/wp-content\/uploads\/2011\/04\/mareaffollataspiaggiafotodivertenti.jpg?w=500&amp;ssl=1 500w\" sizes=\"auto, (max-width: 300px) 100vw, 300px\" \/><\/a>Anche quest&#8217;anno Pigrecoemme organizza, nel mese di giugno, i suoi corsi di Sceneggiatura, Regia e Montaggio in forma intensiva. Stesso numero di ore (24), stessi argomenti trattati, ma meno giorni (6) e pi\u00f9 vicini tra loro.\u00a0 Questo il calendario:<\/p>\n<p><strong>Montaggio<\/strong>: 6,7,8,9,10 e 13 giugno dalle 10,30 alle 14,30<\/p>\n<p><strong>Sceneggiatura: <\/strong>6,7,8,9, 13 e 14 giugno dalle 15 alle 19<\/p>\n<p><strong>Regia<\/strong>: 15,16,17, 22,23 e 24 giugno dalle 15 alle 19<\/p>\n<p>Un&#8217;occasione per chi durante l&#8217;anno non \u00e8 riuscito a trovare il tempo, per chi ha scoperto i nostri corsi troppo tardi, per chi riesce a prendersi una settimana per s\u00e9 pi\u00f9 facilmente di quanto possa prendersi un giorno a settimana. Per informazioni scrivete a corsi@pigrecoemme.com o telefonate allo 0815635188.<\/p>\n","protected":false},"excerpt":{"rendered":"<p>Anche quest&#8217;anno Pigrecoemme organizza, nel mese di giugno, i suoi corsi di Sceneggiatura, Regia e Montaggio in forma intensiva. Stesso numero di ore (24), stessi argomenti trattati, ma meno giorni (6) e pi\u00f9 vicini&hellip;<\/p>\n","protected":false},"author":3,"featured_media":0,"comment_status":"open","ping_status":"open","sticky":false,"template":"","format":"standard","meta":{"_jetpack_newsletter_access":"","_jetpack_dont_email_post_to_subs":false,"_jetpack_newsletter_tier_id":0,"_jetpack_memberships_contains_paywalled_content":false,"_jetpack_feature_clip_id":0,"_jetpack_memberships_contains_paid_content":false,"footnotes":"","jetpack_post_was_ever_published":false},"categories":[3],"tags":[22,540,449,58,40,7,539],"class_list":["post-360","post","type-post","status-publish","format-standard","hentry","category-scuola-di-cinema","tag-corsi","tag-giugno","tag-montaggio","tag-pigrecoemme","tag-regia","tag-sceneggiatura","tag-scuola"],"yoast_head":"<!-- This site is optimized with the Yoast SEO plugin v28.4 - https:\/\/yoast.com\/product\/yoast-seo-wordpress\/ -->\n<title>C&#039;\u00e8 tempo per le vacanze! A giugno i corsi estivi di Pigrecoemme<\/title>\n<meta name=\"robots\" content=\"index, follow, max-snippet:-1, max-image-preview:large, max-video-preview:-1\" \/>\n<link rel=\"canonical\" href=\"https:\/\/www.pigrecoemme.com\/blog\/ce-tempo-per-le-vacanze-a-giugno-i-corsi-estivi-di-pigrecoemme\/\" \/>\n<meta property=\"og:locale\" content=\"it_IT\" \/>\n<meta property=\"og:type\" content=\"article\" \/>\n<meta property=\"og:title\" content=\"C&#039;\u00e8 tempo per le vacanze! A giugno i corsi estivi di Pigrecoemme\" \/>\n<meta property=\"og:description\" content=\"Anche quest&#8217;anno Pigrecoemme organizza, nel mese di giugno, i suoi corsi di Sceneggiatura, Regia e Montaggio in forma intensiva. Stesso numero di ore (24), stessi argomenti trattati, ma meno giorni (6) e pi\u00f9 vicini&hellip;\" \/>\n<meta property=\"og:url\" content=\"https:\/\/www.pigrecoemme.com\/blog\/ce-tempo-per-le-vacanze-a-giugno-i-corsi-estivi-di-pigrecoemme\/\" \/>\n<meta property=\"og:site_name\" content=\"Scuola di Cinema Pigrecoemme - Blog\" \/>\n<meta property=\"article:publisher\" content=\"https:\/\/www.facebook.com\/pigrecoemme\" \/>\n<meta property=\"article:author\" content=\"https:\/\/www.facebook.com\/rosario.gallone\" \/>\n<meta property=\"article:published_time\" content=\"2011-04-27T11:47:10+00:00\" \/>\n<meta property=\"og:image\" content=\"http:\/\/www.pigrecoemme.com\/blog\/wp-content\/uploads\/2011\/04\/mareaffollataspiaggiafotodivertenti-300x199.jpg\" \/>\n<meta name=\"author\" content=\"Rosario Gallone\" \/>\n<meta name=\"twitter:card\" content=\"summary_large_image\" \/>\n<meta name=\"twitter:creator\" content=\"@RosarioGallone\" \/>\n<meta name=\"twitter:site\" content=\"@Pigrecoemme\" \/>\n<meta name=\"twitter:label1\" content=\"Scritto da\" \/>\n\t<meta name=\"twitter:data1\" content=\"Rosario Gallone\" \/>\n\t<meta name=\"twitter:label2\" content=\"Tempo di lettura stimato\" \/>\n\t<meta name=\"twitter:data2\" content=\"1 minuto\" \/>\n<script type=\"application\/ld+json\" class=\"yoast-schema-graph\">{\"@context\":\"https:\\\/\\\/schema.org\",\"@graph\":[{\"@type\":[\"Article\",\"BlogPosting\"],\"@id\":\"https:\\\/\\\/www.pigrecoemme.com\\\/blog\\\/ce-tempo-per-le-vacanze-a-giugno-i-corsi-estivi-di-pigrecoemme\\\/#article\",\"isPartOf\":{\"@id\":\"https:\\\/\\\/www.pigrecoemme.com\\\/blog\\\/ce-tempo-per-le-vacanze-a-giugno-i-corsi-estivi-di-pigrecoemme\\\/\"},\"author\":{\"name\":\"Rosario Gallone\",\"@id\":\"https:\\\/\\\/www.pigrecoemme.com\\\/blog\\\/#\\\/schema\\\/person\\\/3fdd423e7c221a503812a1e86daec850\"},\"headline\":\"C&#8217;\u00e8 tempo per le vacanze! A giugno i corsi estivi di Pigrecoemme\",\"datePublished\":\"2011-04-27T11:47:10+00:00\",\"mainEntityOfPage\":{\"@id\":\"https:\\\/\\\/www.pigrecoemme.com\\\/blog\\\/ce-tempo-per-le-vacanze-a-giugno-i-corsi-estivi-di-pigrecoemme\\\/\"},\"wordCount\":116,\"commentCount\":0,\"publisher\":{\"@id\":\"https:\\\/\\\/www.pigrecoemme.com\\\/blog\\\/#organization\"},\"image\":{\"@id\":\"https:\\\/\\\/www.pigrecoemme.com\\\/blog\\\/ce-tempo-per-le-vacanze-a-giugno-i-corsi-estivi-di-pigrecoemme\\\/#primaryimage\"},\"thumbnailUrl\":\"http:\\\/\\\/www.pigrecoemme.com\\\/blog\\\/wp-content\\\/uploads\\\/2011\\\/04\\\/mareaffollataspiaggiafotodivertenti-300x199.jpg\",\"keywords\":[\"corsi\",\"giugno\",\"montaggio\",\"pigrecoemme\",\"regia\",\"sceneggiatura\",\"scuola\"],\"articleSection\":[\"Scuola di cinema\"],\"inLanguage\":\"it-IT\",\"potentialAction\":[{\"@type\":\"CommentAction\",\"name\":\"Comment\",\"target\":[\"https:\\\/\\\/www.pigrecoemme.com\\\/blog\\\/ce-tempo-per-le-vacanze-a-giugno-i-corsi-estivi-di-pigrecoemme\\\/#respond\"]}]},{\"@type\":\"WebPage\",\"@id\":\"https:\\\/\\\/www.pigrecoemme.com\\\/blog\\\/ce-tempo-per-le-vacanze-a-giugno-i-corsi-estivi-di-pigrecoemme\\\/\",\"url\":\"https:\\\/\\\/www.pigrecoemme.com\\\/blog\\\/ce-tempo-per-le-vacanze-a-giugno-i-corsi-estivi-di-pigrecoemme\\\/\",\"name\":\"C'\u00e8 tempo per le vacanze! A giugno i corsi estivi di Pigrecoemme\",\"isPartOf\":{\"@id\":\"https:\\\/\\\/www.pigrecoemme.com\\\/blog\\\/#website\"},\"primaryImageOfPage\":{\"@id\":\"https:\\\/\\\/www.pigrecoemme.com\\\/blog\\\/ce-tempo-per-le-vacanze-a-giugno-i-corsi-estivi-di-pigrecoemme\\\/#primaryimage\"},\"image\":{\"@id\":\"https:\\\/\\\/www.pigrecoemme.com\\\/blog\\\/ce-tempo-per-le-vacanze-a-giugno-i-corsi-estivi-di-pigrecoemme\\\/#primaryimage\"},\"thumbnailUrl\":\"http:\\\/\\\/www.pigrecoemme.com\\\/blog\\\/wp-content\\\/uploads\\\/2011\\\/04\\\/mareaffollataspiaggiafotodivertenti-300x199.jpg\",\"datePublished\":\"2011-04-27T11:47:10+00:00\",\"breadcrumb\":{\"@id\":\"https:\\\/\\\/www.pigrecoemme.com\\\/blog\\\/ce-tempo-per-le-vacanze-a-giugno-i-corsi-estivi-di-pigrecoemme\\\/#breadcrumb\"},\"inLanguage\":\"it-IT\",\"potentialAction\":[{\"@type\":\"ReadAction\",\"target\":[\"https:\\\/\\\/www.pigrecoemme.com\\\/blog\\\/ce-tempo-per-le-vacanze-a-giugno-i-corsi-estivi-di-pigrecoemme\\\/\"]}]},{\"@type\":\"ImageObject\",\"inLanguage\":\"it-IT\",\"@id\":\"https:\\\/\\\/www.pigrecoemme.com\\\/blog\\\/ce-tempo-per-le-vacanze-a-giugno-i-corsi-estivi-di-pigrecoemme\\\/#primaryimage\",\"url\":\"http:\\\/\\\/www.pigrecoemme.com\\\/blog\\\/wp-content\\\/uploads\\\/2011\\\/04\\\/mareaffollataspiaggiafotodivertenti-300x199.jpg\",\"contentUrl\":\"http:\\\/\\\/www.pigrecoemme.com\\\/blog\\\/wp-content\\\/uploads\\\/2011\\\/04\\\/mareaffollataspiaggiafotodivertenti-300x199.jpg\"},{\"@type\":\"BreadcrumbList\",\"@id\":\"https:\\\/\\\/www.pigrecoemme.com\\\/blog\\\/ce-tempo-per-le-vacanze-a-giugno-i-corsi-estivi-di-pigrecoemme\\\/#breadcrumb\",\"itemListElement\":[{\"@type\":\"ListItem\",\"position\":1,\"name\":\"Home\",\"item\":\"https:\\\/\\\/www.pigrecoemme.com\\\/blog\\\/\"},{\"@type\":\"ListItem\",\"position\":2,\"name\":\"C&#8217;\u00e8 tempo per le vacanze! A giugno i corsi estivi di Pigrecoemme\"}]},{\"@type\":\"WebSite\",\"@id\":\"https:\\\/\\\/www.pigrecoemme.com\\\/blog\\\/#website\",\"url\":\"https:\\\/\\\/www.pigrecoemme.com\\\/blog\\\/\",\"name\":\"Scuola di Cinema Pigrecoemme - Blog\",\"description\":\"Siamo la prima Scuola di Cinema e Fotografia di Napoli\",\"publisher\":{\"@id\":\"https:\\\/\\\/www.pigrecoemme.com\\\/blog\\\/#organization\"},\"potentialAction\":[{\"@type\":\"SearchAction\",\"target\":{\"@type\":\"EntryPoint\",\"urlTemplate\":\"https:\\\/\\\/www.pigrecoemme.com\\\/blog\\\/?s={search_term_string}\"},\"query-input\":{\"@type\":\"PropertyValueSpecification\",\"valueRequired\":true,\"valueName\":\"search_term_string\"}}],\"inLanguage\":\"it-IT\"},{\"@type\":\"Organization\",\"@id\":\"https:\\\/\\\/www.pigrecoemme.com\\\/blog\\\/#organization\",\"name\":\"Scuola di cinema e fotografia Pigrecoemme\",\"url\":\"https:\\\/\\\/www.pigrecoemme.com\\\/blog\\\/\",\"logo\":{\"@type\":\"ImageObject\",\"inLanguage\":\"it-IT\",\"@id\":\"https:\\\/\\\/www.pigrecoemme.com\\\/blog\\\/#\\\/schema\\\/logo\\\/image\\\/\",\"url\":\"https:\\\/\\\/i0.wp.com\\\/www.pigrecoemme.com\\\/blog\\\/wp-content\\\/uploads\\\/2018\\\/06\\\/logo-pigrecoemme-2018.png?fit=500%2C500&ssl=1\",\"contentUrl\":\"https:\\\/\\\/i0.wp.com\\\/www.pigrecoemme.com\\\/blog\\\/wp-content\\\/uploads\\\/2018\\\/06\\\/logo-pigrecoemme-2018.png?fit=500%2C500&ssl=1\",\"width\":500,\"height\":500,\"caption\":\"Scuola di cinema e fotografia Pigrecoemme\"},\"image\":{\"@id\":\"https:\\\/\\\/www.pigrecoemme.com\\\/blog\\\/#\\\/schema\\\/logo\\\/image\\\/\"},\"sameAs\":[\"https:\\\/\\\/www.facebook.com\\\/pigrecoemme\",\"https:\\\/\\\/x.com\\\/Pigrecoemme\",\"https:\\\/\\\/www.instagram.com\\\/pigrecoemme\\\/\",\"https:\\\/\\\/www.linkedin.com\\\/company\\\/pigrecoemme\\\/\",\"https:\\\/\\\/www.youtube.com\\\/pigrecoemme\"]},{\"@type\":\"Person\",\"@id\":\"https:\\\/\\\/www.pigrecoemme.com\\\/blog\\\/#\\\/schema\\\/person\\\/3fdd423e7c221a503812a1e86daec850\",\"name\":\"Rosario Gallone\",\"image\":{\"@type\":\"ImageObject\",\"inLanguage\":\"it-IT\",\"@id\":\"https:\\\/\\\/secure.gravatar.com\\\/avatar\\\/7172808a86a713dea422a3159a5fe73d8a0718671410a281103d82dea575d3e9?s=96&r=g\",\"url\":\"https:\\\/\\\/secure.gravatar.com\\\/avatar\\\/7172808a86a713dea422a3159a5fe73d8a0718671410a281103d82dea575d3e9?s=96&r=g\",\"contentUrl\":\"https:\\\/\\\/secure.gravatar.com\\\/avatar\\\/7172808a86a713dea422a3159a5fe73d8a0718671410a281103d82dea575d3e9?s=96&r=g\",\"caption\":\"Rosario Gallone\"},\"description\":\"Rosario \u00e8 tra i fondatori della Pigrecoemme, dove si occupa soprattutto del corso di regia e dell'organizzazione dei corsi. E' autore della sceneggiatura di Isa 9000 (mediometraggio con Isa Danieli diretto da Angelo Serio), del montaggio di documentari e della regia di alcuni cortometraggi.\",\"sameAs\":[\"http:\\\/\\\/www.pigrecoemme.com\\\/\",\"https:\\\/\\\/www.facebook.com\\\/rosario.gallone\",\"https:\\\/\\\/x.com\\\/RosarioGallone\"],\"url\":\"https:\\\/\\\/www.pigrecoemme.com\\\/blog\\\/author\\\/rosario-gallone\\\/\"}]}<\/script>\n<!-- \/ Yoast SEO plugin. -->","yoast_head_json":{"title":"C'\u00e8 tempo per le vacanze! A giugno i corsi estivi di Pigrecoemme","robots":{"index":"index","follow":"follow","max-snippet":"max-snippet:-1","max-image-preview":"max-image-preview:large","max-video-preview":"max-video-preview:-1"},"canonical":"https:\/\/www.pigrecoemme.com\/blog\/ce-tempo-per-le-vacanze-a-giugno-i-corsi-estivi-di-pigrecoemme\/","og_locale":"it_IT","og_type":"article","og_title":"C'\u00e8 tempo per le vacanze! A giugno i corsi estivi di Pigrecoemme","og_description":"Anche quest&#8217;anno Pigrecoemme organizza, nel mese di giugno, i suoi corsi di Sceneggiatura, Regia e Montaggio in forma intensiva. Stesso numero di ore (24), stessi argomenti trattati, ma meno giorni (6) e pi\u00f9 vicini&hellip;","og_url":"https:\/\/www.pigrecoemme.com\/blog\/ce-tempo-per-le-vacanze-a-giugno-i-corsi-estivi-di-pigrecoemme\/","og_site_name":"Scuola di Cinema Pigrecoemme - Blog","article_publisher":"https:\/\/www.facebook.com\/pigrecoemme","article_author":"https:\/\/www.facebook.com\/rosario.gallone","article_published_time":"2011-04-27T11:47:10+00:00","og_image":[{"url":"http:\/\/www.pigrecoemme.com\/blog\/wp-content\/uploads\/2011\/04\/mareaffollataspiaggiafotodivertenti-300x199.jpg","type":"","width":"","height":""}],"author":"Rosario Gallone","twitter_card":"summary_large_image","twitter_creator":"@RosarioGallone","twitter_site":"@Pigrecoemme","twitter_misc":{"Scritto da":"Rosario Gallone","Tempo di lettura stimato":"1 minuto"},"schema":{"@context":"https:\/\/schema.org","@graph":[{"@type":["Article","BlogPosting"],"@id":"https:\/\/www.pigrecoemme.com\/blog\/ce-tempo-per-le-vacanze-a-giugno-i-corsi-estivi-di-pigrecoemme\/#article","isPartOf":{"@id":"https:\/\/www.pigrecoemme.com\/blog\/ce-tempo-per-le-vacanze-a-giugno-i-corsi-estivi-di-pigrecoemme\/"},"author":{"name":"Rosario Gallone","@id":"https:\/\/www.pigrecoemme.com\/blog\/#\/schema\/person\/3fdd423e7c221a503812a1e86daec850"},"headline":"C&#8217;\u00e8 tempo per le vacanze! A giugno i corsi estivi di Pigrecoemme","datePublished":"2011-04-27T11:47:10+00:00","mainEntityOfPage":{"@id":"https:\/\/www.pigrecoemme.com\/blog\/ce-tempo-per-le-vacanze-a-giugno-i-corsi-estivi-di-pigrecoemme\/"},"wordCount":116,"commentCount":0,"publisher":{"@id":"https:\/\/www.pigrecoemme.com\/blog\/#organization"},"image":{"@id":"https:\/\/www.pigrecoemme.com\/blog\/ce-tempo-per-le-vacanze-a-giugno-i-corsi-estivi-di-pigrecoemme\/#primaryimage"},"thumbnailUrl":"http:\/\/www.pigrecoemme.com\/blog\/wp-content\/uploads\/2011\/04\/mareaffollataspiaggiafotodivertenti-300x199.jpg","keywords":["corsi","giugno","montaggio","pigrecoemme","regia","sceneggiatura","scuola"],"articleSection":["Scuola di cinema"],"inLanguage":"it-IT","potentialAction":[{"@type":"CommentAction","name":"Comment","target":["https:\/\/www.pigrecoemme.com\/blog\/ce-tempo-per-le-vacanze-a-giugno-i-corsi-estivi-di-pigrecoemme\/#respond"]}]},{"@type":"WebPage","@id":"https:\/\/www.pigrecoemme.com\/blog\/ce-tempo-per-le-vacanze-a-giugno-i-corsi-estivi-di-pigrecoemme\/","url":"https:\/\/www.pigrecoemme.com\/blog\/ce-tempo-per-le-vacanze-a-giugno-i-corsi-estivi-di-pigrecoemme\/","name":"C'\u00e8 tempo per le vacanze! A giugno i corsi estivi di Pigrecoemme","isPartOf":{"@id":"https:\/\/www.pigrecoemme.com\/blog\/#website"},"primaryImageOfPage":{"@id":"https:\/\/www.pigrecoemme.com\/blog\/ce-tempo-per-le-vacanze-a-giugno-i-corsi-estivi-di-pigrecoemme\/#primaryimage"},"image":{"@id":"https:\/\/www.pigrecoemme.com\/blog\/ce-tempo-per-le-vacanze-a-giugno-i-corsi-estivi-di-pigrecoemme\/#primaryimage"},"thumbnailUrl":"http:\/\/www.pigrecoemme.com\/blog\/wp-content\/uploads\/2011\/04\/mareaffollataspiaggiafotodivertenti-300x199.jpg","datePublished":"2011-04-27T11:47:10+00:00","breadcrumb":{"@id":"https:\/\/www.pigrecoemme.com\/blog\/ce-tempo-per-le-vacanze-a-giugno-i-corsi-estivi-di-pigrecoemme\/#breadcrumb"},"inLanguage":"it-IT","potentialAction":[{"@type":"ReadAction","target":["https:\/\/www.pigrecoemme.com\/blog\/ce-tempo-per-le-vacanze-a-giugno-i-corsi-estivi-di-pigrecoemme\/"]}]},{"@type":"ImageObject","inLanguage":"it-IT","@id":"https:\/\/www.pigrecoemme.com\/blog\/ce-tempo-per-le-vacanze-a-giugno-i-corsi-estivi-di-pigrecoemme\/#primaryimage","url":"http:\/\/www.pigrecoemme.com\/blog\/wp-content\/uploads\/2011\/04\/mareaffollataspiaggiafotodivertenti-300x199.jpg","contentUrl":"http:\/\/www.pigrecoemme.com\/blog\/wp-content\/uploads\/2011\/04\/mareaffollataspiaggiafotodivertenti-300x199.jpg"},{"@type":"BreadcrumbList","@id":"https:\/\/www.pigrecoemme.com\/blog\/ce-tempo-per-le-vacanze-a-giugno-i-corsi-estivi-di-pigrecoemme\/#breadcrumb","itemListElement":[{"@type":"ListItem","position":1,"name":"Home","item":"https:\/\/www.pigrecoemme.com\/blog\/"},{"@type":"ListItem","position":2,"name":"C&#8217;\u00e8 tempo per le vacanze! A giugno i corsi estivi di Pigrecoemme"}]},{"@type":"WebSite","@id":"https:\/\/www.pigrecoemme.com\/blog\/#website","url":"https:\/\/www.pigrecoemme.com\/blog\/","name":"Scuola di Cinema Pigrecoemme - Blog","description":"Siamo la prima Scuola di Cinema e Fotografia di Napoli","publisher":{"@id":"https:\/\/www.pigrecoemme.com\/blog\/#organization"},"potentialAction":[{"@type":"SearchAction","target":{"@type":"EntryPoint","urlTemplate":"https:\/\/www.pigrecoemme.com\/blog\/?s={search_term_string}"},"query-input":{"@type":"PropertyValueSpecification","valueRequired":true,"valueName":"search_term_string"}}],"inLanguage":"it-IT"},{"@type":"Organization","@id":"https:\/\/www.pigrecoemme.com\/blog\/#organization","name":"Scuola di cinema e fotografia Pigrecoemme","url":"https:\/\/www.pigrecoemme.com\/blog\/","logo":{"@type":"ImageObject","inLanguage":"it-IT","@id":"https:\/\/www.pigrecoemme.com\/blog\/#\/schema\/logo\/image\/","url":"https:\/\/i0.wp.com\/www.pigrecoemme.com\/blog\/wp-content\/uploads\/2018\/06\/logo-pigrecoemme-2018.png?fit=500%2C500&ssl=1","contentUrl":"https:\/\/i0.wp.com\/www.pigrecoemme.com\/blog\/wp-content\/uploads\/2018\/06\/logo-pigrecoemme-2018.png?fit=500%2C500&ssl=1","width":500,"height":500,"caption":"Scuola di cinema e fotografia Pigrecoemme"},"image":{"@id":"https:\/\/www.pigrecoemme.com\/blog\/#\/schema\/logo\/image\/"},"sameAs":["https:\/\/www.facebook.com\/pigrecoemme","https:\/\/x.com\/Pigrecoemme","https:\/\/www.instagram.com\/pigrecoemme\/","https:\/\/www.linkedin.com\/company\/pigrecoemme\/","https:\/\/www.youtube.com\/pigrecoemme"]},{"@type":"Person","@id":"https:\/\/www.pigrecoemme.com\/blog\/#\/schema\/person\/3fdd423e7c221a503812a1e86daec850","name":"Rosario Gallone","image":{"@type":"ImageObject","inLanguage":"it-IT","@id":"https:\/\/secure.gravatar.com\/avatar\/7172808a86a713dea422a3159a5fe73d8a0718671410a281103d82dea575d3e9?s=96&r=g","url":"https:\/\/secure.gravatar.com\/avatar\/7172808a86a713dea422a3159a5fe73d8a0718671410a281103d82dea575d3e9?s=96&r=g","contentUrl":"https:\/\/secure.gravatar.com\/avatar\/7172808a86a713dea422a3159a5fe73d8a0718671410a281103d82dea575d3e9?s=96&r=g","caption":"Rosario Gallone"},"description":"Rosario \u00e8 tra i fondatori della Pigrecoemme, dove si occupa soprattutto del corso di regia e dell'organizzazione dei corsi. E' autore della sceneggiatura di Isa 9000 (mediometraggio con Isa Danieli diretto da Angelo Serio), del montaggio di documentari e della regia di alcuni cortometraggi.","sameAs":["http:\/\/www.pigrecoemme.com\/","https:\/\/www.facebook.com\/rosario.gallone","https:\/\/x.com\/RosarioGallone"],"url":"https:\/\/www.pigrecoemme.com\/blog\/author\/rosario-gallone\/"}]}},"jetpack_sharing_enabled":true,"jetpack_likes_enabled":true,"jetpack-related-posts":[{"id":146,"url":"https:\/\/www.pigrecoemme.com\/blog\/a-giugno-i-corsi-estivi-di-regia-montaggio-e-sceneggiatura\/","url_meta":{"origin":360,"position":0},"title":"A giugno i corsi estivi di regia, montaggio e sceneggiatura","author":"Giacomo Fabbrocino","date":"5 Maggio 2009","format":false,"excerpt":"Anche quest'anno la scuola di cinema Pigrecoemme propone i corsi estivi di regia, montaggio e sceneggiatura.Il corso di regia si svolger\u00e0 dall'8 al 13 giugno 2009. Tutte le lezioni si svolgeranno dalle 15.00 alle 19.00. La lezione di sabato 13 giugno si svolegr\u00e0, invece dalle 10.00 alle 14.00. (Programma)Il corso\u2026","rel":"","context":"In &quot;Scuola di cinema&quot;","block_context":{"text":"Scuola di cinema","link":"https:\/\/www.pigrecoemme.com\/blog\/scuola-di-cinema\/"},"img":{"alt_text":"","src":"https:\/\/i0.wp.com\/www.pigrecoemme.com\/blog\/wp-content\/uploads\/2009\/05\/summerofcourses.png?resize=350%2C200&ssl=1","width":350,"height":200},"classes":[]},{"id":838,"url":"https:\/\/www.pigrecoemme.com\/blog\/i-corsi-estivi-di-regia-montaggio-e-sceneggiatura\/","url_meta":{"origin":360,"position":1},"title":"I corsi estivi di regia, montaggio e sceneggiatura","author":"Giacomo Fabbrocino","date":"14 Giugno 2014","format":false,"excerpt":"Tornano, nella consueta formula \"intensiva\", i corsi estivi di regia, montaggio e sceneggiatura. Identici nel programma e nella durata alla loro controparte \"invernale\", nella versione estiva i corsi propongono lezioni pi\u00f9 ravvicinate, permettendo una fruizione diversa a chi li abbia mancati durante l'anno accademico. Quote di partecipazione Il corso di\u2026","rel":"","context":"In &quot;Generale&quot;","block_context":{"text":"Generale","link":"https:\/\/www.pigrecoemme.com\/blog\/generale\/"},"img":{"alt_text":"CORSI ESTIVI DI CINEMA a Napoli","src":"https:\/\/i0.wp.com\/www.pigrecoemme.com\/blog\/wp-content\/uploads\/2014\/06\/corsi-estivi-di-cinema.jpg?resize=350%2C200","width":350,"height":200,"srcset":"https:\/\/i0.wp.com\/www.pigrecoemme.com\/blog\/wp-content\/uploads\/2014\/06\/corsi-estivi-di-cinema.jpg?resize=350%2C200 1x, https:\/\/i0.wp.com\/www.pigrecoemme.com\/blog\/wp-content\/uploads\/2014\/06\/corsi-estivi-di-cinema.jpg?resize=525%2C300 1.5x, https:\/\/i0.wp.com\/www.pigrecoemme.com\/blog\/wp-content\/uploads\/2014\/06\/corsi-estivi-di-cinema.jpg?resize=700%2C400 2x"},"classes":[]},{"id":505,"url":"https:\/\/www.pigrecoemme.com\/blog\/i-corsi-estivi-2012-cinema-e-fotografia\/","url_meta":{"origin":360,"position":2},"title":"I corsi estivi 2012: regia, montaggio e sceneggiatura","author":"Giacomo Fabbrocino","date":"26 Maggio 2012","format":false,"excerpt":"Anche quest'estate Pigrecoememe ripropone la versione estiva dei suoi corsi. I programmi e il monte ore non variano rispetto ai tradizionali corsi invernali, ma le lezioni si svolgono a minor distanza tra loro, permettendo a chi frequenta una fruizione pi\u00f9 intensiva e, crediamo, pi\u00f9 facilmente conciliabile con i ritmi di\u2026","rel":"","context":"In &quot;Fotografia&quot;","block_context":{"text":"Fotografia","link":"https:\/\/www.pigrecoemme.com\/blog\/fotografia\/"},"img":{"alt_text":"Corso di sceneggiatura","src":"https:\/\/i0.wp.com\/www.pigrecoemme.com\/corsi\/corso-di-sceneggiatura.jpg?resize=350%2C200","width":350,"height":200},"classes":[]},{"id":1130,"url":"https:\/\/www.pigrecoemme.com\/blog\/i-nuovi-corsi-gennaio-2015\/","url_meta":{"origin":360,"position":3},"title":"Ricominciano i corsi della Pigrecoemme. Con una trasferta in Basilicata!","author":"Corrado Morra","date":"8 Gennaio 2015","format":false,"excerpt":"Ripartono venerd\u00ec 16 gennaio con la prima lezione del modulo A del corso di fotografia le attivit\u00e0 didattiche della Scuola Pigrecoemme di Napoli. Luned\u00ec 26 gennaio sar\u00e0 poi la volta del primo appuntamento del corso di sceneggiatura e di quello chiamato \u00a0\"Filmmaker\", ossia il corso semestrale che anche quest'anno si\u2026","rel":"","context":"In &quot;Generale&quot;","block_context":{"text":"Generale","link":"https:\/\/www.pigrecoemme.com\/blog\/generale\/"},"img":{"alt_text":"I corsi di cinema, televisione e fotografia di gennaio 2015 alla Pigrecoemme","src":"https:\/\/i0.wp.com\/www.pigrecoemme.com\/blog\/wp-content\/uploads\/2015\/01\/corsi-cinema-fotografia-napoli-2015.jpg?resize=350%2C200&ssl=1","width":350,"height":200},"classes":[]},{"id":369,"url":"https:\/\/www.pigrecoemme.com\/blog\/nuovo-master-sconto\/","url_meta":{"origin":360,"position":4},"title":"Dal 27 ottobre 2011 il nuovo Master Pigrecoemme.  300 euro di sconto per chi si iscrive entro il 31 luglio.","author":"Rosario Gallone","date":"6 Giugno 2011","format":false,"excerpt":"Non \u00e8 ancora terminata l'annata 2010\/2011 e gi\u00e0 si programma quella 2011\/2012. Dal 24 ottobre partiranno i nuovi corsi di Analisi e critica (24 ottobre) Montaggio (25 ottobre) Regia (27 ottobre) Sceneggiatura (28 ottobre). Nella stessa settimana partir\u00e0 anche Il nuovo Master di cinema di Pigrecoemme. Chi si iscriver\u00e0 entro\u2026","rel":"","context":"In &quot;Scuola di cinema&quot;","block_context":{"text":"Scuola di cinema","link":"https:\/\/www.pigrecoemme.com\/blog\/scuola-di-cinema\/"},"img":{"alt_text":"","src":"https:\/\/i0.wp.com\/www.pigrecoemme.com\/blog\/wp-content\/uploads\/2025\/05\/corsi-di-cinema-napoli.fw_.png?resize=350%2C200&ssl=1","width":350,"height":200,"srcset":"https:\/\/i0.wp.com\/www.pigrecoemme.com\/blog\/wp-content\/uploads\/2025\/05\/corsi-di-cinema-napoli.fw_.png?resize=350%2C200&ssl=1 1x, https:\/\/i0.wp.com\/www.pigrecoemme.com\/blog\/wp-content\/uploads\/2025\/05\/corsi-di-cinema-napoli.fw_.png?resize=525%2C300&ssl=1 1.5x, https:\/\/i0.wp.com\/www.pigrecoemme.com\/blog\/wp-content\/uploads\/2025\/05\/corsi-di-cinema-napoli.fw_.png?resize=700%2C400&ssl=1 2x, https:\/\/i0.wp.com\/www.pigrecoemme.com\/blog\/wp-content\/uploads\/2025\/05\/corsi-di-cinema-napoli.fw_.png?resize=1050%2C600&ssl=1 3x"},"classes":[]},{"id":1678,"url":"https:\/\/www.pigrecoemme.com\/blog\/corsi-cinema-fotografia-partenza-ad-aprile\/","url_meta":{"origin":360,"position":5},"title":"I corsi di cinema e fotografia in partenza ad aprile","author":"Pigrecoemme","date":"8 Aprile 2016","format":false,"excerpt":"Stanno per partire i corsi di cinema e fotografia del ciclo primaverile. La Pigrecoemme \u00e8 attiva a Napoli dal 2000 nella didattica dell'audiovisivo e della fotografia. Siamo la scuola napoletana con maggiore storia e tradizione. Ecco un elenco delle nostre produzioni. Qui invece un elenco dei nostri docenti. Contatti Puoi\u2026","rel":"","context":"In &quot;Generale&quot;","block_context":{"text":"Generale","link":"https:\/\/www.pigrecoemme.com\/blog\/generale\/"},"img":{"alt_text":"corsi di cinema e fotografia napoli","src":"https:\/\/i0.wp.com\/www.pigrecoemme.com\/blog\/wp-content\/uploads\/2016\/04\/corsi-di-cinema-e-fotografia.jpg?resize=350%2C200","width":350,"height":200},"classes":[]}],"jetpack_featured_media_url":"","_links":{"self":[{"href":"https:\/\/www.pigrecoemme.com\/blog\/wp-json\/wp\/v2\/posts\/360","targetHints":{"allow":["GET"]}}],"collection":[{"href":"https:\/\/www.pigrecoemme.com\/blog\/wp-json\/wp\/v2\/posts"}],"about":[{"href":"https:\/\/www.pigrecoemme.com\/blog\/wp-json\/wp\/v2\/types\/post"}],"author":[{"embeddable":true,"href":"https:\/\/www.pigrecoemme.com\/blog\/wp-json\/wp\/v2\/users\/3"}],"replies":[{"embeddable":true,"href":"https:\/\/www.pigrecoemme.com\/blog\/wp-json\/wp\/v2\/comments?post=360"}],"version-history":[{"count":0,"href":"https:\/\/www.pigrecoemme.com\/blog\/wp-json\/wp\/v2\/posts\/360\/revisions"}],"wp:attachment":[{"href":"https:\/\/www.pigrecoemme.com\/blog\/wp-json\/wp\/v2\/media?parent=360"}],"wp:term":[{"taxonomy":"category","embeddable":true,"href":"https:\/\/www.pigrecoemme.com\/blog\/wp-json\/wp\/v2\/categories?post=360"},{"taxonomy":"post_tag","embeddable":true,"href":"https:\/\/www.pigrecoemme.com\/blog\/wp-json\/wp\/v2\/tags?post=360"}],"curies":[{"name":"wp","href":"https:\/\/api.w.org\/{rel}","templated":true}]}}