{"id":352,"date":"2011-03-19T15:16:43","date_gmt":"2011-03-19T13:16:43","guid":{"rendered":"http:\/\/www.pigrecoemme.com\/blog\/?p=352"},"modified":"2011-03-21T12:31:32","modified_gmt":"2011-03-21T10:31:32","slug":"io-identita-opposte-una-mostra-fotografica-sullautoritratto","status":"publish","type":"post","link":"https:\/\/www.pigrecoemme.com\/blog\/io-identita-opposte-una-mostra-fotografica-sullautoritratto\/","title":{"rendered":"io. identit\u00e0 opposte. Una mostra fotografica sull&#8217;autoritratto"},"content":{"rendered":"<p>Dalle <strong>ore 18 di gioved\u00ec\u00a024 marzo<\/strong> fino a venerd\u00ec\u00a0<strong>22 aprile 2011<\/strong>, gli spazi di Pigrecoemme tornano ad essere galleria, con la mostra <strong>io. identit\u00e0 opposte<\/strong>, a cura di <strong>Luca Sorbo<\/strong>, docente dei <a href=\"http:\/\/www.pigrecoemme.com\/corso-fotografia\/corso-di-fotografia-2.htm\">corsi di Fotografia<\/a> di Pigrecoemme, e di chi scrive, che raccoglie <strong>cinquantasei autoritratti <\/strong>di <strong>ventotto giovani fotografi napoletani<\/strong>, che si interrogano sulle certezze e le incertezze della rappresentazione di s\u00e9 ai tempi del digitale.<\/p>\n<p>Nei giorni successivi all&#8217;inaugurazione la mostra sar\u00e0 visitabile, fino al 22 aprile, dal luned\u00ec al venerd\u00ec, dalle 11 alle\u00a013,30 e dalle 15 alle 17,30.<\/p>\n<p style=\"text-align: center;\"><a href=\"https:\/\/i0.wp.com\/www.pigrecoemme.com\/blog\/wp-content\/uploads\/2011\/03\/io-mostra-fotografica-napoli.jpg?ssl=1\"><img data-recalc-dims=\"1\" loading=\"lazy\" decoding=\"async\" class=\"alignnone size-medium wp-image-355\" title=\"io-mostra-fotografica-napoli\" src=\"https:\/\/i0.wp.com\/www.pigrecoemme.com\/blog\/wp-content\/uploads\/2011\/03\/io-mostra-fotografica-napoli.jpg?resize=300%2C150&#038;ssl=1\" alt=\"\" width=\"300\" height=\"150\" srcset=\"https:\/\/i0.wp.com\/www.pigrecoemme.com\/blog\/wp-content\/uploads\/2011\/03\/io-mostra-fotografica-napoli.jpg?resize=300%2C150&amp;ssl=1 300w, https:\/\/i0.wp.com\/www.pigrecoemme.com\/blog\/wp-content\/uploads\/2011\/03\/io-mostra-fotografica-napoli.jpg?w=1024&amp;ssl=1 1024w\" sizes=\"auto, (max-width: 300px) 100vw, 300px\" \/><\/a><\/p>\n<h3>Di seguito, alcuni degli spunti critici da cui la mostra ha preso le mosse.<\/h3>\n<p style=\"text-align: center;\">\n<p>Dobbiamo a <strong>Victor I. Stoichita<\/strong>, e al suo bellissimo <em>Breve storia dell\u2019ombra<\/em>, il ritorno, nell\u2019ordine del discorso contemporaneo, del tema dell\u2019autoritratto come uno dei motivi fondamentali della cultura occidentale, sorta di cartina di tornasole dell\u2019idea che, nella rappresentazione di s\u00e9, ci sia necessariamente la rappresentazione del proprio mondo e che, siffatta rappresentazione, ragioni, inevitabilmente, sempre con la finitezza di tale mondo. Autoritratto come pensiero del limite, perch\u00e9 l\u2019autorappresentazione\u00a0 avrebbe in s\u00e9 sempre il ricordo dell\u2019ombra, di quel gesto primigenio e fondante, cio\u00e8, in cui, sul solco umbratile del s\u00e9 (dove la mano si muove sull\u2019analogia dell\u2019ombra), si disegna la storia dell\u2019arte e la si intreccia, punto dopo punto, col tema della morte. Che \u00e8 sempre la propria morte. L\u2019analogia tra ombra e se stessi, allora. Anzi, tra ombra e rappresentazione di s\u00e9.<br \/>\nOra, l\u2019analogia stabilisce un rapporto di similitudine tra due o pi\u00f9 modelli. E basta un punto analogico, alla Filosofia, per supporre che ce ne siano altri, cosa che pu\u00f2 spingerci a ipotizzare che, tra modelli analoghi, possa esistere sempre una vera e propria coincidenza identitaria.<br \/>\n\u00c8 analogico, per definizione, ci\u00f2 che non \u00e8 numerabile, e l\u2019opposto di analogico \u00e8 digitale, parola determinante della nostra modernit\u00e0, che la Matematica ci indica come un insieme finito di elementi.<br \/>\nIl lavoro di trasformazione da analogico a digitale si chiama, com\u2019\u00e8 noto, <em>digitalizzazione<\/em>, che, allora, \u00e8 sempre un\u2019approssimazione tassonomica dell\u2019esistente, una riproduzione-rappresentazione che, per esistere (meglio: <em>per far esistere<\/em>) presuppone una semplificazione del segnale, cio\u00e8 del rappresentato, che, in quanto analogico, \u00e8 intrinsecamente non numerabile, ovvero <em>potenzialmente infinito<\/em>. Quindi, il digitale ha in s\u00e9 l\u2019idea del finito.<br \/>\nMa, da quando nei sistemi di rappresentazione visiva \u00e8 subentrata la centralit\u00e0 assoluta dell\u2019immagine digitale, in ambito estetico, il senso di questa finitezza \u00e8 o non \u00e8 un\u2019ipotesi di discorso cosciente? In altre parole, fino a che punto l\u2019immagine digitale sa (conosce, racconta, concettualizza&#8230;) la sua natura finita?<br \/>\nE nel mondo della fotografia? Che cosa ci dice il passaggio epocale dall\u2019immagine analogica (un numero di punti infinito) all\u2019opposta immagine digitale (un\u2019insieme chiuso di ipotesi)? E, spingendoci oltre, che cosa una fotografia digitale inevitabilmente rivelerebbe di s\u00e9, se non prima di tutto il proprio destino di discorso omologato (ovvero, etimologicamente discorso permesso in quanto <em>discorso gi\u00e0 fatto<\/em> nel correlativo analogico, quasi un modello platonico ) sotto il giogo del pixel? E se questa tirannia dell\u2019omologazione al finito investisse la propria rappresentazione? Non si arriverebbe al paradosso che, nel profilo sottile dell\u2019ombra \u2013 come da Plinio il vecchio in poi ci \u00e8 stato narrato \u2013 ci sarebbe maggiore libert\u00e0 che in qualsiasi, perfettamente riproducibile, immagine digitale?<\/p>\n<p>A questo punto, un\u2019immagine digitale diventerebbe il campo di battaglia su cui, ogni volta, si mette in gioco la ricostruzione completa dell\u2019esistente (avete presente Tron?). In tal senso, un autoritratto digitale si tramuta in una massacrante tenzone per la definizione dell\u2019io, non solo contro la paura dell\u2019omologazione, ma proprio come <em>polemos <\/em>tra l\u2019idea di s\u00e9 e il suo opposto numerabile (e finito) il s\u00e9 digitale&#8230;<strong><br \/>\n(Corrado Morra)<\/strong><\/p>\n<p>Di seguito i nomi dei fotografi che hanno cercato con passione di rispondere a tali quesiti o, pi\u00f9 semplicemente, di divertirsi un po&#8217;. A tutti loro il nostro grazie: <strong>Silvia Bellio, Claudia Biancardi, Vittoria Boccia, Giuliana Borrelli, Viola Bufano, Alma Carrano, Sabrina Cirillo, Livia Cosenza,<br \/>\nPaola Cundari, Enrico De Luca, Giusi De Luca, Rosalinda Falco, Valeria Ferraro, Paola Finale, Valentina Fraioli, Stefania Furbatto, Sofia Giordano, Martina Ippolito, Eleonora Ivagnes, Fabia Lonz, Carla Manno, Serena Mastroserio, Daniela Persico, Daniele Rippa, Pepe Russo, Linda Russomanno, Loreto Terranova, Gianni Valentino.<\/strong><strong><\/strong><\/p>\n","protected":false},"excerpt":{"rendered":"<p>Dalle ore 18 di gioved\u00ec\u00a024 marzo fino a venerd\u00ec\u00a022 aprile 2011, gli spazi di Pigrecoemme tornano ad essere galleria, con la mostra io. identit\u00e0 opposte, a cura di Luca Sorbo, docente dei corsi di&hellip;<\/p>\n","protected":false},"author":2,"featured_media":0,"comment_status":"open","ping_status":"open","sticky":false,"template":"","format":"standard","meta":{"_jetpack_newsletter_access":"","_jetpack_dont_email_post_to_subs":false,"_jetpack_newsletter_tier_id":0,"_jetpack_memberships_contains_paywalled_content":false,"_jetpack_feature_clip_id":0,"_jetpack_memberships_contains_paid_content":false,"footnotes":"","jetpack_post_was_ever_published":false},"categories":[11,21,1,3],"tags":[518,529,515,227,74,257,472,528,521,532,255,535,534,530,519,531,69,527,309,520,524,473,58,522,464,469,475,526,533,525,523,517,516],"class_list":["post-352","post","type-post","status-publish","format-standard","hentry","category-eventi","category-fotografia","category-generale","category-scuola-di-cinema","tag-alma-carrano","tag-carla-manno","tag-claudia-biancardi","tag-corrado-morra","tag-corsi-di-fotografia","tag-daniela-persico","tag-daniele-rippa","tag-eleonora-ivagnes","tag-enrico-de-luca","tag-eventi-napoli","tag-fabia-lonz","tag-giuliana-borrelli","tag-giusi-de-luca","tag-linda-russomanno","tag-livia-cosenza","tag-loreto-terranova-gianni-valentino","tag-luca-sorbo","tag-martina-ippolito","tag-mostra-fotografica","tag-paola-cundari","tag-paola-finale","tag-pepe-russo","tag-pigrecoemme","tag-rosalinda-falco","tag-sabrina-cirillo","tag-serena-mastroserio","tag-silvia-bellio","tag-sofia-giordano","tag-stefania-furbatto","tag-valentina-fra-ioli","tag-valeria-ferraro","tag-viola-bufano","tag-vittoria-boccia"],"yoast_head":"<!-- This site is optimized with the Yoast SEO plugin v28.3 - https:\/\/yoast.com\/product\/yoast-seo-wordpress\/ -->\n<title>io. identit\u00e0 opposte. Una mostra fotografica sull&#039;autoritratto<\/title>\n<meta name=\"robots\" content=\"index, follow, max-snippet:-1, max-image-preview:large, max-video-preview:-1\" \/>\n<link rel=\"canonical\" href=\"https:\/\/www.pigrecoemme.com\/blog\/io-identita-opposte-una-mostra-fotografica-sullautoritratto\/\" \/>\n<meta property=\"og:locale\" content=\"it_IT\" \/>\n<meta property=\"og:type\" content=\"article\" \/>\n<meta property=\"og:title\" content=\"io. identit\u00e0 opposte. Una mostra fotografica sull&#039;autoritratto\" \/>\n<meta property=\"og:description\" content=\"Dalle ore 18 di gioved\u00ec\u00a024 marzo fino a venerd\u00ec\u00a022 aprile 2011, gli spazi di Pigrecoemme tornano ad essere galleria, con la mostra io. identit\u00e0 opposte, a cura di Luca Sorbo, docente dei corsi di&hellip;\" \/>\n<meta property=\"og:url\" content=\"https:\/\/www.pigrecoemme.com\/blog\/io-identita-opposte-una-mostra-fotografica-sullautoritratto\/\" \/>\n<meta property=\"og:site_name\" content=\"Scuola di Cinema Pigrecoemme - Blog\" \/>\n<meta property=\"article:publisher\" content=\"https:\/\/www.facebook.com\/pigrecoemme\" \/>\n<meta property=\"article:author\" content=\"https:\/\/www.facebook.com\/corrado.morra1\" \/>\n<meta property=\"article:published_time\" content=\"2011-03-19T13:16:43+00:00\" \/>\n<meta property=\"article:modified_time\" content=\"2011-03-21T10:31:32+00:00\" \/>\n<meta property=\"og:image\" content=\"http:\/\/www.pigrecoemme.com\/blog\/wp-content\/uploads\/2011\/03\/io-mostra-fotografica-napoli-300x150.jpg\" \/>\n<meta name=\"author\" content=\"Corrado Morra\" \/>\n<meta name=\"twitter:card\" content=\"summary_large_image\" \/>\n<meta name=\"twitter:creator\" content=\"@Pigrecoemme\" \/>\n<meta name=\"twitter:site\" content=\"@Pigrecoemme\" \/>\n<meta name=\"twitter:label1\" content=\"Scritto da\" \/>\n\t<meta name=\"twitter:data1\" content=\"Corrado Morra\" \/>\n\t<meta name=\"twitter:label2\" content=\"Tempo di lettura stimato\" \/>\n\t<meta name=\"twitter:data2\" content=\"3 minuti\" \/>\n<script type=\"application\/ld+json\" class=\"yoast-schema-graph\">{\"@context\":\"https:\\\/\\\/schema.org\",\"@graph\":[{\"@type\":[\"Article\",\"BlogPosting\"],\"@id\":\"https:\\\/\\\/www.pigrecoemme.com\\\/blog\\\/io-identita-opposte-una-mostra-fotografica-sullautoritratto\\\/#article\",\"isPartOf\":{\"@id\":\"https:\\\/\\\/www.pigrecoemme.com\\\/blog\\\/io-identita-opposte-una-mostra-fotografica-sullautoritratto\\\/\"},\"author\":{\"name\":\"Corrado Morra\",\"@id\":\"https:\\\/\\\/www.pigrecoemme.com\\\/blog\\\/#\\\/schema\\\/person\\\/702764b5ecda4c2f34e82348789f649e\"},\"headline\":\"io. identit\u00e0 opposte. Una mostra fotografica sull&#8217;autoritratto\",\"datePublished\":\"2011-03-19T13:16:43+00:00\",\"dateModified\":\"2011-03-21T10:31:32+00:00\",\"mainEntityOfPage\":{\"@id\":\"https:\\\/\\\/www.pigrecoemme.com\\\/blog\\\/io-identita-opposte-una-mostra-fotografica-sullautoritratto\\\/\"},\"wordCount\":705,\"commentCount\":0,\"publisher\":{\"@id\":\"https:\\\/\\\/www.pigrecoemme.com\\\/blog\\\/#organization\"},\"image\":{\"@id\":\"https:\\\/\\\/www.pigrecoemme.com\\\/blog\\\/io-identita-opposte-una-mostra-fotografica-sullautoritratto\\\/#primaryimage\"},\"thumbnailUrl\":\"http:\\\/\\\/www.pigrecoemme.com\\\/blog\\\/wp-content\\\/uploads\\\/2011\\\/03\\\/io-mostra-fotografica-napoli-300x150.jpg\",\"keywords\":[\"Alma Carrano\",\"Carla Manno\",\"Claudia Biancardi\",\"Corrado Morra\",\"corsi di fotografia\",\"Daniela Persico\",\"Daniele Rippa\",\"Eleonora Ivagnes\",\"Enrico De Luca\",\"eventi napoli\",\"Fabia Lonz\",\"Giuliana Borrelli\",\"Giusi De Luca\",\"Linda Russomanno\",\"Livia Cosenza\",\"Loreto Terranova. Gianni Valentino\",\"luca sorbo\",\"Martina Ippolito\",\"mostra fotografica\",\"Paola Cundari\",\"Paola Finale\",\"Pepe Russo\",\"pigrecoemme\",\"Rosalinda Falco\",\"Sabrina Cirillo\",\"Serena Mastroserio\",\"Silvia Bellio\",\"Sofia Giordano\",\"Stefania Furbatto\",\"Valentina Fra ioli\",\"Valeria Ferraro\",\"Viola Bufano\",\"Vittoria Boccia\"],\"articleSection\":[\"Eventi\",\"Fotografia\",\"Generale\",\"Scuola di cinema\"],\"inLanguage\":\"it-IT\",\"potentialAction\":[{\"@type\":\"CommentAction\",\"name\":\"Comment\",\"target\":[\"https:\\\/\\\/www.pigrecoemme.com\\\/blog\\\/io-identita-opposte-una-mostra-fotografica-sullautoritratto\\\/#respond\"]}]},{\"@type\":\"WebPage\",\"@id\":\"https:\\\/\\\/www.pigrecoemme.com\\\/blog\\\/io-identita-opposte-una-mostra-fotografica-sullautoritratto\\\/\",\"url\":\"https:\\\/\\\/www.pigrecoemme.com\\\/blog\\\/io-identita-opposte-una-mostra-fotografica-sullautoritratto\\\/\",\"name\":\"io. identit\u00e0 opposte. Una mostra fotografica sull'autoritratto\",\"isPartOf\":{\"@id\":\"https:\\\/\\\/www.pigrecoemme.com\\\/blog\\\/#website\"},\"primaryImageOfPage\":{\"@id\":\"https:\\\/\\\/www.pigrecoemme.com\\\/blog\\\/io-identita-opposte-una-mostra-fotografica-sullautoritratto\\\/#primaryimage\"},\"image\":{\"@id\":\"https:\\\/\\\/www.pigrecoemme.com\\\/blog\\\/io-identita-opposte-una-mostra-fotografica-sullautoritratto\\\/#primaryimage\"},\"thumbnailUrl\":\"http:\\\/\\\/www.pigrecoemme.com\\\/blog\\\/wp-content\\\/uploads\\\/2011\\\/03\\\/io-mostra-fotografica-napoli-300x150.jpg\",\"datePublished\":\"2011-03-19T13:16:43+00:00\",\"dateModified\":\"2011-03-21T10:31:32+00:00\",\"breadcrumb\":{\"@id\":\"https:\\\/\\\/www.pigrecoemme.com\\\/blog\\\/io-identita-opposte-una-mostra-fotografica-sullautoritratto\\\/#breadcrumb\"},\"inLanguage\":\"it-IT\",\"potentialAction\":[{\"@type\":\"ReadAction\",\"target\":[\"https:\\\/\\\/www.pigrecoemme.com\\\/blog\\\/io-identita-opposte-una-mostra-fotografica-sullautoritratto\\\/\"]}]},{\"@type\":\"ImageObject\",\"inLanguage\":\"it-IT\",\"@id\":\"https:\\\/\\\/www.pigrecoemme.com\\\/blog\\\/io-identita-opposte-una-mostra-fotografica-sullautoritratto\\\/#primaryimage\",\"url\":\"http:\\\/\\\/www.pigrecoemme.com\\\/blog\\\/wp-content\\\/uploads\\\/2011\\\/03\\\/io-mostra-fotografica-napoli-300x150.jpg\",\"contentUrl\":\"http:\\\/\\\/www.pigrecoemme.com\\\/blog\\\/wp-content\\\/uploads\\\/2011\\\/03\\\/io-mostra-fotografica-napoli-300x150.jpg\"},{\"@type\":\"BreadcrumbList\",\"@id\":\"https:\\\/\\\/www.pigrecoemme.com\\\/blog\\\/io-identita-opposte-una-mostra-fotografica-sullautoritratto\\\/#breadcrumb\",\"itemListElement\":[{\"@type\":\"ListItem\",\"position\":1,\"name\":\"Home\",\"item\":\"https:\\\/\\\/www.pigrecoemme.com\\\/blog\\\/\"},{\"@type\":\"ListItem\",\"position\":2,\"name\":\"io. identit\u00e0 opposte. Una mostra fotografica sull&#8217;autoritratto\"}]},{\"@type\":\"WebSite\",\"@id\":\"https:\\\/\\\/www.pigrecoemme.com\\\/blog\\\/#website\",\"url\":\"https:\\\/\\\/www.pigrecoemme.com\\\/blog\\\/\",\"name\":\"Scuola di Cinema Pigrecoemme - Blog\",\"description\":\"Siamo la prima Scuola di Cinema e Fotografia di Napoli\",\"publisher\":{\"@id\":\"https:\\\/\\\/www.pigrecoemme.com\\\/blog\\\/#organization\"},\"potentialAction\":[{\"@type\":\"SearchAction\",\"target\":{\"@type\":\"EntryPoint\",\"urlTemplate\":\"https:\\\/\\\/www.pigrecoemme.com\\\/blog\\\/?s={search_term_string}\"},\"query-input\":{\"@type\":\"PropertyValueSpecification\",\"valueRequired\":true,\"valueName\":\"search_term_string\"}}],\"inLanguage\":\"it-IT\"},{\"@type\":\"Organization\",\"@id\":\"https:\\\/\\\/www.pigrecoemme.com\\\/blog\\\/#organization\",\"name\":\"Scuola di cinema e fotografia Pigrecoemme\",\"url\":\"https:\\\/\\\/www.pigrecoemme.com\\\/blog\\\/\",\"logo\":{\"@type\":\"ImageObject\",\"inLanguage\":\"it-IT\",\"@id\":\"https:\\\/\\\/www.pigrecoemme.com\\\/blog\\\/#\\\/schema\\\/logo\\\/image\\\/\",\"url\":\"https:\\\/\\\/i0.wp.com\\\/www.pigrecoemme.com\\\/blog\\\/wp-content\\\/uploads\\\/2018\\\/06\\\/logo-pigrecoemme-2018.png?fit=500%2C500&ssl=1\",\"contentUrl\":\"https:\\\/\\\/i0.wp.com\\\/www.pigrecoemme.com\\\/blog\\\/wp-content\\\/uploads\\\/2018\\\/06\\\/logo-pigrecoemme-2018.png?fit=500%2C500&ssl=1\",\"width\":500,\"height\":500,\"caption\":\"Scuola di cinema e fotografia Pigrecoemme\"},\"image\":{\"@id\":\"https:\\\/\\\/www.pigrecoemme.com\\\/blog\\\/#\\\/schema\\\/logo\\\/image\\\/\"},\"sameAs\":[\"https:\\\/\\\/www.facebook.com\\\/pigrecoemme\",\"https:\\\/\\\/x.com\\\/Pigrecoemme\",\"https:\\\/\\\/www.instagram.com\\\/pigrecoemme\\\/\",\"https:\\\/\\\/www.linkedin.com\\\/company\\\/pigrecoemme\\\/\",\"https:\\\/\\\/www.youtube.com\\\/pigrecoemme\"]},{\"@type\":\"Person\",\"@id\":\"https:\\\/\\\/www.pigrecoemme.com\\\/blog\\\/#\\\/schema\\\/person\\\/702764b5ecda4c2f34e82348789f649e\",\"name\":\"Corrado Morra\",\"image\":{\"@type\":\"ImageObject\",\"inLanguage\":\"it-IT\",\"@id\":\"https:\\\/\\\/secure.gravatar.com\\\/avatar\\\/f6ce2f6728fbdf920737112fe70682512808577befa2c9c7845c04a8449b8f03?s=96&r=g\",\"url\":\"https:\\\/\\\/secure.gravatar.com\\\/avatar\\\/f6ce2f6728fbdf920737112fe70682512808577befa2c9c7845c04a8449b8f03?s=96&r=g\",\"contentUrl\":\"https:\\\/\\\/secure.gravatar.com\\\/avatar\\\/f6ce2f6728fbdf920737112fe70682512808577befa2c9c7845c04a8449b8f03?s=96&r=g\",\"caption\":\"Corrado Morra\"},\"description\":\"Esperto di arti visive e di cinema, insegna Sceneggiatura alla Scuola di cinema Pigrecoemme di Napoli, di cui \u00e8 tra i fondatori.\",\"sameAs\":[\"http:\\\/\\\/www.pigrecoemme.com\\\/\",\"https:\\\/\\\/www.facebook.com\\\/corrado.morra1\"],\"url\":\"https:\\\/\\\/www.pigrecoemme.com\\\/blog\\\/author\\\/corrado-morra\\\/\"}]}<\/script>\n<!-- \/ Yoast SEO plugin. -->","yoast_head_json":{"title":"io. identit\u00e0 opposte. Una mostra fotografica sull'autoritratto","robots":{"index":"index","follow":"follow","max-snippet":"max-snippet:-1","max-image-preview":"max-image-preview:large","max-video-preview":"max-video-preview:-1"},"canonical":"https:\/\/www.pigrecoemme.com\/blog\/io-identita-opposte-una-mostra-fotografica-sullautoritratto\/","og_locale":"it_IT","og_type":"article","og_title":"io. identit\u00e0 opposte. Una mostra fotografica sull'autoritratto","og_description":"Dalle ore 18 di gioved\u00ec\u00a024 marzo fino a venerd\u00ec\u00a022 aprile 2011, gli spazi di Pigrecoemme tornano ad essere galleria, con la mostra io. identit\u00e0 opposte, a cura di Luca Sorbo, docente dei corsi di&hellip;","og_url":"https:\/\/www.pigrecoemme.com\/blog\/io-identita-opposte-una-mostra-fotografica-sullautoritratto\/","og_site_name":"Scuola di Cinema Pigrecoemme - Blog","article_publisher":"https:\/\/www.facebook.com\/pigrecoemme","article_author":"https:\/\/www.facebook.com\/corrado.morra1","article_published_time":"2011-03-19T13:16:43+00:00","article_modified_time":"2011-03-21T10:31:32+00:00","og_image":[{"url":"http:\/\/www.pigrecoemme.com\/blog\/wp-content\/uploads\/2011\/03\/io-mostra-fotografica-napoli-300x150.jpg","type":"","width":"","height":""}],"author":"Corrado Morra","twitter_card":"summary_large_image","twitter_creator":"@Pigrecoemme","twitter_site":"@Pigrecoemme","twitter_misc":{"Scritto da":"Corrado Morra","Tempo di lettura stimato":"3 minuti"},"schema":{"@context":"https:\/\/schema.org","@graph":[{"@type":["Article","BlogPosting"],"@id":"https:\/\/www.pigrecoemme.com\/blog\/io-identita-opposte-una-mostra-fotografica-sullautoritratto\/#article","isPartOf":{"@id":"https:\/\/www.pigrecoemme.com\/blog\/io-identita-opposte-una-mostra-fotografica-sullautoritratto\/"},"author":{"name":"Corrado Morra","@id":"https:\/\/www.pigrecoemme.com\/blog\/#\/schema\/person\/702764b5ecda4c2f34e82348789f649e"},"headline":"io. identit\u00e0 opposte. Una mostra fotografica sull&#8217;autoritratto","datePublished":"2011-03-19T13:16:43+00:00","dateModified":"2011-03-21T10:31:32+00:00","mainEntityOfPage":{"@id":"https:\/\/www.pigrecoemme.com\/blog\/io-identita-opposte-una-mostra-fotografica-sullautoritratto\/"},"wordCount":705,"commentCount":0,"publisher":{"@id":"https:\/\/www.pigrecoemme.com\/blog\/#organization"},"image":{"@id":"https:\/\/www.pigrecoemme.com\/blog\/io-identita-opposte-una-mostra-fotografica-sullautoritratto\/#primaryimage"},"thumbnailUrl":"http:\/\/www.pigrecoemme.com\/blog\/wp-content\/uploads\/2011\/03\/io-mostra-fotografica-napoli-300x150.jpg","keywords":["Alma Carrano","Carla Manno","Claudia Biancardi","Corrado Morra","corsi di fotografia","Daniela Persico","Daniele Rippa","Eleonora Ivagnes","Enrico De Luca","eventi napoli","Fabia Lonz","Giuliana Borrelli","Giusi De Luca","Linda Russomanno","Livia Cosenza","Loreto Terranova. Gianni Valentino","luca sorbo","Martina Ippolito","mostra fotografica","Paola Cundari","Paola Finale","Pepe Russo","pigrecoemme","Rosalinda Falco","Sabrina Cirillo","Serena Mastroserio","Silvia Bellio","Sofia Giordano","Stefania Furbatto","Valentina Fra ioli","Valeria Ferraro","Viola Bufano","Vittoria Boccia"],"articleSection":["Eventi","Fotografia","Generale","Scuola di cinema"],"inLanguage":"it-IT","potentialAction":[{"@type":"CommentAction","name":"Comment","target":["https:\/\/www.pigrecoemme.com\/blog\/io-identita-opposte-una-mostra-fotografica-sullautoritratto\/#respond"]}]},{"@type":"WebPage","@id":"https:\/\/www.pigrecoemme.com\/blog\/io-identita-opposte-una-mostra-fotografica-sullautoritratto\/","url":"https:\/\/www.pigrecoemme.com\/blog\/io-identita-opposte-una-mostra-fotografica-sullautoritratto\/","name":"io. identit\u00e0 opposte. Una mostra fotografica sull'autoritratto","isPartOf":{"@id":"https:\/\/www.pigrecoemme.com\/blog\/#website"},"primaryImageOfPage":{"@id":"https:\/\/www.pigrecoemme.com\/blog\/io-identita-opposte-una-mostra-fotografica-sullautoritratto\/#primaryimage"},"image":{"@id":"https:\/\/www.pigrecoemme.com\/blog\/io-identita-opposte-una-mostra-fotografica-sullautoritratto\/#primaryimage"},"thumbnailUrl":"http:\/\/www.pigrecoemme.com\/blog\/wp-content\/uploads\/2011\/03\/io-mostra-fotografica-napoli-300x150.jpg","datePublished":"2011-03-19T13:16:43+00:00","dateModified":"2011-03-21T10:31:32+00:00","breadcrumb":{"@id":"https:\/\/www.pigrecoemme.com\/blog\/io-identita-opposte-una-mostra-fotografica-sullautoritratto\/#breadcrumb"},"inLanguage":"it-IT","potentialAction":[{"@type":"ReadAction","target":["https:\/\/www.pigrecoemme.com\/blog\/io-identita-opposte-una-mostra-fotografica-sullautoritratto\/"]}]},{"@type":"ImageObject","inLanguage":"it-IT","@id":"https:\/\/www.pigrecoemme.com\/blog\/io-identita-opposte-una-mostra-fotografica-sullautoritratto\/#primaryimage","url":"http:\/\/www.pigrecoemme.com\/blog\/wp-content\/uploads\/2011\/03\/io-mostra-fotografica-napoli-300x150.jpg","contentUrl":"http:\/\/www.pigrecoemme.com\/blog\/wp-content\/uploads\/2011\/03\/io-mostra-fotografica-napoli-300x150.jpg"},{"@type":"BreadcrumbList","@id":"https:\/\/www.pigrecoemme.com\/blog\/io-identita-opposte-una-mostra-fotografica-sullautoritratto\/#breadcrumb","itemListElement":[{"@type":"ListItem","position":1,"name":"Home","item":"https:\/\/www.pigrecoemme.com\/blog\/"},{"@type":"ListItem","position":2,"name":"io. identit\u00e0 opposte. Una mostra fotografica sull&#8217;autoritratto"}]},{"@type":"WebSite","@id":"https:\/\/www.pigrecoemme.com\/blog\/#website","url":"https:\/\/www.pigrecoemme.com\/blog\/","name":"Scuola di Cinema Pigrecoemme - Blog","description":"Siamo la prima Scuola di Cinema e Fotografia di Napoli","publisher":{"@id":"https:\/\/www.pigrecoemme.com\/blog\/#organization"},"potentialAction":[{"@type":"SearchAction","target":{"@type":"EntryPoint","urlTemplate":"https:\/\/www.pigrecoemme.com\/blog\/?s={search_term_string}"},"query-input":{"@type":"PropertyValueSpecification","valueRequired":true,"valueName":"search_term_string"}}],"inLanguage":"it-IT"},{"@type":"Organization","@id":"https:\/\/www.pigrecoemme.com\/blog\/#organization","name":"Scuola di cinema e fotografia Pigrecoemme","url":"https:\/\/www.pigrecoemme.com\/blog\/","logo":{"@type":"ImageObject","inLanguage":"it-IT","@id":"https:\/\/www.pigrecoemme.com\/blog\/#\/schema\/logo\/image\/","url":"https:\/\/i0.wp.com\/www.pigrecoemme.com\/blog\/wp-content\/uploads\/2018\/06\/logo-pigrecoemme-2018.png?fit=500%2C500&ssl=1","contentUrl":"https:\/\/i0.wp.com\/www.pigrecoemme.com\/blog\/wp-content\/uploads\/2018\/06\/logo-pigrecoemme-2018.png?fit=500%2C500&ssl=1","width":500,"height":500,"caption":"Scuola di cinema e fotografia Pigrecoemme"},"image":{"@id":"https:\/\/www.pigrecoemme.com\/blog\/#\/schema\/logo\/image\/"},"sameAs":["https:\/\/www.facebook.com\/pigrecoemme","https:\/\/x.com\/Pigrecoemme","https:\/\/www.instagram.com\/pigrecoemme\/","https:\/\/www.linkedin.com\/company\/pigrecoemme\/","https:\/\/www.youtube.com\/pigrecoemme"]},{"@type":"Person","@id":"https:\/\/www.pigrecoemme.com\/blog\/#\/schema\/person\/702764b5ecda4c2f34e82348789f649e","name":"Corrado Morra","image":{"@type":"ImageObject","inLanguage":"it-IT","@id":"https:\/\/secure.gravatar.com\/avatar\/f6ce2f6728fbdf920737112fe70682512808577befa2c9c7845c04a8449b8f03?s=96&r=g","url":"https:\/\/secure.gravatar.com\/avatar\/f6ce2f6728fbdf920737112fe70682512808577befa2c9c7845c04a8449b8f03?s=96&r=g","contentUrl":"https:\/\/secure.gravatar.com\/avatar\/f6ce2f6728fbdf920737112fe70682512808577befa2c9c7845c04a8449b8f03?s=96&r=g","caption":"Corrado Morra"},"description":"Esperto di arti visive e di cinema, insegna Sceneggiatura alla Scuola di cinema Pigrecoemme di Napoli, di cui \u00e8 tra i fondatori.","sameAs":["http:\/\/www.pigrecoemme.com\/","https:\/\/www.facebook.com\/corrado.morra1"],"url":"https:\/\/www.pigrecoemme.com\/blog\/author\/corrado-morra\/"}]}},"jetpack_sharing_enabled":true,"jetpack_likes_enabled":true,"jetpack-related-posts":[{"id":1758,"url":"https:\/\/www.pigrecoemme.com\/blog\/3-ottobre-2016-passeggiata-fotografica-alla-sanita-luca-sorbo\/","url_meta":{"origin":352,"position":0},"title":"3 ottobre 2016: Passeggiata fotografica alla Sanit\u00e0 con Luca Sorbo","author":"Pigrecoemme","date":"20 Settembre 2016","format":false,"excerpt":"Luned\u00ec 3 ottobre passeggiata fotografica gratuita alla Sanit\u00e0, organizzata dalla Organizzata dalla Scuola di Cinema e Fotografia Pigrecoemme e \u00a0coordinata da Luca Sorbo, docente di fotografia all'Accademia di Belle Arti di Napoli e curatore dei nostri corsi di fotografia. Un\u2019occasione unica per conoscere uno dei quartieri pi\u00f9 caratteristici di Napoli:\u2026","rel":"","context":"In &quot;Eventi&quot;","block_context":{"text":"Eventi","link":"https:\/\/www.pigrecoemme.com\/blog\/eventi\/"},"img":{"alt_text":"Passeggiata fotografica alla Sanit\u00e0 con Luca Sorbo","src":"https:\/\/i0.wp.com\/www.pigrecoemme.com\/blog\/wp-content\/uploads\/2016\/09\/passeggiata-fotografica-sanita.jpg?resize=350%2C200&ssl=1","width":350,"height":200,"srcset":"https:\/\/i0.wp.com\/www.pigrecoemme.com\/blog\/wp-content\/uploads\/2016\/09\/passeggiata-fotografica-sanita.jpg?resize=350%2C200&ssl=1 1x, https:\/\/i0.wp.com\/www.pigrecoemme.com\/blog\/wp-content\/uploads\/2016\/09\/passeggiata-fotografica-sanita.jpg?resize=525%2C300&ssl=1 1.5x, https:\/\/i0.wp.com\/www.pigrecoemme.com\/blog\/wp-content\/uploads\/2016\/09\/passeggiata-fotografica-sanita.jpg?resize=700%2C400&ssl=1 2x"},"classes":[]},{"id":243,"url":"https:\/\/www.pigrecoemme.com\/blog\/alla-feltrinelli-di-piazza-dei-martiri-giovedi-3-giugno-la-mostra-fotografica-effetti-collaterali\/","url_meta":{"origin":352,"position":1},"title":"Alla Feltrinelli di Piazza dei Martiri, gioved\u00ec 3 giugno la mostra fotografica Effetti collaterali","author":"Corrado Morra","date":"1 Giugno 2010","format":false,"excerpt":"Gioved\u00ec 3 giugno, alle 18, inaugurazione della mostra fotografica Effetti collaterali, a cura di Gianni Pinnizzotto, docente del corso di Fotogiornalismo della Scuola di cinema e fotografia Pigrecoemme di Napoli.","rel":"","context":"In &quot;Eventi&quot;","block_context":{"text":"Eventi","link":"https:\/\/www.pigrecoemme.com\/blog\/eventi\/"},"img":{"alt_text":"","src":"https:\/\/i0.wp.com\/www.pigrecoemme.com\/blog\/wp-content\/uploads\/2010\/06\/bambino-palestinese2-300x201.jpg?resize=350%2C200","width":350,"height":200},"classes":[]},{"id":28,"url":"https:\/\/www.pigrecoemme.com\/blog\/il-futuro-della-fotografia-tra-analogico-e-digitale\/","url_meta":{"origin":352,"position":2},"title":"Il futuro della fotografia tra analogico e digitale","author":"Giacomo Fabbrocino","date":"6 Gennaio 2008","format":false,"excerpt":"Siete tutti invitati all'incontro curato da Luca Sorbo che si terr\u00e0 mercoled\u00ec 9 gennaio 2008 dalle 17,00 alle 19,00 presso la Scuola di Cinema Pigrecoemme \u2013 Piazza Portanova 11, Napoli. Luca Sorbo, analizzando l\u2019evoluzione storica e tecnica della fotografia, cercher\u00e0 di esplicitare le problematiche che la rivoluzione digitale pone, evidenziandone\u2026","rel":"","context":"In &quot;Eventi&quot;","block_context":{"text":"Eventi","link":"https:\/\/www.pigrecoemme.com\/blog\/eventi\/"},"img":{"alt_text":"fotografia digitale","src":"https:\/\/i0.wp.com\/www.pigrecoemme.com\/corso-fotografia\/fotografia-digitale.jpg?resize=350%2C200","width":350,"height":200},"classes":[]},{"id":492,"url":"https:\/\/www.pigrecoemme.com\/blog\/sabato-21-aprile-aniello-barone-terra-un-incontro-lezione-gratuito-sulla-fotografia\/","url_meta":{"origin":352,"position":3},"title":"Sabato 21 aprile Aniello Barone terr\u00e0 un incontro-lezione gratuito sulla fotografia","author":"Corrado Morra","date":"17 Aprile 2012","format":false,"excerpt":"Continuano, alla Scuola di cinema e fotografia Pigrecoemme di Napoli, gli incontri dedicati ai grandi fotografi. Sabato 21 aprile 2012, Aniello Barone sar\u00e0, cos\u00ec, negli spazi di Piazza Portanova, per un incontro-lezione, che avr\u00e0 il compito di tracciare le linee principali del suo affascinante percorso artistico e professionale. L\u2019appuntamento, dalle\u2026","rel":"","context":"In &quot;Eventi&quot;","block_context":{"text":"Eventi","link":"https:\/\/www.pigrecoemme.com\/blog\/eventi\/"},"img":{"alt_text":"","src":"https:\/\/i0.wp.com\/www.pigrecoemme.com\/blog\/wp-content\/uploads\/2012\/04\/aniello-barone1-300x200.jpg?resize=350%2C200","width":350,"height":200},"classes":[]},{"id":158,"url":"https:\/\/www.pigrecoemme.com\/blog\/italia-inedita-di-un-secolo-fa\/","url_meta":{"origin":352,"position":4},"title":"Italia inedita  di un secolo fa","author":"Giacomo Fabbrocino","date":"26 Giugno 2009","format":false,"excerpt":"Marted\u00ec 7 luglio alle ore 18.00, presso la libreria Feltrinelli di Piazza dei Martiri a Napoli,\u00a0 sar\u00e0 presentato il libro\u00a0 \"Italia inedita\u00a0 di un secolo fa\" a cura del docente dei corsi di fotografia di Pigrecoemme Luca Sorbo, e di Luciano Scateni. Il volume \u00e8\u00a0 edito da\u00a0 Intramoenia. La presentazione\u2026","rel":"","context":"In &quot;Eventi&quot;","block_context":{"text":"Eventi","link":"https:\/\/www.pigrecoemme.com\/blog\/eventi\/"},"img":{"alt_text":"Invito","src":"https:\/\/i0.wp.com\/www.pigrecoemme.com\/blog\/wp-content\/uploads\/2009\/06\/invito-italia-inedita-300x139.jpg?resize=350%2C200","width":350,"height":200},"classes":[]},{"id":1942,"url":"https:\/\/www.pigrecoemme.com\/blog\/incontro-fotografico-lucia-patalano\/","url_meta":{"origin":352,"position":5},"title":"Incontro fotografico con Lucia Patalano","author":"Pigrecoemme","date":"8 Settembre 2017","format":false,"excerpt":"Sabato 30 settembre 2017 alle 16:00 presso la Scuola di Cinema e Fotografia Pigrecoemme di Napoli Luca Sorbo, docente all'Accademia di Belle Arti di Napoli e responsabile dei corsi di Fotografia della Pigrecoemme, incontrer\u00e0 Lucia Patalano, una delle principali esponenti della fotografia napoletana. Sar\u00e0 un'occasione importante per ripercorrere la vicenda\u2026","rel":"","context":"In &quot;Eventi&quot;","block_context":{"text":"Eventi","link":"https:\/\/www.pigrecoemme.com\/blog\/eventi\/"},"img":{"alt_text":"Incontro fotografico con Lucia Patalano","src":"https:\/\/i0.wp.com\/www.pigrecoemme.com\/blog\/wp-content\/uploads\/2017\/09\/incontro-con-lucia-patalano.jpg?resize=350%2C200","width":350,"height":200},"classes":[]}],"jetpack_featured_media_url":"","_links":{"self":[{"href":"https:\/\/www.pigrecoemme.com\/blog\/wp-json\/wp\/v2\/posts\/352","targetHints":{"allow":["GET"]}}],"collection":[{"href":"https:\/\/www.pigrecoemme.com\/blog\/wp-json\/wp\/v2\/posts"}],"about":[{"href":"https:\/\/www.pigrecoemme.com\/blog\/wp-json\/wp\/v2\/types\/post"}],"author":[{"embeddable":true,"href":"https:\/\/www.pigrecoemme.com\/blog\/wp-json\/wp\/v2\/users\/2"}],"replies":[{"embeddable":true,"href":"https:\/\/www.pigrecoemme.com\/blog\/wp-json\/wp\/v2\/comments?post=352"}],"version-history":[{"count":0,"href":"https:\/\/www.pigrecoemme.com\/blog\/wp-json\/wp\/v2\/posts\/352\/revisions"}],"wp:attachment":[{"href":"https:\/\/www.pigrecoemme.com\/blog\/wp-json\/wp\/v2\/media?parent=352"}],"wp:term":[{"taxonomy":"category","embeddable":true,"href":"https:\/\/www.pigrecoemme.com\/blog\/wp-json\/wp\/v2\/categories?post=352"},{"taxonomy":"post_tag","embeddable":true,"href":"https:\/\/www.pigrecoemme.com\/blog\/wp-json\/wp\/v2\/tags?post=352"}],"curies":[{"name":"wp","href":"https:\/\/api.w.org\/{rel}","templated":true}]}}