{"id":3513,"date":"2024-03-10T13:14:01","date_gmt":"2024-03-10T12:14:01","guid":{"rendered":"https:\/\/www.pigrecoemme.com\/blog\/?p=3513"},"modified":"2024-03-14T22:31:20","modified_gmt":"2024-03-14T21:31:20","slug":"presentazione-del-libro-i-migliori-anni-della-nostra-vita-in-mediateca-di-francesco-napolitano","status":"publish","type":"post","link":"https:\/\/www.pigrecoemme.com\/blog\/presentazione-del-libro-i-migliori-anni-della-nostra-vita-in-mediateca-di-francesco-napolitano\/","title":{"rendered":"Presentazione del libro &#8220;I migliori anni della nostra vita, in mediateca&#8221; di Francesco Napolitano"},"content":{"rendered":"\n<p class=\"wp-block-paragraph\">Da chi ha a che fare con noi prima o poi inevitabilmente arriva una domanda: &#8220;<strong>Ma che vuol dire Pigrecoemme?<\/strong>&#8221; La risposta potrebbe essere pi\u00f9 o meno questa: i fondatori della Pigrecoemme si incontrarono come partecipanti alle attivit\u00e0 di un&#8217;associazione culturale napoletana, molto impegnata nel sociale, il cui nome era (ed \u00e8) <em>Porte Invisibili<\/em>. Nonostante il suo nome derivasse probabilmente dal titolo del famoso libro di Aldous Huxley <em><a href=\"https:\/\/it.wikipedia.org\/wiki\/Le_porte_della_percezione\" target=\"_blank\" rel=\"noreferrer noopener\">Le porte della percezione<\/a><\/em>, o forse da una frase di Ernst J\u00fcnger, Porte Invisibili si occupava prettamente di &#8220;<a href=\"https:\/\/associazioneporteinvisibili.wordpress.com\/informazioni\/\" target=\"_blank\" rel=\"noreferrer noopener\">interventi\u00a0socio-educativi diretti a minori e adolescenti<\/a>&#8220;. Era il 1998 e il gruppo di ragazzi nati tra il 1968 e il 1975 &#8211; che poi avrebbe dato vita a Pigrecoemme &#8211; nei suoi laboratori dedicati ai giovanissimi usava prevalentemente i linguaggi del cinema, del teatro e delle arti figurative, di cui erano tutti cultori, appasionati e praticanti. <br \/>Di l\u00ec a poco queste persone fondarono un&#8217;associazione a parte, un ramo nato dall&#8217;albero pricipale che, per i temi che intendeva trattare, prese il nome di <strong>Porte Invisbili Media<\/strong>. Questa nuova associazione, la cui prima uscita pubblica fu <a href=\"https:\/\/www.pigrecoemme.com\/produzioni\/parete.php\">P@rete<\/a>, si presentava con una sorta di acronimo: Porte Invisbili Media aveva un nome troppo lungo e sia nel <a href=\"https:\/\/pigrecoemme.com\/images\/index_r11_c3_BK.jpg\" target=\"_blank\" rel=\"noreferrer noopener\">logo<\/a>, sia nella pronuncia si proponeva come &#8220;\u220f\u00a0m&#8221; (Pi greco emme) con la versione greca della lettera P a simboleggiare graficamente il concetto di &#8220;Porta&#8221; e la M come iniziale di &#8220;Media&#8221; . Al momento di scegliere un nome di dominio per il proprio sito internet (inaugurato il 1\u00b0 maggio del 2000) optammo per pigrecoemme.com e <strong>Pigrecoemme<\/strong> divenne anche il nome con cui l&#8217;associazione e la scuola di cinema che gestiva si iniziarono a proporre al pubblico.<\/p>\n\n\n\n<figure class=\"wp-block-image size-large\"><a href=\"https:\/\/i0.wp.com\/www.pigrecoemme.com\/blog\/wp-content\/uploads\/2024\/03\/i-migliori-anni-mediateca-francesco-napolitano.jpg?ssl=1\"><img data-recalc-dims=\"1\" loading=\"lazy\" decoding=\"async\" width=\"860\" height=\"860\" src=\"https:\/\/i0.wp.com\/www.pigrecoemme.com\/blog\/wp-content\/uploads\/2024\/03\/i-migliori-anni-mediateca-francesco-napolitano.jpg?resize=860%2C860&#038;ssl=1\" alt=\"Presentazione del libro &quot;I migliori anni della nostra vita, in mediateca&quot; di Francesco Napolitano\" class=\"wp-image-3515\" srcset=\"https:\/\/i0.wp.com\/www.pigrecoemme.com\/blog\/wp-content\/uploads\/2024\/03\/i-migliori-anni-mediateca-francesco-napolitano.jpg?resize=1024%2C1024&amp;ssl=1 1024w, https:\/\/i0.wp.com\/www.pigrecoemme.com\/blog\/wp-content\/uploads\/2024\/03\/i-migliori-anni-mediateca-francesco-napolitano.jpg?resize=300%2C300&amp;ssl=1 300w, https:\/\/i0.wp.com\/www.pigrecoemme.com\/blog\/wp-content\/uploads\/2024\/03\/i-migliori-anni-mediateca-francesco-napolitano.jpg?resize=150%2C150&amp;ssl=1 150w, https:\/\/i0.wp.com\/www.pigrecoemme.com\/blog\/wp-content\/uploads\/2024\/03\/i-migliori-anni-mediateca-francesco-napolitano.jpg?resize=768%2C768&amp;ssl=1 768w, https:\/\/i0.wp.com\/www.pigrecoemme.com\/blog\/wp-content\/uploads\/2024\/03\/i-migliori-anni-mediateca-francesco-napolitano.jpg?resize=65%2C65&amp;ssl=1 65w, https:\/\/i0.wp.com\/www.pigrecoemme.com\/blog\/wp-content\/uploads\/2024\/03\/i-migliori-anni-mediateca-francesco-napolitano.jpg?w=1200&amp;ssl=1 1200w\" sizes=\"auto, (max-width: 860px) 100vw, 860px\" \/><\/a><\/figure>\n\n\n\n<!--more-->\n\n\n\n<h2 id=\"pigrecoemme-e-la-mediateca-santa-sofia\" class=\"wp-block-heading\">Pigrecoemme e la Mediateca Santa Sofia<\/h2>\n\n\n\n<p class=\"wp-block-paragraph\">Il luogo in cui noi futuri fondatori della Pigrecoemme ci incontrammo fu la <a href=\"https:\/\/mediateca.comune.napoli.it\/mediateca\" target=\"_blank\" rel=\"noreferrer noopener\">Mediateca Comunale Santa Sofia<\/a> (Via Santa Sofia 7, Napoli). La Mediateca, uno dei centri giovanili attivati in quegli anni in citt\u00e0, permetteva il noleggio gratuto di videocassette e DVD, organizzava il festival di cortometraggi &#8216;O Curt e altri eventi culturali e, soprattutto, attraverso dei laboratori gratuiti sui linguaggi dell&#8217;audiovisivo, fungeva da centro di aggregazione per molti giovani, che da ogni quartiere della citt\u00e0 vi si riunivano per incontrarsi e concentrarsi sulla loro passione per il cinema. Furono anni splendidi, soprattutto quelli tra il 1998 e il 2005, in cui nuove e pi\u00f9 accessibili tecnologie digitali permettevano a molte persone di sperimentare col video. La mediateca aveva una meravigliosa videocamera <a href=\"https:\/\/www.youtube.com\/watch?v=wUJeAPzW1uA\" target=\"_blank\" rel=\"noreferrer noopener\">Sony XL1<\/a>, sognata da tutti gli aspiranti videomaker dell&#8217;epoca e un PC adibito a banco di montaggio, oltre a luci, proiettori e uno sterminato archivio cinematografico gratuitamente fruibile, che, prima della banda larga e del peer to peer, era il sogno di ogni cinefilo. <br \/>Noi della Pigrecoemme contribuimmo molto alla vita e all&#8217;efficacia della Mediateca Santa Sofia: Il primo a dare un significativo contributo fu <a href=\"https:\/\/www.pigrecoemme.com\/docenti\/rosario-gallone.php\"><strong>Rosario Gallone<\/strong><\/a>, che mise a disposizione degli utenti della Mediateca la sua personale collezione di film, rimpinguando sensibilimente il catalogo di titoli disponibili in VHS (Rosario portava ogni settimana in un borsone le videocassette richieste). In seguito, con la nostra associazione, gestimmo i laboratori, organizzammo per diversi anni il festival di cortometraggi &#8216;O Curt, e demmo vita ad alcune iniziative interessanti come &#8220;<a href=\"https:\/\/www.pigrecoemme.com\/blog\/si-conclude-con-ugo-gregoretti-i-film-della-mia-vita-grande-successo-di-pubblico\/\">I film della mia vita<\/a>&#8221; e &#8220;<a href=\"https:\/\/www.pigrecoemme.com\/qm\/\">Cinema 2001. E dopo l&#8217;Odissea?<\/a>&#8221;  Successivamente, a causa della perdita di interesse per i DVD e le VHS e, soprattutto, di una politica differente del Comune di Napoli, la Mediateca perse centralit\u00e0 nelle attivit\u00e0 cinefili napoletani, ma \u00e8 rimasta per sempre nel loro cuori, cos\u00ec come vi rimarr\u00e0 colui che l&#8217;ha diretta dalla nascita fino al 2021: <strong>Francesco Napolitano<\/strong>, il quale ha da poco pubblicato un libro su quell&#8217;esperienza <em><a href=\"https:\/\/www.ibs.it\/migliori-anni-della-nostra-vita-libro-francesco-napolitano\/e\/9791259845269\" target=\"_blank\" rel=\"noreferrer noopener\">I migliori anni della nostra vita in mediateca<\/a><\/em>.<\/p>\n\n\n\n<h2 id=\"sabato-23-marzo-presentazione-del-libro-di-francesco-napolitano-alla-pigrecoemme\" class=\"wp-block-heading\">Sabato 23 marzo presentazione del libro di Francesco Napolitano alla Pigrecoemme<\/h2>\n\n\n\n<p class=\"wp-block-paragraph\">Non pu\u00f2 che farci piacere quindi invitarvi <strong>sabato 23 marzo alle ore 18:00<\/strong> alla presentazione del volume pubblicato da Armando Editore. L&#8217;autore parler\u00e0 col pubblico e con <strong>Rosario Gallone<\/strong> (critico cinematografico e direttore della scuola di cinema Pigrecoemme) di quell&#8217;esperienza e, ne siamo certi, l&#8217;incontro sar\u00e0 l&#8217;occasione per riflessioni non banali sul cinema, sulla cultura cinematografica e sulla politica culturale, napoletana e no. <\/p>\n\n\n\n<p class=\"wp-block-paragraph\"><strong>Per informazioni:<\/strong> <a href=\"tel:+390815635188\">081.5635188<\/a> o <a href=\"mailto:info@pigrecoemme.com\">info@pigrecoemme.com<\/a><\/p>\n\n\n\n<figure class=\"wp-block-gallery has-nested-images columns-default is-cropped wp-block-gallery-1 is-layout-flex wp-block-gallery-is-layout-flex\">\n<figure class=\"wp-block-image size-large\"><a href=\"https:\/\/i0.wp.com\/www.pigrecoemme.com\/blog\/wp-content\/uploads\/2024\/03\/i.migliori-anni-fronte.jpg?ssl=1\"><img data-recalc-dims=\"1\" loading=\"lazy\" decoding=\"async\" width=\"860\" height=\"860\" data-id=\"3517\" src=\"https:\/\/i0.wp.com\/www.pigrecoemme.com\/blog\/wp-content\/uploads\/2024\/03\/i.migliori-anni-fronte.jpg?resize=860%2C860&#038;ssl=1\" alt=\"Presentazione del libro &quot;I migliori anni della nostra vita, in mediateca&quot; di Francesco Napolitano\" class=\"wp-image-3517\" srcset=\"https:\/\/i0.wp.com\/www.pigrecoemme.com\/blog\/wp-content\/uploads\/2024\/03\/i.migliori-anni-fronte.jpg?resize=1024%2C1024&amp;ssl=1 1024w, https:\/\/i0.wp.com\/www.pigrecoemme.com\/blog\/wp-content\/uploads\/2024\/03\/i.migliori-anni-fronte.jpg?resize=300%2C300&amp;ssl=1 300w, https:\/\/i0.wp.com\/www.pigrecoemme.com\/blog\/wp-content\/uploads\/2024\/03\/i.migliori-anni-fronte.jpg?resize=150%2C150&amp;ssl=1 150w, https:\/\/i0.wp.com\/www.pigrecoemme.com\/blog\/wp-content\/uploads\/2024\/03\/i.migliori-anni-fronte.jpg?resize=768%2C768&amp;ssl=1 768w, https:\/\/i0.wp.com\/www.pigrecoemme.com\/blog\/wp-content\/uploads\/2024\/03\/i.migliori-anni-fronte.jpg?resize=65%2C65&amp;ssl=1 65w, https:\/\/i0.wp.com\/www.pigrecoemme.com\/blog\/wp-content\/uploads\/2024\/03\/i.migliori-anni-fronte.jpg?w=1236&amp;ssl=1 1236w\" sizes=\"auto, (max-width: 860px) 100vw, 860px\" \/><\/a><\/figure>\n\n\n\n<figure class=\"wp-block-image size-large\"><a href=\"https:\/\/i0.wp.com\/www.pigrecoemme.com\/blog\/wp-content\/uploads\/2024\/03\/i.migliori-anni-retro.jpg?ssl=1\"><img data-recalc-dims=\"1\" loading=\"lazy\" decoding=\"async\" width=\"860\" height=\"860\" data-id=\"3516\" src=\"https:\/\/i0.wp.com\/www.pigrecoemme.com\/blog\/wp-content\/uploads\/2024\/03\/i.migliori-anni-retro.jpg?resize=860%2C860&#038;ssl=1\" alt=\"Presentazione del libro &quot;I migliori anni della nostra vita, in mediateca&quot; di Francesco Napolitano\" class=\"wp-image-3516\" srcset=\"https:\/\/i0.wp.com\/www.pigrecoemme.com\/blog\/wp-content\/uploads\/2024\/03\/i.migliori-anni-retro.jpg?resize=1024%2C1024&amp;ssl=1 1024w, https:\/\/i0.wp.com\/www.pigrecoemme.com\/blog\/wp-content\/uploads\/2024\/03\/i.migliori-anni-retro.jpg?resize=300%2C300&amp;ssl=1 300w, https:\/\/i0.wp.com\/www.pigrecoemme.com\/blog\/wp-content\/uploads\/2024\/03\/i.migliori-anni-retro.jpg?resize=150%2C150&amp;ssl=1 150w, https:\/\/i0.wp.com\/www.pigrecoemme.com\/blog\/wp-content\/uploads\/2024\/03\/i.migliori-anni-retro.jpg?resize=768%2C768&amp;ssl=1 768w, https:\/\/i0.wp.com\/www.pigrecoemme.com\/blog\/wp-content\/uploads\/2024\/03\/i.migliori-anni-retro.jpg?resize=65%2C65&amp;ssl=1 65w, https:\/\/i0.wp.com\/www.pigrecoemme.com\/blog\/wp-content\/uploads\/2024\/03\/i.migliori-anni-retro.jpg?w=1236&amp;ssl=1 1236w\" sizes=\"auto, (max-width: 860px) 100vw, 860px\" \/><\/a><\/figure>\n<\/figure>\n","protected":false},"excerpt":{"rendered":"<p>Da chi ha a che fare con noi prima o poi inevitabilmente arriva una domanda: &#8220;Ma che vuol dire Pigrecoemme?&#8221; La risposta potrebbe essere pi\u00f9 o meno questa: i fondatori della Pigrecoemme si incontrarono&hellip;<\/p>\n","protected":false},"author":4,"featured_media":0,"comment_status":"open","ping_status":"open","sticky":false,"template":"","format":"standard","meta":{"_jetpack_newsletter_access":"everybody","_jetpack_dont_email_post_to_subs":false,"_jetpack_newsletter_tier_id":0,"_jetpack_memberships_contains_paywalled_content":false,"_jetpack_feature_clip_id":0,"_jetpack_memberships_contains_paid_content":false,"footnotes":"","jetpack_post_was_ever_published":false},"categories":[11,1,731],"tags":[755,18,242,53],"class_list":["post-3513","post","type-post","status-publish","format-standard","hentry","category-eventi","category-generale","category-segnalazioni","tag-francesco-napolitano","tag-mediateca-comunale","tag-mediateca-santa-sofia","tag-rosario-gallone"],"yoast_head":"<!-- This site is optimized with the Yoast SEO plugin v28.3 - https:\/\/yoast.com\/product\/yoast-seo-wordpress\/ -->\n<title>Presentazione del libro &quot;I migliori anni della nostra vita, in mediateca&quot; di Francesco Napolitano<\/title>\n<meta name=\"description\" content=\"Sabato 23 marzo, ore 18.00, presentazione del libro di Francesco Napolitano alla Pigrecoemme. La storia della Mediateca Santa Sofia di Napoli.\" \/>\n<meta name=\"robots\" content=\"index, follow, max-snippet:-1, max-image-preview:large, max-video-preview:-1\" \/>\n<link rel=\"canonical\" href=\"https:\/\/www.pigrecoemme.com\/blog\/presentazione-del-libro-i-migliori-anni-della-nostra-vita-in-mediateca-di-francesco-napolitano\/\" \/>\n<meta property=\"og:locale\" content=\"it_IT\" \/>\n<meta property=\"og:type\" content=\"article\" \/>\n<meta property=\"og:title\" content=\"Presentazione del libro &quot;I migliori anni della nostra vita, in mediateca&quot; di Francesco Napolitano\" \/>\n<meta property=\"og:description\" content=\"Sabato 23 marzo, ore 18.00, presentazione del libro di Francesco Napolitano alla Pigrecoemme. La storia della Mediateca Santa Sofia di Napoli.\" \/>\n<meta property=\"og:url\" content=\"https:\/\/www.pigrecoemme.com\/blog\/presentazione-del-libro-i-migliori-anni-della-nostra-vita-in-mediateca-di-francesco-napolitano\/\" \/>\n<meta property=\"og:site_name\" content=\"Scuola di Cinema Pigrecoemme - Blog\" \/>\n<meta property=\"article:publisher\" content=\"https:\/\/www.facebook.com\/pigrecoemme\" \/>\n<meta property=\"article:author\" content=\"https:\/\/www.facebook.com\/pigrecoemme\" \/>\n<meta property=\"article:published_time\" content=\"2024-03-10T12:14:01+00:00\" \/>\n<meta property=\"article:modified_time\" content=\"2024-03-14T21:31:20+00:00\" \/>\n<meta property=\"og:image\" content=\"https:\/\/www.pigrecoemme.com\/blog\/wp-content\/uploads\/2024\/03\/i-migliori-anni-mediateca-francesco-napolitano.jpg\" \/>\n\t<meta property=\"og:image:width\" content=\"1200\" \/>\n\t<meta property=\"og:image:height\" content=\"1200\" \/>\n\t<meta property=\"og:image:type\" content=\"image\/jpeg\" \/>\n<meta name=\"author\" content=\"Pigrecoemme\" \/>\n<meta name=\"twitter:card\" content=\"summary_large_image\" \/>\n<meta name=\"twitter:creator\" content=\"@Pigrecoemme\" \/>\n<meta name=\"twitter:site\" content=\"@Pigrecoemme\" \/>\n<meta name=\"twitter:label1\" content=\"Scritto da\" \/>\n\t<meta name=\"twitter:data1\" content=\"Pigrecoemme\" \/>\n\t<meta name=\"twitter:label2\" content=\"Tempo di lettura stimato\" \/>\n\t<meta name=\"twitter:data2\" content=\"5 minuti\" \/>\n<script type=\"application\/ld+json\" class=\"yoast-schema-graph\">{\"@context\":\"https:\\\/\\\/schema.org\",\"@graph\":[{\"@type\":[\"Article\",\"BlogPosting\"],\"@id\":\"https:\\\/\\\/www.pigrecoemme.com\\\/blog\\\/presentazione-del-libro-i-migliori-anni-della-nostra-vita-in-mediateca-di-francesco-napolitano\\\/#article\",\"isPartOf\":{\"@id\":\"https:\\\/\\\/www.pigrecoemme.com\\\/blog\\\/presentazione-del-libro-i-migliori-anni-della-nostra-vita-in-mediateca-di-francesco-napolitano\\\/\"},\"author\":{\"name\":\"Pigrecoemme\",\"@id\":\"https:\\\/\\\/www.pigrecoemme.com\\\/blog\\\/#\\\/schema\\\/person\\\/8996ab5bfa68cec611b330ae4a389d44\"},\"headline\":\"Presentazione del libro &#8220;I migliori anni della nostra vita, in mediateca&#8221; di Francesco Napolitano\",\"datePublished\":\"2024-03-10T12:14:01+00:00\",\"dateModified\":\"2024-03-14T21:31:20+00:00\",\"mainEntityOfPage\":{\"@id\":\"https:\\\/\\\/www.pigrecoemme.com\\\/blog\\\/presentazione-del-libro-i-migliori-anni-della-nostra-vita-in-mediateca-di-francesco-napolitano\\\/\"},\"wordCount\":710,\"commentCount\":0,\"publisher\":{\"@id\":\"https:\\\/\\\/www.pigrecoemme.com\\\/blog\\\/#organization\"},\"image\":{\"@id\":\"https:\\\/\\\/www.pigrecoemme.com\\\/blog\\\/presentazione-del-libro-i-migliori-anni-della-nostra-vita-in-mediateca-di-francesco-napolitano\\\/#primaryimage\"},\"thumbnailUrl\":\"https:\\\/\\\/www.pigrecoemme.com\\\/blog\\\/wp-content\\\/uploads\\\/2024\\\/03\\\/i-migliori-anni-mediateca-francesco-napolitano-1024x1024.jpg\",\"keywords\":[\"Francesco Napolitano\",\"mediateca comunale\",\"mediateca santa sofia\",\"rosario gallone\"],\"articleSection\":[\"Eventi\",\"Generale\",\"Segnalazioni\"],\"inLanguage\":\"it-IT\",\"potentialAction\":[{\"@type\":\"CommentAction\",\"name\":\"Comment\",\"target\":[\"https:\\\/\\\/www.pigrecoemme.com\\\/blog\\\/presentazione-del-libro-i-migliori-anni-della-nostra-vita-in-mediateca-di-francesco-napolitano\\\/#respond\"]}]},{\"@type\":\"WebPage\",\"@id\":\"https:\\\/\\\/www.pigrecoemme.com\\\/blog\\\/presentazione-del-libro-i-migliori-anni-della-nostra-vita-in-mediateca-di-francesco-napolitano\\\/\",\"url\":\"https:\\\/\\\/www.pigrecoemme.com\\\/blog\\\/presentazione-del-libro-i-migliori-anni-della-nostra-vita-in-mediateca-di-francesco-napolitano\\\/\",\"name\":\"Presentazione del libro \\\"I migliori anni della nostra vita, in mediateca\\\" di Francesco Napolitano\",\"isPartOf\":{\"@id\":\"https:\\\/\\\/www.pigrecoemme.com\\\/blog\\\/#website\"},\"primaryImageOfPage\":{\"@id\":\"https:\\\/\\\/www.pigrecoemme.com\\\/blog\\\/presentazione-del-libro-i-migliori-anni-della-nostra-vita-in-mediateca-di-francesco-napolitano\\\/#primaryimage\"},\"image\":{\"@id\":\"https:\\\/\\\/www.pigrecoemme.com\\\/blog\\\/presentazione-del-libro-i-migliori-anni-della-nostra-vita-in-mediateca-di-francesco-napolitano\\\/#primaryimage\"},\"thumbnailUrl\":\"https:\\\/\\\/www.pigrecoemme.com\\\/blog\\\/wp-content\\\/uploads\\\/2024\\\/03\\\/i-migliori-anni-mediateca-francesco-napolitano-1024x1024.jpg\",\"datePublished\":\"2024-03-10T12:14:01+00:00\",\"dateModified\":\"2024-03-14T21:31:20+00:00\",\"description\":\"Sabato 23 marzo, ore 18.00, presentazione del libro di Francesco Napolitano alla Pigrecoemme. La storia della Mediateca Santa Sofia di Napoli.\",\"breadcrumb\":{\"@id\":\"https:\\\/\\\/www.pigrecoemme.com\\\/blog\\\/presentazione-del-libro-i-migliori-anni-della-nostra-vita-in-mediateca-di-francesco-napolitano\\\/#breadcrumb\"},\"inLanguage\":\"it-IT\",\"potentialAction\":[{\"@type\":\"ReadAction\",\"target\":[\"https:\\\/\\\/www.pigrecoemme.com\\\/blog\\\/presentazione-del-libro-i-migliori-anni-della-nostra-vita-in-mediateca-di-francesco-napolitano\\\/\"]}]},{\"@type\":\"ImageObject\",\"inLanguage\":\"it-IT\",\"@id\":\"https:\\\/\\\/www.pigrecoemme.com\\\/blog\\\/presentazione-del-libro-i-migliori-anni-della-nostra-vita-in-mediateca-di-francesco-napolitano\\\/#primaryimage\",\"url\":\"https:\\\/\\\/i0.wp.com\\\/www.pigrecoemme.com\\\/blog\\\/wp-content\\\/uploads\\\/2024\\\/03\\\/i-migliori-anni-mediateca-francesco-napolitano.jpg?fit=1200%2C1200&ssl=1\",\"contentUrl\":\"https:\\\/\\\/i0.wp.com\\\/www.pigrecoemme.com\\\/blog\\\/wp-content\\\/uploads\\\/2024\\\/03\\\/i-migliori-anni-mediateca-francesco-napolitano.jpg?fit=1200%2C1200&ssl=1\",\"width\":1200,\"height\":1200},{\"@type\":\"BreadcrumbList\",\"@id\":\"https:\\\/\\\/www.pigrecoemme.com\\\/blog\\\/presentazione-del-libro-i-migliori-anni-della-nostra-vita-in-mediateca-di-francesco-napolitano\\\/#breadcrumb\",\"itemListElement\":[{\"@type\":\"ListItem\",\"position\":1,\"name\":\"Home\",\"item\":\"https:\\\/\\\/www.pigrecoemme.com\\\/blog\\\/\"},{\"@type\":\"ListItem\",\"position\":2,\"name\":\"Presentazione del libro &#8220;I migliori anni della nostra vita, in mediateca&#8221; di Francesco Napolitano\"}]},{\"@type\":\"WebSite\",\"@id\":\"https:\\\/\\\/www.pigrecoemme.com\\\/blog\\\/#website\",\"url\":\"https:\\\/\\\/www.pigrecoemme.com\\\/blog\\\/\",\"name\":\"Scuola di Cinema Pigrecoemme - Blog\",\"description\":\"Siamo la prima Scuola di Cinema e Fotografia di Napoli\",\"publisher\":{\"@id\":\"https:\\\/\\\/www.pigrecoemme.com\\\/blog\\\/#organization\"},\"potentialAction\":[{\"@type\":\"SearchAction\",\"target\":{\"@type\":\"EntryPoint\",\"urlTemplate\":\"https:\\\/\\\/www.pigrecoemme.com\\\/blog\\\/?s={search_term_string}\"},\"query-input\":{\"@type\":\"PropertyValueSpecification\",\"valueRequired\":true,\"valueName\":\"search_term_string\"}}],\"inLanguage\":\"it-IT\"},{\"@type\":\"Organization\",\"@id\":\"https:\\\/\\\/www.pigrecoemme.com\\\/blog\\\/#organization\",\"name\":\"Scuola di cinema e fotografia Pigrecoemme\",\"url\":\"https:\\\/\\\/www.pigrecoemme.com\\\/blog\\\/\",\"logo\":{\"@type\":\"ImageObject\",\"inLanguage\":\"it-IT\",\"@id\":\"https:\\\/\\\/www.pigrecoemme.com\\\/blog\\\/#\\\/schema\\\/logo\\\/image\\\/\",\"url\":\"https:\\\/\\\/i0.wp.com\\\/www.pigrecoemme.com\\\/blog\\\/wp-content\\\/uploads\\\/2018\\\/06\\\/logo-pigrecoemme-2018.png?fit=500%2C500&ssl=1\",\"contentUrl\":\"https:\\\/\\\/i0.wp.com\\\/www.pigrecoemme.com\\\/blog\\\/wp-content\\\/uploads\\\/2018\\\/06\\\/logo-pigrecoemme-2018.png?fit=500%2C500&ssl=1\",\"width\":500,\"height\":500,\"caption\":\"Scuola di cinema e fotografia Pigrecoemme\"},\"image\":{\"@id\":\"https:\\\/\\\/www.pigrecoemme.com\\\/blog\\\/#\\\/schema\\\/logo\\\/image\\\/\"},\"sameAs\":[\"https:\\\/\\\/www.facebook.com\\\/pigrecoemme\",\"https:\\\/\\\/x.com\\\/Pigrecoemme\",\"https:\\\/\\\/www.instagram.com\\\/pigrecoemme\\\/\",\"https:\\\/\\\/www.linkedin.com\\\/company\\\/pigrecoemme\\\/\",\"https:\\\/\\\/www.youtube.com\\\/pigrecoemme\"]},{\"@type\":\"Person\",\"@id\":\"https:\\\/\\\/www.pigrecoemme.com\\\/blog\\\/#\\\/schema\\\/person\\\/8996ab5bfa68cec611b330ae4a389d44\",\"name\":\"Pigrecoemme\",\"image\":{\"@type\":\"ImageObject\",\"inLanguage\":\"it-IT\",\"@id\":\"https:\\\/\\\/secure.gravatar.com\\\/avatar\\\/541a562fed7df6fa49262cb93f0f1135b8432ec77a1bc64fdb808f64f2a8287d?s=96&r=g\",\"url\":\"https:\\\/\\\/secure.gravatar.com\\\/avatar\\\/541a562fed7df6fa49262cb93f0f1135b8432ec77a1bc64fdb808f64f2a8287d?s=96&r=g\",\"contentUrl\":\"https:\\\/\\\/secure.gravatar.com\\\/avatar\\\/541a562fed7df6fa49262cb93f0f1135b8432ec77a1bc64fdb808f64f2a8287d?s=96&r=g\",\"caption\":\"Pigrecoemme\"},\"description\":\"Profilo redazionale. Pigrecoemme \u00e8 la prima scuola di cinema, televisione e fotografia di Napoli.\",\"sameAs\":[\"http:\\\/\\\/www.pigrecoemme.com\\\/\",\"https:\\\/\\\/www.facebook.com\\\/pigrecoemme\"],\"url\":\"https:\\\/\\\/www.pigrecoemme.com\\\/blog\\\/author\\\/pigrecoemme\\\/\"}]}<\/script>\n<!-- \/ Yoast SEO plugin. -->","yoast_head_json":{"title":"Presentazione del libro \"I migliori anni della nostra vita, in mediateca\" di Francesco Napolitano","description":"Sabato 23 marzo, ore 18.00, presentazione del libro di Francesco Napolitano alla Pigrecoemme. La storia della Mediateca Santa Sofia di Napoli.","robots":{"index":"index","follow":"follow","max-snippet":"max-snippet:-1","max-image-preview":"max-image-preview:large","max-video-preview":"max-video-preview:-1"},"canonical":"https:\/\/www.pigrecoemme.com\/blog\/presentazione-del-libro-i-migliori-anni-della-nostra-vita-in-mediateca-di-francesco-napolitano\/","og_locale":"it_IT","og_type":"article","og_title":"Presentazione del libro \"I migliori anni della nostra vita, in mediateca\" di Francesco Napolitano","og_description":"Sabato 23 marzo, ore 18.00, presentazione del libro di Francesco Napolitano alla Pigrecoemme. La storia della Mediateca Santa Sofia di Napoli.","og_url":"https:\/\/www.pigrecoemme.com\/blog\/presentazione-del-libro-i-migliori-anni-della-nostra-vita-in-mediateca-di-francesco-napolitano\/","og_site_name":"Scuola di Cinema Pigrecoemme - Blog","article_publisher":"https:\/\/www.facebook.com\/pigrecoemme","article_author":"https:\/\/www.facebook.com\/pigrecoemme","article_published_time":"2024-03-10T12:14:01+00:00","article_modified_time":"2024-03-14T21:31:20+00:00","og_image":[{"width":1200,"height":1200,"url":"https:\/\/www.pigrecoemme.com\/blog\/wp-content\/uploads\/2024\/03\/i-migliori-anni-mediateca-francesco-napolitano.jpg","type":"image\/jpeg"}],"author":"Pigrecoemme","twitter_card":"summary_large_image","twitter_creator":"@Pigrecoemme","twitter_site":"@Pigrecoemme","twitter_misc":{"Scritto da":"Pigrecoemme","Tempo di lettura stimato":"5 minuti"},"schema":{"@context":"https:\/\/schema.org","@graph":[{"@type":["Article","BlogPosting"],"@id":"https:\/\/www.pigrecoemme.com\/blog\/presentazione-del-libro-i-migliori-anni-della-nostra-vita-in-mediateca-di-francesco-napolitano\/#article","isPartOf":{"@id":"https:\/\/www.pigrecoemme.com\/blog\/presentazione-del-libro-i-migliori-anni-della-nostra-vita-in-mediateca-di-francesco-napolitano\/"},"author":{"name":"Pigrecoemme","@id":"https:\/\/www.pigrecoemme.com\/blog\/#\/schema\/person\/8996ab5bfa68cec611b330ae4a389d44"},"headline":"Presentazione del libro &#8220;I migliori anni della nostra vita, in mediateca&#8221; di Francesco Napolitano","datePublished":"2024-03-10T12:14:01+00:00","dateModified":"2024-03-14T21:31:20+00:00","mainEntityOfPage":{"@id":"https:\/\/www.pigrecoemme.com\/blog\/presentazione-del-libro-i-migliori-anni-della-nostra-vita-in-mediateca-di-francesco-napolitano\/"},"wordCount":710,"commentCount":0,"publisher":{"@id":"https:\/\/www.pigrecoemme.com\/blog\/#organization"},"image":{"@id":"https:\/\/www.pigrecoemme.com\/blog\/presentazione-del-libro-i-migliori-anni-della-nostra-vita-in-mediateca-di-francesco-napolitano\/#primaryimage"},"thumbnailUrl":"https:\/\/www.pigrecoemme.com\/blog\/wp-content\/uploads\/2024\/03\/i-migliori-anni-mediateca-francesco-napolitano-1024x1024.jpg","keywords":["Francesco Napolitano","mediateca comunale","mediateca santa sofia","rosario gallone"],"articleSection":["Eventi","Generale","Segnalazioni"],"inLanguage":"it-IT","potentialAction":[{"@type":"CommentAction","name":"Comment","target":["https:\/\/www.pigrecoemme.com\/blog\/presentazione-del-libro-i-migliori-anni-della-nostra-vita-in-mediateca-di-francesco-napolitano\/#respond"]}]},{"@type":"WebPage","@id":"https:\/\/www.pigrecoemme.com\/blog\/presentazione-del-libro-i-migliori-anni-della-nostra-vita-in-mediateca-di-francesco-napolitano\/","url":"https:\/\/www.pigrecoemme.com\/blog\/presentazione-del-libro-i-migliori-anni-della-nostra-vita-in-mediateca-di-francesco-napolitano\/","name":"Presentazione del libro \"I migliori anni della nostra vita, in mediateca\" di Francesco Napolitano","isPartOf":{"@id":"https:\/\/www.pigrecoemme.com\/blog\/#website"},"primaryImageOfPage":{"@id":"https:\/\/www.pigrecoemme.com\/blog\/presentazione-del-libro-i-migliori-anni-della-nostra-vita-in-mediateca-di-francesco-napolitano\/#primaryimage"},"image":{"@id":"https:\/\/www.pigrecoemme.com\/blog\/presentazione-del-libro-i-migliori-anni-della-nostra-vita-in-mediateca-di-francesco-napolitano\/#primaryimage"},"thumbnailUrl":"https:\/\/www.pigrecoemme.com\/blog\/wp-content\/uploads\/2024\/03\/i-migliori-anni-mediateca-francesco-napolitano-1024x1024.jpg","datePublished":"2024-03-10T12:14:01+00:00","dateModified":"2024-03-14T21:31:20+00:00","description":"Sabato 23 marzo, ore 18.00, presentazione del libro di Francesco Napolitano alla Pigrecoemme. La storia della Mediateca Santa Sofia di Napoli.","breadcrumb":{"@id":"https:\/\/www.pigrecoemme.com\/blog\/presentazione-del-libro-i-migliori-anni-della-nostra-vita-in-mediateca-di-francesco-napolitano\/#breadcrumb"},"inLanguage":"it-IT","potentialAction":[{"@type":"ReadAction","target":["https:\/\/www.pigrecoemme.com\/blog\/presentazione-del-libro-i-migliori-anni-della-nostra-vita-in-mediateca-di-francesco-napolitano\/"]}]},{"@type":"ImageObject","inLanguage":"it-IT","@id":"https:\/\/www.pigrecoemme.com\/blog\/presentazione-del-libro-i-migliori-anni-della-nostra-vita-in-mediateca-di-francesco-napolitano\/#primaryimage","url":"https:\/\/i0.wp.com\/www.pigrecoemme.com\/blog\/wp-content\/uploads\/2024\/03\/i-migliori-anni-mediateca-francesco-napolitano.jpg?fit=1200%2C1200&ssl=1","contentUrl":"https:\/\/i0.wp.com\/www.pigrecoemme.com\/blog\/wp-content\/uploads\/2024\/03\/i-migliori-anni-mediateca-francesco-napolitano.jpg?fit=1200%2C1200&ssl=1","width":1200,"height":1200},{"@type":"BreadcrumbList","@id":"https:\/\/www.pigrecoemme.com\/blog\/presentazione-del-libro-i-migliori-anni-della-nostra-vita-in-mediateca-di-francesco-napolitano\/#breadcrumb","itemListElement":[{"@type":"ListItem","position":1,"name":"Home","item":"https:\/\/www.pigrecoemme.com\/blog\/"},{"@type":"ListItem","position":2,"name":"Presentazione del libro &#8220;I migliori anni della nostra vita, in mediateca&#8221; di Francesco Napolitano"}]},{"@type":"WebSite","@id":"https:\/\/www.pigrecoemme.com\/blog\/#website","url":"https:\/\/www.pigrecoemme.com\/blog\/","name":"Scuola di Cinema Pigrecoemme - Blog","description":"Siamo la prima Scuola di Cinema e Fotografia di Napoli","publisher":{"@id":"https:\/\/www.pigrecoemme.com\/blog\/#organization"},"potentialAction":[{"@type":"SearchAction","target":{"@type":"EntryPoint","urlTemplate":"https:\/\/www.pigrecoemme.com\/blog\/?s={search_term_string}"},"query-input":{"@type":"PropertyValueSpecification","valueRequired":true,"valueName":"search_term_string"}}],"inLanguage":"it-IT"},{"@type":"Organization","@id":"https:\/\/www.pigrecoemme.com\/blog\/#organization","name":"Scuola di cinema e fotografia Pigrecoemme","url":"https:\/\/www.pigrecoemme.com\/blog\/","logo":{"@type":"ImageObject","inLanguage":"it-IT","@id":"https:\/\/www.pigrecoemme.com\/blog\/#\/schema\/logo\/image\/","url":"https:\/\/i0.wp.com\/www.pigrecoemme.com\/blog\/wp-content\/uploads\/2018\/06\/logo-pigrecoemme-2018.png?fit=500%2C500&ssl=1","contentUrl":"https:\/\/i0.wp.com\/www.pigrecoemme.com\/blog\/wp-content\/uploads\/2018\/06\/logo-pigrecoemme-2018.png?fit=500%2C500&ssl=1","width":500,"height":500,"caption":"Scuola di cinema e fotografia Pigrecoemme"},"image":{"@id":"https:\/\/www.pigrecoemme.com\/blog\/#\/schema\/logo\/image\/"},"sameAs":["https:\/\/www.facebook.com\/pigrecoemme","https:\/\/x.com\/Pigrecoemme","https:\/\/www.instagram.com\/pigrecoemme\/","https:\/\/www.linkedin.com\/company\/pigrecoemme\/","https:\/\/www.youtube.com\/pigrecoemme"]},{"@type":"Person","@id":"https:\/\/www.pigrecoemme.com\/blog\/#\/schema\/person\/8996ab5bfa68cec611b330ae4a389d44","name":"Pigrecoemme","image":{"@type":"ImageObject","inLanguage":"it-IT","@id":"https:\/\/secure.gravatar.com\/avatar\/541a562fed7df6fa49262cb93f0f1135b8432ec77a1bc64fdb808f64f2a8287d?s=96&r=g","url":"https:\/\/secure.gravatar.com\/avatar\/541a562fed7df6fa49262cb93f0f1135b8432ec77a1bc64fdb808f64f2a8287d?s=96&r=g","contentUrl":"https:\/\/secure.gravatar.com\/avatar\/541a562fed7df6fa49262cb93f0f1135b8432ec77a1bc64fdb808f64f2a8287d?s=96&r=g","caption":"Pigrecoemme"},"description":"Profilo redazionale. Pigrecoemme \u00e8 la prima scuola di cinema, televisione e fotografia di Napoli.","sameAs":["http:\/\/www.pigrecoemme.com\/","https:\/\/www.facebook.com\/pigrecoemme"],"url":"https:\/\/www.pigrecoemme.com\/blog\/author\/pigrecoemme\/"}]}},"jetpack_sharing_enabled":true,"jetpack_likes_enabled":true,"jetpack-related-posts":[{"id":591,"url":"https:\/\/www.pigrecoemme.com\/blog\/il-cinema-di-kubrick-piu-grande-della-vita-e-il-nostro-docente-di-sceneggiatura-spieghera-perche\/","url_meta":{"origin":3513,"position":0},"title":"Il cinema di Kubrick? Pi\u00f9 grande della vita (e il nostro docente di Sceneggiatura spiegher\u00e0 perch\u00e9)","author":"Giacomo Fabbrocino","date":"19 Dicembre 2012","format":false,"excerpt":"Domani, gioved\u00ec 20 dicembre, alle ore 18,00, presso la Mediateca Santa Sofia ci sar\u00e0 la proiezione di Stanley Kubrick: A Life in Pictures di Jan Harlan.Il documentario - l'emozionante avventura artistica del grande Stanley Kubrick - chiuder\u00e0 il primo ciclo della bella rassegna Cinema al quadrato. il cinema che si\u2026","rel":"","context":"In &quot;Eventi&quot;","block_context":{"text":"Eventi","link":"https:\/\/www.pigrecoemme.com\/blog\/eventi\/"},"img":{"alt_text":"","src":"https:\/\/i0.wp.com\/www.pigrecoemme.com\/blog\/wp-content\/uploads\/2012\/12\/stanley-kubrick.jpg?resize=350%2C200&ssl=1","width":350,"height":200,"srcset":"https:\/\/i0.wp.com\/www.pigrecoemme.com\/blog\/wp-content\/uploads\/2012\/12\/stanley-kubrick.jpg?resize=350%2C200&ssl=1 1x, https:\/\/i0.wp.com\/www.pigrecoemme.com\/blog\/wp-content\/uploads\/2012\/12\/stanley-kubrick.jpg?resize=525%2C300&ssl=1 1.5x, https:\/\/i0.wp.com\/www.pigrecoemme.com\/blog\/wp-content\/uploads\/2012\/12\/stanley-kubrick.jpg?resize=700%2C400&ssl=1 2x"},"classes":[]},{"id":589,"url":"https:\/\/www.pigrecoemme.com\/blog\/una-rassegna-sul-documentario-al-pan-e-i-nuovi-corsi-di-cinema-di-pigrecoemme\/","url_meta":{"origin":3513,"position":1},"title":"Una rassegna sul documentario al PAN e i nuovi corsi di cinema di Pigrecoemme","author":"Giacomo Fabbrocino","date":"11 Dicembre 2012","format":false,"excerpt":"Tutto pronto per i nuovi corsi di cinema e fotografia di Pigrecoemme che partiranno a gennaio: anche quest'anno sono previsti sia moduli bimestrali (tra cui i collaudati corsi di Regia, Sceneggiatura e Montaggio), sia semestrali, come il nuovo corso Filmaker, un percorso di 160 ore, che, a un prezzo scontatissimo,\u2026","rel":"","context":"In &quot;Eventi&quot;","block_context":{"text":"Eventi","link":"https:\/\/www.pigrecoemme.com\/blog\/eventi\/"},"img":{"alt_text":"","src":"https:\/\/i0.wp.com\/www.pigrecoemme.com\/blog\/wp-content\/uploads\/2024\/03\/ficc-a-napoli.webp?resize=350%2C200&ssl=1","width":350,"height":200},"classes":[]},{"id":1294,"url":"https:\/\/www.pigrecoemme.com\/blog\/stessa-rabbia-stessa-primavera\/","url_meta":{"origin":3513,"position":2},"title":"Stefano Incerti presenta Stessa rabbia, stessa primavera alla Mediateca  Santa Sofia","author":"Corrado Morra","date":"31 Marzo 2015","format":false,"excerpt":"Continua gioved\u00ec 2 aprile con Stessa rabbia, stessa primavera, documentario di rara intensit\u00e0 di Stefano Incerti, la bella rassegna Cinema al quadrato \u2013 Il cinema che si racconta\u00a0della Mediateca Santa Sofia del Comune di Napoli.Il ciclo di proiezioni, a cura di Francesco Napolitano e Armando Andria, giunto alla quinta edizione,\u2026","rel":"","context":"In &quot;Eventi&quot;","block_context":{"text":"Eventi","link":"https:\/\/www.pigrecoemme.com\/blog\/eventi\/"},"img":{"alt_text":"","src":"https:\/\/i0.wp.com\/www.pigrecoemme.com\/blog\/wp-content\/uploads\/2015\/03\/stessa-rabbia.jpg?resize=350%2C200&ssl=1","width":350,"height":200},"classes":[]},{"id":666,"url":"https:\/\/www.pigrecoemme.com\/blog\/gaetano-di-vaio\/","url_meta":{"origin":3513,"position":3},"title":"Il loro Natale. Gaetano Di Vaio alla rassegna &#8220;Con gli occhi del cinema&#8221;","author":"Rosario Gallone","date":"1 Giugno 2013","format":false,"excerpt":"Continua, con la proiezione del film Il loro Natale di Gaetano Di Vaio, la rassegna Con gli occhi del cinema, curata dall\u2019associazione Tycho, in collaborazione con la Scuola di Cinema, Televisione e Fotografia Pigrecoemme e la Mediateca Santa Sofia del Comune di Napoli. La proiezione, a ingresso gratuito, si terr\u00e0\u2026","rel":"","context":"In &quot;Eventi&quot;","block_context":{"text":"Eventi","link":"https:\/\/www.pigrecoemme.com\/blog\/eventi\/"},"img":{"alt_text":"Il regista e produttore Gaetano Di Vaio","src":"https:\/\/i0.wp.com\/www.pigrecoemme.com\/blog\/wp-content\/uploads\/2013\/06\/gaetano-di-vaio-300x275.jpg?resize=350%2C200","width":350,"height":200},"classes":[]},{"id":18,"url":"https:\/\/www.pigrecoemme.com\/blog\/salvatore-piscicelli-incontro-al-pan-il-prossimo-30-ottobre\/","url_meta":{"origin":3513,"position":4},"title":"Salvatore Piscicelli: incontro al PAN il prossimo 30 ottobre","author":"Giacomo Fabbrocino","date":"26 Ottobre 2007","format":false,"excerpt":"Sulla scia del successo del recente ciclo d'incontri I film della mia vita, continuano gli appuntamenti sul cinema e sui suoi protagonisti della Mediateca S. Sofia: il prossimo marted\u00ec 30 ottobre sar\u00e0, infatti, Salvatore Piscicelli l'ospite di un interessante incontro al Pan in cui il regista napoletano, accompagnato dal critico\u2026","rel":"","context":"In &quot;Eventi&quot;","block_context":{"text":"Eventi","link":"https:\/\/www.pigrecoemme.com\/blog\/eventi\/"},"img":{"alt_text":"Invito incontro Piscicelli","src":"https:\/\/i0.wp.com\/farm3.static.flickr.com\/2199\/1759582031_8fe3c14b09_m.jpg?resize=350%2C200","width":350,"height":200},"classes":[]},{"id":7,"url":"https:\/\/www.pigrecoemme.com\/blog\/successo-per-lincontro-con-angelo-curti-al-pan\/","url_meta":{"origin":3513,"position":5},"title":"Successo per l&#8217;incontro con Angelo Curti al Pan","author":"Rosario Gallone","date":"3 Ottobre 2007","format":false,"excerpt":"Si \u00e8 tenuto ieri, Marted\u00ec 2 ottobre 2007 alle ore 18,00 il terzo incontro del secondo ciclo di I film della mia vita, un'iniziativa della Mediateca Santa Sofia del Comune di Napoli realizzata in collaborazione con la Scuola di Cinema e Televisione Pigrecoemme. Il produttore di Teatri Uniti, Angelo Curti,\u2026","rel":"","context":"In &quot;Eventi&quot;","block_context":{"text":"Eventi","link":"https:\/\/www.pigrecoemme.com\/blog\/eventi\/"},"img":{"alt_text":"","src":"","width":0,"height":0},"classes":[]}],"jetpack_featured_media_url":"","_links":{"self":[{"href":"https:\/\/www.pigrecoemme.com\/blog\/wp-json\/wp\/v2\/posts\/3513","targetHints":{"allow":["GET"]}}],"collection":[{"href":"https:\/\/www.pigrecoemme.com\/blog\/wp-json\/wp\/v2\/posts"}],"about":[{"href":"https:\/\/www.pigrecoemme.com\/blog\/wp-json\/wp\/v2\/types\/post"}],"author":[{"embeddable":true,"href":"https:\/\/www.pigrecoemme.com\/blog\/wp-json\/wp\/v2\/users\/4"}],"replies":[{"embeddable":true,"href":"https:\/\/www.pigrecoemme.com\/blog\/wp-json\/wp\/v2\/comments?post=3513"}],"version-history":[{"count":9,"href":"https:\/\/www.pigrecoemme.com\/blog\/wp-json\/wp\/v2\/posts\/3513\/revisions"}],"predecessor-version":[{"id":3550,"href":"https:\/\/www.pigrecoemme.com\/blog\/wp-json\/wp\/v2\/posts\/3513\/revisions\/3550"}],"wp:attachment":[{"href":"https:\/\/www.pigrecoemme.com\/blog\/wp-json\/wp\/v2\/media?parent=3513"}],"wp:term":[{"taxonomy":"category","embeddable":true,"href":"https:\/\/www.pigrecoemme.com\/blog\/wp-json\/wp\/v2\/categories?post=3513"},{"taxonomy":"post_tag","embeddable":true,"href":"https:\/\/www.pigrecoemme.com\/blog\/wp-json\/wp\/v2\/tags?post=3513"}],"curies":[{"name":"wp","href":"https:\/\/api.w.org\/{rel}","templated":true}]}}