{"id":333,"date":"2011-01-27T14:05:09","date_gmt":"2011-01-27T12:05:09","guid":{"rendered":"http:\/\/www.pigrecoemme.com\/blog\/?p=333"},"modified":"2011-01-27T14:05:09","modified_gmt":"2011-01-27T12:05:09","slug":"aperte-le-selezioni-per-a-corto-di-idee-2011","status":"publish","type":"post","link":"https:\/\/www.pigrecoemme.com\/blog\/aperte-le-selezioni-per-a-corto-di-idee-2011\/","title":{"rendered":"Aperte le selezioni per  &#8220;A CORTO DI IDEE 2011&#8221;"},"content":{"rendered":"<p>L&#8217;associazione culturale senza scopo di lucro \u201cHappy Hours\u201d, organizza la 4\u00b0 edizione della <strong>Rassegna di cortometraggi &#8220;A CORTO di idee&#8221;<\/strong>.<\/p>\n<p>Anche quest&#8217;anno la <a href=\"http:\/\/www.pigrecoemme.com\/\">Scuola di Cinema Pigrecoemme<\/a> assegner\u00e0 il premio della critica.<\/p>\n<p>La rassegna \u00e8 rivolta a TUTTI: filmaker e videoamatori italiani e stranieri, Istituti scolastici, Associazioni e Societ\u00e0 che abbiano o meno gi\u00e0 prodotto cortometraggi.<\/p>\n<p><strong>Scadenza per la consegna delle opere:<\/strong> 11 febbraio 2011<br \/>\n<strong> Proiezioni e Premiazioni:<\/strong> Ravello 26 e 27 Marzo 2011<br \/>\n<strong> Sessione Estiva<\/strong>: Maiori<br \/>\n<strong> Per ulteriori informazioni<\/strong>:\u00a0<a href=\"http:\/\/www.pigrecoemme.com\/a-corto-di-idee\/\">http:\/\/www.pigrecoemme.com\/a-corto-di-idee\/<br \/>\n<\/a><br \/>\n<a href=\"https:\/\/i0.wp.com\/www.pigrecoemme.com\/a-corto-di-idee\/a-corto-di-idee-2011-big.jpg\"><img data-recalc-dims=\"1\" loading=\"lazy\" decoding=\"async\" class=\"aligncenter\" src=\"https:\/\/i0.wp.com\/www.pigrecoemme.com\/a-corto-di-idee\/a-corto-di-idee-2011-small.jpg?resize=282%2C400\" alt=\"\" width=\"282\" height=\"400\" \/><\/a><\/p>\n","protected":false},"excerpt":{"rendered":"<p>L&#8217;associazione culturale senza scopo di lucro \u201cHappy Hours\u201d, organizza la 4\u00b0 edizione della Rassegna di cortometraggi &#8220;A CORTO di idee&#8221;. Anche quest&#8217;anno la Scuola di Cinema Pigrecoemme assegner\u00e0 il premio della critica. La rassegna&hellip;<\/p>\n","protected":false},"author":1,"featured_media":0,"comment_status":"open","ping_status":"open","sticky":false,"template":"","format":"standard","meta":{"_jetpack_newsletter_access":"","_jetpack_dont_email_post_to_subs":false,"_jetpack_newsletter_tier_id":0,"_jetpack_memberships_contains_paywalled_content":false,"_jetpack_feature_clip_id":0,"_jetpack_memberships_contains_paid_content":false,"footnotes":"","jetpack_post_was_ever_published":false},"categories":[11,1],"tags":[305,88,42,307,510],"class_list":["post-333","post","type-post","status-publish","format-standard","hentry","category-eventi","category-generale","tag-a-corto-di-idee","tag-corti","tag-cortometraggi","tag-maiori","tag-rassegna-di-cortometraggi"],"yoast_head":"<!-- This site is optimized with the Yoast SEO plugin v28.3 - https:\/\/yoast.com\/product\/yoast-seo-wordpress\/ -->\n<title>Aperte le selezioni per &quot;A CORTO DI IDEE 2011&quot;<\/title>\n<meta name=\"robots\" content=\"index, follow, max-snippet:-1, max-image-preview:large, max-video-preview:-1\" \/>\n<link rel=\"canonical\" href=\"https:\/\/www.pigrecoemme.com\/blog\/aperte-le-selezioni-per-a-corto-di-idee-2011\/\" \/>\n<meta property=\"og:locale\" content=\"it_IT\" \/>\n<meta property=\"og:type\" content=\"article\" \/>\n<meta property=\"og:title\" content=\"Aperte le selezioni per &quot;A CORTO DI IDEE 2011&quot;\" \/>\n<meta property=\"og:description\" content=\"L&#8217;associazione culturale senza scopo di lucro \u201cHappy Hours\u201d, organizza la 4\u00b0 edizione della Rassegna di cortometraggi &#8220;A CORTO di idee&#8221;. Anche quest&#8217;anno la Scuola di Cinema Pigrecoemme assegner\u00e0 il premio della critica. La rassegna&hellip;\" \/>\n<meta property=\"og:url\" content=\"https:\/\/www.pigrecoemme.com\/blog\/aperte-le-selezioni-per-a-corto-di-idee-2011\/\" \/>\n<meta property=\"og:site_name\" content=\"Scuola di Cinema Pigrecoemme - Blog\" \/>\n<meta property=\"article:publisher\" content=\"https:\/\/www.facebook.com\/pigrecoemme\" \/>\n<meta property=\"article:author\" content=\"https:\/\/www.facebook.com\/giacomo.fabbrocino\" \/>\n<meta property=\"article:published_time\" content=\"2011-01-27T12:05:09+00:00\" \/>\n<meta property=\"og:image\" content=\"http:\/\/www.pigrecoemme.com\/a-corto-di-idee\/a-corto-di-idee-2011-small.jpg\" \/>\n<meta name=\"author\" content=\"Giacomo Fabbrocino\" \/>\n<meta name=\"twitter:card\" content=\"summary_large_image\" \/>\n<meta name=\"twitter:creator\" content=\"@Pigrecoemme\" \/>\n<meta name=\"twitter:site\" content=\"@Pigrecoemme\" \/>\n<meta name=\"twitter:label1\" content=\"Scritto da\" \/>\n\t<meta name=\"twitter:data1\" content=\"Giacomo Fabbrocino\" \/>\n<script type=\"application\/ld+json\" class=\"yoast-schema-graph\">{\"@context\":\"https:\\\/\\\/schema.org\",\"@graph\":[{\"@type\":[\"Article\",\"BlogPosting\"],\"@id\":\"https:\\\/\\\/www.pigrecoemme.com\\\/blog\\\/aperte-le-selezioni-per-a-corto-di-idee-2011\\\/#article\",\"isPartOf\":{\"@id\":\"https:\\\/\\\/www.pigrecoemme.com\\\/blog\\\/aperte-le-selezioni-per-a-corto-di-idee-2011\\\/\"},\"author\":{\"name\":\"Giacomo Fabbrocino\",\"@id\":\"https:\\\/\\\/www.pigrecoemme.com\\\/blog\\\/#\\\/schema\\\/person\\\/57fa822c3d209d3a2612fd0411ae63f4\"},\"headline\":\"Aperte le selezioni per &#8220;A CORTO DI IDEE 2011&#8221;\",\"datePublished\":\"2011-01-27T12:05:09+00:00\",\"mainEntityOfPage\":{\"@id\":\"https:\\\/\\\/www.pigrecoemme.com\\\/blog\\\/aperte-le-selezioni-per-a-corto-di-idee-2011\\\/\"},\"wordCount\":88,\"commentCount\":0,\"publisher\":{\"@id\":\"https:\\\/\\\/www.pigrecoemme.com\\\/blog\\\/#organization\"},\"image\":{\"@id\":\"https:\\\/\\\/www.pigrecoemme.com\\\/blog\\\/aperte-le-selezioni-per-a-corto-di-idee-2011\\\/#primaryimage\"},\"thumbnailUrl\":\"http:\\\/\\\/www.pigrecoemme.com\\\/a-corto-di-idee\\\/a-corto-di-idee-2011-small.jpg\",\"keywords\":[\"a corto di idee\",\"corti\",\"cortometraggi\",\"maiori\",\"rassegna di cortometraggi\"],\"articleSection\":[\"Eventi\",\"Generale\"],\"inLanguage\":\"it-IT\",\"potentialAction\":[{\"@type\":\"CommentAction\",\"name\":\"Comment\",\"target\":[\"https:\\\/\\\/www.pigrecoemme.com\\\/blog\\\/aperte-le-selezioni-per-a-corto-di-idee-2011\\\/#respond\"]}]},{\"@type\":\"WebPage\",\"@id\":\"https:\\\/\\\/www.pigrecoemme.com\\\/blog\\\/aperte-le-selezioni-per-a-corto-di-idee-2011\\\/\",\"url\":\"https:\\\/\\\/www.pigrecoemme.com\\\/blog\\\/aperte-le-selezioni-per-a-corto-di-idee-2011\\\/\",\"name\":\"Aperte le selezioni per \\\"A CORTO DI IDEE 2011\\\"\",\"isPartOf\":{\"@id\":\"https:\\\/\\\/www.pigrecoemme.com\\\/blog\\\/#website\"},\"primaryImageOfPage\":{\"@id\":\"https:\\\/\\\/www.pigrecoemme.com\\\/blog\\\/aperte-le-selezioni-per-a-corto-di-idee-2011\\\/#primaryimage\"},\"image\":{\"@id\":\"https:\\\/\\\/www.pigrecoemme.com\\\/blog\\\/aperte-le-selezioni-per-a-corto-di-idee-2011\\\/#primaryimage\"},\"thumbnailUrl\":\"http:\\\/\\\/www.pigrecoemme.com\\\/a-corto-di-idee\\\/a-corto-di-idee-2011-small.jpg\",\"datePublished\":\"2011-01-27T12:05:09+00:00\",\"breadcrumb\":{\"@id\":\"https:\\\/\\\/www.pigrecoemme.com\\\/blog\\\/aperte-le-selezioni-per-a-corto-di-idee-2011\\\/#breadcrumb\"},\"inLanguage\":\"it-IT\",\"potentialAction\":[{\"@type\":\"ReadAction\",\"target\":[\"https:\\\/\\\/www.pigrecoemme.com\\\/blog\\\/aperte-le-selezioni-per-a-corto-di-idee-2011\\\/\"]}]},{\"@type\":\"ImageObject\",\"inLanguage\":\"it-IT\",\"@id\":\"https:\\\/\\\/www.pigrecoemme.com\\\/blog\\\/aperte-le-selezioni-per-a-corto-di-idee-2011\\\/#primaryimage\",\"url\":\"http:\\\/\\\/www.pigrecoemme.com\\\/a-corto-di-idee\\\/a-corto-di-idee-2011-small.jpg\",\"contentUrl\":\"http:\\\/\\\/www.pigrecoemme.com\\\/a-corto-di-idee\\\/a-corto-di-idee-2011-small.jpg\"},{\"@type\":\"BreadcrumbList\",\"@id\":\"https:\\\/\\\/www.pigrecoemme.com\\\/blog\\\/aperte-le-selezioni-per-a-corto-di-idee-2011\\\/#breadcrumb\",\"itemListElement\":[{\"@type\":\"ListItem\",\"position\":1,\"name\":\"Home\",\"item\":\"https:\\\/\\\/www.pigrecoemme.com\\\/blog\\\/\"},{\"@type\":\"ListItem\",\"position\":2,\"name\":\"Aperte le selezioni per &#8220;A CORTO DI IDEE 2011&#8221;\"}]},{\"@type\":\"WebSite\",\"@id\":\"https:\\\/\\\/www.pigrecoemme.com\\\/blog\\\/#website\",\"url\":\"https:\\\/\\\/www.pigrecoemme.com\\\/blog\\\/\",\"name\":\"Scuola di Cinema Pigrecoemme - Blog\",\"description\":\"Siamo la prima Scuola di Cinema e Fotografia di Napoli\",\"publisher\":{\"@id\":\"https:\\\/\\\/www.pigrecoemme.com\\\/blog\\\/#organization\"},\"potentialAction\":[{\"@type\":\"SearchAction\",\"target\":{\"@type\":\"EntryPoint\",\"urlTemplate\":\"https:\\\/\\\/www.pigrecoemme.com\\\/blog\\\/?s={search_term_string}\"},\"query-input\":{\"@type\":\"PropertyValueSpecification\",\"valueRequired\":true,\"valueName\":\"search_term_string\"}}],\"inLanguage\":\"it-IT\"},{\"@type\":\"Organization\",\"@id\":\"https:\\\/\\\/www.pigrecoemme.com\\\/blog\\\/#organization\",\"name\":\"Scuola di cinema e fotografia Pigrecoemme\",\"url\":\"https:\\\/\\\/www.pigrecoemme.com\\\/blog\\\/\",\"logo\":{\"@type\":\"ImageObject\",\"inLanguage\":\"it-IT\",\"@id\":\"https:\\\/\\\/www.pigrecoemme.com\\\/blog\\\/#\\\/schema\\\/logo\\\/image\\\/\",\"url\":\"https:\\\/\\\/i0.wp.com\\\/www.pigrecoemme.com\\\/blog\\\/wp-content\\\/uploads\\\/2018\\\/06\\\/logo-pigrecoemme-2018.png?fit=500%2C500&ssl=1\",\"contentUrl\":\"https:\\\/\\\/i0.wp.com\\\/www.pigrecoemme.com\\\/blog\\\/wp-content\\\/uploads\\\/2018\\\/06\\\/logo-pigrecoemme-2018.png?fit=500%2C500&ssl=1\",\"width\":500,\"height\":500,\"caption\":\"Scuola di cinema e fotografia Pigrecoemme\"},\"image\":{\"@id\":\"https:\\\/\\\/www.pigrecoemme.com\\\/blog\\\/#\\\/schema\\\/logo\\\/image\\\/\"},\"sameAs\":[\"https:\\\/\\\/www.facebook.com\\\/pigrecoemme\",\"https:\\\/\\\/x.com\\\/Pigrecoemme\",\"https:\\\/\\\/www.instagram.com\\\/pigrecoemme\\\/\",\"https:\\\/\\\/www.linkedin.com\\\/company\\\/pigrecoemme\\\/\",\"https:\\\/\\\/www.youtube.com\\\/pigrecoemme\"]},{\"@type\":\"Person\",\"@id\":\"https:\\\/\\\/www.pigrecoemme.com\\\/blog\\\/#\\\/schema\\\/person\\\/57fa822c3d209d3a2612fd0411ae63f4\",\"name\":\"Giacomo Fabbrocino\",\"image\":{\"@type\":\"ImageObject\",\"inLanguage\":\"it-IT\",\"@id\":\"https:\\\/\\\/secure.gravatar.com\\\/avatar\\\/0e4dfd4d05c06a03fffaffeb36fb181415ba11b91a6b566fa2e8ada75927db32?s=96&r=g\",\"url\":\"https:\\\/\\\/secure.gravatar.com\\\/avatar\\\/0e4dfd4d05c06a03fffaffeb36fb181415ba11b91a6b566fa2e8ada75927db32?s=96&r=g\",\"contentUrl\":\"https:\\\/\\\/secure.gravatar.com\\\/avatar\\\/0e4dfd4d05c06a03fffaffeb36fb181415ba11b91a6b566fa2e8ada75927db32?s=96&r=g\",\"caption\":\"Giacomo Fabbrocino\"},\"description\":\"Montatore cinematografico, autore di documentari sull'arte e di video d'artista, Giacomo \u00e8 responsabile della didattica e della comunicazione web della Scuola di Cinema, Fotografia e Televisione Pigrecoemme di Napoli.\",\"sameAs\":[\"http:\\\/\\\/www.pigrecoemme.com\\\/\",\"https:\\\/\\\/www.facebook.com\\\/giacomo.fabbrocino\"],\"url\":\"https:\\\/\\\/www.pigrecoemme.com\\\/blog\\\/author\\\/giacomo-fabbrocino\\\/\"}]}<\/script>\n<!-- \/ Yoast SEO plugin. -->","yoast_head_json":{"title":"Aperte le selezioni per \"A CORTO DI IDEE 2011\"","robots":{"index":"index","follow":"follow","max-snippet":"max-snippet:-1","max-image-preview":"max-image-preview:large","max-video-preview":"max-video-preview:-1"},"canonical":"https:\/\/www.pigrecoemme.com\/blog\/aperte-le-selezioni-per-a-corto-di-idee-2011\/","og_locale":"it_IT","og_type":"article","og_title":"Aperte le selezioni per \"A CORTO DI IDEE 2011\"","og_description":"L&#8217;associazione culturale senza scopo di lucro \u201cHappy Hours\u201d, organizza la 4\u00b0 edizione della Rassegna di cortometraggi &#8220;A CORTO di idee&#8221;. Anche quest&#8217;anno la Scuola di Cinema Pigrecoemme assegner\u00e0 il premio della critica. La rassegna&hellip;","og_url":"https:\/\/www.pigrecoemme.com\/blog\/aperte-le-selezioni-per-a-corto-di-idee-2011\/","og_site_name":"Scuola di Cinema Pigrecoemme - Blog","article_publisher":"https:\/\/www.facebook.com\/pigrecoemme","article_author":"https:\/\/www.facebook.com\/giacomo.fabbrocino","article_published_time":"2011-01-27T12:05:09+00:00","og_image":[{"url":"http:\/\/www.pigrecoemme.com\/a-corto-di-idee\/a-corto-di-idee-2011-small.jpg","type":"","width":"","height":""}],"author":"Giacomo Fabbrocino","twitter_card":"summary_large_image","twitter_creator":"@Pigrecoemme","twitter_site":"@Pigrecoemme","twitter_misc":{"Scritto da":"Giacomo Fabbrocino"},"schema":{"@context":"https:\/\/schema.org","@graph":[{"@type":["Article","BlogPosting"],"@id":"https:\/\/www.pigrecoemme.com\/blog\/aperte-le-selezioni-per-a-corto-di-idee-2011\/#article","isPartOf":{"@id":"https:\/\/www.pigrecoemme.com\/blog\/aperte-le-selezioni-per-a-corto-di-idee-2011\/"},"author":{"name":"Giacomo Fabbrocino","@id":"https:\/\/www.pigrecoemme.com\/blog\/#\/schema\/person\/57fa822c3d209d3a2612fd0411ae63f4"},"headline":"Aperte le selezioni per &#8220;A CORTO DI IDEE 2011&#8221;","datePublished":"2011-01-27T12:05:09+00:00","mainEntityOfPage":{"@id":"https:\/\/www.pigrecoemme.com\/blog\/aperte-le-selezioni-per-a-corto-di-idee-2011\/"},"wordCount":88,"commentCount":0,"publisher":{"@id":"https:\/\/www.pigrecoemme.com\/blog\/#organization"},"image":{"@id":"https:\/\/www.pigrecoemme.com\/blog\/aperte-le-selezioni-per-a-corto-di-idee-2011\/#primaryimage"},"thumbnailUrl":"http:\/\/www.pigrecoemme.com\/a-corto-di-idee\/a-corto-di-idee-2011-small.jpg","keywords":["a corto di idee","corti","cortometraggi","maiori","rassegna di cortometraggi"],"articleSection":["Eventi","Generale"],"inLanguage":"it-IT","potentialAction":[{"@type":"CommentAction","name":"Comment","target":["https:\/\/www.pigrecoemme.com\/blog\/aperte-le-selezioni-per-a-corto-di-idee-2011\/#respond"]}]},{"@type":"WebPage","@id":"https:\/\/www.pigrecoemme.com\/blog\/aperte-le-selezioni-per-a-corto-di-idee-2011\/","url":"https:\/\/www.pigrecoemme.com\/blog\/aperte-le-selezioni-per-a-corto-di-idee-2011\/","name":"Aperte le selezioni per \"A CORTO DI IDEE 2011\"","isPartOf":{"@id":"https:\/\/www.pigrecoemme.com\/blog\/#website"},"primaryImageOfPage":{"@id":"https:\/\/www.pigrecoemme.com\/blog\/aperte-le-selezioni-per-a-corto-di-idee-2011\/#primaryimage"},"image":{"@id":"https:\/\/www.pigrecoemme.com\/blog\/aperte-le-selezioni-per-a-corto-di-idee-2011\/#primaryimage"},"thumbnailUrl":"http:\/\/www.pigrecoemme.com\/a-corto-di-idee\/a-corto-di-idee-2011-small.jpg","datePublished":"2011-01-27T12:05:09+00:00","breadcrumb":{"@id":"https:\/\/www.pigrecoemme.com\/blog\/aperte-le-selezioni-per-a-corto-di-idee-2011\/#breadcrumb"},"inLanguage":"it-IT","potentialAction":[{"@type":"ReadAction","target":["https:\/\/www.pigrecoemme.com\/blog\/aperte-le-selezioni-per-a-corto-di-idee-2011\/"]}]},{"@type":"ImageObject","inLanguage":"it-IT","@id":"https:\/\/www.pigrecoemme.com\/blog\/aperte-le-selezioni-per-a-corto-di-idee-2011\/#primaryimage","url":"http:\/\/www.pigrecoemme.com\/a-corto-di-idee\/a-corto-di-idee-2011-small.jpg","contentUrl":"http:\/\/www.pigrecoemme.com\/a-corto-di-idee\/a-corto-di-idee-2011-small.jpg"},{"@type":"BreadcrumbList","@id":"https:\/\/www.pigrecoemme.com\/blog\/aperte-le-selezioni-per-a-corto-di-idee-2011\/#breadcrumb","itemListElement":[{"@type":"ListItem","position":1,"name":"Home","item":"https:\/\/www.pigrecoemme.com\/blog\/"},{"@type":"ListItem","position":2,"name":"Aperte le selezioni per &#8220;A CORTO DI IDEE 2011&#8221;"}]},{"@type":"WebSite","@id":"https:\/\/www.pigrecoemme.com\/blog\/#website","url":"https:\/\/www.pigrecoemme.com\/blog\/","name":"Scuola di Cinema Pigrecoemme - Blog","description":"Siamo la prima Scuola di Cinema e Fotografia di Napoli","publisher":{"@id":"https:\/\/www.pigrecoemme.com\/blog\/#organization"},"potentialAction":[{"@type":"SearchAction","target":{"@type":"EntryPoint","urlTemplate":"https:\/\/www.pigrecoemme.com\/blog\/?s={search_term_string}"},"query-input":{"@type":"PropertyValueSpecification","valueRequired":true,"valueName":"search_term_string"}}],"inLanguage":"it-IT"},{"@type":"Organization","@id":"https:\/\/www.pigrecoemme.com\/blog\/#organization","name":"Scuola di cinema e fotografia Pigrecoemme","url":"https:\/\/www.pigrecoemme.com\/blog\/","logo":{"@type":"ImageObject","inLanguage":"it-IT","@id":"https:\/\/www.pigrecoemme.com\/blog\/#\/schema\/logo\/image\/","url":"https:\/\/i0.wp.com\/www.pigrecoemme.com\/blog\/wp-content\/uploads\/2018\/06\/logo-pigrecoemme-2018.png?fit=500%2C500&ssl=1","contentUrl":"https:\/\/i0.wp.com\/www.pigrecoemme.com\/blog\/wp-content\/uploads\/2018\/06\/logo-pigrecoemme-2018.png?fit=500%2C500&ssl=1","width":500,"height":500,"caption":"Scuola di cinema e fotografia Pigrecoemme"},"image":{"@id":"https:\/\/www.pigrecoemme.com\/blog\/#\/schema\/logo\/image\/"},"sameAs":["https:\/\/www.facebook.com\/pigrecoemme","https:\/\/x.com\/Pigrecoemme","https:\/\/www.instagram.com\/pigrecoemme\/","https:\/\/www.linkedin.com\/company\/pigrecoemme\/","https:\/\/www.youtube.com\/pigrecoemme"]},{"@type":"Person","@id":"https:\/\/www.pigrecoemme.com\/blog\/#\/schema\/person\/57fa822c3d209d3a2612fd0411ae63f4","name":"Giacomo Fabbrocino","image":{"@type":"ImageObject","inLanguage":"it-IT","@id":"https:\/\/secure.gravatar.com\/avatar\/0e4dfd4d05c06a03fffaffeb36fb181415ba11b91a6b566fa2e8ada75927db32?s=96&r=g","url":"https:\/\/secure.gravatar.com\/avatar\/0e4dfd4d05c06a03fffaffeb36fb181415ba11b91a6b566fa2e8ada75927db32?s=96&r=g","contentUrl":"https:\/\/secure.gravatar.com\/avatar\/0e4dfd4d05c06a03fffaffeb36fb181415ba11b91a6b566fa2e8ada75927db32?s=96&r=g","caption":"Giacomo Fabbrocino"},"description":"Montatore cinematografico, autore di documentari sull'arte e di video d'artista, Giacomo \u00e8 responsabile della didattica e della comunicazione web della Scuola di Cinema, Fotografia e Televisione Pigrecoemme di Napoli.","sameAs":["http:\/\/www.pigrecoemme.com\/","https:\/\/www.facebook.com\/giacomo.fabbrocino"],"url":"https:\/\/www.pigrecoemme.com\/blog\/author\/giacomo-fabbrocino\/"}]}},"jetpack_sharing_enabled":true,"jetpack_likes_enabled":true,"jetpack-related-posts":[{"id":133,"url":"https:\/\/www.pigrecoemme.com\/blog\/a-corto-di-idee\/","url_meta":{"origin":333,"position":0},"title":"A corto di Idee","author":"Giacomo Fabbrocino","date":"5 Marzo 2009","format":false,"excerpt":"16-17 maggio 2009 - Seconda rassegna di cortometraggi indipendenti. Maiori (SA), Hotel Pietra di Luna, Sala Congressi. Scadenza del bando: 27 aprile 2009 Per informazioni: associazionehappyhours@gmail.com Scarica il bando Scarica l'entry form L'associazione culturale senza scopo di lucro \u201cHappy Hours\u201d, organizza la 2\u00b0 edizione della Rassegna \"A CORTO di idee\".\u2026","rel":"","context":"In &quot;Eventi&quot;","block_context":{"text":"Eventi","link":"https:\/\/www.pigrecoemme.com\/blog\/eventi\/"},"img":{"alt_text":"","src":"https:\/\/i0.wp.com\/www.pigrecoemme.com\/a-corto-di-idee\/a-corto-di-idee-2009.jpg?resize=350%2C200","width":350,"height":200},"classes":[]},{"id":148,"url":"https:\/\/www.pigrecoemme.com\/blog\/a-corto-di-idee-il-premio-facebook\/","url_meta":{"origin":333,"position":1},"title":"A corto di idee, il premio Facebook","author":"Giacomo Fabbrocino","date":"7 Maggio 2009","format":false,"excerpt":"Da domani oggi, venerd\u00ec 8 maggio, il player qui sotto trasmetter\u00e0 alcuni dei corti dell'edizione 2009 di A Corto di Idee. Questi sono i partecipanti al premio Facebook, per il quale potrete votare (se siete iscritti a Facebook) all'indirizzo che vi daremo domattina, da oggi fino al 14 maggio alle\u2026","rel":"","context":"In &quot;Eventi&quot;","block_context":{"text":"Eventi","link":"https:\/\/www.pigrecoemme.com\/blog\/eventi\/"},"img":{"alt_text":"","src":"","width":0,"height":0},"classes":[]},{"id":32,"url":"https:\/\/www.pigrecoemme.com\/blog\/o-curt-x-edizione-del-festival-del-cortometraggio\/","url_meta":{"origin":333,"position":2},"title":"&#8216;O Curt &#8211; X edizione del festival del cortometraggio","author":"Giacomo Fabbrocino","date":"4 Febbraio 2008","format":false,"excerpt":"Dal 6 al 9 febbraio a Napoli si rinnova l\u2019appuntamento con \u2019O CURT Festival del cortometraggio, che quest\u2019anno giunge al prestigioso traguardo della decima edizione. La rassegna, a cura della Mediateca S. Sofia dell\u2019Assessorato alle Politiche giovanili - Servizio Giovani in collaborazione con La Scuola di Cinema e Televisione Pigrecoemme\u2026","rel":"","context":"In &quot;Eventi&quot;","block_context":{"text":"Eventi","link":"https:\/\/www.pigrecoemme.com\/blog\/eventi\/"},"img":{"alt_text":"","src":"","width":0,"height":0},"classes":[]},{"id":49,"url":"https:\/\/www.pigrecoemme.com\/blog\/decalogo-per-aspiranti-autori-di-cortometraggi\/","url_meta":{"origin":333,"position":3},"title":"Decalogo per aspiranti autori di cortometraggi","author":"Giacomo Fabbrocino","date":"12 Aprile 2008","format":false,"excerpt":"Vuoi girare un cortometraggio che inizia con il dettaglio di una sigaretta, ritratta proprio nel doloroso istante in cui viene accesa? Vuoi metterci anche un dettaglio di una caffettiera da cui esce, saporoso e corroborante, il caff\u00e8, con quel suo bel effetto sonoro? Vuoi anche metterci una mezza scena di\u2026","rel":"","context":"In &quot;Generale&quot;","block_context":{"text":"Generale","link":"https:\/\/www.pigrecoemme.com\/blog\/generale\/"},"img":{"alt_text":"","src":"","width":0,"height":0},"classes":[]},{"id":63,"url":"https:\/\/www.pigrecoemme.com\/blog\/piccole-soddisfazioni-festivaliere\/","url_meta":{"origin":333,"position":4},"title":"Piccole soddisfazioni festivaliere","author":"Giacomo Fabbrocino","date":"16 Giugno 2008","format":false,"excerpt":"Ecco cosa scrive Domenico Spena di Campaniasuweb.it a proposito di Filmuto Quest\u2019anno anche la categoria dedicata ai cortometraggi di Schermo Napoli, organizzata nell\u2019ambito del NapoliFilmFestival, ha messo in mostra lavori dal livello davvero buono. Fra i soggetti presentati ce n\u2019\u00e8 per tutti i gusti: drammi, commedie, horror, gangster movie, denuncia\u2026","rel":"","context":"In &quot;Produzioni&quot;","block_context":{"text":"Produzioni","link":"https:\/\/www.pigrecoemme.com\/blog\/produzioni\/"},"img":{"alt_text":"","src":"","width":0,"height":0},"classes":[]},{"id":314,"url":"https:\/\/www.pigrecoemme.com\/blog\/the-others-su-gt-channel-la-scuola-di-cinema-e-televisione-pigrecoemme-in-tv\/","url_meta":{"origin":333,"position":5},"title":"The Others su GT Channel. La Scuola di cinema e televisione Pigrecoemme in TV","author":"Rosario Gallone","date":"14 Dicembre 2010","format":false,"excerpt":"The Others, la rivista di approfondimento critico della Scuola di cinema e televisione Pigrecoemme di Napoli, arriva, con un programma di approfondimento cinematografico, in TV. Su GT Channel.","rel":"","context":"In &quot;Eventi&quot;","block_context":{"text":"Eventi","link":"https:\/\/www.pigrecoemme.com\/blog\/eventi\/"},"img":{"alt_text":"","src":"https:\/\/i0.wp.com\/www.pigrecoemme.com\/blog\/wp-content\/uploads\/2010\/12\/the-others-gt-channel.jpg?resize=350%2C200&ssl=1","width":350,"height":200},"classes":[]}],"jetpack_featured_media_url":"","_links":{"self":[{"href":"https:\/\/www.pigrecoemme.com\/blog\/wp-json\/wp\/v2\/posts\/333","targetHints":{"allow":["GET"]}}],"collection":[{"href":"https:\/\/www.pigrecoemme.com\/blog\/wp-json\/wp\/v2\/posts"}],"about":[{"href":"https:\/\/www.pigrecoemme.com\/blog\/wp-json\/wp\/v2\/types\/post"}],"author":[{"embeddable":true,"href":"https:\/\/www.pigrecoemme.com\/blog\/wp-json\/wp\/v2\/users\/1"}],"replies":[{"embeddable":true,"href":"https:\/\/www.pigrecoemme.com\/blog\/wp-json\/wp\/v2\/comments?post=333"}],"version-history":[{"count":0,"href":"https:\/\/www.pigrecoemme.com\/blog\/wp-json\/wp\/v2\/posts\/333\/revisions"}],"wp:attachment":[{"href":"https:\/\/www.pigrecoemme.com\/blog\/wp-json\/wp\/v2\/media?parent=333"}],"wp:term":[{"taxonomy":"category","embeddable":true,"href":"https:\/\/www.pigrecoemme.com\/blog\/wp-json\/wp\/v2\/categories?post=333"},{"taxonomy":"post_tag","embeddable":true,"href":"https:\/\/www.pigrecoemme.com\/blog\/wp-json\/wp\/v2\/tags?post=333"}],"curies":[{"name":"wp","href":"https:\/\/api.w.org\/{rel}","templated":true}]}}