{"id":33,"date":"2008-02-10T15:26:39","date_gmt":"2008-02-10T13:26:39","guid":{"rendered":"http:\/\/www.pigrecoemme.com\/blog\/grande-successo-al-grenoble-ieri-per-o-curt\/"},"modified":"2015-01-09T00:52:22","modified_gmt":"2015-01-08T23:52:22","slug":"grande-successo-al-grenoble-ieri-per-o-curt","status":"publish","type":"post","link":"https:\/\/www.pigrecoemme.com\/blog\/grande-successo-al-grenoble-ieri-per-o-curt\/","title":{"rendered":"Grande successo al Grenoble ieri  per &#8216;O CURT"},"content":{"rendered":"<p>Ok, ok, il titolo pu\u00f2 sembrare autocelebrativo e sensazionalistico, ma cosa si pu\u00f2 dire quando si attira tanto pubblico da non poterlo quasi ospitare in sala? Ieri sera, dalle 18.00 in poi sono state almeno cinquanta le persone che, pur di seguire il finale del festival, sono rimaste in piedi o accovacciate negli angoli della sala di proiezione del Grenoble (una vera e propria sala cinematografica d&#8217;altri tempi, per dimensioni ed atmosfera). E&#8217; tornato Oreste Scalzone che, dopo l&#8217;improvvisata fatta venerd\u00ec per commentare Framm e Parole, il breve documentario su di lui diretto dal videomaker napoletano Raffaele Cascone. Hanno spopolato Massimo Andrei ed il cast del suo <em>Cerasella<\/em> che hanno intrattenuto il pubblico per quasi un&#8217;ora dopo la proiezione del film. e si \u00e8 dibattuto sul tema sempre e sempre tristemente attuale delle morti sul lavoro con Maurizio Gibertini ed il suo <em>&#8216;A Flobert. <\/em><\/p>\n<p>Il concorso ha presentato, nel corso della kermesse opere di ottimo livello. Il mio cuore rimarr\u00e0 per qualche giorno e per qualche anno con il piccolo capolavoro <em>A bras le corp <\/em>(menzione speciale)<em> <\/em>della bravissima e bellissima  <a href=\"http:\/\/picasaweb.google.com\/paristoutcourt\/ParisToutCourt2007\/photo#5138580504025850626\" title=\"Katell Quill\u00e9v\u00e9r\u00e9\">Katell<\/a> <a href=\"http:\/\/picasaweb.google.com\/paristoutcourt\/ParisToutCourt2007\/photo#5138577115296652194\">Quill\u00e9v\u00e9r\u00e9<\/a>, ma ricorder\u00f2 anche il &#8220;malickiano&#8221; <em>Homo Homini Lupus<\/em> di Matteo Rovere con Filippo Timi, lo straniante e commovente <em>Save The World<\/em> (menzione speciale e premio assegnato dagli studenti della scuola di cinema Pigrecoemme e dei corsi della mediateca S. Sofia)<em> <\/em>di <a href=\"http:\/\/www.davidcasals-roma.com\/biography.html\">David Casals-Roma<\/a>, ed il sagace <em>La course nue<\/em> di Benoit Forgeard.<\/p>\n<p>Il primo premio \u00e8 stato assegnato a <em>Meridionali senza filtro<\/em> di Michele Bia,  un corto che mentre sembra voler celebrare il funerale degli stereotipi dell&#8217;italianit\u00e0 e della meridionalit\u00e0 ne fa i suoi ingredienti principali. Il premio a cura della CGIL Camera del lavoro metropolitana di Napoli ed assegnato dalla Mediateca S. Sofia al miglior film sul tema del lavoro \u00e8 andato, invece,\u00a0 a <em>Il lavoro<\/em> di Lorenzo De Nicola, che non ho potuto vedere per intero, ma che sembrava divertente.<\/p>\n<p>Da parte mia posso solo augurarmi che il festival, cos\u00ec amato dai napoletani, possa crescere grazie a chi potrebbe farlo crescere. La nostra struttura organizzativa \u00e8 ancora una volta riuscita ad ottenere il meglio che si potesse in termini di affluenza di pubblico e di attenzione mediatica, ma il settore del cortometraggio \u00e8 ormai mutato rispetto a quando, pi\u00f9 di dieci anni fa nacque &#8216;O Curt, ed ora si rende obbligatorio, a mio giudizio, rinnovare la formula, puntando su qualcosa di diverso da una lunga maratona di piccoli film.<\/p>\n<p>Chiudo questo post poco aziendale e forse troppo personale salutando prima in ordine alfabetico Alessia Apicella e Brunella Bianchi  che hanno lavorato con noi all&#8217;organizzazione del festival rendendosi indispensabili, poi la simpatica signora del Grenoble di cui ricorder\u00f2 per sempre le squisite e divertentissime disquisizioni su &#8220;Come si organizza un bouffet&#8221; e su &#8220;Come ci si rapporta al proprio barman&#8221; ed infine tutti quegli autori  che &#8220;&#8230;Questi non sono i miei colori&#8221; e che &#8220;&#8230; Questo non \u00e8 il suono come l&#8217;ho mixato io&#8221; alcuni, ma solo alcuni, dei quali avevano ragione (capita).<\/p>\n<p>P.S. Grandissimo, ma era &#8220;carta conosciuta&#8221; Ugo Gregoretti.<br \/>\nP.P.S. Ciao, <a href=\"http:\/\/www.myspace.com\/kaminakamo\">Kaminakamo<\/a>! Ciao <a href=\"http:\/\/profile.myspace.com\/index.cfm?fuseaction=user.viewprofile&amp;friendid=290907286\">Andrea<\/a>!<\/p>\n","protected":false},"excerpt":{"rendered":"<p>Ok, ok, il titolo pu\u00f2 sembrare autocelebrativo e sensazionalistico, ma cosa si pu\u00f2 dire quando si attira tanto pubblico da non poterlo quasi ospitare in sala? Ieri sera, dalle 18.00 in poi sono state&hellip;<\/p>\n","protected":false},"author":1,"featured_media":0,"comment_status":"open","ping_status":"open","sticky":false,"template":"","format":"standard","meta":{"_jetpack_newsletter_access":"","_jetpack_dont_email_post_to_subs":false,"_jetpack_newsletter_tier_id":0,"_jetpack_memberships_contains_paywalled_content":false,"_jetpack_feature_clip_id":0,"_jetpack_memberships_contains_paid_content":false,"footnotes":"","jetpack_post_was_ever_published":false},"categories":[11,1],"tags":[84,42,85,91,89,90,77,58,1280,28],"class_list":["post-33","post","type-post","status-publish","format-standard","hentry","category-eventi","category-generale","tag-o-curt","tag-cortometraggi","tag-festival","tag-filippo-timi","tag-grenoble","tag-katell-quillevere","tag-napoli","tag-pigrecoemme","tag-scuola-di-cinema","tag-ugo-gregoretti"],"yoast_head":"<!-- This site is optimized with the Yoast SEO plugin v28.3 - https:\/\/yoast.com\/product\/yoast-seo-wordpress\/ -->\n<title>Grande successo al Grenoble ieri per &#039;O CURT<\/title>\n<meta name=\"robots\" content=\"index, follow, max-snippet:-1, max-image-preview:large, max-video-preview:-1\" \/>\n<link rel=\"canonical\" href=\"https:\/\/www.pigrecoemme.com\/blog\/grande-successo-al-grenoble-ieri-per-o-curt\/\" \/>\n<meta property=\"og:locale\" content=\"it_IT\" \/>\n<meta property=\"og:type\" content=\"article\" \/>\n<meta property=\"og:title\" content=\"Grande successo al Grenoble ieri per &#039;O CURT\" \/>\n<meta property=\"og:description\" content=\"Ok, ok, il titolo pu\u00f2 sembrare autocelebrativo e sensazionalistico, ma cosa si pu\u00f2 dire quando si attira tanto pubblico da non poterlo quasi ospitare in sala? Ieri sera, dalle 18.00 in poi sono state almeno cinquanta le persone che, pur &hellip; Continue reading &rarr;\" \/>\n<meta property=\"og:url\" content=\"https:\/\/www.pigrecoemme.com\/blog\/grande-successo-al-grenoble-ieri-per-o-curt\/\" \/>\n<meta property=\"og:site_name\" content=\"Scuola di Cinema Pigrecoemme - Blog\" \/>\n<meta property=\"article:publisher\" content=\"https:\/\/www.facebook.com\/pigrecoemme\" \/>\n<meta property=\"article:author\" content=\"https:\/\/www.facebook.com\/giacomo.fabbrocino\" \/>\n<meta property=\"article:published_time\" content=\"2008-02-10T13:26:39+00:00\" \/>\n<meta property=\"article:modified_time\" content=\"2015-01-08T23:52:22+00:00\" \/>\n<meta property=\"og:image\" content=\"https:\/\/i0.wp.com\/www.pigrecoemme.com\/blog\/wp-content\/uploads\/2014\/11\/pigrecoemme-test1.jpg?fit=484%2C252&ssl=1\" \/>\n\t<meta property=\"og:image:width\" content=\"484\" \/>\n\t<meta property=\"og:image:height\" content=\"252\" \/>\n\t<meta property=\"og:image:type\" content=\"image\/jpeg\" \/>\n<meta name=\"author\" content=\"Giacomo Fabbrocino\" \/>\n<meta name=\"twitter:card\" content=\"summary_large_image\" \/>\n<meta name=\"twitter:creator\" content=\"@Pigrecoemme\" \/>\n<meta name=\"twitter:site\" content=\"@Pigrecoemme\" \/>\n<meta name=\"twitter:label1\" content=\"Scritto da\" \/>\n\t<meta name=\"twitter:data1\" content=\"Giacomo Fabbrocino\" \/>\n\t<meta name=\"twitter:label2\" content=\"Tempo di lettura stimato\" \/>\n\t<meta name=\"twitter:data2\" content=\"3 minuti\" \/>\n<script type=\"application\/ld+json\" class=\"yoast-schema-graph\">{\"@context\":\"https:\\\/\\\/schema.org\",\"@graph\":[{\"@type\":[\"Article\",\"BlogPosting\"],\"@id\":\"https:\\\/\\\/www.pigrecoemme.com\\\/blog\\\/grande-successo-al-grenoble-ieri-per-o-curt\\\/#article\",\"isPartOf\":{\"@id\":\"https:\\\/\\\/www.pigrecoemme.com\\\/blog\\\/grande-successo-al-grenoble-ieri-per-o-curt\\\/\"},\"author\":{\"name\":\"Giacomo Fabbrocino\",\"@id\":\"https:\\\/\\\/www.pigrecoemme.com\\\/blog\\\/#\\\/schema\\\/person\\\/57fa822c3d209d3a2612fd0411ae63f4\"},\"headline\":\"Grande successo al Grenoble ieri per &#8216;O CURT\",\"datePublished\":\"2008-02-10T13:26:39+00:00\",\"dateModified\":\"2015-01-08T23:52:22+00:00\",\"mainEntityOfPage\":{\"@id\":\"https:\\\/\\\/www.pigrecoemme.com\\\/blog\\\/grande-successo-al-grenoble-ieri-per-o-curt\\\/\"},\"wordCount\":521,\"commentCount\":6,\"publisher\":{\"@id\":\"https:\\\/\\\/www.pigrecoemme.com\\\/blog\\\/#organization\"},\"keywords\":[\"'o curt\",\"cortometraggi\",\"festival\",\"Filippo Timi\",\"grenoble\",\"Katell Quill\u00e9v\u00e9r\u00e9\",\"napoli\",\"pigrecoemme\",\"Scuola di cinema\",\"ugo gregoretti\"],\"articleSection\":[\"Eventi\",\"Generale\"],\"inLanguage\":\"it-IT\",\"potentialAction\":[{\"@type\":\"CommentAction\",\"name\":\"Comment\",\"target\":[\"https:\\\/\\\/www.pigrecoemme.com\\\/blog\\\/grande-successo-al-grenoble-ieri-per-o-curt\\\/#respond\"]}]},{\"@type\":\"WebPage\",\"@id\":\"https:\\\/\\\/www.pigrecoemme.com\\\/blog\\\/grande-successo-al-grenoble-ieri-per-o-curt\\\/\",\"url\":\"https:\\\/\\\/www.pigrecoemme.com\\\/blog\\\/grande-successo-al-grenoble-ieri-per-o-curt\\\/\",\"name\":\"Grande successo al Grenoble ieri per 'O CURT\",\"isPartOf\":{\"@id\":\"https:\\\/\\\/www.pigrecoemme.com\\\/blog\\\/#website\"},\"datePublished\":\"2008-02-10T13:26:39+00:00\",\"dateModified\":\"2015-01-08T23:52:22+00:00\",\"breadcrumb\":{\"@id\":\"https:\\\/\\\/www.pigrecoemme.com\\\/blog\\\/grande-successo-al-grenoble-ieri-per-o-curt\\\/#breadcrumb\"},\"inLanguage\":\"it-IT\",\"potentialAction\":[{\"@type\":\"ReadAction\",\"target\":[\"https:\\\/\\\/www.pigrecoemme.com\\\/blog\\\/grande-successo-al-grenoble-ieri-per-o-curt\\\/\"]}]},{\"@type\":\"BreadcrumbList\",\"@id\":\"https:\\\/\\\/www.pigrecoemme.com\\\/blog\\\/grande-successo-al-grenoble-ieri-per-o-curt\\\/#breadcrumb\",\"itemListElement\":[{\"@type\":\"ListItem\",\"position\":1,\"name\":\"Home\",\"item\":\"https:\\\/\\\/www.pigrecoemme.com\\\/blog\\\/\"},{\"@type\":\"ListItem\",\"position\":2,\"name\":\"Grande successo al Grenoble ieri per &#8216;O CURT\"}]},{\"@type\":\"WebSite\",\"@id\":\"https:\\\/\\\/www.pigrecoemme.com\\\/blog\\\/#website\",\"url\":\"https:\\\/\\\/www.pigrecoemme.com\\\/blog\\\/\",\"name\":\"Scuola di Cinema Pigrecoemme - Blog\",\"description\":\"Siamo la prima Scuola di Cinema e Fotografia di Napoli\",\"publisher\":{\"@id\":\"https:\\\/\\\/www.pigrecoemme.com\\\/blog\\\/#organization\"},\"potentialAction\":[{\"@type\":\"SearchAction\",\"target\":{\"@type\":\"EntryPoint\",\"urlTemplate\":\"https:\\\/\\\/www.pigrecoemme.com\\\/blog\\\/?s={search_term_string}\"},\"query-input\":{\"@type\":\"PropertyValueSpecification\",\"valueRequired\":true,\"valueName\":\"search_term_string\"}}],\"inLanguage\":\"it-IT\"},{\"@type\":\"Organization\",\"@id\":\"https:\\\/\\\/www.pigrecoemme.com\\\/blog\\\/#organization\",\"name\":\"Scuola di cinema e fotografia Pigrecoemme\",\"url\":\"https:\\\/\\\/www.pigrecoemme.com\\\/blog\\\/\",\"logo\":{\"@type\":\"ImageObject\",\"inLanguage\":\"it-IT\",\"@id\":\"https:\\\/\\\/www.pigrecoemme.com\\\/blog\\\/#\\\/schema\\\/logo\\\/image\\\/\",\"url\":\"https:\\\/\\\/i0.wp.com\\\/www.pigrecoemme.com\\\/blog\\\/wp-content\\\/uploads\\\/2018\\\/06\\\/logo-pigrecoemme-2018.png?fit=500%2C500&ssl=1\",\"contentUrl\":\"https:\\\/\\\/i0.wp.com\\\/www.pigrecoemme.com\\\/blog\\\/wp-content\\\/uploads\\\/2018\\\/06\\\/logo-pigrecoemme-2018.png?fit=500%2C500&ssl=1\",\"width\":500,\"height\":500,\"caption\":\"Scuola di cinema e fotografia Pigrecoemme\"},\"image\":{\"@id\":\"https:\\\/\\\/www.pigrecoemme.com\\\/blog\\\/#\\\/schema\\\/logo\\\/image\\\/\"},\"sameAs\":[\"https:\\\/\\\/www.facebook.com\\\/pigrecoemme\",\"https:\\\/\\\/x.com\\\/Pigrecoemme\",\"https:\\\/\\\/www.instagram.com\\\/pigrecoemme\\\/\",\"https:\\\/\\\/www.linkedin.com\\\/company\\\/pigrecoemme\\\/\",\"https:\\\/\\\/www.youtube.com\\\/pigrecoemme\"]},{\"@type\":\"Person\",\"@id\":\"https:\\\/\\\/www.pigrecoemme.com\\\/blog\\\/#\\\/schema\\\/person\\\/57fa822c3d209d3a2612fd0411ae63f4\",\"name\":\"Giacomo Fabbrocino\",\"image\":{\"@type\":\"ImageObject\",\"inLanguage\":\"it-IT\",\"@id\":\"https:\\\/\\\/secure.gravatar.com\\\/avatar\\\/0e4dfd4d05c06a03fffaffeb36fb181415ba11b91a6b566fa2e8ada75927db32?s=96&r=g\",\"url\":\"https:\\\/\\\/secure.gravatar.com\\\/avatar\\\/0e4dfd4d05c06a03fffaffeb36fb181415ba11b91a6b566fa2e8ada75927db32?s=96&r=g\",\"contentUrl\":\"https:\\\/\\\/secure.gravatar.com\\\/avatar\\\/0e4dfd4d05c06a03fffaffeb36fb181415ba11b91a6b566fa2e8ada75927db32?s=96&r=g\",\"caption\":\"Giacomo Fabbrocino\"},\"description\":\"Montatore cinematografico, autore di documentari sull'arte e di video d'artista, Giacomo \u00e8 responsabile della didattica e della comunicazione web della Scuola di Cinema, Fotografia e Televisione Pigrecoemme di Napoli.\",\"sameAs\":[\"http:\\\/\\\/www.pigrecoemme.com\\\/\",\"https:\\\/\\\/www.facebook.com\\\/giacomo.fabbrocino\"],\"url\":\"https:\\\/\\\/www.pigrecoemme.com\\\/blog\\\/author\\\/giacomo-fabbrocino\\\/\"}]}<\/script>\n<!-- \/ Yoast SEO plugin. -->","yoast_head_json":{"title":"Grande successo al Grenoble ieri per 'O CURT","robots":{"index":"index","follow":"follow","max-snippet":"max-snippet:-1","max-image-preview":"max-image-preview:large","max-video-preview":"max-video-preview:-1"},"canonical":"https:\/\/www.pigrecoemme.com\/blog\/grande-successo-al-grenoble-ieri-per-o-curt\/","og_locale":"it_IT","og_type":"article","og_title":"Grande successo al Grenoble ieri per 'O CURT","og_description":"Ok, ok, il titolo pu\u00f2 sembrare autocelebrativo e sensazionalistico, ma cosa si pu\u00f2 dire quando si attira tanto pubblico da non poterlo quasi ospitare in sala? Ieri sera, dalle 18.00 in poi sono state almeno cinquanta le persone che, pur &hellip; Continue reading &rarr;","og_url":"https:\/\/www.pigrecoemme.com\/blog\/grande-successo-al-grenoble-ieri-per-o-curt\/","og_site_name":"Scuola di Cinema Pigrecoemme - Blog","article_publisher":"https:\/\/www.facebook.com\/pigrecoemme","article_author":"https:\/\/www.facebook.com\/giacomo.fabbrocino","article_published_time":"2008-02-10T13:26:39+00:00","article_modified_time":"2015-01-08T23:52:22+00:00","og_image":[{"width":484,"height":252,"url":"https:\/\/i0.wp.com\/www.pigrecoemme.com\/blog\/wp-content\/uploads\/2014\/11\/pigrecoemme-test1.jpg?fit=484%2C252&ssl=1","type":"image\/jpeg"}],"author":"Giacomo Fabbrocino","twitter_card":"summary_large_image","twitter_creator":"@Pigrecoemme","twitter_site":"@Pigrecoemme","twitter_misc":{"Scritto da":"Giacomo Fabbrocino","Tempo di lettura stimato":"3 minuti"},"schema":{"@context":"https:\/\/schema.org","@graph":[{"@type":["Article","BlogPosting"],"@id":"https:\/\/www.pigrecoemme.com\/blog\/grande-successo-al-grenoble-ieri-per-o-curt\/#article","isPartOf":{"@id":"https:\/\/www.pigrecoemme.com\/blog\/grande-successo-al-grenoble-ieri-per-o-curt\/"},"author":{"name":"Giacomo Fabbrocino","@id":"https:\/\/www.pigrecoemme.com\/blog\/#\/schema\/person\/57fa822c3d209d3a2612fd0411ae63f4"},"headline":"Grande successo al Grenoble ieri per &#8216;O CURT","datePublished":"2008-02-10T13:26:39+00:00","dateModified":"2015-01-08T23:52:22+00:00","mainEntityOfPage":{"@id":"https:\/\/www.pigrecoemme.com\/blog\/grande-successo-al-grenoble-ieri-per-o-curt\/"},"wordCount":521,"commentCount":6,"publisher":{"@id":"https:\/\/www.pigrecoemme.com\/blog\/#organization"},"keywords":["'o curt","cortometraggi","festival","Filippo Timi","grenoble","Katell Quill\u00e9v\u00e9r\u00e9","napoli","pigrecoemme","Scuola di cinema","ugo gregoretti"],"articleSection":["Eventi","Generale"],"inLanguage":"it-IT","potentialAction":[{"@type":"CommentAction","name":"Comment","target":["https:\/\/www.pigrecoemme.com\/blog\/grande-successo-al-grenoble-ieri-per-o-curt\/#respond"]}]},{"@type":"WebPage","@id":"https:\/\/www.pigrecoemme.com\/blog\/grande-successo-al-grenoble-ieri-per-o-curt\/","url":"https:\/\/www.pigrecoemme.com\/blog\/grande-successo-al-grenoble-ieri-per-o-curt\/","name":"Grande successo al Grenoble ieri per 'O CURT","isPartOf":{"@id":"https:\/\/www.pigrecoemme.com\/blog\/#website"},"datePublished":"2008-02-10T13:26:39+00:00","dateModified":"2015-01-08T23:52:22+00:00","breadcrumb":{"@id":"https:\/\/www.pigrecoemme.com\/blog\/grande-successo-al-grenoble-ieri-per-o-curt\/#breadcrumb"},"inLanguage":"it-IT","potentialAction":[{"@type":"ReadAction","target":["https:\/\/www.pigrecoemme.com\/blog\/grande-successo-al-grenoble-ieri-per-o-curt\/"]}]},{"@type":"BreadcrumbList","@id":"https:\/\/www.pigrecoemme.com\/blog\/grande-successo-al-grenoble-ieri-per-o-curt\/#breadcrumb","itemListElement":[{"@type":"ListItem","position":1,"name":"Home","item":"https:\/\/www.pigrecoemme.com\/blog\/"},{"@type":"ListItem","position":2,"name":"Grande successo al Grenoble ieri per &#8216;O CURT"}]},{"@type":"WebSite","@id":"https:\/\/www.pigrecoemme.com\/blog\/#website","url":"https:\/\/www.pigrecoemme.com\/blog\/","name":"Scuola di Cinema Pigrecoemme - Blog","description":"Siamo la prima Scuola di Cinema e Fotografia di Napoli","publisher":{"@id":"https:\/\/www.pigrecoemme.com\/blog\/#organization"},"potentialAction":[{"@type":"SearchAction","target":{"@type":"EntryPoint","urlTemplate":"https:\/\/www.pigrecoemme.com\/blog\/?s={search_term_string}"},"query-input":{"@type":"PropertyValueSpecification","valueRequired":true,"valueName":"search_term_string"}}],"inLanguage":"it-IT"},{"@type":"Organization","@id":"https:\/\/www.pigrecoemme.com\/blog\/#organization","name":"Scuola di cinema e fotografia Pigrecoemme","url":"https:\/\/www.pigrecoemme.com\/blog\/","logo":{"@type":"ImageObject","inLanguage":"it-IT","@id":"https:\/\/www.pigrecoemme.com\/blog\/#\/schema\/logo\/image\/","url":"https:\/\/i0.wp.com\/www.pigrecoemme.com\/blog\/wp-content\/uploads\/2018\/06\/logo-pigrecoemme-2018.png?fit=500%2C500&ssl=1","contentUrl":"https:\/\/i0.wp.com\/www.pigrecoemme.com\/blog\/wp-content\/uploads\/2018\/06\/logo-pigrecoemme-2018.png?fit=500%2C500&ssl=1","width":500,"height":500,"caption":"Scuola di cinema e fotografia Pigrecoemme"},"image":{"@id":"https:\/\/www.pigrecoemme.com\/blog\/#\/schema\/logo\/image\/"},"sameAs":["https:\/\/www.facebook.com\/pigrecoemme","https:\/\/x.com\/Pigrecoemme","https:\/\/www.instagram.com\/pigrecoemme\/","https:\/\/www.linkedin.com\/company\/pigrecoemme\/","https:\/\/www.youtube.com\/pigrecoemme"]},{"@type":"Person","@id":"https:\/\/www.pigrecoemme.com\/blog\/#\/schema\/person\/57fa822c3d209d3a2612fd0411ae63f4","name":"Giacomo Fabbrocino","image":{"@type":"ImageObject","inLanguage":"it-IT","@id":"https:\/\/secure.gravatar.com\/avatar\/0e4dfd4d05c06a03fffaffeb36fb181415ba11b91a6b566fa2e8ada75927db32?s=96&r=g","url":"https:\/\/secure.gravatar.com\/avatar\/0e4dfd4d05c06a03fffaffeb36fb181415ba11b91a6b566fa2e8ada75927db32?s=96&r=g","contentUrl":"https:\/\/secure.gravatar.com\/avatar\/0e4dfd4d05c06a03fffaffeb36fb181415ba11b91a6b566fa2e8ada75927db32?s=96&r=g","caption":"Giacomo Fabbrocino"},"description":"Montatore cinematografico, autore di documentari sull'arte e di video d'artista, Giacomo \u00e8 responsabile della didattica e della comunicazione web della Scuola di Cinema, Fotografia e Televisione Pigrecoemme di Napoli.","sameAs":["http:\/\/www.pigrecoemme.com\/","https:\/\/www.facebook.com\/giacomo.fabbrocino"],"url":"https:\/\/www.pigrecoemme.com\/blog\/author\/giacomo-fabbrocino\/"}]}},"jetpack_sharing_enabled":true,"jetpack_likes_enabled":true,"jetpack-related-posts":[{"id":127,"url":"https:\/\/www.pigrecoemme.com\/blog\/un-passo-indetro-in-concorso-al-festival-o-curt\/","url_meta":{"origin":33,"position":0},"title":"Un passo indetro in concorso al festival &#8216;O Curt","author":"Corrado Morra","date":"11 Febbraio 2009","format":false,"excerpt":"Un passo indietro, il cortometraggio realizzato dagli allievi dell'ultimo corso annuale della Scuola di cinema Pigrecoemme, \u00e8 in concorso all'XI edizione del festival del cortometraggio 'O Curt. Il film, diretto da Marco Pugliese, \u00e8 cos\u00ec tra i 27 titoli selezionati tra le oltre trecento opere brevi, provenienti dall\u2019Italia e dall\u2019estero,\u2026","rel":"","context":"In &quot;Eventi&quot;","block_context":{"text":"Eventi","link":"https:\/\/www.pigrecoemme.com\/blog\/eventi\/"},"img":{"alt_text":"","src":"https:\/\/i0.wp.com\/www.pigrecoemme.com\/blog\/wp-content\/uploads\/2009\/02\/un_passo_indietro.jpg?resize=350%2C200","width":350,"height":200},"classes":[]},{"id":32,"url":"https:\/\/www.pigrecoemme.com\/blog\/o-curt-x-edizione-del-festival-del-cortometraggio\/","url_meta":{"origin":33,"position":1},"title":"&#8216;O Curt &#8211; X edizione del festival del cortometraggio","author":"Giacomo Fabbrocino","date":"4 Febbraio 2008","format":false,"excerpt":"Dal 6 al 9 febbraio a Napoli si rinnova l\u2019appuntamento con \u2019O CURT Festival del cortometraggio, che quest\u2019anno giunge al prestigioso traguardo della decima edizione. La rassegna, a cura della Mediateca S. Sofia dell\u2019Assessorato alle Politiche giovanili - Servizio Giovani in collaborazione con La Scuola di Cinema e Televisione Pigrecoemme\u2026","rel":"","context":"In &quot;Eventi&quot;","block_context":{"text":"Eventi","link":"https:\/\/www.pigrecoemme.com\/blog\/eventi\/"},"img":{"alt_text":"","src":"","width":0,"height":0},"classes":[]},{"id":46,"url":"https:\/\/www.pigrecoemme.com\/blog\/espresso-corto-al-grenoble\/","url_meta":{"origin":33,"position":2},"title":"Espresso Corto al Grenoble","author":"Giacomo Fabbrocino","date":"7 Aprile 2008","format":false,"excerpt":"Durante 'O Curt Io (Giacomo) e Rosario abbiamo tenuto un laboratorio secondo la formula Espresso Corto con i Ragazzi del Liceo Classico Genovesi e dell'IPIA di Ponticelli. La formula, una nostra proposta per animazioni e laboratori nelle scuole, prevede che si scriva, si giri e si monti un corto in\u2026","rel":"","context":"In &quot;Generale&quot;","block_context":{"text":"Generale","link":"https:\/\/www.pigrecoemme.com\/blog\/generale\/"},"img":{"alt_text":"","src":"","width":0,"height":0},"classes":[]},{"id":324,"url":"https:\/\/www.pigrecoemme.com\/blog\/la-belle-la-bete-e-il-vincitore-del-concorso\/","url_meta":{"origin":33,"position":3},"title":"La Belle, la B\u00eate e il vincitore del concorso&#8230;","author":"Corrado Morra","date":"11 Gennaio 2011","format":false,"excerpt":"Molti di voi lo sanno: Pigrecoemme, dal 6 al 10 dicembre scorso,\u00a0 ha collaborato alla rassegna I maestri del cinema francese \u2013 un ciclo di film sul fantastico a cura dell\u2019Institut Fran\u00e7ais de Naples Le Grenoble - che ha riscosso una grande successo. Nell'occasione la nostra Scuola di cinema aveva\u2026","rel":"","context":"In &quot;Eventi&quot;","block_context":{"text":"Eventi","link":"https:\/\/www.pigrecoemme.com\/blog\/eventi\/"},"img":{"alt_text":"","src":"","width":0,"height":0},"classes":[]},{"id":316,"url":"https:\/\/www.pigrecoemme.com\/blog\/la-mostra-fantastico-napoletano-al-grenoble-fino-al-22-dicembre\/","url_meta":{"origin":33,"position":4},"title":"La mostra Fantastico napoletano, al Grenoble fino al 22 dicembre","author":"Corrado Morra","date":"15 Dicembre 2010","format":false,"excerpt":"Chiusa la rassegna sul cinema fantastico, vi ricordo che, al Grenoble - l'Istituto di studi francesi di Via Crispi 86 a Napoli -\u00a0 la mostra fotografica \"Fantastico napoletano\" pu\u00f2 essere visitata fino al prossimo 22 dicembre (dal luned\u00ec al venerd\u00ec, 9-13,30 e 15-18,30). Sar\u00e0 pure poco elegante dirselo da soli,\u2026","rel":"","context":"In &quot;Eventi&quot;","block_context":{"text":"Eventi","link":"https:\/\/www.pigrecoemme.com\/blog\/eventi\/"},"img":{"alt_text":"","src":"","width":0,"height":0},"classes":[]},{"id":303,"url":"https:\/\/www.pigrecoemme.com\/blog\/cinema-fantastico-fantastico-e-col-grenoble-vinci-un-corso-di-cinema-alla-pigrecoemme\/","url_meta":{"origin":33,"position":5},"title":"CINEMA FANTASTICO? FANTASTICO!   E COL GRENOBLE, VINCI UN CORSO DI CINEMA ALLA PIGRECOEMME","author":"Corrado Morra","date":"27 Novembre 2010","format":false,"excerpt":"La rassegna sul cinema fantastico, al Grenoble dal 6 al 10 dicembre, diventa un\u2019occasione per gli spettatori per aggiudicarsi gratuitamente un corso di Regia, Sceneggiatura o Analisi e critica del film della Scuola di cinema Pigrecoemme di Napoli.","rel":"","context":"In &quot;Eventi&quot;","block_context":{"text":"Eventi","link":"https:\/\/www.pigrecoemme.com\/blog\/eventi\/"},"img":{"alt_text":"","src":"https:\/\/i0.wp.com\/www.pigrecoemme.com\/blog\/wp-content\/uploads\/2010\/11\/filmfantastique-216x300.jpg?resize=350%2C200","width":350,"height":200},"classes":[]}],"jetpack_featured_media_url":"","_links":{"self":[{"href":"https:\/\/www.pigrecoemme.com\/blog\/wp-json\/wp\/v2\/posts\/33","targetHints":{"allow":["GET"]}}],"collection":[{"href":"https:\/\/www.pigrecoemme.com\/blog\/wp-json\/wp\/v2\/posts"}],"about":[{"href":"https:\/\/www.pigrecoemme.com\/blog\/wp-json\/wp\/v2\/types\/post"}],"author":[{"embeddable":true,"href":"https:\/\/www.pigrecoemme.com\/blog\/wp-json\/wp\/v2\/users\/1"}],"replies":[{"embeddable":true,"href":"https:\/\/www.pigrecoemme.com\/blog\/wp-json\/wp\/v2\/comments?post=33"}],"version-history":[{"count":0,"href":"https:\/\/www.pigrecoemme.com\/blog\/wp-json\/wp\/v2\/posts\/33\/revisions"}],"wp:attachment":[{"href":"https:\/\/www.pigrecoemme.com\/blog\/wp-json\/wp\/v2\/media?parent=33"}],"wp:term":[{"taxonomy":"category","embeddable":true,"href":"https:\/\/www.pigrecoemme.com\/blog\/wp-json\/wp\/v2\/categories?post=33"},{"taxonomy":"post_tag","embeddable":true,"href":"https:\/\/www.pigrecoemme.com\/blog\/wp-json\/wp\/v2\/tags?post=33"}],"curies":[{"name":"wp","href":"https:\/\/api.w.org\/{rel}","templated":true}]}}