{"id":327,"date":"2011-01-14T17:52:05","date_gmt":"2011-01-14T15:52:05","guid":{"rendered":"http:\/\/www.pigrecoemme.com\/blog\/?p=327"},"modified":"2011-01-14T17:52:05","modified_gmt":"2011-01-14T15:52:05","slug":"il-20-e-21-gennaio-workshop-di-regia-a-cura-di-stefano-incerti","status":"publish","type":"post","link":"https:\/\/www.pigrecoemme.com\/blog\/il-20-e-21-gennaio-workshop-di-regia-a-cura-di-stefano-incerti\/","title":{"rendered":"Il 20 e 21 gennaio, workshop di Regia a cura di Stefano Incerti"},"content":{"rendered":"<p><a href=\"https:\/\/i0.wp.com\/www.pigrecoemme.com\/blog\/wp-content\/uploads\/2011\/01\/stefano-incerti.jpg?ssl=1\"><img data-recalc-dims=\"1\" loading=\"lazy\" decoding=\"async\" class=\"alignleft size-medium wp-image-328\" title=\"stefano-incerti\" src=\"https:\/\/i0.wp.com\/www.pigrecoemme.com\/blog\/wp-content\/uploads\/2011\/01\/stefano-incerti.jpg?resize=186%2C240&#038;ssl=1\" alt=\"\" width=\"186\" height=\"240\" srcset=\"https:\/\/i0.wp.com\/www.pigrecoemme.com\/blog\/wp-content\/uploads\/2011\/01\/stefano-incerti.jpg?resize=233%2C300&amp;ssl=1 233w, https:\/\/i0.wp.com\/www.pigrecoemme.com\/blog\/wp-content\/uploads\/2011\/01\/stefano-incerti.jpg?w=410&amp;ssl=1 410w\" sizes=\"auto, (max-width: 186px) 100vw, 186px\" \/><\/a><strong>Gioved\u00ec 20 e venerd\u00ec 21 gennaio<\/strong> (ore 11.00 &#8211; 18.00) il regista e sceneggiatore <a href=\"http:\/\/www.imdb.it\/name\/nm0408440\/\"><strong>Stefano Incerti<\/strong><\/a> dar\u00e0 vita ad un intenso workshop di <strong>Regia cinematografica<\/strong> alla <strong>scuola di cinema <a href=\"http:\/\/www.pigrecoemme.com\/corsi\/scuola-di-cinema.htm#scuola-di-cinema-corso-semestrale\">Pigrecoemme<\/a><\/strong>.<br \/>\n\u00c8 un ritorno, quello di Incerti alla Pigrecoemme, di cui siamo particolarmente contenti, convinti come siamo che nella ventennale esperienza cinematografica del regista napoletano risieda una delle ricerche espressive pi\u00f9 interessanti della Settima arte italiana degli ultimi anni. E in questo convincimento, se ce ne fosse mai bisogno, siamo in ottima compagnia, se \u00e8 vero che uno come <strong>Roberto Escobar<\/strong> \u2013 uno dei pi\u00f9 intransigenti e raffinati critici italiani \u2013 dalle pagine del domenicale del Sole 24 ore, da tempo parla di Incerti come di un talento puro.<br \/>\nBasti pensare al recente <strong><a href=\"http:\/\/www.theothersmag.com\/index.php?option=com_content&amp;task=view&amp;id=651&amp;Itemid=47\">Gorbaciof<\/a> <\/strong>(con la maschera di un cupo <strong>Toni Servillo<\/strong>, quanto mai illuminato), che, in un sol colpo, tiene insieme un impianto narrativo lontano mille leghe da qualsiasi retorica sui luoghi oscuri di Napoli e delle sue tragicomiche figure (cosa che pure in giro abbonda), con un gusto della citazione <em>cin\u00e9phile<\/em>, lontana per\u00f2 da ogni ridondante tentazione postmodernista, che in tanto cinema italiano contemporaneo, orribilmente derivativo, \u00e8 invece incensato da troppa critica.<br \/>\nA ben vedere, il progetto artistico di Incerti ha una sua evidente coerenza, sia estetica sia politica, sin dagli esordi, professando, gi\u00e0 l\u00ec, un\u2019idea di cinema prima di tutto come lavoro di indagine su uomini e donne di mondi \u2013 come dire? \u2013 perennemente marginali (i suoi eroi sono, in un certo senso, prima di tutto, estranei e straniati <em>testimoni <\/em>se non quando apertamente <em>cronisti <\/em>e <em>spettatori <\/em>della realt\u00e0 o, in una parola, kafkiani <em>verificatori<\/em>!). Cinema come strumento etico che d\u00e0 centralit\u00e0 al periferico, allora, lustro all\u2019oscuro, voce e faccia a chi voce e faccia non pu\u00f2 avere, ma non con gli ormai manieristici quindici minuti warholiani, bens\u00ec con la dignit\u00e0 e la complessit\u00e0 che il racconto delle ragioni dei vinti sempre merita.<\/p>\n<p>Dopo alcune esperienze in super 8, Incerti d\u00e0 il via a una serie di interessanti collaborazioni, tra cui quelle con Enzo De Caro, per il quale sar\u00e0 aiuto regista in <em>Io Peter Pan<\/em> (1989) e <em>Ladri di futuro,<\/em> (1990), Pappi Corsicato, Francesco Calogero per <em>Nessuno <\/em>(1992), ma soprattutto con <strong>Mario Martone<\/strong>, per il quale sar\u00e0 produttore esecutivo per <em>Morte di un matematico napoletano<\/em> (1992) e aiuto regista per uno dei punti di svolta dell\u2019immaginario estetico tardo-novecentesco di Napoli, <em>Rasoi <\/em>(1993), nonch\u00e9 assistente nella messa in scena del <em>Riccardo II<\/em> di Shakespeare.<br \/>\nDel 1995 \u00e8 l\u2019esordio alla regia con il suo primo lungometraggio <strong>Il verificatore<\/strong>, storia dell\u2019amore vano di Crescenzio, tragico controllore dei contatori per l\u2019azienda locale del gas, che frutta ad Incerti un <strong>David di Donatello<\/strong> come <strong>miglior regista esordiente<\/strong>. Ed \u00e8 un esordio di grande fascino, che ha il sapore delle migliori pagine di Ernesto Sabato (realismo e follia al servizio di personaggi che ti trapanano il cuore) e un primo tentativo, gi\u00e0 riuscito, di dar corpo ad una Napoli personalissima, limitrofa e livida, bigia e sublime.<br \/>\nIn seguito firma l\u2019episodio <em>Il diavolo in bottiglia<\/em> nel film collettivo (e grande occasione mancata) <em>I vesuviani<\/em> (1997), cui segue <em>Prima del tramonto<\/em> (1999), vicenda shakespeariana di un immigrato maghrebino che, costretto a sposare la figlia del boss per il quale lavora, manda tutto a rotoli per l\u2019amore di una sua conterranea. Il 2003 vede l\u2019uscita di <em>La vita come viene<\/em> con <strong>Stefania Sandrelli<\/strong>. Interessante, ma forse soffocato da un impianto troppo altmaniano, il film intreccia volti, vicende e derive di diversi personaggi nell\u2019arco di un fine settimana strano, come solo il destino sa esserlo. \u00c8 poi la volta di <em>Stessa rabbia, stessa primavera<\/em>, interessante e appassionato documentario sul film <em>Buongiorno notte<\/em> (2003) di <strong>Marco Bellocchio<\/strong> (e quanto il rigore del cinema di Bellocchio abbia saputo informare quello di Incerti sarebbe pi\u00f9 di un esercizio di stile tentare prima o poi di abbozzare). <em>L\u2019uomo di vetro<\/em> (2007) \u2013 incrocio sapiente di temi sociali e storici con il tormento personale e interiore del protagonista, \u2013\u00a0 \u00e8 la storia del dramma (in cui si specchia pirandellianamente, intero, il nostro Paese) di Leuccio Vitale, primo, tragico pentito di mafia. Segue un altro grande (e poco compreso) film: <em>Complici del silenzio<\/em> (2009), che racconta, con un intenso Alessio Boni, l\u2019Argentina dei Mondiali di calcio del \u201978 al giogo della dittatura militare. Infine, il recente <em>Gorbaciof<\/em> (2010), scritto con <strong>Diego De Silva<\/strong>. Presentato fuori concorso alla mostra del cinema di Venezia, e con grande successo a Montreal, il film ha partecipato poi, in concorso, al Festival del cinema di Madrid lo scorso dicembre riscuotendo grande attenzione. <em>Gorbaciof <\/em>\u00e8 un livido e duro spaccato della \u201cChinatown napoletana\u201d (gioco di scatole cinesi di mondi piccoli e limitrofi in mondi e cuori piccoli e limitrofi\u2026) in cui Marino Pacileo (il Servillo pi\u00f9 tragico e amaro mai apparso sullo schermo), cassiere del carcere di Poggioreale e abbrutito dalla dipendenza dal gioco, immagina, con l\u2019amore negli occhi, di poter puntare tutto su un finale diverso del suo destino di sconfitto. Ma ancora una volta nel cinema di Incerti, \u2013 il destino \u00e8 baro. E terribile.<\/p>\n<p>Il seminario di Stefano Incerti \u00e8 a numero chiuso. Per <strong>maggiori informazioni <\/strong>si pu\u00f2 chiamare allo <strong>081 5635188<\/strong>, oppure scrivere a: <strong>corsi@pigrecoemme.com<\/strong><\/p>\n<p>(Si ringrazia Raffaella Lanzuise per la collaborazione)<\/p>\n","protected":false},"excerpt":{"rendered":"<p>Gioved\u00ec 20 e venerd\u00ec 21 gennaio (ore 11.00 &#8211; 18.00) il regista e sceneggiatore Stefano Incerti dar\u00e0 vita ad un intenso workshop di Regia cinematografica alla scuola di cinema Pigrecoemme. \u00c8 un ritorno, quello&hellip;<\/p>\n","protected":false},"author":2,"featured_media":0,"comment_status":"open","ping_status":"open","sticky":false,"template":"","format":"standard","meta":{"_jetpack_newsletter_access":"","_jetpack_dont_email_post_to_subs":false,"_jetpack_newsletter_tier_id":0,"_jetpack_memberships_contains_paywalled_content":false,"_jetpack_feature_clip_id":0,"_jetpack_memberships_contains_paid_content":false,"footnotes":"","jetpack_post_was_ever_published":false},"categories":[11,1,3],"tags":[317,117,502,435,501,503],"class_list":["post-327","post","type-post","status-publish","format-standard","hentry","category-eventi","category-generale","category-scuola-di-cinema","tag-corso-di-regia","tag-diego-de-silva","tag-seminario-di-regia","tag-stefano-incerti","tag-toni-servillo","tag-workshop-di-regia"],"yoast_head":"<!-- This site is optimized with the Yoast SEO plugin v28.3 - https:\/\/yoast.com\/product\/yoast-seo-wordpress\/ -->\n<title>Il 20 e 21 gennaio, workshop di Regia a cura di Stefano Incerti<\/title>\n<meta name=\"robots\" content=\"index, follow, max-snippet:-1, max-image-preview:large, max-video-preview:-1\" \/>\n<link rel=\"canonical\" href=\"https:\/\/www.pigrecoemme.com\/blog\/il-20-e-21-gennaio-workshop-di-regia-a-cura-di-stefano-incerti\/\" \/>\n<meta property=\"og:locale\" content=\"it_IT\" \/>\n<meta property=\"og:type\" content=\"article\" \/>\n<meta property=\"og:title\" content=\"Il 20 e 21 gennaio, workshop di Regia a cura di Stefano Incerti\" \/>\n<meta property=\"og:description\" content=\"Gioved\u00ec 20 e venerd\u00ec 21 gennaio (ore 11.00 &#8211; 18.00) il regista e sceneggiatore Stefano Incerti dar\u00e0 vita ad un intenso workshop di Regia cinematografica alla scuola di cinema Pigrecoemme. \u00c8 un ritorno, quello&hellip;\" \/>\n<meta property=\"og:url\" content=\"https:\/\/www.pigrecoemme.com\/blog\/il-20-e-21-gennaio-workshop-di-regia-a-cura-di-stefano-incerti\/\" \/>\n<meta property=\"og:site_name\" content=\"Scuola di Cinema Pigrecoemme - Blog\" \/>\n<meta property=\"article:publisher\" content=\"https:\/\/www.facebook.com\/pigrecoemme\" \/>\n<meta property=\"article:author\" content=\"https:\/\/www.facebook.com\/corrado.morra1\" \/>\n<meta property=\"article:published_time\" content=\"2011-01-14T15:52:05+00:00\" \/>\n<meta property=\"og:image\" content=\"http:\/\/www.pigrecoemme.com\/blog\/wp-content\/uploads\/2011\/01\/stefano-incerti-233x300.jpg\" \/>\n<meta name=\"author\" content=\"Corrado Morra\" \/>\n<meta name=\"twitter:card\" content=\"summary_large_image\" \/>\n<meta name=\"twitter:creator\" content=\"@Pigrecoemme\" \/>\n<meta name=\"twitter:site\" content=\"@Pigrecoemme\" \/>\n<meta name=\"twitter:label1\" content=\"Scritto da\" \/>\n\t<meta name=\"twitter:data1\" content=\"Corrado Morra\" \/>\n\t<meta name=\"twitter:label2\" content=\"Tempo di lettura stimato\" \/>\n\t<meta name=\"twitter:data2\" content=\"4 minuti\" \/>\n<script type=\"application\/ld+json\" class=\"yoast-schema-graph\">{\"@context\":\"https:\\\/\\\/schema.org\",\"@graph\":[{\"@type\":[\"Article\",\"BlogPosting\"],\"@id\":\"https:\\\/\\\/www.pigrecoemme.com\\\/blog\\\/il-20-e-21-gennaio-workshop-di-regia-a-cura-di-stefano-incerti\\\/#article\",\"isPartOf\":{\"@id\":\"https:\\\/\\\/www.pigrecoemme.com\\\/blog\\\/il-20-e-21-gennaio-workshop-di-regia-a-cura-di-stefano-incerti\\\/\"},\"author\":{\"name\":\"Corrado Morra\",\"@id\":\"https:\\\/\\\/www.pigrecoemme.com\\\/blog\\\/#\\\/schema\\\/person\\\/702764b5ecda4c2f34e82348789f649e\"},\"headline\":\"Il 20 e 21 gennaio, workshop di Regia a cura di Stefano Incerti\",\"datePublished\":\"2011-01-14T15:52:05+00:00\",\"mainEntityOfPage\":{\"@id\":\"https:\\\/\\\/www.pigrecoemme.com\\\/blog\\\/il-20-e-21-gennaio-workshop-di-regia-a-cura-di-stefano-incerti\\\/\"},\"wordCount\":856,\"commentCount\":0,\"publisher\":{\"@id\":\"https:\\\/\\\/www.pigrecoemme.com\\\/blog\\\/#organization\"},\"image\":{\"@id\":\"https:\\\/\\\/www.pigrecoemme.com\\\/blog\\\/il-20-e-21-gennaio-workshop-di-regia-a-cura-di-stefano-incerti\\\/#primaryimage\"},\"thumbnailUrl\":\"http:\\\/\\\/www.pigrecoemme.com\\\/blog\\\/wp-content\\\/uploads\\\/2011\\\/01\\\/stefano-incerti-233x300.jpg\",\"keywords\":[\"corso di regia\",\"Diego De Silva\",\"seminario di regia\",\"stefano incerti\",\"toni servillo\",\"workshop di regia\"],\"articleSection\":[\"Eventi\",\"Generale\",\"Scuola di cinema\"],\"inLanguage\":\"it-IT\",\"potentialAction\":[{\"@type\":\"CommentAction\",\"name\":\"Comment\",\"target\":[\"https:\\\/\\\/www.pigrecoemme.com\\\/blog\\\/il-20-e-21-gennaio-workshop-di-regia-a-cura-di-stefano-incerti\\\/#respond\"]}]},{\"@type\":\"WebPage\",\"@id\":\"https:\\\/\\\/www.pigrecoemme.com\\\/blog\\\/il-20-e-21-gennaio-workshop-di-regia-a-cura-di-stefano-incerti\\\/\",\"url\":\"https:\\\/\\\/www.pigrecoemme.com\\\/blog\\\/il-20-e-21-gennaio-workshop-di-regia-a-cura-di-stefano-incerti\\\/\",\"name\":\"Il 20 e 21 gennaio, workshop di Regia a cura di Stefano Incerti\",\"isPartOf\":{\"@id\":\"https:\\\/\\\/www.pigrecoemme.com\\\/blog\\\/#website\"},\"primaryImageOfPage\":{\"@id\":\"https:\\\/\\\/www.pigrecoemme.com\\\/blog\\\/il-20-e-21-gennaio-workshop-di-regia-a-cura-di-stefano-incerti\\\/#primaryimage\"},\"image\":{\"@id\":\"https:\\\/\\\/www.pigrecoemme.com\\\/blog\\\/il-20-e-21-gennaio-workshop-di-regia-a-cura-di-stefano-incerti\\\/#primaryimage\"},\"thumbnailUrl\":\"http:\\\/\\\/www.pigrecoemme.com\\\/blog\\\/wp-content\\\/uploads\\\/2011\\\/01\\\/stefano-incerti-233x300.jpg\",\"datePublished\":\"2011-01-14T15:52:05+00:00\",\"breadcrumb\":{\"@id\":\"https:\\\/\\\/www.pigrecoemme.com\\\/blog\\\/il-20-e-21-gennaio-workshop-di-regia-a-cura-di-stefano-incerti\\\/#breadcrumb\"},\"inLanguage\":\"it-IT\",\"potentialAction\":[{\"@type\":\"ReadAction\",\"target\":[\"https:\\\/\\\/www.pigrecoemme.com\\\/blog\\\/il-20-e-21-gennaio-workshop-di-regia-a-cura-di-stefano-incerti\\\/\"]}]},{\"@type\":\"ImageObject\",\"inLanguage\":\"it-IT\",\"@id\":\"https:\\\/\\\/www.pigrecoemme.com\\\/blog\\\/il-20-e-21-gennaio-workshop-di-regia-a-cura-di-stefano-incerti\\\/#primaryimage\",\"url\":\"http:\\\/\\\/www.pigrecoemme.com\\\/blog\\\/wp-content\\\/uploads\\\/2011\\\/01\\\/stefano-incerti-233x300.jpg\",\"contentUrl\":\"http:\\\/\\\/www.pigrecoemme.com\\\/blog\\\/wp-content\\\/uploads\\\/2011\\\/01\\\/stefano-incerti-233x300.jpg\"},{\"@type\":\"BreadcrumbList\",\"@id\":\"https:\\\/\\\/www.pigrecoemme.com\\\/blog\\\/il-20-e-21-gennaio-workshop-di-regia-a-cura-di-stefano-incerti\\\/#breadcrumb\",\"itemListElement\":[{\"@type\":\"ListItem\",\"position\":1,\"name\":\"Home\",\"item\":\"https:\\\/\\\/www.pigrecoemme.com\\\/blog\\\/\"},{\"@type\":\"ListItem\",\"position\":2,\"name\":\"Il 20 e 21 gennaio, workshop di Regia a cura di Stefano Incerti\"}]},{\"@type\":\"WebSite\",\"@id\":\"https:\\\/\\\/www.pigrecoemme.com\\\/blog\\\/#website\",\"url\":\"https:\\\/\\\/www.pigrecoemme.com\\\/blog\\\/\",\"name\":\"Scuola di Cinema Pigrecoemme - Blog\",\"description\":\"Siamo la prima Scuola di Cinema e Fotografia di Napoli\",\"publisher\":{\"@id\":\"https:\\\/\\\/www.pigrecoemme.com\\\/blog\\\/#organization\"},\"potentialAction\":[{\"@type\":\"SearchAction\",\"target\":{\"@type\":\"EntryPoint\",\"urlTemplate\":\"https:\\\/\\\/www.pigrecoemme.com\\\/blog\\\/?s={search_term_string}\"},\"query-input\":{\"@type\":\"PropertyValueSpecification\",\"valueRequired\":true,\"valueName\":\"search_term_string\"}}],\"inLanguage\":\"it-IT\"},{\"@type\":\"Organization\",\"@id\":\"https:\\\/\\\/www.pigrecoemme.com\\\/blog\\\/#organization\",\"name\":\"Scuola di cinema e fotografia Pigrecoemme\",\"url\":\"https:\\\/\\\/www.pigrecoemme.com\\\/blog\\\/\",\"logo\":{\"@type\":\"ImageObject\",\"inLanguage\":\"it-IT\",\"@id\":\"https:\\\/\\\/www.pigrecoemme.com\\\/blog\\\/#\\\/schema\\\/logo\\\/image\\\/\",\"url\":\"https:\\\/\\\/i0.wp.com\\\/www.pigrecoemme.com\\\/blog\\\/wp-content\\\/uploads\\\/2018\\\/06\\\/logo-pigrecoemme-2018.png?fit=500%2C500&ssl=1\",\"contentUrl\":\"https:\\\/\\\/i0.wp.com\\\/www.pigrecoemme.com\\\/blog\\\/wp-content\\\/uploads\\\/2018\\\/06\\\/logo-pigrecoemme-2018.png?fit=500%2C500&ssl=1\",\"width\":500,\"height\":500,\"caption\":\"Scuola di cinema e fotografia Pigrecoemme\"},\"image\":{\"@id\":\"https:\\\/\\\/www.pigrecoemme.com\\\/blog\\\/#\\\/schema\\\/logo\\\/image\\\/\"},\"sameAs\":[\"https:\\\/\\\/www.facebook.com\\\/pigrecoemme\",\"https:\\\/\\\/x.com\\\/Pigrecoemme\",\"https:\\\/\\\/www.instagram.com\\\/pigrecoemme\\\/\",\"https:\\\/\\\/www.linkedin.com\\\/company\\\/pigrecoemme\\\/\",\"https:\\\/\\\/www.youtube.com\\\/pigrecoemme\"]},{\"@type\":\"Person\",\"@id\":\"https:\\\/\\\/www.pigrecoemme.com\\\/blog\\\/#\\\/schema\\\/person\\\/702764b5ecda4c2f34e82348789f649e\",\"name\":\"Corrado Morra\",\"image\":{\"@type\":\"ImageObject\",\"inLanguage\":\"it-IT\",\"@id\":\"https:\\\/\\\/secure.gravatar.com\\\/avatar\\\/f6ce2f6728fbdf920737112fe70682512808577befa2c9c7845c04a8449b8f03?s=96&r=g\",\"url\":\"https:\\\/\\\/secure.gravatar.com\\\/avatar\\\/f6ce2f6728fbdf920737112fe70682512808577befa2c9c7845c04a8449b8f03?s=96&r=g\",\"contentUrl\":\"https:\\\/\\\/secure.gravatar.com\\\/avatar\\\/f6ce2f6728fbdf920737112fe70682512808577befa2c9c7845c04a8449b8f03?s=96&r=g\",\"caption\":\"Corrado Morra\"},\"description\":\"Esperto di arti visive e di cinema, insegna Sceneggiatura alla Scuola di cinema Pigrecoemme di Napoli, di cui \u00e8 tra i fondatori.\",\"sameAs\":[\"http:\\\/\\\/www.pigrecoemme.com\\\/\",\"https:\\\/\\\/www.facebook.com\\\/corrado.morra1\"],\"url\":\"https:\\\/\\\/www.pigrecoemme.com\\\/blog\\\/author\\\/corrado-morra\\\/\"}]}<\/script>\n<!-- \/ Yoast SEO plugin. -->","yoast_head_json":{"title":"Il 20 e 21 gennaio, workshop di Regia a cura di Stefano Incerti","robots":{"index":"index","follow":"follow","max-snippet":"max-snippet:-1","max-image-preview":"max-image-preview:large","max-video-preview":"max-video-preview:-1"},"canonical":"https:\/\/www.pigrecoemme.com\/blog\/il-20-e-21-gennaio-workshop-di-regia-a-cura-di-stefano-incerti\/","og_locale":"it_IT","og_type":"article","og_title":"Il 20 e 21 gennaio, workshop di Regia a cura di Stefano Incerti","og_description":"Gioved\u00ec 20 e venerd\u00ec 21 gennaio (ore 11.00 &#8211; 18.00) il regista e sceneggiatore Stefano Incerti dar\u00e0 vita ad un intenso workshop di Regia cinematografica alla scuola di cinema Pigrecoemme. \u00c8 un ritorno, quello&hellip;","og_url":"https:\/\/www.pigrecoemme.com\/blog\/il-20-e-21-gennaio-workshop-di-regia-a-cura-di-stefano-incerti\/","og_site_name":"Scuola di Cinema Pigrecoemme - Blog","article_publisher":"https:\/\/www.facebook.com\/pigrecoemme","article_author":"https:\/\/www.facebook.com\/corrado.morra1","article_published_time":"2011-01-14T15:52:05+00:00","og_image":[{"url":"http:\/\/www.pigrecoemme.com\/blog\/wp-content\/uploads\/2011\/01\/stefano-incerti-233x300.jpg","type":"","width":"","height":""}],"author":"Corrado Morra","twitter_card":"summary_large_image","twitter_creator":"@Pigrecoemme","twitter_site":"@Pigrecoemme","twitter_misc":{"Scritto da":"Corrado Morra","Tempo di lettura stimato":"4 minuti"},"schema":{"@context":"https:\/\/schema.org","@graph":[{"@type":["Article","BlogPosting"],"@id":"https:\/\/www.pigrecoemme.com\/blog\/il-20-e-21-gennaio-workshop-di-regia-a-cura-di-stefano-incerti\/#article","isPartOf":{"@id":"https:\/\/www.pigrecoemme.com\/blog\/il-20-e-21-gennaio-workshop-di-regia-a-cura-di-stefano-incerti\/"},"author":{"name":"Corrado Morra","@id":"https:\/\/www.pigrecoemme.com\/blog\/#\/schema\/person\/702764b5ecda4c2f34e82348789f649e"},"headline":"Il 20 e 21 gennaio, workshop di Regia a cura di Stefano Incerti","datePublished":"2011-01-14T15:52:05+00:00","mainEntityOfPage":{"@id":"https:\/\/www.pigrecoemme.com\/blog\/il-20-e-21-gennaio-workshop-di-regia-a-cura-di-stefano-incerti\/"},"wordCount":856,"commentCount":0,"publisher":{"@id":"https:\/\/www.pigrecoemme.com\/blog\/#organization"},"image":{"@id":"https:\/\/www.pigrecoemme.com\/blog\/il-20-e-21-gennaio-workshop-di-regia-a-cura-di-stefano-incerti\/#primaryimage"},"thumbnailUrl":"http:\/\/www.pigrecoemme.com\/blog\/wp-content\/uploads\/2011\/01\/stefano-incerti-233x300.jpg","keywords":["corso di regia","Diego De Silva","seminario di regia","stefano incerti","toni servillo","workshop di regia"],"articleSection":["Eventi","Generale","Scuola di cinema"],"inLanguage":"it-IT","potentialAction":[{"@type":"CommentAction","name":"Comment","target":["https:\/\/www.pigrecoemme.com\/blog\/il-20-e-21-gennaio-workshop-di-regia-a-cura-di-stefano-incerti\/#respond"]}]},{"@type":"WebPage","@id":"https:\/\/www.pigrecoemme.com\/blog\/il-20-e-21-gennaio-workshop-di-regia-a-cura-di-stefano-incerti\/","url":"https:\/\/www.pigrecoemme.com\/blog\/il-20-e-21-gennaio-workshop-di-regia-a-cura-di-stefano-incerti\/","name":"Il 20 e 21 gennaio, workshop di Regia a cura di Stefano Incerti","isPartOf":{"@id":"https:\/\/www.pigrecoemme.com\/blog\/#website"},"primaryImageOfPage":{"@id":"https:\/\/www.pigrecoemme.com\/blog\/il-20-e-21-gennaio-workshop-di-regia-a-cura-di-stefano-incerti\/#primaryimage"},"image":{"@id":"https:\/\/www.pigrecoemme.com\/blog\/il-20-e-21-gennaio-workshop-di-regia-a-cura-di-stefano-incerti\/#primaryimage"},"thumbnailUrl":"http:\/\/www.pigrecoemme.com\/blog\/wp-content\/uploads\/2011\/01\/stefano-incerti-233x300.jpg","datePublished":"2011-01-14T15:52:05+00:00","breadcrumb":{"@id":"https:\/\/www.pigrecoemme.com\/blog\/il-20-e-21-gennaio-workshop-di-regia-a-cura-di-stefano-incerti\/#breadcrumb"},"inLanguage":"it-IT","potentialAction":[{"@type":"ReadAction","target":["https:\/\/www.pigrecoemme.com\/blog\/il-20-e-21-gennaio-workshop-di-regia-a-cura-di-stefano-incerti\/"]}]},{"@type":"ImageObject","inLanguage":"it-IT","@id":"https:\/\/www.pigrecoemme.com\/blog\/il-20-e-21-gennaio-workshop-di-regia-a-cura-di-stefano-incerti\/#primaryimage","url":"http:\/\/www.pigrecoemme.com\/blog\/wp-content\/uploads\/2011\/01\/stefano-incerti-233x300.jpg","contentUrl":"http:\/\/www.pigrecoemme.com\/blog\/wp-content\/uploads\/2011\/01\/stefano-incerti-233x300.jpg"},{"@type":"BreadcrumbList","@id":"https:\/\/www.pigrecoemme.com\/blog\/il-20-e-21-gennaio-workshop-di-regia-a-cura-di-stefano-incerti\/#breadcrumb","itemListElement":[{"@type":"ListItem","position":1,"name":"Home","item":"https:\/\/www.pigrecoemme.com\/blog\/"},{"@type":"ListItem","position":2,"name":"Il 20 e 21 gennaio, workshop di Regia a cura di Stefano Incerti"}]},{"@type":"WebSite","@id":"https:\/\/www.pigrecoemme.com\/blog\/#website","url":"https:\/\/www.pigrecoemme.com\/blog\/","name":"Scuola di Cinema Pigrecoemme - Blog","description":"Siamo la prima Scuola di Cinema e Fotografia di Napoli","publisher":{"@id":"https:\/\/www.pigrecoemme.com\/blog\/#organization"},"potentialAction":[{"@type":"SearchAction","target":{"@type":"EntryPoint","urlTemplate":"https:\/\/www.pigrecoemme.com\/blog\/?s={search_term_string}"},"query-input":{"@type":"PropertyValueSpecification","valueRequired":true,"valueName":"search_term_string"}}],"inLanguage":"it-IT"},{"@type":"Organization","@id":"https:\/\/www.pigrecoemme.com\/blog\/#organization","name":"Scuola di cinema e fotografia Pigrecoemme","url":"https:\/\/www.pigrecoemme.com\/blog\/","logo":{"@type":"ImageObject","inLanguage":"it-IT","@id":"https:\/\/www.pigrecoemme.com\/blog\/#\/schema\/logo\/image\/","url":"https:\/\/i0.wp.com\/www.pigrecoemme.com\/blog\/wp-content\/uploads\/2018\/06\/logo-pigrecoemme-2018.png?fit=500%2C500&ssl=1","contentUrl":"https:\/\/i0.wp.com\/www.pigrecoemme.com\/blog\/wp-content\/uploads\/2018\/06\/logo-pigrecoemme-2018.png?fit=500%2C500&ssl=1","width":500,"height":500,"caption":"Scuola di cinema e fotografia Pigrecoemme"},"image":{"@id":"https:\/\/www.pigrecoemme.com\/blog\/#\/schema\/logo\/image\/"},"sameAs":["https:\/\/www.facebook.com\/pigrecoemme","https:\/\/x.com\/Pigrecoemme","https:\/\/www.instagram.com\/pigrecoemme\/","https:\/\/www.linkedin.com\/company\/pigrecoemme\/","https:\/\/www.youtube.com\/pigrecoemme"]},{"@type":"Person","@id":"https:\/\/www.pigrecoemme.com\/blog\/#\/schema\/person\/702764b5ecda4c2f34e82348789f649e","name":"Corrado Morra","image":{"@type":"ImageObject","inLanguage":"it-IT","@id":"https:\/\/secure.gravatar.com\/avatar\/f6ce2f6728fbdf920737112fe70682512808577befa2c9c7845c04a8449b8f03?s=96&r=g","url":"https:\/\/secure.gravatar.com\/avatar\/f6ce2f6728fbdf920737112fe70682512808577befa2c9c7845c04a8449b8f03?s=96&r=g","contentUrl":"https:\/\/secure.gravatar.com\/avatar\/f6ce2f6728fbdf920737112fe70682512808577befa2c9c7845c04a8449b8f03?s=96&r=g","caption":"Corrado Morra"},"description":"Esperto di arti visive e di cinema, insegna Sceneggiatura alla Scuola di cinema Pigrecoemme di Napoli, di cui \u00e8 tra i fondatori.","sameAs":["http:\/\/www.pigrecoemme.com\/","https:\/\/www.facebook.com\/corrado.morra1"],"url":"https:\/\/www.pigrecoemme.com\/blog\/author\/corrado-morra\/"}]}},"jetpack_sharing_enabled":true,"jetpack_likes_enabled":true,"jetpack-related-posts":[{"id":612,"url":"https:\/\/www.pigrecoemme.com\/blog\/il-3-ed-il-4-aprile-torna-il-workshop-di-regia-con-stefano-incerti-made-in-pigrec\/","url_meta":{"origin":327,"position":0},"title":"Il 3 ed il 4 aprile torna il workshop di regia con Stefano Incerti","author":"Rosario Gallone","date":"14 Marzo 2013","format":false,"excerpt":"Il 3 e 4 aprile prossimi torner\u00e0 uno degli appuntamenti annuali pi\u00f9 attesi di Pigrecoemme: il workshop di regia (12 ore) condotto da Stefano Incerti. Incerti ha esordito nel 1995 con\u00a0Il verificatore e da subito si \u00e8 distinto dal gruppo del cosiddetto Nuovo Cinema Napoletano, per uno sguardo pi\u00f9 attento\u2026","rel":"","context":"In &quot;Eventi&quot;","block_context":{"text":"Eventi","link":"https:\/\/www.pigrecoemme.com\/blog\/eventi\/"},"img":{"alt_text":"","src":"https:\/\/i0.wp.com\/www.pigrecoemme.com\/blog\/wp-content\/uploads\/2013\/03\/stefano_incerti-234x300.jpg?resize=350%2C200","width":350,"height":200},"classes":[]},{"id":462,"url":"https:\/\/www.pigrecoemme.com\/blog\/workshop-di-regia-con-stefano-incerti-il-2-e-3-febbraio\/","url_meta":{"origin":327,"position":1},"title":"Workshop di regia con Stefano Incerti il 2 e 3 febbraio","author":"Giacomo Fabbrocino","date":"31 Gennaio 2012","format":false,"excerpt":"Il workshop di regia condotto\u00a0presso Pigrecoemme a Napoli\u00a0da Stefano Incerti (Gorbaciof, L'uomo di vetro, I Vesuviani, Il Verificatore sono tra i suoi film pi\u00f9 noti) si terr\u00e0 quest'anno gioved\u00ec 2 febbraio (h 15,30 - 19,30) e venerd\u00ec 3 febbraio (h. 10.00 - \u00a014.00 \u00a0e h. 15,00-19,00). Se siete interessati, potete\u2026","rel":"","context":"In &quot;Generale&quot;","block_context":{"text":"Generale","link":"https:\/\/www.pigrecoemme.com\/blog\/generale\/"},"img":{"alt_text":"","src":"https:\/\/i0.wp.com\/www.pigrecoemme.com\/blog\/wp-content\/uploads\/2011\/01\/stefano-incerti-233x300.jpg?resize=350%2C200","width":350,"height":200},"classes":[]},{"id":444,"url":"https:\/\/www.pigrecoemme.com\/blog\/il-2012-di-pigrecoemme-sfida-i-maya\/","url_meta":{"origin":327,"position":2},"title":"Il 2012 di Pigrecoemme sfida i Maya","author":"Rosario Gallone","date":"20 Dicembre 2011","format":false,"excerpt":"A bottega (bottega Pigrecoemme, si intende) ci piace pensare che il nostro futuro sia ancora lungo e pieno di soddisfazioni. Checch\u00e9 ne pensino i Maya. Ed allora diamo subito il via alla nuova stagione 2012 di corsi a partire dal 16 gennaio 2012 con il nuovo Corso base di Fotografia.\u2026","rel":"","context":"In &quot;Generale&quot;","block_context":{"text":"Generale","link":"https:\/\/www.pigrecoemme.com\/blog\/generale\/"},"img":{"alt_text":"","src":"https:\/\/i0.wp.com\/www.pigrecoemme.com\/blog\/wp-content\/uploads\/2011\/12\/scuola-di-cinema-400x100-300x75.png?resize=350%2C200","width":350,"height":200},"classes":[]},{"id":1879,"url":"https:\/\/www.pigrecoemme.com\/blog\/la-parrucchiera-la-drammedia-di-stefano-incerti\/","url_meta":{"origin":327,"position":3},"title":"La parrucchiera &#8211; Una drammedia di Stefano Incerti","author":"Pigrecoemme","date":"13 Aprile 2017","format":false,"excerpt":"Questo post non \u00e8 una vera e propria recensione. Perch\u00e9\u00a0La parrucchiera, l'ultima regia di\u00a0Stefano Incerti, \u00e8 un'opera alla quale siamo legati per diversi motivi: per il numero di amici (Gennaro Fasolino,\u00a0Cesare Accetta)\u00a0e docenti della Pigrecoemme coinvolti (da\u00a0Renato Lori alla scenografia ad\u00a0Annalisa Ciaramella ai costumi senza dimenticare il regista stesso e\u2026","rel":"","context":"In &quot;Analisi e Critica&quot;","block_context":{"text":"Analisi e Critica","link":"https:\/\/www.pigrecoemme.com\/blog\/analisi-e-critica-2\/"},"img":{"alt_text":"la parrucchiera - di stefano incerti","src":"https:\/\/i0.wp.com\/www.pigrecoemme.com\/blog\/wp-content\/uploads\/2017\/04\/la-parrucchiera-stefano-incerti.jpg?resize=350%2C200","width":350,"height":200},"classes":[]},{"id":545,"url":"https:\/\/www.pigrecoemme.com\/blog\/giovedi-18-corti-dautore-alla-pigrecoemme\/","url_meta":{"origin":327,"position":4},"title":"Gioved\u00ec 18 corti d&#8217;autore alla Pigrecoemme","author":"Giacomo Fabbrocino","date":"16 Ottobre 2012","format":false,"excerpt":"Ambra Angiolini in Insula di Eric Alexander Gioved\u00ec 18 ottobre, alle ore 17,00, alla Scuola di cinema Pigrecoemme di Napoli, serata dedicata alla storia del cortometraggio d'autore, con un'interessante rassegna di film brevi di filmaker aderenti alla FEDIC, la Federazione italiana dei cineclub. La selezione metter\u00e0 a confronto quattro titoli\u2026","rel":"","context":"In &quot;Eventi&quot;","block_context":{"text":"Eventi","link":"https:\/\/www.pigrecoemme.com\/blog\/eventi\/"},"img":{"alt_text":"","src":"https:\/\/i0.wp.com\/www.pigrecoemme.com\/blog\/wp-content\/uploads\/2012\/10\/ambra-angiolini-in-insula-di-eric-alexander.jpg?resize=350%2C200&ssl=1","width":350,"height":200,"srcset":"https:\/\/i0.wp.com\/www.pigrecoemme.com\/blog\/wp-content\/uploads\/2012\/10\/ambra-angiolini-in-insula-di-eric-alexander.jpg?resize=350%2C200&ssl=1 1x, https:\/\/i0.wp.com\/www.pigrecoemme.com\/blog\/wp-content\/uploads\/2012\/10\/ambra-angiolini-in-insula-di-eric-alexander.jpg?resize=525%2C300&ssl=1 1.5x"},"classes":[]},{"id":1133,"url":"https:\/\/www.pigrecoemme.com\/blog\/neve-recensione-del-film-di-stefano-incerti\/","url_meta":{"origin":327,"position":5},"title":"Neve &#8211; recensione del film di Stefano Incerti","author":"Giacomo Fabbrocino","date":"13 Dicembre 2014","format":false,"excerpt":"Il settimo lungometraggio diretto da Stefano Incerti sta avendo una vita difficile: snobbato\u00a0dai festival di Venezia e Roma, rimandato dalla distribuzione un po' pi\u00f9 a lungo del necessario e penalizzato da una promozione insicura, Neve rischia di passare inosservato e di non raggiungere il suo pubblico. Perch\u00e9 s\u00ec, questo film\u2026","rel":"","context":"In &quot;Analisi e Critica&quot;","block_context":{"text":"Analisi e Critica","link":"https:\/\/www.pigrecoemme.com\/blog\/analisi-e-critica-2\/"},"img":{"alt_text":"neve-stefano-incerti-2","src":"https:\/\/i0.wp.com\/www.pigrecoemme.com\/blog\/wp-content\/uploads\/2014\/12\/neve-stefano-incerti-2.jpg?resize=350%2C200","width":350,"height":200},"classes":[]}],"jetpack_featured_media_url":"","_links":{"self":[{"href":"https:\/\/www.pigrecoemme.com\/blog\/wp-json\/wp\/v2\/posts\/327","targetHints":{"allow":["GET"]}}],"collection":[{"href":"https:\/\/www.pigrecoemme.com\/blog\/wp-json\/wp\/v2\/posts"}],"about":[{"href":"https:\/\/www.pigrecoemme.com\/blog\/wp-json\/wp\/v2\/types\/post"}],"author":[{"embeddable":true,"href":"https:\/\/www.pigrecoemme.com\/blog\/wp-json\/wp\/v2\/users\/2"}],"replies":[{"embeddable":true,"href":"https:\/\/www.pigrecoemme.com\/blog\/wp-json\/wp\/v2\/comments?post=327"}],"version-history":[{"count":0,"href":"https:\/\/www.pigrecoemme.com\/blog\/wp-json\/wp\/v2\/posts\/327\/revisions"}],"wp:attachment":[{"href":"https:\/\/www.pigrecoemme.com\/blog\/wp-json\/wp\/v2\/media?parent=327"}],"wp:term":[{"taxonomy":"category","embeddable":true,"href":"https:\/\/www.pigrecoemme.com\/blog\/wp-json\/wp\/v2\/categories?post=327"},{"taxonomy":"post_tag","embeddable":true,"href":"https:\/\/www.pigrecoemme.com\/blog\/wp-json\/wp\/v2\/tags?post=327"}],"curies":[{"name":"wp","href":"https:\/\/api.w.org\/{rel}","templated":true}]}}