{"id":32,"date":"2008-02-04T23:42:58","date_gmt":"2008-02-04T21:42:58","guid":{"rendered":"http:\/\/www.pigrecoemme.com\/blog\/o-curt-x-edizione-del-festival-del-cortometraggio\/"},"modified":"2015-01-09T00:52:19","modified_gmt":"2015-01-08T23:52:19","slug":"o-curt-x-edizione-del-festival-del-cortometraggio","status":"publish","type":"post","link":"https:\/\/www.pigrecoemme.com\/blog\/o-curt-x-edizione-del-festival-del-cortometraggio\/","title":{"rendered":"&#8216;O Curt &#8211; X edizione del festival del cortometraggio"},"content":{"rendered":"<p>Dal 6 al 9 febbraio a Napoli si rinnova l\u2019appuntamento con \u2019O CURT Festival del cortometraggio, che quest\u2019anno giunge al prestigioso traguardo della decima edizione.<br \/>\nLa rassegna, a cura della Mediateca S. Sofia dell\u2019Assessorato alle Politiche giovanili &#8211; Servizio Giovani in collaborazione con La Scuola di Cinema e Televisione Pigrecoemme di Napoli, si terr\u00e0 come di consueto presso l\u2019Institut Fran\u00e7ais de Naples Le Grenoble di Via Crispi e presso il PAN &#8211; Palazzo delle Arti di Napoli di Via dei Mille. Ad entrambe le sedi l\u2019ingresso \u00e8 libero.<\/p>\n<p>Ricco di eventi il programma che vede la presenza di numerosi artisti internazionali: presso la sede del Grenoble saranno 25 i titoli tra italiani e stranieri a contendersi il premio assegnato dalla giuria composta, per quest&#8217;edizione, dal regista e attore Massimo Andrei, dal critico e giornalista Alberto Castellano e dall&#8217;attrice Cristina Donadio.<\/p>\n<p>Corposa la sezione Vetrina che presenta 39 titoli tutti di grande interesse.<br \/>\nSeguono la rassegna di cortometraggi prodotti dalle Scuole di cinema, una breve ma significativa rassegna di cortometraggi presentati dall&#8217;Associazione Dongfang e l&#8217;inedita sezione dedicataai documentari:Docurt.<\/p>\n<p>Alle tematiche sociali sar\u00e0 rivolto ampio spazio con la sezione Educationala cura dell&#8217;Associazione Il Cerriglio, e con il Workshop Espresso Corto diretto dal regista Rosario Gallone della Scuola di cinema e televisione Pigrecoemme che coinvolger\u00e0 in una frenetica sessione di regia cinematografica gli allievi delle scuole superiori.<\/p>\n<p>Cliciak, la pi\u00f9 importante mostra Italiana sui fotografi di scena, sar\u00e0, anche quest\u2019anno, uno degli eventi della kermesse: in collaborazione con il Centro Cinema Citt\u00e0 di Cesena, e a cura di Antonio Maraldi la mostra delle foto in concorso sar\u00e0 accompagnata da una personale dedicata a Huguette Ronald, la prima, e per anni unica, fotografa di scena degli anni &#8217;50 e &#8217;60 in Italia.<\/p>\n<p>Da segnalare, inoltre, la presenza, il 7 febbraio al Grenoble, di un grande maestro del cinema italiano, Ugo Gregoretti che presenter\u00e0, in anteprima assoluta, Cinque anni dopo, film-inchiesta del 1968 perso e ritrovato solo di recente, e la pioneristica docu-fiction Apollon: una fabbrica occupata. Il 9 febbraio, invece, sar\u00e0 la volta di un&#8217;altra anteprima nazionale, Cerasella film-documento di Massimo Andrei sulla figura della femminella.<\/p>\n<p>Infine, al PAN di Via dei Mille, il 6 e il 9 febbraio sar\u00e0 possibile assistere alle proiezioni della sezione Videoclip, curata da Freak Out Magazine, con una selezione di video di alcune delle pi\u00f9 interessanti band del panorama musicale italiano, e ad una serie di cortometraggi di produzione spagnola e tedesca, tra le pi\u00f9 attente, nell&#8217;attuale cinematografia europea, alla ricerca formale.<br \/>\nNella stessa sede, il 7 febbraio, l&#8217;Associazione Donne in nero interverr\u00e0 ad un incontro sulla pace al quale parteciper\u00e0 anche il regista Vincenzo Mistretta, di cui sar\u00e0 presentato Women in Black.<\/p>\n<p>Per il programma ed altre info: <a href=\"http:\/\/www.ocurt.it\/\">http:\/\/www.ocurt.it\/<\/a><\/p>\n<p>&#8216;O Curt \u00e8 anche su MySpace: <a href=\"http:\/\/www.myspace.com\/ocurt\">http:\/\/www.myspace.com\/ocurt<\/a><\/p>\n","protected":false},"excerpt":{"rendered":"<p>Dal 6 al 9 febbraio a Napoli si rinnova l\u2019appuntamento con \u2019O CURT Festival del cortometraggio, che quest\u2019anno giunge al prestigioso traguardo della decima edizione. La rassegna, a cura della Mediateca S. Sofia dell\u2019Assessorato&hellip;<\/p>\n","protected":false},"author":1,"featured_media":0,"comment_status":"open","ping_status":"open","sticky":false,"template":"","format":"standard","meta":{"_jetpack_newsletter_access":"","_jetpack_dont_email_post_to_subs":false,"_jetpack_newsletter_tier_id":0,"_jetpack_memberships_contains_paywalled_content":false,"_jetpack_feature_clip_id":0,"_jetpack_memberships_contains_paid_content":false,"footnotes":"","jetpack_post_was_ever_published":false},"categories":[11],"tags":[84,88,42,85,77,87,28,86],"class_list":["post-32","post","type-post","status-publish","format-standard","hentry","category-eventi","tag-o-curt","tag-corti","tag-cortometraggi","tag-festival","tag-napoli","tag-scuole-di-cinema","tag-ugo-gregoretti","tag-videoclip"],"yoast_head":"<!-- This site is optimized with the Yoast SEO plugin v28.3 - https:\/\/yoast.com\/product\/yoast-seo-wordpress\/ -->\n<title>&#039;O Curt - X edizione del festival del cortometraggio<\/title>\n<meta name=\"robots\" content=\"index, follow, max-snippet:-1, max-image-preview:large, max-video-preview:-1\" \/>\n<link rel=\"canonical\" href=\"https:\/\/www.pigrecoemme.com\/blog\/o-curt-x-edizione-del-festival-del-cortometraggio\/\" \/>\n<meta property=\"og:locale\" content=\"it_IT\" \/>\n<meta property=\"og:type\" content=\"article\" \/>\n<meta property=\"og:title\" content=\"&#039;O Curt - X edizione del festival del cortometraggio\" \/>\n<meta property=\"og:description\" content=\"Dal 6 al 9 febbraio a Napoli si rinnova l\u2019appuntamento con \u2019O CURT Festival del cortometraggio, che quest\u2019anno giunge al prestigioso traguardo della decima edizione. La rassegna, a cura della Mediateca S. Sofia dell\u2019Assessorato alle Politiche giovanili &#8211; Servizio Giovani &hellip; Continue reading &rarr;\" \/>\n<meta property=\"og:url\" content=\"https:\/\/www.pigrecoemme.com\/blog\/o-curt-x-edizione-del-festival-del-cortometraggio\/\" \/>\n<meta property=\"og:site_name\" content=\"Scuola di Cinema Pigrecoemme - Blog\" \/>\n<meta property=\"article:publisher\" content=\"https:\/\/www.facebook.com\/pigrecoemme\" \/>\n<meta property=\"article:author\" content=\"https:\/\/www.facebook.com\/giacomo.fabbrocino\" \/>\n<meta property=\"article:published_time\" content=\"2008-02-04T21:42:58+00:00\" \/>\n<meta property=\"article:modified_time\" content=\"2015-01-08T23:52:19+00:00\" \/>\n<meta property=\"og:image\" content=\"https:\/\/i0.wp.com\/www.pigrecoemme.com\/blog\/wp-content\/uploads\/2014\/11\/pigrecoemme-test1.jpg?fit=484%2C252&ssl=1\" \/>\n\t<meta property=\"og:image:width\" content=\"484\" \/>\n\t<meta property=\"og:image:height\" content=\"252\" \/>\n\t<meta property=\"og:image:type\" content=\"image\/jpeg\" \/>\n<meta name=\"author\" content=\"Giacomo Fabbrocino\" \/>\n<meta name=\"twitter:card\" content=\"summary_large_image\" \/>\n<meta name=\"twitter:creator\" content=\"@Pigrecoemme\" \/>\n<meta name=\"twitter:site\" content=\"@Pigrecoemme\" \/>\n<meta name=\"twitter:label1\" content=\"Scritto da\" \/>\n\t<meta name=\"twitter:data1\" content=\"Giacomo Fabbrocino\" \/>\n\t<meta name=\"twitter:label2\" content=\"Tempo di lettura stimato\" \/>\n\t<meta name=\"twitter:data2\" content=\"2 minuti\" \/>\n<script type=\"application\/ld+json\" class=\"yoast-schema-graph\">{\"@context\":\"https:\\\/\\\/schema.org\",\"@graph\":[{\"@type\":[\"Article\",\"BlogPosting\"],\"@id\":\"https:\\\/\\\/www.pigrecoemme.com\\\/blog\\\/o-curt-x-edizione-del-festival-del-cortometraggio\\\/#article\",\"isPartOf\":{\"@id\":\"https:\\\/\\\/www.pigrecoemme.com\\\/blog\\\/o-curt-x-edizione-del-festival-del-cortometraggio\\\/\"},\"author\":{\"name\":\"Giacomo Fabbrocino\",\"@id\":\"https:\\\/\\\/www.pigrecoemme.com\\\/blog\\\/#\\\/schema\\\/person\\\/57fa822c3d209d3a2612fd0411ae63f4\"},\"headline\":\"&#8216;O Curt &#8211; X edizione del festival del cortometraggio\",\"datePublished\":\"2008-02-04T21:42:58+00:00\",\"dateModified\":\"2015-01-08T23:52:19+00:00\",\"mainEntityOfPage\":{\"@id\":\"https:\\\/\\\/www.pigrecoemme.com\\\/blog\\\/o-curt-x-edizione-del-festival-del-cortometraggio\\\/\"},\"wordCount\":477,\"commentCount\":0,\"publisher\":{\"@id\":\"https:\\\/\\\/www.pigrecoemme.com\\\/blog\\\/#organization\"},\"keywords\":[\"'o curt\",\"corti\",\"cortometraggi\",\"festival\",\"napoli\",\"scuole di cinema\",\"ugo gregoretti\",\"videoclip\"],\"articleSection\":[\"Eventi\"],\"inLanguage\":\"it-IT\",\"potentialAction\":[{\"@type\":\"CommentAction\",\"name\":\"Comment\",\"target\":[\"https:\\\/\\\/www.pigrecoemme.com\\\/blog\\\/o-curt-x-edizione-del-festival-del-cortometraggio\\\/#respond\"]}]},{\"@type\":\"WebPage\",\"@id\":\"https:\\\/\\\/www.pigrecoemme.com\\\/blog\\\/o-curt-x-edizione-del-festival-del-cortometraggio\\\/\",\"url\":\"https:\\\/\\\/www.pigrecoemme.com\\\/blog\\\/o-curt-x-edizione-del-festival-del-cortometraggio\\\/\",\"name\":\"'O Curt - X edizione del festival del cortometraggio\",\"isPartOf\":{\"@id\":\"https:\\\/\\\/www.pigrecoemme.com\\\/blog\\\/#website\"},\"datePublished\":\"2008-02-04T21:42:58+00:00\",\"dateModified\":\"2015-01-08T23:52:19+00:00\",\"breadcrumb\":{\"@id\":\"https:\\\/\\\/www.pigrecoemme.com\\\/blog\\\/o-curt-x-edizione-del-festival-del-cortometraggio\\\/#breadcrumb\"},\"inLanguage\":\"it-IT\",\"potentialAction\":[{\"@type\":\"ReadAction\",\"target\":[\"https:\\\/\\\/www.pigrecoemme.com\\\/blog\\\/o-curt-x-edizione-del-festival-del-cortometraggio\\\/\"]}]},{\"@type\":\"BreadcrumbList\",\"@id\":\"https:\\\/\\\/www.pigrecoemme.com\\\/blog\\\/o-curt-x-edizione-del-festival-del-cortometraggio\\\/#breadcrumb\",\"itemListElement\":[{\"@type\":\"ListItem\",\"position\":1,\"name\":\"Home\",\"item\":\"https:\\\/\\\/www.pigrecoemme.com\\\/blog\\\/\"},{\"@type\":\"ListItem\",\"position\":2,\"name\":\"&#8216;O Curt &#8211; X edizione del festival del cortometraggio\"}]},{\"@type\":\"WebSite\",\"@id\":\"https:\\\/\\\/www.pigrecoemme.com\\\/blog\\\/#website\",\"url\":\"https:\\\/\\\/www.pigrecoemme.com\\\/blog\\\/\",\"name\":\"Scuola di Cinema Pigrecoemme - Blog\",\"description\":\"Siamo la prima Scuola di Cinema e Fotografia di Napoli\",\"publisher\":{\"@id\":\"https:\\\/\\\/www.pigrecoemme.com\\\/blog\\\/#organization\"},\"potentialAction\":[{\"@type\":\"SearchAction\",\"target\":{\"@type\":\"EntryPoint\",\"urlTemplate\":\"https:\\\/\\\/www.pigrecoemme.com\\\/blog\\\/?s={search_term_string}\"},\"query-input\":{\"@type\":\"PropertyValueSpecification\",\"valueRequired\":true,\"valueName\":\"search_term_string\"}}],\"inLanguage\":\"it-IT\"},{\"@type\":\"Organization\",\"@id\":\"https:\\\/\\\/www.pigrecoemme.com\\\/blog\\\/#organization\",\"name\":\"Scuola di cinema e fotografia Pigrecoemme\",\"url\":\"https:\\\/\\\/www.pigrecoemme.com\\\/blog\\\/\",\"logo\":{\"@type\":\"ImageObject\",\"inLanguage\":\"it-IT\",\"@id\":\"https:\\\/\\\/www.pigrecoemme.com\\\/blog\\\/#\\\/schema\\\/logo\\\/image\\\/\",\"url\":\"https:\\\/\\\/i0.wp.com\\\/www.pigrecoemme.com\\\/blog\\\/wp-content\\\/uploads\\\/2018\\\/06\\\/logo-pigrecoemme-2018.png?fit=500%2C500&ssl=1\",\"contentUrl\":\"https:\\\/\\\/i0.wp.com\\\/www.pigrecoemme.com\\\/blog\\\/wp-content\\\/uploads\\\/2018\\\/06\\\/logo-pigrecoemme-2018.png?fit=500%2C500&ssl=1\",\"width\":500,\"height\":500,\"caption\":\"Scuola di cinema e fotografia Pigrecoemme\"},\"image\":{\"@id\":\"https:\\\/\\\/www.pigrecoemme.com\\\/blog\\\/#\\\/schema\\\/logo\\\/image\\\/\"},\"sameAs\":[\"https:\\\/\\\/www.facebook.com\\\/pigrecoemme\",\"https:\\\/\\\/x.com\\\/Pigrecoemme\",\"https:\\\/\\\/www.instagram.com\\\/pigrecoemme\\\/\",\"https:\\\/\\\/www.linkedin.com\\\/company\\\/pigrecoemme\\\/\",\"https:\\\/\\\/www.youtube.com\\\/pigrecoemme\"]},{\"@type\":\"Person\",\"@id\":\"https:\\\/\\\/www.pigrecoemme.com\\\/blog\\\/#\\\/schema\\\/person\\\/57fa822c3d209d3a2612fd0411ae63f4\",\"name\":\"Giacomo Fabbrocino\",\"image\":{\"@type\":\"ImageObject\",\"inLanguage\":\"it-IT\",\"@id\":\"https:\\\/\\\/secure.gravatar.com\\\/avatar\\\/0e4dfd4d05c06a03fffaffeb36fb181415ba11b91a6b566fa2e8ada75927db32?s=96&r=g\",\"url\":\"https:\\\/\\\/secure.gravatar.com\\\/avatar\\\/0e4dfd4d05c06a03fffaffeb36fb181415ba11b91a6b566fa2e8ada75927db32?s=96&r=g\",\"contentUrl\":\"https:\\\/\\\/secure.gravatar.com\\\/avatar\\\/0e4dfd4d05c06a03fffaffeb36fb181415ba11b91a6b566fa2e8ada75927db32?s=96&r=g\",\"caption\":\"Giacomo Fabbrocino\"},\"description\":\"Montatore cinematografico, autore di documentari sull'arte e di video d'artista, Giacomo \u00e8 responsabile della didattica e della comunicazione web della Scuola di Cinema, Fotografia e Televisione Pigrecoemme di Napoli.\",\"sameAs\":[\"http:\\\/\\\/www.pigrecoemme.com\\\/\",\"https:\\\/\\\/www.facebook.com\\\/giacomo.fabbrocino\"],\"url\":\"https:\\\/\\\/www.pigrecoemme.com\\\/blog\\\/author\\\/giacomo-fabbrocino\\\/\"}]}<\/script>\n<!-- \/ Yoast SEO plugin. -->","yoast_head_json":{"title":"'O Curt - X edizione del festival del cortometraggio","robots":{"index":"index","follow":"follow","max-snippet":"max-snippet:-1","max-image-preview":"max-image-preview:large","max-video-preview":"max-video-preview:-1"},"canonical":"https:\/\/www.pigrecoemme.com\/blog\/o-curt-x-edizione-del-festival-del-cortometraggio\/","og_locale":"it_IT","og_type":"article","og_title":"'O Curt - X edizione del festival del cortometraggio","og_description":"Dal 6 al 9 febbraio a Napoli si rinnova l\u2019appuntamento con \u2019O CURT Festival del cortometraggio, che quest\u2019anno giunge al prestigioso traguardo della decima edizione. La rassegna, a cura della Mediateca S. Sofia dell\u2019Assessorato alle Politiche giovanili &#8211; Servizio Giovani &hellip; Continue reading &rarr;","og_url":"https:\/\/www.pigrecoemme.com\/blog\/o-curt-x-edizione-del-festival-del-cortometraggio\/","og_site_name":"Scuola di Cinema Pigrecoemme - Blog","article_publisher":"https:\/\/www.facebook.com\/pigrecoemme","article_author":"https:\/\/www.facebook.com\/giacomo.fabbrocino","article_published_time":"2008-02-04T21:42:58+00:00","article_modified_time":"2015-01-08T23:52:19+00:00","og_image":[{"width":484,"height":252,"url":"https:\/\/i0.wp.com\/www.pigrecoemme.com\/blog\/wp-content\/uploads\/2014\/11\/pigrecoemme-test1.jpg?fit=484%2C252&ssl=1","type":"image\/jpeg"}],"author":"Giacomo Fabbrocino","twitter_card":"summary_large_image","twitter_creator":"@Pigrecoemme","twitter_site":"@Pigrecoemme","twitter_misc":{"Scritto da":"Giacomo Fabbrocino","Tempo di lettura stimato":"2 minuti"},"schema":{"@context":"https:\/\/schema.org","@graph":[{"@type":["Article","BlogPosting"],"@id":"https:\/\/www.pigrecoemme.com\/blog\/o-curt-x-edizione-del-festival-del-cortometraggio\/#article","isPartOf":{"@id":"https:\/\/www.pigrecoemme.com\/blog\/o-curt-x-edizione-del-festival-del-cortometraggio\/"},"author":{"name":"Giacomo Fabbrocino","@id":"https:\/\/www.pigrecoemme.com\/blog\/#\/schema\/person\/57fa822c3d209d3a2612fd0411ae63f4"},"headline":"&#8216;O Curt &#8211; X edizione del festival del cortometraggio","datePublished":"2008-02-04T21:42:58+00:00","dateModified":"2015-01-08T23:52:19+00:00","mainEntityOfPage":{"@id":"https:\/\/www.pigrecoemme.com\/blog\/o-curt-x-edizione-del-festival-del-cortometraggio\/"},"wordCount":477,"commentCount":0,"publisher":{"@id":"https:\/\/www.pigrecoemme.com\/blog\/#organization"},"keywords":["'o curt","corti","cortometraggi","festival","napoli","scuole di cinema","ugo gregoretti","videoclip"],"articleSection":["Eventi"],"inLanguage":"it-IT","potentialAction":[{"@type":"CommentAction","name":"Comment","target":["https:\/\/www.pigrecoemme.com\/blog\/o-curt-x-edizione-del-festival-del-cortometraggio\/#respond"]}]},{"@type":"WebPage","@id":"https:\/\/www.pigrecoemme.com\/blog\/o-curt-x-edizione-del-festival-del-cortometraggio\/","url":"https:\/\/www.pigrecoemme.com\/blog\/o-curt-x-edizione-del-festival-del-cortometraggio\/","name":"'O Curt - X edizione del festival del cortometraggio","isPartOf":{"@id":"https:\/\/www.pigrecoemme.com\/blog\/#website"},"datePublished":"2008-02-04T21:42:58+00:00","dateModified":"2015-01-08T23:52:19+00:00","breadcrumb":{"@id":"https:\/\/www.pigrecoemme.com\/blog\/o-curt-x-edizione-del-festival-del-cortometraggio\/#breadcrumb"},"inLanguage":"it-IT","potentialAction":[{"@type":"ReadAction","target":["https:\/\/www.pigrecoemme.com\/blog\/o-curt-x-edizione-del-festival-del-cortometraggio\/"]}]},{"@type":"BreadcrumbList","@id":"https:\/\/www.pigrecoemme.com\/blog\/o-curt-x-edizione-del-festival-del-cortometraggio\/#breadcrumb","itemListElement":[{"@type":"ListItem","position":1,"name":"Home","item":"https:\/\/www.pigrecoemme.com\/blog\/"},{"@type":"ListItem","position":2,"name":"&#8216;O Curt &#8211; X edizione del festival del cortometraggio"}]},{"@type":"WebSite","@id":"https:\/\/www.pigrecoemme.com\/blog\/#website","url":"https:\/\/www.pigrecoemme.com\/blog\/","name":"Scuola di Cinema Pigrecoemme - Blog","description":"Siamo la prima Scuola di Cinema e Fotografia di Napoli","publisher":{"@id":"https:\/\/www.pigrecoemme.com\/blog\/#organization"},"potentialAction":[{"@type":"SearchAction","target":{"@type":"EntryPoint","urlTemplate":"https:\/\/www.pigrecoemme.com\/blog\/?s={search_term_string}"},"query-input":{"@type":"PropertyValueSpecification","valueRequired":true,"valueName":"search_term_string"}}],"inLanguage":"it-IT"},{"@type":"Organization","@id":"https:\/\/www.pigrecoemme.com\/blog\/#organization","name":"Scuola di cinema e fotografia Pigrecoemme","url":"https:\/\/www.pigrecoemme.com\/blog\/","logo":{"@type":"ImageObject","inLanguage":"it-IT","@id":"https:\/\/www.pigrecoemme.com\/blog\/#\/schema\/logo\/image\/","url":"https:\/\/i0.wp.com\/www.pigrecoemme.com\/blog\/wp-content\/uploads\/2018\/06\/logo-pigrecoemme-2018.png?fit=500%2C500&ssl=1","contentUrl":"https:\/\/i0.wp.com\/www.pigrecoemme.com\/blog\/wp-content\/uploads\/2018\/06\/logo-pigrecoemme-2018.png?fit=500%2C500&ssl=1","width":500,"height":500,"caption":"Scuola di cinema e fotografia Pigrecoemme"},"image":{"@id":"https:\/\/www.pigrecoemme.com\/blog\/#\/schema\/logo\/image\/"},"sameAs":["https:\/\/www.facebook.com\/pigrecoemme","https:\/\/x.com\/Pigrecoemme","https:\/\/www.instagram.com\/pigrecoemme\/","https:\/\/www.linkedin.com\/company\/pigrecoemme\/","https:\/\/www.youtube.com\/pigrecoemme"]},{"@type":"Person","@id":"https:\/\/www.pigrecoemme.com\/blog\/#\/schema\/person\/57fa822c3d209d3a2612fd0411ae63f4","name":"Giacomo Fabbrocino","image":{"@type":"ImageObject","inLanguage":"it-IT","@id":"https:\/\/secure.gravatar.com\/avatar\/0e4dfd4d05c06a03fffaffeb36fb181415ba11b91a6b566fa2e8ada75927db32?s=96&r=g","url":"https:\/\/secure.gravatar.com\/avatar\/0e4dfd4d05c06a03fffaffeb36fb181415ba11b91a6b566fa2e8ada75927db32?s=96&r=g","contentUrl":"https:\/\/secure.gravatar.com\/avatar\/0e4dfd4d05c06a03fffaffeb36fb181415ba11b91a6b566fa2e8ada75927db32?s=96&r=g","caption":"Giacomo Fabbrocino"},"description":"Montatore cinematografico, autore di documentari sull'arte e di video d'artista, Giacomo \u00e8 responsabile della didattica e della comunicazione web della Scuola di Cinema, Fotografia e Televisione Pigrecoemme di Napoli.","sameAs":["http:\/\/www.pigrecoemme.com\/","https:\/\/www.facebook.com\/giacomo.fabbrocino"],"url":"https:\/\/www.pigrecoemme.com\/blog\/author\/giacomo-fabbrocino\/"}]}},"jetpack_sharing_enabled":true,"jetpack_likes_enabled":true,"jetpack-related-posts":[{"id":127,"url":"https:\/\/www.pigrecoemme.com\/blog\/un-passo-indetro-in-concorso-al-festival-o-curt\/","url_meta":{"origin":32,"position":0},"title":"Un passo indetro in concorso al festival &#8216;O Curt","author":"Corrado Morra","date":"11 Febbraio 2009","format":false,"excerpt":"Un passo indietro, il cortometraggio realizzato dagli allievi dell'ultimo corso annuale della Scuola di cinema Pigrecoemme, \u00e8 in concorso all'XI edizione del festival del cortometraggio 'O Curt. Il film, diretto da Marco Pugliese, \u00e8 cos\u00ec tra i 27 titoli selezionati tra le oltre trecento opere brevi, provenienti dall\u2019Italia e dall\u2019estero,\u2026","rel":"","context":"In &quot;Eventi&quot;","block_context":{"text":"Eventi","link":"https:\/\/www.pigrecoemme.com\/blog\/eventi\/"},"img":{"alt_text":"","src":"https:\/\/i0.wp.com\/www.pigrecoemme.com\/blog\/wp-content\/uploads\/2009\/02\/un_passo_indietro.jpg?resize=350%2C200","width":350,"height":200},"classes":[]},{"id":46,"url":"https:\/\/www.pigrecoemme.com\/blog\/espresso-corto-al-grenoble\/","url_meta":{"origin":32,"position":1},"title":"Espresso Corto al Grenoble","author":"Giacomo Fabbrocino","date":"7 Aprile 2008","format":false,"excerpt":"Durante 'O Curt Io (Giacomo) e Rosario abbiamo tenuto un laboratorio secondo la formula Espresso Corto con i Ragazzi del Liceo Classico Genovesi e dell'IPIA di Ponticelli. La formula, una nostra proposta per animazioni e laboratori nelle scuole, prevede che si scriva, si giri e si monti un corto in\u2026","rel":"","context":"In &quot;Generale&quot;","block_context":{"text":"Generale","link":"https:\/\/www.pigrecoemme.com\/blog\/generale\/"},"img":{"alt_text":"","src":"","width":0,"height":0},"classes":[]},{"id":33,"url":"https:\/\/www.pigrecoemme.com\/blog\/grande-successo-al-grenoble-ieri-per-o-curt\/","url_meta":{"origin":32,"position":2},"title":"Grande successo al Grenoble ieri  per &#8216;O CURT","author":"Giacomo Fabbrocino","date":"10 Febbraio 2008","format":false,"excerpt":"Ok, ok, il titolo pu\u00f2 sembrare autocelebrativo e sensazionalistico, ma cosa si pu\u00f2 dire quando si attira tanto pubblico da non poterlo quasi ospitare in sala? Ieri sera, dalle 18.00 in poi sono state almeno cinquanta le persone che, pur di seguire il finale del festival, sono rimaste in piedi\u2026","rel":"","context":"In &quot;Eventi&quot;","block_context":{"text":"Eventi","link":"https:\/\/www.pigrecoemme.com\/blog\/eventi\/"},"img":{"alt_text":"","src":"","width":0,"height":0},"classes":[]},{"id":40,"url":"https:\/\/www.pigrecoemme.com\/blog\/servizio-rai-su-o-curt\/","url_meta":{"origin":32,"position":3},"title":"Servizio RAI su &#8216;O Curt","author":"Giacomo Fabbrocino","date":"5 Marzo 2008","format":false,"excerpt":"Oggi, alle ore 15.00 la trasmissione Ne@polis di RAI 3, uno dei rari spazi del palinsesto nazionale in chiaro ad occuparsi di nuove tecnologie, di linguaggi e di comunicazione, ha dedicato un servizio a 'O Curt, il festival del cortometraggio organizzato da Pigrecoemme per il Comune di Napoli. Potete vederlo\u2026","rel":"","context":"In &quot;Generale&quot;","block_context":{"text":"Generale","link":"https:\/\/www.pigrecoemme.com\/blog\/generale\/"},"img":{"alt_text":"","src":"","width":0,"height":0},"classes":[]},{"id":80,"url":"https:\/\/www.pigrecoemme.com\/blog\/undicesimo-italienska-filmfestivalen\/","url_meta":{"origin":32,"position":4},"title":"Undicesimo Italienska Filmfestivalen","author":"Giacomo Fabbrocino","date":"10 Settembre 2008","format":false,"excerpt":"Si terr\u00e0 dal 26 settembre al 2 ottobre l'undicesima edizione dell'Italian Film Festival di Stoccolma, manifestazione organizzata dall\u2019Istituto Italiano di Cultura della capitale svedese e dalla FICC (Federazione Italiana dei Circoli del Cinema) con la direzione artistica e organizzativa dello scandinavista e storico del cinema Vincenzo Esposito, docente di storia\u2026","rel":"","context":"In &quot;Eventi&quot;","block_context":{"text":"Eventi","link":"https:\/\/www.pigrecoemme.com\/blog\/eventi\/"},"img":{"alt_text":"","src":"https:\/\/i0.wp.com\/www.pigrecoemme.com\/blog\/wp-content\/uploads\/2008\/09\/filmfestivalen2008-150x150.jpg?resize=350%2C200","width":350,"height":200},"classes":[]},{"id":51,"url":"https:\/\/www.pigrecoemme.com\/blog\/filmuto-al-napolifilmfestival\/","url_meta":{"origin":32,"position":5},"title":"Filmuto al NapoliFilmFestival","author":"Giacomo Fabbrocino","date":"19 Maggio 2008","format":false,"excerpt":"Il cortometraggio \"Filmuto\", realizzato dagli allievi del corso di regia condotto da Pigrecoemme presso la Mediateca Santa Sofia del Comune di Napoli, \u00e8 stato selezionato per il concorso Schermo Napoli Corti 2008 del NapoliFilmFestival. Interamente scritto e diretto dagli allievi del corso, tutti alla prima esperienza, \"Filmuto\" \u00e8 un piccolo\u2026","rel":"","context":"In &quot;Scuola di cinema&quot;","block_context":{"text":"Scuola di cinema","link":"https:\/\/www.pigrecoemme.com\/blog\/scuola-di-cinema\/"},"img":{"alt_text":"","src":"","width":0,"height":0},"classes":[]}],"jetpack_featured_media_url":"","_links":{"self":[{"href":"https:\/\/www.pigrecoemme.com\/blog\/wp-json\/wp\/v2\/posts\/32","targetHints":{"allow":["GET"]}}],"collection":[{"href":"https:\/\/www.pigrecoemme.com\/blog\/wp-json\/wp\/v2\/posts"}],"about":[{"href":"https:\/\/www.pigrecoemme.com\/blog\/wp-json\/wp\/v2\/types\/post"}],"author":[{"embeddable":true,"href":"https:\/\/www.pigrecoemme.com\/blog\/wp-json\/wp\/v2\/users\/1"}],"replies":[{"embeddable":true,"href":"https:\/\/www.pigrecoemme.com\/blog\/wp-json\/wp\/v2\/comments?post=32"}],"version-history":[{"count":0,"href":"https:\/\/www.pigrecoemme.com\/blog\/wp-json\/wp\/v2\/posts\/32\/revisions"}],"wp:attachment":[{"href":"https:\/\/www.pigrecoemme.com\/blog\/wp-json\/wp\/v2\/media?parent=32"}],"wp:term":[{"taxonomy":"category","embeddable":true,"href":"https:\/\/www.pigrecoemme.com\/blog\/wp-json\/wp\/v2\/categories?post=32"},{"taxonomy":"post_tag","embeddable":true,"href":"https:\/\/www.pigrecoemme.com\/blog\/wp-json\/wp\/v2\/tags?post=32"}],"curies":[{"name":"wp","href":"https:\/\/api.w.org\/{rel}","templated":true}]}}