{"id":3196,"date":"2022-08-22T14:28:04","date_gmt":"2022-08-22T12:28:04","guid":{"rendered":"https:\/\/www.pigrecoemme.com\/blog\/?p=3196"},"modified":"2022-09-04T12:56:41","modified_gmt":"2022-09-04T10:56:41","slug":"corso-di-fotografia-open-day-il-9-settembre","status":"publish","type":"post","link":"https:\/\/www.pigrecoemme.com\/blog\/corso-di-fotografia-open-day-il-9-settembre\/","title":{"rendered":"Corso di fotografia: open day il 9 settembre!"},"content":{"rendered":"\n<figure class=\"wp-block-image size-full is-style-default\"><a href=\"https:\/\/i0.wp.com\/www.pigrecoemme.com\/blog\/wp-content\/uploads\/2022\/08\/open-day-fotografia.jpg?ssl=1\"><img data-recalc-dims=\"1\" loading=\"lazy\" decoding=\"async\" width=\"1200\" height=\"1697\" src=\"https:\/\/i0.wp.com\/www.pigrecoemme.com\/blog\/wp-content\/uploads\/2022\/08\/open-day-fotografia.jpg?resize=1200%2C1697&#038;ssl=1\" alt=\"open day corso di fotografia\" class=\"wp-image-3197\" srcset=\"https:\/\/i0.wp.com\/www.pigrecoemme.com\/blog\/wp-content\/uploads\/2022\/08\/open-day-fotografia.jpg?w=1414&amp;ssl=1 1414w, https:\/\/i0.wp.com\/www.pigrecoemme.com\/blog\/wp-content\/uploads\/2022\/08\/open-day-fotografia.jpg?resize=212%2C300&amp;ssl=1 212w, https:\/\/i0.wp.com\/www.pigrecoemme.com\/blog\/wp-content\/uploads\/2022\/08\/open-day-fotografia.jpg?resize=724%2C1024&amp;ssl=1 724w, https:\/\/i0.wp.com\/www.pigrecoemme.com\/blog\/wp-content\/uploads\/2022\/08\/open-day-fotografia.jpg?resize=768%2C1086&amp;ssl=1 768w, https:\/\/i0.wp.com\/www.pigrecoemme.com\/blog\/wp-content\/uploads\/2022\/08\/open-day-fotografia.jpg?resize=1086%2C1536&amp;ssl=1 1086w\" sizes=\"auto, (max-width: 1200px) 100vw, 1200px\" \/><\/a><\/figure>\n\n\n\n<p>Il mondo della fotografia \u00e8 cambiato radicalmente con l\u2019avvento dei social network. I mezzi moderni troppo facilmente producono migliaia di immagini <em>pr\u00eat-\u00e0-porter <\/em>&#8211; presto dimenticate in archivi digitali &#8211; e convincono troppo spesso il novello fotoamatore di essere l\u2019erede di Ansel Adams. Tutto questo, ovviamente, ricade sul mercato professionale, gi\u00e0 ampiamente dequalificato nell\u2019era del digitale. \u00c8 necessario quindi riappropriarsi dello sguardo, che, prima di ogni mezzo fotografico, pu\u00f2 servire al fine richiesto.<\/p>\n\n\n\n<p><br \/><strong>Venerd\u00ec 9 settembre<\/strong> alle ore 16:30 presso la sede della Pigrecoemme (<a href=\"https:\/\/g.page\/Pigrecoemme?share\" target=\"_blank\" rel=\"noreferrer noopener\">Piazza Portanova 11, Napoli<\/a>) si presenteranno <a href=\"https:\/\/www.pigrecoemme.com\/corso-fotografia\/corso-di-fotografia-2.htm\">i due corsi<\/a> dedicati sia a chi si avvicina alla fotografia per la prima volta, sia a chi della fotografia vuole fare un mestiere. Il <a href=\"https:\/\/www.pigrecoemme.com\/docenti\/federico-passaro.php\">docente<\/a> sar\u00e0 presente e pronto a rispondere a qualsiasi domanda e curiosit\u00e0 e guider\u00e0 i partecipanti in shooting professionali. Verranno realizzati dei ritratti e degli scatti di fotografia commerciale in due setup luci differenti.<\/p>\n\n\n\n<!--more-->\n\n\n\n<h3 class=\"wp-block-heading\">DOVE E QUANDO?<\/h3>\n\n\n\n<p>L\u2019incontro avr\u00e0 luogo venerd\u00ec 9 settembre, dalle 16:30, presso la sede della Scuola di cinema e fotografia Pigrecoemme (<a href=\"https:\/\/g.page\/Pigrecoemme?share\" target=\"_blank\" rel=\"noreferrer noopener\">Piazza Portanova 11, Napoli<\/a>).<\/p>\n\n\n\n<h3 class=\"wp-block-heading\">COME PARTECIPARE<\/h3>\n\n\n\n<p>Fino a esaurimento posti l\u2019ingresso \u00e8 gratuito. \u00c8 gradita la prenotazione al numero <a href=\"tel:+390815635188\">081.5635188<\/a>.<\/p>\n\n\n\n<h3 class=\"wp-block-heading\">GLI ALTRI CORSI IN PARTENZA<\/h3>\n\n\n\n<p>Vi rcordiamo che il 22 ottobre parte il <a href=\"https:\/\/www.pigrecoemme.com\/corsi\/scuola-di-cinema.htm\">Corso Master (cinema)<\/a>, il 25 ottobre inizia il corso <a href=\"https:\/\/www.pigrecoemme.com\/corsi\/corso-filmmaker.php\">Filmmaker<\/a>, che sono aperte le candidature al <a href=\"https:\/\/www.pigrecoemme.com\/corsi\/corso-recitazione-cinematografica.htm\">Corso annuale di recitazione<\/a> e che il 12 settembre parte il corso online di <a href=\"https:\/\/www.pigrecoemme.com\/corsi\/corso-critica-cinematografica.htm\">Analisi e Critica del film<\/a>. <br \/>Sul nostro sito trovi tutte le informazioni su gli altri <a href=\"https:\/\/www.pigrecoemme.com\/corsi.htm\">corsi di cinema<\/a> in partenza.<\/p>\n","protected":false},"excerpt":{"rendered":"<p>Il mondo della fotografia \u00e8 cambiato radicalmente con l\u2019avvento dei social network. I mezzi moderni troppo facilmente producono migliaia di immagini pr\u00eat-\u00e0-porter &#8211; presto dimenticate in archivi digitali &#8211; e convincono troppo spesso il novello fotoamatore di essere l\u2019erede di Ansel Adams. Tutto questo, ovviamente, ricade sul mercato professionale, gi\u00e0 ampiamente dequalificato nell\u2019era del digitale. &#8230; <a title=\"Corso di fotografia: open day il 9 settembre!\" class=\"read-more\" href=\"https:\/\/www.pigrecoemme.com\/blog\/corso-di-fotografia-open-day-il-9-settembre\/\" aria-label=\"Per saperne di pi\u00f9 su Corso di fotografia: open day il 9 settembre!\">Leggi tutto<\/a><\/p>\n","protected":false},"author":4,"featured_media":0,"comment_status":"open","ping_status":"open","sticky":false,"template":"","format":"standard","meta":{"om_disable_all_campaigns":false,"_monsterinsights_skip_tracking":false,"_monsterinsights_sitenote_active":false,"_monsterinsights_sitenote_note":"","_monsterinsights_sitenote_category":0,"jetpack_post_was_ever_published":false,"_jetpack_newsletter_access":"","_jetpack_dont_email_post_to_subs":false,"_jetpack_newsletter_tier_id":0,"_jetpack_memberships_contains_paywalled_content":false,"_jetpack_memberships_contains_paid_content":false,"footnotes":""},"categories":[11,21,1,1523],"tags":[2327,1283,1487],"class_list":["post-3196","post","type-post","status-publish","format-standard","hentry","category-eventi","category-fotografia","category-generale","category-incontri-fotografici","tag-corso-di-fotografia-2","tag-fotografia","tag-open-day"],"aioseo_notices":[],"jetpack_featured_media_url":"","jetpack_sharing_enabled":true,"jetpack_likes_enabled":true,"jetpack-related-posts":[],"_links":{"self":[{"href":"https:\/\/www.pigrecoemme.com\/blog\/wp-json\/wp\/v2\/posts\/3196","targetHints":{"allow":["GET"]}}],"collection":[{"href":"https:\/\/www.pigrecoemme.com\/blog\/wp-json\/wp\/v2\/posts"}],"about":[{"href":"https:\/\/www.pigrecoemme.com\/blog\/wp-json\/wp\/v2\/types\/post"}],"author":[{"embeddable":true,"href":"https:\/\/www.pigrecoemme.com\/blog\/wp-json\/wp\/v2\/users\/4"}],"replies":[{"embeddable":true,"href":"https:\/\/www.pigrecoemme.com\/blog\/wp-json\/wp\/v2\/comments?post=3196"}],"version-history":[{"count":1,"href":"https:\/\/www.pigrecoemme.com\/blog\/wp-json\/wp\/v2\/posts\/3196\/revisions"}],"predecessor-version":[{"id":3202,"href":"https:\/\/www.pigrecoemme.com\/blog\/wp-json\/wp\/v2\/posts\/3196\/revisions\/3202"}],"wp:attachment":[{"href":"https:\/\/www.pigrecoemme.com\/blog\/wp-json\/wp\/v2\/media?parent=3196"}],"wp:term":[{"taxonomy":"category","embeddable":true,"href":"https:\/\/www.pigrecoemme.com\/blog\/wp-json\/wp\/v2\/categories?post=3196"},{"taxonomy":"post_tag","embeddable":true,"href":"https:\/\/www.pigrecoemme.com\/blog\/wp-json\/wp\/v2\/tags?post=3196"}],"curies":[{"name":"wp","href":"https:\/\/api.w.org\/{rel}","templated":true}]}}