{"id":318,"date":"2010-12-17T13:15:44","date_gmt":"2010-12-17T11:15:44","guid":{"rendered":"http:\/\/www.pigrecoemme.com\/blog\/?p=318"},"modified":"2010-12-17T19:02:57","modified_gmt":"2010-12-17T17:02:57","slug":"non-perdete-luomo-di-vetro-stasera-su-rai-tre","status":"publish","type":"post","link":"https:\/\/www.pigrecoemme.com\/blog\/non-perdete-luomo-di-vetro-stasera-su-rai-tre\/","title":{"rendered":"Non perdete &#8220;L&#8217;uomo di vetro&#8221;, stasera su Rai Tre"},"content":{"rendered":"<p><a href=\"https:\/\/i0.wp.com\/www.pigrecoemme.com\/blog\/wp-content\/uploads\/2010\/12\/uomo-di-vetro.jpg?ssl=1\"><img data-recalc-dims=\"1\" loading=\"lazy\" decoding=\"async\" class=\"alignleft size-medium wp-image-319\" title=\"L\\'uomo di vetro\" src=\"https:\/\/i0.wp.com\/www.pigrecoemme.com\/blog\/wp-content\/uploads\/2010\/12\/uomo-di-vetro.jpg?resize=210%2C300&#038;ssl=1\" alt=\"\" width=\"210\" height=\"300\" srcset=\"https:\/\/i0.wp.com\/www.pigrecoemme.com\/blog\/wp-content\/uploads\/2010\/12\/uomo-di-vetro.jpg?resize=210%2C300&amp;ssl=1 210w, https:\/\/i0.wp.com\/www.pigrecoemme.com\/blog\/wp-content\/uploads\/2010\/12\/uomo-di-vetro.jpg?w=500&amp;ssl=1 500w\" sizes=\"auto, (max-width: 210px) 100vw, 210px\" \/><\/a>No, non perdetelo, perch\u00e9 <em>L&#8217;uomo di vetro <\/em>di \u00a0<a href=\"http:\/\/www.imdb.com\/name\/nm0408440\/\" target=\"_blank\">Stefano Incerti<\/a> (<strong>che terr\u00e0 un seminario presso la scuola di cinema Pigrecoemme ill 20 ed il 21 gennaio<\/strong>) \u00e8 un film che concentra in s\u00e9 il meglio del cinema Italiano degli ultimi anni. A recitare la parte di Leonardo Vitale, il primo &#8220;pentito di mafia&#8221;,\u00a0un eccezionale David Coco accompagnato da un cast d&#8217;eccellenza: Tony Sperandeo,\u00a0Ninni Bruschetta e Anna Bonaiuto. Alla sceneggiatura una delle pi\u00f9 brillanti penne del cinema italiano,\u00a0<a href=\"http:\/\/www.imdb.com\/name\/nm0772144\/\" target=\"_blank\">Heidrun Schleef<\/a>. Alla fotografia <a href=\"http:\/\/www.imdb.com\/name\/nm0546938\/\" target=\"_blank\">Pasquale Mari<\/a>, gi\u00e0 responsabile della luministica di almeno tre dei capolavori italiani degli ultimi anni (<span><a href=\"http:\/\/www.imdb.com\/title\/tt0377569\/\" target=\"_blank\">Buongiorno, notte<\/a><\/span>,\u00a0<span><a href=\"http:\/\/www.imdb.com\/title\/tt0433624\/\" target=\"_blank\">Il regista di matrimoni<\/a><\/span> e\u00a0<span><a href=\"http:\/\/www.imdb.com\/title\/tt0317965\/\" target=\"_blank\">L&#8217;ora di religione<\/a><\/span>). La scenografia \u00e8 firmata da\u00a0<a href=\"http:\/\/www.imdb.com\/name\/nm0002595\/\" target=\"_blank\">Renato Lori<\/a>, anch&#8217;egli <a href=\"http:\/\/www.pigrecoemme.com\/corsi\/corso-scenografia.htm\" target=\"_blank\">docente<\/a> presso Pigrecoemme.<\/p>\n<p>Non perdetelo, perch\u00e9 <em>L&#8217;uomo di vetro<\/em> (distribuito malissimo alla sua uscita nelle sale) \u00e8,\u00a0a partire dal tema di cui tratta per arrivare al rigore della messa in scena,\u00a0un film profondamente morale, onesto ed importante che indica una strada oggi pi\u00f9 che necessaria per il nostro cinema: quella dell&#8217;impegno civile. Una strada che Stefano Incerti, poi, continuer\u00e0 a percorrere col successivo e bellissimo <a href=\"http:\/\/www.imdb.com\/title\/tt1236389\/\" target=\"_blank\">Complici del silenzio<\/a>.<\/p>\n<p><strong>L&#8217;uomo di vetro, venerd\u00ec 17 dicembre, ore 21.05, Rai Tre.<\/strong><\/p>\n<p style=\"text-align: center;\"><object classid=\"clsid:d27cdb6e-ae6d-11cf-96b8-444553540000\" width=\"460\" height=\"283\" codebase=\"http:\/\/download.macromedia.com\/pub\/shockwave\/cabs\/flash\/swflash.cab#version=6,0,40,0\"><param name=\"allowFullScreen\" value=\"true\" \/><param name=\"allowscriptaccess\" value=\"always\" \/><param name=\"src\" value=\"http:\/\/www.youtube.com\/v\/4yaaAHowDe4?fs=1&amp;hl=it_IT&amp;rel=0&amp;color1=0xe1600f&amp;color2=0xfebd01\" \/><\/object><\/p>\n","protected":false},"excerpt":{"rendered":"<p>No, non perdetelo, perch\u00e9 L&#8217;uomo di vetro di \u00a0Stefano Incerti (che terr\u00e0 un seminario presso la scuola di cinema Pigrecoemme ill 20 ed il 21 gennaio) \u00e8 un film che concentra in s\u00e9 il&hellip;<\/p>\n","protected":false},"author":1,"featured_media":0,"comment_status":"open","ping_status":"open","sticky":false,"template":"","format":"standard","meta":{"_jetpack_newsletter_access":"","_jetpack_dont_email_post_to_subs":false,"_jetpack_newsletter_tier_id":0,"_jetpack_memberships_contains_paywalled_content":false,"_jetpack_feature_clip_id":0,"_jetpack_memberships_contains_paid_content":false,"footnotes":"","jetpack_post_was_ever_published":false},"categories":[11,1,3],"tags":[495,496,64,435],"class_list":["post-318","post","type-post","status-publish","format-standard","hentry","category-eventi","category-generale","category-scuola-di-cinema","tag-luomo-di-vetro","tag-rai-tre","tag-renato-lori","tag-stefano-incerti"],"yoast_head":"<!-- This site is optimized with the Yoast SEO plugin v28.3 - https:\/\/yoast.com\/product\/yoast-seo-wordpress\/ -->\n<title>Non perdete &quot;L&#039;uomo di vetro&quot;, stasera su Rai Tre<\/title>\n<meta name=\"robots\" content=\"index, follow, max-snippet:-1, max-image-preview:large, max-video-preview:-1\" \/>\n<link rel=\"canonical\" href=\"https:\/\/www.pigrecoemme.com\/blog\/non-perdete-luomo-di-vetro-stasera-su-rai-tre\/\" \/>\n<meta property=\"og:locale\" content=\"it_IT\" \/>\n<meta property=\"og:type\" content=\"article\" \/>\n<meta property=\"og:title\" content=\"Non perdete &quot;L&#039;uomo di vetro&quot;, stasera su Rai Tre\" \/>\n<meta property=\"og:description\" content=\"No, non perdetelo, perch\u00e9 L&#8217;uomo di vetro di \u00a0Stefano Incerti (che terr\u00e0 un seminario presso la scuola di cinema Pigrecoemme ill 20 ed il 21 gennaio) \u00e8 un film che concentra in s\u00e9 il&hellip;\" \/>\n<meta property=\"og:url\" content=\"https:\/\/www.pigrecoemme.com\/blog\/non-perdete-luomo-di-vetro-stasera-su-rai-tre\/\" \/>\n<meta property=\"og:site_name\" content=\"Scuola di Cinema Pigrecoemme - Blog\" \/>\n<meta property=\"article:publisher\" content=\"https:\/\/www.facebook.com\/pigrecoemme\" \/>\n<meta property=\"article:author\" content=\"https:\/\/www.facebook.com\/giacomo.fabbrocino\" \/>\n<meta property=\"article:published_time\" content=\"2010-12-17T11:15:44+00:00\" \/>\n<meta property=\"article:modified_time\" content=\"2010-12-17T17:02:57+00:00\" \/>\n<meta property=\"og:image\" content=\"http:\/\/www.pigrecoemme.com\/blog\/wp-content\/uploads\/2010\/12\/uomo-di-vetro-210x300.jpg\" \/>\n<meta name=\"author\" content=\"Giacomo Fabbrocino\" \/>\n<meta name=\"twitter:card\" content=\"summary_large_image\" \/>\n<meta name=\"twitter:creator\" content=\"@Pigrecoemme\" \/>\n<meta name=\"twitter:site\" content=\"@Pigrecoemme\" \/>\n<meta name=\"twitter:label1\" content=\"Scritto da\" \/>\n\t<meta name=\"twitter:data1\" content=\"Giacomo Fabbrocino\" \/>\n\t<meta name=\"twitter:label2\" content=\"Tempo di lettura stimato\" \/>\n\t<meta name=\"twitter:data2\" content=\"1 minuto\" \/>\n<script type=\"application\/ld+json\" class=\"yoast-schema-graph\">{\"@context\":\"https:\\\/\\\/schema.org\",\"@graph\":[{\"@type\":[\"Article\",\"BlogPosting\"],\"@id\":\"https:\\\/\\\/www.pigrecoemme.com\\\/blog\\\/non-perdete-luomo-di-vetro-stasera-su-rai-tre\\\/#article\",\"isPartOf\":{\"@id\":\"https:\\\/\\\/www.pigrecoemme.com\\\/blog\\\/non-perdete-luomo-di-vetro-stasera-su-rai-tre\\\/\"},\"author\":{\"name\":\"Giacomo Fabbrocino\",\"@id\":\"https:\\\/\\\/www.pigrecoemme.com\\\/blog\\\/#\\\/schema\\\/person\\\/57fa822c3d209d3a2612fd0411ae63f4\"},\"headline\":\"Non perdete &#8220;L&#8217;uomo di vetro&#8221;, stasera su Rai Tre\",\"datePublished\":\"2010-12-17T11:15:44+00:00\",\"dateModified\":\"2010-12-17T17:02:57+00:00\",\"mainEntityOfPage\":{\"@id\":\"https:\\\/\\\/www.pigrecoemme.com\\\/blog\\\/non-perdete-luomo-di-vetro-stasera-su-rai-tre\\\/\"},\"wordCount\":206,\"commentCount\":0,\"publisher\":{\"@id\":\"https:\\\/\\\/www.pigrecoemme.com\\\/blog\\\/#organization\"},\"image\":{\"@id\":\"https:\\\/\\\/www.pigrecoemme.com\\\/blog\\\/non-perdete-luomo-di-vetro-stasera-su-rai-tre\\\/#primaryimage\"},\"thumbnailUrl\":\"http:\\\/\\\/www.pigrecoemme.com\\\/blog\\\/wp-content\\\/uploads\\\/2010\\\/12\\\/uomo-di-vetro-210x300.jpg\",\"keywords\":[\"l'uomo di vetro\",\"rai tre\",\"renato lori\",\"stefano incerti\"],\"articleSection\":[\"Eventi\",\"Generale\",\"Scuola di cinema\"],\"inLanguage\":\"it-IT\",\"potentialAction\":[{\"@type\":\"CommentAction\",\"name\":\"Comment\",\"target\":[\"https:\\\/\\\/www.pigrecoemme.com\\\/blog\\\/non-perdete-luomo-di-vetro-stasera-su-rai-tre\\\/#respond\"]}]},{\"@type\":\"WebPage\",\"@id\":\"https:\\\/\\\/www.pigrecoemme.com\\\/blog\\\/non-perdete-luomo-di-vetro-stasera-su-rai-tre\\\/\",\"url\":\"https:\\\/\\\/www.pigrecoemme.com\\\/blog\\\/non-perdete-luomo-di-vetro-stasera-su-rai-tre\\\/\",\"name\":\"Non perdete \\\"L'uomo di vetro\\\", stasera su Rai Tre\",\"isPartOf\":{\"@id\":\"https:\\\/\\\/www.pigrecoemme.com\\\/blog\\\/#website\"},\"primaryImageOfPage\":{\"@id\":\"https:\\\/\\\/www.pigrecoemme.com\\\/blog\\\/non-perdete-luomo-di-vetro-stasera-su-rai-tre\\\/#primaryimage\"},\"image\":{\"@id\":\"https:\\\/\\\/www.pigrecoemme.com\\\/blog\\\/non-perdete-luomo-di-vetro-stasera-su-rai-tre\\\/#primaryimage\"},\"thumbnailUrl\":\"http:\\\/\\\/www.pigrecoemme.com\\\/blog\\\/wp-content\\\/uploads\\\/2010\\\/12\\\/uomo-di-vetro-210x300.jpg\",\"datePublished\":\"2010-12-17T11:15:44+00:00\",\"dateModified\":\"2010-12-17T17:02:57+00:00\",\"breadcrumb\":{\"@id\":\"https:\\\/\\\/www.pigrecoemme.com\\\/blog\\\/non-perdete-luomo-di-vetro-stasera-su-rai-tre\\\/#breadcrumb\"},\"inLanguage\":\"it-IT\",\"potentialAction\":[{\"@type\":\"ReadAction\",\"target\":[\"https:\\\/\\\/www.pigrecoemme.com\\\/blog\\\/non-perdete-luomo-di-vetro-stasera-su-rai-tre\\\/\"]}]},{\"@type\":\"ImageObject\",\"inLanguage\":\"it-IT\",\"@id\":\"https:\\\/\\\/www.pigrecoemme.com\\\/blog\\\/non-perdete-luomo-di-vetro-stasera-su-rai-tre\\\/#primaryimage\",\"url\":\"http:\\\/\\\/www.pigrecoemme.com\\\/blog\\\/wp-content\\\/uploads\\\/2010\\\/12\\\/uomo-di-vetro-210x300.jpg\",\"contentUrl\":\"http:\\\/\\\/www.pigrecoemme.com\\\/blog\\\/wp-content\\\/uploads\\\/2010\\\/12\\\/uomo-di-vetro-210x300.jpg\"},{\"@type\":\"BreadcrumbList\",\"@id\":\"https:\\\/\\\/www.pigrecoemme.com\\\/blog\\\/non-perdete-luomo-di-vetro-stasera-su-rai-tre\\\/#breadcrumb\",\"itemListElement\":[{\"@type\":\"ListItem\",\"position\":1,\"name\":\"Home\",\"item\":\"https:\\\/\\\/www.pigrecoemme.com\\\/blog\\\/\"},{\"@type\":\"ListItem\",\"position\":2,\"name\":\"Non perdete &#8220;L&#8217;uomo di vetro&#8221;, stasera su Rai Tre\"}]},{\"@type\":\"WebSite\",\"@id\":\"https:\\\/\\\/www.pigrecoemme.com\\\/blog\\\/#website\",\"url\":\"https:\\\/\\\/www.pigrecoemme.com\\\/blog\\\/\",\"name\":\"Scuola di Cinema Pigrecoemme - Blog\",\"description\":\"Siamo la prima Scuola di Cinema e Fotografia di Napoli\",\"publisher\":{\"@id\":\"https:\\\/\\\/www.pigrecoemme.com\\\/blog\\\/#organization\"},\"potentialAction\":[{\"@type\":\"SearchAction\",\"target\":{\"@type\":\"EntryPoint\",\"urlTemplate\":\"https:\\\/\\\/www.pigrecoemme.com\\\/blog\\\/?s={search_term_string}\"},\"query-input\":{\"@type\":\"PropertyValueSpecification\",\"valueRequired\":true,\"valueName\":\"search_term_string\"}}],\"inLanguage\":\"it-IT\"},{\"@type\":\"Organization\",\"@id\":\"https:\\\/\\\/www.pigrecoemme.com\\\/blog\\\/#organization\",\"name\":\"Scuola di cinema e fotografia Pigrecoemme\",\"url\":\"https:\\\/\\\/www.pigrecoemme.com\\\/blog\\\/\",\"logo\":{\"@type\":\"ImageObject\",\"inLanguage\":\"it-IT\",\"@id\":\"https:\\\/\\\/www.pigrecoemme.com\\\/blog\\\/#\\\/schema\\\/logo\\\/image\\\/\",\"url\":\"https:\\\/\\\/i0.wp.com\\\/www.pigrecoemme.com\\\/blog\\\/wp-content\\\/uploads\\\/2018\\\/06\\\/logo-pigrecoemme-2018.png?fit=500%2C500&ssl=1\",\"contentUrl\":\"https:\\\/\\\/i0.wp.com\\\/www.pigrecoemme.com\\\/blog\\\/wp-content\\\/uploads\\\/2018\\\/06\\\/logo-pigrecoemme-2018.png?fit=500%2C500&ssl=1\",\"width\":500,\"height\":500,\"caption\":\"Scuola di cinema e fotografia Pigrecoemme\"},\"image\":{\"@id\":\"https:\\\/\\\/www.pigrecoemme.com\\\/blog\\\/#\\\/schema\\\/logo\\\/image\\\/\"},\"sameAs\":[\"https:\\\/\\\/www.facebook.com\\\/pigrecoemme\",\"https:\\\/\\\/x.com\\\/Pigrecoemme\",\"https:\\\/\\\/www.instagram.com\\\/pigrecoemme\\\/\",\"https:\\\/\\\/www.linkedin.com\\\/company\\\/pigrecoemme\\\/\",\"https:\\\/\\\/www.youtube.com\\\/pigrecoemme\"]},{\"@type\":\"Person\",\"@id\":\"https:\\\/\\\/www.pigrecoemme.com\\\/blog\\\/#\\\/schema\\\/person\\\/57fa822c3d209d3a2612fd0411ae63f4\",\"name\":\"Giacomo Fabbrocino\",\"image\":{\"@type\":\"ImageObject\",\"inLanguage\":\"it-IT\",\"@id\":\"https:\\\/\\\/secure.gravatar.com\\\/avatar\\\/0e4dfd4d05c06a03fffaffeb36fb181415ba11b91a6b566fa2e8ada75927db32?s=96&r=g\",\"url\":\"https:\\\/\\\/secure.gravatar.com\\\/avatar\\\/0e4dfd4d05c06a03fffaffeb36fb181415ba11b91a6b566fa2e8ada75927db32?s=96&r=g\",\"contentUrl\":\"https:\\\/\\\/secure.gravatar.com\\\/avatar\\\/0e4dfd4d05c06a03fffaffeb36fb181415ba11b91a6b566fa2e8ada75927db32?s=96&r=g\",\"caption\":\"Giacomo Fabbrocino\"},\"description\":\"Montatore cinematografico, autore di documentari sull'arte e di video d'artista, Giacomo \u00e8 responsabile della didattica e della comunicazione web della Scuola di Cinema, Fotografia e Televisione Pigrecoemme di Napoli.\",\"sameAs\":[\"http:\\\/\\\/www.pigrecoemme.com\\\/\",\"https:\\\/\\\/www.facebook.com\\\/giacomo.fabbrocino\"],\"url\":\"https:\\\/\\\/www.pigrecoemme.com\\\/blog\\\/author\\\/giacomo-fabbrocino\\\/\"}]}<\/script>\n<!-- \/ Yoast SEO plugin. -->","yoast_head_json":{"title":"Non perdete \"L'uomo di vetro\", stasera su Rai Tre","robots":{"index":"index","follow":"follow","max-snippet":"max-snippet:-1","max-image-preview":"max-image-preview:large","max-video-preview":"max-video-preview:-1"},"canonical":"https:\/\/www.pigrecoemme.com\/blog\/non-perdete-luomo-di-vetro-stasera-su-rai-tre\/","og_locale":"it_IT","og_type":"article","og_title":"Non perdete \"L'uomo di vetro\", stasera su Rai Tre","og_description":"No, non perdetelo, perch\u00e9 L&#8217;uomo di vetro di \u00a0Stefano Incerti (che terr\u00e0 un seminario presso la scuola di cinema Pigrecoemme ill 20 ed il 21 gennaio) \u00e8 un film che concentra in s\u00e9 il&hellip;","og_url":"https:\/\/www.pigrecoemme.com\/blog\/non-perdete-luomo-di-vetro-stasera-su-rai-tre\/","og_site_name":"Scuola di Cinema Pigrecoemme - Blog","article_publisher":"https:\/\/www.facebook.com\/pigrecoemme","article_author":"https:\/\/www.facebook.com\/giacomo.fabbrocino","article_published_time":"2010-12-17T11:15:44+00:00","article_modified_time":"2010-12-17T17:02:57+00:00","og_image":[{"url":"http:\/\/www.pigrecoemme.com\/blog\/wp-content\/uploads\/2010\/12\/uomo-di-vetro-210x300.jpg","type":"","width":"","height":""}],"author":"Giacomo Fabbrocino","twitter_card":"summary_large_image","twitter_creator":"@Pigrecoemme","twitter_site":"@Pigrecoemme","twitter_misc":{"Scritto da":"Giacomo Fabbrocino","Tempo di lettura stimato":"1 minuto"},"schema":{"@context":"https:\/\/schema.org","@graph":[{"@type":["Article","BlogPosting"],"@id":"https:\/\/www.pigrecoemme.com\/blog\/non-perdete-luomo-di-vetro-stasera-su-rai-tre\/#article","isPartOf":{"@id":"https:\/\/www.pigrecoemme.com\/blog\/non-perdete-luomo-di-vetro-stasera-su-rai-tre\/"},"author":{"name":"Giacomo Fabbrocino","@id":"https:\/\/www.pigrecoemme.com\/blog\/#\/schema\/person\/57fa822c3d209d3a2612fd0411ae63f4"},"headline":"Non perdete &#8220;L&#8217;uomo di vetro&#8221;, stasera su Rai Tre","datePublished":"2010-12-17T11:15:44+00:00","dateModified":"2010-12-17T17:02:57+00:00","mainEntityOfPage":{"@id":"https:\/\/www.pigrecoemme.com\/blog\/non-perdete-luomo-di-vetro-stasera-su-rai-tre\/"},"wordCount":206,"commentCount":0,"publisher":{"@id":"https:\/\/www.pigrecoemme.com\/blog\/#organization"},"image":{"@id":"https:\/\/www.pigrecoemme.com\/blog\/non-perdete-luomo-di-vetro-stasera-su-rai-tre\/#primaryimage"},"thumbnailUrl":"http:\/\/www.pigrecoemme.com\/blog\/wp-content\/uploads\/2010\/12\/uomo-di-vetro-210x300.jpg","keywords":["l'uomo di vetro","rai tre","renato lori","stefano incerti"],"articleSection":["Eventi","Generale","Scuola di cinema"],"inLanguage":"it-IT","potentialAction":[{"@type":"CommentAction","name":"Comment","target":["https:\/\/www.pigrecoemme.com\/blog\/non-perdete-luomo-di-vetro-stasera-su-rai-tre\/#respond"]}]},{"@type":"WebPage","@id":"https:\/\/www.pigrecoemme.com\/blog\/non-perdete-luomo-di-vetro-stasera-su-rai-tre\/","url":"https:\/\/www.pigrecoemme.com\/blog\/non-perdete-luomo-di-vetro-stasera-su-rai-tre\/","name":"Non perdete \"L'uomo di vetro\", stasera su Rai Tre","isPartOf":{"@id":"https:\/\/www.pigrecoemme.com\/blog\/#website"},"primaryImageOfPage":{"@id":"https:\/\/www.pigrecoemme.com\/blog\/non-perdete-luomo-di-vetro-stasera-su-rai-tre\/#primaryimage"},"image":{"@id":"https:\/\/www.pigrecoemme.com\/blog\/non-perdete-luomo-di-vetro-stasera-su-rai-tre\/#primaryimage"},"thumbnailUrl":"http:\/\/www.pigrecoemme.com\/blog\/wp-content\/uploads\/2010\/12\/uomo-di-vetro-210x300.jpg","datePublished":"2010-12-17T11:15:44+00:00","dateModified":"2010-12-17T17:02:57+00:00","breadcrumb":{"@id":"https:\/\/www.pigrecoemme.com\/blog\/non-perdete-luomo-di-vetro-stasera-su-rai-tre\/#breadcrumb"},"inLanguage":"it-IT","potentialAction":[{"@type":"ReadAction","target":["https:\/\/www.pigrecoemme.com\/blog\/non-perdete-luomo-di-vetro-stasera-su-rai-tre\/"]}]},{"@type":"ImageObject","inLanguage":"it-IT","@id":"https:\/\/www.pigrecoemme.com\/blog\/non-perdete-luomo-di-vetro-stasera-su-rai-tre\/#primaryimage","url":"http:\/\/www.pigrecoemme.com\/blog\/wp-content\/uploads\/2010\/12\/uomo-di-vetro-210x300.jpg","contentUrl":"http:\/\/www.pigrecoemme.com\/blog\/wp-content\/uploads\/2010\/12\/uomo-di-vetro-210x300.jpg"},{"@type":"BreadcrumbList","@id":"https:\/\/www.pigrecoemme.com\/blog\/non-perdete-luomo-di-vetro-stasera-su-rai-tre\/#breadcrumb","itemListElement":[{"@type":"ListItem","position":1,"name":"Home","item":"https:\/\/www.pigrecoemme.com\/blog\/"},{"@type":"ListItem","position":2,"name":"Non perdete &#8220;L&#8217;uomo di vetro&#8221;, stasera su Rai Tre"}]},{"@type":"WebSite","@id":"https:\/\/www.pigrecoemme.com\/blog\/#website","url":"https:\/\/www.pigrecoemme.com\/blog\/","name":"Scuola di Cinema Pigrecoemme - Blog","description":"Siamo la prima Scuola di Cinema e Fotografia di Napoli","publisher":{"@id":"https:\/\/www.pigrecoemme.com\/blog\/#organization"},"potentialAction":[{"@type":"SearchAction","target":{"@type":"EntryPoint","urlTemplate":"https:\/\/www.pigrecoemme.com\/blog\/?s={search_term_string}"},"query-input":{"@type":"PropertyValueSpecification","valueRequired":true,"valueName":"search_term_string"}}],"inLanguage":"it-IT"},{"@type":"Organization","@id":"https:\/\/www.pigrecoemme.com\/blog\/#organization","name":"Scuola di cinema e fotografia Pigrecoemme","url":"https:\/\/www.pigrecoemme.com\/blog\/","logo":{"@type":"ImageObject","inLanguage":"it-IT","@id":"https:\/\/www.pigrecoemme.com\/blog\/#\/schema\/logo\/image\/","url":"https:\/\/i0.wp.com\/www.pigrecoemme.com\/blog\/wp-content\/uploads\/2018\/06\/logo-pigrecoemme-2018.png?fit=500%2C500&ssl=1","contentUrl":"https:\/\/i0.wp.com\/www.pigrecoemme.com\/blog\/wp-content\/uploads\/2018\/06\/logo-pigrecoemme-2018.png?fit=500%2C500&ssl=1","width":500,"height":500,"caption":"Scuola di cinema e fotografia Pigrecoemme"},"image":{"@id":"https:\/\/www.pigrecoemme.com\/blog\/#\/schema\/logo\/image\/"},"sameAs":["https:\/\/www.facebook.com\/pigrecoemme","https:\/\/x.com\/Pigrecoemme","https:\/\/www.instagram.com\/pigrecoemme\/","https:\/\/www.linkedin.com\/company\/pigrecoemme\/","https:\/\/www.youtube.com\/pigrecoemme"]},{"@type":"Person","@id":"https:\/\/www.pigrecoemme.com\/blog\/#\/schema\/person\/57fa822c3d209d3a2612fd0411ae63f4","name":"Giacomo Fabbrocino","image":{"@type":"ImageObject","inLanguage":"it-IT","@id":"https:\/\/secure.gravatar.com\/avatar\/0e4dfd4d05c06a03fffaffeb36fb181415ba11b91a6b566fa2e8ada75927db32?s=96&r=g","url":"https:\/\/secure.gravatar.com\/avatar\/0e4dfd4d05c06a03fffaffeb36fb181415ba11b91a6b566fa2e8ada75927db32?s=96&r=g","contentUrl":"https:\/\/secure.gravatar.com\/avatar\/0e4dfd4d05c06a03fffaffeb36fb181415ba11b91a6b566fa2e8ada75927db32?s=96&r=g","caption":"Giacomo Fabbrocino"},"description":"Montatore cinematografico, autore di documentari sull'arte e di video d'artista, Giacomo \u00e8 responsabile della didattica e della comunicazione web della Scuola di Cinema, Fotografia e Televisione Pigrecoemme di Napoli.","sameAs":["http:\/\/www.pigrecoemme.com\/","https:\/\/www.facebook.com\/giacomo.fabbrocino"],"url":"https:\/\/www.pigrecoemme.com\/blog\/author\/giacomo-fabbrocino\/"}]}},"jetpack_sharing_enabled":true,"jetpack_likes_enabled":true,"jetpack-related-posts":[{"id":612,"url":"https:\/\/www.pigrecoemme.com\/blog\/il-3-ed-il-4-aprile-torna-il-workshop-di-regia-con-stefano-incerti-made-in-pigrec\/","url_meta":{"origin":318,"position":0},"title":"Il 3 ed il 4 aprile torna il workshop di regia con Stefano Incerti","author":"Rosario Gallone","date":"14 Marzo 2013","format":false,"excerpt":"Il 3 e 4 aprile prossimi torner\u00e0 uno degli appuntamenti annuali pi\u00f9 attesi di Pigrecoemme: il workshop di regia (12 ore) condotto da Stefano Incerti. Incerti ha esordito nel 1995 con\u00a0Il verificatore e da subito si \u00e8 distinto dal gruppo del cosiddetto Nuovo Cinema Napoletano, per uno sguardo pi\u00f9 attento\u2026","rel":"","context":"In &quot;Eventi&quot;","block_context":{"text":"Eventi","link":"https:\/\/www.pigrecoemme.com\/blog\/eventi\/"},"img":{"alt_text":"","src":"https:\/\/i0.wp.com\/www.pigrecoemme.com\/blog\/wp-content\/uploads\/2013\/03\/stefano_incerti-234x300.jpg?resize=350%2C200","width":350,"height":200},"classes":[]},{"id":462,"url":"https:\/\/www.pigrecoemme.com\/blog\/workshop-di-regia-con-stefano-incerti-il-2-e-3-febbraio\/","url_meta":{"origin":318,"position":1},"title":"Workshop di regia con Stefano Incerti il 2 e 3 febbraio","author":"Giacomo Fabbrocino","date":"31 Gennaio 2012","format":false,"excerpt":"Il workshop di regia condotto\u00a0presso Pigrecoemme a Napoli\u00a0da Stefano Incerti (Gorbaciof, L'uomo di vetro, I Vesuviani, Il Verificatore sono tra i suoi film pi\u00f9 noti) si terr\u00e0 quest'anno gioved\u00ec 2 febbraio (h 15,30 - 19,30) e venerd\u00ec 3 febbraio (h. 10.00 - \u00a014.00 \u00a0e h. 15,00-19,00). Se siete interessati, potete\u2026","rel":"","context":"In &quot;Generale&quot;","block_context":{"text":"Generale","link":"https:\/\/www.pigrecoemme.com\/blog\/generale\/"},"img":{"alt_text":"","src":"https:\/\/i0.wp.com\/www.pigrecoemme.com\/blog\/wp-content\/uploads\/2011\/01\/stefano-incerti-233x300.jpg?resize=350%2C200","width":350,"height":200},"classes":[]},{"id":327,"url":"https:\/\/www.pigrecoemme.com\/blog\/il-20-e-21-gennaio-workshop-di-regia-a-cura-di-stefano-incerti\/","url_meta":{"origin":318,"position":2},"title":"Il 20 e 21 gennaio, workshop di Regia a cura di Stefano Incerti","author":"Corrado Morra","date":"14 Gennaio 2011","format":false,"excerpt":"Gioved\u00ec 20 e venerd\u00ec 21 gennaio (ore 11.00 - 18.00) il regista e sceneggiatore Stefano Incerti dar\u00e0 vita ad un intenso workshop di Regia cinematografica alla scuola di cinema Pigrecoemme. \u00c8 un ritorno, quello di Incerti alla Pigrecoemme, di cui siamo particolarmente contenti, convinti come siamo che nella ventennale esperienza\u2026","rel":"","context":"In &quot;Eventi&quot;","block_context":{"text":"Eventi","link":"https:\/\/www.pigrecoemme.com\/blog\/eventi\/"},"img":{"alt_text":"","src":"https:\/\/i0.wp.com\/www.pigrecoemme.com\/blog\/wp-content\/uploads\/2011\/01\/stefano-incerti-233x300.jpg?resize=350%2C200","width":350,"height":200},"classes":[]},{"id":346,"url":"https:\/\/www.pigrecoemme.com\/blog\/ad-aprile-corso-di-scenografia-con-renato-lori\/","url_meta":{"origin":318,"position":3},"title":"Ad aprile Corso di Scenografia con Renato Lori","author":"Rosario Gallone","date":"21 Febbraio 2011","format":false,"excerpt":"Anche quest'anno Pigrecoemme organizza un workshop di scenografia per il cinema. Docente, come negli anni passati, Renato Lori, uno dei pi\u00f9 importanti scenografi italiani che vanta nel suo curriculum partecipazioni a film come Il padrino parte III di Francis Ford Coppola ed Opera di Dario Argento. Di grande importanza il\u2026","rel":"","context":"In &quot;Generale&quot;","block_context":{"text":"Generale","link":"https:\/\/www.pigrecoemme.com\/blog\/generale\/"},"img":{"alt_text":"Renato Lori - Docente del workshop di scenografia di Pigrecoemme","src":"https:\/\/i0.wp.com\/www.pigrecoemme.com\/blog\/wp-content\/uploads\/2011\/02\/lori.jpg?resize=350%2C200","width":350,"height":200},"classes":[]},{"id":279,"url":"https:\/\/www.pigrecoemme.com\/blog\/pigrecoemme-regala-gorbaciof-dieci-omaggi-per-il-nuovo-film-di-stefano-incerti\/","url_meta":{"origin":318,"position":4},"title":"Pigrecoemme regala Gorbaciof. Dieci omaggi per il nuovo film di Stefano Incerti.","author":"Giacomo Fabbrocino","date":"14 Ottobre 2010","format":false,"excerpt":"Ai primi dieci allievi o ex allievi dei suoi corsi, che si presenteranno presso la nostra sede di\u00a0Piazza Portanova 11 a partire dalle ore 11.00 di domani venerd\u00ec 15 ottobre 2010, Pigrecoemme sar\u00e0\u00a0lieta di regalare un biglietto per assistere, presso il Multicinema Modernissimo, al nuovo film\u00a0di Stefano Incerti, Gorbaciof. Le\u2026","rel":"","context":"In &quot;Generale&quot;","block_context":{"text":"Generale","link":"https:\/\/www.pigrecoemme.com\/blog\/generale\/"},"img":{"alt_text":"","src":"https:\/\/i0.wp.com\/www.pigrecoemme.com\/blog\/wp-content\/uploads\/2010\/10\/gorbaciof-poster-150x150.jpg?resize=350%2C200","width":350,"height":200},"classes":[]},{"id":294,"url":"https:\/\/www.pigrecoemme.com\/blog\/pigrecoemme-su-radio-club-91\/","url_meta":{"origin":318,"position":5},"title":"Pigrecoemme su Radio Club 91","author":"Rosario Gallone","date":"8 Novembre 2010","format":false,"excerpt":"Radio club 91 intervista Corrado Morra, docente di Sceneggiatura della Scuola di cinema Pigrecoemme.","rel":"","context":"In &quot;Eventi&quot;","block_context":{"text":"Eventi","link":"https:\/\/www.pigrecoemme.com\/blog\/eventi\/"},"img":{"alt_text":"","src":"","width":0,"height":0},"classes":[]}],"jetpack_featured_media_url":"","_links":{"self":[{"href":"https:\/\/www.pigrecoemme.com\/blog\/wp-json\/wp\/v2\/posts\/318","targetHints":{"allow":["GET"]}}],"collection":[{"href":"https:\/\/www.pigrecoemme.com\/blog\/wp-json\/wp\/v2\/posts"}],"about":[{"href":"https:\/\/www.pigrecoemme.com\/blog\/wp-json\/wp\/v2\/types\/post"}],"author":[{"embeddable":true,"href":"https:\/\/www.pigrecoemme.com\/blog\/wp-json\/wp\/v2\/users\/1"}],"replies":[{"embeddable":true,"href":"https:\/\/www.pigrecoemme.com\/blog\/wp-json\/wp\/v2\/comments?post=318"}],"version-history":[{"count":0,"href":"https:\/\/www.pigrecoemme.com\/blog\/wp-json\/wp\/v2\/posts\/318\/revisions"}],"wp:attachment":[{"href":"https:\/\/www.pigrecoemme.com\/blog\/wp-json\/wp\/v2\/media?parent=318"}],"wp:term":[{"taxonomy":"category","embeddable":true,"href":"https:\/\/www.pigrecoemme.com\/blog\/wp-json\/wp\/v2\/categories?post=318"},{"taxonomy":"post_tag","embeddable":true,"href":"https:\/\/www.pigrecoemme.com\/blog\/wp-json\/wp\/v2\/tags?post=318"}],"curies":[{"name":"wp","href":"https:\/\/api.w.org\/{rel}","templated":true}]}}