{"id":316,"date":"2010-12-15T14:07:00","date_gmt":"2010-12-15T12:07:00","guid":{"rendered":"http:\/\/www.pigrecoemme.com\/blog\/?p=316"},"modified":"2010-12-15T15:03:35","modified_gmt":"2010-12-15T13:03:35","slug":"la-mostra-fantastico-napoletano-al-grenoble-fino-al-22-dicembre","status":"publish","type":"post","link":"https:\/\/www.pigrecoemme.com\/blog\/la-mostra-fantastico-napoletano-al-grenoble-fino-al-22-dicembre\/","title":{"rendered":"La mostra Fantastico napoletano, al Grenoble fino al 22 dicembre"},"content":{"rendered":"<p style=\"text-align: center;\"><object classid=\"clsid:d27cdb6e-ae6d-11cf-96b8-444553540000\" width=\"480\" height=\"308\" codebase=\"http:\/\/download.macromedia.com\/pub\/shockwave\/cabs\/flash\/swflash.cab#version=6,0,40,0\"><param name=\"allowFullScreen\" value=\"true\" \/><param name=\"allowscriptaccess\" value=\"always\" \/><param name=\"src\" value=\"http:\/\/www.youtube.com\/v\/J18alGMHSjI?fs=1&amp;hl=it_IT&amp;color1=0xe1600f&amp;color2=0xfebd01\" \/><\/object><\/p>\n<p>Chiusa la rassegna sul <a href=\"http:\/\/www.france-italia.it\/NAPOLI\/cinema_fantastico.php?c=9225&amp;m=25&amp;l=it\">cinema fantastico<\/a>, vi ricordo che, al Grenoble &#8211; l&#8217;Istituto di studi francesi di Via Crispi 86 a Napoli &#8211;\u00a0 la mostra fotografica &#8220;Fantastico napoletano&#8221; pu\u00f2 essere visitata fino al prossimo 22 dicembre (dal luned\u00ec al venerd\u00ec, 9-13,30 e 15-18,30).<br \/>\nSar\u00e0 pure poco elegante dirselo da soli, ma l&#8217;esposizione, che vedeva impegnati sedici fotografi &#8211; studenti dei <a href=\"http:\/\/www.pigrecoemme.com\/corso-fotografia\/corso-di-fotografia-2.htm\">corsi di Fotografia<\/a> di Pigrecoemme e alcuni tra i pi\u00f9 interessanti fotografi della nuova scena napoletana &#8211; \u00e8 stata accolta con grande partecipazione dal pubblico e dalla stampa. In tal senso, vogliamo ringraziare in particolar modo <strong>Alessandro Chetta<\/strong> del <a href=\"http:\/\/corrieredelmezzogiorno.corriere.it\/caserta\/notizie\/spettacoli\/2010\/3-dicembre-2010\/citta-raccontata-40-scatti-ricerca-tracce-fantastiche-1818090259.shtml\">Corriere del Mezzogiorno online<\/a>, <strong>Ilaria Urbani<\/strong> di <a href=\"http:\/\/ricerca.repubblica.it\/repubblica\/archivio\/repubblica\/2010\/12\/05\/cinema-fantastique-francais-con-fotografie-partenopee.html\">Repubblica<\/a> e <strong>Paola De Ciuceis<\/strong> del <a href=\"http:\/\/sfoglia.ilmattino.it\/mattino\/sfoglia.php?pbk=1&amp;Date=20101214&amp;Edition=NAZIONALE&amp;Section=NAZIONALE&amp;Number=48&amp;vis=G\">Mattino<\/a> (se volete leggere l&#8217;articolo sul quotidiano napoletano sul web, bisogna che vi registriate), per l&#8217;attenzione e le belle parole che hanno voluto riservare alla nostra iniziativa.<br \/>\nInoltre, se avete voglia di approfondire un po&#8217; di suggestioni e di spunti di riflessione sui film passati in rassegna e, va da s\u00e9, sulla mostra, vi segnalo che, sulle pagine di <strong>The Others Magazine<\/strong>, la rivista di approfondimento online  di Pigrecoemme (<a href=\"https:\/\/www.pigrecoemme.com\/blog\/the-others-su-gt-channel-la-scuola-di-cinema-e-televisione-pigrecoemme-in-tv\/\">ora anche in TV<\/a>), potrete leggere un bell&#8217;<a href=\"http:\/\/www.theothersmag.com\/index.php?option=com_content&amp;task=view&amp;id=670&amp;Itemid=1\">articolo<\/a> di <strong>Alessandro Cenni<\/strong>, giovane e interessante critico, che, tra l&#8217;altro, abbiamo avuto il piacere di avere come studente dei nostri corsi di <a href=\"http:\/\/www.pigrecoemme.com\/corsi\/corso-critica-cinematografica.htm\">Analisi del film<\/a> e di <a href=\"http:\/\/www.pigrecoemme.com\/corsi\/corso-scrittura-televisione.htm\">Scrittura per la televisione<\/a> (scusate la digressione, ma a proposito di quest&#8217;ultimo corso mi sembra utile informarvi che il <strong>21 gennaio<\/strong> parte di nuovo, confermando la collaborazione con <strong><a href=\"http:\/\/www.imdb.com\/name\/nm1184605\/\">Fabrizio Cestaro<\/a><\/strong>, e allargando la squadra dei docenti ad altri importanti professionisti del settore, tra cui <strong>Benedetta Fabbri<\/strong> (producer <a href=\"http:\/\/www.publispei.it\">Publispei<\/a>) e <strong>Cristina Pittalis<\/strong> (broadcaster <a href=\"http:\/\/www.mediaset.it\">Mediaset<\/a>). Insieme ai curatori dei corsi di Pigrecoemme, chiudono la squadra degli insegnanti: <strong>Anna Coluccino<\/strong> (sceneggiatrice e coordinatrice del corso), <strong>Claudio Grimaldi<\/strong> (sceneggiatore e casting director), il giornalista e critico <strong>Diego Del Pozzo<\/strong>, il direttore della <a href=\"http:\/\/www.fcrc.it\">Film Commission Regione Campania<\/a> <strong>Maurizio Gemma<\/strong> e il regista <a href=\"http:\/\/www.rai.it\">RAI<\/a> <strong>Antonio Mauriello<\/strong>).<br \/>\nInfine, ultimi, doverosi ringraziamenti a <strong>Senny Rapoport<\/strong>, uno dei fotografi in mostra, che, per Pigrecoemme, sta preparando un breve lavoro video sull&#8217;evento e, ultimo ma non ultimo, a <strong>Manuel Scholz<\/strong>, ex studente del nostro <a href=\"http:\/\/www.pigrecoemme.com\/corsi\/scuola-di-cinema.htm#scuola-di-cinema-corso-semestrale\">corso di Cinema<\/a>, autore, in questo caso, della breve, &#8220;godardiana&#8221; \ud83d\ude42 clip sul vernissage dello scorso 6 dicembre, che potete vedere qui sopra.<\/p>\n","protected":false},"excerpt":{"rendered":"<p>Chiusa la rassegna sul cinema fantastico, vi ricordo che, al Grenoble &#8211; l&#8217;Istituto di studi francesi di Via Crispi 86 a Napoli &#8211;\u00a0 la mostra fotografica &#8220;Fantastico napoletano&#8221; pu\u00f2 essere visitata fino al prossimo&hellip;<\/p>\n","protected":false},"author":2,"featured_media":0,"comment_status":"open","ping_status":"open","sticky":false,"template":"","format":"standard","meta":{"_jetpack_newsletter_access":"","_jetpack_dont_email_post_to_subs":false,"_jetpack_newsletter_tier_id":0,"_jetpack_memberships_contains_paywalled_content":false,"_jetpack_feature_clip_id":0,"_jetpack_memberships_contains_paid_content":false,"footnotes":"","jetpack_post_was_ever_published":false},"categories":[11,21,1],"tags":[20,494,1283,352],"class_list":["post-316","post","type-post","status-publish","format-standard","hentry","category-eventi","category-fotografia","category-generale","tag-corso-di-fotografia","tag-corsi-fotografia","tag-fotografia","tag-mostre-di-fotografia-napoli"],"yoast_head":"<!-- This site is optimized with the Yoast SEO plugin v28.3 - https:\/\/yoast.com\/product\/yoast-seo-wordpress\/ -->\n<title>La mostra Fantastico napoletano, al Grenoble fino al 22 dicembre<\/title>\n<meta name=\"robots\" content=\"index, follow, max-snippet:-1, max-image-preview:large, max-video-preview:-1\" \/>\n<link rel=\"canonical\" href=\"https:\/\/www.pigrecoemme.com\/blog\/la-mostra-fantastico-napoletano-al-grenoble-fino-al-22-dicembre\/\" \/>\n<meta property=\"og:locale\" content=\"it_IT\" \/>\n<meta property=\"og:type\" content=\"article\" \/>\n<meta property=\"og:title\" content=\"La mostra Fantastico napoletano, al Grenoble fino al 22 dicembre\" \/>\n<meta property=\"og:description\" content=\"Scuola di Cinema, Televisione e Fotografia - Napoli\" \/>\n<meta property=\"og:url\" content=\"https:\/\/www.pigrecoemme.com\/blog\/la-mostra-fantastico-napoletano-al-grenoble-fino-al-22-dicembre\/\" \/>\n<meta property=\"og:site_name\" content=\"Scuola di Cinema Pigrecoemme - Blog\" \/>\n<meta property=\"article:publisher\" content=\"https:\/\/www.facebook.com\/pigrecoemme\" \/>\n<meta property=\"article:author\" content=\"https:\/\/www.facebook.com\/corrado.morra1\" \/>\n<meta property=\"article:published_time\" content=\"2010-12-15T12:07:00+00:00\" \/>\n<meta property=\"article:modified_time\" content=\"2010-12-15T13:03:35+00:00\" \/>\n<meta property=\"og:image\" content=\"https:\/\/i0.wp.com\/www.pigrecoemme.com\/blog\/wp-content\/uploads\/2014\/11\/pigrecoemme-test1.jpg?fit=484%2C252&ssl=1\" \/>\n\t<meta property=\"og:image:width\" content=\"484\" \/>\n\t<meta property=\"og:image:height\" content=\"252\" \/>\n\t<meta property=\"og:image:type\" content=\"image\/jpeg\" \/>\n<meta name=\"author\" content=\"Corrado Morra\" \/>\n<meta name=\"twitter:card\" content=\"summary_large_image\" \/>\n<meta name=\"twitter:creator\" content=\"@Pigrecoemme\" \/>\n<meta name=\"twitter:site\" content=\"@Pigrecoemme\" \/>\n<meta name=\"twitter:label1\" content=\"Scritto da\" \/>\n\t<meta name=\"twitter:data1\" content=\"Corrado Morra\" \/>\n\t<meta name=\"twitter:label2\" content=\"Tempo di lettura stimato\" \/>\n\t<meta name=\"twitter:data2\" content=\"2 minuti\" \/>\n<script type=\"application\/ld+json\" class=\"yoast-schema-graph\">{\"@context\":\"https:\\\/\\\/schema.org\",\"@graph\":[{\"@type\":[\"Article\",\"BlogPosting\"],\"@id\":\"https:\\\/\\\/www.pigrecoemme.com\\\/blog\\\/la-mostra-fantastico-napoletano-al-grenoble-fino-al-22-dicembre\\\/#article\",\"isPartOf\":{\"@id\":\"https:\\\/\\\/www.pigrecoemme.com\\\/blog\\\/la-mostra-fantastico-napoletano-al-grenoble-fino-al-22-dicembre\\\/\"},\"author\":{\"name\":\"Corrado Morra\",\"@id\":\"https:\\\/\\\/www.pigrecoemme.com\\\/blog\\\/#\\\/schema\\\/person\\\/702764b5ecda4c2f34e82348789f649e\"},\"headline\":\"La mostra Fantastico napoletano, al Grenoble fino al 22 dicembre\",\"datePublished\":\"2010-12-15T12:07:00+00:00\",\"dateModified\":\"2010-12-15T13:03:35+00:00\",\"mainEntityOfPage\":{\"@id\":\"https:\\\/\\\/www.pigrecoemme.com\\\/blog\\\/la-mostra-fantastico-napoletano-al-grenoble-fino-al-22-dicembre\\\/\"},\"wordCount\":384,\"commentCount\":0,\"publisher\":{\"@id\":\"https:\\\/\\\/www.pigrecoemme.com\\\/blog\\\/#organization\"},\"keywords\":[\"\\\"corso di fotografia\\\"\",\"corsi fotografia\",\"fotografia\",\"mostre di fotografia napoli\"],\"articleSection\":[\"Eventi\",\"Fotografia\",\"Generale\"],\"inLanguage\":\"it-IT\",\"potentialAction\":[{\"@type\":\"CommentAction\",\"name\":\"Comment\",\"target\":[\"https:\\\/\\\/www.pigrecoemme.com\\\/blog\\\/la-mostra-fantastico-napoletano-al-grenoble-fino-al-22-dicembre\\\/#respond\"]}]},{\"@type\":\"WebPage\",\"@id\":\"https:\\\/\\\/www.pigrecoemme.com\\\/blog\\\/la-mostra-fantastico-napoletano-al-grenoble-fino-al-22-dicembre\\\/\",\"url\":\"https:\\\/\\\/www.pigrecoemme.com\\\/blog\\\/la-mostra-fantastico-napoletano-al-grenoble-fino-al-22-dicembre\\\/\",\"name\":\"La mostra Fantastico napoletano, al Grenoble fino al 22 dicembre\",\"isPartOf\":{\"@id\":\"https:\\\/\\\/www.pigrecoemme.com\\\/blog\\\/#website\"},\"datePublished\":\"2010-12-15T12:07:00+00:00\",\"dateModified\":\"2010-12-15T13:03:35+00:00\",\"breadcrumb\":{\"@id\":\"https:\\\/\\\/www.pigrecoemme.com\\\/blog\\\/la-mostra-fantastico-napoletano-al-grenoble-fino-al-22-dicembre\\\/#breadcrumb\"},\"inLanguage\":\"it-IT\",\"potentialAction\":[{\"@type\":\"ReadAction\",\"target\":[\"https:\\\/\\\/www.pigrecoemme.com\\\/blog\\\/la-mostra-fantastico-napoletano-al-grenoble-fino-al-22-dicembre\\\/\"]}]},{\"@type\":\"BreadcrumbList\",\"@id\":\"https:\\\/\\\/www.pigrecoemme.com\\\/blog\\\/la-mostra-fantastico-napoletano-al-grenoble-fino-al-22-dicembre\\\/#breadcrumb\",\"itemListElement\":[{\"@type\":\"ListItem\",\"position\":1,\"name\":\"Home\",\"item\":\"https:\\\/\\\/www.pigrecoemme.com\\\/blog\\\/\"},{\"@type\":\"ListItem\",\"position\":2,\"name\":\"La mostra Fantastico napoletano, al Grenoble fino al 22 dicembre\"}]},{\"@type\":\"WebSite\",\"@id\":\"https:\\\/\\\/www.pigrecoemme.com\\\/blog\\\/#website\",\"url\":\"https:\\\/\\\/www.pigrecoemme.com\\\/blog\\\/\",\"name\":\"Scuola di Cinema Pigrecoemme - Blog\",\"description\":\"Siamo la prima Scuola di Cinema e Fotografia di Napoli\",\"publisher\":{\"@id\":\"https:\\\/\\\/www.pigrecoemme.com\\\/blog\\\/#organization\"},\"potentialAction\":[{\"@type\":\"SearchAction\",\"target\":{\"@type\":\"EntryPoint\",\"urlTemplate\":\"https:\\\/\\\/www.pigrecoemme.com\\\/blog\\\/?s={search_term_string}\"},\"query-input\":{\"@type\":\"PropertyValueSpecification\",\"valueRequired\":true,\"valueName\":\"search_term_string\"}}],\"inLanguage\":\"it-IT\"},{\"@type\":\"Organization\",\"@id\":\"https:\\\/\\\/www.pigrecoemme.com\\\/blog\\\/#organization\",\"name\":\"Scuola di cinema e fotografia Pigrecoemme\",\"url\":\"https:\\\/\\\/www.pigrecoemme.com\\\/blog\\\/\",\"logo\":{\"@type\":\"ImageObject\",\"inLanguage\":\"it-IT\",\"@id\":\"https:\\\/\\\/www.pigrecoemme.com\\\/blog\\\/#\\\/schema\\\/logo\\\/image\\\/\",\"url\":\"https:\\\/\\\/i0.wp.com\\\/www.pigrecoemme.com\\\/blog\\\/wp-content\\\/uploads\\\/2018\\\/06\\\/logo-pigrecoemme-2018.png?fit=500%2C500&ssl=1\",\"contentUrl\":\"https:\\\/\\\/i0.wp.com\\\/www.pigrecoemme.com\\\/blog\\\/wp-content\\\/uploads\\\/2018\\\/06\\\/logo-pigrecoemme-2018.png?fit=500%2C500&ssl=1\",\"width\":500,\"height\":500,\"caption\":\"Scuola di cinema e fotografia Pigrecoemme\"},\"image\":{\"@id\":\"https:\\\/\\\/www.pigrecoemme.com\\\/blog\\\/#\\\/schema\\\/logo\\\/image\\\/\"},\"sameAs\":[\"https:\\\/\\\/www.facebook.com\\\/pigrecoemme\",\"https:\\\/\\\/x.com\\\/Pigrecoemme\",\"https:\\\/\\\/www.instagram.com\\\/pigrecoemme\\\/\",\"https:\\\/\\\/www.linkedin.com\\\/company\\\/pigrecoemme\\\/\",\"https:\\\/\\\/www.youtube.com\\\/pigrecoemme\"]},{\"@type\":\"Person\",\"@id\":\"https:\\\/\\\/www.pigrecoemme.com\\\/blog\\\/#\\\/schema\\\/person\\\/702764b5ecda4c2f34e82348789f649e\",\"name\":\"Corrado Morra\",\"image\":{\"@type\":\"ImageObject\",\"inLanguage\":\"it-IT\",\"@id\":\"https:\\\/\\\/secure.gravatar.com\\\/avatar\\\/f6ce2f6728fbdf920737112fe70682512808577befa2c9c7845c04a8449b8f03?s=96&r=g\",\"url\":\"https:\\\/\\\/secure.gravatar.com\\\/avatar\\\/f6ce2f6728fbdf920737112fe70682512808577befa2c9c7845c04a8449b8f03?s=96&r=g\",\"contentUrl\":\"https:\\\/\\\/secure.gravatar.com\\\/avatar\\\/f6ce2f6728fbdf920737112fe70682512808577befa2c9c7845c04a8449b8f03?s=96&r=g\",\"caption\":\"Corrado Morra\"},\"description\":\"Esperto di arti visive e di cinema, insegna Sceneggiatura alla Scuola di cinema Pigrecoemme di Napoli, di cui \u00e8 tra i fondatori.\",\"sameAs\":[\"http:\\\/\\\/www.pigrecoemme.com\\\/\",\"https:\\\/\\\/www.facebook.com\\\/corrado.morra1\"],\"url\":\"https:\\\/\\\/www.pigrecoemme.com\\\/blog\\\/author\\\/corrado-morra\\\/\"}]}<\/script>\n<!-- \/ Yoast SEO plugin. -->","yoast_head_json":{"title":"La mostra Fantastico napoletano, al Grenoble fino al 22 dicembre","robots":{"index":"index","follow":"follow","max-snippet":"max-snippet:-1","max-image-preview":"max-image-preview:large","max-video-preview":"max-video-preview:-1"},"canonical":"https:\/\/www.pigrecoemme.com\/blog\/la-mostra-fantastico-napoletano-al-grenoble-fino-al-22-dicembre\/","og_locale":"it_IT","og_type":"article","og_title":"La mostra Fantastico napoletano, al Grenoble fino al 22 dicembre","og_description":"Scuola di Cinema, Televisione e Fotografia - Napoli","og_url":"https:\/\/www.pigrecoemme.com\/blog\/la-mostra-fantastico-napoletano-al-grenoble-fino-al-22-dicembre\/","og_site_name":"Scuola di Cinema Pigrecoemme - Blog","article_publisher":"https:\/\/www.facebook.com\/pigrecoemme","article_author":"https:\/\/www.facebook.com\/corrado.morra1","article_published_time":"2010-12-15T12:07:00+00:00","article_modified_time":"2010-12-15T13:03:35+00:00","og_image":[{"width":484,"height":252,"url":"https:\/\/i0.wp.com\/www.pigrecoemme.com\/blog\/wp-content\/uploads\/2014\/11\/pigrecoemme-test1.jpg?fit=484%2C252&ssl=1","type":"image\/jpeg"}],"author":"Corrado Morra","twitter_card":"summary_large_image","twitter_creator":"@Pigrecoemme","twitter_site":"@Pigrecoemme","twitter_misc":{"Scritto da":"Corrado Morra","Tempo di lettura stimato":"2 minuti"},"schema":{"@context":"https:\/\/schema.org","@graph":[{"@type":["Article","BlogPosting"],"@id":"https:\/\/www.pigrecoemme.com\/blog\/la-mostra-fantastico-napoletano-al-grenoble-fino-al-22-dicembre\/#article","isPartOf":{"@id":"https:\/\/www.pigrecoemme.com\/blog\/la-mostra-fantastico-napoletano-al-grenoble-fino-al-22-dicembre\/"},"author":{"name":"Corrado Morra","@id":"https:\/\/www.pigrecoemme.com\/blog\/#\/schema\/person\/702764b5ecda4c2f34e82348789f649e"},"headline":"La mostra Fantastico napoletano, al Grenoble fino al 22 dicembre","datePublished":"2010-12-15T12:07:00+00:00","dateModified":"2010-12-15T13:03:35+00:00","mainEntityOfPage":{"@id":"https:\/\/www.pigrecoemme.com\/blog\/la-mostra-fantastico-napoletano-al-grenoble-fino-al-22-dicembre\/"},"wordCount":384,"commentCount":0,"publisher":{"@id":"https:\/\/www.pigrecoemme.com\/blog\/#organization"},"keywords":["\"corso di fotografia\"","corsi fotografia","fotografia","mostre di fotografia napoli"],"articleSection":["Eventi","Fotografia","Generale"],"inLanguage":"it-IT","potentialAction":[{"@type":"CommentAction","name":"Comment","target":["https:\/\/www.pigrecoemme.com\/blog\/la-mostra-fantastico-napoletano-al-grenoble-fino-al-22-dicembre\/#respond"]}]},{"@type":"WebPage","@id":"https:\/\/www.pigrecoemme.com\/blog\/la-mostra-fantastico-napoletano-al-grenoble-fino-al-22-dicembre\/","url":"https:\/\/www.pigrecoemme.com\/blog\/la-mostra-fantastico-napoletano-al-grenoble-fino-al-22-dicembre\/","name":"La mostra Fantastico napoletano, al Grenoble fino al 22 dicembre","isPartOf":{"@id":"https:\/\/www.pigrecoemme.com\/blog\/#website"},"datePublished":"2010-12-15T12:07:00+00:00","dateModified":"2010-12-15T13:03:35+00:00","breadcrumb":{"@id":"https:\/\/www.pigrecoemme.com\/blog\/la-mostra-fantastico-napoletano-al-grenoble-fino-al-22-dicembre\/#breadcrumb"},"inLanguage":"it-IT","potentialAction":[{"@type":"ReadAction","target":["https:\/\/www.pigrecoemme.com\/blog\/la-mostra-fantastico-napoletano-al-grenoble-fino-al-22-dicembre\/"]}]},{"@type":"BreadcrumbList","@id":"https:\/\/www.pigrecoemme.com\/blog\/la-mostra-fantastico-napoletano-al-grenoble-fino-al-22-dicembre\/#breadcrumb","itemListElement":[{"@type":"ListItem","position":1,"name":"Home","item":"https:\/\/www.pigrecoemme.com\/blog\/"},{"@type":"ListItem","position":2,"name":"La mostra Fantastico napoletano, al Grenoble fino al 22 dicembre"}]},{"@type":"WebSite","@id":"https:\/\/www.pigrecoemme.com\/blog\/#website","url":"https:\/\/www.pigrecoemme.com\/blog\/","name":"Scuola di Cinema Pigrecoemme - Blog","description":"Siamo la prima Scuola di Cinema e Fotografia di Napoli","publisher":{"@id":"https:\/\/www.pigrecoemme.com\/blog\/#organization"},"potentialAction":[{"@type":"SearchAction","target":{"@type":"EntryPoint","urlTemplate":"https:\/\/www.pigrecoemme.com\/blog\/?s={search_term_string}"},"query-input":{"@type":"PropertyValueSpecification","valueRequired":true,"valueName":"search_term_string"}}],"inLanguage":"it-IT"},{"@type":"Organization","@id":"https:\/\/www.pigrecoemme.com\/blog\/#organization","name":"Scuola di cinema e fotografia Pigrecoemme","url":"https:\/\/www.pigrecoemme.com\/blog\/","logo":{"@type":"ImageObject","inLanguage":"it-IT","@id":"https:\/\/www.pigrecoemme.com\/blog\/#\/schema\/logo\/image\/","url":"https:\/\/i0.wp.com\/www.pigrecoemme.com\/blog\/wp-content\/uploads\/2018\/06\/logo-pigrecoemme-2018.png?fit=500%2C500&ssl=1","contentUrl":"https:\/\/i0.wp.com\/www.pigrecoemme.com\/blog\/wp-content\/uploads\/2018\/06\/logo-pigrecoemme-2018.png?fit=500%2C500&ssl=1","width":500,"height":500,"caption":"Scuola di cinema e fotografia Pigrecoemme"},"image":{"@id":"https:\/\/www.pigrecoemme.com\/blog\/#\/schema\/logo\/image\/"},"sameAs":["https:\/\/www.facebook.com\/pigrecoemme","https:\/\/x.com\/Pigrecoemme","https:\/\/www.instagram.com\/pigrecoemme\/","https:\/\/www.linkedin.com\/company\/pigrecoemme\/","https:\/\/www.youtube.com\/pigrecoemme"]},{"@type":"Person","@id":"https:\/\/www.pigrecoemme.com\/blog\/#\/schema\/person\/702764b5ecda4c2f34e82348789f649e","name":"Corrado Morra","image":{"@type":"ImageObject","inLanguage":"it-IT","@id":"https:\/\/secure.gravatar.com\/avatar\/f6ce2f6728fbdf920737112fe70682512808577befa2c9c7845c04a8449b8f03?s=96&r=g","url":"https:\/\/secure.gravatar.com\/avatar\/f6ce2f6728fbdf920737112fe70682512808577befa2c9c7845c04a8449b8f03?s=96&r=g","contentUrl":"https:\/\/secure.gravatar.com\/avatar\/f6ce2f6728fbdf920737112fe70682512808577befa2c9c7845c04a8449b8f03?s=96&r=g","caption":"Corrado Morra"},"description":"Esperto di arti visive e di cinema, insegna Sceneggiatura alla Scuola di cinema Pigrecoemme di Napoli, di cui \u00e8 tra i fondatori.","sameAs":["http:\/\/www.pigrecoemme.com\/","https:\/\/www.facebook.com\/corrado.morra1"],"url":"https:\/\/www.pigrecoemme.com\/blog\/author\/corrado-morra\/"}]}},"jetpack_sharing_enabled":true,"jetpack_likes_enabled":true,"jetpack-related-posts":[{"id":305,"url":"https:\/\/www.pigrecoemme.com\/blog\/fantastico-napoletano-al-grenoble-una-mostra-fotografica-di-pigrecoemme\/","url_meta":{"origin":316,"position":0},"title":"FANTASTICO NAPOLETANO. AL GRENOBLE, UNA MOSTRA FOTOGRAFICA DI PIGRECOEMME","author":"Corrado Morra","date":"30 Novembre 2010","format":false,"excerpt":"Fantastico napoletano. Uno spunto critico sulla mostra degli allievi di Pigrecoemme al Grenoble di Napoli.","rel":"","context":"In &quot;Eventi&quot;","block_context":{"text":"Eventi","link":"https:\/\/www.pigrecoemme.com\/blog\/eventi\/"},"img":{"alt_text":"","src":"https:\/\/i0.wp.com\/www.pigrecoemme.com\/blog\/wp-content\/uploads\/2010\/11\/fantastico-napoletano-300x300.jpg?resize=350%2C200","width":350,"height":200},"classes":[]},{"id":303,"url":"https:\/\/www.pigrecoemme.com\/blog\/cinema-fantastico-fantastico-e-col-grenoble-vinci-un-corso-di-cinema-alla-pigrecoemme\/","url_meta":{"origin":316,"position":1},"title":"CINEMA FANTASTICO? FANTASTICO!   E COL GRENOBLE, VINCI UN CORSO DI CINEMA ALLA PIGRECOEMME","author":"Corrado Morra","date":"27 Novembre 2010","format":false,"excerpt":"La rassegna sul cinema fantastico, al Grenoble dal 6 al 10 dicembre, diventa un\u2019occasione per gli spettatori per aggiudicarsi gratuitamente un corso di Regia, Sceneggiatura o Analisi e critica del film della Scuola di cinema Pigrecoemme di Napoli.","rel":"","context":"In &quot;Eventi&quot;","block_context":{"text":"Eventi","link":"https:\/\/www.pigrecoemme.com\/blog\/eventi\/"},"img":{"alt_text":"","src":"https:\/\/i0.wp.com\/www.pigrecoemme.com\/blog\/wp-content\/uploads\/2010\/11\/filmfantastique-216x300.jpg?resize=350%2C200","width":350,"height":200},"classes":[]},{"id":434,"url":"https:\/\/www.pigrecoemme.com\/blog\/fantasticorti-un-ciclo-di-film-brevi-sul-fantastico-curato-da-pigrecoemme\/","url_meta":{"origin":316,"position":2},"title":"Fantasticorti: un ciclo di film brevi sul fantastico curato da Pigrecoemme","author":"Corrado Morra","date":"24 Novembre 2011","format":false,"excerpt":"Dal 28 novembre al 3 dicembre 2011, a Napoli,l'Institut Fran\u00e7ais Le Grenoble, il Goethe Institut, l'Instituto Cervantes e la sala 2 del cinema Modernissimo daranno vita a una rassegna sul Cinema fantastico che ospiter\u00e0 anche un breve ciclo di film brevi, Fantasticorti, a cura della Scuola di cinema Pigrecoemme.","rel":"","context":"In &quot;Eventi&quot;","block_context":{"text":"Eventi","link":"https:\/\/www.pigrecoemme.com\/blog\/eventi\/"},"img":{"alt_text":"","src":"https:\/\/i0.wp.com\/www.pigrecoemme.com\/blog\/wp-content\/uploads\/2011\/11\/cinema-fantastico-212x300.jpg?resize=350%2C200","width":350,"height":200},"classes":[]},{"id":822,"url":"https:\/\/www.pigrecoemme.com\/blog\/incontri-fotografici-itaca\/","url_meta":{"origin":316,"position":3},"title":"Gli Incontri fotografici della Pigrecoemme approdano all&#8217;Itaca di Renato Orsini","author":"Corrado Morra","date":"26 Aprile 2014","format":false,"excerpt":"Mercoled\u00ec 30 aprile, dalle ore 17,00 alle 19,00, nell\u2019ambito della rassegna Incontri fotografici della Scuola di cinema e fotografia Pigrecoemme di Napoli, Renato Orsini presenta ITACA, il suo ultimo progetto fotografico, un viaggio emozionante in bianco e nero che, attraverso forti contrasti e una capacit\u00e0 sbalorditiva di scovare particolari epifanici,\u2026","rel":"","context":"In &quot;Eventi&quot;","block_context":{"text":"Eventi","link":"https:\/\/www.pigrecoemme.com\/blog\/eventi\/"},"img":{"alt_text":"","src":"https:\/\/i0.wp.com\/www.pigrecoemme.com\/blog\/wp-content\/uploads\/2014\/04\/renato-orsini.png?resize=350%2C200","width":350,"height":200},"classes":[]},{"id":615,"url":"https:\/\/www.pigrecoemme.com\/blog\/vinci-una-settimana-al-festival-di-arles-con-il-concorso-fotografico-insegne-in-francese-a-napoli\/","url_meta":{"origin":316,"position":4},"title":"Vinci una settimana al Festival di Arles con il concorso fotografico &#8220;Insegne in Francese a Napoli&#8221;","author":"Corrado Morra","date":"18 Marzo 2013","format":false,"excerpt":"Continua la collaborazione tra l\u2019Institut fran\u00e7ais di Napoli e Pigrecoemme e, dopo l'ormai consolidata rassegna sul cinema fantastico, \u00e8 la volta ora della Fotografia, con un curioso concorso sulla presenza delle insegne commerciali in francese a Napoli. Il primo classificato vincer\u00e0 una settimana al Festival di Arles in Francia, l\u2019evento\u2026","rel":"","context":"In &quot;Fotografia&quot;","block_context":{"text":"Fotografia","link":"https:\/\/www.pigrecoemme.com\/blog\/fotografia\/"},"img":{"alt_text":"","src":"https:\/\/i0.wp.com\/www.pigrecoemme.com\/blog\/wp-content\/uploads\/2013\/03\/concorso-fotografico-insegne-francesi.png?resize=350%2C200","width":350,"height":200},"classes":[]},{"id":4001,"url":"https:\/\/www.pigrecoemme.com\/blog\/corso-fotografia-napoli-5-ottobre-2026\/","url_meta":{"origin":316,"position":5},"title":"Corso di fotografia a Napoli: il 5 ottobre parte il nuovo percorso Pigrecoemme","author":"Pigrecoemme","date":"12 Maggio 2026","format":false,"excerpt":"Corso di fotografia a Napoli: iscrizioni aperte alla Pigrecoemme Alla Pigrecoemme sono aperte le iscrizioni al nuovo corso di fotografia a Napoli, in partenza luned\u00ec 5 ottobre 2026. Un percorso semestrale pensato per chi vuole avvicinarsi alla fotografia in modo serio, pratico e progressivo, anche partendo da zero, con l\u2019obiettivo\u2026","rel":"","context":"In &quot;Fotografia&quot;","block_context":{"text":"Fotografia","link":"https:\/\/www.pigrecoemme.com\/blog\/fotografia\/"},"img":{"alt_text":"","src":"","width":0,"height":0},"classes":[]}],"jetpack_featured_media_url":"","_links":{"self":[{"href":"https:\/\/www.pigrecoemme.com\/blog\/wp-json\/wp\/v2\/posts\/316","targetHints":{"allow":["GET"]}}],"collection":[{"href":"https:\/\/www.pigrecoemme.com\/blog\/wp-json\/wp\/v2\/posts"}],"about":[{"href":"https:\/\/www.pigrecoemme.com\/blog\/wp-json\/wp\/v2\/types\/post"}],"author":[{"embeddable":true,"href":"https:\/\/www.pigrecoemme.com\/blog\/wp-json\/wp\/v2\/users\/2"}],"replies":[{"embeddable":true,"href":"https:\/\/www.pigrecoemme.com\/blog\/wp-json\/wp\/v2\/comments?post=316"}],"version-history":[{"count":0,"href":"https:\/\/www.pigrecoemme.com\/blog\/wp-json\/wp\/v2\/posts\/316\/revisions"}],"wp:attachment":[{"href":"https:\/\/www.pigrecoemme.com\/blog\/wp-json\/wp\/v2\/media?parent=316"}],"wp:term":[{"taxonomy":"category","embeddable":true,"href":"https:\/\/www.pigrecoemme.com\/blog\/wp-json\/wp\/v2\/categories?post=316"},{"taxonomy":"post_tag","embeddable":true,"href":"https:\/\/www.pigrecoemme.com\/blog\/wp-json\/wp\/v2\/tags?post=316"}],"curies":[{"name":"wp","href":"https:\/\/api.w.org\/{rel}","templated":true}]}}