{"id":310,"date":"2010-12-02T20:01:19","date_gmt":"2010-12-02T18:01:19","guid":{"rendered":"http:\/\/www.pigrecoemme.com\/blog\/?p=310"},"modified":"2010-12-03T00:41:33","modified_gmt":"2010-12-02T22:41:33","slug":"pigrecoemme-partner-culturale-del-i-miglio-doro-filmfestival","status":"publish","type":"post","link":"https:\/\/www.pigrecoemme.com\/blog\/pigrecoemme-partner-culturale-del-i-miglio-doro-filmfestival\/","title":{"rendered":"Pigrecoemme partner culturale del I Miglio D&#8217;Oro FilmFestival"},"content":{"rendered":"<p><strong>17- 18- 19 dicembre 2010<br \/>\nPortici (NA), Teatro &#8220;E. De Filippo&#8221;, \u00a0C.so Umberto I<\/strong><\/p>\n<p><a href=\"https:\/\/i0.wp.com\/www.pigrecoemme.com\/blog\/wp-content\/uploads\/2010\/12\/migliodoro.jpg?ssl=1\"><img data-recalc-dims=\"1\" loading=\"lazy\" decoding=\"async\" class=\"alignleft size-medium wp-image-311\" title=\"migliodoro\" src=\"https:\/\/i0.wp.com\/www.pigrecoemme.com\/blog\/wp-content\/uploads\/2010\/12\/migliodoro.jpg?resize=240%2C240&#038;ssl=1\" alt=\"\" width=\"240\" height=\"240\" srcset=\"https:\/\/i0.wp.com\/www.pigrecoemme.com\/blog\/wp-content\/uploads\/2010\/12\/migliodoro.jpg?w=300&amp;ssl=1 300w, https:\/\/i0.wp.com\/www.pigrecoemme.com\/blog\/wp-content\/uploads\/2010\/12\/migliodoro.jpg?resize=150%2C150&amp;ssl=1 150w\" sizes=\"auto, (max-width: 240px) 100vw, 240px\" \/><\/a>Ancora un&#8217;occasione per noi di Pigrecoemme di incoraggiare chi, giovane o meno, cerca di alimentare l&#8217;offerta culturale di una citt\u00e0 e di una Provincia che ne hanno davvero bisogno:\u00a0Il  &#8220;<a href=\"http:\/\/www.migliodorofilmfestival.it\/\" target=\"_blank\">Miglio D&#8217;oro Film Festival<\/a>&#8221; \u00e8 la prima rassegna di cinematografia  indipendente e fotografia mai realizzata nella citt\u00e0 di Portici. Il  progetto si fonda su una collaborazione scaturita tra il &#8220;Forum dei  Giovani&#8221; di Portici, organo che idea e crea in piena sinergia con  l&#8217;Assessorato alle Politiche Giovanili , insieme a Davide Borrelli,  responsabile del progetto in seno al Forum dei Giovani nonch\u00e9 direttore  amministrativo del festival e Giovanni Mazzitelli, regista autoctono e  curatore artistico della rassegna.<\/p>\n<p>Ad animare l&#8217;iniziativa, il desiderio  di offrire alla cittadinanza e all&#8217;intero pubblico di fruitori  l&#8217;occasione per scoprire, coltivare ed approfondire la conoscenza di una  delle forme di cinematografia pi\u00f9 interessanti ma spesso meno esposte:  il cortometraggio. Il bando \u00e8 aperto a tutti i registi ed i fotografi  che abbiano compiuto almeno 16 anni di et\u00e0, ed \u00e8 stato esteso a livello  internazionale. I partecipanti concorrono con una massimo di 2 corti  ciascuno.<\/p>\n<p>Tra tutti i lavori pervenuti, verranno scelti circa venti  cortometraggi, che saranno proiettati durante i tre appuntamenti serali e  tra i quali saranno scelti i vincitori dei premi di categoria che una  giuria mista, presieduta da Antonio Cola e costituita da esperti e dai  rappresentanti del Forum, consegner\u00e0 nella serata di chiusura.<\/p>\n<p>La stessa  giuria, in sinergia col pubblico, valuter\u00e0 le foto esposte in mostra  durante la rassegna e in lizza per il premio &#8220;Occhio al Cinema&#8221;. Ad  accompagnare la proiezione dei corti e il dibattito che ne seguir\u00e0 ci  saranno ospiti illustri come il critico cinematografico Valerio Caprara,  il presidente dell&#8217;ANSA Mario Zaccaria e Pasquale Renza. Inoltre,  proietteranno i loro lavori emblematici Antonio Cola, presidente della  Giuria, e Marcello Sannino, regista porticese vincitore del &#8220;Torino Film  Festival&#8221; 2009. La rassegna si concluder\u00e0 domenica 19 dicembre con la  proclamazione dei premi e la proiezione del &#8220;Miglior Cortometraggio&#8221;.<\/p>\n<p>Il  finissage avr\u00e0 luogo intorno alle 22 al &#8220;Fabric Hostel&#8221; in Vico dei  Nastri, dove registi, ospiti e pubblico avranno modo di interagire e  continuare a dibattere in un&#8217;atmosfera pi\u00f9 familiare. Ci\u00f2 che anima il  festival \u00e8 l&#8217;assoluto desiderio di proporre, in un&#8217;ottica democratica e  vicina agli spettatori, un&#8217;offerta cinematografica valida ma spesso poco  nota perch\u00e9 oscurata dalle grandi produzioni e dalla poca dimestichezza  del pubblico con il &#8220;formato breve&#8221; su celluloide.<\/p>\n<p>Proprio perch\u00e9  &#8220;giovane&#8221; e alla sua prima edizione, il MDFF ha cercato il consenso e la  presenza di guide d&#8217;eccellenza, facendosi affiancare dall&#8217; autorit\u00e0 del  &#8220;Giffoni Film Festival&#8221; e dell&#8217; &#8220;Acque Dolci Film festival&#8221;, partner  culturali della rassegna. PORTICI, CITTA&#8217; D&#8217;ARTE.<\/p>\n<p>Portici \u00e8 da secoli  una cittadina di cultura e d&#8217;arte: residenza estiva dei Borbone sin dal  &#8216;600, capolinea a Pietrarsa della prima tratta ferroviaria in partenza  da Napoli , sede della facolt\u00e0 di Agraria dell&#8217;Universit\u00e0 di Napoli  &#8220;Federico II&#8221; e del Centro di Ricerca per le Energie Alternative ENEA,  Portici lega il suo nome ormai da anni ad una nota manifestazione  musicale e teatrale quale il &#8220;Mozart Box&#8221;, oltre che al progetto di  Cineforum realizzato presso il &#8220;Cinema Teatro Roma&#8221; e curato da Ciccio  Capozzi e Paola Acampa.<\/p>\n<p>E&#8217; in continuit\u00e0 con un&#8217;identit\u00e0 cos\u00ec ricca e  variegata, e in dialogo con un passato fervido e aureo, che i giovani  odierni propongono il &#8220;MDFF&#8221;, fiduciosi che il pubblico accoglier\u00e0 ed  amer\u00e0 il primo esperimento in materia di cinema indipendente, che si  spera inauguri un&#8217;abitudine.<br \/>\n<a href=\"http:\/\/www.migliodorofilmfestival.it\/\" target=\"_blank\">www.migliodorofilmfestival.it<\/a><\/p>\n","protected":false},"excerpt":{"rendered":"<p>17- 18- 19 dicembre 2010 Portici (NA), Teatro &#8220;E. De Filippo&#8221;, \u00a0C.so Umberto I Ancora un&#8217;occasione per noi di Pigrecoemme di incoraggiare chi, giovane o meno, cerca di alimentare l&#8217;offerta culturale di una citt\u00e0&hellip;<\/p>\n","protected":false},"author":3,"featured_media":0,"comment_status":"open","ping_status":"open","sticky":false,"template":"","format":"standard","meta":{"_jetpack_newsletter_access":"","_jetpack_dont_email_post_to_subs":false,"_jetpack_newsletter_tier_id":0,"_jetpack_memberships_contains_paywalled_content":false,"_jetpack_feature_clip_id":0,"_jetpack_memberships_contains_paid_content":false,"footnotes":"","jetpack_post_was_ever_published":false},"categories":[11,1],"tags":[42,85,481,480],"class_list":["post-310","post","type-post","status-publish","format-standard","hentry","category-eventi","category-generale","tag-cortometraggi","tag-festival","tag-giovanni-mazzitelli","tag-miglio-doro-film-festival"],"yoast_head":"<!-- This site is optimized with the Yoast SEO plugin v28.3 - https:\/\/yoast.com\/product\/yoast-seo-wordpress\/ -->\n<title>Pigrecoemme partner culturale del I Miglio D&#039;Oro FilmFestival<\/title>\n<meta name=\"robots\" content=\"index, follow, max-snippet:-1, max-image-preview:large, max-video-preview:-1\" \/>\n<link rel=\"canonical\" href=\"https:\/\/www.pigrecoemme.com\/blog\/pigrecoemme-partner-culturale-del-i-miglio-doro-filmfestival\/\" \/>\n<meta property=\"og:locale\" content=\"it_IT\" \/>\n<meta property=\"og:type\" content=\"article\" \/>\n<meta property=\"og:title\" content=\"Pigrecoemme partner culturale del I Miglio D&#039;Oro FilmFestival\" \/>\n<meta property=\"og:description\" content=\"17- 18- 19 dicembre 2010 Portici (NA), Teatro &#8220;E. De Filippo&#8221;, \u00a0C.so Umberto I Ancora un&#8217;occasione per noi di Pigrecoemme di incoraggiare chi, giovane o meno, cerca di alimentare l&#8217;offerta culturale di una citt\u00e0 e di una Provincia che ne &hellip; Continue reading &rarr;\" \/>\n<meta property=\"og:url\" content=\"https:\/\/www.pigrecoemme.com\/blog\/pigrecoemme-partner-culturale-del-i-miglio-doro-filmfestival\/\" \/>\n<meta property=\"og:site_name\" content=\"Scuola di Cinema Pigrecoemme - Blog\" \/>\n<meta property=\"article:publisher\" content=\"https:\/\/www.facebook.com\/pigrecoemme\" \/>\n<meta property=\"article:author\" content=\"https:\/\/www.facebook.com\/rosario.gallone\" \/>\n<meta property=\"article:published_time\" content=\"2010-12-02T18:01:19+00:00\" \/>\n<meta property=\"article:modified_time\" content=\"2010-12-02T22:41:33+00:00\" \/>\n<meta property=\"og:image\" content=\"http:\/\/www.pigrecoemme.com\/blog\/wp-content\/uploads\/2010\/12\/migliodoro.jpg\" \/>\n<meta name=\"author\" content=\"Rosario Gallone\" \/>\n<meta name=\"twitter:card\" content=\"summary_large_image\" \/>\n<meta name=\"twitter:creator\" content=\"@RosarioGallone\" \/>\n<meta name=\"twitter:site\" content=\"@Pigrecoemme\" \/>\n<meta name=\"twitter:label1\" content=\"Scritto da\" \/>\n\t<meta name=\"twitter:data1\" content=\"Rosario Gallone\" \/>\n\t<meta name=\"twitter:label2\" content=\"Tempo di lettura stimato\" \/>\n\t<meta name=\"twitter:data2\" content=\"3 minuti\" \/>\n<script type=\"application\/ld+json\" class=\"yoast-schema-graph\">{\"@context\":\"https:\\\/\\\/schema.org\",\"@graph\":[{\"@type\":[\"Article\",\"BlogPosting\"],\"@id\":\"https:\\\/\\\/www.pigrecoemme.com\\\/blog\\\/pigrecoemme-partner-culturale-del-i-miglio-doro-filmfestival\\\/#article\",\"isPartOf\":{\"@id\":\"https:\\\/\\\/www.pigrecoemme.com\\\/blog\\\/pigrecoemme-partner-culturale-del-i-miglio-doro-filmfestival\\\/\"},\"author\":{\"name\":\"Rosario Gallone\",\"@id\":\"https:\\\/\\\/www.pigrecoemme.com\\\/blog\\\/#\\\/schema\\\/person\\\/3fdd423e7c221a503812a1e86daec850\"},\"headline\":\"Pigrecoemme partner culturale del I Miglio D&#8217;Oro FilmFestival\",\"datePublished\":\"2010-12-02T18:01:19+00:00\",\"dateModified\":\"2010-12-02T22:41:33+00:00\",\"mainEntityOfPage\":{\"@id\":\"https:\\\/\\\/www.pigrecoemme.com\\\/blog\\\/pigrecoemme-partner-culturale-del-i-miglio-doro-filmfestival\\\/\"},\"wordCount\":601,\"commentCount\":0,\"publisher\":{\"@id\":\"https:\\\/\\\/www.pigrecoemme.com\\\/blog\\\/#organization\"},\"image\":{\"@id\":\"https:\\\/\\\/www.pigrecoemme.com\\\/blog\\\/pigrecoemme-partner-culturale-del-i-miglio-doro-filmfestival\\\/#primaryimage\"},\"thumbnailUrl\":\"http:\\\/\\\/www.pigrecoemme.com\\\/blog\\\/wp-content\\\/uploads\\\/2010\\\/12\\\/migliodoro.jpg\",\"keywords\":[\"cortometraggi\",\"festival\",\"giovanni mazzitelli\",\"miglio d'oro film festival\"],\"articleSection\":[\"Eventi\",\"Generale\"],\"inLanguage\":\"it-IT\",\"potentialAction\":[{\"@type\":\"CommentAction\",\"name\":\"Comment\",\"target\":[\"https:\\\/\\\/www.pigrecoemme.com\\\/blog\\\/pigrecoemme-partner-culturale-del-i-miglio-doro-filmfestival\\\/#respond\"]}]},{\"@type\":\"WebPage\",\"@id\":\"https:\\\/\\\/www.pigrecoemme.com\\\/blog\\\/pigrecoemme-partner-culturale-del-i-miglio-doro-filmfestival\\\/\",\"url\":\"https:\\\/\\\/www.pigrecoemme.com\\\/blog\\\/pigrecoemme-partner-culturale-del-i-miglio-doro-filmfestival\\\/\",\"name\":\"Pigrecoemme partner culturale del I Miglio D'Oro FilmFestival\",\"isPartOf\":{\"@id\":\"https:\\\/\\\/www.pigrecoemme.com\\\/blog\\\/#website\"},\"primaryImageOfPage\":{\"@id\":\"https:\\\/\\\/www.pigrecoemme.com\\\/blog\\\/pigrecoemme-partner-culturale-del-i-miglio-doro-filmfestival\\\/#primaryimage\"},\"image\":{\"@id\":\"https:\\\/\\\/www.pigrecoemme.com\\\/blog\\\/pigrecoemme-partner-culturale-del-i-miglio-doro-filmfestival\\\/#primaryimage\"},\"thumbnailUrl\":\"http:\\\/\\\/www.pigrecoemme.com\\\/blog\\\/wp-content\\\/uploads\\\/2010\\\/12\\\/migliodoro.jpg\",\"datePublished\":\"2010-12-02T18:01:19+00:00\",\"dateModified\":\"2010-12-02T22:41:33+00:00\",\"breadcrumb\":{\"@id\":\"https:\\\/\\\/www.pigrecoemme.com\\\/blog\\\/pigrecoemme-partner-culturale-del-i-miglio-doro-filmfestival\\\/#breadcrumb\"},\"inLanguage\":\"it-IT\",\"potentialAction\":[{\"@type\":\"ReadAction\",\"target\":[\"https:\\\/\\\/www.pigrecoemme.com\\\/blog\\\/pigrecoemme-partner-culturale-del-i-miglio-doro-filmfestival\\\/\"]}]},{\"@type\":\"ImageObject\",\"inLanguage\":\"it-IT\",\"@id\":\"https:\\\/\\\/www.pigrecoemme.com\\\/blog\\\/pigrecoemme-partner-culturale-del-i-miglio-doro-filmfestival\\\/#primaryimage\",\"url\":\"http:\\\/\\\/www.pigrecoemme.com\\\/blog\\\/wp-content\\\/uploads\\\/2010\\\/12\\\/migliodoro.jpg\",\"contentUrl\":\"http:\\\/\\\/www.pigrecoemme.com\\\/blog\\\/wp-content\\\/uploads\\\/2010\\\/12\\\/migliodoro.jpg\"},{\"@type\":\"BreadcrumbList\",\"@id\":\"https:\\\/\\\/www.pigrecoemme.com\\\/blog\\\/pigrecoemme-partner-culturale-del-i-miglio-doro-filmfestival\\\/#breadcrumb\",\"itemListElement\":[{\"@type\":\"ListItem\",\"position\":1,\"name\":\"Home\",\"item\":\"https:\\\/\\\/www.pigrecoemme.com\\\/blog\\\/\"},{\"@type\":\"ListItem\",\"position\":2,\"name\":\"Pigrecoemme partner culturale del I Miglio D&#8217;Oro FilmFestival\"}]},{\"@type\":\"WebSite\",\"@id\":\"https:\\\/\\\/www.pigrecoemme.com\\\/blog\\\/#website\",\"url\":\"https:\\\/\\\/www.pigrecoemme.com\\\/blog\\\/\",\"name\":\"Scuola di Cinema Pigrecoemme - Blog\",\"description\":\"Siamo la prima Scuola di Cinema e Fotografia di Napoli\",\"publisher\":{\"@id\":\"https:\\\/\\\/www.pigrecoemme.com\\\/blog\\\/#organization\"},\"potentialAction\":[{\"@type\":\"SearchAction\",\"target\":{\"@type\":\"EntryPoint\",\"urlTemplate\":\"https:\\\/\\\/www.pigrecoemme.com\\\/blog\\\/?s={search_term_string}\"},\"query-input\":{\"@type\":\"PropertyValueSpecification\",\"valueRequired\":true,\"valueName\":\"search_term_string\"}}],\"inLanguage\":\"it-IT\"},{\"@type\":\"Organization\",\"@id\":\"https:\\\/\\\/www.pigrecoemme.com\\\/blog\\\/#organization\",\"name\":\"Scuola di cinema e fotografia Pigrecoemme\",\"url\":\"https:\\\/\\\/www.pigrecoemme.com\\\/blog\\\/\",\"logo\":{\"@type\":\"ImageObject\",\"inLanguage\":\"it-IT\",\"@id\":\"https:\\\/\\\/www.pigrecoemme.com\\\/blog\\\/#\\\/schema\\\/logo\\\/image\\\/\",\"url\":\"https:\\\/\\\/i0.wp.com\\\/www.pigrecoemme.com\\\/blog\\\/wp-content\\\/uploads\\\/2018\\\/06\\\/logo-pigrecoemme-2018.png?fit=500%2C500&ssl=1\",\"contentUrl\":\"https:\\\/\\\/i0.wp.com\\\/www.pigrecoemme.com\\\/blog\\\/wp-content\\\/uploads\\\/2018\\\/06\\\/logo-pigrecoemme-2018.png?fit=500%2C500&ssl=1\",\"width\":500,\"height\":500,\"caption\":\"Scuola di cinema e fotografia Pigrecoemme\"},\"image\":{\"@id\":\"https:\\\/\\\/www.pigrecoemme.com\\\/blog\\\/#\\\/schema\\\/logo\\\/image\\\/\"},\"sameAs\":[\"https:\\\/\\\/www.facebook.com\\\/pigrecoemme\",\"https:\\\/\\\/x.com\\\/Pigrecoemme\",\"https:\\\/\\\/www.instagram.com\\\/pigrecoemme\\\/\",\"https:\\\/\\\/www.linkedin.com\\\/company\\\/pigrecoemme\\\/\",\"https:\\\/\\\/www.youtube.com\\\/pigrecoemme\"]},{\"@type\":\"Person\",\"@id\":\"https:\\\/\\\/www.pigrecoemme.com\\\/blog\\\/#\\\/schema\\\/person\\\/3fdd423e7c221a503812a1e86daec850\",\"name\":\"Rosario Gallone\",\"image\":{\"@type\":\"ImageObject\",\"inLanguage\":\"it-IT\",\"@id\":\"https:\\\/\\\/secure.gravatar.com\\\/avatar\\\/7172808a86a713dea422a3159a5fe73d8a0718671410a281103d82dea575d3e9?s=96&r=g\",\"url\":\"https:\\\/\\\/secure.gravatar.com\\\/avatar\\\/7172808a86a713dea422a3159a5fe73d8a0718671410a281103d82dea575d3e9?s=96&r=g\",\"contentUrl\":\"https:\\\/\\\/secure.gravatar.com\\\/avatar\\\/7172808a86a713dea422a3159a5fe73d8a0718671410a281103d82dea575d3e9?s=96&r=g\",\"caption\":\"Rosario Gallone\"},\"description\":\"Rosario \u00e8 tra i fondatori della Pigrecoemme, dove si occupa soprattutto del corso di regia e dell'organizzazione dei corsi. E' autore della sceneggiatura di Isa 9000 (mediometraggio con Isa Danieli diretto da Angelo Serio), del montaggio di documentari e della regia di alcuni cortometraggi.\",\"sameAs\":[\"http:\\\/\\\/www.pigrecoemme.com\\\/\",\"https:\\\/\\\/www.facebook.com\\\/rosario.gallone\",\"https:\\\/\\\/x.com\\\/RosarioGallone\"],\"url\":\"https:\\\/\\\/www.pigrecoemme.com\\\/blog\\\/author\\\/rosario-gallone\\\/\"}]}<\/script>\n<!-- \/ Yoast SEO plugin. -->","yoast_head_json":{"title":"Pigrecoemme partner culturale del I Miglio D'Oro FilmFestival","robots":{"index":"index","follow":"follow","max-snippet":"max-snippet:-1","max-image-preview":"max-image-preview:large","max-video-preview":"max-video-preview:-1"},"canonical":"https:\/\/www.pigrecoemme.com\/blog\/pigrecoemme-partner-culturale-del-i-miglio-doro-filmfestival\/","og_locale":"it_IT","og_type":"article","og_title":"Pigrecoemme partner culturale del I Miglio D'Oro FilmFestival","og_description":"17- 18- 19 dicembre 2010 Portici (NA), Teatro &#8220;E. De Filippo&#8221;, \u00a0C.so Umberto I Ancora un&#8217;occasione per noi di Pigrecoemme di incoraggiare chi, giovane o meno, cerca di alimentare l&#8217;offerta culturale di una citt\u00e0 e di una Provincia che ne &hellip; Continue reading &rarr;","og_url":"https:\/\/www.pigrecoemme.com\/blog\/pigrecoemme-partner-culturale-del-i-miglio-doro-filmfestival\/","og_site_name":"Scuola di Cinema Pigrecoemme - Blog","article_publisher":"https:\/\/www.facebook.com\/pigrecoemme","article_author":"https:\/\/www.facebook.com\/rosario.gallone","article_published_time":"2010-12-02T18:01:19+00:00","article_modified_time":"2010-12-02T22:41:33+00:00","og_image":[{"url":"http:\/\/www.pigrecoemme.com\/blog\/wp-content\/uploads\/2010\/12\/migliodoro.jpg","type":"","width":"","height":""}],"author":"Rosario Gallone","twitter_card":"summary_large_image","twitter_creator":"@RosarioGallone","twitter_site":"@Pigrecoemme","twitter_misc":{"Scritto da":"Rosario Gallone","Tempo di lettura stimato":"3 minuti"},"schema":{"@context":"https:\/\/schema.org","@graph":[{"@type":["Article","BlogPosting"],"@id":"https:\/\/www.pigrecoemme.com\/blog\/pigrecoemme-partner-culturale-del-i-miglio-doro-filmfestival\/#article","isPartOf":{"@id":"https:\/\/www.pigrecoemme.com\/blog\/pigrecoemme-partner-culturale-del-i-miglio-doro-filmfestival\/"},"author":{"name":"Rosario Gallone","@id":"https:\/\/www.pigrecoemme.com\/blog\/#\/schema\/person\/3fdd423e7c221a503812a1e86daec850"},"headline":"Pigrecoemme partner culturale del I Miglio D&#8217;Oro FilmFestival","datePublished":"2010-12-02T18:01:19+00:00","dateModified":"2010-12-02T22:41:33+00:00","mainEntityOfPage":{"@id":"https:\/\/www.pigrecoemme.com\/blog\/pigrecoemme-partner-culturale-del-i-miglio-doro-filmfestival\/"},"wordCount":601,"commentCount":0,"publisher":{"@id":"https:\/\/www.pigrecoemme.com\/blog\/#organization"},"image":{"@id":"https:\/\/www.pigrecoemme.com\/blog\/pigrecoemme-partner-culturale-del-i-miglio-doro-filmfestival\/#primaryimage"},"thumbnailUrl":"http:\/\/www.pigrecoemme.com\/blog\/wp-content\/uploads\/2010\/12\/migliodoro.jpg","keywords":["cortometraggi","festival","giovanni mazzitelli","miglio d'oro film festival"],"articleSection":["Eventi","Generale"],"inLanguage":"it-IT","potentialAction":[{"@type":"CommentAction","name":"Comment","target":["https:\/\/www.pigrecoemme.com\/blog\/pigrecoemme-partner-culturale-del-i-miglio-doro-filmfestival\/#respond"]}]},{"@type":"WebPage","@id":"https:\/\/www.pigrecoemme.com\/blog\/pigrecoemme-partner-culturale-del-i-miglio-doro-filmfestival\/","url":"https:\/\/www.pigrecoemme.com\/blog\/pigrecoemme-partner-culturale-del-i-miglio-doro-filmfestival\/","name":"Pigrecoemme partner culturale del I Miglio D'Oro FilmFestival","isPartOf":{"@id":"https:\/\/www.pigrecoemme.com\/blog\/#website"},"primaryImageOfPage":{"@id":"https:\/\/www.pigrecoemme.com\/blog\/pigrecoemme-partner-culturale-del-i-miglio-doro-filmfestival\/#primaryimage"},"image":{"@id":"https:\/\/www.pigrecoemme.com\/blog\/pigrecoemme-partner-culturale-del-i-miglio-doro-filmfestival\/#primaryimage"},"thumbnailUrl":"http:\/\/www.pigrecoemme.com\/blog\/wp-content\/uploads\/2010\/12\/migliodoro.jpg","datePublished":"2010-12-02T18:01:19+00:00","dateModified":"2010-12-02T22:41:33+00:00","breadcrumb":{"@id":"https:\/\/www.pigrecoemme.com\/blog\/pigrecoemme-partner-culturale-del-i-miglio-doro-filmfestival\/#breadcrumb"},"inLanguage":"it-IT","potentialAction":[{"@type":"ReadAction","target":["https:\/\/www.pigrecoemme.com\/blog\/pigrecoemme-partner-culturale-del-i-miglio-doro-filmfestival\/"]}]},{"@type":"ImageObject","inLanguage":"it-IT","@id":"https:\/\/www.pigrecoemme.com\/blog\/pigrecoemme-partner-culturale-del-i-miglio-doro-filmfestival\/#primaryimage","url":"http:\/\/www.pigrecoemme.com\/blog\/wp-content\/uploads\/2010\/12\/migliodoro.jpg","contentUrl":"http:\/\/www.pigrecoemme.com\/blog\/wp-content\/uploads\/2010\/12\/migliodoro.jpg"},{"@type":"BreadcrumbList","@id":"https:\/\/www.pigrecoemme.com\/blog\/pigrecoemme-partner-culturale-del-i-miglio-doro-filmfestival\/#breadcrumb","itemListElement":[{"@type":"ListItem","position":1,"name":"Home","item":"https:\/\/www.pigrecoemme.com\/blog\/"},{"@type":"ListItem","position":2,"name":"Pigrecoemme partner culturale del I Miglio D&#8217;Oro FilmFestival"}]},{"@type":"WebSite","@id":"https:\/\/www.pigrecoemme.com\/blog\/#website","url":"https:\/\/www.pigrecoemme.com\/blog\/","name":"Scuola di Cinema Pigrecoemme - Blog","description":"Siamo la prima Scuola di Cinema e Fotografia di Napoli","publisher":{"@id":"https:\/\/www.pigrecoemme.com\/blog\/#organization"},"potentialAction":[{"@type":"SearchAction","target":{"@type":"EntryPoint","urlTemplate":"https:\/\/www.pigrecoemme.com\/blog\/?s={search_term_string}"},"query-input":{"@type":"PropertyValueSpecification","valueRequired":true,"valueName":"search_term_string"}}],"inLanguage":"it-IT"},{"@type":"Organization","@id":"https:\/\/www.pigrecoemme.com\/blog\/#organization","name":"Scuola di cinema e fotografia Pigrecoemme","url":"https:\/\/www.pigrecoemme.com\/blog\/","logo":{"@type":"ImageObject","inLanguage":"it-IT","@id":"https:\/\/www.pigrecoemme.com\/blog\/#\/schema\/logo\/image\/","url":"https:\/\/i0.wp.com\/www.pigrecoemme.com\/blog\/wp-content\/uploads\/2018\/06\/logo-pigrecoemme-2018.png?fit=500%2C500&ssl=1","contentUrl":"https:\/\/i0.wp.com\/www.pigrecoemme.com\/blog\/wp-content\/uploads\/2018\/06\/logo-pigrecoemme-2018.png?fit=500%2C500&ssl=1","width":500,"height":500,"caption":"Scuola di cinema e fotografia Pigrecoemme"},"image":{"@id":"https:\/\/www.pigrecoemme.com\/blog\/#\/schema\/logo\/image\/"},"sameAs":["https:\/\/www.facebook.com\/pigrecoemme","https:\/\/x.com\/Pigrecoemme","https:\/\/www.instagram.com\/pigrecoemme\/","https:\/\/www.linkedin.com\/company\/pigrecoemme\/","https:\/\/www.youtube.com\/pigrecoemme"]},{"@type":"Person","@id":"https:\/\/www.pigrecoemme.com\/blog\/#\/schema\/person\/3fdd423e7c221a503812a1e86daec850","name":"Rosario Gallone","image":{"@type":"ImageObject","inLanguage":"it-IT","@id":"https:\/\/secure.gravatar.com\/avatar\/7172808a86a713dea422a3159a5fe73d8a0718671410a281103d82dea575d3e9?s=96&r=g","url":"https:\/\/secure.gravatar.com\/avatar\/7172808a86a713dea422a3159a5fe73d8a0718671410a281103d82dea575d3e9?s=96&r=g","contentUrl":"https:\/\/secure.gravatar.com\/avatar\/7172808a86a713dea422a3159a5fe73d8a0718671410a281103d82dea575d3e9?s=96&r=g","caption":"Rosario Gallone"},"description":"Rosario \u00e8 tra i fondatori della Pigrecoemme, dove si occupa soprattutto del corso di regia e dell'organizzazione dei corsi. E' autore della sceneggiatura di Isa 9000 (mediometraggio con Isa Danieli diretto da Angelo Serio), del montaggio di documentari e della regia di alcuni cortometraggi.","sameAs":["http:\/\/www.pigrecoemme.com\/","https:\/\/www.facebook.com\/rosario.gallone","https:\/\/x.com\/RosarioGallone"],"url":"https:\/\/www.pigrecoemme.com\/blog\/author\/rosario-gallone\/"}]}},"jetpack_sharing_enabled":true,"jetpack_likes_enabled":true,"jetpack-related-posts":[{"id":364,"url":"https:\/\/www.pigrecoemme.com\/blog\/abel-ferrara-e-la-costituzione-protagonisti-del-%e2%80%9csarno-film-festival%e2%80%9d\/","url_meta":{"origin":310,"position":0},"title":"Abel Ferrara e la Costituzione protagonisti del \u201cSarno Film Festival\u201d","author":"Giacomo Fabbrocino","date":"19 Maggio 2011","format":false,"excerpt":"\u00c8 con grande piacere che annunciamo la nostra partnership con la prima edizione del Sarno Film Festival che, per il suo esordio, ha voluto concentrarsi sulla Carta Fondamentale dei diritti del nostro Paese, la Costituzione. Infatti, titolo di quest\u2019anno \u00e8 \u201cUn Corto sulla Carta\u201d, e consiste in un concorso di\u2026","rel":"","context":"In &quot;Eventi&quot;","block_context":{"text":"Eventi","link":"https:\/\/www.pigrecoemme.com\/blog\/eventi\/"},"img":{"alt_text":"","src":"https:\/\/i0.wp.com\/www.pigrecoemme.com\/blog\/wp-content\/uploads\/2011\/05\/abel-ferrara-248x300.jpg?resize=350%2C200","width":350,"height":200},"classes":[]},{"id":688,"url":"https:\/\/www.pigrecoemme.com\/blog\/pigrecoemme-al-napoli-film-festival-2013\/","url_meta":{"origin":310,"position":1},"title":"Pigrecoemme al Napoli Film Festival 2013","author":"Giacomo Fabbrocino","date":"4 Settembre 2013","format":false,"excerpt":"Anche quest'anno, al Napoli Film Festival, \u00e8 di tutto rispetto la presenza di nostri ex allievi e di produzioni che ci vedono a vario titolo coinvolti. Il documentario Ero un Re di Antonio Longo, gi\u00e0 premiato due anni fa al festival partenopeo per Midnight Bingo, \u00e8 in concorso nella sezione\u00a0SchermoNapoli\u2026","rel":"","context":"In &quot;Eventi&quot;","block_context":{"text":"Eventi","link":"https:\/\/www.pigrecoemme.com\/blog\/eventi\/"},"img":{"alt_text":"","src":"https:\/\/i0.wp.com\/www.pigrecoemme.com\/blog\/wp-content\/uploads\/2013\/09\/napoli-film-festival-2013.jpg?resize=350%2C200","width":350,"height":200},"classes":[]},{"id":615,"url":"https:\/\/www.pigrecoemme.com\/blog\/vinci-una-settimana-al-festival-di-arles-con-il-concorso-fotografico-insegne-in-francese-a-napoli\/","url_meta":{"origin":310,"position":2},"title":"Vinci una settimana al Festival di Arles con il concorso fotografico &#8220;Insegne in Francese a Napoli&#8221;","author":"Corrado Morra","date":"18 Marzo 2013","format":false,"excerpt":"Continua la collaborazione tra l\u2019Institut fran\u00e7ais di Napoli e Pigrecoemme e, dopo l'ormai consolidata rassegna sul cinema fantastico, \u00e8 la volta ora della Fotografia, con un curioso concorso sulla presenza delle insegne commerciali in francese a Napoli. Il primo classificato vincer\u00e0 una settimana al Festival di Arles in Francia, l\u2019evento\u2026","rel":"","context":"In &quot;Fotografia&quot;","block_context":{"text":"Fotografia","link":"https:\/\/www.pigrecoemme.com\/blog\/fotografia\/"},"img":{"alt_text":"","src":"https:\/\/i0.wp.com\/www.pigrecoemme.com\/blog\/wp-content\/uploads\/2013\/03\/concorso-fotografico-insegne-francesi.png?resize=350%2C200","width":350,"height":200},"classes":[]},{"id":431,"url":"https:\/\/www.pigrecoemme.com\/blog\/ex-allievi-di-pigrecoemme-che-ottengono-ottimi-risultati\/","url_meta":{"origin":310,"position":3},"title":"Ex allievi di Pigrecoemme che ottengono ottimi risultati!","author":"Giacomo Fabbrocino","date":"2 Novembre 2011","format":false,"excerpt":"Immodestamente dovremmo dire che ci siamo abituati, ma in realt\u00e0 siamo sempre contenti quando succede che i nostri ex allievi si distinguano. Di qualche giorno fa \u00e8 la notizia che Fulvio Sacco, che da noi ha studiato recitazione e che forse avete visto interpretare Gaetano in Satanism for Dummies, \u00e8\u2026","rel":"","context":"In &quot;Generale&quot;","block_context":{"text":"Generale","link":"https:\/\/www.pigrecoemme.com\/blog\/generale\/"},"img":{"alt_text":"Fulvio Sacco","src":"https:\/\/i0.wp.com\/www.pigrecoemme.com\/blog\/wp-content\/uploads\/2011\/11\/fulvuio-sacco-212x300.jpg?resize=350%2C200","width":350,"height":200},"classes":[]},{"id":2229,"url":"https:\/\/www.pigrecoemme.com\/blog\/i-nostri-allievi-al-napoli-film-festival-2018-e-un-docente-in-giuria\/","url_meta":{"origin":310,"position":4},"title":"I nostri allievi al Napoli Film Festival 2018 (e un docente in giuria)","author":"Pigrecoemme","date":"26 Settembre 2018","format":false,"excerpt":"Giunto ormai alla ventesima edizione, il Napoli Film Festival \u00e8 un evento centrale della vita culturale napoletana, oltre ad essere riconosciuto a livello nazionale come evento particolarmente attento alle forme sperimentali del cinema, al cortometraggio, al documentario e alle produzioni indipendenti.Anche quest'anno \u00e8 nutritissima la compagine di ex allievi della\u2026","rel":"","context":"In &quot;Generale&quot;","block_context":{"text":"Generale","link":"https:\/\/www.pigrecoemme.com\/blog\/generale\/"},"img":{"alt_text":"Napoli Film Festival 2018","src":"https:\/\/i0.wp.com\/www.pigrecoemme.com\/blog\/wp-content\/uploads\/2018\/09\/napoli-film-festival-2018.jpg?resize=350%2C200&ssl=1","width":350,"height":200,"srcset":"https:\/\/i0.wp.com\/www.pigrecoemme.com\/blog\/wp-content\/uploads\/2018\/09\/napoli-film-festival-2018.jpg?resize=350%2C200&ssl=1 1x, https:\/\/i0.wp.com\/www.pigrecoemme.com\/blog\/wp-content\/uploads\/2018\/09\/napoli-film-festival-2018.jpg?resize=525%2C300&ssl=1 1.5x, https:\/\/i0.wp.com\/www.pigrecoemme.com\/blog\/wp-content\/uploads\/2018\/09\/napoli-film-festival-2018.jpg?resize=700%2C400&ssl=1 2x"},"classes":[]},{"id":3513,"url":"https:\/\/www.pigrecoemme.com\/blog\/presentazione-del-libro-i-migliori-anni-della-nostra-vita-in-mediateca-di-francesco-napolitano\/","url_meta":{"origin":310,"position":5},"title":"Presentazione del libro &#8220;I migliori anni della nostra vita, in mediateca&#8221; di Francesco Napolitano","author":"Pigrecoemme","date":"10 Marzo 2024","format":false,"excerpt":"Da chi ha a che fare con noi prima o poi inevitabilmente arriva una domanda: \"Ma che vuol dire Pigrecoemme?\" La risposta potrebbe essere pi\u00f9 o meno questa: i fondatori della Pigrecoemme si incontrarono come partecipanti alle attivit\u00e0 di un'associazione culturale napoletana, molto impegnata nel sociale, il cui nome era\u2026","rel":"","context":"In &quot;Eventi&quot;","block_context":{"text":"Eventi","link":"https:\/\/www.pigrecoemme.com\/blog\/eventi\/"},"img":{"alt_text":"","src":"https:\/\/i0.wp.com\/www.pigrecoemme.com\/blog\/wp-content\/uploads\/2024\/03\/i.migliori-anni-fronte.jpg?resize=350%2C200","width":350,"height":200,"srcset":"https:\/\/i0.wp.com\/www.pigrecoemme.com\/blog\/wp-content\/uploads\/2024\/03\/i.migliori-anni-fronte.jpg?resize=350%2C200 1x, https:\/\/i0.wp.com\/www.pigrecoemme.com\/blog\/wp-content\/uploads\/2024\/03\/i.migliori-anni-fronte.jpg?resize=525%2C300 1.5x, https:\/\/i0.wp.com\/www.pigrecoemme.com\/blog\/wp-content\/uploads\/2024\/03\/i.migliori-anni-fronte.jpg?resize=700%2C400 2x, https:\/\/i0.wp.com\/www.pigrecoemme.com\/blog\/wp-content\/uploads\/2024\/03\/i.migliori-anni-fronte.jpg?resize=1050%2C600 3x"},"classes":[]}],"jetpack_featured_media_url":"","_links":{"self":[{"href":"https:\/\/www.pigrecoemme.com\/blog\/wp-json\/wp\/v2\/posts\/310","targetHints":{"allow":["GET"]}}],"collection":[{"href":"https:\/\/www.pigrecoemme.com\/blog\/wp-json\/wp\/v2\/posts"}],"about":[{"href":"https:\/\/www.pigrecoemme.com\/blog\/wp-json\/wp\/v2\/types\/post"}],"author":[{"embeddable":true,"href":"https:\/\/www.pigrecoemme.com\/blog\/wp-json\/wp\/v2\/users\/3"}],"replies":[{"embeddable":true,"href":"https:\/\/www.pigrecoemme.com\/blog\/wp-json\/wp\/v2\/comments?post=310"}],"version-history":[{"count":0,"href":"https:\/\/www.pigrecoemme.com\/blog\/wp-json\/wp\/v2\/posts\/310\/revisions"}],"wp:attachment":[{"href":"https:\/\/www.pigrecoemme.com\/blog\/wp-json\/wp\/v2\/media?parent=310"}],"wp:term":[{"taxonomy":"category","embeddable":true,"href":"https:\/\/www.pigrecoemme.com\/blog\/wp-json\/wp\/v2\/categories?post=310"},{"taxonomy":"post_tag","embeddable":true,"href":"https:\/\/www.pigrecoemme.com\/blog\/wp-json\/wp\/v2\/tags?post=310"}],"curies":[{"name":"wp","href":"https:\/\/api.w.org\/{rel}","templated":true}]}}