{"id":31,"date":"2008-02-04T23:34:56","date_gmt":"2008-02-04T21:34:56","guid":{"rendered":"http:\/\/www.pigrecoemme.com\/blog\/si-gira-si-e-girato\/"},"modified":"2008-02-04T23:34:56","modified_gmt":"2008-02-04T21:34:56","slug":"si-gira-si-e-girato","status":"publish","type":"post","link":"https:\/\/www.pigrecoemme.com\/blog\/si-gira-si-e-girato\/","title":{"rendered":"Si Gira! (si \u00e8 girato&#8230;)"},"content":{"rendered":"<p><a href=\"http:\/\/www.flickr.com\/photos\/scuola-di-cinema\/2232549945\/\" title=\"Foto scena Pigreco 032 by scuola_di_cinema_pigrecoemme, on Flickr\"><img data-recalc-dims=\"1\" loading=\"lazy\" decoding=\"async\" src=\"https:\/\/i0.wp.com\/farm3.static.flickr.com\/2385\/2232549945_320a4357c0_m.jpg?resize=240%2C160\" alt=\"Ardone, Peluso, Massa\" style=\"float: left\" height=\"160\" width=\"240\" \/><\/a>Marted\u00ec scorso abbiamo girato due episodi di &#8220;Fuori Squadra&#8221;, la nuova sitcom prodotta da Pigrecoemme e diretta da Rosario Gallone e Massimiliano Fieno. Protagonisti i tre noti comici Corrado Ardone, Massimo Peluso ed Ettore Massa.  <a href=\"http:\/\/flickr.com\/photos\/scuola-di-cinema\/tags\/fuorisquadrapigrecoemme\/show\/\"><br \/>\nQui<\/a> potete vedere alcune foto di scena scattate da <a href=\"http:\/\/www.pigrecoemme.com\/corso-fotografia\/luca-sorbo.htm\">Luca Sorbo<\/a>.<br \/>\nNell&#8217;operazione, che accanto al famoso trio vede impegnato un nutrito numero di giovani attori,  sono stati coinvolti gli allievi della <a href=\"http:\/\/www.pigrecoemme.com\/\">scuola di cinema<\/a> che hanno partecipato attivamente ad una stancante, ma decisamente divertente ed istruttiva giornata di  riprese.<br \/>\nLa cosa divertente, mi ha confidato Rosario Gallone, \u00e8 che le riprese sono state l&#8217;occasione che ha permesso che si verificasse un suo sogno: essere intervistato da un cronista della Gazzetta dello Sport!<\/p>\n","protected":false},"excerpt":{"rendered":"<p>Marted\u00ec scorso abbiamo girato due episodi di &#8220;Fuori Squadra&#8221;, la nuova sitcom prodotta da Pigrecoemme e diretta da Rosario Gallone e Massimiliano Fieno. Protagonisti i tre noti comici Corrado Ardone, Massimo Peluso ed Ettore&hellip;<\/p>\n","protected":false},"author":1,"featured_media":0,"comment_status":"open","ping_status":"open","sticky":false,"template":"","format":"standard","meta":{"_jetpack_newsletter_access":"","_jetpack_dont_email_post_to_subs":false,"_jetpack_newsletter_tier_id":0,"_jetpack_memberships_contains_paywalled_content":false,"_jetpack_feature_clip_id":0,"_jetpack_memberships_contains_paid_content":false,"footnotes":"","jetpack_post_was_ever_published":false},"categories":[12,3],"tags":[79,82,78,81,80,58,1280,83],"class_list":["post-31","post","type-post","status-publish","format-standard","hentry","category-produzioni","category-scuola-di-cinema","tag-ardone","tag-ardone-peluso-massa","tag-fuori-squadra","tag-massa","tag-peluso","tag-pigrecoemme","tag-scuola-di-cinema","tag-sitcom"],"yoast_head":"<!-- This site is optimized with the Yoast SEO plugin v28.4 - https:\/\/yoast.com\/product\/yoast-seo-wordpress\/ -->\n<title>Si Gira! (si \u00e8 girato...)<\/title>\n<meta name=\"robots\" content=\"index, follow, max-snippet:-1, max-image-preview:large, max-video-preview:-1\" \/>\n<link rel=\"canonical\" href=\"https:\/\/www.pigrecoemme.com\/blog\/si-gira-si-e-girato\/\" \/>\n<meta property=\"og:locale\" content=\"it_IT\" \/>\n<meta property=\"og:type\" content=\"article\" \/>\n<meta property=\"og:title\" content=\"Si Gira! (si \u00e8 girato...)\" \/>\n<meta property=\"og:description\" content=\"Marted\u00ec scorso abbiamo girato due episodi di &#8220;Fuori Squadra&#8221;, la nuova sitcom prodotta da Pigrecoemme e diretta da Rosario Gallone e Massimiliano Fieno. Protagonisti i tre noti comici Corrado Ardone, Massimo Peluso ed Ettore Massa. Qui potete vedere alcune foto &hellip; Continue reading &rarr;\" \/>\n<meta property=\"og:url\" content=\"https:\/\/www.pigrecoemme.com\/blog\/si-gira-si-e-girato\/\" \/>\n<meta property=\"og:site_name\" content=\"Scuola di Cinema Pigrecoemme - Blog\" \/>\n<meta property=\"article:publisher\" content=\"https:\/\/www.facebook.com\/pigrecoemme\" \/>\n<meta property=\"article:author\" content=\"https:\/\/www.facebook.com\/giacomo.fabbrocino\" \/>\n<meta property=\"article:published_time\" content=\"2008-02-04T21:34:56+00:00\" \/>\n<meta property=\"og:image\" content=\"http:\/\/farm3.static.flickr.com\/2385\/2232549945_320a4357c0_m.jpg\" \/>\n<meta name=\"author\" content=\"Giacomo Fabbrocino\" \/>\n<meta name=\"twitter:card\" content=\"summary_large_image\" \/>\n<meta name=\"twitter:creator\" content=\"@Pigrecoemme\" \/>\n<meta name=\"twitter:site\" content=\"@Pigrecoemme\" \/>\n<meta name=\"twitter:label1\" content=\"Scritto da\" \/>\n\t<meta name=\"twitter:data1\" content=\"Giacomo Fabbrocino\" \/>\n\t<meta name=\"twitter:label2\" content=\"Tempo di lettura stimato\" \/>\n\t<meta name=\"twitter:data2\" content=\"1 minuto\" \/>\n<script type=\"application\/ld+json\" class=\"yoast-schema-graph\">{\"@context\":\"https:\\\/\\\/schema.org\",\"@graph\":[{\"@type\":[\"Article\",\"BlogPosting\"],\"@id\":\"https:\\\/\\\/www.pigrecoemme.com\\\/blog\\\/si-gira-si-e-girato\\\/#article\",\"isPartOf\":{\"@id\":\"https:\\\/\\\/www.pigrecoemme.com\\\/blog\\\/si-gira-si-e-girato\\\/\"},\"author\":{\"name\":\"Giacomo Fabbrocino\",\"@id\":\"https:\\\/\\\/www.pigrecoemme.com\\\/blog\\\/#\\\/schema\\\/person\\\/57fa822c3d209d3a2612fd0411ae63f4\"},\"headline\":\"Si Gira! (si \u00e8 girato&#8230;)\",\"datePublished\":\"2008-02-04T21:34:56+00:00\",\"mainEntityOfPage\":{\"@id\":\"https:\\\/\\\/www.pigrecoemme.com\\\/blog\\\/si-gira-si-e-girato\\\/\"},\"wordCount\":122,\"commentCount\":2,\"publisher\":{\"@id\":\"https:\\\/\\\/www.pigrecoemme.com\\\/blog\\\/#organization\"},\"image\":{\"@id\":\"https:\\\/\\\/www.pigrecoemme.com\\\/blog\\\/si-gira-si-e-girato\\\/#primaryimage\"},\"thumbnailUrl\":\"http:\\\/\\\/farm3.static.flickr.com\\\/2385\\\/2232549945_320a4357c0_m.jpg\",\"keywords\":[\"ardone\",\"ardone peluso massa\",\"fuori squadra\",\"massa\",\"peluso\",\"pigrecoemme\",\"Scuola di cinema\",\"sitcom\"],\"articleSection\":[\"Produzioni\",\"Scuola di cinema\"],\"inLanguage\":\"it-IT\",\"potentialAction\":[{\"@type\":\"CommentAction\",\"name\":\"Comment\",\"target\":[\"https:\\\/\\\/www.pigrecoemme.com\\\/blog\\\/si-gira-si-e-girato\\\/#respond\"]}]},{\"@type\":\"WebPage\",\"@id\":\"https:\\\/\\\/www.pigrecoemme.com\\\/blog\\\/si-gira-si-e-girato\\\/\",\"url\":\"https:\\\/\\\/www.pigrecoemme.com\\\/blog\\\/si-gira-si-e-girato\\\/\",\"name\":\"Si Gira! (si \u00e8 girato...)\",\"isPartOf\":{\"@id\":\"https:\\\/\\\/www.pigrecoemme.com\\\/blog\\\/#website\"},\"primaryImageOfPage\":{\"@id\":\"https:\\\/\\\/www.pigrecoemme.com\\\/blog\\\/si-gira-si-e-girato\\\/#primaryimage\"},\"image\":{\"@id\":\"https:\\\/\\\/www.pigrecoemme.com\\\/blog\\\/si-gira-si-e-girato\\\/#primaryimage\"},\"thumbnailUrl\":\"http:\\\/\\\/farm3.static.flickr.com\\\/2385\\\/2232549945_320a4357c0_m.jpg\",\"datePublished\":\"2008-02-04T21:34:56+00:00\",\"breadcrumb\":{\"@id\":\"https:\\\/\\\/www.pigrecoemme.com\\\/blog\\\/si-gira-si-e-girato\\\/#breadcrumb\"},\"inLanguage\":\"it-IT\",\"potentialAction\":[{\"@type\":\"ReadAction\",\"target\":[\"https:\\\/\\\/www.pigrecoemme.com\\\/blog\\\/si-gira-si-e-girato\\\/\"]}]},{\"@type\":\"ImageObject\",\"inLanguage\":\"it-IT\",\"@id\":\"https:\\\/\\\/www.pigrecoemme.com\\\/blog\\\/si-gira-si-e-girato\\\/#primaryimage\",\"url\":\"http:\\\/\\\/farm3.static.flickr.com\\\/2385\\\/2232549945_320a4357c0_m.jpg\",\"contentUrl\":\"http:\\\/\\\/farm3.static.flickr.com\\\/2385\\\/2232549945_320a4357c0_m.jpg\"},{\"@type\":\"BreadcrumbList\",\"@id\":\"https:\\\/\\\/www.pigrecoemme.com\\\/blog\\\/si-gira-si-e-girato\\\/#breadcrumb\",\"itemListElement\":[{\"@type\":\"ListItem\",\"position\":1,\"name\":\"Home\",\"item\":\"https:\\\/\\\/www.pigrecoemme.com\\\/blog\\\/\"},{\"@type\":\"ListItem\",\"position\":2,\"name\":\"Si Gira! (si \u00e8 girato&#8230;)\"}]},{\"@type\":\"WebSite\",\"@id\":\"https:\\\/\\\/www.pigrecoemme.com\\\/blog\\\/#website\",\"url\":\"https:\\\/\\\/www.pigrecoemme.com\\\/blog\\\/\",\"name\":\"Scuola di Cinema Pigrecoemme - Blog\",\"description\":\"Siamo la prima Scuola di Cinema e Fotografia di Napoli\",\"publisher\":{\"@id\":\"https:\\\/\\\/www.pigrecoemme.com\\\/blog\\\/#organization\"},\"potentialAction\":[{\"@type\":\"SearchAction\",\"target\":{\"@type\":\"EntryPoint\",\"urlTemplate\":\"https:\\\/\\\/www.pigrecoemme.com\\\/blog\\\/?s={search_term_string}\"},\"query-input\":{\"@type\":\"PropertyValueSpecification\",\"valueRequired\":true,\"valueName\":\"search_term_string\"}}],\"inLanguage\":\"it-IT\"},{\"@type\":\"Organization\",\"@id\":\"https:\\\/\\\/www.pigrecoemme.com\\\/blog\\\/#organization\",\"name\":\"Scuola di cinema e fotografia Pigrecoemme\",\"url\":\"https:\\\/\\\/www.pigrecoemme.com\\\/blog\\\/\",\"logo\":{\"@type\":\"ImageObject\",\"inLanguage\":\"it-IT\",\"@id\":\"https:\\\/\\\/www.pigrecoemme.com\\\/blog\\\/#\\\/schema\\\/logo\\\/image\\\/\",\"url\":\"https:\\\/\\\/i0.wp.com\\\/www.pigrecoemme.com\\\/blog\\\/wp-content\\\/uploads\\\/2018\\\/06\\\/logo-pigrecoemme-2018.png?fit=500%2C500&ssl=1\",\"contentUrl\":\"https:\\\/\\\/i0.wp.com\\\/www.pigrecoemme.com\\\/blog\\\/wp-content\\\/uploads\\\/2018\\\/06\\\/logo-pigrecoemme-2018.png?fit=500%2C500&ssl=1\",\"width\":500,\"height\":500,\"caption\":\"Scuola di cinema e fotografia Pigrecoemme\"},\"image\":{\"@id\":\"https:\\\/\\\/www.pigrecoemme.com\\\/blog\\\/#\\\/schema\\\/logo\\\/image\\\/\"},\"sameAs\":[\"https:\\\/\\\/www.facebook.com\\\/pigrecoemme\",\"https:\\\/\\\/x.com\\\/Pigrecoemme\",\"https:\\\/\\\/www.instagram.com\\\/pigrecoemme\\\/\",\"https:\\\/\\\/www.linkedin.com\\\/company\\\/pigrecoemme\\\/\",\"https:\\\/\\\/www.youtube.com\\\/pigrecoemme\"]},{\"@type\":\"Person\",\"@id\":\"https:\\\/\\\/www.pigrecoemme.com\\\/blog\\\/#\\\/schema\\\/person\\\/57fa822c3d209d3a2612fd0411ae63f4\",\"name\":\"Giacomo Fabbrocino\",\"image\":{\"@type\":\"ImageObject\",\"inLanguage\":\"it-IT\",\"@id\":\"https:\\\/\\\/secure.gravatar.com\\\/avatar\\\/0e4dfd4d05c06a03fffaffeb36fb181415ba11b91a6b566fa2e8ada75927db32?s=96&r=g\",\"url\":\"https:\\\/\\\/secure.gravatar.com\\\/avatar\\\/0e4dfd4d05c06a03fffaffeb36fb181415ba11b91a6b566fa2e8ada75927db32?s=96&r=g\",\"contentUrl\":\"https:\\\/\\\/secure.gravatar.com\\\/avatar\\\/0e4dfd4d05c06a03fffaffeb36fb181415ba11b91a6b566fa2e8ada75927db32?s=96&r=g\",\"caption\":\"Giacomo Fabbrocino\"},\"description\":\"Montatore cinematografico, autore di documentari sull'arte e di video d'artista, Giacomo \u00e8 responsabile della didattica e della comunicazione web della Scuola di Cinema, Fotografia e Televisione Pigrecoemme di Napoli.\",\"sameAs\":[\"http:\\\/\\\/www.pigrecoemme.com\\\/\",\"https:\\\/\\\/www.facebook.com\\\/giacomo.fabbrocino\"],\"url\":\"https:\\\/\\\/www.pigrecoemme.com\\\/blog\\\/author\\\/giacomo-fabbrocino\\\/\"}]}<\/script>\n<!-- \/ Yoast SEO plugin. -->","yoast_head_json":{"title":"Si Gira! (si \u00e8 girato...)","robots":{"index":"index","follow":"follow","max-snippet":"max-snippet:-1","max-image-preview":"max-image-preview:large","max-video-preview":"max-video-preview:-1"},"canonical":"https:\/\/www.pigrecoemme.com\/blog\/si-gira-si-e-girato\/","og_locale":"it_IT","og_type":"article","og_title":"Si Gira! (si \u00e8 girato...)","og_description":"Marted\u00ec scorso abbiamo girato due episodi di &#8220;Fuori Squadra&#8221;, la nuova sitcom prodotta da Pigrecoemme e diretta da Rosario Gallone e Massimiliano Fieno. Protagonisti i tre noti comici Corrado Ardone, Massimo Peluso ed Ettore Massa. Qui potete vedere alcune foto &hellip; Continue reading &rarr;","og_url":"https:\/\/www.pigrecoemme.com\/blog\/si-gira-si-e-girato\/","og_site_name":"Scuola di Cinema Pigrecoemme - Blog","article_publisher":"https:\/\/www.facebook.com\/pigrecoemme","article_author":"https:\/\/www.facebook.com\/giacomo.fabbrocino","article_published_time":"2008-02-04T21:34:56+00:00","og_image":[{"url":"http:\/\/farm3.static.flickr.com\/2385\/2232549945_320a4357c0_m.jpg","type":"","width":"","height":""}],"author":"Giacomo Fabbrocino","twitter_card":"summary_large_image","twitter_creator":"@Pigrecoemme","twitter_site":"@Pigrecoemme","twitter_misc":{"Scritto da":"Giacomo Fabbrocino","Tempo di lettura stimato":"1 minuto"},"schema":{"@context":"https:\/\/schema.org","@graph":[{"@type":["Article","BlogPosting"],"@id":"https:\/\/www.pigrecoemme.com\/blog\/si-gira-si-e-girato\/#article","isPartOf":{"@id":"https:\/\/www.pigrecoemme.com\/blog\/si-gira-si-e-girato\/"},"author":{"name":"Giacomo Fabbrocino","@id":"https:\/\/www.pigrecoemme.com\/blog\/#\/schema\/person\/57fa822c3d209d3a2612fd0411ae63f4"},"headline":"Si Gira! (si \u00e8 girato&#8230;)","datePublished":"2008-02-04T21:34:56+00:00","mainEntityOfPage":{"@id":"https:\/\/www.pigrecoemme.com\/blog\/si-gira-si-e-girato\/"},"wordCount":122,"commentCount":2,"publisher":{"@id":"https:\/\/www.pigrecoemme.com\/blog\/#organization"},"image":{"@id":"https:\/\/www.pigrecoemme.com\/blog\/si-gira-si-e-girato\/#primaryimage"},"thumbnailUrl":"http:\/\/farm3.static.flickr.com\/2385\/2232549945_320a4357c0_m.jpg","keywords":["ardone","ardone peluso massa","fuori squadra","massa","peluso","pigrecoemme","Scuola di cinema","sitcom"],"articleSection":["Produzioni","Scuola di cinema"],"inLanguage":"it-IT","potentialAction":[{"@type":"CommentAction","name":"Comment","target":["https:\/\/www.pigrecoemme.com\/blog\/si-gira-si-e-girato\/#respond"]}]},{"@type":"WebPage","@id":"https:\/\/www.pigrecoemme.com\/blog\/si-gira-si-e-girato\/","url":"https:\/\/www.pigrecoemme.com\/blog\/si-gira-si-e-girato\/","name":"Si Gira! (si \u00e8 girato...)","isPartOf":{"@id":"https:\/\/www.pigrecoemme.com\/blog\/#website"},"primaryImageOfPage":{"@id":"https:\/\/www.pigrecoemme.com\/blog\/si-gira-si-e-girato\/#primaryimage"},"image":{"@id":"https:\/\/www.pigrecoemme.com\/blog\/si-gira-si-e-girato\/#primaryimage"},"thumbnailUrl":"http:\/\/farm3.static.flickr.com\/2385\/2232549945_320a4357c0_m.jpg","datePublished":"2008-02-04T21:34:56+00:00","breadcrumb":{"@id":"https:\/\/www.pigrecoemme.com\/blog\/si-gira-si-e-girato\/#breadcrumb"},"inLanguage":"it-IT","potentialAction":[{"@type":"ReadAction","target":["https:\/\/www.pigrecoemme.com\/blog\/si-gira-si-e-girato\/"]}]},{"@type":"ImageObject","inLanguage":"it-IT","@id":"https:\/\/www.pigrecoemme.com\/blog\/si-gira-si-e-girato\/#primaryimage","url":"http:\/\/farm3.static.flickr.com\/2385\/2232549945_320a4357c0_m.jpg","contentUrl":"http:\/\/farm3.static.flickr.com\/2385\/2232549945_320a4357c0_m.jpg"},{"@type":"BreadcrumbList","@id":"https:\/\/www.pigrecoemme.com\/blog\/si-gira-si-e-girato\/#breadcrumb","itemListElement":[{"@type":"ListItem","position":1,"name":"Home","item":"https:\/\/www.pigrecoemme.com\/blog\/"},{"@type":"ListItem","position":2,"name":"Si Gira! (si \u00e8 girato&#8230;)"}]},{"@type":"WebSite","@id":"https:\/\/www.pigrecoemme.com\/blog\/#website","url":"https:\/\/www.pigrecoemme.com\/blog\/","name":"Scuola di Cinema Pigrecoemme - Blog","description":"Siamo la prima Scuola di Cinema e Fotografia di Napoli","publisher":{"@id":"https:\/\/www.pigrecoemme.com\/blog\/#organization"},"potentialAction":[{"@type":"SearchAction","target":{"@type":"EntryPoint","urlTemplate":"https:\/\/www.pigrecoemme.com\/blog\/?s={search_term_string}"},"query-input":{"@type":"PropertyValueSpecification","valueRequired":true,"valueName":"search_term_string"}}],"inLanguage":"it-IT"},{"@type":"Organization","@id":"https:\/\/www.pigrecoemme.com\/blog\/#organization","name":"Scuola di cinema e fotografia Pigrecoemme","url":"https:\/\/www.pigrecoemme.com\/blog\/","logo":{"@type":"ImageObject","inLanguage":"it-IT","@id":"https:\/\/www.pigrecoemme.com\/blog\/#\/schema\/logo\/image\/","url":"https:\/\/i0.wp.com\/www.pigrecoemme.com\/blog\/wp-content\/uploads\/2018\/06\/logo-pigrecoemme-2018.png?fit=500%2C500&ssl=1","contentUrl":"https:\/\/i0.wp.com\/www.pigrecoemme.com\/blog\/wp-content\/uploads\/2018\/06\/logo-pigrecoemme-2018.png?fit=500%2C500&ssl=1","width":500,"height":500,"caption":"Scuola di cinema e fotografia Pigrecoemme"},"image":{"@id":"https:\/\/www.pigrecoemme.com\/blog\/#\/schema\/logo\/image\/"},"sameAs":["https:\/\/www.facebook.com\/pigrecoemme","https:\/\/x.com\/Pigrecoemme","https:\/\/www.instagram.com\/pigrecoemme\/","https:\/\/www.linkedin.com\/company\/pigrecoemme\/","https:\/\/www.youtube.com\/pigrecoemme"]},{"@type":"Person","@id":"https:\/\/www.pigrecoemme.com\/blog\/#\/schema\/person\/57fa822c3d209d3a2612fd0411ae63f4","name":"Giacomo Fabbrocino","image":{"@type":"ImageObject","inLanguage":"it-IT","@id":"https:\/\/secure.gravatar.com\/avatar\/0e4dfd4d05c06a03fffaffeb36fb181415ba11b91a6b566fa2e8ada75927db32?s=96&r=g","url":"https:\/\/secure.gravatar.com\/avatar\/0e4dfd4d05c06a03fffaffeb36fb181415ba11b91a6b566fa2e8ada75927db32?s=96&r=g","contentUrl":"https:\/\/secure.gravatar.com\/avatar\/0e4dfd4d05c06a03fffaffeb36fb181415ba11b91a6b566fa2e8ada75927db32?s=96&r=g","caption":"Giacomo Fabbrocino"},"description":"Montatore cinematografico, autore di documentari sull'arte e di video d'artista, Giacomo \u00e8 responsabile della didattica e della comunicazione web della Scuola di Cinema, Fotografia e Televisione Pigrecoemme di Napoli.","sameAs":["http:\/\/www.pigrecoemme.com\/","https:\/\/www.facebook.com\/giacomo.fabbrocino"],"url":"https:\/\/www.pigrecoemme.com\/blog\/author\/giacomo-fabbrocino\/"}]}},"jetpack_sharing_enabled":true,"jetpack_likes_enabled":true,"jetpack-related-posts":[{"id":35,"url":"https:\/\/www.pigrecoemme.com\/blog\/pigrecoemme-sulla-gazzetta-dello-sport\/","url_meta":{"origin":31,"position":0},"title":"Pigrecoemme sulla Gazzetta dello Sport","author":"Giacomo Fabbrocino","date":"15 Febbraio 2008","format":false,"excerpt":"Il nostro Rosario Gallone ha realizzato il sogno di ogni vero regista: uscire sulla Gazzetta dello Sport. L'edizione campana del quotidiano sportivo ha infatti pubblicato un articolo su Fuori Squadra, la sitcom con il trio Ardone, Peluso e Massa che Pigrecoemme ha girato coinvolgendo gli allievi della scuola di cinema.\u2026","rel":"","context":"In &quot;Generale&quot;","block_context":{"text":"Generale","link":"https:\/\/www.pigrecoemme.com\/blog\/generale\/"},"img":{"alt_text":"Fuori Squadra sulla Gazzetta dello Sport","src":"https:\/\/i0.wp.com\/farm3.static.flickr.com\/2226\/2266093835_ac80b465c6_m.jpg?resize=350%2C200","width":350,"height":200},"classes":[]},{"id":52,"url":"https:\/\/www.pigrecoemme.com\/blog\/fuori-squadra-lanteprima-integrale\/","url_meta":{"origin":31,"position":1},"title":"Fuori Squadra: l&#8217;anteprima integrale","author":"Giacomo Fabbrocino","date":"21 Maggio 2008","format":false,"excerpt":"Ecco la versione integrale dell'anteprima di \"Fuori Squadra\" cos\u00ec come \u00e8 stata trasmessa da Canale 9.","rel":"","context":"In &quot;Produzioni&quot;","block_context":{"text":"Produzioni","link":"https:\/\/www.pigrecoemme.com\/blog\/produzioni\/"},"img":{"alt_text":"","src":"","width":0,"height":0},"classes":[]},{"id":50,"url":"https:\/\/www.pigrecoemme.com\/blog\/fuori-squadra-il-teaser-trailer\/","url_meta":{"origin":31,"position":2},"title":"Fuori Squadra: il teaser trailer","author":"Giacomo Fabbrocino","date":"8 Maggio 2008","format":false,"excerpt":"Fuori squadra \u00e8 la sit-com prodotta da Pigrecoemme di cui vi abbiamo gi\u00e0 parlato da questo blog (link e link) . Domenica prossima, nel corso della trasmissione di Canale 9 \"Tutti in campo\" verr\u00e0 trasmesso il numero zero. Siete tutti invitati a dire la vostra e, soprattutto, a sintonizzarvi domenica\u2026","rel":"","context":"In &quot;Produzioni&quot;","block_context":{"text":"Produzioni","link":"https:\/\/www.pigrecoemme.com\/blog\/produzioni\/"},"img":{"alt_text":"","src":"","width":0,"height":0},"classes":[]},{"id":539,"url":"https:\/\/www.pigrecoemme.com\/blog\/effetto-pigreco\/","url_meta":{"origin":31,"position":3},"title":"Effetto Pigreco&#8230;","author":"Rosario Gallone","date":"1 Ottobre 2012","format":false,"excerpt":"C'\u00e8 un po' di Pigrecoemme ogni giorno, in Tv, nei Festival, al cinema, ex allievi, docenti che ci convincono, sempre pi\u00f9, che la strada da noi percorsa, per quanto irta di difficolt\u00e0, sia quella di maggior soddisfazione, visti i risultati. Ecco allora che, mentre in Tv passa la fiction su\u2026","rel":"","context":"In &quot;Generale&quot;","block_context":{"text":"Generale","link":"https:\/\/www.pigrecoemme.com\/blog\/generale\/"},"img":{"alt_text":"","src":"https:\/\/i0.wp.com\/www.pigrecoemme.com\/blog\/wp-content\/uploads\/2012\/10\/545617_468010543220801_435415249_n1-300x126.jpg?resize=350%2C200","width":350,"height":200},"classes":[]},{"id":100,"url":"https:\/\/www.pigrecoemme.com\/blog\/stasera-parte-romanzo-criminale-su-sky-cinema\/","url_meta":{"origin":31,"position":4},"title":"Stasera parte &#8220;Romanzo Criminale&#8221; su Sky Cinema","author":"Giacomo Fabbrocino","date":"10 Novembre 2008","format":false,"excerpt":"Forse \u00e8 un po' tardi per segnarvelo: ma stasera Sky Cinema trasmetter\u00e0 in chiaro i primi due episodi della serie Romanzo Criminale, tratta dall'opera letteraria di Giancarlo De Cataldo, da cui gi\u00e0 il riuscitissimo adattamento cinematografico di Michele Placido. Ho assistito la scorsa estate alla proiezione in anteprima di alcuni\u2026","rel":"","context":"In &quot;Generale&quot;","block_context":{"text":"Generale","link":"https:\/\/www.pigrecoemme.com\/blog\/generale\/"},"img":{"alt_text":"","src":"https:\/\/i0.wp.com\/www.pigrecoemme.com\/blog\/wp-content\/uploads\/2008\/11\/romanzo-criminale.jpg?resize=350%2C200","width":350,"height":200},"classes":[]},{"id":168,"url":"https:\/\/www.pigrecoemme.com\/blog\/lo-spot-della-fondazione-affido-sui-canali-mediaset\/","url_meta":{"origin":31,"position":5},"title":"Lo spot della Fondazione Affido sui canali Mediaset","author":"Giacomo Fabbrocino","date":"5 Agosto 2009","format":false,"excerpt":"Lo spot \u201cFidarsi \u00e8 bene, affidarsi \u00e8 bello\u201d, interpretato dall\u2019attrice napoletana Isa Danieli, diretto dal regista Angelo Serio, scritto da Rosario Gallone, fotografato da Ugo Lo Pinto, montato da Lorenzo Peluso (tutti nostri docenti, compreso lo scenografo: Renato Lori) andr\u00e0 in onda sul nazionale. In particolare, verr\u00e0 trasmesso \u00a0dalle reti\u2026","rel":"","context":"In &quot;Generale&quot;","block_context":{"text":"Generale","link":"https:\/\/www.pigrecoemme.com\/blog\/generale\/"},"img":{"alt_text":"","src":"","width":0,"height":0},"classes":[]}],"jetpack_featured_media_url":"","_links":{"self":[{"href":"https:\/\/www.pigrecoemme.com\/blog\/wp-json\/wp\/v2\/posts\/31","targetHints":{"allow":["GET"]}}],"collection":[{"href":"https:\/\/www.pigrecoemme.com\/blog\/wp-json\/wp\/v2\/posts"}],"about":[{"href":"https:\/\/www.pigrecoemme.com\/blog\/wp-json\/wp\/v2\/types\/post"}],"author":[{"embeddable":true,"href":"https:\/\/www.pigrecoemme.com\/blog\/wp-json\/wp\/v2\/users\/1"}],"replies":[{"embeddable":true,"href":"https:\/\/www.pigrecoemme.com\/blog\/wp-json\/wp\/v2\/comments?post=31"}],"version-history":[{"count":0,"href":"https:\/\/www.pigrecoemme.com\/blog\/wp-json\/wp\/v2\/posts\/31\/revisions"}],"wp:attachment":[{"href":"https:\/\/www.pigrecoemme.com\/blog\/wp-json\/wp\/v2\/media?parent=31"}],"wp:term":[{"taxonomy":"category","embeddable":true,"href":"https:\/\/www.pigrecoemme.com\/blog\/wp-json\/wp\/v2\/categories?post=31"},{"taxonomy":"post_tag","embeddable":true,"href":"https:\/\/www.pigrecoemme.com\/blog\/wp-json\/wp\/v2\/tags?post=31"}],"curies":[{"name":"wp","href":"https:\/\/api.w.org\/{rel}","templated":true}]}}