{"id":3026,"date":"2021-09-11T01:02:26","date_gmt":"2021-09-10T23:02:26","guid":{"rendered":"https:\/\/www.pigrecoemme.com\/blog\/?p=3026"},"modified":"2021-09-22T12:08:59","modified_gmt":"2021-09-22T10:08:59","slug":"situazione-critica-18-elio-petri","status":"publish","type":"post","link":"https:\/\/www.pigrecoemme.com\/blog\/situazione-critica-18-elio-petri\/","title":{"rendered":"Situazione Critica #18: Elio Petri"},"content":{"rendered":"\n\n\n<h2 class=\"wp-block-heading\" id=\"un-regista-al-di-sopra-di-ogni-difetto\">Un regista al di sopra di ogni difetto<\/h2>\n\n\n\n<figure class=\"wp-block-image size-full\"><img data-recalc-dims=\"1\" loading=\"lazy\" decoding=\"async\" width=\"860\" height=\"484\" src=\"https:\/\/i0.wp.com\/www.pigrecoemme.com\/blog\/wp-content\/uploads\/2021\/09\/situazione-critica-18-elio-petri.jpg?resize=860%2C484&#038;ssl=1\" alt=\"Situazione Critica #18: Elio Petri\" class=\"wp-image-3028\" srcset=\"https:\/\/i0.wp.com\/www.pigrecoemme.com\/blog\/wp-content\/uploads\/2021\/09\/situazione-critica-18-elio-petri.jpg?w=1920&amp;ssl=1 1920w, https:\/\/i0.wp.com\/www.pigrecoemme.com\/blog\/wp-content\/uploads\/2021\/09\/situazione-critica-18-elio-petri.jpg?resize=300%2C169&amp;ssl=1 300w, https:\/\/i0.wp.com\/www.pigrecoemme.com\/blog\/wp-content\/uploads\/2021\/09\/situazione-critica-18-elio-petri.jpg?resize=1024%2C576&amp;ssl=1 1024w, https:\/\/i0.wp.com\/www.pigrecoemme.com\/blog\/wp-content\/uploads\/2021\/09\/situazione-critica-18-elio-petri.jpg?resize=768%2C432&amp;ssl=1 768w, https:\/\/i0.wp.com\/www.pigrecoemme.com\/blog\/wp-content\/uploads\/2021\/09\/situazione-critica-18-elio-petri.jpg?resize=1536%2C864&amp;ssl=1 1536w, https:\/\/i0.wp.com\/www.pigrecoemme.com\/blog\/wp-content\/uploads\/2021\/09\/situazione-critica-18-elio-petri.jpg?w=1720&amp;ssl=1 1720w\" sizes=\"auto, (max-width: 860px) 100vw, 860px\" \/><\/figure>\n\n\n\n<p class=\"wp-block-paragraph\"><strong><a href=\"https:\/\/www.pigrecoemme.com\/blog\/tag\/situazione-critica\/\">Situazione Critica<\/a><\/strong>&nbsp;&#8211; l\u2019iniziativa della Scuola di cinema Pigrecoemme di Napoli cominciata a maggio 2018 &#8211; torna \u201cin presenza\u201d&nbsp;e stavolta in forma&nbsp;itinerante. Quattro appuntamenti di prestigio in altrettanti luoghi (un\u2019ex fabbrica, un cinema e due scuole) che accoglieranno incontri con critici, registi, giornalisti, studiosi&nbsp;e&nbsp;professionisti del cinema; con un unico obiettivo: parlare alla e con la platea di cinema, di sguardo, di storia,&nbsp;e di societ\u00e0.<\/p>\n\n\n\n<p class=\"wp-block-paragraph\"><strong>Il diciottesimo appuntamento della rassegna&nbsp;si terr\u00e0 sabato 25 settembre alle 18:00&nbsp;presso Il Centro L\u2019Oasi della Onlus <a href=\"https:\/\/www.figliinfamiglia.it\/\">Figli in famiglia<\/a> in via Ferrante Imparato 111 a Napoli.<\/strong><\/p>\n\n\n\n<p class=\"wp-block-paragraph\">L\u2019incontro sar\u00e0 incentrato su uno dei registi pi\u00f9 importanti della storia del&nbsp;cinema italiano: <strong>Elio Petri<\/strong>. L\u2019occasione \u00e8 data dalla pubblicazione, per i tipi della Venilia Editrice, di <em><a href=\"https:\/\/www.amazon.it\/dp\/8894624005\/ref=cm_sw_r_tw_dp_PDZN4D5X77Z81QNXADBA\"><strong>Parola solenne. Dialoghi e visioni nel cinema di Elio Petri<\/strong><\/a><\/em>,&nbsp;scritto da <strong>Natale Luzzagni<\/strong>. Proprio Luzzagni sar\u00e0 ospite dell\u2019incontro insieme a&nbsp;<strong>Pier Antonio Mecacci<\/strong>, storico truccatore del nostro migliore cinema. Sar\u00e0 l\u2019occasione per parlare del libro, della carriera e del cinema di Elio Petri, ma anche, vista la location, per celebrare il cinquantenario dell\u2019uscita nelle sale di <em>La classe operaia va in Paradiso<\/em>, un film tristemente attuale nel racconto delle dinamiche lavorative, nonch\u00e9 per ascoltare testimonianze.&nbsp;<\/p>\n\n\n\n<!--more-->\n\n\n\n<h2 class=\"wp-block-heading\" id=\"il-libro\">IL LIBRO<\/h2>\n\n\n\n<div class=\"wp-block-columns is-layout-flex wp-container-core-columns-is-layout-7387b849 wp-block-columns-is-layout-flex\">\n<div class=\"wp-block-column is-layout-flow wp-block-column-is-layout-flow\">\n<figure class=\"wp-block-image size-full\"><img data-recalc-dims=\"1\" loading=\"lazy\" decoding=\"async\" width=\"800\" height=\"800\" src=\"https:\/\/i0.wp.com\/www.pigrecoemme.com\/blog\/wp-content\/uploads\/2021\/09\/parola-solenne-elio-petri.jpg?resize=800%2C800&#038;ssl=1\" alt=\"parola solenne elio petri\" class=\"wp-image-3029\" srcset=\"https:\/\/i0.wp.com\/www.pigrecoemme.com\/blog\/wp-content\/uploads\/2021\/09\/parola-solenne-elio-petri.jpg?w=800&amp;ssl=1 800w, https:\/\/i0.wp.com\/www.pigrecoemme.com\/blog\/wp-content\/uploads\/2021\/09\/parola-solenne-elio-petri.jpg?resize=300%2C300&amp;ssl=1 300w, https:\/\/i0.wp.com\/www.pigrecoemme.com\/blog\/wp-content\/uploads\/2021\/09\/parola-solenne-elio-petri.jpg?resize=150%2C150&amp;ssl=1 150w, https:\/\/i0.wp.com\/www.pigrecoemme.com\/blog\/wp-content\/uploads\/2021\/09\/parola-solenne-elio-petri.jpg?resize=768%2C768&amp;ssl=1 768w, https:\/\/i0.wp.com\/www.pigrecoemme.com\/blog\/wp-content\/uploads\/2021\/09\/parola-solenne-elio-petri.jpg?resize=65%2C65&amp;ssl=1 65w\" sizes=\"auto, (max-width: 800px) 100vw, 800px\" \/><figcaption>La copertina del libro (<a href=\"https:\/\/www.amazon.it\/dp\/8894624005\/ref=cm_sw_r_tw_dp_PDZN4D5X77Z81QNXADBA\">acquistalo su Amazon<\/a>)<\/figcaption><\/figure>\n<\/div>\n\n\n\n<div class=\"wp-block-column is-layout-flow wp-block-column-is-layout-flow\">\n<blockquote class=\"wp-block-quote is-layout-flow wp-block-quote-is-layout-flow\"><p>\u00abIl cinema di Elio Petri raccoglie a piene mani le suggestioni dell\u2019irripetibile stagione che aveva preceduto il suo esordio. Accanto a De Santis impar\u00f2 ogni possibile utilizzo delle tecniche di ripresa. Divent\u00f2 esperto come pochi nel padroneggiare la camera a mano e a muoversi in spazi esigui. Caric\u00f2 di assoluta monumentalit\u00e0 le macroinquadrature dei primi piani e l\u2019insistita caratterizzazione della dimensione soliloquiale. Ma \u00e8 la scrittura, l\u2019antica ambizione personale, a rivelare, sopra ogni altra prospettiva, la cifra decisiva di un vertiginoso azzardo narrativo. La maniacale cura dei testi preparatori, la necessit\u00e0 di continui confronti con i propri collaboratori, la natura assembleare dei dibattiti e l\u2019ampia gamma delle fonti letterarie contribuiranno all\u2019emersione di una filmografia rumorosa e straniante, fragorosa ed eversiva, profondamente lontana da ogni proposito consolatorio. Nella sua insistente e beffarda provocatoriet\u00e0, quello di Petri \u00e8 un puro manifesto di libert\u00e0 creativa\u00bb.<\/p><\/blockquote>\n\n\n\n<p class=\"has-text-align-right wp-block-paragraph\">Natale Luzzagni, dalla Nota introduttiva<\/p>\n<\/div>\n<\/div>\n\n\n\n<hr class=\"wp-block-separator has-text-color has-background is-style-wide\" style=\"background-color:#ff9900;color:#ff9900\"\/>\n\n\n\n<h2 class=\"wp-block-heading\" id=\"gli-ospiti\">GLI OSPITI<\/h2>\n\n\n\n<div class=\"wp-block-columns is-layout-flex wp-container-core-columns-is-layout-7387b849 wp-block-columns-is-layout-flex\">\n<div class=\"wp-block-column is-layout-flow wp-block-column-is-layout-flow\">\n<figure class=\"wp-block-image size-full wp-duotone-0c0117-e0dfd5-1\"><img data-recalc-dims=\"1\" loading=\"lazy\" decoding=\"async\" width=\"600\" height=\"800\" src=\"https:\/\/i0.wp.com\/www.pigrecoemme.com\/blog\/wp-content\/uploads\/2021\/09\/natale-luzzagni.jpg?resize=600%2C800&#038;ssl=1\" alt=\"natale luzzagni\" class=\"wp-image-3030\" srcset=\"https:\/\/i0.wp.com\/www.pigrecoemme.com\/blog\/wp-content\/uploads\/2021\/09\/natale-luzzagni.jpg?w=600&amp;ssl=1 600w, https:\/\/i0.wp.com\/www.pigrecoemme.com\/blog\/wp-content\/uploads\/2021\/09\/natale-luzzagni.jpg?resize=225%2C300&amp;ssl=1 225w\" sizes=\"auto, (max-width: 600px) 100vw, 600px\" \/><\/figure>\n<\/div>\n\n\n\n<div class=\"wp-block-column is-layout-flow wp-block-column-is-layout-flow\">\n<p class=\"wp-block-paragraph\"><strong>Natale Luzzagni<\/strong> nasce a Padova il 18 gennaio 1969. Si specializza in grafica editoriale come impaginatore e progettista di linee editoriali per libri e riviste. Negli anni \u201990 \u00e8 caporedattore del trimestrale \u201cLa Nuova Tribuna Letteraria\u201d, rivista fondata dal padre Giacomo Luzzagni. Oltre alla gestione grafica d\u00e0 vita a rubriche di arte in cui offre ai lettori articoli monografici su personaggi della pittura d\u2019ogni tempo. A partire dal 2009, insieme all\u2019amico e collaboratore Stefano Valentini, dirige la rivista \u201cLa Nuova Tribuna Letteraria\u201d e le edizioni di Venilia Editrice. Tra il 2016 e il 2017 pubblica per Venilia due consecutive edizioni di <em>Tanto vale vivere<\/em>, volume che raccoglie una rassegna di casi di suicidio nel mondo letterario. Nel 2019 pubblica <em>La grande illusione. Il tema dell\u2019evasione nel cinema<\/em> (Venilia Editrice), libro che raccoglie un\u2019ampia rassegna di film in cui la fuga da un luogo di detenzione istituzionale costituisce un elemento marginale o centrale della sceneggiatura. Nel 2020 d\u00e0 vita al gruppo facebook \u201cCin\u00e9 \u2013 Racconti di cinema\u201d. Nel luglio 2021 esce <em>Parola solenne. Dialoghi e visioni nel cinema di Elio Petri<\/em> (Venilia Editrice), libro che illustra la carriera cinematografica del regista romano e gli elementi testuali e documentali relativi ai suoi undici lungometraggi.<\/p>\n<\/div>\n<\/div>\n\n\n\n<div class=\"wp-block-columns is-layout-flex wp-container-core-columns-is-layout-7387b849 wp-block-columns-is-layout-flex\">\n<div class=\"wp-block-column is-layout-flow wp-block-column-is-layout-flow\">\n<figure class=\"wp-block-image size-full\"><img data-recalc-dims=\"1\" loading=\"lazy\" decoding=\"async\" width=\"600\" height=\"800\" src=\"https:\/\/i0.wp.com\/www.pigrecoemme.com\/blog\/wp-content\/uploads\/2021\/09\/pier-antonio-mecacci.jpg?resize=600%2C800&#038;ssl=1\" alt=\"pier antonio mecacci\" class=\"wp-image-3031\" srcset=\"https:\/\/i0.wp.com\/www.pigrecoemme.com\/blog\/wp-content\/uploads\/2021\/09\/pier-antonio-mecacci.jpg?w=600&amp;ssl=1 600w, https:\/\/i0.wp.com\/www.pigrecoemme.com\/blog\/wp-content\/uploads\/2021\/09\/pier-antonio-mecacci.jpg?resize=225%2C300&amp;ssl=1 225w\" sizes=\"auto, (max-width: 600px) 100vw, 600px\" \/><figcaption>Belinda Lee e Pier Antonio Mecacci sul set di <em>Messalina Venere imperatrice<\/em> (1959)<\/figcaption><\/figure>\n<\/div>\n\n\n\n<div class=\"wp-block-column is-layout-flow wp-block-column-is-layout-flow\">\n<p class=\"wp-block-paragraph\"><strong>Pier Antonio Mecacci<\/strong> lascia ben presto gli studi per iniziare a lavorare nel cinema italiano alla Pisorno di Tirrenia come assistente del padre debuttando, nel 1956, nel film <em>Sette canzoni per sette sorelle<\/em>&nbsp;diretto da Marino Girolami. Il suo film d&#8217;esordio come capo truccatore \u00e8 del 1961:&nbsp;<em>Morte di un bandito <\/em>per la regia di Giuseppe Amato. Successivamente lavora con registi affermati come Elio Petri, Francesco Maselli, Marco Ferreri e Giuliano Montaldo ed \u00e8 il truccatore di fiducia di Claudia Cardinale in diversi film, tra i quali <em>Ruba al prossimo tuo&#8230;<\/em>, <em>L&#8217;udienza<\/em>&nbsp;e <em>Bello, onesto, emigrato Australia sposerebbe compaesana illibata<\/em>.<\/p>\n<\/div>\n<\/div>\n\n\n\n<hr class=\"wp-block-separator has-text-color has-background is-style-wide\" style=\"background-color:#ff9900;color:#ff9900\"\/>\n\n\n\n<h2 class=\"wp-block-heading\" id=\"come-partecipare-allincontro\">COME PARTECIPARE ALL\u2019INCONTRO<\/h2>\n\n\n\n<p class=\"wp-block-paragraph\">La partecipazione \u00e8 gratuita e l\u2019incontro si terr\u00e0 presso <a href=\"https:\/\/goo.gl\/maps\/hP9uciWfB8zAok8Q8\">Figlia in Famiglia Onlus &#8211; Centro L&#8217;Oasi in Via Ferrante Imparato 111 a Napoli<\/a>, sabato 25 settembre 2021 a partire dalle ore 18:00.<br \/><strong><span style=\"text-decoration: underline;\">Per partecipare \u00e8 necessario prenotare\u00a0chiamando la scuola dicinema Pigrecoemme allo <a href=\"tel:+390815635188\">0815635188<\/a>\u00a0ed essere in possesso del Green Pass.<\/span><\/strong><\/p>\n\n\n","protected":false},"excerpt":{"rendered":"<p>Un regista al di sopra di ogni difetto Situazione Critica&nbsp;&#8211; l\u2019iniziativa della Scuola di cinema Pigrecoemme di Napoli cominciata a maggio 2018 &#8211; torna \u201cin presenza\u201d&nbsp;e stavolta in forma&nbsp;itinerante. Quattro appuntamenti di prestigio in&hellip;<\/p>\n","protected":false},"author":4,"featured_media":0,"comment_status":"open","ping_status":"open","sticky":false,"template":"","format":"standard","meta":{"_jetpack_newsletter_access":"","_jetpack_dont_email_post_to_subs":false,"_jetpack_newsletter_tier_id":0,"_jetpack_memberships_contains_paywalled_content":false,"_jetpack_feature_clip_id":0,"_jetpack_memberships_contains_paid_content":false,"footnotes":"","jetpack_post_was_ever_published":false},"categories":[950,11,1],"tags":[1112,2410,2411,1998],"class_list":["post-3026","post","type-post","status-publish","format-standard","hentry","category-analisi-e-critica-2","category-eventi","category-generale","tag-elio-petri","tag-natale-luzzagni","tag-pier-antonio-mecacci","tag-situazione-critica"],"yoast_head":"<!-- This site is optimized with the Yoast SEO plugin v28.3 - https:\/\/yoast.com\/product\/yoast-seo-wordpress\/ -->\n<title>Situazione Critica #18: Elio Petri<\/title>\n<meta name=\"robots\" content=\"index, follow, max-snippet:-1, max-image-preview:large, max-video-preview:-1\" \/>\n<link rel=\"canonical\" href=\"https:\/\/www.pigrecoemme.com\/blog\/situazione-critica-18-elio-petri\/\" \/>\n<meta property=\"og:locale\" content=\"it_IT\" \/>\n<meta property=\"og:type\" content=\"article\" \/>\n<meta property=\"og:title\" content=\"Situazione Critica #18: Elio Petri - 25 settembre\" \/>\n<meta property=\"og:description\" content=\"La rassegna di incontri dedicati alla cultura cinematografica torna in presenza.\" \/>\n<meta property=\"og:url\" content=\"https:\/\/www.pigrecoemme.com\/blog\/situazione-critica-18-elio-petri\/\" \/>\n<meta property=\"og:site_name\" content=\"Scuola di Cinema Pigrecoemme - Blog\" \/>\n<meta property=\"article:publisher\" content=\"https:\/\/www.facebook.com\/pigrecoemme\" \/>\n<meta property=\"article:author\" content=\"https:\/\/www.facebook.com\/pigrecoemme\" \/>\n<meta property=\"article:published_time\" content=\"2021-09-10T23:02:26+00:00\" \/>\n<meta property=\"article:modified_time\" content=\"2021-09-22T10:08:59+00:00\" \/>\n<meta property=\"og:image\" content=\"https:\/\/www.pigrecoemme.com\/blog\/wp-content\/uploads\/2021\/09\/situazione-critica-18-elio-petri.jpg\" \/>\n\t<meta property=\"og:image:width\" content=\"1920\" \/>\n\t<meta property=\"og:image:height\" content=\"1080\" \/>\n\t<meta property=\"og:image:type\" content=\"image\/jpeg\" \/>\n<meta name=\"author\" content=\"Pigrecoemme\" \/>\n<meta name=\"twitter:card\" content=\"summary_large_image\" \/>\n<meta name=\"twitter:title\" content=\"Situazione Critica #18: Elio Petri\" \/>\n<meta name=\"twitter:description\" content=\"La rassegna di incontri dedicati alla cultura cinematografica torna in presenza.\" \/>\n<meta name=\"twitter:image\" content=\"https:\/\/i0.wp.com\/www.pigrecoemme.com\/blog\/wp-content\/uploads\/2021\/09\/situazione-critica-18-elio-petri.jpg?fit=1920%2C1080&ssl=1\" \/>\n<meta name=\"twitter:creator\" content=\"@Pigrecoemme\" \/>\n<meta name=\"twitter:site\" content=\"@Pigrecoemme\" \/>\n<meta name=\"twitter:label1\" content=\"Scritto da\" \/>\n\t<meta name=\"twitter:data1\" content=\"Pigrecoemme\" \/>\n\t<meta name=\"twitter:label2\" content=\"Tempo di lettura stimato\" \/>\n\t<meta name=\"twitter:data2\" content=\"4 minuti\" \/>\n<script type=\"application\/ld+json\" class=\"yoast-schema-graph\">{\"@context\":\"https:\\\/\\\/schema.org\",\"@graph\":[{\"@type\":\"Article\",\"@id\":\"https:\\\/\\\/www.pigrecoemme.com\\\/blog\\\/situazione-critica-18-elio-petri\\\/#article\",\"isPartOf\":{\"@id\":\"https:\\\/\\\/www.pigrecoemme.com\\\/blog\\\/situazione-critica-18-elio-petri\\\/\"},\"author\":{\"name\":\"Pigrecoemme\",\"@id\":\"https:\\\/\\\/www.pigrecoemme.com\\\/blog\\\/#\\\/schema\\\/person\\\/8996ab5bfa68cec611b330ae4a389d44\"},\"headline\":\"Situazione Critica #18: Elio Petri\",\"datePublished\":\"2021-09-10T23:02:26+00:00\",\"dateModified\":\"2021-09-22T10:08:59+00:00\",\"mainEntityOfPage\":{\"@id\":\"https:\\\/\\\/www.pigrecoemme.com\\\/blog\\\/situazione-critica-18-elio-petri\\\/\"},\"wordCount\":747,\"commentCount\":0,\"publisher\":{\"@id\":\"https:\\\/\\\/www.pigrecoemme.com\\\/blog\\\/#organization\"},\"image\":{\"@id\":\"https:\\\/\\\/www.pigrecoemme.com\\\/blog\\\/situazione-critica-18-elio-petri\\\/#primaryimage\"},\"thumbnailUrl\":\"https:\\\/\\\/www.pigrecoemme.com\\\/blog\\\/wp-content\\\/uploads\\\/2021\\\/09\\\/situazione-critica-18-elio-petri.jpg\",\"keywords\":[\"elio petri\",\"natale luzzagni\",\"pier antonio mecacci\",\"situazione critica\"],\"articleSection\":[\"Analisi e Critica\",\"Eventi\",\"Generale\"],\"inLanguage\":\"it-IT\",\"potentialAction\":[{\"@type\":\"CommentAction\",\"name\":\"Comment\",\"target\":[\"https:\\\/\\\/www.pigrecoemme.com\\\/blog\\\/situazione-critica-18-elio-petri\\\/#respond\"]}]},{\"@type\":\"WebPage\",\"@id\":\"https:\\\/\\\/www.pigrecoemme.com\\\/blog\\\/situazione-critica-18-elio-petri\\\/\",\"url\":\"https:\\\/\\\/www.pigrecoemme.com\\\/blog\\\/situazione-critica-18-elio-petri\\\/\",\"name\":\"Situazione Critica #18: Elio Petri\",\"isPartOf\":{\"@id\":\"https:\\\/\\\/www.pigrecoemme.com\\\/blog\\\/#website\"},\"primaryImageOfPage\":{\"@id\":\"https:\\\/\\\/www.pigrecoemme.com\\\/blog\\\/situazione-critica-18-elio-petri\\\/#primaryimage\"},\"image\":{\"@id\":\"https:\\\/\\\/www.pigrecoemme.com\\\/blog\\\/situazione-critica-18-elio-petri\\\/#primaryimage\"},\"thumbnailUrl\":\"https:\\\/\\\/www.pigrecoemme.com\\\/blog\\\/wp-content\\\/uploads\\\/2021\\\/09\\\/situazione-critica-18-elio-petri.jpg\",\"datePublished\":\"2021-09-10T23:02:26+00:00\",\"dateModified\":\"2021-09-22T10:08:59+00:00\",\"breadcrumb\":{\"@id\":\"https:\\\/\\\/www.pigrecoemme.com\\\/blog\\\/situazione-critica-18-elio-petri\\\/#breadcrumb\"},\"inLanguage\":\"it-IT\",\"potentialAction\":[{\"@type\":\"ReadAction\",\"target\":[\"https:\\\/\\\/www.pigrecoemme.com\\\/blog\\\/situazione-critica-18-elio-petri\\\/\"]}]},{\"@type\":\"ImageObject\",\"inLanguage\":\"it-IT\",\"@id\":\"https:\\\/\\\/www.pigrecoemme.com\\\/blog\\\/situazione-critica-18-elio-petri\\\/#primaryimage\",\"url\":\"https:\\\/\\\/i0.wp.com\\\/www.pigrecoemme.com\\\/blog\\\/wp-content\\\/uploads\\\/2021\\\/09\\\/situazione-critica-18-elio-petri.jpg?fit=1920%2C1080&ssl=1\",\"contentUrl\":\"https:\\\/\\\/i0.wp.com\\\/www.pigrecoemme.com\\\/blog\\\/wp-content\\\/uploads\\\/2021\\\/09\\\/situazione-critica-18-elio-petri.jpg?fit=1920%2C1080&ssl=1\",\"width\":1920,\"height\":1080,\"caption\":\"situazione critica 18 elio petri\"},{\"@type\":\"BreadcrumbList\",\"@id\":\"https:\\\/\\\/www.pigrecoemme.com\\\/blog\\\/situazione-critica-18-elio-petri\\\/#breadcrumb\",\"itemListElement\":[{\"@type\":\"ListItem\",\"position\":1,\"name\":\"Home\",\"item\":\"https:\\\/\\\/www.pigrecoemme.com\\\/blog\\\/\"},{\"@type\":\"ListItem\",\"position\":2,\"name\":\"Situazione Critica #18: Elio Petri\"}]},{\"@type\":\"WebSite\",\"@id\":\"https:\\\/\\\/www.pigrecoemme.com\\\/blog\\\/#website\",\"url\":\"https:\\\/\\\/www.pigrecoemme.com\\\/blog\\\/\",\"name\":\"Scuola di Cinema Pigrecoemme - Blog\",\"description\":\"Siamo la prima Scuola di Cinema e Fotografia di Napoli\",\"publisher\":{\"@id\":\"https:\\\/\\\/www.pigrecoemme.com\\\/blog\\\/#organization\"},\"potentialAction\":[{\"@type\":\"SearchAction\",\"target\":{\"@type\":\"EntryPoint\",\"urlTemplate\":\"https:\\\/\\\/www.pigrecoemme.com\\\/blog\\\/?s={search_term_string}\"},\"query-input\":{\"@type\":\"PropertyValueSpecification\",\"valueRequired\":true,\"valueName\":\"search_term_string\"}}],\"inLanguage\":\"it-IT\"},{\"@type\":\"Organization\",\"@id\":\"https:\\\/\\\/www.pigrecoemme.com\\\/blog\\\/#organization\",\"name\":\"Scuola di cinema e fotografia Pigrecoemme\",\"url\":\"https:\\\/\\\/www.pigrecoemme.com\\\/blog\\\/\",\"logo\":{\"@type\":\"ImageObject\",\"inLanguage\":\"it-IT\",\"@id\":\"https:\\\/\\\/www.pigrecoemme.com\\\/blog\\\/#\\\/schema\\\/logo\\\/image\\\/\",\"url\":\"https:\\\/\\\/i0.wp.com\\\/www.pigrecoemme.com\\\/blog\\\/wp-content\\\/uploads\\\/2018\\\/06\\\/logo-pigrecoemme-2018.png?fit=500%2C500&ssl=1\",\"contentUrl\":\"https:\\\/\\\/i0.wp.com\\\/www.pigrecoemme.com\\\/blog\\\/wp-content\\\/uploads\\\/2018\\\/06\\\/logo-pigrecoemme-2018.png?fit=500%2C500&ssl=1\",\"width\":500,\"height\":500,\"caption\":\"Scuola di cinema e fotografia Pigrecoemme\"},\"image\":{\"@id\":\"https:\\\/\\\/www.pigrecoemme.com\\\/blog\\\/#\\\/schema\\\/logo\\\/image\\\/\"},\"sameAs\":[\"https:\\\/\\\/www.facebook.com\\\/pigrecoemme\",\"https:\\\/\\\/x.com\\\/Pigrecoemme\",\"https:\\\/\\\/www.instagram.com\\\/pigrecoemme\\\/\",\"https:\\\/\\\/www.linkedin.com\\\/company\\\/pigrecoemme\\\/\",\"https:\\\/\\\/www.youtube.com\\\/pigrecoemme\"]},{\"@type\":\"Person\",\"@id\":\"https:\\\/\\\/www.pigrecoemme.com\\\/blog\\\/#\\\/schema\\\/person\\\/8996ab5bfa68cec611b330ae4a389d44\",\"name\":\"Pigrecoemme\",\"image\":{\"@type\":\"ImageObject\",\"inLanguage\":\"it-IT\",\"@id\":\"https:\\\/\\\/secure.gravatar.com\\\/avatar\\\/541a562fed7df6fa49262cb93f0f1135b8432ec77a1bc64fdb808f64f2a8287d?s=96&r=g\",\"url\":\"https:\\\/\\\/secure.gravatar.com\\\/avatar\\\/541a562fed7df6fa49262cb93f0f1135b8432ec77a1bc64fdb808f64f2a8287d?s=96&r=g\",\"contentUrl\":\"https:\\\/\\\/secure.gravatar.com\\\/avatar\\\/541a562fed7df6fa49262cb93f0f1135b8432ec77a1bc64fdb808f64f2a8287d?s=96&r=g\",\"caption\":\"Pigrecoemme\"},\"description\":\"Profilo redazionale. Pigrecoemme \u00e8 la prima scuola di cinema, televisione e fotografia di Napoli.\",\"sameAs\":[\"http:\\\/\\\/www.pigrecoemme.com\\\/\",\"https:\\\/\\\/www.facebook.com\\\/pigrecoemme\"],\"url\":\"https:\\\/\\\/www.pigrecoemme.com\\\/blog\\\/author\\\/pigrecoemme\\\/\"}]}<\/script>\n<!-- \/ Yoast SEO plugin. -->","yoast_head_json":{"title":"Situazione Critica #18: Elio Petri","robots":{"index":"index","follow":"follow","max-snippet":"max-snippet:-1","max-image-preview":"max-image-preview:large","max-video-preview":"max-video-preview:-1"},"canonical":"https:\/\/www.pigrecoemme.com\/blog\/situazione-critica-18-elio-petri\/","og_locale":"it_IT","og_type":"article","og_title":"Situazione Critica #18: Elio Petri - 25 settembre","og_description":"La rassegna di incontri dedicati alla cultura cinematografica torna in presenza.","og_url":"https:\/\/www.pigrecoemme.com\/blog\/situazione-critica-18-elio-petri\/","og_site_name":"Scuola di Cinema Pigrecoemme - Blog","article_publisher":"https:\/\/www.facebook.com\/pigrecoemme","article_author":"https:\/\/www.facebook.com\/pigrecoemme","article_published_time":"2021-09-10T23:02:26+00:00","article_modified_time":"2021-09-22T10:08:59+00:00","og_image":[{"width":1920,"height":1080,"url":"https:\/\/www.pigrecoemme.com\/blog\/wp-content\/uploads\/2021\/09\/situazione-critica-18-elio-petri.jpg","type":"image\/jpeg"}],"author":"Pigrecoemme","twitter_card":"summary_large_image","twitter_title":"Situazione Critica #18: Elio Petri","twitter_description":"La rassegna di incontri dedicati alla cultura cinematografica torna in presenza.","twitter_image":"https:\/\/i0.wp.com\/www.pigrecoemme.com\/blog\/wp-content\/uploads\/2021\/09\/situazione-critica-18-elio-petri.jpg?fit=1920%2C1080&ssl=1","twitter_creator":"@Pigrecoemme","twitter_site":"@Pigrecoemme","twitter_misc":{"Scritto da":"Pigrecoemme","Tempo di lettura stimato":"4 minuti"},"schema":{"@context":"https:\/\/schema.org","@graph":[{"@type":"Article","@id":"https:\/\/www.pigrecoemme.com\/blog\/situazione-critica-18-elio-petri\/#article","isPartOf":{"@id":"https:\/\/www.pigrecoemme.com\/blog\/situazione-critica-18-elio-petri\/"},"author":{"name":"Pigrecoemme","@id":"https:\/\/www.pigrecoemme.com\/blog\/#\/schema\/person\/8996ab5bfa68cec611b330ae4a389d44"},"headline":"Situazione Critica #18: Elio Petri","datePublished":"2021-09-10T23:02:26+00:00","dateModified":"2021-09-22T10:08:59+00:00","mainEntityOfPage":{"@id":"https:\/\/www.pigrecoemme.com\/blog\/situazione-critica-18-elio-petri\/"},"wordCount":747,"commentCount":0,"publisher":{"@id":"https:\/\/www.pigrecoemme.com\/blog\/#organization"},"image":{"@id":"https:\/\/www.pigrecoemme.com\/blog\/situazione-critica-18-elio-petri\/#primaryimage"},"thumbnailUrl":"https:\/\/www.pigrecoemme.com\/blog\/wp-content\/uploads\/2021\/09\/situazione-critica-18-elio-petri.jpg","keywords":["elio petri","natale luzzagni","pier antonio mecacci","situazione critica"],"articleSection":["Analisi e Critica","Eventi","Generale"],"inLanguage":"it-IT","potentialAction":[{"@type":"CommentAction","name":"Comment","target":["https:\/\/www.pigrecoemme.com\/blog\/situazione-critica-18-elio-petri\/#respond"]}]},{"@type":"WebPage","@id":"https:\/\/www.pigrecoemme.com\/blog\/situazione-critica-18-elio-petri\/","url":"https:\/\/www.pigrecoemme.com\/blog\/situazione-critica-18-elio-petri\/","name":"Situazione Critica #18: Elio Petri","isPartOf":{"@id":"https:\/\/www.pigrecoemme.com\/blog\/#website"},"primaryImageOfPage":{"@id":"https:\/\/www.pigrecoemme.com\/blog\/situazione-critica-18-elio-petri\/#primaryimage"},"image":{"@id":"https:\/\/www.pigrecoemme.com\/blog\/situazione-critica-18-elio-petri\/#primaryimage"},"thumbnailUrl":"https:\/\/www.pigrecoemme.com\/blog\/wp-content\/uploads\/2021\/09\/situazione-critica-18-elio-petri.jpg","datePublished":"2021-09-10T23:02:26+00:00","dateModified":"2021-09-22T10:08:59+00:00","breadcrumb":{"@id":"https:\/\/www.pigrecoemme.com\/blog\/situazione-critica-18-elio-petri\/#breadcrumb"},"inLanguage":"it-IT","potentialAction":[{"@type":"ReadAction","target":["https:\/\/www.pigrecoemme.com\/blog\/situazione-critica-18-elio-petri\/"]}]},{"@type":"ImageObject","inLanguage":"it-IT","@id":"https:\/\/www.pigrecoemme.com\/blog\/situazione-critica-18-elio-petri\/#primaryimage","url":"https:\/\/i0.wp.com\/www.pigrecoemme.com\/blog\/wp-content\/uploads\/2021\/09\/situazione-critica-18-elio-petri.jpg?fit=1920%2C1080&ssl=1","contentUrl":"https:\/\/i0.wp.com\/www.pigrecoemme.com\/blog\/wp-content\/uploads\/2021\/09\/situazione-critica-18-elio-petri.jpg?fit=1920%2C1080&ssl=1","width":1920,"height":1080,"caption":"situazione critica 18 elio petri"},{"@type":"BreadcrumbList","@id":"https:\/\/www.pigrecoemme.com\/blog\/situazione-critica-18-elio-petri\/#breadcrumb","itemListElement":[{"@type":"ListItem","position":1,"name":"Home","item":"https:\/\/www.pigrecoemme.com\/blog\/"},{"@type":"ListItem","position":2,"name":"Situazione Critica #18: Elio Petri"}]},{"@type":"WebSite","@id":"https:\/\/www.pigrecoemme.com\/blog\/#website","url":"https:\/\/www.pigrecoemme.com\/blog\/","name":"Scuola di Cinema Pigrecoemme - Blog","description":"Siamo la prima Scuola di Cinema e Fotografia di Napoli","publisher":{"@id":"https:\/\/www.pigrecoemme.com\/blog\/#organization"},"potentialAction":[{"@type":"SearchAction","target":{"@type":"EntryPoint","urlTemplate":"https:\/\/www.pigrecoemme.com\/blog\/?s={search_term_string}"},"query-input":{"@type":"PropertyValueSpecification","valueRequired":true,"valueName":"search_term_string"}}],"inLanguage":"it-IT"},{"@type":"Organization","@id":"https:\/\/www.pigrecoemme.com\/blog\/#organization","name":"Scuola di cinema e fotografia Pigrecoemme","url":"https:\/\/www.pigrecoemme.com\/blog\/","logo":{"@type":"ImageObject","inLanguage":"it-IT","@id":"https:\/\/www.pigrecoemme.com\/blog\/#\/schema\/logo\/image\/","url":"https:\/\/i0.wp.com\/www.pigrecoemme.com\/blog\/wp-content\/uploads\/2018\/06\/logo-pigrecoemme-2018.png?fit=500%2C500&ssl=1","contentUrl":"https:\/\/i0.wp.com\/www.pigrecoemme.com\/blog\/wp-content\/uploads\/2018\/06\/logo-pigrecoemme-2018.png?fit=500%2C500&ssl=1","width":500,"height":500,"caption":"Scuola di cinema e fotografia Pigrecoemme"},"image":{"@id":"https:\/\/www.pigrecoemme.com\/blog\/#\/schema\/logo\/image\/"},"sameAs":["https:\/\/www.facebook.com\/pigrecoemme","https:\/\/x.com\/Pigrecoemme","https:\/\/www.instagram.com\/pigrecoemme\/","https:\/\/www.linkedin.com\/company\/pigrecoemme\/","https:\/\/www.youtube.com\/pigrecoemme"]},{"@type":"Person","@id":"https:\/\/www.pigrecoemme.com\/blog\/#\/schema\/person\/8996ab5bfa68cec611b330ae4a389d44","name":"Pigrecoemme","image":{"@type":"ImageObject","inLanguage":"it-IT","@id":"https:\/\/secure.gravatar.com\/avatar\/541a562fed7df6fa49262cb93f0f1135b8432ec77a1bc64fdb808f64f2a8287d?s=96&r=g","url":"https:\/\/secure.gravatar.com\/avatar\/541a562fed7df6fa49262cb93f0f1135b8432ec77a1bc64fdb808f64f2a8287d?s=96&r=g","contentUrl":"https:\/\/secure.gravatar.com\/avatar\/541a562fed7df6fa49262cb93f0f1135b8432ec77a1bc64fdb808f64f2a8287d?s=96&r=g","caption":"Pigrecoemme"},"description":"Profilo redazionale. Pigrecoemme \u00e8 la prima scuola di cinema, televisione e fotografia di Napoli.","sameAs":["http:\/\/www.pigrecoemme.com\/","https:\/\/www.facebook.com\/pigrecoemme"],"url":"https:\/\/www.pigrecoemme.com\/blog\/author\/pigrecoemme\/"}]}},"jetpack_sharing_enabled":true,"jetpack_likes_enabled":true,"jetpack-related-posts":[{"id":2555,"url":"https:\/\/www.pigrecoemme.com\/blog\/situazione-critica-11-la-rappresentazione-del-lavoro-al-cinema\/","url_meta":{"origin":3026,"position":0},"title":"Situazione Critica #11: La rappresentazione del lavoro al cinema","author":"Pigrecoemme","date":"5 Dicembre 2019","format":false,"excerpt":"L\u2019undicesimo appuntamento di\u00a0Situazione Critica\u00a0\u2013 l\u2019iniziativa della scuola di cinema Pigrecoemme di Napoli cominciata a maggio 2018 \u2013 si terr\u00e0\u00a0mercoled\u00ec 11 dicembre 2019 a partire dalle 11:00\u00a0e sar\u00e0 l\u2019occasione per presentare La dissolvenza del lavoro \u2013 Crisi e disoccupazione attraverso il cinema,\u00a0pubblicato per i tipi della Ediesse. Ne parler\u00e0, con Rosario\u2026","rel":"","context":"In &quot;Analisi e Critica&quot;","block_context":{"text":"Analisi e Critica","link":"https:\/\/www.pigrecoemme.com\/blog\/analisi-e-critica-2\/"},"img":{"alt_text":"situazione critica 11 cinema e lavoro","src":"https:\/\/i0.wp.com\/www.pigrecoemme.com\/blog\/wp-content\/uploads\/2019\/12\/situazione-critica-11-cinema-e-lavoro.jpg?resize=350%2C200&ssl=1","width":350,"height":200,"srcset":"https:\/\/i0.wp.com\/www.pigrecoemme.com\/blog\/wp-content\/uploads\/2019\/12\/situazione-critica-11-cinema-e-lavoro.jpg?resize=350%2C200&ssl=1 1x, https:\/\/i0.wp.com\/www.pigrecoemme.com\/blog\/wp-content\/uploads\/2019\/12\/situazione-critica-11-cinema-e-lavoro.jpg?resize=525%2C300&ssl=1 1.5x, https:\/\/i0.wp.com\/www.pigrecoemme.com\/blog\/wp-content\/uploads\/2019\/12\/situazione-critica-11-cinema-e-lavoro.jpg?resize=700%2C400&ssl=1 2x, https:\/\/i0.wp.com\/www.pigrecoemme.com\/blog\/wp-content\/uploads\/2019\/12\/situazione-critica-11-cinema-e-lavoro.jpg?resize=1050%2C600&ssl=1 3x"},"classes":[]},{"id":2903,"url":"https:\/\/www.pigrecoemme.com\/blog\/situazione-critica-15-pedro-armocida-parla-di-giuliano-montaldo\/","url_meta":{"origin":3026,"position":1},"title":"Situazione critica #15: Pedro Armocida parla di Giuliano Montaldo","author":"Pigrecoemme","date":"29 Ottobre 2020","format":false,"excerpt":"Il quindicesimo appuntamento di Situazione Critica \u2013 l\u2019iniziativa della Scuola di cinema Pigrecoemme di Napoli cominciata a maggio 2018 \u2013 si terr\u00e0 on line, sulla piattaforma Zoom (link per la riunione - password: critica15) e in streaming su Facebook, sabato 7 novembre 2020 a partire dalle 16:30. L\u2019ospite Pedro Armocida\u2026","rel":"","context":"In &quot;Analisi e Critica&quot;","block_context":{"text":"Analisi e Critica","link":"https:\/\/www.pigrecoemme.com\/blog\/analisi-e-critica-2\/"},"img":{"alt_text":"situazione critica 15","src":"https:\/\/i0.wp.com\/www.pigrecoemme.com\/blog\/wp-content\/uploads\/2020\/11\/situazione-critica-15.jpg?resize=350%2C200&ssl=1","width":350,"height":200,"srcset":"https:\/\/i0.wp.com\/www.pigrecoemme.com\/blog\/wp-content\/uploads\/2020\/11\/situazione-critica-15.jpg?resize=350%2C200&ssl=1 1x, https:\/\/i0.wp.com\/www.pigrecoemme.com\/blog\/wp-content\/uploads\/2020\/11\/situazione-critica-15.jpg?resize=525%2C300&ssl=1 1.5x, https:\/\/i0.wp.com\/www.pigrecoemme.com\/blog\/wp-content\/uploads\/2020\/11\/situazione-critica-15.jpg?resize=700%2C400&ssl=1 2x"},"classes":[]},{"id":2182,"url":"https:\/\/www.pigrecoemme.com\/blog\/situazione-critica-2-le-forme-dell-acqua-corrado-morra\/","url_meta":{"origin":3026,"position":2},"title":"Situazione critica #2: Le forme dell\u2019acqua. Il cinema come desiderio impossibile","author":"Giacomo Fabbrocino","date":"4 Giugno 2018","format":false,"excerpt":"La Scuola di Cinema Pigrecoemme celebra i suoi primi 18 anni con \u201cSituazione critica\u201d: una serie di incontri gratuiti e aperti a tutti sulla critica cinematografica e la promozione della settima arte. Il secondo appuntamento, con Corrado Morra, \u00e8 il 16 giugno 2018. Corrado Morra Il secondo incontro della rassegna\u2026","rel":"","context":"In &quot;Analisi e Critica&quot;","block_context":{"text":"Analisi e Critica","link":"https:\/\/www.pigrecoemme.com\/blog\/analisi-e-critica-2\/"},"img":{"alt_text":"Situazione critica 2","src":"https:\/\/i0.wp.com\/www.pigrecoemme.com\/blog\/wp-content\/uploads\/2018\/06\/situazione-critica-2-1920-1005.jpg?resize=350%2C200&ssl=1","width":350,"height":200,"srcset":"https:\/\/i0.wp.com\/www.pigrecoemme.com\/blog\/wp-content\/uploads\/2018\/06\/situazione-critica-2-1920-1005.jpg?resize=350%2C200&ssl=1 1x, https:\/\/i0.wp.com\/www.pigrecoemme.com\/blog\/wp-content\/uploads\/2018\/06\/situazione-critica-2-1920-1005.jpg?resize=525%2C300&ssl=1 1.5x, https:\/\/i0.wp.com\/www.pigrecoemme.com\/blog\/wp-content\/uploads\/2018\/06\/situazione-critica-2-1920-1005.jpg?resize=700%2C400&ssl=1 2x, https:\/\/i0.wp.com\/www.pigrecoemme.com\/blog\/wp-content\/uploads\/2018\/06\/situazione-critica-2-1920-1005.jpg?resize=1050%2C600&ssl=1 3x, https:\/\/i0.wp.com\/www.pigrecoemme.com\/blog\/wp-content\/uploads\/2018\/06\/situazione-critica-2-1920-1005.jpg?resize=1400%2C800&ssl=1 4x"},"classes":[]},{"id":2238,"url":"https:\/\/www.pigrecoemme.com\/blog\/situazione-critica-4-sense-and-sensibility-cuore-e-cervello-di-una-critica-militante\/","url_meta":{"origin":3026,"position":3},"title":"Situazione Critica #4. Sense and Sensibility &#8211; Cuore e cervello di una critica militante","author":"Pigrecoemme","date":"9 Ottobre 2018","format":false,"excerpt":"Sabato 20 ottobre il quarto appuntamento di Situazione Critica, l\u2019iniziativa con la quale la scuola di cinema Pigrecoemme di Napoli festeggia il diciottesimo anno di attivit\u00e0, avr\u00e0 un prestigioso ospite: il giovanissimo direttore, appena 34 anni, del settimanale FilmTv. Insieme a Rosario Gallone, Giulio Sangiorgio discuter\u00e0 dell\u2019importanza - quasi dell\u2019urgenza\u2026","rel":"","context":"In &quot;Analisi e Critica&quot;","block_context":{"text":"Analisi e Critica","link":"https:\/\/www.pigrecoemme.com\/blog\/analisi-e-critica-2\/"},"img":{"alt_text":"Situazione Critica 4","src":"https:\/\/i0.wp.com\/www.pigrecoemme.com\/blog\/wp-content\/uploads\/2018\/10\/situazione-critica-4.jpg?resize=350%2C200","width":350,"height":200,"srcset":"https:\/\/i0.wp.com\/www.pigrecoemme.com\/blog\/wp-content\/uploads\/2018\/10\/situazione-critica-4.jpg?resize=350%2C200 1x, https:\/\/i0.wp.com\/www.pigrecoemme.com\/blog\/wp-content\/uploads\/2018\/10\/situazione-critica-4.jpg?resize=525%2C300 1.5x, https:\/\/i0.wp.com\/www.pigrecoemme.com\/blog\/wp-content\/uploads\/2018\/10\/situazione-critica-4.jpg?resize=700%2C400 2x"},"classes":[]},{"id":2967,"url":"https:\/\/www.pigrecoemme.com\/blog\/guarda-tutti-gli-appuntamenti-di-situazione-critica-2020\/","url_meta":{"origin":3026,"position":4},"title":"Guarda tutti gli appuntamenti di &#8220;Situazione Critica&#8221; 2020!","author":"Pigrecoemme","date":"24 Dicembre 2020","format":false,"excerpt":"Durante il 2020 si \u00e8 tenuta la terza edizione di \u201cSituazione Critica\u201d, la rassegna di incontri dedicata alla critica cinematografica diretta dal nostro Rosario Gallone. Quest\u2019anno, a causa dell\u2019emergenza Covid-19, gli appuntamenti si sono svolti online e, sebbene ci sia mancato il contatto diretto col pubblico, che dal 2018 \u00e8\u2026","rel":"","context":"In &quot;Analisi e Critica&quot;","block_context":{"text":"Analisi e Critica","link":"https:\/\/www.pigrecoemme.com\/blog\/analisi-e-critica-2\/"},"img":{"alt_text":"situazione critica 2020","src":"https:\/\/i0.wp.com\/www.pigrecoemme.com\/blog\/wp-content\/uploads\/2020\/12\/situazione-critica-2020.jpg?resize=350%2C200&ssl=1","width":350,"height":200,"srcset":"https:\/\/i0.wp.com\/www.pigrecoemme.com\/blog\/wp-content\/uploads\/2020\/12\/situazione-critica-2020.jpg?resize=350%2C200&ssl=1 1x, https:\/\/i0.wp.com\/www.pigrecoemme.com\/blog\/wp-content\/uploads\/2020\/12\/situazione-critica-2020.jpg?resize=525%2C300&ssl=1 1.5x, https:\/\/i0.wp.com\/www.pigrecoemme.com\/blog\/wp-content\/uploads\/2020\/12\/situazione-critica-2020.jpg?resize=700%2C400&ssl=1 2x, https:\/\/i0.wp.com\/www.pigrecoemme.com\/blog\/wp-content\/uploads\/2020\/12\/situazione-critica-2020.jpg?resize=1050%2C600&ssl=1 3x"},"classes":[]},{"id":3039,"url":"https:\/\/www.pigrecoemme.com\/blog\/situazione-critica-19-ritratti-di-banlieue-con-gina-annunziata\/","url_meta":{"origin":3026,"position":5},"title":"Situazione Critica #19 &#8211; Ritratti di banlieue &#8211; con Gina Annunziata","author":"Pigrecoemme","date":"22 Ottobre 2021","format":false,"excerpt":"Da La Haine di Kassovitz a Bande de Filles di Sciamma, vent'anni di cinema e periferie in Francia. Situazione Critica \u2013 l\u2019iniziativa della Scuola di cinema Pigrecoemme di Napoli cominciata a maggio 2018 \u2013 torna \u201cin presenza\u201d e stavolta in forma itinerante. Quattro appuntamenti di prestigio in altrettanti luoghi (un\u2019ex\u2026","rel":"","context":"In &quot;Analisi e Critica&quot;","block_context":{"text":"Analisi e Critica","link":"https:\/\/www.pigrecoemme.com\/blog\/analisi-e-critica-2\/"},"img":{"alt_text":"gina annunziata","src":"https:\/\/i0.wp.com\/www.pigrecoemme.com\/blog\/wp-content\/uploads\/2021\/10\/gina-annunziata.jpg?resize=350%2C200&ssl=1","width":350,"height":200,"srcset":"https:\/\/i0.wp.com\/www.pigrecoemme.com\/blog\/wp-content\/uploads\/2021\/10\/gina-annunziata.jpg?resize=350%2C200&ssl=1 1x, https:\/\/i0.wp.com\/www.pigrecoemme.com\/blog\/wp-content\/uploads\/2021\/10\/gina-annunziata.jpg?resize=525%2C300&ssl=1 1.5x"},"classes":[]}],"jetpack_featured_media_url":"","_links":{"self":[{"href":"https:\/\/www.pigrecoemme.com\/blog\/wp-json\/wp\/v2\/posts\/3026","targetHints":{"allow":["GET"]}}],"collection":[{"href":"https:\/\/www.pigrecoemme.com\/blog\/wp-json\/wp\/v2\/posts"}],"about":[{"href":"https:\/\/www.pigrecoemme.com\/blog\/wp-json\/wp\/v2\/types\/post"}],"author":[{"embeddable":true,"href":"https:\/\/www.pigrecoemme.com\/blog\/wp-json\/wp\/v2\/users\/4"}],"replies":[{"embeddable":true,"href":"https:\/\/www.pigrecoemme.com\/blog\/wp-json\/wp\/v2\/comments?post=3026"}],"version-history":[{"count":0,"href":"https:\/\/www.pigrecoemme.com\/blog\/wp-json\/wp\/v2\/posts\/3026\/revisions"}],"wp:attachment":[{"href":"https:\/\/www.pigrecoemme.com\/blog\/wp-json\/wp\/v2\/media?parent=3026"}],"wp:term":[{"taxonomy":"category","embeddable":true,"href":"https:\/\/www.pigrecoemme.com\/blog\/wp-json\/wp\/v2\/categories?post=3026"},{"taxonomy":"post_tag","embeddable":true,"href":"https:\/\/www.pigrecoemme.com\/blog\/wp-json\/wp\/v2\/tags?post=3026"}],"curies":[{"name":"wp","href":"https:\/\/api.w.org\/{rel}","templated":true}]}}