{"id":300,"date":"2010-11-15T12:05:08","date_gmt":"2010-11-15T10:05:08","guid":{"rendered":"http:\/\/www.pigrecoemme.com\/blog\/?p=300"},"modified":"2010-11-15T21:04:37","modified_gmt":"2010-11-15T19:04:37","slug":"300","status":"publish","type":"post","link":"https:\/\/www.pigrecoemme.com\/blog\/300\/","title":{"rendered":"Radio Punto Nuovo intervista Corrado Morra"},"content":{"rendered":"<p>Pare che le emittenti radiofoniche campane ci abbiano preso gusto. Cos\u00ec, dopo Radio Club 91, anche Radio Punto Nuovo ha deciso di chiedere a Corrado Morra maggiori dettagli sulle prossime iniziative della Scuola di cinema Pigrecoemme. Cos\u00ec, nell&#8217;intervista che sar\u00e0 trasmessa domani, marted\u00ec 16 novembre, alle ore 15,15 (le frequenze e molto altro ancora lo trovate qui: <a href=\"http:\/\/www.radiopuntonuovo.it\">www.radiopuntonuovo.it<\/a>), Corrado parler\u00e0, tra le altre cose, del prossimo <a href=\"http:\/\/www.pigrecoemme.com\/corsi\/scuola-di-cinema.htm#scuola-di-cinema-corso-semestrale\">corso semestrale di cinema<\/a> e dell&#8217;imminente <a href=\"http:\/\/www.pigrecoemme.com\/corsi\/corso-recitazione-cinematografica.htm\">corso di Recitazione cinematografica<\/a>, condotto anche quest&#8217;anno da <a href=\"http:\/\/http:\/\/www.pigrecoemme.com\/scuola-di-cinema\/docenti.htm\">Lucio Allocca<\/a>, Cristina Florio e Angelo Serio. A proposito, il corso parte il 30 novembre, ma \u00e8 ancora\u00a0 possibile prenotare un appuntamento per le selezioni, che si terranno sabato 20 novembre. Info e pronotazioni al numero 081 5635188.<\/p>\n","protected":false},"excerpt":{"rendered":"<p>Marted\u00ec 16 novembre Radio Punto Nuovo intervista Corrado Morra. Che parler\u00e0 dei nuovi corsi di cinema e di recitazione di Pigrecoemme.<\/p>\n","protected":false},"author":3,"featured_media":0,"comment_status":"open","ping_status":"open","sticky":false,"template":"","format":"standard","meta":{"_jetpack_newsletter_access":"","_jetpack_dont_email_post_to_subs":false,"_jetpack_newsletter_tier_id":0,"_jetpack_memberships_contains_paywalled_content":false,"_jetpack_feature_clip_id":0,"_jetpack_memberships_contains_paid_content":false,"footnotes":"","jetpack_post_was_ever_published":false},"categories":[11,1,3],"tags":[49,227,445,453,47,354,209,454],"class_list":["post-300","post","type-post","status-publish","format-standard","hentry","category-eventi","category-generale","category-scuola-di-cinema","tag-angelo-serio","tag-corrado-morra","tag-corsi-di-recitazione-a-napoli","tag-corso-di-cinema","tag-corso-di-recitazione-cinematografica","tag-cristina-florio","tag-lucio-allocca","tag-radio-punto-nuovo"],"yoast_head":"<!-- This site is optimized with the Yoast SEO plugin v28.3 - https:\/\/yoast.com\/product\/yoast-seo-wordpress\/ -->\n<title>Radio Punto Nuovo intervista Corrado Morra<\/title>\n<meta name=\"robots\" content=\"index, follow, max-snippet:-1, max-image-preview:large, max-video-preview:-1\" \/>\n<link rel=\"canonical\" href=\"https:\/\/www.pigrecoemme.com\/blog\/300\/\" \/>\n<meta property=\"og:locale\" content=\"it_IT\" \/>\n<meta property=\"og:type\" content=\"article\" \/>\n<meta property=\"og:title\" content=\"Radio Punto Nuovo intervista Corrado Morra\" \/>\n<meta property=\"og:description\" content=\"Marted\u00ec 16 novembre Radio Punto Nuovo intervista Corrado Morra. Che parler\u00e0 dei nuovi corsi di cinema e di recitazione di Pigrecoemme.\" \/>\n<meta property=\"og:url\" content=\"https:\/\/www.pigrecoemme.com\/blog\/300\/\" \/>\n<meta property=\"og:site_name\" content=\"Scuola di Cinema Pigrecoemme - Blog\" \/>\n<meta property=\"article:publisher\" content=\"https:\/\/www.facebook.com\/pigrecoemme\" \/>\n<meta property=\"article:author\" content=\"https:\/\/www.facebook.com\/rosario.gallone\" \/>\n<meta property=\"article:published_time\" content=\"2010-11-15T10:05:08+00:00\" \/>\n<meta property=\"article:modified_time\" content=\"2010-11-15T19:04:37+00:00\" \/>\n<meta property=\"og:image\" content=\"https:\/\/i0.wp.com\/www.pigrecoemme.com\/blog\/wp-content\/uploads\/2014\/11\/pigrecoemme-test1.jpg?fit=484%2C252&ssl=1\" \/>\n\t<meta property=\"og:image:width\" content=\"484\" \/>\n\t<meta property=\"og:image:height\" content=\"252\" \/>\n\t<meta property=\"og:image:type\" content=\"image\/jpeg\" \/>\n<meta name=\"author\" content=\"Rosario Gallone\" \/>\n<meta name=\"twitter:card\" content=\"summary_large_image\" \/>\n<meta name=\"twitter:creator\" content=\"@RosarioGallone\" \/>\n<meta name=\"twitter:site\" content=\"@Pigrecoemme\" \/>\n<meta name=\"twitter:label1\" content=\"Scritto da\" \/>\n\t<meta name=\"twitter:data1\" content=\"Rosario Gallone\" \/>\n\t<meta name=\"twitter:label2\" content=\"Tempo di lettura stimato\" \/>\n\t<meta name=\"twitter:data2\" content=\"1 minuto\" \/>\n<script type=\"application\/ld+json\" class=\"yoast-schema-graph\">{\"@context\":\"https:\\\/\\\/schema.org\",\"@graph\":[{\"@type\":[\"Article\",\"BlogPosting\"],\"@id\":\"https:\\\/\\\/www.pigrecoemme.com\\\/blog\\\/300\\\/#article\",\"isPartOf\":{\"@id\":\"https:\\\/\\\/www.pigrecoemme.com\\\/blog\\\/300\\\/\"},\"author\":{\"name\":\"Rosario Gallone\",\"@id\":\"https:\\\/\\\/www.pigrecoemme.com\\\/blog\\\/#\\\/schema\\\/person\\\/3fdd423e7c221a503812a1e86daec850\"},\"headline\":\"Radio Punto Nuovo intervista Corrado Morra\",\"datePublished\":\"2010-11-15T10:05:08+00:00\",\"dateModified\":\"2010-11-15T19:04:37+00:00\",\"mainEntityOfPage\":{\"@id\":\"https:\\\/\\\/www.pigrecoemme.com\\\/blog\\\/300\\\/\"},\"wordCount\":121,\"commentCount\":0,\"publisher\":{\"@id\":\"https:\\\/\\\/www.pigrecoemme.com\\\/blog\\\/#organization\"},\"keywords\":[\"angelo serio\",\"Corrado Morra\",\"corsi di recitazione a napoli\",\"corso di cinema\",\"corso di recitazione cinematografica\",\"Cristina Florio\",\"lucio allocca\",\"radio punto nuovo\"],\"articleSection\":[\"Eventi\",\"Generale\",\"Scuola di cinema\"],\"inLanguage\":\"it-IT\",\"potentialAction\":[{\"@type\":\"CommentAction\",\"name\":\"Comment\",\"target\":[\"https:\\\/\\\/www.pigrecoemme.com\\\/blog\\\/300\\\/#respond\"]}]},{\"@type\":\"WebPage\",\"@id\":\"https:\\\/\\\/www.pigrecoemme.com\\\/blog\\\/300\\\/\",\"url\":\"https:\\\/\\\/www.pigrecoemme.com\\\/blog\\\/300\\\/\",\"name\":\"Radio Punto Nuovo intervista Corrado Morra\",\"isPartOf\":{\"@id\":\"https:\\\/\\\/www.pigrecoemme.com\\\/blog\\\/#website\"},\"datePublished\":\"2010-11-15T10:05:08+00:00\",\"dateModified\":\"2010-11-15T19:04:37+00:00\",\"breadcrumb\":{\"@id\":\"https:\\\/\\\/www.pigrecoemme.com\\\/blog\\\/300\\\/#breadcrumb\"},\"inLanguage\":\"it-IT\",\"potentialAction\":[{\"@type\":\"ReadAction\",\"target\":[\"https:\\\/\\\/www.pigrecoemme.com\\\/blog\\\/300\\\/\"]}]},{\"@type\":\"BreadcrumbList\",\"@id\":\"https:\\\/\\\/www.pigrecoemme.com\\\/blog\\\/300\\\/#breadcrumb\",\"itemListElement\":[{\"@type\":\"ListItem\",\"position\":1,\"name\":\"Home\",\"item\":\"https:\\\/\\\/www.pigrecoemme.com\\\/blog\\\/\"},{\"@type\":\"ListItem\",\"position\":2,\"name\":\"Radio Punto Nuovo intervista Corrado Morra\"}]},{\"@type\":\"WebSite\",\"@id\":\"https:\\\/\\\/www.pigrecoemme.com\\\/blog\\\/#website\",\"url\":\"https:\\\/\\\/www.pigrecoemme.com\\\/blog\\\/\",\"name\":\"Scuola di Cinema Pigrecoemme - Blog\",\"description\":\"Siamo la prima Scuola di Cinema e Fotografia di Napoli\",\"publisher\":{\"@id\":\"https:\\\/\\\/www.pigrecoemme.com\\\/blog\\\/#organization\"},\"potentialAction\":[{\"@type\":\"SearchAction\",\"target\":{\"@type\":\"EntryPoint\",\"urlTemplate\":\"https:\\\/\\\/www.pigrecoemme.com\\\/blog\\\/?s={search_term_string}\"},\"query-input\":{\"@type\":\"PropertyValueSpecification\",\"valueRequired\":true,\"valueName\":\"search_term_string\"}}],\"inLanguage\":\"it-IT\"},{\"@type\":\"Organization\",\"@id\":\"https:\\\/\\\/www.pigrecoemme.com\\\/blog\\\/#organization\",\"name\":\"Scuola di cinema e fotografia Pigrecoemme\",\"url\":\"https:\\\/\\\/www.pigrecoemme.com\\\/blog\\\/\",\"logo\":{\"@type\":\"ImageObject\",\"inLanguage\":\"it-IT\",\"@id\":\"https:\\\/\\\/www.pigrecoemme.com\\\/blog\\\/#\\\/schema\\\/logo\\\/image\\\/\",\"url\":\"https:\\\/\\\/i0.wp.com\\\/www.pigrecoemme.com\\\/blog\\\/wp-content\\\/uploads\\\/2018\\\/06\\\/logo-pigrecoemme-2018.png?fit=500%2C500&ssl=1\",\"contentUrl\":\"https:\\\/\\\/i0.wp.com\\\/www.pigrecoemme.com\\\/blog\\\/wp-content\\\/uploads\\\/2018\\\/06\\\/logo-pigrecoemme-2018.png?fit=500%2C500&ssl=1\",\"width\":500,\"height\":500,\"caption\":\"Scuola di cinema e fotografia Pigrecoemme\"},\"image\":{\"@id\":\"https:\\\/\\\/www.pigrecoemme.com\\\/blog\\\/#\\\/schema\\\/logo\\\/image\\\/\"},\"sameAs\":[\"https:\\\/\\\/www.facebook.com\\\/pigrecoemme\",\"https:\\\/\\\/x.com\\\/Pigrecoemme\",\"https:\\\/\\\/www.instagram.com\\\/pigrecoemme\\\/\",\"https:\\\/\\\/www.linkedin.com\\\/company\\\/pigrecoemme\\\/\",\"https:\\\/\\\/www.youtube.com\\\/pigrecoemme\"]},{\"@type\":\"Person\",\"@id\":\"https:\\\/\\\/www.pigrecoemme.com\\\/blog\\\/#\\\/schema\\\/person\\\/3fdd423e7c221a503812a1e86daec850\",\"name\":\"Rosario Gallone\",\"image\":{\"@type\":\"ImageObject\",\"inLanguage\":\"it-IT\",\"@id\":\"https:\\\/\\\/secure.gravatar.com\\\/avatar\\\/7172808a86a713dea422a3159a5fe73d8a0718671410a281103d82dea575d3e9?s=96&r=g\",\"url\":\"https:\\\/\\\/secure.gravatar.com\\\/avatar\\\/7172808a86a713dea422a3159a5fe73d8a0718671410a281103d82dea575d3e9?s=96&r=g\",\"contentUrl\":\"https:\\\/\\\/secure.gravatar.com\\\/avatar\\\/7172808a86a713dea422a3159a5fe73d8a0718671410a281103d82dea575d3e9?s=96&r=g\",\"caption\":\"Rosario Gallone\"},\"description\":\"Rosario \u00e8 tra i fondatori della Pigrecoemme, dove si occupa soprattutto del corso di regia e dell'organizzazione dei corsi. E' autore della sceneggiatura di Isa 9000 (mediometraggio con Isa Danieli diretto da Angelo Serio), del montaggio di documentari e della regia di alcuni cortometraggi.\",\"sameAs\":[\"http:\\\/\\\/www.pigrecoemme.com\\\/\",\"https:\\\/\\\/www.facebook.com\\\/rosario.gallone\",\"https:\\\/\\\/x.com\\\/RosarioGallone\"],\"url\":\"https:\\\/\\\/www.pigrecoemme.com\\\/blog\\\/author\\\/rosario-gallone\\\/\"}]}<\/script>\n<!-- \/ Yoast SEO plugin. -->","yoast_head_json":{"title":"Radio Punto Nuovo intervista Corrado Morra","robots":{"index":"index","follow":"follow","max-snippet":"max-snippet:-1","max-image-preview":"max-image-preview:large","max-video-preview":"max-video-preview:-1"},"canonical":"https:\/\/www.pigrecoemme.com\/blog\/300\/","og_locale":"it_IT","og_type":"article","og_title":"Radio Punto Nuovo intervista Corrado Morra","og_description":"Marted\u00ec 16 novembre Radio Punto Nuovo intervista Corrado Morra. Che parler\u00e0 dei nuovi corsi di cinema e di recitazione di Pigrecoemme.","og_url":"https:\/\/www.pigrecoemme.com\/blog\/300\/","og_site_name":"Scuola di Cinema Pigrecoemme - Blog","article_publisher":"https:\/\/www.facebook.com\/pigrecoemme","article_author":"https:\/\/www.facebook.com\/rosario.gallone","article_published_time":"2010-11-15T10:05:08+00:00","article_modified_time":"2010-11-15T19:04:37+00:00","og_image":[{"width":484,"height":252,"url":"https:\/\/i0.wp.com\/www.pigrecoemme.com\/blog\/wp-content\/uploads\/2014\/11\/pigrecoemme-test1.jpg?fit=484%2C252&ssl=1","type":"image\/jpeg"}],"author":"Rosario Gallone","twitter_card":"summary_large_image","twitter_creator":"@RosarioGallone","twitter_site":"@Pigrecoemme","twitter_misc":{"Scritto da":"Rosario Gallone","Tempo di lettura stimato":"1 minuto"},"schema":{"@context":"https:\/\/schema.org","@graph":[{"@type":["Article","BlogPosting"],"@id":"https:\/\/www.pigrecoemme.com\/blog\/300\/#article","isPartOf":{"@id":"https:\/\/www.pigrecoemme.com\/blog\/300\/"},"author":{"name":"Rosario Gallone","@id":"https:\/\/www.pigrecoemme.com\/blog\/#\/schema\/person\/3fdd423e7c221a503812a1e86daec850"},"headline":"Radio Punto Nuovo intervista Corrado Morra","datePublished":"2010-11-15T10:05:08+00:00","dateModified":"2010-11-15T19:04:37+00:00","mainEntityOfPage":{"@id":"https:\/\/www.pigrecoemme.com\/blog\/300\/"},"wordCount":121,"commentCount":0,"publisher":{"@id":"https:\/\/www.pigrecoemme.com\/blog\/#organization"},"keywords":["angelo serio","Corrado Morra","corsi di recitazione a napoli","corso di cinema","corso di recitazione cinematografica","Cristina Florio","lucio allocca","radio punto nuovo"],"articleSection":["Eventi","Generale","Scuola di cinema"],"inLanguage":"it-IT","potentialAction":[{"@type":"CommentAction","name":"Comment","target":["https:\/\/www.pigrecoemme.com\/blog\/300\/#respond"]}]},{"@type":"WebPage","@id":"https:\/\/www.pigrecoemme.com\/blog\/300\/","url":"https:\/\/www.pigrecoemme.com\/blog\/300\/","name":"Radio Punto Nuovo intervista Corrado Morra","isPartOf":{"@id":"https:\/\/www.pigrecoemme.com\/blog\/#website"},"datePublished":"2010-11-15T10:05:08+00:00","dateModified":"2010-11-15T19:04:37+00:00","breadcrumb":{"@id":"https:\/\/www.pigrecoemme.com\/blog\/300\/#breadcrumb"},"inLanguage":"it-IT","potentialAction":[{"@type":"ReadAction","target":["https:\/\/www.pigrecoemme.com\/blog\/300\/"]}]},{"@type":"BreadcrumbList","@id":"https:\/\/www.pigrecoemme.com\/blog\/300\/#breadcrumb","itemListElement":[{"@type":"ListItem","position":1,"name":"Home","item":"https:\/\/www.pigrecoemme.com\/blog\/"},{"@type":"ListItem","position":2,"name":"Radio Punto Nuovo intervista Corrado Morra"}]},{"@type":"WebSite","@id":"https:\/\/www.pigrecoemme.com\/blog\/#website","url":"https:\/\/www.pigrecoemme.com\/blog\/","name":"Scuola di Cinema Pigrecoemme - Blog","description":"Siamo la prima Scuola di Cinema e Fotografia di Napoli","publisher":{"@id":"https:\/\/www.pigrecoemme.com\/blog\/#organization"},"potentialAction":[{"@type":"SearchAction","target":{"@type":"EntryPoint","urlTemplate":"https:\/\/www.pigrecoemme.com\/blog\/?s={search_term_string}"},"query-input":{"@type":"PropertyValueSpecification","valueRequired":true,"valueName":"search_term_string"}}],"inLanguage":"it-IT"},{"@type":"Organization","@id":"https:\/\/www.pigrecoemme.com\/blog\/#organization","name":"Scuola di cinema e fotografia Pigrecoemme","url":"https:\/\/www.pigrecoemme.com\/blog\/","logo":{"@type":"ImageObject","inLanguage":"it-IT","@id":"https:\/\/www.pigrecoemme.com\/blog\/#\/schema\/logo\/image\/","url":"https:\/\/i0.wp.com\/www.pigrecoemme.com\/blog\/wp-content\/uploads\/2018\/06\/logo-pigrecoemme-2018.png?fit=500%2C500&ssl=1","contentUrl":"https:\/\/i0.wp.com\/www.pigrecoemme.com\/blog\/wp-content\/uploads\/2018\/06\/logo-pigrecoemme-2018.png?fit=500%2C500&ssl=1","width":500,"height":500,"caption":"Scuola di cinema e fotografia Pigrecoemme"},"image":{"@id":"https:\/\/www.pigrecoemme.com\/blog\/#\/schema\/logo\/image\/"},"sameAs":["https:\/\/www.facebook.com\/pigrecoemme","https:\/\/x.com\/Pigrecoemme","https:\/\/www.instagram.com\/pigrecoemme\/","https:\/\/www.linkedin.com\/company\/pigrecoemme\/","https:\/\/www.youtube.com\/pigrecoemme"]},{"@type":"Person","@id":"https:\/\/www.pigrecoemme.com\/blog\/#\/schema\/person\/3fdd423e7c221a503812a1e86daec850","name":"Rosario Gallone","image":{"@type":"ImageObject","inLanguage":"it-IT","@id":"https:\/\/secure.gravatar.com\/avatar\/7172808a86a713dea422a3159a5fe73d8a0718671410a281103d82dea575d3e9?s=96&r=g","url":"https:\/\/secure.gravatar.com\/avatar\/7172808a86a713dea422a3159a5fe73d8a0718671410a281103d82dea575d3e9?s=96&r=g","contentUrl":"https:\/\/secure.gravatar.com\/avatar\/7172808a86a713dea422a3159a5fe73d8a0718671410a281103d82dea575d3e9?s=96&r=g","caption":"Rosario Gallone"},"description":"Rosario \u00e8 tra i fondatori della Pigrecoemme, dove si occupa soprattutto del corso di regia e dell'organizzazione dei corsi. E' autore della sceneggiatura di Isa 9000 (mediometraggio con Isa Danieli diretto da Angelo Serio), del montaggio di documentari e della regia di alcuni cortometraggi.","sameAs":["http:\/\/www.pigrecoemme.com\/","https:\/\/www.facebook.com\/rosario.gallone","https:\/\/x.com\/RosarioGallone"],"url":"https:\/\/www.pigrecoemme.com\/blog\/author\/rosario-gallone\/"}]}},"jetpack_sharing_enabled":true,"jetpack_likes_enabled":true,"jetpack-related-posts":[{"id":888,"url":"https:\/\/www.pigrecoemme.com\/blog\/al-via-il-prossimi-colloqui-di-selezione-per-il-corso-di-recitazione\/","url_meta":{"origin":300,"position":0},"title":"Al via i prossimi colloqui di selezione per il corso di Recitazione","author":"Corrado Morra","date":"21 Ottobre 2014","format":false,"excerpt":"Terminata la prima tornata di colloqui per le selezioni al nostro corso di Recitazione, \u00e8 ancora possibile iscriversi. Vi ricordiamo che il corso, a cura di Lucio Allocca, Cristina Florio e Angelo Serio, \u00e8 organizzato in sette mesi di lezioni in aula e in una parte finale, di circa due\u2026","rel":"","context":"In &quot;Generale&quot;","block_context":{"text":"Generale","link":"https:\/\/www.pigrecoemme.com\/blog\/generale\/"},"img":{"alt_text":"","src":"https:\/\/i0.wp.com\/www.pigrecoemme.com\/blog\/wp-content\/uploads\/2014\/10\/recitazione-pubblicita-300x300.jpg?resize=350%2C200","width":350,"height":200},"classes":[]},{"id":187,"url":"https:\/\/www.pigrecoemme.com\/blog\/ancora-aperti-i-colloqui-per-accedere-al-nuovo-corso-di-recitazione-cinematografica\/","url_meta":{"origin":300,"position":1},"title":"Ancora aperti i colloqui per accedere al nuovo Corso di recitazione cinematografica","author":"Giacomo Fabbrocino","date":"8 Novembre 2009","format":false,"excerpt":"\u00c8 di nuovo possibile sostenere i colloqui per accedere al corso di Recitazione cinematografica di Pigrecoemme, condotto da Lucio Allocca, Angelo Serio e, da quest'anno, Cristina Florio, che comincer\u00e0 marted\u00ec I dicembre. Chiamando allo 0815635188 si potr\u00e0 prendere un appuntamento per un colloquio conoscitivo da sostenersi nella sede della Scuola\u2026","rel":"","context":"In &quot;Scuola di cinema&quot;","block_context":{"text":"Scuola di cinema","link":"https:\/\/www.pigrecoemme.com\/blog\/scuola-di-cinema\/"},"img":{"alt_text":"Lucio Allocca con alcuni allievi del corso","src":"https:\/\/i0.wp.com\/www.pigrecoemme.com\/blog\/wp-content\/uploads\/2009\/11\/corso-di-recitazione-napoli-300x224.jpg?resize=350%2C200","width":350,"height":200},"classes":[]},{"id":282,"url":"https:\/\/www.pigrecoemme.com\/blog\/peppino-de-filippo-e-masaniello-una-testimonianza-di-lucio-allocca\/","url_meta":{"origin":300,"position":2},"title":"Peppino De Filippo e Masaniello. Una testimonianza di Lucio Allocca","author":"Corrado Morra","date":"19 Ottobre 2010","format":false,"excerpt":"Mercoled\u00ec 27 ottobre, a Napoli, presso la Facolt\u00e0 di Giurisprudenza di Corso Umberto I, alle ore ore 14, ci sar\u00e0 la presentazione del libro \"Per Peppino De Filippo attore e autore\", interessante volume edito dalla ESI, a cura di Pasquale Sabbatino e Giuseppina Scognamiglio. All'evento, oltre agli autori, sar\u00e0 presente\u2026","rel":"","context":"In &quot;Eventi&quot;","block_context":{"text":"Eventi","link":"https:\/\/www.pigrecoemme.com\/blog\/eventi\/"},"img":{"alt_text":"","src":"https:\/\/i0.wp.com\/www.pigrecoemme.com\/blog\/wp-content\/uploads\/2010\/10\/lucio-allocca.jpg?resize=350%2C200","width":350,"height":200},"classes":[]},{"id":179,"url":"https:\/\/www.pigrecoemme.com\/blog\/al-via-il-nuovo-anno-di-studi-della-scuola-di-cinema-e-televisione-pigrecoemme-di-napoli\/","url_meta":{"origin":300,"position":3},"title":"Al via il nuovo anno di studi della Scuola di cinema e televisione Pigrecoemme di Napoli","author":"Giacomo Fabbrocino","date":"16 Ottobre 2009","format":false,"excerpt":"Tutto pronto per il nuovo anno di studi della Scuola di cinema e televisione Pigrecoemme: corsi di cinema, fotografia e, per il secondo anno, di recitazione. Scuola Di Cinema Pigrecoemm... by Scuola di cinema Pigrecoemme Parte gioved\u00ec 29 ottobre, con la prima lezione di Regia, il Master in Cinema della\u2026","rel":"","context":"In &quot;Scuola di cinema&quot;","block_context":{"text":"Scuola di cinema","link":"https:\/\/www.pigrecoemme.com\/blog\/scuola-di-cinema\/"},"img":{"alt_text":"","src":"https:\/\/i0.wp.com\/www.pigrecoemme.com\/blog\/wp-content\/uploads\/2009\/10\/1-lucio-allocca-sul-un-set-di-pigrecoemme.jpg?resize=350%2C200&ssl=1","width":350,"height":200,"srcset":"https:\/\/i0.wp.com\/www.pigrecoemme.com\/blog\/wp-content\/uploads\/2009\/10\/1-lucio-allocca-sul-un-set-di-pigrecoemme.jpg?resize=350%2C200&ssl=1 1x, https:\/\/i0.wp.com\/www.pigrecoemme.com\/blog\/wp-content\/uploads\/2009\/10\/1-lucio-allocca-sul-un-set-di-pigrecoemme.jpg?resize=525%2C300&ssl=1 1.5x, https:\/\/i0.wp.com\/www.pigrecoemme.com\/blog\/wp-content\/uploads\/2009\/10\/1-lucio-allocca-sul-un-set-di-pigrecoemme.jpg?resize=700%2C400&ssl=1 2x"},"classes":[]},{"id":301,"url":"https:\/\/www.pigrecoemme.com\/blog\/corso-di-recitazione-cinematografica-pochi-giorni-ancora-per-prenotarsi\/","url_meta":{"origin":300,"position":4},"title":"Corso di recitazione cinematografica: pochi giorni ancora per prenotarsi","author":"Giacomo Fabbrocino","date":"17 Novembre 2010","format":false,"excerpt":"Restano ancora pochissimi giorni per prenotarsi al colloquio di ammissione al corso di recitazione cinematografica condotto, presso la nostra scuola di cinema, da Angelo Serio, Lucio Allocca e Cristina Florio. Il colloquio si terr\u00e0 il 20 novembre e per accedervi bisogna scrivere all'indirizzo email:\u00a0corsi@pigrecoemme.com, indicando un recapito telefonico cui essere\u2026","rel":"","context":"In &quot;Generale&quot;","block_context":{"text":"Generale","link":"https:\/\/www.pigrecoemme.com\/blog\/generale\/"},"img":{"alt_text":"","src":"","width":0,"height":0},"classes":[]},{"id":3628,"url":"https:\/\/www.pigrecoemme.com\/blog\/il-corso-di-recitazione-cinematografica-si-rinnova\/","url_meta":{"origin":300,"position":5},"title":"Il corso di recitazione cinematografica si rinnova!","author":"Pigrecoemme","date":"12 Luglio 2024","format":false,"excerpt":"Per l'anno accademico 2024\/2025 abbiamo rinnovato il corso di fotografia, ma anche il corso di recitazione, che ora prevede, oltre ai tre percorsi sulla dizione e sulla recitazione, sullo studio del personaggio e sul controllo della voce e della respirazione (condotti rispettivamente da Angelo Serio, Lucio Allocca e Cristina Florio),\u2026","rel":"","context":"In &quot;Generale&quot;","block_context":{"text":"Generale","link":"https:\/\/www.pigrecoemme.com\/blog\/generale\/"},"img":{"alt_text":"","src":"https:\/\/i0.wp.com\/www.pigrecoemme.com\/blog\/wp-content\/uploads\/2024\/07\/michele-rosiello.jpg?resize=350%2C200&ssl=1","width":350,"height":200},"classes":[]}],"jetpack_featured_media_url":"","_links":{"self":[{"href":"https:\/\/www.pigrecoemme.com\/blog\/wp-json\/wp\/v2\/posts\/300","targetHints":{"allow":["GET"]}}],"collection":[{"href":"https:\/\/www.pigrecoemme.com\/blog\/wp-json\/wp\/v2\/posts"}],"about":[{"href":"https:\/\/www.pigrecoemme.com\/blog\/wp-json\/wp\/v2\/types\/post"}],"author":[{"embeddable":true,"href":"https:\/\/www.pigrecoemme.com\/blog\/wp-json\/wp\/v2\/users\/3"}],"replies":[{"embeddable":true,"href":"https:\/\/www.pigrecoemme.com\/blog\/wp-json\/wp\/v2\/comments?post=300"}],"version-history":[{"count":0,"href":"https:\/\/www.pigrecoemme.com\/blog\/wp-json\/wp\/v2\/posts\/300\/revisions"}],"wp:attachment":[{"href":"https:\/\/www.pigrecoemme.com\/blog\/wp-json\/wp\/v2\/media?parent=300"}],"wp:term":[{"taxonomy":"category","embeddable":true,"href":"https:\/\/www.pigrecoemme.com\/blog\/wp-json\/wp\/v2\/categories?post=300"},{"taxonomy":"post_tag","embeddable":true,"href":"https:\/\/www.pigrecoemme.com\/blog\/wp-json\/wp\/v2\/tags?post=300"}],"curies":[{"name":"wp","href":"https:\/\/api.w.org\/{rel}","templated":true}]}}