{"id":30,"date":"2008-01-19T19:57:18","date_gmt":"2008-01-19T17:57:18","guid":{"rendered":"http:\/\/www.pigrecoemme.com\/blog\/enel-digital-contest-un-video-del-nostro-ex-allievo-paolo-letizia-e-in-concorso-votatelo\/"},"modified":"2015-01-09T00:52:16","modified_gmt":"2015-01-08T23:52:16","slug":"enel-digital-contest-un-video-del-nostro-ex-allievo-paolo-letizia-e-in-concorso-votatelo","status":"publish","type":"post","link":"https:\/\/www.pigrecoemme.com\/blog\/enel-digital-contest-un-video-del-nostro-ex-allievo-paolo-letizia-e-in-concorso-votatelo\/","title":{"rendered":"Enel digital contest. Un video del nostro ex allievo Paolo Letizia \u00e8 in concorso. Votatelo!"},"content":{"rendered":"<p>Vi invito a guardare e a votare il video &#8220;Giulia Scopre il Vento&#8221;, diretto da Paolo Letizia, ex allievo della <a href=\"http:\/\/www.pigrecoemme.com\/\">Scuola di Cinema Pigrecoemme<\/a>, e a votarlo per il concorso Enel Digital Contest.<br \/>\nIl video \u00e8 al link http:\/\/www.enel.it\/digitalcontest\/sicure\/vedi.asp?id=EDC07109<br \/>\nLa registrazione al sito del concorso \u00e8 un po&#8217; macchinosa, ma d\u00e0 la possibilit\u00e0 di vedere e votare molti video ben realizzati, oltre a quella di partecipare all&#8217;estrazione di tre premi:<\/p>\n<p>Primo estratto:<br \/>\nMAC mini combo + Monitor 19\u201d LCD LgIntel Core 2 Duo a 1,83GHz<br \/>\nGB di memoria<br \/>\nDisco rigido da 80GB<br \/>\nMonitor mod: TFT L194WS-SF<\/p>\n<p>Secondo estratto:<br \/>\niPod Video 80 GB<br \/>\ndisco da 80 Gb<br \/>\nvisualizza foto digitali<br \/>\nrisoluzione schermo 320&#215;240 pixel<br \/>\ndurata batteria: 20 ore, durata batteria (riproduzione video): 6.5 ore<br \/>\ndimensioni 6.1&#215;10.4&#215;1.4 cm, peso 156 g.<\/p>\n<p>Dal terzo al sesto estratto:<br \/>\niPod Shuffle 1 GB<br \/>\nLettore MP3 Flash<br \/>\n1GB, clip, jack auricolari, No Display<\/p>\n<p><strong>Ricordate:<\/strong> il video di Paolo \u00e8 il numero 109 \ud83d\ude42<\/p>\n","protected":false},"excerpt":{"rendered":"<p>Vi invito a guardare e a votare il video &#8220;Giulia Scopre il Vento&#8221;, diretto da Paolo Letizia, ex allievo della Scuola di Cinema Pigrecoemme, e a votarlo per il concorso Enel Digital Contest. Il&hellip;<\/p>\n","protected":false},"author":1,"featured_media":0,"comment_status":"open","ping_status":"open","sticky":false,"template":"","format":"standard","meta":{"_jetpack_newsletter_access":"","_jetpack_dont_email_post_to_subs":false,"_jetpack_newsletter_tier_id":0,"_jetpack_memberships_contains_paywalled_content":false,"_jetpack_feature_clip_id":0,"_jetpack_memberships_contains_paid_content":false,"footnotes":"","jetpack_post_was_ever_published":false},"categories":[12,3],"tags":[42,75,77,76,58,1280],"class_list":["post-30","post","type-post","status-publish","format-standard","hentry","category-produzioni","category-scuola-di-cinema","tag-cortometraggi","tag-enel-digital-contest","tag-napoli","tag-paolo-letizia","tag-pigrecoemme","tag-scuola-di-cinema"],"yoast_head":"<!-- This site is optimized with the Yoast SEO plugin v28.3 - https:\/\/yoast.com\/product\/yoast-seo-wordpress\/ -->\n<title>Enel digital contest. Un video del nostro ex allievo Paolo Letizia \u00e8 in concorso. Votatelo!<\/title>\n<meta name=\"robots\" content=\"index, follow, max-snippet:-1, max-image-preview:large, max-video-preview:-1\" \/>\n<link rel=\"canonical\" href=\"https:\/\/www.pigrecoemme.com\/blog\/enel-digital-contest-un-video-del-nostro-ex-allievo-paolo-letizia-e-in-concorso-votatelo\/\" \/>\n<meta property=\"og:locale\" content=\"it_IT\" \/>\n<meta property=\"og:type\" content=\"article\" \/>\n<meta property=\"og:title\" content=\"Enel digital contest. Un video del nostro ex allievo Paolo Letizia \u00e8 in concorso. Votatelo!\" \/>\n<meta property=\"og:description\" content=\"Vi invito a guardare e a votare il video &#8220;Giulia Scopre il Vento&#8221;, diretto da Paolo Letizia, ex allievo della Scuola di Cinema Pigrecoemme, e a votarlo per il concorso Enel Digital Contest. Il video \u00e8 al link http:\/\/www.enel.it\/digitalcontest\/sicure\/vedi.asp?id=EDC07109 La &hellip; Continue reading &rarr;\" \/>\n<meta property=\"og:url\" content=\"https:\/\/www.pigrecoemme.com\/blog\/enel-digital-contest-un-video-del-nostro-ex-allievo-paolo-letizia-e-in-concorso-votatelo\/\" \/>\n<meta property=\"og:site_name\" content=\"Scuola di Cinema Pigrecoemme - Blog\" \/>\n<meta property=\"article:publisher\" content=\"https:\/\/www.facebook.com\/pigrecoemme\" \/>\n<meta property=\"article:author\" content=\"https:\/\/www.facebook.com\/giacomo.fabbrocino\" \/>\n<meta property=\"article:published_time\" content=\"2008-01-19T17:57:18+00:00\" \/>\n<meta property=\"article:modified_time\" content=\"2015-01-08T23:52:16+00:00\" \/>\n<meta property=\"og:image\" content=\"https:\/\/i0.wp.com\/www.pigrecoemme.com\/blog\/wp-content\/uploads\/2014\/11\/pigrecoemme-test1.jpg?fit=484%2C252&ssl=1\" \/>\n\t<meta property=\"og:image:width\" content=\"484\" \/>\n\t<meta property=\"og:image:height\" content=\"252\" \/>\n\t<meta property=\"og:image:type\" content=\"image\/jpeg\" \/>\n<meta name=\"author\" content=\"Giacomo Fabbrocino\" \/>\n<meta name=\"twitter:card\" content=\"summary_large_image\" \/>\n<meta name=\"twitter:creator\" content=\"@Pigrecoemme\" \/>\n<meta name=\"twitter:site\" content=\"@Pigrecoemme\" \/>\n<meta name=\"twitter:label1\" content=\"Scritto da\" \/>\n\t<meta name=\"twitter:data1\" content=\"Giacomo Fabbrocino\" \/>\n\t<meta name=\"twitter:label2\" content=\"Tempo di lettura stimato\" \/>\n\t<meta name=\"twitter:data2\" content=\"1 minuto\" \/>\n<script type=\"application\/ld+json\" class=\"yoast-schema-graph\">{\"@context\":\"https:\\\/\\\/schema.org\",\"@graph\":[{\"@type\":[\"Article\",\"BlogPosting\"],\"@id\":\"https:\\\/\\\/www.pigrecoemme.com\\\/blog\\\/enel-digital-contest-un-video-del-nostro-ex-allievo-paolo-letizia-e-in-concorso-votatelo\\\/#article\",\"isPartOf\":{\"@id\":\"https:\\\/\\\/www.pigrecoemme.com\\\/blog\\\/enel-digital-contest-un-video-del-nostro-ex-allievo-paolo-letizia-e-in-concorso-votatelo\\\/\"},\"author\":{\"name\":\"Giacomo Fabbrocino\",\"@id\":\"https:\\\/\\\/www.pigrecoemme.com\\\/blog\\\/#\\\/schema\\\/person\\\/57fa822c3d209d3a2612fd0411ae63f4\"},\"headline\":\"Enel digital contest. Un video del nostro ex allievo Paolo Letizia \u00e8 in concorso. Votatelo!\",\"datePublished\":\"2008-01-19T17:57:18+00:00\",\"dateModified\":\"2015-01-08T23:52:16+00:00\",\"mainEntityOfPage\":{\"@id\":\"https:\\\/\\\/www.pigrecoemme.com\\\/blog\\\/enel-digital-contest-un-video-del-nostro-ex-allievo-paolo-letizia-e-in-concorso-votatelo\\\/\"},\"wordCount\":169,\"commentCount\":0,\"publisher\":{\"@id\":\"https:\\\/\\\/www.pigrecoemme.com\\\/blog\\\/#organization\"},\"keywords\":[\"cortometraggi\",\"enel digital contest\",\"napoli\",\"paolo letizia\",\"pigrecoemme\",\"Scuola di cinema\"],\"articleSection\":[\"Produzioni\",\"Scuola di cinema\"],\"inLanguage\":\"it-IT\",\"potentialAction\":[{\"@type\":\"CommentAction\",\"name\":\"Comment\",\"target\":[\"https:\\\/\\\/www.pigrecoemme.com\\\/blog\\\/enel-digital-contest-un-video-del-nostro-ex-allievo-paolo-letizia-e-in-concorso-votatelo\\\/#respond\"]}]},{\"@type\":\"WebPage\",\"@id\":\"https:\\\/\\\/www.pigrecoemme.com\\\/blog\\\/enel-digital-contest-un-video-del-nostro-ex-allievo-paolo-letizia-e-in-concorso-votatelo\\\/\",\"url\":\"https:\\\/\\\/www.pigrecoemme.com\\\/blog\\\/enel-digital-contest-un-video-del-nostro-ex-allievo-paolo-letizia-e-in-concorso-votatelo\\\/\",\"name\":\"Enel digital contest. Un video del nostro ex allievo Paolo Letizia \u00e8 in concorso. Votatelo!\",\"isPartOf\":{\"@id\":\"https:\\\/\\\/www.pigrecoemme.com\\\/blog\\\/#website\"},\"datePublished\":\"2008-01-19T17:57:18+00:00\",\"dateModified\":\"2015-01-08T23:52:16+00:00\",\"breadcrumb\":{\"@id\":\"https:\\\/\\\/www.pigrecoemme.com\\\/blog\\\/enel-digital-contest-un-video-del-nostro-ex-allievo-paolo-letizia-e-in-concorso-votatelo\\\/#breadcrumb\"},\"inLanguage\":\"it-IT\",\"potentialAction\":[{\"@type\":\"ReadAction\",\"target\":[\"https:\\\/\\\/www.pigrecoemme.com\\\/blog\\\/enel-digital-contest-un-video-del-nostro-ex-allievo-paolo-letizia-e-in-concorso-votatelo\\\/\"]}]},{\"@type\":\"BreadcrumbList\",\"@id\":\"https:\\\/\\\/www.pigrecoemme.com\\\/blog\\\/enel-digital-contest-un-video-del-nostro-ex-allievo-paolo-letizia-e-in-concorso-votatelo\\\/#breadcrumb\",\"itemListElement\":[{\"@type\":\"ListItem\",\"position\":1,\"name\":\"Home\",\"item\":\"https:\\\/\\\/www.pigrecoemme.com\\\/blog\\\/\"},{\"@type\":\"ListItem\",\"position\":2,\"name\":\"Enel digital contest. Un video del nostro ex allievo Paolo Letizia \u00e8 in concorso. Votatelo!\"}]},{\"@type\":\"WebSite\",\"@id\":\"https:\\\/\\\/www.pigrecoemme.com\\\/blog\\\/#website\",\"url\":\"https:\\\/\\\/www.pigrecoemme.com\\\/blog\\\/\",\"name\":\"Scuola di Cinema Pigrecoemme - Blog\",\"description\":\"Siamo la prima Scuola di Cinema e Fotografia di Napoli\",\"publisher\":{\"@id\":\"https:\\\/\\\/www.pigrecoemme.com\\\/blog\\\/#organization\"},\"potentialAction\":[{\"@type\":\"SearchAction\",\"target\":{\"@type\":\"EntryPoint\",\"urlTemplate\":\"https:\\\/\\\/www.pigrecoemme.com\\\/blog\\\/?s={search_term_string}\"},\"query-input\":{\"@type\":\"PropertyValueSpecification\",\"valueRequired\":true,\"valueName\":\"search_term_string\"}}],\"inLanguage\":\"it-IT\"},{\"@type\":\"Organization\",\"@id\":\"https:\\\/\\\/www.pigrecoemme.com\\\/blog\\\/#organization\",\"name\":\"Scuola di cinema e fotografia Pigrecoemme\",\"url\":\"https:\\\/\\\/www.pigrecoemme.com\\\/blog\\\/\",\"logo\":{\"@type\":\"ImageObject\",\"inLanguage\":\"it-IT\",\"@id\":\"https:\\\/\\\/www.pigrecoemme.com\\\/blog\\\/#\\\/schema\\\/logo\\\/image\\\/\",\"url\":\"https:\\\/\\\/i0.wp.com\\\/www.pigrecoemme.com\\\/blog\\\/wp-content\\\/uploads\\\/2018\\\/06\\\/logo-pigrecoemme-2018.png?fit=500%2C500&ssl=1\",\"contentUrl\":\"https:\\\/\\\/i0.wp.com\\\/www.pigrecoemme.com\\\/blog\\\/wp-content\\\/uploads\\\/2018\\\/06\\\/logo-pigrecoemme-2018.png?fit=500%2C500&ssl=1\",\"width\":500,\"height\":500,\"caption\":\"Scuola di cinema e fotografia Pigrecoemme\"},\"image\":{\"@id\":\"https:\\\/\\\/www.pigrecoemme.com\\\/blog\\\/#\\\/schema\\\/logo\\\/image\\\/\"},\"sameAs\":[\"https:\\\/\\\/www.facebook.com\\\/pigrecoemme\",\"https:\\\/\\\/x.com\\\/Pigrecoemme\",\"https:\\\/\\\/www.instagram.com\\\/pigrecoemme\\\/\",\"https:\\\/\\\/www.linkedin.com\\\/company\\\/pigrecoemme\\\/\",\"https:\\\/\\\/www.youtube.com\\\/pigrecoemme\"]},{\"@type\":\"Person\",\"@id\":\"https:\\\/\\\/www.pigrecoemme.com\\\/blog\\\/#\\\/schema\\\/person\\\/57fa822c3d209d3a2612fd0411ae63f4\",\"name\":\"Giacomo Fabbrocino\",\"image\":{\"@type\":\"ImageObject\",\"inLanguage\":\"it-IT\",\"@id\":\"https:\\\/\\\/secure.gravatar.com\\\/avatar\\\/0e4dfd4d05c06a03fffaffeb36fb181415ba11b91a6b566fa2e8ada75927db32?s=96&r=g\",\"url\":\"https:\\\/\\\/secure.gravatar.com\\\/avatar\\\/0e4dfd4d05c06a03fffaffeb36fb181415ba11b91a6b566fa2e8ada75927db32?s=96&r=g\",\"contentUrl\":\"https:\\\/\\\/secure.gravatar.com\\\/avatar\\\/0e4dfd4d05c06a03fffaffeb36fb181415ba11b91a6b566fa2e8ada75927db32?s=96&r=g\",\"caption\":\"Giacomo Fabbrocino\"},\"description\":\"Montatore cinematografico, autore di documentari sull'arte e di video d'artista, Giacomo \u00e8 responsabile della didattica e della comunicazione web della Scuola di Cinema, Fotografia e Televisione Pigrecoemme di Napoli.\",\"sameAs\":[\"http:\\\/\\\/www.pigrecoemme.com\\\/\",\"https:\\\/\\\/www.facebook.com\\\/giacomo.fabbrocino\"],\"url\":\"https:\\\/\\\/www.pigrecoemme.com\\\/blog\\\/author\\\/giacomo-fabbrocino\\\/\"}]}<\/script>\n<!-- \/ Yoast SEO plugin. -->","yoast_head_json":{"title":"Enel digital contest. Un video del nostro ex allievo Paolo Letizia \u00e8 in concorso. Votatelo!","robots":{"index":"index","follow":"follow","max-snippet":"max-snippet:-1","max-image-preview":"max-image-preview:large","max-video-preview":"max-video-preview:-1"},"canonical":"https:\/\/www.pigrecoemme.com\/blog\/enel-digital-contest-un-video-del-nostro-ex-allievo-paolo-letizia-e-in-concorso-votatelo\/","og_locale":"it_IT","og_type":"article","og_title":"Enel digital contest. Un video del nostro ex allievo Paolo Letizia \u00e8 in concorso. Votatelo!","og_description":"Vi invito a guardare e a votare il video &#8220;Giulia Scopre il Vento&#8221;, diretto da Paolo Letizia, ex allievo della Scuola di Cinema Pigrecoemme, e a votarlo per il concorso Enel Digital Contest. Il video \u00e8 al link http:\/\/www.enel.it\/digitalcontest\/sicure\/vedi.asp?id=EDC07109 La &hellip; Continue reading &rarr;","og_url":"https:\/\/www.pigrecoemme.com\/blog\/enel-digital-contest-un-video-del-nostro-ex-allievo-paolo-letizia-e-in-concorso-votatelo\/","og_site_name":"Scuola di Cinema Pigrecoemme - Blog","article_publisher":"https:\/\/www.facebook.com\/pigrecoemme","article_author":"https:\/\/www.facebook.com\/giacomo.fabbrocino","article_published_time":"2008-01-19T17:57:18+00:00","article_modified_time":"2015-01-08T23:52:16+00:00","og_image":[{"width":484,"height":252,"url":"https:\/\/i0.wp.com\/www.pigrecoemme.com\/blog\/wp-content\/uploads\/2014\/11\/pigrecoemme-test1.jpg?fit=484%2C252&ssl=1","type":"image\/jpeg"}],"author":"Giacomo Fabbrocino","twitter_card":"summary_large_image","twitter_creator":"@Pigrecoemme","twitter_site":"@Pigrecoemme","twitter_misc":{"Scritto da":"Giacomo Fabbrocino","Tempo di lettura stimato":"1 minuto"},"schema":{"@context":"https:\/\/schema.org","@graph":[{"@type":["Article","BlogPosting"],"@id":"https:\/\/www.pigrecoemme.com\/blog\/enel-digital-contest-un-video-del-nostro-ex-allievo-paolo-letizia-e-in-concorso-votatelo\/#article","isPartOf":{"@id":"https:\/\/www.pigrecoemme.com\/blog\/enel-digital-contest-un-video-del-nostro-ex-allievo-paolo-letizia-e-in-concorso-votatelo\/"},"author":{"name":"Giacomo Fabbrocino","@id":"https:\/\/www.pigrecoemme.com\/blog\/#\/schema\/person\/57fa822c3d209d3a2612fd0411ae63f4"},"headline":"Enel digital contest. Un video del nostro ex allievo Paolo Letizia \u00e8 in concorso. Votatelo!","datePublished":"2008-01-19T17:57:18+00:00","dateModified":"2015-01-08T23:52:16+00:00","mainEntityOfPage":{"@id":"https:\/\/www.pigrecoemme.com\/blog\/enel-digital-contest-un-video-del-nostro-ex-allievo-paolo-letizia-e-in-concorso-votatelo\/"},"wordCount":169,"commentCount":0,"publisher":{"@id":"https:\/\/www.pigrecoemme.com\/blog\/#organization"},"keywords":["cortometraggi","enel digital contest","napoli","paolo letizia","pigrecoemme","Scuola di cinema"],"articleSection":["Produzioni","Scuola di cinema"],"inLanguage":"it-IT","potentialAction":[{"@type":"CommentAction","name":"Comment","target":["https:\/\/www.pigrecoemme.com\/blog\/enel-digital-contest-un-video-del-nostro-ex-allievo-paolo-letizia-e-in-concorso-votatelo\/#respond"]}]},{"@type":"WebPage","@id":"https:\/\/www.pigrecoemme.com\/blog\/enel-digital-contest-un-video-del-nostro-ex-allievo-paolo-letizia-e-in-concorso-votatelo\/","url":"https:\/\/www.pigrecoemme.com\/blog\/enel-digital-contest-un-video-del-nostro-ex-allievo-paolo-letizia-e-in-concorso-votatelo\/","name":"Enel digital contest. Un video del nostro ex allievo Paolo Letizia \u00e8 in concorso. Votatelo!","isPartOf":{"@id":"https:\/\/www.pigrecoemme.com\/blog\/#website"},"datePublished":"2008-01-19T17:57:18+00:00","dateModified":"2015-01-08T23:52:16+00:00","breadcrumb":{"@id":"https:\/\/www.pigrecoemme.com\/blog\/enel-digital-contest-un-video-del-nostro-ex-allievo-paolo-letizia-e-in-concorso-votatelo\/#breadcrumb"},"inLanguage":"it-IT","potentialAction":[{"@type":"ReadAction","target":["https:\/\/www.pigrecoemme.com\/blog\/enel-digital-contest-un-video-del-nostro-ex-allievo-paolo-letizia-e-in-concorso-votatelo\/"]}]},{"@type":"BreadcrumbList","@id":"https:\/\/www.pigrecoemme.com\/blog\/enel-digital-contest-un-video-del-nostro-ex-allievo-paolo-letizia-e-in-concorso-votatelo\/#breadcrumb","itemListElement":[{"@type":"ListItem","position":1,"name":"Home","item":"https:\/\/www.pigrecoemme.com\/blog\/"},{"@type":"ListItem","position":2,"name":"Enel digital contest. Un video del nostro ex allievo Paolo Letizia \u00e8 in concorso. Votatelo!"}]},{"@type":"WebSite","@id":"https:\/\/www.pigrecoemme.com\/blog\/#website","url":"https:\/\/www.pigrecoemme.com\/blog\/","name":"Scuola di Cinema Pigrecoemme - Blog","description":"Siamo la prima Scuola di Cinema e Fotografia di Napoli","publisher":{"@id":"https:\/\/www.pigrecoemme.com\/blog\/#organization"},"potentialAction":[{"@type":"SearchAction","target":{"@type":"EntryPoint","urlTemplate":"https:\/\/www.pigrecoemme.com\/blog\/?s={search_term_string}"},"query-input":{"@type":"PropertyValueSpecification","valueRequired":true,"valueName":"search_term_string"}}],"inLanguage":"it-IT"},{"@type":"Organization","@id":"https:\/\/www.pigrecoemme.com\/blog\/#organization","name":"Scuola di cinema e fotografia Pigrecoemme","url":"https:\/\/www.pigrecoemme.com\/blog\/","logo":{"@type":"ImageObject","inLanguage":"it-IT","@id":"https:\/\/www.pigrecoemme.com\/blog\/#\/schema\/logo\/image\/","url":"https:\/\/i0.wp.com\/www.pigrecoemme.com\/blog\/wp-content\/uploads\/2018\/06\/logo-pigrecoemme-2018.png?fit=500%2C500&ssl=1","contentUrl":"https:\/\/i0.wp.com\/www.pigrecoemme.com\/blog\/wp-content\/uploads\/2018\/06\/logo-pigrecoemme-2018.png?fit=500%2C500&ssl=1","width":500,"height":500,"caption":"Scuola di cinema e fotografia Pigrecoemme"},"image":{"@id":"https:\/\/www.pigrecoemme.com\/blog\/#\/schema\/logo\/image\/"},"sameAs":["https:\/\/www.facebook.com\/pigrecoemme","https:\/\/x.com\/Pigrecoemme","https:\/\/www.instagram.com\/pigrecoemme\/","https:\/\/www.linkedin.com\/company\/pigrecoemme\/","https:\/\/www.youtube.com\/pigrecoemme"]},{"@type":"Person","@id":"https:\/\/www.pigrecoemme.com\/blog\/#\/schema\/person\/57fa822c3d209d3a2612fd0411ae63f4","name":"Giacomo Fabbrocino","image":{"@type":"ImageObject","inLanguage":"it-IT","@id":"https:\/\/secure.gravatar.com\/avatar\/0e4dfd4d05c06a03fffaffeb36fb181415ba11b91a6b566fa2e8ada75927db32?s=96&r=g","url":"https:\/\/secure.gravatar.com\/avatar\/0e4dfd4d05c06a03fffaffeb36fb181415ba11b91a6b566fa2e8ada75927db32?s=96&r=g","contentUrl":"https:\/\/secure.gravatar.com\/avatar\/0e4dfd4d05c06a03fffaffeb36fb181415ba11b91a6b566fa2e8ada75927db32?s=96&r=g","caption":"Giacomo Fabbrocino"},"description":"Montatore cinematografico, autore di documentari sull'arte e di video d'artista, Giacomo \u00e8 responsabile della didattica e della comunicazione web della Scuola di Cinema, Fotografia e Televisione Pigrecoemme di Napoli.","sameAs":["http:\/\/www.pigrecoemme.com\/","https:\/\/www.facebook.com\/giacomo.fabbrocino"],"url":"https:\/\/www.pigrecoemme.com\/blog\/author\/giacomo-fabbrocino\/"}]}},"jetpack_sharing_enabled":true,"jetpack_likes_enabled":true,"jetpack-related-posts":[{"id":53,"url":"https:\/\/www.pigrecoemme.com\/blog\/ex-allievi-alla-triennale-di-milano\/","url_meta":{"origin":30,"position":0},"title":"Ex allievi alla Triennale di Milano","author":"Giacomo Fabbrocino","date":"23 Maggio 2008","format":false,"excerpt":"I cortometraggi Piccola Asia e Megaris, diretti rispettivamente dai nostri ex allievi Paolo Letizia e Guglielmo D'Aniello e coprodotti dalla Scuola di Cinema Pigrecoemme sono da oggi, venerd\u00ec 23 maggio 2008, in mostra presso la Triennale di Milano nell'ambito di \"Numero Due\", terza edizione di una delle iniziative di inCONTEMPORANEA,\u2026","rel":"","context":"In &quot;Generale&quot;","block_context":{"text":"Generale","link":"https:\/\/www.pigrecoemme.com\/blog\/generale\/"},"img":{"alt_text":"","src":"","width":0,"height":0},"classes":[]},{"id":161,"url":"https:\/\/www.pigrecoemme.com\/blog\/il-nostro-ex-allievo-attilio-palmieri-vince-il-premio-giovane-e-innocente\/","url_meta":{"origin":30,"position":1},"title":"Il nostro ex allievo Attilio Palmieri vince il premio &#8220;Giovane e innocente&#8221;","author":"Giacomo Fabbrocino","date":"26 Luglio 2009","format":false,"excerpt":"Con la recensione di Vincere, sotto linkata, il nostro ex allievo Attilio Palmieri si \u00e8 aggiudicato il primo premio alla sesta edizione del concorso \"Giovane e innocente\", bandito dalla rivista online Effetto Notte, nella categoria recensioni. Dopo Giuseppe Sedia (due volte secondo al Festival Ring! ed al Premio Adelio Ferrero,\u2026","rel":"","context":"In &quot;Scuola di cinema&quot;","block_context":{"text":"Scuola di cinema","link":"https:\/\/www.pigrecoemme.com\/blog\/scuola-di-cinema\/"},"img":{"alt_text":"","src":"https:\/\/i0.wp.com\/www.pigrecoemme.com\/blog\/wp-content\/uploads\/2009\/07\/vincere.jpg?resize=350%2C200","width":350,"height":200},"classes":[]},{"id":56,"url":"https:\/\/www.pigrecoemme.com\/blog\/megaris-e-piccola-asia-mercoledi-al-lanificio-25\/","url_meta":{"origin":30,"position":2},"title":"Megaris e Piccola Asia mercoled\u00ec al Lanificio 25","author":"Giacomo Fabbrocino","date":"3 Giugno 2008","format":false,"excerpt":"Vi avevamo gi\u00e0 parlato di \"Piccola Asia\" e di \"Megaris\", due corti diretti dai due nostri ex allievi Paolo Letizia e Guglielmo D'Aniello. Dopo la triennale di Milano i due lavori saranno presentati anche al pubblico napoletano mercoled\u00ec 4 giugno alle ore 21:00, in occasione del tradizionale contenitore settimanale \"Pagina\u2026","rel":"","context":"In &quot;Eventi&quot;","block_context":{"text":"Eventi","link":"https:\/\/www.pigrecoemme.com\/blog\/eventi\/"},"img":{"alt_text":"","src":"","width":0,"height":0},"classes":[]},{"id":404,"url":"https:\/\/www.pigrecoemme.com\/blog\/pigrecoemme-invade-il-napolifilmfestival\/","url_meta":{"origin":30,"position":3},"title":"Pigrecoemme invade il NapoliFilmFestival","author":"Corrado Morra","date":"21 Settembre 2011","format":false,"excerpt":"Dopo aver praticamente monopolizzato l' Idea Format Tv di San Benedetto del Tronto lo scorso agosto, Pigrecoemme riesce nuovamente ad essere presente al Napoli Film Festival. Ma questa volta con ben quattro lavori nel concorso SchermoNapoli, lavori che ben rappresentano l'eterogeneit\u00e0 del nostro operato. Nella sezione Corti \u00e8 stato selezionato\u2026","rel":"","context":"In &quot;Eventi&quot;","block_context":{"text":"Eventi","link":"https:\/\/www.pigrecoemme.com\/blog\/eventi\/"},"img":{"alt_text":"","src":"https:\/\/i0.wp.com\/www.pigrecoemme.com\/blog\/wp-content\/uploads\/2011\/09\/napolifilmfestival-300x253.jpg?resize=350%2C200","width":350,"height":200},"classes":[]},{"id":260,"url":"https:\/\/www.pigrecoemme.com\/blog\/260\/","url_meta":{"origin":30,"position":4},"title":"Nonna Nonna Core Mio di Letizia Calandra &#8211; un videoclip realizzato dagli allievi di Pigrecoemme 2009\/2010","author":"Corrado Morra","date":"12 Luglio 2010","format":false,"excerpt":"I pi\u00f9 attenti ricorderanno che qualche tempo fa annunciammo le riprese di un videoclip scritto e diretto dagli allievi del nostro corso master, alle prese, nella circostanza, con un'esercitazione intercorso molto formativa, che li ha messi a lavorare ad un'opera \"su commissione\" e per di pi\u00f9, trattandosi di videoclip musicale,\u2026","rel":"","context":"In &quot;Generale&quot;","block_context":{"text":"Generale","link":"https:\/\/www.pigrecoemme.com\/blog\/generale\/"},"img":{"alt_text":"","src":"","width":0,"height":0},"classes":[]},{"id":2229,"url":"https:\/\/www.pigrecoemme.com\/blog\/i-nostri-allievi-al-napoli-film-festival-2018-e-un-docente-in-giuria\/","url_meta":{"origin":30,"position":5},"title":"I nostri allievi al Napoli Film Festival 2018 (e un docente in giuria)","author":"Pigrecoemme","date":"26 Settembre 2018","format":false,"excerpt":"Giunto ormai alla ventesima edizione, il Napoli Film Festival \u00e8 un evento centrale della vita culturale napoletana, oltre ad essere riconosciuto a livello nazionale come evento particolarmente attento alle forme sperimentali del cinema, al cortometraggio, al documentario e alle produzioni indipendenti.Anche quest'anno \u00e8 nutritissima la compagine di ex allievi della\u2026","rel":"","context":"In &quot;Generale&quot;","block_context":{"text":"Generale","link":"https:\/\/www.pigrecoemme.com\/blog\/generale\/"},"img":{"alt_text":"Napoli Film Festival 2018","src":"https:\/\/i0.wp.com\/www.pigrecoemme.com\/blog\/wp-content\/uploads\/2018\/09\/napoli-film-festival-2018.jpg?resize=350%2C200&ssl=1","width":350,"height":200,"srcset":"https:\/\/i0.wp.com\/www.pigrecoemme.com\/blog\/wp-content\/uploads\/2018\/09\/napoli-film-festival-2018.jpg?resize=350%2C200&ssl=1 1x, https:\/\/i0.wp.com\/www.pigrecoemme.com\/blog\/wp-content\/uploads\/2018\/09\/napoli-film-festival-2018.jpg?resize=525%2C300&ssl=1 1.5x, https:\/\/i0.wp.com\/www.pigrecoemme.com\/blog\/wp-content\/uploads\/2018\/09\/napoli-film-festival-2018.jpg?resize=700%2C400&ssl=1 2x"},"classes":[]}],"jetpack_featured_media_url":"","_links":{"self":[{"href":"https:\/\/www.pigrecoemme.com\/blog\/wp-json\/wp\/v2\/posts\/30","targetHints":{"allow":["GET"]}}],"collection":[{"href":"https:\/\/www.pigrecoemme.com\/blog\/wp-json\/wp\/v2\/posts"}],"about":[{"href":"https:\/\/www.pigrecoemme.com\/blog\/wp-json\/wp\/v2\/types\/post"}],"author":[{"embeddable":true,"href":"https:\/\/www.pigrecoemme.com\/blog\/wp-json\/wp\/v2\/users\/1"}],"replies":[{"embeddable":true,"href":"https:\/\/www.pigrecoemme.com\/blog\/wp-json\/wp\/v2\/comments?post=30"}],"version-history":[{"count":0,"href":"https:\/\/www.pigrecoemme.com\/blog\/wp-json\/wp\/v2\/posts\/30\/revisions"}],"wp:attachment":[{"href":"https:\/\/www.pigrecoemme.com\/blog\/wp-json\/wp\/v2\/media?parent=30"}],"wp:term":[{"taxonomy":"category","embeddable":true,"href":"https:\/\/www.pigrecoemme.com\/blog\/wp-json\/wp\/v2\/categories?post=30"},{"taxonomy":"post_tag","embeddable":true,"href":"https:\/\/www.pigrecoemme.com\/blog\/wp-json\/wp\/v2\/tags?post=30"}],"curies":[{"name":"wp","href":"https:\/\/api.w.org\/{rel}","templated":true}]}}