{"id":297,"date":"2010-11-13T11:36:52","date_gmt":"2010-11-13T09:36:52","guid":{"rendered":"http:\/\/www.pigrecoemme.com\/blog\/?p=297"},"modified":"2010-11-13T11:36:52","modified_gmt":"2010-11-13T09:36:52","slug":"rosario-gallone-in-nomination-e-non-e-un-reality","status":"publish","type":"post","link":"https:\/\/www.pigrecoemme.com\/blog\/rosario-gallone-in-nomination-e-non-e-un-reality\/","title":{"rendered":"Rosario Gallone in nomination! E non \u00e8 un reality!"},"content":{"rendered":"<figure id=\"attachment_299\" aria-describedby=\"caption-attachment-299\" style=\"width: 227px\" class=\"wp-caption alignleft\"><a href=\"https:\/\/i0.wp.com\/www.pigrecoemme.com\/blog\/wp-content\/uploads\/2010\/11\/la-palla-a-due-punte1.jpg?ssl=1\"><img data-recalc-dims=\"1\" loading=\"lazy\" decoding=\"async\" class=\"size-full wp-image-299  \" title=\"la-palla-a-due-punte1\" src=\"https:\/\/i0.wp.com\/www.pigrecoemme.com\/blog\/wp-content\/uploads\/2010\/11\/la-palla-a-due-punte1.jpg?resize=227%2C583&#038;ssl=1\" alt=\"\" width=\"227\" height=\"583\" \/><\/a><figcaption id=\"caption-attachment-299\" class=\"wp-caption-text\">copertina del dvd<\/figcaption><\/figure>\n<p style=\"text-align: left;\">Da sempre, ma negli ultimi tempi con maggior frequenza, le soddisfazioni professionali legate al nostro lavoro di\u00a0formatori hanno fatto s\u00ec che noi si proseguisse con convinzione sulla nostra strada. A dimostrazione che non abbiamo mai pensato che il nostro compito si esaurisse alla fine di un corso (pi\u00f9 o meno lungo che fosse), negli ultimi due mesi abbiamo contribuito produttivamente ai lavori di due nostri ex allievi. Uno lo stiamo completando in queste ore (si tratta di un\u00a0docu di Antonio Longo, Una storia invisibile, di cui presto vi diremo), mentre a settembre abbiamo completato la postproduzione di La palla a due punte di Gaetano Massa, di cui gi\u00e0 vi abbiamo parlato su questo blog. Ebbene alla soddisfazione della Scuola Pigrecoemme per i\u00a0riconoscimenti che La palla a due punte sta riscuotendo in giro per i festival, ora se ne aggiunge una personale:<\/p>\n<p style=\"text-align: left;\">\u00a0La palla a due punte ha ottenuto una candidatura per il miglior montaggio, curato da chi scrive, alla 32ma edizione del prestigioso SportFilmFestival di Palermo che si terr\u00e0 dal 15 al 20 novembre prossimi. Grazie a Gaetano ed a tutti i nostri ex allievi che, col loro lavoro, ci incoraggiano a continuare, certi che abbiamo seminato\u00a0bene e che\u00a0ci sia ancora tanto terreno fertile.\u00a0<\/p>\n","protected":false},"excerpt":{"rendered":"<p>Da sempre, ma negli ultimi tempi con maggior frequenza, le soddisfazioni professionali legate al nostro lavoro di\u00a0formatori hanno fatto s\u00ec che noi si proseguisse con convinzione sulla nostra strada. A dimostrazione che non abbiamo&hellip;<\/p>\n","protected":false},"author":3,"featured_media":0,"comment_status":"open","ping_status":"open","sticky":false,"template":"","format":"standard","meta":{"_jetpack_newsletter_access":"","_jetpack_dont_email_post_to_subs":false,"_jetpack_newsletter_tier_id":0,"_jetpack_memberships_contains_paywalled_content":false,"_jetpack_feature_clip_id":0,"_jetpack_memberships_contains_paid_content":false,"footnotes":"","jetpack_post_was_ever_published":false},"categories":[1],"tags":[],"class_list":["post-297","post","type-post","status-publish","format-standard","hentry","category-generale"],"yoast_head":"<!-- This site is optimized with the Yoast SEO plugin v28.3 - https:\/\/yoast.com\/product\/yoast-seo-wordpress\/ -->\n<title>Rosario Gallone in nomination! E non \u00e8 un reality!<\/title>\n<meta name=\"robots\" content=\"index, follow, max-snippet:-1, max-image-preview:large, max-video-preview:-1\" \/>\n<link rel=\"canonical\" href=\"https:\/\/www.pigrecoemme.com\/blog\/rosario-gallone-in-nomination-e-non-e-un-reality\/\" \/>\n<meta property=\"og:locale\" content=\"it_IT\" \/>\n<meta property=\"og:type\" content=\"article\" \/>\n<meta property=\"og:title\" content=\"Rosario Gallone in nomination! E non \u00e8 un reality!\" \/>\n<meta property=\"og:description\" content=\"Scuola di Cinema, Televisione e Fotografia - Napoli\" \/>\n<meta property=\"og:url\" content=\"https:\/\/www.pigrecoemme.com\/blog\/rosario-gallone-in-nomination-e-non-e-un-reality\/\" \/>\n<meta property=\"og:site_name\" content=\"Scuola di Cinema Pigrecoemme - Blog\" \/>\n<meta property=\"article:publisher\" content=\"https:\/\/www.facebook.com\/pigrecoemme\" \/>\n<meta property=\"article:author\" content=\"https:\/\/www.facebook.com\/rosario.gallone\" \/>\n<meta property=\"article:published_time\" content=\"2010-11-13T09:36:52+00:00\" \/>\n<meta property=\"og:image\" content=\"http:\/\/www.pigrecoemme.com\/blog\/wp-content\/uploads\/2010\/11\/la-palla-a-due-punte1.jpg\" \/>\n<meta name=\"author\" content=\"Rosario Gallone\" \/>\n<meta name=\"twitter:card\" content=\"summary_large_image\" \/>\n<meta name=\"twitter:creator\" content=\"@RosarioGallone\" \/>\n<meta name=\"twitter:site\" content=\"@Pigrecoemme\" \/>\n<meta name=\"twitter:label1\" content=\"Scritto da\" \/>\n\t<meta name=\"twitter:data1\" content=\"Rosario Gallone\" \/>\n\t<meta name=\"twitter:label2\" content=\"Tempo di lettura stimato\" \/>\n\t<meta name=\"twitter:data2\" content=\"1 minuto\" \/>\n<script type=\"application\/ld+json\" class=\"yoast-schema-graph\">{\"@context\":\"https:\\\/\\\/schema.org\",\"@graph\":[{\"@type\":[\"Article\",\"BlogPosting\"],\"@id\":\"https:\\\/\\\/www.pigrecoemme.com\\\/blog\\\/rosario-gallone-in-nomination-e-non-e-un-reality\\\/#article\",\"isPartOf\":{\"@id\":\"https:\\\/\\\/www.pigrecoemme.com\\\/blog\\\/rosario-gallone-in-nomination-e-non-e-un-reality\\\/\"},\"author\":{\"name\":\"Rosario Gallone\",\"@id\":\"https:\\\/\\\/www.pigrecoemme.com\\\/blog\\\/#\\\/schema\\\/person\\\/3fdd423e7c221a503812a1e86daec850\"},\"headline\":\"Rosario Gallone in nomination! E non \u00e8 un reality!\",\"datePublished\":\"2010-11-13T09:36:52+00:00\",\"mainEntityOfPage\":{\"@id\":\"https:\\\/\\\/www.pigrecoemme.com\\\/blog\\\/rosario-gallone-in-nomination-e-non-e-un-reality\\\/\"},\"wordCount\":226,\"commentCount\":0,\"publisher\":{\"@id\":\"https:\\\/\\\/www.pigrecoemme.com\\\/blog\\\/#organization\"},\"image\":{\"@id\":\"https:\\\/\\\/www.pigrecoemme.com\\\/blog\\\/rosario-gallone-in-nomination-e-non-e-un-reality\\\/#primaryimage\"},\"thumbnailUrl\":\"http:\\\/\\\/www.pigrecoemme.com\\\/blog\\\/wp-content\\\/uploads\\\/2010\\\/11\\\/la-palla-a-due-punte1.jpg\",\"articleSection\":[\"Generale\"],\"inLanguage\":\"it-IT\",\"potentialAction\":[{\"@type\":\"CommentAction\",\"name\":\"Comment\",\"target\":[\"https:\\\/\\\/www.pigrecoemme.com\\\/blog\\\/rosario-gallone-in-nomination-e-non-e-un-reality\\\/#respond\"]}]},{\"@type\":\"WebPage\",\"@id\":\"https:\\\/\\\/www.pigrecoemme.com\\\/blog\\\/rosario-gallone-in-nomination-e-non-e-un-reality\\\/\",\"url\":\"https:\\\/\\\/www.pigrecoemme.com\\\/blog\\\/rosario-gallone-in-nomination-e-non-e-un-reality\\\/\",\"name\":\"Rosario Gallone in nomination! E non \u00e8 un reality!\",\"isPartOf\":{\"@id\":\"https:\\\/\\\/www.pigrecoemme.com\\\/blog\\\/#website\"},\"primaryImageOfPage\":{\"@id\":\"https:\\\/\\\/www.pigrecoemme.com\\\/blog\\\/rosario-gallone-in-nomination-e-non-e-un-reality\\\/#primaryimage\"},\"image\":{\"@id\":\"https:\\\/\\\/www.pigrecoemme.com\\\/blog\\\/rosario-gallone-in-nomination-e-non-e-un-reality\\\/#primaryimage\"},\"thumbnailUrl\":\"http:\\\/\\\/www.pigrecoemme.com\\\/blog\\\/wp-content\\\/uploads\\\/2010\\\/11\\\/la-palla-a-due-punte1.jpg\",\"datePublished\":\"2010-11-13T09:36:52+00:00\",\"breadcrumb\":{\"@id\":\"https:\\\/\\\/www.pigrecoemme.com\\\/blog\\\/rosario-gallone-in-nomination-e-non-e-un-reality\\\/#breadcrumb\"},\"inLanguage\":\"it-IT\",\"potentialAction\":[{\"@type\":\"ReadAction\",\"target\":[\"https:\\\/\\\/www.pigrecoemme.com\\\/blog\\\/rosario-gallone-in-nomination-e-non-e-un-reality\\\/\"]}]},{\"@type\":\"ImageObject\",\"inLanguage\":\"it-IT\",\"@id\":\"https:\\\/\\\/www.pigrecoemme.com\\\/blog\\\/rosario-gallone-in-nomination-e-non-e-un-reality\\\/#primaryimage\",\"url\":\"http:\\\/\\\/www.pigrecoemme.com\\\/blog\\\/wp-content\\\/uploads\\\/2010\\\/11\\\/la-palla-a-due-punte1.jpg\",\"contentUrl\":\"http:\\\/\\\/www.pigrecoemme.com\\\/blog\\\/wp-content\\\/uploads\\\/2010\\\/11\\\/la-palla-a-due-punte1.jpg\"},{\"@type\":\"BreadcrumbList\",\"@id\":\"https:\\\/\\\/www.pigrecoemme.com\\\/blog\\\/rosario-gallone-in-nomination-e-non-e-un-reality\\\/#breadcrumb\",\"itemListElement\":[{\"@type\":\"ListItem\",\"position\":1,\"name\":\"Home\",\"item\":\"https:\\\/\\\/www.pigrecoemme.com\\\/blog\\\/\"},{\"@type\":\"ListItem\",\"position\":2,\"name\":\"Rosario Gallone in nomination! E non \u00e8 un reality!\"}]},{\"@type\":\"WebSite\",\"@id\":\"https:\\\/\\\/www.pigrecoemme.com\\\/blog\\\/#website\",\"url\":\"https:\\\/\\\/www.pigrecoemme.com\\\/blog\\\/\",\"name\":\"Scuola di Cinema Pigrecoemme - Blog\",\"description\":\"Siamo la prima Scuola di Cinema e Fotografia di Napoli\",\"publisher\":{\"@id\":\"https:\\\/\\\/www.pigrecoemme.com\\\/blog\\\/#organization\"},\"potentialAction\":[{\"@type\":\"SearchAction\",\"target\":{\"@type\":\"EntryPoint\",\"urlTemplate\":\"https:\\\/\\\/www.pigrecoemme.com\\\/blog\\\/?s={search_term_string}\"},\"query-input\":{\"@type\":\"PropertyValueSpecification\",\"valueRequired\":true,\"valueName\":\"search_term_string\"}}],\"inLanguage\":\"it-IT\"},{\"@type\":\"Organization\",\"@id\":\"https:\\\/\\\/www.pigrecoemme.com\\\/blog\\\/#organization\",\"name\":\"Scuola di cinema e fotografia Pigrecoemme\",\"url\":\"https:\\\/\\\/www.pigrecoemme.com\\\/blog\\\/\",\"logo\":{\"@type\":\"ImageObject\",\"inLanguage\":\"it-IT\",\"@id\":\"https:\\\/\\\/www.pigrecoemme.com\\\/blog\\\/#\\\/schema\\\/logo\\\/image\\\/\",\"url\":\"https:\\\/\\\/i0.wp.com\\\/www.pigrecoemme.com\\\/blog\\\/wp-content\\\/uploads\\\/2018\\\/06\\\/logo-pigrecoemme-2018.png?fit=500%2C500&ssl=1\",\"contentUrl\":\"https:\\\/\\\/i0.wp.com\\\/www.pigrecoemme.com\\\/blog\\\/wp-content\\\/uploads\\\/2018\\\/06\\\/logo-pigrecoemme-2018.png?fit=500%2C500&ssl=1\",\"width\":500,\"height\":500,\"caption\":\"Scuola di cinema e fotografia Pigrecoemme\"},\"image\":{\"@id\":\"https:\\\/\\\/www.pigrecoemme.com\\\/blog\\\/#\\\/schema\\\/logo\\\/image\\\/\"},\"sameAs\":[\"https:\\\/\\\/www.facebook.com\\\/pigrecoemme\",\"https:\\\/\\\/x.com\\\/Pigrecoemme\",\"https:\\\/\\\/www.instagram.com\\\/pigrecoemme\\\/\",\"https:\\\/\\\/www.linkedin.com\\\/company\\\/pigrecoemme\\\/\",\"https:\\\/\\\/www.youtube.com\\\/pigrecoemme\"]},{\"@type\":\"Person\",\"@id\":\"https:\\\/\\\/www.pigrecoemme.com\\\/blog\\\/#\\\/schema\\\/person\\\/3fdd423e7c221a503812a1e86daec850\",\"name\":\"Rosario Gallone\",\"image\":{\"@type\":\"ImageObject\",\"inLanguage\":\"it-IT\",\"@id\":\"https:\\\/\\\/secure.gravatar.com\\\/avatar\\\/7172808a86a713dea422a3159a5fe73d8a0718671410a281103d82dea575d3e9?s=96&r=g\",\"url\":\"https:\\\/\\\/secure.gravatar.com\\\/avatar\\\/7172808a86a713dea422a3159a5fe73d8a0718671410a281103d82dea575d3e9?s=96&r=g\",\"contentUrl\":\"https:\\\/\\\/secure.gravatar.com\\\/avatar\\\/7172808a86a713dea422a3159a5fe73d8a0718671410a281103d82dea575d3e9?s=96&r=g\",\"caption\":\"Rosario Gallone\"},\"description\":\"Rosario \u00e8 tra i fondatori della Pigrecoemme, dove si occupa soprattutto del corso di regia e dell'organizzazione dei corsi. E' autore della sceneggiatura di Isa 9000 (mediometraggio con Isa Danieli diretto da Angelo Serio), del montaggio di documentari e della regia di alcuni cortometraggi.\",\"sameAs\":[\"http:\\\/\\\/www.pigrecoemme.com\\\/\",\"https:\\\/\\\/www.facebook.com\\\/rosario.gallone\",\"https:\\\/\\\/x.com\\\/RosarioGallone\"],\"url\":\"https:\\\/\\\/www.pigrecoemme.com\\\/blog\\\/author\\\/rosario-gallone\\\/\"}]}<\/script>\n<!-- \/ Yoast SEO plugin. -->","yoast_head_json":{"title":"Rosario Gallone in nomination! E non \u00e8 un reality!","robots":{"index":"index","follow":"follow","max-snippet":"max-snippet:-1","max-image-preview":"max-image-preview:large","max-video-preview":"max-video-preview:-1"},"canonical":"https:\/\/www.pigrecoemme.com\/blog\/rosario-gallone-in-nomination-e-non-e-un-reality\/","og_locale":"it_IT","og_type":"article","og_title":"Rosario Gallone in nomination! E non \u00e8 un reality!","og_description":"Scuola di Cinema, Televisione e Fotografia - Napoli","og_url":"https:\/\/www.pigrecoemme.com\/blog\/rosario-gallone-in-nomination-e-non-e-un-reality\/","og_site_name":"Scuola di Cinema Pigrecoemme - Blog","article_publisher":"https:\/\/www.facebook.com\/pigrecoemme","article_author":"https:\/\/www.facebook.com\/rosario.gallone","article_published_time":"2010-11-13T09:36:52+00:00","og_image":[{"url":"http:\/\/www.pigrecoemme.com\/blog\/wp-content\/uploads\/2010\/11\/la-palla-a-due-punte1.jpg","type":"","width":"","height":""}],"author":"Rosario Gallone","twitter_card":"summary_large_image","twitter_creator":"@RosarioGallone","twitter_site":"@Pigrecoemme","twitter_misc":{"Scritto da":"Rosario Gallone","Tempo di lettura stimato":"1 minuto"},"schema":{"@context":"https:\/\/schema.org","@graph":[{"@type":["Article","BlogPosting"],"@id":"https:\/\/www.pigrecoemme.com\/blog\/rosario-gallone-in-nomination-e-non-e-un-reality\/#article","isPartOf":{"@id":"https:\/\/www.pigrecoemme.com\/blog\/rosario-gallone-in-nomination-e-non-e-un-reality\/"},"author":{"name":"Rosario Gallone","@id":"https:\/\/www.pigrecoemme.com\/blog\/#\/schema\/person\/3fdd423e7c221a503812a1e86daec850"},"headline":"Rosario Gallone in nomination! E non \u00e8 un reality!","datePublished":"2010-11-13T09:36:52+00:00","mainEntityOfPage":{"@id":"https:\/\/www.pigrecoemme.com\/blog\/rosario-gallone-in-nomination-e-non-e-un-reality\/"},"wordCount":226,"commentCount":0,"publisher":{"@id":"https:\/\/www.pigrecoemme.com\/blog\/#organization"},"image":{"@id":"https:\/\/www.pigrecoemme.com\/blog\/rosario-gallone-in-nomination-e-non-e-un-reality\/#primaryimage"},"thumbnailUrl":"http:\/\/www.pigrecoemme.com\/blog\/wp-content\/uploads\/2010\/11\/la-palla-a-due-punte1.jpg","articleSection":["Generale"],"inLanguage":"it-IT","potentialAction":[{"@type":"CommentAction","name":"Comment","target":["https:\/\/www.pigrecoemme.com\/blog\/rosario-gallone-in-nomination-e-non-e-un-reality\/#respond"]}]},{"@type":"WebPage","@id":"https:\/\/www.pigrecoemme.com\/blog\/rosario-gallone-in-nomination-e-non-e-un-reality\/","url":"https:\/\/www.pigrecoemme.com\/blog\/rosario-gallone-in-nomination-e-non-e-un-reality\/","name":"Rosario Gallone in nomination! E non \u00e8 un reality!","isPartOf":{"@id":"https:\/\/www.pigrecoemme.com\/blog\/#website"},"primaryImageOfPage":{"@id":"https:\/\/www.pigrecoemme.com\/blog\/rosario-gallone-in-nomination-e-non-e-un-reality\/#primaryimage"},"image":{"@id":"https:\/\/www.pigrecoemme.com\/blog\/rosario-gallone-in-nomination-e-non-e-un-reality\/#primaryimage"},"thumbnailUrl":"http:\/\/www.pigrecoemme.com\/blog\/wp-content\/uploads\/2010\/11\/la-palla-a-due-punte1.jpg","datePublished":"2010-11-13T09:36:52+00:00","breadcrumb":{"@id":"https:\/\/www.pigrecoemme.com\/blog\/rosario-gallone-in-nomination-e-non-e-un-reality\/#breadcrumb"},"inLanguage":"it-IT","potentialAction":[{"@type":"ReadAction","target":["https:\/\/www.pigrecoemme.com\/blog\/rosario-gallone-in-nomination-e-non-e-un-reality\/"]}]},{"@type":"ImageObject","inLanguage":"it-IT","@id":"https:\/\/www.pigrecoemme.com\/blog\/rosario-gallone-in-nomination-e-non-e-un-reality\/#primaryimage","url":"http:\/\/www.pigrecoemme.com\/blog\/wp-content\/uploads\/2010\/11\/la-palla-a-due-punte1.jpg","contentUrl":"http:\/\/www.pigrecoemme.com\/blog\/wp-content\/uploads\/2010\/11\/la-palla-a-due-punte1.jpg"},{"@type":"BreadcrumbList","@id":"https:\/\/www.pigrecoemme.com\/blog\/rosario-gallone-in-nomination-e-non-e-un-reality\/#breadcrumb","itemListElement":[{"@type":"ListItem","position":1,"name":"Home","item":"https:\/\/www.pigrecoemme.com\/blog\/"},{"@type":"ListItem","position":2,"name":"Rosario Gallone in nomination! E non \u00e8 un reality!"}]},{"@type":"WebSite","@id":"https:\/\/www.pigrecoemme.com\/blog\/#website","url":"https:\/\/www.pigrecoemme.com\/blog\/","name":"Scuola di Cinema Pigrecoemme - Blog","description":"Siamo la prima Scuola di Cinema e Fotografia di Napoli","publisher":{"@id":"https:\/\/www.pigrecoemme.com\/blog\/#organization"},"potentialAction":[{"@type":"SearchAction","target":{"@type":"EntryPoint","urlTemplate":"https:\/\/www.pigrecoemme.com\/blog\/?s={search_term_string}"},"query-input":{"@type":"PropertyValueSpecification","valueRequired":true,"valueName":"search_term_string"}}],"inLanguage":"it-IT"},{"@type":"Organization","@id":"https:\/\/www.pigrecoemme.com\/blog\/#organization","name":"Scuola di cinema e fotografia Pigrecoemme","url":"https:\/\/www.pigrecoemme.com\/blog\/","logo":{"@type":"ImageObject","inLanguage":"it-IT","@id":"https:\/\/www.pigrecoemme.com\/blog\/#\/schema\/logo\/image\/","url":"https:\/\/i0.wp.com\/www.pigrecoemme.com\/blog\/wp-content\/uploads\/2018\/06\/logo-pigrecoemme-2018.png?fit=500%2C500&ssl=1","contentUrl":"https:\/\/i0.wp.com\/www.pigrecoemme.com\/blog\/wp-content\/uploads\/2018\/06\/logo-pigrecoemme-2018.png?fit=500%2C500&ssl=1","width":500,"height":500,"caption":"Scuola di cinema e fotografia Pigrecoemme"},"image":{"@id":"https:\/\/www.pigrecoemme.com\/blog\/#\/schema\/logo\/image\/"},"sameAs":["https:\/\/www.facebook.com\/pigrecoemme","https:\/\/x.com\/Pigrecoemme","https:\/\/www.instagram.com\/pigrecoemme\/","https:\/\/www.linkedin.com\/company\/pigrecoemme\/","https:\/\/www.youtube.com\/pigrecoemme"]},{"@type":"Person","@id":"https:\/\/www.pigrecoemme.com\/blog\/#\/schema\/person\/3fdd423e7c221a503812a1e86daec850","name":"Rosario Gallone","image":{"@type":"ImageObject","inLanguage":"it-IT","@id":"https:\/\/secure.gravatar.com\/avatar\/7172808a86a713dea422a3159a5fe73d8a0718671410a281103d82dea575d3e9?s=96&r=g","url":"https:\/\/secure.gravatar.com\/avatar\/7172808a86a713dea422a3159a5fe73d8a0718671410a281103d82dea575d3e9?s=96&r=g","contentUrl":"https:\/\/secure.gravatar.com\/avatar\/7172808a86a713dea422a3159a5fe73d8a0718671410a281103d82dea575d3e9?s=96&r=g","caption":"Rosario Gallone"},"description":"Rosario \u00e8 tra i fondatori della Pigrecoemme, dove si occupa soprattutto del corso di regia e dell'organizzazione dei corsi. E' autore della sceneggiatura di Isa 9000 (mediometraggio con Isa Danieli diretto da Angelo Serio), del montaggio di documentari e della regia di alcuni cortometraggi.","sameAs":["http:\/\/www.pigrecoemme.com\/","https:\/\/www.facebook.com\/rosario.gallone","https:\/\/x.com\/RosarioGallone"],"url":"https:\/\/www.pigrecoemme.com\/blog\/author\/rosario-gallone\/"}]}},"jetpack_sharing_enabled":true,"jetpack_likes_enabled":true,"jetpack-related-posts":[{"id":13,"url":"https:\/\/www.pigrecoemme.com\/blog\/corso-sulla-televisione-con-gianni-simioli\/","url_meta":{"origin":297,"position":0},"title":"Corso sulla televisione con Gianni Simioli","author":"Giacomo Fabbrocino","date":"11 Ottobre 2007","format":false,"excerpt":"Da oggi vi capiter\u00e0 di vedere in giro (per chi \u00e8 di Napoli) le locandine del nostro nuovissimo corso-talk show sulla televisione condotto da Gianni Simioli, che partir\u00e0 luned\u00ec 5 novembre e si terr\u00e0 una volta a settimana (il luned\u00ec appunto) dalle 14,00 alle 16,00. Perch\u00e9 un corso sulla televisione,\u2026","rel":"","context":"In &quot;Scuola di cinema&quot;","block_context":{"text":"Scuola di cinema","link":"https:\/\/www.pigrecoemme.com\/blog\/scuola-di-cinema\/"},"img":{"alt_text":"corso televisione: manifesto","src":"https:\/\/i0.wp.com\/www.pigrecoemme.com\/corsi\/corso-televisione-gianni-simioli-1.jpg?resize=350%2C200","width":350,"height":200},"classes":[]},{"id":3601,"url":"https:\/\/www.pigrecoemme.com\/blog\/abbiamo-completamente-rinnovato-il-corso-di-fotografia\/","url_meta":{"origin":297,"position":1},"title":"Abbiamo completamente rinnovato il corso di fotografia","author":"Pigrecoemme","date":"11 Luglio 2024","format":false,"excerpt":"Ora il nostro corso di fotografia \u00e8 un vero e proprio corso semestrale di fotografia professionale. Per il 2024\/2025 abbiamo preparato un nuovo corso di fotografia: non proporremo pi\u00f9 due cicli brevi, ma un unico corso semestrale, pi\u00f9 approfondito, con nuovi docenti (vincitori di numerosi premi, tra cui un World\u2026","rel":"","context":"In &quot;Fotografia&quot;","block_context":{"text":"Fotografia","link":"https:\/\/www.pigrecoemme.com\/blog\/fotografia\/"},"img":{"alt_text":"","src":"https:\/\/i0.wp.com\/www.pigrecoemme.com\/blog\/wp-content\/uploads\/2024\/07\/salvatore-esposito-new-scaled.jpg?resize=350%2C200","width":350,"height":200,"srcset":"https:\/\/i0.wp.com\/www.pigrecoemme.com\/blog\/wp-content\/uploads\/2024\/07\/salvatore-esposito-new-scaled.jpg?resize=350%2C200 1x, https:\/\/i0.wp.com\/www.pigrecoemme.com\/blog\/wp-content\/uploads\/2024\/07\/salvatore-esposito-new-scaled.jpg?resize=525%2C300 1.5x, https:\/\/i0.wp.com\/www.pigrecoemme.com\/blog\/wp-content\/uploads\/2024\/07\/salvatore-esposito-new-scaled.jpg?resize=700%2C400 2x, https:\/\/i0.wp.com\/www.pigrecoemme.com\/blog\/wp-content\/uploads\/2024\/07\/salvatore-esposito-new-scaled.jpg?resize=1050%2C600 3x, https:\/\/i0.wp.com\/www.pigrecoemme.com\/blog\/wp-content\/uploads\/2024\/07\/salvatore-esposito-new-scaled.jpg?resize=1400%2C800 4x"},"classes":[]},{"id":3135,"url":"https:\/\/www.pigrecoemme.com\/blog\/parte-il-nostro-podcast-la-pandemia-ha-cambiato-il-cinema\/","url_meta":{"origin":297,"position":2},"title":"Parte il nostro podcast: La pandemia ha cambiato il cinema?","author":"Pigrecoemme","date":"12 Febbraio 2022","format":false,"excerpt":"In un'epoca in cui \u00e8 tutto un s\u00ec e no, un pro e un contro, la critica deve prendere una decisione.E Decisione critica \u00e8 il nome del podcast di Pigrecoemme. Ci abbiamo messo un po', ma sapete com'\u00e8, no?Anyway, in questa prima puntata Rosario Gallone mette insieme 11 settembre 2001\u2026","rel":"","context":"In &quot;Analisi e Critica&quot;","block_context":{"text":"Analisi e Critica","link":"https:\/\/www.pigrecoemme.com\/blog\/analisi-e-critica-2\/"},"img":{"alt_text":"cinema e pandemia","src":"https:\/\/i0.wp.com\/www.pigrecoemme.com\/blog\/wp-content\/uploads\/2022\/02\/cinema-e-pandemia.jpg?resize=350%2C200&ssl=1","width":350,"height":200,"srcset":"https:\/\/i0.wp.com\/www.pigrecoemme.com\/blog\/wp-content\/uploads\/2022\/02\/cinema-e-pandemia.jpg?resize=350%2C200&ssl=1 1x, https:\/\/i0.wp.com\/www.pigrecoemme.com\/blog\/wp-content\/uploads\/2022\/02\/cinema-e-pandemia.jpg?resize=525%2C300&ssl=1 1.5x, https:\/\/i0.wp.com\/www.pigrecoemme.com\/blog\/wp-content\/uploads\/2022\/02\/cinema-e-pandemia.jpg?resize=700%2C400&ssl=1 2x, https:\/\/i0.wp.com\/www.pigrecoemme.com\/blog\/wp-content\/uploads\/2022\/02\/cinema-e-pandemia.jpg?resize=1050%2C600&ssl=1 3x, https:\/\/i0.wp.com\/www.pigrecoemme.com\/blog\/wp-content\/uploads\/2022\/02\/cinema-e-pandemia.jpg?resize=1400%2C800&ssl=1 4x"},"classes":[]},{"id":267,"url":"https:\/\/www.pigrecoemme.com\/blog\/il-corso-di-fotografia-scoppia\/","url_meta":{"origin":297,"position":3},"title":"Il corso di fotografia scoppia!","author":"Giacomo Fabbrocino","date":"23 Settembre 2010","format":false,"excerpt":"Anche quest'anno il corso di fotografia di ottobre non riesce ad accogliere tutti gli interessati. Per questo motivo abbiamo deciso di attivare una classe mattutina, le cui lezioni (per ora solo per i moduli A e B) si svolgeranno negli stessi giorni del calendario pubblicato, ma dalle ore 11.00 alle\u2026","rel":"","context":"In &quot;Fotografia&quot;","block_context":{"text":"Fotografia","link":"https:\/\/www.pigrecoemme.com\/blog\/fotografia\/"},"img":{"alt_text":"","src":"https:\/\/i0.wp.com\/www.pigrecoemme.com\/blog\/wp-content\/uploads\/2010\/09\/corso-di-fotografia-esplode.jpg?resize=350%2C200&ssl=1","width":350,"height":200},"classes":[]},{"id":858,"url":"https:\/\/www.pigrecoemme.com\/blog\/10-mediocri-film-degli-anni-%e2%80%9980-che-ci-sembrano-cult-perche-avevamo-l%e2%80%99acne\/","url_meta":{"origin":297,"position":4},"title":"10 mediocri film degli anni \u201980 che ci sembrano cult perch\u00e9 avevamo l\u2019acne","author":"Rosario Gallone","date":"17 Ottobre 2014","format":false,"excerpt":"Ci sono film che noi quarantenni abbiamo visto da ragazzi, negli anni \u201980, e di cui serbiamo un ricordo bellissimo. Forse perch\u00e9 li abbiamo visti in piena tempesta ormonale, perch\u00e9 gli anni \u201980 saranno pure stati un black hole estetico, ma le sale erano ancora piene ed il mercoled\u00ec si\u2026","rel":"","context":"In &quot;Analisi e Critica&quot;","block_context":{"text":"Analisi e Critica","link":"https:\/\/www.pigrecoemme.com\/blog\/analisi-e-critica-2\/"},"img":{"alt_text":"","src":"https:\/\/i0.wp.com\/www.pigrecoemme.com\/blog\/wp-content\/uploads\/2014\/10\/film-80.png?resize=350%2C200","width":350,"height":200,"srcset":"https:\/\/i0.wp.com\/www.pigrecoemme.com\/blog\/wp-content\/uploads\/2014\/10\/film-80.png?resize=350%2C200 1x, https:\/\/i0.wp.com\/www.pigrecoemme.com\/blog\/wp-content\/uploads\/2014\/10\/film-80.png?resize=525%2C300 1.5x, https:\/\/i0.wp.com\/www.pigrecoemme.com\/blog\/wp-content\/uploads\/2014\/10\/film-80.png?resize=700%2C400 2x"},"classes":[]},{"id":316,"url":"https:\/\/www.pigrecoemme.com\/blog\/la-mostra-fantastico-napoletano-al-grenoble-fino-al-22-dicembre\/","url_meta":{"origin":297,"position":5},"title":"La mostra Fantastico napoletano, al Grenoble fino al 22 dicembre","author":"Corrado Morra","date":"15 Dicembre 2010","format":false,"excerpt":"Chiusa la rassegna sul cinema fantastico, vi ricordo che, al Grenoble - l'Istituto di studi francesi di Via Crispi 86 a Napoli -\u00a0 la mostra fotografica \"Fantastico napoletano\" pu\u00f2 essere visitata fino al prossimo 22 dicembre (dal luned\u00ec al venerd\u00ec, 9-13,30 e 15-18,30). Sar\u00e0 pure poco elegante dirselo da soli,\u2026","rel":"","context":"In &quot;Eventi&quot;","block_context":{"text":"Eventi","link":"https:\/\/www.pigrecoemme.com\/blog\/eventi\/"},"img":{"alt_text":"","src":"","width":0,"height":0},"classes":[]}],"jetpack_featured_media_url":"","_links":{"self":[{"href":"https:\/\/www.pigrecoemme.com\/blog\/wp-json\/wp\/v2\/posts\/297","targetHints":{"allow":["GET"]}}],"collection":[{"href":"https:\/\/www.pigrecoemme.com\/blog\/wp-json\/wp\/v2\/posts"}],"about":[{"href":"https:\/\/www.pigrecoemme.com\/blog\/wp-json\/wp\/v2\/types\/post"}],"author":[{"embeddable":true,"href":"https:\/\/www.pigrecoemme.com\/blog\/wp-json\/wp\/v2\/users\/3"}],"replies":[{"embeddable":true,"href":"https:\/\/www.pigrecoemme.com\/blog\/wp-json\/wp\/v2\/comments?post=297"}],"version-history":[{"count":0,"href":"https:\/\/www.pigrecoemme.com\/blog\/wp-json\/wp\/v2\/posts\/297\/revisions"}],"wp:attachment":[{"href":"https:\/\/www.pigrecoemme.com\/blog\/wp-json\/wp\/v2\/media?parent=297"}],"wp:term":[{"taxonomy":"category","embeddable":true,"href":"https:\/\/www.pigrecoemme.com\/blog\/wp-json\/wp\/v2\/categories?post=297"},{"taxonomy":"post_tag","embeddable":true,"href":"https:\/\/www.pigrecoemme.com\/blog\/wp-json\/wp\/v2\/tags?post=297"}],"curies":[{"name":"wp","href":"https:\/\/api.w.org\/{rel}","templated":true}]}}