{"id":2967,"date":"2020-12-24T02:58:08","date_gmt":"2020-12-24T01:58:08","guid":{"rendered":"https:\/\/www.pigrecoemme.com\/blog\/?p=2967"},"modified":"2021-06-16T17:28:10","modified_gmt":"2021-06-16T15:28:10","slug":"guarda-tutti-gli-appuntamenti-di-situazione-critica-2020","status":"publish","type":"post","link":"https:\/\/www.pigrecoemme.com\/blog\/guarda-tutti-gli-appuntamenti-di-situazione-critica-2020\/","title":{"rendered":"Guarda tutti gli appuntamenti di &#8220;Situazione Critica&#8221; 2020!"},"content":{"rendered":"\n<figure class=\"wp-block-image size-full\"><img data-recalc-dims=\"1\" loading=\"lazy\" decoding=\"async\" width=\"860\" height=\"484\" src=\"https:\/\/i0.wp.com\/www.pigrecoemme.com\/blog\/wp-content\/uploads\/2020\/12\/situazione-critica-2020.jpg?resize=860%2C484&#038;ssl=1\" alt=\"situazione critica 2020\" class=\"wp-image-2974\" srcset=\"https:\/\/i0.wp.com\/www.pigrecoemme.com\/blog\/wp-content\/uploads\/2020\/12\/situazione-critica-2020.jpg?w=1280&amp;ssl=1 1280w, https:\/\/i0.wp.com\/www.pigrecoemme.com\/blog\/wp-content\/uploads\/2020\/12\/situazione-critica-2020.jpg?resize=300%2C169&amp;ssl=1 300w, https:\/\/i0.wp.com\/www.pigrecoemme.com\/blog\/wp-content\/uploads\/2020\/12\/situazione-critica-2020.jpg?resize=1024%2C576&amp;ssl=1 1024w, https:\/\/i0.wp.com\/www.pigrecoemme.com\/blog\/wp-content\/uploads\/2020\/12\/situazione-critica-2020.jpg?resize=768%2C432&amp;ssl=1 768w\" sizes=\"auto, (max-width: 860px) 100vw, 860px\" \/><\/figure>\n\n\n<p>Durante il 2020 si \u00e8 tenuta la terza edizione di \u201c<a href=\"https:\/\/www.pigrecoemme.com\/blog\/tag\/situazione-critica\/\">Situazione Critica<\/a>\u201d, la rassegna di incontri dedicata alla critica cinematografica diretta dal nostro Rosario Gallone. Quest\u2019anno, a causa dell\u2019emergenza Covid-19, gli appuntamenti si sono svolti online e, sebbene ci sia mancato il contatto diretto col pubblico, che dal 2018 \u00e8 sempre stato sorprendentemente&nbsp; partecipe e attento, possiamo essere soddisfatti sia dei contenuti, sia dell\u2019attenzione che i temi e gli ospiti hanno saputo suscitare.&nbsp;<br \/>L\u2019iniziativa,&nbsp;<strong>realizzata grazie al sostegno della Regione Campania<\/strong>, ha raggiunto anche persone non residenti in Campania e si \u00e8 pregiata della partecipazione di cinque autorevoli relatori che hanno affrontato argomenti molto diversi tra loro e che hanno quindi dato vita a un percorso ricco di contenuti, di indiscutibile valore culturale e \u201cdidattico\u201d.<\/p>\n<p><strong>Ecco di seguito tutte le registrazioni delle \u201cdirette\u201d.&nbsp;<\/strong><\/p>\n<p><!--more--><\/p>\n<h2 id=\"block-74bfc89c-0b8a-4b19-b7f6-10d975bf1394\" class=\"block-editor-block-list__block wp-block is-selected rich-text block-editor-rich-text__editable is-hovered wp-block\" tabindex=\"0\" role=\"textbox\" contenteditable=\"true\" aria-label=\"Scrivi titolo\u2026\" aria-multiline=\"true\" data-block=\"74bfc89c-0b8a-4b19-b7f6-10d975bf1394\" data-type=\"core\/heading\" data-title=\"Titolo\">SITUAZIONE CRITICA #13: L\u2019IMMAGINARIO ACCADEMICO IN LETTERATURA E CINEMA<\/h2>\n\n\n<p class=\"wp-block-paragraph\">Il tredicesimo appuntamento di&nbsp;<a href=\"https:\/\/www.pigrecoemme.com\/blog\/tag\/situazione-critica\/\">Situazione Critica<\/a>&nbsp;si \u00e8 tenuta sulla piattaforma Zoom e in streaming su Facebook,&nbsp;<strong>sabato 10 ottobre 2020 a partire dalle 16:30<\/strong>.<\/p>\n\n\n\n<p class=\"wp-block-paragraph\">Partendo dal volume&nbsp;<a rel=\"noreferrer noopener\" href=\"https:\/\/www.ibs.it\/across-the-university-linguaggi-narrazioni-libro-vari\/e\/9788893917445\" target=\"_blank\"><em>ACROSS THE UNIVERSity<\/em><\/a>, pubblicato per i tipi della Editoriale Scientifica, l\u2019incontro si \u00e8 concentrato sul&nbsp;<em>campus novel<\/em>&nbsp;e il cinema di ambientazione universitaria.<\/p>\n\n\n\n<p class=\"wp-block-paragraph\">Ne ha parlato, con\u00a0<a href=\"https:\/\/www.pigrecoemme.com\/docenti\/rosario-gallone.php\"><strong>Rosario Gallone<\/strong><\/a>\u00a0(autore anche di un saggio contenuto nel volume), uno dei curatori:\u00a0<strong><a href=\"http:\/\/docenti.unior.it\/index2.php?user_id=mottaiano&amp;content_id_start=1\">Marco Ottaiano<\/a><\/strong>.<\/p>\n\n\n\n<figure class=\"wp-block-embed is-type-video is-provider-youtube wp-block-embed-youtube wp-embed-aspect-16-9 wp-has-aspect-ratio\"><div class=\"wp-block-embed__wrapper\">\n<iframe loading=\"lazy\" title=\"Situazione Critica #13: L&amp;apos;immaginario accademico nella letteratura e nel cinema.\" width=\"860\" height=\"484\" src=\"https:\/\/www.youtube.com\/embed\/9jJvsgkP2dk?feature=oembed\" frameborder=\"0\" allow=\"accelerometer; autoplay; clipboard-write; encrypted-media; gyroscope; picture-in-picture; web-share\" referrerpolicy=\"strict-origin-when-cross-origin\" allowfullscreen><\/iframe>\n<\/div><\/figure>\n\n\n\n<hr class=\"wp-block-separator has-text-color has-background is-style-wide\" style=\"background-color:#ff9900;color:#ff9900\"\/>\n\n\n\n<h2 class=\"wp-block-heading\" id=\"situazione-critica-14-cinemapost\">SITUAZIONE CRITICA #14: CINEMA\/POST<\/h2>\n\n\n\n<p class=\"wp-block-paragraph\">Il quattordicesimo appuntamento di&nbsp;<a href=\"https:\/\/www.pigrecoemme.com\/blog\/tag\/situazione-critica\/\">Situazione Critica<\/a>&nbsp; si si \u00e8 tenuto online,&nbsp;<strong>sabato 24 ottobre 2020 a partire dalle 16:30<\/strong>.<\/p>\n\n\n\n<p class=\"wp-block-paragraph\">L\u2019ospite&nbsp;<a href=\"https:\/\/www.consultacinema.org\/user\/diegodelpozzo71\/\" target=\"_blank\" rel=\"noreferrer noopener\"><strong>Diego Del Pozzo<\/strong>&nbsp;<\/a>ha discusso con Rosario Gallone delle mutazioni del panorama audiovisivo al tempo del digitale, dei videogames e delle nuove narrazioni transmediali.<\/p>\n\n\n\n<figure class=\"wp-block-embed is-type-video is-provider-youtube wp-block-embed-youtube wp-embed-aspect-16-9 wp-has-aspect-ratio\"><div class=\"wp-block-embed__wrapper\">\n<iframe loading=\"lazy\" title=\"Situazione Critica #14: Cinema\/Post\" width=\"860\" height=\"484\" src=\"https:\/\/www.youtube.com\/embed\/E_ycEKmSLg0?feature=oembed\" frameborder=\"0\" allow=\"accelerometer; autoplay; clipboard-write; encrypted-media; gyroscope; picture-in-picture; web-share\" referrerpolicy=\"strict-origin-when-cross-origin\" allowfullscreen><\/iframe>\n<\/div><\/figure>\n\n\n\n<hr class=\"wp-block-separator has-text-color has-background is-style-wide\" style=\"background-color:#ff9900;color:#ff9900\"\/>\n\n\n\n<h2 class=\"wp-block-heading\" id=\"situazione-critica-15-pedro-armocida-parla-di-giuliano-montaldo\">SITUAZIONE CRITICA #15: PEDRO ARMOCIDA PARLA DI GIULIANO MONTALDO<\/h2>\n\n\n\n<p class=\"wp-block-paragraph\">Il quindicesimo appuntamento di&nbsp;<a href=\"https:\/\/www.pigrecoemme.com\/blog\/tag\/situazione-critica\/\">Situazione Critica<\/a>&nbsp;si \u00e8 tenuto, come tutti quelli del 2020, online, sulla piattaforma Zoom e in streaming su Facebook,&nbsp;<strong>sabato 7 novembre 2020<\/strong>&nbsp;a partire dalle 16:30.<\/p>\n\n\n\n<p class=\"wp-block-paragraph\">L\u2019ospite\u00a0<strong><a href=\"https:\/\/www.lettere.uniroma1.it\/users\/pedro-armocida\" target=\"_blank\" rel=\"noreferrer noopener\">Pedro Armocida<\/a><\/strong>\u00a0ha parlato con\u00a0<strong>Rosario Gallone<\/strong>\u00a0di un regista italiano che ha saputo agevolmente attraversare i diversi linguaggi (dal cinema alla televisione) mantenendo intatto lo stesso sguardo e riuscendo a perseguire l\u2019impegno civile senza dimenticare lo spettacolo:\u00a0<strong>Giuliano Montaldo<\/strong><\/p>\n\n\n\n<figure class=\"wp-block-embed is-type-video is-provider-youtube wp-block-embed-youtube wp-embed-aspect-16-9 wp-has-aspect-ratio\"><div class=\"wp-block-embed__wrapper\">\n<iframe loading=\"lazy\" title=\"Situazione Critica #15 : Pedro Armocida parla di Giuliano Montaldo\" width=\"860\" height=\"484\" src=\"https:\/\/www.youtube.com\/embed\/1AvMN-skZwY?feature=oembed\" frameborder=\"0\" allow=\"accelerometer; autoplay; clipboard-write; encrypted-media; gyroscope; picture-in-picture; web-share\" referrerpolicy=\"strict-origin-when-cross-origin\" allowfullscreen><\/iframe>\n<\/div><\/figure>\n\n\n\n<hr class=\"wp-block-separator has-text-color has-background is-style-wide\" style=\"background-color:#ff9900;color:#ff9900\"\/>\n\n\n\n<h2 class=\"wp-block-heading\" id=\"situazione-critica-16-anna-masecchia-su-agnes-varda\">SITUAZIONE CRITICA #16: ANNA MASECCHIA SU AGN\u00c8S VARDA<\/h2>\n\n\n\n<p class=\"wp-block-paragraph\">Il sedicesimo appuntamento di&nbsp;<a href=\"https:\/\/www.pigrecoemme.com\/blog\/tag\/situazione-critica\/\">Situazione Critica<\/a>&nbsp;si \u00e8 svolta online&nbsp;<strong>sabato 21 novembre 2020 a partire dalle 16:30<\/strong>.<\/p>\n\n\n\n<p class=\"wp-block-paragraph\">L\u2019ospite\u00a0<strong><a href=\"https:\/\/www.docenti.unina.it\/#!\/professor\/414e4e414d41534543434849414d53434e4e4137345434374638333957\/riferimenti\" target=\"_blank\" rel=\"noreferrer noopener\">Anna Masecchia<\/a><\/strong>\u00a0ha discusso con Rosario Gallone di una regista francese che ha saputo anticipare la rivoluzione della\u00a0<em>Nouvelle vague<\/em>:\u00a0<strong>Agn\u00e8s Varda<\/strong>. L\u2019incontro ha anche permesso di presentare il cofanetto\u00a0<em><a href=\"https:\/\/www.amazon.it\/scoperta-Agn%C3%A8s-Varda-film-brossura\/dp\/8899196796\" target=\"_blank\" rel=\"noreferrer noopener\">Alla scoperta di Agn\u00e8s Varda in 5 film<\/a><\/em>\u00a0nel quale, oltre ai due dvd, \u00e8 presente un volume in brossura per il quale\u00a0<strong>Anna Masecchia<\/strong>\u00a0ha scritto il saggio introduttivo.<\/p>\n\n\n\n<figure class=\"wp-block-embed is-type-video is-provider-youtube wp-block-embed-youtube wp-embed-aspect-16-9 wp-has-aspect-ratio\"><div class=\"wp-block-embed__wrapper\">\nhttps:\/\/youtu.be\/WfBsxsVfNf4\n<\/div><\/figure>\n\n\n\n<hr class=\"wp-block-separator has-text-color has-background is-style-wide\" style=\"background-color:#ff9900;color:#ff9900\"\/>\n\n\n\n<h2 class=\"wp-block-heading\" id=\"situazione-critica-17-ilaria-feole-su-wes-anderson\">SITUAZIONE CRITICA #17: ILARIA FEOLE SU WES ANDERSON<\/h2>\n\n\n\n<p class=\"wp-block-paragraph\">l diciassettesimo appuntamento di&nbsp;<strong><a href=\"https:\/\/www.pigrecoemme.com\/blog\/tag\/situazione-critica\/\">Situazione Critica<\/a><\/strong>&nbsp;si \u00e8 tenuta on line, sulla piattaforma Zoom e in streaming su Facebook,&nbsp;<strong>sabato 5 dicembre 2020<\/strong>&nbsp;a partire dalle 16:30.<\/p>\n\n\n\n<p class=\"wp-block-paragraph\">L\u2019ospite\u00a0<strong><a href=\"https:\/\/filmtv.press\/autore\/ilaria-feole\">Ilaria Feole<\/a><\/strong>\u00a0ha parlato con\u00a0<strong>Rosario Gallone<\/strong>\u00a0di uno dei due Anderson che ha fortemente influenzato l\u2019immaginario contemporaneo: Wes. L\u2019occasione \u00e8 stata data dal fatto che Ilaria Feole \u00e8 autrice della prima monografia italiana dedicata al regista di\u00a0<em>I Tenenbaum<\/em>, edita da Bietti per la collana Heterotopia, dal titolo\u00a0<em><a href=\"https:\/\/www.amazon.it\/Anderson-Genitori-figli-altri-animali\/dp\/8882483231\"><strong>Wes Anderson \u2013 Genitori, figli e altri animali<\/strong><\/a><\/em>.<\/p>\n\n\n\n<figure class=\"wp-block-embed is-type-video is-provider-youtube wp-block-embed-youtube wp-embed-aspect-16-9 wp-has-aspect-ratio\"><div class=\"wp-block-embed__wrapper\">\nhttps:\/\/youtu.be\/hn8nJt3aFa0\n<\/div><\/figure>\n\n\n\n<hr class=\"wp-block-separator has-text-color has-background is-style-wide\" style=\"background-color:#ff9900;color:#ff9900\"\/>\n\n\n\n<h2 class=\"wp-block-heading\" id=\"i-corsi-della-scuola-di-cinema-pigrecoemme-in-partenza\">I CORSI DELLA SCUOLA DI CINEMA PIGRECOEMME IN PARTENZA<\/h2>\n\n\n\n<figure class=\"wp-block-image\"><a href=\"https:\/\/www.pigrecoemme.com\/corsi\/corso-filmmaker.php\"><img data-recalc-dims=\"1\" decoding=\"async\" src=\"https:\/\/i0.wp.com\/www.pigrecoemme.com\/corsi\/corso-filmaker-napoli-2019-b.jpg?w=860&#038;ssl=1\" alt=\"corso-filmaker-napoli-2019-b\"\/><\/a><\/figure>\n\n\n\n<p class=\"wp-block-paragraph\">Dal&nbsp;<strong>25 gennaio<\/strong>&nbsp;parte una nuova edizione del&nbsp;<a href=\"https:\/\/www.pigrecoemme.com\/corsi\/corso-filmmaker.php\">corso \u201cFilmmaker\u201d<\/a>&nbsp;con alcuni moduli online e alcuni in presenza.<br \/>280 ore dedicate alla regia, al montaggio, alla sceneggiatura e alla realizzazione di un cortometraggio finale.<\/p>\n\n\n\n<p class=\"wp-block-paragraph\"><strong>Quota di partecipazione:<\/strong>&nbsp;\u20ac 1000.<br \/>Tutte le informazioni sono a&nbsp;<a href=\"https:\/\/www.pigrecoemme.com\/corsi\/corso-filmmaker.php\">questo link<\/a>.<\/p>\n\n\n\n<hr class=\"wp-block-separator\"\/>\n\n\n\n<figure class=\"wp-block-image\"><a href=\"https:\/\/www.pigrecoemme.com\/corsi\/corso-critica-cinematografica.htm\"><img data-recalc-dims=\"1\" decoding=\"async\" src=\"https:\/\/i0.wp.com\/www.pigrecoemme.com\/corsi\/img\/fb\/corso-critica-zoom-2.jpg?w=860&#038;ssl=1\" alt=\"corso-critica-zoom-2\"\/><\/a><\/figure>\n\n\n\n<p class=\"wp-block-paragraph\">Dal 29 gennaio riparte online Il corso di critica cinematografica della scuola di cinema Pigrecoemme. Questo corso si rivolge a tutti coloro che vogliano avvicinarsi alla lettura del film \u2013 e dell\u2019audiovisivo in generale \u2013 con maggior consapevolezza tecnica e padronanza degli argomenti.<br \/>Al termine del corso sar\u00e0 rilasciato un attestato riportante il patrocinio della Film Commission Regione Campania.<\/p>\n\n\n\n<p class=\"wp-block-paragraph\"><strong>Quota di partecipazione:<\/strong>&nbsp;\u20ac 100.<br \/>Tutte le informazioni sono a&nbsp;<a href=\"https:\/\/www.pigrecoemme.com\/corsi\/corso-critica-cinematografica.htm\">questo link<\/a>.<\/p>\n","protected":false},"excerpt":{"rendered":"<p>Durante il 2020 si \u00e8 tenuta la terza edizione di \u201cSituazione Critica\u201d, la rassegna di incontri dedicata alla critica cinematografica diretta dal nostro Rosario Gallone. Quest\u2019anno, a causa dell\u2019emergenza Covid-19, gli appuntamenti si sono&hellip;<\/p>\n","protected":false},"author":4,"featured_media":0,"comment_status":"open","ping_status":"open","sticky":false,"template":"","format":"standard","meta":{"_jetpack_newsletter_access":"","_jetpack_dont_email_post_to_subs":false,"_jetpack_newsletter_tier_id":0,"_jetpack_memberships_contains_paywalled_content":false,"_jetpack_feature_clip_id":0,"_jetpack_memberships_contains_paid_content":false,"footnotes":"","jetpack_post_was_ever_published":false},"categories":[950,1,3,731],"tags":[2371,344,382,2373,2013,2164,53,1998],"class_list":["post-2967","post","type-post","status-publish","format-standard","hentry","category-analisi-e-critica-2","category-generale","category-scuola-di-cinema","category-segnalazioni","tag-anna-masecchia","tag-critica-cinematografica","tag-diego-del-pozzo","tag-ilaria-feole","tag-marco-ottaiano","tag-pedro-armocida","tag-rosario-gallone","tag-situazione-critica"],"yoast_head":"<!-- This site is optimized with the Yoast SEO plugin v28.3 - https:\/\/yoast.com\/product\/yoast-seo-wordpress\/ -->\n<title>Guarda tutti gli appuntamenti di &quot;Situazione Critica&quot; 2020! | Pigrecoemme<\/title>\n<meta name=\"description\" content=\"Guarda le registrazioni delle dirette dell&#039;edizione 2020 della rassegna di incontri dedicati alla critica cinematografica.\" \/>\n<meta name=\"robots\" content=\"index, follow, max-snippet:-1, max-image-preview:large, max-video-preview:-1\" \/>\n<link rel=\"canonical\" href=\"https:\/\/www.pigrecoemme.com\/blog\/guarda-tutti-gli-appuntamenti-di-situazione-critica-2020\/\" \/>\n<meta property=\"og:locale\" content=\"it_IT\" \/>\n<meta property=\"og:type\" content=\"article\" \/>\n<meta property=\"og:title\" content=\"Guarda tutti gli appuntamenti di &quot;Situazione Critica&quot; 2020! | Pigrecoemme\" \/>\n<meta property=\"og:description\" content=\"Guarda le registrazioni delle dirette dell&#039;edizione 2020 della rassegna di incontri dedicati alla critica cinematografica.\" \/>\n<meta property=\"og:url\" content=\"https:\/\/www.pigrecoemme.com\/blog\/guarda-tutti-gli-appuntamenti-di-situazione-critica-2020\/\" \/>\n<meta property=\"og:site_name\" content=\"Scuola di Cinema Pigrecoemme - Blog\" \/>\n<meta property=\"article:publisher\" content=\"https:\/\/www.facebook.com\/pigrecoemme\" \/>\n<meta property=\"article:author\" content=\"https:\/\/www.facebook.com\/pigrecoemme\" \/>\n<meta property=\"article:published_time\" content=\"2020-12-24T01:58:08+00:00\" \/>\n<meta property=\"article:modified_time\" content=\"2021-06-16T15:28:10+00:00\" \/>\n<meta property=\"og:image\" content=\"https:\/\/www.pigrecoemme.com\/blog\/wp-content\/uploads\/2020\/12\/situazione-critica-2020.jpg\" \/>\n\t<meta property=\"og:image:width\" content=\"1280\" \/>\n\t<meta property=\"og:image:height\" content=\"720\" \/>\n\t<meta property=\"og:image:type\" content=\"image\/jpeg\" \/>\n<meta name=\"author\" content=\"Pigrecoemme\" \/>\n<meta name=\"twitter:card\" content=\"summary_large_image\" \/>\n<meta name=\"twitter:image\" content=\"https:\/\/i0.wp.com\/www.pigrecoemme.com\/blog\/wp-content\/uploads\/2020\/12\/situazione-critica-2020.jpg?fit=1280%2C720&ssl=1\" \/>\n<meta name=\"twitter:creator\" content=\"@Pigrecoemme\" \/>\n<meta name=\"twitter:site\" content=\"@Pigrecoemme\" \/>\n<meta name=\"twitter:label1\" content=\"Scritto da\" \/>\n\t<meta name=\"twitter:data1\" content=\"Pigrecoemme\" \/>\n\t<meta name=\"twitter:label2\" content=\"Tempo di lettura stimato\" \/>\n\t<meta name=\"twitter:data2\" content=\"4 minuti\" \/>\n<script type=\"application\/ld+json\" class=\"yoast-schema-graph\">{\"@context\":\"https:\\\/\\\/schema.org\",\"@graph\":[{\"@type\":\"ScholarlyArticle\",\"@id\":\"https:\\\/\\\/www.pigrecoemme.com\\\/blog\\\/guarda-tutti-gli-appuntamenti-di-situazione-critica-2020\\\/#article\",\"isPartOf\":{\"@id\":\"https:\\\/\\\/www.pigrecoemme.com\\\/blog\\\/guarda-tutti-gli-appuntamenti-di-situazione-critica-2020\\\/\"},\"author\":{\"name\":\"Pigrecoemme\",\"@id\":\"https:\\\/\\\/www.pigrecoemme.com\\\/blog\\\/#\\\/schema\\\/person\\\/8996ab5bfa68cec611b330ae4a389d44\"},\"headline\":\"Guarda tutti gli appuntamenti di &#8220;Situazione Critica&#8221; 2020!\",\"datePublished\":\"2020-12-24T01:58:08+00:00\",\"dateModified\":\"2021-06-16T15:28:10+00:00\",\"mainEntityOfPage\":{\"@id\":\"https:\\\/\\\/www.pigrecoemme.com\\\/blog\\\/guarda-tutti-gli-appuntamenti-di-situazione-critica-2020\\\/\"},\"wordCount\":685,\"commentCount\":0,\"publisher\":{\"@id\":\"https:\\\/\\\/www.pigrecoemme.com\\\/blog\\\/#organization\"},\"image\":{\"@id\":\"https:\\\/\\\/www.pigrecoemme.com\\\/blog\\\/guarda-tutti-gli-appuntamenti-di-situazione-critica-2020\\\/#primaryimage\"},\"thumbnailUrl\":\"https:\\\/\\\/www.pigrecoemme.com\\\/blog\\\/wp-content\\\/uploads\\\/2020\\\/12\\\/situazione-critica-2020.jpg\",\"keywords\":[\"anna masecchia\",\"critica cinematografica\",\"diego del pozzo\",\"ilaria feole\",\"marco ottaiano\",\"pedro armocida\",\"rosario gallone\",\"situazione critica\"],\"articleSection\":[\"Analisi e Critica\",\"Generale\",\"Scuola di cinema\",\"Segnalazioni\"],\"inLanguage\":\"it-IT\",\"potentialAction\":[{\"@type\":\"CommentAction\",\"name\":\"Comment\",\"target\":[\"https:\\\/\\\/www.pigrecoemme.com\\\/blog\\\/guarda-tutti-gli-appuntamenti-di-situazione-critica-2020\\\/#respond\"]}]},{\"@type\":\"WebPage\",\"@id\":\"https:\\\/\\\/www.pigrecoemme.com\\\/blog\\\/guarda-tutti-gli-appuntamenti-di-situazione-critica-2020\\\/\",\"url\":\"https:\\\/\\\/www.pigrecoemme.com\\\/blog\\\/guarda-tutti-gli-appuntamenti-di-situazione-critica-2020\\\/\",\"name\":\"Guarda tutti gli appuntamenti di \\\"Situazione Critica\\\" 2020! | Pigrecoemme\",\"isPartOf\":{\"@id\":\"https:\\\/\\\/www.pigrecoemme.com\\\/blog\\\/#website\"},\"primaryImageOfPage\":{\"@id\":\"https:\\\/\\\/www.pigrecoemme.com\\\/blog\\\/guarda-tutti-gli-appuntamenti-di-situazione-critica-2020\\\/#primaryimage\"},\"image\":{\"@id\":\"https:\\\/\\\/www.pigrecoemme.com\\\/blog\\\/guarda-tutti-gli-appuntamenti-di-situazione-critica-2020\\\/#primaryimage\"},\"thumbnailUrl\":\"https:\\\/\\\/www.pigrecoemme.com\\\/blog\\\/wp-content\\\/uploads\\\/2020\\\/12\\\/situazione-critica-2020.jpg\",\"datePublished\":\"2020-12-24T01:58:08+00:00\",\"dateModified\":\"2021-06-16T15:28:10+00:00\",\"description\":\"Guarda le registrazioni delle dirette dell'edizione 2020 della rassegna di incontri dedicati alla critica cinematografica.\",\"breadcrumb\":{\"@id\":\"https:\\\/\\\/www.pigrecoemme.com\\\/blog\\\/guarda-tutti-gli-appuntamenti-di-situazione-critica-2020\\\/#breadcrumb\"},\"inLanguage\":\"it-IT\",\"potentialAction\":[{\"@type\":\"ReadAction\",\"target\":[\"https:\\\/\\\/www.pigrecoemme.com\\\/blog\\\/guarda-tutti-gli-appuntamenti-di-situazione-critica-2020\\\/\"]}]},{\"@type\":\"ImageObject\",\"inLanguage\":\"it-IT\",\"@id\":\"https:\\\/\\\/www.pigrecoemme.com\\\/blog\\\/guarda-tutti-gli-appuntamenti-di-situazione-critica-2020\\\/#primaryimage\",\"url\":\"https:\\\/\\\/i0.wp.com\\\/www.pigrecoemme.com\\\/blog\\\/wp-content\\\/uploads\\\/2020\\\/12\\\/situazione-critica-2020.jpg?fit=1280%2C720&ssl=1\",\"contentUrl\":\"https:\\\/\\\/i0.wp.com\\\/www.pigrecoemme.com\\\/blog\\\/wp-content\\\/uploads\\\/2020\\\/12\\\/situazione-critica-2020.jpg?fit=1280%2C720&ssl=1\",\"width\":1280,\"height\":720,\"caption\":\"situazione critica 2020\"},{\"@type\":\"BreadcrumbList\",\"@id\":\"https:\\\/\\\/www.pigrecoemme.com\\\/blog\\\/guarda-tutti-gli-appuntamenti-di-situazione-critica-2020\\\/#breadcrumb\",\"itemListElement\":[{\"@type\":\"ListItem\",\"position\":1,\"name\":\"Home\",\"item\":\"https:\\\/\\\/www.pigrecoemme.com\\\/blog\\\/\"},{\"@type\":\"ListItem\",\"position\":2,\"name\":\"Guarda tutti gli appuntamenti di &#8220;Situazione Critica&#8221; 2020!\"}]},{\"@type\":\"WebSite\",\"@id\":\"https:\\\/\\\/www.pigrecoemme.com\\\/blog\\\/#website\",\"url\":\"https:\\\/\\\/www.pigrecoemme.com\\\/blog\\\/\",\"name\":\"Scuola di Cinema Pigrecoemme - Blog\",\"description\":\"Siamo la prima Scuola di Cinema e Fotografia di Napoli\",\"publisher\":{\"@id\":\"https:\\\/\\\/www.pigrecoemme.com\\\/blog\\\/#organization\"},\"potentialAction\":[{\"@type\":\"SearchAction\",\"target\":{\"@type\":\"EntryPoint\",\"urlTemplate\":\"https:\\\/\\\/www.pigrecoemme.com\\\/blog\\\/?s={search_term_string}\"},\"query-input\":{\"@type\":\"PropertyValueSpecification\",\"valueRequired\":true,\"valueName\":\"search_term_string\"}}],\"inLanguage\":\"it-IT\"},{\"@type\":\"Organization\",\"@id\":\"https:\\\/\\\/www.pigrecoemme.com\\\/blog\\\/#organization\",\"name\":\"Scuola di cinema e fotografia Pigrecoemme\",\"url\":\"https:\\\/\\\/www.pigrecoemme.com\\\/blog\\\/\",\"logo\":{\"@type\":\"ImageObject\",\"inLanguage\":\"it-IT\",\"@id\":\"https:\\\/\\\/www.pigrecoemme.com\\\/blog\\\/#\\\/schema\\\/logo\\\/image\\\/\",\"url\":\"https:\\\/\\\/i0.wp.com\\\/www.pigrecoemme.com\\\/blog\\\/wp-content\\\/uploads\\\/2018\\\/06\\\/logo-pigrecoemme-2018.png?fit=500%2C500&ssl=1\",\"contentUrl\":\"https:\\\/\\\/i0.wp.com\\\/www.pigrecoemme.com\\\/blog\\\/wp-content\\\/uploads\\\/2018\\\/06\\\/logo-pigrecoemme-2018.png?fit=500%2C500&ssl=1\",\"width\":500,\"height\":500,\"caption\":\"Scuola di cinema e fotografia Pigrecoemme\"},\"image\":{\"@id\":\"https:\\\/\\\/www.pigrecoemme.com\\\/blog\\\/#\\\/schema\\\/logo\\\/image\\\/\"},\"sameAs\":[\"https:\\\/\\\/www.facebook.com\\\/pigrecoemme\",\"https:\\\/\\\/x.com\\\/Pigrecoemme\",\"https:\\\/\\\/www.instagram.com\\\/pigrecoemme\\\/\",\"https:\\\/\\\/www.linkedin.com\\\/company\\\/pigrecoemme\\\/\",\"https:\\\/\\\/www.youtube.com\\\/pigrecoemme\"]},{\"@type\":\"Person\",\"@id\":\"https:\\\/\\\/www.pigrecoemme.com\\\/blog\\\/#\\\/schema\\\/person\\\/8996ab5bfa68cec611b330ae4a389d44\",\"name\":\"Pigrecoemme\",\"image\":{\"@type\":\"ImageObject\",\"inLanguage\":\"it-IT\",\"@id\":\"https:\\\/\\\/secure.gravatar.com\\\/avatar\\\/541a562fed7df6fa49262cb93f0f1135b8432ec77a1bc64fdb808f64f2a8287d?s=96&r=g\",\"url\":\"https:\\\/\\\/secure.gravatar.com\\\/avatar\\\/541a562fed7df6fa49262cb93f0f1135b8432ec77a1bc64fdb808f64f2a8287d?s=96&r=g\",\"contentUrl\":\"https:\\\/\\\/secure.gravatar.com\\\/avatar\\\/541a562fed7df6fa49262cb93f0f1135b8432ec77a1bc64fdb808f64f2a8287d?s=96&r=g\",\"caption\":\"Pigrecoemme\"},\"description\":\"Profilo redazionale. Pigrecoemme \u00e8 la prima scuola di cinema, televisione e fotografia di Napoli.\",\"sameAs\":[\"http:\\\/\\\/www.pigrecoemme.com\\\/\",\"https:\\\/\\\/www.facebook.com\\\/pigrecoemme\"],\"url\":\"https:\\\/\\\/www.pigrecoemme.com\\\/blog\\\/author\\\/pigrecoemme\\\/\"}]}<\/script>\n<!-- \/ Yoast SEO plugin. -->","yoast_head_json":{"title":"Guarda tutti gli appuntamenti di \"Situazione Critica\" 2020! | Pigrecoemme","description":"Guarda le registrazioni delle dirette dell'edizione 2020 della rassegna di incontri dedicati alla critica cinematografica.","robots":{"index":"index","follow":"follow","max-snippet":"max-snippet:-1","max-image-preview":"max-image-preview:large","max-video-preview":"max-video-preview:-1"},"canonical":"https:\/\/www.pigrecoemme.com\/blog\/guarda-tutti-gli-appuntamenti-di-situazione-critica-2020\/","og_locale":"it_IT","og_type":"article","og_title":"Guarda tutti gli appuntamenti di \"Situazione Critica\" 2020! | Pigrecoemme","og_description":"Guarda le registrazioni delle dirette dell'edizione 2020 della rassegna di incontri dedicati alla critica cinematografica.","og_url":"https:\/\/www.pigrecoemme.com\/blog\/guarda-tutti-gli-appuntamenti-di-situazione-critica-2020\/","og_site_name":"Scuola di Cinema Pigrecoemme - Blog","article_publisher":"https:\/\/www.facebook.com\/pigrecoemme","article_author":"https:\/\/www.facebook.com\/pigrecoemme","article_published_time":"2020-12-24T01:58:08+00:00","article_modified_time":"2021-06-16T15:28:10+00:00","og_image":[{"width":1280,"height":720,"url":"https:\/\/www.pigrecoemme.com\/blog\/wp-content\/uploads\/2020\/12\/situazione-critica-2020.jpg","type":"image\/jpeg"}],"author":"Pigrecoemme","twitter_card":"summary_large_image","twitter_image":"https:\/\/i0.wp.com\/www.pigrecoemme.com\/blog\/wp-content\/uploads\/2020\/12\/situazione-critica-2020.jpg?fit=1280%2C720&ssl=1","twitter_creator":"@Pigrecoemme","twitter_site":"@Pigrecoemme","twitter_misc":{"Scritto da":"Pigrecoemme","Tempo di lettura stimato":"4 minuti"},"schema":{"@context":"https:\/\/schema.org","@graph":[{"@type":"ScholarlyArticle","@id":"https:\/\/www.pigrecoemme.com\/blog\/guarda-tutti-gli-appuntamenti-di-situazione-critica-2020\/#article","isPartOf":{"@id":"https:\/\/www.pigrecoemme.com\/blog\/guarda-tutti-gli-appuntamenti-di-situazione-critica-2020\/"},"author":{"name":"Pigrecoemme","@id":"https:\/\/www.pigrecoemme.com\/blog\/#\/schema\/person\/8996ab5bfa68cec611b330ae4a389d44"},"headline":"Guarda tutti gli appuntamenti di &#8220;Situazione Critica&#8221; 2020!","datePublished":"2020-12-24T01:58:08+00:00","dateModified":"2021-06-16T15:28:10+00:00","mainEntityOfPage":{"@id":"https:\/\/www.pigrecoemme.com\/blog\/guarda-tutti-gli-appuntamenti-di-situazione-critica-2020\/"},"wordCount":685,"commentCount":0,"publisher":{"@id":"https:\/\/www.pigrecoemme.com\/blog\/#organization"},"image":{"@id":"https:\/\/www.pigrecoemme.com\/blog\/guarda-tutti-gli-appuntamenti-di-situazione-critica-2020\/#primaryimage"},"thumbnailUrl":"https:\/\/www.pigrecoemme.com\/blog\/wp-content\/uploads\/2020\/12\/situazione-critica-2020.jpg","keywords":["anna masecchia","critica cinematografica","diego del pozzo","ilaria feole","marco ottaiano","pedro armocida","rosario gallone","situazione critica"],"articleSection":["Analisi e Critica","Generale","Scuola di cinema","Segnalazioni"],"inLanguage":"it-IT","potentialAction":[{"@type":"CommentAction","name":"Comment","target":["https:\/\/www.pigrecoemme.com\/blog\/guarda-tutti-gli-appuntamenti-di-situazione-critica-2020\/#respond"]}]},{"@type":"WebPage","@id":"https:\/\/www.pigrecoemme.com\/blog\/guarda-tutti-gli-appuntamenti-di-situazione-critica-2020\/","url":"https:\/\/www.pigrecoemme.com\/blog\/guarda-tutti-gli-appuntamenti-di-situazione-critica-2020\/","name":"Guarda tutti gli appuntamenti di \"Situazione Critica\" 2020! | Pigrecoemme","isPartOf":{"@id":"https:\/\/www.pigrecoemme.com\/blog\/#website"},"primaryImageOfPage":{"@id":"https:\/\/www.pigrecoemme.com\/blog\/guarda-tutti-gli-appuntamenti-di-situazione-critica-2020\/#primaryimage"},"image":{"@id":"https:\/\/www.pigrecoemme.com\/blog\/guarda-tutti-gli-appuntamenti-di-situazione-critica-2020\/#primaryimage"},"thumbnailUrl":"https:\/\/www.pigrecoemme.com\/blog\/wp-content\/uploads\/2020\/12\/situazione-critica-2020.jpg","datePublished":"2020-12-24T01:58:08+00:00","dateModified":"2021-06-16T15:28:10+00:00","description":"Guarda le registrazioni delle dirette dell'edizione 2020 della rassegna di incontri dedicati alla critica cinematografica.","breadcrumb":{"@id":"https:\/\/www.pigrecoemme.com\/blog\/guarda-tutti-gli-appuntamenti-di-situazione-critica-2020\/#breadcrumb"},"inLanguage":"it-IT","potentialAction":[{"@type":"ReadAction","target":["https:\/\/www.pigrecoemme.com\/blog\/guarda-tutti-gli-appuntamenti-di-situazione-critica-2020\/"]}]},{"@type":"ImageObject","inLanguage":"it-IT","@id":"https:\/\/www.pigrecoemme.com\/blog\/guarda-tutti-gli-appuntamenti-di-situazione-critica-2020\/#primaryimage","url":"https:\/\/i0.wp.com\/www.pigrecoemme.com\/blog\/wp-content\/uploads\/2020\/12\/situazione-critica-2020.jpg?fit=1280%2C720&ssl=1","contentUrl":"https:\/\/i0.wp.com\/www.pigrecoemme.com\/blog\/wp-content\/uploads\/2020\/12\/situazione-critica-2020.jpg?fit=1280%2C720&ssl=1","width":1280,"height":720,"caption":"situazione critica 2020"},{"@type":"BreadcrumbList","@id":"https:\/\/www.pigrecoemme.com\/blog\/guarda-tutti-gli-appuntamenti-di-situazione-critica-2020\/#breadcrumb","itemListElement":[{"@type":"ListItem","position":1,"name":"Home","item":"https:\/\/www.pigrecoemme.com\/blog\/"},{"@type":"ListItem","position":2,"name":"Guarda tutti gli appuntamenti di &#8220;Situazione Critica&#8221; 2020!"}]},{"@type":"WebSite","@id":"https:\/\/www.pigrecoemme.com\/blog\/#website","url":"https:\/\/www.pigrecoemme.com\/blog\/","name":"Scuola di Cinema Pigrecoemme - Blog","description":"Siamo la prima Scuola di Cinema e Fotografia di Napoli","publisher":{"@id":"https:\/\/www.pigrecoemme.com\/blog\/#organization"},"potentialAction":[{"@type":"SearchAction","target":{"@type":"EntryPoint","urlTemplate":"https:\/\/www.pigrecoemme.com\/blog\/?s={search_term_string}"},"query-input":{"@type":"PropertyValueSpecification","valueRequired":true,"valueName":"search_term_string"}}],"inLanguage":"it-IT"},{"@type":"Organization","@id":"https:\/\/www.pigrecoemme.com\/blog\/#organization","name":"Scuola di cinema e fotografia Pigrecoemme","url":"https:\/\/www.pigrecoemme.com\/blog\/","logo":{"@type":"ImageObject","inLanguage":"it-IT","@id":"https:\/\/www.pigrecoemme.com\/blog\/#\/schema\/logo\/image\/","url":"https:\/\/i0.wp.com\/www.pigrecoemme.com\/blog\/wp-content\/uploads\/2018\/06\/logo-pigrecoemme-2018.png?fit=500%2C500&ssl=1","contentUrl":"https:\/\/i0.wp.com\/www.pigrecoemme.com\/blog\/wp-content\/uploads\/2018\/06\/logo-pigrecoemme-2018.png?fit=500%2C500&ssl=1","width":500,"height":500,"caption":"Scuola di cinema e fotografia Pigrecoemme"},"image":{"@id":"https:\/\/www.pigrecoemme.com\/blog\/#\/schema\/logo\/image\/"},"sameAs":["https:\/\/www.facebook.com\/pigrecoemme","https:\/\/x.com\/Pigrecoemme","https:\/\/www.instagram.com\/pigrecoemme\/","https:\/\/www.linkedin.com\/company\/pigrecoemme\/","https:\/\/www.youtube.com\/pigrecoemme"]},{"@type":"Person","@id":"https:\/\/www.pigrecoemme.com\/blog\/#\/schema\/person\/8996ab5bfa68cec611b330ae4a389d44","name":"Pigrecoemme","image":{"@type":"ImageObject","inLanguage":"it-IT","@id":"https:\/\/secure.gravatar.com\/avatar\/541a562fed7df6fa49262cb93f0f1135b8432ec77a1bc64fdb808f64f2a8287d?s=96&r=g","url":"https:\/\/secure.gravatar.com\/avatar\/541a562fed7df6fa49262cb93f0f1135b8432ec77a1bc64fdb808f64f2a8287d?s=96&r=g","contentUrl":"https:\/\/secure.gravatar.com\/avatar\/541a562fed7df6fa49262cb93f0f1135b8432ec77a1bc64fdb808f64f2a8287d?s=96&r=g","caption":"Pigrecoemme"},"description":"Profilo redazionale. Pigrecoemme \u00e8 la prima scuola di cinema, televisione e fotografia di Napoli.","sameAs":["http:\/\/www.pigrecoemme.com\/","https:\/\/www.facebook.com\/pigrecoemme"],"url":"https:\/\/www.pigrecoemme.com\/blog\/author\/pigrecoemme\/"}]}},"jetpack_sharing_enabled":true,"jetpack_likes_enabled":true,"jetpack-related-posts":[{"id":2642,"url":"https:\/\/www.pigrecoemme.com\/blog\/situazione-critica-online-gli-appuntamenti-del-2019\/","url_meta":{"origin":2967,"position":0},"title":"Situazione Critica: online gli appuntamenti del 2019","author":"Pigrecoemme","date":"4 Aprile 2020","format":false,"excerpt":"Dura stare a casa, eh? Beh, se siete appassionati di cinema (e forse lo siete, visto che state leggendo il nostro blog), potreste sciropparvi le millemila ore di registrazione video (e anche audio! Altrimenti non si capirebbe nulla, che diamine!) dei 5 appuntamenti di Situazione Critica organizzati nel 2019 dalla\u2026","rel":"","context":"In &quot;Analisi e Critica&quot;","block_context":{"text":"Analisi e Critica","link":"https:\/\/www.pigrecoemme.com\/blog\/analisi-e-critica-2\/"},"img":{"alt_text":"situazione critica","src":"https:\/\/i0.wp.com\/www.pigrecoemme.com\/blog\/wp-content\/uploads\/2020\/04\/situazione-critica.jpg?resize=350%2C200&ssl=1","width":350,"height":200,"srcset":"https:\/\/i0.wp.com\/www.pigrecoemme.com\/blog\/wp-content\/uploads\/2020\/04\/situazione-critica.jpg?resize=350%2C200&ssl=1 1x, https:\/\/i0.wp.com\/www.pigrecoemme.com\/blog\/wp-content\/uploads\/2020\/04\/situazione-critica.jpg?resize=525%2C300&ssl=1 1.5x, https:\/\/i0.wp.com\/www.pigrecoemme.com\/blog\/wp-content\/uploads\/2020\/04\/situazione-critica.jpg?resize=700%2C400&ssl=1 2x, https:\/\/i0.wp.com\/www.pigrecoemme.com\/blog\/wp-content\/uploads\/2020\/04\/situazione-critica.jpg?resize=1050%2C600&ssl=1 3x"},"classes":[]},{"id":3204,"url":"https:\/\/www.pigrecoemme.com\/blog\/situazione-critica-2022-ripartiamo-dalle-sale\/","url_meta":{"origin":2967,"position":1},"title":"Situazione critica 2022 \u2013 Ripartiamo dalle sale","author":"Pigrecoemme","date":"27 Settembre 2022","format":false,"excerpt":"Dal 4 ottobre al 9 novembre, 4 film in 4 diverse sale della Campania, presentati da importanti critici e studiosi. Coinvolte anche alcune scuole del territorio campano, Universit\u00e0 e Accademie. Quando Situazione Critica, la manifestazione organizzata dall'Associazione Culturale Porte Invisibili Media, ha avuto inizio, il 5 maggio del 2018, quel\u2026","rel":"","context":"In &quot;Analisi e Critica&quot;","block_context":{"text":"Analisi e Critica","link":"https:\/\/www.pigrecoemme.com\/blog\/analisi-e-critica-2\/"},"img":{"alt_text":"situazione critica ripartiamo dalle sale","src":"https:\/\/i0.wp.com\/www.pigrecoemme.com\/blog\/wp-content\/uploads\/2022\/09\/situazione-critica-ripartiamo-dalle-sale.jpg?resize=350%2C200&ssl=1","width":350,"height":200,"srcset":"https:\/\/i0.wp.com\/www.pigrecoemme.com\/blog\/wp-content\/uploads\/2022\/09\/situazione-critica-ripartiamo-dalle-sale.jpg?resize=350%2C200&ssl=1 1x, https:\/\/i0.wp.com\/www.pigrecoemme.com\/blog\/wp-content\/uploads\/2022\/09\/situazione-critica-ripartiamo-dalle-sale.jpg?resize=525%2C300&ssl=1 1.5x, https:\/\/i0.wp.com\/www.pigrecoemme.com\/blog\/wp-content\/uploads\/2022\/09\/situazione-critica-ripartiamo-dalle-sale.jpg?resize=700%2C400&ssl=1 2x, https:\/\/i0.wp.com\/www.pigrecoemme.com\/blog\/wp-content\/uploads\/2022\/09\/situazione-critica-ripartiamo-dalle-sale.jpg?resize=1050%2C600&ssl=1 3x"},"classes":[]},{"id":2500,"url":"https:\/\/www.pigrecoemme.com\/blog\/situazione-critica-8-laudiovisivo-nellera-post-network\/","url_meta":{"origin":2967,"position":2},"title":"Situazione Critica #8: L\u2019audiovisivo nell&#8217;era post-network","author":"Pigrecoemme","date":"30 Settembre 2019","format":false,"excerpt":"\u00a0 L\u2019ottavo appuntamento di \"Situazione Critica\" - l\u2019iniziativa della scuola di cinema Pigrecoemme di Napoli cominciata a maggio 2018 per celebrare i nostri 18 anni di attivit\u00e0 - \u00a0si terr\u00e0 marted\u00ec 8 ottobre 2019 alle ore 16:30 e avr\u00e0 come oggetto l\u2019era post-network. Ne parleranno, con Rosario Gallone, il giornalista\u2026","rel":"","context":"In &quot;Analisi e Critica&quot;","block_context":{"text":"Analisi e Critica","link":"https:\/\/www.pigrecoemme.com\/blog\/analisi-e-critica-2\/"},"img":{"alt_text":"SITUAZIONE CRITICA #8: L\u2019audiovisivo nell'era post-network","src":"https:\/\/i0.wp.com\/www.pigrecoemme.com\/blog\/wp-content\/uploads\/2019\/09\/situazione-critica-8.jpg?resize=350%2C200","width":350,"height":200,"srcset":"https:\/\/i0.wp.com\/www.pigrecoemme.com\/blog\/wp-content\/uploads\/2019\/09\/situazione-critica-8.jpg?resize=350%2C200 1x, https:\/\/i0.wp.com\/www.pigrecoemme.com\/blog\/wp-content\/uploads\/2019\/09\/situazione-critica-8.jpg?resize=525%2C300 1.5x, https:\/\/i0.wp.com\/www.pigrecoemme.com\/blog\/wp-content\/uploads\/2019\/09\/situazione-critica-8.jpg?resize=700%2C400 2x"},"classes":[]},{"id":2934,"url":"https:\/\/www.pigrecoemme.com\/blog\/situazione-critica-17-ilaria-feole-su-wes-anderson\/","url_meta":{"origin":2967,"position":3},"title":"Situazione Critica #17: Ilaria Feole su Wes Anderson","author":"Pigrecoemme","date":"28 Novembre 2020","format":false,"excerpt":"Il diciassettesimo appuntamento di Situazione Critica\u00a0\u2013 l\u2019iniziativa della Scuola di cinema Pigrecoemme di Napoli cominciata a maggio 2018 \u2013 si terr\u00e0 on line, sulla piattaforma Zoom e in streaming su Facebook, sabato 5 dicembre 2020 a partire dalle 16:30. L\u2019ospite Ilaria Feole\u00a0parler\u00e0 con Rosario Gallone\u00a0di uno dei due Anderson che\u2026","rel":"","context":"In &quot;Analisi e Critica&quot;","block_context":{"text":"Analisi e Critica","link":"https:\/\/www.pigrecoemme.com\/blog\/analisi-e-critica-2\/"},"img":{"alt_text":"wes anderson genitori figli altri animali ilaria feole","src":"https:\/\/i0.wp.com\/www.pigrecoemme.com\/blog\/wp-content\/uploads\/2020\/11\/wes-anderson-genitori-figli-altri-animali-ilaria-feole.jpg?resize=350%2C200&ssl=1","width":350,"height":200,"srcset":"https:\/\/i0.wp.com\/www.pigrecoemme.com\/blog\/wp-content\/uploads\/2020\/11\/wes-anderson-genitori-figli-altri-animali-ilaria-feole.jpg?resize=350%2C200&ssl=1 1x, https:\/\/i0.wp.com\/www.pigrecoemme.com\/blog\/wp-content\/uploads\/2020\/11\/wes-anderson-genitori-figli-altri-animali-ilaria-feole.jpg?resize=525%2C300&ssl=1 1.5x"},"classes":[]},{"id":2810,"url":"https:\/\/www.pigrecoemme.com\/blog\/corso-online-critica-cinematografica-giugno-2020\/","url_meta":{"origin":2967,"position":4},"title":"Corso online di critica cinematografica dal 20 giugno 2020","author":"Rosario Gallone","date":"18 Giugno 2020","format":false,"excerpt":"Il 29 giugno riparte il corso online di critica cinematografica, che \u00e8 stato, forse anche per noi, l'appuntamento pi\u00f9 sorprendentemente di successo di questo strano periodo. Certo, da un po' di anni percepivamo un rinato interesse intorno all'analisi del linguaggio cinematografico, ma non avremmo mai immaginato la partecipazione di oltre\u2026","rel":"","context":"In &quot;Analisi e Critica&quot;","block_context":{"text":"Analisi e Critica","link":"https:\/\/www.pigrecoemme.com\/blog\/analisi-e-critica-2\/"},"img":{"alt_text":"corso online critica cinematoghrafica free cinema","src":"https:\/\/i0.wp.com\/www.pigrecoemme.com\/blog\/wp-content\/uploads\/2020\/06\/corso-online-critica-cinematoghrafica-free-cinema.jpg?resize=350%2C200&ssl=1","width":350,"height":200,"srcset":"https:\/\/i0.wp.com\/www.pigrecoemme.com\/blog\/wp-content\/uploads\/2020\/06\/corso-online-critica-cinematoghrafica-free-cinema.jpg?resize=350%2C200&ssl=1 1x, https:\/\/i0.wp.com\/www.pigrecoemme.com\/blog\/wp-content\/uploads\/2020\/06\/corso-online-critica-cinematoghrafica-free-cinema.jpg?resize=525%2C300&ssl=1 1.5x, https:\/\/i0.wp.com\/www.pigrecoemme.com\/blog\/wp-content\/uploads\/2020\/06\/corso-online-critica-cinematoghrafica-free-cinema.jpg?resize=700%2C400&ssl=1 2x, https:\/\/i0.wp.com\/www.pigrecoemme.com\/blog\/wp-content\/uploads\/2020\/06\/corso-online-critica-cinematoghrafica-free-cinema.jpg?resize=1050%2C600&ssl=1 3x, https:\/\/i0.wp.com\/www.pigrecoemme.com\/blog\/wp-content\/uploads\/2020\/06\/corso-online-critica-cinematoghrafica-free-cinema.jpg?resize=1400%2C800&ssl=1 4x"},"classes":[]},{"id":2923,"url":"https:\/\/www.pigrecoemme.com\/blog\/situazione-critica-16-anna-masecchia-su-agnes-varda\/","url_meta":{"origin":2967,"position":5},"title":"Situazione Critica #16: Anna Masecchia su Agn\u00e8s Varda","author":"Pigrecoemme","date":"15 Novembre 2020","format":false,"excerpt":"Il sedicesimo appuntamento di Situazione Critica \u2013 l\u2019iniziativa della Scuola di cinema Pigrecoemme di Napoli dedicata alla critica cinematografica \u2013 si terr\u00e0 on line, sulla piattaforma Zoom e in streaming su Facebook (qui), sabato 21 novembre 2020 a partire dalle 16:30. L\u2019ospite Anna Masecchia parler\u00e0 con Rosario Gallone di una\u2026","rel":"","context":"In &quot;Analisi e Critica&quot;","block_context":{"text":"Analisi e Critica","link":"https:\/\/www.pigrecoemme.com\/blog\/analisi-e-critica-2\/"},"img":{"alt_text":"alla scoperta di agnes varda","src":"https:\/\/i0.wp.com\/www.pigrecoemme.com\/blog\/wp-content\/uploads\/2020\/11\/alla-scoperta-di-agnes-varda.jpg?resize=350%2C200&ssl=1","width":350,"height":200,"srcset":"https:\/\/i0.wp.com\/www.pigrecoemme.com\/blog\/wp-content\/uploads\/2020\/11\/alla-scoperta-di-agnes-varda.jpg?resize=350%2C200&ssl=1 1x, https:\/\/i0.wp.com\/www.pigrecoemme.com\/blog\/wp-content\/uploads\/2020\/11\/alla-scoperta-di-agnes-varda.jpg?resize=525%2C300&ssl=1 1.5x, https:\/\/i0.wp.com\/www.pigrecoemme.com\/blog\/wp-content\/uploads\/2020\/11\/alla-scoperta-di-agnes-varda.jpg?resize=700%2C400&ssl=1 2x"},"classes":[]}],"jetpack_featured_media_url":"","_links":{"self":[{"href":"https:\/\/www.pigrecoemme.com\/blog\/wp-json\/wp\/v2\/posts\/2967","targetHints":{"allow":["GET"]}}],"collection":[{"href":"https:\/\/www.pigrecoemme.com\/blog\/wp-json\/wp\/v2\/posts"}],"about":[{"href":"https:\/\/www.pigrecoemme.com\/blog\/wp-json\/wp\/v2\/types\/post"}],"author":[{"embeddable":true,"href":"https:\/\/www.pigrecoemme.com\/blog\/wp-json\/wp\/v2\/users\/4"}],"replies":[{"embeddable":true,"href":"https:\/\/www.pigrecoemme.com\/blog\/wp-json\/wp\/v2\/comments?post=2967"}],"version-history":[{"count":0,"href":"https:\/\/www.pigrecoemme.com\/blog\/wp-json\/wp\/v2\/posts\/2967\/revisions"}],"wp:attachment":[{"href":"https:\/\/www.pigrecoemme.com\/blog\/wp-json\/wp\/v2\/media?parent=2967"}],"wp:term":[{"taxonomy":"category","embeddable":true,"href":"https:\/\/www.pigrecoemme.com\/blog\/wp-json\/wp\/v2\/categories?post=2967"},{"taxonomy":"post_tag","embeddable":true,"href":"https:\/\/www.pigrecoemme.com\/blog\/wp-json\/wp\/v2\/tags?post=2967"}],"curies":[{"name":"wp","href":"https:\/\/api.w.org\/{rel}","templated":true}]}}