{"id":2934,"date":"2020-11-28T16:47:54","date_gmt":"2020-11-28T15:47:54","guid":{"rendered":"https:\/\/www.pigrecoemme.com\/blog\/?p=2934"},"modified":"2020-11-28T17:38:01","modified_gmt":"2020-11-28T16:38:01","slug":"situazione-critica-17-ilaria-feole-su-wes-anderson","status":"publish","type":"post","link":"https:\/\/www.pigrecoemme.com\/blog\/situazione-critica-17-ilaria-feole-su-wes-anderson\/","title":{"rendered":"Situazione Critica #17: Ilaria Feole su Wes Anderson"},"content":{"rendered":"\n<p class=\"wp-block-paragraph\">Il diciassettesimo appuntamento di <strong><a href=\"https:\/\/www.pigrecoemme.com\/blog\/tag\/situazione-critica\/\">Situazione Critica<\/a><\/strong>&nbsp;\u2013 l\u2019iniziativa della Scuola di cinema Pigrecoemme di Napoli cominciata a maggio 2018 \u2013 si terr\u00e0 on line, sulla piattaforma Zoom e in streaming su Facebook, <strong>sabato 5 dicembre 2020<\/strong> a partire dalle 16:30.<\/p>\n\n\n\n<figure class=\"wp-block-image size-large\"><img data-recalc-dims=\"1\" loading=\"lazy\" decoding=\"async\" width=\"860\" height=\"484\" src=\"https:\/\/i0.wp.com\/www.pigrecoemme.com\/blog\/wp-content\/uploads\/2020\/11\/situazione-critica-17-ilaria-feole-su-wes-anderson.jpg?resize=860%2C484&#038;ssl=1\" alt=\"situazione critica 17 ilaria feole su wes anderson\" class=\"wp-image-2940\" srcset=\"https:\/\/i0.wp.com\/www.pigrecoemme.com\/blog\/wp-content\/uploads\/2020\/11\/situazione-critica-17-ilaria-feole-su-wes-anderson.jpg?resize=1024%2C576&amp;ssl=1 1024w, https:\/\/i0.wp.com\/www.pigrecoemme.com\/blog\/wp-content\/uploads\/2020\/11\/situazione-critica-17-ilaria-feole-su-wes-anderson.jpg?resize=300%2C169&amp;ssl=1 300w, https:\/\/i0.wp.com\/www.pigrecoemme.com\/blog\/wp-content\/uploads\/2020\/11\/situazione-critica-17-ilaria-feole-su-wes-anderson.jpg?resize=768%2C432&amp;ssl=1 768w, https:\/\/i0.wp.com\/www.pigrecoemme.com\/blog\/wp-content\/uploads\/2020\/11\/situazione-critica-17-ilaria-feole-su-wes-anderson.jpg?resize=1536%2C864&amp;ssl=1 1536w, https:\/\/i0.wp.com\/www.pigrecoemme.com\/blog\/wp-content\/uploads\/2020\/11\/situazione-critica-17-ilaria-feole-su-wes-anderson.jpg?w=1920&amp;ssl=1 1920w, https:\/\/i0.wp.com\/www.pigrecoemme.com\/blog\/wp-content\/uploads\/2020\/11\/situazione-critica-17-ilaria-feole-su-wes-anderson.jpg?w=1720&amp;ssl=1 1720w\" sizes=\"auto, (max-width: 860px) 100vw, 860px\" \/><\/figure>\n\n\n\n<p class=\"wp-block-paragraph\">L\u2019ospite <strong>Ilaria Feole<\/strong>&nbsp;parler\u00e0 con <strong>Rosario Gallone<\/strong>&nbsp;di uno dei due Anderson che ha fortemente influenzato l&#8217;immaginario contemporaneo: Wes. L&#8217;occasione \u00e8 data dal fatto che Ilaria Feole \u00e8 autrice della prima monografia italiana dedicata al regista di <em>I Tenenbaum<\/em>, edita da Bietti per la collana Heterotopia, dal titolo <em><a href=\"https:\/\/www.amazon.it\/Anderson-Genitori-figli-altri-animali\/dp\/8882483231\"><strong>Wes Anderson &#8211; Genitori, figli e altri animali<\/strong><\/a><\/em>.<\/p>\n\n\n\n<p class=\"wp-block-paragraph\"><strong>L\u2019iniziativa \u00e8 realizzata con il contributo della Regione Campania.<\/strong><\/p>\n\n\n\n<div class=\"wp-block-buttons aligncenter is-layout-flex wp-block-buttons-is-layout-flex\">\n<div class=\"wp-block-button is-style-outline is-style-outline--1\"><a class=\"wp-block-button__link has-black-color has-text-color has-background\" href=\"https:\/\/www.facebook.com\/pigrecoemme\/posts\/3774581329227174\" style=\"background-color:#ff9900\" target=\"_blank\" rel=\"noreferrer noopener\"><strong>Guarda lo streaming su Facebook o ricevi un promemoria<\/strong><\/a><\/div>\n<\/div>\n\n\n\n<!--more-->\n\n\n\n<h2 class=\"wp-block-heading\" id=\"il-cinema-di-wes-anderson\"><strong>Il cinema di Wes Anderson<\/strong><\/h2>\n\n\n\n\n\n<blockquote class=\"wp-block-quote is-layout-flow wp-block-quote-is-layout-flow\"><p>Vorrei vivere in un film di Wes Anderson<br \/>Inquadrature simmetriche e poi partono i Kinks<br \/>Vorrei l&#8217;amore dei film di Wes Anderson<br \/>Tutto tenerezza e finali agrodolci<\/p><\/blockquote>\n\n\n\n<p class=\"wp-block-paragraph\">Cos\u00ec recita l&#8217;inizio della seconda strofa di <em>Wes Anderson<\/em>, canzone del gruppo <strong>I cani<\/strong> accompagnata da un <a href=\"https:\/\/www.youtube.com\/watch?v=r8Zo4zXfE5o\" target=\"_blank\" rel=\"noreferrer noopener\">videoclip<\/a> realizzato secondo gli stilemi del regista cui il brano \u00e8 dedicato: i colori, le didascalie, le copertine di libri, le plong\u00e9e su oggetti particolari, la simmetria. Tutto questo \u00e8 possibile perch\u00e9 l&#8217;autore di <em>Moonrise Kingdom<\/em>&nbsp;e dell&#8217;atteso <em><a href=\"https:\/\/www.youtube.com\/watch?v=TcPk2p0Zaw4\" target=\"_blank\" rel=\"noreferrer noopener\">The French Dispatch<\/a><\/em>&nbsp;ha mostrato fin dall&#8217;esordio, <em>Un colpo da dilettanti<\/em>, uno stile decisamente riconoscibile anche dai meno cinefili. Ed \u00e8 proprio \u201cl&#8217;Anderson Touch<em>\u201d<\/em>&nbsp;che si cercher\u00e0 di indagare e analizzare.<\/p>\n\n\n\n<div class=\"wp-block-columns is-layout-flex wp-container-core-columns-is-layout-7387b849 wp-block-columns-is-layout-flex\">\n<div class=\"wp-block-column is-layout-flow wp-block-column-is-layout-flow\">\n<figure class=\"wp-block-image size-large\"><a href=\"https:\/\/i0.wp.com\/www.pigrecoemme.com\/blog\/wp-content\/uploads\/2020\/11\/wes-anderson-genitori-figli-altri-animali-ilaria-feole.jpg?ssl=1\"><img data-recalc-dims=\"1\" loading=\"lazy\" decoding=\"async\" width=\"648\" height=\"961\" src=\"https:\/\/i0.wp.com\/www.pigrecoemme.com\/blog\/wp-content\/uploads\/2020\/11\/wes-anderson-genitori-figli-altri-animali-ilaria-feole.jpg?resize=648%2C961&#038;ssl=1\" alt=\"wes anderson genitori figli altri animali ilaria feole\" class=\"wp-image-2938\" srcset=\"https:\/\/i0.wp.com\/www.pigrecoemme.com\/blog\/wp-content\/uploads\/2020\/11\/wes-anderson-genitori-figli-altri-animali-ilaria-feole.jpg?w=648&amp;ssl=1 648w, https:\/\/i0.wp.com\/www.pigrecoemme.com\/blog\/wp-content\/uploads\/2020\/11\/wes-anderson-genitori-figli-altri-animali-ilaria-feole.jpg?resize=202%2C300&amp;ssl=1 202w\" sizes=\"auto, (max-width: 648px) 100vw, 648px\" \/><\/a><figcaption><em><a href=\"https:\/\/www.amazon.it\/Anderson-Genitori-figli-altri-animali\/dp\/8882483231\"><strong><em><a href=\"https:\/\/www.amazon.it\/Anderson-Genitori-figli-altri-animali\/dp\/8882483231\"><strong>Wes Anderson &#8211; Genitori, figli e altri animali<\/strong><\/a><\/em><\/strong><\/a><\/em><\/figcaption><\/figure>\n<\/div>\n\n\n\n<div class=\"wp-block-column is-layout-flow wp-block-column-is-layout-flow\">\n<figure class=\"wp-block-pullquote\"><blockquote><p><\/p><cite>\u00abQuando chiesi a Howard Hawks quali fossero i suoi registi preferiti, rispose \u201cMi piace chiunque riesca a farti capire chi diavolo ha diretto il film\u2026Perch\u00e9 il regista \u00e8 il narratore della storia, e dovrebbe avere il suo personale metodo per raccontarla\u201d. Di fronte a un film di Wes Anderson, sai per certo chi diavolo l&#8217;ha fatto. Eppure, questo stile \u00e8 difficile da descrivere, come solo i migliori lo sono\u00bb<\/cite><\/blockquote><\/figure>\n\n\n\n<p class=\"has-text-align-right wp-block-paragraph\">(dall&#8217;introduzione al libro firmata da Peter Bogdanovich)<\/p>\n<\/div>\n<\/div>\n\n\n\n<h2 class=\"wp-block-heading\" id=\"lospite-ilaria-feole\">L&#8217;ospite: Ilaria Feole<\/h2>\n\n\n\n<div class=\"wp-block-columns is-layout-flex wp-container-core-columns-is-layout-7387b849 wp-block-columns-is-layout-flex\">\n<div class=\"wp-block-column is-layout-flow wp-block-column-is-layout-flow\">\n<figure class=\"wp-block-image size-large\"><a href=\"https:\/\/i0.wp.com\/www.pigrecoemme.com\/blog\/wp-content\/uploads\/2020\/11\/ilaria-feole.jpg?ssl=1\"><img data-recalc-dims=\"1\" loading=\"lazy\" decoding=\"async\" width=\"768\" height=\"1024\" src=\"https:\/\/i0.wp.com\/www.pigrecoemme.com\/blog\/wp-content\/uploads\/2020\/11\/ilaria-feole.jpg?resize=768%2C1024&#038;ssl=1\" alt=\"ilaria feole\" class=\"wp-image-2939\" srcset=\"https:\/\/i0.wp.com\/www.pigrecoemme.com\/blog\/wp-content\/uploads\/2020\/11\/ilaria-feole.jpg?resize=768%2C1024&amp;ssl=1 768w, https:\/\/i0.wp.com\/www.pigrecoemme.com\/blog\/wp-content\/uploads\/2020\/11\/ilaria-feole.jpg?resize=225%2C300&amp;ssl=1 225w, https:\/\/i0.wp.com\/www.pigrecoemme.com\/blog\/wp-content\/uploads\/2020\/11\/ilaria-feole.jpg?w=900&amp;ssl=1 900w\" sizes=\"auto, (max-width: 768px) 100vw, 768px\" \/><\/a><figcaption>Ilaria Feole<\/figcaption><\/figure>\n\n\n<\/div>\n\n\n\n<div class=\"wp-block-column is-layout-flow wp-block-column-is-layout-flow\">\n<p class=\"wp-block-paragraph\"><\/p>\n\n\n\n<p class=\"wp-block-paragraph\">Ilaria Feole \u00e8 nata a Milano nel 1983. Dal 2009 scrive di cinema e serie televisive per il settimanale Film Tv. <br \/>Collabora con i festival Corto Dorico e Bergamo Film Meeting. \u00c8 autrice delle monografie&nbsp;<em>Wes Anderson &#8211; Genitori, figli e altri animali&nbsp;<\/em>(Bietti, 2014),&nbsp;<em>Michele Soavi &#8211; Cinema e televisione&nbsp;<\/em>(Bietti, 2018) e&nbsp;<em>C&#8217;era una volta in America di Sergio Leone<\/em>&nbsp;(Gremese, 2018). <br \/>\u00c8 tra gli autori di&nbsp;<em>Il mio terzo dizionario delle serie tv cult&nbsp;<\/em>(BeccoGiallo, 2019) e<em>&nbsp;Tutto Fellini&nbsp;<\/em>(Gremese, 2019).<\/p>\n<\/div>\n<\/div>\n\n\n<h2>Come partecipare all&#8217;incontro<\/h2>\n<p><!-- \/wp:post-content --> <!-- wp:paragraph --><\/p>\n<p><strong>L&#8217;incontro, gratuito e aperto a tutti, sar\u00e0 visibile in streaming via Facebook a <a href=\"https:\/\/www.facebook.com\/pigrecoemme\/posts\/3774581329227174\">questo link<\/a>, sabato 5 dicembre a partire dalle 16:30<\/strong>.<\/p>\n<p><!-- wp:core-embed\/facebook {\"url\":\"https:\/\/www.facebook.com\/pigrecoemme\/posts\/3774581329227174\",\"type\":\"rich\",\"providerNameSlug\":\"handler-delloggetto-incorporato\",\"className\":\"\"} --><\/p>\n<figure class=\"wp-block-embed-facebook wp-block-embed is-type-rich is-provider-handler-delloggetto-incorporato\">\n<div class=\"wp-block-embed__wrapper\">\n<div class=\"fb-post\" data-href=\"https:\/\/www.facebook.com\/pigrecoemme\/posts\/3774581329227174\" data-width=\"552\" style=\"background-color: #fff; display: inline-block;\"><\/div>\n<\/div>\n<\/figure>\n<p><!-- \/wp:core-embed\/facebook --><\/p>\n<p><!-- wp:separator {\"color\":\"vivid-cyan-blue\",\"className\":\"is-style-wide\"} --><\/p>\n<hr class=\"wp-block-separator has-text-color has-background has-vivid-cyan-blue-background-color has-vivid-cyan-blue-color is-style-wide\"\/><!-- \/wp:separator --><p><\/p>\n<p><!-- wp:tadv\/classic-paragraph --><\/p>\n<p><!-- wp:heading --><\/p>\n<h2>I prossimi corsi in partenza<\/h2>\n<p><!-- \/wp:heading --> <!-- wp:image {\"sizeSlug\":\"large\",\"className\":\"is-style-default\"} --><\/p>\n<figure class=\"wp-block-image size-large is-style-default\"><a href=\"https:\/\/www.pigrecoemme.com\/corsi\/corso-filmmaker.php\"><img data-recalc-dims=\"1\" decoding=\"async\" src=\"https:\/\/i0.wp.com\/www.pigrecoemme.com\/corsi\/corso-filmaker-napoli-2019-b.jpg?w=860&#038;ssl=1\" alt=\"\"\/><\/a><figcaption><a href=\"https:\/\/www.pigrecoemme.com\/corsi\/corso-filmmaker.php\">Il corso Filmmaker parte il 25 gennaio.<\/a><\/figcaption><\/figure>\n<p><!-- \/wp:image --> <!-- wp:paragraph --><\/p>\n<p>Dal 25 gennaio parte una nuova edizione del <a href=\"https:\/\/www.pigrecoemme.com\/corsi\/corso-filmmaker.php\">corso &#8220;Filmmaker&#8221;<\/a> con alcuni moduli online e alcuni in presenza. <br \/>280 ore dedicate alla regia, al montaggio, alla sceneggiatura e alla realizzazione di un cortometraggio finale. <br \/>Quota di partecipazione: \u20ac 1000.<br \/>Tutte le informazioni sono a <a href=\"https:\/\/www.pigrecoemme.com\/corsi\/corso-filmmaker.php\">questo link<\/a>.<\/p>\n<p><!-- \/wp:paragraph --> <!-- wp:separator {\"className\":\"is-style-wide\"} --><\/p>\n<hr class=\"wp-block-separator is-style-wide\"\/>\n<p><!-- \/wp:separator --> <!-- wp:image {\"sizeSlug\":\"large\",\"className\":\"is-style-default\"} --><\/p>\n<figure class=\"wp-block-image size-large is-style-default\"><a href=\"https:\/\/www.pigrecoemme.com\/corsi\/corso-critica-cinematografica-black-cinema.htm\"><img data-recalc-dims=\"1\" decoding=\"async\" src=\"https:\/\/i0.wp.com\/www.pigrecoemme.com\/corsi\/img\/fb\/corso-black-cinema-3.jpg?w=860&#038;ssl=1\" alt=\"\"\/><\/a><p><\/p>\n<figcaption><a href=\"https:\/\/www.pigrecoemme.com\/corsi\/corso-critica-cinematografica-black-cinema.htm\">il seminario online sul Black Cinema parte il 7 dicembre.<\/a><\/figcaption>\n<\/figure>\n<p><!-- \/wp:image --> <!-- wp:paragraph --><\/p>\n<p>Dal 7 dicembre un seminario online dedicato al &#8220;Black Cinema&#8221;. Quattro lezioni live via Zoom, dalle 19:00 alle 21:00. <br \/>Quota di partecipazione: \u20ac 50,00. <br \/><a href=\"https:\/\/www.pigrecoemme.com\/corsi\/corso-critica-cinematografica-black-cinema.htm\">INFORMAZIONI E ISCRIZIONI QUI<\/a>.<\/p>\n<p><!-- \/wp:paragraph --><\/p>\n<p><!-- \/wp:tadv\/classic-paragraph --><\/p>","protected":false},"excerpt":{"rendered":"<p>Il diciassettesimo appuntamento di Situazione Critica&nbsp;\u2013 l\u2019iniziativa della Scuola di cinema Pigrecoemme di Napoli cominciata a maggio 2018 \u2013 si terr\u00e0 on line, sulla piattaforma Zoom e in streaming su Facebook, sabato 5 dicembre&hellip;<\/p>\n","protected":false},"author":4,"featured_media":0,"comment_status":"open","ping_status":"open","sticky":false,"template":"","format":"standard","meta":{"_jetpack_newsletter_access":"","_jetpack_dont_email_post_to_subs":false,"_jetpack_newsletter_tier_id":0,"_jetpack_memberships_contains_paywalled_content":false,"_jetpack_feature_clip_id":0,"_jetpack_memberships_contains_paid_content":false,"footnotes":"","jetpack_post_was_ever_published":false},"categories":[950,11,1],"tags":[2373,53,1998,1237],"class_list":["post-2934","post","type-post","status-publish","format-standard","hentry","category-analisi-e-critica-2","category-eventi","category-generale","tag-ilaria-feole","tag-rosario-gallone","tag-situazione-critica","tag-wes-anderson"],"yoast_head":"<!-- This site is optimized with the Yoast SEO plugin v28.3 - https:\/\/yoast.com\/product\/yoast-seo-wordpress\/ -->\n<title>Situazione Critica #17: Ilaria Feole su Wes Anderson<\/title>\n<meta name=\"description\" content=\"L&#039;incontro, gratuito e aperto a tutti, sar\u00e0 visibile in streaming via Facebook a questo link, sabato 5 dicembre a partire dalle 16:30.\" \/>\n<meta name=\"robots\" content=\"index, follow, max-snippet:-1, max-image-preview:large, max-video-preview:-1\" \/>\n<link rel=\"canonical\" href=\"https:\/\/www.pigrecoemme.com\/blog\/situazione-critica-17-ilaria-feole-su-wes-anderson\/\" \/>\n<meta property=\"og:locale\" content=\"it_IT\" \/>\n<meta property=\"og:type\" content=\"article\" \/>\n<meta property=\"og:title\" content=\"Situazione Critica #17: Ilaria Feole su Wes Anderson\" \/>\n<meta property=\"og:description\" content=\"L&#039;incontro, gratuito e aperto a tutti, sar\u00e0 visibile in streaming via Facebook a questo link, sabato 5 dicembre a partire dalle 16:30.\" \/>\n<meta property=\"og:url\" content=\"https:\/\/www.pigrecoemme.com\/blog\/situazione-critica-17-ilaria-feole-su-wes-anderson\/\" \/>\n<meta property=\"og:site_name\" content=\"Scuola di Cinema Pigrecoemme - Blog\" \/>\n<meta property=\"article:publisher\" content=\"https:\/\/www.facebook.com\/pigrecoemme\" \/>\n<meta property=\"article:author\" content=\"https:\/\/www.facebook.com\/pigrecoemme\" \/>\n<meta property=\"article:published_time\" content=\"2020-11-28T15:47:54+00:00\" \/>\n<meta property=\"article:modified_time\" content=\"2020-11-28T16:38:01+00:00\" \/>\n<meta property=\"og:image\" content=\"https:\/\/www.pigrecoemme.com\/blog\/wp-content\/uploads\/2020\/11\/situazione-critica-17-ilaria-feole-su-wes-anderson.jpg\" \/>\n\t<meta property=\"og:image:width\" content=\"1920\" \/>\n\t<meta property=\"og:image:height\" content=\"1080\" \/>\n\t<meta property=\"og:image:type\" content=\"image\/jpeg\" \/>\n<meta name=\"author\" content=\"Pigrecoemme\" \/>\n<meta name=\"twitter:card\" content=\"summary_large_image\" \/>\n<meta name=\"twitter:creator\" content=\"@Pigrecoemme\" \/>\n<meta name=\"twitter:site\" content=\"@Pigrecoemme\" \/>\n<meta name=\"twitter:label1\" content=\"Scritto da\" \/>\n\t<meta name=\"twitter:data1\" content=\"Pigrecoemme\" \/>\n\t<meta name=\"twitter:label2\" content=\"Tempo di lettura stimato\" \/>\n\t<meta name=\"twitter:data2\" content=\"3 minuti\" \/>\n<script type=\"application\/ld+json\" class=\"yoast-schema-graph\">{\"@context\":\"https:\\\/\\\/schema.org\",\"@graph\":[{\"@type\":[\"Article\",\"BlogPosting\"],\"@id\":\"https:\\\/\\\/www.pigrecoemme.com\\\/blog\\\/situazione-critica-17-ilaria-feole-su-wes-anderson\\\/#article\",\"isPartOf\":{\"@id\":\"https:\\\/\\\/www.pigrecoemme.com\\\/blog\\\/situazione-critica-17-ilaria-feole-su-wes-anderson\\\/\"},\"author\":{\"name\":\"Pigrecoemme\",\"@id\":\"https:\\\/\\\/www.pigrecoemme.com\\\/blog\\\/#\\\/schema\\\/person\\\/8996ab5bfa68cec611b330ae4a389d44\"},\"headline\":\"Situazione Critica #17: Ilaria Feole su Wes Anderson\",\"datePublished\":\"2020-11-28T15:47:54+00:00\",\"dateModified\":\"2020-11-28T16:38:01+00:00\",\"mainEntityOfPage\":{\"@id\":\"https:\\\/\\\/www.pigrecoemme.com\\\/blog\\\/situazione-critica-17-ilaria-feole-su-wes-anderson\\\/\"},\"wordCount\":534,\"commentCount\":0,\"publisher\":{\"@id\":\"https:\\\/\\\/www.pigrecoemme.com\\\/blog\\\/#organization\"},\"image\":{\"@id\":\"https:\\\/\\\/www.pigrecoemme.com\\\/blog\\\/situazione-critica-17-ilaria-feole-su-wes-anderson\\\/#primaryimage\"},\"thumbnailUrl\":\"https:\\\/\\\/www.pigrecoemme.com\\\/blog\\\/wp-content\\\/uploads\\\/2020\\\/11\\\/situazione-critica-17-ilaria-feole-su-wes-anderson-1024x576.jpg\",\"keywords\":[\"ilaria feole\",\"rosario gallone\",\"situazione critica\",\"wes anderson\"],\"articleSection\":[\"Analisi e Critica\",\"Eventi\",\"Generale\"],\"inLanguage\":\"it-IT\",\"potentialAction\":[{\"@type\":\"CommentAction\",\"name\":\"Comment\",\"target\":[\"https:\\\/\\\/www.pigrecoemme.com\\\/blog\\\/situazione-critica-17-ilaria-feole-su-wes-anderson\\\/#respond\"]}]},{\"@type\":\"WebPage\",\"@id\":\"https:\\\/\\\/www.pigrecoemme.com\\\/blog\\\/situazione-critica-17-ilaria-feole-su-wes-anderson\\\/\",\"url\":\"https:\\\/\\\/www.pigrecoemme.com\\\/blog\\\/situazione-critica-17-ilaria-feole-su-wes-anderson\\\/\",\"name\":\"Situazione Critica #17: Ilaria Feole su Wes Anderson\",\"isPartOf\":{\"@id\":\"https:\\\/\\\/www.pigrecoemme.com\\\/blog\\\/#website\"},\"primaryImageOfPage\":{\"@id\":\"https:\\\/\\\/www.pigrecoemme.com\\\/blog\\\/situazione-critica-17-ilaria-feole-su-wes-anderson\\\/#primaryimage\"},\"image\":{\"@id\":\"https:\\\/\\\/www.pigrecoemme.com\\\/blog\\\/situazione-critica-17-ilaria-feole-su-wes-anderson\\\/#primaryimage\"},\"thumbnailUrl\":\"https:\\\/\\\/www.pigrecoemme.com\\\/blog\\\/wp-content\\\/uploads\\\/2020\\\/11\\\/situazione-critica-17-ilaria-feole-su-wes-anderson-1024x576.jpg\",\"datePublished\":\"2020-11-28T15:47:54+00:00\",\"dateModified\":\"2020-11-28T16:38:01+00:00\",\"description\":\"L'incontro, gratuito e aperto a tutti, sar\u00e0 visibile in streaming via Facebook a questo link, sabato 5 dicembre a partire dalle 16:30.\",\"breadcrumb\":{\"@id\":\"https:\\\/\\\/www.pigrecoemme.com\\\/blog\\\/situazione-critica-17-ilaria-feole-su-wes-anderson\\\/#breadcrumb\"},\"inLanguage\":\"it-IT\",\"potentialAction\":[{\"@type\":\"ReadAction\",\"target\":[\"https:\\\/\\\/www.pigrecoemme.com\\\/blog\\\/situazione-critica-17-ilaria-feole-su-wes-anderson\\\/\"]}]},{\"@type\":\"ImageObject\",\"inLanguage\":\"it-IT\",\"@id\":\"https:\\\/\\\/www.pigrecoemme.com\\\/blog\\\/situazione-critica-17-ilaria-feole-su-wes-anderson\\\/#primaryimage\",\"url\":\"https:\\\/\\\/i0.wp.com\\\/www.pigrecoemme.com\\\/blog\\\/wp-content\\\/uploads\\\/2020\\\/11\\\/situazione-critica-17-ilaria-feole-su-wes-anderson.jpg?fit=1920%2C1080&ssl=1\",\"contentUrl\":\"https:\\\/\\\/i0.wp.com\\\/www.pigrecoemme.com\\\/blog\\\/wp-content\\\/uploads\\\/2020\\\/11\\\/situazione-critica-17-ilaria-feole-su-wes-anderson.jpg?fit=1920%2C1080&ssl=1\",\"width\":1920,\"height\":1080,\"caption\":\"situazione critica 17 ilaria feole su wes anderson\"},{\"@type\":\"BreadcrumbList\",\"@id\":\"https:\\\/\\\/www.pigrecoemme.com\\\/blog\\\/situazione-critica-17-ilaria-feole-su-wes-anderson\\\/#breadcrumb\",\"itemListElement\":[{\"@type\":\"ListItem\",\"position\":1,\"name\":\"Home\",\"item\":\"https:\\\/\\\/www.pigrecoemme.com\\\/blog\\\/\"},{\"@type\":\"ListItem\",\"position\":2,\"name\":\"Situazione Critica #17: Ilaria Feole su Wes Anderson\"}]},{\"@type\":\"WebSite\",\"@id\":\"https:\\\/\\\/www.pigrecoemme.com\\\/blog\\\/#website\",\"url\":\"https:\\\/\\\/www.pigrecoemme.com\\\/blog\\\/\",\"name\":\"Scuola di Cinema Pigrecoemme - Blog\",\"description\":\"Siamo la prima Scuola di Cinema e Fotografia di Napoli\",\"publisher\":{\"@id\":\"https:\\\/\\\/www.pigrecoemme.com\\\/blog\\\/#organization\"},\"potentialAction\":[{\"@type\":\"SearchAction\",\"target\":{\"@type\":\"EntryPoint\",\"urlTemplate\":\"https:\\\/\\\/www.pigrecoemme.com\\\/blog\\\/?s={search_term_string}\"},\"query-input\":{\"@type\":\"PropertyValueSpecification\",\"valueRequired\":true,\"valueName\":\"search_term_string\"}}],\"inLanguage\":\"it-IT\"},{\"@type\":\"Organization\",\"@id\":\"https:\\\/\\\/www.pigrecoemme.com\\\/blog\\\/#organization\",\"name\":\"Scuola di cinema e fotografia Pigrecoemme\",\"url\":\"https:\\\/\\\/www.pigrecoemme.com\\\/blog\\\/\",\"logo\":{\"@type\":\"ImageObject\",\"inLanguage\":\"it-IT\",\"@id\":\"https:\\\/\\\/www.pigrecoemme.com\\\/blog\\\/#\\\/schema\\\/logo\\\/image\\\/\",\"url\":\"https:\\\/\\\/i0.wp.com\\\/www.pigrecoemme.com\\\/blog\\\/wp-content\\\/uploads\\\/2018\\\/06\\\/logo-pigrecoemme-2018.png?fit=500%2C500&ssl=1\",\"contentUrl\":\"https:\\\/\\\/i0.wp.com\\\/www.pigrecoemme.com\\\/blog\\\/wp-content\\\/uploads\\\/2018\\\/06\\\/logo-pigrecoemme-2018.png?fit=500%2C500&ssl=1\",\"width\":500,\"height\":500,\"caption\":\"Scuola di cinema e fotografia Pigrecoemme\"},\"image\":{\"@id\":\"https:\\\/\\\/www.pigrecoemme.com\\\/blog\\\/#\\\/schema\\\/logo\\\/image\\\/\"},\"sameAs\":[\"https:\\\/\\\/www.facebook.com\\\/pigrecoemme\",\"https:\\\/\\\/x.com\\\/Pigrecoemme\",\"https:\\\/\\\/www.instagram.com\\\/pigrecoemme\\\/\",\"https:\\\/\\\/www.linkedin.com\\\/company\\\/pigrecoemme\\\/\",\"https:\\\/\\\/www.youtube.com\\\/pigrecoemme\"]},{\"@type\":\"Person\",\"@id\":\"https:\\\/\\\/www.pigrecoemme.com\\\/blog\\\/#\\\/schema\\\/person\\\/8996ab5bfa68cec611b330ae4a389d44\",\"name\":\"Pigrecoemme\",\"image\":{\"@type\":\"ImageObject\",\"inLanguage\":\"it-IT\",\"@id\":\"https:\\\/\\\/secure.gravatar.com\\\/avatar\\\/541a562fed7df6fa49262cb93f0f1135b8432ec77a1bc64fdb808f64f2a8287d?s=96&r=g\",\"url\":\"https:\\\/\\\/secure.gravatar.com\\\/avatar\\\/541a562fed7df6fa49262cb93f0f1135b8432ec77a1bc64fdb808f64f2a8287d?s=96&r=g\",\"contentUrl\":\"https:\\\/\\\/secure.gravatar.com\\\/avatar\\\/541a562fed7df6fa49262cb93f0f1135b8432ec77a1bc64fdb808f64f2a8287d?s=96&r=g\",\"caption\":\"Pigrecoemme\"},\"description\":\"Profilo redazionale. Pigrecoemme \u00e8 la prima scuola di cinema, televisione e fotografia di Napoli.\",\"sameAs\":[\"http:\\\/\\\/www.pigrecoemme.com\\\/\",\"https:\\\/\\\/www.facebook.com\\\/pigrecoemme\"],\"url\":\"https:\\\/\\\/www.pigrecoemme.com\\\/blog\\\/author\\\/pigrecoemme\\\/\"}]}<\/script>\n<!-- \/ Yoast SEO plugin. -->","yoast_head_json":{"title":"Situazione Critica #17: Ilaria Feole su Wes Anderson","description":"L'incontro, gratuito e aperto a tutti, sar\u00e0 visibile in streaming via Facebook a questo link, sabato 5 dicembre a partire dalle 16:30.","robots":{"index":"index","follow":"follow","max-snippet":"max-snippet:-1","max-image-preview":"max-image-preview:large","max-video-preview":"max-video-preview:-1"},"canonical":"https:\/\/www.pigrecoemme.com\/blog\/situazione-critica-17-ilaria-feole-su-wes-anderson\/","og_locale":"it_IT","og_type":"article","og_title":"Situazione Critica #17: Ilaria Feole su Wes Anderson","og_description":"L'incontro, gratuito e aperto a tutti, sar\u00e0 visibile in streaming via Facebook a questo link, sabato 5 dicembre a partire dalle 16:30.","og_url":"https:\/\/www.pigrecoemme.com\/blog\/situazione-critica-17-ilaria-feole-su-wes-anderson\/","og_site_name":"Scuola di Cinema Pigrecoemme - Blog","article_publisher":"https:\/\/www.facebook.com\/pigrecoemme","article_author":"https:\/\/www.facebook.com\/pigrecoemme","article_published_time":"2020-11-28T15:47:54+00:00","article_modified_time":"2020-11-28T16:38:01+00:00","og_image":[{"width":1920,"height":1080,"url":"https:\/\/www.pigrecoemme.com\/blog\/wp-content\/uploads\/2020\/11\/situazione-critica-17-ilaria-feole-su-wes-anderson.jpg","type":"image\/jpeg"}],"author":"Pigrecoemme","twitter_card":"summary_large_image","twitter_creator":"@Pigrecoemme","twitter_site":"@Pigrecoemme","twitter_misc":{"Scritto da":"Pigrecoemme","Tempo di lettura stimato":"3 minuti"},"schema":{"@context":"https:\/\/schema.org","@graph":[{"@type":["Article","BlogPosting"],"@id":"https:\/\/www.pigrecoemme.com\/blog\/situazione-critica-17-ilaria-feole-su-wes-anderson\/#article","isPartOf":{"@id":"https:\/\/www.pigrecoemme.com\/blog\/situazione-critica-17-ilaria-feole-su-wes-anderson\/"},"author":{"name":"Pigrecoemme","@id":"https:\/\/www.pigrecoemme.com\/blog\/#\/schema\/person\/8996ab5bfa68cec611b330ae4a389d44"},"headline":"Situazione Critica #17: Ilaria Feole su Wes Anderson","datePublished":"2020-11-28T15:47:54+00:00","dateModified":"2020-11-28T16:38:01+00:00","mainEntityOfPage":{"@id":"https:\/\/www.pigrecoemme.com\/blog\/situazione-critica-17-ilaria-feole-su-wes-anderson\/"},"wordCount":534,"commentCount":0,"publisher":{"@id":"https:\/\/www.pigrecoemme.com\/blog\/#organization"},"image":{"@id":"https:\/\/www.pigrecoemme.com\/blog\/situazione-critica-17-ilaria-feole-su-wes-anderson\/#primaryimage"},"thumbnailUrl":"https:\/\/www.pigrecoemme.com\/blog\/wp-content\/uploads\/2020\/11\/situazione-critica-17-ilaria-feole-su-wes-anderson-1024x576.jpg","keywords":["ilaria feole","rosario gallone","situazione critica","wes anderson"],"articleSection":["Analisi e Critica","Eventi","Generale"],"inLanguage":"it-IT","potentialAction":[{"@type":"CommentAction","name":"Comment","target":["https:\/\/www.pigrecoemme.com\/blog\/situazione-critica-17-ilaria-feole-su-wes-anderson\/#respond"]}]},{"@type":"WebPage","@id":"https:\/\/www.pigrecoemme.com\/blog\/situazione-critica-17-ilaria-feole-su-wes-anderson\/","url":"https:\/\/www.pigrecoemme.com\/blog\/situazione-critica-17-ilaria-feole-su-wes-anderson\/","name":"Situazione Critica #17: Ilaria Feole su Wes Anderson","isPartOf":{"@id":"https:\/\/www.pigrecoemme.com\/blog\/#website"},"primaryImageOfPage":{"@id":"https:\/\/www.pigrecoemme.com\/blog\/situazione-critica-17-ilaria-feole-su-wes-anderson\/#primaryimage"},"image":{"@id":"https:\/\/www.pigrecoemme.com\/blog\/situazione-critica-17-ilaria-feole-su-wes-anderson\/#primaryimage"},"thumbnailUrl":"https:\/\/www.pigrecoemme.com\/blog\/wp-content\/uploads\/2020\/11\/situazione-critica-17-ilaria-feole-su-wes-anderson-1024x576.jpg","datePublished":"2020-11-28T15:47:54+00:00","dateModified":"2020-11-28T16:38:01+00:00","description":"L'incontro, gratuito e aperto a tutti, sar\u00e0 visibile in streaming via Facebook a questo link, sabato 5 dicembre a partire dalle 16:30.","breadcrumb":{"@id":"https:\/\/www.pigrecoemme.com\/blog\/situazione-critica-17-ilaria-feole-su-wes-anderson\/#breadcrumb"},"inLanguage":"it-IT","potentialAction":[{"@type":"ReadAction","target":["https:\/\/www.pigrecoemme.com\/blog\/situazione-critica-17-ilaria-feole-su-wes-anderson\/"]}]},{"@type":"ImageObject","inLanguage":"it-IT","@id":"https:\/\/www.pigrecoemme.com\/blog\/situazione-critica-17-ilaria-feole-su-wes-anderson\/#primaryimage","url":"https:\/\/i0.wp.com\/www.pigrecoemme.com\/blog\/wp-content\/uploads\/2020\/11\/situazione-critica-17-ilaria-feole-su-wes-anderson.jpg?fit=1920%2C1080&ssl=1","contentUrl":"https:\/\/i0.wp.com\/www.pigrecoemme.com\/blog\/wp-content\/uploads\/2020\/11\/situazione-critica-17-ilaria-feole-su-wes-anderson.jpg?fit=1920%2C1080&ssl=1","width":1920,"height":1080,"caption":"situazione critica 17 ilaria feole su wes anderson"},{"@type":"BreadcrumbList","@id":"https:\/\/www.pigrecoemme.com\/blog\/situazione-critica-17-ilaria-feole-su-wes-anderson\/#breadcrumb","itemListElement":[{"@type":"ListItem","position":1,"name":"Home","item":"https:\/\/www.pigrecoemme.com\/blog\/"},{"@type":"ListItem","position":2,"name":"Situazione Critica #17: Ilaria Feole su Wes Anderson"}]},{"@type":"WebSite","@id":"https:\/\/www.pigrecoemme.com\/blog\/#website","url":"https:\/\/www.pigrecoemme.com\/blog\/","name":"Scuola di Cinema Pigrecoemme - Blog","description":"Siamo la prima Scuola di Cinema e Fotografia di Napoli","publisher":{"@id":"https:\/\/www.pigrecoemme.com\/blog\/#organization"},"potentialAction":[{"@type":"SearchAction","target":{"@type":"EntryPoint","urlTemplate":"https:\/\/www.pigrecoemme.com\/blog\/?s={search_term_string}"},"query-input":{"@type":"PropertyValueSpecification","valueRequired":true,"valueName":"search_term_string"}}],"inLanguage":"it-IT"},{"@type":"Organization","@id":"https:\/\/www.pigrecoemme.com\/blog\/#organization","name":"Scuola di cinema e fotografia Pigrecoemme","url":"https:\/\/www.pigrecoemme.com\/blog\/","logo":{"@type":"ImageObject","inLanguage":"it-IT","@id":"https:\/\/www.pigrecoemme.com\/blog\/#\/schema\/logo\/image\/","url":"https:\/\/i0.wp.com\/www.pigrecoemme.com\/blog\/wp-content\/uploads\/2018\/06\/logo-pigrecoemme-2018.png?fit=500%2C500&ssl=1","contentUrl":"https:\/\/i0.wp.com\/www.pigrecoemme.com\/blog\/wp-content\/uploads\/2018\/06\/logo-pigrecoemme-2018.png?fit=500%2C500&ssl=1","width":500,"height":500,"caption":"Scuola di cinema e fotografia Pigrecoemme"},"image":{"@id":"https:\/\/www.pigrecoemme.com\/blog\/#\/schema\/logo\/image\/"},"sameAs":["https:\/\/www.facebook.com\/pigrecoemme","https:\/\/x.com\/Pigrecoemme","https:\/\/www.instagram.com\/pigrecoemme\/","https:\/\/www.linkedin.com\/company\/pigrecoemme\/","https:\/\/www.youtube.com\/pigrecoemme"]},{"@type":"Person","@id":"https:\/\/www.pigrecoemme.com\/blog\/#\/schema\/person\/8996ab5bfa68cec611b330ae4a389d44","name":"Pigrecoemme","image":{"@type":"ImageObject","inLanguage":"it-IT","@id":"https:\/\/secure.gravatar.com\/avatar\/541a562fed7df6fa49262cb93f0f1135b8432ec77a1bc64fdb808f64f2a8287d?s=96&r=g","url":"https:\/\/secure.gravatar.com\/avatar\/541a562fed7df6fa49262cb93f0f1135b8432ec77a1bc64fdb808f64f2a8287d?s=96&r=g","contentUrl":"https:\/\/secure.gravatar.com\/avatar\/541a562fed7df6fa49262cb93f0f1135b8432ec77a1bc64fdb808f64f2a8287d?s=96&r=g","caption":"Pigrecoemme"},"description":"Profilo redazionale. Pigrecoemme \u00e8 la prima scuola di cinema, televisione e fotografia di Napoli.","sameAs":["http:\/\/www.pigrecoemme.com\/","https:\/\/www.facebook.com\/pigrecoemme"],"url":"https:\/\/www.pigrecoemme.com\/blog\/author\/pigrecoemme\/"}]}},"jetpack_sharing_enabled":true,"jetpack_likes_enabled":true,"jetpack-related-posts":[{"id":2967,"url":"https:\/\/www.pigrecoemme.com\/blog\/guarda-tutti-gli-appuntamenti-di-situazione-critica-2020\/","url_meta":{"origin":2934,"position":0},"title":"Guarda tutti gli appuntamenti di &#8220;Situazione Critica&#8221; 2020!","author":"Pigrecoemme","date":"24 Dicembre 2020","format":false,"excerpt":"Durante il 2020 si \u00e8 tenuta la terza edizione di \u201cSituazione Critica\u201d, la rassegna di incontri dedicata alla critica cinematografica diretta dal nostro Rosario Gallone. Quest\u2019anno, a causa dell\u2019emergenza Covid-19, gli appuntamenti si sono svolti online e, sebbene ci sia mancato il contatto diretto col pubblico, che dal 2018 \u00e8\u2026","rel":"","context":"In &quot;Analisi e Critica&quot;","block_context":{"text":"Analisi e Critica","link":"https:\/\/www.pigrecoemme.com\/blog\/analisi-e-critica-2\/"},"img":{"alt_text":"situazione critica 2020","src":"https:\/\/i0.wp.com\/www.pigrecoemme.com\/blog\/wp-content\/uploads\/2020\/12\/situazione-critica-2020.jpg?resize=350%2C200&ssl=1","width":350,"height":200,"srcset":"https:\/\/i0.wp.com\/www.pigrecoemme.com\/blog\/wp-content\/uploads\/2020\/12\/situazione-critica-2020.jpg?resize=350%2C200&ssl=1 1x, https:\/\/i0.wp.com\/www.pigrecoemme.com\/blog\/wp-content\/uploads\/2020\/12\/situazione-critica-2020.jpg?resize=525%2C300&ssl=1 1.5x, https:\/\/i0.wp.com\/www.pigrecoemme.com\/blog\/wp-content\/uploads\/2020\/12\/situazione-critica-2020.jpg?resize=700%2C400&ssl=1 2x, https:\/\/i0.wp.com\/www.pigrecoemme.com\/blog\/wp-content\/uploads\/2020\/12\/situazione-critica-2020.jpg?resize=1050%2C600&ssl=1 3x"},"classes":[]},{"id":3852,"url":"https:\/\/www.pigrecoemme.com\/blog\/situazione-critica-torna-dal-primo-ottobre\/","url_meta":{"origin":2934,"position":1},"title":"Situazione Critica torna dal primo ottobre!","author":"Pigrecoemme","date":"24 Settembre 2025","format":false,"excerpt":"FIC \u2013 Federazione Italiana Cineforum, Cineforum Rivista, Porte Invisibili Media e Regione Campania presentano Situazione Critica 2025 (ottava edizione) Torna dal 1\u00b0 ottobre 2025, per l\u2019ottavo anno consecutivo, \u201cSituazione Critica\u201d, il ciclo di incontri dedicati alla critica e alla cultura cinematografica organizzato dalla Scuola di cinema Pigrecoemme di Napoli e\u2026","rel":"","context":"In &quot;Analisi e Critica&quot;","block_context":{"text":"Analisi e Critica","link":"https:\/\/www.pigrecoemme.com\/blog\/analisi-e-critica-2\/"},"img":{"alt_text":"","src":"https:\/\/i0.wp.com\/www.pigrecoemme.com\/blog\/wp-content\/uploads\/2025\/09\/situazione-critica-2025-programma.jpg?resize=350%2C200&ssl=1","width":350,"height":200,"srcset":"https:\/\/i0.wp.com\/www.pigrecoemme.com\/blog\/wp-content\/uploads\/2025\/09\/situazione-critica-2025-programma.jpg?resize=350%2C200&ssl=1 1x, https:\/\/i0.wp.com\/www.pigrecoemme.com\/blog\/wp-content\/uploads\/2025\/09\/situazione-critica-2025-programma.jpg?resize=525%2C300&ssl=1 1.5x, https:\/\/i0.wp.com\/www.pigrecoemme.com\/blog\/wp-content\/uploads\/2025\/09\/situazione-critica-2025-programma.jpg?resize=700%2C400&ssl=1 2x, https:\/\/i0.wp.com\/www.pigrecoemme.com\/blog\/wp-content\/uploads\/2025\/09\/situazione-critica-2025-programma.jpg?resize=1050%2C600&ssl=1 3x, https:\/\/i0.wp.com\/www.pigrecoemme.com\/blog\/wp-content\/uploads\/2025\/09\/situazione-critica-2025-programma.jpg?resize=1400%2C800&ssl=1 4x"},"classes":[]},{"id":3642,"url":"https:\/\/www.pigrecoemme.com\/blog\/situazione-critica-2024-bad-guys-dal-20-settembre\/","url_meta":{"origin":2934,"position":2},"title":"Situazione Critica 2024: Bad Guys. Dal 20 settembre!","author":"Pigrecoemme","date":"7 Settembre 2024","format":false,"excerpt":"L\u2019edizione 2024 di Situazione Critica porter\u00e0 a Napoli, come l'anno scorso con Bad Girls, un format della FIC \u2013 Federazione Italiana Cineforum (editrice della rivista Cineforum) che \u00e8 in tourn\u00e9e in Italia: Bad Guys. Anche per quest'anno gli incontri di approfondimento dedicati al cinema - tenuti da critici e studiosi\u2026","rel":"","context":"In &quot;Analisi e Critica&quot;","block_context":{"text":"Analisi e Critica","link":"https:\/\/www.pigrecoemme.com\/blog\/analisi-e-critica-2\/"},"img":{"alt_text":"","src":"https:\/\/i0.wp.com\/www.pigrecoemme.com\/blog\/wp-content\/uploads\/2024\/09\/situazione-critica-bad-guys.jpg?resize=350%2C200&ssl=1","width":350,"height":200,"srcset":"https:\/\/i0.wp.com\/www.pigrecoemme.com\/blog\/wp-content\/uploads\/2024\/09\/situazione-critica-bad-guys.jpg?resize=350%2C200&ssl=1 1x, https:\/\/i0.wp.com\/www.pigrecoemme.com\/blog\/wp-content\/uploads\/2024\/09\/situazione-critica-bad-guys.jpg?resize=525%2C300&ssl=1 1.5x, https:\/\/i0.wp.com\/www.pigrecoemme.com\/blog\/wp-content\/uploads\/2024\/09\/situazione-critica-bad-guys.jpg?resize=700%2C400&ssl=1 2x, https:\/\/i0.wp.com\/www.pigrecoemme.com\/blog\/wp-content\/uploads\/2024\/09\/situazione-critica-bad-guys.jpg?resize=1050%2C600&ssl=1 3x, https:\/\/i0.wp.com\/www.pigrecoemme.com\/blog\/wp-content\/uploads\/2024\/09\/situazione-critica-bad-guys.jpg?resize=1400%2C800&ssl=1 4x"},"classes":[]},{"id":3400,"url":"https:\/\/www.pigrecoemme.com\/blog\/situazione-critica-2023-bad-girls\/","url_meta":{"origin":2934,"position":3},"title":"Situazione critica 2023: Bad Girls.","author":"Pigrecoemme","date":"2 Luglio 2023","format":false,"excerpt":"L\u2019edizione 2023 di Situazione Critica porter\u00e0 a Napoli un format della FIC \u2013 Federazione Italiana Cineforum (tra l\u2019altro editrice della rivista Cineforum) che \u00e8 in tourn\u00e9e in Italia: Bad Girls.Dopo Brescia, Bergamo e Genova, quella di Napoli sar\u00e0 la prima tappa nel Sud Italia. In occasione di questa partnership si\u2026","rel":"","context":"In &quot;Analisi e Critica&quot;","block_context":{"text":"Analisi e Critica","link":"https:\/\/www.pigrecoemme.com\/blog\/analisi-e-critica-2\/"},"img":{"alt_text":"","src":"https:\/\/i0.wp.com\/www.pigrecoemme.com\/blog\/wp-content\/uploads\/2023\/09\/situazione-critica-bad-girls-fb-2.png?resize=350%2C200&ssl=1","width":350,"height":200,"srcset":"https:\/\/i0.wp.com\/www.pigrecoemme.com\/blog\/wp-content\/uploads\/2023\/09\/situazione-critica-bad-girls-fb-2.png?resize=350%2C200&ssl=1 1x, https:\/\/i0.wp.com\/www.pigrecoemme.com\/blog\/wp-content\/uploads\/2023\/09\/situazione-critica-bad-girls-fb-2.png?resize=525%2C300&ssl=1 1.5x, https:\/\/i0.wp.com\/www.pigrecoemme.com\/blog\/wp-content\/uploads\/2023\/09\/situazione-critica-bad-girls-fb-2.png?resize=700%2C400&ssl=1 2x"},"classes":[]},{"id":3143,"url":"https:\/\/www.pigrecoemme.com\/blog\/seminario-online-weirdo-cinema\/","url_meta":{"origin":2934,"position":4},"title":"Seminario online: Weirdo Cinema, il cinema &#8220;strano&#8221;","author":"Pigrecoemme","date":"3 Marzo 2022","format":false,"excerpt":"Guida alle pellicole deragliate, deviate e devianti, in tre lezioni!(dal 22 marzo) l termine \u201cweird\u201d non \u00e8 traducibile semplicemente come strano. Come ci insegna Mark Fisher nel suo\u00a0The weird and the eerie. Lo strano e l'inquietante nel mondo contemporaneo\u00a0(in Italia edito da Minimum fax), \u00abha piuttosto a che vedere con\u2026","rel":"","context":"In &quot;Analisi e Critica&quot;","block_context":{"text":"Analisi e Critica","link":"https:\/\/www.pigrecoemme.com\/blog\/analisi-e-critica-2\/"},"img":{"alt_text":"","src":"https:\/\/i0.wp.com\/www.pigrecoemme.com\/img\/team\/rosario-gallone.jpg?resize=350%2C200&ssl=1","width":350,"height":200},"classes":[]},{"id":2642,"url":"https:\/\/www.pigrecoemme.com\/blog\/situazione-critica-online-gli-appuntamenti-del-2019\/","url_meta":{"origin":2934,"position":5},"title":"Situazione Critica: online gli appuntamenti del 2019","author":"Pigrecoemme","date":"4 Aprile 2020","format":false,"excerpt":"Dura stare a casa, eh? Beh, se siete appassionati di cinema (e forse lo siete, visto che state leggendo il nostro blog), potreste sciropparvi le millemila ore di registrazione video (e anche audio! Altrimenti non si capirebbe nulla, che diamine!) dei 5 appuntamenti di Situazione Critica organizzati nel 2019 dalla\u2026","rel":"","context":"In &quot;Analisi e Critica&quot;","block_context":{"text":"Analisi e Critica","link":"https:\/\/www.pigrecoemme.com\/blog\/analisi-e-critica-2\/"},"img":{"alt_text":"situazione critica","src":"https:\/\/i0.wp.com\/www.pigrecoemme.com\/blog\/wp-content\/uploads\/2020\/04\/situazione-critica.jpg?resize=350%2C200&ssl=1","width":350,"height":200,"srcset":"https:\/\/i0.wp.com\/www.pigrecoemme.com\/blog\/wp-content\/uploads\/2020\/04\/situazione-critica.jpg?resize=350%2C200&ssl=1 1x, https:\/\/i0.wp.com\/www.pigrecoemme.com\/blog\/wp-content\/uploads\/2020\/04\/situazione-critica.jpg?resize=525%2C300&ssl=1 1.5x, https:\/\/i0.wp.com\/www.pigrecoemme.com\/blog\/wp-content\/uploads\/2020\/04\/situazione-critica.jpg?resize=700%2C400&ssl=1 2x, https:\/\/i0.wp.com\/www.pigrecoemme.com\/blog\/wp-content\/uploads\/2020\/04\/situazione-critica.jpg?resize=1050%2C600&ssl=1 3x"},"classes":[]}],"jetpack_featured_media_url":"","_links":{"self":[{"href":"https:\/\/www.pigrecoemme.com\/blog\/wp-json\/wp\/v2\/posts\/2934","targetHints":{"allow":["GET"]}}],"collection":[{"href":"https:\/\/www.pigrecoemme.com\/blog\/wp-json\/wp\/v2\/posts"}],"about":[{"href":"https:\/\/www.pigrecoemme.com\/blog\/wp-json\/wp\/v2\/types\/post"}],"author":[{"embeddable":true,"href":"https:\/\/www.pigrecoemme.com\/blog\/wp-json\/wp\/v2\/users\/4"}],"replies":[{"embeddable":true,"href":"https:\/\/www.pigrecoemme.com\/blog\/wp-json\/wp\/v2\/comments?post=2934"}],"version-history":[{"count":0,"href":"https:\/\/www.pigrecoemme.com\/blog\/wp-json\/wp\/v2\/posts\/2934\/revisions"}],"wp:attachment":[{"href":"https:\/\/www.pigrecoemme.com\/blog\/wp-json\/wp\/v2\/media?parent=2934"}],"wp:term":[{"taxonomy":"category","embeddable":true,"href":"https:\/\/www.pigrecoemme.com\/blog\/wp-json\/wp\/v2\/categories?post=2934"},{"taxonomy":"post_tag","embeddable":true,"href":"https:\/\/www.pigrecoemme.com\/blog\/wp-json\/wp\/v2\/tags?post=2934"}],"curies":[{"name":"wp","href":"https:\/\/api.w.org\/{rel}","templated":true}]}}