{"id":2923,"date":"2020-11-15T19:42:55","date_gmt":"2020-11-15T18:42:55","guid":{"rendered":"https:\/\/www.pigrecoemme.com\/blog\/?p=2923"},"modified":"2020-11-18T22:22:18","modified_gmt":"2020-11-18T21:22:18","slug":"situazione-critica-16-anna-masecchia-su-agnes-varda","status":"publish","type":"post","link":"https:\/\/www.pigrecoemme.com\/blog\/situazione-critica-16-anna-masecchia-su-agnes-varda\/","title":{"rendered":"Situazione Critica #16: Anna Masecchia su Agn\u00e8s Varda"},"content":{"rendered":"\n<p>Il sedicesimo appuntamento di <a href=\"https:\/\/www.pigrecoemme.com\/blog\/tag\/situazione-critica\/\">Situazione Critica<\/a> \u2013 l\u2019iniziativa della <a href=\"https:\/\/www.pigrecoemme.com\/\">Scuola di cinema Pigrecoemme<\/a> di Napoli dedicata alla critica cinematografica \u2013 si terr\u00e0 on line, sulla piattaforma Zoom e in streaming su Facebook (<a href=\"https:\/\/www.facebook.com\/pigrecoemme\/posts\/3738302329521741\" target=\"_blank\" rel=\"noreferrer noopener\">qui<\/a>), <strong>sabato 21 novembre 2020 a partire dalle 16:30<\/strong>.<\/p>\n\n\n\n<figure class=\"wp-block-image size-large is-style-default\"><a href=\"https:\/\/i0.wp.com\/www.pigrecoemme.com\/blog\/wp-content\/uploads\/2020\/11\/situazione-critica-16-anna-masecchia-agnes-varda.jpg?ssl=1\"><img data-recalc-dims=\"1\" loading=\"lazy\" decoding=\"async\" width=\"860\" height=\"484\" src=\"https:\/\/i0.wp.com\/www.pigrecoemme.com\/blog\/wp-content\/uploads\/2020\/11\/situazione-critica-16-anna-masecchia-agnes-varda.jpg?resize=860%2C484&#038;ssl=1\" alt=\"situazione critica 16 anna masecchia agnes varda\" class=\"wp-image-2925\" title=\"Situazione Critica #16: Anna Masecchia su Agn\u00e8s Varda\" srcset=\"https:\/\/i0.wp.com\/www.pigrecoemme.com\/blog\/wp-content\/uploads\/2020\/11\/situazione-critica-16-anna-masecchia-agnes-varda.jpg?resize=1024%2C576&amp;ssl=1 1024w, https:\/\/i0.wp.com\/www.pigrecoemme.com\/blog\/wp-content\/uploads\/2020\/11\/situazione-critica-16-anna-masecchia-agnes-varda.jpg?resize=300%2C169&amp;ssl=1 300w, https:\/\/i0.wp.com\/www.pigrecoemme.com\/blog\/wp-content\/uploads\/2020\/11\/situazione-critica-16-anna-masecchia-agnes-varda.jpg?resize=768%2C432&amp;ssl=1 768w, https:\/\/i0.wp.com\/www.pigrecoemme.com\/blog\/wp-content\/uploads\/2020\/11\/situazione-critica-16-anna-masecchia-agnes-varda.jpg?resize=1536%2C864&amp;ssl=1 1536w, https:\/\/i0.wp.com\/www.pigrecoemme.com\/blog\/wp-content\/uploads\/2020\/11\/situazione-critica-16-anna-masecchia-agnes-varda.jpg?w=1920&amp;ssl=1 1920w, https:\/\/i0.wp.com\/www.pigrecoemme.com\/blog\/wp-content\/uploads\/2020\/11\/situazione-critica-16-anna-masecchia-agnes-varda.jpg?w=1720&amp;ssl=1 1720w\" sizes=\"auto, (max-width: 860px) 100vw, 860px\" \/><\/a><\/figure>\n\n\n\n<p class=\"wp-block-paragraph\">L\u2019ospite Anna Masecchia parler\u00e0 con Rosario Gallone di una regista francese che ha saputo anticipare la rivoluzione della <em>Nouvelle vague<\/em>: <strong>Agn\u00e8s Varda<\/strong>. E sar\u00e0 l&#8217;occasione per presentare il cofanetto <em><a href=\"https:\/\/www.amazon.it\/scoperta-Agn%C3%A8s-Varda-film-brossura\/dp\/8899196796\" target=\"_blank\" rel=\"noreferrer noopener\">Alla scoperta di Agn\u00e8s Varda in 5 film<\/a><\/em> nel quale, oltre ai due dvd, \u00e8 presente un volume in brossura per il quale <strong>Anna Masecchia<\/strong>&nbsp;ha scritto il saggio introduttivo.<\/p>\n\n\n\n<p class=\"wp-block-paragraph\"><strong>L\u2019iniziativa \u00e8 realizzata con il contributo della Regione Campania.<\/strong><\/p>\n\n\n\n<div class=\"wp-block-buttons aligncenter is-layout-flex wp-block-buttons-is-layout-flex\">\n<div class=\"wp-block-button is-style-outline is-style-outline--1\"><a class=\"wp-block-button__link has-black-color has-text-color has-background\" href=\"https:\/\/www.facebook.com\/pigrecoemme\/posts\/3738302329521741\" style=\"background-color:#ff9900\">Guarda lo streaming su Facebook o ricevi un promemoria<\/a><\/div>\n<\/div>\n\n\n\n<!--more-->\n\n\n\n<h2 class=\"wp-block-heading\" id=\"alla-scoperta-di-agnes-varda\"><strong>Alla scoperta di Agn\u00e8s Varda<\/strong><\/h2>\n\n\n\n<p class=\"wp-block-paragraph\">Dal debutto alla regia con <em>La pointe courte<\/em>&nbsp;(con <strong>Philippe Noiret<\/strong>&nbsp;e il montaggio di <strong>Alain Resnais<\/strong>) che, nel 1954, anticipa forse temi e stilemi della futura <em>Nouvelle Vague<\/em>&nbsp;(tutta maschile), all&#8217;ultimo autoritratto <em>Agn\u00e8s par Varda<\/em>, <strong>Agn\u00e8s Varda<\/strong>&nbsp;ha messo sempre s\u00e9&nbsp;stessa nel proprio lavoro, &nbsp;che fosse cinema di finzione, documentario, fotografia, arte visuale. <strong>Varda<\/strong>&nbsp;ha fatto della \u201csoggettiva libera indiretta\u201d la sua cifra stilistica,&nbsp;prima che venisse definita da <strong>Pasolini<\/strong>&nbsp;parafrasando il discorso libero indiretto in letteratura.<\/p>\n\n\n\n<div class=\"wp-block-columns is-layout-flex wp-container-core-columns-is-layout-7387b849 wp-block-columns-is-layout-flex\">\n<div class=\"wp-block-column is-layout-flow wp-block-column-is-layout-flow\">\n<figure class=\"wp-block-image size-large is-style-default\"><a href=\"https:\/\/i0.wp.com\/www.pigrecoemme.com\/blog\/wp-content\/uploads\/2020\/11\/alla-scoperta-di-agnes-varda.jpg?ssl=1\"><img data-recalc-dims=\"1\" loading=\"lazy\" decoding=\"async\" width=\"717\" height=\"959\" src=\"https:\/\/i0.wp.com\/www.pigrecoemme.com\/blog\/wp-content\/uploads\/2020\/11\/alla-scoperta-di-agnes-varda.jpg?resize=717%2C959&#038;ssl=1\" alt=\"alla scoperta di agnes varda\" class=\"wp-image-2926\" srcset=\"https:\/\/i0.wp.com\/www.pigrecoemme.com\/blog\/wp-content\/uploads\/2020\/11\/alla-scoperta-di-agnes-varda.jpg?w=717&amp;ssl=1 717w, https:\/\/i0.wp.com\/www.pigrecoemme.com\/blog\/wp-content\/uploads\/2020\/11\/alla-scoperta-di-agnes-varda.jpg?resize=224%2C300&amp;ssl=1 224w\" sizes=\"auto, (max-width: 717px) 100vw, 717px\" \/><\/a><figcaption><a href=\"https:\/\/www.amazon.it\/scoperta-Agn%C3%A8s-Varda-film-brossura\/dp\/8899196796\" target=\"_blank\" rel=\"noreferrer noopener\">Alla scoperta di Agn\u00e8s Varda \u00e8 disponibile su Amazon<\/a><\/figcaption><\/figure>\n<\/div>\n\n\n\n<div class=\"wp-block-column is-layout-flow wp-block-column-is-layout-flow\">\n<blockquote class=\"wp-block-quote is-layout-flow wp-block-quote-is-layout-flow\"><p><em>\u00abUna voce unica nel coro nouvelle vague, prima regista donna a ricevere un Oscar alla carriera. Nata fotografa, Agn\u00e8s Varda per oltre settant&#8217;anni ha girato film con lo stesso contagioso piacere, abbattendo le frontiere fra fiction e documentario, fotografia e video, analogico e digitale, colore e bianco e nero, confondendo generi, formati e durate. Un cinema in prima persona, singolare, fatto di luoghi, di strade, di attese e soprattutto di persone, lo sguardo che si fa all&#8217;occorrenza femminista e sociale, senza perdere in libert\u00e0 poetica. La sua opera mostra oggi una longevit\u00e0 naturale, i suoi film continuano a risplendere per calore e umanit\u00e0, ponendo ancora questioni vive e urgenti\u00bb<\/em><\/p><\/blockquote>\n\n\n\n<p class=\"has-text-align-right wp-block-paragraph\">(dalla fascetta del cofanetto <em>Alla scoperta di Agn\u00e8s Varda in 5 film<\/em>)<\/p>\n<\/div>\n<\/div>\n\n\n\n<h2 class=\"wp-block-heading\" id=\"lospite\">L&#8217;ospite<\/h2>\n\n\n\n<div class=\"wp-block-columns is-layout-flex wp-container-core-columns-is-layout-7387b849 wp-block-columns-is-layout-flex\">\n<div class=\"wp-block-column is-layout-flow wp-block-column-is-layout-flow\">\n<figure class=\"wp-block-image size-large is-style-default\"><a href=\"https:\/\/i0.wp.com\/www.pigrecoemme.com\/blog\/wp-content\/uploads\/2020\/11\/anna-masecchia-giulinao-montaldo.jpg?ssl=1\"><img data-recalc-dims=\"1\" loading=\"lazy\" decoding=\"async\" width=\"860\" height=\"626\" src=\"https:\/\/i0.wp.com\/www.pigrecoemme.com\/blog\/wp-content\/uploads\/2020\/11\/anna-masecchia-giulinao-montaldo.jpg?resize=860%2C626&#038;ssl=1\" alt=\"Anna Masecchia con  Giuliano Montaldo\" class=\"wp-image-2927\" srcset=\"https:\/\/i0.wp.com\/www.pigrecoemme.com\/blog\/wp-content\/uploads\/2020\/11\/anna-masecchia-giulinao-montaldo.jpg?resize=1024%2C745&amp;ssl=1 1024w, https:\/\/i0.wp.com\/www.pigrecoemme.com\/blog\/wp-content\/uploads\/2020\/11\/anna-masecchia-giulinao-montaldo.jpg?resize=300%2C218&amp;ssl=1 300w, https:\/\/i0.wp.com\/www.pigrecoemme.com\/blog\/wp-content\/uploads\/2020\/11\/anna-masecchia-giulinao-montaldo.jpg?resize=768%2C558&amp;ssl=1 768w, https:\/\/i0.wp.com\/www.pigrecoemme.com\/blog\/wp-content\/uploads\/2020\/11\/anna-masecchia-giulinao-montaldo.jpg?w=1206&amp;ssl=1 1206w\" sizes=\"auto, (max-width: 860px) 100vw, 860px\" \/><\/a><figcaption>Anna Masecchia con  Giuliano Montaldo<\/figcaption><\/figure>\n<\/div>\n\n\n\n<div class=\"wp-block-column is-layout-flow wp-block-column-is-layout-flow\">\n<p class=\"wp-block-paragraph\"><strong>Anna Masecchia<\/strong> (1974) \u00e8 Professoressa Associata di \u201cCinema, fotografia, televisione\u201d presso l&#8217;Universit\u00e0 di Napoli Federico II dove, per il corso di laurea triennale in \u201cArcheologia, Storia dell\u2019arte e Scienze del Patrimonio Culturale &#8211; indirizzo Spettacolo\u201d e per la magistrale in \u201cDiscipline della Musica e dello Spettacolo. Storia e Teoria\u201d.<\/p>\n\n\n\n<p class=\"wp-block-paragraph\">Tra gli ambiti di ricerca principali: gli studi sul divismo, con particolare attenzione alla costruzione delle immagini popolari, soprattutto femminili; l\u2019analisi di diverse forme di autorialit\u00e0 nell\u2019audiovisivo contemporaneo, soprattutto in relazione al riciclo di immagini del passato e al rapporto tra fotografia, letteratura e cinema nelle scritture dell\u2019io; le radici popolari dello spettacolo \u2018multimediale\u2019 partenopeo, tra <em>fin de si\u00e8cle <\/em>e avvento del sonoro.<\/p>\n<\/div>\n<\/div>\n\n\n\n<p class=\"wp-block-paragraph\">\u00c8 autrice di <em>Al cinema con Proust<\/em>&nbsp;(Marsilio 2009) e <em>Vittorio De Sica. Storia di un attore<\/em>&nbsp;(Kaplan, 2012), e ha pubblicato numerosi contributi scientifici che si muovono tra la storia e la teoria del cinema, italiano e non.<em>&nbsp;<\/em>Un taglio <em>gender<\/em>&nbsp;accomuna alcuni dei pi\u00f9 recenti: <em>Corti viaggi sentimentali con Agn\u00e8s Varda,<\/em>&nbsp;\u00abArabeschi. Rivista di studi su letteratura e visualit\u00e0\u00bb, 16, 2020; <em>Take the lead. Balli di coppia e modelli di mascolinit\u00e0 tra Antonio Banderas e Richard Gere<\/em>, in <em>Ciao maschio. Politiche di rappresentazione del corpo maschile nel Novecento<\/em>, a cura di G. Albert, G. Carluccio, G. Muggeo, A. Pizzo, Rosenberg &amp; Sellier, 2019,<em>&nbsp;<\/em>pp. 295-307; <em>Una star dei due mondi: Antonio Banderas<\/em>, in Alberto Scandola (a cura di), <em>Hollywood Men. Immagine, mascolinit\u00e0 e performance nel cinema americano contemporaneo<\/em>, Kaplan, 2017, pp. 134-145; <em>Maddalena, Clara e le altre: la vita sognata dello schermo<\/em>, in G. Carluccio, E. Morreale, M. Pierini (a cura di),<em>&nbsp;Intorno al neorealismo. Voci, contesti, linguaggi nell&#8217;Italia del dopoguerra<\/em>, Scalpendi, 2017.<\/p>\n\n\n\n<p class=\"wp-block-paragraph\">Su Agn\u00e8s Varda ha lavorato a partire dal 2008. \u00c8 in lavorazione un volume, a cura sua e di Luca Malavasi, con contributi di esperti di Varda per l\u2019editore Scalpendi di Milano.<\/p>\n\n\n\n<p class=\"wp-block-paragraph\">Ha curato, insieme a Valeria Sperti, il focus <em>Punctum in motion<\/em>. <em>Fotografia e scritture dell\u2019io <\/em>di \u00abArabeschi. Rivista di studi su letteratura e visualit\u00e0\u00bb, 16, 2020.<\/p>\n\n\n\n<p class=\"wp-block-paragraph\">Membro della giuria del premio Kinomata 2020.<\/p>\n\n\n\n<h2 class=\"wp-block-heading\" id=\"come-partecipare-allincontro\">Come partecipare all&#8217;incontro<\/h2>\n\n\n\n<p class=\"wp-block-paragraph\"><strong>L&#8217;incontro, gratuito e aperto a tutti, sar\u00e0 visibile in streaming via Facebook a <a href=\"https:\/\/www.facebook.com\/pigrecoemme\/posts\/3738302329521741\">questo link<\/a>, sabato 21 novembre 2020 a partire dalle 16:30<\/strong>.<\/p>\n\n\n\n<h2 class=\"wp-block-heading\" id=\"i-prossimi-corsi-in-partenza\">I prossimi corsi in partenza<\/h2>\n\n\n\n<figure class=\"wp-block-image size-large is-style-default\"><a href=\"https:\/\/www.pigrecoemme.com\/corsi\/corso-filmmaker.php\"><img data-recalc-dims=\"1\" decoding=\"async\" src=\"https:\/\/i0.wp.com\/www.pigrecoemme.com\/corsi\/corso-filmaker-napoli-2019-b.jpg?w=860&#038;ssl=1\" alt=\"\"\/><\/a><figcaption><a href=\"https:\/\/www.pigrecoemme.com\/corsi\/corso-filmmaker.php\">Il corso Filmmaker parte il 25 gennaio.<\/a><\/figcaption><\/figure>\n\n\n\n<p class=\"wp-block-paragraph\">Dal 25 gennaio parte una nuova edizione del <a href=\"https:\/\/www.pigrecoemme.com\/corsi\/corso-filmmaker.php\">corso &#8220;Filmmaker&#8221;<\/a> con alcuni moduli online e alcuni in presenza. <br \/>280 ore dedicate alla regia, al montaggio, alla sceneggiatura e alla realizzazione di un cortometraggio finale. <br \/>Quota di partecipazione: \u20ac 1000.<br \/>Tutte le informazioni sono a <a href=\"https:\/\/www.pigrecoemme.com\/corsi\/corso-filmmaker.php\">questo link<\/a>.<\/p>\n\n\n\n<hr class=\"wp-block-separator is-style-wide\"\/>\n\n\n\n<figure class=\"wp-block-image size-large is-style-default\"><a href=\"https:\/\/www.pigrecoemme.com\/corsi\/corso-critica-cinematografica-black-cinema.htm\"><img data-recalc-dims=\"1\" decoding=\"async\" src=\"https:\/\/i0.wp.com\/www.pigrecoemme.com\/corsi\/img\/fb\/corso-black-cinema-3.jpg?w=860&#038;ssl=1\" alt=\"\"\/><\/a><figcaption><a href=\"https:\/\/www.pigrecoemme.com\/corsi\/corso-critica-cinematografica-black-cinema.htm\">il seminario online sul Black Cinema parte il 7 dicembre.<\/a><\/figcaption><\/figure>\n\n\n\n<p class=\"wp-block-paragraph\">Dal 7 dicembre un seminario online dedicato al &#8220;Black Cinema&#8221;. Quattro lezioni live via Zoom, dalle 19:00 alle 21:00. <br \/>Quota di partecipazione: \u20ac 50,00. <br \/><a href=\"https:\/\/www.pigrecoemme.com\/corsi\/corso-critica-cinematografica-black-cinema.htm\">INFORMAZIONI E ISCRIZIONI QUI<\/a>.<\/p>\n","protected":false},"excerpt":{"rendered":"<p>L\u2019ospite Anna Masecchia parler\u00e0 con Rosario Gallone di una regista francese che ha saputo anticipare la rivoluzione della Nouvelle vague: Agn\u00e8s Varda. E sar\u00e0 l&#8217;occasione per presentare il cofanetto Alla scoperta di Agn\u00e8s Varda&hellip;<\/p>\n","protected":false},"author":4,"featured_media":0,"comment_status":"open","ping_status":"open","sticky":false,"template":"","format":"standard","meta":{"_jetpack_newsletter_access":"","_jetpack_dont_email_post_to_subs":false,"_jetpack_newsletter_tier_id":0,"_jetpack_memberships_contains_paywalled_content":false,"_jetpack_feature_clip_id":0,"_jetpack_memberships_contains_paid_content":false,"footnotes":"","jetpack_post_was_ever_published":false},"categories":[950,11,1],"tags":[2371,53,1998],"class_list":["post-2923","post","type-post","status-publish","format-standard","hentry","category-analisi-e-critica-2","category-eventi","category-generale","tag-anna-masecchia","tag-rosario-gallone","tag-situazione-critica"],"yoast_head":"<!-- This site is optimized with the Yoast SEO plugin v28.3 - https:\/\/yoast.com\/product\/yoast-seo-wordpress\/ -->\n<title>Situazione Critica #16: Anna Masecchia su Agn\u00e8s Varda<\/title>\n<meta name=\"description\" content=\"Evento apterto a tutti in streaming su Facebook sabato 21 novembre 2020 a partire dalle 16:30.\" \/>\n<meta name=\"robots\" content=\"index, follow, max-snippet:-1, max-image-preview:large, max-video-preview:-1\" \/>\n<link rel=\"canonical\" href=\"https:\/\/www.pigrecoemme.com\/blog\/situazione-critica-16-anna-masecchia-su-agnes-varda\/\" \/>\n<meta property=\"og:locale\" content=\"it_IT\" \/>\n<meta property=\"og:type\" content=\"article\" \/>\n<meta property=\"og:title\" content=\"Situazione Critica #16: Anna Masecchia su Agn\u00e8s Varda\" \/>\n<meta property=\"og:description\" content=\"Evento apterto a tutti in streaming su Facebook sabato 21 novembre 2020 a partire dalle 16:30.\" \/>\n<meta property=\"og:url\" content=\"https:\/\/www.pigrecoemme.com\/blog\/situazione-critica-16-anna-masecchia-su-agnes-varda\/\" \/>\n<meta property=\"og:site_name\" content=\"Scuola di Cinema Pigrecoemme - Blog\" \/>\n<meta property=\"article:publisher\" content=\"https:\/\/www.facebook.com\/pigrecoemme\" \/>\n<meta property=\"article:author\" content=\"https:\/\/www.facebook.com\/pigrecoemme\" \/>\n<meta property=\"article:published_time\" content=\"2020-11-15T18:42:55+00:00\" \/>\n<meta property=\"article:modified_time\" content=\"2020-11-18T21:22:18+00:00\" \/>\n<meta property=\"og:image\" content=\"https:\/\/www.pigrecoemme.com\/blog\/wp-content\/uploads\/2020\/11\/situazione-critica-16-anna-masecchia-agnes-varda.jpg\" \/>\n\t<meta property=\"og:image:width\" content=\"1920\" \/>\n\t<meta property=\"og:image:height\" content=\"1080\" \/>\n\t<meta property=\"og:image:type\" content=\"image\/jpeg\" \/>\n<meta name=\"author\" content=\"Pigrecoemme\" \/>\n<meta name=\"twitter:card\" content=\"summary_large_image\" \/>\n<meta name=\"twitter:creator\" content=\"@Pigrecoemme\" \/>\n<meta name=\"twitter:site\" content=\"@Pigrecoemme\" \/>\n<meta name=\"twitter:label1\" content=\"Scritto da\" \/>\n\t<meta name=\"twitter:data1\" content=\"Pigrecoemme\" \/>\n\t<meta name=\"twitter:label2\" content=\"Tempo di lettura stimato\" \/>\n\t<meta name=\"twitter:data2\" content=\"4 minuti\" \/>\n<script type=\"application\/ld+json\" class=\"yoast-schema-graph\">{\"@context\":\"https:\\\/\\\/schema.org\",\"@graph\":[{\"@type\":[\"Article\",\"BlogPosting\"],\"@id\":\"https:\\\/\\\/www.pigrecoemme.com\\\/blog\\\/situazione-critica-16-anna-masecchia-su-agnes-varda\\\/#article\",\"isPartOf\":{\"@id\":\"https:\\\/\\\/www.pigrecoemme.com\\\/blog\\\/situazione-critica-16-anna-masecchia-su-agnes-varda\\\/\"},\"author\":{\"name\":\"Pigrecoemme\",\"@id\":\"https:\\\/\\\/www.pigrecoemme.com\\\/blog\\\/#\\\/schema\\\/person\\\/8996ab5bfa68cec611b330ae4a389d44\"},\"headline\":\"Situazione Critica #16: Anna Masecchia su Agn\u00e8s Varda\",\"datePublished\":\"2020-11-15T18:42:55+00:00\",\"dateModified\":\"2020-11-18T21:22:18+00:00\",\"mainEntityOfPage\":{\"@id\":\"https:\\\/\\\/www.pigrecoemme.com\\\/blog\\\/situazione-critica-16-anna-masecchia-su-agnes-varda\\\/\"},\"wordCount\":816,\"commentCount\":0,\"publisher\":{\"@id\":\"https:\\\/\\\/www.pigrecoemme.com\\\/blog\\\/#organization\"},\"image\":{\"@id\":\"https:\\\/\\\/www.pigrecoemme.com\\\/blog\\\/situazione-critica-16-anna-masecchia-su-agnes-varda\\\/#primaryimage\"},\"thumbnailUrl\":\"https:\\\/\\\/www.pigrecoemme.com\\\/blog\\\/wp-content\\\/uploads\\\/2020\\\/11\\\/situazione-critica-16-anna-masecchia-agnes-varda-1024x576.jpg\",\"keywords\":[\"anna masecchia\",\"rosario gallone\",\"situazione critica\"],\"articleSection\":[\"Analisi e Critica\",\"Eventi\",\"Generale\"],\"inLanguage\":\"it-IT\",\"potentialAction\":[{\"@type\":\"CommentAction\",\"name\":\"Comment\",\"target\":[\"https:\\\/\\\/www.pigrecoemme.com\\\/blog\\\/situazione-critica-16-anna-masecchia-su-agnes-varda\\\/#respond\"]}]},{\"@type\":\"WebPage\",\"@id\":\"https:\\\/\\\/www.pigrecoemme.com\\\/blog\\\/situazione-critica-16-anna-masecchia-su-agnes-varda\\\/\",\"url\":\"https:\\\/\\\/www.pigrecoemme.com\\\/blog\\\/situazione-critica-16-anna-masecchia-su-agnes-varda\\\/\",\"name\":\"Situazione Critica #16: Anna Masecchia su Agn\u00e8s Varda\",\"isPartOf\":{\"@id\":\"https:\\\/\\\/www.pigrecoemme.com\\\/blog\\\/#website\"},\"primaryImageOfPage\":{\"@id\":\"https:\\\/\\\/www.pigrecoemme.com\\\/blog\\\/situazione-critica-16-anna-masecchia-su-agnes-varda\\\/#primaryimage\"},\"image\":{\"@id\":\"https:\\\/\\\/www.pigrecoemme.com\\\/blog\\\/situazione-critica-16-anna-masecchia-su-agnes-varda\\\/#primaryimage\"},\"thumbnailUrl\":\"https:\\\/\\\/www.pigrecoemme.com\\\/blog\\\/wp-content\\\/uploads\\\/2020\\\/11\\\/situazione-critica-16-anna-masecchia-agnes-varda-1024x576.jpg\",\"datePublished\":\"2020-11-15T18:42:55+00:00\",\"dateModified\":\"2020-11-18T21:22:18+00:00\",\"description\":\"Evento apterto a tutti in streaming su Facebook sabato 21 novembre 2020 a partire dalle 16:30.\",\"breadcrumb\":{\"@id\":\"https:\\\/\\\/www.pigrecoemme.com\\\/blog\\\/situazione-critica-16-anna-masecchia-su-agnes-varda\\\/#breadcrumb\"},\"inLanguage\":\"it-IT\",\"potentialAction\":[{\"@type\":\"ReadAction\",\"target\":[\"https:\\\/\\\/www.pigrecoemme.com\\\/blog\\\/situazione-critica-16-anna-masecchia-su-agnes-varda\\\/\"]}]},{\"@type\":\"ImageObject\",\"inLanguage\":\"it-IT\",\"@id\":\"https:\\\/\\\/www.pigrecoemme.com\\\/blog\\\/situazione-critica-16-anna-masecchia-su-agnes-varda\\\/#primaryimage\",\"url\":\"https:\\\/\\\/i0.wp.com\\\/www.pigrecoemme.com\\\/blog\\\/wp-content\\\/uploads\\\/2020\\\/11\\\/situazione-critica-16-anna-masecchia-agnes-varda.jpg?fit=1920%2C1080&ssl=1\",\"contentUrl\":\"https:\\\/\\\/i0.wp.com\\\/www.pigrecoemme.com\\\/blog\\\/wp-content\\\/uploads\\\/2020\\\/11\\\/situazione-critica-16-anna-masecchia-agnes-varda.jpg?fit=1920%2C1080&ssl=1\",\"width\":1920,\"height\":1080,\"caption\":\"situazione critica 16 anna masecchia agnes varda\"},{\"@type\":\"BreadcrumbList\",\"@id\":\"https:\\\/\\\/www.pigrecoemme.com\\\/blog\\\/situazione-critica-16-anna-masecchia-su-agnes-varda\\\/#breadcrumb\",\"itemListElement\":[{\"@type\":\"ListItem\",\"position\":1,\"name\":\"Home\",\"item\":\"https:\\\/\\\/www.pigrecoemme.com\\\/blog\\\/\"},{\"@type\":\"ListItem\",\"position\":2,\"name\":\"Situazione Critica #16: Anna Masecchia su Agn\u00e8s Varda\"}]},{\"@type\":\"WebSite\",\"@id\":\"https:\\\/\\\/www.pigrecoemme.com\\\/blog\\\/#website\",\"url\":\"https:\\\/\\\/www.pigrecoemme.com\\\/blog\\\/\",\"name\":\"Scuola di Cinema Pigrecoemme - Blog\",\"description\":\"Siamo la prima Scuola di Cinema e Fotografia di Napoli\",\"publisher\":{\"@id\":\"https:\\\/\\\/www.pigrecoemme.com\\\/blog\\\/#organization\"},\"potentialAction\":[{\"@type\":\"SearchAction\",\"target\":{\"@type\":\"EntryPoint\",\"urlTemplate\":\"https:\\\/\\\/www.pigrecoemme.com\\\/blog\\\/?s={search_term_string}\"},\"query-input\":{\"@type\":\"PropertyValueSpecification\",\"valueRequired\":true,\"valueName\":\"search_term_string\"}}],\"inLanguage\":\"it-IT\"},{\"@type\":\"Organization\",\"@id\":\"https:\\\/\\\/www.pigrecoemme.com\\\/blog\\\/#organization\",\"name\":\"Scuola di cinema e fotografia Pigrecoemme\",\"url\":\"https:\\\/\\\/www.pigrecoemme.com\\\/blog\\\/\",\"logo\":{\"@type\":\"ImageObject\",\"inLanguage\":\"it-IT\",\"@id\":\"https:\\\/\\\/www.pigrecoemme.com\\\/blog\\\/#\\\/schema\\\/logo\\\/image\\\/\",\"url\":\"https:\\\/\\\/i0.wp.com\\\/www.pigrecoemme.com\\\/blog\\\/wp-content\\\/uploads\\\/2018\\\/06\\\/logo-pigrecoemme-2018.png?fit=500%2C500&ssl=1\",\"contentUrl\":\"https:\\\/\\\/i0.wp.com\\\/www.pigrecoemme.com\\\/blog\\\/wp-content\\\/uploads\\\/2018\\\/06\\\/logo-pigrecoemme-2018.png?fit=500%2C500&ssl=1\",\"width\":500,\"height\":500,\"caption\":\"Scuola di cinema e fotografia Pigrecoemme\"},\"image\":{\"@id\":\"https:\\\/\\\/www.pigrecoemme.com\\\/blog\\\/#\\\/schema\\\/logo\\\/image\\\/\"},\"sameAs\":[\"https:\\\/\\\/www.facebook.com\\\/pigrecoemme\",\"https:\\\/\\\/x.com\\\/Pigrecoemme\",\"https:\\\/\\\/www.instagram.com\\\/pigrecoemme\\\/\",\"https:\\\/\\\/www.linkedin.com\\\/company\\\/pigrecoemme\\\/\",\"https:\\\/\\\/www.youtube.com\\\/pigrecoemme\"]},{\"@type\":\"Person\",\"@id\":\"https:\\\/\\\/www.pigrecoemme.com\\\/blog\\\/#\\\/schema\\\/person\\\/8996ab5bfa68cec611b330ae4a389d44\",\"name\":\"Pigrecoemme\",\"image\":{\"@type\":\"ImageObject\",\"inLanguage\":\"it-IT\",\"@id\":\"https:\\\/\\\/secure.gravatar.com\\\/avatar\\\/541a562fed7df6fa49262cb93f0f1135b8432ec77a1bc64fdb808f64f2a8287d?s=96&r=g\",\"url\":\"https:\\\/\\\/secure.gravatar.com\\\/avatar\\\/541a562fed7df6fa49262cb93f0f1135b8432ec77a1bc64fdb808f64f2a8287d?s=96&r=g\",\"contentUrl\":\"https:\\\/\\\/secure.gravatar.com\\\/avatar\\\/541a562fed7df6fa49262cb93f0f1135b8432ec77a1bc64fdb808f64f2a8287d?s=96&r=g\",\"caption\":\"Pigrecoemme\"},\"description\":\"Profilo redazionale. Pigrecoemme \u00e8 la prima scuola di cinema, televisione e fotografia di Napoli.\",\"sameAs\":[\"http:\\\/\\\/www.pigrecoemme.com\\\/\",\"https:\\\/\\\/www.facebook.com\\\/pigrecoemme\"],\"url\":\"https:\\\/\\\/www.pigrecoemme.com\\\/blog\\\/author\\\/pigrecoemme\\\/\"}]}<\/script>\n<!-- \/ Yoast SEO plugin. -->","yoast_head_json":{"title":"Situazione Critica #16: Anna Masecchia su Agn\u00e8s Varda","description":"Evento apterto a tutti in streaming su Facebook sabato 21 novembre 2020 a partire dalle 16:30.","robots":{"index":"index","follow":"follow","max-snippet":"max-snippet:-1","max-image-preview":"max-image-preview:large","max-video-preview":"max-video-preview:-1"},"canonical":"https:\/\/www.pigrecoemme.com\/blog\/situazione-critica-16-anna-masecchia-su-agnes-varda\/","og_locale":"it_IT","og_type":"article","og_title":"Situazione Critica #16: Anna Masecchia su Agn\u00e8s Varda","og_description":"Evento apterto a tutti in streaming su Facebook sabato 21 novembre 2020 a partire dalle 16:30.","og_url":"https:\/\/www.pigrecoemme.com\/blog\/situazione-critica-16-anna-masecchia-su-agnes-varda\/","og_site_name":"Scuola di Cinema Pigrecoemme - Blog","article_publisher":"https:\/\/www.facebook.com\/pigrecoemme","article_author":"https:\/\/www.facebook.com\/pigrecoemme","article_published_time":"2020-11-15T18:42:55+00:00","article_modified_time":"2020-11-18T21:22:18+00:00","og_image":[{"width":1920,"height":1080,"url":"https:\/\/www.pigrecoemme.com\/blog\/wp-content\/uploads\/2020\/11\/situazione-critica-16-anna-masecchia-agnes-varda.jpg","type":"image\/jpeg"}],"author":"Pigrecoemme","twitter_card":"summary_large_image","twitter_creator":"@Pigrecoemme","twitter_site":"@Pigrecoemme","twitter_misc":{"Scritto da":"Pigrecoemme","Tempo di lettura stimato":"4 minuti"},"schema":{"@context":"https:\/\/schema.org","@graph":[{"@type":["Article","BlogPosting"],"@id":"https:\/\/www.pigrecoemme.com\/blog\/situazione-critica-16-anna-masecchia-su-agnes-varda\/#article","isPartOf":{"@id":"https:\/\/www.pigrecoemme.com\/blog\/situazione-critica-16-anna-masecchia-su-agnes-varda\/"},"author":{"name":"Pigrecoemme","@id":"https:\/\/www.pigrecoemme.com\/blog\/#\/schema\/person\/8996ab5bfa68cec611b330ae4a389d44"},"headline":"Situazione Critica #16: Anna Masecchia su Agn\u00e8s Varda","datePublished":"2020-11-15T18:42:55+00:00","dateModified":"2020-11-18T21:22:18+00:00","mainEntityOfPage":{"@id":"https:\/\/www.pigrecoemme.com\/blog\/situazione-critica-16-anna-masecchia-su-agnes-varda\/"},"wordCount":816,"commentCount":0,"publisher":{"@id":"https:\/\/www.pigrecoemme.com\/blog\/#organization"},"image":{"@id":"https:\/\/www.pigrecoemme.com\/blog\/situazione-critica-16-anna-masecchia-su-agnes-varda\/#primaryimage"},"thumbnailUrl":"https:\/\/www.pigrecoemme.com\/blog\/wp-content\/uploads\/2020\/11\/situazione-critica-16-anna-masecchia-agnes-varda-1024x576.jpg","keywords":["anna masecchia","rosario gallone","situazione critica"],"articleSection":["Analisi e Critica","Eventi","Generale"],"inLanguage":"it-IT","potentialAction":[{"@type":"CommentAction","name":"Comment","target":["https:\/\/www.pigrecoemme.com\/blog\/situazione-critica-16-anna-masecchia-su-agnes-varda\/#respond"]}]},{"@type":"WebPage","@id":"https:\/\/www.pigrecoemme.com\/blog\/situazione-critica-16-anna-masecchia-su-agnes-varda\/","url":"https:\/\/www.pigrecoemme.com\/blog\/situazione-critica-16-anna-masecchia-su-agnes-varda\/","name":"Situazione Critica #16: Anna Masecchia su Agn\u00e8s Varda","isPartOf":{"@id":"https:\/\/www.pigrecoemme.com\/blog\/#website"},"primaryImageOfPage":{"@id":"https:\/\/www.pigrecoemme.com\/blog\/situazione-critica-16-anna-masecchia-su-agnes-varda\/#primaryimage"},"image":{"@id":"https:\/\/www.pigrecoemme.com\/blog\/situazione-critica-16-anna-masecchia-su-agnes-varda\/#primaryimage"},"thumbnailUrl":"https:\/\/www.pigrecoemme.com\/blog\/wp-content\/uploads\/2020\/11\/situazione-critica-16-anna-masecchia-agnes-varda-1024x576.jpg","datePublished":"2020-11-15T18:42:55+00:00","dateModified":"2020-11-18T21:22:18+00:00","description":"Evento apterto a tutti in streaming su Facebook sabato 21 novembre 2020 a partire dalle 16:30.","breadcrumb":{"@id":"https:\/\/www.pigrecoemme.com\/blog\/situazione-critica-16-anna-masecchia-su-agnes-varda\/#breadcrumb"},"inLanguage":"it-IT","potentialAction":[{"@type":"ReadAction","target":["https:\/\/www.pigrecoemme.com\/blog\/situazione-critica-16-anna-masecchia-su-agnes-varda\/"]}]},{"@type":"ImageObject","inLanguage":"it-IT","@id":"https:\/\/www.pigrecoemme.com\/blog\/situazione-critica-16-anna-masecchia-su-agnes-varda\/#primaryimage","url":"https:\/\/i0.wp.com\/www.pigrecoemme.com\/blog\/wp-content\/uploads\/2020\/11\/situazione-critica-16-anna-masecchia-agnes-varda.jpg?fit=1920%2C1080&ssl=1","contentUrl":"https:\/\/i0.wp.com\/www.pigrecoemme.com\/blog\/wp-content\/uploads\/2020\/11\/situazione-critica-16-anna-masecchia-agnes-varda.jpg?fit=1920%2C1080&ssl=1","width":1920,"height":1080,"caption":"situazione critica 16 anna masecchia agnes varda"},{"@type":"BreadcrumbList","@id":"https:\/\/www.pigrecoemme.com\/blog\/situazione-critica-16-anna-masecchia-su-agnes-varda\/#breadcrumb","itemListElement":[{"@type":"ListItem","position":1,"name":"Home","item":"https:\/\/www.pigrecoemme.com\/blog\/"},{"@type":"ListItem","position":2,"name":"Situazione Critica #16: Anna Masecchia su Agn\u00e8s Varda"}]},{"@type":"WebSite","@id":"https:\/\/www.pigrecoemme.com\/blog\/#website","url":"https:\/\/www.pigrecoemme.com\/blog\/","name":"Scuola di Cinema Pigrecoemme - Blog","description":"Siamo la prima Scuola di Cinema e Fotografia di Napoli","publisher":{"@id":"https:\/\/www.pigrecoemme.com\/blog\/#organization"},"potentialAction":[{"@type":"SearchAction","target":{"@type":"EntryPoint","urlTemplate":"https:\/\/www.pigrecoemme.com\/blog\/?s={search_term_string}"},"query-input":{"@type":"PropertyValueSpecification","valueRequired":true,"valueName":"search_term_string"}}],"inLanguage":"it-IT"},{"@type":"Organization","@id":"https:\/\/www.pigrecoemme.com\/blog\/#organization","name":"Scuola di cinema e fotografia Pigrecoemme","url":"https:\/\/www.pigrecoemme.com\/blog\/","logo":{"@type":"ImageObject","inLanguage":"it-IT","@id":"https:\/\/www.pigrecoemme.com\/blog\/#\/schema\/logo\/image\/","url":"https:\/\/i0.wp.com\/www.pigrecoemme.com\/blog\/wp-content\/uploads\/2018\/06\/logo-pigrecoemme-2018.png?fit=500%2C500&ssl=1","contentUrl":"https:\/\/i0.wp.com\/www.pigrecoemme.com\/blog\/wp-content\/uploads\/2018\/06\/logo-pigrecoemme-2018.png?fit=500%2C500&ssl=1","width":500,"height":500,"caption":"Scuola di cinema e fotografia Pigrecoemme"},"image":{"@id":"https:\/\/www.pigrecoemme.com\/blog\/#\/schema\/logo\/image\/"},"sameAs":["https:\/\/www.facebook.com\/pigrecoemme","https:\/\/x.com\/Pigrecoemme","https:\/\/www.instagram.com\/pigrecoemme\/","https:\/\/www.linkedin.com\/company\/pigrecoemme\/","https:\/\/www.youtube.com\/pigrecoemme"]},{"@type":"Person","@id":"https:\/\/www.pigrecoemme.com\/blog\/#\/schema\/person\/8996ab5bfa68cec611b330ae4a389d44","name":"Pigrecoemme","image":{"@type":"ImageObject","inLanguage":"it-IT","@id":"https:\/\/secure.gravatar.com\/avatar\/541a562fed7df6fa49262cb93f0f1135b8432ec77a1bc64fdb808f64f2a8287d?s=96&r=g","url":"https:\/\/secure.gravatar.com\/avatar\/541a562fed7df6fa49262cb93f0f1135b8432ec77a1bc64fdb808f64f2a8287d?s=96&r=g","contentUrl":"https:\/\/secure.gravatar.com\/avatar\/541a562fed7df6fa49262cb93f0f1135b8432ec77a1bc64fdb808f64f2a8287d?s=96&r=g","caption":"Pigrecoemme"},"description":"Profilo redazionale. Pigrecoemme \u00e8 la prima scuola di cinema, televisione e fotografia di Napoli.","sameAs":["http:\/\/www.pigrecoemme.com\/","https:\/\/www.facebook.com\/pigrecoemme"],"url":"https:\/\/www.pigrecoemme.com\/blog\/author\/pigrecoemme\/"}]}},"jetpack_sharing_enabled":true,"jetpack_likes_enabled":true,"jetpack-related-posts":[{"id":2967,"url":"https:\/\/www.pigrecoemme.com\/blog\/guarda-tutti-gli-appuntamenti-di-situazione-critica-2020\/","url_meta":{"origin":2923,"position":0},"title":"Guarda tutti gli appuntamenti di &#8220;Situazione Critica&#8221; 2020!","author":"Pigrecoemme","date":"24 Dicembre 2020","format":false,"excerpt":"Durante il 2020 si \u00e8 tenuta la terza edizione di \u201cSituazione Critica\u201d, la rassegna di incontri dedicata alla critica cinematografica diretta dal nostro Rosario Gallone. Quest\u2019anno, a causa dell\u2019emergenza Covid-19, gli appuntamenti si sono svolti online e, sebbene ci sia mancato il contatto diretto col pubblico, che dal 2018 \u00e8\u2026","rel":"","context":"In &quot;Analisi e Critica&quot;","block_context":{"text":"Analisi e Critica","link":"https:\/\/www.pigrecoemme.com\/blog\/analisi-e-critica-2\/"},"img":{"alt_text":"situazione critica 2020","src":"https:\/\/i0.wp.com\/www.pigrecoemme.com\/blog\/wp-content\/uploads\/2020\/12\/situazione-critica-2020.jpg?resize=350%2C200&ssl=1","width":350,"height":200,"srcset":"https:\/\/i0.wp.com\/www.pigrecoemme.com\/blog\/wp-content\/uploads\/2020\/12\/situazione-critica-2020.jpg?resize=350%2C200&ssl=1 1x, https:\/\/i0.wp.com\/www.pigrecoemme.com\/blog\/wp-content\/uploads\/2020\/12\/situazione-critica-2020.jpg?resize=525%2C300&ssl=1 1.5x, https:\/\/i0.wp.com\/www.pigrecoemme.com\/blog\/wp-content\/uploads\/2020\/12\/situazione-critica-2020.jpg?resize=700%2C400&ssl=1 2x, https:\/\/i0.wp.com\/www.pigrecoemme.com\/blog\/wp-content\/uploads\/2020\/12\/situazione-critica-2020.jpg?resize=1050%2C600&ssl=1 3x"},"classes":[]},{"id":2088,"url":"https:\/\/www.pigrecoemme.com\/blog\/situazione-critica-primo-appuntamento-5-maggio\/","url_meta":{"origin":2923,"position":1},"title":"Situazione critica: il primo appuntamento \u00e8 il 5 maggio","author":"Pigrecoemme","date":"19 Aprile 2018","format":false,"excerpt":"La Scuola di Cinema Pigrecoemme celebra 18 anni di attivit\u00e0 e propone \u201cSituazione critica\u201d: una serie di incontri sulla critica cinematografica e la promozione culturale della settima arte. Situazione critica \u00e8 il tentativo di fare il punto su quale sia, oggi, lo stato della cultura cinematografica e dell\u2019audiovisivo in genere,\u2026","rel":"","context":"In &quot;Analisi e Critica&quot;","block_context":{"text":"Analisi e Critica","link":"https:\/\/www.pigrecoemme.com\/blog\/analisi-e-critica-2\/"},"img":{"alt_text":"","src":"https:\/\/i0.wp.com\/www.pigrecoemme.com\/blog\/wp-content\/uploads\/2018\/04\/situazione-critica-quadrato-1.jpg?fit=900%2C900&ssl=1&resize=350%2C200","width":350,"height":200,"srcset":"https:\/\/i0.wp.com\/www.pigrecoemme.com\/blog\/wp-content\/uploads\/2018\/04\/situazione-critica-quadrato-1.jpg?fit=900%2C900&ssl=1&resize=350%2C200 1x, https:\/\/i0.wp.com\/www.pigrecoemme.com\/blog\/wp-content\/uploads\/2018\/04\/situazione-critica-quadrato-1.jpg?fit=900%2C900&ssl=1&resize=525%2C300 1.5x, https:\/\/i0.wp.com\/www.pigrecoemme.com\/blog\/wp-content\/uploads\/2018\/04\/situazione-critica-quadrato-1.jpg?fit=900%2C900&ssl=1&resize=700%2C400 2x"},"classes":[]},{"id":2642,"url":"https:\/\/www.pigrecoemme.com\/blog\/situazione-critica-online-gli-appuntamenti-del-2019\/","url_meta":{"origin":2923,"position":2},"title":"Situazione Critica: online gli appuntamenti del 2019","author":"Pigrecoemme","date":"4 Aprile 2020","format":false,"excerpt":"Dura stare a casa, eh? Beh, se siete appassionati di cinema (e forse lo siete, visto che state leggendo il nostro blog), potreste sciropparvi le millemila ore di registrazione video (e anche audio! Altrimenti non si capirebbe nulla, che diamine!) dei 5 appuntamenti di Situazione Critica organizzati nel 2019 dalla\u2026","rel":"","context":"In &quot;Analisi e Critica&quot;","block_context":{"text":"Analisi e Critica","link":"https:\/\/www.pigrecoemme.com\/blog\/analisi-e-critica-2\/"},"img":{"alt_text":"situazione critica","src":"https:\/\/i0.wp.com\/www.pigrecoemme.com\/blog\/wp-content\/uploads\/2020\/04\/situazione-critica.jpg?resize=350%2C200&ssl=1","width":350,"height":200,"srcset":"https:\/\/i0.wp.com\/www.pigrecoemme.com\/blog\/wp-content\/uploads\/2020\/04\/situazione-critica.jpg?resize=350%2C200&ssl=1 1x, https:\/\/i0.wp.com\/www.pigrecoemme.com\/blog\/wp-content\/uploads\/2020\/04\/situazione-critica.jpg?resize=525%2C300&ssl=1 1.5x, https:\/\/i0.wp.com\/www.pigrecoemme.com\/blog\/wp-content\/uploads\/2020\/04\/situazione-critica.jpg?resize=700%2C400&ssl=1 2x, https:\/\/i0.wp.com\/www.pigrecoemme.com\/blog\/wp-content\/uploads\/2020\/04\/situazione-critica.jpg?resize=1050%2C600&ssl=1 3x"},"classes":[]},{"id":2238,"url":"https:\/\/www.pigrecoemme.com\/blog\/situazione-critica-4-sense-and-sensibility-cuore-e-cervello-di-una-critica-militante\/","url_meta":{"origin":2923,"position":3},"title":"Situazione Critica #4. Sense and Sensibility &#8211; Cuore e cervello di una critica militante","author":"Pigrecoemme","date":"9 Ottobre 2018","format":false,"excerpt":"Sabato 20 ottobre il quarto appuntamento di Situazione Critica, l\u2019iniziativa con la quale la scuola di cinema Pigrecoemme di Napoli festeggia il diciottesimo anno di attivit\u00e0, avr\u00e0 un prestigioso ospite: il giovanissimo direttore, appena 34 anni, del settimanale FilmTv. Insieme a Rosario Gallone, Giulio Sangiorgio discuter\u00e0 dell\u2019importanza - quasi dell\u2019urgenza\u2026","rel":"","context":"In &quot;Analisi e Critica&quot;","block_context":{"text":"Analisi e Critica","link":"https:\/\/www.pigrecoemme.com\/blog\/analisi-e-critica-2\/"},"img":{"alt_text":"Situazione Critica 4","src":"https:\/\/i0.wp.com\/www.pigrecoemme.com\/blog\/wp-content\/uploads\/2018\/10\/situazione-critica-4.jpg?resize=350%2C200","width":350,"height":200,"srcset":"https:\/\/i0.wp.com\/www.pigrecoemme.com\/blog\/wp-content\/uploads\/2018\/10\/situazione-critica-4.jpg?resize=350%2C200 1x, https:\/\/i0.wp.com\/www.pigrecoemme.com\/blog\/wp-content\/uploads\/2018\/10\/situazione-critica-4.jpg?resize=525%2C300 1.5x, https:\/\/i0.wp.com\/www.pigrecoemme.com\/blog\/wp-content\/uploads\/2018\/10\/situazione-critica-4.jpg?resize=700%2C400 2x"},"classes":[]},{"id":3065,"url":"https:\/\/www.pigrecoemme.com\/blog\/situazione-critica-20-eroine-con-marina-pierri\/","url_meta":{"origin":2923,"position":4},"title":"Situazione Critica #20 &#8211; Eroine &#8211; Con Marina Pierri","author":"Pigrecoemme","date":"9 Novembre 2021","format":false,"excerpt":"I nuovi archetipi delle serie tv per un domani migliore situazione critica 20 marina pierri Il ventesimo appuntamento di Situazione Critica, la rassegna di incontri dedicata alla critica cinematografica inizata nel 2018 e giunta alla sua quarta edizione, si terr\u00e0 gioved\u00ec 18 novembre,\u00a0alle 09:30, presso il Liceo Statale Mazzini di\u2026","rel":"","context":"In &quot;Analisi e Critica&quot;","block_context":{"text":"Analisi e Critica","link":"https:\/\/www.pigrecoemme.com\/blog\/analisi-e-critica-2\/"},"img":{"alt_text":"marina pierri situazione critica","src":"https:\/\/i0.wp.com\/www.pigrecoemme.com\/blog\/wp-content\/uploads\/2021\/11\/marina-pierri-situazione-critica.jpg?resize=350%2C200&ssl=1","width":350,"height":200,"srcset":"https:\/\/i0.wp.com\/www.pigrecoemme.com\/blog\/wp-content\/uploads\/2021\/11\/marina-pierri-situazione-critica.jpg?resize=350%2C200&ssl=1 1x, https:\/\/i0.wp.com\/www.pigrecoemme.com\/blog\/wp-content\/uploads\/2021\/11\/marina-pierri-situazione-critica.jpg?resize=525%2C300&ssl=1 1.5x"},"classes":[]},{"id":2182,"url":"https:\/\/www.pigrecoemme.com\/blog\/situazione-critica-2-le-forme-dell-acqua-corrado-morra\/","url_meta":{"origin":2923,"position":5},"title":"Situazione critica #2: Le forme dell\u2019acqua. Il cinema come desiderio impossibile","author":"Giacomo Fabbrocino","date":"4 Giugno 2018","format":false,"excerpt":"La Scuola di Cinema Pigrecoemme celebra i suoi primi 18 anni con \u201cSituazione critica\u201d: una serie di incontri gratuiti e aperti a tutti sulla critica cinematografica e la promozione della settima arte. Il secondo appuntamento, con Corrado Morra, \u00e8 il 16 giugno 2018. Corrado Morra Il secondo incontro della rassegna\u2026","rel":"","context":"In &quot;Analisi e Critica&quot;","block_context":{"text":"Analisi e Critica","link":"https:\/\/www.pigrecoemme.com\/blog\/analisi-e-critica-2\/"},"img":{"alt_text":"Situazione critica 2","src":"https:\/\/i0.wp.com\/www.pigrecoemme.com\/blog\/wp-content\/uploads\/2018\/06\/situazione-critica-2-1920-1005.jpg?resize=350%2C200&ssl=1","width":350,"height":200,"srcset":"https:\/\/i0.wp.com\/www.pigrecoemme.com\/blog\/wp-content\/uploads\/2018\/06\/situazione-critica-2-1920-1005.jpg?resize=350%2C200&ssl=1 1x, https:\/\/i0.wp.com\/www.pigrecoemme.com\/blog\/wp-content\/uploads\/2018\/06\/situazione-critica-2-1920-1005.jpg?resize=525%2C300&ssl=1 1.5x, https:\/\/i0.wp.com\/www.pigrecoemme.com\/blog\/wp-content\/uploads\/2018\/06\/situazione-critica-2-1920-1005.jpg?resize=700%2C400&ssl=1 2x, https:\/\/i0.wp.com\/www.pigrecoemme.com\/blog\/wp-content\/uploads\/2018\/06\/situazione-critica-2-1920-1005.jpg?resize=1050%2C600&ssl=1 3x, https:\/\/i0.wp.com\/www.pigrecoemme.com\/blog\/wp-content\/uploads\/2018\/06\/situazione-critica-2-1920-1005.jpg?resize=1400%2C800&ssl=1 4x"},"classes":[]}],"jetpack_featured_media_url":"","_links":{"self":[{"href":"https:\/\/www.pigrecoemme.com\/blog\/wp-json\/wp\/v2\/posts\/2923","targetHints":{"allow":["GET"]}}],"collection":[{"href":"https:\/\/www.pigrecoemme.com\/blog\/wp-json\/wp\/v2\/posts"}],"about":[{"href":"https:\/\/www.pigrecoemme.com\/blog\/wp-json\/wp\/v2\/types\/post"}],"author":[{"embeddable":true,"href":"https:\/\/www.pigrecoemme.com\/blog\/wp-json\/wp\/v2\/users\/4"}],"replies":[{"embeddable":true,"href":"https:\/\/www.pigrecoemme.com\/blog\/wp-json\/wp\/v2\/comments?post=2923"}],"version-history":[{"count":0,"href":"https:\/\/www.pigrecoemme.com\/blog\/wp-json\/wp\/v2\/posts\/2923\/revisions"}],"wp:attachment":[{"href":"https:\/\/www.pigrecoemme.com\/blog\/wp-json\/wp\/v2\/media?parent=2923"}],"wp:term":[{"taxonomy":"category","embeddable":true,"href":"https:\/\/www.pigrecoemme.com\/blog\/wp-json\/wp\/v2\/categories?post=2923"},{"taxonomy":"post_tag","embeddable":true,"href":"https:\/\/www.pigrecoemme.com\/blog\/wp-json\/wp\/v2\/tags?post=2923"}],"curies":[{"name":"wp","href":"https:\/\/api.w.org\/{rel}","templated":true}]}}