{"id":291,"date":"2010-10-27T18:39:27","date_gmt":"2010-10-27T16:39:27","guid":{"rendered":"http:\/\/www.pigrecoemme.com\/blog\/?p=291"},"modified":"2010-10-27T18:39:27","modified_gmt":"2010-10-27T16:39:27","slug":"adobe-premiere-una-certezza","status":"publish","type":"post","link":"https:\/\/www.pigrecoemme.com\/blog\/adobe-premiere-una-certezza\/","title":{"rendered":"Adobe Premiere: una certezza"},"content":{"rendered":"<p><a href=\"https:\/\/i0.wp.com\/www.pigrecoemme.com\/blog\/wp-content\/uploads\/2010\/10\/adobe-premiere.jpg?ssl=1\"><img data-recalc-dims=\"1\" loading=\"lazy\" decoding=\"async\" class=\"size-medium wp-image-292 alignleft\" title=\"adobe-premiere\" src=\"https:\/\/i0.wp.com\/www.pigrecoemme.com\/blog\/wp-content\/uploads\/2010\/10\/adobe-premiere.jpg?resize=168%2C168&#038;ssl=1\" alt=\"\" width=\"168\" height=\"168\" srcset=\"https:\/\/i0.wp.com\/www.pigrecoemme.com\/blog\/wp-content\/uploads\/2010\/10\/adobe-premiere.jpg?resize=300%2C300&amp;ssl=1 300w, https:\/\/i0.wp.com\/www.pigrecoemme.com\/blog\/wp-content\/uploads\/2010\/10\/adobe-premiere.jpg?resize=150%2C150&amp;ssl=1 150w, https:\/\/i0.wp.com\/www.pigrecoemme.com\/blog\/wp-content\/uploads\/2010\/10\/adobe-premiere.jpg?w=350&amp;ssl=1 350w\" sizes=\"auto, (max-width: 168px) 100vw, 168px\" \/><\/a>Come per il corso di fotografia, anche per il <a href=\"http:\/\/www.pigrecoemme.com\/corsi\/corso-montaggio-premiere.htm\">corso di montaggio con Adobe Premiere<\/a> abbiamo dovuto aprire due classi per soddisfare la richiesta superiore alle aspettative. Cos\u00ec ieri ho dovuto tenere due lezioni, una di mattina e una di pomeriggio. Oggi, con un po&#8217; di calma, ho pensato alla composizione delle classi: tra i corsisti ci sono animatori flash, montatori di filmati da cerimonia, giornalisti, lavoratori del web, aspiranti documentaristi, autori di cortometraggi e videomaker. La platea del nostro corso coincide esattamente, quindi, con il target individuato dalla Adobe per il suo software di NLE. Un target amplissimo e variegatissimo di persone coinvolte nella comunicazione multimediale che forse, Premiere, pi\u00f9 dei programmi concorrenti \u00e8 in grado di soddisfare e ricompensare con una versatilit\u00e0, una possibilit\u00e0 di espansione ed una semplicit\u00e0 di utilizzo praticamente senza pari. Non sbagliava quindi, Provideocoaltion, uno dei pi\u00f9 autorevoli blg dedicati al mondo del video, a parlare di un possibile <a href=\"http:\/\/provideocoalition.com\/index.php\/atepper\/story\/the_exodus_from_final_cut_pro_to_adobe_premiere_cs5_has_begun\/\" target=\"_blank\">esodo di video editor da Final Cut a Premiere<\/a>.<\/p>\n<p>Premiere pu\u00f2 gestire tutti i formati video in circolazione, dal Dv Pal al R3D 4K della Red One, passando per l&#8217;AVC-Intra e il DVCPRO della Panasonic, l&#8217;MPEG-2 Full HD (4:2:2) delle nuove Canon e i file compressi in H264 delle DSLR. Inoltre Premiere e si integra alla perfezione con tutti i programmi Adobe, quelli noti con i nomi Photoshop, After Effects e Flash.<\/p>\n<p>Vi sembra poco?<\/p>\n","protected":false},"excerpt":{"rendered":"<p>Come per il corso di fotografia, anche per il corso di montaggio con Adobe Premiere abbiamo dovuto aprire due classi per soddisfare la richiesta superiore alle aspettative. Cos\u00ec ieri ho dovuto tenere due lezioni,&hellip;<\/p>\n","protected":false},"author":1,"featured_media":0,"comment_status":"open","ping_status":"open","sticky":false,"template":"","format":"standard","meta":{"_jetpack_newsletter_access":"","_jetpack_dont_email_post_to_subs":false,"_jetpack_newsletter_tier_id":0,"_jetpack_memberships_contains_paywalled_content":false,"_jetpack_feature_clip_id":0,"_jetpack_memberships_contains_paid_content":false,"footnotes":"","jetpack_post_was_ever_published":false},"categories":[1,3],"tags":[319,318,448,449],"class_list":["post-291","post","type-post","status-publish","format-standard","hentry","category-generale","category-scuola-di-cinema","tag-adobe-premiere","tag-corso-di-montaggio","tag-corso-di-premiere","tag-montaggio"],"yoast_head":"<!-- This site is optimized with the Yoast SEO plugin v28.3 - https:\/\/yoast.com\/product\/yoast-seo-wordpress\/ -->\n<title>Adobe Premiere: una certezza<\/title>\n<meta name=\"robots\" content=\"index, follow, max-snippet:-1, max-image-preview:large, max-video-preview:-1\" \/>\n<link rel=\"canonical\" href=\"https:\/\/www.pigrecoemme.com\/blog\/adobe-premiere-una-certezza\/\" \/>\n<meta property=\"og:locale\" content=\"it_IT\" \/>\n<meta property=\"og:type\" content=\"article\" \/>\n<meta property=\"og:title\" content=\"Adobe Premiere: una certezza\" \/>\n<meta property=\"og:description\" content=\"Come per il corso di fotografia, anche per il corso di montaggio con Adobe Premiere abbiamo dovuto aprire due classi per soddisfare la richiesta superiore alle aspettative. Cos\u00ec ieri ho dovuto tenere due lezioni,&hellip;\" \/>\n<meta property=\"og:url\" content=\"https:\/\/www.pigrecoemme.com\/blog\/adobe-premiere-una-certezza\/\" \/>\n<meta property=\"og:site_name\" content=\"Scuola di Cinema Pigrecoemme - Blog\" \/>\n<meta property=\"article:publisher\" content=\"https:\/\/www.facebook.com\/pigrecoemme\" \/>\n<meta property=\"article:author\" content=\"https:\/\/www.facebook.com\/giacomo.fabbrocino\" \/>\n<meta property=\"article:published_time\" content=\"2010-10-27T16:39:27+00:00\" \/>\n<meta property=\"og:image\" content=\"http:\/\/www.pigrecoemme.com\/blog\/wp-content\/uploads\/2010\/10\/adobe-premiere-300x300.jpg\" \/>\n<meta name=\"author\" content=\"Giacomo Fabbrocino\" \/>\n<meta name=\"twitter:card\" content=\"summary_large_image\" \/>\n<meta name=\"twitter:creator\" content=\"@Pigrecoemme\" \/>\n<meta name=\"twitter:site\" content=\"@Pigrecoemme\" \/>\n<meta name=\"twitter:label1\" content=\"Scritto da\" \/>\n\t<meta name=\"twitter:data1\" content=\"Giacomo Fabbrocino\" \/>\n\t<meta name=\"twitter:label2\" content=\"Tempo di lettura stimato\" \/>\n\t<meta name=\"twitter:data2\" content=\"1 minuto\" \/>\n<script type=\"application\/ld+json\" class=\"yoast-schema-graph\">{\"@context\":\"https:\\\/\\\/schema.org\",\"@graph\":[{\"@type\":[\"Article\",\"BlogPosting\"],\"@id\":\"https:\\\/\\\/www.pigrecoemme.com\\\/blog\\\/adobe-premiere-una-certezza\\\/#article\",\"isPartOf\":{\"@id\":\"https:\\\/\\\/www.pigrecoemme.com\\\/blog\\\/adobe-premiere-una-certezza\\\/\"},\"author\":{\"name\":\"Giacomo Fabbrocino\",\"@id\":\"https:\\\/\\\/www.pigrecoemme.com\\\/blog\\\/#\\\/schema\\\/person\\\/57fa822c3d209d3a2612fd0411ae63f4\"},\"headline\":\"Adobe Premiere: una certezza\",\"datePublished\":\"2010-10-27T16:39:27+00:00\",\"mainEntityOfPage\":{\"@id\":\"https:\\\/\\\/www.pigrecoemme.com\\\/blog\\\/adobe-premiere-una-certezza\\\/\"},\"wordCount\":235,\"commentCount\":0,\"publisher\":{\"@id\":\"https:\\\/\\\/www.pigrecoemme.com\\\/blog\\\/#organization\"},\"image\":{\"@id\":\"https:\\\/\\\/www.pigrecoemme.com\\\/blog\\\/adobe-premiere-una-certezza\\\/#primaryimage\"},\"thumbnailUrl\":\"http:\\\/\\\/www.pigrecoemme.com\\\/blog\\\/wp-content\\\/uploads\\\/2010\\\/10\\\/adobe-premiere-300x300.jpg\",\"keywords\":[\"adobe premiere\",\"corso di montaggio\",\"corso di premiere\",\"montaggio\"],\"articleSection\":[\"Generale\",\"Scuola di cinema\"],\"inLanguage\":\"it-IT\",\"potentialAction\":[{\"@type\":\"CommentAction\",\"name\":\"Comment\",\"target\":[\"https:\\\/\\\/www.pigrecoemme.com\\\/blog\\\/adobe-premiere-una-certezza\\\/#respond\"]}]},{\"@type\":\"WebPage\",\"@id\":\"https:\\\/\\\/www.pigrecoemme.com\\\/blog\\\/adobe-premiere-una-certezza\\\/\",\"url\":\"https:\\\/\\\/www.pigrecoemme.com\\\/blog\\\/adobe-premiere-una-certezza\\\/\",\"name\":\"Adobe Premiere: una certezza\",\"isPartOf\":{\"@id\":\"https:\\\/\\\/www.pigrecoemme.com\\\/blog\\\/#website\"},\"primaryImageOfPage\":{\"@id\":\"https:\\\/\\\/www.pigrecoemme.com\\\/blog\\\/adobe-premiere-una-certezza\\\/#primaryimage\"},\"image\":{\"@id\":\"https:\\\/\\\/www.pigrecoemme.com\\\/blog\\\/adobe-premiere-una-certezza\\\/#primaryimage\"},\"thumbnailUrl\":\"http:\\\/\\\/www.pigrecoemme.com\\\/blog\\\/wp-content\\\/uploads\\\/2010\\\/10\\\/adobe-premiere-300x300.jpg\",\"datePublished\":\"2010-10-27T16:39:27+00:00\",\"breadcrumb\":{\"@id\":\"https:\\\/\\\/www.pigrecoemme.com\\\/blog\\\/adobe-premiere-una-certezza\\\/#breadcrumb\"},\"inLanguage\":\"it-IT\",\"potentialAction\":[{\"@type\":\"ReadAction\",\"target\":[\"https:\\\/\\\/www.pigrecoemme.com\\\/blog\\\/adobe-premiere-una-certezza\\\/\"]}]},{\"@type\":\"ImageObject\",\"inLanguage\":\"it-IT\",\"@id\":\"https:\\\/\\\/www.pigrecoemme.com\\\/blog\\\/adobe-premiere-una-certezza\\\/#primaryimage\",\"url\":\"http:\\\/\\\/www.pigrecoemme.com\\\/blog\\\/wp-content\\\/uploads\\\/2010\\\/10\\\/adobe-premiere-300x300.jpg\",\"contentUrl\":\"http:\\\/\\\/www.pigrecoemme.com\\\/blog\\\/wp-content\\\/uploads\\\/2010\\\/10\\\/adobe-premiere-300x300.jpg\"},{\"@type\":\"BreadcrumbList\",\"@id\":\"https:\\\/\\\/www.pigrecoemme.com\\\/blog\\\/adobe-premiere-una-certezza\\\/#breadcrumb\",\"itemListElement\":[{\"@type\":\"ListItem\",\"position\":1,\"name\":\"Home\",\"item\":\"https:\\\/\\\/www.pigrecoemme.com\\\/blog\\\/\"},{\"@type\":\"ListItem\",\"position\":2,\"name\":\"Adobe Premiere: una certezza\"}]},{\"@type\":\"WebSite\",\"@id\":\"https:\\\/\\\/www.pigrecoemme.com\\\/blog\\\/#website\",\"url\":\"https:\\\/\\\/www.pigrecoemme.com\\\/blog\\\/\",\"name\":\"Scuola di Cinema Pigrecoemme - Blog\",\"description\":\"Siamo la prima Scuola di Cinema e Fotografia di Napoli\",\"publisher\":{\"@id\":\"https:\\\/\\\/www.pigrecoemme.com\\\/blog\\\/#organization\"},\"potentialAction\":[{\"@type\":\"SearchAction\",\"target\":{\"@type\":\"EntryPoint\",\"urlTemplate\":\"https:\\\/\\\/www.pigrecoemme.com\\\/blog\\\/?s={search_term_string}\"},\"query-input\":{\"@type\":\"PropertyValueSpecification\",\"valueRequired\":true,\"valueName\":\"search_term_string\"}}],\"inLanguage\":\"it-IT\"},{\"@type\":\"Organization\",\"@id\":\"https:\\\/\\\/www.pigrecoemme.com\\\/blog\\\/#organization\",\"name\":\"Scuola di cinema e fotografia Pigrecoemme\",\"url\":\"https:\\\/\\\/www.pigrecoemme.com\\\/blog\\\/\",\"logo\":{\"@type\":\"ImageObject\",\"inLanguage\":\"it-IT\",\"@id\":\"https:\\\/\\\/www.pigrecoemme.com\\\/blog\\\/#\\\/schema\\\/logo\\\/image\\\/\",\"url\":\"https:\\\/\\\/i0.wp.com\\\/www.pigrecoemme.com\\\/blog\\\/wp-content\\\/uploads\\\/2018\\\/06\\\/logo-pigrecoemme-2018.png?fit=500%2C500&ssl=1\",\"contentUrl\":\"https:\\\/\\\/i0.wp.com\\\/www.pigrecoemme.com\\\/blog\\\/wp-content\\\/uploads\\\/2018\\\/06\\\/logo-pigrecoemme-2018.png?fit=500%2C500&ssl=1\",\"width\":500,\"height\":500,\"caption\":\"Scuola di cinema e fotografia Pigrecoemme\"},\"image\":{\"@id\":\"https:\\\/\\\/www.pigrecoemme.com\\\/blog\\\/#\\\/schema\\\/logo\\\/image\\\/\"},\"sameAs\":[\"https:\\\/\\\/www.facebook.com\\\/pigrecoemme\",\"https:\\\/\\\/x.com\\\/Pigrecoemme\",\"https:\\\/\\\/www.instagram.com\\\/pigrecoemme\\\/\",\"https:\\\/\\\/www.linkedin.com\\\/company\\\/pigrecoemme\\\/\",\"https:\\\/\\\/www.youtube.com\\\/pigrecoemme\"]},{\"@type\":\"Person\",\"@id\":\"https:\\\/\\\/www.pigrecoemme.com\\\/blog\\\/#\\\/schema\\\/person\\\/57fa822c3d209d3a2612fd0411ae63f4\",\"name\":\"Giacomo Fabbrocino\",\"image\":{\"@type\":\"ImageObject\",\"inLanguage\":\"it-IT\",\"@id\":\"https:\\\/\\\/secure.gravatar.com\\\/avatar\\\/0e4dfd4d05c06a03fffaffeb36fb181415ba11b91a6b566fa2e8ada75927db32?s=96&r=g\",\"url\":\"https:\\\/\\\/secure.gravatar.com\\\/avatar\\\/0e4dfd4d05c06a03fffaffeb36fb181415ba11b91a6b566fa2e8ada75927db32?s=96&r=g\",\"contentUrl\":\"https:\\\/\\\/secure.gravatar.com\\\/avatar\\\/0e4dfd4d05c06a03fffaffeb36fb181415ba11b91a6b566fa2e8ada75927db32?s=96&r=g\",\"caption\":\"Giacomo Fabbrocino\"},\"description\":\"Montatore cinematografico, autore di documentari sull'arte e di video d'artista, Giacomo \u00e8 responsabile della didattica e della comunicazione web della Scuola di Cinema, Fotografia e Televisione Pigrecoemme di Napoli.\",\"sameAs\":[\"http:\\\/\\\/www.pigrecoemme.com\\\/\",\"https:\\\/\\\/www.facebook.com\\\/giacomo.fabbrocino\"],\"url\":\"https:\\\/\\\/www.pigrecoemme.com\\\/blog\\\/author\\\/giacomo-fabbrocino\\\/\"}]}<\/script>\n<!-- \/ Yoast SEO plugin. -->","yoast_head_json":{"title":"Adobe Premiere: una certezza","robots":{"index":"index","follow":"follow","max-snippet":"max-snippet:-1","max-image-preview":"max-image-preview:large","max-video-preview":"max-video-preview:-1"},"canonical":"https:\/\/www.pigrecoemme.com\/blog\/adobe-premiere-una-certezza\/","og_locale":"it_IT","og_type":"article","og_title":"Adobe Premiere: una certezza","og_description":"Come per il corso di fotografia, anche per il corso di montaggio con Adobe Premiere abbiamo dovuto aprire due classi per soddisfare la richiesta superiore alle aspettative. Cos\u00ec ieri ho dovuto tenere due lezioni,&hellip;","og_url":"https:\/\/www.pigrecoemme.com\/blog\/adobe-premiere-una-certezza\/","og_site_name":"Scuola di Cinema Pigrecoemme - Blog","article_publisher":"https:\/\/www.facebook.com\/pigrecoemme","article_author":"https:\/\/www.facebook.com\/giacomo.fabbrocino","article_published_time":"2010-10-27T16:39:27+00:00","og_image":[{"url":"http:\/\/www.pigrecoemme.com\/blog\/wp-content\/uploads\/2010\/10\/adobe-premiere-300x300.jpg","type":"","width":"","height":""}],"author":"Giacomo Fabbrocino","twitter_card":"summary_large_image","twitter_creator":"@Pigrecoemme","twitter_site":"@Pigrecoemme","twitter_misc":{"Scritto da":"Giacomo Fabbrocino","Tempo di lettura stimato":"1 minuto"},"schema":{"@context":"https:\/\/schema.org","@graph":[{"@type":["Article","BlogPosting"],"@id":"https:\/\/www.pigrecoemme.com\/blog\/adobe-premiere-una-certezza\/#article","isPartOf":{"@id":"https:\/\/www.pigrecoemme.com\/blog\/adobe-premiere-una-certezza\/"},"author":{"name":"Giacomo Fabbrocino","@id":"https:\/\/www.pigrecoemme.com\/blog\/#\/schema\/person\/57fa822c3d209d3a2612fd0411ae63f4"},"headline":"Adobe Premiere: una certezza","datePublished":"2010-10-27T16:39:27+00:00","mainEntityOfPage":{"@id":"https:\/\/www.pigrecoemme.com\/blog\/adobe-premiere-una-certezza\/"},"wordCount":235,"commentCount":0,"publisher":{"@id":"https:\/\/www.pigrecoemme.com\/blog\/#organization"},"image":{"@id":"https:\/\/www.pigrecoemme.com\/blog\/adobe-premiere-una-certezza\/#primaryimage"},"thumbnailUrl":"http:\/\/www.pigrecoemme.com\/blog\/wp-content\/uploads\/2010\/10\/adobe-premiere-300x300.jpg","keywords":["adobe premiere","corso di montaggio","corso di premiere","montaggio"],"articleSection":["Generale","Scuola di cinema"],"inLanguage":"it-IT","potentialAction":[{"@type":"CommentAction","name":"Comment","target":["https:\/\/www.pigrecoemme.com\/blog\/adobe-premiere-una-certezza\/#respond"]}]},{"@type":"WebPage","@id":"https:\/\/www.pigrecoemme.com\/blog\/adobe-premiere-una-certezza\/","url":"https:\/\/www.pigrecoemme.com\/blog\/adobe-premiere-una-certezza\/","name":"Adobe Premiere: una certezza","isPartOf":{"@id":"https:\/\/www.pigrecoemme.com\/blog\/#website"},"primaryImageOfPage":{"@id":"https:\/\/www.pigrecoemme.com\/blog\/adobe-premiere-una-certezza\/#primaryimage"},"image":{"@id":"https:\/\/www.pigrecoemme.com\/blog\/adobe-premiere-una-certezza\/#primaryimage"},"thumbnailUrl":"http:\/\/www.pigrecoemme.com\/blog\/wp-content\/uploads\/2010\/10\/adobe-premiere-300x300.jpg","datePublished":"2010-10-27T16:39:27+00:00","breadcrumb":{"@id":"https:\/\/www.pigrecoemme.com\/blog\/adobe-premiere-una-certezza\/#breadcrumb"},"inLanguage":"it-IT","potentialAction":[{"@type":"ReadAction","target":["https:\/\/www.pigrecoemme.com\/blog\/adobe-premiere-una-certezza\/"]}]},{"@type":"ImageObject","inLanguage":"it-IT","@id":"https:\/\/www.pigrecoemme.com\/blog\/adobe-premiere-una-certezza\/#primaryimage","url":"http:\/\/www.pigrecoemme.com\/blog\/wp-content\/uploads\/2010\/10\/adobe-premiere-300x300.jpg","contentUrl":"http:\/\/www.pigrecoemme.com\/blog\/wp-content\/uploads\/2010\/10\/adobe-premiere-300x300.jpg"},{"@type":"BreadcrumbList","@id":"https:\/\/www.pigrecoemme.com\/blog\/adobe-premiere-una-certezza\/#breadcrumb","itemListElement":[{"@type":"ListItem","position":1,"name":"Home","item":"https:\/\/www.pigrecoemme.com\/blog\/"},{"@type":"ListItem","position":2,"name":"Adobe Premiere: una certezza"}]},{"@type":"WebSite","@id":"https:\/\/www.pigrecoemme.com\/blog\/#website","url":"https:\/\/www.pigrecoemme.com\/blog\/","name":"Scuola di Cinema Pigrecoemme - Blog","description":"Siamo la prima Scuola di Cinema e Fotografia di Napoli","publisher":{"@id":"https:\/\/www.pigrecoemme.com\/blog\/#organization"},"potentialAction":[{"@type":"SearchAction","target":{"@type":"EntryPoint","urlTemplate":"https:\/\/www.pigrecoemme.com\/blog\/?s={search_term_string}"},"query-input":{"@type":"PropertyValueSpecification","valueRequired":true,"valueName":"search_term_string"}}],"inLanguage":"it-IT"},{"@type":"Organization","@id":"https:\/\/www.pigrecoemme.com\/blog\/#organization","name":"Scuola di cinema e fotografia Pigrecoemme","url":"https:\/\/www.pigrecoemme.com\/blog\/","logo":{"@type":"ImageObject","inLanguage":"it-IT","@id":"https:\/\/www.pigrecoemme.com\/blog\/#\/schema\/logo\/image\/","url":"https:\/\/i0.wp.com\/www.pigrecoemme.com\/blog\/wp-content\/uploads\/2018\/06\/logo-pigrecoemme-2018.png?fit=500%2C500&ssl=1","contentUrl":"https:\/\/i0.wp.com\/www.pigrecoemme.com\/blog\/wp-content\/uploads\/2018\/06\/logo-pigrecoemme-2018.png?fit=500%2C500&ssl=1","width":500,"height":500,"caption":"Scuola di cinema e fotografia Pigrecoemme"},"image":{"@id":"https:\/\/www.pigrecoemme.com\/blog\/#\/schema\/logo\/image\/"},"sameAs":["https:\/\/www.facebook.com\/pigrecoemme","https:\/\/x.com\/Pigrecoemme","https:\/\/www.instagram.com\/pigrecoemme\/","https:\/\/www.linkedin.com\/company\/pigrecoemme\/","https:\/\/www.youtube.com\/pigrecoemme"]},{"@type":"Person","@id":"https:\/\/www.pigrecoemme.com\/blog\/#\/schema\/person\/57fa822c3d209d3a2612fd0411ae63f4","name":"Giacomo Fabbrocino","image":{"@type":"ImageObject","inLanguage":"it-IT","@id":"https:\/\/secure.gravatar.com\/avatar\/0e4dfd4d05c06a03fffaffeb36fb181415ba11b91a6b566fa2e8ada75927db32?s=96&r=g","url":"https:\/\/secure.gravatar.com\/avatar\/0e4dfd4d05c06a03fffaffeb36fb181415ba11b91a6b566fa2e8ada75927db32?s=96&r=g","contentUrl":"https:\/\/secure.gravatar.com\/avatar\/0e4dfd4d05c06a03fffaffeb36fb181415ba11b91a6b566fa2e8ada75927db32?s=96&r=g","caption":"Giacomo Fabbrocino"},"description":"Montatore cinematografico, autore di documentari sull'arte e di video d'artista, Giacomo \u00e8 responsabile della didattica e della comunicazione web della Scuola di Cinema, Fotografia e Televisione Pigrecoemme di Napoli.","sameAs":["http:\/\/www.pigrecoemme.com\/","https:\/\/www.facebook.com\/giacomo.fabbrocino"],"url":"https:\/\/www.pigrecoemme.com\/blog\/author\/giacomo-fabbrocino\/"}]}},"jetpack_sharing_enabled":true,"jetpack_likes_enabled":true,"jetpack-related-posts":[{"id":2896,"url":"https:\/\/www.pigrecoemme.com\/blog\/tornano-i-corsi-online-di-montaggio-e-di-sceneggiatura\/","url_meta":{"origin":291,"position":0},"title":"Tornano i corsi online di Montaggio e di Sceneggiatura","author":"Pigrecoemme","date":"20 Ottobre 2020","format":false,"excerpt":"Costretti dall'ordinanza n\u00b0 80 del 16 ottobre 2020 non possiamo svolgere i nostri regolari corsi in presenza, di conseguenza abbiamo deciso di aprire anche a nuovi utenti le classi online di Sceneggiatura e di Montaggio.\u00a0\u00a0 Come sempre i nostri corsi online non sono video pre-registati, ma vere classi virtuali, in\u2026","rel":"","context":"In &quot;Eventi&quot;","block_context":{"text":"Eventi","link":"https:\/\/www.pigrecoemme.com\/blog\/eventi\/"},"img":{"alt_text":"corsi online sceneggiatura montaggio","src":"https:\/\/i0.wp.com\/www.pigrecoemme.com\/blog\/wp-content\/uploads\/2020\/10\/corsi-online-sceneggiatura-montaggio.jpg?resize=350%2C200&ssl=1","width":350,"height":200,"srcset":"https:\/\/i0.wp.com\/www.pigrecoemme.com\/blog\/wp-content\/uploads\/2020\/10\/corsi-online-sceneggiatura-montaggio.jpg?resize=350%2C200&ssl=1 1x, https:\/\/i0.wp.com\/www.pigrecoemme.com\/blog\/wp-content\/uploads\/2020\/10\/corsi-online-sceneggiatura-montaggio.jpg?resize=525%2C300&ssl=1 1.5x, https:\/\/i0.wp.com\/www.pigrecoemme.com\/blog\/wp-content\/uploads\/2020\/10\/corsi-online-sceneggiatura-montaggio.jpg?resize=700%2C400&ssl=1 2x, https:\/\/i0.wp.com\/www.pigrecoemme.com\/blog\/wp-content\/uploads\/2020\/10\/corsi-online-sceneggiatura-montaggio.jpg?resize=1050%2C600&ssl=1 3x, https:\/\/i0.wp.com\/www.pigrecoemme.com\/blog\/wp-content\/uploads\/2020\/10\/corsi-online-sceneggiatura-montaggio.jpg?resize=1400%2C800&ssl=1 4x"},"classes":[]},{"id":505,"url":"https:\/\/www.pigrecoemme.com\/blog\/i-corsi-estivi-2012-cinema-e-fotografia\/","url_meta":{"origin":291,"position":1},"title":"I corsi estivi 2012: regia, montaggio e sceneggiatura","author":"Giacomo Fabbrocino","date":"26 Maggio 2012","format":false,"excerpt":"Anche quest'estate Pigrecoememe ripropone la versione estiva dei suoi corsi. I programmi e il monte ore non variano rispetto ai tradizionali corsi invernali, ma le lezioni si svolgono a minor distanza tra loro, permettendo a chi frequenta una fruizione pi\u00f9 intensiva e, crediamo, pi\u00f9 facilmente conciliabile con i ritmi di\u2026","rel":"","context":"In &quot;Fotografia&quot;","block_context":{"text":"Fotografia","link":"https:\/\/www.pigrecoemme.com\/blog\/fotografia\/"},"img":{"alt_text":"Corso di sceneggiatura","src":"https:\/\/i0.wp.com\/www.pigrecoemme.com\/corsi\/corso-di-sceneggiatura.jpg?resize=350%2C200","width":350,"height":200},"classes":[]},{"id":2740,"url":"https:\/\/www.pigrecoemme.com\/blog\/tornano-i-corsi-online-di-montaggio-e-critica-cinematografica\/","url_meta":{"origin":291,"position":2},"title":"Tornano i corsi online di montaggio e critica cinematografica","author":"Pigrecoemme","date":"26 Aprile 2020","format":false,"excerpt":"Tornano il corsi online di montaggio con Adobe Premiere Pro (dal 28 aprile) e di critica cinematografica (dal 15 maggio). Dopo aver ricevuto un ottimo riscontro con il nostro primo ciclo di corsi online, che abbiamo organizzato anche e soprattutto a causa dell'emergenza sanitaria in corso, abbiamo deciso di riproporre\u2026","rel":"","context":"In &quot;Generale&quot;","block_context":{"text":"Generale","link":"https:\/\/www.pigrecoemme.com\/blog\/generale\/"},"img":{"alt_text":"tornano i corsi online di cinema","src":"https:\/\/i0.wp.com\/www.pigrecoemme.com\/blog\/wp-content\/uploads\/2020\/04\/tornano-i-corsi-online-di-cinema.jpg?resize=350%2C200&ssl=1","width":350,"height":200,"srcset":"https:\/\/i0.wp.com\/www.pigrecoemme.com\/blog\/wp-content\/uploads\/2020\/04\/tornano-i-corsi-online-di-cinema.jpg?resize=350%2C200&ssl=1 1x, https:\/\/i0.wp.com\/www.pigrecoemme.com\/blog\/wp-content\/uploads\/2020\/04\/tornano-i-corsi-online-di-cinema.jpg?resize=525%2C300&ssl=1 1.5x, https:\/\/i0.wp.com\/www.pigrecoemme.com\/blog\/wp-content\/uploads\/2020\/04\/tornano-i-corsi-online-di-cinema.jpg?resize=700%2C400&ssl=1 2x, https:\/\/i0.wp.com\/www.pigrecoemme.com\/blog\/wp-content\/uploads\/2020\/04\/tornano-i-corsi-online-di-cinema.jpg?resize=1050%2C600&ssl=1 3x, https:\/\/i0.wp.com\/www.pigrecoemme.com\/blog\/wp-content\/uploads\/2020\/04\/tornano-i-corsi-online-di-cinema.jpg?resize=1400%2C800&ssl=1 4x"},"classes":[]},{"id":3986,"url":"https:\/\/www.pigrecoemme.com\/blog\/montaggio-critica-e-scenografia-i-corsi-in-partenza-ad-aprile\/","url_meta":{"origin":291,"position":3},"title":"Montaggio, critica e scenografia. I corsi in partenza ad aprile","author":"Pigrecoemme","date":"23 Marzo 2026","format":false,"excerpt":"Tre nuovi percorsi in partenza alla Pigrecoemme per chi vuole approfondire il cinema da prospettive diverse ma complementari: il lavoro tecnico sul montaggio, lo sguardo analitico della critica cinematografica e la costruzione visiva dello spazio scenico. Tre corsi pensati per formare competenze concrete, strumenti di lettura e sensibilit\u00e0 progettuale, tra\u2026","rel":"","context":"In &quot;Generale&quot;","block_context":{"text":"Generale","link":"https:\/\/www.pigrecoemme.com\/blog\/generale\/"},"img":{"alt_text":"corsi aprile","src":"https:\/\/i0.wp.com\/www.pigrecoemme.com\/blog\/wp-content\/uploads\/2026\/03\/corsi-aprile.jpg?resize=350%2C200&ssl=1","width":350,"height":200,"srcset":"https:\/\/i0.wp.com\/www.pigrecoemme.com\/blog\/wp-content\/uploads\/2026\/03\/corsi-aprile.jpg?resize=350%2C200&ssl=1 1x, https:\/\/i0.wp.com\/www.pigrecoemme.com\/blog\/wp-content\/uploads\/2026\/03\/corsi-aprile.jpg?resize=525%2C300&ssl=1 1.5x, https:\/\/i0.wp.com\/www.pigrecoemme.com\/blog\/wp-content\/uploads\/2026\/03\/corsi-aprile.jpg?resize=700%2C400&ssl=1 2x, https:\/\/i0.wp.com\/www.pigrecoemme.com\/blog\/wp-content\/uploads\/2026\/03\/corsi-aprile.jpg?resize=1050%2C600&ssl=1 3x, https:\/\/i0.wp.com\/www.pigrecoemme.com\/blog\/wp-content\/uploads\/2026\/03\/corsi-aprile.jpg?resize=1400%2C800&ssl=1 4x"},"classes":[]},{"id":146,"url":"https:\/\/www.pigrecoemme.com\/blog\/a-giugno-i-corsi-estivi-di-regia-montaggio-e-sceneggiatura\/","url_meta":{"origin":291,"position":4},"title":"A giugno i corsi estivi di regia, montaggio e sceneggiatura","author":"Giacomo Fabbrocino","date":"5 Maggio 2009","format":false,"excerpt":"Anche quest'anno la scuola di cinema Pigrecoemme propone i corsi estivi di regia, montaggio e sceneggiatura.Il corso di regia si svolger\u00e0 dall'8 al 13 giugno 2009. Tutte le lezioni si svolgeranno dalle 15.00 alle 19.00. La lezione di sabato 13 giugno si svolegr\u00e0, invece dalle 10.00 alle 14.00. (Programma)Il corso\u2026","rel":"","context":"In &quot;Scuola di cinema&quot;","block_context":{"text":"Scuola di cinema","link":"https:\/\/www.pigrecoemme.com\/blog\/scuola-di-cinema\/"},"img":{"alt_text":"","src":"https:\/\/i0.wp.com\/www.pigrecoemme.com\/blog\/wp-content\/uploads\/2009\/05\/summerofcourses.png?resize=350%2C200&ssl=1","width":350,"height":200},"classes":[]},{"id":1678,"url":"https:\/\/www.pigrecoemme.com\/blog\/corsi-cinema-fotografia-partenza-ad-aprile\/","url_meta":{"origin":291,"position":5},"title":"I corsi di cinema e fotografia in partenza ad aprile","author":"Pigrecoemme","date":"8 Aprile 2016","format":false,"excerpt":"Stanno per partire i corsi di cinema e fotografia del ciclo primaverile. La Pigrecoemme \u00e8 attiva a Napoli dal 2000 nella didattica dell'audiovisivo e della fotografia. Siamo la scuola napoletana con maggiore storia e tradizione. Ecco un elenco delle nostre produzioni. Qui invece un elenco dei nostri docenti. Contatti Puoi\u2026","rel":"","context":"In &quot;Generale&quot;","block_context":{"text":"Generale","link":"https:\/\/www.pigrecoemme.com\/blog\/generale\/"},"img":{"alt_text":"corsi di cinema e fotografia napoli","src":"https:\/\/i0.wp.com\/www.pigrecoemme.com\/blog\/wp-content\/uploads\/2016\/04\/corsi-di-cinema-e-fotografia.jpg?resize=350%2C200","width":350,"height":200},"classes":[]}],"jetpack_featured_media_url":"","_links":{"self":[{"href":"https:\/\/www.pigrecoemme.com\/blog\/wp-json\/wp\/v2\/posts\/291","targetHints":{"allow":["GET"]}}],"collection":[{"href":"https:\/\/www.pigrecoemme.com\/blog\/wp-json\/wp\/v2\/posts"}],"about":[{"href":"https:\/\/www.pigrecoemme.com\/blog\/wp-json\/wp\/v2\/types\/post"}],"author":[{"embeddable":true,"href":"https:\/\/www.pigrecoemme.com\/blog\/wp-json\/wp\/v2\/users\/1"}],"replies":[{"embeddable":true,"href":"https:\/\/www.pigrecoemme.com\/blog\/wp-json\/wp\/v2\/comments?post=291"}],"version-history":[{"count":0,"href":"https:\/\/www.pigrecoemme.com\/blog\/wp-json\/wp\/v2\/posts\/291\/revisions"}],"wp:attachment":[{"href":"https:\/\/www.pigrecoemme.com\/blog\/wp-json\/wp\/v2\/media?parent=291"}],"wp:term":[{"taxonomy":"category","embeddable":true,"href":"https:\/\/www.pigrecoemme.com\/blog\/wp-json\/wp\/v2\/categories?post=291"},{"taxonomy":"post_tag","embeddable":true,"href":"https:\/\/www.pigrecoemme.com\/blog\/wp-json\/wp\/v2\/tags?post=291"}],"curies":[{"name":"wp","href":"https:\/\/api.w.org\/{rel}","templated":true}]}}