{"id":282,"date":"2010-10-19T13:52:53","date_gmt":"2010-10-19T11:52:53","guid":{"rendered":"http:\/\/www.pigrecoemme.com\/blog\/?p=282"},"modified":"2010-10-19T15:23:57","modified_gmt":"2010-10-19T13:23:57","slug":"peppino-de-filippo-e-masaniello-una-testimonianza-di-lucio-allocca","status":"publish","type":"post","link":"https:\/\/www.pigrecoemme.com\/blog\/peppino-de-filippo-e-masaniello-una-testimonianza-di-lucio-allocca\/","title":{"rendered":"Peppino De Filippo e Masaniello. Una testimonianza di Lucio Allocca"},"content":{"rendered":"<p><a href=\"https:\/\/i0.wp.com\/www.pigrecoemme.com\/blog\/wp-content\/uploads\/2010\/10\/lucio-allocca.jpg?ssl=1\"><img data-recalc-dims=\"1\" loading=\"lazy\" decoding=\"async\" class=\"size-medium wp-image-284 alignleft\" title=\"lucio-allocca\" src=\"https:\/\/i0.wp.com\/www.pigrecoemme.com\/blog\/wp-content\/uploads\/2010\/10\/lucio-allocca.jpg?resize=199%2C191&#038;ssl=1\" alt=\"\" width=\"199\" height=\"191\" \/><\/a>Mercoled\u00ec 27 ottobre, a Napoli, presso la Facolt\u00e0 di Giurisprudenza di Corso Umberto I, alle ore ore 14, ci sar\u00e0 la presentazione del libro &#8220;<a href=\"http:\/\/www.edizioniesi.it\/dettagli_articolo.php?id=2853&amp;tipologia=volumi_collane&amp;titolo=Per_Peppino_De_Filippo_attore_e_autore\">Per Peppino De Filippo attore e autore<\/a>&#8220;, interessante volume edito dalla ESI, a cura di Pasquale Sabbatino e Giuseppina Scognamiglio.<br \/>\nAll&#8217;evento, oltre agli autori, sar\u00e0 presente l&#8217;attore <a href=\"http:\/\/www.pigrecoemme.com\/scuola-di-cinema\/docenti.htm\">Lucio Allocca<\/a>, docente del <a href=\"http:\/\/www.pigrecoemme.com\/corsi\/corso-recitazione-cinematografica.htm\">corso di Recitazione di Pigrecoemme<\/a>, che, nel&#8217;occasione, racconter\u00e0 i gustosi retroscena di una lettera inedita che Peppino De Filippo anni fa gli indirizz\u00f2. Tema: la figura e il mito di Masaniello.<br \/>\nAllocca &#8211; il cui ultimo film \u00e8 stato quel &#8220;La sera della prima&#8221; diretto da Loretta Cavallaro, che di recente ha vinto la prima edizione del festival &#8220;Cinema al Castello&#8221; di Napoli -, ha concesso ai due studiosi, per la prima volta, la consultazione e la pubblicazione dell&#8217;inedito. Il testo &#8211; testimonianza curiosa e intrigante &#8211; conferma ancora una volta la sincera empatia e la grande semplicit\u00e0 di un autore notevolissimo e, insieme, uno dei maestri assoluti della recitazione del Novecento: quelle, appunto, del geniale Peppino De Filippo.<\/p>\n","protected":false},"excerpt":{"rendered":"<p>Mercoled\u00ec 27 ottobre, a Napoli, presso la Facolt\u00e0 di Giurisprudenza di Corso Umberto I, alle ore ore 14, ci sar\u00e0 la presentazione del libro &#8220;Per Peppino De Filippo attore e autore&#8220;, interessante volume edito&hellip;<\/p>\n","protected":false},"author":2,"featured_media":0,"comment_status":"open","ping_status":"open","sticky":false,"template":"","format":"standard","meta":{"_jetpack_newsletter_access":"","_jetpack_dont_email_post_to_subs":false,"_jetpack_newsletter_tier_id":0,"_jetpack_memberships_contains_paywalled_content":false,"_jetpack_feature_clip_id":0,"_jetpack_memberships_contains_paid_content":false,"footnotes":"","jetpack_post_was_ever_published":false},"categories":[11,1,3],"tags":[446,447,443,444,445,396,47,442,440,439,209,441,438],"class_list":["post-282","post","type-post","status-publish","format-standard","hentry","category-eventi","category-generale","category-scuola-di-cinema","tag-attore","tag-attori","tag-cinema-al-castello","tag-corsi-di-recitazione","tag-corsi-di-recitazione-a-napoli","tag-corso-di-recitazione-a-napoli","tag-corso-di-recitazione-cinematografica","tag-giuseppina-scognamiglio","tag-la-sera-della-prima","tag-loretta-cavallaro","tag-lucio-allocca","tag-pasquale-sabbatino","tag-peppino-de-filippo"],"yoast_head":"<!-- This site is optimized with the Yoast SEO plugin v28.3 - https:\/\/yoast.com\/product\/yoast-seo-wordpress\/ -->\n<title>Peppino De Filippo e Masaniello. Una testimonianza di Lucio Allocca<\/title>\n<meta name=\"robots\" content=\"index, follow, max-snippet:-1, max-image-preview:large, max-video-preview:-1\" \/>\n<link rel=\"canonical\" href=\"https:\/\/www.pigrecoemme.com\/blog\/peppino-de-filippo-e-masaniello-una-testimonianza-di-lucio-allocca\/\" \/>\n<meta property=\"og:locale\" content=\"it_IT\" \/>\n<meta property=\"og:type\" content=\"article\" \/>\n<meta property=\"og:title\" content=\"Peppino De Filippo e Masaniello. Una testimonianza di Lucio Allocca\" \/>\n<meta property=\"og:description\" content=\"Mercoled\u00ec 27 ottobre, a Napoli, presso la Facolt\u00e0 di Giurisprudenza di Corso Umberto I, alle ore ore 14, ci sar\u00e0 la presentazione del libro &#8220;Per Peppino De Filippo attore e autore&#8220;, interessante volume edito dalla ESI, a cura di Pasquale &hellip; Continue reading &rarr;\" \/>\n<meta property=\"og:url\" content=\"https:\/\/www.pigrecoemme.com\/blog\/peppino-de-filippo-e-masaniello-una-testimonianza-di-lucio-allocca\/\" \/>\n<meta property=\"og:site_name\" content=\"Scuola di Cinema Pigrecoemme - Blog\" \/>\n<meta property=\"article:publisher\" content=\"https:\/\/www.facebook.com\/pigrecoemme\" \/>\n<meta property=\"article:author\" content=\"https:\/\/www.facebook.com\/corrado.morra1\" \/>\n<meta property=\"article:published_time\" content=\"2010-10-19T11:52:53+00:00\" \/>\n<meta property=\"article:modified_time\" content=\"2010-10-19T13:23:57+00:00\" \/>\n<meta property=\"og:image\" content=\"http:\/\/www.pigrecoemme.com\/blog\/wp-content\/uploads\/2010\/10\/lucio-allocca.jpg\" \/>\n<meta name=\"author\" content=\"Corrado Morra\" \/>\n<meta name=\"twitter:card\" content=\"summary_large_image\" \/>\n<meta name=\"twitter:creator\" content=\"@Pigrecoemme\" \/>\n<meta name=\"twitter:site\" content=\"@Pigrecoemme\" \/>\n<meta name=\"twitter:label1\" content=\"Scritto da\" \/>\n\t<meta name=\"twitter:data1\" content=\"Corrado Morra\" \/>\n\t<meta name=\"twitter:label2\" content=\"Tempo di lettura stimato\" \/>\n\t<meta name=\"twitter:data2\" content=\"1 minuto\" \/>\n<script type=\"application\/ld+json\" class=\"yoast-schema-graph\">{\"@context\":\"https:\\\/\\\/schema.org\",\"@graph\":[{\"@type\":[\"Article\",\"BlogPosting\"],\"@id\":\"https:\\\/\\\/www.pigrecoemme.com\\\/blog\\\/peppino-de-filippo-e-masaniello-una-testimonianza-di-lucio-allocca\\\/#article\",\"isPartOf\":{\"@id\":\"https:\\\/\\\/www.pigrecoemme.com\\\/blog\\\/peppino-de-filippo-e-masaniello-una-testimonianza-di-lucio-allocca\\\/\"},\"author\":{\"name\":\"Corrado Morra\",\"@id\":\"https:\\\/\\\/www.pigrecoemme.com\\\/blog\\\/#\\\/schema\\\/person\\\/702764b5ecda4c2f34e82348789f649e\"},\"headline\":\"Peppino De Filippo e Masaniello. Una testimonianza di Lucio Allocca\",\"datePublished\":\"2010-10-19T11:52:53+00:00\",\"dateModified\":\"2010-10-19T13:23:57+00:00\",\"mainEntityOfPage\":{\"@id\":\"https:\\\/\\\/www.pigrecoemme.com\\\/blog\\\/peppino-de-filippo-e-masaniello-una-testimonianza-di-lucio-allocca\\\/\"},\"wordCount\":185,\"commentCount\":0,\"publisher\":{\"@id\":\"https:\\\/\\\/www.pigrecoemme.com\\\/blog\\\/#organization\"},\"image\":{\"@id\":\"https:\\\/\\\/www.pigrecoemme.com\\\/blog\\\/peppino-de-filippo-e-masaniello-una-testimonianza-di-lucio-allocca\\\/#primaryimage\"},\"thumbnailUrl\":\"http:\\\/\\\/www.pigrecoemme.com\\\/blog\\\/wp-content\\\/uploads\\\/2010\\\/10\\\/lucio-allocca.jpg\",\"keywords\":[\"attore\",\"attori\",\"cinema al castello\",\"corsi di recitazione\",\"corsi di recitazione a napoli\",\"corso di recitazione a napoli\",\"corso di recitazione cinematografica\",\"giuseppina scognamiglio\",\"la sera della prima\",\"loretta cavallaro\",\"lucio allocca\",\"pasquale sabbatino\",\"peppino de filippo\"],\"articleSection\":[\"Eventi\",\"Generale\",\"Scuola di cinema\"],\"inLanguage\":\"it-IT\",\"potentialAction\":[{\"@type\":\"CommentAction\",\"name\":\"Comment\",\"target\":[\"https:\\\/\\\/www.pigrecoemme.com\\\/blog\\\/peppino-de-filippo-e-masaniello-una-testimonianza-di-lucio-allocca\\\/#respond\"]}]},{\"@type\":\"WebPage\",\"@id\":\"https:\\\/\\\/www.pigrecoemme.com\\\/blog\\\/peppino-de-filippo-e-masaniello-una-testimonianza-di-lucio-allocca\\\/\",\"url\":\"https:\\\/\\\/www.pigrecoemme.com\\\/blog\\\/peppino-de-filippo-e-masaniello-una-testimonianza-di-lucio-allocca\\\/\",\"name\":\"Peppino De Filippo e Masaniello. Una testimonianza di Lucio Allocca\",\"isPartOf\":{\"@id\":\"https:\\\/\\\/www.pigrecoemme.com\\\/blog\\\/#website\"},\"primaryImageOfPage\":{\"@id\":\"https:\\\/\\\/www.pigrecoemme.com\\\/blog\\\/peppino-de-filippo-e-masaniello-una-testimonianza-di-lucio-allocca\\\/#primaryimage\"},\"image\":{\"@id\":\"https:\\\/\\\/www.pigrecoemme.com\\\/blog\\\/peppino-de-filippo-e-masaniello-una-testimonianza-di-lucio-allocca\\\/#primaryimage\"},\"thumbnailUrl\":\"http:\\\/\\\/www.pigrecoemme.com\\\/blog\\\/wp-content\\\/uploads\\\/2010\\\/10\\\/lucio-allocca.jpg\",\"datePublished\":\"2010-10-19T11:52:53+00:00\",\"dateModified\":\"2010-10-19T13:23:57+00:00\",\"breadcrumb\":{\"@id\":\"https:\\\/\\\/www.pigrecoemme.com\\\/blog\\\/peppino-de-filippo-e-masaniello-una-testimonianza-di-lucio-allocca\\\/#breadcrumb\"},\"inLanguage\":\"it-IT\",\"potentialAction\":[{\"@type\":\"ReadAction\",\"target\":[\"https:\\\/\\\/www.pigrecoemme.com\\\/blog\\\/peppino-de-filippo-e-masaniello-una-testimonianza-di-lucio-allocca\\\/\"]}]},{\"@type\":\"ImageObject\",\"inLanguage\":\"it-IT\",\"@id\":\"https:\\\/\\\/www.pigrecoemme.com\\\/blog\\\/peppino-de-filippo-e-masaniello-una-testimonianza-di-lucio-allocca\\\/#primaryimage\",\"url\":\"http:\\\/\\\/www.pigrecoemme.com\\\/blog\\\/wp-content\\\/uploads\\\/2010\\\/10\\\/lucio-allocca.jpg\",\"contentUrl\":\"http:\\\/\\\/www.pigrecoemme.com\\\/blog\\\/wp-content\\\/uploads\\\/2010\\\/10\\\/lucio-allocca.jpg\"},{\"@type\":\"BreadcrumbList\",\"@id\":\"https:\\\/\\\/www.pigrecoemme.com\\\/blog\\\/peppino-de-filippo-e-masaniello-una-testimonianza-di-lucio-allocca\\\/#breadcrumb\",\"itemListElement\":[{\"@type\":\"ListItem\",\"position\":1,\"name\":\"Home\",\"item\":\"https:\\\/\\\/www.pigrecoemme.com\\\/blog\\\/\"},{\"@type\":\"ListItem\",\"position\":2,\"name\":\"Peppino De Filippo e Masaniello. Una testimonianza di Lucio Allocca\"}]},{\"@type\":\"WebSite\",\"@id\":\"https:\\\/\\\/www.pigrecoemme.com\\\/blog\\\/#website\",\"url\":\"https:\\\/\\\/www.pigrecoemme.com\\\/blog\\\/\",\"name\":\"Scuola di Cinema Pigrecoemme - Blog\",\"description\":\"Siamo la prima Scuola di Cinema e Fotografia di Napoli\",\"publisher\":{\"@id\":\"https:\\\/\\\/www.pigrecoemme.com\\\/blog\\\/#organization\"},\"potentialAction\":[{\"@type\":\"SearchAction\",\"target\":{\"@type\":\"EntryPoint\",\"urlTemplate\":\"https:\\\/\\\/www.pigrecoemme.com\\\/blog\\\/?s={search_term_string}\"},\"query-input\":{\"@type\":\"PropertyValueSpecification\",\"valueRequired\":true,\"valueName\":\"search_term_string\"}}],\"inLanguage\":\"it-IT\"},{\"@type\":\"Organization\",\"@id\":\"https:\\\/\\\/www.pigrecoemme.com\\\/blog\\\/#organization\",\"name\":\"Scuola di cinema e fotografia Pigrecoemme\",\"url\":\"https:\\\/\\\/www.pigrecoemme.com\\\/blog\\\/\",\"logo\":{\"@type\":\"ImageObject\",\"inLanguage\":\"it-IT\",\"@id\":\"https:\\\/\\\/www.pigrecoemme.com\\\/blog\\\/#\\\/schema\\\/logo\\\/image\\\/\",\"url\":\"https:\\\/\\\/i0.wp.com\\\/www.pigrecoemme.com\\\/blog\\\/wp-content\\\/uploads\\\/2018\\\/06\\\/logo-pigrecoemme-2018.png?fit=500%2C500&ssl=1\",\"contentUrl\":\"https:\\\/\\\/i0.wp.com\\\/www.pigrecoemme.com\\\/blog\\\/wp-content\\\/uploads\\\/2018\\\/06\\\/logo-pigrecoemme-2018.png?fit=500%2C500&ssl=1\",\"width\":500,\"height\":500,\"caption\":\"Scuola di cinema e fotografia Pigrecoemme\"},\"image\":{\"@id\":\"https:\\\/\\\/www.pigrecoemme.com\\\/blog\\\/#\\\/schema\\\/logo\\\/image\\\/\"},\"sameAs\":[\"https:\\\/\\\/www.facebook.com\\\/pigrecoemme\",\"https:\\\/\\\/x.com\\\/Pigrecoemme\",\"https:\\\/\\\/www.instagram.com\\\/pigrecoemme\\\/\",\"https:\\\/\\\/www.linkedin.com\\\/company\\\/pigrecoemme\\\/\",\"https:\\\/\\\/www.youtube.com\\\/pigrecoemme\"]},{\"@type\":\"Person\",\"@id\":\"https:\\\/\\\/www.pigrecoemme.com\\\/blog\\\/#\\\/schema\\\/person\\\/702764b5ecda4c2f34e82348789f649e\",\"name\":\"Corrado Morra\",\"image\":{\"@type\":\"ImageObject\",\"inLanguage\":\"it-IT\",\"@id\":\"https:\\\/\\\/secure.gravatar.com\\\/avatar\\\/f6ce2f6728fbdf920737112fe70682512808577befa2c9c7845c04a8449b8f03?s=96&r=g\",\"url\":\"https:\\\/\\\/secure.gravatar.com\\\/avatar\\\/f6ce2f6728fbdf920737112fe70682512808577befa2c9c7845c04a8449b8f03?s=96&r=g\",\"contentUrl\":\"https:\\\/\\\/secure.gravatar.com\\\/avatar\\\/f6ce2f6728fbdf920737112fe70682512808577befa2c9c7845c04a8449b8f03?s=96&r=g\",\"caption\":\"Corrado Morra\"},\"description\":\"Esperto di arti visive e di cinema, insegna Sceneggiatura alla Scuola di cinema Pigrecoemme di Napoli, di cui \u00e8 tra i fondatori.\",\"sameAs\":[\"http:\\\/\\\/www.pigrecoemme.com\\\/\",\"https:\\\/\\\/www.facebook.com\\\/corrado.morra1\"],\"url\":\"https:\\\/\\\/www.pigrecoemme.com\\\/blog\\\/author\\\/corrado-morra\\\/\"}]}<\/script>\n<!-- \/ Yoast SEO plugin. -->","yoast_head_json":{"title":"Peppino De Filippo e Masaniello. Una testimonianza di Lucio Allocca","robots":{"index":"index","follow":"follow","max-snippet":"max-snippet:-1","max-image-preview":"max-image-preview:large","max-video-preview":"max-video-preview:-1"},"canonical":"https:\/\/www.pigrecoemme.com\/blog\/peppino-de-filippo-e-masaniello-una-testimonianza-di-lucio-allocca\/","og_locale":"it_IT","og_type":"article","og_title":"Peppino De Filippo e Masaniello. Una testimonianza di Lucio Allocca","og_description":"Mercoled\u00ec 27 ottobre, a Napoli, presso la Facolt\u00e0 di Giurisprudenza di Corso Umberto I, alle ore ore 14, ci sar\u00e0 la presentazione del libro &#8220;Per Peppino De Filippo attore e autore&#8220;, interessante volume edito dalla ESI, a cura di Pasquale &hellip; Continue reading &rarr;","og_url":"https:\/\/www.pigrecoemme.com\/blog\/peppino-de-filippo-e-masaniello-una-testimonianza-di-lucio-allocca\/","og_site_name":"Scuola di Cinema Pigrecoemme - Blog","article_publisher":"https:\/\/www.facebook.com\/pigrecoemme","article_author":"https:\/\/www.facebook.com\/corrado.morra1","article_published_time":"2010-10-19T11:52:53+00:00","article_modified_time":"2010-10-19T13:23:57+00:00","og_image":[{"url":"http:\/\/www.pigrecoemme.com\/blog\/wp-content\/uploads\/2010\/10\/lucio-allocca.jpg","type":"","width":"","height":""}],"author":"Corrado Morra","twitter_card":"summary_large_image","twitter_creator":"@Pigrecoemme","twitter_site":"@Pigrecoemme","twitter_misc":{"Scritto da":"Corrado Morra","Tempo di lettura stimato":"1 minuto"},"schema":{"@context":"https:\/\/schema.org","@graph":[{"@type":["Article","BlogPosting"],"@id":"https:\/\/www.pigrecoemme.com\/blog\/peppino-de-filippo-e-masaniello-una-testimonianza-di-lucio-allocca\/#article","isPartOf":{"@id":"https:\/\/www.pigrecoemme.com\/blog\/peppino-de-filippo-e-masaniello-una-testimonianza-di-lucio-allocca\/"},"author":{"name":"Corrado Morra","@id":"https:\/\/www.pigrecoemme.com\/blog\/#\/schema\/person\/702764b5ecda4c2f34e82348789f649e"},"headline":"Peppino De Filippo e Masaniello. Una testimonianza di Lucio Allocca","datePublished":"2010-10-19T11:52:53+00:00","dateModified":"2010-10-19T13:23:57+00:00","mainEntityOfPage":{"@id":"https:\/\/www.pigrecoemme.com\/blog\/peppino-de-filippo-e-masaniello-una-testimonianza-di-lucio-allocca\/"},"wordCount":185,"commentCount":0,"publisher":{"@id":"https:\/\/www.pigrecoemme.com\/blog\/#organization"},"image":{"@id":"https:\/\/www.pigrecoemme.com\/blog\/peppino-de-filippo-e-masaniello-una-testimonianza-di-lucio-allocca\/#primaryimage"},"thumbnailUrl":"http:\/\/www.pigrecoemme.com\/blog\/wp-content\/uploads\/2010\/10\/lucio-allocca.jpg","keywords":["attore","attori","cinema al castello","corsi di recitazione","corsi di recitazione a napoli","corso di recitazione a napoli","corso di recitazione cinematografica","giuseppina scognamiglio","la sera della prima","loretta cavallaro","lucio allocca","pasquale sabbatino","peppino de filippo"],"articleSection":["Eventi","Generale","Scuola di cinema"],"inLanguage":"it-IT","potentialAction":[{"@type":"CommentAction","name":"Comment","target":["https:\/\/www.pigrecoemme.com\/blog\/peppino-de-filippo-e-masaniello-una-testimonianza-di-lucio-allocca\/#respond"]}]},{"@type":"WebPage","@id":"https:\/\/www.pigrecoemme.com\/blog\/peppino-de-filippo-e-masaniello-una-testimonianza-di-lucio-allocca\/","url":"https:\/\/www.pigrecoemme.com\/blog\/peppino-de-filippo-e-masaniello-una-testimonianza-di-lucio-allocca\/","name":"Peppino De Filippo e Masaniello. Una testimonianza di Lucio Allocca","isPartOf":{"@id":"https:\/\/www.pigrecoemme.com\/blog\/#website"},"primaryImageOfPage":{"@id":"https:\/\/www.pigrecoemme.com\/blog\/peppino-de-filippo-e-masaniello-una-testimonianza-di-lucio-allocca\/#primaryimage"},"image":{"@id":"https:\/\/www.pigrecoemme.com\/blog\/peppino-de-filippo-e-masaniello-una-testimonianza-di-lucio-allocca\/#primaryimage"},"thumbnailUrl":"http:\/\/www.pigrecoemme.com\/blog\/wp-content\/uploads\/2010\/10\/lucio-allocca.jpg","datePublished":"2010-10-19T11:52:53+00:00","dateModified":"2010-10-19T13:23:57+00:00","breadcrumb":{"@id":"https:\/\/www.pigrecoemme.com\/blog\/peppino-de-filippo-e-masaniello-una-testimonianza-di-lucio-allocca\/#breadcrumb"},"inLanguage":"it-IT","potentialAction":[{"@type":"ReadAction","target":["https:\/\/www.pigrecoemme.com\/blog\/peppino-de-filippo-e-masaniello-una-testimonianza-di-lucio-allocca\/"]}]},{"@type":"ImageObject","inLanguage":"it-IT","@id":"https:\/\/www.pigrecoemme.com\/blog\/peppino-de-filippo-e-masaniello-una-testimonianza-di-lucio-allocca\/#primaryimage","url":"http:\/\/www.pigrecoemme.com\/blog\/wp-content\/uploads\/2010\/10\/lucio-allocca.jpg","contentUrl":"http:\/\/www.pigrecoemme.com\/blog\/wp-content\/uploads\/2010\/10\/lucio-allocca.jpg"},{"@type":"BreadcrumbList","@id":"https:\/\/www.pigrecoemme.com\/blog\/peppino-de-filippo-e-masaniello-una-testimonianza-di-lucio-allocca\/#breadcrumb","itemListElement":[{"@type":"ListItem","position":1,"name":"Home","item":"https:\/\/www.pigrecoemme.com\/blog\/"},{"@type":"ListItem","position":2,"name":"Peppino De Filippo e Masaniello. Una testimonianza di Lucio Allocca"}]},{"@type":"WebSite","@id":"https:\/\/www.pigrecoemme.com\/blog\/#website","url":"https:\/\/www.pigrecoemme.com\/blog\/","name":"Scuola di Cinema Pigrecoemme - Blog","description":"Siamo la prima Scuola di Cinema e Fotografia di Napoli","publisher":{"@id":"https:\/\/www.pigrecoemme.com\/blog\/#organization"},"potentialAction":[{"@type":"SearchAction","target":{"@type":"EntryPoint","urlTemplate":"https:\/\/www.pigrecoemme.com\/blog\/?s={search_term_string}"},"query-input":{"@type":"PropertyValueSpecification","valueRequired":true,"valueName":"search_term_string"}}],"inLanguage":"it-IT"},{"@type":"Organization","@id":"https:\/\/www.pigrecoemme.com\/blog\/#organization","name":"Scuola di cinema e fotografia Pigrecoemme","url":"https:\/\/www.pigrecoemme.com\/blog\/","logo":{"@type":"ImageObject","inLanguage":"it-IT","@id":"https:\/\/www.pigrecoemme.com\/blog\/#\/schema\/logo\/image\/","url":"https:\/\/i0.wp.com\/www.pigrecoemme.com\/blog\/wp-content\/uploads\/2018\/06\/logo-pigrecoemme-2018.png?fit=500%2C500&ssl=1","contentUrl":"https:\/\/i0.wp.com\/www.pigrecoemme.com\/blog\/wp-content\/uploads\/2018\/06\/logo-pigrecoemme-2018.png?fit=500%2C500&ssl=1","width":500,"height":500,"caption":"Scuola di cinema e fotografia Pigrecoemme"},"image":{"@id":"https:\/\/www.pigrecoemme.com\/blog\/#\/schema\/logo\/image\/"},"sameAs":["https:\/\/www.facebook.com\/pigrecoemme","https:\/\/x.com\/Pigrecoemme","https:\/\/www.instagram.com\/pigrecoemme\/","https:\/\/www.linkedin.com\/company\/pigrecoemme\/","https:\/\/www.youtube.com\/pigrecoemme"]},{"@type":"Person","@id":"https:\/\/www.pigrecoemme.com\/blog\/#\/schema\/person\/702764b5ecda4c2f34e82348789f649e","name":"Corrado Morra","image":{"@type":"ImageObject","inLanguage":"it-IT","@id":"https:\/\/secure.gravatar.com\/avatar\/f6ce2f6728fbdf920737112fe70682512808577befa2c9c7845c04a8449b8f03?s=96&r=g","url":"https:\/\/secure.gravatar.com\/avatar\/f6ce2f6728fbdf920737112fe70682512808577befa2c9c7845c04a8449b8f03?s=96&r=g","contentUrl":"https:\/\/secure.gravatar.com\/avatar\/f6ce2f6728fbdf920737112fe70682512808577befa2c9c7845c04a8449b8f03?s=96&r=g","caption":"Corrado Morra"},"description":"Esperto di arti visive e di cinema, insegna Sceneggiatura alla Scuola di cinema Pigrecoemme di Napoli, di cui \u00e8 tra i fondatori.","sameAs":["http:\/\/www.pigrecoemme.com\/","https:\/\/www.facebook.com\/corrado.morra1"],"url":"https:\/\/www.pigrecoemme.com\/blog\/author\/corrado-morra\/"}]}},"jetpack_sharing_enabled":true,"jetpack_likes_enabled":true,"jetpack-related-posts":[{"id":300,"url":"https:\/\/www.pigrecoemme.com\/blog\/300\/","url_meta":{"origin":282,"position":0},"title":"Radio Punto Nuovo intervista Corrado Morra","author":"Rosario Gallone","date":"15 Novembre 2010","format":false,"excerpt":"Marted\u00ec 16 novembre Radio Punto Nuovo intervista Corrado Morra. Che parler\u00e0 dei nuovi corsi di cinema e di recitazione di Pigrecoemme.","rel":"","context":"In &quot;Eventi&quot;","block_context":{"text":"Eventi","link":"https:\/\/www.pigrecoemme.com\/blog\/eventi\/"},"img":{"alt_text":"","src":"","width":0,"height":0},"classes":[]},{"id":187,"url":"https:\/\/www.pigrecoemme.com\/blog\/ancora-aperti-i-colloqui-per-accedere-al-nuovo-corso-di-recitazione-cinematografica\/","url_meta":{"origin":282,"position":1},"title":"Ancora aperti i colloqui per accedere al nuovo Corso di recitazione cinematografica","author":"Giacomo Fabbrocino","date":"8 Novembre 2009","format":false,"excerpt":"\u00c8 di nuovo possibile sostenere i colloqui per accedere al corso di Recitazione cinematografica di Pigrecoemme, condotto da Lucio Allocca, Angelo Serio e, da quest'anno, Cristina Florio, che comincer\u00e0 marted\u00ec I dicembre. Chiamando allo 0815635188 si potr\u00e0 prendere un appuntamento per un colloquio conoscitivo da sostenersi nella sede della Scuola\u2026","rel":"","context":"In &quot;Scuola di cinema&quot;","block_context":{"text":"Scuola di cinema","link":"https:\/\/www.pigrecoemme.com\/blog\/scuola-di-cinema\/"},"img":{"alt_text":"Lucio Allocca con alcuni allievi del corso","src":"https:\/\/i0.wp.com\/www.pigrecoemme.com\/blog\/wp-content\/uploads\/2009\/11\/corso-di-recitazione-napoli-300x224.jpg?resize=350%2C200","width":350,"height":200},"classes":[]},{"id":73,"url":"https:\/\/www.pigrecoemme.com\/blog\/lucio-allocca-e-cesare-accetta-due-nuovi-docenti-della-scuola-di-cinema-pigrecoemme\/","url_meta":{"origin":282,"position":2},"title":"Lucio Allocca e Cesare Accetta, due nuovi docenti della Scuola di Cinema Pigrecoemme","author":"Giacomo Fabbrocino","date":"4 Agosto 2008","format":false,"excerpt":"Interrompo il silenzio estivo (gi\u00e0, che fine hanno fatto le foto della settimana?) per annunciare ufficialmente due interessantissime novit\u00e0 riguardanti il prossimo anno di corsi. Il prossimo corso master in cinema (il nostro corso pi\u00f9 completo, quello annuale) vedr\u00e0 tra i docenti il maestro Cesare Accetta, sicuramente uno dei pi\u00f9\u2026","rel":"","context":"In &quot;Scuola di cinema&quot;","block_context":{"text":"Scuola di cinema","link":"https:\/\/www.pigrecoemme.com\/blog\/scuola-di-cinema\/"},"img":{"alt_text":"","src":"","width":0,"height":0},"classes":[]},{"id":82,"url":"https:\/\/www.pigrecoemme.com\/blog\/corso-di-recitazione-provino-di-ammissione-2008-teatrale-cinematografica\/","url_meta":{"origin":282,"position":3},"title":"Sabato 18 ottobre, ore 11: provino di ammissione al corso semestrale di recitazione teatrale e cinematografica di Pigrecoemme.","author":"Giacomo Fabbrocino","date":"14 Settembre 2008","format":false,"excerpt":"E' stato fissato per sabato 18 ottobre, alle ore 11,00, il provino di ammissione al corso di recitazione teatrale e cinematografica. Gli interessati sono invitati a prenotare la possibilit\u00e0 di prendervi parte telefonando allo 081 5635188 (dal luned\u00ec al venerd\u00ec, in orari di ufficio) o scrivendo a corsi@pigrecoemme.com. I candidati\u2026","rel":"","context":"In &quot;Scuola di cinema&quot;","block_context":{"text":"Scuola di cinema","link":"https:\/\/www.pigrecoemme.com\/blog\/scuola-di-cinema\/"},"img":{"alt_text":"","src":"https:\/\/i0.wp.com\/www.pigrecoemme.com\/blog\/wp-content\/uploads\/2024\/10\/acting-in-a-movie.png?resize=350%2C200&ssl=1","width":350,"height":200,"srcset":"https:\/\/i0.wp.com\/www.pigrecoemme.com\/blog\/wp-content\/uploads\/2024\/10\/acting-in-a-movie.png?resize=350%2C200&ssl=1 1x, https:\/\/i0.wp.com\/www.pigrecoemme.com\/blog\/wp-content\/uploads\/2024\/10\/acting-in-a-movie.png?resize=525%2C300&ssl=1 1.5x, https:\/\/i0.wp.com\/www.pigrecoemme.com\/blog\/wp-content\/uploads\/2024\/10\/acting-in-a-movie.png?resize=700%2C400&ssl=1 2x"},"classes":[]},{"id":3830,"url":"https:\/\/www.pigrecoemme.com\/blog\/il-corso-di-recitazione-cinematografica-apre-le-iscrizioni-si-parte-a-novembre\/","url_meta":{"origin":282,"position":4},"title":"Il corso di recitazione cinematografica apre le iscrizioni. Si parte a novembre.","author":"Pigrecoemme","date":"16 Giugno 2025","format":false,"excerpt":"Inizia il tuo percorso da attore professionista Il Corso di Recitazione Cinematografica della Pigrecoemme, coordinato da Angelo Serio, \u00e8 un percorso annuale (da novembre 2025 a maggio 2026) pensato per massimo 14 partecipanti dai 18 anni in su, con l\u2019obiettivo di prepararti \u2013 seriamente \u2013 alla professione attoriale. Si parte\u2026","rel":"","context":"In &quot;Generale&quot;","block_context":{"text":"Generale","link":"https:\/\/www.pigrecoemme.com\/blog\/generale\/"},"img":{"alt_text":"","src":"","width":0,"height":0},"classes":[]},{"id":179,"url":"https:\/\/www.pigrecoemme.com\/blog\/al-via-il-nuovo-anno-di-studi-della-scuola-di-cinema-e-televisione-pigrecoemme-di-napoli\/","url_meta":{"origin":282,"position":5},"title":"Al via il nuovo anno di studi della Scuola di cinema e televisione Pigrecoemme di Napoli","author":"Giacomo Fabbrocino","date":"16 Ottobre 2009","format":false,"excerpt":"Tutto pronto per il nuovo anno di studi della Scuola di cinema e televisione Pigrecoemme: corsi di cinema, fotografia e, per il secondo anno, di recitazione. Scuola Di Cinema Pigrecoemm... by Scuola di cinema Pigrecoemme Parte gioved\u00ec 29 ottobre, con la prima lezione di Regia, il Master in Cinema della\u2026","rel":"","context":"In &quot;Scuola di cinema&quot;","block_context":{"text":"Scuola di cinema","link":"https:\/\/www.pigrecoemme.com\/blog\/scuola-di-cinema\/"},"img":{"alt_text":"","src":"https:\/\/i0.wp.com\/www.pigrecoemme.com\/blog\/wp-content\/uploads\/2009\/10\/1-lucio-allocca-sul-un-set-di-pigrecoemme.jpg?resize=350%2C200&ssl=1","width":350,"height":200,"srcset":"https:\/\/i0.wp.com\/www.pigrecoemme.com\/blog\/wp-content\/uploads\/2009\/10\/1-lucio-allocca-sul-un-set-di-pigrecoemme.jpg?resize=350%2C200&ssl=1 1x, https:\/\/i0.wp.com\/www.pigrecoemme.com\/blog\/wp-content\/uploads\/2009\/10\/1-lucio-allocca-sul-un-set-di-pigrecoemme.jpg?resize=525%2C300&ssl=1 1.5x, https:\/\/i0.wp.com\/www.pigrecoemme.com\/blog\/wp-content\/uploads\/2009\/10\/1-lucio-allocca-sul-un-set-di-pigrecoemme.jpg?resize=700%2C400&ssl=1 2x"},"classes":[]}],"jetpack_featured_media_url":"","_links":{"self":[{"href":"https:\/\/www.pigrecoemme.com\/blog\/wp-json\/wp\/v2\/posts\/282","targetHints":{"allow":["GET"]}}],"collection":[{"href":"https:\/\/www.pigrecoemme.com\/blog\/wp-json\/wp\/v2\/posts"}],"about":[{"href":"https:\/\/www.pigrecoemme.com\/blog\/wp-json\/wp\/v2\/types\/post"}],"author":[{"embeddable":true,"href":"https:\/\/www.pigrecoemme.com\/blog\/wp-json\/wp\/v2\/users\/2"}],"replies":[{"embeddable":true,"href":"https:\/\/www.pigrecoemme.com\/blog\/wp-json\/wp\/v2\/comments?post=282"}],"version-history":[{"count":0,"href":"https:\/\/www.pigrecoemme.com\/blog\/wp-json\/wp\/v2\/posts\/282\/revisions"}],"wp:attachment":[{"href":"https:\/\/www.pigrecoemme.com\/blog\/wp-json\/wp\/v2\/media?parent=282"}],"wp:term":[{"taxonomy":"category","embeddable":true,"href":"https:\/\/www.pigrecoemme.com\/blog\/wp-json\/wp\/v2\/categories?post=282"},{"taxonomy":"post_tag","embeddable":true,"href":"https:\/\/www.pigrecoemme.com\/blog\/wp-json\/wp\/v2\/tags?post=282"}],"curies":[{"name":"wp","href":"https:\/\/api.w.org\/{rel}","templated":true}]}}