{"id":28,"date":"2008-01-06T14:05:18","date_gmt":"2008-01-06T12:05:18","guid":{"rendered":"http:\/\/www.pigrecoemme.com\/blog\/il-futuro-della-fotografia-tra-analogico-e-digitale\/"},"modified":"2008-01-06T14:12:50","modified_gmt":"2008-01-06T12:12:50","slug":"il-futuro-della-fotografia-tra-analogico-e-digitale","status":"publish","type":"post","link":"https:\/\/www.pigrecoemme.com\/blog\/il-futuro-della-fotografia-tra-analogico-e-digitale\/","title":{"rendered":"Il futuro della fotografia tra analogico e digitale"},"content":{"rendered":"<p><img data-recalc-dims=\"1\" loading=\"lazy\" decoding=\"async\" src=\"https:\/\/i0.wp.com\/www.pigrecoemme.com\/corso-fotografia\/fotografia-digitale.jpg?resize=240%2C175\" alt=\"fotografia digitale\" style=\"float: left\" height=\"175\" width=\"240\" \/>Siete tutti invitati all&#8217;incontro curato da <a href=\"http:\/\/www.pigrecoemme.com\/corso-fotografia\/luca-sorbo.htm\">Luca Sorbo<\/a> che si terr\u00e0 mercoled\u00ec 9 gennaio 2008 dalle 17,00 alle 19,00 presso la Scuola di Cinema Pigrecoemme \u2013 Piazza Portanova 11, Napoli.<br \/>\nLuca Sorbo, analizzando l\u2019evoluzione storica e tecnica della fotografia, cercher\u00e0 di esplicitare le problematiche che la rivoluzione digitale pone, evidenziandone le potenzialit\u00e0 ed i limiti.<br \/>\nSi analizzeranno le funzioni di Adobe Photoshop per comprendere quali siano compatibili con il linguaggio fotografico e quali possano stravolgerne l\u2019essenza e si cercher\u00e0 anche di comprendere quale sar\u00e0 il futuro della fotografia chimica.<\/p>\n<p>Alla fine dell\u2019incontro sar\u00e0 possibile far <strong>visionare i propri portfolio<\/strong> sia per discuterne, sia per poter organizzare un\u2019eventuale mostra.<\/p>\n<p>Luca Sorbo conduce il <a href=\"http:\/\/www.pigrecoemme.com\/corso-fotografia\/corso-di-fotografia-2.htm\">corso di fotografia<\/a> di Pigrecoemme.<\/p>\n<p>Vi ricordo che l\u2019incontro \u00e8 aperto a tutti, non solo agli iscritti ai corsi.<\/p>\n<p>Info: 081 5635188; <a href=\"mailto:info@pigrecoemme.com\">info@pigrecoemme.com<\/a><\/p>\n","protected":false},"excerpt":{"rendered":"<p>Siete tutti invitati all&#8217;incontro curato da Luca Sorbo che si terr\u00e0 mercoled\u00ec 9 gennaio 2008 dalle 17,00 alle 19,00 presso la Scuola di Cinema Pigrecoemme \u2013 Piazza Portanova 11, Napoli. Luca Sorbo, analizzando l\u2019evoluzione&hellip;<\/p>\n","protected":false},"author":1,"featured_media":0,"comment_status":"open","ping_status":"open","sticky":false,"template":"","format":"standard","meta":{"_jetpack_newsletter_access":"","_jetpack_dont_email_post_to_subs":false,"_jetpack_newsletter_tier_id":0,"_jetpack_memberships_contains_paywalled_content":false,"_jetpack_feature_clip_id":0,"_jetpack_memberships_contains_paid_content":false,"footnotes":"","jetpack_post_was_ever_published":false},"categories":[11,1,3],"tags":[20,1283,68,69,58,1280],"class_list":["post-28","post","type-post","status-publish","format-standard","hentry","category-eventi","category-generale","category-scuola-di-cinema","tag-corso-di-fotografia","tag-fotografia","tag-fotografia-digitale","tag-luca-sorbo","tag-pigrecoemme","tag-scuola-di-cinema"],"yoast_head":"<!-- This site is optimized with the Yoast SEO plugin v28.3 - https:\/\/yoast.com\/product\/yoast-seo-wordpress\/ -->\n<title>Il futuro della fotografia tra analogico e digitale<\/title>\n<meta name=\"robots\" content=\"index, follow, max-snippet:-1, max-image-preview:large, max-video-preview:-1\" \/>\n<link rel=\"canonical\" href=\"https:\/\/www.pigrecoemme.com\/blog\/il-futuro-della-fotografia-tra-analogico-e-digitale\/\" \/>\n<meta property=\"og:locale\" content=\"it_IT\" \/>\n<meta property=\"og:type\" content=\"article\" \/>\n<meta property=\"og:title\" content=\"Il futuro della fotografia tra analogico e digitale\" \/>\n<meta property=\"og:description\" content=\"Siete tutti invitati all&#8217;incontro curato da Luca Sorbo che si terr\u00e0 mercoled\u00ec 9 gennaio 2008 dalle 17,00 alle 19,00 presso la Scuola di Cinema Pigrecoemme \u2013 Piazza Portanova 11, Napoli. Luca Sorbo, analizzando l\u2019evoluzione&hellip;\" \/>\n<meta property=\"og:url\" content=\"https:\/\/www.pigrecoemme.com\/blog\/il-futuro-della-fotografia-tra-analogico-e-digitale\/\" \/>\n<meta property=\"og:site_name\" content=\"Scuola di Cinema Pigrecoemme - Blog\" \/>\n<meta property=\"article:publisher\" content=\"https:\/\/www.facebook.com\/pigrecoemme\" \/>\n<meta property=\"article:author\" content=\"https:\/\/www.facebook.com\/giacomo.fabbrocino\" \/>\n<meta property=\"article:published_time\" content=\"2008-01-06T12:05:18+00:00\" \/>\n<meta property=\"article:modified_time\" content=\"2008-01-06T12:12:50+00:00\" \/>\n<meta property=\"og:image\" content=\"http:\/\/www.pigrecoemme.com\/corso-fotografia\/fotografia-digitale.jpg\" \/>\n<meta name=\"author\" content=\"Giacomo Fabbrocino\" \/>\n<meta name=\"twitter:card\" content=\"summary_large_image\" \/>\n<meta name=\"twitter:creator\" content=\"@Pigrecoemme\" \/>\n<meta name=\"twitter:site\" content=\"@Pigrecoemme\" \/>\n<meta name=\"twitter:label1\" content=\"Scritto da\" \/>\n\t<meta name=\"twitter:data1\" content=\"Giacomo Fabbrocino\" \/>\n\t<meta name=\"twitter:label2\" content=\"Tempo di lettura stimato\" \/>\n\t<meta name=\"twitter:data2\" content=\"1 minuto\" \/>\n<script type=\"application\/ld+json\" class=\"yoast-schema-graph\">{\"@context\":\"https:\\\/\\\/schema.org\",\"@graph\":[{\"@type\":[\"Article\",\"BlogPosting\"],\"@id\":\"https:\\\/\\\/www.pigrecoemme.com\\\/blog\\\/il-futuro-della-fotografia-tra-analogico-e-digitale\\\/#article\",\"isPartOf\":{\"@id\":\"https:\\\/\\\/www.pigrecoemme.com\\\/blog\\\/il-futuro-della-fotografia-tra-analogico-e-digitale\\\/\"},\"author\":{\"name\":\"Giacomo Fabbrocino\",\"@id\":\"https:\\\/\\\/www.pigrecoemme.com\\\/blog\\\/#\\\/schema\\\/person\\\/57fa822c3d209d3a2612fd0411ae63f4\"},\"headline\":\"Il futuro della fotografia tra analogico e digitale\",\"datePublished\":\"2008-01-06T12:05:18+00:00\",\"dateModified\":\"2008-01-06T12:12:50+00:00\",\"mainEntityOfPage\":{\"@id\":\"https:\\\/\\\/www.pigrecoemme.com\\\/blog\\\/il-futuro-della-fotografia-tra-analogico-e-digitale\\\/\"},\"wordCount\":142,\"commentCount\":1,\"publisher\":{\"@id\":\"https:\\\/\\\/www.pigrecoemme.com\\\/blog\\\/#organization\"},\"image\":{\"@id\":\"https:\\\/\\\/www.pigrecoemme.com\\\/blog\\\/il-futuro-della-fotografia-tra-analogico-e-digitale\\\/#primaryimage\"},\"thumbnailUrl\":\"http:\\\/\\\/www.pigrecoemme.com\\\/corso-fotografia\\\/fotografia-digitale.jpg\",\"keywords\":[\"\\\"corso di fotografia\\\"\",\"fotografia\",\"fotografia digitale\",\"luca sorbo\",\"pigrecoemme\",\"Scuola di cinema\"],\"articleSection\":[\"Eventi\",\"Generale\",\"Scuola di cinema\"],\"inLanguage\":\"it-IT\",\"potentialAction\":[{\"@type\":\"CommentAction\",\"name\":\"Comment\",\"target\":[\"https:\\\/\\\/www.pigrecoemme.com\\\/blog\\\/il-futuro-della-fotografia-tra-analogico-e-digitale\\\/#respond\"]}]},{\"@type\":\"WebPage\",\"@id\":\"https:\\\/\\\/www.pigrecoemme.com\\\/blog\\\/il-futuro-della-fotografia-tra-analogico-e-digitale\\\/\",\"url\":\"https:\\\/\\\/www.pigrecoemme.com\\\/blog\\\/il-futuro-della-fotografia-tra-analogico-e-digitale\\\/\",\"name\":\"Il futuro della fotografia tra analogico e digitale\",\"isPartOf\":{\"@id\":\"https:\\\/\\\/www.pigrecoemme.com\\\/blog\\\/#website\"},\"primaryImageOfPage\":{\"@id\":\"https:\\\/\\\/www.pigrecoemme.com\\\/blog\\\/il-futuro-della-fotografia-tra-analogico-e-digitale\\\/#primaryimage\"},\"image\":{\"@id\":\"https:\\\/\\\/www.pigrecoemme.com\\\/blog\\\/il-futuro-della-fotografia-tra-analogico-e-digitale\\\/#primaryimage\"},\"thumbnailUrl\":\"http:\\\/\\\/www.pigrecoemme.com\\\/corso-fotografia\\\/fotografia-digitale.jpg\",\"datePublished\":\"2008-01-06T12:05:18+00:00\",\"dateModified\":\"2008-01-06T12:12:50+00:00\",\"breadcrumb\":{\"@id\":\"https:\\\/\\\/www.pigrecoemme.com\\\/blog\\\/il-futuro-della-fotografia-tra-analogico-e-digitale\\\/#breadcrumb\"},\"inLanguage\":\"it-IT\",\"potentialAction\":[{\"@type\":\"ReadAction\",\"target\":[\"https:\\\/\\\/www.pigrecoemme.com\\\/blog\\\/il-futuro-della-fotografia-tra-analogico-e-digitale\\\/\"]}]},{\"@type\":\"ImageObject\",\"inLanguage\":\"it-IT\",\"@id\":\"https:\\\/\\\/www.pigrecoemme.com\\\/blog\\\/il-futuro-della-fotografia-tra-analogico-e-digitale\\\/#primaryimage\",\"url\":\"http:\\\/\\\/www.pigrecoemme.com\\\/corso-fotografia\\\/fotografia-digitale.jpg\",\"contentUrl\":\"http:\\\/\\\/www.pigrecoemme.com\\\/corso-fotografia\\\/fotografia-digitale.jpg\"},{\"@type\":\"BreadcrumbList\",\"@id\":\"https:\\\/\\\/www.pigrecoemme.com\\\/blog\\\/il-futuro-della-fotografia-tra-analogico-e-digitale\\\/#breadcrumb\",\"itemListElement\":[{\"@type\":\"ListItem\",\"position\":1,\"name\":\"Home\",\"item\":\"https:\\\/\\\/www.pigrecoemme.com\\\/blog\\\/\"},{\"@type\":\"ListItem\",\"position\":2,\"name\":\"Il futuro della fotografia tra analogico e digitale\"}]},{\"@type\":\"WebSite\",\"@id\":\"https:\\\/\\\/www.pigrecoemme.com\\\/blog\\\/#website\",\"url\":\"https:\\\/\\\/www.pigrecoemme.com\\\/blog\\\/\",\"name\":\"Scuola di Cinema Pigrecoemme - Blog\",\"description\":\"Siamo la prima Scuola di Cinema e Fotografia di Napoli\",\"publisher\":{\"@id\":\"https:\\\/\\\/www.pigrecoemme.com\\\/blog\\\/#organization\"},\"potentialAction\":[{\"@type\":\"SearchAction\",\"target\":{\"@type\":\"EntryPoint\",\"urlTemplate\":\"https:\\\/\\\/www.pigrecoemme.com\\\/blog\\\/?s={search_term_string}\"},\"query-input\":{\"@type\":\"PropertyValueSpecification\",\"valueRequired\":true,\"valueName\":\"search_term_string\"}}],\"inLanguage\":\"it-IT\"},{\"@type\":\"Organization\",\"@id\":\"https:\\\/\\\/www.pigrecoemme.com\\\/blog\\\/#organization\",\"name\":\"Scuola di cinema e fotografia Pigrecoemme\",\"url\":\"https:\\\/\\\/www.pigrecoemme.com\\\/blog\\\/\",\"logo\":{\"@type\":\"ImageObject\",\"inLanguage\":\"it-IT\",\"@id\":\"https:\\\/\\\/www.pigrecoemme.com\\\/blog\\\/#\\\/schema\\\/logo\\\/image\\\/\",\"url\":\"https:\\\/\\\/i0.wp.com\\\/www.pigrecoemme.com\\\/blog\\\/wp-content\\\/uploads\\\/2018\\\/06\\\/logo-pigrecoemme-2018.png?fit=500%2C500&ssl=1\",\"contentUrl\":\"https:\\\/\\\/i0.wp.com\\\/www.pigrecoemme.com\\\/blog\\\/wp-content\\\/uploads\\\/2018\\\/06\\\/logo-pigrecoemme-2018.png?fit=500%2C500&ssl=1\",\"width\":500,\"height\":500,\"caption\":\"Scuola di cinema e fotografia Pigrecoemme\"},\"image\":{\"@id\":\"https:\\\/\\\/www.pigrecoemme.com\\\/blog\\\/#\\\/schema\\\/logo\\\/image\\\/\"},\"sameAs\":[\"https:\\\/\\\/www.facebook.com\\\/pigrecoemme\",\"https:\\\/\\\/x.com\\\/Pigrecoemme\",\"https:\\\/\\\/www.instagram.com\\\/pigrecoemme\\\/\",\"https:\\\/\\\/www.linkedin.com\\\/company\\\/pigrecoemme\\\/\",\"https:\\\/\\\/www.youtube.com\\\/pigrecoemme\"]},{\"@type\":\"Person\",\"@id\":\"https:\\\/\\\/www.pigrecoemme.com\\\/blog\\\/#\\\/schema\\\/person\\\/57fa822c3d209d3a2612fd0411ae63f4\",\"name\":\"Giacomo Fabbrocino\",\"image\":{\"@type\":\"ImageObject\",\"inLanguage\":\"it-IT\",\"@id\":\"https:\\\/\\\/secure.gravatar.com\\\/avatar\\\/0e4dfd4d05c06a03fffaffeb36fb181415ba11b91a6b566fa2e8ada75927db32?s=96&r=g\",\"url\":\"https:\\\/\\\/secure.gravatar.com\\\/avatar\\\/0e4dfd4d05c06a03fffaffeb36fb181415ba11b91a6b566fa2e8ada75927db32?s=96&r=g\",\"contentUrl\":\"https:\\\/\\\/secure.gravatar.com\\\/avatar\\\/0e4dfd4d05c06a03fffaffeb36fb181415ba11b91a6b566fa2e8ada75927db32?s=96&r=g\",\"caption\":\"Giacomo Fabbrocino\"},\"description\":\"Montatore cinematografico, autore di documentari sull'arte e di video d'artista, Giacomo \u00e8 responsabile della didattica e della comunicazione web della Scuola di Cinema, Fotografia e Televisione Pigrecoemme di Napoli.\",\"sameAs\":[\"http:\\\/\\\/www.pigrecoemme.com\\\/\",\"https:\\\/\\\/www.facebook.com\\\/giacomo.fabbrocino\"],\"url\":\"https:\\\/\\\/www.pigrecoemme.com\\\/blog\\\/author\\\/giacomo-fabbrocino\\\/\"}]}<\/script>\n<!-- \/ Yoast SEO plugin. -->","yoast_head_json":{"title":"Il futuro della fotografia tra analogico e digitale","robots":{"index":"index","follow":"follow","max-snippet":"max-snippet:-1","max-image-preview":"max-image-preview:large","max-video-preview":"max-video-preview:-1"},"canonical":"https:\/\/www.pigrecoemme.com\/blog\/il-futuro-della-fotografia-tra-analogico-e-digitale\/","og_locale":"it_IT","og_type":"article","og_title":"Il futuro della fotografia tra analogico e digitale","og_description":"Siete tutti invitati all&#8217;incontro curato da Luca Sorbo che si terr\u00e0 mercoled\u00ec 9 gennaio 2008 dalle 17,00 alle 19,00 presso la Scuola di Cinema Pigrecoemme \u2013 Piazza Portanova 11, Napoli. Luca Sorbo, analizzando l\u2019evoluzione&hellip;","og_url":"https:\/\/www.pigrecoemme.com\/blog\/il-futuro-della-fotografia-tra-analogico-e-digitale\/","og_site_name":"Scuola di Cinema Pigrecoemme - Blog","article_publisher":"https:\/\/www.facebook.com\/pigrecoemme","article_author":"https:\/\/www.facebook.com\/giacomo.fabbrocino","article_published_time":"2008-01-06T12:05:18+00:00","article_modified_time":"2008-01-06T12:12:50+00:00","og_image":[{"url":"http:\/\/www.pigrecoemme.com\/corso-fotografia\/fotografia-digitale.jpg","type":"","width":"","height":""}],"author":"Giacomo Fabbrocino","twitter_card":"summary_large_image","twitter_creator":"@Pigrecoemme","twitter_site":"@Pigrecoemme","twitter_misc":{"Scritto da":"Giacomo Fabbrocino","Tempo di lettura stimato":"1 minuto"},"schema":{"@context":"https:\/\/schema.org","@graph":[{"@type":["Article","BlogPosting"],"@id":"https:\/\/www.pigrecoemme.com\/blog\/il-futuro-della-fotografia-tra-analogico-e-digitale\/#article","isPartOf":{"@id":"https:\/\/www.pigrecoemme.com\/blog\/il-futuro-della-fotografia-tra-analogico-e-digitale\/"},"author":{"name":"Giacomo Fabbrocino","@id":"https:\/\/www.pigrecoemme.com\/blog\/#\/schema\/person\/57fa822c3d209d3a2612fd0411ae63f4"},"headline":"Il futuro della fotografia tra analogico e digitale","datePublished":"2008-01-06T12:05:18+00:00","dateModified":"2008-01-06T12:12:50+00:00","mainEntityOfPage":{"@id":"https:\/\/www.pigrecoemme.com\/blog\/il-futuro-della-fotografia-tra-analogico-e-digitale\/"},"wordCount":142,"commentCount":1,"publisher":{"@id":"https:\/\/www.pigrecoemme.com\/blog\/#organization"},"image":{"@id":"https:\/\/www.pigrecoemme.com\/blog\/il-futuro-della-fotografia-tra-analogico-e-digitale\/#primaryimage"},"thumbnailUrl":"http:\/\/www.pigrecoemme.com\/corso-fotografia\/fotografia-digitale.jpg","keywords":["\"corso di fotografia\"","fotografia","fotografia digitale","luca sorbo","pigrecoemme","Scuola di cinema"],"articleSection":["Eventi","Generale","Scuola di cinema"],"inLanguage":"it-IT","potentialAction":[{"@type":"CommentAction","name":"Comment","target":["https:\/\/www.pigrecoemme.com\/blog\/il-futuro-della-fotografia-tra-analogico-e-digitale\/#respond"]}]},{"@type":"WebPage","@id":"https:\/\/www.pigrecoemme.com\/blog\/il-futuro-della-fotografia-tra-analogico-e-digitale\/","url":"https:\/\/www.pigrecoemme.com\/blog\/il-futuro-della-fotografia-tra-analogico-e-digitale\/","name":"Il futuro della fotografia tra analogico e digitale","isPartOf":{"@id":"https:\/\/www.pigrecoemme.com\/blog\/#website"},"primaryImageOfPage":{"@id":"https:\/\/www.pigrecoemme.com\/blog\/il-futuro-della-fotografia-tra-analogico-e-digitale\/#primaryimage"},"image":{"@id":"https:\/\/www.pigrecoemme.com\/blog\/il-futuro-della-fotografia-tra-analogico-e-digitale\/#primaryimage"},"thumbnailUrl":"http:\/\/www.pigrecoemme.com\/corso-fotografia\/fotografia-digitale.jpg","datePublished":"2008-01-06T12:05:18+00:00","dateModified":"2008-01-06T12:12:50+00:00","breadcrumb":{"@id":"https:\/\/www.pigrecoemme.com\/blog\/il-futuro-della-fotografia-tra-analogico-e-digitale\/#breadcrumb"},"inLanguage":"it-IT","potentialAction":[{"@type":"ReadAction","target":["https:\/\/www.pigrecoemme.com\/blog\/il-futuro-della-fotografia-tra-analogico-e-digitale\/"]}]},{"@type":"ImageObject","inLanguage":"it-IT","@id":"https:\/\/www.pigrecoemme.com\/blog\/il-futuro-della-fotografia-tra-analogico-e-digitale\/#primaryimage","url":"http:\/\/www.pigrecoemme.com\/corso-fotografia\/fotografia-digitale.jpg","contentUrl":"http:\/\/www.pigrecoemme.com\/corso-fotografia\/fotografia-digitale.jpg"},{"@type":"BreadcrumbList","@id":"https:\/\/www.pigrecoemme.com\/blog\/il-futuro-della-fotografia-tra-analogico-e-digitale\/#breadcrumb","itemListElement":[{"@type":"ListItem","position":1,"name":"Home","item":"https:\/\/www.pigrecoemme.com\/blog\/"},{"@type":"ListItem","position":2,"name":"Il futuro della fotografia tra analogico e digitale"}]},{"@type":"WebSite","@id":"https:\/\/www.pigrecoemme.com\/blog\/#website","url":"https:\/\/www.pigrecoemme.com\/blog\/","name":"Scuola di Cinema Pigrecoemme - Blog","description":"Siamo la prima Scuola di Cinema e Fotografia di Napoli","publisher":{"@id":"https:\/\/www.pigrecoemme.com\/blog\/#organization"},"potentialAction":[{"@type":"SearchAction","target":{"@type":"EntryPoint","urlTemplate":"https:\/\/www.pigrecoemme.com\/blog\/?s={search_term_string}"},"query-input":{"@type":"PropertyValueSpecification","valueRequired":true,"valueName":"search_term_string"}}],"inLanguage":"it-IT"},{"@type":"Organization","@id":"https:\/\/www.pigrecoemme.com\/blog\/#organization","name":"Scuola di cinema e fotografia Pigrecoemme","url":"https:\/\/www.pigrecoemme.com\/blog\/","logo":{"@type":"ImageObject","inLanguage":"it-IT","@id":"https:\/\/www.pigrecoemme.com\/blog\/#\/schema\/logo\/image\/","url":"https:\/\/i0.wp.com\/www.pigrecoemme.com\/blog\/wp-content\/uploads\/2018\/06\/logo-pigrecoemme-2018.png?fit=500%2C500&ssl=1","contentUrl":"https:\/\/i0.wp.com\/www.pigrecoemme.com\/blog\/wp-content\/uploads\/2018\/06\/logo-pigrecoemme-2018.png?fit=500%2C500&ssl=1","width":500,"height":500,"caption":"Scuola di cinema e fotografia Pigrecoemme"},"image":{"@id":"https:\/\/www.pigrecoemme.com\/blog\/#\/schema\/logo\/image\/"},"sameAs":["https:\/\/www.facebook.com\/pigrecoemme","https:\/\/x.com\/Pigrecoemme","https:\/\/www.instagram.com\/pigrecoemme\/","https:\/\/www.linkedin.com\/company\/pigrecoemme\/","https:\/\/www.youtube.com\/pigrecoemme"]},{"@type":"Person","@id":"https:\/\/www.pigrecoemme.com\/blog\/#\/schema\/person\/57fa822c3d209d3a2612fd0411ae63f4","name":"Giacomo Fabbrocino","image":{"@type":"ImageObject","inLanguage":"it-IT","@id":"https:\/\/secure.gravatar.com\/avatar\/0e4dfd4d05c06a03fffaffeb36fb181415ba11b91a6b566fa2e8ada75927db32?s=96&r=g","url":"https:\/\/secure.gravatar.com\/avatar\/0e4dfd4d05c06a03fffaffeb36fb181415ba11b91a6b566fa2e8ada75927db32?s=96&r=g","contentUrl":"https:\/\/secure.gravatar.com\/avatar\/0e4dfd4d05c06a03fffaffeb36fb181415ba11b91a6b566fa2e8ada75927db32?s=96&r=g","caption":"Giacomo Fabbrocino"},"description":"Montatore cinematografico, autore di documentari sull'arte e di video d'artista, Giacomo \u00e8 responsabile della didattica e della comunicazione web della Scuola di Cinema, Fotografia e Televisione Pigrecoemme di Napoli.","sameAs":["http:\/\/www.pigrecoemme.com\/","https:\/\/www.facebook.com\/giacomo.fabbrocino"],"url":"https:\/\/www.pigrecoemme.com\/blog\/author\/giacomo-fabbrocino\/"}]}},"jetpack_sharing_enabled":true,"jetpack_likes_enabled":true,"jetpack-related-posts":[{"id":25,"url":"https:\/\/www.pigrecoemme.com\/blog\/il-corso-di-fotografia-cresce-parte-un-modulo-sul-digitale\/","url_meta":{"origin":28,"position":0},"title":"Il corso di fotografia cresce: parte un modulo sul digitale","author":"Giacomo Fabbrocino","date":"18 Dicembre 2007","format":false,"excerpt":"Dalla prossima edizione che partir\u00e0 il 15 gennaio il corso di fotografia di Pigrecoemme, condotto da Luca Sorbo preveder\u00e0 un nuovo modulo in otto lezioni dedicato all\u2019elaborazione digitale: l'ottimizzazione del colore, della luminosit\u00e0 ed del contrasto delle immagini; come restaurare una vecchia foto; come utilizzare il formato RAW, lavorare con\u2026","rel":"","context":"In &quot;Generale&quot;","block_context":{"text":"Generale","link":"https:\/\/www.pigrecoemme.com\/blog\/generale\/"},"img":{"alt_text":"","src":"","width":0,"height":0},"classes":[]},{"id":1758,"url":"https:\/\/www.pigrecoemme.com\/blog\/3-ottobre-2016-passeggiata-fotografica-alla-sanita-luca-sorbo\/","url_meta":{"origin":28,"position":1},"title":"3 ottobre 2016: Passeggiata fotografica alla Sanit\u00e0 con Luca Sorbo","author":"Pigrecoemme","date":"20 Settembre 2016","format":false,"excerpt":"Luned\u00ec 3 ottobre passeggiata fotografica gratuita alla Sanit\u00e0, organizzata dalla Organizzata dalla Scuola di Cinema e Fotografia Pigrecoemme e \u00a0coordinata da Luca Sorbo, docente di fotografia all'Accademia di Belle Arti di Napoli e curatore dei nostri corsi di fotografia. Un\u2019occasione unica per conoscere uno dei quartieri pi\u00f9 caratteristici di Napoli:\u2026","rel":"","context":"In &quot;Eventi&quot;","block_context":{"text":"Eventi","link":"https:\/\/www.pigrecoemme.com\/blog\/eventi\/"},"img":{"alt_text":"Passeggiata fotografica alla Sanit\u00e0 con Luca Sorbo","src":"https:\/\/i0.wp.com\/www.pigrecoemme.com\/blog\/wp-content\/uploads\/2016\/09\/passeggiata-fotografica-sanita.jpg?resize=350%2C200&ssl=1","width":350,"height":200,"srcset":"https:\/\/i0.wp.com\/www.pigrecoemme.com\/blog\/wp-content\/uploads\/2016\/09\/passeggiata-fotografica-sanita.jpg?resize=350%2C200&ssl=1 1x, https:\/\/i0.wp.com\/www.pigrecoemme.com\/blog\/wp-content\/uploads\/2016\/09\/passeggiata-fotografica-sanita.jpg?resize=525%2C300&ssl=1 1.5x, https:\/\/i0.wp.com\/www.pigrecoemme.com\/blog\/wp-content\/uploads\/2016\/09\/passeggiata-fotografica-sanita.jpg?resize=700%2C400&ssl=1 2x"},"classes":[]},{"id":113,"url":"https:\/\/www.pigrecoemme.com\/blog\/conoscere-e-vivere-la-fotografia-in-italia-incontro-aperto-a-tutti-sulla-fotografia\/","url_meta":{"origin":28,"position":2},"title":"Conoscere e vivere la fotografia in Italia &#8211; incontro aperto a tutti sulla fotografia","author":"Giacomo Fabbrocino","date":"2 Gennaio 2009","format":false,"excerpt":"Gioved\u00ec 8 gennaio 2008 alle ore 16.00 La Scuola di Cinema Pigrecoemme ospiter\u00e0 un incontro ad accesso libero dedicato all'orientamento dell'appassionato di fotografia. Il fotoamatore ha sempre grande difficolt\u00e0 nell\u2019individuare quale percorso seguire per far evolvere la sua passione. L\u2019interesse per la fotografia pu\u00f2 rivelarsi in molteplici forme: dalla curiosit\u00e0\u2026","rel":"","context":"In &quot;Eventi&quot;","block_context":{"text":"Eventi","link":"https:\/\/www.pigrecoemme.com\/blog\/eventi\/"},"img":{"alt_text":"","src":"https:\/\/i0.wp.com\/www.pigrecoemme.com\/blog\/wp-content\/uploads\/2009\/01\/seminario-fotografia-napoli-300x224.jpg?resize=350%2C200","width":350,"height":200},"classes":[]},{"id":204,"url":"https:\/\/www.pigrecoemme.com\/blog\/la-scuola-di-cinema-pigrecoemme-cerca-fotografi-incontro-martedi-23-febbraio\/","url_meta":{"origin":28,"position":3},"title":"La Scuola di cinema Pigrecoemme cerca fotografi. Incontro marted\u00ec 23 febbraio","author":"Giacomo Fabbrocino","date":"18 Febbraio 2010","format":false,"excerpt":"Dopo la collaborazione con la prestigiosa rassegna l'Arte della felicit\u00e0 e con l'associazione Achab, che anche quest'anno produrr\u00e0 con Pigrecoemme un'importante mostra fotografica di prossima vernice, continua la ricerca di nuovi fotografi che la Scuola di cinema e fotografia di Napoli ha intrapreso ormai da tempo. Obiettivo: la promozione del\u2026","rel":"","context":"In &quot;Fotografia&quot;","block_context":{"text":"Fotografia","link":"https:\/\/www.pigrecoemme.com\/blog\/fotografia\/"},"img":{"alt_text":"MonTI RoSa","src":"https:\/\/i0.wp.com\/farm5.static.flickr.com\/4061\/4365998774_f3a5b64138.jpg?resize=350%2C200","width":350,"height":200},"classes":[]},{"id":1563,"url":"https:\/\/www.pigrecoemme.com\/blog\/lezione-gratuita-fotografia-formato-raw-gennaio-2016\/","url_meta":{"origin":28,"position":4},"title":"Lezione gratuita di Fotografia sul formato Raw","author":"Pigrecoemme","date":"15 Dicembre 2015","format":false,"excerpt":"Venerd\u00ec 15 gennaio, alle ore 16:00, alla Scuola di cinema e fotografia Pigrecoemme di Napoli, si terr\u00e0\u00a0Le potenzialit\u00e0 del formato Raw, una lezione gratuita a cura di Luca Sorbo, docente dei corsi di Fotografia e di Fotogiornalismo della Pigrecoemme. Modalit\u00e0 di partecipazione L\u2019incontro \u00e8 gratuito\u00a0e la prenotazione, fino a esaurimento\u2026","rel":"","context":"In &quot;Eventi&quot;","block_context":{"text":"Eventi","link":"https:\/\/www.pigrecoemme.com\/blog\/eventi\/"},"img":{"alt_text":"","src":"https:\/\/i0.wp.com\/www.pigrecoemme.com\/blog\/wp-content\/uploads\/2024\/03\/potenzialita-formato-raw1.gif?fit=484%2C252&ssl=1&resize=350%2C200","width":350,"height":200},"classes":[]},{"id":1762,"url":"https:\/\/www.pigrecoemme.com\/blog\/lezione-gratuita-il-metodo-lab-e-il-workflow-del-fotografo-digitale\/","url_meta":{"origin":28,"position":5},"title":"Lezione gratuita. La potenza del metodo LAB  ed il flusso di lavoro del fotografo digitale","author":"Pigrecoemme","date":"21 Settembre 2016","format":false,"excerpt":"Marted\u00ec 4 ottobre 2016 dalle 16:00 alle 18;30 alla Pigrecoemme, una lezione gratuita\u00a0per comprendere\u00a0qual \u00e8 il corretto flusso di lavoro quando si lavora con la fotografia digitale\u00a0e quali sono le potenzialit\u00e0 del metodo LAB, considerato il migliore per la correzione colore, per il contrasto, per la nitidezza e per ottenere\u2026","rel":"","context":"In &quot;Eventi&quot;","block_context":{"text":"Eventi","link":"https:\/\/www.pigrecoemme.com\/blog\/eventi\/"},"img":{"alt_text":"Lezione gratuita. Il metodo LAB e il workflow del fotografo digitale ","src":"https:\/\/i0.wp.com\/www.pigrecoemme.com\/blog\/wp-content\/uploads\/2016\/09\/lezionelmetodo-lab-photoshop-2.jpg?resize=350%2C200","width":350,"height":200,"srcset":"https:\/\/i0.wp.com\/www.pigrecoemme.com\/blog\/wp-content\/uploads\/2016\/09\/lezionelmetodo-lab-photoshop-2.jpg?resize=350%2C200 1x, https:\/\/i0.wp.com\/www.pigrecoemme.com\/blog\/wp-content\/uploads\/2016\/09\/lezionelmetodo-lab-photoshop-2.jpg?resize=525%2C300 1.5x, https:\/\/i0.wp.com\/www.pigrecoemme.com\/blog\/wp-content\/uploads\/2016\/09\/lezionelmetodo-lab-photoshop-2.jpg?resize=700%2C400 2x"},"classes":[]}],"jetpack_featured_media_url":"","_links":{"self":[{"href":"https:\/\/www.pigrecoemme.com\/blog\/wp-json\/wp\/v2\/posts\/28","targetHints":{"allow":["GET"]}}],"collection":[{"href":"https:\/\/www.pigrecoemme.com\/blog\/wp-json\/wp\/v2\/posts"}],"about":[{"href":"https:\/\/www.pigrecoemme.com\/blog\/wp-json\/wp\/v2\/types\/post"}],"author":[{"embeddable":true,"href":"https:\/\/www.pigrecoemme.com\/blog\/wp-json\/wp\/v2\/users\/1"}],"replies":[{"embeddable":true,"href":"https:\/\/www.pigrecoemme.com\/blog\/wp-json\/wp\/v2\/comments?post=28"}],"version-history":[{"count":0,"href":"https:\/\/www.pigrecoemme.com\/blog\/wp-json\/wp\/v2\/posts\/28\/revisions"}],"wp:attachment":[{"href":"https:\/\/www.pigrecoemme.com\/blog\/wp-json\/wp\/v2\/media?parent=28"}],"wp:term":[{"taxonomy":"category","embeddable":true,"href":"https:\/\/www.pigrecoemme.com\/blog\/wp-json\/wp\/v2\/categories?post=28"},{"taxonomy":"post_tag","embeddable":true,"href":"https:\/\/www.pigrecoemme.com\/blog\/wp-json\/wp\/v2\/tags?post=28"}],"curies":[{"name":"wp","href":"https:\/\/api.w.org\/{rel}","templated":true}]}}