{"id":2768,"date":"2020-05-27T01:17:23","date_gmt":"2020-05-26T23:17:23","guid":{"rendered":"https:\/\/www.pigrecoemme.com\/blog\/?p=2768"},"modified":"2020-05-30T00:57:50","modified_gmt":"2020-05-29T22:57:50","slug":"corso-di-fotografia-online-giugno-2020","status":"publish","type":"post","link":"https:\/\/www.pigrecoemme.com\/blog\/corso-di-fotografia-online-giugno-2020\/","title":{"rendered":"Dal 4 giugno il corso di fotografia online"},"content":{"rendered":"\n\n\n<div class=\"wp-block-image is-style-default\"><figure class=\"aligncenter size-large\"><img data-recalc-dims=\"1\" loading=\"lazy\" decoding=\"async\" width=\"860\" height=\"484\" src=\"https:\/\/i0.wp.com\/www.pigrecoemme.com\/blog\/wp-content\/uploads\/2020\/05\/corso-online-fotografia.jpg?resize=860%2C484&#038;ssl=1\" alt=\"corso online fotografia\" class=\"wp-image-2770\" title=\"Corso online di fotografia\" srcset=\"https:\/\/i0.wp.com\/www.pigrecoemme.com\/blog\/wp-content\/uploads\/2020\/05\/corso-online-fotografia.jpg?resize=1024%2C576&amp;ssl=1 1024w, https:\/\/i0.wp.com\/www.pigrecoemme.com\/blog\/wp-content\/uploads\/2020\/05\/corso-online-fotografia.jpg?resize=300%2C169&amp;ssl=1 300w, https:\/\/i0.wp.com\/www.pigrecoemme.com\/blog\/wp-content\/uploads\/2020\/05\/corso-online-fotografia.jpg?resize=768%2C432&amp;ssl=1 768w, https:\/\/i0.wp.com\/www.pigrecoemme.com\/blog\/wp-content\/uploads\/2020\/05\/corso-online-fotografia.jpg?w=1280&amp;ssl=1 1280w\" sizes=\"auto, (max-width: 860px) 100vw, 860px\" \/><\/figure><\/div>\n\n\n\n<p class=\"wp-block-paragraph\">Alla nostra proposta didattica online, che ha gi\u00e0 visto riscuotere interesse e consensi con i corsi di <a href=\"https:\/\/www.pigrecoemme.com\/corsi\/corso-critica-cinematografica.htm\">critica cinematografica<\/a> e <a href=\"https:\/\/www.pigrecoemme.com\/corsi\/corso-montaggio-premiere.htm\">montaggio con Adobe Premiere Pro<\/a>, si aggiunge uno dei pezzi forti della nostra formazione tradizionale: <a href=\"https:\/\/www.pigrecoemme.com\/corso-fotografia\/corso-di-fotografia-2.htm\">il corso di fotografia<\/a> condotto da <a href=\"https:\/\/www.pigrecoemme.com\/docenti\/michele-salvezza.php\">Michele Salvezza<\/a>, ripensato e rimodulato per essere svolto in video conferenza sulla nota piattaforma Zoom.<\/p>\n\n\n\n<p class=\"wp-block-paragraph\">Anche in questo caso non proponiamo una serie di lezioni pre-registrate, ma una vera esperienza partecipativa, che tragga giovamento da una <strong>reale interazione<\/strong> col docente e tra i partecipanti. <\/p>\n\n\n\n<h2>COME E QUANDO SI TIENE IL CORSO?<\/h2>\n<p>Le lezioni saranno dieci e si terranno <strong>dalle 17:00 alle 19:00 a partire da gioved\u00ec 4 giugno<\/strong>, tre volte alla settimana, il marted\u00ec, il gioved\u00ec e il sabato secondo questo calendario (<a href=\"http:\/\/www.pigrecoemme.com\/ccount\/click.php?id=7\">scarica pdf<\/a>).&nbsp;<\/p>\n<ol class=\"list list-ordened list-ordened-style-3 text-light text-left\">\n<li class=\"mb-5\"><strong>CONOSCERSI FOTOGRAFICAMENTE<\/strong>&nbsp;(gioved\u00ec 4 giugno 2020, dalle 17:00 alle 19:00)<br \/>La fotocamera, i suoi componenti di base e il loro utilizzo consapevole. Basi della fotografia, il sensore, l&#8217;otturatore, il diaframma e gli obiettivi.<\/li>\n<li class=\"mb-5\"><strong>LA LUCE<\/strong>&nbsp;(sabato 6 giugno 2020, dalle 17:00 alle 19.00)<br \/>La luce, naturale ed artificiale, la sua dimensione, il colore, l&#8217;intensit\u00e0. Imparare ad osservarla e ad aspettarla. La fotografia \u00e8 luce. Cos&#8217;\u00e8 un esposimetro e come funziona? Il contrasto. I principali schemi di luce. L&#8217;istogramma.<\/li>\n<li class=\"mb-5\"><strong>LA FOTOCAMERA DIGITALE<\/strong>&nbsp;(marted\u00ec 9 giugno 2020, dalle 17:00 alle 19:00)<br \/>La fotocamera e gli obiettivi nel dettaglio, i diversi sensori, la lunghezza focale e l&#8217;angolo di visuale, le varie modalit\u00e0 di utilizzo, il Raw e il Jpeg, potenzialit\u00e0 e utilizzo consapevole.<\/li>\n<li class=\"mb-5\"><strong>LA COMPOSIZIONE FOTOGRAFICA&nbsp;<\/strong>(gioved\u00ec 11 giugno 2020, dalle 17:00 alle 19:00)<br \/>Origine, regole, tradizione e suo superamento. Le inquadrature, la simmetria e la sua rottura. Relazione tra sfondo e soggetto.<\/li>\n<li class=\"mb-5\"><strong>UNA BIOGRAFIA DEL COLORE<\/strong>&nbsp;(sabato 13 giugno 2020, dalle 17:00 alle 19:00)<br \/>La sua natura, il suo utilizzo consapevole, il contrasto e l&#8217;abbinamento cromatico. Tinta, saturazione e brillantezza. Il mondo a colori dei grandi maestri.<\/li>\n<li class=\"mb-5\"><strong>FOTOGRAFARE IN B\/N<\/strong>&nbsp;(marted\u00ec 16 giugno 2020, dalle 17:00 alle 19:00)<br \/>La realt\u00e0 \u00e8 a colori ma il bianco e nero \u00e8 pi\u00f9 realistico. I filtri, il contrasto e il sistema zonale. Il bianco e nero, la pellicola e le possibilit\u00e0 di personalizzazione.<\/li>\n<li class=\"mb-5\"><strong>LA MACCHINA FOTOGRAFICA<\/strong>&nbsp;(gioved\u00ec 18 giugno 2020, dalle 17:00 alle 19:00)<br \/>Le varie regolazioni, il file RAW, il flusso di lavoro, i profili colore, i filtri e tutto ci\u00f2 che si pu\u00f2 predisporre in fase di ripresa.<\/li>\n<li class=\"mb-5\"><strong>IL FORMATO RAW<\/strong>&nbsp;(sabato 20 giugno 2020, dalle 17:00 alle 19:00)<br \/>Camera Raw e lo sviluppo del negativo digitale. Le modifiche e la loro applicazione ad un gruppo di foto.<\/li>\n<li class=\"mb-5\"><strong>WELCOME TO PHOTOSHOP&nbsp;<\/strong>(marted\u00ec 23 giugno 2020, dalle 17:00 alle 19:00)<br \/>Le principali regolazioni di base, il taglio conservando le giuste proporzioni, i livelli, la correzione delle imperfezioni e dei difetti. Il filtro \u201cCorrezione lente\u201d e quello \u201cLuci ed ombre\u201d. Gli strumenti essenziali per accordare una fotografia alla propria visione.<\/li>\n<li class=\"mb-5\"><strong>INCONTRO FINALE<\/strong>&nbsp;(gioved\u00ec 25 giugno 2020, dalle 17:00 alle 19:00)<br \/>revisione dei progetti personali.<\/li>\n<\/ol>\n<p>Il corso si svolger\u00e0 online, tramite il noto programma&nbsp;<strong>Zoom<\/strong>&nbsp;(gratuito per gli utenti), che si pu\u00f2 scaricare per computer desktop e device mobili da&nbsp;<a href=\"https:\/\/zoom.us\/download\" target=\"_blank\" rel=\"noreferrer noopener\">qui<\/a>.<\/p>\n\n\n\n<!--more-->\n\n\n\n<h2 class=\"wp-block-heading\" id=\"a-chi-si-rivolge-questo-corso-di-fotografia\">A CHI SI RIVOLGE QUESTO CORSO DI FOTOGRAFIA?<\/h2>\n\n\n\n<p class=\"wp-block-paragraph\">Il corso di fotografia della Pigrecoemme di Napoli si rivolge sia al fotoamatore che voglia far diventare la fotografia lo strumento per esprimere la propria capacit\u00e0 creativa, sia a chi voglia far diventare la fotografia la sua professione.<\/p>\n\n\n\n<blockquote class=\"wp-block-quote is-layout-flow wp-block-quote-is-layout-flow\"><p><strong>Si lavorer\u00e0 soprattutto per costruire un&#8217;idea di fotografia, non solo tecnica, ma ancorata alla necessit\u00e0 di trovare, ciascuno, il proprio sguardo fotografico. <\/strong><\/p><\/blockquote>\n\n\n\n<h2 class=\"wp-block-heading\" id=\"lezione-introduttiva-venerdi-29-maggio\">LEZIONE INTRODUTTIVA VENERDI&#8217; 29 MAGGIO<\/h2>\n\n\n\n<figure><iframe loading=\"lazy\" src=\"https:\/\/www.facebook.com\/plugins\/post.php?href=https%3A%2F%2Fwww.facebook.com%2Fgiacomo.fabbrocino%2Fposts%2F10158282155862556&amp;width=500\" width=\"500\" height=\"619\"><\/iframe><\/figure>\n\n\n\n<h2 class=\"mb-3 mt-5\">STRUTTURA DEL CORSO DI FOTOGRAFIA<\/h2>\n<p class=\"mt-0\">Il corso online di fotografia prevede la trattazione di tutti gli argomenti di base inerenti a storia, tecnica ed evoluzione della fotografia.<br \/>Le uscite fotografiche saranno sostituite da esercizi.<br \/>Scopriremo la fotografia dei grandi maestri e dei pi\u00f9 influenti fotografi contemporanei.<\/p>\n<h2>COME FACCIO A ISCRIVERMI?<\/h2>\n<p>Il corso costa \u20ac 120, e puoi pagare con bonifico on con Paypal (<strong><a href=\"https:\/\/www.paypal.com\/cgi-bin\/webscr?cmd=_s-xclick&amp;hosted_button_id=BEJLQBTJ9BYC8\" target=\"_blank\" rel=\"noreferrer noopener\">cliccando qui<\/a><\/strong>).<br \/>Se, come \u00e8 giusto che sia vuoi pi\u00f9 informazioni,\u00a0<a href=\"https:\/\/www.pigrecoemme.com\/blog\/contattaci\/\">contattaci<\/a>.<\/p>\n<h2>ATTESTATO<\/h2>\n<p>A ogni partecipante sar\u00e0 consegnato un attestato riportante il patrocinio della Film Commission Regione Campania.\u00a0<\/p>\n","protected":false},"excerpt":{"rendered":"<p>Alla nostra proposta didattica online, che ha gi\u00e0 visto riscuotere interesse e consensi con i corsi di critica cinematografica e montaggio con Adobe Premiere Pro, si aggiunge uno dei pezzi forti della nostra formazione&hellip;<\/p>\n","protected":false},"author":4,"featured_media":0,"comment_status":"open","ping_status":"open","sticky":false,"template":"","format":"standard","meta":{"_jetpack_newsletter_access":"","_jetpack_dont_email_post_to_subs":false,"_jetpack_newsletter_tier_id":0,"_jetpack_memberships_contains_paywalled_content":false,"_jetpack_feature_clip_id":0,"_jetpack_memberships_contains_paid_content":false,"footnotes":"","jetpack_post_was_ever_published":false},"categories":[21,1,3],"tags":[74,2221,2327,2328,617],"class_list":["post-2768","post","type-post","status-publish","format-standard","hentry","category-fotografia","category-generale","category-scuola-di-cinema","tag-corsi-di-fotografia","tag-corsi-online","tag-corso-di-fotografia-2","tag-corso-di-fotografia-online","tag-michele-salvezza"],"yoast_head":"<!-- This site is optimized with the Yoast SEO plugin v28.3 - https:\/\/yoast.com\/product\/yoast-seo-wordpress\/ -->\n<title>Dal 4 giugno il corso di fotografia online | Pigrecoemme<\/title>\n<meta name=\"description\" content=\"Anche in questo caso non proponiamo una serie di lezioni pre-registrate, ma una vera esperienza partecipativa.\" \/>\n<meta name=\"robots\" content=\"index, follow, max-snippet:-1, max-image-preview:large, max-video-preview:-1\" \/>\n<link rel=\"canonical\" href=\"https:\/\/www.pigrecoemme.com\/blog\/corso-di-fotografia-online-giugno-2020\/\" \/>\n<meta property=\"og:locale\" content=\"it_IT\" \/>\n<meta property=\"og:type\" content=\"article\" \/>\n<meta property=\"og:title\" content=\"Dal 4 giugno il corso di fotografia online | Pigrecoemme\" \/>\n<meta property=\"og:description\" content=\"Anche in questo caso non proponiamo una serie di lezioni pre-registrate, ma una vera esperienza partecipativa.\" \/>\n<meta property=\"og:url\" content=\"https:\/\/www.pigrecoemme.com\/blog\/corso-di-fotografia-online-giugno-2020\/\" \/>\n<meta property=\"og:site_name\" content=\"Scuola di Cinema Pigrecoemme - Blog\" \/>\n<meta property=\"article:publisher\" content=\"https:\/\/www.facebook.com\/pigrecoemme\" \/>\n<meta property=\"article:author\" content=\"https:\/\/www.facebook.com\/pigrecoemme\" \/>\n<meta property=\"article:published_time\" content=\"2020-05-26T23:17:23+00:00\" \/>\n<meta property=\"article:modified_time\" content=\"2020-05-29T22:57:50+00:00\" \/>\n<meta property=\"og:image\" content=\"https:\/\/www.pigrecoemme.com\/blog\/wp-content\/uploads\/2020\/05\/corso-online-fotografia-1024x576.jpg\" \/>\n<meta name=\"author\" content=\"Pigrecoemme\" \/>\n<meta name=\"twitter:card\" content=\"summary_large_image\" \/>\n<meta name=\"twitter:creator\" content=\"@Pigrecoemme\" \/>\n<meta name=\"twitter:site\" content=\"@Pigrecoemme\" \/>\n<meta name=\"twitter:label1\" content=\"Scritto da\" \/>\n\t<meta name=\"twitter:data1\" content=\"Pigrecoemme\" \/>\n\t<meta name=\"twitter:label2\" content=\"Tempo di lettura stimato\" \/>\n\t<meta name=\"twitter:data2\" content=\"3 minuti\" \/>\n<script type=\"application\/ld+json\" class=\"yoast-schema-graph\">{\"@context\":\"https:\\\/\\\/schema.org\",\"@graph\":[{\"@type\":[\"Article\",\"BlogPosting\"],\"@id\":\"https:\\\/\\\/www.pigrecoemme.com\\\/blog\\\/corso-di-fotografia-online-giugno-2020\\\/#article\",\"isPartOf\":{\"@id\":\"https:\\\/\\\/www.pigrecoemme.com\\\/blog\\\/corso-di-fotografia-online-giugno-2020\\\/\"},\"author\":{\"name\":\"Pigrecoemme\",\"@id\":\"https:\\\/\\\/www.pigrecoemme.com\\\/blog\\\/#\\\/schema\\\/person\\\/8996ab5bfa68cec611b330ae4a389d44\"},\"headline\":\"Dal 4 giugno il corso di fotografia online\",\"datePublished\":\"2020-05-26T23:17:23+00:00\",\"dateModified\":\"2020-05-29T22:57:50+00:00\",\"mainEntityOfPage\":{\"@id\":\"https:\\\/\\\/www.pigrecoemme.com\\\/blog\\\/corso-di-fotografia-online-giugno-2020\\\/\"},\"wordCount\":652,\"commentCount\":0,\"publisher\":{\"@id\":\"https:\\\/\\\/www.pigrecoemme.com\\\/blog\\\/#organization\"},\"image\":{\"@id\":\"https:\\\/\\\/www.pigrecoemme.com\\\/blog\\\/corso-di-fotografia-online-giugno-2020\\\/#primaryimage\"},\"thumbnailUrl\":\"https:\\\/\\\/www.pigrecoemme.com\\\/blog\\\/wp-content\\\/uploads\\\/2020\\\/05\\\/corso-online-fotografia-1024x576.jpg\",\"keywords\":[\"corsi di fotografia\",\"corsi online\",\"corso di fotografia\",\"corso di fotografia online\",\"Michele Salvezza\"],\"articleSection\":[\"Fotografia\",\"Generale\",\"Scuola di cinema\"],\"inLanguage\":\"it-IT\",\"potentialAction\":[{\"@type\":\"CommentAction\",\"name\":\"Comment\",\"target\":[\"https:\\\/\\\/www.pigrecoemme.com\\\/blog\\\/corso-di-fotografia-online-giugno-2020\\\/#respond\"]}]},{\"@type\":\"WebPage\",\"@id\":\"https:\\\/\\\/www.pigrecoemme.com\\\/blog\\\/corso-di-fotografia-online-giugno-2020\\\/\",\"url\":\"https:\\\/\\\/www.pigrecoemme.com\\\/blog\\\/corso-di-fotografia-online-giugno-2020\\\/\",\"name\":\"Dal 4 giugno il corso di fotografia online | Pigrecoemme\",\"isPartOf\":{\"@id\":\"https:\\\/\\\/www.pigrecoemme.com\\\/blog\\\/#website\"},\"primaryImageOfPage\":{\"@id\":\"https:\\\/\\\/www.pigrecoemme.com\\\/blog\\\/corso-di-fotografia-online-giugno-2020\\\/#primaryimage\"},\"image\":{\"@id\":\"https:\\\/\\\/www.pigrecoemme.com\\\/blog\\\/corso-di-fotografia-online-giugno-2020\\\/#primaryimage\"},\"thumbnailUrl\":\"https:\\\/\\\/www.pigrecoemme.com\\\/blog\\\/wp-content\\\/uploads\\\/2020\\\/05\\\/corso-online-fotografia-1024x576.jpg\",\"datePublished\":\"2020-05-26T23:17:23+00:00\",\"dateModified\":\"2020-05-29T22:57:50+00:00\",\"description\":\"Anche in questo caso non proponiamo una serie di lezioni pre-registrate, ma una vera esperienza partecipativa.\",\"breadcrumb\":{\"@id\":\"https:\\\/\\\/www.pigrecoemme.com\\\/blog\\\/corso-di-fotografia-online-giugno-2020\\\/#breadcrumb\"},\"inLanguage\":\"it-IT\",\"potentialAction\":[{\"@type\":\"ReadAction\",\"target\":[\"https:\\\/\\\/www.pigrecoemme.com\\\/blog\\\/corso-di-fotografia-online-giugno-2020\\\/\"]}]},{\"@type\":\"ImageObject\",\"inLanguage\":\"it-IT\",\"@id\":\"https:\\\/\\\/www.pigrecoemme.com\\\/blog\\\/corso-di-fotografia-online-giugno-2020\\\/#primaryimage\",\"url\":\"https:\\\/\\\/i0.wp.com\\\/www.pigrecoemme.com\\\/blog\\\/wp-content\\\/uploads\\\/2020\\\/05\\\/corso-online-fotografia.jpg?fit=1280%2C720&ssl=1\",\"contentUrl\":\"https:\\\/\\\/i0.wp.com\\\/www.pigrecoemme.com\\\/blog\\\/wp-content\\\/uploads\\\/2020\\\/05\\\/corso-online-fotografia.jpg?fit=1280%2C720&ssl=1\",\"width\":1280,\"height\":720,\"caption\":\"corso online fotografia\"},{\"@type\":\"BreadcrumbList\",\"@id\":\"https:\\\/\\\/www.pigrecoemme.com\\\/blog\\\/corso-di-fotografia-online-giugno-2020\\\/#breadcrumb\",\"itemListElement\":[{\"@type\":\"ListItem\",\"position\":1,\"name\":\"Home\",\"item\":\"https:\\\/\\\/www.pigrecoemme.com\\\/blog\\\/\"},{\"@type\":\"ListItem\",\"position\":2,\"name\":\"Dal 4 giugno il corso di fotografia online\"}]},{\"@type\":\"WebSite\",\"@id\":\"https:\\\/\\\/www.pigrecoemme.com\\\/blog\\\/#website\",\"url\":\"https:\\\/\\\/www.pigrecoemme.com\\\/blog\\\/\",\"name\":\"Scuola di Cinema Pigrecoemme - Blog\",\"description\":\"Siamo la prima Scuola di Cinema e Fotografia di Napoli\",\"publisher\":{\"@id\":\"https:\\\/\\\/www.pigrecoemme.com\\\/blog\\\/#organization\"},\"potentialAction\":[{\"@type\":\"SearchAction\",\"target\":{\"@type\":\"EntryPoint\",\"urlTemplate\":\"https:\\\/\\\/www.pigrecoemme.com\\\/blog\\\/?s={search_term_string}\"},\"query-input\":{\"@type\":\"PropertyValueSpecification\",\"valueRequired\":true,\"valueName\":\"search_term_string\"}}],\"inLanguage\":\"it-IT\"},{\"@type\":\"Organization\",\"@id\":\"https:\\\/\\\/www.pigrecoemme.com\\\/blog\\\/#organization\",\"name\":\"Scuola di cinema e fotografia Pigrecoemme\",\"url\":\"https:\\\/\\\/www.pigrecoemme.com\\\/blog\\\/\",\"logo\":{\"@type\":\"ImageObject\",\"inLanguage\":\"it-IT\",\"@id\":\"https:\\\/\\\/www.pigrecoemme.com\\\/blog\\\/#\\\/schema\\\/logo\\\/image\\\/\",\"url\":\"https:\\\/\\\/i0.wp.com\\\/www.pigrecoemme.com\\\/blog\\\/wp-content\\\/uploads\\\/2018\\\/06\\\/logo-pigrecoemme-2018.png?fit=500%2C500&ssl=1\",\"contentUrl\":\"https:\\\/\\\/i0.wp.com\\\/www.pigrecoemme.com\\\/blog\\\/wp-content\\\/uploads\\\/2018\\\/06\\\/logo-pigrecoemme-2018.png?fit=500%2C500&ssl=1\",\"width\":500,\"height\":500,\"caption\":\"Scuola di cinema e fotografia Pigrecoemme\"},\"image\":{\"@id\":\"https:\\\/\\\/www.pigrecoemme.com\\\/blog\\\/#\\\/schema\\\/logo\\\/image\\\/\"},\"sameAs\":[\"https:\\\/\\\/www.facebook.com\\\/pigrecoemme\",\"https:\\\/\\\/x.com\\\/Pigrecoemme\",\"https:\\\/\\\/www.instagram.com\\\/pigrecoemme\\\/\",\"https:\\\/\\\/www.linkedin.com\\\/company\\\/pigrecoemme\\\/\",\"https:\\\/\\\/www.youtube.com\\\/pigrecoemme\"]},{\"@type\":\"Person\",\"@id\":\"https:\\\/\\\/www.pigrecoemme.com\\\/blog\\\/#\\\/schema\\\/person\\\/8996ab5bfa68cec611b330ae4a389d44\",\"name\":\"Pigrecoemme\",\"image\":{\"@type\":\"ImageObject\",\"inLanguage\":\"it-IT\",\"@id\":\"https:\\\/\\\/secure.gravatar.com\\\/avatar\\\/541a562fed7df6fa49262cb93f0f1135b8432ec77a1bc64fdb808f64f2a8287d?s=96&r=g\",\"url\":\"https:\\\/\\\/secure.gravatar.com\\\/avatar\\\/541a562fed7df6fa49262cb93f0f1135b8432ec77a1bc64fdb808f64f2a8287d?s=96&r=g\",\"contentUrl\":\"https:\\\/\\\/secure.gravatar.com\\\/avatar\\\/541a562fed7df6fa49262cb93f0f1135b8432ec77a1bc64fdb808f64f2a8287d?s=96&r=g\",\"caption\":\"Pigrecoemme\"},\"description\":\"Profilo redazionale. Pigrecoemme \u00e8 la prima scuola di cinema, televisione e fotografia di Napoli.\",\"sameAs\":[\"http:\\\/\\\/www.pigrecoemme.com\\\/\",\"https:\\\/\\\/www.facebook.com\\\/pigrecoemme\"],\"url\":\"https:\\\/\\\/www.pigrecoemme.com\\\/blog\\\/author\\\/pigrecoemme\\\/\"}]}<\/script>\n<!-- \/ Yoast SEO plugin. -->","yoast_head_json":{"title":"Dal 4 giugno il corso di fotografia online | Pigrecoemme","description":"Anche in questo caso non proponiamo una serie di lezioni pre-registrate, ma una vera esperienza partecipativa.","robots":{"index":"index","follow":"follow","max-snippet":"max-snippet:-1","max-image-preview":"max-image-preview:large","max-video-preview":"max-video-preview:-1"},"canonical":"https:\/\/www.pigrecoemme.com\/blog\/corso-di-fotografia-online-giugno-2020\/","og_locale":"it_IT","og_type":"article","og_title":"Dal 4 giugno il corso di fotografia online | Pigrecoemme","og_description":"Anche in questo caso non proponiamo una serie di lezioni pre-registrate, ma una vera esperienza partecipativa.","og_url":"https:\/\/www.pigrecoemme.com\/blog\/corso-di-fotografia-online-giugno-2020\/","og_site_name":"Scuola di Cinema Pigrecoemme - Blog","article_publisher":"https:\/\/www.facebook.com\/pigrecoemme","article_author":"https:\/\/www.facebook.com\/pigrecoemme","article_published_time":"2020-05-26T23:17:23+00:00","article_modified_time":"2020-05-29T22:57:50+00:00","og_image":[{"url":"https:\/\/www.pigrecoemme.com\/blog\/wp-content\/uploads\/2020\/05\/corso-online-fotografia-1024x576.jpg","type":"","width":"","height":""}],"author":"Pigrecoemme","twitter_card":"summary_large_image","twitter_creator":"@Pigrecoemme","twitter_site":"@Pigrecoemme","twitter_misc":{"Scritto da":"Pigrecoemme","Tempo di lettura stimato":"3 minuti"},"schema":{"@context":"https:\/\/schema.org","@graph":[{"@type":["Article","BlogPosting"],"@id":"https:\/\/www.pigrecoemme.com\/blog\/corso-di-fotografia-online-giugno-2020\/#article","isPartOf":{"@id":"https:\/\/www.pigrecoemme.com\/blog\/corso-di-fotografia-online-giugno-2020\/"},"author":{"name":"Pigrecoemme","@id":"https:\/\/www.pigrecoemme.com\/blog\/#\/schema\/person\/8996ab5bfa68cec611b330ae4a389d44"},"headline":"Dal 4 giugno il corso di fotografia online","datePublished":"2020-05-26T23:17:23+00:00","dateModified":"2020-05-29T22:57:50+00:00","mainEntityOfPage":{"@id":"https:\/\/www.pigrecoemme.com\/blog\/corso-di-fotografia-online-giugno-2020\/"},"wordCount":652,"commentCount":0,"publisher":{"@id":"https:\/\/www.pigrecoemme.com\/blog\/#organization"},"image":{"@id":"https:\/\/www.pigrecoemme.com\/blog\/corso-di-fotografia-online-giugno-2020\/#primaryimage"},"thumbnailUrl":"https:\/\/www.pigrecoemme.com\/blog\/wp-content\/uploads\/2020\/05\/corso-online-fotografia-1024x576.jpg","keywords":["corsi di fotografia","corsi online","corso di fotografia","corso di fotografia online","Michele Salvezza"],"articleSection":["Fotografia","Generale","Scuola di cinema"],"inLanguage":"it-IT","potentialAction":[{"@type":"CommentAction","name":"Comment","target":["https:\/\/www.pigrecoemme.com\/blog\/corso-di-fotografia-online-giugno-2020\/#respond"]}]},{"@type":"WebPage","@id":"https:\/\/www.pigrecoemme.com\/blog\/corso-di-fotografia-online-giugno-2020\/","url":"https:\/\/www.pigrecoemme.com\/blog\/corso-di-fotografia-online-giugno-2020\/","name":"Dal 4 giugno il corso di fotografia online | Pigrecoemme","isPartOf":{"@id":"https:\/\/www.pigrecoemme.com\/blog\/#website"},"primaryImageOfPage":{"@id":"https:\/\/www.pigrecoemme.com\/blog\/corso-di-fotografia-online-giugno-2020\/#primaryimage"},"image":{"@id":"https:\/\/www.pigrecoemme.com\/blog\/corso-di-fotografia-online-giugno-2020\/#primaryimage"},"thumbnailUrl":"https:\/\/www.pigrecoemme.com\/blog\/wp-content\/uploads\/2020\/05\/corso-online-fotografia-1024x576.jpg","datePublished":"2020-05-26T23:17:23+00:00","dateModified":"2020-05-29T22:57:50+00:00","description":"Anche in questo caso non proponiamo una serie di lezioni pre-registrate, ma una vera esperienza partecipativa.","breadcrumb":{"@id":"https:\/\/www.pigrecoemme.com\/blog\/corso-di-fotografia-online-giugno-2020\/#breadcrumb"},"inLanguage":"it-IT","potentialAction":[{"@type":"ReadAction","target":["https:\/\/www.pigrecoemme.com\/blog\/corso-di-fotografia-online-giugno-2020\/"]}]},{"@type":"ImageObject","inLanguage":"it-IT","@id":"https:\/\/www.pigrecoemme.com\/blog\/corso-di-fotografia-online-giugno-2020\/#primaryimage","url":"https:\/\/i0.wp.com\/www.pigrecoemme.com\/blog\/wp-content\/uploads\/2020\/05\/corso-online-fotografia.jpg?fit=1280%2C720&ssl=1","contentUrl":"https:\/\/i0.wp.com\/www.pigrecoemme.com\/blog\/wp-content\/uploads\/2020\/05\/corso-online-fotografia.jpg?fit=1280%2C720&ssl=1","width":1280,"height":720,"caption":"corso online fotografia"},{"@type":"BreadcrumbList","@id":"https:\/\/www.pigrecoemme.com\/blog\/corso-di-fotografia-online-giugno-2020\/#breadcrumb","itemListElement":[{"@type":"ListItem","position":1,"name":"Home","item":"https:\/\/www.pigrecoemme.com\/blog\/"},{"@type":"ListItem","position":2,"name":"Dal 4 giugno il corso di fotografia online"}]},{"@type":"WebSite","@id":"https:\/\/www.pigrecoemme.com\/blog\/#website","url":"https:\/\/www.pigrecoemme.com\/blog\/","name":"Scuola di Cinema Pigrecoemme - Blog","description":"Siamo la prima Scuola di Cinema e Fotografia di Napoli","publisher":{"@id":"https:\/\/www.pigrecoemme.com\/blog\/#organization"},"potentialAction":[{"@type":"SearchAction","target":{"@type":"EntryPoint","urlTemplate":"https:\/\/www.pigrecoemme.com\/blog\/?s={search_term_string}"},"query-input":{"@type":"PropertyValueSpecification","valueRequired":true,"valueName":"search_term_string"}}],"inLanguage":"it-IT"},{"@type":"Organization","@id":"https:\/\/www.pigrecoemme.com\/blog\/#organization","name":"Scuola di cinema e fotografia Pigrecoemme","url":"https:\/\/www.pigrecoemme.com\/blog\/","logo":{"@type":"ImageObject","inLanguage":"it-IT","@id":"https:\/\/www.pigrecoemme.com\/blog\/#\/schema\/logo\/image\/","url":"https:\/\/i0.wp.com\/www.pigrecoemme.com\/blog\/wp-content\/uploads\/2018\/06\/logo-pigrecoemme-2018.png?fit=500%2C500&ssl=1","contentUrl":"https:\/\/i0.wp.com\/www.pigrecoemme.com\/blog\/wp-content\/uploads\/2018\/06\/logo-pigrecoemme-2018.png?fit=500%2C500&ssl=1","width":500,"height":500,"caption":"Scuola di cinema e fotografia Pigrecoemme"},"image":{"@id":"https:\/\/www.pigrecoemme.com\/blog\/#\/schema\/logo\/image\/"},"sameAs":["https:\/\/www.facebook.com\/pigrecoemme","https:\/\/x.com\/Pigrecoemme","https:\/\/www.instagram.com\/pigrecoemme\/","https:\/\/www.linkedin.com\/company\/pigrecoemme\/","https:\/\/www.youtube.com\/pigrecoemme"]},{"@type":"Person","@id":"https:\/\/www.pigrecoemme.com\/blog\/#\/schema\/person\/8996ab5bfa68cec611b330ae4a389d44","name":"Pigrecoemme","image":{"@type":"ImageObject","inLanguage":"it-IT","@id":"https:\/\/secure.gravatar.com\/avatar\/541a562fed7df6fa49262cb93f0f1135b8432ec77a1bc64fdb808f64f2a8287d?s=96&r=g","url":"https:\/\/secure.gravatar.com\/avatar\/541a562fed7df6fa49262cb93f0f1135b8432ec77a1bc64fdb808f64f2a8287d?s=96&r=g","contentUrl":"https:\/\/secure.gravatar.com\/avatar\/541a562fed7df6fa49262cb93f0f1135b8432ec77a1bc64fdb808f64f2a8287d?s=96&r=g","caption":"Pigrecoemme"},"description":"Profilo redazionale. Pigrecoemme \u00e8 la prima scuola di cinema, televisione e fotografia di Napoli.","sameAs":["http:\/\/www.pigrecoemme.com\/","https:\/\/www.facebook.com\/pigrecoemme"],"url":"https:\/\/www.pigrecoemme.com\/blog\/author\/pigrecoemme\/"}]}},"jetpack_sharing_enabled":true,"jetpack_likes_enabled":true,"jetpack-related-posts":[{"id":2215,"url":"https:\/\/www.pigrecoemme.com\/blog\/open-day-alla-pigrecoemme-il-20-settembre-presentazione-del-corso-di-fotografia\/","url_meta":{"origin":2768,"position":0},"title":"Open day alla Pigrecoemme il 20 settembre: presentazione del corso di fotografia","author":"Pigrecoemme","date":"13 Settembre 2018","format":false,"excerpt":"La ricerca in ambito fotografico \u00e8 fondamentale, a maggior ragione quando si ha bisogno costante di nuovi stimoli da riportare nell'attivit\u00e0 didattica. NON SOLO UNA PRESENTAZIONE DEL CORSO, MA ANCHE UN\u2019ESPERIENZA FOTOGRAFICA. L'evento a cui abbiamo pensato, a margine della presentazione del corso di fotografia 2018\/2019 targato Pigrecoemme e condotto\u2026","rel":"","context":"In &quot;Fotografia&quot;","block_context":{"text":"Fotografia","link":"https:\/\/www.pigrecoemme.com\/blog\/fotografia\/"},"img":{"alt_text":"","src":"https:\/\/i0.wp.com\/www.pigrecoemme.com\/blog\/wp-content\/uploads\/2025\/04\/corso-di-fotografia-napoli-presentazione.jpg?fit=900%2C470&ssl=1&resize=350%2C200","width":350,"height":200,"srcset":"https:\/\/i0.wp.com\/www.pigrecoemme.com\/blog\/wp-content\/uploads\/2025\/04\/corso-di-fotografia-napoli-presentazione.jpg?fit=900%2C470&ssl=1&resize=350%2C200 1x, https:\/\/i0.wp.com\/www.pigrecoemme.com\/blog\/wp-content\/uploads\/2025\/04\/corso-di-fotografia-napoli-presentazione.jpg?fit=900%2C470&ssl=1&resize=525%2C300 1.5x, https:\/\/i0.wp.com\/www.pigrecoemme.com\/blog\/wp-content\/uploads\/2025\/04\/corso-di-fotografia-napoli-presentazione.jpg?fit=900%2C470&ssl=1&resize=700%2C400 2x"},"classes":[]},{"id":3013,"url":"https:\/\/www.pigrecoemme.com\/blog\/il-corso-di-fotografia-riparte-il-4-giugno-2021\/","url_meta":{"origin":2768,"position":1},"title":"Il corso di fotografia riparte il 4 giugno 2021","author":"Pigrecoemme","date":"17 Maggio 2021","format":false,"excerpt":"Il corso di fotografia condotto da Michele Salvezza torna - in presenza - dal 4 giugno 2021. In questa edizione sar\u00e0 possibile partecipare solo ai primi due moduli, ma il modulo dedicato alla camera oscura e quello su Photoshop torneranno, dopo l'estate. A chi si rivolge questo corso di fotografia?\u2026","rel":"","context":"In &quot;Fotografia&quot;","block_context":{"text":"Fotografia","link":"https:\/\/www.pigrecoemme.com\/blog\/fotografia\/"},"img":{"alt_text":"corso di fotografia a napoli","src":"https:\/\/i0.wp.com\/www.pigrecoemme.com\/blog\/wp-content\/uploads\/2021\/05\/corso-di-fotografia-a-napoli.jpg?resize=350%2C200&ssl=1","width":350,"height":200,"srcset":"https:\/\/i0.wp.com\/www.pigrecoemme.com\/blog\/wp-content\/uploads\/2021\/05\/corso-di-fotografia-a-napoli.jpg?resize=350%2C200&ssl=1 1x, https:\/\/i0.wp.com\/www.pigrecoemme.com\/blog\/wp-content\/uploads\/2021\/05\/corso-di-fotografia-a-napoli.jpg?resize=525%2C300&ssl=1 1.5x, https:\/\/i0.wp.com\/www.pigrecoemme.com\/blog\/wp-content\/uploads\/2021\/05\/corso-di-fotografia-a-napoli.jpg?resize=700%2C400&ssl=1 2x, https:\/\/i0.wp.com\/www.pigrecoemme.com\/blog\/wp-content\/uploads\/2021\/05\/corso-di-fotografia-a-napoli.jpg?resize=1050%2C600&ssl=1 3x, https:\/\/i0.wp.com\/www.pigrecoemme.com\/blog\/wp-content\/uploads\/2021\/05\/corso-di-fotografia-a-napoli.jpg?resize=1400%2C800&ssl=1 4x"},"classes":[]},{"id":476,"url":"https:\/\/www.pigrecoemme.com\/blog\/riaprono-le-iscrizioni-ai-corsi-di-cinema-e-fotografia\/","url_meta":{"origin":2768,"position":2},"title":"Riaprono le iscrizioni ai corsi di cinema e fotografia","author":"Giacomo Fabbrocino","date":"3 Marzo 2012","format":false,"excerpt":"Si avvicina il ciclo primaverile di corsi di cinema e fotografia e, di conseguenza, riaprono le iscrizioni.I nostri corsi sul cinema partono dalle basi e si rivolgono a coloro che vogliano cimentarsi con le tecniche e i linguaggi dell'audiovisivo per iniziare un percorso professionalizzante o per accrescere il proprio bagaglio\u2026","rel":"","context":"In &quot;Fotografia&quot;","block_context":{"text":"Fotografia","link":"https:\/\/www.pigrecoemme.com\/blog\/fotografia\/"},"img":{"alt_text":"corso master cinema napoli","src":"https:\/\/i0.wp.com\/www.pigrecoemme.com\/blog\/wp-content\/uploads\/2016\/04\/corso-master-2016-2017.jpg?resize=350%2C200&ssl=1","width":350,"height":200,"srcset":"https:\/\/i0.wp.com\/www.pigrecoemme.com\/blog\/wp-content\/uploads\/2016\/04\/corso-master-2016-2017.jpg?resize=350%2C200&ssl=1 1x, https:\/\/i0.wp.com\/www.pigrecoemme.com\/blog\/wp-content\/uploads\/2016\/04\/corso-master-2016-2017.jpg?resize=525%2C300&ssl=1 1.5x, https:\/\/i0.wp.com\/www.pigrecoemme.com\/blog\/wp-content\/uploads\/2016\/04\/corso-master-2016-2017.jpg?resize=700%2C400&ssl=1 2x"},"classes":[]},{"id":3555,"url":"https:\/\/www.pigrecoemme.com\/blog\/i-corsi-di-cinema-e-fotografia-in-partenza-ad-aprile-2024\/","url_meta":{"origin":2768,"position":3},"title":"I corsi di cinema e fotografia in partenza ad Aprile 2024","author":"Pigrecoemme","date":"17 Marzo 2024","format":false,"excerpt":"Sono aperte le iscrizioni ai corsi di fotografia (dal 2 aprile), montaggio (dal 5 aprile), direzione della fotografia (dal 25 marzo) e scenografia (dal 4 aprile) Il corso di fotografia - dal 2 aprile Il corso di fotografia della Pigrecoemme di Napoli si rivolge sia al fotoamatore che voglia imparare\u2026","rel":"","context":"In &quot;Fotografia&quot;","block_context":{"text":"Fotografia","link":"https:\/\/www.pigrecoemme.com\/blog\/fotografia\/"},"img":{"alt_text":"","src":"https:\/\/i0.wp.com\/www.pigrecoemme.com\/blog\/wp-content\/uploads\/2024\/03\/corsi-di-cinema-aprile-2024.jpg?resize=350%2C200&ssl=1","width":350,"height":200,"srcset":"https:\/\/i0.wp.com\/www.pigrecoemme.com\/blog\/wp-content\/uploads\/2024\/03\/corsi-di-cinema-aprile-2024.jpg?resize=350%2C200&ssl=1 1x, https:\/\/i0.wp.com\/www.pigrecoemme.com\/blog\/wp-content\/uploads\/2024\/03\/corsi-di-cinema-aprile-2024.jpg?resize=525%2C300&ssl=1 1.5x, https:\/\/i0.wp.com\/www.pigrecoemme.com\/blog\/wp-content\/uploads\/2024\/03\/corsi-di-cinema-aprile-2024.jpg?resize=700%2C400&ssl=1 2x, https:\/\/i0.wp.com\/www.pigrecoemme.com\/blog\/wp-content\/uploads\/2024\/03\/corsi-di-cinema-aprile-2024.jpg?resize=1050%2C600&ssl=1 3x"},"classes":[]},{"id":3171,"url":"https:\/\/www.pigrecoemme.com\/blog\/tutti-i-corsi-in-partenza-online-e-in-aula\/","url_meta":{"origin":2768,"position":4},"title":"Tutti i corsi in partenza, online e in aula","author":"Pigrecoemme","date":"30 Marzo 2022","format":false,"excerpt":"Torna la primavera, riaprono le iscrizioni ai nostri corsi! Dal 6 aprile parte il corso online di critica cinematografica e analisi del film; dal 7 aprile, per chi ha gi\u00e0 frequentato il nostro corso di regia, parte in presenza il corso di regia 2 (scrivici per informazioni);Dal 2 maggio parte\u2026","rel":"","context":"In &quot;Generale&quot;","block_context":{"text":"Generale","link":"https:\/\/www.pigrecoemme.com\/blog\/generale\/"},"img":{"alt_text":"scuola di cinema e fotografia napoli 1","src":"https:\/\/i0.wp.com\/www.pigrecoemme.com\/blog\/wp-content\/uploads\/2022\/03\/scuola-di-cinema-e-fotografia-napoli-1.jpg?resize=350%2C200&ssl=1","width":350,"height":200,"srcset":"https:\/\/i0.wp.com\/www.pigrecoemme.com\/blog\/wp-content\/uploads\/2022\/03\/scuola-di-cinema-e-fotografia-napoli-1.jpg?resize=350%2C200&ssl=1 1x, https:\/\/i0.wp.com\/www.pigrecoemme.com\/blog\/wp-content\/uploads\/2022\/03\/scuola-di-cinema-e-fotografia-napoli-1.jpg?resize=525%2C300&ssl=1 1.5x, https:\/\/i0.wp.com\/www.pigrecoemme.com\/blog\/wp-content\/uploads\/2022\/03\/scuola-di-cinema-e-fotografia-napoli-1.jpg?resize=700%2C400&ssl=1 2x"},"classes":[]},{"id":3196,"url":"https:\/\/www.pigrecoemme.com\/blog\/corso-di-fotografia-open-day-il-9-settembre\/","url_meta":{"origin":2768,"position":5},"title":"Corso di fotografia: open day il 9 settembre!","author":"Pigrecoemme","date":"22 Agosto 2022","format":false,"excerpt":"Il mondo della fotografia \u00e8 cambiato radicalmente con l\u2019avvento dei social network. I mezzi moderni troppo facilmente producono migliaia di immagini pr\u00eat-\u00e0-porter - presto dimenticate in archivi digitali - e convincono troppo spesso il novello fotoamatore di essere l\u2019erede di Ansel Adams. Tutto questo, ovviamente, ricade sul mercato professionale, gi\u00e0\u2026","rel":"","context":"In &quot;Eventi&quot;","block_context":{"text":"Eventi","link":"https:\/\/www.pigrecoemme.com\/blog\/eventi\/"},"img":{"alt_text":"open day fotografia","src":"https:\/\/i0.wp.com\/www.pigrecoemme.com\/blog\/wp-content\/uploads\/2022\/08\/open-day-fotografia.jpg?resize=350%2C200&ssl=1","width":350,"height":200,"srcset":"https:\/\/i0.wp.com\/www.pigrecoemme.com\/blog\/wp-content\/uploads\/2022\/08\/open-day-fotografia.jpg?resize=350%2C200&ssl=1 1x, https:\/\/i0.wp.com\/www.pigrecoemme.com\/blog\/wp-content\/uploads\/2022\/08\/open-day-fotografia.jpg?resize=525%2C300&ssl=1 1.5x, https:\/\/i0.wp.com\/www.pigrecoemme.com\/blog\/wp-content\/uploads\/2022\/08\/open-day-fotografia.jpg?resize=700%2C400&ssl=1 2x, https:\/\/i0.wp.com\/www.pigrecoemme.com\/blog\/wp-content\/uploads\/2022\/08\/open-day-fotografia.jpg?resize=1050%2C600&ssl=1 3x, https:\/\/i0.wp.com\/www.pigrecoemme.com\/blog\/wp-content\/uploads\/2022\/08\/open-day-fotografia.jpg?resize=1400%2C800&ssl=1 4x"},"classes":[]}],"jetpack_featured_media_url":"","_links":{"self":[{"href":"https:\/\/www.pigrecoemme.com\/blog\/wp-json\/wp\/v2\/posts\/2768","targetHints":{"allow":["GET"]}}],"collection":[{"href":"https:\/\/www.pigrecoemme.com\/blog\/wp-json\/wp\/v2\/posts"}],"about":[{"href":"https:\/\/www.pigrecoemme.com\/blog\/wp-json\/wp\/v2\/types\/post"}],"author":[{"embeddable":true,"href":"https:\/\/www.pigrecoemme.com\/blog\/wp-json\/wp\/v2\/users\/4"}],"replies":[{"embeddable":true,"href":"https:\/\/www.pigrecoemme.com\/blog\/wp-json\/wp\/v2\/comments?post=2768"}],"version-history":[{"count":0,"href":"https:\/\/www.pigrecoemme.com\/blog\/wp-json\/wp\/v2\/posts\/2768\/revisions"}],"wp:attachment":[{"href":"https:\/\/www.pigrecoemme.com\/blog\/wp-json\/wp\/v2\/media?parent=2768"}],"wp:term":[{"taxonomy":"category","embeddable":true,"href":"https:\/\/www.pigrecoemme.com\/blog\/wp-json\/wp\/v2\/categories?post=2768"},{"taxonomy":"post_tag","embeddable":true,"href":"https:\/\/www.pigrecoemme.com\/blog\/wp-json\/wp\/v2\/tags?post=2768"}],"curies":[{"name":"wp","href":"https:\/\/api.w.org\/{rel}","templated":true}]}}