{"id":266,"date":"2010-09-13T13:11:20","date_gmt":"2010-09-13T11:11:20","guid":{"rendered":"http:\/\/www.pigrecoemme.com\/blog\/?p=266"},"modified":"2010-09-13T13:11:20","modified_gmt":"2010-09-13T11:11:20","slug":"la-politica-culturale-a-napoli-e-in-campania-quali-prospettive-per-la-didattica-e-la-piccola-produzione","status":"publish","type":"post","link":"https:\/\/www.pigrecoemme.com\/blog\/la-politica-culturale-a-napoli-e-in-campania-quali-prospettive-per-la-didattica-e-la-piccola-produzione\/","title":{"rendered":"La politica culturale a Napoli e in Campania. Quali prospettive per la didattica e la piccola produzione?"},"content":{"rendered":"<p>Quella che segue \u00e8 la lettera sulla politica culturale a Napoli e in Campania scritta dal presidente di Pigrecoemme, Corardo Morra e pubblicata sabato 11 settembre su La Repubblica di Napoli.<\/p>\n<blockquote><p>Lo scorso 5 settembre, su queste pagine, Antonella Di Nocera, direttrice dell\u2019Arci Movie, ha ripreso la discussione sulle politiche e sul finanziamento della cultura in Campania. Tra le tante cose, si chiedeva perch\u00e9 nel nostro territorio non esista una scuola pubblica per il cinema e il teatro.<\/p>\n<p>Sono pi\u00f9 di dieci anni che, senza aiuti pubblici, la Scuola di Cinema Pigrecoemme organizza corsi che raccolgono l&#8217;attenzione di centinaia di studenti dall&#8217;Italia e dall&#8217;estero, i quali hanno scelto la nostra scuola e la nostra citt\u00e0 come punto di partenza per la loro formazione culturale e professionale nel cinema. Non \u00e8 un caso, perch\u00e9 il \u2013 seppur controverso \u2013 \u201cRinascimento napoletano\u201d si era fondato, oltre che sul rifiorire delle arti visive e del teatro, anche sul cinema. Cos\u00ec, stimolati dagli amministratori degli ultimi tre lustri, imprenditori culturali come noi hanno investito denaro e passione nella didattica e nella produzione audiovisiva indipendente, in attesa che il Pubblico desse solidit\u00e0 al settore tramite la realizzazione di progetti indicati come urgenti, ma non concretizzati.<\/p>\n<p>Una Film commission efficiente non compensa la mancata nascita, prima data per imminente, dei cosiddetti <a href=\"http:\/\/ricerca.repubblica.it\/repubblica\/archivio\/repubblica\/2009\/02\/25\/bassolino-nuovo-annuncio-gli-studios-bagnoli-si.html\"><strong>studios di Bagnoli<\/strong><\/a>, una piccola Cinecitt\u00e0 il cui miraggio ha indotto molti a lavorare nella didattica e nella produzione audiovisiva, in delusa attesa di un indotto stabile.<\/p>\n<p>Siamo d&#8217;accordo con l&#8217;assessore regionale alla Promozione culturale, Caterina Miraglia, quando dichiara che \u00abLa Regione non \u00e8 solo una banca che eroga fondi. Ha un ruolo di programmazione e obiettivi da raggiungere\u00bb. Eppure, in Italia, come all&#8217;estero, la migliore politica culturale si fonda su una fruttuosa collaborazione tra pubblico e privato. In tal senso dovrebbe essere naturale che chi \u00e8 sul mercato da anni con risultati importanti, possa ambire ad essere il naturale interlocutore degli Enti pubblici. Pena: costosissimi <strong>fallimenti come la Scuola del Documentario<\/strong> di Bagnoli. \u00c8 questo principio che, ad esempio, ha portato Milano a rendere pubblici importanti centri di formazione privati, dando vita alle Scuole Civiche: una realt\u00e0 di successo gestita dal Comune attraverso una fondazione.<\/p>\n<p>Prima di ogni altra discussione, quindi, perch\u00e9 non immaginiamo noi operatori del settore della didattica e della promozione culturale di promuove un tavolo per la costituzione di un soggetto unico con cui interloquire con la Regione proprio sull&#8217;obiettivo comune di far nascere una scuola pubblica di cinema e teatro a Napoli?<\/p>\n<p>Probabilmente il Forum delle Culture rischia di essere un&#8217;ultima possibilit\u00e0. Se non cogliamo questa opportunit\u00e0, parafrasando Einstein, ci pare di poter dire che, seppure non possiamo sapere con che cosa saranno mai redatti i prossimi programmi di intervento culturale della Regione, siamo certi di poter prevenire in che modo saranno vergati quelli appena pi\u00f9 in l\u00e0. Con la clava.<\/p>\n<p style=\"text-align: right;\">Corrado Morra<br \/>\n<a href=\"http:\/\/www.pigrecoemme.com\/\">Scuola di cinema Pigrecoemme<\/a><\/p>\n<\/blockquote>\n","protected":false},"excerpt":{"rendered":"<p>Quella che segue \u00e8 la lettera sulla politica culturale a Napoli e in Campania scritta dal presidente di Pigrecoemme, Corardo Morra e pubblicata sabato 11 settembre su La Repubblica di Napoli. Lo scorso 5&hellip;<\/p>\n","protected":false},"author":1,"featured_media":0,"comment_status":"open","ping_status":"open","sticky":false,"template":"","format":"standard","meta":{"_jetpack_newsletter_access":"","_jetpack_dont_email_post_to_subs":false,"_jetpack_newsletter_tier_id":0,"_jetpack_memberships_contains_paywalled_content":false,"_jetpack_feature_clip_id":0,"_jetpack_memberships_contains_paid_content":false,"footnotes":"","jetpack_post_was_ever_published":false},"categories":[1,3],"tags":[422,424,426,423,106,87,425],"class_list":["post-266","post","type-post","status-publish","format-standard","hentry","category-generale","category-scuola-di-cinema","tag-caterina-miraglia","tag-comune-di-napoli","tag-politica-culturale","tag-provincia-di-napoli","tag-regione-campania","tag-scuole-di-cinema","tag-scuole-pubbliche-di-cinema"],"yoast_head":"<!-- This site is optimized with the Yoast SEO plugin v28.4 - https:\/\/yoast.com\/product\/yoast-seo-wordpress\/ -->\n<title>La politica culturale a Napoli e in Campania. Quali prospettive per la didattica e la piccola produzione?<\/title>\n<meta name=\"robots\" content=\"index, follow, max-snippet:-1, max-image-preview:large, max-video-preview:-1\" \/>\n<link rel=\"canonical\" href=\"https:\/\/www.pigrecoemme.com\/blog\/la-politica-culturale-a-napoli-e-in-campania-quali-prospettive-per-la-didattica-e-la-piccola-produzione\/\" \/>\n<meta property=\"og:locale\" content=\"it_IT\" \/>\n<meta property=\"og:type\" content=\"article\" \/>\n<meta property=\"og:title\" content=\"La politica culturale a Napoli e in Campania. Quali prospettive per la didattica e la piccola produzione?\" \/>\n<meta property=\"og:description\" content=\"Quella che segue \u00e8 la lettera sulla politica culturale a Napoli e in Campania scritta dal presidente di Pigrecoemme, Corardo Morra e pubblicata sabato 11 settembre su La Repubblica di Napoli. Lo scorso 5 settembre, su queste pagine, Antonella Di &hellip; Continue reading &rarr;\" \/>\n<meta property=\"og:url\" content=\"https:\/\/www.pigrecoemme.com\/blog\/la-politica-culturale-a-napoli-e-in-campania-quali-prospettive-per-la-didattica-e-la-piccola-produzione\/\" \/>\n<meta property=\"og:site_name\" content=\"Scuola di Cinema Pigrecoemme - Blog\" \/>\n<meta property=\"article:publisher\" content=\"https:\/\/www.facebook.com\/pigrecoemme\" \/>\n<meta property=\"article:author\" content=\"https:\/\/www.facebook.com\/giacomo.fabbrocino\" \/>\n<meta property=\"article:published_time\" content=\"2010-09-13T11:11:20+00:00\" \/>\n<meta property=\"og:image\" content=\"https:\/\/i0.wp.com\/www.pigrecoemme.com\/blog\/wp-content\/uploads\/2014\/11\/pigrecoemme-test1.jpg?fit=484%2C252&ssl=1\" \/>\n\t<meta property=\"og:image:width\" content=\"484\" \/>\n\t<meta property=\"og:image:height\" content=\"252\" \/>\n\t<meta property=\"og:image:type\" content=\"image\/jpeg\" \/>\n<meta name=\"author\" content=\"Giacomo Fabbrocino\" \/>\n<meta name=\"twitter:card\" content=\"summary_large_image\" \/>\n<meta name=\"twitter:creator\" content=\"@Pigrecoemme\" \/>\n<meta name=\"twitter:site\" content=\"@Pigrecoemme\" \/>\n<meta name=\"twitter:label1\" content=\"Scritto da\" \/>\n\t<meta name=\"twitter:data1\" content=\"Giacomo Fabbrocino\" \/>\n\t<meta name=\"twitter:label2\" content=\"Tempo di lettura stimato\" \/>\n\t<meta name=\"twitter:data2\" content=\"2 minuti\" \/>\n<script type=\"application\/ld+json\" class=\"yoast-schema-graph\">{\"@context\":\"https:\\\/\\\/schema.org\",\"@graph\":[{\"@type\":[\"Article\",\"BlogPosting\"],\"@id\":\"https:\\\/\\\/www.pigrecoemme.com\\\/blog\\\/la-politica-culturale-a-napoli-e-in-campania-quali-prospettive-per-la-didattica-e-la-piccola-produzione\\\/#article\",\"isPartOf\":{\"@id\":\"https:\\\/\\\/www.pigrecoemme.com\\\/blog\\\/la-politica-culturale-a-napoli-e-in-campania-quali-prospettive-per-la-didattica-e-la-piccola-produzione\\\/\"},\"author\":{\"name\":\"Giacomo Fabbrocino\",\"@id\":\"https:\\\/\\\/www.pigrecoemme.com\\\/blog\\\/#\\\/schema\\\/person\\\/57fa822c3d209d3a2612fd0411ae63f4\"},\"headline\":\"La politica culturale a Napoli e in Campania. Quali prospettive per la didattica e la piccola produzione?\",\"datePublished\":\"2010-09-13T11:11:20+00:00\",\"mainEntityOfPage\":{\"@id\":\"https:\\\/\\\/www.pigrecoemme.com\\\/blog\\\/la-politica-culturale-a-napoli-e-in-campania-quali-prospettive-per-la-didattica-e-la-piccola-produzione\\\/\"},\"wordCount\":494,\"commentCount\":1,\"publisher\":{\"@id\":\"https:\\\/\\\/www.pigrecoemme.com\\\/blog\\\/#organization\"},\"keywords\":[\"caterina miraglia\",\"comune di napoli\",\"politica culturale\",\"provincia di napoli\",\"Regione Campania\",\"scuole di cinema\",\"scuole pubbliche di cinema\"],\"articleSection\":[\"Generale\",\"Scuola di cinema\"],\"inLanguage\":\"it-IT\",\"potentialAction\":[{\"@type\":\"CommentAction\",\"name\":\"Comment\",\"target\":[\"https:\\\/\\\/www.pigrecoemme.com\\\/blog\\\/la-politica-culturale-a-napoli-e-in-campania-quali-prospettive-per-la-didattica-e-la-piccola-produzione\\\/#respond\"]}]},{\"@type\":\"WebPage\",\"@id\":\"https:\\\/\\\/www.pigrecoemme.com\\\/blog\\\/la-politica-culturale-a-napoli-e-in-campania-quali-prospettive-per-la-didattica-e-la-piccola-produzione\\\/\",\"url\":\"https:\\\/\\\/www.pigrecoemme.com\\\/blog\\\/la-politica-culturale-a-napoli-e-in-campania-quali-prospettive-per-la-didattica-e-la-piccola-produzione\\\/\",\"name\":\"La politica culturale a Napoli e in Campania. Quali prospettive per la didattica e la piccola produzione?\",\"isPartOf\":{\"@id\":\"https:\\\/\\\/www.pigrecoemme.com\\\/blog\\\/#website\"},\"datePublished\":\"2010-09-13T11:11:20+00:00\",\"breadcrumb\":{\"@id\":\"https:\\\/\\\/www.pigrecoemme.com\\\/blog\\\/la-politica-culturale-a-napoli-e-in-campania-quali-prospettive-per-la-didattica-e-la-piccola-produzione\\\/#breadcrumb\"},\"inLanguage\":\"it-IT\",\"potentialAction\":[{\"@type\":\"ReadAction\",\"target\":[\"https:\\\/\\\/www.pigrecoemme.com\\\/blog\\\/la-politica-culturale-a-napoli-e-in-campania-quali-prospettive-per-la-didattica-e-la-piccola-produzione\\\/\"]}]},{\"@type\":\"BreadcrumbList\",\"@id\":\"https:\\\/\\\/www.pigrecoemme.com\\\/blog\\\/la-politica-culturale-a-napoli-e-in-campania-quali-prospettive-per-la-didattica-e-la-piccola-produzione\\\/#breadcrumb\",\"itemListElement\":[{\"@type\":\"ListItem\",\"position\":1,\"name\":\"Home\",\"item\":\"https:\\\/\\\/www.pigrecoemme.com\\\/blog\\\/\"},{\"@type\":\"ListItem\",\"position\":2,\"name\":\"La politica culturale a Napoli e in Campania. Quali prospettive per la didattica e la piccola produzione?\"}]},{\"@type\":\"WebSite\",\"@id\":\"https:\\\/\\\/www.pigrecoemme.com\\\/blog\\\/#website\",\"url\":\"https:\\\/\\\/www.pigrecoemme.com\\\/blog\\\/\",\"name\":\"Scuola di Cinema Pigrecoemme - Blog\",\"description\":\"Siamo la prima Scuola di Cinema e Fotografia di Napoli\",\"publisher\":{\"@id\":\"https:\\\/\\\/www.pigrecoemme.com\\\/blog\\\/#organization\"},\"potentialAction\":[{\"@type\":\"SearchAction\",\"target\":{\"@type\":\"EntryPoint\",\"urlTemplate\":\"https:\\\/\\\/www.pigrecoemme.com\\\/blog\\\/?s={search_term_string}\"},\"query-input\":{\"@type\":\"PropertyValueSpecification\",\"valueRequired\":true,\"valueName\":\"search_term_string\"}}],\"inLanguage\":\"it-IT\"},{\"@type\":\"Organization\",\"@id\":\"https:\\\/\\\/www.pigrecoemme.com\\\/blog\\\/#organization\",\"name\":\"Scuola di cinema e fotografia Pigrecoemme\",\"url\":\"https:\\\/\\\/www.pigrecoemme.com\\\/blog\\\/\",\"logo\":{\"@type\":\"ImageObject\",\"inLanguage\":\"it-IT\",\"@id\":\"https:\\\/\\\/www.pigrecoemme.com\\\/blog\\\/#\\\/schema\\\/logo\\\/image\\\/\",\"url\":\"https:\\\/\\\/i0.wp.com\\\/www.pigrecoemme.com\\\/blog\\\/wp-content\\\/uploads\\\/2018\\\/06\\\/logo-pigrecoemme-2018.png?fit=500%2C500&ssl=1\",\"contentUrl\":\"https:\\\/\\\/i0.wp.com\\\/www.pigrecoemme.com\\\/blog\\\/wp-content\\\/uploads\\\/2018\\\/06\\\/logo-pigrecoemme-2018.png?fit=500%2C500&ssl=1\",\"width\":500,\"height\":500,\"caption\":\"Scuola di cinema e fotografia Pigrecoemme\"},\"image\":{\"@id\":\"https:\\\/\\\/www.pigrecoemme.com\\\/blog\\\/#\\\/schema\\\/logo\\\/image\\\/\"},\"sameAs\":[\"https:\\\/\\\/www.facebook.com\\\/pigrecoemme\",\"https:\\\/\\\/x.com\\\/Pigrecoemme\",\"https:\\\/\\\/www.instagram.com\\\/pigrecoemme\\\/\",\"https:\\\/\\\/www.linkedin.com\\\/company\\\/pigrecoemme\\\/\",\"https:\\\/\\\/www.youtube.com\\\/pigrecoemme\"]},{\"@type\":\"Person\",\"@id\":\"https:\\\/\\\/www.pigrecoemme.com\\\/blog\\\/#\\\/schema\\\/person\\\/57fa822c3d209d3a2612fd0411ae63f4\",\"name\":\"Giacomo Fabbrocino\",\"image\":{\"@type\":\"ImageObject\",\"inLanguage\":\"it-IT\",\"@id\":\"https:\\\/\\\/secure.gravatar.com\\\/avatar\\\/0e4dfd4d05c06a03fffaffeb36fb181415ba11b91a6b566fa2e8ada75927db32?s=96&r=g\",\"url\":\"https:\\\/\\\/secure.gravatar.com\\\/avatar\\\/0e4dfd4d05c06a03fffaffeb36fb181415ba11b91a6b566fa2e8ada75927db32?s=96&r=g\",\"contentUrl\":\"https:\\\/\\\/secure.gravatar.com\\\/avatar\\\/0e4dfd4d05c06a03fffaffeb36fb181415ba11b91a6b566fa2e8ada75927db32?s=96&r=g\",\"caption\":\"Giacomo Fabbrocino\"},\"description\":\"Montatore cinematografico, autore di documentari sull'arte e di video d'artista, Giacomo \u00e8 responsabile della didattica e della comunicazione web della Scuola di Cinema, Fotografia e Televisione Pigrecoemme di Napoli.\",\"sameAs\":[\"http:\\\/\\\/www.pigrecoemme.com\\\/\",\"https:\\\/\\\/www.facebook.com\\\/giacomo.fabbrocino\"],\"url\":\"https:\\\/\\\/www.pigrecoemme.com\\\/blog\\\/author\\\/giacomo-fabbrocino\\\/\"}]}<\/script>\n<!-- \/ Yoast SEO plugin. -->","yoast_head_json":{"title":"La politica culturale a Napoli e in Campania. Quali prospettive per la didattica e la piccola produzione?","robots":{"index":"index","follow":"follow","max-snippet":"max-snippet:-1","max-image-preview":"max-image-preview:large","max-video-preview":"max-video-preview:-1"},"canonical":"https:\/\/www.pigrecoemme.com\/blog\/la-politica-culturale-a-napoli-e-in-campania-quali-prospettive-per-la-didattica-e-la-piccola-produzione\/","og_locale":"it_IT","og_type":"article","og_title":"La politica culturale a Napoli e in Campania. Quali prospettive per la didattica e la piccola produzione?","og_description":"Quella che segue \u00e8 la lettera sulla politica culturale a Napoli e in Campania scritta dal presidente di Pigrecoemme, Corardo Morra e pubblicata sabato 11 settembre su La Repubblica di Napoli. Lo scorso 5 settembre, su queste pagine, Antonella Di &hellip; Continue reading &rarr;","og_url":"https:\/\/www.pigrecoemme.com\/blog\/la-politica-culturale-a-napoli-e-in-campania-quali-prospettive-per-la-didattica-e-la-piccola-produzione\/","og_site_name":"Scuola di Cinema Pigrecoemme - Blog","article_publisher":"https:\/\/www.facebook.com\/pigrecoemme","article_author":"https:\/\/www.facebook.com\/giacomo.fabbrocino","article_published_time":"2010-09-13T11:11:20+00:00","og_image":[{"width":484,"height":252,"url":"https:\/\/i0.wp.com\/www.pigrecoemme.com\/blog\/wp-content\/uploads\/2014\/11\/pigrecoemme-test1.jpg?fit=484%2C252&ssl=1","type":"image\/jpeg"}],"author":"Giacomo Fabbrocino","twitter_card":"summary_large_image","twitter_creator":"@Pigrecoemme","twitter_site":"@Pigrecoemme","twitter_misc":{"Scritto da":"Giacomo Fabbrocino","Tempo di lettura stimato":"2 minuti"},"schema":{"@context":"https:\/\/schema.org","@graph":[{"@type":["Article","BlogPosting"],"@id":"https:\/\/www.pigrecoemme.com\/blog\/la-politica-culturale-a-napoli-e-in-campania-quali-prospettive-per-la-didattica-e-la-piccola-produzione\/#article","isPartOf":{"@id":"https:\/\/www.pigrecoemme.com\/blog\/la-politica-culturale-a-napoli-e-in-campania-quali-prospettive-per-la-didattica-e-la-piccola-produzione\/"},"author":{"name":"Giacomo Fabbrocino","@id":"https:\/\/www.pigrecoemme.com\/blog\/#\/schema\/person\/57fa822c3d209d3a2612fd0411ae63f4"},"headline":"La politica culturale a Napoli e in Campania. Quali prospettive per la didattica e la piccola produzione?","datePublished":"2010-09-13T11:11:20+00:00","mainEntityOfPage":{"@id":"https:\/\/www.pigrecoemme.com\/blog\/la-politica-culturale-a-napoli-e-in-campania-quali-prospettive-per-la-didattica-e-la-piccola-produzione\/"},"wordCount":494,"commentCount":1,"publisher":{"@id":"https:\/\/www.pigrecoemme.com\/blog\/#organization"},"keywords":["caterina miraglia","comune di napoli","politica culturale","provincia di napoli","Regione Campania","scuole di cinema","scuole pubbliche di cinema"],"articleSection":["Generale","Scuola di cinema"],"inLanguage":"it-IT","potentialAction":[{"@type":"CommentAction","name":"Comment","target":["https:\/\/www.pigrecoemme.com\/blog\/la-politica-culturale-a-napoli-e-in-campania-quali-prospettive-per-la-didattica-e-la-piccola-produzione\/#respond"]}]},{"@type":"WebPage","@id":"https:\/\/www.pigrecoemme.com\/blog\/la-politica-culturale-a-napoli-e-in-campania-quali-prospettive-per-la-didattica-e-la-piccola-produzione\/","url":"https:\/\/www.pigrecoemme.com\/blog\/la-politica-culturale-a-napoli-e-in-campania-quali-prospettive-per-la-didattica-e-la-piccola-produzione\/","name":"La politica culturale a Napoli e in Campania. Quali prospettive per la didattica e la piccola produzione?","isPartOf":{"@id":"https:\/\/www.pigrecoemme.com\/blog\/#website"},"datePublished":"2010-09-13T11:11:20+00:00","breadcrumb":{"@id":"https:\/\/www.pigrecoemme.com\/blog\/la-politica-culturale-a-napoli-e-in-campania-quali-prospettive-per-la-didattica-e-la-piccola-produzione\/#breadcrumb"},"inLanguage":"it-IT","potentialAction":[{"@type":"ReadAction","target":["https:\/\/www.pigrecoemme.com\/blog\/la-politica-culturale-a-napoli-e-in-campania-quali-prospettive-per-la-didattica-e-la-piccola-produzione\/"]}]},{"@type":"BreadcrumbList","@id":"https:\/\/www.pigrecoemme.com\/blog\/la-politica-culturale-a-napoli-e-in-campania-quali-prospettive-per-la-didattica-e-la-piccola-produzione\/#breadcrumb","itemListElement":[{"@type":"ListItem","position":1,"name":"Home","item":"https:\/\/www.pigrecoemme.com\/blog\/"},{"@type":"ListItem","position":2,"name":"La politica culturale a Napoli e in Campania. Quali prospettive per la didattica e la piccola produzione?"}]},{"@type":"WebSite","@id":"https:\/\/www.pigrecoemme.com\/blog\/#website","url":"https:\/\/www.pigrecoemme.com\/blog\/","name":"Scuola di Cinema Pigrecoemme - Blog","description":"Siamo la prima Scuola di Cinema e Fotografia di Napoli","publisher":{"@id":"https:\/\/www.pigrecoemme.com\/blog\/#organization"},"potentialAction":[{"@type":"SearchAction","target":{"@type":"EntryPoint","urlTemplate":"https:\/\/www.pigrecoemme.com\/blog\/?s={search_term_string}"},"query-input":{"@type":"PropertyValueSpecification","valueRequired":true,"valueName":"search_term_string"}}],"inLanguage":"it-IT"},{"@type":"Organization","@id":"https:\/\/www.pigrecoemme.com\/blog\/#organization","name":"Scuola di cinema e fotografia Pigrecoemme","url":"https:\/\/www.pigrecoemme.com\/blog\/","logo":{"@type":"ImageObject","inLanguage":"it-IT","@id":"https:\/\/www.pigrecoemme.com\/blog\/#\/schema\/logo\/image\/","url":"https:\/\/i0.wp.com\/www.pigrecoemme.com\/blog\/wp-content\/uploads\/2018\/06\/logo-pigrecoemme-2018.png?fit=500%2C500&ssl=1","contentUrl":"https:\/\/i0.wp.com\/www.pigrecoemme.com\/blog\/wp-content\/uploads\/2018\/06\/logo-pigrecoemme-2018.png?fit=500%2C500&ssl=1","width":500,"height":500,"caption":"Scuola di cinema e fotografia Pigrecoemme"},"image":{"@id":"https:\/\/www.pigrecoemme.com\/blog\/#\/schema\/logo\/image\/"},"sameAs":["https:\/\/www.facebook.com\/pigrecoemme","https:\/\/x.com\/Pigrecoemme","https:\/\/www.instagram.com\/pigrecoemme\/","https:\/\/www.linkedin.com\/company\/pigrecoemme\/","https:\/\/www.youtube.com\/pigrecoemme"]},{"@type":"Person","@id":"https:\/\/www.pigrecoemme.com\/blog\/#\/schema\/person\/57fa822c3d209d3a2612fd0411ae63f4","name":"Giacomo Fabbrocino","image":{"@type":"ImageObject","inLanguage":"it-IT","@id":"https:\/\/secure.gravatar.com\/avatar\/0e4dfd4d05c06a03fffaffeb36fb181415ba11b91a6b566fa2e8ada75927db32?s=96&r=g","url":"https:\/\/secure.gravatar.com\/avatar\/0e4dfd4d05c06a03fffaffeb36fb181415ba11b91a6b566fa2e8ada75927db32?s=96&r=g","contentUrl":"https:\/\/secure.gravatar.com\/avatar\/0e4dfd4d05c06a03fffaffeb36fb181415ba11b91a6b566fa2e8ada75927db32?s=96&r=g","caption":"Giacomo Fabbrocino"},"description":"Montatore cinematografico, autore di documentari sull'arte e di video d'artista, Giacomo \u00e8 responsabile della didattica e della comunicazione web della Scuola di Cinema, Fotografia e Televisione Pigrecoemme di Napoli.","sameAs":["http:\/\/www.pigrecoemme.com\/","https:\/\/www.facebook.com\/giacomo.fabbrocino"],"url":"https:\/\/www.pigrecoemme.com\/blog\/author\/giacomo-fabbrocino\/"}]}},"jetpack_sharing_enabled":true,"jetpack_likes_enabled":true,"jetpack-related-posts":[{"id":627,"url":"https:\/\/www.pigrecoemme.com\/blog\/scuola-civica-del-cinema-e-casa-del-cinema-a-napoli\/","url_meta":{"origin":266,"position":0},"title":"Per una Scuola Civica del Cinema e una Casa del Cinema a Napoli","author":"Corrado Morra","date":"12 Aprile 2013","format":false,"excerpt":"Pubblichiamo anche qui e su Facebook la lettera che abbiamo spedito ai giornali locali e che Repubblica ha pubblicato oggi, venerd\u00ec 12 aprile 2013. Vorremmo, anche dopo le giornate per la cultura, che si continuasse ad ipotizzare che Napoli si doti di una sua scuola pubblica di cinema e di\u2026","rel":"","context":"In &quot;Eventi&quot;","block_context":{"text":"Eventi","link":"https:\/\/www.pigrecoemme.com\/blog\/eventi\/"},"img":{"alt_text":"la lettera su la Repubblica napoli del 14-04-2013","src":"https:\/\/i0.wp.com\/www.pigrecoemme.com\/blog\/wp-content\/uploads\/2013\/04\/repubblica-lettera-casa-de-cinema-lq-104x300.jpg?resize=350%2C200","width":350,"height":200},"classes":[]},{"id":80,"url":"https:\/\/www.pigrecoemme.com\/blog\/undicesimo-italienska-filmfestivalen\/","url_meta":{"origin":266,"position":1},"title":"Undicesimo Italienska Filmfestivalen","author":"Giacomo Fabbrocino","date":"10 Settembre 2008","format":false,"excerpt":"Si terr\u00e0 dal 26 settembre al 2 ottobre l'undicesima edizione dell'Italian Film Festival di Stoccolma, manifestazione organizzata dall\u2019Istituto Italiano di Cultura della capitale svedese e dalla FICC (Federazione Italiana dei Circoli del Cinema) con la direzione artistica e organizzativa dello scandinavista e storico del cinema Vincenzo Esposito, docente di storia\u2026","rel":"","context":"In &quot;Eventi&quot;","block_context":{"text":"Eventi","link":"https:\/\/www.pigrecoemme.com\/blog\/eventi\/"},"img":{"alt_text":"","src":"https:\/\/i0.wp.com\/www.pigrecoemme.com\/blog\/wp-content\/uploads\/2008\/09\/filmfestivalen2008-150x150.jpg?resize=350%2C200","width":350,"height":200},"classes":[]},{"id":36,"url":"https:\/\/www.pigrecoemme.com\/blog\/laboratorio-scolastico-sulla-televisione-lignoto-fuori-prima-puntata\/","url_meta":{"origin":266,"position":2},"title":"Laboratorio scolastico sulla televisione: L&#8217;ignoto fuori &#8211; prima puntata","author":"Giacomo Fabbrocino","date":"21 Febbraio 2008","format":false,"excerpt":"Mentre l'anno scorso il laboratorio sugli audiovisivi dell'Istituto per geometri \"G.B.Della Porta\" ha sfornato il corto La trave nell'occhio, quest'anno, sempre nell'ambito di Scuole Aperte della Regione Campania, stiamo lavorando sulla narrativa seriale e la produzione di telefilm. Nel nostro piccolo e con tutti i limiti di un laboratorio in\u2026","rel":"","context":"In &quot;Scuola di cinema&quot;","block_context":{"text":"Scuola di cinema","link":"https:\/\/www.pigrecoemme.com\/blog\/scuola-di-cinema\/"},"img":{"alt_text":"","src":"","width":0,"height":0},"classes":[]},{"id":545,"url":"https:\/\/www.pigrecoemme.com\/blog\/giovedi-18-corti-dautore-alla-pigrecoemme\/","url_meta":{"origin":266,"position":3},"title":"Gioved\u00ec 18 corti d&#8217;autore alla Pigrecoemme","author":"Giacomo Fabbrocino","date":"16 Ottobre 2012","format":false,"excerpt":"Ambra Angiolini in Insula di Eric Alexander Gioved\u00ec 18 ottobre, alle ore 17,00, alla Scuola di cinema Pigrecoemme di Napoli, serata dedicata alla storia del cortometraggio d'autore, con un'interessante rassegna di film brevi di filmaker aderenti alla FEDIC, la Federazione italiana dei cineclub. La selezione metter\u00e0 a confronto quattro titoli\u2026","rel":"","context":"In &quot;Eventi&quot;","block_context":{"text":"Eventi","link":"https:\/\/www.pigrecoemme.com\/blog\/eventi\/"},"img":{"alt_text":"","src":"https:\/\/i0.wp.com\/www.pigrecoemme.com\/blog\/wp-content\/uploads\/2012\/10\/ambra-angiolini-in-insula-di-eric-alexander.jpg?resize=350%2C200&ssl=1","width":350,"height":200,"srcset":"https:\/\/i0.wp.com\/www.pigrecoemme.com\/blog\/wp-content\/uploads\/2012\/10\/ambra-angiolini-in-insula-di-eric-alexander.jpg?resize=350%2C200&ssl=1 1x, https:\/\/i0.wp.com\/www.pigrecoemme.com\/blog\/wp-content\/uploads\/2012\/10\/ambra-angiolini-in-insula-di-eric-alexander.jpg?resize=525%2C300&ssl=1 1.5x"},"classes":[]},{"id":179,"url":"https:\/\/www.pigrecoemme.com\/blog\/al-via-il-nuovo-anno-di-studi-della-scuola-di-cinema-e-televisione-pigrecoemme-di-napoli\/","url_meta":{"origin":266,"position":4},"title":"Al via il nuovo anno di studi della Scuola di cinema e televisione Pigrecoemme di Napoli","author":"Giacomo Fabbrocino","date":"16 Ottobre 2009","format":false,"excerpt":"Tutto pronto per il nuovo anno di studi della Scuola di cinema e televisione Pigrecoemme: corsi di cinema, fotografia e, per il secondo anno, di recitazione. Scuola Di Cinema Pigrecoemm... by Scuola di cinema Pigrecoemme Parte gioved\u00ec 29 ottobre, con la prima lezione di Regia, il Master in Cinema della\u2026","rel":"","context":"In &quot;Scuola di cinema&quot;","block_context":{"text":"Scuola di cinema","link":"https:\/\/www.pigrecoemme.com\/blog\/scuola-di-cinema\/"},"img":{"alt_text":"","src":"https:\/\/i0.wp.com\/www.pigrecoemme.com\/blog\/wp-content\/uploads\/2009\/10\/1-lucio-allocca-sul-un-set-di-pigrecoemme.jpg?resize=350%2C200&ssl=1","width":350,"height":200,"srcset":"https:\/\/i0.wp.com\/www.pigrecoemme.com\/blog\/wp-content\/uploads\/2009\/10\/1-lucio-allocca-sul-un-set-di-pigrecoemme.jpg?resize=350%2C200&ssl=1 1x, https:\/\/i0.wp.com\/www.pigrecoemme.com\/blog\/wp-content\/uploads\/2009\/10\/1-lucio-allocca-sul-un-set-di-pigrecoemme.jpg?resize=525%2C300&ssl=1 1.5x, https:\/\/i0.wp.com\/www.pigrecoemme.com\/blog\/wp-content\/uploads\/2009\/10\/1-lucio-allocca-sul-un-set-di-pigrecoemme.jpg?resize=700%2C400&ssl=1 2x"},"classes":[]},{"id":3204,"url":"https:\/\/www.pigrecoemme.com\/blog\/situazione-critica-2022-ripartiamo-dalle-sale\/","url_meta":{"origin":266,"position":5},"title":"Situazione critica 2022 \u2013 Ripartiamo dalle sale","author":"Pigrecoemme","date":"27 Settembre 2022","format":false,"excerpt":"Dal 4 ottobre al 9 novembre, 4 film in 4 diverse sale della Campania, presentati da importanti critici e studiosi. Coinvolte anche alcune scuole del territorio campano, Universit\u00e0 e Accademie. Quando Situazione Critica, la manifestazione organizzata dall'Associazione Culturale Porte Invisibili Media, ha avuto inizio, il 5 maggio del 2018, quel\u2026","rel":"","context":"In &quot;Analisi e Critica&quot;","block_context":{"text":"Analisi e Critica","link":"https:\/\/www.pigrecoemme.com\/blog\/analisi-e-critica-2\/"},"img":{"alt_text":"situazione critica ripartiamo dalle sale","src":"https:\/\/i0.wp.com\/www.pigrecoemme.com\/blog\/wp-content\/uploads\/2022\/09\/situazione-critica-ripartiamo-dalle-sale.jpg?resize=350%2C200&ssl=1","width":350,"height":200,"srcset":"https:\/\/i0.wp.com\/www.pigrecoemme.com\/blog\/wp-content\/uploads\/2022\/09\/situazione-critica-ripartiamo-dalle-sale.jpg?resize=350%2C200&ssl=1 1x, https:\/\/i0.wp.com\/www.pigrecoemme.com\/blog\/wp-content\/uploads\/2022\/09\/situazione-critica-ripartiamo-dalle-sale.jpg?resize=525%2C300&ssl=1 1.5x, https:\/\/i0.wp.com\/www.pigrecoemme.com\/blog\/wp-content\/uploads\/2022\/09\/situazione-critica-ripartiamo-dalle-sale.jpg?resize=700%2C400&ssl=1 2x, https:\/\/i0.wp.com\/www.pigrecoemme.com\/blog\/wp-content\/uploads\/2022\/09\/situazione-critica-ripartiamo-dalle-sale.jpg?resize=1050%2C600&ssl=1 3x"},"classes":[]}],"jetpack_featured_media_url":"","_links":{"self":[{"href":"https:\/\/www.pigrecoemme.com\/blog\/wp-json\/wp\/v2\/posts\/266","targetHints":{"allow":["GET"]}}],"collection":[{"href":"https:\/\/www.pigrecoemme.com\/blog\/wp-json\/wp\/v2\/posts"}],"about":[{"href":"https:\/\/www.pigrecoemme.com\/blog\/wp-json\/wp\/v2\/types\/post"}],"author":[{"embeddable":true,"href":"https:\/\/www.pigrecoemme.com\/blog\/wp-json\/wp\/v2\/users\/1"}],"replies":[{"embeddable":true,"href":"https:\/\/www.pigrecoemme.com\/blog\/wp-json\/wp\/v2\/comments?post=266"}],"version-history":[{"count":0,"href":"https:\/\/www.pigrecoemme.com\/blog\/wp-json\/wp\/v2\/posts\/266\/revisions"}],"wp:attachment":[{"href":"https:\/\/www.pigrecoemme.com\/blog\/wp-json\/wp\/v2\/media?parent=266"}],"wp:term":[{"taxonomy":"category","embeddable":true,"href":"https:\/\/www.pigrecoemme.com\/blog\/wp-json\/wp\/v2\/categories?post=266"},{"taxonomy":"post_tag","embeddable":true,"href":"https:\/\/www.pigrecoemme.com\/blog\/wp-json\/wp\/v2\/tags?post=266"}],"curies":[{"name":"wp","href":"https:\/\/api.w.org\/{rel}","templated":true}]}}