{"id":260,"date":"2010-07-12T15:14:09","date_gmt":"2010-07-12T13:14:09","guid":{"rendered":"http:\/\/www.pigrecoemme.com\/blog\/?p=260"},"modified":"2010-07-15T11:47:44","modified_gmt":"2010-07-15T09:47:44","slug":"260","status":"publish","type":"post","link":"https:\/\/www.pigrecoemme.com\/blog\/260\/","title":{"rendered":"Nonna Nonna Core Mio di Letizia Calandra &#8211; un videoclip realizzato dagli allievi di Pigrecoemme 2009\/2010"},"content":{"rendered":"<p>I pi\u00f9 attenti ricorderanno che qualche tempo fa annunciammo le riprese di un videoclip scritto e diretto dagli allievi del nostro corso master, alle prese, nella circostanza, con un&#8217;esercitazione intercorso molto formativa, che li ha messi a lavorare ad un&#8217;opera &#8220;su commissione&#8221; e per di pi\u00f9, trattandosi di videoclip musicale, con dei tempi e dei vincoli ben precisi. Il brano,\u00a0\u201cNonna nonna core mio\u201d \u00e8 interpretato dal Soprano Letizia Calandra,\u00a0scritto per lei dal Maestro Rino Alfieri, con un delicatissimo testo di Salvatore Palomba, uno dei pi\u00f9 grandi poeti della canzone napoletana del secondo Novecento (sue, tra le tante, le parole dell&#8217;indimenticabile \u201cCarmela\u201d di Sergio Bruni).\u00a0Il brano, edito dalla <a href=\"http:\/\/www.bideri.it\/\" target=\"_blank\">Bideri<\/a>, fa parte di \u201cClassico napoletano\u201d, CD che, su un&#8217;impostazione cameristica, intesse una rete di suggestioni e di rimandi in grado di mostrarci quanto ancora sia viva e attuale la forza espressiva della melodia partenopea. Il video \u00e8 stato girato in un suggestivo ostello ricavato da un ex convento cinquecentesco, <a href=\"http:\/\/www.lacontrora.com\/\" target=\"_blank\">la Controra<\/a>, in Piazzetta Trinit\u00e0 alla Cesarea, 231. Non ci resta che augurarvi <a href=\"http:\/\/www.youtube.com\/watch?v=kmZgUrZMOlg&amp;hd=1\">Buona Visione<\/a>.<\/p>\n<p style=\"text-align: center;\">\n<p style=\"text-align: center;\"><object classid=\"clsid:d27cdb6e-ae6d-11cf-96b8-444553540000\" width=\"500\" height=\"304\" codebase=\"http:\/\/download.macromedia.com\/pub\/shockwave\/cabs\/flash\/swflash.cab#version=6,0,40,0\"><param name=\"allowFullScreen\" value=\"true\" \/><param name=\"allowscriptaccess\" value=\"always\" \/><param name=\"src\" value=\"http:\/\/www.youtube.com\/v\/kmZgUrZMOlg&amp;hl=it_IT&amp;fs=1?color1=0xe1600f&amp;color2=0xfebd01&amp;hd=1\" \/><\/object><\/p>\n","protected":false},"excerpt":{"rendered":"<p>I pi\u00f9 attenti ricorderanno che qualche tempo fa annunciammo le riprese di un videoclip scritto e diretto dagli allievi del nostro corso master, alle prese, nella circostanza, con un&#8217;esercitazione intercorso molto formativa, che li&hellip;<\/p>\n","protected":false},"author":2,"featured_media":0,"comment_status":"open","ping_status":"open","sticky":false,"template":"","format":"standard","meta":{"_jetpack_newsletter_access":"","_jetpack_dont_email_post_to_subs":false,"_jetpack_newsletter_tier_id":0,"_jetpack_memberships_contains_paywalled_content":false,"_jetpack_feature_clip_id":0,"_jetpack_memberships_contains_paid_content":false,"footnotes":"","jetpack_post_was_ever_published":false},"categories":[1,12,3],"tags":[342,417,1280,287,86],"class_list":["post-260","post","type-post","status-publish","format-standard","hentry","category-generale","category-produzioni","category-scuola-di-cinema","tag-corso-master","tag-letizia-calandra","tag-scuola-di-cinema","tag-scuola-di-cinema-napoli","tag-videoclip"],"yoast_head":"<!-- This site is optimized with the Yoast SEO plugin v28.3 - https:\/\/yoast.com\/product\/yoast-seo-wordpress\/ -->\n<title>Nonna Nonna Core Mio di Letizia Calandra - un videoclip realizzato dagli allievi di Pigrecoemme 2009\/2010<\/title>\n<meta name=\"robots\" content=\"index, follow, max-snippet:-1, max-image-preview:large, max-video-preview:-1\" \/>\n<link rel=\"canonical\" href=\"https:\/\/www.pigrecoemme.com\/blog\/260\/\" \/>\n<meta property=\"og:locale\" content=\"it_IT\" \/>\n<meta property=\"og:type\" content=\"article\" \/>\n<meta property=\"og:title\" content=\"Nonna Nonna Core Mio di Letizia Calandra - un videoclip realizzato dagli allievi di Pigrecoemme 2009\/2010\" \/>\n<meta property=\"og:description\" content=\"I pi\u00f9 attenti ricorderanno che qualche tempo fa annunciammo le riprese di un videoclip scritto e diretto dagli allievi del nostro corso master, alle prese, nella circostanza, con un&#8217;esercitazione intercorso molto formativa, che li ha messi a lavorare ad un&#8217;opera &hellip; Continue reading &rarr;\" \/>\n<meta property=\"og:url\" content=\"https:\/\/www.pigrecoemme.com\/blog\/260\/\" \/>\n<meta property=\"og:site_name\" content=\"Scuola di Cinema Pigrecoemme - Blog\" \/>\n<meta property=\"article:publisher\" content=\"https:\/\/www.facebook.com\/pigrecoemme\" \/>\n<meta property=\"article:author\" content=\"https:\/\/www.facebook.com\/corrado.morra1\" \/>\n<meta property=\"article:published_time\" content=\"2010-07-12T13:14:09+00:00\" \/>\n<meta property=\"article:modified_time\" content=\"2010-07-15T09:47:44+00:00\" \/>\n<meta property=\"og:image\" content=\"https:\/\/i0.wp.com\/www.pigrecoemme.com\/blog\/wp-content\/uploads\/2014\/11\/pigrecoemme-test1.jpg?fit=484%2C252&ssl=1\" \/>\n\t<meta property=\"og:image:width\" content=\"484\" \/>\n\t<meta property=\"og:image:height\" content=\"252\" \/>\n\t<meta property=\"og:image:type\" content=\"image\/jpeg\" \/>\n<meta name=\"author\" content=\"Corrado Morra\" \/>\n<meta name=\"twitter:card\" content=\"summary_large_image\" \/>\n<meta name=\"twitter:creator\" content=\"@Pigrecoemme\" \/>\n<meta name=\"twitter:site\" content=\"@Pigrecoemme\" \/>\n<meta name=\"twitter:label1\" content=\"Scritto da\" \/>\n\t<meta name=\"twitter:data1\" content=\"Corrado Morra\" \/>\n\t<meta name=\"twitter:label2\" content=\"Tempo di lettura stimato\" \/>\n\t<meta name=\"twitter:data2\" content=\"1 minuto\" \/>\n<script type=\"application\/ld+json\" class=\"yoast-schema-graph\">{\"@context\":\"https:\\\/\\\/schema.org\",\"@graph\":[{\"@type\":[\"Article\",\"BlogPosting\"],\"@id\":\"https:\\\/\\\/www.pigrecoemme.com\\\/blog\\\/260\\\/#article\",\"isPartOf\":{\"@id\":\"https:\\\/\\\/www.pigrecoemme.com\\\/blog\\\/260\\\/\"},\"author\":{\"name\":\"Corrado Morra\",\"@id\":\"https:\\\/\\\/www.pigrecoemme.com\\\/blog\\\/#\\\/schema\\\/person\\\/702764b5ecda4c2f34e82348789f649e\"},\"headline\":\"Nonna Nonna Core Mio di Letizia Calandra &#8211; un videoclip realizzato dagli allievi di Pigrecoemme 2009\\\/2010\",\"datePublished\":\"2010-07-12T13:14:09+00:00\",\"dateModified\":\"2010-07-15T09:47:44+00:00\",\"mainEntityOfPage\":{\"@id\":\"https:\\\/\\\/www.pigrecoemme.com\\\/blog\\\/260\\\/\"},\"wordCount\":191,\"commentCount\":0,\"publisher\":{\"@id\":\"https:\\\/\\\/www.pigrecoemme.com\\\/blog\\\/#organization\"},\"keywords\":[\"corso master\",\"letizia calandra\",\"Scuola di cinema\",\"scuola di cinema napoli\",\"videoclip\"],\"articleSection\":[\"Generale\",\"Produzioni\",\"Scuola di cinema\"],\"inLanguage\":\"it-IT\",\"potentialAction\":[{\"@type\":\"CommentAction\",\"name\":\"Comment\",\"target\":[\"https:\\\/\\\/www.pigrecoemme.com\\\/blog\\\/260\\\/#respond\"]}]},{\"@type\":\"WebPage\",\"@id\":\"https:\\\/\\\/www.pigrecoemme.com\\\/blog\\\/260\\\/\",\"url\":\"https:\\\/\\\/www.pigrecoemme.com\\\/blog\\\/260\\\/\",\"name\":\"Nonna Nonna Core Mio di Letizia Calandra - un videoclip realizzato dagli allievi di Pigrecoemme 2009\\\/2010\",\"isPartOf\":{\"@id\":\"https:\\\/\\\/www.pigrecoemme.com\\\/blog\\\/#website\"},\"datePublished\":\"2010-07-12T13:14:09+00:00\",\"dateModified\":\"2010-07-15T09:47:44+00:00\",\"breadcrumb\":{\"@id\":\"https:\\\/\\\/www.pigrecoemme.com\\\/blog\\\/260\\\/#breadcrumb\"},\"inLanguage\":\"it-IT\",\"potentialAction\":[{\"@type\":\"ReadAction\",\"target\":[\"https:\\\/\\\/www.pigrecoemme.com\\\/blog\\\/260\\\/\"]}]},{\"@type\":\"BreadcrumbList\",\"@id\":\"https:\\\/\\\/www.pigrecoemme.com\\\/blog\\\/260\\\/#breadcrumb\",\"itemListElement\":[{\"@type\":\"ListItem\",\"position\":1,\"name\":\"Home\",\"item\":\"https:\\\/\\\/www.pigrecoemme.com\\\/blog\\\/\"},{\"@type\":\"ListItem\",\"position\":2,\"name\":\"Nonna Nonna Core Mio di Letizia Calandra &#8211; un videoclip realizzato dagli allievi di Pigrecoemme 2009\\\/2010\"}]},{\"@type\":\"WebSite\",\"@id\":\"https:\\\/\\\/www.pigrecoemme.com\\\/blog\\\/#website\",\"url\":\"https:\\\/\\\/www.pigrecoemme.com\\\/blog\\\/\",\"name\":\"Scuola di Cinema Pigrecoemme - Blog\",\"description\":\"Siamo la prima Scuola di Cinema e Fotografia di Napoli\",\"publisher\":{\"@id\":\"https:\\\/\\\/www.pigrecoemme.com\\\/blog\\\/#organization\"},\"potentialAction\":[{\"@type\":\"SearchAction\",\"target\":{\"@type\":\"EntryPoint\",\"urlTemplate\":\"https:\\\/\\\/www.pigrecoemme.com\\\/blog\\\/?s={search_term_string}\"},\"query-input\":{\"@type\":\"PropertyValueSpecification\",\"valueRequired\":true,\"valueName\":\"search_term_string\"}}],\"inLanguage\":\"it-IT\"},{\"@type\":\"Organization\",\"@id\":\"https:\\\/\\\/www.pigrecoemme.com\\\/blog\\\/#organization\",\"name\":\"Scuola di cinema e fotografia Pigrecoemme\",\"url\":\"https:\\\/\\\/www.pigrecoemme.com\\\/blog\\\/\",\"logo\":{\"@type\":\"ImageObject\",\"inLanguage\":\"it-IT\",\"@id\":\"https:\\\/\\\/www.pigrecoemme.com\\\/blog\\\/#\\\/schema\\\/logo\\\/image\\\/\",\"url\":\"https:\\\/\\\/i0.wp.com\\\/www.pigrecoemme.com\\\/blog\\\/wp-content\\\/uploads\\\/2018\\\/06\\\/logo-pigrecoemme-2018.png?fit=500%2C500&ssl=1\",\"contentUrl\":\"https:\\\/\\\/i0.wp.com\\\/www.pigrecoemme.com\\\/blog\\\/wp-content\\\/uploads\\\/2018\\\/06\\\/logo-pigrecoemme-2018.png?fit=500%2C500&ssl=1\",\"width\":500,\"height\":500,\"caption\":\"Scuola di cinema e fotografia Pigrecoemme\"},\"image\":{\"@id\":\"https:\\\/\\\/www.pigrecoemme.com\\\/blog\\\/#\\\/schema\\\/logo\\\/image\\\/\"},\"sameAs\":[\"https:\\\/\\\/www.facebook.com\\\/pigrecoemme\",\"https:\\\/\\\/x.com\\\/Pigrecoemme\",\"https:\\\/\\\/www.instagram.com\\\/pigrecoemme\\\/\",\"https:\\\/\\\/www.linkedin.com\\\/company\\\/pigrecoemme\\\/\",\"https:\\\/\\\/www.youtube.com\\\/pigrecoemme\"]},{\"@type\":\"Person\",\"@id\":\"https:\\\/\\\/www.pigrecoemme.com\\\/blog\\\/#\\\/schema\\\/person\\\/702764b5ecda4c2f34e82348789f649e\",\"name\":\"Corrado Morra\",\"image\":{\"@type\":\"ImageObject\",\"inLanguage\":\"it-IT\",\"@id\":\"https:\\\/\\\/secure.gravatar.com\\\/avatar\\\/f6ce2f6728fbdf920737112fe70682512808577befa2c9c7845c04a8449b8f03?s=96&r=g\",\"url\":\"https:\\\/\\\/secure.gravatar.com\\\/avatar\\\/f6ce2f6728fbdf920737112fe70682512808577befa2c9c7845c04a8449b8f03?s=96&r=g\",\"contentUrl\":\"https:\\\/\\\/secure.gravatar.com\\\/avatar\\\/f6ce2f6728fbdf920737112fe70682512808577befa2c9c7845c04a8449b8f03?s=96&r=g\",\"caption\":\"Corrado Morra\"},\"description\":\"Esperto di arti visive e di cinema, insegna Sceneggiatura alla Scuola di cinema Pigrecoemme di Napoli, di cui \u00e8 tra i fondatori.\",\"sameAs\":[\"http:\\\/\\\/www.pigrecoemme.com\\\/\",\"https:\\\/\\\/www.facebook.com\\\/corrado.morra1\"],\"url\":\"https:\\\/\\\/www.pigrecoemme.com\\\/blog\\\/author\\\/corrado-morra\\\/\"}]}<\/script>\n<!-- \/ Yoast SEO plugin. -->","yoast_head_json":{"title":"Nonna Nonna Core Mio di Letizia Calandra - un videoclip realizzato dagli allievi di Pigrecoemme 2009\/2010","robots":{"index":"index","follow":"follow","max-snippet":"max-snippet:-1","max-image-preview":"max-image-preview:large","max-video-preview":"max-video-preview:-1"},"canonical":"https:\/\/www.pigrecoemme.com\/blog\/260\/","og_locale":"it_IT","og_type":"article","og_title":"Nonna Nonna Core Mio di Letizia Calandra - un videoclip realizzato dagli allievi di Pigrecoemme 2009\/2010","og_description":"I pi\u00f9 attenti ricorderanno che qualche tempo fa annunciammo le riprese di un videoclip scritto e diretto dagli allievi del nostro corso master, alle prese, nella circostanza, con un&#8217;esercitazione intercorso molto formativa, che li ha messi a lavorare ad un&#8217;opera &hellip; Continue reading &rarr;","og_url":"https:\/\/www.pigrecoemme.com\/blog\/260\/","og_site_name":"Scuola di Cinema Pigrecoemme - Blog","article_publisher":"https:\/\/www.facebook.com\/pigrecoemme","article_author":"https:\/\/www.facebook.com\/corrado.morra1","article_published_time":"2010-07-12T13:14:09+00:00","article_modified_time":"2010-07-15T09:47:44+00:00","og_image":[{"width":484,"height":252,"url":"https:\/\/i0.wp.com\/www.pigrecoemme.com\/blog\/wp-content\/uploads\/2014\/11\/pigrecoemme-test1.jpg?fit=484%2C252&ssl=1","type":"image\/jpeg"}],"author":"Corrado Morra","twitter_card":"summary_large_image","twitter_creator":"@Pigrecoemme","twitter_site":"@Pigrecoemme","twitter_misc":{"Scritto da":"Corrado Morra","Tempo di lettura stimato":"1 minuto"},"schema":{"@context":"https:\/\/schema.org","@graph":[{"@type":["Article","BlogPosting"],"@id":"https:\/\/www.pigrecoemme.com\/blog\/260\/#article","isPartOf":{"@id":"https:\/\/www.pigrecoemme.com\/blog\/260\/"},"author":{"name":"Corrado Morra","@id":"https:\/\/www.pigrecoemme.com\/blog\/#\/schema\/person\/702764b5ecda4c2f34e82348789f649e"},"headline":"Nonna Nonna Core Mio di Letizia Calandra &#8211; un videoclip realizzato dagli allievi di Pigrecoemme 2009\/2010","datePublished":"2010-07-12T13:14:09+00:00","dateModified":"2010-07-15T09:47:44+00:00","mainEntityOfPage":{"@id":"https:\/\/www.pigrecoemme.com\/blog\/260\/"},"wordCount":191,"commentCount":0,"publisher":{"@id":"https:\/\/www.pigrecoemme.com\/blog\/#organization"},"keywords":["corso master","letizia calandra","Scuola di cinema","scuola di cinema napoli","videoclip"],"articleSection":["Generale","Produzioni","Scuola di cinema"],"inLanguage":"it-IT","potentialAction":[{"@type":"CommentAction","name":"Comment","target":["https:\/\/www.pigrecoemme.com\/blog\/260\/#respond"]}]},{"@type":"WebPage","@id":"https:\/\/www.pigrecoemme.com\/blog\/260\/","url":"https:\/\/www.pigrecoemme.com\/blog\/260\/","name":"Nonna Nonna Core Mio di Letizia Calandra - un videoclip realizzato dagli allievi di Pigrecoemme 2009\/2010","isPartOf":{"@id":"https:\/\/www.pigrecoemme.com\/blog\/#website"},"datePublished":"2010-07-12T13:14:09+00:00","dateModified":"2010-07-15T09:47:44+00:00","breadcrumb":{"@id":"https:\/\/www.pigrecoemme.com\/blog\/260\/#breadcrumb"},"inLanguage":"it-IT","potentialAction":[{"@type":"ReadAction","target":["https:\/\/www.pigrecoemme.com\/blog\/260\/"]}]},{"@type":"BreadcrumbList","@id":"https:\/\/www.pigrecoemme.com\/blog\/260\/#breadcrumb","itemListElement":[{"@type":"ListItem","position":1,"name":"Home","item":"https:\/\/www.pigrecoemme.com\/blog\/"},{"@type":"ListItem","position":2,"name":"Nonna Nonna Core Mio di Letizia Calandra &#8211; un videoclip realizzato dagli allievi di Pigrecoemme 2009\/2010"}]},{"@type":"WebSite","@id":"https:\/\/www.pigrecoemme.com\/blog\/#website","url":"https:\/\/www.pigrecoemme.com\/blog\/","name":"Scuola di Cinema Pigrecoemme - Blog","description":"Siamo la prima Scuola di Cinema e Fotografia di Napoli","publisher":{"@id":"https:\/\/www.pigrecoemme.com\/blog\/#organization"},"potentialAction":[{"@type":"SearchAction","target":{"@type":"EntryPoint","urlTemplate":"https:\/\/www.pigrecoemme.com\/blog\/?s={search_term_string}"},"query-input":{"@type":"PropertyValueSpecification","valueRequired":true,"valueName":"search_term_string"}}],"inLanguage":"it-IT"},{"@type":"Organization","@id":"https:\/\/www.pigrecoemme.com\/blog\/#organization","name":"Scuola di cinema e fotografia Pigrecoemme","url":"https:\/\/www.pigrecoemme.com\/blog\/","logo":{"@type":"ImageObject","inLanguage":"it-IT","@id":"https:\/\/www.pigrecoemme.com\/blog\/#\/schema\/logo\/image\/","url":"https:\/\/i0.wp.com\/www.pigrecoemme.com\/blog\/wp-content\/uploads\/2018\/06\/logo-pigrecoemme-2018.png?fit=500%2C500&ssl=1","contentUrl":"https:\/\/i0.wp.com\/www.pigrecoemme.com\/blog\/wp-content\/uploads\/2018\/06\/logo-pigrecoemme-2018.png?fit=500%2C500&ssl=1","width":500,"height":500,"caption":"Scuola di cinema e fotografia Pigrecoemme"},"image":{"@id":"https:\/\/www.pigrecoemme.com\/blog\/#\/schema\/logo\/image\/"},"sameAs":["https:\/\/www.facebook.com\/pigrecoemme","https:\/\/x.com\/Pigrecoemme","https:\/\/www.instagram.com\/pigrecoemme\/","https:\/\/www.linkedin.com\/company\/pigrecoemme\/","https:\/\/www.youtube.com\/pigrecoemme"]},{"@type":"Person","@id":"https:\/\/www.pigrecoemme.com\/blog\/#\/schema\/person\/702764b5ecda4c2f34e82348789f649e","name":"Corrado Morra","image":{"@type":"ImageObject","inLanguage":"it-IT","@id":"https:\/\/secure.gravatar.com\/avatar\/f6ce2f6728fbdf920737112fe70682512808577befa2c9c7845c04a8449b8f03?s=96&r=g","url":"https:\/\/secure.gravatar.com\/avatar\/f6ce2f6728fbdf920737112fe70682512808577befa2c9c7845c04a8449b8f03?s=96&r=g","contentUrl":"https:\/\/secure.gravatar.com\/avatar\/f6ce2f6728fbdf920737112fe70682512808577befa2c9c7845c04a8449b8f03?s=96&r=g","caption":"Corrado Morra"},"description":"Esperto di arti visive e di cinema, insegna Sceneggiatura alla Scuola di cinema Pigrecoemme di Napoli, di cui \u00e8 tra i fondatori.","sameAs":["http:\/\/www.pigrecoemme.com\/","https:\/\/www.facebook.com\/corrado.morra1"],"url":"https:\/\/www.pigrecoemme.com\/blog\/author\/corrado-morra\/"}]}},"jetpack_sharing_enabled":true,"jetpack_likes_enabled":true,"jetpack-related-posts":[{"id":413,"url":"https:\/\/www.pigrecoemme.com\/blog\/satanism-for-dummies-episodio-pilota\/","url_meta":{"origin":260,"position":0},"title":"Satanism for Dummies &#8211; Episodio pilota","author":"Giacomo Fabbrocino","date":"2 Ottobre 2011","format":false,"excerpt":"Anticipato surrettiziamente dal videoclip del cantante neomelodico satanista Jo Monaciello, ecco il pilota della web series \"Satanism for Dummies\", realizzato dagli allievi del corso master 2010\/2011 ed interpretato dagli allievi del corso di recitazione cinematografica. https:\/\/youtu.be\/dxwiUv4Fnlo Gli allievi hanno curato la produzione dal soggetto al montaggio, passando per il location\u2026","rel":"","context":"In &quot;Generale&quot;","block_context":{"text":"Generale","link":"https:\/\/www.pigrecoemme.com\/blog\/generale\/"},"img":{"alt_text":"","src":"","width":0,"height":0},"classes":[]},{"id":408,"url":"https:\/\/www.pigrecoemme.com\/blog\/la-verita-su-jo-monaciello-satanism-for-dummies-la-web-series\/","url_meta":{"origin":260,"position":1},"title":"la verit\u00e0 su Jo Monaciello: Satanism for Dummies, la web series.","author":"Giacomo Fabbrocino","date":"24 Settembre 2011","format":false,"excerpt":"Da agosto ha iniziato a girare sulle bacheche di Facebook uno strano videoclip di un ancor pi\u00f9 strano sedicente \"cantante neomelodico satanista\": Jo Monaciello. Il brano \"Zolfo e cioccolato\", fondatore dell'improponibile genere blackster neomelodico, \u00e8 stato proposto anche da alcuni seguitissimi e rispettati blog italiani che hanno contribuito ad espanderne\u2026","rel":"","context":"In &quot;Generale&quot;","block_context":{"text":"Generale","link":"https:\/\/www.pigrecoemme.com\/blog\/generale\/"},"img":{"alt_text":"","src":"https:\/\/i0.wp.com\/img.youtube.com\/vi\/A4WCyAFQDM0\/0.jpg?resize=350%2C200","width":350,"height":200},"classes":[]},{"id":1905,"url":"https:\/\/www.pigrecoemme.com\/blog\/massimiliano-virgilio-docente-sceneggiatura\/","url_meta":{"origin":260,"position":2},"title":"Massimiliano Virgilio nuovo docente di sceneggiatura alla Pigrecoemme","author":"Pigrecoemme","date":"24 Giugno 2017","format":false,"excerpt":"\u00a0 Per l\u2019anno didattico 2017 \/ 2018 il docente di sceneggiatura alla Pigrecoemme\u00a0(anche per il corso Master e per il corso Filmmaker) sar\u00e0 Massimiliano Virgilio, uno dei pi\u00f9 noti e riconosciuti scrittori della sua generazione, che da sempre si dedica anche al cinema e alla sceneggiatura. \u00c8 un \u201cannuncio\u201d questo\u2026","rel":"","context":"In &quot;Generale&quot;","block_context":{"text":"Generale","link":"https:\/\/www.pigrecoemme.com\/blog\/generale\/"},"img":{"alt_text":"Massimiliano Virgilio - docente di sceneggiatura alla Pigrecoemme","src":"https:\/\/i0.wp.com\/www.pigrecoemme.com\/blog\/wp-content\/uploads\/2017\/06\/massimiliano-virgilio.jpg?resize=350%2C200","width":350,"height":200,"srcset":"https:\/\/i0.wp.com\/www.pigrecoemme.com\/blog\/wp-content\/uploads\/2017\/06\/massimiliano-virgilio.jpg?resize=350%2C200 1x, https:\/\/i0.wp.com\/www.pigrecoemme.com\/blog\/wp-content\/uploads\/2017\/06\/massimiliano-virgilio.jpg?resize=525%2C300 1.5x"},"classes":[]},{"id":86,"url":"https:\/\/www.pigrecoemme.com\/blog\/successo-a-stoccolma-per-un-passo-indietro-il-corto-realizzato-dagli-allievi-del-corso-master-20072008\/","url_meta":{"origin":260,"position":3},"title":"Successo a Stoccolma per &#8216;Un passo indietro&#8217;, il corto realizzato dagli allievi del corso master 2007\/2008","author":"Giacomo Fabbrocino","date":"3 Ottobre 2008","format":false,"excerpt":"E' stato pubblicato oggi dal quotidiano Roma un articolo a piena pagina sulla presentazione, avvenuta due giorni fa al Festival del Cinema Italiano di Stoccolma, di \"Un passo indietro\", il cortometraggio realizzato dai partecipanti al corso master 2007\/2008 della Scuola di cinema Pigrecoemme. Il nostro allievo Marco Pugliese, che del\u2026","rel":"","context":"In &quot;Produzioni&quot;","block_context":{"text":"Produzioni","link":"https:\/\/www.pigrecoemme.com\/blog\/produzioni\/"},"img":{"alt_text":"","src":"https:\/\/i0.wp.com\/www.pigrecoemme.com\/blog\/wp-content\/uploads\/2008\/10\/articolomarco-pugliese-stoccolma-150x150.jpg?resize=350%2C200","width":350,"height":200},"classes":[]},{"id":688,"url":"https:\/\/www.pigrecoemme.com\/blog\/pigrecoemme-al-napoli-film-festival-2013\/","url_meta":{"origin":260,"position":4},"title":"Pigrecoemme al Napoli Film Festival 2013","author":"Giacomo Fabbrocino","date":"4 Settembre 2013","format":false,"excerpt":"Anche quest'anno, al Napoli Film Festival, \u00e8 di tutto rispetto la presenza di nostri ex allievi e di produzioni che ci vedono a vario titolo coinvolti. Il documentario Ero un Re di Antonio Longo, gi\u00e0 premiato due anni fa al festival partenopeo per Midnight Bingo, \u00e8 in concorso nella sezione\u00a0SchermoNapoli\u2026","rel":"","context":"In &quot;Eventi&quot;","block_context":{"text":"Eventi","link":"https:\/\/www.pigrecoemme.com\/blog\/eventi\/"},"img":{"alt_text":"","src":"https:\/\/i0.wp.com\/www.pigrecoemme.com\/blog\/wp-content\/uploads\/2013\/09\/napoli-film-festival-2013.jpg?resize=350%2C200","width":350,"height":200},"classes":[]},{"id":56,"url":"https:\/\/www.pigrecoemme.com\/blog\/megaris-e-piccola-asia-mercoledi-al-lanificio-25\/","url_meta":{"origin":260,"position":5},"title":"Megaris e Piccola Asia mercoled\u00ec al Lanificio 25","author":"Giacomo Fabbrocino","date":"3 Giugno 2008","format":false,"excerpt":"Vi avevamo gi\u00e0 parlato di \"Piccola Asia\" e di \"Megaris\", due corti diretti dai due nostri ex allievi Paolo Letizia e Guglielmo D'Aniello. Dopo la triennale di Milano i due lavori saranno presentati anche al pubblico napoletano mercoled\u00ec 4 giugno alle ore 21:00, in occasione del tradizionale contenitore settimanale \"Pagina\u2026","rel":"","context":"In &quot;Eventi&quot;","block_context":{"text":"Eventi","link":"https:\/\/www.pigrecoemme.com\/blog\/eventi\/"},"img":{"alt_text":"","src":"","width":0,"height":0},"classes":[]}],"jetpack_featured_media_url":"","_links":{"self":[{"href":"https:\/\/www.pigrecoemme.com\/blog\/wp-json\/wp\/v2\/posts\/260","targetHints":{"allow":["GET"]}}],"collection":[{"href":"https:\/\/www.pigrecoemme.com\/blog\/wp-json\/wp\/v2\/posts"}],"about":[{"href":"https:\/\/www.pigrecoemme.com\/blog\/wp-json\/wp\/v2\/types\/post"}],"author":[{"embeddable":true,"href":"https:\/\/www.pigrecoemme.com\/blog\/wp-json\/wp\/v2\/users\/2"}],"replies":[{"embeddable":true,"href":"https:\/\/www.pigrecoemme.com\/blog\/wp-json\/wp\/v2\/comments?post=260"}],"version-history":[{"count":0,"href":"https:\/\/www.pigrecoemme.com\/blog\/wp-json\/wp\/v2\/posts\/260\/revisions"}],"wp:attachment":[{"href":"https:\/\/www.pigrecoemme.com\/blog\/wp-json\/wp\/v2\/media?parent=260"}],"wp:term":[{"taxonomy":"category","embeddable":true,"href":"https:\/\/www.pigrecoemme.com\/blog\/wp-json\/wp\/v2\/categories?post=260"},{"taxonomy":"post_tag","embeddable":true,"href":"https:\/\/www.pigrecoemme.com\/blog\/wp-json\/wp\/v2\/tags?post=260"}],"curies":[{"name":"wp","href":"https:\/\/api.w.org\/{rel}","templated":true}]}}