{"id":251,"date":"2010-06-27T12:34:35","date_gmt":"2010-06-27T10:34:35","guid":{"rendered":"http:\/\/www.pigrecoemme.com\/blog\/?p=251"},"modified":"2010-06-27T13:45:25","modified_gmt":"2010-06-27T11:45:25","slug":"in-prima-pagina","status":"publish","type":"post","link":"https:\/\/www.pigrecoemme.com\/blog\/in-prima-pagina\/","title":{"rendered":"In prima pagina!"},"content":{"rendered":"<p><a href=\"https:\/\/i0.wp.com\/www.pigrecoemme.com\/blog\/wp-content\/uploads\/2010\/06\/prima-pagina1.gif?ssl=1\"><img data-recalc-dims=\"1\" loading=\"lazy\" decoding=\"async\" class=\"alignleft size-full wp-image-253\" title=\"prima-pagina1\" src=\"https:\/\/i0.wp.com\/www.pigrecoemme.com\/blog\/wp-content\/uploads\/2010\/06\/prima-pagina1.gif?resize=350%2C484&#038;ssl=1\" alt=\"\" width=\"350\" height=\"484\" srcset=\"https:\/\/i0.wp.com\/www.pigrecoemme.com\/blog\/wp-content\/uploads\/2010\/06\/prima-pagina1.gif?w=350&amp;ssl=1 350w, https:\/\/i0.wp.com\/www.pigrecoemme.com\/blog\/wp-content\/uploads\/2010\/06\/prima-pagina1.gif?resize=216%2C300&amp;ssl=1 216w\" sizes=\"auto, (max-width: 350px) 100vw, 350px\" \/><\/a>Con una forma che si trascina dietro di s\u00e9 pi\u00f9 di un&#8217;oncia di pura retorica, in casi come questi si dice pi\u00f9 o meno cos\u00ec: &#8220;E&#8217; con grande piacere che&#8230;&#8221; Poi c&#8217;\u00e8 pure la variante di cuore: &#8220;E&#8217; con vivo orgoglio che&#8230;&#8221; Ma, mettetela come volete, la notizia \u00e8 di quelle che ci fanno veramente piacere, punto e basta. Di che cosa parliamo? Di una prima pagina, quella dello scorso 23 giugno, di un quotidiano che  da sempre guardiamo con grande attenzione e affetto: <a href=\"http:\/\/www.ilmanifesto.it\">il manifesto<\/a>. Il giornale, quel giorno, ha aperto sulla scontata vittoria dei s\u00ec al referendum sull&#8217;accordo separato tra Fiat e operai, dopo la risposta negativa della Fiom. Insomma, una cosa serissima e dura da mandare gi\u00f9. Ma, allora, direte voi, qual \u00e8 la notizia che ci avrebbe fatto tanto piacere? Nel suo piccolo, questa: la foto in prima pagina \u00e8 stata scattata nella fabbrica di Pomigliano da <strong>Luigi Fedullo<\/strong>, allievo del <a href=\"http:\/\/www.pigrecoemme.com\/corso-fotografia\/corso-di-fotogiornalismo-reportage-napoli.htm\">corso di Fotogiornalismo di Pigrecoemme<\/a>, a cura di <a href=\"https:\/\/www.pigrecoemme.com\/blog\/corso-di-fotogiornalismo-gianni-pinnizzotto-al-tg5\/\">Gianni Pinnizzotto<\/a>, che giusto oggi chiude le lezioni in aula per concentrarsi sulla fase finale del corso, uno stage presso l&#8217;agenzia fotogiornalistica <a href=\"http:\/\/www.graffitipress.it\">Graffiti Press<\/a> di Roma. Ed \u00e8 cos\u00ec che \u00e8 stato possibile, grazie all&#8217;ottimo lavoro che Luigi sta facendo da tempo e alla mediazione della Graffiti, che anche un giovane fotoreporter, da poco affacciatosi alla professione, abbia potuto raggiungere risultati decisamente interessanti. In fondo, \u00e8 quello che ci eravamo prefissi mesi fa quando, con Luca Sorbo, curatore dei <a href=\"http:\/\/www.pigrecoemme.com\/corso-fotografia\/corso-di-fotografia-2.htm\">corsi di Fotografia di Pigrecoemme<\/a>, ci eravamo immaginati l&#8217;organizzazione del corso di Fotogiornalismo: fornire, anche qui a Napoli, agli appassionati e a coloro che volessero intraprendere un percorso di formazione sull&#8217;affascinante e complesso mondo del fotoreporter, un&#8217;esperienza che tenesse insieme gli aspetti teorici e storici della professione insieme a quelli pratici, col necessario confronto, cio\u00e8, con il mercato giornalistico e la pratica del lavoro sul campo. Anche la prima pagina del manifesto con quello scatto cos\u00ec eloquente (di per s\u00e9, un microracconto con quegli operai immortalati mentre sembrano passare il giogo umiliante di novelle Forche Caudine) e preciso di Luigi Fedullo, ci dicono forse che la strada che abbiamo intrapreso \u00e8 quella giusta. Da qui, come dicevamo all&#8217;inizio, la forma di rito, che, se permette, retorica a parte, resta legittimamente questa: &#8220;E&#8217; con grande piacere che&#8230;&#8221;<\/p>\n","protected":false},"excerpt":{"rendered":"<p>Con una forma che si trascina dietro di s\u00e9 pi\u00f9 di un&#8217;oncia di pura retorica, in casi come questi si dice pi\u00f9 o meno cos\u00ec: &#8220;E&#8217; con grande piacere che&#8230;&#8221; Poi c&#8217;\u00e8 pure la&hellip;<\/p>\n","protected":false},"author":2,"featured_media":0,"comment_status":"open","ping_status":"open","sticky":false,"template":"","format":"standard","meta":{"_jetpack_newsletter_access":"","_jetpack_dont_email_post_to_subs":false,"_jetpack_newsletter_tier_id":0,"_jetpack_memberships_contains_paywalled_content":false,"_jetpack_feature_clip_id":0,"_jetpack_memberships_contains_paid_content":false,"footnotes":"","jetpack_post_was_ever_published":false},"categories":[21,1],"tags":[74,366,416,27,411,414,415,376,365,410,69,412,413,409],"class_list":["post-251","post","type-post","status-publish","format-standard","hentry","category-fotografia","category-generale","tag-corsi-di-fotografia","tag-corso-di-fotogiornalismo","tag-corso-di-fotoreportage","tag-ex-allievi-di-pigrecoemme","tag-fiom","tag-fotoreportage","tag-fotoreporter","tag-gianni-pinnizzotto","tag-graffiti-press","tag-il-manifesto","tag-luca-sorbo","tag-luigi-fedullo","tag-pigrecomme","tag-pomigliano"],"yoast_head":"<!-- This site is optimized with the Yoast SEO plugin v28.3 - https:\/\/yoast.com\/product\/yoast-seo-wordpress\/ -->\n<title>In prima pagina!<\/title>\n<meta name=\"robots\" content=\"index, follow, max-snippet:-1, max-image-preview:large, max-video-preview:-1\" \/>\n<link rel=\"canonical\" href=\"https:\/\/www.pigrecoemme.com\/blog\/in-prima-pagina\/\" \/>\n<meta property=\"og:locale\" content=\"it_IT\" \/>\n<meta property=\"og:type\" content=\"article\" \/>\n<meta property=\"og:title\" content=\"In prima pagina!\" \/>\n<meta property=\"og:description\" content=\"Scuola di Cinema, Televisione e Fotografia - Napoli\" \/>\n<meta property=\"og:url\" content=\"https:\/\/www.pigrecoemme.com\/blog\/in-prima-pagina\/\" \/>\n<meta property=\"og:site_name\" content=\"Scuola di Cinema Pigrecoemme - Blog\" \/>\n<meta property=\"article:publisher\" content=\"https:\/\/www.facebook.com\/pigrecoemme\" \/>\n<meta property=\"article:author\" content=\"https:\/\/www.facebook.com\/corrado.morra1\" \/>\n<meta property=\"article:published_time\" content=\"2010-06-27T10:34:35+00:00\" \/>\n<meta property=\"article:modified_time\" content=\"2010-06-27T11:45:25+00:00\" \/>\n<meta property=\"og:image\" content=\"http:\/\/www.pigrecoemme.com\/blog\/wp-content\/uploads\/2010\/06\/prima-pagina1.gif\" \/>\n<meta name=\"author\" content=\"Corrado Morra\" \/>\n<meta name=\"twitter:card\" content=\"summary_large_image\" \/>\n<meta name=\"twitter:creator\" content=\"@Pigrecoemme\" \/>\n<meta name=\"twitter:site\" content=\"@Pigrecoemme\" \/>\n<meta name=\"twitter:label1\" content=\"Scritto da\" \/>\n\t<meta name=\"twitter:data1\" content=\"Corrado Morra\" \/>\n\t<meta name=\"twitter:label2\" content=\"Tempo di lettura stimato\" \/>\n\t<meta name=\"twitter:data2\" content=\"2 minuti\" \/>\n<script type=\"application\/ld+json\" class=\"yoast-schema-graph\">{\"@context\":\"https:\\\/\\\/schema.org\",\"@graph\":[{\"@type\":[\"Article\",\"BlogPosting\"],\"@id\":\"https:\\\/\\\/www.pigrecoemme.com\\\/blog\\\/in-prima-pagina\\\/#article\",\"isPartOf\":{\"@id\":\"https:\\\/\\\/www.pigrecoemme.com\\\/blog\\\/in-prima-pagina\\\/\"},\"author\":{\"name\":\"Corrado Morra\",\"@id\":\"https:\\\/\\\/www.pigrecoemme.com\\\/blog\\\/#\\\/schema\\\/person\\\/702764b5ecda4c2f34e82348789f649e\"},\"headline\":\"In prima pagina!\",\"datePublished\":\"2010-06-27T10:34:35+00:00\",\"dateModified\":\"2010-06-27T11:45:25+00:00\",\"mainEntityOfPage\":{\"@id\":\"https:\\\/\\\/www.pigrecoemme.com\\\/blog\\\/in-prima-pagina\\\/\"},\"wordCount\":381,\"commentCount\":0,\"publisher\":{\"@id\":\"https:\\\/\\\/www.pigrecoemme.com\\\/blog\\\/#organization\"},\"image\":{\"@id\":\"https:\\\/\\\/www.pigrecoemme.com\\\/blog\\\/in-prima-pagina\\\/#primaryimage\"},\"thumbnailUrl\":\"http:\\\/\\\/www.pigrecoemme.com\\\/blog\\\/wp-content\\\/uploads\\\/2010\\\/06\\\/prima-pagina1.gif\",\"keywords\":[\"corsi di fotografia\",\"corso di fotogiornalismo\",\"corso di Fotoreportage\",\"ex allievi di pigrecoemme\",\"fiom\",\"fotoreportage\",\"fotoreporter\",\"gianni pinnizzotto\",\"graffiti press\",\"il manifesto\",\"luca sorbo\",\"luigi fedullo\",\"pigrecomme\",\"pomigliano\"],\"articleSection\":[\"Fotografia\",\"Generale\"],\"inLanguage\":\"it-IT\",\"potentialAction\":[{\"@type\":\"CommentAction\",\"name\":\"Comment\",\"target\":[\"https:\\\/\\\/www.pigrecoemme.com\\\/blog\\\/in-prima-pagina\\\/#respond\"]}]},{\"@type\":\"WebPage\",\"@id\":\"https:\\\/\\\/www.pigrecoemme.com\\\/blog\\\/in-prima-pagina\\\/\",\"url\":\"https:\\\/\\\/www.pigrecoemme.com\\\/blog\\\/in-prima-pagina\\\/\",\"name\":\"In prima pagina!\",\"isPartOf\":{\"@id\":\"https:\\\/\\\/www.pigrecoemme.com\\\/blog\\\/#website\"},\"primaryImageOfPage\":{\"@id\":\"https:\\\/\\\/www.pigrecoemme.com\\\/blog\\\/in-prima-pagina\\\/#primaryimage\"},\"image\":{\"@id\":\"https:\\\/\\\/www.pigrecoemme.com\\\/blog\\\/in-prima-pagina\\\/#primaryimage\"},\"thumbnailUrl\":\"http:\\\/\\\/www.pigrecoemme.com\\\/blog\\\/wp-content\\\/uploads\\\/2010\\\/06\\\/prima-pagina1.gif\",\"datePublished\":\"2010-06-27T10:34:35+00:00\",\"dateModified\":\"2010-06-27T11:45:25+00:00\",\"breadcrumb\":{\"@id\":\"https:\\\/\\\/www.pigrecoemme.com\\\/blog\\\/in-prima-pagina\\\/#breadcrumb\"},\"inLanguage\":\"it-IT\",\"potentialAction\":[{\"@type\":\"ReadAction\",\"target\":[\"https:\\\/\\\/www.pigrecoemme.com\\\/blog\\\/in-prima-pagina\\\/\"]}]},{\"@type\":\"ImageObject\",\"inLanguage\":\"it-IT\",\"@id\":\"https:\\\/\\\/www.pigrecoemme.com\\\/blog\\\/in-prima-pagina\\\/#primaryimage\",\"url\":\"http:\\\/\\\/www.pigrecoemme.com\\\/blog\\\/wp-content\\\/uploads\\\/2010\\\/06\\\/prima-pagina1.gif\",\"contentUrl\":\"http:\\\/\\\/www.pigrecoemme.com\\\/blog\\\/wp-content\\\/uploads\\\/2010\\\/06\\\/prima-pagina1.gif\"},{\"@type\":\"BreadcrumbList\",\"@id\":\"https:\\\/\\\/www.pigrecoemme.com\\\/blog\\\/in-prima-pagina\\\/#breadcrumb\",\"itemListElement\":[{\"@type\":\"ListItem\",\"position\":1,\"name\":\"Home\",\"item\":\"https:\\\/\\\/www.pigrecoemme.com\\\/blog\\\/\"},{\"@type\":\"ListItem\",\"position\":2,\"name\":\"In prima pagina!\"}]},{\"@type\":\"WebSite\",\"@id\":\"https:\\\/\\\/www.pigrecoemme.com\\\/blog\\\/#website\",\"url\":\"https:\\\/\\\/www.pigrecoemme.com\\\/blog\\\/\",\"name\":\"Scuola di Cinema Pigrecoemme - Blog\",\"description\":\"Siamo la prima Scuola di Cinema e Fotografia di Napoli\",\"publisher\":{\"@id\":\"https:\\\/\\\/www.pigrecoemme.com\\\/blog\\\/#organization\"},\"potentialAction\":[{\"@type\":\"SearchAction\",\"target\":{\"@type\":\"EntryPoint\",\"urlTemplate\":\"https:\\\/\\\/www.pigrecoemme.com\\\/blog\\\/?s={search_term_string}\"},\"query-input\":{\"@type\":\"PropertyValueSpecification\",\"valueRequired\":true,\"valueName\":\"search_term_string\"}}],\"inLanguage\":\"it-IT\"},{\"@type\":\"Organization\",\"@id\":\"https:\\\/\\\/www.pigrecoemme.com\\\/blog\\\/#organization\",\"name\":\"Scuola di cinema e fotografia Pigrecoemme\",\"url\":\"https:\\\/\\\/www.pigrecoemme.com\\\/blog\\\/\",\"logo\":{\"@type\":\"ImageObject\",\"inLanguage\":\"it-IT\",\"@id\":\"https:\\\/\\\/www.pigrecoemme.com\\\/blog\\\/#\\\/schema\\\/logo\\\/image\\\/\",\"url\":\"https:\\\/\\\/i0.wp.com\\\/www.pigrecoemme.com\\\/blog\\\/wp-content\\\/uploads\\\/2018\\\/06\\\/logo-pigrecoemme-2018.png?fit=500%2C500&ssl=1\",\"contentUrl\":\"https:\\\/\\\/i0.wp.com\\\/www.pigrecoemme.com\\\/blog\\\/wp-content\\\/uploads\\\/2018\\\/06\\\/logo-pigrecoemme-2018.png?fit=500%2C500&ssl=1\",\"width\":500,\"height\":500,\"caption\":\"Scuola di cinema e fotografia Pigrecoemme\"},\"image\":{\"@id\":\"https:\\\/\\\/www.pigrecoemme.com\\\/blog\\\/#\\\/schema\\\/logo\\\/image\\\/\"},\"sameAs\":[\"https:\\\/\\\/www.facebook.com\\\/pigrecoemme\",\"https:\\\/\\\/x.com\\\/Pigrecoemme\",\"https:\\\/\\\/www.instagram.com\\\/pigrecoemme\\\/\",\"https:\\\/\\\/www.linkedin.com\\\/company\\\/pigrecoemme\\\/\",\"https:\\\/\\\/www.youtube.com\\\/pigrecoemme\"]},{\"@type\":\"Person\",\"@id\":\"https:\\\/\\\/www.pigrecoemme.com\\\/blog\\\/#\\\/schema\\\/person\\\/702764b5ecda4c2f34e82348789f649e\",\"name\":\"Corrado Morra\",\"image\":{\"@type\":\"ImageObject\",\"inLanguage\":\"it-IT\",\"@id\":\"https:\\\/\\\/secure.gravatar.com\\\/avatar\\\/f6ce2f6728fbdf920737112fe70682512808577befa2c9c7845c04a8449b8f03?s=96&r=g\",\"url\":\"https:\\\/\\\/secure.gravatar.com\\\/avatar\\\/f6ce2f6728fbdf920737112fe70682512808577befa2c9c7845c04a8449b8f03?s=96&r=g\",\"contentUrl\":\"https:\\\/\\\/secure.gravatar.com\\\/avatar\\\/f6ce2f6728fbdf920737112fe70682512808577befa2c9c7845c04a8449b8f03?s=96&r=g\",\"caption\":\"Corrado Morra\"},\"description\":\"Esperto di arti visive e di cinema, insegna Sceneggiatura alla Scuola di cinema Pigrecoemme di Napoli, di cui \u00e8 tra i fondatori.\",\"sameAs\":[\"http:\\\/\\\/www.pigrecoemme.com\\\/\",\"https:\\\/\\\/www.facebook.com\\\/corrado.morra1\"],\"url\":\"https:\\\/\\\/www.pigrecoemme.com\\\/blog\\\/author\\\/corrado-morra\\\/\"}]}<\/script>\n<!-- \/ Yoast SEO plugin. -->","yoast_head_json":{"title":"In prima pagina!","robots":{"index":"index","follow":"follow","max-snippet":"max-snippet:-1","max-image-preview":"max-image-preview:large","max-video-preview":"max-video-preview:-1"},"canonical":"https:\/\/www.pigrecoemme.com\/blog\/in-prima-pagina\/","og_locale":"it_IT","og_type":"article","og_title":"In prima pagina!","og_description":"Scuola di Cinema, Televisione e Fotografia - Napoli","og_url":"https:\/\/www.pigrecoemme.com\/blog\/in-prima-pagina\/","og_site_name":"Scuola di Cinema Pigrecoemme - Blog","article_publisher":"https:\/\/www.facebook.com\/pigrecoemme","article_author":"https:\/\/www.facebook.com\/corrado.morra1","article_published_time":"2010-06-27T10:34:35+00:00","article_modified_time":"2010-06-27T11:45:25+00:00","og_image":[{"url":"http:\/\/www.pigrecoemme.com\/blog\/wp-content\/uploads\/2010\/06\/prima-pagina1.gif","type":"","width":"","height":""}],"author":"Corrado Morra","twitter_card":"summary_large_image","twitter_creator":"@Pigrecoemme","twitter_site":"@Pigrecoemme","twitter_misc":{"Scritto da":"Corrado Morra","Tempo di lettura stimato":"2 minuti"},"schema":{"@context":"https:\/\/schema.org","@graph":[{"@type":["Article","BlogPosting"],"@id":"https:\/\/www.pigrecoemme.com\/blog\/in-prima-pagina\/#article","isPartOf":{"@id":"https:\/\/www.pigrecoemme.com\/blog\/in-prima-pagina\/"},"author":{"name":"Corrado Morra","@id":"https:\/\/www.pigrecoemme.com\/blog\/#\/schema\/person\/702764b5ecda4c2f34e82348789f649e"},"headline":"In prima pagina!","datePublished":"2010-06-27T10:34:35+00:00","dateModified":"2010-06-27T11:45:25+00:00","mainEntityOfPage":{"@id":"https:\/\/www.pigrecoemme.com\/blog\/in-prima-pagina\/"},"wordCount":381,"commentCount":0,"publisher":{"@id":"https:\/\/www.pigrecoemme.com\/blog\/#organization"},"image":{"@id":"https:\/\/www.pigrecoemme.com\/blog\/in-prima-pagina\/#primaryimage"},"thumbnailUrl":"http:\/\/www.pigrecoemme.com\/blog\/wp-content\/uploads\/2010\/06\/prima-pagina1.gif","keywords":["corsi di fotografia","corso di fotogiornalismo","corso di Fotoreportage","ex allievi di pigrecoemme","fiom","fotoreportage","fotoreporter","gianni pinnizzotto","graffiti press","il manifesto","luca sorbo","luigi fedullo","pigrecomme","pomigliano"],"articleSection":["Fotografia","Generale"],"inLanguage":"it-IT","potentialAction":[{"@type":"CommentAction","name":"Comment","target":["https:\/\/www.pigrecoemme.com\/blog\/in-prima-pagina\/#respond"]}]},{"@type":"WebPage","@id":"https:\/\/www.pigrecoemme.com\/blog\/in-prima-pagina\/","url":"https:\/\/www.pigrecoemme.com\/blog\/in-prima-pagina\/","name":"In prima pagina!","isPartOf":{"@id":"https:\/\/www.pigrecoemme.com\/blog\/#website"},"primaryImageOfPage":{"@id":"https:\/\/www.pigrecoemme.com\/blog\/in-prima-pagina\/#primaryimage"},"image":{"@id":"https:\/\/www.pigrecoemme.com\/blog\/in-prima-pagina\/#primaryimage"},"thumbnailUrl":"http:\/\/www.pigrecoemme.com\/blog\/wp-content\/uploads\/2010\/06\/prima-pagina1.gif","datePublished":"2010-06-27T10:34:35+00:00","dateModified":"2010-06-27T11:45:25+00:00","breadcrumb":{"@id":"https:\/\/www.pigrecoemme.com\/blog\/in-prima-pagina\/#breadcrumb"},"inLanguage":"it-IT","potentialAction":[{"@type":"ReadAction","target":["https:\/\/www.pigrecoemme.com\/blog\/in-prima-pagina\/"]}]},{"@type":"ImageObject","inLanguage":"it-IT","@id":"https:\/\/www.pigrecoemme.com\/blog\/in-prima-pagina\/#primaryimage","url":"http:\/\/www.pigrecoemme.com\/blog\/wp-content\/uploads\/2010\/06\/prima-pagina1.gif","contentUrl":"http:\/\/www.pigrecoemme.com\/blog\/wp-content\/uploads\/2010\/06\/prima-pagina1.gif"},{"@type":"BreadcrumbList","@id":"https:\/\/www.pigrecoemme.com\/blog\/in-prima-pagina\/#breadcrumb","itemListElement":[{"@type":"ListItem","position":1,"name":"Home","item":"https:\/\/www.pigrecoemme.com\/blog\/"},{"@type":"ListItem","position":2,"name":"In prima pagina!"}]},{"@type":"WebSite","@id":"https:\/\/www.pigrecoemme.com\/blog\/#website","url":"https:\/\/www.pigrecoemme.com\/blog\/","name":"Scuola di Cinema Pigrecoemme - Blog","description":"Siamo la prima Scuola di Cinema e Fotografia di Napoli","publisher":{"@id":"https:\/\/www.pigrecoemme.com\/blog\/#organization"},"potentialAction":[{"@type":"SearchAction","target":{"@type":"EntryPoint","urlTemplate":"https:\/\/www.pigrecoemme.com\/blog\/?s={search_term_string}"},"query-input":{"@type":"PropertyValueSpecification","valueRequired":true,"valueName":"search_term_string"}}],"inLanguage":"it-IT"},{"@type":"Organization","@id":"https:\/\/www.pigrecoemme.com\/blog\/#organization","name":"Scuola di cinema e fotografia Pigrecoemme","url":"https:\/\/www.pigrecoemme.com\/blog\/","logo":{"@type":"ImageObject","inLanguage":"it-IT","@id":"https:\/\/www.pigrecoemme.com\/blog\/#\/schema\/logo\/image\/","url":"https:\/\/i0.wp.com\/www.pigrecoemme.com\/blog\/wp-content\/uploads\/2018\/06\/logo-pigrecoemme-2018.png?fit=500%2C500&ssl=1","contentUrl":"https:\/\/i0.wp.com\/www.pigrecoemme.com\/blog\/wp-content\/uploads\/2018\/06\/logo-pigrecoemme-2018.png?fit=500%2C500&ssl=1","width":500,"height":500,"caption":"Scuola di cinema e fotografia Pigrecoemme"},"image":{"@id":"https:\/\/www.pigrecoemme.com\/blog\/#\/schema\/logo\/image\/"},"sameAs":["https:\/\/www.facebook.com\/pigrecoemme","https:\/\/x.com\/Pigrecoemme","https:\/\/www.instagram.com\/pigrecoemme\/","https:\/\/www.linkedin.com\/company\/pigrecoemme\/","https:\/\/www.youtube.com\/pigrecoemme"]},{"@type":"Person","@id":"https:\/\/www.pigrecoemme.com\/blog\/#\/schema\/person\/702764b5ecda4c2f34e82348789f649e","name":"Corrado Morra","image":{"@type":"ImageObject","inLanguage":"it-IT","@id":"https:\/\/secure.gravatar.com\/avatar\/f6ce2f6728fbdf920737112fe70682512808577befa2c9c7845c04a8449b8f03?s=96&r=g","url":"https:\/\/secure.gravatar.com\/avatar\/f6ce2f6728fbdf920737112fe70682512808577befa2c9c7845c04a8449b8f03?s=96&r=g","contentUrl":"https:\/\/secure.gravatar.com\/avatar\/f6ce2f6728fbdf920737112fe70682512808577befa2c9c7845c04a8449b8f03?s=96&r=g","caption":"Corrado Morra"},"description":"Esperto di arti visive e di cinema, insegna Sceneggiatura alla Scuola di cinema Pigrecoemme di Napoli, di cui \u00e8 tra i fondatori.","sameAs":["http:\/\/www.pigrecoemme.com\/","https:\/\/www.facebook.com\/corrado.morra1"],"url":"https:\/\/www.pigrecoemme.com\/blog\/author\/corrado-morra\/"}]}},"jetpack_sharing_enabled":true,"jetpack_likes_enabled":true,"jetpack-related-posts":[{"id":196,"url":"https:\/\/www.pigrecoemme.com\/blog\/alla-scuola-di-cinema-pigrecoemme-la-presentazione-del-volume-%e2%80%9ceffetti-collaterali%e2%80%9d-emozionante-fotoreportage-dalla-palestina\/","url_meta":{"origin":251,"position":0},"title":"Alla Scuola di cinema Pigrecoemme, la presentazione del volume \u201cEffetti collaterali\u201d, emozionante fotoreportage dalla Palestina","author":"Corrado Morra","date":"19 Gennaio 2010","format":false,"excerpt":"Marted\u00ec 26 gennaio alle ore 18,00, negli spazi della Scuola di cinema Pigrecoemme (a Napoli, in Piazza Portanova 11), lo storico della fotografia e docente dell'Accademia di Belle arti di Napoli Luca Sorbo, ed il critico d'arte Corrado Morra presentano il volume \u201cEffetti collaterali\u201d, lungo ed intenso fotoreportage dalla Palestina.\u2026","rel":"","context":"In &quot;Eventi&quot;","block_context":{"text":"Eventi","link":"https:\/\/www.pigrecoemme.com\/blog\/eventi\/"},"img":{"alt_text":"","src":"https:\/\/i0.wp.com\/www.pigrecoemme.com\/blog\/wp-content\/uploads\/2010\/01\/graffiti_effetti_cover_fronte-150x150.jpg?resize=350%2C200","width":350,"height":200},"classes":[]},{"id":604,"url":"https:\/\/www.pigrecoemme.com\/blog\/la-rivolta-tunisina-nelle-foto-di-luigi-sorrentino\/","url_meta":{"origin":251,"position":1},"title":"La rivolta Tunisina nelle foto di Luigi Sorrentino","author":"Giacomo Fabbrocino","date":"12 Marzo 2013","format":false,"excerpt":"Luned\u00ec 18 marzo, alle ore 16,00, il fotografo Luigi Sorrentino sar\u00e0 alla Scuola di cinema e fotografia Pigrecoemme di Napoli, per presentare un suo drammatico e potente fotoreportage sui recenti scontri in Tunisia, che stanno, dopo gli sconvolgimenti della cosiddetta \"primavera araba\", di nuovo gettando nel caos uno dei paesi\u2026","rel":"","context":"In &quot;Eventi&quot;","block_context":{"text":"Eventi","link":"https:\/\/www.pigrecoemme.com\/blog\/eventi\/"},"img":{"alt_text":"","src":"https:\/\/i0.wp.com\/www.pigrecoemme.com\/blog\/wp-content\/uploads\/2013\/03\/fotogiornalismo-tunisia-1-200x300.jpg?resize=350%2C200","width":350,"height":200},"classes":[]},{"id":593,"url":"https:\/\/www.pigrecoemme.com\/blog\/partecipa-al-contest-fotografico-e-vinci-un-corso-di-fotografia\/","url_meta":{"origin":251,"position":2},"title":"Partecipa al contest fotografico e vinci un corso di fotografia!","author":"Giacomo Fabbrocino","date":"15 Gennaio 2013","format":false,"excerpt":"La facilit\u00e0 con cui la rivoluzione dei mezzi di produzione digitale permette a chiunque ne senta la necessit\u00e0 di esprimersi con risultati finali decisamente suggestivi ha reso certamente pi\u00f9 \u201cdemocratico\u201d e attivo il ruolo dell'esperienza creativa. \u00c8 quello, ad esempio, che sta accadendo alla fotografia, che mai come oggi conosce\u2026","rel":"","context":"In &quot;Eventi&quot;","block_context":{"text":"Eventi","link":"https:\/\/www.pigrecoemme.com\/blog\/eventi\/"},"img":{"alt_text":"","src":"https:\/\/i0.wp.com\/www.pigrecoemme.com\/blog\/wp-content\/uploads\/2013\/01\/contest-fotografico-napoli-295x300.png?resize=350%2C200","width":350,"height":200},"classes":[]},{"id":356,"url":"https:\/\/www.pigrecoemme.com\/blog\/il-nuovo-corso-di-fotogiornalismo-parte-il-14-maggio-a-napoli\/","url_meta":{"origin":251,"position":3},"title":"Il nuovo corso di fotogiornalismo parte il 14 maggio a Napoli","author":"Giacomo Fabbrocino","date":"6 Aprile 2011","format":false,"excerpt":"Parte Sabato 14 maggio a Napoli il nuovo corso di Fotogiornalismo di Pigrecoemme, che quest\u2019anno presenta, oltre all\u2019ormai consolidata collaborazione con l\u2019agenzia romana Graffiti Press (che fornir\u00e0 gli accrediti giornalistici e lo stage finale), alcune interessanti novit\u00e0, tra cui una sezione del corso dedicata alla fotografia naturalistica, a cura di\u2026","rel":"","context":"In &quot;Fotografia&quot;","block_context":{"text":"Fotografia","link":"https:\/\/www.pigrecoemme.com\/blog\/fotografia\/"},"img":{"alt_text":"","src":"https:\/\/i0.wp.com\/www.pigrecoemme.com\/corso-fotografia\/corso-fotogiornalismo-social.jpg?resize=350%2C200","width":350,"height":200},"classes":[]},{"id":450,"url":"https:\/\/www.pigrecoemme.com\/blog\/lo-stage-di-fotogiornalismo-da-pigrecoemme-al-corriere-della-sera\/","url_meta":{"origin":251,"position":4},"title":"Lo stage di Fotogiornalismo: da Pigrecoemme al Corriere della sera","author":"Corrado Morra","date":"21 Dicembre 2011","format":false,"excerpt":"23 ottobre 2011. Il Corriere della sera, principale quotidiano italiano, esce con una pagina intera dedicata alle cronache del convegno dei giovani industriali a Capri. L'appuntamento - uno dei termometri pi\u00f9 sensibili dell'economia del Paese - quest'anno \u00e8 particolarmente caldo: la presidente di Confindustria - Emma Marcegaglia - non nasconde\u2026","rel":"","context":"In &quot;Eventi&quot;","block_context":{"text":"Eventi","link":"https:\/\/www.pigrecoemme.com\/blog\/eventi\/"},"img":{"alt_text":"","src":"https:\/\/i0.wp.com\/www.pigrecoemme.com\/blog\/wp-content\/uploads\/2011\/12\/pigrecoemme-corsera-300x207.jpg?resize=350%2C200","width":350,"height":200},"classes":[]},{"id":316,"url":"https:\/\/www.pigrecoemme.com\/blog\/la-mostra-fantastico-napoletano-al-grenoble-fino-al-22-dicembre\/","url_meta":{"origin":251,"position":5},"title":"La mostra Fantastico napoletano, al Grenoble fino al 22 dicembre","author":"Corrado Morra","date":"15 Dicembre 2010","format":false,"excerpt":"Chiusa la rassegna sul cinema fantastico, vi ricordo che, al Grenoble - l'Istituto di studi francesi di Via Crispi 86 a Napoli -\u00a0 la mostra fotografica \"Fantastico napoletano\" pu\u00f2 essere visitata fino al prossimo 22 dicembre (dal luned\u00ec al venerd\u00ec, 9-13,30 e 15-18,30). Sar\u00e0 pure poco elegante dirselo da soli,\u2026","rel":"","context":"In &quot;Eventi&quot;","block_context":{"text":"Eventi","link":"https:\/\/www.pigrecoemme.com\/blog\/eventi\/"},"img":{"alt_text":"","src":"","width":0,"height":0},"classes":[]}],"jetpack_featured_media_url":"","_links":{"self":[{"href":"https:\/\/www.pigrecoemme.com\/blog\/wp-json\/wp\/v2\/posts\/251","targetHints":{"allow":["GET"]}}],"collection":[{"href":"https:\/\/www.pigrecoemme.com\/blog\/wp-json\/wp\/v2\/posts"}],"about":[{"href":"https:\/\/www.pigrecoemme.com\/blog\/wp-json\/wp\/v2\/types\/post"}],"author":[{"embeddable":true,"href":"https:\/\/www.pigrecoemme.com\/blog\/wp-json\/wp\/v2\/users\/2"}],"replies":[{"embeddable":true,"href":"https:\/\/www.pigrecoemme.com\/blog\/wp-json\/wp\/v2\/comments?post=251"}],"version-history":[{"count":0,"href":"https:\/\/www.pigrecoemme.com\/blog\/wp-json\/wp\/v2\/posts\/251\/revisions"}],"wp:attachment":[{"href":"https:\/\/www.pigrecoemme.com\/blog\/wp-json\/wp\/v2\/media?parent=251"}],"wp:term":[{"taxonomy":"category","embeddable":true,"href":"https:\/\/www.pigrecoemme.com\/blog\/wp-json\/wp\/v2\/categories?post=251"},{"taxonomy":"post_tag","embeddable":true,"href":"https:\/\/www.pigrecoemme.com\/blog\/wp-json\/wp\/v2\/tags?post=251"}],"curies":[{"name":"wp","href":"https:\/\/api.w.org\/{rel}","templated":true}]}}