{"id":243,"date":"2010-06-01T14:08:25","date_gmt":"2010-06-01T12:08:25","guid":{"rendered":"http:\/\/www.pigrecoemme.com\/blog\/?p=243"},"modified":"2010-06-01T15:30:07","modified_gmt":"2010-06-01T13:30:07","slug":"alla-feltrinelli-di-piazza-dei-martiri-giovedi-3-giugno-la-mostra-fotografica-effetti-collaterali","status":"publish","type":"post","link":"https:\/\/www.pigrecoemme.com\/blog\/alla-feltrinelli-di-piazza-dei-martiri-giovedi-3-giugno-la-mostra-fotografica-effetti-collaterali\/","title":{"rendered":"Alla Feltrinelli di Piazza dei Martiri, gioved\u00ec 3 giugno la mostra fotografica Effetti collaterali"},"content":{"rendered":"<p><a href=\"https:\/\/i0.wp.com\/www.pigrecoemme.com\/blog\/wp-content\/uploads\/2010\/06\/bambino-palestinese2.jpg?ssl=1\"><img data-recalc-dims=\"1\" loading=\"lazy\" decoding=\"async\" class=\"alignleft size-medium wp-image-246\" title=\"bambino-palestinese2\" src=\"https:\/\/i0.wp.com\/www.pigrecoemme.com\/blog\/wp-content\/uploads\/2010\/06\/bambino-palestinese2.jpg?resize=300%2C201&#038;ssl=1\" alt=\"\" width=\"300\" height=\"201\" srcset=\"https:\/\/i0.wp.com\/www.pigrecoemme.com\/blog\/wp-content\/uploads\/2010\/06\/bambino-palestinese2.jpg?resize=300%2C201&amp;ssl=1 300w, https:\/\/i0.wp.com\/www.pigrecoemme.com\/blog\/wp-content\/uploads\/2010\/06\/bambino-palestinese2.jpg?w=595&amp;ssl=1 595w\" sizes=\"auto, (max-width: 300px) 100vw, 300px\" \/><\/a>Dopo la <a href=\"https:\/\/www.pigrecoemme.com\/blog\/alla-scuola-di-cinema-pigrecoemme-la-presentazione-del-volume-%E2%80%9Ceffetti-collaterali%E2%80%9D-emozionante-fotoreportage-dalla-palestina\/\">presentazione<\/a> del volume fotografico Effetti collaterali a cura di Gianni  Pinnizzotto, docente del nostro <a href=\"http:\/\/www.pigrecoemme.com\/corso-fotografia\/corso-di-fotogiornalismo-reportage-napoli.htm\">corso  di Fotogiornalismo<\/a>, tenutasi giusto lo scorso gennaio alla Pigrecoemme, approda adesso a Napoli, presso lo spazio della <a href=\"http:\/\/www.lafeltrinelli.it\/fcom\/it\/home\/pages\/puntivendita\/negozi\/trova\/campania\/Libri-e-Musica-Napoli.html\">Feltrinelli di Piazza dei Martiri<\/a>, l&#8217;omonima esposizione fotografica, che mette ora in mostra circa venti scatti tra le centoventisei fotografie raccolte nel volume.<br \/>\nIl percorso si presenta come una drammatica e commovente testimonianza di un viaggio lungo vent\u2019anni nei martoriati territori occupati, che, alla luce degli ultimi terribili avvenimenti perpetrati dall&#8217;ennesima, cruenta iniziativa del governo di Netanyahu (l&#8217;assalto alla nave &#8220;Mavi Marmara&#8221; da parte della Marina israeliana, mentre era in viaggio carica di generi di prima necessit\u00e0 verso la Striscia di Gaza), acquista un&#8217;urgenza e un pathos se possibile ancora pi\u00f9 dilananti.<\/p>\n<p>L&#8217;inaugurazione di Effetti collaterali \u00e8 gioved\u00ec 3 giugno, alle ore 18,00. Nell\u2019occasione, alla presenza di Pinnizzotto, lo storico della fotografia e curatore dei nostri <a href=\"http:\/\/www.pigrecoemme.com\/corso-fotografia\/corso-di-fotografia-2.htm\">corsi di Fotografia<\/a>, Luca Sorbo, insieme con Corrado Morra della Scuola di cinema e fotografia Pigrecoemme, presenteranno al pubblico l\u2019omonimo libro fotografico edito dalla <a href=\"http:\/\/www.graffitipress.it\">Graffiti Press<\/a> di Roma.<\/p>\n","protected":false},"excerpt":{"rendered":"<p>Gioved\u00ec 3 giugno, alle 18, inaugurazione della mostra fotografica Effetti collaterali, a cura di Gianni Pinnizzotto, docente del corso di Fotogiornalismo della Scuola di cinema e fotografia Pigrecoemme di Napoli.<\/p>\n","protected":false},"author":2,"featured_media":0,"comment_status":"open","ping_status":"open","sticky":false,"template":"","format":"standard","meta":{"_jetpack_newsletter_access":"","_jetpack_dont_email_post_to_subs":false,"_jetpack_newsletter_tier_id":0,"_jetpack_memberships_contains_paywalled_content":false,"_jetpack_feature_clip_id":0,"_jetpack_memberships_contains_paid_content":false,"footnotes":"","jetpack_post_was_ever_published":false},"categories":[11,21],"tags":[20,227,401,402,371,400,365,69,403,316,364,58,1280],"class_list":["post-243","post","type-post","status-publish","format-standard","hentry","category-eventi","category-fotografia","tag-corso-di-fotografia","tag-corrado-morra","tag-effetti-collaterali","tag-feltrinelli","tag-fotografia-napoli","tag-ganni-pinnizzotto","tag-graffiti-press","tag-luca-sorbo","tag-mavi-marmara","tag-mostre-fotografiche","tag-palestina","tag-pigrecoemme","tag-scuola-di-cinema"],"yoast_head":"<!-- This site is optimized with the Yoast SEO plugin v28.3 - https:\/\/yoast.com\/product\/yoast-seo-wordpress\/ -->\n<title>Alla Feltrinelli di Piazza dei Martiri, gioved\u00ec 3 giugno la mostra fotografica Effetti collaterali<\/title>\n<meta name=\"robots\" content=\"index, follow, max-snippet:-1, max-image-preview:large, max-video-preview:-1\" \/>\n<link rel=\"canonical\" href=\"https:\/\/www.pigrecoemme.com\/blog\/alla-feltrinelli-di-piazza-dei-martiri-giovedi-3-giugno-la-mostra-fotografica-effetti-collaterali\/\" \/>\n<meta property=\"og:locale\" content=\"it_IT\" \/>\n<meta property=\"og:type\" content=\"article\" \/>\n<meta property=\"og:title\" content=\"Alla Feltrinelli di Piazza dei Martiri, gioved\u00ec 3 giugno la mostra fotografica Effetti collaterali\" \/>\n<meta property=\"og:description\" content=\"Gioved\u00ec 3 giugno, alle 18, inaugurazione della mostra fotografica Effetti collaterali, a cura di Gianni Pinnizzotto, docente del corso di Fotogiornalismo della Scuola di cinema e fotografia Pigrecoemme di Napoli.\" \/>\n<meta property=\"og:url\" content=\"https:\/\/www.pigrecoemme.com\/blog\/alla-feltrinelli-di-piazza-dei-martiri-giovedi-3-giugno-la-mostra-fotografica-effetti-collaterali\/\" \/>\n<meta property=\"og:site_name\" content=\"Scuola di Cinema Pigrecoemme - Blog\" \/>\n<meta property=\"article:publisher\" content=\"https:\/\/www.facebook.com\/pigrecoemme\" \/>\n<meta property=\"article:author\" content=\"https:\/\/www.facebook.com\/corrado.morra1\" \/>\n<meta property=\"article:published_time\" content=\"2010-06-01T12:08:25+00:00\" \/>\n<meta property=\"article:modified_time\" content=\"2010-06-01T13:30:07+00:00\" \/>\n<meta property=\"og:image\" content=\"http:\/\/www.pigrecoemme.com\/blog\/wp-content\/uploads\/2010\/06\/bambino-palestinese2-300x201.jpg\" \/>\n<meta name=\"author\" content=\"Corrado Morra\" \/>\n<meta name=\"twitter:card\" content=\"summary_large_image\" \/>\n<meta name=\"twitter:creator\" content=\"@Pigrecoemme\" \/>\n<meta name=\"twitter:site\" content=\"@Pigrecoemme\" \/>\n<meta name=\"twitter:label1\" content=\"Scritto da\" \/>\n\t<meta name=\"twitter:data1\" content=\"Corrado Morra\" \/>\n\t<meta name=\"twitter:label2\" content=\"Tempo di lettura stimato\" \/>\n\t<meta name=\"twitter:data2\" content=\"1 minuto\" \/>\n<script type=\"application\/ld+json\" class=\"yoast-schema-graph\">{\"@context\":\"https:\\\/\\\/schema.org\",\"@graph\":[{\"@type\":[\"Article\",\"BlogPosting\"],\"@id\":\"https:\\\/\\\/www.pigrecoemme.com\\\/blog\\\/alla-feltrinelli-di-piazza-dei-martiri-giovedi-3-giugno-la-mostra-fotografica-effetti-collaterali\\\/#article\",\"isPartOf\":{\"@id\":\"https:\\\/\\\/www.pigrecoemme.com\\\/blog\\\/alla-feltrinelli-di-piazza-dei-martiri-giovedi-3-giugno-la-mostra-fotografica-effetti-collaterali\\\/\"},\"author\":{\"name\":\"Corrado Morra\",\"@id\":\"https:\\\/\\\/www.pigrecoemme.com\\\/blog\\\/#\\\/schema\\\/person\\\/702764b5ecda4c2f34e82348789f649e\"},\"headline\":\"Alla Feltrinelli di Piazza dei Martiri, gioved\u00ec 3 giugno la mostra fotografica Effetti collaterali\",\"datePublished\":\"2010-06-01T12:08:25+00:00\",\"dateModified\":\"2010-06-01T13:30:07+00:00\",\"mainEntityOfPage\":{\"@id\":\"https:\\\/\\\/www.pigrecoemme.com\\\/blog\\\/alla-feltrinelli-di-piazza-dei-martiri-giovedi-3-giugno-la-mostra-fotografica-effetti-collaterali\\\/\"},\"wordCount\":196,\"commentCount\":0,\"publisher\":{\"@id\":\"https:\\\/\\\/www.pigrecoemme.com\\\/blog\\\/#organization\"},\"image\":{\"@id\":\"https:\\\/\\\/www.pigrecoemme.com\\\/blog\\\/alla-feltrinelli-di-piazza-dei-martiri-giovedi-3-giugno-la-mostra-fotografica-effetti-collaterali\\\/#primaryimage\"},\"thumbnailUrl\":\"http:\\\/\\\/www.pigrecoemme.com\\\/blog\\\/wp-content\\\/uploads\\\/2010\\\/06\\\/bambino-palestinese2-300x201.jpg\",\"keywords\":[\"\\\"corso di fotografia\\\"\",\"Corrado Morra\",\"effetti collaterali\",\"feltrinelli\",\"fotografia napoli\",\"ganni pinnizzotto\",\"graffiti press\",\"luca sorbo\",\"mavi marmara\",\"mostre fotografiche\",\"palestina\",\"pigrecoemme\",\"Scuola di cinema\"],\"articleSection\":[\"Eventi\",\"Fotografia\"],\"inLanguage\":\"it-IT\",\"potentialAction\":[{\"@type\":\"CommentAction\",\"name\":\"Comment\",\"target\":[\"https:\\\/\\\/www.pigrecoemme.com\\\/blog\\\/alla-feltrinelli-di-piazza-dei-martiri-giovedi-3-giugno-la-mostra-fotografica-effetti-collaterali\\\/#respond\"]}]},{\"@type\":\"WebPage\",\"@id\":\"https:\\\/\\\/www.pigrecoemme.com\\\/blog\\\/alla-feltrinelli-di-piazza-dei-martiri-giovedi-3-giugno-la-mostra-fotografica-effetti-collaterali\\\/\",\"url\":\"https:\\\/\\\/www.pigrecoemme.com\\\/blog\\\/alla-feltrinelli-di-piazza-dei-martiri-giovedi-3-giugno-la-mostra-fotografica-effetti-collaterali\\\/\",\"name\":\"Alla Feltrinelli di Piazza dei Martiri, gioved\u00ec 3 giugno la mostra fotografica Effetti collaterali\",\"isPartOf\":{\"@id\":\"https:\\\/\\\/www.pigrecoemme.com\\\/blog\\\/#website\"},\"primaryImageOfPage\":{\"@id\":\"https:\\\/\\\/www.pigrecoemme.com\\\/blog\\\/alla-feltrinelli-di-piazza-dei-martiri-giovedi-3-giugno-la-mostra-fotografica-effetti-collaterali\\\/#primaryimage\"},\"image\":{\"@id\":\"https:\\\/\\\/www.pigrecoemme.com\\\/blog\\\/alla-feltrinelli-di-piazza-dei-martiri-giovedi-3-giugno-la-mostra-fotografica-effetti-collaterali\\\/#primaryimage\"},\"thumbnailUrl\":\"http:\\\/\\\/www.pigrecoemme.com\\\/blog\\\/wp-content\\\/uploads\\\/2010\\\/06\\\/bambino-palestinese2-300x201.jpg\",\"datePublished\":\"2010-06-01T12:08:25+00:00\",\"dateModified\":\"2010-06-01T13:30:07+00:00\",\"breadcrumb\":{\"@id\":\"https:\\\/\\\/www.pigrecoemme.com\\\/blog\\\/alla-feltrinelli-di-piazza-dei-martiri-giovedi-3-giugno-la-mostra-fotografica-effetti-collaterali\\\/#breadcrumb\"},\"inLanguage\":\"it-IT\",\"potentialAction\":[{\"@type\":\"ReadAction\",\"target\":[\"https:\\\/\\\/www.pigrecoemme.com\\\/blog\\\/alla-feltrinelli-di-piazza-dei-martiri-giovedi-3-giugno-la-mostra-fotografica-effetti-collaterali\\\/\"]}]},{\"@type\":\"ImageObject\",\"inLanguage\":\"it-IT\",\"@id\":\"https:\\\/\\\/www.pigrecoemme.com\\\/blog\\\/alla-feltrinelli-di-piazza-dei-martiri-giovedi-3-giugno-la-mostra-fotografica-effetti-collaterali\\\/#primaryimage\",\"url\":\"http:\\\/\\\/www.pigrecoemme.com\\\/blog\\\/wp-content\\\/uploads\\\/2010\\\/06\\\/bambino-palestinese2-300x201.jpg\",\"contentUrl\":\"http:\\\/\\\/www.pigrecoemme.com\\\/blog\\\/wp-content\\\/uploads\\\/2010\\\/06\\\/bambino-palestinese2-300x201.jpg\"},{\"@type\":\"BreadcrumbList\",\"@id\":\"https:\\\/\\\/www.pigrecoemme.com\\\/blog\\\/alla-feltrinelli-di-piazza-dei-martiri-giovedi-3-giugno-la-mostra-fotografica-effetti-collaterali\\\/#breadcrumb\",\"itemListElement\":[{\"@type\":\"ListItem\",\"position\":1,\"name\":\"Home\",\"item\":\"https:\\\/\\\/www.pigrecoemme.com\\\/blog\\\/\"},{\"@type\":\"ListItem\",\"position\":2,\"name\":\"Alla Feltrinelli di Piazza dei Martiri, gioved\u00ec 3 giugno la mostra fotografica Effetti collaterali\"}]},{\"@type\":\"WebSite\",\"@id\":\"https:\\\/\\\/www.pigrecoemme.com\\\/blog\\\/#website\",\"url\":\"https:\\\/\\\/www.pigrecoemme.com\\\/blog\\\/\",\"name\":\"Scuola di Cinema Pigrecoemme - Blog\",\"description\":\"Siamo la prima Scuola di Cinema e Fotografia di Napoli\",\"publisher\":{\"@id\":\"https:\\\/\\\/www.pigrecoemme.com\\\/blog\\\/#organization\"},\"potentialAction\":[{\"@type\":\"SearchAction\",\"target\":{\"@type\":\"EntryPoint\",\"urlTemplate\":\"https:\\\/\\\/www.pigrecoemme.com\\\/blog\\\/?s={search_term_string}\"},\"query-input\":{\"@type\":\"PropertyValueSpecification\",\"valueRequired\":true,\"valueName\":\"search_term_string\"}}],\"inLanguage\":\"it-IT\"},{\"@type\":\"Organization\",\"@id\":\"https:\\\/\\\/www.pigrecoemme.com\\\/blog\\\/#organization\",\"name\":\"Scuola di cinema e fotografia Pigrecoemme\",\"url\":\"https:\\\/\\\/www.pigrecoemme.com\\\/blog\\\/\",\"logo\":{\"@type\":\"ImageObject\",\"inLanguage\":\"it-IT\",\"@id\":\"https:\\\/\\\/www.pigrecoemme.com\\\/blog\\\/#\\\/schema\\\/logo\\\/image\\\/\",\"url\":\"https:\\\/\\\/i0.wp.com\\\/www.pigrecoemme.com\\\/blog\\\/wp-content\\\/uploads\\\/2018\\\/06\\\/logo-pigrecoemme-2018.png?fit=500%2C500&ssl=1\",\"contentUrl\":\"https:\\\/\\\/i0.wp.com\\\/www.pigrecoemme.com\\\/blog\\\/wp-content\\\/uploads\\\/2018\\\/06\\\/logo-pigrecoemme-2018.png?fit=500%2C500&ssl=1\",\"width\":500,\"height\":500,\"caption\":\"Scuola di cinema e fotografia Pigrecoemme\"},\"image\":{\"@id\":\"https:\\\/\\\/www.pigrecoemme.com\\\/blog\\\/#\\\/schema\\\/logo\\\/image\\\/\"},\"sameAs\":[\"https:\\\/\\\/www.facebook.com\\\/pigrecoemme\",\"https:\\\/\\\/x.com\\\/Pigrecoemme\",\"https:\\\/\\\/www.instagram.com\\\/pigrecoemme\\\/\",\"https:\\\/\\\/www.linkedin.com\\\/company\\\/pigrecoemme\\\/\",\"https:\\\/\\\/www.youtube.com\\\/pigrecoemme\"]},{\"@type\":\"Person\",\"@id\":\"https:\\\/\\\/www.pigrecoemme.com\\\/blog\\\/#\\\/schema\\\/person\\\/702764b5ecda4c2f34e82348789f649e\",\"name\":\"Corrado Morra\",\"image\":{\"@type\":\"ImageObject\",\"inLanguage\":\"it-IT\",\"@id\":\"https:\\\/\\\/secure.gravatar.com\\\/avatar\\\/f6ce2f6728fbdf920737112fe70682512808577befa2c9c7845c04a8449b8f03?s=96&r=g\",\"url\":\"https:\\\/\\\/secure.gravatar.com\\\/avatar\\\/f6ce2f6728fbdf920737112fe70682512808577befa2c9c7845c04a8449b8f03?s=96&r=g\",\"contentUrl\":\"https:\\\/\\\/secure.gravatar.com\\\/avatar\\\/f6ce2f6728fbdf920737112fe70682512808577befa2c9c7845c04a8449b8f03?s=96&r=g\",\"caption\":\"Corrado Morra\"},\"description\":\"Esperto di arti visive e di cinema, insegna Sceneggiatura alla Scuola di cinema Pigrecoemme di Napoli, di cui \u00e8 tra i fondatori.\",\"sameAs\":[\"http:\\\/\\\/www.pigrecoemme.com\\\/\",\"https:\\\/\\\/www.facebook.com\\\/corrado.morra1\"],\"url\":\"https:\\\/\\\/www.pigrecoemme.com\\\/blog\\\/author\\\/corrado-morra\\\/\"}]}<\/script>\n<!-- \/ Yoast SEO plugin. -->","yoast_head_json":{"title":"Alla Feltrinelli di Piazza dei Martiri, gioved\u00ec 3 giugno la mostra fotografica Effetti collaterali","robots":{"index":"index","follow":"follow","max-snippet":"max-snippet:-1","max-image-preview":"max-image-preview:large","max-video-preview":"max-video-preview:-1"},"canonical":"https:\/\/www.pigrecoemme.com\/blog\/alla-feltrinelli-di-piazza-dei-martiri-giovedi-3-giugno-la-mostra-fotografica-effetti-collaterali\/","og_locale":"it_IT","og_type":"article","og_title":"Alla Feltrinelli di Piazza dei Martiri, gioved\u00ec 3 giugno la mostra fotografica Effetti collaterali","og_description":"Gioved\u00ec 3 giugno, alle 18, inaugurazione della mostra fotografica Effetti collaterali, a cura di Gianni Pinnizzotto, docente del corso di Fotogiornalismo della Scuola di cinema e fotografia Pigrecoemme di Napoli.","og_url":"https:\/\/www.pigrecoemme.com\/blog\/alla-feltrinelli-di-piazza-dei-martiri-giovedi-3-giugno-la-mostra-fotografica-effetti-collaterali\/","og_site_name":"Scuola di Cinema Pigrecoemme - Blog","article_publisher":"https:\/\/www.facebook.com\/pigrecoemme","article_author":"https:\/\/www.facebook.com\/corrado.morra1","article_published_time":"2010-06-01T12:08:25+00:00","article_modified_time":"2010-06-01T13:30:07+00:00","og_image":[{"url":"http:\/\/www.pigrecoemme.com\/blog\/wp-content\/uploads\/2010\/06\/bambino-palestinese2-300x201.jpg","type":"","width":"","height":""}],"author":"Corrado Morra","twitter_card":"summary_large_image","twitter_creator":"@Pigrecoemme","twitter_site":"@Pigrecoemme","twitter_misc":{"Scritto da":"Corrado Morra","Tempo di lettura stimato":"1 minuto"},"schema":{"@context":"https:\/\/schema.org","@graph":[{"@type":["Article","BlogPosting"],"@id":"https:\/\/www.pigrecoemme.com\/blog\/alla-feltrinelli-di-piazza-dei-martiri-giovedi-3-giugno-la-mostra-fotografica-effetti-collaterali\/#article","isPartOf":{"@id":"https:\/\/www.pigrecoemme.com\/blog\/alla-feltrinelli-di-piazza-dei-martiri-giovedi-3-giugno-la-mostra-fotografica-effetti-collaterali\/"},"author":{"name":"Corrado Morra","@id":"https:\/\/www.pigrecoemme.com\/blog\/#\/schema\/person\/702764b5ecda4c2f34e82348789f649e"},"headline":"Alla Feltrinelli di Piazza dei Martiri, gioved\u00ec 3 giugno la mostra fotografica Effetti collaterali","datePublished":"2010-06-01T12:08:25+00:00","dateModified":"2010-06-01T13:30:07+00:00","mainEntityOfPage":{"@id":"https:\/\/www.pigrecoemme.com\/blog\/alla-feltrinelli-di-piazza-dei-martiri-giovedi-3-giugno-la-mostra-fotografica-effetti-collaterali\/"},"wordCount":196,"commentCount":0,"publisher":{"@id":"https:\/\/www.pigrecoemme.com\/blog\/#organization"},"image":{"@id":"https:\/\/www.pigrecoemme.com\/blog\/alla-feltrinelli-di-piazza-dei-martiri-giovedi-3-giugno-la-mostra-fotografica-effetti-collaterali\/#primaryimage"},"thumbnailUrl":"http:\/\/www.pigrecoemme.com\/blog\/wp-content\/uploads\/2010\/06\/bambino-palestinese2-300x201.jpg","keywords":["\"corso di fotografia\"","Corrado Morra","effetti collaterali","feltrinelli","fotografia napoli","ganni pinnizzotto","graffiti press","luca sorbo","mavi marmara","mostre fotografiche","palestina","pigrecoemme","Scuola di cinema"],"articleSection":["Eventi","Fotografia"],"inLanguage":"it-IT","potentialAction":[{"@type":"CommentAction","name":"Comment","target":["https:\/\/www.pigrecoemme.com\/blog\/alla-feltrinelli-di-piazza-dei-martiri-giovedi-3-giugno-la-mostra-fotografica-effetti-collaterali\/#respond"]}]},{"@type":"WebPage","@id":"https:\/\/www.pigrecoemme.com\/blog\/alla-feltrinelli-di-piazza-dei-martiri-giovedi-3-giugno-la-mostra-fotografica-effetti-collaterali\/","url":"https:\/\/www.pigrecoemme.com\/blog\/alla-feltrinelli-di-piazza-dei-martiri-giovedi-3-giugno-la-mostra-fotografica-effetti-collaterali\/","name":"Alla Feltrinelli di Piazza dei Martiri, gioved\u00ec 3 giugno la mostra fotografica Effetti collaterali","isPartOf":{"@id":"https:\/\/www.pigrecoemme.com\/blog\/#website"},"primaryImageOfPage":{"@id":"https:\/\/www.pigrecoemme.com\/blog\/alla-feltrinelli-di-piazza-dei-martiri-giovedi-3-giugno-la-mostra-fotografica-effetti-collaterali\/#primaryimage"},"image":{"@id":"https:\/\/www.pigrecoemme.com\/blog\/alla-feltrinelli-di-piazza-dei-martiri-giovedi-3-giugno-la-mostra-fotografica-effetti-collaterali\/#primaryimage"},"thumbnailUrl":"http:\/\/www.pigrecoemme.com\/blog\/wp-content\/uploads\/2010\/06\/bambino-palestinese2-300x201.jpg","datePublished":"2010-06-01T12:08:25+00:00","dateModified":"2010-06-01T13:30:07+00:00","breadcrumb":{"@id":"https:\/\/www.pigrecoemme.com\/blog\/alla-feltrinelli-di-piazza-dei-martiri-giovedi-3-giugno-la-mostra-fotografica-effetti-collaterali\/#breadcrumb"},"inLanguage":"it-IT","potentialAction":[{"@type":"ReadAction","target":["https:\/\/www.pigrecoemme.com\/blog\/alla-feltrinelli-di-piazza-dei-martiri-giovedi-3-giugno-la-mostra-fotografica-effetti-collaterali\/"]}]},{"@type":"ImageObject","inLanguage":"it-IT","@id":"https:\/\/www.pigrecoemme.com\/blog\/alla-feltrinelli-di-piazza-dei-martiri-giovedi-3-giugno-la-mostra-fotografica-effetti-collaterali\/#primaryimage","url":"http:\/\/www.pigrecoemme.com\/blog\/wp-content\/uploads\/2010\/06\/bambino-palestinese2-300x201.jpg","contentUrl":"http:\/\/www.pigrecoemme.com\/blog\/wp-content\/uploads\/2010\/06\/bambino-palestinese2-300x201.jpg"},{"@type":"BreadcrumbList","@id":"https:\/\/www.pigrecoemme.com\/blog\/alla-feltrinelli-di-piazza-dei-martiri-giovedi-3-giugno-la-mostra-fotografica-effetti-collaterali\/#breadcrumb","itemListElement":[{"@type":"ListItem","position":1,"name":"Home","item":"https:\/\/www.pigrecoemme.com\/blog\/"},{"@type":"ListItem","position":2,"name":"Alla Feltrinelli di Piazza dei Martiri, gioved\u00ec 3 giugno la mostra fotografica Effetti collaterali"}]},{"@type":"WebSite","@id":"https:\/\/www.pigrecoemme.com\/blog\/#website","url":"https:\/\/www.pigrecoemme.com\/blog\/","name":"Scuola di Cinema Pigrecoemme - Blog","description":"Siamo la prima Scuola di Cinema e Fotografia di Napoli","publisher":{"@id":"https:\/\/www.pigrecoemme.com\/blog\/#organization"},"potentialAction":[{"@type":"SearchAction","target":{"@type":"EntryPoint","urlTemplate":"https:\/\/www.pigrecoemme.com\/blog\/?s={search_term_string}"},"query-input":{"@type":"PropertyValueSpecification","valueRequired":true,"valueName":"search_term_string"}}],"inLanguage":"it-IT"},{"@type":"Organization","@id":"https:\/\/www.pigrecoemme.com\/blog\/#organization","name":"Scuola di cinema e fotografia Pigrecoemme","url":"https:\/\/www.pigrecoemme.com\/blog\/","logo":{"@type":"ImageObject","inLanguage":"it-IT","@id":"https:\/\/www.pigrecoemme.com\/blog\/#\/schema\/logo\/image\/","url":"https:\/\/i0.wp.com\/www.pigrecoemme.com\/blog\/wp-content\/uploads\/2018\/06\/logo-pigrecoemme-2018.png?fit=500%2C500&ssl=1","contentUrl":"https:\/\/i0.wp.com\/www.pigrecoemme.com\/blog\/wp-content\/uploads\/2018\/06\/logo-pigrecoemme-2018.png?fit=500%2C500&ssl=1","width":500,"height":500,"caption":"Scuola di cinema e fotografia Pigrecoemme"},"image":{"@id":"https:\/\/www.pigrecoemme.com\/blog\/#\/schema\/logo\/image\/"},"sameAs":["https:\/\/www.facebook.com\/pigrecoemme","https:\/\/x.com\/Pigrecoemme","https:\/\/www.instagram.com\/pigrecoemme\/","https:\/\/www.linkedin.com\/company\/pigrecoemme\/","https:\/\/www.youtube.com\/pigrecoemme"]},{"@type":"Person","@id":"https:\/\/www.pigrecoemme.com\/blog\/#\/schema\/person\/702764b5ecda4c2f34e82348789f649e","name":"Corrado Morra","image":{"@type":"ImageObject","inLanguage":"it-IT","@id":"https:\/\/secure.gravatar.com\/avatar\/f6ce2f6728fbdf920737112fe70682512808577befa2c9c7845c04a8449b8f03?s=96&r=g","url":"https:\/\/secure.gravatar.com\/avatar\/f6ce2f6728fbdf920737112fe70682512808577befa2c9c7845c04a8449b8f03?s=96&r=g","contentUrl":"https:\/\/secure.gravatar.com\/avatar\/f6ce2f6728fbdf920737112fe70682512808577befa2c9c7845c04a8449b8f03?s=96&r=g","caption":"Corrado Morra"},"description":"Esperto di arti visive e di cinema, insegna Sceneggiatura alla Scuola di cinema Pigrecoemme di Napoli, di cui \u00e8 tra i fondatori.","sameAs":["http:\/\/www.pigrecoemme.com\/","https:\/\/www.facebook.com\/corrado.morra1"],"url":"https:\/\/www.pigrecoemme.com\/blog\/author\/corrado-morra\/"}]}},"jetpack_sharing_enabled":true,"jetpack_likes_enabled":true,"jetpack-related-posts":[{"id":196,"url":"https:\/\/www.pigrecoemme.com\/blog\/alla-scuola-di-cinema-pigrecoemme-la-presentazione-del-volume-%e2%80%9ceffetti-collaterali%e2%80%9d-emozionante-fotoreportage-dalla-palestina\/","url_meta":{"origin":243,"position":0},"title":"Alla Scuola di cinema Pigrecoemme, la presentazione del volume \u201cEffetti collaterali\u201d, emozionante fotoreportage dalla Palestina","author":"Corrado Morra","date":"19 Gennaio 2010","format":false,"excerpt":"Marted\u00ec 26 gennaio alle ore 18,00, negli spazi della Scuola di cinema Pigrecoemme (a Napoli, in Piazza Portanova 11), lo storico della fotografia e docente dell'Accademia di Belle arti di Napoli Luca Sorbo, ed il critico d'arte Corrado Morra presentano il volume \u201cEffetti collaterali\u201d, lungo ed intenso fotoreportage dalla Palestina.\u2026","rel":"","context":"In &quot;Eventi&quot;","block_context":{"text":"Eventi","link":"https:\/\/www.pigrecoemme.com\/blog\/eventi\/"},"img":{"alt_text":"","src":"https:\/\/i0.wp.com\/www.pigrecoemme.com\/blog\/wp-content\/uploads\/2010\/01\/graffiti_effetti_cover_fronte-150x150.jpg?resize=350%2C200","width":350,"height":200},"classes":[]},{"id":536,"url":"https:\/\/www.pigrecoemme.com\/blog\/alla-pigrecoemme-incontri-gratuiti-con-la-royal-photographic-society-e-l%e2%80%99agenzia-graffiti-di-roma\/","url_meta":{"origin":243,"position":1},"title":"Alla Pigrecoemme, incontri gratuiti con la Royal Photographic Society e l\u2019agenzia Graffiti di Roma","author":"Corrado Morra","date":"17 Settembre 2012","format":false,"excerpt":"Fine settembre all'insegna della Fotografia alla\u00a0Scuola di Cinema e Fotografia\u00a0Pigrecoemme\u00a0di Napoli, con un doppio, imperdibile evento:\u00a0sabato 29 settembre, alle\u00a0ore 16,00, nella sede della Scuola di\u00a0Piazza Portanova 11, ci sar\u00e0 un incontro con\u00a0Olivio Argenti, presidente del\u00a0CIRPS - Capitolo italiano\u00a0della\u00a0Royal Photographic Society,\u00a0la\u00a0prima e pi\u00f9 importante associazione fotografica al mondo,\u00a0Durante la serata,\u00a0Luca Sorbo,\u00a0responsabile\u2026","rel":"","context":"In &quot;Eventi&quot;","block_context":{"text":"Eventi","link":"https:\/\/www.pigrecoemme.com\/blog\/eventi\/"},"img":{"alt_text":"","src":"https:\/\/i0.wp.com\/www.pigrecoemme.com\/blog\/wp-content\/uploads\/2012\/09\/rps-300x113.jpg?resize=350%2C200","width":350,"height":200},"classes":[]},{"id":217,"url":"https:\/\/www.pigrecoemme.com\/blog\/corso-di-fotogiornalismo-gianni-pinnizzotto-al-tg5\/","url_meta":{"origin":243,"position":2},"title":"Corso di fotogiornalismo: Gianni Pinnizzotto al TG5","author":"Giacomo Fabbrocino","date":"26 Marzo 2010","format":false,"excerpt":"Segnaliamo questo servizio del TG5 in cui \u00e8 intervistato Gianni Pinnizzotto,\u00a0direttore dell' Agenzia Fotogiornalistica Graffiti Press e docente del nostro corso di fotogiornalismo\u00a0il cui inizio \u00e8 previsto per il 10 aprile e al quale \u00e8 ancora possibile ad iscriversi.","rel":"","context":"In &quot;Fotografia&quot;","block_context":{"text":"Fotografia","link":"https:\/\/www.pigrecoemme.com\/blog\/fotografia\/"},"img":{"alt_text":"","src":"","width":0,"height":0},"classes":[]},{"id":216,"url":"https:\/\/www.pigrecoemme.com\/blog\/nuovo-incontro-fotografico-il-25-marzo\/","url_meta":{"origin":243,"position":3},"title":"Nuovo incontro fotografico il 25 marzo","author":"Giacomo Fabbrocino","date":"20 Marzo 2010","format":false,"excerpt":"Nuovo incontro: gioved\u00ec 25 marzo 2010 h. 17.00-20.00 presso Scuola di Cinema Pigrecoemme Piazza Portanova 11, Napoli. Dopo la collaborazione con la prestigiosa rassegna l\u2019Arte della felicit\u00e0 e con l\u2019associazione Achab, che anche quest\u2019anno produrr\u00e0 con Pigrecoemme un\u2019importante mostra fotografica di prossima vernice, e dopo l'esperienza di \"La Mia Napoli\"\u2026","rel":"","context":"In &quot;Eventi&quot;","block_context":{"text":"Eventi","link":"https:\/\/www.pigrecoemme.com\/blog\/eventi\/"},"img":{"alt_text":"","src":"","width":0,"height":0},"classes":[]},{"id":200,"url":"https:\/\/www.pigrecoemme.com\/blog\/il-programma-del-corso-di-fotogiornalismo\/","url_meta":{"origin":243,"position":4},"title":"Il programma del corso di fotogiornalismo","author":"Giacomo Fabbrocino","date":"26 Gennaio 2010","format":false,"excerpt":"Il Corso di Fotogiornalismo di Pigrecoemme, coordinato da Luca Sorbo, \u00e8 diretto a chi, avendo gi\u00e0 acquisite le competenze di base della fotografia, voglia intraprendere la carriera di fotogiornalista. Il corso \u00e8 anche consigliato al fotoamatore evoluto che voglia approfondire le dinamiche del racconto fotografico e abbia intenzione di collaborare\u2026","rel":"","context":"In &quot;Generale&quot;","block_context":{"text":"Generale","link":"https:\/\/www.pigrecoemme.com\/blog\/generale\/"},"img":{"alt_text":"","src":"https:\/\/i0.wp.com\/www.pigrecoemme.com\/corso-fotografia\/corso-fotogiornalismo.jpg?resize=350%2C200","width":350,"height":200},"classes":[]},{"id":158,"url":"https:\/\/www.pigrecoemme.com\/blog\/italia-inedita-di-un-secolo-fa\/","url_meta":{"origin":243,"position":5},"title":"Italia inedita  di un secolo fa","author":"Giacomo Fabbrocino","date":"26 Giugno 2009","format":false,"excerpt":"Marted\u00ec 7 luglio alle ore 18.00, presso la libreria Feltrinelli di Piazza dei Martiri a Napoli,\u00a0 sar\u00e0 presentato il libro\u00a0 \"Italia inedita\u00a0 di un secolo fa\" a cura del docente dei corsi di fotografia di Pigrecoemme Luca Sorbo, e di Luciano Scateni. Il volume \u00e8\u00a0 edito da\u00a0 Intramoenia. La presentazione\u2026","rel":"","context":"In &quot;Eventi&quot;","block_context":{"text":"Eventi","link":"https:\/\/www.pigrecoemme.com\/blog\/eventi\/"},"img":{"alt_text":"Invito","src":"https:\/\/i0.wp.com\/www.pigrecoemme.com\/blog\/wp-content\/uploads\/2009\/06\/invito-italia-inedita-300x139.jpg?resize=350%2C200","width":350,"height":200},"classes":[]}],"jetpack_featured_media_url":"","_links":{"self":[{"href":"https:\/\/www.pigrecoemme.com\/blog\/wp-json\/wp\/v2\/posts\/243","targetHints":{"allow":["GET"]}}],"collection":[{"href":"https:\/\/www.pigrecoemme.com\/blog\/wp-json\/wp\/v2\/posts"}],"about":[{"href":"https:\/\/www.pigrecoemme.com\/blog\/wp-json\/wp\/v2\/types\/post"}],"author":[{"embeddable":true,"href":"https:\/\/www.pigrecoemme.com\/blog\/wp-json\/wp\/v2\/users\/2"}],"replies":[{"embeddable":true,"href":"https:\/\/www.pigrecoemme.com\/blog\/wp-json\/wp\/v2\/comments?post=243"}],"version-history":[{"count":0,"href":"https:\/\/www.pigrecoemme.com\/blog\/wp-json\/wp\/v2\/posts\/243\/revisions"}],"wp:attachment":[{"href":"https:\/\/www.pigrecoemme.com\/blog\/wp-json\/wp\/v2\/media?parent=243"}],"wp:term":[{"taxonomy":"category","embeddable":true,"href":"https:\/\/www.pigrecoemme.com\/blog\/wp-json\/wp\/v2\/categories?post=243"},{"taxonomy":"post_tag","embeddable":true,"href":"https:\/\/www.pigrecoemme.com\/blog\/wp-json\/wp\/v2\/tags?post=243"}],"curies":[{"name":"wp","href":"https:\/\/api.w.org\/{rel}","templated":true}]}}