{"id":242,"date":"2010-05-24T14:01:32","date_gmt":"2010-05-24T12:01:32","guid":{"rendered":"http:\/\/www.pigrecoemme.com\/blog\/?p=242"},"modified":"2010-06-01T16:48:20","modified_gmt":"2010-06-01T14:48:20","slug":"la-fine-al-napoli-film-festival","status":"publish","type":"post","link":"https:\/\/www.pigrecoemme.com\/blog\/la-fine-al-napoli-film-festival\/","title":{"rendered":"La Fine al Napoli Film Festival"},"content":{"rendered":"<p style=\"text-align: center;\"><object classid=\"clsid:d27cdb6e-ae6d-11cf-96b8-444553540000\" width=\"500\" height=\"304\" codebase=\"http:\/\/download.macromedia.com\/pub\/shockwave\/cabs\/flash\/swflash.cab#version=6,0,40,0\"><param name=\"allowFullScreen\" value=\"true\" \/><param name=\"allowscriptaccess\" value=\"always\" \/><param name=\"src\" value=\"http:\/\/www.youtube.com\/v\/TDjkoH_Kpqk&amp;hl=it_IT&amp;fs=1&amp;rel=0&amp;color1=0xe1600f&amp;color2=0xfebd01&amp;hd=1\" \/><\/object>\n<\/p>\n<p style=\"text-align: left;\">Il cortometraggio &#8220;La Fine&#8221;, realizzato come esercitazione finale dagli allievi del corso annuale 2008\/2009 della Scuola di Cinema Pigrecoemme, \u00a0\u00e8 stato ammesso di diritto al concorso SchermoNapoli 2010 del <a href=\"http:\/\/www.napolifilmfestival.com\/\">Napoli Film Festival<\/a>.<\/p>\n<p style=\"text-align: left;\">La proiezione \u00e8 prevista per luned\u00ec 7 giugno alle ore 16.00 a Castel Sant&#8217;Elmo.<\/p>\n","protected":false},"excerpt":{"rendered":"<p>Il cortometraggio &#8220;La Fine&#8221;, realizzato come esercitazione finale dagli allievi del corso annuale 2008\/2009 della Scuola di Cinema Pigrecoemme, \u00a0\u00e8 stato ammesso di diritto al concorso SchermoNapoli 2010 del Napoli Film Festival. La proiezione&hellip;<\/p>\n","protected":false},"author":1,"featured_media":0,"comment_status":"open","ping_status":"open","sticky":false,"template":"","format":"standard","meta":{"_jetpack_newsletter_access":"","_jetpack_dont_email_post_to_subs":false,"_jetpack_newsletter_tier_id":0,"_jetpack_memberships_contains_paywalled_content":false,"_jetpack_feature_clip_id":0,"_jetpack_memberships_contains_paid_content":false,"footnotes":"","jetpack_post_was_ever_published":false},"categories":[12,3],"tags":[130,399,155,154,1280],"class_list":["post-242","post","type-post","status-publish","format-standard","hentry","category-produzioni","category-scuola-di-cinema","tag-cortometraggio","tag-la-fine","tag-napoli-film-festival","tag-napolifilmfestival","tag-scuola-di-cinema"],"yoast_head":"<!-- This site is optimized with the Yoast SEO plugin v28.3 - https:\/\/yoast.com\/product\/yoast-seo-wordpress\/ -->\n<title>La Fine al Napoli Film Festival<\/title>\n<meta name=\"robots\" content=\"index, follow, max-snippet:-1, max-image-preview:large, max-video-preview:-1\" \/>\n<link rel=\"canonical\" href=\"https:\/\/www.pigrecoemme.com\/blog\/la-fine-al-napoli-film-festival\/\" \/>\n<meta property=\"og:locale\" content=\"it_IT\" \/>\n<meta property=\"og:type\" content=\"article\" \/>\n<meta property=\"og:title\" content=\"La Fine al Napoli Film Festival\" \/>\n<meta property=\"og:description\" content=\"Il cortometraggio &#8220;La Fine&#8221;, realizzato come esercitazione finale dagli allievi del corso annuale 2008\/2009 della Scuola di Cinema Pigrecoemme, \u00a0\u00e8 stato ammesso di diritto al concorso SchermoNapoli 2010 del Napoli Film Festival. La proiezione \u00e8 prevista per luned\u00ec 7 giugno &hellip; Continue reading &rarr;\" \/>\n<meta property=\"og:url\" content=\"https:\/\/www.pigrecoemme.com\/blog\/la-fine-al-napoli-film-festival\/\" \/>\n<meta property=\"og:site_name\" content=\"Scuola di Cinema Pigrecoemme - Blog\" \/>\n<meta property=\"article:publisher\" content=\"https:\/\/www.facebook.com\/pigrecoemme\" \/>\n<meta property=\"article:author\" content=\"https:\/\/www.facebook.com\/giacomo.fabbrocino\" \/>\n<meta property=\"article:published_time\" content=\"2010-05-24T12:01:32+00:00\" \/>\n<meta property=\"article:modified_time\" content=\"2010-06-01T14:48:20+00:00\" \/>\n<meta property=\"og:image\" content=\"https:\/\/i0.wp.com\/www.pigrecoemme.com\/blog\/wp-content\/uploads\/2014\/11\/pigrecoemme-test1.jpg?fit=484%2C252&ssl=1\" \/>\n\t<meta property=\"og:image:width\" content=\"484\" \/>\n\t<meta property=\"og:image:height\" content=\"252\" \/>\n\t<meta property=\"og:image:type\" content=\"image\/jpeg\" \/>\n<meta name=\"author\" content=\"Giacomo Fabbrocino\" \/>\n<meta name=\"twitter:card\" content=\"summary_large_image\" \/>\n<meta name=\"twitter:creator\" content=\"@Pigrecoemme\" \/>\n<meta name=\"twitter:site\" content=\"@Pigrecoemme\" \/>\n<meta name=\"twitter:label1\" content=\"Scritto da\" \/>\n\t<meta name=\"twitter:data1\" content=\"Giacomo Fabbrocino\" \/>\n<script type=\"application\/ld+json\" class=\"yoast-schema-graph\">{\"@context\":\"https:\\\/\\\/schema.org\",\"@graph\":[{\"@type\":[\"Article\",\"BlogPosting\"],\"@id\":\"https:\\\/\\\/www.pigrecoemme.com\\\/blog\\\/la-fine-al-napoli-film-festival\\\/#article\",\"isPartOf\":{\"@id\":\"https:\\\/\\\/www.pigrecoemme.com\\\/blog\\\/la-fine-al-napoli-film-festival\\\/\"},\"author\":{\"name\":\"Giacomo Fabbrocino\",\"@id\":\"https:\\\/\\\/www.pigrecoemme.com\\\/blog\\\/#\\\/schema\\\/person\\\/57fa822c3d209d3a2612fd0411ae63f4\"},\"headline\":\"La Fine al Napoli Film Festival\",\"datePublished\":\"2010-05-24T12:01:32+00:00\",\"dateModified\":\"2010-06-01T14:48:20+00:00\",\"mainEntityOfPage\":{\"@id\":\"https:\\\/\\\/www.pigrecoemme.com\\\/blog\\\/la-fine-al-napoli-film-festival\\\/\"},\"wordCount\":47,\"commentCount\":0,\"publisher\":{\"@id\":\"https:\\\/\\\/www.pigrecoemme.com\\\/blog\\\/#organization\"},\"keywords\":[\"cortometraggio\",\"la fine\",\"napoli film festival\",\"napolifilmfestival\",\"Scuola di cinema\"],\"articleSection\":[\"Produzioni\",\"Scuola di cinema\"],\"inLanguage\":\"it-IT\",\"potentialAction\":[{\"@type\":\"CommentAction\",\"name\":\"Comment\",\"target\":[\"https:\\\/\\\/www.pigrecoemme.com\\\/blog\\\/la-fine-al-napoli-film-festival\\\/#respond\"]}]},{\"@type\":\"WebPage\",\"@id\":\"https:\\\/\\\/www.pigrecoemme.com\\\/blog\\\/la-fine-al-napoli-film-festival\\\/\",\"url\":\"https:\\\/\\\/www.pigrecoemme.com\\\/blog\\\/la-fine-al-napoli-film-festival\\\/\",\"name\":\"La Fine al Napoli Film Festival\",\"isPartOf\":{\"@id\":\"https:\\\/\\\/www.pigrecoemme.com\\\/blog\\\/#website\"},\"datePublished\":\"2010-05-24T12:01:32+00:00\",\"dateModified\":\"2010-06-01T14:48:20+00:00\",\"breadcrumb\":{\"@id\":\"https:\\\/\\\/www.pigrecoemme.com\\\/blog\\\/la-fine-al-napoli-film-festival\\\/#breadcrumb\"},\"inLanguage\":\"it-IT\",\"potentialAction\":[{\"@type\":\"ReadAction\",\"target\":[\"https:\\\/\\\/www.pigrecoemme.com\\\/blog\\\/la-fine-al-napoli-film-festival\\\/\"]}]},{\"@type\":\"BreadcrumbList\",\"@id\":\"https:\\\/\\\/www.pigrecoemme.com\\\/blog\\\/la-fine-al-napoli-film-festival\\\/#breadcrumb\",\"itemListElement\":[{\"@type\":\"ListItem\",\"position\":1,\"name\":\"Home\",\"item\":\"https:\\\/\\\/www.pigrecoemme.com\\\/blog\\\/\"},{\"@type\":\"ListItem\",\"position\":2,\"name\":\"La Fine al Napoli Film Festival\"}]},{\"@type\":\"WebSite\",\"@id\":\"https:\\\/\\\/www.pigrecoemme.com\\\/blog\\\/#website\",\"url\":\"https:\\\/\\\/www.pigrecoemme.com\\\/blog\\\/\",\"name\":\"Scuola di Cinema Pigrecoemme - Blog\",\"description\":\"Siamo la prima Scuola di Cinema e Fotografia di Napoli\",\"publisher\":{\"@id\":\"https:\\\/\\\/www.pigrecoemme.com\\\/blog\\\/#organization\"},\"potentialAction\":[{\"@type\":\"SearchAction\",\"target\":{\"@type\":\"EntryPoint\",\"urlTemplate\":\"https:\\\/\\\/www.pigrecoemme.com\\\/blog\\\/?s={search_term_string}\"},\"query-input\":{\"@type\":\"PropertyValueSpecification\",\"valueRequired\":true,\"valueName\":\"search_term_string\"}}],\"inLanguage\":\"it-IT\"},{\"@type\":\"Organization\",\"@id\":\"https:\\\/\\\/www.pigrecoemme.com\\\/blog\\\/#organization\",\"name\":\"Scuola di cinema e fotografia Pigrecoemme\",\"url\":\"https:\\\/\\\/www.pigrecoemme.com\\\/blog\\\/\",\"logo\":{\"@type\":\"ImageObject\",\"inLanguage\":\"it-IT\",\"@id\":\"https:\\\/\\\/www.pigrecoemme.com\\\/blog\\\/#\\\/schema\\\/logo\\\/image\\\/\",\"url\":\"https:\\\/\\\/i0.wp.com\\\/www.pigrecoemme.com\\\/blog\\\/wp-content\\\/uploads\\\/2018\\\/06\\\/logo-pigrecoemme-2018.png?fit=500%2C500&ssl=1\",\"contentUrl\":\"https:\\\/\\\/i0.wp.com\\\/www.pigrecoemme.com\\\/blog\\\/wp-content\\\/uploads\\\/2018\\\/06\\\/logo-pigrecoemme-2018.png?fit=500%2C500&ssl=1\",\"width\":500,\"height\":500,\"caption\":\"Scuola di cinema e fotografia Pigrecoemme\"},\"image\":{\"@id\":\"https:\\\/\\\/www.pigrecoemme.com\\\/blog\\\/#\\\/schema\\\/logo\\\/image\\\/\"},\"sameAs\":[\"https:\\\/\\\/www.facebook.com\\\/pigrecoemme\",\"https:\\\/\\\/x.com\\\/Pigrecoemme\",\"https:\\\/\\\/www.instagram.com\\\/pigrecoemme\\\/\",\"https:\\\/\\\/www.linkedin.com\\\/company\\\/pigrecoemme\\\/\",\"https:\\\/\\\/www.youtube.com\\\/pigrecoemme\"]},{\"@type\":\"Person\",\"@id\":\"https:\\\/\\\/www.pigrecoemme.com\\\/blog\\\/#\\\/schema\\\/person\\\/57fa822c3d209d3a2612fd0411ae63f4\",\"name\":\"Giacomo Fabbrocino\",\"image\":{\"@type\":\"ImageObject\",\"inLanguage\":\"it-IT\",\"@id\":\"https:\\\/\\\/secure.gravatar.com\\\/avatar\\\/0e4dfd4d05c06a03fffaffeb36fb181415ba11b91a6b566fa2e8ada75927db32?s=96&r=g\",\"url\":\"https:\\\/\\\/secure.gravatar.com\\\/avatar\\\/0e4dfd4d05c06a03fffaffeb36fb181415ba11b91a6b566fa2e8ada75927db32?s=96&r=g\",\"contentUrl\":\"https:\\\/\\\/secure.gravatar.com\\\/avatar\\\/0e4dfd4d05c06a03fffaffeb36fb181415ba11b91a6b566fa2e8ada75927db32?s=96&r=g\",\"caption\":\"Giacomo Fabbrocino\"},\"description\":\"Montatore cinematografico, autore di documentari sull'arte e di video d'artista, Giacomo \u00e8 responsabile della didattica e della comunicazione web della Scuola di Cinema, Fotografia e Televisione Pigrecoemme di Napoli.\",\"sameAs\":[\"http:\\\/\\\/www.pigrecoemme.com\\\/\",\"https:\\\/\\\/www.facebook.com\\\/giacomo.fabbrocino\"],\"url\":\"https:\\\/\\\/www.pigrecoemme.com\\\/blog\\\/author\\\/giacomo-fabbrocino\\\/\"}]}<\/script>\n<!-- \/ Yoast SEO plugin. -->","yoast_head_json":{"title":"La Fine al Napoli Film Festival","robots":{"index":"index","follow":"follow","max-snippet":"max-snippet:-1","max-image-preview":"max-image-preview:large","max-video-preview":"max-video-preview:-1"},"canonical":"https:\/\/www.pigrecoemme.com\/blog\/la-fine-al-napoli-film-festival\/","og_locale":"it_IT","og_type":"article","og_title":"La Fine al Napoli Film Festival","og_description":"Il cortometraggio &#8220;La Fine&#8221;, realizzato come esercitazione finale dagli allievi del corso annuale 2008\/2009 della Scuola di Cinema Pigrecoemme, \u00a0\u00e8 stato ammesso di diritto al concorso SchermoNapoli 2010 del Napoli Film Festival. La proiezione \u00e8 prevista per luned\u00ec 7 giugno &hellip; Continue reading &rarr;","og_url":"https:\/\/www.pigrecoemme.com\/blog\/la-fine-al-napoli-film-festival\/","og_site_name":"Scuola di Cinema Pigrecoemme - Blog","article_publisher":"https:\/\/www.facebook.com\/pigrecoemme","article_author":"https:\/\/www.facebook.com\/giacomo.fabbrocino","article_published_time":"2010-05-24T12:01:32+00:00","article_modified_time":"2010-06-01T14:48:20+00:00","og_image":[{"width":484,"height":252,"url":"https:\/\/i0.wp.com\/www.pigrecoemme.com\/blog\/wp-content\/uploads\/2014\/11\/pigrecoemme-test1.jpg?fit=484%2C252&ssl=1","type":"image\/jpeg"}],"author":"Giacomo Fabbrocino","twitter_card":"summary_large_image","twitter_creator":"@Pigrecoemme","twitter_site":"@Pigrecoemme","twitter_misc":{"Scritto da":"Giacomo Fabbrocino"},"schema":{"@context":"https:\/\/schema.org","@graph":[{"@type":["Article","BlogPosting"],"@id":"https:\/\/www.pigrecoemme.com\/blog\/la-fine-al-napoli-film-festival\/#article","isPartOf":{"@id":"https:\/\/www.pigrecoemme.com\/blog\/la-fine-al-napoli-film-festival\/"},"author":{"name":"Giacomo Fabbrocino","@id":"https:\/\/www.pigrecoemme.com\/blog\/#\/schema\/person\/57fa822c3d209d3a2612fd0411ae63f4"},"headline":"La Fine al Napoli Film Festival","datePublished":"2010-05-24T12:01:32+00:00","dateModified":"2010-06-01T14:48:20+00:00","mainEntityOfPage":{"@id":"https:\/\/www.pigrecoemme.com\/blog\/la-fine-al-napoli-film-festival\/"},"wordCount":47,"commentCount":0,"publisher":{"@id":"https:\/\/www.pigrecoemme.com\/blog\/#organization"},"keywords":["cortometraggio","la fine","napoli film festival","napolifilmfestival","Scuola di cinema"],"articleSection":["Produzioni","Scuola di cinema"],"inLanguage":"it-IT","potentialAction":[{"@type":"CommentAction","name":"Comment","target":["https:\/\/www.pigrecoemme.com\/blog\/la-fine-al-napoli-film-festival\/#respond"]}]},{"@type":"WebPage","@id":"https:\/\/www.pigrecoemme.com\/blog\/la-fine-al-napoli-film-festival\/","url":"https:\/\/www.pigrecoemme.com\/blog\/la-fine-al-napoli-film-festival\/","name":"La Fine al Napoli Film Festival","isPartOf":{"@id":"https:\/\/www.pigrecoemme.com\/blog\/#website"},"datePublished":"2010-05-24T12:01:32+00:00","dateModified":"2010-06-01T14:48:20+00:00","breadcrumb":{"@id":"https:\/\/www.pigrecoemme.com\/blog\/la-fine-al-napoli-film-festival\/#breadcrumb"},"inLanguage":"it-IT","potentialAction":[{"@type":"ReadAction","target":["https:\/\/www.pigrecoemme.com\/blog\/la-fine-al-napoli-film-festival\/"]}]},{"@type":"BreadcrumbList","@id":"https:\/\/www.pigrecoemme.com\/blog\/la-fine-al-napoli-film-festival\/#breadcrumb","itemListElement":[{"@type":"ListItem","position":1,"name":"Home","item":"https:\/\/www.pigrecoemme.com\/blog\/"},{"@type":"ListItem","position":2,"name":"La Fine al Napoli Film Festival"}]},{"@type":"WebSite","@id":"https:\/\/www.pigrecoemme.com\/blog\/#website","url":"https:\/\/www.pigrecoemme.com\/blog\/","name":"Scuola di Cinema Pigrecoemme - Blog","description":"Siamo la prima Scuola di Cinema e Fotografia di Napoli","publisher":{"@id":"https:\/\/www.pigrecoemme.com\/blog\/#organization"},"potentialAction":[{"@type":"SearchAction","target":{"@type":"EntryPoint","urlTemplate":"https:\/\/www.pigrecoemme.com\/blog\/?s={search_term_string}"},"query-input":{"@type":"PropertyValueSpecification","valueRequired":true,"valueName":"search_term_string"}}],"inLanguage":"it-IT"},{"@type":"Organization","@id":"https:\/\/www.pigrecoemme.com\/blog\/#organization","name":"Scuola di cinema e fotografia Pigrecoemme","url":"https:\/\/www.pigrecoemme.com\/blog\/","logo":{"@type":"ImageObject","inLanguage":"it-IT","@id":"https:\/\/www.pigrecoemme.com\/blog\/#\/schema\/logo\/image\/","url":"https:\/\/i0.wp.com\/www.pigrecoemme.com\/blog\/wp-content\/uploads\/2018\/06\/logo-pigrecoemme-2018.png?fit=500%2C500&ssl=1","contentUrl":"https:\/\/i0.wp.com\/www.pigrecoemme.com\/blog\/wp-content\/uploads\/2018\/06\/logo-pigrecoemme-2018.png?fit=500%2C500&ssl=1","width":500,"height":500,"caption":"Scuola di cinema e fotografia Pigrecoemme"},"image":{"@id":"https:\/\/www.pigrecoemme.com\/blog\/#\/schema\/logo\/image\/"},"sameAs":["https:\/\/www.facebook.com\/pigrecoemme","https:\/\/x.com\/Pigrecoemme","https:\/\/www.instagram.com\/pigrecoemme\/","https:\/\/www.linkedin.com\/company\/pigrecoemme\/","https:\/\/www.youtube.com\/pigrecoemme"]},{"@type":"Person","@id":"https:\/\/www.pigrecoemme.com\/blog\/#\/schema\/person\/57fa822c3d209d3a2612fd0411ae63f4","name":"Giacomo Fabbrocino","image":{"@type":"ImageObject","inLanguage":"it-IT","@id":"https:\/\/secure.gravatar.com\/avatar\/0e4dfd4d05c06a03fffaffeb36fb181415ba11b91a6b566fa2e8ada75927db32?s=96&r=g","url":"https:\/\/secure.gravatar.com\/avatar\/0e4dfd4d05c06a03fffaffeb36fb181415ba11b91a6b566fa2e8ada75927db32?s=96&r=g","contentUrl":"https:\/\/secure.gravatar.com\/avatar\/0e4dfd4d05c06a03fffaffeb36fb181415ba11b91a6b566fa2e8ada75927db32?s=96&r=g","caption":"Giacomo Fabbrocino"},"description":"Montatore cinematografico, autore di documentari sull'arte e di video d'artista, Giacomo \u00e8 responsabile della didattica e della comunicazione web della Scuola di Cinema, Fotografia e Televisione Pigrecoemme di Napoli.","sameAs":["http:\/\/www.pigrecoemme.com\/","https:\/\/www.facebook.com\/giacomo.fabbrocino"],"url":"https:\/\/www.pigrecoemme.com\/blog\/author\/giacomo-fabbrocino\/"}]}},"jetpack_sharing_enabled":true,"jetpack_likes_enabled":true,"jetpack-related-posts":[{"id":127,"url":"https:\/\/www.pigrecoemme.com\/blog\/un-passo-indetro-in-concorso-al-festival-o-curt\/","url_meta":{"origin":242,"position":0},"title":"Un passo indetro in concorso al festival &#8216;O Curt","author":"Corrado Morra","date":"11 Febbraio 2009","format":false,"excerpt":"Un passo indietro, il cortometraggio realizzato dagli allievi dell'ultimo corso annuale della Scuola di cinema Pigrecoemme, \u00e8 in concorso all'XI edizione del festival del cortometraggio 'O Curt. Il film, diretto da Marco Pugliese, \u00e8 cos\u00ec tra i 27 titoli selezionati tra le oltre trecento opere brevi, provenienti dall\u2019Italia e dall\u2019estero,\u2026","rel":"","context":"In &quot;Eventi&quot;","block_context":{"text":"Eventi","link":"https:\/\/www.pigrecoemme.com\/blog\/eventi\/"},"img":{"alt_text":"","src":"https:\/\/i0.wp.com\/www.pigrecoemme.com\/blog\/wp-content\/uploads\/2009\/02\/un_passo_indietro.jpg?resize=350%2C200","width":350,"height":200},"classes":[]},{"id":51,"url":"https:\/\/www.pigrecoemme.com\/blog\/filmuto-al-napolifilmfestival\/","url_meta":{"origin":242,"position":1},"title":"Filmuto al NapoliFilmFestival","author":"Giacomo Fabbrocino","date":"19 Maggio 2008","format":false,"excerpt":"Il cortometraggio \"Filmuto\", realizzato dagli allievi del corso di regia condotto da Pigrecoemme presso la Mediateca Santa Sofia del Comune di Napoli, \u00e8 stato selezionato per il concorso Schermo Napoli Corti 2008 del NapoliFilmFestival. Interamente scritto e diretto dagli allievi del corso, tutti alla prima esperienza, \"Filmuto\" \u00e8 un piccolo\u2026","rel":"","context":"In &quot;Scuola di cinema&quot;","block_context":{"text":"Scuola di cinema","link":"https:\/\/www.pigrecoemme.com\/blog\/scuola-di-cinema\/"},"img":{"alt_text":"","src":"","width":0,"height":0},"classes":[]},{"id":2229,"url":"https:\/\/www.pigrecoemme.com\/blog\/i-nostri-allievi-al-napoli-film-festival-2018-e-un-docente-in-giuria\/","url_meta":{"origin":242,"position":2},"title":"I nostri allievi al Napoli Film Festival 2018 (e un docente in giuria)","author":"Pigrecoemme","date":"26 Settembre 2018","format":false,"excerpt":"Giunto ormai alla ventesima edizione, il Napoli Film Festival \u00e8 un evento centrale della vita culturale napoletana, oltre ad essere riconosciuto a livello nazionale come evento particolarmente attento alle forme sperimentali del cinema, al cortometraggio, al documentario e alle produzioni indipendenti.Anche quest'anno \u00e8 nutritissima la compagine di ex allievi della\u2026","rel":"","context":"In &quot;Generale&quot;","block_context":{"text":"Generale","link":"https:\/\/www.pigrecoemme.com\/blog\/generale\/"},"img":{"alt_text":"Napoli Film Festival 2018","src":"https:\/\/i0.wp.com\/www.pigrecoemme.com\/blog\/wp-content\/uploads\/2018\/09\/napoli-film-festival-2018.jpg?resize=350%2C200&ssl=1","width":350,"height":200,"srcset":"https:\/\/i0.wp.com\/www.pigrecoemme.com\/blog\/wp-content\/uploads\/2018\/09\/napoli-film-festival-2018.jpg?resize=350%2C200&ssl=1 1x, https:\/\/i0.wp.com\/www.pigrecoemme.com\/blog\/wp-content\/uploads\/2018\/09\/napoli-film-festival-2018.jpg?resize=525%2C300&ssl=1 1.5x, https:\/\/i0.wp.com\/www.pigrecoemme.com\/blog\/wp-content\/uploads\/2018\/09\/napoli-film-festival-2018.jpg?resize=700%2C400&ssl=1 2x"},"classes":[]},{"id":86,"url":"https:\/\/www.pigrecoemme.com\/blog\/successo-a-stoccolma-per-un-passo-indietro-il-corto-realizzato-dagli-allievi-del-corso-master-20072008\/","url_meta":{"origin":242,"position":3},"title":"Successo a Stoccolma per &#8216;Un passo indietro&#8217;, il corto realizzato dagli allievi del corso master 2007\/2008","author":"Giacomo Fabbrocino","date":"3 Ottobre 2008","format":false,"excerpt":"E' stato pubblicato oggi dal quotidiano Roma un articolo a piena pagina sulla presentazione, avvenuta due giorni fa al Festival del Cinema Italiano di Stoccolma, di \"Un passo indietro\", il cortometraggio realizzato dai partecipanti al corso master 2007\/2008 della Scuola di cinema Pigrecoemme. Il nostro allievo Marco Pugliese, che del\u2026","rel":"","context":"In &quot;Produzioni&quot;","block_context":{"text":"Produzioni","link":"https:\/\/www.pigrecoemme.com\/blog\/produzioni\/"},"img":{"alt_text":"","src":"https:\/\/i0.wp.com\/www.pigrecoemme.com\/blog\/wp-content\/uploads\/2008\/10\/articolomarco-pugliese-stoccolma-150x150.jpg?resize=350%2C200","width":350,"height":200},"classes":[]},{"id":255,"url":"https:\/\/www.pigrecoemme.com\/blog\/nuovo-cortometraggio-di-fine-anno-e-nuovo-casting\/","url_meta":{"origin":242,"position":4},"title":"Nuovo Cortometraggio di fine anno e Nuovo Casting","author":"Rosario Gallone","date":"9 Luglio 2010","format":false,"excerpt":"Un altro anno \"accademico\" di Pigrecoemme volge al termine. Un altro cortometraggio finale sta per essere realizzato.\u00a0 Si girer\u00e0 a settembre. Ecco dunque che, puntuale come il Natale, ma non come il caldo che stavolta si \u00e8 fatto aspettare, parte la ricerca di facce e\u00a0 volti che possano e vogliano\u2026","rel":"","context":"In &quot;Generale&quot;","block_context":{"text":"Generale","link":"https:\/\/www.pigrecoemme.com\/blog\/generale\/"},"img":{"alt_text":"","src":"https:\/\/i0.wp.com\/www.pigrecoemme.com\/blog\/wp-content\/uploads\/2010\/07\/casting-300x110.png?resize=350%2C200","width":350,"height":200},"classes":[]},{"id":32,"url":"https:\/\/www.pigrecoemme.com\/blog\/o-curt-x-edizione-del-festival-del-cortometraggio\/","url_meta":{"origin":242,"position":5},"title":"&#8216;O Curt &#8211; X edizione del festival del cortometraggio","author":"Giacomo Fabbrocino","date":"4 Febbraio 2008","format":false,"excerpt":"Dal 6 al 9 febbraio a Napoli si rinnova l\u2019appuntamento con \u2019O CURT Festival del cortometraggio, che quest\u2019anno giunge al prestigioso traguardo della decima edizione. La rassegna, a cura della Mediateca S. Sofia dell\u2019Assessorato alle Politiche giovanili - Servizio Giovani in collaborazione con La Scuola di Cinema e Televisione Pigrecoemme\u2026","rel":"","context":"In &quot;Eventi&quot;","block_context":{"text":"Eventi","link":"https:\/\/www.pigrecoemme.com\/blog\/eventi\/"},"img":{"alt_text":"","src":"","width":0,"height":0},"classes":[]}],"jetpack_featured_media_url":"","_links":{"self":[{"href":"https:\/\/www.pigrecoemme.com\/blog\/wp-json\/wp\/v2\/posts\/242","targetHints":{"allow":["GET"]}}],"collection":[{"href":"https:\/\/www.pigrecoemme.com\/blog\/wp-json\/wp\/v2\/posts"}],"about":[{"href":"https:\/\/www.pigrecoemme.com\/blog\/wp-json\/wp\/v2\/types\/post"}],"author":[{"embeddable":true,"href":"https:\/\/www.pigrecoemme.com\/blog\/wp-json\/wp\/v2\/users\/1"}],"replies":[{"embeddable":true,"href":"https:\/\/www.pigrecoemme.com\/blog\/wp-json\/wp\/v2\/comments?post=242"}],"version-history":[{"count":0,"href":"https:\/\/www.pigrecoemme.com\/blog\/wp-json\/wp\/v2\/posts\/242\/revisions"}],"wp:attachment":[{"href":"https:\/\/www.pigrecoemme.com\/blog\/wp-json\/wp\/v2\/media?parent=242"}],"wp:term":[{"taxonomy":"category","embeddable":true,"href":"https:\/\/www.pigrecoemme.com\/blog\/wp-json\/wp\/v2\/categories?post=242"},{"taxonomy":"post_tag","embeddable":true,"href":"https:\/\/www.pigrecoemme.com\/blog\/wp-json\/wp\/v2\/tags?post=242"}],"curies":[{"name":"wp","href":"https:\/\/api.w.org\/{rel}","templated":true}]}}