{"id":240,"date":"2010-05-19T21:36:58","date_gmt":"2010-05-19T19:36:58","guid":{"rendered":"http:\/\/www.pigrecoemme.com\/blog\/?p=240"},"modified":"2010-05-19T21:36:58","modified_gmt":"2010-05-19T19:36:58","slug":"giovedi-20-maggio-2010-presentazione-di-rock-around-the-screen-con-carlo-verdone","status":"publish","type":"post","link":"https:\/\/www.pigrecoemme.com\/blog\/giovedi-20-maggio-2010-presentazione-di-rock-around-the-screen-con-carlo-verdone\/","title":{"rendered":"Gioved\u00ec 20 maggio 2010 presentazione di Rock Around The Screen con Carlo Verdone"},"content":{"rendered":"<p><a href=\"https:\/\/i0.wp.com\/www.pigrecoemme.com\/blog\/wp-content\/uploads\/2010\/05\/verdioneuniv.jpg?ssl=1\"><img data-recalc-dims=\"1\" loading=\"lazy\" decoding=\"async\" class=\"aligncenter size-medium wp-image-241\" title=\"rock around the screen\" src=\"https:\/\/i0.wp.com\/www.pigrecoemme.com\/blog\/wp-content\/uploads\/2010\/05\/verdioneuniv.jpg?resize=211%2C300&#038;ssl=1\" alt=\"\" width=\"211\" height=\"300\" srcset=\"https:\/\/i0.wp.com\/www.pigrecoemme.com\/blog\/wp-content\/uploads\/2010\/05\/verdioneuniv.jpg?resize=211%2C300&amp;ssl=1 211w, https:\/\/i0.wp.com\/www.pigrecoemme.com\/blog\/wp-content\/uploads\/2010\/05\/verdioneuniv.jpg?w=458&amp;ssl=1 458w\" sizes=\"auto, (max-width: 211px) 100vw, 211px\" \/><\/a><\/p>\n<p>La Facolt\u00e0 di Scienze della Formazione<br \/>\ndell&#8217;Universit\u00e0 Roma Tre<br \/>\nPresenta<\/p>\n<p>Un incontro con<br \/>\nCARLO VERDONE<\/p>\n<p>in occasione della presentazione del libro<br \/>\nROCK AROUND THE SCREEN<br \/>\nStorie di cinema e musica pop<\/p>\n<p>a cura di<br \/>\nDiego del Pozzo e Vincenzo Esposito<br \/>\n(Liguori Editore)<\/p>\n<p>Gioved\u00ec 20 maggio 2010<br \/>\nore 11,00<br \/>\nAula magna Volpi<br \/>\nIngresso da Via Milazzo, 11\/a<\/p>\n<p>Saranno presenti gli autori del libro<br \/>\nInterviene: Fabio Liberatori<br \/>\nModera: Giandomenico Curi<\/p>\n<p>In collaborazione con il laboratorio di cinematografia<br \/>\ncondotto dal prof C.F. Casula e dal prof G.D. Curi<\/p>\n<p>Federazione italiana Circoli del Cinema<\/p>\n","protected":false},"excerpt":{"rendered":"<p>La Facolt\u00e0 di Scienze della Formazione dell&#8217;Universit\u00e0 Roma Tre Presenta Un incontro con CARLO VERDONE in occasione della presentazione del libro ROCK AROUND THE SCREEN Storie di cinema e musica pop a cura di&hellip;<\/p>\n","protected":false},"author":1,"featured_media":0,"comment_status":"open","ping_status":"open","sticky":false,"template":"","format":"standard","meta":{"_jetpack_newsletter_access":"","_jetpack_dont_email_post_to_subs":false,"_jetpack_newsletter_tier_id":0,"_jetpack_memberships_contains_paywalled_content":false,"_jetpack_feature_clip_id":0,"_jetpack_memberships_contains_paid_content":false,"footnotes":"","jetpack_post_was_ever_published":false},"categories":[11,1],"tags":[398,361],"class_list":["post-240","post","type-post","status-publish","format-standard","hentry","category-eventi","category-generale","tag-carlo-verdone","tag-rock-around-the-screen"],"yoast_head":"<!-- This site is optimized with the Yoast SEO plugin v28.3 - https:\/\/yoast.com\/product\/yoast-seo-wordpress\/ -->\n<title>Gioved\u00ec 20 maggio 2010 presentazione di Rock Around The Screen con Carlo Verdone<\/title>\n<meta name=\"robots\" content=\"index, follow, max-snippet:-1, max-image-preview:large, max-video-preview:-1\" \/>\n<link rel=\"canonical\" href=\"https:\/\/www.pigrecoemme.com\/blog\/giovedi-20-maggio-2010-presentazione-di-rock-around-the-screen-con-carlo-verdone\/\" \/>\n<meta property=\"og:locale\" content=\"it_IT\" \/>\n<meta property=\"og:type\" content=\"article\" \/>\n<meta property=\"og:title\" content=\"Gioved\u00ec 20 maggio 2010 presentazione di Rock Around The Screen con Carlo Verdone\" \/>\n<meta property=\"og:description\" content=\"La Facolt\u00e0 di Scienze della Formazione dell&#8217;Universit\u00e0 Roma Tre Presenta Un incontro con CARLO VERDONE in occasione della presentazione del libro ROCK AROUND THE SCREEN Storie di cinema e musica pop a cura di Diego del Pozzo e Vincenzo Esposito &hellip; Continue reading &rarr;\" \/>\n<meta property=\"og:url\" content=\"https:\/\/www.pigrecoemme.com\/blog\/giovedi-20-maggio-2010-presentazione-di-rock-around-the-screen-con-carlo-verdone\/\" \/>\n<meta property=\"og:site_name\" content=\"Scuola di Cinema Pigrecoemme - Blog\" \/>\n<meta property=\"article:publisher\" content=\"https:\/\/www.facebook.com\/pigrecoemme\" \/>\n<meta property=\"article:author\" content=\"https:\/\/www.facebook.com\/giacomo.fabbrocino\" \/>\n<meta property=\"article:published_time\" content=\"2010-05-19T19:36:58+00:00\" \/>\n<meta property=\"og:image\" content=\"http:\/\/www.pigrecoemme.com\/blog\/wp-content\/uploads\/2010\/05\/verdioneuniv-211x300.jpg\" \/>\n<meta name=\"author\" content=\"Giacomo Fabbrocino\" \/>\n<meta name=\"twitter:card\" content=\"summary_large_image\" \/>\n<meta name=\"twitter:creator\" content=\"@Pigrecoemme\" \/>\n<meta name=\"twitter:site\" content=\"@Pigrecoemme\" \/>\n<meta name=\"twitter:label1\" content=\"Scritto da\" \/>\n\t<meta name=\"twitter:data1\" content=\"Giacomo Fabbrocino\" \/>\n<script type=\"application\/ld+json\" class=\"yoast-schema-graph\">{\"@context\":\"https:\\\/\\\/schema.org\",\"@graph\":[{\"@type\":[\"Article\",\"BlogPosting\"],\"@id\":\"https:\\\/\\\/www.pigrecoemme.com\\\/blog\\\/giovedi-20-maggio-2010-presentazione-di-rock-around-the-screen-con-carlo-verdone\\\/#article\",\"isPartOf\":{\"@id\":\"https:\\\/\\\/www.pigrecoemme.com\\\/blog\\\/giovedi-20-maggio-2010-presentazione-di-rock-around-the-screen-con-carlo-verdone\\\/\"},\"author\":{\"name\":\"Giacomo Fabbrocino\",\"@id\":\"https:\\\/\\\/www.pigrecoemme.com\\\/blog\\\/#\\\/schema\\\/person\\\/57fa822c3d209d3a2612fd0411ae63f4\"},\"headline\":\"Gioved\u00ec 20 maggio 2010 presentazione di Rock Around The Screen con Carlo Verdone\",\"datePublished\":\"2010-05-19T19:36:58+00:00\",\"mainEntityOfPage\":{\"@id\":\"https:\\\/\\\/www.pigrecoemme.com\\\/blog\\\/giovedi-20-maggio-2010-presentazione-di-rock-around-the-screen-con-carlo-verdone\\\/\"},\"wordCount\":101,\"commentCount\":0,\"publisher\":{\"@id\":\"https:\\\/\\\/www.pigrecoemme.com\\\/blog\\\/#organization\"},\"image\":{\"@id\":\"https:\\\/\\\/www.pigrecoemme.com\\\/blog\\\/giovedi-20-maggio-2010-presentazione-di-rock-around-the-screen-con-carlo-verdone\\\/#primaryimage\"},\"thumbnailUrl\":\"http:\\\/\\\/www.pigrecoemme.com\\\/blog\\\/wp-content\\\/uploads\\\/2010\\\/05\\\/verdioneuniv-211x300.jpg\",\"keywords\":[\"carlo verdone\",\"rock around the screen\"],\"articleSection\":[\"Eventi\",\"Generale\"],\"inLanguage\":\"it-IT\",\"potentialAction\":[{\"@type\":\"CommentAction\",\"name\":\"Comment\",\"target\":[\"https:\\\/\\\/www.pigrecoemme.com\\\/blog\\\/giovedi-20-maggio-2010-presentazione-di-rock-around-the-screen-con-carlo-verdone\\\/#respond\"]}]},{\"@type\":\"WebPage\",\"@id\":\"https:\\\/\\\/www.pigrecoemme.com\\\/blog\\\/giovedi-20-maggio-2010-presentazione-di-rock-around-the-screen-con-carlo-verdone\\\/\",\"url\":\"https:\\\/\\\/www.pigrecoemme.com\\\/blog\\\/giovedi-20-maggio-2010-presentazione-di-rock-around-the-screen-con-carlo-verdone\\\/\",\"name\":\"Gioved\u00ec 20 maggio 2010 presentazione di Rock Around The Screen con Carlo Verdone\",\"isPartOf\":{\"@id\":\"https:\\\/\\\/www.pigrecoemme.com\\\/blog\\\/#website\"},\"primaryImageOfPage\":{\"@id\":\"https:\\\/\\\/www.pigrecoemme.com\\\/blog\\\/giovedi-20-maggio-2010-presentazione-di-rock-around-the-screen-con-carlo-verdone\\\/#primaryimage\"},\"image\":{\"@id\":\"https:\\\/\\\/www.pigrecoemme.com\\\/blog\\\/giovedi-20-maggio-2010-presentazione-di-rock-around-the-screen-con-carlo-verdone\\\/#primaryimage\"},\"thumbnailUrl\":\"http:\\\/\\\/www.pigrecoemme.com\\\/blog\\\/wp-content\\\/uploads\\\/2010\\\/05\\\/verdioneuniv-211x300.jpg\",\"datePublished\":\"2010-05-19T19:36:58+00:00\",\"breadcrumb\":{\"@id\":\"https:\\\/\\\/www.pigrecoemme.com\\\/blog\\\/giovedi-20-maggio-2010-presentazione-di-rock-around-the-screen-con-carlo-verdone\\\/#breadcrumb\"},\"inLanguage\":\"it-IT\",\"potentialAction\":[{\"@type\":\"ReadAction\",\"target\":[\"https:\\\/\\\/www.pigrecoemme.com\\\/blog\\\/giovedi-20-maggio-2010-presentazione-di-rock-around-the-screen-con-carlo-verdone\\\/\"]}]},{\"@type\":\"ImageObject\",\"inLanguage\":\"it-IT\",\"@id\":\"https:\\\/\\\/www.pigrecoemme.com\\\/blog\\\/giovedi-20-maggio-2010-presentazione-di-rock-around-the-screen-con-carlo-verdone\\\/#primaryimage\",\"url\":\"http:\\\/\\\/www.pigrecoemme.com\\\/blog\\\/wp-content\\\/uploads\\\/2010\\\/05\\\/verdioneuniv-211x300.jpg\",\"contentUrl\":\"http:\\\/\\\/www.pigrecoemme.com\\\/blog\\\/wp-content\\\/uploads\\\/2010\\\/05\\\/verdioneuniv-211x300.jpg\"},{\"@type\":\"BreadcrumbList\",\"@id\":\"https:\\\/\\\/www.pigrecoemme.com\\\/blog\\\/giovedi-20-maggio-2010-presentazione-di-rock-around-the-screen-con-carlo-verdone\\\/#breadcrumb\",\"itemListElement\":[{\"@type\":\"ListItem\",\"position\":1,\"name\":\"Home\",\"item\":\"https:\\\/\\\/www.pigrecoemme.com\\\/blog\\\/\"},{\"@type\":\"ListItem\",\"position\":2,\"name\":\"Gioved\u00ec 20 maggio 2010 presentazione di Rock Around The Screen con Carlo Verdone\"}]},{\"@type\":\"WebSite\",\"@id\":\"https:\\\/\\\/www.pigrecoemme.com\\\/blog\\\/#website\",\"url\":\"https:\\\/\\\/www.pigrecoemme.com\\\/blog\\\/\",\"name\":\"Scuola di Cinema Pigrecoemme - Blog\",\"description\":\"Siamo la prima Scuola di Cinema e Fotografia di Napoli\",\"publisher\":{\"@id\":\"https:\\\/\\\/www.pigrecoemme.com\\\/blog\\\/#organization\"},\"potentialAction\":[{\"@type\":\"SearchAction\",\"target\":{\"@type\":\"EntryPoint\",\"urlTemplate\":\"https:\\\/\\\/www.pigrecoemme.com\\\/blog\\\/?s={search_term_string}\"},\"query-input\":{\"@type\":\"PropertyValueSpecification\",\"valueRequired\":true,\"valueName\":\"search_term_string\"}}],\"inLanguage\":\"it-IT\"},{\"@type\":\"Organization\",\"@id\":\"https:\\\/\\\/www.pigrecoemme.com\\\/blog\\\/#organization\",\"name\":\"Scuola di cinema e fotografia Pigrecoemme\",\"url\":\"https:\\\/\\\/www.pigrecoemme.com\\\/blog\\\/\",\"logo\":{\"@type\":\"ImageObject\",\"inLanguage\":\"it-IT\",\"@id\":\"https:\\\/\\\/www.pigrecoemme.com\\\/blog\\\/#\\\/schema\\\/logo\\\/image\\\/\",\"url\":\"https:\\\/\\\/i0.wp.com\\\/www.pigrecoemme.com\\\/blog\\\/wp-content\\\/uploads\\\/2018\\\/06\\\/logo-pigrecoemme-2018.png?fit=500%2C500&ssl=1\",\"contentUrl\":\"https:\\\/\\\/i0.wp.com\\\/www.pigrecoemme.com\\\/blog\\\/wp-content\\\/uploads\\\/2018\\\/06\\\/logo-pigrecoemme-2018.png?fit=500%2C500&ssl=1\",\"width\":500,\"height\":500,\"caption\":\"Scuola di cinema e fotografia Pigrecoemme\"},\"image\":{\"@id\":\"https:\\\/\\\/www.pigrecoemme.com\\\/blog\\\/#\\\/schema\\\/logo\\\/image\\\/\"},\"sameAs\":[\"https:\\\/\\\/www.facebook.com\\\/pigrecoemme\",\"https:\\\/\\\/x.com\\\/Pigrecoemme\",\"https:\\\/\\\/www.instagram.com\\\/pigrecoemme\\\/\",\"https:\\\/\\\/www.linkedin.com\\\/company\\\/pigrecoemme\\\/\",\"https:\\\/\\\/www.youtube.com\\\/pigrecoemme\"]},{\"@type\":\"Person\",\"@id\":\"https:\\\/\\\/www.pigrecoemme.com\\\/blog\\\/#\\\/schema\\\/person\\\/57fa822c3d209d3a2612fd0411ae63f4\",\"name\":\"Giacomo Fabbrocino\",\"image\":{\"@type\":\"ImageObject\",\"inLanguage\":\"it-IT\",\"@id\":\"https:\\\/\\\/secure.gravatar.com\\\/avatar\\\/0e4dfd4d05c06a03fffaffeb36fb181415ba11b91a6b566fa2e8ada75927db32?s=96&r=g\",\"url\":\"https:\\\/\\\/secure.gravatar.com\\\/avatar\\\/0e4dfd4d05c06a03fffaffeb36fb181415ba11b91a6b566fa2e8ada75927db32?s=96&r=g\",\"contentUrl\":\"https:\\\/\\\/secure.gravatar.com\\\/avatar\\\/0e4dfd4d05c06a03fffaffeb36fb181415ba11b91a6b566fa2e8ada75927db32?s=96&r=g\",\"caption\":\"Giacomo Fabbrocino\"},\"description\":\"Montatore cinematografico, autore di documentari sull'arte e di video d'artista, Giacomo \u00e8 responsabile della didattica e della comunicazione web della Scuola di Cinema, Fotografia e Televisione Pigrecoemme di Napoli.\",\"sameAs\":[\"http:\\\/\\\/www.pigrecoemme.com\\\/\",\"https:\\\/\\\/www.facebook.com\\\/giacomo.fabbrocino\"],\"url\":\"https:\\\/\\\/www.pigrecoemme.com\\\/blog\\\/author\\\/giacomo-fabbrocino\\\/\"}]}<\/script>\n<!-- \/ Yoast SEO plugin. -->","yoast_head_json":{"title":"Gioved\u00ec 20 maggio 2010 presentazione di Rock Around The Screen con Carlo Verdone","robots":{"index":"index","follow":"follow","max-snippet":"max-snippet:-1","max-image-preview":"max-image-preview:large","max-video-preview":"max-video-preview:-1"},"canonical":"https:\/\/www.pigrecoemme.com\/blog\/giovedi-20-maggio-2010-presentazione-di-rock-around-the-screen-con-carlo-verdone\/","og_locale":"it_IT","og_type":"article","og_title":"Gioved\u00ec 20 maggio 2010 presentazione di Rock Around The Screen con Carlo Verdone","og_description":"La Facolt\u00e0 di Scienze della Formazione dell&#8217;Universit\u00e0 Roma Tre Presenta Un incontro con CARLO VERDONE in occasione della presentazione del libro ROCK AROUND THE SCREEN Storie di cinema e musica pop a cura di Diego del Pozzo e Vincenzo Esposito &hellip; Continue reading &rarr;","og_url":"https:\/\/www.pigrecoemme.com\/blog\/giovedi-20-maggio-2010-presentazione-di-rock-around-the-screen-con-carlo-verdone\/","og_site_name":"Scuola di Cinema Pigrecoemme - Blog","article_publisher":"https:\/\/www.facebook.com\/pigrecoemme","article_author":"https:\/\/www.facebook.com\/giacomo.fabbrocino","article_published_time":"2010-05-19T19:36:58+00:00","og_image":[{"url":"http:\/\/www.pigrecoemme.com\/blog\/wp-content\/uploads\/2010\/05\/verdioneuniv-211x300.jpg","type":"","width":"","height":""}],"author":"Giacomo Fabbrocino","twitter_card":"summary_large_image","twitter_creator":"@Pigrecoemme","twitter_site":"@Pigrecoemme","twitter_misc":{"Scritto da":"Giacomo Fabbrocino"},"schema":{"@context":"https:\/\/schema.org","@graph":[{"@type":["Article","BlogPosting"],"@id":"https:\/\/www.pigrecoemme.com\/blog\/giovedi-20-maggio-2010-presentazione-di-rock-around-the-screen-con-carlo-verdone\/#article","isPartOf":{"@id":"https:\/\/www.pigrecoemme.com\/blog\/giovedi-20-maggio-2010-presentazione-di-rock-around-the-screen-con-carlo-verdone\/"},"author":{"name":"Giacomo Fabbrocino","@id":"https:\/\/www.pigrecoemme.com\/blog\/#\/schema\/person\/57fa822c3d209d3a2612fd0411ae63f4"},"headline":"Gioved\u00ec 20 maggio 2010 presentazione di Rock Around The Screen con Carlo Verdone","datePublished":"2010-05-19T19:36:58+00:00","mainEntityOfPage":{"@id":"https:\/\/www.pigrecoemme.com\/blog\/giovedi-20-maggio-2010-presentazione-di-rock-around-the-screen-con-carlo-verdone\/"},"wordCount":101,"commentCount":0,"publisher":{"@id":"https:\/\/www.pigrecoemme.com\/blog\/#organization"},"image":{"@id":"https:\/\/www.pigrecoemme.com\/blog\/giovedi-20-maggio-2010-presentazione-di-rock-around-the-screen-con-carlo-verdone\/#primaryimage"},"thumbnailUrl":"http:\/\/www.pigrecoemme.com\/blog\/wp-content\/uploads\/2010\/05\/verdioneuniv-211x300.jpg","keywords":["carlo verdone","rock around the screen"],"articleSection":["Eventi","Generale"],"inLanguage":"it-IT","potentialAction":[{"@type":"CommentAction","name":"Comment","target":["https:\/\/www.pigrecoemme.com\/blog\/giovedi-20-maggio-2010-presentazione-di-rock-around-the-screen-con-carlo-verdone\/#respond"]}]},{"@type":"WebPage","@id":"https:\/\/www.pigrecoemme.com\/blog\/giovedi-20-maggio-2010-presentazione-di-rock-around-the-screen-con-carlo-verdone\/","url":"https:\/\/www.pigrecoemme.com\/blog\/giovedi-20-maggio-2010-presentazione-di-rock-around-the-screen-con-carlo-verdone\/","name":"Gioved\u00ec 20 maggio 2010 presentazione di Rock Around The Screen con Carlo Verdone","isPartOf":{"@id":"https:\/\/www.pigrecoemme.com\/blog\/#website"},"primaryImageOfPage":{"@id":"https:\/\/www.pigrecoemme.com\/blog\/giovedi-20-maggio-2010-presentazione-di-rock-around-the-screen-con-carlo-verdone\/#primaryimage"},"image":{"@id":"https:\/\/www.pigrecoemme.com\/blog\/giovedi-20-maggio-2010-presentazione-di-rock-around-the-screen-con-carlo-verdone\/#primaryimage"},"thumbnailUrl":"http:\/\/www.pigrecoemme.com\/blog\/wp-content\/uploads\/2010\/05\/verdioneuniv-211x300.jpg","datePublished":"2010-05-19T19:36:58+00:00","breadcrumb":{"@id":"https:\/\/www.pigrecoemme.com\/blog\/giovedi-20-maggio-2010-presentazione-di-rock-around-the-screen-con-carlo-verdone\/#breadcrumb"},"inLanguage":"it-IT","potentialAction":[{"@type":"ReadAction","target":["https:\/\/www.pigrecoemme.com\/blog\/giovedi-20-maggio-2010-presentazione-di-rock-around-the-screen-con-carlo-verdone\/"]}]},{"@type":"ImageObject","inLanguage":"it-IT","@id":"https:\/\/www.pigrecoemme.com\/blog\/giovedi-20-maggio-2010-presentazione-di-rock-around-the-screen-con-carlo-verdone\/#primaryimage","url":"http:\/\/www.pigrecoemme.com\/blog\/wp-content\/uploads\/2010\/05\/verdioneuniv-211x300.jpg","contentUrl":"http:\/\/www.pigrecoemme.com\/blog\/wp-content\/uploads\/2010\/05\/verdioneuniv-211x300.jpg"},{"@type":"BreadcrumbList","@id":"https:\/\/www.pigrecoemme.com\/blog\/giovedi-20-maggio-2010-presentazione-di-rock-around-the-screen-con-carlo-verdone\/#breadcrumb","itemListElement":[{"@type":"ListItem","position":1,"name":"Home","item":"https:\/\/www.pigrecoemme.com\/blog\/"},{"@type":"ListItem","position":2,"name":"Gioved\u00ec 20 maggio 2010 presentazione di Rock Around The Screen con Carlo Verdone"}]},{"@type":"WebSite","@id":"https:\/\/www.pigrecoemme.com\/blog\/#website","url":"https:\/\/www.pigrecoemme.com\/blog\/","name":"Scuola di Cinema Pigrecoemme - Blog","description":"Siamo la prima Scuola di Cinema e Fotografia di Napoli","publisher":{"@id":"https:\/\/www.pigrecoemme.com\/blog\/#organization"},"potentialAction":[{"@type":"SearchAction","target":{"@type":"EntryPoint","urlTemplate":"https:\/\/www.pigrecoemme.com\/blog\/?s={search_term_string}"},"query-input":{"@type":"PropertyValueSpecification","valueRequired":true,"valueName":"search_term_string"}}],"inLanguage":"it-IT"},{"@type":"Organization","@id":"https:\/\/www.pigrecoemme.com\/blog\/#organization","name":"Scuola di cinema e fotografia Pigrecoemme","url":"https:\/\/www.pigrecoemme.com\/blog\/","logo":{"@type":"ImageObject","inLanguage":"it-IT","@id":"https:\/\/www.pigrecoemme.com\/blog\/#\/schema\/logo\/image\/","url":"https:\/\/i0.wp.com\/www.pigrecoemme.com\/blog\/wp-content\/uploads\/2018\/06\/logo-pigrecoemme-2018.png?fit=500%2C500&ssl=1","contentUrl":"https:\/\/i0.wp.com\/www.pigrecoemme.com\/blog\/wp-content\/uploads\/2018\/06\/logo-pigrecoemme-2018.png?fit=500%2C500&ssl=1","width":500,"height":500,"caption":"Scuola di cinema e fotografia Pigrecoemme"},"image":{"@id":"https:\/\/www.pigrecoemme.com\/blog\/#\/schema\/logo\/image\/"},"sameAs":["https:\/\/www.facebook.com\/pigrecoemme","https:\/\/x.com\/Pigrecoemme","https:\/\/www.instagram.com\/pigrecoemme\/","https:\/\/www.linkedin.com\/company\/pigrecoemme\/","https:\/\/www.youtube.com\/pigrecoemme"]},{"@type":"Person","@id":"https:\/\/www.pigrecoemme.com\/blog\/#\/schema\/person\/57fa822c3d209d3a2612fd0411ae63f4","name":"Giacomo Fabbrocino","image":{"@type":"ImageObject","inLanguage":"it-IT","@id":"https:\/\/secure.gravatar.com\/avatar\/0e4dfd4d05c06a03fffaffeb36fb181415ba11b91a6b566fa2e8ada75927db32?s=96&r=g","url":"https:\/\/secure.gravatar.com\/avatar\/0e4dfd4d05c06a03fffaffeb36fb181415ba11b91a6b566fa2e8ada75927db32?s=96&r=g","contentUrl":"https:\/\/secure.gravatar.com\/avatar\/0e4dfd4d05c06a03fffaffeb36fb181415ba11b91a6b566fa2e8ada75927db32?s=96&r=g","caption":"Giacomo Fabbrocino"},"description":"Montatore cinematografico, autore di documentari sull'arte e di video d'artista, Giacomo \u00e8 responsabile della didattica e della comunicazione web della Scuola di Cinema, Fotografia e Televisione Pigrecoemme di Napoli.","sameAs":["http:\/\/www.pigrecoemme.com\/","https:\/\/www.facebook.com\/giacomo.fabbrocino"],"url":"https:\/\/www.pigrecoemme.com\/blog\/author\/giacomo-fabbrocino\/"}]}},"jetpack_sharing_enabled":true,"jetpack_likes_enabled":true,"jetpack-related-posts":[{"id":207,"url":"https:\/\/www.pigrecoemme.com\/blog\/alla-feltrinelli-la-presentazione-di-rock-around-the-screen\/","url_meta":{"origin":240,"position":0},"title":"Alla Feltrinelli la presentazione di &#8220;Rock Around the Screen&#8221;","author":"Giacomo Fabbrocino","date":"1 Marzo 2010","format":false,"excerpt":"Marted\u00ec 2 marzo, alle ore 18, presso il megastore\u00a0La Feltrinelli - Libri e Musica di piazza dei Martiri a Napoli, \u00e8 in programma la presentazione del volume\u00a0Rock Around the Screen. Storie di cinema e musica pop, a cura di Diego Del Pozzo e Vincenzo Esposito (Liguori Editore). Interviene lo storico\u2026","rel":"","context":"In &quot;Eventi&quot;","block_context":{"text":"Eventi","link":"https:\/\/www.pigrecoemme.com\/blog\/eventi\/"},"img":{"alt_text":"","src":"https:\/\/i0.wp.com\/www.pigrecoemme.com\/blog\/wp-content\/uploads\/2010\/03\/rock-around-the-screen-presentazione-300x143.jpg?resize=350%2C200","width":350,"height":200},"classes":[]},{"id":237,"url":"https:\/\/www.pigrecoemme.com\/blog\/rock-around-the-screen-su-jam-di-maggio\/","url_meta":{"origin":240,"position":1},"title":"Rock Around the Screen su Jam di Maggio","author":"Corrado Morra","date":"8 Maggio 2010","format":false,"excerpt":"Rock Around the Screen, il fortunato libro edito da Liguori e curato da Diego Del Pozzo e Vincenzo Esposito, che indaga gli intrecci tra cinema e rock, prosegue il suo fortunato cammino tra le recensioni positive nonch\u00e9 di prestigio con questa, a firma Donato Zoppo, pubblicata dalla rivista Jam di\u2026","rel":"","context":"In &quot;Generale&quot;","block_context":{"text":"Generale","link":"https:\/\/www.pigrecoemme.com\/blog\/generale\/"},"img":{"alt_text":"la recensione di Donato Zoppo sul numero 170 di JAM attualmente in edicola.","src":"https:\/\/i0.wp.com\/www.pigrecoemme.com\/blog\/wp-content\/uploads\/2010\/05\/rock-around-the-screen-su-jam.jpg?resize=350%2C200","width":350,"height":200},"classes":[]},{"id":193,"url":"https:\/\/www.pigrecoemme.com\/blog\/cinema-e-rock-e-disponibile-rock-around-the-screen\/","url_meta":{"origin":240,"position":2},"title":"Cinema e Rock: \u00e8 disponibile Rock Around The Screen","author":"Giacomo Fabbrocino","date":"18 Gennaio 2010","format":false,"excerpt":"Anche se la sua uscita ufficiale \u00e8 il primo di febbraio, il volume Rock around the screen \u00e8 gi\u00e0 disponibile in alcune librerie del centro storico di Napoli e sul sito dell'editore Liguori, sul quale \u00e8 acquistabile anche in formato elettronico. Curato da Vincenzo Esposito (docente di Storia del Cinema\u2026","rel":"","context":"In &quot;Eventi&quot;","block_context":{"text":"Eventi","link":"https:\/\/www.pigrecoemme.com\/blog\/eventi\/"},"img":{"alt_text":"","src":"https:\/\/i0.wp.com\/www.pigrecoemme.com\/blog\/wp-content\/uploads\/2010\/01\/cinema-e-rock-199x300.jpg?resize=350%2C200","width":350,"height":200},"classes":[]},{"id":211,"url":"https:\/\/www.pigrecoemme.com\/blog\/rock-around-the-screen-il-booktrailer\/","url_meta":{"origin":240,"position":3},"title":"Rock Around the Screen: il Booktrailer","author":"Giacomo Fabbrocino","date":"3 Marzo 2010","format":false,"excerpt":"\u00c8\u00a0stato davvero piacevole ieri vedere un pubblico cos\u00ec numeroso e \"bello\" alla presentazione di Rock Around the Screen. Grazie a tutti, davvero, per aver partecipato! Riproponiamo il video montato da Rosario Gallone proiettato ieri per introdurre la serata alla quale sono intervenuti Valerio Caprara, Teresa Mancini, i curatori del volume\u2026","rel":"","context":"In &quot;Eventi&quot;","block_context":{"text":"Eventi","link":"https:\/\/www.pigrecoemme.com\/blog\/eventi\/"},"img":{"alt_text":"","src":"","width":0,"height":0},"classes":[]},{"id":502,"url":"https:\/\/www.pigrecoemme.com\/blog\/il-cinema-secondo-springsteen-al-pan-di-napoli-dal-30-maggio-all1-giugno-2012\/","url_meta":{"origin":240,"position":4},"title":"Il cinema secondo Springsteen. Al PAN dal 30 maggio all&#8217;1 giugno 2012","author":"Corrado Morra","date":"23 Maggio 2012","format":false,"excerpt":"Vi segnaliamo un appuntamento imperdibile per tutti gli appassionati di Bruce Springsteen e per coloro che seguono con particolare attenzione gli affascinanti rapporti tra cinema e musica rock. Al PAN \u2013 Palazzo delle Arti di Napoli, infatti, \u00e8 in programma, da mercoled\u00ec 30 maggio a venerd\u00ec 1 giugno, Il cinema\u2026","rel":"","context":"In &quot;Eventi&quot;","block_context":{"text":"Eventi","link":"https:\/\/www.pigrecoemme.com\/blog\/eventi\/"},"img":{"alt_text":"","src":"https:\/\/i0.wp.com\/www.pigrecoemme.com\/blog\/wp-content\/uploads\/2012\/05\/invito-springsteen-214x300.jpg?resize=350%2C200","width":350,"height":200},"classes":[]},{"id":2009,"url":"https:\/\/www.pigrecoemme.com\/blog\/la-sophisticated-comedy-italiana-10-film\/","url_meta":{"origin":240,"position":5},"title":"La sophisticated comedy italiana in 10 film","author":"Rosario Gallone","date":"22 Novembre 2017","format":false,"excerpt":"Non solo commedia all'italiana.","rel":"","context":"In &quot;Analisi e Critica&quot;","block_context":{"text":"Analisi e Critica","link":"https:\/\/www.pigrecoemme.com\/blog\/analisi-e-critica-2\/"},"img":{"alt_text":"","src":"https:\/\/i0.wp.com\/www.pigrecoemme.com\/blog\/wp-content\/uploads\/2017\/11\/sophisticated-comedy-italiana.png?resize=350%2C200","width":350,"height":200},"classes":[]}],"jetpack_featured_media_url":"","_links":{"self":[{"href":"https:\/\/www.pigrecoemme.com\/blog\/wp-json\/wp\/v2\/posts\/240","targetHints":{"allow":["GET"]}}],"collection":[{"href":"https:\/\/www.pigrecoemme.com\/blog\/wp-json\/wp\/v2\/posts"}],"about":[{"href":"https:\/\/www.pigrecoemme.com\/blog\/wp-json\/wp\/v2\/types\/post"}],"author":[{"embeddable":true,"href":"https:\/\/www.pigrecoemme.com\/blog\/wp-json\/wp\/v2\/users\/1"}],"replies":[{"embeddable":true,"href":"https:\/\/www.pigrecoemme.com\/blog\/wp-json\/wp\/v2\/comments?post=240"}],"version-history":[{"count":0,"href":"https:\/\/www.pigrecoemme.com\/blog\/wp-json\/wp\/v2\/posts\/240\/revisions"}],"wp:attachment":[{"href":"https:\/\/www.pigrecoemme.com\/blog\/wp-json\/wp\/v2\/media?parent=240"}],"wp:term":[{"taxonomy":"category","embeddable":true,"href":"https:\/\/www.pigrecoemme.com\/blog\/wp-json\/wp\/v2\/categories?post=240"},{"taxonomy":"post_tag","embeddable":true,"href":"https:\/\/www.pigrecoemme.com\/blog\/wp-json\/wp\/v2\/tags?post=240"}],"curies":[{"name":"wp","href":"https:\/\/api.w.org\/{rel}","templated":true}]}}