{"id":2397,"date":"2019-04-11T23:17:17","date_gmt":"2019-04-11T21:17:17","guid":{"rendered":"http:\/\/www.pigrecoemme.com\/blog\/?p=2397"},"modified":"2019-04-11T23:42:06","modified_gmt":"2019-04-11T21:42:06","slug":"mostra-fotografica-santa-fede-rivelata","status":"publish","type":"post","link":"https:\/\/www.pigrecoemme.com\/blog\/mostra-fotografica-santa-fede-rivelata\/","title":{"rendered":"13 aprile: mostra fotografica Santa Fede Rivelata"},"content":{"rendered":"<div class=\"\" data-block=\"true\" data-editor=\"3d88p\" data-offset-key=\"27vhh-0-0\">\n<div data-offset-key=\"27vhh-0-0\"><a href=\"https:\/\/i0.wp.com\/www.pigrecoemme.com\/blog\/wp-content\/uploads\/2019\/04\/mostra-fotografica-napoli.jpg?ssl=1\"><img data-recalc-dims=\"1\" loading=\"lazy\" decoding=\"async\" class=\"aligncenter size-full wp-image-2399\" src=\"https:\/\/i0.wp.com\/www.pigrecoemme.com\/blog\/wp-content\/uploads\/2019\/04\/mostra-fotografica-napoli.jpg?resize=860%2C484&#038;ssl=1\" alt=\"mostra fotografica a napoli\" width=\"860\" height=\"484\" srcset=\"https:\/\/i0.wp.com\/www.pigrecoemme.com\/blog\/wp-content\/uploads\/2019\/04\/mostra-fotografica-napoli.jpg?w=1920&amp;ssl=1 1920w, https:\/\/i0.wp.com\/www.pigrecoemme.com\/blog\/wp-content\/uploads\/2019\/04\/mostra-fotografica-napoli.jpg?resize=300%2C169&amp;ssl=1 300w, https:\/\/i0.wp.com\/www.pigrecoemme.com\/blog\/wp-content\/uploads\/2019\/04\/mostra-fotografica-napoli.jpg?resize=768%2C432&amp;ssl=1 768w, https:\/\/i0.wp.com\/www.pigrecoemme.com\/blog\/wp-content\/uploads\/2019\/04\/mostra-fotografica-napoli.jpg?resize=1024%2C576&amp;ssl=1 1024w, https:\/\/i0.wp.com\/www.pigrecoemme.com\/blog\/wp-content\/uploads\/2019\/04\/mostra-fotografica-napoli.jpg?resize=640%2C360&amp;ssl=1 640w, https:\/\/i0.wp.com\/www.pigrecoemme.com\/blog\/wp-content\/uploads\/2019\/04\/mostra-fotografica-napoli.jpg?w=1720&amp;ssl=1 1720w\" sizes=\"auto, (max-width: 860px) 100vw, 860px\" \/><\/a><\/div>\n<div data-offset-key=\"27vhh-0-0\"><\/div>\n<div class=\"_1mf _1mj\" data-offset-key=\"27vhh-0-0\"><span data-offset-key=\"27vhh-0-0\">Durante il <a href=\"http:\/\/www.pigrecoemme.com\/corso-fotografia\/corso-di-fotografia-2.htm\">corso di fotografia<\/a> alla Pigrecoemme, abbiamo deciso di trasformare le canoniche uscite con la fotocamera in un vero e proprio piccolo progetto fotografico, tornando pi\u00f9 volte nello stesso luogo per esplorarlo attraverso la fotografia. Il luogo prescelto \u00e8 l&#8217;Oratorio di Santa Maria della Fede che originariamente fu pensato come ritiro penitenziale femminile, poi divenne un ospedale, un conservatorio e, infine, dal 2015 un luogo destinato all&#8217;arte contemporanea, uno spazio di condivisione e inclusione mutando il nome in Santa Fede liberata.<\/span><\/div>\n<\/div>\n<div class=\"\" data-block=\"true\" data-editor=\"3d88p\" data-offset-key=\"7hdjt-0-0\">\n<div class=\"_1mf _1mj\" data-offset-key=\"7hdjt-0-0\"><span data-offset-key=\"7hdjt-0-0\">\u00a0<\/span><\/div>\n<\/div>\n<div class=\"\" data-block=\"true\" data-editor=\"3d88p\" data-offset-key=\"d59np-0-0\">\n<div class=\"_1mf _1mj\" data-offset-key=\"d59np-0-0\"><span data-offset-key=\"d59np-0-0\">A fronte delle tante immagini che ritraggono il posto pullulante di persone, abbiamo deciso di esplorarlo nei momenti di quiete apparente, allorquando la vita si manifesta al piano inferiore, mentre i piani superiori appaiono popolati di presenze\/assenze capaci di far rumore. In quei momenti ci \u00e8 parso di sentire maggiormente il rapporto tra Santa Fede e gli edifici circostanti, l&#8217;energia residuale nelle stanze vuote e la magia delle opere d&#8217;arte e dei manufatti che lasciano all&#8217;immaginazione il compito di completare il quadro, immaginando volti, fatti, eventi e popolando a piacimento gli spazi liberati. Come diceva Jean Baudrillard: &#8220;Qualunque sia stata la violenza, la velocit\u00e0 o il rumore che lo abbiano circondano, la fotografia restituisce l&#8217;oggetto all&#8217;immobilit\u00e0 e al silenzio.&#8221;<\/span><\/div>\n<\/div>\n<div class=\"\" data-block=\"true\" data-editor=\"3d88p\" data-offset-key=\"7c4ev-0-0\">\n<div class=\"_1mf _1mj\" data-offset-key=\"7c4ev-0-0\"><span data-offset-key=\"7c4ev-0-0\">\u00a0<\/span><\/div>\n<\/div>\n<div class=\"\" data-block=\"true\" data-editor=\"3d88p\" data-offset-key=\"au7p2-0-0\">\n<div class=\"_1mf _1mj\" data-offset-key=\"au7p2-0-0\"><span data-offset-key=\"au7p2-0-0\">Il piano inferiore ci ha invece regalato la vitalit\u00e0 di chi abita quotidianamente Santa Fede, al di l\u00e0 degli eventi, dei laboratori, delle feste e delle performance. Un gruppo di irriducibili, accoglienti e ben disposti verso i nostri sguardi indagatori. <\/span><\/div>\n<\/div>\n<div class=\"\" data-block=\"true\" data-editor=\"3d88p\" data-offset-key=\"7n2fd-0-0\">\n<div class=\"_1mf _1mj\" data-offset-key=\"7n2fd-0-0\"><span data-offset-key=\"7n2fd-0-0\">Un ritratto riesce solo se chi si fa ritrarre \u00e8 pronto a donarsi con slancio a chi lo ritrae. Per i ragazzi, allievi del corso di fotografia della Pigrecoemme, \u00e8 stato molto formativo tornare pi\u00f9 volte a Santa Fede, per stringere prima un rapporto umano con le persone e solo successivamente per immortalarle. <\/span><\/div>\n<\/div>\n<div class=\"\" data-block=\"true\" data-editor=\"3d88p\" data-offset-key=\"21lfj-0-0\">\n<div class=\"_1mf _1mj\" data-offset-key=\"21lfj-0-0\"><span data-offset-key=\"21lfj-0-0\">\u00a0<\/span><\/div>\n<\/div>\n<div class=\"\" data-block=\"true\" data-editor=\"3d88p\" data-offset-key=\"c0jh5-0-0\">\n<div class=\"_1mf _1mj\" data-offset-key=\"c0jh5-0-0\"><span data-offset-key=\"c0jh5-0-0\">Il nostro intento era quello di rivelare Santa Fede, nel quotidiano, in ci\u00f2 che lascia vedere di s\u00e9 a chi casualmente fa capolino dal portone che apre sul cortile. Abbiamo scelto il bianco e nero per sottolineare i volumi, le luci e le ombre di Santa Fede quando non \u00e8 invasa dai colori festosi e dall&#8217;energia vitale di chi la popola durante gli eventi e le attivit\u00e0.<\/span><\/div>\n<\/div>\n<div data-offset-key=\"c0jh5-0-0\"><\/div>\n<div style=\"text-align: right;\" data-offset-key=\"c0jh5-0-0\"><a href=\"http:\/\/www.pigrecoemme.com\/corso-fotografia\/michele-salvezza.php\">Michele Salvezza<\/a>.<\/div>\n<div class=\"\" data-block=\"true\" data-editor=\"3d88p\" data-offset-key=\"eetsa-0-0\">\n<div class=\"_1mf _1mj\" data-offset-key=\"eetsa-0-0\"><span data-offset-key=\"eetsa-0-0\">\u00a0<\/span><\/div>\n<\/div>\n<div class=\"\" data-block=\"true\" data-editor=\"3d88p\" data-offset-key=\"1tncg-0-0\">\n<div class=\"_1mf _1mj\" data-offset-key=\"1tncg-0-0\"><span data-offset-key=\"1tncg-0-0\">Espongono:<\/span><\/div>\n<\/div>\n<div class=\"\" data-block=\"true\" data-editor=\"3d88p\" data-offset-key=\"5l73v-0-0\">\n<div class=\"_1mf _1mj\" data-offset-key=\"5l73v-0-0\"><span data-offset-key=\"5l73v-0-0\">Elena Assante<\/span><\/div>\n<\/div>\n<div class=\"\" data-block=\"true\" data-editor=\"3d88p\" data-offset-key=\"ct35n-0-0\">\n<div class=\"_1mf _1mj\" data-offset-key=\"ct35n-0-0\"><span data-offset-key=\"ct35n-0-0\">Fanny Arcamone<\/span><\/div>\n<\/div>\n<div class=\"\" data-block=\"true\" data-editor=\"3d88p\" data-offset-key=\"ev2tf-0-0\">\n<div class=\"_1mf _1mj\" data-offset-key=\"ev2tf-0-0\"><span data-offset-key=\"ev2tf-0-0\">Irene De Mizio<\/span><\/div>\n<\/div>\n<div class=\"\" data-block=\"true\" data-editor=\"3d88p\" data-offset-key=\"fj6ja-0-0\">\n<div class=\"_1mf _1mj\" data-offset-key=\"fj6ja-0-0\"><span data-offset-key=\"fj6ja-0-0\">Valerio Muto<\/span><\/div>\n<\/div>\n<div class=\"\" data-block=\"true\" data-editor=\"3d88p\" data-offset-key=\"eci6p-0-0\">\n<div class=\"_1mf _1mj\" data-offset-key=\"eci6p-0-0\"><span data-offset-key=\"eci6p-0-0\">Matteo Giardiello<\/span><\/div>\n<\/div>\n<div class=\"\" data-block=\"true\" data-editor=\"3d88p\" data-offset-key=\"f5o73-0-0\">\n<div class=\"_1mf _1mj\" data-offset-key=\"f5o73-0-0\"><span data-offset-key=\"f5o73-0-0\">\u00a0<\/span><\/div>\n<\/div>\n<div class=\"\" data-block=\"true\" data-editor=\"3d88p\" data-offset-key=\"2jbtg-0-0\">\n<div class=\"_1mf _1mj\" data-offset-key=\"2jbtg-0-0\">\n<div class=\"\" data-block=\"true\" data-editor=\"3d88p\" data-offset-key=\"2jbtg-0-0\">\n<div class=\"_1mf _1mj\" data-offset-key=\"2jbtg-0-0\"><span data-offset-key=\"2jbtg-0-0\">Apertura: Sabato 13 Aprile 2019 alle 17.00. <\/span><\/div>\n<\/div>\n<div class=\"\" data-block=\"true\" data-editor=\"3d88p\" data-offset-key=\"6obm-0-0\">\n<div class=\"_1mf _1mj\" data-offset-key=\"6obm-0-0\"><span data-offset-key=\"6obm-0-0\">Presso: Santa Fede Liberata, Via San Giovanni Maggiore Pingatelli, Napoli.<\/span><\/div>\n<\/div>\n<div class=\"\" data-block=\"true\" data-editor=\"3d88p\" data-offset-key=\"fr9ik-0-0\"><\/div>\n<\/div>\n<\/div>\n<div class=\"\" data-block=\"true\" data-editor=\"3d88p\" data-offset-key=\"fr9ik-0-0\"><\/div>\n","protected":false},"excerpt":{"rendered":"<p>Durante il corso di fotografia alla Pigrecoemme, abbiamo deciso di trasformare le canoniche uscite con la fotocamera in un vero e proprio piccolo progetto fotografico, tornando pi\u00f9 volte nello stesso luogo per esplorarlo attraverso&hellip;<\/p>\n","protected":false},"author":4,"featured_media":0,"comment_status":"open","ping_status":"open","sticky":false,"template":"","format":"standard","meta":{"_jetpack_newsletter_access":"","_jetpack_dont_email_post_to_subs":false,"_jetpack_newsletter_tier_id":0,"_jetpack_memberships_contains_paywalled_content":false,"_jetpack_feature_clip_id":0,"_jetpack_memberships_contains_paid_content":false,"footnotes":"","jetpack_post_was_ever_published":false},"categories":[11,21,1,1523,731],"tags":[20,2119,617,309],"class_list":["post-2397","post","type-post","status-publish","format-standard","hentry","category-eventi","category-fotografia","category-generale","category-incontri-fotografici","category-segnalazioni","tag-corso-di-fotografia","tag-fotografica","tag-michele-salvezza","tag-mostra-fotografica"],"yoast_head":"<!-- This site is optimized with the Yoast SEO plugin v28.3 - https:\/\/yoast.com\/product\/yoast-seo-wordpress\/ -->\n<title>13 aprile: mostra fotografica Santa Fede Rivelata a Napoli<\/title>\n<meta name=\"description\" content=\"Una mostra degli ex allievi del corso di fotografia della Pigrecoemme\" \/>\n<meta name=\"robots\" content=\"index, follow, max-snippet:-1, max-image-preview:large, max-video-preview:-1\" \/>\n<link rel=\"canonical\" href=\"https:\/\/www.pigrecoemme.com\/blog\/mostra-fotografica-santa-fede-rivelata\/\" \/>\n<meta property=\"og:locale\" content=\"it_IT\" \/>\n<meta property=\"og:type\" content=\"article\" \/>\n<meta property=\"og:title\" content=\"13 aprile: mostra fotografica Santa Fede Rivelata a Napoli\" \/>\n<meta property=\"og:description\" content=\"Una mostra degli ex allievi del corso di fotografia della Pigrecoemme\" \/>\n<meta property=\"og:url\" content=\"https:\/\/www.pigrecoemme.com\/blog\/mostra-fotografica-santa-fede-rivelata\/\" \/>\n<meta property=\"og:site_name\" content=\"Scuola di Cinema Pigrecoemme - Blog\" \/>\n<meta property=\"article:publisher\" content=\"https:\/\/www.facebook.com\/pigrecoemme\" \/>\n<meta property=\"article:author\" content=\"https:\/\/www.facebook.com\/pigrecoemme\" \/>\n<meta property=\"article:published_time\" content=\"2019-04-11T21:17:17+00:00\" \/>\n<meta property=\"article:modified_time\" content=\"2019-04-11T21:42:06+00:00\" \/>\n<meta property=\"og:image\" content=\"http:\/\/www.pigrecoemme.com\/blog\/wp-content\/uploads\/2019\/04\/mostra-fotografica-napoli.jpg\" \/>\n<meta name=\"author\" content=\"Pigrecoemme\" \/>\n<meta name=\"twitter:card\" content=\"summary_large_image\" \/>\n<meta name=\"twitter:creator\" content=\"@Pigrecoemme\" \/>\n<meta name=\"twitter:site\" content=\"@Pigrecoemme\" \/>\n<meta name=\"twitter:label1\" content=\"Scritto da\" \/>\n\t<meta name=\"twitter:data1\" content=\"Pigrecoemme\" \/>\n\t<meta name=\"twitter:label2\" content=\"Tempo di lettura stimato\" \/>\n\t<meta name=\"twitter:data2\" content=\"2 minuti\" \/>\n<script type=\"application\/ld+json\" class=\"yoast-schema-graph\">{\"@context\":\"https:\\\/\\\/schema.org\",\"@graph\":[{\"@type\":[\"Article\",\"BlogPosting\"],\"@id\":\"https:\\\/\\\/www.pigrecoemme.com\\\/blog\\\/mostra-fotografica-santa-fede-rivelata\\\/#article\",\"isPartOf\":{\"@id\":\"https:\\\/\\\/www.pigrecoemme.com\\\/blog\\\/mostra-fotografica-santa-fede-rivelata\\\/\"},\"author\":{\"name\":\"Pigrecoemme\",\"@id\":\"https:\\\/\\\/www.pigrecoemme.com\\\/blog\\\/#\\\/schema\\\/person\\\/8996ab5bfa68cec611b330ae4a389d44\"},\"headline\":\"13 aprile: mostra fotografica Santa Fede Rivelata\",\"datePublished\":\"2019-04-11T21:17:17+00:00\",\"dateModified\":\"2019-04-11T21:42:06+00:00\",\"mainEntityOfPage\":{\"@id\":\"https:\\\/\\\/www.pigrecoemme.com\\\/blog\\\/mostra-fotografica-santa-fede-rivelata\\\/\"},\"wordCount\":398,\"commentCount\":0,\"publisher\":{\"@id\":\"https:\\\/\\\/www.pigrecoemme.com\\\/blog\\\/#organization\"},\"image\":{\"@id\":\"https:\\\/\\\/www.pigrecoemme.com\\\/blog\\\/mostra-fotografica-santa-fede-rivelata\\\/#primaryimage\"},\"thumbnailUrl\":\"http:\\\/\\\/www.pigrecoemme.com\\\/blog\\\/wp-content\\\/uploads\\\/2019\\\/04\\\/mostra-fotografica-napoli.jpg\",\"keywords\":[\"\\\"corso di fotografia\\\"\",\"fotografica\",\"Michele Salvezza\",\"mostra fotografica\"],\"articleSection\":[\"Eventi\",\"Fotografia\",\"Generale\",\"Incontri fotografici\",\"Segnalazioni\"],\"inLanguage\":\"it-IT\",\"potentialAction\":[{\"@type\":\"CommentAction\",\"name\":\"Comment\",\"target\":[\"https:\\\/\\\/www.pigrecoemme.com\\\/blog\\\/mostra-fotografica-santa-fede-rivelata\\\/#respond\"]}]},{\"@type\":\"WebPage\",\"@id\":\"https:\\\/\\\/www.pigrecoemme.com\\\/blog\\\/mostra-fotografica-santa-fede-rivelata\\\/\",\"url\":\"https:\\\/\\\/www.pigrecoemme.com\\\/blog\\\/mostra-fotografica-santa-fede-rivelata\\\/\",\"name\":\"13 aprile: mostra fotografica Santa Fede Rivelata a Napoli\",\"isPartOf\":{\"@id\":\"https:\\\/\\\/www.pigrecoemme.com\\\/blog\\\/#website\"},\"primaryImageOfPage\":{\"@id\":\"https:\\\/\\\/www.pigrecoemme.com\\\/blog\\\/mostra-fotografica-santa-fede-rivelata\\\/#primaryimage\"},\"image\":{\"@id\":\"https:\\\/\\\/www.pigrecoemme.com\\\/blog\\\/mostra-fotografica-santa-fede-rivelata\\\/#primaryimage\"},\"thumbnailUrl\":\"http:\\\/\\\/www.pigrecoemme.com\\\/blog\\\/wp-content\\\/uploads\\\/2019\\\/04\\\/mostra-fotografica-napoli.jpg\",\"datePublished\":\"2019-04-11T21:17:17+00:00\",\"dateModified\":\"2019-04-11T21:42:06+00:00\",\"description\":\"Una mostra degli ex allievi del corso di fotografia della Pigrecoemme\",\"breadcrumb\":{\"@id\":\"https:\\\/\\\/www.pigrecoemme.com\\\/blog\\\/mostra-fotografica-santa-fede-rivelata\\\/#breadcrumb\"},\"inLanguage\":\"it-IT\",\"potentialAction\":[{\"@type\":\"ReadAction\",\"target\":[\"https:\\\/\\\/www.pigrecoemme.com\\\/blog\\\/mostra-fotografica-santa-fede-rivelata\\\/\"]}]},{\"@type\":\"ImageObject\",\"inLanguage\":\"it-IT\",\"@id\":\"https:\\\/\\\/www.pigrecoemme.com\\\/blog\\\/mostra-fotografica-santa-fede-rivelata\\\/#primaryimage\",\"url\":\"http:\\\/\\\/www.pigrecoemme.com\\\/blog\\\/wp-content\\\/uploads\\\/2019\\\/04\\\/mostra-fotografica-napoli.jpg\",\"contentUrl\":\"http:\\\/\\\/www.pigrecoemme.com\\\/blog\\\/wp-content\\\/uploads\\\/2019\\\/04\\\/mostra-fotografica-napoli.jpg\"},{\"@type\":\"BreadcrumbList\",\"@id\":\"https:\\\/\\\/www.pigrecoemme.com\\\/blog\\\/mostra-fotografica-santa-fede-rivelata\\\/#breadcrumb\",\"itemListElement\":[{\"@type\":\"ListItem\",\"position\":1,\"name\":\"Home\",\"item\":\"https:\\\/\\\/www.pigrecoemme.com\\\/blog\\\/\"},{\"@type\":\"ListItem\",\"position\":2,\"name\":\"13 aprile: mostra fotografica Santa Fede Rivelata\"}]},{\"@type\":\"WebSite\",\"@id\":\"https:\\\/\\\/www.pigrecoemme.com\\\/blog\\\/#website\",\"url\":\"https:\\\/\\\/www.pigrecoemme.com\\\/blog\\\/\",\"name\":\"Scuola di Cinema Pigrecoemme - Blog\",\"description\":\"Siamo la prima Scuola di Cinema e Fotografia di Napoli\",\"publisher\":{\"@id\":\"https:\\\/\\\/www.pigrecoemme.com\\\/blog\\\/#organization\"},\"potentialAction\":[{\"@type\":\"SearchAction\",\"target\":{\"@type\":\"EntryPoint\",\"urlTemplate\":\"https:\\\/\\\/www.pigrecoemme.com\\\/blog\\\/?s={search_term_string}\"},\"query-input\":{\"@type\":\"PropertyValueSpecification\",\"valueRequired\":true,\"valueName\":\"search_term_string\"}}],\"inLanguage\":\"it-IT\"},{\"@type\":\"Organization\",\"@id\":\"https:\\\/\\\/www.pigrecoemme.com\\\/blog\\\/#organization\",\"name\":\"Scuola di cinema e fotografia Pigrecoemme\",\"url\":\"https:\\\/\\\/www.pigrecoemme.com\\\/blog\\\/\",\"logo\":{\"@type\":\"ImageObject\",\"inLanguage\":\"it-IT\",\"@id\":\"https:\\\/\\\/www.pigrecoemme.com\\\/blog\\\/#\\\/schema\\\/logo\\\/image\\\/\",\"url\":\"https:\\\/\\\/i0.wp.com\\\/www.pigrecoemme.com\\\/blog\\\/wp-content\\\/uploads\\\/2018\\\/06\\\/logo-pigrecoemme-2018.png?fit=500%2C500&ssl=1\",\"contentUrl\":\"https:\\\/\\\/i0.wp.com\\\/www.pigrecoemme.com\\\/blog\\\/wp-content\\\/uploads\\\/2018\\\/06\\\/logo-pigrecoemme-2018.png?fit=500%2C500&ssl=1\",\"width\":500,\"height\":500,\"caption\":\"Scuola di cinema e fotografia Pigrecoemme\"},\"image\":{\"@id\":\"https:\\\/\\\/www.pigrecoemme.com\\\/blog\\\/#\\\/schema\\\/logo\\\/image\\\/\"},\"sameAs\":[\"https:\\\/\\\/www.facebook.com\\\/pigrecoemme\",\"https:\\\/\\\/x.com\\\/Pigrecoemme\",\"https:\\\/\\\/www.instagram.com\\\/pigrecoemme\\\/\",\"https:\\\/\\\/www.linkedin.com\\\/company\\\/pigrecoemme\\\/\",\"https:\\\/\\\/www.youtube.com\\\/pigrecoemme\"]},{\"@type\":\"Person\",\"@id\":\"https:\\\/\\\/www.pigrecoemme.com\\\/blog\\\/#\\\/schema\\\/person\\\/8996ab5bfa68cec611b330ae4a389d44\",\"name\":\"Pigrecoemme\",\"image\":{\"@type\":\"ImageObject\",\"inLanguage\":\"it-IT\",\"@id\":\"https:\\\/\\\/secure.gravatar.com\\\/avatar\\\/541a562fed7df6fa49262cb93f0f1135b8432ec77a1bc64fdb808f64f2a8287d?s=96&r=g\",\"url\":\"https:\\\/\\\/secure.gravatar.com\\\/avatar\\\/541a562fed7df6fa49262cb93f0f1135b8432ec77a1bc64fdb808f64f2a8287d?s=96&r=g\",\"contentUrl\":\"https:\\\/\\\/secure.gravatar.com\\\/avatar\\\/541a562fed7df6fa49262cb93f0f1135b8432ec77a1bc64fdb808f64f2a8287d?s=96&r=g\",\"caption\":\"Pigrecoemme\"},\"description\":\"Profilo redazionale. Pigrecoemme \u00e8 la prima scuola di cinema, televisione e fotografia di Napoli.\",\"sameAs\":[\"http:\\\/\\\/www.pigrecoemme.com\\\/\",\"https:\\\/\\\/www.facebook.com\\\/pigrecoemme\"],\"url\":\"https:\\\/\\\/www.pigrecoemme.com\\\/blog\\\/author\\\/pigrecoemme\\\/\"}]}<\/script>\n<!-- \/ Yoast SEO plugin. -->","yoast_head_json":{"title":"13 aprile: mostra fotografica Santa Fede Rivelata a Napoli","description":"Una mostra degli ex allievi del corso di fotografia della Pigrecoemme","robots":{"index":"index","follow":"follow","max-snippet":"max-snippet:-1","max-image-preview":"max-image-preview:large","max-video-preview":"max-video-preview:-1"},"canonical":"https:\/\/www.pigrecoemme.com\/blog\/mostra-fotografica-santa-fede-rivelata\/","og_locale":"it_IT","og_type":"article","og_title":"13 aprile: mostra fotografica Santa Fede Rivelata a Napoli","og_description":"Una mostra degli ex allievi del corso di fotografia della Pigrecoemme","og_url":"https:\/\/www.pigrecoemme.com\/blog\/mostra-fotografica-santa-fede-rivelata\/","og_site_name":"Scuola di Cinema Pigrecoemme - Blog","article_publisher":"https:\/\/www.facebook.com\/pigrecoemme","article_author":"https:\/\/www.facebook.com\/pigrecoemme","article_published_time":"2019-04-11T21:17:17+00:00","article_modified_time":"2019-04-11T21:42:06+00:00","og_image":[{"url":"http:\/\/www.pigrecoemme.com\/blog\/wp-content\/uploads\/2019\/04\/mostra-fotografica-napoli.jpg","type":"","width":"","height":""}],"author":"Pigrecoemme","twitter_card":"summary_large_image","twitter_creator":"@Pigrecoemme","twitter_site":"@Pigrecoemme","twitter_misc":{"Scritto da":"Pigrecoemme","Tempo di lettura stimato":"2 minuti"},"schema":{"@context":"https:\/\/schema.org","@graph":[{"@type":["Article","BlogPosting"],"@id":"https:\/\/www.pigrecoemme.com\/blog\/mostra-fotografica-santa-fede-rivelata\/#article","isPartOf":{"@id":"https:\/\/www.pigrecoemme.com\/blog\/mostra-fotografica-santa-fede-rivelata\/"},"author":{"name":"Pigrecoemme","@id":"https:\/\/www.pigrecoemme.com\/blog\/#\/schema\/person\/8996ab5bfa68cec611b330ae4a389d44"},"headline":"13 aprile: mostra fotografica Santa Fede Rivelata","datePublished":"2019-04-11T21:17:17+00:00","dateModified":"2019-04-11T21:42:06+00:00","mainEntityOfPage":{"@id":"https:\/\/www.pigrecoemme.com\/blog\/mostra-fotografica-santa-fede-rivelata\/"},"wordCount":398,"commentCount":0,"publisher":{"@id":"https:\/\/www.pigrecoemme.com\/blog\/#organization"},"image":{"@id":"https:\/\/www.pigrecoemme.com\/blog\/mostra-fotografica-santa-fede-rivelata\/#primaryimage"},"thumbnailUrl":"http:\/\/www.pigrecoemme.com\/blog\/wp-content\/uploads\/2019\/04\/mostra-fotografica-napoli.jpg","keywords":["\"corso di fotografia\"","fotografica","Michele Salvezza","mostra fotografica"],"articleSection":["Eventi","Fotografia","Generale","Incontri fotografici","Segnalazioni"],"inLanguage":"it-IT","potentialAction":[{"@type":"CommentAction","name":"Comment","target":["https:\/\/www.pigrecoemme.com\/blog\/mostra-fotografica-santa-fede-rivelata\/#respond"]}]},{"@type":"WebPage","@id":"https:\/\/www.pigrecoemme.com\/blog\/mostra-fotografica-santa-fede-rivelata\/","url":"https:\/\/www.pigrecoemme.com\/blog\/mostra-fotografica-santa-fede-rivelata\/","name":"13 aprile: mostra fotografica Santa Fede Rivelata a Napoli","isPartOf":{"@id":"https:\/\/www.pigrecoemme.com\/blog\/#website"},"primaryImageOfPage":{"@id":"https:\/\/www.pigrecoemme.com\/blog\/mostra-fotografica-santa-fede-rivelata\/#primaryimage"},"image":{"@id":"https:\/\/www.pigrecoemme.com\/blog\/mostra-fotografica-santa-fede-rivelata\/#primaryimage"},"thumbnailUrl":"http:\/\/www.pigrecoemme.com\/blog\/wp-content\/uploads\/2019\/04\/mostra-fotografica-napoli.jpg","datePublished":"2019-04-11T21:17:17+00:00","dateModified":"2019-04-11T21:42:06+00:00","description":"Una mostra degli ex allievi del corso di fotografia della Pigrecoemme","breadcrumb":{"@id":"https:\/\/www.pigrecoemme.com\/blog\/mostra-fotografica-santa-fede-rivelata\/#breadcrumb"},"inLanguage":"it-IT","potentialAction":[{"@type":"ReadAction","target":["https:\/\/www.pigrecoemme.com\/blog\/mostra-fotografica-santa-fede-rivelata\/"]}]},{"@type":"ImageObject","inLanguage":"it-IT","@id":"https:\/\/www.pigrecoemme.com\/blog\/mostra-fotografica-santa-fede-rivelata\/#primaryimage","url":"http:\/\/www.pigrecoemme.com\/blog\/wp-content\/uploads\/2019\/04\/mostra-fotografica-napoli.jpg","contentUrl":"http:\/\/www.pigrecoemme.com\/blog\/wp-content\/uploads\/2019\/04\/mostra-fotografica-napoli.jpg"},{"@type":"BreadcrumbList","@id":"https:\/\/www.pigrecoemme.com\/blog\/mostra-fotografica-santa-fede-rivelata\/#breadcrumb","itemListElement":[{"@type":"ListItem","position":1,"name":"Home","item":"https:\/\/www.pigrecoemme.com\/blog\/"},{"@type":"ListItem","position":2,"name":"13 aprile: mostra fotografica Santa Fede Rivelata"}]},{"@type":"WebSite","@id":"https:\/\/www.pigrecoemme.com\/blog\/#website","url":"https:\/\/www.pigrecoemme.com\/blog\/","name":"Scuola di Cinema Pigrecoemme - Blog","description":"Siamo la prima Scuola di Cinema e Fotografia di Napoli","publisher":{"@id":"https:\/\/www.pigrecoemme.com\/blog\/#organization"},"potentialAction":[{"@type":"SearchAction","target":{"@type":"EntryPoint","urlTemplate":"https:\/\/www.pigrecoemme.com\/blog\/?s={search_term_string}"},"query-input":{"@type":"PropertyValueSpecification","valueRequired":true,"valueName":"search_term_string"}}],"inLanguage":"it-IT"},{"@type":"Organization","@id":"https:\/\/www.pigrecoemme.com\/blog\/#organization","name":"Scuola di cinema e fotografia Pigrecoemme","url":"https:\/\/www.pigrecoemme.com\/blog\/","logo":{"@type":"ImageObject","inLanguage":"it-IT","@id":"https:\/\/www.pigrecoemme.com\/blog\/#\/schema\/logo\/image\/","url":"https:\/\/i0.wp.com\/www.pigrecoemme.com\/blog\/wp-content\/uploads\/2018\/06\/logo-pigrecoemme-2018.png?fit=500%2C500&ssl=1","contentUrl":"https:\/\/i0.wp.com\/www.pigrecoemme.com\/blog\/wp-content\/uploads\/2018\/06\/logo-pigrecoemme-2018.png?fit=500%2C500&ssl=1","width":500,"height":500,"caption":"Scuola di cinema e fotografia Pigrecoemme"},"image":{"@id":"https:\/\/www.pigrecoemme.com\/blog\/#\/schema\/logo\/image\/"},"sameAs":["https:\/\/www.facebook.com\/pigrecoemme","https:\/\/x.com\/Pigrecoemme","https:\/\/www.instagram.com\/pigrecoemme\/","https:\/\/www.linkedin.com\/company\/pigrecoemme\/","https:\/\/www.youtube.com\/pigrecoemme"]},{"@type":"Person","@id":"https:\/\/www.pigrecoemme.com\/blog\/#\/schema\/person\/8996ab5bfa68cec611b330ae4a389d44","name":"Pigrecoemme","image":{"@type":"ImageObject","inLanguage":"it-IT","@id":"https:\/\/secure.gravatar.com\/avatar\/541a562fed7df6fa49262cb93f0f1135b8432ec77a1bc64fdb808f64f2a8287d?s=96&r=g","url":"https:\/\/secure.gravatar.com\/avatar\/541a562fed7df6fa49262cb93f0f1135b8432ec77a1bc64fdb808f64f2a8287d?s=96&r=g","contentUrl":"https:\/\/secure.gravatar.com\/avatar\/541a562fed7df6fa49262cb93f0f1135b8432ec77a1bc64fdb808f64f2a8287d?s=96&r=g","caption":"Pigrecoemme"},"description":"Profilo redazionale. Pigrecoemme \u00e8 la prima scuola di cinema, televisione e fotografia di Napoli.","sameAs":["http:\/\/www.pigrecoemme.com\/","https:\/\/www.facebook.com\/pigrecoemme"],"url":"https:\/\/www.pigrecoemme.com\/blog\/author\/pigrecoemme\/"}]}},"jetpack_sharing_enabled":true,"jetpack_likes_enabled":true,"jetpack-related-posts":[{"id":1758,"url":"https:\/\/www.pigrecoemme.com\/blog\/3-ottobre-2016-passeggiata-fotografica-alla-sanita-luca-sorbo\/","url_meta":{"origin":2397,"position":0},"title":"3 ottobre 2016: Passeggiata fotografica alla Sanit\u00e0 con Luca Sorbo","author":"Pigrecoemme","date":"20 Settembre 2016","format":false,"excerpt":"Luned\u00ec 3 ottobre passeggiata fotografica gratuita alla Sanit\u00e0, organizzata dalla Organizzata dalla Scuola di Cinema e Fotografia Pigrecoemme e \u00a0coordinata da Luca Sorbo, docente di fotografia all'Accademia di Belle Arti di Napoli e curatore dei nostri corsi di fotografia. Un\u2019occasione unica per conoscere uno dei quartieri pi\u00f9 caratteristici di Napoli:\u2026","rel":"","context":"In &quot;Eventi&quot;","block_context":{"text":"Eventi","link":"https:\/\/www.pigrecoemme.com\/blog\/eventi\/"},"img":{"alt_text":"Passeggiata fotografica alla Sanit\u00e0 con Luca Sorbo","src":"https:\/\/i0.wp.com\/www.pigrecoemme.com\/blog\/wp-content\/uploads\/2016\/09\/passeggiata-fotografica-sanita.jpg?resize=350%2C200&ssl=1","width":350,"height":200,"srcset":"https:\/\/i0.wp.com\/www.pigrecoemme.com\/blog\/wp-content\/uploads\/2016\/09\/passeggiata-fotografica-sanita.jpg?resize=350%2C200&ssl=1 1x, https:\/\/i0.wp.com\/www.pigrecoemme.com\/blog\/wp-content\/uploads\/2016\/09\/passeggiata-fotografica-sanita.jpg?resize=525%2C300&ssl=1 1.5x, https:\/\/i0.wp.com\/www.pigrecoemme.com\/blog\/wp-content\/uploads\/2016\/09\/passeggiata-fotografica-sanita.jpg?resize=700%2C400&ssl=1 2x"},"classes":[]},{"id":243,"url":"https:\/\/www.pigrecoemme.com\/blog\/alla-feltrinelli-di-piazza-dei-martiri-giovedi-3-giugno-la-mostra-fotografica-effetti-collaterali\/","url_meta":{"origin":2397,"position":1},"title":"Alla Feltrinelli di Piazza dei Martiri, gioved\u00ec 3 giugno la mostra fotografica Effetti collaterali","author":"Corrado Morra","date":"1 Giugno 2010","format":false,"excerpt":"Gioved\u00ec 3 giugno, alle 18, inaugurazione della mostra fotografica Effetti collaterali, a cura di Gianni Pinnizzotto, docente del corso di Fotogiornalismo della Scuola di cinema e fotografia Pigrecoemme di Napoli.","rel":"","context":"In &quot;Eventi&quot;","block_context":{"text":"Eventi","link":"https:\/\/www.pigrecoemme.com\/blog\/eventi\/"},"img":{"alt_text":"","src":"https:\/\/i0.wp.com\/www.pigrecoemme.com\/blog\/wp-content\/uploads\/2010\/06\/bambino-palestinese2-300x201.jpg?resize=350%2C200","width":350,"height":200},"classes":[]},{"id":186,"url":"https:\/\/www.pigrecoemme.com\/blog\/pigrecoemme-cerca-giovani-fotografi\/","url_meta":{"origin":2397,"position":2},"title":"Pigrecoemme cerca giovani fotografi","author":"Giacomo Fabbrocino","date":"8 Novembre 2009","format":false,"excerpt":"La Scuola di cinema Pigrecoemme cerca giovani fotografi per promuoverne il lavoro con una serie di mostre ed un catalogo di prossima pubblicazione. Per questa ragione Pigrecoemme organizza due incontri \u2013 marted\u00ec 10 novembre e marted\u00ec I dicembre 2009 \u2013 aperti a quanti, fotografi professionisti, fotoamatori o semplici curiosi, vogliano\u2026","rel":"","context":"In &quot;Eventi&quot;","block_context":{"text":"Eventi","link":"https:\/\/www.pigrecoemme.com\/blog\/eventi\/"},"img":{"alt_text":"In giro per la citt\u00e0..pedalando pedalando..","src":"https:\/\/i0.wp.com\/farm3.static.flickr.com\/2559\/3713421668_cc43ed957e_m.jpg?resize=350%2C200","width":350,"height":200},"classes":[]},{"id":2215,"url":"https:\/\/www.pigrecoemme.com\/blog\/open-day-alla-pigrecoemme-il-20-settembre-presentazione-del-corso-di-fotografia\/","url_meta":{"origin":2397,"position":3},"title":"Open day alla Pigrecoemme il 20 settembre: presentazione del corso di fotografia","author":"Pigrecoemme","date":"13 Settembre 2018","format":false,"excerpt":"La ricerca in ambito fotografico \u00e8 fondamentale, a maggior ragione quando si ha bisogno costante di nuovi stimoli da riportare nell'attivit\u00e0 didattica. NON SOLO UNA PRESENTAZIONE DEL CORSO, MA ANCHE UN\u2019ESPERIENZA FOTOGRAFICA. L'evento a cui abbiamo pensato, a margine della presentazione del corso di fotografia 2018\/2019 targato Pigrecoemme e condotto\u2026","rel":"","context":"In &quot;Fotografia&quot;","block_context":{"text":"Fotografia","link":"https:\/\/www.pigrecoemme.com\/blog\/fotografia\/"},"img":{"alt_text":"","src":"https:\/\/i0.wp.com\/www.pigrecoemme.com\/blog\/wp-content\/uploads\/2025\/04\/corso-di-fotografia-napoli-presentazione.jpg?fit=900%2C470&ssl=1&resize=350%2C200","width":350,"height":200,"srcset":"https:\/\/i0.wp.com\/www.pigrecoemme.com\/blog\/wp-content\/uploads\/2025\/04\/corso-di-fotografia-napoli-presentazione.jpg?fit=900%2C470&ssl=1&resize=350%2C200 1x, https:\/\/i0.wp.com\/www.pigrecoemme.com\/blog\/wp-content\/uploads\/2025\/04\/corso-di-fotografia-napoli-presentazione.jpg?fit=900%2C470&ssl=1&resize=525%2C300 1.5x, https:\/\/i0.wp.com\/www.pigrecoemme.com\/blog\/wp-content\/uploads\/2025\/04\/corso-di-fotografia-napoli-presentazione.jpg?fit=900%2C470&ssl=1&resize=700%2C400 2x"},"classes":[]},{"id":233,"url":"https:\/\/www.pigrecoemme.com\/blog\/linfinito-viaggiare-apre-il-13-maggio-con-la-mostra-di-fotografia-dei-nostri-ex-allievi\/","url_meta":{"origin":2397,"position":4},"title":"L&#8217;INFINITO VIAGGIARE APRE IL 13 MAGGIO CON LA MOSTRA DI FOTOGRAFIA DEGLI EX ALLIEVI DELLA PIGRECOEMME","author":"Giacomo Fabbrocino","date":"8 Maggio 2010","format":false,"excerpt":"Il festival L\u2019Infinito Viaggiare, alla sua seconda edizione, vuole proporsi come \u201cun suggestivo viaggio artistico e culturale alla scoperta del potere dei luoghi\u201d e vuole farlo attraverso il cinema e la fotografia, articolandosi in tre differenti segmenti: una mostra fotografica, una rassegna cinematografica e una serie di dialoghi con ospiti\u2026","rel":"","context":"In &quot;Eventi&quot;","block_context":{"text":"Eventi","link":"https:\/\/www.pigrecoemme.com\/blog\/eventi\/"},"img":{"alt_text":"","src":"https:\/\/i0.wp.com\/www.pigrecoemme.com\/blog\/wp-content\/uploads\/2010\/05\/infinito-viaggiare-manisfesto-216x300.jpg?resize=350%2C200","width":350,"height":200},"classes":[]},{"id":1694,"url":"https:\/\/www.pigrecoemme.com\/blog\/27-aprile-passeggiata-fotografica-ai-quartieri-spagnoli\/","url_meta":{"origin":2397,"position":5},"title":"27 aprile:  Passeggiata fotografica ai Quartieri Spagnoli","author":"Giacomo Fabbrocino","date":"14 Aprile 2016","format":false,"excerpt":"Esplorare fotograficamente i Quartieri Spagnoli \u00e8 una della esperienze pi\u00f9 avvincenti con cui si possa misurare un fotografo, sia principiante, sia esperto. L'antico luogo in cui erano alloggiate le truppe spagnole nel 1500 ha un fascino unico. Oggi \u00e8 uno dei luoghi in cui confrontarsi con l'anima popolare di Napoli,\u2026","rel":"","context":"In &quot;Eventi&quot;","block_context":{"text":"Eventi","link":"https:\/\/www.pigrecoemme.com\/blog\/eventi\/"},"img":{"alt_text":"Grazie a Lidia de Campora per l'immagine.","src":"https:\/\/i0.wp.com\/www.pigrecoemme.com\/blog\/wp-content\/uploads\/2016\/04\/passeggiata-quartieri-spagnoli.jpg?resize=350%2C200","width":350,"height":200,"srcset":"https:\/\/i0.wp.com\/www.pigrecoemme.com\/blog\/wp-content\/uploads\/2016\/04\/passeggiata-quartieri-spagnoli.jpg?resize=350%2C200 1x, https:\/\/i0.wp.com\/www.pigrecoemme.com\/blog\/wp-content\/uploads\/2016\/04\/passeggiata-quartieri-spagnoli.jpg?resize=525%2C300 1.5x, https:\/\/i0.wp.com\/www.pigrecoemme.com\/blog\/wp-content\/uploads\/2016\/04\/passeggiata-quartieri-spagnoli.jpg?resize=700%2C400 2x"},"classes":[]}],"jetpack_featured_media_url":"","_links":{"self":[{"href":"https:\/\/www.pigrecoemme.com\/blog\/wp-json\/wp\/v2\/posts\/2397","targetHints":{"allow":["GET"]}}],"collection":[{"href":"https:\/\/www.pigrecoemme.com\/blog\/wp-json\/wp\/v2\/posts"}],"about":[{"href":"https:\/\/www.pigrecoemme.com\/blog\/wp-json\/wp\/v2\/types\/post"}],"author":[{"embeddable":true,"href":"https:\/\/www.pigrecoemme.com\/blog\/wp-json\/wp\/v2\/users\/4"}],"replies":[{"embeddable":true,"href":"https:\/\/www.pigrecoemme.com\/blog\/wp-json\/wp\/v2\/comments?post=2397"}],"version-history":[{"count":0,"href":"https:\/\/www.pigrecoemme.com\/blog\/wp-json\/wp\/v2\/posts\/2397\/revisions"}],"wp:attachment":[{"href":"https:\/\/www.pigrecoemme.com\/blog\/wp-json\/wp\/v2\/media?parent=2397"}],"wp:term":[{"taxonomy":"category","embeddable":true,"href":"https:\/\/www.pigrecoemme.com\/blog\/wp-json\/wp\/v2\/categories?post=2397"},{"taxonomy":"post_tag","embeddable":true,"href":"https:\/\/www.pigrecoemme.com\/blog\/wp-json\/wp\/v2\/tags?post=2397"}],"curies":[{"name":"wp","href":"https:\/\/api.w.org\/{rel}","templated":true}]}}