{"id":237,"date":"2010-05-08T16:07:02","date_gmt":"2010-05-08T14:07:02","guid":{"rendered":"http:\/\/www.pigrecoemme.com\/blog\/?p=237"},"modified":"2010-05-08T18:25:16","modified_gmt":"2010-05-08T16:25:16","slug":"rock-around-the-screen-su-jam-di-maggio","status":"publish","type":"post","link":"https:\/\/www.pigrecoemme.com\/blog\/rock-around-the-screen-su-jam-di-maggio\/","title":{"rendered":"Rock Around the Screen su Jam di Maggio"},"content":{"rendered":"<p>Rock Around the Screen, il fortunato libro edito da Liguori e curato da Diego Del Pozzo e Vincenzo Esposito, che indaga gli intrecci tra cinema e rock, prosegue il suo fortunato cammino tra le recensioni positive nonch\u00e9 di prestigio con questa, a firma Donato Zoppo, pubblicata dalla rivista Jam di maggio. Questa volta tocca, di Pigrecoemme, a Giacomo Fabbrocino essere citato per il suo saggio sull&#8217;Opera Rock. In attesa dell&#8217;eventone prossimo venturo (20 maggio a Roma) in cui sar\u00e0 nientepopodimeno che Carlo Verdone a presentare il libro presso l&#8217;Universit\u00e0 Roma 3, continuate a seguirci e soprattutto&#8230;siate Rock!<\/p>\n<figure id=\"attachment_238\" aria-describedby=\"caption-attachment-238\" style=\"width: 367px\" class=\"wp-caption aligncenter\"><a href=\"https:\/\/i0.wp.com\/www.pigrecoemme.com\/blog\/wp-content\/uploads\/2010\/05\/rock-around-the-screen-su-jam.jpg?ssl=1\"><img data-recalc-dims=\"1\" loading=\"lazy\" decoding=\"async\" class=\"size-full wp-image-238 \" title=\"rock-around-the-screen-su-jam\" src=\"https:\/\/i0.wp.com\/www.pigrecoemme.com\/blog\/wp-content\/uploads\/2010\/05\/rock-around-the-screen-su-jam.jpg?resize=367%2C456&#038;ssl=1\" alt=\"la recensione di Donato Zoppo sul numero 170 di JAM attualmente in edicola.\" width=\"367\" height=\"456\" \/><\/a><figcaption id=\"caption-attachment-238\" class=\"wp-caption-text\">la recensione di Donato Zoppo sul numero 170 di JAM attualmente in edicola.<\/figcaption><\/figure>\n","protected":false},"excerpt":{"rendered":"<p>Rock Around the Screen, il fortunato libro edito da Liguori e curato da Diego Del Pozzo e Vincenzo Esposito, che indaga gli intrecci tra cinema e rock, prosegue il suo fortunato cammino tra le&hellip;<\/p>\n","protected":false},"author":2,"featured_media":0,"comment_status":"open","ping_status":"open","sticky":false,"template":"","format":"standard","meta":{"_jetpack_newsletter_access":"","_jetpack_dont_email_post_to_subs":false,"_jetpack_newsletter_tier_id":0,"_jetpack_memberships_contains_paywalled_content":false,"_jetpack_feature_clip_id":0,"_jetpack_memberships_contains_paid_content":false,"footnotes":"","jetpack_post_was_ever_published":false},"categories":[1],"tags":[],"class_list":["post-237","post","type-post","status-publish","format-standard","hentry","category-generale"],"yoast_head":"<!-- This site is optimized with the Yoast SEO plugin v28.3 - https:\/\/yoast.com\/product\/yoast-seo-wordpress\/ -->\n<title>Rock Around the Screen su Jam di Maggio<\/title>\n<meta name=\"robots\" content=\"index, follow, max-snippet:-1, max-image-preview:large, max-video-preview:-1\" \/>\n<link rel=\"canonical\" href=\"https:\/\/www.pigrecoemme.com\/blog\/rock-around-the-screen-su-jam-di-maggio\/\" \/>\n<meta property=\"og:locale\" content=\"it_IT\" \/>\n<meta property=\"og:type\" content=\"article\" \/>\n<meta property=\"og:title\" content=\"Rock Around the Screen su Jam di Maggio\" \/>\n<meta property=\"og:description\" content=\"Rock Around the Screen, il fortunato libro edito da Liguori e curato da Diego Del Pozzo e Vincenzo Esposito, che indaga gli intrecci tra cinema e rock, prosegue il suo fortunato cammino tra le recensioni positive nonch\u00e9 di prestigio con &hellip; Continue reading &rarr;\" \/>\n<meta property=\"og:url\" content=\"https:\/\/www.pigrecoemme.com\/blog\/rock-around-the-screen-su-jam-di-maggio\/\" \/>\n<meta property=\"og:site_name\" content=\"Scuola di Cinema Pigrecoemme - Blog\" \/>\n<meta property=\"article:publisher\" content=\"https:\/\/www.facebook.com\/pigrecoemme\" \/>\n<meta property=\"article:author\" content=\"https:\/\/www.facebook.com\/corrado.morra1\" \/>\n<meta property=\"article:published_time\" content=\"2010-05-08T14:07:02+00:00\" \/>\n<meta property=\"article:modified_time\" content=\"2010-05-08T16:25:16+00:00\" \/>\n<meta property=\"og:image\" content=\"http:\/\/www.pigrecoemme.com\/blog\/wp-content\/uploads\/2010\/05\/rock-around-the-screen-su-jam.jpg\" \/>\n<meta name=\"author\" content=\"Corrado Morra\" \/>\n<meta name=\"twitter:card\" content=\"summary_large_image\" \/>\n<meta name=\"twitter:creator\" content=\"@Pigrecoemme\" \/>\n<meta name=\"twitter:site\" content=\"@Pigrecoemme\" \/>\n<meta name=\"twitter:label1\" content=\"Scritto da\" \/>\n\t<meta name=\"twitter:data1\" content=\"Corrado Morra\" \/>\n\t<meta name=\"twitter:label2\" content=\"Tempo di lettura stimato\" \/>\n\t<meta name=\"twitter:data2\" content=\"1 minuto\" \/>\n<script type=\"application\/ld+json\" class=\"yoast-schema-graph\">{\"@context\":\"https:\\\/\\\/schema.org\",\"@graph\":[{\"@type\":[\"Article\",\"BlogPosting\"],\"@id\":\"https:\\\/\\\/www.pigrecoemme.com\\\/blog\\\/rock-around-the-screen-su-jam-di-maggio\\\/#article\",\"isPartOf\":{\"@id\":\"https:\\\/\\\/www.pigrecoemme.com\\\/blog\\\/rock-around-the-screen-su-jam-di-maggio\\\/\"},\"author\":{\"name\":\"Corrado Morra\",\"@id\":\"https:\\\/\\\/www.pigrecoemme.com\\\/blog\\\/#\\\/schema\\\/person\\\/702764b5ecda4c2f34e82348789f649e\"},\"headline\":\"Rock Around the Screen su Jam di Maggio\",\"datePublished\":\"2010-05-08T14:07:02+00:00\",\"dateModified\":\"2010-05-08T16:25:16+00:00\",\"mainEntityOfPage\":{\"@id\":\"https:\\\/\\\/www.pigrecoemme.com\\\/blog\\\/rock-around-the-screen-su-jam-di-maggio\\\/\"},\"wordCount\":127,\"commentCount\":0,\"publisher\":{\"@id\":\"https:\\\/\\\/www.pigrecoemme.com\\\/blog\\\/#organization\"},\"image\":{\"@id\":\"https:\\\/\\\/www.pigrecoemme.com\\\/blog\\\/rock-around-the-screen-su-jam-di-maggio\\\/#primaryimage\"},\"thumbnailUrl\":\"http:\\\/\\\/www.pigrecoemme.com\\\/blog\\\/wp-content\\\/uploads\\\/2010\\\/05\\\/rock-around-the-screen-su-jam.jpg\",\"articleSection\":[\"Generale\"],\"inLanguage\":\"it-IT\",\"potentialAction\":[{\"@type\":\"CommentAction\",\"name\":\"Comment\",\"target\":[\"https:\\\/\\\/www.pigrecoemme.com\\\/blog\\\/rock-around-the-screen-su-jam-di-maggio\\\/#respond\"]}]},{\"@type\":\"WebPage\",\"@id\":\"https:\\\/\\\/www.pigrecoemme.com\\\/blog\\\/rock-around-the-screen-su-jam-di-maggio\\\/\",\"url\":\"https:\\\/\\\/www.pigrecoemme.com\\\/blog\\\/rock-around-the-screen-su-jam-di-maggio\\\/\",\"name\":\"Rock Around the Screen su Jam di Maggio\",\"isPartOf\":{\"@id\":\"https:\\\/\\\/www.pigrecoemme.com\\\/blog\\\/#website\"},\"primaryImageOfPage\":{\"@id\":\"https:\\\/\\\/www.pigrecoemme.com\\\/blog\\\/rock-around-the-screen-su-jam-di-maggio\\\/#primaryimage\"},\"image\":{\"@id\":\"https:\\\/\\\/www.pigrecoemme.com\\\/blog\\\/rock-around-the-screen-su-jam-di-maggio\\\/#primaryimage\"},\"thumbnailUrl\":\"http:\\\/\\\/www.pigrecoemme.com\\\/blog\\\/wp-content\\\/uploads\\\/2010\\\/05\\\/rock-around-the-screen-su-jam.jpg\",\"datePublished\":\"2010-05-08T14:07:02+00:00\",\"dateModified\":\"2010-05-08T16:25:16+00:00\",\"breadcrumb\":{\"@id\":\"https:\\\/\\\/www.pigrecoemme.com\\\/blog\\\/rock-around-the-screen-su-jam-di-maggio\\\/#breadcrumb\"},\"inLanguage\":\"it-IT\",\"potentialAction\":[{\"@type\":\"ReadAction\",\"target\":[\"https:\\\/\\\/www.pigrecoemme.com\\\/blog\\\/rock-around-the-screen-su-jam-di-maggio\\\/\"]}]},{\"@type\":\"ImageObject\",\"inLanguage\":\"it-IT\",\"@id\":\"https:\\\/\\\/www.pigrecoemme.com\\\/blog\\\/rock-around-the-screen-su-jam-di-maggio\\\/#primaryimage\",\"url\":\"http:\\\/\\\/www.pigrecoemme.com\\\/blog\\\/wp-content\\\/uploads\\\/2010\\\/05\\\/rock-around-the-screen-su-jam.jpg\",\"contentUrl\":\"http:\\\/\\\/www.pigrecoemme.com\\\/blog\\\/wp-content\\\/uploads\\\/2010\\\/05\\\/rock-around-the-screen-su-jam.jpg\"},{\"@type\":\"BreadcrumbList\",\"@id\":\"https:\\\/\\\/www.pigrecoemme.com\\\/blog\\\/rock-around-the-screen-su-jam-di-maggio\\\/#breadcrumb\",\"itemListElement\":[{\"@type\":\"ListItem\",\"position\":1,\"name\":\"Home\",\"item\":\"https:\\\/\\\/www.pigrecoemme.com\\\/blog\\\/\"},{\"@type\":\"ListItem\",\"position\":2,\"name\":\"Rock Around the Screen su Jam di Maggio\"}]},{\"@type\":\"WebSite\",\"@id\":\"https:\\\/\\\/www.pigrecoemme.com\\\/blog\\\/#website\",\"url\":\"https:\\\/\\\/www.pigrecoemme.com\\\/blog\\\/\",\"name\":\"Scuola di Cinema Pigrecoemme - Blog\",\"description\":\"Siamo la prima Scuola di Cinema e Fotografia di Napoli\",\"publisher\":{\"@id\":\"https:\\\/\\\/www.pigrecoemme.com\\\/blog\\\/#organization\"},\"potentialAction\":[{\"@type\":\"SearchAction\",\"target\":{\"@type\":\"EntryPoint\",\"urlTemplate\":\"https:\\\/\\\/www.pigrecoemme.com\\\/blog\\\/?s={search_term_string}\"},\"query-input\":{\"@type\":\"PropertyValueSpecification\",\"valueRequired\":true,\"valueName\":\"search_term_string\"}}],\"inLanguage\":\"it-IT\"},{\"@type\":\"Organization\",\"@id\":\"https:\\\/\\\/www.pigrecoemme.com\\\/blog\\\/#organization\",\"name\":\"Scuola di cinema e fotografia Pigrecoemme\",\"url\":\"https:\\\/\\\/www.pigrecoemme.com\\\/blog\\\/\",\"logo\":{\"@type\":\"ImageObject\",\"inLanguage\":\"it-IT\",\"@id\":\"https:\\\/\\\/www.pigrecoemme.com\\\/blog\\\/#\\\/schema\\\/logo\\\/image\\\/\",\"url\":\"https:\\\/\\\/i0.wp.com\\\/www.pigrecoemme.com\\\/blog\\\/wp-content\\\/uploads\\\/2018\\\/06\\\/logo-pigrecoemme-2018.png?fit=500%2C500&ssl=1\",\"contentUrl\":\"https:\\\/\\\/i0.wp.com\\\/www.pigrecoemme.com\\\/blog\\\/wp-content\\\/uploads\\\/2018\\\/06\\\/logo-pigrecoemme-2018.png?fit=500%2C500&ssl=1\",\"width\":500,\"height\":500,\"caption\":\"Scuola di cinema e fotografia Pigrecoemme\"},\"image\":{\"@id\":\"https:\\\/\\\/www.pigrecoemme.com\\\/blog\\\/#\\\/schema\\\/logo\\\/image\\\/\"},\"sameAs\":[\"https:\\\/\\\/www.facebook.com\\\/pigrecoemme\",\"https:\\\/\\\/x.com\\\/Pigrecoemme\",\"https:\\\/\\\/www.instagram.com\\\/pigrecoemme\\\/\",\"https:\\\/\\\/www.linkedin.com\\\/company\\\/pigrecoemme\\\/\",\"https:\\\/\\\/www.youtube.com\\\/pigrecoemme\"]},{\"@type\":\"Person\",\"@id\":\"https:\\\/\\\/www.pigrecoemme.com\\\/blog\\\/#\\\/schema\\\/person\\\/702764b5ecda4c2f34e82348789f649e\",\"name\":\"Corrado Morra\",\"image\":{\"@type\":\"ImageObject\",\"inLanguage\":\"it-IT\",\"@id\":\"https:\\\/\\\/secure.gravatar.com\\\/avatar\\\/f6ce2f6728fbdf920737112fe70682512808577befa2c9c7845c04a8449b8f03?s=96&r=g\",\"url\":\"https:\\\/\\\/secure.gravatar.com\\\/avatar\\\/f6ce2f6728fbdf920737112fe70682512808577befa2c9c7845c04a8449b8f03?s=96&r=g\",\"contentUrl\":\"https:\\\/\\\/secure.gravatar.com\\\/avatar\\\/f6ce2f6728fbdf920737112fe70682512808577befa2c9c7845c04a8449b8f03?s=96&r=g\",\"caption\":\"Corrado Morra\"},\"description\":\"Esperto di arti visive e di cinema, insegna Sceneggiatura alla Scuola di cinema Pigrecoemme di Napoli, di cui \u00e8 tra i fondatori.\",\"sameAs\":[\"http:\\\/\\\/www.pigrecoemme.com\\\/\",\"https:\\\/\\\/www.facebook.com\\\/corrado.morra1\"],\"url\":\"https:\\\/\\\/www.pigrecoemme.com\\\/blog\\\/author\\\/corrado-morra\\\/\"}]}<\/script>\n<!-- \/ Yoast SEO plugin. -->","yoast_head_json":{"title":"Rock Around the Screen su Jam di Maggio","robots":{"index":"index","follow":"follow","max-snippet":"max-snippet:-1","max-image-preview":"max-image-preview:large","max-video-preview":"max-video-preview:-1"},"canonical":"https:\/\/www.pigrecoemme.com\/blog\/rock-around-the-screen-su-jam-di-maggio\/","og_locale":"it_IT","og_type":"article","og_title":"Rock Around the Screen su Jam di Maggio","og_description":"Rock Around the Screen, il fortunato libro edito da Liguori e curato da Diego Del Pozzo e Vincenzo Esposito, che indaga gli intrecci tra cinema e rock, prosegue il suo fortunato cammino tra le recensioni positive nonch\u00e9 di prestigio con &hellip; Continue reading &rarr;","og_url":"https:\/\/www.pigrecoemme.com\/blog\/rock-around-the-screen-su-jam-di-maggio\/","og_site_name":"Scuola di Cinema Pigrecoemme - Blog","article_publisher":"https:\/\/www.facebook.com\/pigrecoemme","article_author":"https:\/\/www.facebook.com\/corrado.morra1","article_published_time":"2010-05-08T14:07:02+00:00","article_modified_time":"2010-05-08T16:25:16+00:00","og_image":[{"url":"http:\/\/www.pigrecoemme.com\/blog\/wp-content\/uploads\/2010\/05\/rock-around-the-screen-su-jam.jpg","type":"","width":"","height":""}],"author":"Corrado Morra","twitter_card":"summary_large_image","twitter_creator":"@Pigrecoemme","twitter_site":"@Pigrecoemme","twitter_misc":{"Scritto da":"Corrado Morra","Tempo di lettura stimato":"1 minuto"},"schema":{"@context":"https:\/\/schema.org","@graph":[{"@type":["Article","BlogPosting"],"@id":"https:\/\/www.pigrecoemme.com\/blog\/rock-around-the-screen-su-jam-di-maggio\/#article","isPartOf":{"@id":"https:\/\/www.pigrecoemme.com\/blog\/rock-around-the-screen-su-jam-di-maggio\/"},"author":{"name":"Corrado Morra","@id":"https:\/\/www.pigrecoemme.com\/blog\/#\/schema\/person\/702764b5ecda4c2f34e82348789f649e"},"headline":"Rock Around the Screen su Jam di Maggio","datePublished":"2010-05-08T14:07:02+00:00","dateModified":"2010-05-08T16:25:16+00:00","mainEntityOfPage":{"@id":"https:\/\/www.pigrecoemme.com\/blog\/rock-around-the-screen-su-jam-di-maggio\/"},"wordCount":127,"commentCount":0,"publisher":{"@id":"https:\/\/www.pigrecoemme.com\/blog\/#organization"},"image":{"@id":"https:\/\/www.pigrecoemme.com\/blog\/rock-around-the-screen-su-jam-di-maggio\/#primaryimage"},"thumbnailUrl":"http:\/\/www.pigrecoemme.com\/blog\/wp-content\/uploads\/2010\/05\/rock-around-the-screen-su-jam.jpg","articleSection":["Generale"],"inLanguage":"it-IT","potentialAction":[{"@type":"CommentAction","name":"Comment","target":["https:\/\/www.pigrecoemme.com\/blog\/rock-around-the-screen-su-jam-di-maggio\/#respond"]}]},{"@type":"WebPage","@id":"https:\/\/www.pigrecoemme.com\/blog\/rock-around-the-screen-su-jam-di-maggio\/","url":"https:\/\/www.pigrecoemme.com\/blog\/rock-around-the-screen-su-jam-di-maggio\/","name":"Rock Around the Screen su Jam di Maggio","isPartOf":{"@id":"https:\/\/www.pigrecoemme.com\/blog\/#website"},"primaryImageOfPage":{"@id":"https:\/\/www.pigrecoemme.com\/blog\/rock-around-the-screen-su-jam-di-maggio\/#primaryimage"},"image":{"@id":"https:\/\/www.pigrecoemme.com\/blog\/rock-around-the-screen-su-jam-di-maggio\/#primaryimage"},"thumbnailUrl":"http:\/\/www.pigrecoemme.com\/blog\/wp-content\/uploads\/2010\/05\/rock-around-the-screen-su-jam.jpg","datePublished":"2010-05-08T14:07:02+00:00","dateModified":"2010-05-08T16:25:16+00:00","breadcrumb":{"@id":"https:\/\/www.pigrecoemme.com\/blog\/rock-around-the-screen-su-jam-di-maggio\/#breadcrumb"},"inLanguage":"it-IT","potentialAction":[{"@type":"ReadAction","target":["https:\/\/www.pigrecoemme.com\/blog\/rock-around-the-screen-su-jam-di-maggio\/"]}]},{"@type":"ImageObject","inLanguage":"it-IT","@id":"https:\/\/www.pigrecoemme.com\/blog\/rock-around-the-screen-su-jam-di-maggio\/#primaryimage","url":"http:\/\/www.pigrecoemme.com\/blog\/wp-content\/uploads\/2010\/05\/rock-around-the-screen-su-jam.jpg","contentUrl":"http:\/\/www.pigrecoemme.com\/blog\/wp-content\/uploads\/2010\/05\/rock-around-the-screen-su-jam.jpg"},{"@type":"BreadcrumbList","@id":"https:\/\/www.pigrecoemme.com\/blog\/rock-around-the-screen-su-jam-di-maggio\/#breadcrumb","itemListElement":[{"@type":"ListItem","position":1,"name":"Home","item":"https:\/\/www.pigrecoemme.com\/blog\/"},{"@type":"ListItem","position":2,"name":"Rock Around the Screen su Jam di Maggio"}]},{"@type":"WebSite","@id":"https:\/\/www.pigrecoemme.com\/blog\/#website","url":"https:\/\/www.pigrecoemme.com\/blog\/","name":"Scuola di Cinema Pigrecoemme - Blog","description":"Siamo la prima Scuola di Cinema e Fotografia di Napoli","publisher":{"@id":"https:\/\/www.pigrecoemme.com\/blog\/#organization"},"potentialAction":[{"@type":"SearchAction","target":{"@type":"EntryPoint","urlTemplate":"https:\/\/www.pigrecoemme.com\/blog\/?s={search_term_string}"},"query-input":{"@type":"PropertyValueSpecification","valueRequired":true,"valueName":"search_term_string"}}],"inLanguage":"it-IT"},{"@type":"Organization","@id":"https:\/\/www.pigrecoemme.com\/blog\/#organization","name":"Scuola di cinema e fotografia Pigrecoemme","url":"https:\/\/www.pigrecoemme.com\/blog\/","logo":{"@type":"ImageObject","inLanguage":"it-IT","@id":"https:\/\/www.pigrecoemme.com\/blog\/#\/schema\/logo\/image\/","url":"https:\/\/i0.wp.com\/www.pigrecoemme.com\/blog\/wp-content\/uploads\/2018\/06\/logo-pigrecoemme-2018.png?fit=500%2C500&ssl=1","contentUrl":"https:\/\/i0.wp.com\/www.pigrecoemme.com\/blog\/wp-content\/uploads\/2018\/06\/logo-pigrecoemme-2018.png?fit=500%2C500&ssl=1","width":500,"height":500,"caption":"Scuola di cinema e fotografia Pigrecoemme"},"image":{"@id":"https:\/\/www.pigrecoemme.com\/blog\/#\/schema\/logo\/image\/"},"sameAs":["https:\/\/www.facebook.com\/pigrecoemme","https:\/\/x.com\/Pigrecoemme","https:\/\/www.instagram.com\/pigrecoemme\/","https:\/\/www.linkedin.com\/company\/pigrecoemme\/","https:\/\/www.youtube.com\/pigrecoemme"]},{"@type":"Person","@id":"https:\/\/www.pigrecoemme.com\/blog\/#\/schema\/person\/702764b5ecda4c2f34e82348789f649e","name":"Corrado Morra","image":{"@type":"ImageObject","inLanguage":"it-IT","@id":"https:\/\/secure.gravatar.com\/avatar\/f6ce2f6728fbdf920737112fe70682512808577befa2c9c7845c04a8449b8f03?s=96&r=g","url":"https:\/\/secure.gravatar.com\/avatar\/f6ce2f6728fbdf920737112fe70682512808577befa2c9c7845c04a8449b8f03?s=96&r=g","contentUrl":"https:\/\/secure.gravatar.com\/avatar\/f6ce2f6728fbdf920737112fe70682512808577befa2c9c7845c04a8449b8f03?s=96&r=g","caption":"Corrado Morra"},"description":"Esperto di arti visive e di cinema, insegna Sceneggiatura alla Scuola di cinema Pigrecoemme di Napoli, di cui \u00e8 tra i fondatori.","sameAs":["http:\/\/www.pigrecoemme.com\/","https:\/\/www.facebook.com\/corrado.morra1"],"url":"https:\/\/www.pigrecoemme.com\/blog\/author\/corrado-morra\/"}]}},"jetpack_sharing_enabled":true,"jetpack_likes_enabled":true,"jetpack-related-posts":[{"id":240,"url":"https:\/\/www.pigrecoemme.com\/blog\/giovedi-20-maggio-2010-presentazione-di-rock-around-the-screen-con-carlo-verdone\/","url_meta":{"origin":237,"position":0},"title":"Gioved\u00ec 20 maggio 2010 presentazione di Rock Around The Screen con Carlo Verdone","author":"Giacomo Fabbrocino","date":"19 Maggio 2010","format":false,"excerpt":"La Facolt\u00e0 di Scienze della Formazione dell'Universit\u00e0 Roma Tre Presenta Un incontro con CARLO VERDONE in occasione della presentazione del libro ROCK AROUND THE SCREEN Storie di cinema e musica pop a cura di Diego del Pozzo e Vincenzo Esposito (Liguori Editore) Gioved\u00ec 20 maggio 2010 ore 11,00 Aula magna\u2026","rel":"","context":"In &quot;Eventi&quot;","block_context":{"text":"Eventi","link":"https:\/\/www.pigrecoemme.com\/blog\/eventi\/"},"img":{"alt_text":"","src":"https:\/\/i0.wp.com\/www.pigrecoemme.com\/blog\/wp-content\/uploads\/2010\/05\/verdioneuniv-211x300.jpg?resize=350%2C200","width":350,"height":200},"classes":[]},{"id":664,"url":"https:\/\/www.pigrecoemme.com\/blog\/un-consiglio-a-dio-al-cinema\/","url_meta":{"origin":237,"position":1},"title":"Un Consiglio a Dio al Cinema! (si parte dal nuovo Sacher di Roma e dal Filangieri di Napoli)","author":"Giacomo Fabbrocino","date":"27 Maggio 2013","format":false,"excerpt":"\u00a0 E' con grandissima soddisfazione che vi annunciamo che il nuovo film di Sandro Dionisio, Un Consiglio a Dio, prodotto dalla Axelotil di Ganluca Arcopinto, dalla, C.ET.R.A di Sandro Dionisio e dalla Pigrecoemme, inizia il suo percorso distributivo nelle sale italiane. Il 29 maggio al Nuovo Sacher di Roma Montato\u2026","rel":"","context":"In &quot;Eventi&quot;","block_context":{"text":"Eventi","link":"https:\/\/www.pigrecoemme.com\/blog\/eventi\/"},"img":{"alt_text":"Il manifesto","src":"https:\/\/i0.wp.com\/www.pigrecoemme.com\/blog\/wp-content\/uploads\/2013\/05\/cad_a-210x300.jpg?resize=350%2C200","width":350,"height":200},"classes":[]},{"id":502,"url":"https:\/\/www.pigrecoemme.com\/blog\/il-cinema-secondo-springsteen-al-pan-di-napoli-dal-30-maggio-all1-giugno-2012\/","url_meta":{"origin":237,"position":2},"title":"Il cinema secondo Springsteen. Al PAN dal 30 maggio all&#8217;1 giugno 2012","author":"Corrado Morra","date":"23 Maggio 2012","format":false,"excerpt":"Vi segnaliamo un appuntamento imperdibile per tutti gli appassionati di Bruce Springsteen e per coloro che seguono con particolare attenzione gli affascinanti rapporti tra cinema e musica rock. Al PAN \u2013 Palazzo delle Arti di Napoli, infatti, \u00e8 in programma, da mercoled\u00ec 30 maggio a venerd\u00ec 1 giugno, Il cinema\u2026","rel":"","context":"In &quot;Eventi&quot;","block_context":{"text":"Eventi","link":"https:\/\/www.pigrecoemme.com\/blog\/eventi\/"},"img":{"alt_text":"","src":"https:\/\/i0.wp.com\/www.pigrecoemme.com\/blog\/wp-content\/uploads\/2012\/05\/invito-springsteen-214x300.jpg?resize=350%2C200","width":350,"height":200},"classes":[]},{"id":218,"url":"https:\/\/www.pigrecoemme.com\/blog\/su-film-tv-la-recensione-di-rock-around-the-screen\/","url_meta":{"origin":237,"position":3},"title":"Su Film TV, la recensione di Rock Around the Screen","author":"Corrado Morra","date":"31 Marzo 2010","format":false,"excerpt":"Sul presitigioso settimanale di cinema Film TV, la recensione del libro Rock Around the Screen, collettanea curata da Esposito e Del Pozzo, con saggi, tra gli atri dei docenti della Scuola di cinema Pigrecoemme di Napoli, Rosario Gallone, Giacomo Fabbrocino e Corrado Morra.","rel":"","context":"In &quot;Produzioni&quot;","block_context":{"text":"Produzioni","link":"https:\/\/www.pigrecoemme.com\/blog\/produzioni\/"},"img":{"alt_text":"","src":"https:\/\/i0.wp.com\/www.pigrecoemme.com\/blog\/wp-content\/uploads\/2010\/03\/rock-around-the-screen-film-tv1-143x300.jpg?resize=350%2C200","width":350,"height":200},"classes":[]},{"id":233,"url":"https:\/\/www.pigrecoemme.com\/blog\/linfinito-viaggiare-apre-il-13-maggio-con-la-mostra-di-fotografia-dei-nostri-ex-allievi\/","url_meta":{"origin":237,"position":4},"title":"L&#8217;INFINITO VIAGGIARE APRE IL 13 MAGGIO CON LA MOSTRA DI FOTOGRAFIA DEGLI EX ALLIEVI DELLA PIGRECOEMME","author":"Giacomo Fabbrocino","date":"8 Maggio 2010","format":false,"excerpt":"Il festival L\u2019Infinito Viaggiare, alla sua seconda edizione, vuole proporsi come \u201cun suggestivo viaggio artistico e culturale alla scoperta del potere dei luoghi\u201d e vuole farlo attraverso il cinema e la fotografia, articolandosi in tre differenti segmenti: una mostra fotografica, una rassegna cinematografica e una serie di dialoghi con ospiti\u2026","rel":"","context":"In &quot;Eventi&quot;","block_context":{"text":"Eventi","link":"https:\/\/www.pigrecoemme.com\/blog\/eventi\/"},"img":{"alt_text":"","src":"https:\/\/i0.wp.com\/www.pigrecoemme.com\/blog\/wp-content\/uploads\/2010\/05\/infinito-viaggiare-manisfesto-216x300.jpg?resize=350%2C200","width":350,"height":200},"classes":[]},{"id":1707,"url":"https:\/\/www.pigrecoemme.com\/blog\/incontro-enrico-iannaccone-mercoledi-4-maggio-2016\/","url_meta":{"origin":237,"position":5},"title":"Incontro con Enrico Iannaccone &#8211; Mercoled\u00ec 4 maggio 2016","author":"Pigrecoemme","date":"29 Aprile 2016","format":false,"excerpt":"Mercoled\u00ec 4 maggio alle ore 18:00 alla Pigrecoemme il regista Enrico Iannaccone, David di Donatello 2013 per il cortometraggio L'esecuzione, presenter\u00e0 il suo primo lungometraggio: La buona uscita. L'incontro \u00e8 a ingresso gratuito (fino ad esaurimento posti) ed \u00e8 aperto a tutti. Alle ore 21:00 al Multicinema Modernissimo, prima del\u2026","rel":"","context":"In &quot;Eventi&quot;","block_context":{"text":"Eventi","link":"https:\/\/www.pigrecoemme.com\/blog\/eventi\/"},"img":{"alt_text":"la buona usicita","src":"https:\/\/i0.wp.com\/www.pigrecoemme.com\/blog\/wp-content\/uploads\/2016\/04\/LA-BUONA-15X10-low-1024x683.jpg?resize=350%2C200","width":350,"height":200,"srcset":"https:\/\/i0.wp.com\/www.pigrecoemme.com\/blog\/wp-content\/uploads\/2016\/04\/LA-BUONA-15X10-low-1024x683.jpg?resize=350%2C200 1x, https:\/\/i0.wp.com\/www.pigrecoemme.com\/blog\/wp-content\/uploads\/2016\/04\/LA-BUONA-15X10-low-1024x683.jpg?resize=525%2C300 1.5x"},"classes":[]}],"jetpack_featured_media_url":"","_links":{"self":[{"href":"https:\/\/www.pigrecoemme.com\/blog\/wp-json\/wp\/v2\/posts\/237","targetHints":{"allow":["GET"]}}],"collection":[{"href":"https:\/\/www.pigrecoemme.com\/blog\/wp-json\/wp\/v2\/posts"}],"about":[{"href":"https:\/\/www.pigrecoemme.com\/blog\/wp-json\/wp\/v2\/types\/post"}],"author":[{"embeddable":true,"href":"https:\/\/www.pigrecoemme.com\/blog\/wp-json\/wp\/v2\/users\/2"}],"replies":[{"embeddable":true,"href":"https:\/\/www.pigrecoemme.com\/blog\/wp-json\/wp\/v2\/comments?post=237"}],"version-history":[{"count":0,"href":"https:\/\/www.pigrecoemme.com\/blog\/wp-json\/wp\/v2\/posts\/237\/revisions"}],"wp:attachment":[{"href":"https:\/\/www.pigrecoemme.com\/blog\/wp-json\/wp\/v2\/media?parent=237"}],"wp:term":[{"taxonomy":"category","embeddable":true,"href":"https:\/\/www.pigrecoemme.com\/blog\/wp-json\/wp\/v2\/categories?post=237"},{"taxonomy":"post_tag","embeddable":true,"href":"https:\/\/www.pigrecoemme.com\/blog\/wp-json\/wp\/v2\/tags?post=237"}],"curies":[{"name":"wp","href":"https:\/\/api.w.org\/{rel}","templated":true}]}}