{"id":2286,"date":"2018-11-20T15:33:20","date_gmt":"2018-11-20T14:33:20","guid":{"rendered":"http:\/\/www.pigrecoemme.com\/blog\/?p=2286"},"modified":"2018-11-20T15:36:18","modified_gmt":"2018-11-20T14:36:18","slug":"situazione-critica-6-la-webcritica-e-altre-storie","status":"publish","type":"post","link":"https:\/\/www.pigrecoemme.com\/blog\/situazione-critica-6-la-webcritica-e-altre-storie\/","title":{"rendered":"Situazione Critica #6: La webcritica e altre storie"},"content":{"rendered":"<p><a href=\"https:\/\/i0.wp.com\/www.pigrecoemme.com\/blog\/wp-content\/uploads\/2018\/11\/situazione-critica-6-1280x720.jpg?ssl=1\"><img data-recalc-dims=\"1\" loading=\"lazy\" decoding=\"async\" class=\"aligncenter size-large wp-image-2288\" src=\"https:\/\/i0.wp.com\/www.pigrecoemme.com\/blog\/wp-content\/uploads\/2018\/11\/situazione-critica-6-1280x720.jpg?resize=860%2C450&#038;ssl=1\" alt=\"Situazione Critica #6 - La webcritica e altre storie\" width=\"860\" height=\"450\" srcset=\"https:\/\/i0.wp.com\/www.pigrecoemme.com\/blog\/wp-content\/uploads\/2018\/11\/situazione-critica-6-1280x720.jpg?resize=1024%2C536&amp;ssl=1 1024w, https:\/\/i0.wp.com\/www.pigrecoemme.com\/blog\/wp-content\/uploads\/2018\/11\/situazione-critica-6-1280x720.jpg?resize=300%2C157&amp;ssl=1 300w, https:\/\/i0.wp.com\/www.pigrecoemme.com\/blog\/wp-content\/uploads\/2018\/11\/situazione-critica-6-1280x720.jpg?resize=768%2C402&amp;ssl=1 768w, https:\/\/i0.wp.com\/www.pigrecoemme.com\/blog\/wp-content\/uploads\/2018\/11\/situazione-critica-6-1280x720.jpg?resize=640%2C335&amp;ssl=1 640w, https:\/\/i0.wp.com\/www.pigrecoemme.com\/blog\/wp-content\/uploads\/2018\/11\/situazione-critica-6-1280x720.jpg?w=1368&amp;ssl=1 1368w\" sizes=\"auto, (max-width: 860px) 100vw, 860px\" \/><\/a><\/p>\n<p>Il sesto appuntamento di <a href=\"https:\/\/www.pigrecoemme.com\/blog\/tag\/situazione-critica\/\">Situazione Critica<\/a> \u2013 l\u2019iniziativa con la quale la scuola di cinema Pigrecoemme di Napoli festeggia il diciottesimo anno di attivit\u00e0 \u2013 si terr\u00e0 sabato 1 dicembre alle ore 16.30 e avr\u00e0 come ospiti tre giovani protagonisti della critica sul web: <strong>Matteo Berardini<\/strong>, <strong>Marco Compiani<\/strong> e <strong>Attilio Palmieri<\/strong>.<\/p>\n<p>\u00c8 ormai un dato di fatto che il web abbia cambiato le forme della critica. Non solo in quanto attuata in modalit\u00e0 diverse dalla scrittura (si pensi alla videorecensione e al videosaggio), ma anche perch\u00e9 la scrittura stessa si \u00e8 adattata al nuovo medium, cos\u00ec come, in parte, ha fatto l\u2019oggetto della critica. L\u2019analisi della serialit\u00e0, per esempio, nonostante una pubblicistica preesistente (tra i pionieri citiamo Diego Del Pozzo col suo <a href=\"http:\/\/www.academia.edu\/2132201\/Ai_confini_della_realt%C3%A0._Cinquantanni_di_telefilm_americani_Lindau_2002_\" target=\"_blank\" rel=\"noopener\"><em>Ai confini della realt\u00e0. Cinquant&#8217;anni di telefilm americani<\/em><\/a>, edito da Lindau nel 2002) ha assunto una centralit\u00e0 determinante nell&#8217;immaginario di tutti, sia per ragioni intrinseche (la qualit\u00e0, la capacit\u00e0 di raccontare il presente a volte pi\u00f9 e meglio del cinema), sia perch\u00e9 \u00e8 in rete che si concentra la maggior parte dei fan.<\/p>\n<p>La critica on line ha soppiantato quella cartacea o ci convive? Ne parleremo con Attilio Palmieri, ex allievo di Pigrecoemme e ora tra i maggiori esperti di serialit\u00e0 italiani, Matteo Berardini, direttore della rivista online di critica <a href=\"https:\/\/www.pointblank.it\/\" target=\"_blank\" rel=\"noopener\">Pointblank.it<\/a>, e Marco Compiani, direttore dell\u2019<a href=\"https:\/\/www.facebook.com\/AssociazioneDoppioSogno\/\" target=\"_blank\" rel=\"noopener\">associazione culturale Doppio Sogno<\/a>, tra le cui iniziative ve ne \u00e8 una curiosamente molto <em>seventies<\/em> (e sociale prima che <em>social<\/em>), ovvero quella delle &#8220;Lezioni conviviali di cinema&#8221;.<\/p>\n<p><!--more--><\/p>\n<h2><strong>GLI OSPITI<\/strong><\/h2>\n<figure id=\"attachment_2289\" aria-describedby=\"caption-attachment-2289\" style=\"width: 150px\" class=\"wp-caption alignleft\"><a href=\"https:\/\/i0.wp.com\/www.pigrecoemme.com\/blog\/wp-content\/uploads\/2018\/11\/matteo-berardini.jpg?ssl=1\"><img data-recalc-dims=\"1\" loading=\"lazy\" decoding=\"async\" class=\"wp-image-2289 size-thumbnail\" src=\"https:\/\/i0.wp.com\/www.pigrecoemme.com\/blog\/wp-content\/uploads\/2018\/11\/matteo-berardini.jpg?resize=150%2C150&#038;ssl=1\" alt=\"Matteo Berardini\" width=\"150\" height=\"150\" srcset=\"https:\/\/i0.wp.com\/www.pigrecoemme.com\/blog\/wp-content\/uploads\/2018\/11\/matteo-berardini.jpg?resize=150%2C150&amp;ssl=1 150w, https:\/\/i0.wp.com\/www.pigrecoemme.com\/blog\/wp-content\/uploads\/2018\/11\/matteo-berardini.jpg?resize=65%2C65&amp;ssl=1 65w, https:\/\/i0.wp.com\/www.pigrecoemme.com\/blog\/wp-content\/uploads\/2018\/11\/matteo-berardini.jpg?zoom=2&amp;resize=150%2C150&amp;ssl=1 300w, https:\/\/i0.wp.com\/www.pigrecoemme.com\/blog\/wp-content\/uploads\/2018\/11\/matteo-berardini.jpg?zoom=3&amp;resize=150%2C150&amp;ssl=1 450w\" sizes=\"auto, (max-width: 150px) 100vw, 150px\" \/><\/a><figcaption id=\"caption-attachment-2289\" class=\"wp-caption-text\">Matteo Berardini<\/figcaption><\/figure>\n<p><strong>Matteo Berardini<\/strong> (Roma, 1987). Laureato in Scienze dello spettacolo all\u2019Universit\u00e0 di Roma Tor Vergata, si occupa di serialit\u00e0 e cinema nordamericano, in particolare del rapporto tra cinema e citt\u00e0 da una prospettiva culturale. In passato si \u00e8 dedicato allo studio dell\u2019opera di Michael Mann e del cinema noir. In veste di critico \u00e8 direttore della rivista online di critica cinematografica Point Blank, fondata nel 2010. Scrive anche per Gli Spietati e le case editrici Historica e Il Foglio Letterario. Nel 2016 fonda assieme ad alcuni colleghi l\u2019Associazione Culturale Doppio Sogno, atta a promuovere eventi e prodotti di natura cinematografica. Nel 2018 lancia in collaborazione con Intrecci Edizioni la serie saggistica CUT, dedicata alla critica cinematografica e seriale. \u201cNel labirinto di Westworld\u201d \u00e8 il primo libro della serie, che lo vede in veste di curatore.<\/p>\n<hr \/>\n<figure id=\"attachment_2290\" aria-describedby=\"caption-attachment-2290\" style=\"width: 150px\" class=\"wp-caption alignleft\"><a href=\"https:\/\/i0.wp.com\/www.pigrecoemme.com\/blog\/wp-content\/uploads\/2018\/11\/marco-compiani.jpg?ssl=1\"><img data-recalc-dims=\"1\" loading=\"lazy\" decoding=\"async\" class=\"size-thumbnail wp-image-2290\" src=\"https:\/\/i0.wp.com\/www.pigrecoemme.com\/blog\/wp-content\/uploads\/2018\/11\/marco-compiani.jpg?resize=150%2C150&#038;ssl=1\" alt=\"Marco Compiani\" width=\"150\" height=\"150\" srcset=\"https:\/\/i0.wp.com\/www.pigrecoemme.com\/blog\/wp-content\/uploads\/2018\/11\/marco-compiani.jpg?resize=150%2C150&amp;ssl=1 150w, https:\/\/i0.wp.com\/www.pigrecoemme.com\/blog\/wp-content\/uploads\/2018\/11\/marco-compiani.jpg?resize=300%2C300&amp;ssl=1 300w, https:\/\/i0.wp.com\/www.pigrecoemme.com\/blog\/wp-content\/uploads\/2018\/11\/marco-compiani.jpg?resize=768%2C769&amp;ssl=1 768w, https:\/\/i0.wp.com\/www.pigrecoemme.com\/blog\/wp-content\/uploads\/2018\/11\/marco-compiani.jpg?resize=65%2C65&amp;ssl=1 65w, https:\/\/i0.wp.com\/www.pigrecoemme.com\/blog\/wp-content\/uploads\/2018\/11\/marco-compiani.jpg?resize=640%2C641&amp;ssl=1 640w, https:\/\/i0.wp.com\/www.pigrecoemme.com\/blog\/wp-content\/uploads\/2018\/11\/marco-compiani.jpg?w=959&amp;ssl=1 959w\" sizes=\"auto, (max-width: 150px) 100vw, 150px\" \/><\/a><figcaption id=\"caption-attachment-2290\" class=\"wp-caption-text\">Marco Compiani<\/figcaption><\/figure>\n<p><strong>Marco Compiani<\/strong> (Arezzo, 1985) \u00e8 un critico cinematografico. Scrive per Gli Spietati, Point Blank e Nocturno. \u00c8 presidente dell&#8217;Associazione Culturale Doppio Sogno di Roma con cui idea e organizza numerosi eventi in giro per l&#8217;Italia. \u00c8 co-ideatore di Oltre Lo Schermo, un format di lezioni conviviali, che vede la collaborazione di numerosi cinema d&#8217;essai. Lavora perla Vivo film, casa di produzione e distribuzione indipendente di Roma.<\/p>\n<hr \/>\n<figure id=\"attachment_2291\" aria-describedby=\"caption-attachment-2291\" style=\"width: 150px\" class=\"wp-caption alignleft\"><a href=\"https:\/\/i0.wp.com\/www.pigrecoemme.com\/blog\/wp-content\/uploads\/2018\/11\/attilio-palmieri.jpg?ssl=1\"><img data-recalc-dims=\"1\" loading=\"lazy\" decoding=\"async\" class=\"size-thumbnail wp-image-2291\" src=\"https:\/\/i0.wp.com\/www.pigrecoemme.com\/blog\/wp-content\/uploads\/2018\/11\/attilio-palmieri.jpg?resize=150%2C150&#038;ssl=1\" alt=\"Attilio Palmieri\" width=\"150\" height=\"150\" srcset=\"https:\/\/i0.wp.com\/www.pigrecoemme.com\/blog\/wp-content\/uploads\/2018\/11\/attilio-palmieri.jpg?resize=150%2C150&amp;ssl=1 150w, https:\/\/i0.wp.com\/www.pigrecoemme.com\/blog\/wp-content\/uploads\/2018\/11\/attilio-palmieri.jpg?resize=65%2C65&amp;ssl=1 65w, https:\/\/i0.wp.com\/www.pigrecoemme.com\/blog\/wp-content\/uploads\/2018\/11\/attilio-palmieri.jpg?zoom=2&amp;resize=150%2C150&amp;ssl=1 300w, https:\/\/i0.wp.com\/www.pigrecoemme.com\/blog\/wp-content\/uploads\/2018\/11\/attilio-palmieri.jpg?zoom=3&amp;resize=150%2C150&amp;ssl=1 450w\" sizes=\"auto, (max-width: 150px) 100vw, 150px\" \/><\/a><figcaption id=\"caption-attachment-2291\" class=\"wp-caption-text\">Attilio Palmieri<\/figcaption><\/figure>\n<p><strong>Attilio Palmieri<\/strong> (Napoli, 1987) \u00e8 dottore di ricerca in Arti Visive, Performative e Mediali presso l&#8217;Universit\u00e0 di Bologna e si occupa di serialit\u00e0 televisiva e di cinema nordamericano.<br \/>\nDa oltre dieci anni lavora nel settore della critica cinematografica e televisiva collaborando per riviste cartacee e on line come Segnocinema, Best Movie, Seriangolo, Point Blank e Gli Spietati.<\/p>\n<hr \/>\n<h2>COME PARTECIPARE ALL\u2019INCONTRO<\/h2>\n<p>L\u2019incontro, fino a esaurimento posti, \u00e8 a ingresso gratuito.<\/p>\n<p>\u00c8 gradita la prenotazione al numero 081 5635188.<\/p>\n<p>L\u2019incontro si svolger\u00e0 Sabato 1 dicembre 2018, dalle 16:30, presso la sede della Scuola di cinema Pigrecoemme (Piazza Portanova 11, Napoli).<\/p>\n","protected":false},"excerpt":{"rendered":"<p>Il sesto appuntamento di Situazione Critica \u2013 l\u2019iniziativa con la quale la scuola di cinema Pigrecoemme di Napoli festeggia il diciottesimo anno di attivit\u00e0 \u2013 si terr\u00e0 sabato 1 dicembre alle ore 16.30 e&hellip;<\/p>\n","protected":false},"author":4,"featured_media":0,"comment_status":"open","ping_status":"open","sticky":false,"template":"","format":"standard","meta":{"_jetpack_newsletter_access":"","_jetpack_dont_email_post_to_subs":false,"_jetpack_newsletter_tier_id":0,"_jetpack_memberships_contains_paywalled_content":false,"_jetpack_feature_clip_id":0,"_jetpack_memberships_contains_paid_content":false,"footnotes":"","jetpack_post_was_ever_published":false},"categories":[950,11,3,731],"tags":[343,344,2070,2069,1998],"class_list":["post-2286","post","type-post","status-publish","format-standard","hentry","category-analisi-e-critica-2","category-eventi","category-scuola-di-cinema","category-segnalazioni","tag-attilio-palmieri","tag-critica-cinematografica","tag-marco-compiani","tag-matteo-berardini","tag-situazione-critica"],"yoast_head":"<!-- This site is optimized with the Yoast SEO plugin v28.3 - https:\/\/yoast.com\/product\/yoast-seo-wordpress\/ -->\n<title>Situazione Critica #6: La webcritica e altre storie<\/title>\n<meta name=\"description\" content=\"Sabato 1 dicembre ingresso libero. Ospiti: Matteo Berardini, Marco Compiani e Attilio Palmieri.\" \/>\n<meta name=\"robots\" content=\"index, follow, max-snippet:-1, max-image-preview:large, max-video-preview:-1\" \/>\n<link rel=\"canonical\" href=\"https:\/\/www.pigrecoemme.com\/blog\/situazione-critica-6-la-webcritica-e-altre-storie\/\" \/>\n<meta property=\"og:locale\" content=\"it_IT\" \/>\n<meta property=\"og:type\" content=\"article\" \/>\n<meta property=\"og:title\" content=\"Situazione Critica #6: La webcritica e altre storie\" \/>\n<meta property=\"og:description\" content=\"Sabato 1 dicembre ingresso libero. Ospiti: Matteo Berardini, Marco Compiani e Attilio Palmieri.\" \/>\n<meta property=\"og:url\" content=\"https:\/\/www.pigrecoemme.com\/blog\/situazione-critica-6-la-webcritica-e-altre-storie\/\" \/>\n<meta property=\"og:site_name\" content=\"Scuola di Cinema Pigrecoemme - Blog\" \/>\n<meta property=\"article:publisher\" content=\"https:\/\/www.facebook.com\/pigrecoemme\" \/>\n<meta property=\"article:author\" content=\"https:\/\/www.facebook.com\/pigrecoemme\" \/>\n<meta property=\"article:published_time\" content=\"2018-11-20T14:33:20+00:00\" \/>\n<meta property=\"article:modified_time\" content=\"2018-11-20T14:36:18+00:00\" \/>\n<meta property=\"og:image\" content=\"https:\/\/www.pigrecoemme.com\/blog\/wp-content\/uploads\/2018\/11\/situazione-critica-6-1280x720.jpg\" \/>\n\t<meta property=\"og:image:width\" content=\"1368\" \/>\n\t<meta property=\"og:image:height\" content=\"716\" \/>\n\t<meta property=\"og:image:type\" content=\"image\/jpeg\" \/>\n<meta name=\"author\" content=\"Pigrecoemme\" \/>\n<meta name=\"twitter:card\" content=\"summary_large_image\" \/>\n<meta name=\"twitter:creator\" content=\"@Pigrecoemme\" \/>\n<meta name=\"twitter:site\" content=\"@Pigrecoemme\" \/>\n<meta name=\"twitter:label1\" content=\"Scritto da\" \/>\n\t<meta name=\"twitter:data1\" content=\"Pigrecoemme\" \/>\n\t<meta name=\"twitter:label2\" content=\"Tempo di lettura stimato\" \/>\n\t<meta name=\"twitter:data2\" content=\"3 minuti\" \/>\n<script type=\"application\/ld+json\" class=\"yoast-schema-graph\">{\"@context\":\"https:\\\/\\\/schema.org\",\"@graph\":[{\"@type\":[\"Article\",\"BlogPosting\"],\"@id\":\"https:\\\/\\\/www.pigrecoemme.com\\\/blog\\\/situazione-critica-6-la-webcritica-e-altre-storie\\\/#article\",\"isPartOf\":{\"@id\":\"https:\\\/\\\/www.pigrecoemme.com\\\/blog\\\/situazione-critica-6-la-webcritica-e-altre-storie\\\/\"},\"author\":{\"name\":\"Pigrecoemme\",\"@id\":\"https:\\\/\\\/www.pigrecoemme.com\\\/blog\\\/#\\\/schema\\\/person\\\/8996ab5bfa68cec611b330ae4a389d44\"},\"headline\":\"Situazione Critica #6: La webcritica e altre storie\",\"datePublished\":\"2018-11-20T14:33:20+00:00\",\"dateModified\":\"2018-11-20T14:36:18+00:00\",\"mainEntityOfPage\":{\"@id\":\"https:\\\/\\\/www.pigrecoemme.com\\\/blog\\\/situazione-critica-6-la-webcritica-e-altre-storie\\\/\"},\"wordCount\":565,\"commentCount\":0,\"publisher\":{\"@id\":\"https:\\\/\\\/www.pigrecoemme.com\\\/blog\\\/#organization\"},\"image\":{\"@id\":\"https:\\\/\\\/www.pigrecoemme.com\\\/blog\\\/situazione-critica-6-la-webcritica-e-altre-storie\\\/#primaryimage\"},\"thumbnailUrl\":\"http:\\\/\\\/www.pigrecoemme.com\\\/blog\\\/wp-content\\\/uploads\\\/2018\\\/11\\\/situazione-critica-6-1280x720-1024x536.jpg\",\"keywords\":[\"attilio palmieri\",\"critica cinematografica\",\"Marco Compiani\",\"Matteo Berardini\",\"situazione critica\"],\"articleSection\":[\"Analisi e Critica\",\"Eventi\",\"Scuola di cinema\",\"Segnalazioni\"],\"inLanguage\":\"it-IT\",\"potentialAction\":[{\"@type\":\"CommentAction\",\"name\":\"Comment\",\"target\":[\"https:\\\/\\\/www.pigrecoemme.com\\\/blog\\\/situazione-critica-6-la-webcritica-e-altre-storie\\\/#respond\"]}]},{\"@type\":\"WebPage\",\"@id\":\"https:\\\/\\\/www.pigrecoemme.com\\\/blog\\\/situazione-critica-6-la-webcritica-e-altre-storie\\\/\",\"url\":\"https:\\\/\\\/www.pigrecoemme.com\\\/blog\\\/situazione-critica-6-la-webcritica-e-altre-storie\\\/\",\"name\":\"Situazione Critica #6: La webcritica e altre storie\",\"isPartOf\":{\"@id\":\"https:\\\/\\\/www.pigrecoemme.com\\\/blog\\\/#website\"},\"primaryImageOfPage\":{\"@id\":\"https:\\\/\\\/www.pigrecoemme.com\\\/blog\\\/situazione-critica-6-la-webcritica-e-altre-storie\\\/#primaryimage\"},\"image\":{\"@id\":\"https:\\\/\\\/www.pigrecoemme.com\\\/blog\\\/situazione-critica-6-la-webcritica-e-altre-storie\\\/#primaryimage\"},\"thumbnailUrl\":\"http:\\\/\\\/www.pigrecoemme.com\\\/blog\\\/wp-content\\\/uploads\\\/2018\\\/11\\\/situazione-critica-6-1280x720-1024x536.jpg\",\"datePublished\":\"2018-11-20T14:33:20+00:00\",\"dateModified\":\"2018-11-20T14:36:18+00:00\",\"description\":\"Sabato 1 dicembre ingresso libero. Ospiti: Matteo Berardini, Marco Compiani e Attilio Palmieri.\",\"breadcrumb\":{\"@id\":\"https:\\\/\\\/www.pigrecoemme.com\\\/blog\\\/situazione-critica-6-la-webcritica-e-altre-storie\\\/#breadcrumb\"},\"inLanguage\":\"it-IT\",\"potentialAction\":[{\"@type\":\"ReadAction\",\"target\":[\"https:\\\/\\\/www.pigrecoemme.com\\\/blog\\\/situazione-critica-6-la-webcritica-e-altre-storie\\\/\"]}]},{\"@type\":\"ImageObject\",\"inLanguage\":\"it-IT\",\"@id\":\"https:\\\/\\\/www.pigrecoemme.com\\\/blog\\\/situazione-critica-6-la-webcritica-e-altre-storie\\\/#primaryimage\",\"url\":\"http:\\\/\\\/www.pigrecoemme.com\\\/blog\\\/wp-content\\\/uploads\\\/2018\\\/11\\\/situazione-critica-6-1280x720-1024x536.jpg\",\"contentUrl\":\"http:\\\/\\\/www.pigrecoemme.com\\\/blog\\\/wp-content\\\/uploads\\\/2018\\\/11\\\/situazione-critica-6-1280x720-1024x536.jpg\"},{\"@type\":\"BreadcrumbList\",\"@id\":\"https:\\\/\\\/www.pigrecoemme.com\\\/blog\\\/situazione-critica-6-la-webcritica-e-altre-storie\\\/#breadcrumb\",\"itemListElement\":[{\"@type\":\"ListItem\",\"position\":1,\"name\":\"Home\",\"item\":\"https:\\\/\\\/www.pigrecoemme.com\\\/blog\\\/\"},{\"@type\":\"ListItem\",\"position\":2,\"name\":\"Situazione Critica #6: La webcritica e altre storie\"}]},{\"@type\":\"WebSite\",\"@id\":\"https:\\\/\\\/www.pigrecoemme.com\\\/blog\\\/#website\",\"url\":\"https:\\\/\\\/www.pigrecoemme.com\\\/blog\\\/\",\"name\":\"Scuola di Cinema Pigrecoemme - Blog\",\"description\":\"Siamo la prima Scuola di Cinema e Fotografia di Napoli\",\"publisher\":{\"@id\":\"https:\\\/\\\/www.pigrecoemme.com\\\/blog\\\/#organization\"},\"potentialAction\":[{\"@type\":\"SearchAction\",\"target\":{\"@type\":\"EntryPoint\",\"urlTemplate\":\"https:\\\/\\\/www.pigrecoemme.com\\\/blog\\\/?s={search_term_string}\"},\"query-input\":{\"@type\":\"PropertyValueSpecification\",\"valueRequired\":true,\"valueName\":\"search_term_string\"}}],\"inLanguage\":\"it-IT\"},{\"@type\":\"Organization\",\"@id\":\"https:\\\/\\\/www.pigrecoemme.com\\\/blog\\\/#organization\",\"name\":\"Scuola di cinema e fotografia Pigrecoemme\",\"url\":\"https:\\\/\\\/www.pigrecoemme.com\\\/blog\\\/\",\"logo\":{\"@type\":\"ImageObject\",\"inLanguage\":\"it-IT\",\"@id\":\"https:\\\/\\\/www.pigrecoemme.com\\\/blog\\\/#\\\/schema\\\/logo\\\/image\\\/\",\"url\":\"https:\\\/\\\/i0.wp.com\\\/www.pigrecoemme.com\\\/blog\\\/wp-content\\\/uploads\\\/2018\\\/06\\\/logo-pigrecoemme-2018.png?fit=500%2C500&ssl=1\",\"contentUrl\":\"https:\\\/\\\/i0.wp.com\\\/www.pigrecoemme.com\\\/blog\\\/wp-content\\\/uploads\\\/2018\\\/06\\\/logo-pigrecoemme-2018.png?fit=500%2C500&ssl=1\",\"width\":500,\"height\":500,\"caption\":\"Scuola di cinema e fotografia Pigrecoemme\"},\"image\":{\"@id\":\"https:\\\/\\\/www.pigrecoemme.com\\\/blog\\\/#\\\/schema\\\/logo\\\/image\\\/\"},\"sameAs\":[\"https:\\\/\\\/www.facebook.com\\\/pigrecoemme\",\"https:\\\/\\\/x.com\\\/Pigrecoemme\",\"https:\\\/\\\/www.instagram.com\\\/pigrecoemme\\\/\",\"https:\\\/\\\/www.linkedin.com\\\/company\\\/pigrecoemme\\\/\",\"https:\\\/\\\/www.youtube.com\\\/pigrecoemme\"]},{\"@type\":\"Person\",\"@id\":\"https:\\\/\\\/www.pigrecoemme.com\\\/blog\\\/#\\\/schema\\\/person\\\/8996ab5bfa68cec611b330ae4a389d44\",\"name\":\"Pigrecoemme\",\"image\":{\"@type\":\"ImageObject\",\"inLanguage\":\"it-IT\",\"@id\":\"https:\\\/\\\/secure.gravatar.com\\\/avatar\\\/541a562fed7df6fa49262cb93f0f1135b8432ec77a1bc64fdb808f64f2a8287d?s=96&r=g\",\"url\":\"https:\\\/\\\/secure.gravatar.com\\\/avatar\\\/541a562fed7df6fa49262cb93f0f1135b8432ec77a1bc64fdb808f64f2a8287d?s=96&r=g\",\"contentUrl\":\"https:\\\/\\\/secure.gravatar.com\\\/avatar\\\/541a562fed7df6fa49262cb93f0f1135b8432ec77a1bc64fdb808f64f2a8287d?s=96&r=g\",\"caption\":\"Pigrecoemme\"},\"description\":\"Profilo redazionale. Pigrecoemme \u00e8 la prima scuola di cinema, televisione e fotografia di Napoli.\",\"sameAs\":[\"http:\\\/\\\/www.pigrecoemme.com\\\/\",\"https:\\\/\\\/www.facebook.com\\\/pigrecoemme\"],\"url\":\"https:\\\/\\\/www.pigrecoemme.com\\\/blog\\\/author\\\/pigrecoemme\\\/\"}]}<\/script>\n<!-- \/ Yoast SEO plugin. -->","yoast_head_json":{"title":"Situazione Critica #6: La webcritica e altre storie","description":"Sabato 1 dicembre ingresso libero. Ospiti: Matteo Berardini, Marco Compiani e Attilio Palmieri.","robots":{"index":"index","follow":"follow","max-snippet":"max-snippet:-1","max-image-preview":"max-image-preview:large","max-video-preview":"max-video-preview:-1"},"canonical":"https:\/\/www.pigrecoemme.com\/blog\/situazione-critica-6-la-webcritica-e-altre-storie\/","og_locale":"it_IT","og_type":"article","og_title":"Situazione Critica #6: La webcritica e altre storie","og_description":"Sabato 1 dicembre ingresso libero. Ospiti: Matteo Berardini, Marco Compiani e Attilio Palmieri.","og_url":"https:\/\/www.pigrecoemme.com\/blog\/situazione-critica-6-la-webcritica-e-altre-storie\/","og_site_name":"Scuola di Cinema Pigrecoemme - Blog","article_publisher":"https:\/\/www.facebook.com\/pigrecoemme","article_author":"https:\/\/www.facebook.com\/pigrecoemme","article_published_time":"2018-11-20T14:33:20+00:00","article_modified_time":"2018-11-20T14:36:18+00:00","og_image":[{"width":1368,"height":716,"url":"https:\/\/www.pigrecoemme.com\/blog\/wp-content\/uploads\/2018\/11\/situazione-critica-6-1280x720.jpg","type":"image\/jpeg"}],"author":"Pigrecoemme","twitter_card":"summary_large_image","twitter_creator":"@Pigrecoemme","twitter_site":"@Pigrecoemme","twitter_misc":{"Scritto da":"Pigrecoemme","Tempo di lettura stimato":"3 minuti"},"schema":{"@context":"https:\/\/schema.org","@graph":[{"@type":["Article","BlogPosting"],"@id":"https:\/\/www.pigrecoemme.com\/blog\/situazione-critica-6-la-webcritica-e-altre-storie\/#article","isPartOf":{"@id":"https:\/\/www.pigrecoemme.com\/blog\/situazione-critica-6-la-webcritica-e-altre-storie\/"},"author":{"name":"Pigrecoemme","@id":"https:\/\/www.pigrecoemme.com\/blog\/#\/schema\/person\/8996ab5bfa68cec611b330ae4a389d44"},"headline":"Situazione Critica #6: La webcritica e altre storie","datePublished":"2018-11-20T14:33:20+00:00","dateModified":"2018-11-20T14:36:18+00:00","mainEntityOfPage":{"@id":"https:\/\/www.pigrecoemme.com\/blog\/situazione-critica-6-la-webcritica-e-altre-storie\/"},"wordCount":565,"commentCount":0,"publisher":{"@id":"https:\/\/www.pigrecoemme.com\/blog\/#organization"},"image":{"@id":"https:\/\/www.pigrecoemme.com\/blog\/situazione-critica-6-la-webcritica-e-altre-storie\/#primaryimage"},"thumbnailUrl":"http:\/\/www.pigrecoemme.com\/blog\/wp-content\/uploads\/2018\/11\/situazione-critica-6-1280x720-1024x536.jpg","keywords":["attilio palmieri","critica cinematografica","Marco Compiani","Matteo Berardini","situazione critica"],"articleSection":["Analisi e Critica","Eventi","Scuola di cinema","Segnalazioni"],"inLanguage":"it-IT","potentialAction":[{"@type":"CommentAction","name":"Comment","target":["https:\/\/www.pigrecoemme.com\/blog\/situazione-critica-6-la-webcritica-e-altre-storie\/#respond"]}]},{"@type":"WebPage","@id":"https:\/\/www.pigrecoemme.com\/blog\/situazione-critica-6-la-webcritica-e-altre-storie\/","url":"https:\/\/www.pigrecoemme.com\/blog\/situazione-critica-6-la-webcritica-e-altre-storie\/","name":"Situazione Critica #6: La webcritica e altre storie","isPartOf":{"@id":"https:\/\/www.pigrecoemme.com\/blog\/#website"},"primaryImageOfPage":{"@id":"https:\/\/www.pigrecoemme.com\/blog\/situazione-critica-6-la-webcritica-e-altre-storie\/#primaryimage"},"image":{"@id":"https:\/\/www.pigrecoemme.com\/blog\/situazione-critica-6-la-webcritica-e-altre-storie\/#primaryimage"},"thumbnailUrl":"http:\/\/www.pigrecoemme.com\/blog\/wp-content\/uploads\/2018\/11\/situazione-critica-6-1280x720-1024x536.jpg","datePublished":"2018-11-20T14:33:20+00:00","dateModified":"2018-11-20T14:36:18+00:00","description":"Sabato 1 dicembre ingresso libero. Ospiti: Matteo Berardini, Marco Compiani e Attilio Palmieri.","breadcrumb":{"@id":"https:\/\/www.pigrecoemme.com\/blog\/situazione-critica-6-la-webcritica-e-altre-storie\/#breadcrumb"},"inLanguage":"it-IT","potentialAction":[{"@type":"ReadAction","target":["https:\/\/www.pigrecoemme.com\/blog\/situazione-critica-6-la-webcritica-e-altre-storie\/"]}]},{"@type":"ImageObject","inLanguage":"it-IT","@id":"https:\/\/www.pigrecoemme.com\/blog\/situazione-critica-6-la-webcritica-e-altre-storie\/#primaryimage","url":"http:\/\/www.pigrecoemme.com\/blog\/wp-content\/uploads\/2018\/11\/situazione-critica-6-1280x720-1024x536.jpg","contentUrl":"http:\/\/www.pigrecoemme.com\/blog\/wp-content\/uploads\/2018\/11\/situazione-critica-6-1280x720-1024x536.jpg"},{"@type":"BreadcrumbList","@id":"https:\/\/www.pigrecoemme.com\/blog\/situazione-critica-6-la-webcritica-e-altre-storie\/#breadcrumb","itemListElement":[{"@type":"ListItem","position":1,"name":"Home","item":"https:\/\/www.pigrecoemme.com\/blog\/"},{"@type":"ListItem","position":2,"name":"Situazione Critica #6: La webcritica e altre storie"}]},{"@type":"WebSite","@id":"https:\/\/www.pigrecoemme.com\/blog\/#website","url":"https:\/\/www.pigrecoemme.com\/blog\/","name":"Scuola di Cinema Pigrecoemme - Blog","description":"Siamo la prima Scuola di Cinema e Fotografia di Napoli","publisher":{"@id":"https:\/\/www.pigrecoemme.com\/blog\/#organization"},"potentialAction":[{"@type":"SearchAction","target":{"@type":"EntryPoint","urlTemplate":"https:\/\/www.pigrecoemme.com\/blog\/?s={search_term_string}"},"query-input":{"@type":"PropertyValueSpecification","valueRequired":true,"valueName":"search_term_string"}}],"inLanguage":"it-IT"},{"@type":"Organization","@id":"https:\/\/www.pigrecoemme.com\/blog\/#organization","name":"Scuola di cinema e fotografia Pigrecoemme","url":"https:\/\/www.pigrecoemme.com\/blog\/","logo":{"@type":"ImageObject","inLanguage":"it-IT","@id":"https:\/\/www.pigrecoemme.com\/blog\/#\/schema\/logo\/image\/","url":"https:\/\/i0.wp.com\/www.pigrecoemme.com\/blog\/wp-content\/uploads\/2018\/06\/logo-pigrecoemme-2018.png?fit=500%2C500&ssl=1","contentUrl":"https:\/\/i0.wp.com\/www.pigrecoemme.com\/blog\/wp-content\/uploads\/2018\/06\/logo-pigrecoemme-2018.png?fit=500%2C500&ssl=1","width":500,"height":500,"caption":"Scuola di cinema e fotografia Pigrecoemme"},"image":{"@id":"https:\/\/www.pigrecoemme.com\/blog\/#\/schema\/logo\/image\/"},"sameAs":["https:\/\/www.facebook.com\/pigrecoemme","https:\/\/x.com\/Pigrecoemme","https:\/\/www.instagram.com\/pigrecoemme\/","https:\/\/www.linkedin.com\/company\/pigrecoemme\/","https:\/\/www.youtube.com\/pigrecoemme"]},{"@type":"Person","@id":"https:\/\/www.pigrecoemme.com\/blog\/#\/schema\/person\/8996ab5bfa68cec611b330ae4a389d44","name":"Pigrecoemme","image":{"@type":"ImageObject","inLanguage":"it-IT","@id":"https:\/\/secure.gravatar.com\/avatar\/541a562fed7df6fa49262cb93f0f1135b8432ec77a1bc64fdb808f64f2a8287d?s=96&r=g","url":"https:\/\/secure.gravatar.com\/avatar\/541a562fed7df6fa49262cb93f0f1135b8432ec77a1bc64fdb808f64f2a8287d?s=96&r=g","contentUrl":"https:\/\/secure.gravatar.com\/avatar\/541a562fed7df6fa49262cb93f0f1135b8432ec77a1bc64fdb808f64f2a8287d?s=96&r=g","caption":"Pigrecoemme"},"description":"Profilo redazionale. Pigrecoemme \u00e8 la prima scuola di cinema, televisione e fotografia di Napoli.","sameAs":["http:\/\/www.pigrecoemme.com\/","https:\/\/www.facebook.com\/pigrecoemme"],"url":"https:\/\/www.pigrecoemme.com\/blog\/author\/pigrecoemme\/"}]}},"jetpack_sharing_enabled":true,"jetpack_likes_enabled":true,"jetpack-related-posts":[{"id":2500,"url":"https:\/\/www.pigrecoemme.com\/blog\/situazione-critica-8-laudiovisivo-nellera-post-network\/","url_meta":{"origin":2286,"position":0},"title":"Situazione Critica #8: L\u2019audiovisivo nell&#8217;era post-network","author":"Pigrecoemme","date":"30 Settembre 2019","format":false,"excerpt":"\u00a0 L\u2019ottavo appuntamento di \"Situazione Critica\" - l\u2019iniziativa della scuola di cinema Pigrecoemme di Napoli cominciata a maggio 2018 per celebrare i nostri 18 anni di attivit\u00e0 - \u00a0si terr\u00e0 marted\u00ec 8 ottobre 2019 alle ore 16:30 e avr\u00e0 come oggetto l\u2019era post-network. Ne parleranno, con Rosario Gallone, il giornalista\u2026","rel":"","context":"In &quot;Analisi e Critica&quot;","block_context":{"text":"Analisi e Critica","link":"https:\/\/www.pigrecoemme.com\/blog\/analisi-e-critica-2\/"},"img":{"alt_text":"SITUAZIONE CRITICA #8: L\u2019audiovisivo nell'era post-network","src":"https:\/\/i0.wp.com\/www.pigrecoemme.com\/blog\/wp-content\/uploads\/2019\/09\/situazione-critica-8.jpg?resize=350%2C200","width":350,"height":200,"srcset":"https:\/\/i0.wp.com\/www.pigrecoemme.com\/blog\/wp-content\/uploads\/2019\/09\/situazione-critica-8.jpg?resize=350%2C200 1x, https:\/\/i0.wp.com\/www.pigrecoemme.com\/blog\/wp-content\/uploads\/2019\/09\/situazione-critica-8.jpg?resize=525%2C300 1.5x, https:\/\/i0.wp.com\/www.pigrecoemme.com\/blog\/wp-content\/uploads\/2019\/09\/situazione-critica-8.jpg?resize=700%2C400 2x"},"classes":[]},{"id":2088,"url":"https:\/\/www.pigrecoemme.com\/blog\/situazione-critica-primo-appuntamento-5-maggio\/","url_meta":{"origin":2286,"position":1},"title":"Situazione critica: il primo appuntamento \u00e8 il 5 maggio","author":"Pigrecoemme","date":"19 Aprile 2018","format":false,"excerpt":"La Scuola di Cinema Pigrecoemme celebra 18 anni di attivit\u00e0 e propone \u201cSituazione critica\u201d: una serie di incontri sulla critica cinematografica e la promozione culturale della settima arte. Situazione critica \u00e8 il tentativo di fare il punto su quale sia, oggi, lo stato della cultura cinematografica e dell\u2019audiovisivo in genere,\u2026","rel":"","context":"In &quot;Analisi e Critica&quot;","block_context":{"text":"Analisi e Critica","link":"https:\/\/www.pigrecoemme.com\/blog\/analisi-e-critica-2\/"},"img":{"alt_text":"","src":"https:\/\/i0.wp.com\/www.pigrecoemme.com\/blog\/wp-content\/uploads\/2018\/04\/situazione-critica-quadrato-1.jpg?fit=900%2C900&ssl=1&resize=350%2C200","width":350,"height":200,"srcset":"https:\/\/i0.wp.com\/www.pigrecoemme.com\/blog\/wp-content\/uploads\/2018\/04\/situazione-critica-quadrato-1.jpg?fit=900%2C900&ssl=1&resize=350%2C200 1x, https:\/\/i0.wp.com\/www.pigrecoemme.com\/blog\/wp-content\/uploads\/2018\/04\/situazione-critica-quadrato-1.jpg?fit=900%2C900&ssl=1&resize=525%2C300 1.5x, https:\/\/i0.wp.com\/www.pigrecoemme.com\/blog\/wp-content\/uploads\/2018\/04\/situazione-critica-quadrato-1.jpg?fit=900%2C900&ssl=1&resize=700%2C400 2x"},"classes":[]},{"id":161,"url":"https:\/\/www.pigrecoemme.com\/blog\/il-nostro-ex-allievo-attilio-palmieri-vince-il-premio-giovane-e-innocente\/","url_meta":{"origin":2286,"position":2},"title":"Il nostro ex allievo Attilio Palmieri vince il premio &#8220;Giovane e innocente&#8221;","author":"Giacomo Fabbrocino","date":"26 Luglio 2009","format":false,"excerpt":"Con la recensione di Vincere, sotto linkata, il nostro ex allievo Attilio Palmieri si \u00e8 aggiudicato il primo premio alla sesta edizione del concorso \"Giovane e innocente\", bandito dalla rivista online Effetto Notte, nella categoria recensioni. Dopo Giuseppe Sedia (due volte secondo al Festival Ring! ed al Premio Adelio Ferrero,\u2026","rel":"","context":"In &quot;Scuola di cinema&quot;","block_context":{"text":"Scuola di cinema","link":"https:\/\/www.pigrecoemme.com\/blog\/scuola-di-cinema\/"},"img":{"alt_text":"","src":"https:\/\/i0.wp.com\/www.pigrecoemme.com\/blog\/wp-content\/uploads\/2009\/07\/vincere.jpg?resize=350%2C200","width":350,"height":200},"classes":[]},{"id":2642,"url":"https:\/\/www.pigrecoemme.com\/blog\/situazione-critica-online-gli-appuntamenti-del-2019\/","url_meta":{"origin":2286,"position":3},"title":"Situazione Critica: online gli appuntamenti del 2019","author":"Pigrecoemme","date":"4 Aprile 2020","format":false,"excerpt":"Dura stare a casa, eh? Beh, se siete appassionati di cinema (e forse lo siete, visto che state leggendo il nostro blog), potreste sciropparvi le millemila ore di registrazione video (e anche audio! Altrimenti non si capirebbe nulla, che diamine!) dei 5 appuntamenti di Situazione Critica organizzati nel 2019 dalla\u2026","rel":"","context":"In &quot;Analisi e Critica&quot;","block_context":{"text":"Analisi e Critica","link":"https:\/\/www.pigrecoemme.com\/blog\/analisi-e-critica-2\/"},"img":{"alt_text":"situazione critica","src":"https:\/\/i0.wp.com\/www.pigrecoemme.com\/blog\/wp-content\/uploads\/2020\/04\/situazione-critica.jpg?resize=350%2C200&ssl=1","width":350,"height":200,"srcset":"https:\/\/i0.wp.com\/www.pigrecoemme.com\/blog\/wp-content\/uploads\/2020\/04\/situazione-critica.jpg?resize=350%2C200&ssl=1 1x, https:\/\/i0.wp.com\/www.pigrecoemme.com\/blog\/wp-content\/uploads\/2020\/04\/situazione-critica.jpg?resize=525%2C300&ssl=1 1.5x, https:\/\/i0.wp.com\/www.pigrecoemme.com\/blog\/wp-content\/uploads\/2020\/04\/situazione-critica.jpg?resize=700%2C400&ssl=1 2x, https:\/\/i0.wp.com\/www.pigrecoemme.com\/blog\/wp-content\/uploads\/2020\/04\/situazione-critica.jpg?resize=1050%2C600&ssl=1 3x"},"classes":[]},{"id":2314,"url":"https:\/\/www.pigrecoemme.com\/blog\/situazione-critica-7-la-critica-al-femminile\/","url_meta":{"origin":2286,"position":4},"title":"Situazione Critica #7: la critica al femminile.","author":"Pigrecoemme","date":"14 Dicembre 2018","format":false,"excerpt":"Il settimo appuntamento di Situazione Critica, l\u2019iniziativa con la quale la scuola di cinema Pigrecoemme di Napoli, festeggia il diciottesimo anno di vita e di attivit\u00e0, chiude il 2018 il 22 dicembre alle ore 16:30, trattando un argomento di grande peso, soprattutto in questo momento storico: la critica al femminile.\u2026","rel":"","context":"In &quot;Analisi e Critica&quot;","block_context":{"text":"Analisi e Critica","link":"https:\/\/www.pigrecoemme.com\/blog\/analisi-e-critica-2\/"},"img":{"alt_text":"La critica al femminile","src":"https:\/\/i0.wp.com\/www.pigrecoemme.com\/blog\/wp-content\/uploads\/2018\/12\/critica-femminile-situazione-cfitica-7.jpg?fit=900%2C471&ssl=1&resize=350%2C200","width":350,"height":200,"srcset":"https:\/\/i0.wp.com\/www.pigrecoemme.com\/blog\/wp-content\/uploads\/2018\/12\/critica-femminile-situazione-cfitica-7.jpg?fit=900%2C471&ssl=1&resize=350%2C200 1x, https:\/\/i0.wp.com\/www.pigrecoemme.com\/blog\/wp-content\/uploads\/2018\/12\/critica-femminile-situazione-cfitica-7.jpg?fit=900%2C471&ssl=1&resize=525%2C300 1.5x, https:\/\/i0.wp.com\/www.pigrecoemme.com\/blog\/wp-content\/uploads\/2018\/12\/critica-femminile-situazione-cfitica-7.jpg?fit=900%2C471&ssl=1&resize=700%2C400 2x"},"classes":[]},{"id":3143,"url":"https:\/\/www.pigrecoemme.com\/blog\/seminario-online-weirdo-cinema\/","url_meta":{"origin":2286,"position":5},"title":"Seminario online: Weirdo Cinema, il cinema &#8220;strano&#8221;","author":"Pigrecoemme","date":"3 Marzo 2022","format":false,"excerpt":"Guida alle pellicole deragliate, deviate e devianti, in tre lezioni!(dal 22 marzo) l termine \u201cweird\u201d non \u00e8 traducibile semplicemente come strano. Come ci insegna Mark Fisher nel suo\u00a0The weird and the eerie. Lo strano e l'inquietante nel mondo contemporaneo\u00a0(in Italia edito da Minimum fax), \u00abha piuttosto a che vedere con\u2026","rel":"","context":"In &quot;Analisi e Critica&quot;","block_context":{"text":"Analisi e Critica","link":"https:\/\/www.pigrecoemme.com\/blog\/analisi-e-critica-2\/"},"img":{"alt_text":"","src":"https:\/\/i0.wp.com\/www.pigrecoemme.com\/img\/team\/rosario-gallone.jpg?resize=350%2C200&ssl=1","width":350,"height":200},"classes":[]}],"jetpack_featured_media_url":"","_links":{"self":[{"href":"https:\/\/www.pigrecoemme.com\/blog\/wp-json\/wp\/v2\/posts\/2286","targetHints":{"allow":["GET"]}}],"collection":[{"href":"https:\/\/www.pigrecoemme.com\/blog\/wp-json\/wp\/v2\/posts"}],"about":[{"href":"https:\/\/www.pigrecoemme.com\/blog\/wp-json\/wp\/v2\/types\/post"}],"author":[{"embeddable":true,"href":"https:\/\/www.pigrecoemme.com\/blog\/wp-json\/wp\/v2\/users\/4"}],"replies":[{"embeddable":true,"href":"https:\/\/www.pigrecoemme.com\/blog\/wp-json\/wp\/v2\/comments?post=2286"}],"version-history":[{"count":0,"href":"https:\/\/www.pigrecoemme.com\/blog\/wp-json\/wp\/v2\/posts\/2286\/revisions"}],"wp:attachment":[{"href":"https:\/\/www.pigrecoemme.com\/blog\/wp-json\/wp\/v2\/media?parent=2286"}],"wp:term":[{"taxonomy":"category","embeddable":true,"href":"https:\/\/www.pigrecoemme.com\/blog\/wp-json\/wp\/v2\/categories?post=2286"},{"taxonomy":"post_tag","embeddable":true,"href":"https:\/\/www.pigrecoemme.com\/blog\/wp-json\/wp\/v2\/tags?post=2286"}],"curies":[{"name":"wp","href":"https:\/\/api.w.org\/{rel}","templated":true}]}}