{"id":2262,"date":"2018-10-26T16:29:04","date_gmt":"2018-10-26T14:29:04","guid":{"rendered":"http:\/\/www.pigrecoemme.com\/blog\/?p=2262"},"modified":"2018-11-20T13:35:21","modified_gmt":"2018-11-20T12:35:21","slug":"situazione-critica-5-saper-guardare-gli-attori-incontro-con-claudio-vicentini","status":"publish","type":"post","link":"https:\/\/www.pigrecoemme.com\/blog\/situazione-critica-5-saper-guardare-gli-attori-incontro-con-claudio-vicentini\/","title":{"rendered":"Situazione Critica #5: Saper guardare gli attori. Incontro con Claudio Vicentini"},"content":{"rendered":"<p><a href=\"https:\/\/i0.wp.com\/www.pigrecoemme.com\/blog\/wp-content\/uploads\/2018\/10\/situazione-critica-5-900x470.png?ssl=1\"><img data-recalc-dims=\"1\" loading=\"lazy\" decoding=\"async\" class=\"aligncenter size-full wp-image-2264\" src=\"https:\/\/i0.wp.com\/www.pigrecoemme.com\/blog\/wp-content\/uploads\/2018\/10\/situazione-critica-5-900x470.png?resize=860%2C449&#038;ssl=1\" alt=\"Situazione Critica #5. Saper guardare gli attori. Incontro con Claudio Vicentini.\" width=\"860\" height=\"449\" srcset=\"https:\/\/i0.wp.com\/www.pigrecoemme.com\/blog\/wp-content\/uploads\/2018\/10\/situazione-critica-5-900x470.png?resize=900%2C470&amp;ssl=1 900w, https:\/\/i0.wp.com\/www.pigrecoemme.com\/blog\/wp-content\/uploads\/2018\/10\/situazione-critica-5-900x470.png?resize=300%2C157&amp;ssl=1 300w, https:\/\/i0.wp.com\/www.pigrecoemme.com\/blog\/wp-content\/uploads\/2018\/10\/situazione-critica-5-900x470.png?resize=768%2C401&amp;ssl=1 768w, https:\/\/i0.wp.com\/www.pigrecoemme.com\/blog\/wp-content\/uploads\/2018\/10\/situazione-critica-5-900x470.png?resize=640%2C334&amp;ssl=1 640w\" sizes=\"auto, (max-width: 860px) 100vw, 860px\" \/><\/a><\/p>\n<p>Il quinto appuntamento di <strong>Situazione Critica<\/strong> &#8211; l\u2019iniziativa con la quale la scuola di cinema Pigrecoemme di Napoli festeggia il diciottesimo anno di attivit\u00e0 &#8211; avr\u00e0 un altro prestigioso ospite. <strong>Mercoled\u00ec 14 novembre<\/strong>, infatti, alle ore 11.30, lo storico del teatro <strong>Claudio Vicentini<\/strong> parler\u00e0 a chi vorr\u00e0 intervenire di come guardare con spirito critico al lavoro dell\u2019attore.<\/p>\n<p><!--more--><\/p>\n<p>\u00c8 possibile parlare di recitazione in maniera \u201ccritica\u201d senza cadere nei luoghi comuni e nella solita aneddotica? C\u2019\u00e8 una vera \u201cconsapevolezza\u201d, \u201cconoscenza\u201d, nell\u2019arte della recitazione?\u00a0 Chi giudica un attore possiede realmente gli strumenti per farlo? E, pi\u00f9 di tutto, cosa rende un attore non un semplice esecutore, ma un interprete superiore? Claudio Vicentini, considerato in tutto il mondo uno dei pi\u00f9 grandi studiosi di recitazione e autore della <a href=\"http:\/\/www.marsilioeditori.it\/component\/marsilio\/libro\/3171161-la-teoria-della-recitazione\">prima storia delle teorie della recitazione<\/a> (edita da Marsilio), dialogher\u00e0 con <strong>Angelo Serio<\/strong>, responsabile del <a href=\"http:\/\/www.pigrecoemme.com\/corsi\/corso-recitazione-cinematografica.htm\">Corso di Recitazione<\/a> di Pigrecoemme, cercando di rispondere a queste e ad altre domande<\/p>\n<h2>CLAUDIO VICENTINI<\/h2>\n<p><img data-recalc-dims=\"1\" loading=\"lazy\" decoding=\"async\" class=\"alignleft wp-image-2265\" src=\"https:\/\/i0.wp.com\/www.pigrecoemme.com\/blog\/wp-content\/uploads\/2018\/10\/claudio.vicentini.jpg?resize=186%2C186&#038;ssl=1\" alt=\"claudio vicentini\" width=\"186\" height=\"186\" srcset=\"https:\/\/i0.wp.com\/www.pigrecoemme.com\/blog\/wp-content\/uploads\/2018\/10\/claudio.vicentini.jpg?w=200&amp;ssl=1 200w, https:\/\/i0.wp.com\/www.pigrecoemme.com\/blog\/wp-content\/uploads\/2018\/10\/claudio.vicentini.jpg?resize=150%2C150&amp;ssl=1 150w, https:\/\/i0.wp.com\/www.pigrecoemme.com\/blog\/wp-content\/uploads\/2018\/10\/claudio.vicentini.jpg?resize=65%2C65&amp;ssl=1 65w\" sizes=\"auto, (max-width: 186px) 100vw, 186px\" \/><em>Claudio Vicentini \u00e8 professore emerito di Storia del teatro dell&#8217;Universit\u00e0 di Napoli &#8220;L&#8217;Orientale&#8221;, dove ha fondato il corso di laurea in Linguaggi multimediali: arte teatro cinema. Ha insegnato Teorie e tecniche della recitazione nella University of California a San Diego e Los Angeles. Attualmente dirige il programma internazionale di ricerca Acting Archives sulle tecniche di recitazione nel teatro e nel cinema. Autore di numerosi volumi, per Marsilio ha pubblicato: Pirandello. Il disagio del teatro (1997), L&#8217;arte di guardare gli attori (2013) e La teoria della recitazione &#8211; Dall&#8217;antichit\u00e0 al Settecento (2012).<\/em><\/p>\n<h2>COME PARTECIPARE ALL\u2019INCONTRO<\/h2>\n<p>L\u2019incontro, fino a esaurimento posti, \u00e8 a ingresso gratuito.<\/p>\n<p>\u00c8 gradita la prenotazione al numero 081 5635188.<\/p>\n<p>L\u2019incontro si svolger\u00e0 Mercoled\u00ec 14 novembre 2018, dalle 11:30, presso la sede della Scuola di cinema Pigrecoemme (Piazza Portanova 11, Napoli).<\/p>\n","protected":false},"excerpt":{"rendered":"<p>Il quinto appuntamento di Situazione Critica &#8211; l\u2019iniziativa con la quale la scuola di cinema Pigrecoemme di Napoli festeggia il diciottesimo anno di attivit\u00e0 &#8211; avr\u00e0 un altro prestigioso ospite. Mercoled\u00ec 14 novembre, infatti,&hellip;<\/p>\n","protected":false},"author":4,"featured_media":0,"comment_status":"open","ping_status":"open","sticky":false,"template":"","format":"standard","meta":{"_jetpack_newsletter_access":"","_jetpack_dont_email_post_to_subs":false,"_jetpack_newsletter_tier_id":0,"_jetpack_memberships_contains_paywalled_content":false,"_jetpack_feature_clip_id":0,"_jetpack_memberships_contains_paid_content":false,"footnotes":"","jetpack_post_was_ever_published":false},"categories":[950,11,1,3,731],"tags":[49,2041,1998],"class_list":["post-2262","post","type-post","status-publish","format-standard","hentry","category-analisi-e-critica-2","category-eventi","category-generale","category-scuola-di-cinema","category-segnalazioni","tag-angelo-serio","tag-claudio-vicentini","tag-situazione-critica"],"yoast_head":"<!-- This site is optimized with the Yoast SEO plugin v28.3 - https:\/\/yoast.com\/product\/yoast-seo-wordpress\/ -->\n<title>Situazione Critica #5: Saper guardare gli attori. Incontro con Claudio Vicentini<\/title>\n<meta name=\"description\" content=\"Mercoled\u00ec 14 novembre 2018, dalle 11:30, presso la sede della Scuola di cinema Pigrecoemme. L\u2019incontro, fino a esaurimento posti, \u00e8 a ingresso gratuito.\" \/>\n<meta name=\"robots\" content=\"index, follow, max-snippet:-1, max-image-preview:large, max-video-preview:-1\" \/>\n<link rel=\"canonical\" href=\"https:\/\/www.pigrecoemme.com\/blog\/situazione-critica-5-saper-guardare-gli-attori-incontro-con-claudio-vicentini\/\" \/>\n<meta property=\"og:locale\" content=\"it_IT\" \/>\n<meta property=\"og:type\" content=\"article\" \/>\n<meta property=\"og:title\" content=\"Situazione Critica #5: Saper guardare gli attori. Incontro con Claudio Vicentini\" \/>\n<meta property=\"og:description\" content=\"Mercoled\u00ec 14 novembre 2018, dalle 11:30, presso la sede della Scuola di cinema Pigrecoemme. L\u2019incontro, fino a esaurimento posti, \u00e8 a ingresso gratuito.\" \/>\n<meta property=\"og:url\" content=\"https:\/\/www.pigrecoemme.com\/blog\/situazione-critica-5-saper-guardare-gli-attori-incontro-con-claudio-vicentini\/\" \/>\n<meta property=\"og:site_name\" content=\"Scuola di Cinema Pigrecoemme - Blog\" \/>\n<meta property=\"article:publisher\" content=\"https:\/\/www.facebook.com\/pigrecoemme\" \/>\n<meta property=\"article:author\" content=\"https:\/\/www.facebook.com\/pigrecoemme\" \/>\n<meta property=\"article:published_time\" content=\"2018-10-26T14:29:04+00:00\" \/>\n<meta property=\"article:modified_time\" content=\"2018-11-20T12:35:21+00:00\" \/>\n<meta property=\"og:image\" content=\"https:\/\/www.pigrecoemme.com\/blog\/wp-content\/uploads\/2018\/10\/situazione-critica-5-900x470.png\" \/>\n\t<meta property=\"og:image:width\" content=\"900\" \/>\n\t<meta property=\"og:image:height\" content=\"470\" \/>\n\t<meta property=\"og:image:type\" content=\"image\/png\" \/>\n<meta name=\"author\" content=\"Pigrecoemme\" \/>\n<meta name=\"twitter:card\" content=\"summary_large_image\" \/>\n<meta name=\"twitter:creator\" content=\"@Pigrecoemme\" \/>\n<meta name=\"twitter:site\" content=\"@Pigrecoemme\" \/>\n<meta name=\"twitter:label1\" content=\"Scritto da\" \/>\n\t<meta name=\"twitter:data1\" content=\"Pigrecoemme\" \/>\n\t<meta name=\"twitter:label2\" content=\"Tempo di lettura stimato\" \/>\n\t<meta name=\"twitter:data2\" content=\"1 minuto\" \/>\n<script type=\"application\/ld+json\" class=\"yoast-schema-graph\">{\"@context\":\"https:\\\/\\\/schema.org\",\"@graph\":[{\"@type\":[\"Article\",\"BlogPosting\"],\"@id\":\"https:\\\/\\\/www.pigrecoemme.com\\\/blog\\\/situazione-critica-5-saper-guardare-gli-attori-incontro-con-claudio-vicentini\\\/#article\",\"isPartOf\":{\"@id\":\"https:\\\/\\\/www.pigrecoemme.com\\\/blog\\\/situazione-critica-5-saper-guardare-gli-attori-incontro-con-claudio-vicentini\\\/\"},\"author\":{\"name\":\"Pigrecoemme\",\"@id\":\"https:\\\/\\\/www.pigrecoemme.com\\\/blog\\\/#\\\/schema\\\/person\\\/8996ab5bfa68cec611b330ae4a389d44\"},\"headline\":\"Situazione Critica #5: Saper guardare gli attori. Incontro con Claudio Vicentini\",\"datePublished\":\"2018-10-26T14:29:04+00:00\",\"dateModified\":\"2018-11-20T12:35:21+00:00\",\"mainEntityOfPage\":{\"@id\":\"https:\\\/\\\/www.pigrecoemme.com\\\/blog\\\/situazione-critica-5-saper-guardare-gli-attori-incontro-con-claudio-vicentini\\\/\"},\"wordCount\":293,\"commentCount\":0,\"publisher\":{\"@id\":\"https:\\\/\\\/www.pigrecoemme.com\\\/blog\\\/#organization\"},\"image\":{\"@id\":\"https:\\\/\\\/www.pigrecoemme.com\\\/blog\\\/situazione-critica-5-saper-guardare-gli-attori-incontro-con-claudio-vicentini\\\/#primaryimage\"},\"thumbnailUrl\":\"http:\\\/\\\/www.pigrecoemme.com\\\/blog\\\/wp-content\\\/uploads\\\/2018\\\/10\\\/situazione-critica-5-900x470.png\",\"keywords\":[\"angelo serio\",\"claudio vicentini\",\"situazione critica\"],\"articleSection\":[\"Analisi e Critica\",\"Eventi\",\"Generale\",\"Scuola di cinema\",\"Segnalazioni\"],\"inLanguage\":\"it-IT\",\"potentialAction\":[{\"@type\":\"CommentAction\",\"name\":\"Comment\",\"target\":[\"https:\\\/\\\/www.pigrecoemme.com\\\/blog\\\/situazione-critica-5-saper-guardare-gli-attori-incontro-con-claudio-vicentini\\\/#respond\"]}]},{\"@type\":\"WebPage\",\"@id\":\"https:\\\/\\\/www.pigrecoemme.com\\\/blog\\\/situazione-critica-5-saper-guardare-gli-attori-incontro-con-claudio-vicentini\\\/\",\"url\":\"https:\\\/\\\/www.pigrecoemme.com\\\/blog\\\/situazione-critica-5-saper-guardare-gli-attori-incontro-con-claudio-vicentini\\\/\",\"name\":\"Situazione Critica #5: Saper guardare gli attori. Incontro con Claudio Vicentini\",\"isPartOf\":{\"@id\":\"https:\\\/\\\/www.pigrecoemme.com\\\/blog\\\/#website\"},\"primaryImageOfPage\":{\"@id\":\"https:\\\/\\\/www.pigrecoemme.com\\\/blog\\\/situazione-critica-5-saper-guardare-gli-attori-incontro-con-claudio-vicentini\\\/#primaryimage\"},\"image\":{\"@id\":\"https:\\\/\\\/www.pigrecoemme.com\\\/blog\\\/situazione-critica-5-saper-guardare-gli-attori-incontro-con-claudio-vicentini\\\/#primaryimage\"},\"thumbnailUrl\":\"http:\\\/\\\/www.pigrecoemme.com\\\/blog\\\/wp-content\\\/uploads\\\/2018\\\/10\\\/situazione-critica-5-900x470.png\",\"datePublished\":\"2018-10-26T14:29:04+00:00\",\"dateModified\":\"2018-11-20T12:35:21+00:00\",\"description\":\"Mercoled\u00ec 14 novembre 2018, dalle 11:30, presso la sede della Scuola di cinema Pigrecoemme. L\u2019incontro, fino a esaurimento posti, \u00e8 a ingresso gratuito.\",\"breadcrumb\":{\"@id\":\"https:\\\/\\\/www.pigrecoemme.com\\\/blog\\\/situazione-critica-5-saper-guardare-gli-attori-incontro-con-claudio-vicentini\\\/#breadcrumb\"},\"inLanguage\":\"it-IT\",\"potentialAction\":[{\"@type\":\"ReadAction\",\"target\":[\"https:\\\/\\\/www.pigrecoemme.com\\\/blog\\\/situazione-critica-5-saper-guardare-gli-attori-incontro-con-claudio-vicentini\\\/\"]}]},{\"@type\":\"ImageObject\",\"inLanguage\":\"it-IT\",\"@id\":\"https:\\\/\\\/www.pigrecoemme.com\\\/blog\\\/situazione-critica-5-saper-guardare-gli-attori-incontro-con-claudio-vicentini\\\/#primaryimage\",\"url\":\"http:\\\/\\\/www.pigrecoemme.com\\\/blog\\\/wp-content\\\/uploads\\\/2018\\\/10\\\/situazione-critica-5-900x470.png\",\"contentUrl\":\"http:\\\/\\\/www.pigrecoemme.com\\\/blog\\\/wp-content\\\/uploads\\\/2018\\\/10\\\/situazione-critica-5-900x470.png\"},{\"@type\":\"BreadcrumbList\",\"@id\":\"https:\\\/\\\/www.pigrecoemme.com\\\/blog\\\/situazione-critica-5-saper-guardare-gli-attori-incontro-con-claudio-vicentini\\\/#breadcrumb\",\"itemListElement\":[{\"@type\":\"ListItem\",\"position\":1,\"name\":\"Home\",\"item\":\"https:\\\/\\\/www.pigrecoemme.com\\\/blog\\\/\"},{\"@type\":\"ListItem\",\"position\":2,\"name\":\"Situazione Critica #5: Saper guardare gli attori. Incontro con Claudio Vicentini\"}]},{\"@type\":\"WebSite\",\"@id\":\"https:\\\/\\\/www.pigrecoemme.com\\\/blog\\\/#website\",\"url\":\"https:\\\/\\\/www.pigrecoemme.com\\\/blog\\\/\",\"name\":\"Scuola di Cinema Pigrecoemme - Blog\",\"description\":\"Siamo la prima Scuola di Cinema e Fotografia di Napoli\",\"publisher\":{\"@id\":\"https:\\\/\\\/www.pigrecoemme.com\\\/blog\\\/#organization\"},\"potentialAction\":[{\"@type\":\"SearchAction\",\"target\":{\"@type\":\"EntryPoint\",\"urlTemplate\":\"https:\\\/\\\/www.pigrecoemme.com\\\/blog\\\/?s={search_term_string}\"},\"query-input\":{\"@type\":\"PropertyValueSpecification\",\"valueRequired\":true,\"valueName\":\"search_term_string\"}}],\"inLanguage\":\"it-IT\"},{\"@type\":\"Organization\",\"@id\":\"https:\\\/\\\/www.pigrecoemme.com\\\/blog\\\/#organization\",\"name\":\"Scuola di cinema e fotografia Pigrecoemme\",\"url\":\"https:\\\/\\\/www.pigrecoemme.com\\\/blog\\\/\",\"logo\":{\"@type\":\"ImageObject\",\"inLanguage\":\"it-IT\",\"@id\":\"https:\\\/\\\/www.pigrecoemme.com\\\/blog\\\/#\\\/schema\\\/logo\\\/image\\\/\",\"url\":\"https:\\\/\\\/i0.wp.com\\\/www.pigrecoemme.com\\\/blog\\\/wp-content\\\/uploads\\\/2018\\\/06\\\/logo-pigrecoemme-2018.png?fit=500%2C500&ssl=1\",\"contentUrl\":\"https:\\\/\\\/i0.wp.com\\\/www.pigrecoemme.com\\\/blog\\\/wp-content\\\/uploads\\\/2018\\\/06\\\/logo-pigrecoemme-2018.png?fit=500%2C500&ssl=1\",\"width\":500,\"height\":500,\"caption\":\"Scuola di cinema e fotografia Pigrecoemme\"},\"image\":{\"@id\":\"https:\\\/\\\/www.pigrecoemme.com\\\/blog\\\/#\\\/schema\\\/logo\\\/image\\\/\"},\"sameAs\":[\"https:\\\/\\\/www.facebook.com\\\/pigrecoemme\",\"https:\\\/\\\/x.com\\\/Pigrecoemme\",\"https:\\\/\\\/www.instagram.com\\\/pigrecoemme\\\/\",\"https:\\\/\\\/www.linkedin.com\\\/company\\\/pigrecoemme\\\/\",\"https:\\\/\\\/www.youtube.com\\\/pigrecoemme\"]},{\"@type\":\"Person\",\"@id\":\"https:\\\/\\\/www.pigrecoemme.com\\\/blog\\\/#\\\/schema\\\/person\\\/8996ab5bfa68cec611b330ae4a389d44\",\"name\":\"Pigrecoemme\",\"image\":{\"@type\":\"ImageObject\",\"inLanguage\":\"it-IT\",\"@id\":\"https:\\\/\\\/secure.gravatar.com\\\/avatar\\\/541a562fed7df6fa49262cb93f0f1135b8432ec77a1bc64fdb808f64f2a8287d?s=96&r=g\",\"url\":\"https:\\\/\\\/secure.gravatar.com\\\/avatar\\\/541a562fed7df6fa49262cb93f0f1135b8432ec77a1bc64fdb808f64f2a8287d?s=96&r=g\",\"contentUrl\":\"https:\\\/\\\/secure.gravatar.com\\\/avatar\\\/541a562fed7df6fa49262cb93f0f1135b8432ec77a1bc64fdb808f64f2a8287d?s=96&r=g\",\"caption\":\"Pigrecoemme\"},\"description\":\"Profilo redazionale. Pigrecoemme \u00e8 la prima scuola di cinema, televisione e fotografia di Napoli.\",\"sameAs\":[\"http:\\\/\\\/www.pigrecoemme.com\\\/\",\"https:\\\/\\\/www.facebook.com\\\/pigrecoemme\"],\"url\":\"https:\\\/\\\/www.pigrecoemme.com\\\/blog\\\/author\\\/pigrecoemme\\\/\"}]}<\/script>\n<!-- \/ Yoast SEO plugin. -->","yoast_head_json":{"title":"Situazione Critica #5: Saper guardare gli attori. Incontro con Claudio Vicentini","description":"Mercoled\u00ec 14 novembre 2018, dalle 11:30, presso la sede della Scuola di cinema Pigrecoemme. L\u2019incontro, fino a esaurimento posti, \u00e8 a ingresso gratuito.","robots":{"index":"index","follow":"follow","max-snippet":"max-snippet:-1","max-image-preview":"max-image-preview:large","max-video-preview":"max-video-preview:-1"},"canonical":"https:\/\/www.pigrecoemme.com\/blog\/situazione-critica-5-saper-guardare-gli-attori-incontro-con-claudio-vicentini\/","og_locale":"it_IT","og_type":"article","og_title":"Situazione Critica #5: Saper guardare gli attori. Incontro con Claudio Vicentini","og_description":"Mercoled\u00ec 14 novembre 2018, dalle 11:30, presso la sede della Scuola di cinema Pigrecoemme. L\u2019incontro, fino a esaurimento posti, \u00e8 a ingresso gratuito.","og_url":"https:\/\/www.pigrecoemme.com\/blog\/situazione-critica-5-saper-guardare-gli-attori-incontro-con-claudio-vicentini\/","og_site_name":"Scuola di Cinema Pigrecoemme - Blog","article_publisher":"https:\/\/www.facebook.com\/pigrecoemme","article_author":"https:\/\/www.facebook.com\/pigrecoemme","article_published_time":"2018-10-26T14:29:04+00:00","article_modified_time":"2018-11-20T12:35:21+00:00","og_image":[{"width":900,"height":470,"url":"https:\/\/www.pigrecoemme.com\/blog\/wp-content\/uploads\/2018\/10\/situazione-critica-5-900x470.png","type":"image\/png"}],"author":"Pigrecoemme","twitter_card":"summary_large_image","twitter_creator":"@Pigrecoemme","twitter_site":"@Pigrecoemme","twitter_misc":{"Scritto da":"Pigrecoemme","Tempo di lettura stimato":"1 minuto"},"schema":{"@context":"https:\/\/schema.org","@graph":[{"@type":["Article","BlogPosting"],"@id":"https:\/\/www.pigrecoemme.com\/blog\/situazione-critica-5-saper-guardare-gli-attori-incontro-con-claudio-vicentini\/#article","isPartOf":{"@id":"https:\/\/www.pigrecoemme.com\/blog\/situazione-critica-5-saper-guardare-gli-attori-incontro-con-claudio-vicentini\/"},"author":{"name":"Pigrecoemme","@id":"https:\/\/www.pigrecoemme.com\/blog\/#\/schema\/person\/8996ab5bfa68cec611b330ae4a389d44"},"headline":"Situazione Critica #5: Saper guardare gli attori. Incontro con Claudio Vicentini","datePublished":"2018-10-26T14:29:04+00:00","dateModified":"2018-11-20T12:35:21+00:00","mainEntityOfPage":{"@id":"https:\/\/www.pigrecoemme.com\/blog\/situazione-critica-5-saper-guardare-gli-attori-incontro-con-claudio-vicentini\/"},"wordCount":293,"commentCount":0,"publisher":{"@id":"https:\/\/www.pigrecoemme.com\/blog\/#organization"},"image":{"@id":"https:\/\/www.pigrecoemme.com\/blog\/situazione-critica-5-saper-guardare-gli-attori-incontro-con-claudio-vicentini\/#primaryimage"},"thumbnailUrl":"http:\/\/www.pigrecoemme.com\/blog\/wp-content\/uploads\/2018\/10\/situazione-critica-5-900x470.png","keywords":["angelo serio","claudio vicentini","situazione critica"],"articleSection":["Analisi e Critica","Eventi","Generale","Scuola di cinema","Segnalazioni"],"inLanguage":"it-IT","potentialAction":[{"@type":"CommentAction","name":"Comment","target":["https:\/\/www.pigrecoemme.com\/blog\/situazione-critica-5-saper-guardare-gli-attori-incontro-con-claudio-vicentini\/#respond"]}]},{"@type":"WebPage","@id":"https:\/\/www.pigrecoemme.com\/blog\/situazione-critica-5-saper-guardare-gli-attori-incontro-con-claudio-vicentini\/","url":"https:\/\/www.pigrecoemme.com\/blog\/situazione-critica-5-saper-guardare-gli-attori-incontro-con-claudio-vicentini\/","name":"Situazione Critica #5: Saper guardare gli attori. Incontro con Claudio Vicentini","isPartOf":{"@id":"https:\/\/www.pigrecoemme.com\/blog\/#website"},"primaryImageOfPage":{"@id":"https:\/\/www.pigrecoemme.com\/blog\/situazione-critica-5-saper-guardare-gli-attori-incontro-con-claudio-vicentini\/#primaryimage"},"image":{"@id":"https:\/\/www.pigrecoemme.com\/blog\/situazione-critica-5-saper-guardare-gli-attori-incontro-con-claudio-vicentini\/#primaryimage"},"thumbnailUrl":"http:\/\/www.pigrecoemme.com\/blog\/wp-content\/uploads\/2018\/10\/situazione-critica-5-900x470.png","datePublished":"2018-10-26T14:29:04+00:00","dateModified":"2018-11-20T12:35:21+00:00","description":"Mercoled\u00ec 14 novembre 2018, dalle 11:30, presso la sede della Scuola di cinema Pigrecoemme. L\u2019incontro, fino a esaurimento posti, \u00e8 a ingresso gratuito.","breadcrumb":{"@id":"https:\/\/www.pigrecoemme.com\/blog\/situazione-critica-5-saper-guardare-gli-attori-incontro-con-claudio-vicentini\/#breadcrumb"},"inLanguage":"it-IT","potentialAction":[{"@type":"ReadAction","target":["https:\/\/www.pigrecoemme.com\/blog\/situazione-critica-5-saper-guardare-gli-attori-incontro-con-claudio-vicentini\/"]}]},{"@type":"ImageObject","inLanguage":"it-IT","@id":"https:\/\/www.pigrecoemme.com\/blog\/situazione-critica-5-saper-guardare-gli-attori-incontro-con-claudio-vicentini\/#primaryimage","url":"http:\/\/www.pigrecoemme.com\/blog\/wp-content\/uploads\/2018\/10\/situazione-critica-5-900x470.png","contentUrl":"http:\/\/www.pigrecoemme.com\/blog\/wp-content\/uploads\/2018\/10\/situazione-critica-5-900x470.png"},{"@type":"BreadcrumbList","@id":"https:\/\/www.pigrecoemme.com\/blog\/situazione-critica-5-saper-guardare-gli-attori-incontro-con-claudio-vicentini\/#breadcrumb","itemListElement":[{"@type":"ListItem","position":1,"name":"Home","item":"https:\/\/www.pigrecoemme.com\/blog\/"},{"@type":"ListItem","position":2,"name":"Situazione Critica #5: Saper guardare gli attori. Incontro con Claudio Vicentini"}]},{"@type":"WebSite","@id":"https:\/\/www.pigrecoemme.com\/blog\/#website","url":"https:\/\/www.pigrecoemme.com\/blog\/","name":"Scuola di Cinema Pigrecoemme - Blog","description":"Siamo la prima Scuola di Cinema e Fotografia di Napoli","publisher":{"@id":"https:\/\/www.pigrecoemme.com\/blog\/#organization"},"potentialAction":[{"@type":"SearchAction","target":{"@type":"EntryPoint","urlTemplate":"https:\/\/www.pigrecoemme.com\/blog\/?s={search_term_string}"},"query-input":{"@type":"PropertyValueSpecification","valueRequired":true,"valueName":"search_term_string"}}],"inLanguage":"it-IT"},{"@type":"Organization","@id":"https:\/\/www.pigrecoemme.com\/blog\/#organization","name":"Scuola di cinema e fotografia Pigrecoemme","url":"https:\/\/www.pigrecoemme.com\/blog\/","logo":{"@type":"ImageObject","inLanguage":"it-IT","@id":"https:\/\/www.pigrecoemme.com\/blog\/#\/schema\/logo\/image\/","url":"https:\/\/i0.wp.com\/www.pigrecoemme.com\/blog\/wp-content\/uploads\/2018\/06\/logo-pigrecoemme-2018.png?fit=500%2C500&ssl=1","contentUrl":"https:\/\/i0.wp.com\/www.pigrecoemme.com\/blog\/wp-content\/uploads\/2018\/06\/logo-pigrecoemme-2018.png?fit=500%2C500&ssl=1","width":500,"height":500,"caption":"Scuola di cinema e fotografia Pigrecoemme"},"image":{"@id":"https:\/\/www.pigrecoemme.com\/blog\/#\/schema\/logo\/image\/"},"sameAs":["https:\/\/www.facebook.com\/pigrecoemme","https:\/\/x.com\/Pigrecoemme","https:\/\/www.instagram.com\/pigrecoemme\/","https:\/\/www.linkedin.com\/company\/pigrecoemme\/","https:\/\/www.youtube.com\/pigrecoemme"]},{"@type":"Person","@id":"https:\/\/www.pigrecoemme.com\/blog\/#\/schema\/person\/8996ab5bfa68cec611b330ae4a389d44","name":"Pigrecoemme","image":{"@type":"ImageObject","inLanguage":"it-IT","@id":"https:\/\/secure.gravatar.com\/avatar\/541a562fed7df6fa49262cb93f0f1135b8432ec77a1bc64fdb808f64f2a8287d?s=96&r=g","url":"https:\/\/secure.gravatar.com\/avatar\/541a562fed7df6fa49262cb93f0f1135b8432ec77a1bc64fdb808f64f2a8287d?s=96&r=g","contentUrl":"https:\/\/secure.gravatar.com\/avatar\/541a562fed7df6fa49262cb93f0f1135b8432ec77a1bc64fdb808f64f2a8287d?s=96&r=g","caption":"Pigrecoemme"},"description":"Profilo redazionale. Pigrecoemme \u00e8 la prima scuola di cinema, televisione e fotografia di Napoli.","sameAs":["http:\/\/www.pigrecoemme.com\/","https:\/\/www.facebook.com\/pigrecoemme"],"url":"https:\/\/www.pigrecoemme.com\/blog\/author\/pigrecoemme\/"}]}},"jetpack_sharing_enabled":true,"jetpack_likes_enabled":true,"jetpack-related-posts":[{"id":468,"url":"https:\/\/www.pigrecoemme.com\/blog\/a-pigrecoemme-uno-stage-di-approfondimento-per-attori-condotto-da-lucio-allocca\/","url_meta":{"origin":2262,"position":0},"title":"Dal 25 febbraio Lo spett\/attore: stage di approfondimento per attori condotto da Lucio Allocca","author":"Corrado Morra","date":"11 Febbraio 2012","format":false,"excerpt":"Lo spett\/attore L'abbattimento della Quarta Parete \u2013 Stanislavskij, Cechov e il teatro d'Arte di Mosca Uno studio-laboratorio condotto da Lucio Allocca che, in 6 incontri, guider\u00e0 i partecipanti alla scoperta della pi\u00f9 grande rivoluzione nell'arte dell'attore del secolo scorso. Quano l'attore \"vive\" il personaggio fa s\u00ec che lo spettatore perda\u2026","rel":"","context":"In &quot;La foto della settimana&quot;","block_context":{"text":"La foto della settimana","link":"https:\/\/www.pigrecoemme.com\/blog\/foto-della-settimana\/"},"img":{"alt_text":"","src":"https:\/\/i0.wp.com\/www.pigrecoemme.com\/blog\/wp-content\/uploads\/2012\/02\/lucioalloccaotellotesta-300x208.jpg?resize=350%2C200","width":350,"height":200},"classes":[]},{"id":2967,"url":"https:\/\/www.pigrecoemme.com\/blog\/guarda-tutti-gli-appuntamenti-di-situazione-critica-2020\/","url_meta":{"origin":2262,"position":1},"title":"Guarda tutti gli appuntamenti di &#8220;Situazione Critica&#8221; 2020!","author":"Pigrecoemme","date":"24 Dicembre 2020","format":false,"excerpt":"Durante il 2020 si \u00e8 tenuta la terza edizione di \u201cSituazione Critica\u201d, la rassegna di incontri dedicata alla critica cinematografica diretta dal nostro Rosario Gallone. Quest\u2019anno, a causa dell\u2019emergenza Covid-19, gli appuntamenti si sono svolti online e, sebbene ci sia mancato il contatto diretto col pubblico, che dal 2018 \u00e8\u2026","rel":"","context":"In &quot;Analisi e Critica&quot;","block_context":{"text":"Analisi e Critica","link":"https:\/\/www.pigrecoemme.com\/blog\/analisi-e-critica-2\/"},"img":{"alt_text":"situazione critica 2020","src":"https:\/\/i0.wp.com\/www.pigrecoemme.com\/blog\/wp-content\/uploads\/2020\/12\/situazione-critica-2020.jpg?resize=350%2C200&ssl=1","width":350,"height":200,"srcset":"https:\/\/i0.wp.com\/www.pigrecoemme.com\/blog\/wp-content\/uploads\/2020\/12\/situazione-critica-2020.jpg?resize=350%2C200&ssl=1 1x, https:\/\/i0.wp.com\/www.pigrecoemme.com\/blog\/wp-content\/uploads\/2020\/12\/situazione-critica-2020.jpg?resize=525%2C300&ssl=1 1.5x, https:\/\/i0.wp.com\/www.pigrecoemme.com\/blog\/wp-content\/uploads\/2020\/12\/situazione-critica-2020.jpg?resize=700%2C400&ssl=1 2x, https:\/\/i0.wp.com\/www.pigrecoemme.com\/blog\/wp-content\/uploads\/2020\/12\/situazione-critica-2020.jpg?resize=1050%2C600&ssl=1 3x"},"classes":[]},{"id":2182,"url":"https:\/\/www.pigrecoemme.com\/blog\/situazione-critica-2-le-forme-dell-acqua-corrado-morra\/","url_meta":{"origin":2262,"position":2},"title":"Situazione critica #2: Le forme dell\u2019acqua. Il cinema come desiderio impossibile","author":"Giacomo Fabbrocino","date":"4 Giugno 2018","format":false,"excerpt":"La Scuola di Cinema Pigrecoemme celebra i suoi primi 18 anni con \u201cSituazione critica\u201d: una serie di incontri gratuiti e aperti a tutti sulla critica cinematografica e la promozione della settima arte. Il secondo appuntamento, con Corrado Morra, \u00e8 il 16 giugno 2018. Corrado Morra Il secondo incontro della rassegna\u2026","rel":"","context":"In &quot;Analisi e Critica&quot;","block_context":{"text":"Analisi e Critica","link":"https:\/\/www.pigrecoemme.com\/blog\/analisi-e-critica-2\/"},"img":{"alt_text":"Situazione critica 2","src":"https:\/\/i0.wp.com\/www.pigrecoemme.com\/blog\/wp-content\/uploads\/2018\/06\/situazione-critica-2-1920-1005.jpg?resize=350%2C200&ssl=1","width":350,"height":200,"srcset":"https:\/\/i0.wp.com\/www.pigrecoemme.com\/blog\/wp-content\/uploads\/2018\/06\/situazione-critica-2-1920-1005.jpg?resize=350%2C200&ssl=1 1x, https:\/\/i0.wp.com\/www.pigrecoemme.com\/blog\/wp-content\/uploads\/2018\/06\/situazione-critica-2-1920-1005.jpg?resize=525%2C300&ssl=1 1.5x, https:\/\/i0.wp.com\/www.pigrecoemme.com\/blog\/wp-content\/uploads\/2018\/06\/situazione-critica-2-1920-1005.jpg?resize=700%2C400&ssl=1 2x, https:\/\/i0.wp.com\/www.pigrecoemme.com\/blog\/wp-content\/uploads\/2018\/06\/situazione-critica-2-1920-1005.jpg?resize=1050%2C600&ssl=1 3x, https:\/\/i0.wp.com\/www.pigrecoemme.com\/blog\/wp-content\/uploads\/2018\/06\/situazione-critica-2-1920-1005.jpg?resize=1400%2C800&ssl=1 4x"},"classes":[]},{"id":2642,"url":"https:\/\/www.pigrecoemme.com\/blog\/situazione-critica-online-gli-appuntamenti-del-2019\/","url_meta":{"origin":2262,"position":3},"title":"Situazione Critica: online gli appuntamenti del 2019","author":"Pigrecoemme","date":"4 Aprile 2020","format":false,"excerpt":"Dura stare a casa, eh? Beh, se siete appassionati di cinema (e forse lo siete, visto che state leggendo il nostro blog), potreste sciropparvi le millemila ore di registrazione video (e anche audio! Altrimenti non si capirebbe nulla, che diamine!) dei 5 appuntamenti di Situazione Critica organizzati nel 2019 dalla\u2026","rel":"","context":"In &quot;Analisi e Critica&quot;","block_context":{"text":"Analisi e Critica","link":"https:\/\/www.pigrecoemme.com\/blog\/analisi-e-critica-2\/"},"img":{"alt_text":"situazione critica","src":"https:\/\/i0.wp.com\/www.pigrecoemme.com\/blog\/wp-content\/uploads\/2020\/04\/situazione-critica.jpg?resize=350%2C200&ssl=1","width":350,"height":200,"srcset":"https:\/\/i0.wp.com\/www.pigrecoemme.com\/blog\/wp-content\/uploads\/2020\/04\/situazione-critica.jpg?resize=350%2C200&ssl=1 1x, https:\/\/i0.wp.com\/www.pigrecoemme.com\/blog\/wp-content\/uploads\/2020\/04\/situazione-critica.jpg?resize=525%2C300&ssl=1 1.5x, https:\/\/i0.wp.com\/www.pigrecoemme.com\/blog\/wp-content\/uploads\/2020\/04\/situazione-critica.jpg?resize=700%2C400&ssl=1 2x, https:\/\/i0.wp.com\/www.pigrecoemme.com\/blog\/wp-content\/uploads\/2020\/04\/situazione-critica.jpg?resize=1050%2C600&ssl=1 3x"},"classes":[]},{"id":2286,"url":"https:\/\/www.pigrecoemme.com\/blog\/situazione-critica-6-la-webcritica-e-altre-storie\/","url_meta":{"origin":2262,"position":4},"title":"Situazione Critica #6: La webcritica e altre storie","author":"Pigrecoemme","date":"20 Novembre 2018","format":false,"excerpt":"Il sesto appuntamento di Situazione Critica \u2013 l\u2019iniziativa con la quale la scuola di cinema Pigrecoemme di Napoli festeggia il diciottesimo anno di attivit\u00e0 \u2013 si terr\u00e0 sabato 1 dicembre alle ore 16.30 e avr\u00e0 come ospiti tre giovani protagonisti della critica sul web: Matteo Berardini, Marco Compiani e Attilio\u2026","rel":"","context":"In &quot;Analisi e Critica&quot;","block_context":{"text":"Analisi e Critica","link":"https:\/\/www.pigrecoemme.com\/blog\/analisi-e-critica-2\/"},"img":{"alt_text":"Situazione Critica #6 - La webcritica e altre storie","src":"https:\/\/i0.wp.com\/www.pigrecoemme.com\/blog\/wp-content\/uploads\/2018\/11\/situazione-critica-6-1280x720-1024x536.jpg?resize=350%2C200","width":350,"height":200,"srcset":"https:\/\/i0.wp.com\/www.pigrecoemme.com\/blog\/wp-content\/uploads\/2018\/11\/situazione-critica-6-1280x720-1024x536.jpg?resize=350%2C200 1x, https:\/\/i0.wp.com\/www.pigrecoemme.com\/blog\/wp-content\/uploads\/2018\/11\/situazione-critica-6-1280x720-1024x536.jpg?resize=525%2C300 1.5x, https:\/\/i0.wp.com\/www.pigrecoemme.com\/blog\/wp-content\/uploads\/2018\/11\/situazione-critica-6-1280x720-1024x536.jpg?resize=700%2C400 2x"},"classes":[]},{"id":2238,"url":"https:\/\/www.pigrecoemme.com\/blog\/situazione-critica-4-sense-and-sensibility-cuore-e-cervello-di-una-critica-militante\/","url_meta":{"origin":2262,"position":5},"title":"Situazione Critica #4. Sense and Sensibility &#8211; Cuore e cervello di una critica militante","author":"Pigrecoemme","date":"9 Ottobre 2018","format":false,"excerpt":"Sabato 20 ottobre il quarto appuntamento di Situazione Critica, l\u2019iniziativa con la quale la scuola di cinema Pigrecoemme di Napoli festeggia il diciottesimo anno di attivit\u00e0, avr\u00e0 un prestigioso ospite: il giovanissimo direttore, appena 34 anni, del settimanale FilmTv. Insieme a Rosario Gallone, Giulio Sangiorgio discuter\u00e0 dell\u2019importanza - quasi dell\u2019urgenza\u2026","rel":"","context":"In &quot;Analisi e Critica&quot;","block_context":{"text":"Analisi e Critica","link":"https:\/\/www.pigrecoemme.com\/blog\/analisi-e-critica-2\/"},"img":{"alt_text":"Situazione Critica 4","src":"https:\/\/i0.wp.com\/www.pigrecoemme.com\/blog\/wp-content\/uploads\/2018\/10\/situazione-critica-4.jpg?resize=350%2C200","width":350,"height":200,"srcset":"https:\/\/i0.wp.com\/www.pigrecoemme.com\/blog\/wp-content\/uploads\/2018\/10\/situazione-critica-4.jpg?resize=350%2C200 1x, https:\/\/i0.wp.com\/www.pigrecoemme.com\/blog\/wp-content\/uploads\/2018\/10\/situazione-critica-4.jpg?resize=525%2C300 1.5x, https:\/\/i0.wp.com\/www.pigrecoemme.com\/blog\/wp-content\/uploads\/2018\/10\/situazione-critica-4.jpg?resize=700%2C400 2x"},"classes":[]}],"jetpack_featured_media_url":"","_links":{"self":[{"href":"https:\/\/www.pigrecoemme.com\/blog\/wp-json\/wp\/v2\/posts\/2262","targetHints":{"allow":["GET"]}}],"collection":[{"href":"https:\/\/www.pigrecoemme.com\/blog\/wp-json\/wp\/v2\/posts"}],"about":[{"href":"https:\/\/www.pigrecoemme.com\/blog\/wp-json\/wp\/v2\/types\/post"}],"author":[{"embeddable":true,"href":"https:\/\/www.pigrecoemme.com\/blog\/wp-json\/wp\/v2\/users\/4"}],"replies":[{"embeddable":true,"href":"https:\/\/www.pigrecoemme.com\/blog\/wp-json\/wp\/v2\/comments?post=2262"}],"version-history":[{"count":0,"href":"https:\/\/www.pigrecoemme.com\/blog\/wp-json\/wp\/v2\/posts\/2262\/revisions"}],"wp:attachment":[{"href":"https:\/\/www.pigrecoemme.com\/blog\/wp-json\/wp\/v2\/media?parent=2262"}],"wp:term":[{"taxonomy":"category","embeddable":true,"href":"https:\/\/www.pigrecoemme.com\/blog\/wp-json\/wp\/v2\/categories?post=2262"},{"taxonomy":"post_tag","embeddable":true,"href":"https:\/\/www.pigrecoemme.com\/blog\/wp-json\/wp\/v2\/tags?post=2262"}],"curies":[{"name":"wp","href":"https:\/\/api.w.org\/{rel}","templated":true}]}}