{"id":226,"date":"2010-04-27T13:45:04","date_gmt":"2010-04-27T11:45:04","guid":{"rendered":"http:\/\/www.pigrecoemme.com\/blog\/?p=226"},"modified":"2010-04-27T18:32:00","modified_gmt":"2010-04-27T16:32:00","slug":"la-via-piu-breve-tra-napoli-e-ferrara","status":"publish","type":"post","link":"https:\/\/www.pigrecoemme.com\/blog\/la-via-piu-breve-tra-napoli-e-ferrara\/","title":{"rendered":"La via pi\u00f9 breve tra Napoli e Ferrara"},"content":{"rendered":"<figure id=\"attachment_227\" aria-describedby=\"caption-attachment-227\" style=\"width: 225px\" class=\"wp-caption alignleft\"><a href=\"https:\/\/i0.wp.com\/www.pigrecoemme.com\/blog\/wp-content\/uploads\/2010\/04\/abelferrara.jpg?ssl=1\"><img data-recalc-dims=\"1\" loading=\"lazy\" decoding=\"async\" class=\"size-medium wp-image-227\" title=\"Abel Ferrara con Manuel, studente del nostro master in cinema.\" src=\"https:\/\/i0.wp.com\/www.pigrecoemme.com\/blog\/wp-content\/uploads\/2010\/04\/abelferrara.jpg?resize=225%2C300&#038;ssl=1\" alt=\"Abel Ferrara con Manuel, studente del nostro master in cinema.\" width=\"225\" height=\"300\" srcset=\"https:\/\/i0.wp.com\/www.pigrecoemme.com\/blog\/wp-content\/uploads\/2010\/04\/abelferrara.jpg?resize=225%2C300&amp;ssl=1 225w, https:\/\/i0.wp.com\/www.pigrecoemme.com\/blog\/wp-content\/uploads\/2010\/04\/abelferrara.jpg?w=540&amp;ssl=1 540w\" sizes=\"auto, (max-width: 225px) 100vw, 225px\" \/><\/a><figcaption id=\"caption-attachment-227\" class=\"wp-caption-text\">Abel Ferrara con Manuel, studente del nostro master in cinema.<\/figcaption><\/figure>\n<p>Fuori programma ai limiti del surreale, ieri pomeriggio. Gli amici di Figli del Bronx sono venuti a prendere uno schermo per proiezioni presso la nostra sede e si sono presentati con Abel Ferrara che, manco a dirlo, ha attirato subito a s\u00e9 i nostri studenti in adorazione, non prima, per\u00f2, di aiutarci a caricare il\u00a0 pesantissimo scatolone sul portapacchi di un taxi.<br \/>\nPerch\u00e9 Ferrara \u00e8 a Napoli? La risposta \u00e8 semplice: stasera in Piazza Grandi Eventi a Scampia e domani al Cinema Modernissimo si presenta in anteprima nazionale NAPOLI NAPOLI NAPOLI, docufiction realizzato dal maestro, approdato la scorsa estate alla Mostra Internazionale del Cinema di Venezia ed evento inaugurale, in questi giorni, al Festival Internazionale del Documentario di Londra.<br \/>\nLa serata di Scampia, organizzata dai Figli del Bronx, dal Centro Territoriale Mammut, da Movies Event in collaborazione con l\u2019VIII Municipalit\u00e0 ,sar\u00e0 moderata da Enrico Ghezzi e dal produttore e\u00a0 sceneggiatore Gaetano Di Vaio.<\/p>\n<p>Alla sceneggiatura del film ha collaborato anche la nostra ex allieva Maria Grazia\u00a0 Capaldo, che segu\u00ec il nostro corso di sceneggiatura condotto da Corrado Morra in una classe che includeva anche Massimiliano Virgilio, uno degli scrittori pi\u00f9 interessanti dell&#8217;attuale panorama letterario italiano.<\/p>\n","protected":false},"excerpt":{"rendered":"<p>Fuori programma ai limiti del surreale, ieri pomeriggio. Gli amici di Figli del Bronx sono venuti a prendere uno schermo per proiezioni presso la nostra sede e si sono presentati con Abel Ferrara che,&hellip;<\/p>\n","protected":false},"author":1,"featured_media":0,"comment_status":"open","ping_status":"open","sticky":false,"template":"","format":"standard","meta":{"_jetpack_newsletter_access":"","_jetpack_dont_email_post_to_subs":false,"_jetpack_newsletter_tier_id":0,"_jetpack_memberships_contains_paywalled_content":false,"_jetpack_feature_clip_id":0,"_jetpack_memberships_contains_paid_content":false,"footnotes":"","jetpack_post_was_ever_published":false},"categories":[11,1,3],"tags":[390,27,393,77,391,392],"class_list":["post-226","post","type-post","status-publish","format-standard","hentry","category-eventi","category-generale","category-scuola-di-cinema","tag-abel-ferrara","tag-ex-allievi-di-pigrecoemme","tag-modernissimo","tag-napoli","tag-napoli-napoli","tag-scampia"],"yoast_head":"<!-- This site is optimized with the Yoast SEO plugin v28.3 - https:\/\/yoast.com\/product\/yoast-seo-wordpress\/ -->\n<title>La via pi\u00f9 breve tra Napoli e Ferrara<\/title>\n<meta name=\"robots\" content=\"index, follow, max-snippet:-1, max-image-preview:large, max-video-preview:-1\" \/>\n<link rel=\"canonical\" href=\"https:\/\/www.pigrecoemme.com\/blog\/la-via-piu-breve-tra-napoli-e-ferrara\/\" \/>\n<meta property=\"og:locale\" content=\"it_IT\" \/>\n<meta property=\"og:type\" content=\"article\" \/>\n<meta property=\"og:title\" content=\"La via pi\u00f9 breve tra Napoli e Ferrara\" \/>\n<meta property=\"og:description\" content=\"Fuori programma ai limiti del surreale, ieri pomeriggio. Gli amici di Figli del Bronx sono venuti a prendere uno schermo per proiezioni presso la nostra sede e si sono presentati con Abel Ferrara che, manco a dirlo, ha attirato subito &hellip; Continue reading &rarr;\" \/>\n<meta property=\"og:url\" content=\"https:\/\/www.pigrecoemme.com\/blog\/la-via-piu-breve-tra-napoli-e-ferrara\/\" \/>\n<meta property=\"og:site_name\" content=\"Scuola di Cinema Pigrecoemme - Blog\" \/>\n<meta property=\"article:publisher\" content=\"https:\/\/www.facebook.com\/pigrecoemme\" \/>\n<meta property=\"article:author\" content=\"https:\/\/www.facebook.com\/giacomo.fabbrocino\" \/>\n<meta property=\"article:published_time\" content=\"2010-04-27T11:45:04+00:00\" \/>\n<meta property=\"article:modified_time\" content=\"2010-04-27T16:32:00+00:00\" \/>\n<meta property=\"og:image\" content=\"http:\/\/www.pigrecoemme.com\/blog\/wp-content\/uploads\/2010\/04\/abelferrara-225x300.jpg\" \/>\n<meta name=\"author\" content=\"Giacomo Fabbrocino\" \/>\n<meta name=\"twitter:card\" content=\"summary_large_image\" \/>\n<meta name=\"twitter:creator\" content=\"@Pigrecoemme\" \/>\n<meta name=\"twitter:site\" content=\"@Pigrecoemme\" \/>\n<meta name=\"twitter:label1\" content=\"Scritto da\" \/>\n\t<meta name=\"twitter:data1\" content=\"Giacomo Fabbrocino\" \/>\n\t<meta name=\"twitter:label2\" content=\"Tempo di lettura stimato\" \/>\n\t<meta name=\"twitter:data2\" content=\"1 minuto\" \/>\n<script type=\"application\/ld+json\" class=\"yoast-schema-graph\">{\"@context\":\"https:\\\/\\\/schema.org\",\"@graph\":[{\"@type\":[\"Article\",\"BlogPosting\"],\"@id\":\"https:\\\/\\\/www.pigrecoemme.com\\\/blog\\\/la-via-piu-breve-tra-napoli-e-ferrara\\\/#article\",\"isPartOf\":{\"@id\":\"https:\\\/\\\/www.pigrecoemme.com\\\/blog\\\/la-via-piu-breve-tra-napoli-e-ferrara\\\/\"},\"author\":{\"name\":\"Giacomo Fabbrocino\",\"@id\":\"https:\\\/\\\/www.pigrecoemme.com\\\/blog\\\/#\\\/schema\\\/person\\\/57fa822c3d209d3a2612fd0411ae63f4\"},\"headline\":\"La via pi\u00f9 breve tra Napoli e Ferrara\",\"datePublished\":\"2010-04-27T11:45:04+00:00\",\"dateModified\":\"2010-04-27T16:32:00+00:00\",\"mainEntityOfPage\":{\"@id\":\"https:\\\/\\\/www.pigrecoemme.com\\\/blog\\\/la-via-piu-breve-tra-napoli-e-ferrara\\\/\"},\"wordCount\":221,\"commentCount\":0,\"publisher\":{\"@id\":\"https:\\\/\\\/www.pigrecoemme.com\\\/blog\\\/#organization\"},\"image\":{\"@id\":\"https:\\\/\\\/www.pigrecoemme.com\\\/blog\\\/la-via-piu-breve-tra-napoli-e-ferrara\\\/#primaryimage\"},\"thumbnailUrl\":\"http:\\\/\\\/www.pigrecoemme.com\\\/blog\\\/wp-content\\\/uploads\\\/2010\\\/04\\\/abelferrara-225x300.jpg\",\"keywords\":[\"abel ferrara\",\"ex allievi di pigrecoemme\",\"modernissimo\",\"napoli\",\"napoli napoli\",\"scampia\"],\"articleSection\":[\"Eventi\",\"Generale\",\"Scuola di cinema\"],\"inLanguage\":\"it-IT\",\"potentialAction\":[{\"@type\":\"CommentAction\",\"name\":\"Comment\",\"target\":[\"https:\\\/\\\/www.pigrecoemme.com\\\/blog\\\/la-via-piu-breve-tra-napoli-e-ferrara\\\/#respond\"]}]},{\"@type\":\"WebPage\",\"@id\":\"https:\\\/\\\/www.pigrecoemme.com\\\/blog\\\/la-via-piu-breve-tra-napoli-e-ferrara\\\/\",\"url\":\"https:\\\/\\\/www.pigrecoemme.com\\\/blog\\\/la-via-piu-breve-tra-napoli-e-ferrara\\\/\",\"name\":\"La via pi\u00f9 breve tra Napoli e Ferrara\",\"isPartOf\":{\"@id\":\"https:\\\/\\\/www.pigrecoemme.com\\\/blog\\\/#website\"},\"primaryImageOfPage\":{\"@id\":\"https:\\\/\\\/www.pigrecoemme.com\\\/blog\\\/la-via-piu-breve-tra-napoli-e-ferrara\\\/#primaryimage\"},\"image\":{\"@id\":\"https:\\\/\\\/www.pigrecoemme.com\\\/blog\\\/la-via-piu-breve-tra-napoli-e-ferrara\\\/#primaryimage\"},\"thumbnailUrl\":\"http:\\\/\\\/www.pigrecoemme.com\\\/blog\\\/wp-content\\\/uploads\\\/2010\\\/04\\\/abelferrara-225x300.jpg\",\"datePublished\":\"2010-04-27T11:45:04+00:00\",\"dateModified\":\"2010-04-27T16:32:00+00:00\",\"breadcrumb\":{\"@id\":\"https:\\\/\\\/www.pigrecoemme.com\\\/blog\\\/la-via-piu-breve-tra-napoli-e-ferrara\\\/#breadcrumb\"},\"inLanguage\":\"it-IT\",\"potentialAction\":[{\"@type\":\"ReadAction\",\"target\":[\"https:\\\/\\\/www.pigrecoemme.com\\\/blog\\\/la-via-piu-breve-tra-napoli-e-ferrara\\\/\"]}]},{\"@type\":\"ImageObject\",\"inLanguage\":\"it-IT\",\"@id\":\"https:\\\/\\\/www.pigrecoemme.com\\\/blog\\\/la-via-piu-breve-tra-napoli-e-ferrara\\\/#primaryimage\",\"url\":\"http:\\\/\\\/www.pigrecoemme.com\\\/blog\\\/wp-content\\\/uploads\\\/2010\\\/04\\\/abelferrara-225x300.jpg\",\"contentUrl\":\"http:\\\/\\\/www.pigrecoemme.com\\\/blog\\\/wp-content\\\/uploads\\\/2010\\\/04\\\/abelferrara-225x300.jpg\"},{\"@type\":\"BreadcrumbList\",\"@id\":\"https:\\\/\\\/www.pigrecoemme.com\\\/blog\\\/la-via-piu-breve-tra-napoli-e-ferrara\\\/#breadcrumb\",\"itemListElement\":[{\"@type\":\"ListItem\",\"position\":1,\"name\":\"Home\",\"item\":\"https:\\\/\\\/www.pigrecoemme.com\\\/blog\\\/\"},{\"@type\":\"ListItem\",\"position\":2,\"name\":\"La via pi\u00f9 breve tra Napoli e Ferrara\"}]},{\"@type\":\"WebSite\",\"@id\":\"https:\\\/\\\/www.pigrecoemme.com\\\/blog\\\/#website\",\"url\":\"https:\\\/\\\/www.pigrecoemme.com\\\/blog\\\/\",\"name\":\"Scuola di Cinema Pigrecoemme - Blog\",\"description\":\"Siamo la prima Scuola di Cinema e Fotografia di Napoli\",\"publisher\":{\"@id\":\"https:\\\/\\\/www.pigrecoemme.com\\\/blog\\\/#organization\"},\"potentialAction\":[{\"@type\":\"SearchAction\",\"target\":{\"@type\":\"EntryPoint\",\"urlTemplate\":\"https:\\\/\\\/www.pigrecoemme.com\\\/blog\\\/?s={search_term_string}\"},\"query-input\":{\"@type\":\"PropertyValueSpecification\",\"valueRequired\":true,\"valueName\":\"search_term_string\"}}],\"inLanguage\":\"it-IT\"},{\"@type\":\"Organization\",\"@id\":\"https:\\\/\\\/www.pigrecoemme.com\\\/blog\\\/#organization\",\"name\":\"Scuola di cinema e fotografia Pigrecoemme\",\"url\":\"https:\\\/\\\/www.pigrecoemme.com\\\/blog\\\/\",\"logo\":{\"@type\":\"ImageObject\",\"inLanguage\":\"it-IT\",\"@id\":\"https:\\\/\\\/www.pigrecoemme.com\\\/blog\\\/#\\\/schema\\\/logo\\\/image\\\/\",\"url\":\"https:\\\/\\\/i0.wp.com\\\/www.pigrecoemme.com\\\/blog\\\/wp-content\\\/uploads\\\/2018\\\/06\\\/logo-pigrecoemme-2018.png?fit=500%2C500&ssl=1\",\"contentUrl\":\"https:\\\/\\\/i0.wp.com\\\/www.pigrecoemme.com\\\/blog\\\/wp-content\\\/uploads\\\/2018\\\/06\\\/logo-pigrecoemme-2018.png?fit=500%2C500&ssl=1\",\"width\":500,\"height\":500,\"caption\":\"Scuola di cinema e fotografia Pigrecoemme\"},\"image\":{\"@id\":\"https:\\\/\\\/www.pigrecoemme.com\\\/blog\\\/#\\\/schema\\\/logo\\\/image\\\/\"},\"sameAs\":[\"https:\\\/\\\/www.facebook.com\\\/pigrecoemme\",\"https:\\\/\\\/x.com\\\/Pigrecoemme\",\"https:\\\/\\\/www.instagram.com\\\/pigrecoemme\\\/\",\"https:\\\/\\\/www.linkedin.com\\\/company\\\/pigrecoemme\\\/\",\"https:\\\/\\\/www.youtube.com\\\/pigrecoemme\"]},{\"@type\":\"Person\",\"@id\":\"https:\\\/\\\/www.pigrecoemme.com\\\/blog\\\/#\\\/schema\\\/person\\\/57fa822c3d209d3a2612fd0411ae63f4\",\"name\":\"Giacomo Fabbrocino\",\"image\":{\"@type\":\"ImageObject\",\"inLanguage\":\"it-IT\",\"@id\":\"https:\\\/\\\/secure.gravatar.com\\\/avatar\\\/0e4dfd4d05c06a03fffaffeb36fb181415ba11b91a6b566fa2e8ada75927db32?s=96&r=g\",\"url\":\"https:\\\/\\\/secure.gravatar.com\\\/avatar\\\/0e4dfd4d05c06a03fffaffeb36fb181415ba11b91a6b566fa2e8ada75927db32?s=96&r=g\",\"contentUrl\":\"https:\\\/\\\/secure.gravatar.com\\\/avatar\\\/0e4dfd4d05c06a03fffaffeb36fb181415ba11b91a6b566fa2e8ada75927db32?s=96&r=g\",\"caption\":\"Giacomo Fabbrocino\"},\"description\":\"Montatore cinematografico, autore di documentari sull'arte e di video d'artista, Giacomo \u00e8 responsabile della didattica e della comunicazione web della Scuola di Cinema, Fotografia e Televisione Pigrecoemme di Napoli.\",\"sameAs\":[\"http:\\\/\\\/www.pigrecoemme.com\\\/\",\"https:\\\/\\\/www.facebook.com\\\/giacomo.fabbrocino\"],\"url\":\"https:\\\/\\\/www.pigrecoemme.com\\\/blog\\\/author\\\/giacomo-fabbrocino\\\/\"}]}<\/script>\n<!-- \/ Yoast SEO plugin. -->","yoast_head_json":{"title":"La via pi\u00f9 breve tra Napoli e Ferrara","robots":{"index":"index","follow":"follow","max-snippet":"max-snippet:-1","max-image-preview":"max-image-preview:large","max-video-preview":"max-video-preview:-1"},"canonical":"https:\/\/www.pigrecoemme.com\/blog\/la-via-piu-breve-tra-napoli-e-ferrara\/","og_locale":"it_IT","og_type":"article","og_title":"La via pi\u00f9 breve tra Napoli e Ferrara","og_description":"Fuori programma ai limiti del surreale, ieri pomeriggio. Gli amici di Figli del Bronx sono venuti a prendere uno schermo per proiezioni presso la nostra sede e si sono presentati con Abel Ferrara che, manco a dirlo, ha attirato subito &hellip; Continue reading &rarr;","og_url":"https:\/\/www.pigrecoemme.com\/blog\/la-via-piu-breve-tra-napoli-e-ferrara\/","og_site_name":"Scuola di Cinema Pigrecoemme - Blog","article_publisher":"https:\/\/www.facebook.com\/pigrecoemme","article_author":"https:\/\/www.facebook.com\/giacomo.fabbrocino","article_published_time":"2010-04-27T11:45:04+00:00","article_modified_time":"2010-04-27T16:32:00+00:00","og_image":[{"url":"http:\/\/www.pigrecoemme.com\/blog\/wp-content\/uploads\/2010\/04\/abelferrara-225x300.jpg","type":"","width":"","height":""}],"author":"Giacomo Fabbrocino","twitter_card":"summary_large_image","twitter_creator":"@Pigrecoemme","twitter_site":"@Pigrecoemme","twitter_misc":{"Scritto da":"Giacomo Fabbrocino","Tempo di lettura stimato":"1 minuto"},"schema":{"@context":"https:\/\/schema.org","@graph":[{"@type":["Article","BlogPosting"],"@id":"https:\/\/www.pigrecoemme.com\/blog\/la-via-piu-breve-tra-napoli-e-ferrara\/#article","isPartOf":{"@id":"https:\/\/www.pigrecoemme.com\/blog\/la-via-piu-breve-tra-napoli-e-ferrara\/"},"author":{"name":"Giacomo Fabbrocino","@id":"https:\/\/www.pigrecoemme.com\/blog\/#\/schema\/person\/57fa822c3d209d3a2612fd0411ae63f4"},"headline":"La via pi\u00f9 breve tra Napoli e Ferrara","datePublished":"2010-04-27T11:45:04+00:00","dateModified":"2010-04-27T16:32:00+00:00","mainEntityOfPage":{"@id":"https:\/\/www.pigrecoemme.com\/blog\/la-via-piu-breve-tra-napoli-e-ferrara\/"},"wordCount":221,"commentCount":0,"publisher":{"@id":"https:\/\/www.pigrecoemme.com\/blog\/#organization"},"image":{"@id":"https:\/\/www.pigrecoemme.com\/blog\/la-via-piu-breve-tra-napoli-e-ferrara\/#primaryimage"},"thumbnailUrl":"http:\/\/www.pigrecoemme.com\/blog\/wp-content\/uploads\/2010\/04\/abelferrara-225x300.jpg","keywords":["abel ferrara","ex allievi di pigrecoemme","modernissimo","napoli","napoli napoli","scampia"],"articleSection":["Eventi","Generale","Scuola di cinema"],"inLanguage":"it-IT","potentialAction":[{"@type":"CommentAction","name":"Comment","target":["https:\/\/www.pigrecoemme.com\/blog\/la-via-piu-breve-tra-napoli-e-ferrara\/#respond"]}]},{"@type":"WebPage","@id":"https:\/\/www.pigrecoemme.com\/blog\/la-via-piu-breve-tra-napoli-e-ferrara\/","url":"https:\/\/www.pigrecoemme.com\/blog\/la-via-piu-breve-tra-napoli-e-ferrara\/","name":"La via pi\u00f9 breve tra Napoli e Ferrara","isPartOf":{"@id":"https:\/\/www.pigrecoemme.com\/blog\/#website"},"primaryImageOfPage":{"@id":"https:\/\/www.pigrecoemme.com\/blog\/la-via-piu-breve-tra-napoli-e-ferrara\/#primaryimage"},"image":{"@id":"https:\/\/www.pigrecoemme.com\/blog\/la-via-piu-breve-tra-napoli-e-ferrara\/#primaryimage"},"thumbnailUrl":"http:\/\/www.pigrecoemme.com\/blog\/wp-content\/uploads\/2010\/04\/abelferrara-225x300.jpg","datePublished":"2010-04-27T11:45:04+00:00","dateModified":"2010-04-27T16:32:00+00:00","breadcrumb":{"@id":"https:\/\/www.pigrecoemme.com\/blog\/la-via-piu-breve-tra-napoli-e-ferrara\/#breadcrumb"},"inLanguage":"it-IT","potentialAction":[{"@type":"ReadAction","target":["https:\/\/www.pigrecoemme.com\/blog\/la-via-piu-breve-tra-napoli-e-ferrara\/"]}]},{"@type":"ImageObject","inLanguage":"it-IT","@id":"https:\/\/www.pigrecoemme.com\/blog\/la-via-piu-breve-tra-napoli-e-ferrara\/#primaryimage","url":"http:\/\/www.pigrecoemme.com\/blog\/wp-content\/uploads\/2010\/04\/abelferrara-225x300.jpg","contentUrl":"http:\/\/www.pigrecoemme.com\/blog\/wp-content\/uploads\/2010\/04\/abelferrara-225x300.jpg"},{"@type":"BreadcrumbList","@id":"https:\/\/www.pigrecoemme.com\/blog\/la-via-piu-breve-tra-napoli-e-ferrara\/#breadcrumb","itemListElement":[{"@type":"ListItem","position":1,"name":"Home","item":"https:\/\/www.pigrecoemme.com\/blog\/"},{"@type":"ListItem","position":2,"name":"La via pi\u00f9 breve tra Napoli e Ferrara"}]},{"@type":"WebSite","@id":"https:\/\/www.pigrecoemme.com\/blog\/#website","url":"https:\/\/www.pigrecoemme.com\/blog\/","name":"Scuola di Cinema Pigrecoemme - Blog","description":"Siamo la prima Scuola di Cinema e Fotografia di Napoli","publisher":{"@id":"https:\/\/www.pigrecoemme.com\/blog\/#organization"},"potentialAction":[{"@type":"SearchAction","target":{"@type":"EntryPoint","urlTemplate":"https:\/\/www.pigrecoemme.com\/blog\/?s={search_term_string}"},"query-input":{"@type":"PropertyValueSpecification","valueRequired":true,"valueName":"search_term_string"}}],"inLanguage":"it-IT"},{"@type":"Organization","@id":"https:\/\/www.pigrecoemme.com\/blog\/#organization","name":"Scuola di cinema e fotografia Pigrecoemme","url":"https:\/\/www.pigrecoemme.com\/blog\/","logo":{"@type":"ImageObject","inLanguage":"it-IT","@id":"https:\/\/www.pigrecoemme.com\/blog\/#\/schema\/logo\/image\/","url":"https:\/\/i0.wp.com\/www.pigrecoemme.com\/blog\/wp-content\/uploads\/2018\/06\/logo-pigrecoemme-2018.png?fit=500%2C500&ssl=1","contentUrl":"https:\/\/i0.wp.com\/www.pigrecoemme.com\/blog\/wp-content\/uploads\/2018\/06\/logo-pigrecoemme-2018.png?fit=500%2C500&ssl=1","width":500,"height":500,"caption":"Scuola di cinema e fotografia Pigrecoemme"},"image":{"@id":"https:\/\/www.pigrecoemme.com\/blog\/#\/schema\/logo\/image\/"},"sameAs":["https:\/\/www.facebook.com\/pigrecoemme","https:\/\/x.com\/Pigrecoemme","https:\/\/www.instagram.com\/pigrecoemme\/","https:\/\/www.linkedin.com\/company\/pigrecoemme\/","https:\/\/www.youtube.com\/pigrecoemme"]},{"@type":"Person","@id":"https:\/\/www.pigrecoemme.com\/blog\/#\/schema\/person\/57fa822c3d209d3a2612fd0411ae63f4","name":"Giacomo Fabbrocino","image":{"@type":"ImageObject","inLanguage":"it-IT","@id":"https:\/\/secure.gravatar.com\/avatar\/0e4dfd4d05c06a03fffaffeb36fb181415ba11b91a6b566fa2e8ada75927db32?s=96&r=g","url":"https:\/\/secure.gravatar.com\/avatar\/0e4dfd4d05c06a03fffaffeb36fb181415ba11b91a6b566fa2e8ada75927db32?s=96&r=g","contentUrl":"https:\/\/secure.gravatar.com\/avatar\/0e4dfd4d05c06a03fffaffeb36fb181415ba11b91a6b566fa2e8ada75927db32?s=96&r=g","caption":"Giacomo Fabbrocino"},"description":"Montatore cinematografico, autore di documentari sull'arte e di video d'artista, Giacomo \u00e8 responsabile della didattica e della comunicazione web della Scuola di Cinema, Fotografia e Televisione Pigrecoemme di Napoli.","sameAs":["http:\/\/www.pigrecoemme.com\/","https:\/\/www.facebook.com\/giacomo.fabbrocino"],"url":"https:\/\/www.pigrecoemme.com\/blog\/author\/giacomo-fabbrocino\/"}]}},"jetpack_sharing_enabled":true,"jetpack_likes_enabled":true,"jetpack-related-posts":[{"id":314,"url":"https:\/\/www.pigrecoemme.com\/blog\/the-others-su-gt-channel-la-scuola-di-cinema-e-televisione-pigrecoemme-in-tv\/","url_meta":{"origin":226,"position":0},"title":"The Others su GT Channel. La Scuola di cinema e televisione Pigrecoemme in TV","author":"Rosario Gallone","date":"14 Dicembre 2010","format":false,"excerpt":"The Others, la rivista di approfondimento critico della Scuola di cinema e televisione Pigrecoemme di Napoli, arriva, con un programma di approfondimento cinematografico, in TV. Su GT Channel.","rel":"","context":"In &quot;Eventi&quot;","block_context":{"text":"Eventi","link":"https:\/\/www.pigrecoemme.com\/blog\/eventi\/"},"img":{"alt_text":"","src":"https:\/\/i0.wp.com\/www.pigrecoemme.com\/blog\/wp-content\/uploads\/2010\/12\/the-others-gt-channel.jpg?resize=350%2C200&ssl=1","width":350,"height":200},"classes":[]},{"id":169,"url":"https:\/\/www.pigrecoemme.com\/blog\/fotogiornalismo-incontro-con-luciano-ferrara\/","url_meta":{"origin":226,"position":1},"title":"Fotogiornalismo: incontro con Luciano Ferrara","author":"Giacomo Fabbrocino","date":"15 Settembre 2009","format":false,"excerpt":"Venerd\u00ec 25 settembre 2009 alle 17,00, negli spazi della Scuola di cinema Pigrecoemme (a Napoli, in Piazza Portanova 11), lo storico della fotografia Luca Sorbo ed il critico d'arte Corrado Morra incontrano Luciano Ferrara, uno dei pi\u00f9 rappresentativi fotoreporter italiani. Luciano Ferrara \u00e8 una presenza costante a Napoli raccontando, da\u2026","rel":"","context":"In &quot;Eventi&quot;","block_context":{"text":"Eventi","link":"https:\/\/www.pigrecoemme.com\/blog\/eventi\/"},"img":{"alt_text":"Una foto di Luciano Ferrara","src":"https:\/\/i0.wp.com\/www.pigrecoemme.com\/blog\/wp-content\/uploads\/2009\/09\/luciano-ferrara-300x209.jpg?resize=350%2C200","width":350,"height":200},"classes":[]},{"id":364,"url":"https:\/\/www.pigrecoemme.com\/blog\/abel-ferrara-e-la-costituzione-protagonisti-del-%e2%80%9csarno-film-festival%e2%80%9d\/","url_meta":{"origin":226,"position":2},"title":"Abel Ferrara e la Costituzione protagonisti del \u201cSarno Film Festival\u201d","author":"Giacomo Fabbrocino","date":"19 Maggio 2011","format":false,"excerpt":"\u00c8 con grande piacere che annunciamo la nostra partnership con la prima edizione del Sarno Film Festival che, per il suo esordio, ha voluto concentrarsi sulla Carta Fondamentale dei diritti del nostro Paese, la Costituzione. Infatti, titolo di quest\u2019anno \u00e8 \u201cUn Corto sulla Carta\u201d, e consiste in un concorso di\u2026","rel":"","context":"In &quot;Eventi&quot;","block_context":{"text":"Eventi","link":"https:\/\/www.pigrecoemme.com\/blog\/eventi\/"},"img":{"alt_text":"","src":"https:\/\/i0.wp.com\/www.pigrecoemme.com\/blog\/wp-content\/uploads\/2011\/05\/abel-ferrara-248x300.jpg?resize=350%2C200","width":350,"height":200},"classes":[]},{"id":213,"url":"https:\/\/www.pigrecoemme.com\/blog\/la-nostra-video-inchiesta-sul-potere-da-lunedi-al-modernissimo\/","url_meta":{"origin":226,"position":3},"title":"La nostra video-inchiesta sul potere da luned\u00ec al Modernissimo","author":"Giacomo Fabbrocino","date":"18 Marzo 2010","format":false,"excerpt":"Da lunedi 22 a domenica 28 marzo, presso lo Spazio Videodrome del Multicinema Modernissimo, sar\u00e0 in proiezione alle ore 18.00 la video-inchiesta da noi realizzata per per la rassegna \"l'arte della felicit\u00e0\". Il video, diretto e montato da Giacomo Fabbrocino, ha aperto ieri, mercoled\u00ec 17 marzo, al cinema Ambasciatori di\u2026","rel":"","context":"In &quot;Eventi&quot;","block_context":{"text":"Eventi","link":"https:\/\/www.pigrecoemme.com\/blog\/eventi\/"},"img":{"alt_text":"","src":"","width":0,"height":0},"classes":[]},{"id":228,"url":"https:\/\/www.pigrecoemme.com\/blog\/video-inchiesta-sul-potere\/","url_meta":{"origin":226,"position":4},"title":"VIDEO-INCHIESTA SUL POTERE","author":"Giacomo Fabbrocino","date":"29 Aprile 2010","format":false,"excerpt":"VIDEO-INCHIESTA SUL POTERE from Scuola di cinema Pigrecoemme on Vimeo. Ecco la versione integrale della video-inchiesta da noi realizzata in collaborazione con L\u2019arte della felicit\u00e0 - incontri e conversazioni sul Potere, che ha inaugurato la manifestazione mercoled\u00ec 17 marzo al cinema Ambasciatori di Napoli. Centocinquantaquattro interviste girate presso le tre\u2026","rel":"","context":"In &quot;Eventi&quot;","block_context":{"text":"Eventi","link":"https:\/\/www.pigrecoemme.com\/blog\/eventi\/"},"img":{"alt_text":"","src":"","width":0,"height":0},"classes":[]},{"id":666,"url":"https:\/\/www.pigrecoemme.com\/blog\/gaetano-di-vaio\/","url_meta":{"origin":226,"position":5},"title":"Il loro Natale. Gaetano Di Vaio alla rassegna &#8220;Con gli occhi del cinema&#8221;","author":"Rosario Gallone","date":"1 Giugno 2013","format":false,"excerpt":"Continua, con la proiezione del film Il loro Natale di Gaetano Di Vaio, la rassegna Con gli occhi del cinema, curata dall\u2019associazione Tycho, in collaborazione con la Scuola di Cinema, Televisione e Fotografia Pigrecoemme e la Mediateca Santa Sofia del Comune di Napoli. La proiezione, a ingresso gratuito, si terr\u00e0\u2026","rel":"","context":"In &quot;Eventi&quot;","block_context":{"text":"Eventi","link":"https:\/\/www.pigrecoemme.com\/blog\/eventi\/"},"img":{"alt_text":"Il regista e produttore Gaetano Di Vaio","src":"https:\/\/i0.wp.com\/www.pigrecoemme.com\/blog\/wp-content\/uploads\/2013\/06\/gaetano-di-vaio-300x275.jpg?resize=350%2C200","width":350,"height":200},"classes":[]}],"jetpack_featured_media_url":"","_links":{"self":[{"href":"https:\/\/www.pigrecoemme.com\/blog\/wp-json\/wp\/v2\/posts\/226","targetHints":{"allow":["GET"]}}],"collection":[{"href":"https:\/\/www.pigrecoemme.com\/blog\/wp-json\/wp\/v2\/posts"}],"about":[{"href":"https:\/\/www.pigrecoemme.com\/blog\/wp-json\/wp\/v2\/types\/post"}],"author":[{"embeddable":true,"href":"https:\/\/www.pigrecoemme.com\/blog\/wp-json\/wp\/v2\/users\/1"}],"replies":[{"embeddable":true,"href":"https:\/\/www.pigrecoemme.com\/blog\/wp-json\/wp\/v2\/comments?post=226"}],"version-history":[{"count":0,"href":"https:\/\/www.pigrecoemme.com\/blog\/wp-json\/wp\/v2\/posts\/226\/revisions"}],"wp:attachment":[{"href":"https:\/\/www.pigrecoemme.com\/blog\/wp-json\/wp\/v2\/media?parent=226"}],"wp:term":[{"taxonomy":"category","embeddable":true,"href":"https:\/\/www.pigrecoemme.com\/blog\/wp-json\/wp\/v2\/categories?post=226"},{"taxonomy":"post_tag","embeddable":true,"href":"https:\/\/www.pigrecoemme.com\/blog\/wp-json\/wp\/v2\/tags?post=226"}],"curies":[{"name":"wp","href":"https:\/\/api.w.org\/{rel}","templated":true}]}}