{"id":2238,"date":"2018-10-09T19:08:12","date_gmt":"2018-10-09T17:08:12","guid":{"rendered":"http:\/\/www.pigrecoemme.com\/blog\/?p=2238"},"modified":"2018-10-09T19:30:52","modified_gmt":"2018-10-09T17:30:52","slug":"situazione-critica-4-sense-and-sensibility-cuore-e-cervello-di-una-critica-militante","status":"publish","type":"post","link":"https:\/\/www.pigrecoemme.com\/blog\/situazione-critica-4-sense-and-sensibility-cuore-e-cervello-di-una-critica-militante\/","title":{"rendered":"Situazione Critica #4. Sense and Sensibility &#8211; Cuore e cervello di una critica militante"},"content":{"rendered":"<p><a href=\"https:\/\/i0.wp.com\/www.pigrecoemme.com\/blog\/wp-content\/uploads\/2018\/10\/situazione-critica-4.jpg?ssl=1\"><img data-recalc-dims=\"1\" loading=\"lazy\" decoding=\"async\" class=\"aligncenter wp-image-2240 size-full\" src=\"https:\/\/i0.wp.com\/www.pigrecoemme.com\/blog\/wp-content\/uploads\/2018\/10\/situazione-critica-4.jpg?resize=860%2C449&#038;ssl=1\" alt=\"Situazione Critica 4\" width=\"860\" height=\"449\" srcset=\"https:\/\/i0.wp.com\/www.pigrecoemme.com\/blog\/wp-content\/uploads\/2018\/10\/situazione-critica-4.jpg?w=900&amp;ssl=1 900w, https:\/\/i0.wp.com\/www.pigrecoemme.com\/blog\/wp-content\/uploads\/2018\/10\/situazione-critica-4.jpg?resize=300%2C157&amp;ssl=1 300w, https:\/\/i0.wp.com\/www.pigrecoemme.com\/blog\/wp-content\/uploads\/2018\/10\/situazione-critica-4.jpg?resize=768%2C401&amp;ssl=1 768w, https:\/\/i0.wp.com\/www.pigrecoemme.com\/blog\/wp-content\/uploads\/2018\/10\/situazione-critica-4.jpg?resize=640%2C334&amp;ssl=1 640w\" sizes=\"auto, (max-width: 860px) 100vw, 860px\" \/><\/a><\/p>\n<p><strong>Sabato 20 ottobre<\/strong> il quarto appuntamento di <a href=\"https:\/\/www.pigrecoemme.com\/blog\/tag\/situazione-critica\/\">Situazione Critica<\/a>, l\u2019iniziativa con la quale la <a href=\"http:\/\/www.pigrecoemme.com\/\">scuola di cinema Pigrecoemme<\/a> di Napoli festeggia il diciottesimo anno di attivit\u00e0, avr\u00e0 un prestigioso ospite: il giovanissimo direttore, appena 34 anni, del settimanale <a href=\"https:\/\/filmtv.press\/\" target=\"_blank\" rel=\"noopener\">FilmTv<\/a>.<\/p>\n<p><!--more--><\/p>\n<p>Insieme a Rosario Gallone, <strong>Giulio Sangiorgio<\/strong> discuter\u00e0 dell\u2019importanza &#8211; quasi dell\u2019urgenza &#8211; di un ritorno a una critica militante, ovvero a una critica cinematografica (ma non solo) che abbia un obiettivo pedagogico, divulgativo e responsabilmente politico.<br \/>\nGuidare il lettore\/spettatore nel difficile percorso odierno tra le immagini, non necessariamente cinematografiche, significa condurlo fuori dalle secche di una complessa sospensione dell\u2019incredulit\u00e0 che, ormai pericolosamente, riguarda la realt\u00e0 come la finzione.<br \/>\nAiutare a discernere ci\u00f2 che \u00e8 vero da ci\u00f2 che \u00e8 falso, ma anche solo ci\u00f2 che \u00e8 plausibile da ci\u00f2 che \u00e8 impossibile, \u00e8 operazione delicata e necessaria assieme.<br \/>\nCi si soffermer\u00e0 anche sulle soddisfazioni e le difficolt\u00e0 di chi dirige un settimanale cartaceo sul cinema, su come si possa coniugare l\u2019essere al passo dei tempi, l\u2019interrogarsi sul futuro (del fare cinema e del guardarlo) e contemporaneamente rendere conto e far conoscere un passato prestigioso come quello del nostro cinema e non solo.<\/p>\n<h2>GIULIO SANGIORGIO<\/h2>\n<figure id=\"attachment_2241\" aria-describedby=\"caption-attachment-2241\" style=\"width: 250px\" class=\"wp-caption alignleft\"><a href=\"https:\/\/i0.wp.com\/www.pigrecoemme.com\/blog\/wp-content\/uploads\/2018\/10\/giulio-sangiorgio.jpg?ssl=1\"><img data-recalc-dims=\"1\" loading=\"lazy\" decoding=\"async\" class=\"wp-image-2241\" src=\"https:\/\/i0.wp.com\/www.pigrecoemme.com\/blog\/wp-content\/uploads\/2018\/10\/giulio-sangiorgio.jpg?resize=250%2C250&#038;ssl=1\" alt=\"Giulio Sangiorgio\" width=\"250\" height=\"250\" srcset=\"https:\/\/i0.wp.com\/www.pigrecoemme.com\/blog\/wp-content\/uploads\/2018\/10\/giulio-sangiorgio.jpg?resize=300%2C300&amp;ssl=1 300w, https:\/\/i0.wp.com\/www.pigrecoemme.com\/blog\/wp-content\/uploads\/2018\/10\/giulio-sangiorgio.jpg?resize=150%2C150&amp;ssl=1 150w, https:\/\/i0.wp.com\/www.pigrecoemme.com\/blog\/wp-content\/uploads\/2018\/10\/giulio-sangiorgio.jpg?resize=65%2C65&amp;ssl=1 65w, https:\/\/i0.wp.com\/www.pigrecoemme.com\/blog\/wp-content\/uploads\/2018\/10\/giulio-sangiorgio.jpg?resize=640%2C640&amp;ssl=1 640w, https:\/\/i0.wp.com\/www.pigrecoemme.com\/blog\/wp-content\/uploads\/2018\/10\/giulio-sangiorgio.jpg?w=720&amp;ssl=1 720w\" sizes=\"auto, (max-width: 250px) 100vw, 250px\" \/><\/a><figcaption id=\"caption-attachment-2241\" class=\"wp-caption-text\">Giulio Sangiorgio<\/figcaption><\/figure>\n<p>Giulio Sangiorgio (Lecco, 1984) \u00e8 direttore del settimanale FilmTv.<\/p>\n<p>Si occupa del lavoro di selezione per il <em>Filmmaker Film Festival<\/em> di Milano e per il festival del cinema <em>Presente italiano<\/em> di Pistoia.<\/p>\n<p>Collabora con l&#8217;Enciclopedia Treccani e codirige la collana Heterotopia per Bietti.<\/p>\n<p>Ha pubblicato saggi su autori contemporanei. \u00c8 ideatore e responsabile di corsi di cinema e rassegne.<\/p>\n<h2>COME PARTECIPARE ALL\u2019INCONTRO<\/h2>\n<p>L\u2019incontro, fino a esaurimento posti, \u00e8 a ingresso gratuito.<\/p>\n<p>\u00c8 gradita la prenotazione al numero 081 5635188.<\/p>\n<p>L\u2019incontro si svolger\u00e0 <strong>sabato 20 ottobre 2018<\/strong>, dalle 16:30, presso la sede della Scuola di cinema Pigrecoemme (<a href=\"https:\/\/goo.gl\/maps\/72ftph9Gozn\">Piazza Portanova 11, Napoli<\/a>).<\/p>\n","protected":false},"excerpt":{"rendered":"<p>Sabato 20 ottobre il quarto appuntamento di Situazione Critica, l\u2019iniziativa con la quale la scuola di cinema Pigrecoemme di Napoli festeggia il diciottesimo anno di attivit\u00e0, avr\u00e0 un prestigioso ospite: il giovanissimo direttore, appena&hellip;<\/p>\n","protected":false},"author":4,"featured_media":0,"comment_status":"open","ping_status":"open","sticky":false,"template":"","format":"standard","meta":{"_jetpack_newsletter_access":"","_jetpack_dont_email_post_to_subs":false,"_jetpack_newsletter_tier_id":0,"_jetpack_memberships_contains_paywalled_content":false,"_jetpack_feature_clip_id":0,"_jetpack_memberships_contains_paid_content":false,"footnotes":"","jetpack_post_was_ever_published":false},"categories":[950,11,1,731],"tags":[344,2035,1998],"class_list":["post-2238","post","type-post","status-publish","format-standard","hentry","category-analisi-e-critica-2","category-eventi","category-generale","category-segnalazioni","tag-critica-cinematografica","tag-giulio-sangiorgio","tag-situazione-critica"],"yoast_head":"<!-- This site is optimized with the Yoast SEO plugin v28.3 - https:\/\/yoast.com\/product\/yoast-seo-wordpress\/ -->\n<title>Situazione Critica #4. Sense and Sensibility - Cuore e cervello di una critica militante<\/title>\n<meta name=\"description\" content=\"Sabato 20 ottobre 2018: incontro con Giulio Sangiorgio, direttore di FilmTV. Ingresso gratuito fino a esaurimento posti.\" \/>\n<meta name=\"robots\" content=\"index, follow, max-snippet:-1, max-image-preview:large, max-video-preview:-1\" \/>\n<link rel=\"canonical\" href=\"https:\/\/www.pigrecoemme.com\/blog\/situazione-critica-4-sense-and-sensibility-cuore-e-cervello-di-una-critica-militante\/\" \/>\n<meta property=\"og:locale\" content=\"it_IT\" \/>\n<meta property=\"og:type\" content=\"article\" \/>\n<meta property=\"og:title\" content=\"Situazione Critica #4: incontro con Giulio Sangiorgio, direttore di FilmTV\" \/>\n<meta property=\"og:description\" content=\"SENSE AND SENSIBILITY \u2013 CUORE E CERVELLO DI UNA CRITICA MILITANTE. Sabato 20 ottobre 2018. Ingresso gratuito fino a esaurimento posti.\" \/>\n<meta property=\"og:url\" content=\"https:\/\/www.pigrecoemme.com\/blog\/situazione-critica-4-sense-and-sensibility-cuore-e-cervello-di-una-critica-militante\/\" \/>\n<meta property=\"og:site_name\" content=\"Scuola di Cinema Pigrecoemme - Blog\" \/>\n<meta property=\"article:publisher\" content=\"https:\/\/www.facebook.com\/pigrecoemme\" \/>\n<meta property=\"article:author\" content=\"https:\/\/www.facebook.com\/pigrecoemme\" \/>\n<meta property=\"article:published_time\" content=\"2018-10-09T17:08:12+00:00\" \/>\n<meta property=\"article:modified_time\" content=\"2018-10-09T17:30:52+00:00\" \/>\n<meta property=\"og:image\" content=\"http:\/\/www.pigrecoemme.com\/blog\/wp-content\/uploads\/2018\/10\/situazione-critica-4.jpg\" \/>\n<meta name=\"author\" content=\"Pigrecoemme\" \/>\n<meta name=\"twitter:card\" content=\"summary_large_image\" \/>\n<meta name=\"twitter:creator\" content=\"@Pigrecoemme\" \/>\n<meta name=\"twitter:site\" content=\"@Pigrecoemme\" \/>\n<meta name=\"twitter:label1\" content=\"Scritto da\" \/>\n\t<meta name=\"twitter:data1\" content=\"Pigrecoemme\" \/>\n\t<meta name=\"twitter:label2\" content=\"Tempo di lettura stimato\" \/>\n\t<meta name=\"twitter:data2\" content=\"1 minuto\" \/>\n<script type=\"application\/ld+json\" class=\"yoast-schema-graph\">{\"@context\":\"https:\\\/\\\/schema.org\",\"@graph\":[{\"@type\":[\"Article\",\"BlogPosting\"],\"@id\":\"https:\\\/\\\/www.pigrecoemme.com\\\/blog\\\/situazione-critica-4-sense-and-sensibility-cuore-e-cervello-di-una-critica-militante\\\/#article\",\"isPartOf\":{\"@id\":\"https:\\\/\\\/www.pigrecoemme.com\\\/blog\\\/situazione-critica-4-sense-and-sensibility-cuore-e-cervello-di-una-critica-militante\\\/\"},\"author\":{\"name\":\"Pigrecoemme\",\"@id\":\"https:\\\/\\\/www.pigrecoemme.com\\\/blog\\\/#\\\/schema\\\/person\\\/8996ab5bfa68cec611b330ae4a389d44\"},\"headline\":\"Situazione Critica #4. Sense and Sensibility &#8211; Cuore e cervello di una critica militante\",\"datePublished\":\"2018-10-09T17:08:12+00:00\",\"dateModified\":\"2018-10-09T17:30:52+00:00\",\"mainEntityOfPage\":{\"@id\":\"https:\\\/\\\/www.pigrecoemme.com\\\/blog\\\/situazione-critica-4-sense-and-sensibility-cuore-e-cervello-di-una-critica-militante\\\/\"},\"wordCount\":308,\"commentCount\":0,\"publisher\":{\"@id\":\"https:\\\/\\\/www.pigrecoemme.com\\\/blog\\\/#organization\"},\"image\":{\"@id\":\"https:\\\/\\\/www.pigrecoemme.com\\\/blog\\\/situazione-critica-4-sense-and-sensibility-cuore-e-cervello-di-una-critica-militante\\\/#primaryimage\"},\"thumbnailUrl\":\"http:\\\/\\\/www.pigrecoemme.com\\\/blog\\\/wp-content\\\/uploads\\\/2018\\\/10\\\/situazione-critica-4.jpg\",\"keywords\":[\"critica cinematografica\",\"giulio sangiorgio\",\"situazione critica\"],\"articleSection\":[\"Analisi e Critica\",\"Eventi\",\"Generale\",\"Segnalazioni\"],\"inLanguage\":\"it-IT\",\"potentialAction\":[{\"@type\":\"CommentAction\",\"name\":\"Comment\",\"target\":[\"https:\\\/\\\/www.pigrecoemme.com\\\/blog\\\/situazione-critica-4-sense-and-sensibility-cuore-e-cervello-di-una-critica-militante\\\/#respond\"]}]},{\"@type\":\"WebPage\",\"@id\":\"https:\\\/\\\/www.pigrecoemme.com\\\/blog\\\/situazione-critica-4-sense-and-sensibility-cuore-e-cervello-di-una-critica-militante\\\/\",\"url\":\"https:\\\/\\\/www.pigrecoemme.com\\\/blog\\\/situazione-critica-4-sense-and-sensibility-cuore-e-cervello-di-una-critica-militante\\\/\",\"name\":\"Situazione Critica #4. Sense and Sensibility - Cuore e cervello di una critica militante\",\"isPartOf\":{\"@id\":\"https:\\\/\\\/www.pigrecoemme.com\\\/blog\\\/#website\"},\"primaryImageOfPage\":{\"@id\":\"https:\\\/\\\/www.pigrecoemme.com\\\/blog\\\/situazione-critica-4-sense-and-sensibility-cuore-e-cervello-di-una-critica-militante\\\/#primaryimage\"},\"image\":{\"@id\":\"https:\\\/\\\/www.pigrecoemme.com\\\/blog\\\/situazione-critica-4-sense-and-sensibility-cuore-e-cervello-di-una-critica-militante\\\/#primaryimage\"},\"thumbnailUrl\":\"http:\\\/\\\/www.pigrecoemme.com\\\/blog\\\/wp-content\\\/uploads\\\/2018\\\/10\\\/situazione-critica-4.jpg\",\"datePublished\":\"2018-10-09T17:08:12+00:00\",\"dateModified\":\"2018-10-09T17:30:52+00:00\",\"description\":\"Sabato 20 ottobre 2018: incontro con Giulio Sangiorgio, direttore di FilmTV. Ingresso gratuito fino a esaurimento posti.\",\"breadcrumb\":{\"@id\":\"https:\\\/\\\/www.pigrecoemme.com\\\/blog\\\/situazione-critica-4-sense-and-sensibility-cuore-e-cervello-di-una-critica-militante\\\/#breadcrumb\"},\"inLanguage\":\"it-IT\",\"potentialAction\":[{\"@type\":\"ReadAction\",\"target\":[\"https:\\\/\\\/www.pigrecoemme.com\\\/blog\\\/situazione-critica-4-sense-and-sensibility-cuore-e-cervello-di-una-critica-militante\\\/\"]}]},{\"@type\":\"ImageObject\",\"inLanguage\":\"it-IT\",\"@id\":\"https:\\\/\\\/www.pigrecoemme.com\\\/blog\\\/situazione-critica-4-sense-and-sensibility-cuore-e-cervello-di-una-critica-militante\\\/#primaryimage\",\"url\":\"http:\\\/\\\/www.pigrecoemme.com\\\/blog\\\/wp-content\\\/uploads\\\/2018\\\/10\\\/situazione-critica-4.jpg\",\"contentUrl\":\"http:\\\/\\\/www.pigrecoemme.com\\\/blog\\\/wp-content\\\/uploads\\\/2018\\\/10\\\/situazione-critica-4.jpg\"},{\"@type\":\"BreadcrumbList\",\"@id\":\"https:\\\/\\\/www.pigrecoemme.com\\\/blog\\\/situazione-critica-4-sense-and-sensibility-cuore-e-cervello-di-una-critica-militante\\\/#breadcrumb\",\"itemListElement\":[{\"@type\":\"ListItem\",\"position\":1,\"name\":\"Home\",\"item\":\"https:\\\/\\\/www.pigrecoemme.com\\\/blog\\\/\"},{\"@type\":\"ListItem\",\"position\":2,\"name\":\"Situazione Critica #4. Sense and Sensibility &#8211; Cuore e cervello di una critica militante\"}]},{\"@type\":\"WebSite\",\"@id\":\"https:\\\/\\\/www.pigrecoemme.com\\\/blog\\\/#website\",\"url\":\"https:\\\/\\\/www.pigrecoemme.com\\\/blog\\\/\",\"name\":\"Scuola di Cinema Pigrecoemme - Blog\",\"description\":\"Siamo la prima Scuola di Cinema e Fotografia di Napoli\",\"publisher\":{\"@id\":\"https:\\\/\\\/www.pigrecoemme.com\\\/blog\\\/#organization\"},\"potentialAction\":[{\"@type\":\"SearchAction\",\"target\":{\"@type\":\"EntryPoint\",\"urlTemplate\":\"https:\\\/\\\/www.pigrecoemme.com\\\/blog\\\/?s={search_term_string}\"},\"query-input\":{\"@type\":\"PropertyValueSpecification\",\"valueRequired\":true,\"valueName\":\"search_term_string\"}}],\"inLanguage\":\"it-IT\"},{\"@type\":\"Organization\",\"@id\":\"https:\\\/\\\/www.pigrecoemme.com\\\/blog\\\/#organization\",\"name\":\"Scuola di cinema e fotografia Pigrecoemme\",\"url\":\"https:\\\/\\\/www.pigrecoemme.com\\\/blog\\\/\",\"logo\":{\"@type\":\"ImageObject\",\"inLanguage\":\"it-IT\",\"@id\":\"https:\\\/\\\/www.pigrecoemme.com\\\/blog\\\/#\\\/schema\\\/logo\\\/image\\\/\",\"url\":\"https:\\\/\\\/i0.wp.com\\\/www.pigrecoemme.com\\\/blog\\\/wp-content\\\/uploads\\\/2018\\\/06\\\/logo-pigrecoemme-2018.png?fit=500%2C500&ssl=1\",\"contentUrl\":\"https:\\\/\\\/i0.wp.com\\\/www.pigrecoemme.com\\\/blog\\\/wp-content\\\/uploads\\\/2018\\\/06\\\/logo-pigrecoemme-2018.png?fit=500%2C500&ssl=1\",\"width\":500,\"height\":500,\"caption\":\"Scuola di cinema e fotografia Pigrecoemme\"},\"image\":{\"@id\":\"https:\\\/\\\/www.pigrecoemme.com\\\/blog\\\/#\\\/schema\\\/logo\\\/image\\\/\"},\"sameAs\":[\"https:\\\/\\\/www.facebook.com\\\/pigrecoemme\",\"https:\\\/\\\/x.com\\\/Pigrecoemme\",\"https:\\\/\\\/www.instagram.com\\\/pigrecoemme\\\/\",\"https:\\\/\\\/www.linkedin.com\\\/company\\\/pigrecoemme\\\/\",\"https:\\\/\\\/www.youtube.com\\\/pigrecoemme\"]},{\"@type\":\"Person\",\"@id\":\"https:\\\/\\\/www.pigrecoemme.com\\\/blog\\\/#\\\/schema\\\/person\\\/8996ab5bfa68cec611b330ae4a389d44\",\"name\":\"Pigrecoemme\",\"image\":{\"@type\":\"ImageObject\",\"inLanguage\":\"it-IT\",\"@id\":\"https:\\\/\\\/secure.gravatar.com\\\/avatar\\\/541a562fed7df6fa49262cb93f0f1135b8432ec77a1bc64fdb808f64f2a8287d?s=96&r=g\",\"url\":\"https:\\\/\\\/secure.gravatar.com\\\/avatar\\\/541a562fed7df6fa49262cb93f0f1135b8432ec77a1bc64fdb808f64f2a8287d?s=96&r=g\",\"contentUrl\":\"https:\\\/\\\/secure.gravatar.com\\\/avatar\\\/541a562fed7df6fa49262cb93f0f1135b8432ec77a1bc64fdb808f64f2a8287d?s=96&r=g\",\"caption\":\"Pigrecoemme\"},\"description\":\"Profilo redazionale. Pigrecoemme \u00e8 la prima scuola di cinema, televisione e fotografia di Napoli.\",\"sameAs\":[\"http:\\\/\\\/www.pigrecoemme.com\\\/\",\"https:\\\/\\\/www.facebook.com\\\/pigrecoemme\"],\"url\":\"https:\\\/\\\/www.pigrecoemme.com\\\/blog\\\/author\\\/pigrecoemme\\\/\"}]}<\/script>\n<!-- \/ Yoast SEO plugin. -->","yoast_head_json":{"title":"Situazione Critica #4. Sense and Sensibility - Cuore e cervello di una critica militante","description":"Sabato 20 ottobre 2018: incontro con Giulio Sangiorgio, direttore di FilmTV. Ingresso gratuito fino a esaurimento posti.","robots":{"index":"index","follow":"follow","max-snippet":"max-snippet:-1","max-image-preview":"max-image-preview:large","max-video-preview":"max-video-preview:-1"},"canonical":"https:\/\/www.pigrecoemme.com\/blog\/situazione-critica-4-sense-and-sensibility-cuore-e-cervello-di-una-critica-militante\/","og_locale":"it_IT","og_type":"article","og_title":"Situazione Critica #4: incontro con Giulio Sangiorgio, direttore di FilmTV","og_description":"SENSE AND SENSIBILITY \u2013 CUORE E CERVELLO DI UNA CRITICA MILITANTE. Sabato 20 ottobre 2018. Ingresso gratuito fino a esaurimento posti.","og_url":"https:\/\/www.pigrecoemme.com\/blog\/situazione-critica-4-sense-and-sensibility-cuore-e-cervello-di-una-critica-militante\/","og_site_name":"Scuola di Cinema Pigrecoemme - Blog","article_publisher":"https:\/\/www.facebook.com\/pigrecoemme","article_author":"https:\/\/www.facebook.com\/pigrecoemme","article_published_time":"2018-10-09T17:08:12+00:00","article_modified_time":"2018-10-09T17:30:52+00:00","og_image":[{"url":"http:\/\/www.pigrecoemme.com\/blog\/wp-content\/uploads\/2018\/10\/situazione-critica-4.jpg","type":"","width":"","height":""}],"author":"Pigrecoemme","twitter_card":"summary_large_image","twitter_creator":"@Pigrecoemme","twitter_site":"@Pigrecoemme","twitter_misc":{"Scritto da":"Pigrecoemme","Tempo di lettura stimato":"1 minuto"},"schema":{"@context":"https:\/\/schema.org","@graph":[{"@type":["Article","BlogPosting"],"@id":"https:\/\/www.pigrecoemme.com\/blog\/situazione-critica-4-sense-and-sensibility-cuore-e-cervello-di-una-critica-militante\/#article","isPartOf":{"@id":"https:\/\/www.pigrecoemme.com\/blog\/situazione-critica-4-sense-and-sensibility-cuore-e-cervello-di-una-critica-militante\/"},"author":{"name":"Pigrecoemme","@id":"https:\/\/www.pigrecoemme.com\/blog\/#\/schema\/person\/8996ab5bfa68cec611b330ae4a389d44"},"headline":"Situazione Critica #4. Sense and Sensibility &#8211; Cuore e cervello di una critica militante","datePublished":"2018-10-09T17:08:12+00:00","dateModified":"2018-10-09T17:30:52+00:00","mainEntityOfPage":{"@id":"https:\/\/www.pigrecoemme.com\/blog\/situazione-critica-4-sense-and-sensibility-cuore-e-cervello-di-una-critica-militante\/"},"wordCount":308,"commentCount":0,"publisher":{"@id":"https:\/\/www.pigrecoemme.com\/blog\/#organization"},"image":{"@id":"https:\/\/www.pigrecoemme.com\/blog\/situazione-critica-4-sense-and-sensibility-cuore-e-cervello-di-una-critica-militante\/#primaryimage"},"thumbnailUrl":"http:\/\/www.pigrecoemme.com\/blog\/wp-content\/uploads\/2018\/10\/situazione-critica-4.jpg","keywords":["critica cinematografica","giulio sangiorgio","situazione critica"],"articleSection":["Analisi e Critica","Eventi","Generale","Segnalazioni"],"inLanguage":"it-IT","potentialAction":[{"@type":"CommentAction","name":"Comment","target":["https:\/\/www.pigrecoemme.com\/blog\/situazione-critica-4-sense-and-sensibility-cuore-e-cervello-di-una-critica-militante\/#respond"]}]},{"@type":"WebPage","@id":"https:\/\/www.pigrecoemme.com\/blog\/situazione-critica-4-sense-and-sensibility-cuore-e-cervello-di-una-critica-militante\/","url":"https:\/\/www.pigrecoemme.com\/blog\/situazione-critica-4-sense-and-sensibility-cuore-e-cervello-di-una-critica-militante\/","name":"Situazione Critica #4. Sense and Sensibility - Cuore e cervello di una critica militante","isPartOf":{"@id":"https:\/\/www.pigrecoemme.com\/blog\/#website"},"primaryImageOfPage":{"@id":"https:\/\/www.pigrecoemme.com\/blog\/situazione-critica-4-sense-and-sensibility-cuore-e-cervello-di-una-critica-militante\/#primaryimage"},"image":{"@id":"https:\/\/www.pigrecoemme.com\/blog\/situazione-critica-4-sense-and-sensibility-cuore-e-cervello-di-una-critica-militante\/#primaryimage"},"thumbnailUrl":"http:\/\/www.pigrecoemme.com\/blog\/wp-content\/uploads\/2018\/10\/situazione-critica-4.jpg","datePublished":"2018-10-09T17:08:12+00:00","dateModified":"2018-10-09T17:30:52+00:00","description":"Sabato 20 ottobre 2018: incontro con Giulio Sangiorgio, direttore di FilmTV. Ingresso gratuito fino a esaurimento posti.","breadcrumb":{"@id":"https:\/\/www.pigrecoemme.com\/blog\/situazione-critica-4-sense-and-sensibility-cuore-e-cervello-di-una-critica-militante\/#breadcrumb"},"inLanguage":"it-IT","potentialAction":[{"@type":"ReadAction","target":["https:\/\/www.pigrecoemme.com\/blog\/situazione-critica-4-sense-and-sensibility-cuore-e-cervello-di-una-critica-militante\/"]}]},{"@type":"ImageObject","inLanguage":"it-IT","@id":"https:\/\/www.pigrecoemme.com\/blog\/situazione-critica-4-sense-and-sensibility-cuore-e-cervello-di-una-critica-militante\/#primaryimage","url":"http:\/\/www.pigrecoemme.com\/blog\/wp-content\/uploads\/2018\/10\/situazione-critica-4.jpg","contentUrl":"http:\/\/www.pigrecoemme.com\/blog\/wp-content\/uploads\/2018\/10\/situazione-critica-4.jpg"},{"@type":"BreadcrumbList","@id":"https:\/\/www.pigrecoemme.com\/blog\/situazione-critica-4-sense-and-sensibility-cuore-e-cervello-di-una-critica-militante\/#breadcrumb","itemListElement":[{"@type":"ListItem","position":1,"name":"Home","item":"https:\/\/www.pigrecoemme.com\/blog\/"},{"@type":"ListItem","position":2,"name":"Situazione Critica #4. Sense and Sensibility &#8211; Cuore e cervello di una critica militante"}]},{"@type":"WebSite","@id":"https:\/\/www.pigrecoemme.com\/blog\/#website","url":"https:\/\/www.pigrecoemme.com\/blog\/","name":"Scuola di Cinema Pigrecoemme - Blog","description":"Siamo la prima Scuola di Cinema e Fotografia di Napoli","publisher":{"@id":"https:\/\/www.pigrecoemme.com\/blog\/#organization"},"potentialAction":[{"@type":"SearchAction","target":{"@type":"EntryPoint","urlTemplate":"https:\/\/www.pigrecoemme.com\/blog\/?s={search_term_string}"},"query-input":{"@type":"PropertyValueSpecification","valueRequired":true,"valueName":"search_term_string"}}],"inLanguage":"it-IT"},{"@type":"Organization","@id":"https:\/\/www.pigrecoemme.com\/blog\/#organization","name":"Scuola di cinema e fotografia Pigrecoemme","url":"https:\/\/www.pigrecoemme.com\/blog\/","logo":{"@type":"ImageObject","inLanguage":"it-IT","@id":"https:\/\/www.pigrecoemme.com\/blog\/#\/schema\/logo\/image\/","url":"https:\/\/i0.wp.com\/www.pigrecoemme.com\/blog\/wp-content\/uploads\/2018\/06\/logo-pigrecoemme-2018.png?fit=500%2C500&ssl=1","contentUrl":"https:\/\/i0.wp.com\/www.pigrecoemme.com\/blog\/wp-content\/uploads\/2018\/06\/logo-pigrecoemme-2018.png?fit=500%2C500&ssl=1","width":500,"height":500,"caption":"Scuola di cinema e fotografia Pigrecoemme"},"image":{"@id":"https:\/\/www.pigrecoemme.com\/blog\/#\/schema\/logo\/image\/"},"sameAs":["https:\/\/www.facebook.com\/pigrecoemme","https:\/\/x.com\/Pigrecoemme","https:\/\/www.instagram.com\/pigrecoemme\/","https:\/\/www.linkedin.com\/company\/pigrecoemme\/","https:\/\/www.youtube.com\/pigrecoemme"]},{"@type":"Person","@id":"https:\/\/www.pigrecoemme.com\/blog\/#\/schema\/person\/8996ab5bfa68cec611b330ae4a389d44","name":"Pigrecoemme","image":{"@type":"ImageObject","inLanguage":"it-IT","@id":"https:\/\/secure.gravatar.com\/avatar\/541a562fed7df6fa49262cb93f0f1135b8432ec77a1bc64fdb808f64f2a8287d?s=96&r=g","url":"https:\/\/secure.gravatar.com\/avatar\/541a562fed7df6fa49262cb93f0f1135b8432ec77a1bc64fdb808f64f2a8287d?s=96&r=g","contentUrl":"https:\/\/secure.gravatar.com\/avatar\/541a562fed7df6fa49262cb93f0f1135b8432ec77a1bc64fdb808f64f2a8287d?s=96&r=g","caption":"Pigrecoemme"},"description":"Profilo redazionale. Pigrecoemme \u00e8 la prima scuola di cinema, televisione e fotografia di Napoli.","sameAs":["http:\/\/www.pigrecoemme.com\/","https:\/\/www.facebook.com\/pigrecoemme"],"url":"https:\/\/www.pigrecoemme.com\/blog\/author\/pigrecoemme\/"}]}},"jetpack_sharing_enabled":true,"jetpack_likes_enabled":true,"jetpack-related-posts":[{"id":2088,"url":"https:\/\/www.pigrecoemme.com\/blog\/situazione-critica-primo-appuntamento-5-maggio\/","url_meta":{"origin":2238,"position":0},"title":"Situazione critica: il primo appuntamento \u00e8 il 5 maggio","author":"Pigrecoemme","date":"19 Aprile 2018","format":false,"excerpt":"La Scuola di Cinema Pigrecoemme celebra 18 anni di attivit\u00e0 e propone \u201cSituazione critica\u201d: una serie di incontri sulla critica cinematografica e la promozione culturale della settima arte. Situazione critica \u00e8 il tentativo di fare il punto su quale sia, oggi, lo stato della cultura cinematografica e dell\u2019audiovisivo in genere,\u2026","rel":"","context":"In &quot;Analisi e Critica&quot;","block_context":{"text":"Analisi e Critica","link":"https:\/\/www.pigrecoemme.com\/blog\/analisi-e-critica-2\/"},"img":{"alt_text":"","src":"https:\/\/i0.wp.com\/www.pigrecoemme.com\/blog\/wp-content\/uploads\/2018\/04\/situazione-critica-quadrato-1.jpg?fit=900%2C900&ssl=1&resize=350%2C200","width":350,"height":200,"srcset":"https:\/\/i0.wp.com\/www.pigrecoemme.com\/blog\/wp-content\/uploads\/2018\/04\/situazione-critica-quadrato-1.jpg?fit=900%2C900&ssl=1&resize=350%2C200 1x, https:\/\/i0.wp.com\/www.pigrecoemme.com\/blog\/wp-content\/uploads\/2018\/04\/situazione-critica-quadrato-1.jpg?fit=900%2C900&ssl=1&resize=525%2C300 1.5x, https:\/\/i0.wp.com\/www.pigrecoemme.com\/blog\/wp-content\/uploads\/2018\/04\/situazione-critica-quadrato-1.jpg?fit=900%2C900&ssl=1&resize=700%2C400 2x"},"classes":[]},{"id":2967,"url":"https:\/\/www.pigrecoemme.com\/blog\/guarda-tutti-gli-appuntamenti-di-situazione-critica-2020\/","url_meta":{"origin":2238,"position":1},"title":"Guarda tutti gli appuntamenti di &#8220;Situazione Critica&#8221; 2020!","author":"Pigrecoemme","date":"24 Dicembre 2020","format":false,"excerpt":"Durante il 2020 si \u00e8 tenuta la terza edizione di \u201cSituazione Critica\u201d, la rassegna di incontri dedicata alla critica cinematografica diretta dal nostro Rosario Gallone. Quest\u2019anno, a causa dell\u2019emergenza Covid-19, gli appuntamenti si sono svolti online e, sebbene ci sia mancato il contatto diretto col pubblico, che dal 2018 \u00e8\u2026","rel":"","context":"In &quot;Analisi e Critica&quot;","block_context":{"text":"Analisi e Critica","link":"https:\/\/www.pigrecoemme.com\/blog\/analisi-e-critica-2\/"},"img":{"alt_text":"situazione critica 2020","src":"https:\/\/i0.wp.com\/www.pigrecoemme.com\/blog\/wp-content\/uploads\/2020\/12\/situazione-critica-2020.jpg?resize=350%2C200&ssl=1","width":350,"height":200,"srcset":"https:\/\/i0.wp.com\/www.pigrecoemme.com\/blog\/wp-content\/uploads\/2020\/12\/situazione-critica-2020.jpg?resize=350%2C200&ssl=1 1x, https:\/\/i0.wp.com\/www.pigrecoemme.com\/blog\/wp-content\/uploads\/2020\/12\/situazione-critica-2020.jpg?resize=525%2C300&ssl=1 1.5x, https:\/\/i0.wp.com\/www.pigrecoemme.com\/blog\/wp-content\/uploads\/2020\/12\/situazione-critica-2020.jpg?resize=700%2C400&ssl=1 2x, https:\/\/i0.wp.com\/www.pigrecoemme.com\/blog\/wp-content\/uploads\/2020\/12\/situazione-critica-2020.jpg?resize=1050%2C600&ssl=1 3x"},"classes":[]},{"id":2286,"url":"https:\/\/www.pigrecoemme.com\/blog\/situazione-critica-6-la-webcritica-e-altre-storie\/","url_meta":{"origin":2238,"position":2},"title":"Situazione Critica #6: La webcritica e altre storie","author":"Pigrecoemme","date":"20 Novembre 2018","format":false,"excerpt":"Il sesto appuntamento di Situazione Critica \u2013 l\u2019iniziativa con la quale la scuola di cinema Pigrecoemme di Napoli festeggia il diciottesimo anno di attivit\u00e0 \u2013 si terr\u00e0 sabato 1 dicembre alle ore 16.30 e avr\u00e0 come ospiti tre giovani protagonisti della critica sul web: Matteo Berardini, Marco Compiani e Attilio\u2026","rel":"","context":"In &quot;Analisi e Critica&quot;","block_context":{"text":"Analisi e Critica","link":"https:\/\/www.pigrecoemme.com\/blog\/analisi-e-critica-2\/"},"img":{"alt_text":"Situazione Critica #6 - La webcritica e altre storie","src":"https:\/\/i0.wp.com\/www.pigrecoemme.com\/blog\/wp-content\/uploads\/2018\/11\/situazione-critica-6-1280x720-1024x536.jpg?resize=350%2C200","width":350,"height":200,"srcset":"https:\/\/i0.wp.com\/www.pigrecoemme.com\/blog\/wp-content\/uploads\/2018\/11\/situazione-critica-6-1280x720-1024x536.jpg?resize=350%2C200 1x, https:\/\/i0.wp.com\/www.pigrecoemme.com\/blog\/wp-content\/uploads\/2018\/11\/situazione-critica-6-1280x720-1024x536.jpg?resize=525%2C300 1.5x, https:\/\/i0.wp.com\/www.pigrecoemme.com\/blog\/wp-content\/uploads\/2018\/11\/situazione-critica-6-1280x720-1024x536.jpg?resize=700%2C400 2x"},"classes":[]},{"id":2642,"url":"https:\/\/www.pigrecoemme.com\/blog\/situazione-critica-online-gli-appuntamenti-del-2019\/","url_meta":{"origin":2238,"position":3},"title":"Situazione Critica: online gli appuntamenti del 2019","author":"Pigrecoemme","date":"4 Aprile 2020","format":false,"excerpt":"Dura stare a casa, eh? Beh, se siete appassionati di cinema (e forse lo siete, visto che state leggendo il nostro blog), potreste sciropparvi le millemila ore di registrazione video (e anche audio! Altrimenti non si capirebbe nulla, che diamine!) dei 5 appuntamenti di Situazione Critica organizzati nel 2019 dalla\u2026","rel":"","context":"In &quot;Analisi e Critica&quot;","block_context":{"text":"Analisi e Critica","link":"https:\/\/www.pigrecoemme.com\/blog\/analisi-e-critica-2\/"},"img":{"alt_text":"situazione critica","src":"https:\/\/i0.wp.com\/www.pigrecoemme.com\/blog\/wp-content\/uploads\/2020\/04\/situazione-critica.jpg?resize=350%2C200&ssl=1","width":350,"height":200,"srcset":"https:\/\/i0.wp.com\/www.pigrecoemme.com\/blog\/wp-content\/uploads\/2020\/04\/situazione-critica.jpg?resize=350%2C200&ssl=1 1x, https:\/\/i0.wp.com\/www.pigrecoemme.com\/blog\/wp-content\/uploads\/2020\/04\/situazione-critica.jpg?resize=525%2C300&ssl=1 1.5x, https:\/\/i0.wp.com\/www.pigrecoemme.com\/blog\/wp-content\/uploads\/2020\/04\/situazione-critica.jpg?resize=700%2C400&ssl=1 2x, https:\/\/i0.wp.com\/www.pigrecoemme.com\/blog\/wp-content\/uploads\/2020\/04\/situazione-critica.jpg?resize=1050%2C600&ssl=1 3x"},"classes":[]},{"id":2182,"url":"https:\/\/www.pigrecoemme.com\/blog\/situazione-critica-2-le-forme-dell-acqua-corrado-morra\/","url_meta":{"origin":2238,"position":4},"title":"Situazione critica #2: Le forme dell\u2019acqua. Il cinema come desiderio impossibile","author":"Giacomo Fabbrocino","date":"4 Giugno 2018","format":false,"excerpt":"La Scuola di Cinema Pigrecoemme celebra i suoi primi 18 anni con \u201cSituazione critica\u201d: una serie di incontri gratuiti e aperti a tutti sulla critica cinematografica e la promozione della settima arte. Il secondo appuntamento, con Corrado Morra, \u00e8 il 16 giugno 2018. Corrado Morra Il secondo incontro della rassegna\u2026","rel":"","context":"In &quot;Analisi e Critica&quot;","block_context":{"text":"Analisi e Critica","link":"https:\/\/www.pigrecoemme.com\/blog\/analisi-e-critica-2\/"},"img":{"alt_text":"Situazione critica 2","src":"https:\/\/i0.wp.com\/www.pigrecoemme.com\/blog\/wp-content\/uploads\/2018\/06\/situazione-critica-2-1920-1005.jpg?resize=350%2C200&ssl=1","width":350,"height":200,"srcset":"https:\/\/i0.wp.com\/www.pigrecoemme.com\/blog\/wp-content\/uploads\/2018\/06\/situazione-critica-2-1920-1005.jpg?resize=350%2C200&ssl=1 1x, https:\/\/i0.wp.com\/www.pigrecoemme.com\/blog\/wp-content\/uploads\/2018\/06\/situazione-critica-2-1920-1005.jpg?resize=525%2C300&ssl=1 1.5x, https:\/\/i0.wp.com\/www.pigrecoemme.com\/blog\/wp-content\/uploads\/2018\/06\/situazione-critica-2-1920-1005.jpg?resize=700%2C400&ssl=1 2x, https:\/\/i0.wp.com\/www.pigrecoemme.com\/blog\/wp-content\/uploads\/2018\/06\/situazione-critica-2-1920-1005.jpg?resize=1050%2C600&ssl=1 3x, https:\/\/i0.wp.com\/www.pigrecoemme.com\/blog\/wp-content\/uploads\/2018\/06\/situazione-critica-2-1920-1005.jpg?resize=1400%2C800&ssl=1 4x"},"classes":[]},{"id":3143,"url":"https:\/\/www.pigrecoemme.com\/blog\/seminario-online-weirdo-cinema\/","url_meta":{"origin":2238,"position":5},"title":"Seminario online: Weirdo Cinema, il cinema &#8220;strano&#8221;","author":"Pigrecoemme","date":"3 Marzo 2022","format":false,"excerpt":"Guida alle pellicole deragliate, deviate e devianti, in tre lezioni!(dal 22 marzo) l termine \u201cweird\u201d non \u00e8 traducibile semplicemente come strano. Come ci insegna Mark Fisher nel suo\u00a0The weird and the eerie. Lo strano e l'inquietante nel mondo contemporaneo\u00a0(in Italia edito da Minimum fax), \u00abha piuttosto a che vedere con\u2026","rel":"","context":"In &quot;Analisi e Critica&quot;","block_context":{"text":"Analisi e Critica","link":"https:\/\/www.pigrecoemme.com\/blog\/analisi-e-critica-2\/"},"img":{"alt_text":"","src":"https:\/\/i0.wp.com\/www.pigrecoemme.com\/img\/team\/rosario-gallone.jpg?resize=350%2C200&ssl=1","width":350,"height":200},"classes":[]}],"jetpack_featured_media_url":"","_links":{"self":[{"href":"https:\/\/www.pigrecoemme.com\/blog\/wp-json\/wp\/v2\/posts\/2238","targetHints":{"allow":["GET"]}}],"collection":[{"href":"https:\/\/www.pigrecoemme.com\/blog\/wp-json\/wp\/v2\/posts"}],"about":[{"href":"https:\/\/www.pigrecoemme.com\/blog\/wp-json\/wp\/v2\/types\/post"}],"author":[{"embeddable":true,"href":"https:\/\/www.pigrecoemme.com\/blog\/wp-json\/wp\/v2\/users\/4"}],"replies":[{"embeddable":true,"href":"https:\/\/www.pigrecoemme.com\/blog\/wp-json\/wp\/v2\/comments?post=2238"}],"version-history":[{"count":0,"href":"https:\/\/www.pigrecoemme.com\/blog\/wp-json\/wp\/v2\/posts\/2238\/revisions"}],"wp:attachment":[{"href":"https:\/\/www.pigrecoemme.com\/blog\/wp-json\/wp\/v2\/media?parent=2238"}],"wp:term":[{"taxonomy":"category","embeddable":true,"href":"https:\/\/www.pigrecoemme.com\/blog\/wp-json\/wp\/v2\/categories?post=2238"},{"taxonomy":"post_tag","embeddable":true,"href":"https:\/\/www.pigrecoemme.com\/blog\/wp-json\/wp\/v2\/tags?post=2238"}],"curies":[{"name":"wp","href":"https:\/\/api.w.org\/{rel}","templated":true}]}}