{"id":2229,"date":"2018-09-26T15:25:25","date_gmt":"2018-09-26T13:25:25","guid":{"rendered":"http:\/\/www.pigrecoemme.com\/blog\/?p=2229"},"modified":"2024-09-25T12:31:54","modified_gmt":"2024-09-25T10:31:54","slug":"i-nostri-allievi-al-napoli-film-festival-2018-e-un-docente-in-giuria","status":"publish","type":"post","link":"https:\/\/www.pigrecoemme.com\/blog\/i-nostri-allievi-al-napoli-film-festival-2018-e-un-docente-in-giuria\/","title":{"rendered":"I nostri allievi al Napoli Film Festival 2018 (e un docente in giuria)"},"content":{"rendered":"\n<figure class=\"wp-block-image aligncenter\"><a href=\"https:\/\/www.pigrecoemme.com\/blog\/i-nostri-allievi-al-napoli-film-festival-2018-e-un-docente-in-giuria\/\"><img data-recalc-dims=\"1\" loading=\"lazy\" decoding=\"async\" width=\"860\" height=\"327\" src=\"https:\/\/i0.wp.com\/www.pigrecoemme.com\/blog\/wp-content\/uploads\/2018\/09\/napoli-film-festival-2018.jpg?resize=860%2C327&#038;ssl=1\" alt=\"Napoli Film Festival 2018\" class=\"wp-image-2231\" srcset=\"https:\/\/i0.wp.com\/www.pigrecoemme.com\/blog\/wp-content\/uploads\/2018\/09\/napoli-film-festival-2018.jpg?w=900&amp;ssl=1 900w, https:\/\/i0.wp.com\/www.pigrecoemme.com\/blog\/wp-content\/uploads\/2018\/09\/napoli-film-festival-2018.jpg?resize=300%2C114&amp;ssl=1 300w, https:\/\/i0.wp.com\/www.pigrecoemme.com\/blog\/wp-content\/uploads\/2018\/09\/napoli-film-festival-2018.jpg?resize=768%2C292&amp;ssl=1 768w, https:\/\/i0.wp.com\/www.pigrecoemme.com\/blog\/wp-content\/uploads\/2018\/09\/napoli-film-festival-2018.jpg?resize=640%2C243&amp;ssl=1 640w\" sizes=\"auto, (max-width: 860px) 100vw, 860px\" \/><\/a><\/figure>\n\n\n\n<p class=\"wp-block-paragraph\">Giunto ormai alla ventesima edizione, il <a href=\"http:\/\/www.napolifilmfestival.com\/\" target=\"_blank\" rel=\"noopener\">Napoli Film Festival<\/a> \u00e8 un evento centrale della vita culturale napoletana, oltre ad essere riconosciuto a livello nazionale come evento particolarmente attento alle forme sperimentali del cinema, al cortometraggio, al documentario e alle produzioni indipendenti.<br \/>Anche quest&#8217;anno \u00e8 nutritissima la compagine di ex allievi della <a href=\"http:\/\/www.pigrecoemme.com\/\">Scuola di cinema Pigrecoemme<\/a>&nbsp; i cui lavori sono rientrati nella selezione ufficiale della kermesse organizzata dall&#8217;associazione&nbsp;Napolicinema.<\/p>\n\n\n\n<!--more-->\n\n\n\n<p class=\"wp-block-paragraph\">Giovanni Dota, che dopo il nostro <a href=\"http:\/\/www.pigrecoemme.com\/corsi\/scuola-di-cinema.htm\">corso Master<\/a> ha frequentato il Centro Sperimentale di Cinematografia, \u00e8 tra i favoriti col suo corto <em><a href=\"http:\/\/www.sicvenezia.it\/4696\/edizione-2018\/sicsic-2018\/fino-alla-fine\/\">Fino Alla Fine<\/a>.<\/em><\/p>\n\n\n\n<p class=\"wp-block-paragraph\">Marco Renda, gi\u00e0 autore del lungometraggio <a href=\"https:\/\/www.youtube.com\/watch?v=5rYpwttsswM\"><em>Edhel<\/em><\/a> (attualmente su Sky) firma, assieme ad Elena Starace, la regia di <a href=\"https:\/\/www.facebook.com\/associak\/videos\/803465576526762\/\"><em>Uccia<\/em><\/a>.<\/p>\n\n\n\n<p class=\"wp-block-paragraph\">Rossella Scialla e Federico Cappabianca, registi, rispettivamente di <a href=\"https:\/\/www.cinemaitaliano.info\/schermi\"><em>Schermi<\/em><\/a> e di Il <a href=\"https:\/\/vimeo.com\/245700218\"><em>Signor Acciaio<\/em><\/a> (con la fotografia di Daniele Cipr\u00ec), porteranno al festival due lavori molto diversi, ma accomunati da una visione fortemente personale e originale.<\/p>\n\n\n\n<p class=\"wp-block-paragraph\">Coraggioso e ben confezionato \u00e8 <a href=\"http:\/\/www.napolifilmfestival.com\/nff\/it\/node\/4899\" target=\"_blank\" rel=\"noopener\"><em>La gatta mammona<\/em><\/a>, primo corto del nostro ex allievo Paolo Cipoletta, ottimamente interpretato da Alessia Cinguegrana, Gianfranco Gallo e Andrea Grasso, ex allievo del nostro <a href=\"http:\/\/www.pigrecoemme.com\/corsi\/corso-recitazione-cinematografica.htm\">corso di recitazione<\/a>.<\/p>\n\n\n\n<p class=\"wp-block-paragraph\">Infine, sempre nella sezione Schermo Napoli Corti, concorre anche <a href=\"https:\/\/www.youtube.com\/watch?v=ZAG7u5B__sI\" target=\"_blank\" rel=\"noopener\">L&#8217;aria rossa<\/a>, del nostro ex allievo Andrea Bonelli, corto che non abbiamo ancora visto.<\/p>\n\n\n\n<p class=\"wp-block-paragraph\">Nella sezione videoclip concorrer\u00e0 il bel&nbsp;<a href=\"https:\/\/youtu.be\/RY_wbXW81Qw\"><em>Flow My Tears<\/em><\/a>, diretto&nbsp;&nbsp;per Nino Bruno e le 8 tracce dalla nostra ex allieva Elena de Candia, ormai nota regista di video musicali per molti gruppi della scena indie.<\/p>\n\n\n\n<p class=\"wp-block-paragraph\">Tre lavori di ex allievi della nostra scuola sono nella sezione Schermo Napoli Scuola:&nbsp; <em>Come fossero fantasmi<\/em> di Chiara Rigione,&nbsp;<em>Aloucs<\/em>&nbsp;diretto da Luca Sivestre (e Flavio Ricci) e&nbsp;<em>Sirena,<\/em> di Marinella Ioime.<\/p>\n\n\n\n<p class=\"wp-block-paragraph\">Ci fa anche piacere segnalarvi che il&nbsp; nostro docente e fondatore Rosario Gallone&nbsp;fa parte della giuria di SchermoNapoliDoc, la sezione competitiva del festival dedicata ai documentari, mentre&nbsp;un bel gruppo di allievi degli scorsi anni far\u00e0 parte della giuria che assegner\u00e0 il Vesuvio Award al miglior lungometraggio.<\/p>\n","protected":false},"excerpt":{"rendered":"<p>Giunto ormai alla ventesima edizione, il Napoli Film Festival \u00e8 un evento centrale della vita culturale napoletana, oltre ad essere riconosciuto a livello nazionale come evento particolarmente attento alle forme sperimentali del cinema, al&hellip;<\/p>\n","protected":false},"author":4,"featured_media":0,"comment_status":"open","ping_status":"open","sticky":false,"template":"","format":"standard","meta":{"_jetpack_newsletter_access":"","_jetpack_dont_email_post_to_subs":false,"_jetpack_newsletter_tier_id":0,"_jetpack_memberships_contains_paywalled_content":false,"_jetpack_feature_clip_id":0,"_jetpack_memberships_contains_paid_content":false,"footnotes":"","jetpack_post_was_ever_published":false},"categories":[1,731],"tags":[27,155],"class_list":["post-2229","post","type-post","status-publish","format-standard","hentry","category-generale","category-segnalazioni","tag-ex-allievi-di-pigrecoemme","tag-napoli-film-festival"],"yoast_head":"<!-- This site is optimized with the Yoast SEO plugin v28.3 - https:\/\/yoast.com\/product\/yoast-seo-wordpress\/ -->\n<title>I nostri allievi al Napoli Film Festival 2018 (e un docente in giuria)<\/title>\n<meta name=\"description\" content=\"Nutritissima la compagine di ex alliev i cui lavori sono nella selezione ufficiale della kermesse organizzata dall&#039;associazione\u00a0Napolicinema.\" \/>\n<meta name=\"robots\" content=\"index, follow, max-snippet:-1, max-image-preview:large, max-video-preview:-1\" \/>\n<link rel=\"canonical\" href=\"https:\/\/www.pigrecoemme.com\/blog\/i-nostri-allievi-al-napoli-film-festival-2018-e-un-docente-in-giuria\/\" \/>\n<meta property=\"og:locale\" content=\"it_IT\" \/>\n<meta property=\"og:type\" content=\"article\" \/>\n<meta property=\"og:title\" content=\"I nostri allievi al Napoli Film Festival 2018 (e un docente in giuria)\" \/>\n<meta property=\"og:description\" content=\"Nutritissima la compagine di ex alliev i cui lavori sono nella selezione ufficiale della kermesse organizzata dall&#039;associazione\u00a0Napolicinema.\" \/>\n<meta property=\"og:url\" content=\"https:\/\/www.pigrecoemme.com\/blog\/i-nostri-allievi-al-napoli-film-festival-2018-e-un-docente-in-giuria\/\" \/>\n<meta property=\"og:site_name\" content=\"Scuola di Cinema Pigrecoemme - Blog\" \/>\n<meta property=\"article:publisher\" content=\"https:\/\/www.facebook.com\/pigrecoemme\" \/>\n<meta property=\"article:author\" content=\"https:\/\/www.facebook.com\/pigrecoemme\" \/>\n<meta property=\"article:published_time\" content=\"2018-09-26T13:25:25+00:00\" \/>\n<meta property=\"article:modified_time\" content=\"2024-09-25T10:31:54+00:00\" \/>\n<meta property=\"og:image\" content=\"https:\/\/www.pigrecoemme.com\/blog\/wp-content\/uploads\/2018\/09\/napoli-film-festival-2018.jpg\" \/>\n\t<meta property=\"og:image:width\" content=\"900\" \/>\n\t<meta property=\"og:image:height\" content=\"342\" \/>\n\t<meta property=\"og:image:type\" content=\"image\/jpeg\" \/>\n<meta name=\"author\" content=\"Pigrecoemme\" \/>\n<meta name=\"twitter:card\" content=\"summary_large_image\" \/>\n<meta name=\"twitter:creator\" content=\"@Pigrecoemme\" \/>\n<meta name=\"twitter:site\" content=\"@Pigrecoemme\" \/>\n<meta name=\"twitter:label1\" content=\"Scritto da\" \/>\n\t<meta name=\"twitter:data1\" content=\"Pigrecoemme\" \/>\n\t<meta name=\"twitter:label2\" content=\"Tempo di lettura stimato\" \/>\n\t<meta name=\"twitter:data2\" content=\"2 minuti\" \/>\n<script type=\"application\/ld+json\" class=\"yoast-schema-graph\">{\"@context\":\"https:\\\/\\\/schema.org\",\"@graph\":[{\"@type\":[\"Article\",\"BlogPosting\"],\"@id\":\"https:\\\/\\\/www.pigrecoemme.com\\\/blog\\\/i-nostri-allievi-al-napoli-film-festival-2018-e-un-docente-in-giuria\\\/#article\",\"isPartOf\":{\"@id\":\"https:\\\/\\\/www.pigrecoemme.com\\\/blog\\\/i-nostri-allievi-al-napoli-film-festival-2018-e-un-docente-in-giuria\\\/\"},\"author\":{\"name\":\"Pigrecoemme\",\"@id\":\"https:\\\/\\\/www.pigrecoemme.com\\\/blog\\\/#\\\/schema\\\/person\\\/8996ab5bfa68cec611b330ae4a389d44\"},\"headline\":\"I nostri allievi al Napoli Film Festival 2018 (e un docente in giuria)\",\"datePublished\":\"2018-09-26T13:25:25+00:00\",\"dateModified\":\"2024-09-25T10:31:54+00:00\",\"mainEntityOfPage\":{\"@id\":\"https:\\\/\\\/www.pigrecoemme.com\\\/blog\\\/i-nostri-allievi-al-napoli-film-festival-2018-e-un-docente-in-giuria\\\/\"},\"wordCount\":343,\"commentCount\":0,\"publisher\":{\"@id\":\"https:\\\/\\\/www.pigrecoemme.com\\\/blog\\\/#organization\"},\"image\":{\"@id\":\"https:\\\/\\\/www.pigrecoemme.com\\\/blog\\\/i-nostri-allievi-al-napoli-film-festival-2018-e-un-docente-in-giuria\\\/#primaryimage\"},\"thumbnailUrl\":\"http:\\\/\\\/www.pigrecoemme.com\\\/blog\\\/wp-content\\\/uploads\\\/2018\\\/09\\\/napoli-film-festival-2018.jpg\",\"keywords\":[\"ex allievi di pigrecoemme\",\"napoli film festival\"],\"articleSection\":[\"Generale\",\"Segnalazioni\"],\"inLanguage\":\"it-IT\",\"potentialAction\":[{\"@type\":\"CommentAction\",\"name\":\"Comment\",\"target\":[\"https:\\\/\\\/www.pigrecoemme.com\\\/blog\\\/i-nostri-allievi-al-napoli-film-festival-2018-e-un-docente-in-giuria\\\/#respond\"]}]},{\"@type\":\"WebPage\",\"@id\":\"https:\\\/\\\/www.pigrecoemme.com\\\/blog\\\/i-nostri-allievi-al-napoli-film-festival-2018-e-un-docente-in-giuria\\\/\",\"url\":\"https:\\\/\\\/www.pigrecoemme.com\\\/blog\\\/i-nostri-allievi-al-napoli-film-festival-2018-e-un-docente-in-giuria\\\/\",\"name\":\"I nostri allievi al Napoli Film Festival 2018 (e un docente in giuria)\",\"isPartOf\":{\"@id\":\"https:\\\/\\\/www.pigrecoemme.com\\\/blog\\\/#website\"},\"primaryImageOfPage\":{\"@id\":\"https:\\\/\\\/www.pigrecoemme.com\\\/blog\\\/i-nostri-allievi-al-napoli-film-festival-2018-e-un-docente-in-giuria\\\/#primaryimage\"},\"image\":{\"@id\":\"https:\\\/\\\/www.pigrecoemme.com\\\/blog\\\/i-nostri-allievi-al-napoli-film-festival-2018-e-un-docente-in-giuria\\\/#primaryimage\"},\"thumbnailUrl\":\"http:\\\/\\\/www.pigrecoemme.com\\\/blog\\\/wp-content\\\/uploads\\\/2018\\\/09\\\/napoli-film-festival-2018.jpg\",\"datePublished\":\"2018-09-26T13:25:25+00:00\",\"dateModified\":\"2024-09-25T10:31:54+00:00\",\"description\":\"Nutritissima la compagine di ex alliev i cui lavori sono nella selezione ufficiale della kermesse organizzata dall'associazione\u00a0Napolicinema.\",\"breadcrumb\":{\"@id\":\"https:\\\/\\\/www.pigrecoemme.com\\\/blog\\\/i-nostri-allievi-al-napoli-film-festival-2018-e-un-docente-in-giuria\\\/#breadcrumb\"},\"inLanguage\":\"it-IT\",\"potentialAction\":[{\"@type\":\"ReadAction\",\"target\":[\"https:\\\/\\\/www.pigrecoemme.com\\\/blog\\\/i-nostri-allievi-al-napoli-film-festival-2018-e-un-docente-in-giuria\\\/\"]}]},{\"@type\":\"ImageObject\",\"inLanguage\":\"it-IT\",\"@id\":\"https:\\\/\\\/www.pigrecoemme.com\\\/blog\\\/i-nostri-allievi-al-napoli-film-festival-2018-e-un-docente-in-giuria\\\/#primaryimage\",\"url\":\"http:\\\/\\\/www.pigrecoemme.com\\\/blog\\\/wp-content\\\/uploads\\\/2018\\\/09\\\/napoli-film-festival-2018.jpg\",\"contentUrl\":\"http:\\\/\\\/www.pigrecoemme.com\\\/blog\\\/wp-content\\\/uploads\\\/2018\\\/09\\\/napoli-film-festival-2018.jpg\"},{\"@type\":\"BreadcrumbList\",\"@id\":\"https:\\\/\\\/www.pigrecoemme.com\\\/blog\\\/i-nostri-allievi-al-napoli-film-festival-2018-e-un-docente-in-giuria\\\/#breadcrumb\",\"itemListElement\":[{\"@type\":\"ListItem\",\"position\":1,\"name\":\"Home\",\"item\":\"https:\\\/\\\/www.pigrecoemme.com\\\/blog\\\/\"},{\"@type\":\"ListItem\",\"position\":2,\"name\":\"I nostri allievi al Napoli Film Festival 2018 (e un docente in giuria)\"}]},{\"@type\":\"WebSite\",\"@id\":\"https:\\\/\\\/www.pigrecoemme.com\\\/blog\\\/#website\",\"url\":\"https:\\\/\\\/www.pigrecoemme.com\\\/blog\\\/\",\"name\":\"Scuola di Cinema Pigrecoemme - Blog\",\"description\":\"Siamo la prima Scuola di Cinema e Fotografia di Napoli\",\"publisher\":{\"@id\":\"https:\\\/\\\/www.pigrecoemme.com\\\/blog\\\/#organization\"},\"potentialAction\":[{\"@type\":\"SearchAction\",\"target\":{\"@type\":\"EntryPoint\",\"urlTemplate\":\"https:\\\/\\\/www.pigrecoemme.com\\\/blog\\\/?s={search_term_string}\"},\"query-input\":{\"@type\":\"PropertyValueSpecification\",\"valueRequired\":true,\"valueName\":\"search_term_string\"}}],\"inLanguage\":\"it-IT\"},{\"@type\":\"Organization\",\"@id\":\"https:\\\/\\\/www.pigrecoemme.com\\\/blog\\\/#organization\",\"name\":\"Scuola di cinema e fotografia Pigrecoemme\",\"url\":\"https:\\\/\\\/www.pigrecoemme.com\\\/blog\\\/\",\"logo\":{\"@type\":\"ImageObject\",\"inLanguage\":\"it-IT\",\"@id\":\"https:\\\/\\\/www.pigrecoemme.com\\\/blog\\\/#\\\/schema\\\/logo\\\/image\\\/\",\"url\":\"https:\\\/\\\/i0.wp.com\\\/www.pigrecoemme.com\\\/blog\\\/wp-content\\\/uploads\\\/2018\\\/06\\\/logo-pigrecoemme-2018.png?fit=500%2C500&ssl=1\",\"contentUrl\":\"https:\\\/\\\/i0.wp.com\\\/www.pigrecoemme.com\\\/blog\\\/wp-content\\\/uploads\\\/2018\\\/06\\\/logo-pigrecoemme-2018.png?fit=500%2C500&ssl=1\",\"width\":500,\"height\":500,\"caption\":\"Scuola di cinema e fotografia Pigrecoemme\"},\"image\":{\"@id\":\"https:\\\/\\\/www.pigrecoemme.com\\\/blog\\\/#\\\/schema\\\/logo\\\/image\\\/\"},\"sameAs\":[\"https:\\\/\\\/www.facebook.com\\\/pigrecoemme\",\"https:\\\/\\\/x.com\\\/Pigrecoemme\",\"https:\\\/\\\/www.instagram.com\\\/pigrecoemme\\\/\",\"https:\\\/\\\/www.linkedin.com\\\/company\\\/pigrecoemme\\\/\",\"https:\\\/\\\/www.youtube.com\\\/pigrecoemme\"]},{\"@type\":\"Person\",\"@id\":\"https:\\\/\\\/www.pigrecoemme.com\\\/blog\\\/#\\\/schema\\\/person\\\/8996ab5bfa68cec611b330ae4a389d44\",\"name\":\"Pigrecoemme\",\"image\":{\"@type\":\"ImageObject\",\"inLanguage\":\"it-IT\",\"@id\":\"https:\\\/\\\/secure.gravatar.com\\\/avatar\\\/541a562fed7df6fa49262cb93f0f1135b8432ec77a1bc64fdb808f64f2a8287d?s=96&r=g\",\"url\":\"https:\\\/\\\/secure.gravatar.com\\\/avatar\\\/541a562fed7df6fa49262cb93f0f1135b8432ec77a1bc64fdb808f64f2a8287d?s=96&r=g\",\"contentUrl\":\"https:\\\/\\\/secure.gravatar.com\\\/avatar\\\/541a562fed7df6fa49262cb93f0f1135b8432ec77a1bc64fdb808f64f2a8287d?s=96&r=g\",\"caption\":\"Pigrecoemme\"},\"description\":\"Profilo redazionale. Pigrecoemme \u00e8 la prima scuola di cinema, televisione e fotografia di Napoli.\",\"sameAs\":[\"http:\\\/\\\/www.pigrecoemme.com\\\/\",\"https:\\\/\\\/www.facebook.com\\\/pigrecoemme\"],\"url\":\"https:\\\/\\\/www.pigrecoemme.com\\\/blog\\\/author\\\/pigrecoemme\\\/\"}]}<\/script>\n<!-- \/ Yoast SEO plugin. -->","yoast_head_json":{"title":"I nostri allievi al Napoli Film Festival 2018 (e un docente in giuria)","description":"Nutritissima la compagine di ex alliev i cui lavori sono nella selezione ufficiale della kermesse organizzata dall'associazione\u00a0Napolicinema.","robots":{"index":"index","follow":"follow","max-snippet":"max-snippet:-1","max-image-preview":"max-image-preview:large","max-video-preview":"max-video-preview:-1"},"canonical":"https:\/\/www.pigrecoemme.com\/blog\/i-nostri-allievi-al-napoli-film-festival-2018-e-un-docente-in-giuria\/","og_locale":"it_IT","og_type":"article","og_title":"I nostri allievi al Napoli Film Festival 2018 (e un docente in giuria)","og_description":"Nutritissima la compagine di ex alliev i cui lavori sono nella selezione ufficiale della kermesse organizzata dall'associazione\u00a0Napolicinema.","og_url":"https:\/\/www.pigrecoemme.com\/blog\/i-nostri-allievi-al-napoli-film-festival-2018-e-un-docente-in-giuria\/","og_site_name":"Scuola di Cinema Pigrecoemme - Blog","article_publisher":"https:\/\/www.facebook.com\/pigrecoemme","article_author":"https:\/\/www.facebook.com\/pigrecoemme","article_published_time":"2018-09-26T13:25:25+00:00","article_modified_time":"2024-09-25T10:31:54+00:00","og_image":[{"width":900,"height":342,"url":"https:\/\/www.pigrecoemme.com\/blog\/wp-content\/uploads\/2018\/09\/napoli-film-festival-2018.jpg","type":"image\/jpeg"}],"author":"Pigrecoemme","twitter_card":"summary_large_image","twitter_creator":"@Pigrecoemme","twitter_site":"@Pigrecoemme","twitter_misc":{"Scritto da":"Pigrecoemme","Tempo di lettura stimato":"2 minuti"},"schema":{"@context":"https:\/\/schema.org","@graph":[{"@type":["Article","BlogPosting"],"@id":"https:\/\/www.pigrecoemme.com\/blog\/i-nostri-allievi-al-napoli-film-festival-2018-e-un-docente-in-giuria\/#article","isPartOf":{"@id":"https:\/\/www.pigrecoemme.com\/blog\/i-nostri-allievi-al-napoli-film-festival-2018-e-un-docente-in-giuria\/"},"author":{"name":"Pigrecoemme","@id":"https:\/\/www.pigrecoemme.com\/blog\/#\/schema\/person\/8996ab5bfa68cec611b330ae4a389d44"},"headline":"I nostri allievi al Napoli Film Festival 2018 (e un docente in giuria)","datePublished":"2018-09-26T13:25:25+00:00","dateModified":"2024-09-25T10:31:54+00:00","mainEntityOfPage":{"@id":"https:\/\/www.pigrecoemme.com\/blog\/i-nostri-allievi-al-napoli-film-festival-2018-e-un-docente-in-giuria\/"},"wordCount":343,"commentCount":0,"publisher":{"@id":"https:\/\/www.pigrecoemme.com\/blog\/#organization"},"image":{"@id":"https:\/\/www.pigrecoemme.com\/blog\/i-nostri-allievi-al-napoli-film-festival-2018-e-un-docente-in-giuria\/#primaryimage"},"thumbnailUrl":"http:\/\/www.pigrecoemme.com\/blog\/wp-content\/uploads\/2018\/09\/napoli-film-festival-2018.jpg","keywords":["ex allievi di pigrecoemme","napoli film festival"],"articleSection":["Generale","Segnalazioni"],"inLanguage":"it-IT","potentialAction":[{"@type":"CommentAction","name":"Comment","target":["https:\/\/www.pigrecoemme.com\/blog\/i-nostri-allievi-al-napoli-film-festival-2018-e-un-docente-in-giuria\/#respond"]}]},{"@type":"WebPage","@id":"https:\/\/www.pigrecoemme.com\/blog\/i-nostri-allievi-al-napoli-film-festival-2018-e-un-docente-in-giuria\/","url":"https:\/\/www.pigrecoemme.com\/blog\/i-nostri-allievi-al-napoli-film-festival-2018-e-un-docente-in-giuria\/","name":"I nostri allievi al Napoli Film Festival 2018 (e un docente in giuria)","isPartOf":{"@id":"https:\/\/www.pigrecoemme.com\/blog\/#website"},"primaryImageOfPage":{"@id":"https:\/\/www.pigrecoemme.com\/blog\/i-nostri-allievi-al-napoli-film-festival-2018-e-un-docente-in-giuria\/#primaryimage"},"image":{"@id":"https:\/\/www.pigrecoemme.com\/blog\/i-nostri-allievi-al-napoli-film-festival-2018-e-un-docente-in-giuria\/#primaryimage"},"thumbnailUrl":"http:\/\/www.pigrecoemme.com\/blog\/wp-content\/uploads\/2018\/09\/napoli-film-festival-2018.jpg","datePublished":"2018-09-26T13:25:25+00:00","dateModified":"2024-09-25T10:31:54+00:00","description":"Nutritissima la compagine di ex alliev i cui lavori sono nella selezione ufficiale della kermesse organizzata dall'associazione\u00a0Napolicinema.","breadcrumb":{"@id":"https:\/\/www.pigrecoemme.com\/blog\/i-nostri-allievi-al-napoli-film-festival-2018-e-un-docente-in-giuria\/#breadcrumb"},"inLanguage":"it-IT","potentialAction":[{"@type":"ReadAction","target":["https:\/\/www.pigrecoemme.com\/blog\/i-nostri-allievi-al-napoli-film-festival-2018-e-un-docente-in-giuria\/"]}]},{"@type":"ImageObject","inLanguage":"it-IT","@id":"https:\/\/www.pigrecoemme.com\/blog\/i-nostri-allievi-al-napoli-film-festival-2018-e-un-docente-in-giuria\/#primaryimage","url":"http:\/\/www.pigrecoemme.com\/blog\/wp-content\/uploads\/2018\/09\/napoli-film-festival-2018.jpg","contentUrl":"http:\/\/www.pigrecoemme.com\/blog\/wp-content\/uploads\/2018\/09\/napoli-film-festival-2018.jpg"},{"@type":"BreadcrumbList","@id":"https:\/\/www.pigrecoemme.com\/blog\/i-nostri-allievi-al-napoli-film-festival-2018-e-un-docente-in-giuria\/#breadcrumb","itemListElement":[{"@type":"ListItem","position":1,"name":"Home","item":"https:\/\/www.pigrecoemme.com\/blog\/"},{"@type":"ListItem","position":2,"name":"I nostri allievi al Napoli Film Festival 2018 (e un docente in giuria)"}]},{"@type":"WebSite","@id":"https:\/\/www.pigrecoemme.com\/blog\/#website","url":"https:\/\/www.pigrecoemme.com\/blog\/","name":"Scuola di Cinema Pigrecoemme - Blog","description":"Siamo la prima Scuola di Cinema e Fotografia di Napoli","publisher":{"@id":"https:\/\/www.pigrecoemme.com\/blog\/#organization"},"potentialAction":[{"@type":"SearchAction","target":{"@type":"EntryPoint","urlTemplate":"https:\/\/www.pigrecoemme.com\/blog\/?s={search_term_string}"},"query-input":{"@type":"PropertyValueSpecification","valueRequired":true,"valueName":"search_term_string"}}],"inLanguage":"it-IT"},{"@type":"Organization","@id":"https:\/\/www.pigrecoemme.com\/blog\/#organization","name":"Scuola di cinema e fotografia Pigrecoemme","url":"https:\/\/www.pigrecoemme.com\/blog\/","logo":{"@type":"ImageObject","inLanguage":"it-IT","@id":"https:\/\/www.pigrecoemme.com\/blog\/#\/schema\/logo\/image\/","url":"https:\/\/i0.wp.com\/www.pigrecoemme.com\/blog\/wp-content\/uploads\/2018\/06\/logo-pigrecoemme-2018.png?fit=500%2C500&ssl=1","contentUrl":"https:\/\/i0.wp.com\/www.pigrecoemme.com\/blog\/wp-content\/uploads\/2018\/06\/logo-pigrecoemme-2018.png?fit=500%2C500&ssl=1","width":500,"height":500,"caption":"Scuola di cinema e fotografia Pigrecoemme"},"image":{"@id":"https:\/\/www.pigrecoemme.com\/blog\/#\/schema\/logo\/image\/"},"sameAs":["https:\/\/www.facebook.com\/pigrecoemme","https:\/\/x.com\/Pigrecoemme","https:\/\/www.instagram.com\/pigrecoemme\/","https:\/\/www.linkedin.com\/company\/pigrecoemme\/","https:\/\/www.youtube.com\/pigrecoemme"]},{"@type":"Person","@id":"https:\/\/www.pigrecoemme.com\/blog\/#\/schema\/person\/8996ab5bfa68cec611b330ae4a389d44","name":"Pigrecoemme","image":{"@type":"ImageObject","inLanguage":"it-IT","@id":"https:\/\/secure.gravatar.com\/avatar\/541a562fed7df6fa49262cb93f0f1135b8432ec77a1bc64fdb808f64f2a8287d?s=96&r=g","url":"https:\/\/secure.gravatar.com\/avatar\/541a562fed7df6fa49262cb93f0f1135b8432ec77a1bc64fdb808f64f2a8287d?s=96&r=g","contentUrl":"https:\/\/secure.gravatar.com\/avatar\/541a562fed7df6fa49262cb93f0f1135b8432ec77a1bc64fdb808f64f2a8287d?s=96&r=g","caption":"Pigrecoemme"},"description":"Profilo redazionale. Pigrecoemme \u00e8 la prima scuola di cinema, televisione e fotografia di Napoli.","sameAs":["http:\/\/www.pigrecoemme.com\/","https:\/\/www.facebook.com\/pigrecoemme"],"url":"https:\/\/www.pigrecoemme.com\/blog\/author\/pigrecoemme\/"}]}},"jetpack_sharing_enabled":true,"jetpack_likes_enabled":true,"jetpack-related-posts":[{"id":2485,"url":"https:\/\/www.pigrecoemme.com\/blog\/pigrecoemme-al-napoli-film-festival-2019\/","url_meta":{"origin":2229,"position":0},"title":"Tris di Pigrecoemme al Napoli Film Festival 2019.","author":"Pigrecoemme","date":"19 Settembre 2019","format":false,"excerpt":"La Pigrecoemme \u00e8 presente al Napoli Film Festival 2019 con tre produzioni, tutte realizzate coinvolgendo allievi ed ex allievi. Flavioh - Tributo a Flavio Bucci Di questo documentario vi abbiamo gi\u00e0 parlato nel corso dell'ultimo anno: presentato alla Festa del cinema di Roma il 20 ottobre del 2018, il film\u2026","rel":"","context":"In &quot;Generale&quot;","block_context":{"text":"Generale","link":"https:\/\/www.pigrecoemme.com\/blog\/generale\/"},"img":{"alt_text":"Napoli Film Festival 2019","src":"https:\/\/i0.wp.com\/www.pigrecoemme.com\/blog\/wp-content\/uploads\/2019\/09\/napoli-film-festival-2019-pigrecoemme.jpg?resize=350%2C200","width":350,"height":200,"srcset":"https:\/\/i0.wp.com\/www.pigrecoemme.com\/blog\/wp-content\/uploads\/2019\/09\/napoli-film-festival-2019-pigrecoemme.jpg?resize=350%2C200 1x, https:\/\/i0.wp.com\/www.pigrecoemme.com\/blog\/wp-content\/uploads\/2019\/09\/napoli-film-festival-2019-pigrecoemme.jpg?resize=525%2C300 1.5x, https:\/\/i0.wp.com\/www.pigrecoemme.com\/blog\/wp-content\/uploads\/2019\/09\/napoli-film-festival-2019-pigrecoemme.jpg?resize=700%2C400 2x, https:\/\/i0.wp.com\/www.pigrecoemme.com\/blog\/wp-content\/uploads\/2019\/09\/napoli-film-festival-2019-pigrecoemme.jpg?resize=1050%2C600 3x, https:\/\/i0.wp.com\/www.pigrecoemme.com\/blog\/wp-content\/uploads\/2019\/09\/napoli-film-festival-2019-pigrecoemme.jpg?resize=1400%2C800 4x"},"classes":[]},{"id":127,"url":"https:\/\/www.pigrecoemme.com\/blog\/un-passo-indetro-in-concorso-al-festival-o-curt\/","url_meta":{"origin":2229,"position":1},"title":"Un passo indetro in concorso al festival &#8216;O Curt","author":"Corrado Morra","date":"11 Febbraio 2009","format":false,"excerpt":"Un passo indietro, il cortometraggio realizzato dagli allievi dell'ultimo corso annuale della Scuola di cinema Pigrecoemme, \u00e8 in concorso all'XI edizione del festival del cortometraggio 'O Curt. Il film, diretto da Marco Pugliese, \u00e8 cos\u00ec tra i 27 titoli selezionati tra le oltre trecento opere brevi, provenienti dall\u2019Italia e dall\u2019estero,\u2026","rel":"","context":"In &quot;Eventi&quot;","block_context":{"text":"Eventi","link":"https:\/\/www.pigrecoemme.com\/blog\/eventi\/"},"img":{"alt_text":"","src":"https:\/\/i0.wp.com\/www.pigrecoemme.com\/blog\/wp-content\/uploads\/2009\/02\/un_passo_indietro.jpg?resize=350%2C200","width":350,"height":200},"classes":[]},{"id":242,"url":"https:\/\/www.pigrecoemme.com\/blog\/la-fine-al-napoli-film-festival\/","url_meta":{"origin":2229,"position":2},"title":"La Fine al Napoli Film Festival","author":"Giacomo Fabbrocino","date":"24 Maggio 2010","format":false,"excerpt":"Il cortometraggio \"La Fine\", realizzato come esercitazione finale dagli allievi del corso annuale 2008\/2009 della Scuola di Cinema Pigrecoemme, \u00a0\u00e8 stato ammesso di diritto al concorso SchermoNapoli 2010 del Napoli Film Festival. La proiezione \u00e8 prevista per luned\u00ec 7 giugno alle ore 16.00 a Castel Sant'Elmo.","rel":"","context":"In &quot;Produzioni&quot;","block_context":{"text":"Produzioni","link":"https:\/\/www.pigrecoemme.com\/blog\/produzioni\/"},"img":{"alt_text":"","src":"","width":0,"height":0},"classes":[]},{"id":688,"url":"https:\/\/www.pigrecoemme.com\/blog\/pigrecoemme-al-napoli-film-festival-2013\/","url_meta":{"origin":2229,"position":3},"title":"Pigrecoemme al Napoli Film Festival 2013","author":"Giacomo Fabbrocino","date":"4 Settembre 2013","format":false,"excerpt":"Anche quest'anno, al Napoli Film Festival, \u00e8 di tutto rispetto la presenza di nostri ex allievi e di produzioni che ci vedono a vario titolo coinvolti. Il documentario Ero un Re di Antonio Longo, gi\u00e0 premiato due anni fa al festival partenopeo per Midnight Bingo, \u00e8 in concorso nella sezione\u00a0SchermoNapoli\u2026","rel":"","context":"In &quot;Eventi&quot;","block_context":{"text":"Eventi","link":"https:\/\/www.pigrecoemme.com\/blog\/eventi\/"},"img":{"alt_text":"","src":"https:\/\/i0.wp.com\/www.pigrecoemme.com\/blog\/wp-content\/uploads\/2013\/09\/napoli-film-festival-2013.jpg?resize=350%2C200","width":350,"height":200},"classes":[]},{"id":431,"url":"https:\/\/www.pigrecoemme.com\/blog\/ex-allievi-di-pigrecoemme-che-ottengono-ottimi-risultati\/","url_meta":{"origin":2229,"position":4},"title":"Ex allievi di Pigrecoemme che ottengono ottimi risultati!","author":"Giacomo Fabbrocino","date":"2 Novembre 2011","format":false,"excerpt":"Immodestamente dovremmo dire che ci siamo abituati, ma in realt\u00e0 siamo sempre contenti quando succede che i nostri ex allievi si distinguano. Di qualche giorno fa \u00e8 la notizia che Fulvio Sacco, che da noi ha studiato recitazione e che forse avete visto interpretare Gaetano in Satanism for Dummies, \u00e8\u2026","rel":"","context":"In &quot;Generale&quot;","block_context":{"text":"Generale","link":"https:\/\/www.pigrecoemme.com\/blog\/generale\/"},"img":{"alt_text":"Fulvio Sacco","src":"https:\/\/i0.wp.com\/www.pigrecoemme.com\/blog\/wp-content\/uploads\/2011\/11\/fulvuio-sacco-212x300.jpg?resize=350%2C200","width":350,"height":200},"classes":[]},{"id":86,"url":"https:\/\/www.pigrecoemme.com\/blog\/successo-a-stoccolma-per-un-passo-indietro-il-corto-realizzato-dagli-allievi-del-corso-master-20072008\/","url_meta":{"origin":2229,"position":5},"title":"Successo a Stoccolma per &#8216;Un passo indietro&#8217;, il corto realizzato dagli allievi del corso master 2007\/2008","author":"Giacomo Fabbrocino","date":"3 Ottobre 2008","format":false,"excerpt":"E' stato pubblicato oggi dal quotidiano Roma un articolo a piena pagina sulla presentazione, avvenuta due giorni fa al Festival del Cinema Italiano di Stoccolma, di \"Un passo indietro\", il cortometraggio realizzato dai partecipanti al corso master 2007\/2008 della Scuola di cinema Pigrecoemme. Il nostro allievo Marco Pugliese, che del\u2026","rel":"","context":"In &quot;Produzioni&quot;","block_context":{"text":"Produzioni","link":"https:\/\/www.pigrecoemme.com\/blog\/produzioni\/"},"img":{"alt_text":"","src":"https:\/\/i0.wp.com\/www.pigrecoemme.com\/blog\/wp-content\/uploads\/2008\/10\/articolomarco-pugliese-stoccolma-150x150.jpg?resize=350%2C200","width":350,"height":200},"classes":[]}],"jetpack_featured_media_url":"","_links":{"self":[{"href":"https:\/\/www.pigrecoemme.com\/blog\/wp-json\/wp\/v2\/posts\/2229","targetHints":{"allow":["GET"]}}],"collection":[{"href":"https:\/\/www.pigrecoemme.com\/blog\/wp-json\/wp\/v2\/posts"}],"about":[{"href":"https:\/\/www.pigrecoemme.com\/blog\/wp-json\/wp\/v2\/types\/post"}],"author":[{"embeddable":true,"href":"https:\/\/www.pigrecoemme.com\/blog\/wp-json\/wp\/v2\/users\/4"}],"replies":[{"embeddable":true,"href":"https:\/\/www.pigrecoemme.com\/blog\/wp-json\/wp\/v2\/comments?post=2229"}],"version-history":[{"count":1,"href":"https:\/\/www.pigrecoemme.com\/blog\/wp-json\/wp\/v2\/posts\/2229\/revisions"}],"predecessor-version":[{"id":3696,"href":"https:\/\/www.pigrecoemme.com\/blog\/wp-json\/wp\/v2\/posts\/2229\/revisions\/3696"}],"wp:attachment":[{"href":"https:\/\/www.pigrecoemme.com\/blog\/wp-json\/wp\/v2\/media?parent=2229"}],"wp:term":[{"taxonomy":"category","embeddable":true,"href":"https:\/\/www.pigrecoemme.com\/blog\/wp-json\/wp\/v2\/categories?post=2229"},{"taxonomy":"post_tag","embeddable":true,"href":"https:\/\/www.pigrecoemme.com\/blog\/wp-json\/wp\/v2\/tags?post=2229"}],"curies":[{"name":"wp","href":"https:\/\/api.w.org\/{rel}","templated":true}]}}