{"id":2215,"date":"2018-09-13T19:44:38","date_gmt":"2018-09-13T17:44:38","guid":{"rendered":"http:\/\/www.pigrecoemme.com\/blog\/?p=2215"},"modified":"2025-04-17T01:34:31","modified_gmt":"2025-04-16T23:34:31","slug":"open-day-alla-pigrecoemme-il-20-settembre-presentazione-del-corso-di-fotografia","status":"publish","type":"post","link":"https:\/\/www.pigrecoemme.com\/blog\/open-day-alla-pigrecoemme-il-20-settembre-presentazione-del-corso-di-fotografia\/","title":{"rendered":"Open day alla Pigrecoemme il 20 settembre: presentazione del corso di fotografia"},"content":{"rendered":"\n<figure class=\"wp-block-image size-full\"><img data-recalc-dims=\"1\" loading=\"lazy\" decoding=\"async\" width=\"860\" height=\"449\" src=\"https:\/\/i0.wp.com\/www.pigrecoemme.com\/blog\/wp-content\/uploads\/2025\/04\/corso-di-fotografia-napoli-presentazione.jpg?resize=860%2C449&#038;ssl=1\" alt=\"\" class=\"wp-image-3762\" srcset=\"https:\/\/i0.wp.com\/www.pigrecoemme.com\/blog\/wp-content\/uploads\/2025\/04\/corso-di-fotografia-napoli-presentazione.jpg?w=900&amp;ssl=1 900w, https:\/\/i0.wp.com\/www.pigrecoemme.com\/blog\/wp-content\/uploads\/2025\/04\/corso-di-fotografia-napoli-presentazione.jpg?resize=300%2C157&amp;ssl=1 300w, https:\/\/i0.wp.com\/www.pigrecoemme.com\/blog\/wp-content\/uploads\/2025\/04\/corso-di-fotografia-napoli-presentazione.jpg?resize=768%2C401&amp;ssl=1 768w\" sizes=\"auto, (max-width: 860px) 100vw, 860px\" \/><\/figure>\n\n\n\n<p class=\"wp-block-paragraph\">La ricerca in ambito fotografico \u00e8 fondamentale, a maggior ragione quando si ha bisogno costante di nuovi stimoli da riportare nell&#8217;attivit\u00e0 didattica.<\/p>\n\n\n\n<h2 id=\"non-solo-una-presentazione-del-corso-ma-anche-unesperienza-fotografica\" class=\"wp-block-heading\"><strong>NON SOLO UNA PRESENTAZIONE DEL CORSO, MA ANCHE UN\u2019ESPERIENZA FOTOGRAFICA.<\/strong><\/h2>\n\n\n\n<p class=\"wp-block-paragraph\">L&#8217;evento a cui abbiamo pensato, a margine della presentazione del <a href=\"http:\/\/www.pigrecoemme.com\/corso-fotografia\/corso-di-fotografia-2.htm\">corso di fotografia 2018\/2019<\/a> targato Pigrecoemme e condotto da <a href=\"http:\/\/www.pigrecoemme.com\/corso-fotografia\/michele-salvezza.php\">Michele Salvezza<\/a>, va proprio in questa direzione. Parleremo della natura e dell&#8217;identit\u00e0 dei corsi che abbiamo in mente e il docente si presenter\u00e0 e rester\u00e0 a disposizione per rispondere a domande e curiosit\u00e0.<br \/>Ma oltre a questo abbiamo deciso di offrire ai presenti una vera esperienza fotografica dal vivo: utilizzeremo tutti gli strumenti a disposizione e dalla fotografia analogica arriveremo fino a quella social di Instagram, senza alcuna discriminazione, alla ricerca di immagini nuove. &nbsp;Come diceva qualcuno, il mondo non ha bisogno di dogmi ma di libera ricerca.<\/p>\n\n\n\n<!--more-->\n\n\n\n<h2 id=\"cosa-faremo\" class=\"wp-block-heading\">COSA FAREMO?<\/h2>\n\n\n\n<p class=\"wp-block-paragraph\">Il docente esporr\u00e0 un progetto personale, uno studio su \u201cAdamo ed Eva\u201d, che vede coinvolta anche l&#8217;artista Romina Bracchi, chiamata ad elaborare gli scatti precedentemente stampati in camera oscura attraverso l&#8217;utilizzo di tecniche miste.<\/p>\n\n\n\n<p class=\"wp-block-paragraph\">L&#8217;ambizione \u00e8 quella di cercare di mettere in comunicazione la fotografia analogica, la pittura, la fotografia digitale e quella social.<\/p>\n\n\n\n<p class=\"wp-block-paragraph\">Gli autori inoltre realizzeranno dei ritratti dei presenti e dopo averli stampati li trasformeranno utilizzando gli strumenti della pittura; infine attraverso la fotografia digitale condivideranno il risultato della ricerca online, operando una ulteriore trasformazione.<\/p>\n\n\n\n<figure class=\"wp-block-image size-large\"><img data-recalc-dims=\"1\" decoding=\"async\" src=\"https:\/\/i0.wp.com\/www.pigrecoemme.com\/blog\/wp-content\/uploads\/2018\/09\/corso-di-fotografia-napoli-presentazione.jpg?w=860&#038;ssl=1\" alt=\"\"\/><\/figure>\n\n\n\n<figure class=\"wp-block-gallery has-nested-images columns-3 is-cropped wp-block-gallery-1 is-layout-flex wp-block-gallery-is-layout-flex\">\n<figure class=\"wp-block-image size-large\"><a href=\"https:\/\/i0.wp.com\/www.pigrecoemme.com\/blog\/wp-content\/uploads\/2018\/09\/presentazione-corso-di-fotografia-5.jpg?ssl=1\"><img data-recalc-dims=\"1\" loading=\"lazy\" decoding=\"async\" width=\"860\" height=\"860\" data-id=\"2217\" src=\"https:\/\/i0.wp.com\/www.pigrecoemme.com\/blog\/wp-content\/uploads\/2018\/09\/presentazione-corso-di-fotografia-5.jpg?resize=860%2C860&#038;ssl=1\" alt=\"\" class=\"wp-image-2217\" srcset=\"https:\/\/i0.wp.com\/www.pigrecoemme.com\/blog\/wp-content\/uploads\/2018\/09\/presentazione-corso-di-fotografia-5.jpg?w=960&amp;ssl=1 960w, https:\/\/i0.wp.com\/www.pigrecoemme.com\/blog\/wp-content\/uploads\/2018\/09\/presentazione-corso-di-fotografia-5.jpg?resize=150%2C150&amp;ssl=1 150w, https:\/\/i0.wp.com\/www.pigrecoemme.com\/blog\/wp-content\/uploads\/2018\/09\/presentazione-corso-di-fotografia-5.jpg?resize=300%2C300&amp;ssl=1 300w, https:\/\/i0.wp.com\/www.pigrecoemme.com\/blog\/wp-content\/uploads\/2018\/09\/presentazione-corso-di-fotografia-5.jpg?resize=768%2C768&amp;ssl=1 768w, https:\/\/i0.wp.com\/www.pigrecoemme.com\/blog\/wp-content\/uploads\/2018\/09\/presentazione-corso-di-fotografia-5.jpg?resize=65%2C65&amp;ssl=1 65w, https:\/\/i0.wp.com\/www.pigrecoemme.com\/blog\/wp-content\/uploads\/2018\/09\/presentazione-corso-di-fotografia-5.jpg?resize=640%2C640&amp;ssl=1 640w\" sizes=\"auto, (max-width: 860px) 100vw, 860px\" \/><\/a><\/figure>\n\n\n\n<figure class=\"wp-block-image size-large\"><a href=\"https:\/\/i0.wp.com\/www.pigrecoemme.com\/blog\/wp-content\/uploads\/2018\/09\/presentazione-corso-di-fotografia-1.jpg?ssl=1\"><img data-recalc-dims=\"1\" loading=\"lazy\" decoding=\"async\" width=\"720\" height=\"960\" data-id=\"2218\" src=\"https:\/\/i0.wp.com\/www.pigrecoemme.com\/blog\/wp-content\/uploads\/2018\/09\/presentazione-corso-di-fotografia-1.jpg?resize=720%2C960&#038;ssl=1\" alt=\"\" class=\"wp-image-2218\" srcset=\"https:\/\/i0.wp.com\/www.pigrecoemme.com\/blog\/wp-content\/uploads\/2018\/09\/presentazione-corso-di-fotografia-1.jpg?w=720&amp;ssl=1 720w, https:\/\/i0.wp.com\/www.pigrecoemme.com\/blog\/wp-content\/uploads\/2018\/09\/presentazione-corso-di-fotografia-1.jpg?resize=225%2C300&amp;ssl=1 225w, https:\/\/i0.wp.com\/www.pigrecoemme.com\/blog\/wp-content\/uploads\/2018\/09\/presentazione-corso-di-fotografia-1.jpg?resize=640%2C853&amp;ssl=1 640w\" sizes=\"auto, (max-width: 720px) 100vw, 720px\" \/><\/a><\/figure>\n\n\n\n<figure class=\"wp-block-image size-large\"><a href=\"https:\/\/i0.wp.com\/www.pigrecoemme.com\/blog\/wp-content\/uploads\/2018\/09\/presentazione-corso-di-fotografia-2.jpg?ssl=1\"><img data-recalc-dims=\"1\" loading=\"lazy\" decoding=\"async\" width=\"860\" height=\"860\" data-id=\"2219\" src=\"https:\/\/i0.wp.com\/www.pigrecoemme.com\/blog\/wp-content\/uploads\/2018\/09\/presentazione-corso-di-fotografia-2.jpg?resize=860%2C860&#038;ssl=1\" alt=\"\" class=\"wp-image-2219\" srcset=\"https:\/\/i0.wp.com\/www.pigrecoemme.com\/blog\/wp-content\/uploads\/2018\/09\/presentazione-corso-di-fotografia-2.jpg?resize=1024%2C1024&amp;ssl=1 1024w, https:\/\/i0.wp.com\/www.pigrecoemme.com\/blog\/wp-content\/uploads\/2018\/09\/presentazione-corso-di-fotografia-2.jpg?resize=150%2C150&amp;ssl=1 150w, https:\/\/i0.wp.com\/www.pigrecoemme.com\/blog\/wp-content\/uploads\/2018\/09\/presentazione-corso-di-fotografia-2.jpg?resize=300%2C300&amp;ssl=1 300w, https:\/\/i0.wp.com\/www.pigrecoemme.com\/blog\/wp-content\/uploads\/2018\/09\/presentazione-corso-di-fotografia-2.jpg?resize=768%2C768&amp;ssl=1 768w, https:\/\/i0.wp.com\/www.pigrecoemme.com\/blog\/wp-content\/uploads\/2018\/09\/presentazione-corso-di-fotografia-2.jpg?resize=65%2C65&amp;ssl=1 65w, https:\/\/i0.wp.com\/www.pigrecoemme.com\/blog\/wp-content\/uploads\/2018\/09\/presentazione-corso-di-fotografia-2.jpg?resize=640%2C640&amp;ssl=1 640w, https:\/\/i0.wp.com\/www.pigrecoemme.com\/blog\/wp-content\/uploads\/2018\/09\/presentazione-corso-di-fotografia-2.jpg?w=1080&amp;ssl=1 1080w\" sizes=\"auto, (max-width: 860px) 100vw, 860px\" \/><\/a><\/figure>\n\n\n\n<figure class=\"wp-block-image size-large\"><a href=\"https:\/\/i0.wp.com\/www.pigrecoemme.com\/blog\/wp-content\/uploads\/2018\/09\/presentazione-corso-di-fotografia-3.jpg?ssl=1\"><img data-recalc-dims=\"1\" loading=\"lazy\" decoding=\"async\" width=\"860\" height=\"859\" data-id=\"2220\" src=\"https:\/\/i0.wp.com\/www.pigrecoemme.com\/blog\/wp-content\/uploads\/2018\/09\/presentazione-corso-di-fotografia-3.jpg?resize=860%2C859&#038;ssl=1\" alt=\"\" class=\"wp-image-2220\" srcset=\"https:\/\/i0.wp.com\/www.pigrecoemme.com\/blog\/wp-content\/uploads\/2018\/09\/presentazione-corso-di-fotografia-3.jpg?w=960&amp;ssl=1 960w, https:\/\/i0.wp.com\/www.pigrecoemme.com\/blog\/wp-content\/uploads\/2018\/09\/presentazione-corso-di-fotografia-3.jpg?resize=150%2C150&amp;ssl=1 150w, https:\/\/i0.wp.com\/www.pigrecoemme.com\/blog\/wp-content\/uploads\/2018\/09\/presentazione-corso-di-fotografia-3.jpg?resize=300%2C300&amp;ssl=1 300w, https:\/\/i0.wp.com\/www.pigrecoemme.com\/blog\/wp-content\/uploads\/2018\/09\/presentazione-corso-di-fotografia-3.jpg?resize=768%2C767&amp;ssl=1 768w, https:\/\/i0.wp.com\/www.pigrecoemme.com\/blog\/wp-content\/uploads\/2018\/09\/presentazione-corso-di-fotografia-3.jpg?resize=65%2C65&amp;ssl=1 65w, https:\/\/i0.wp.com\/www.pigrecoemme.com\/blog\/wp-content\/uploads\/2018\/09\/presentazione-corso-di-fotografia-3.jpg?resize=640%2C639&amp;ssl=1 640w\" sizes=\"auto, (max-width: 860px) 100vw, 860px\" \/><\/a><\/figure>\n\n\n\n<figure class=\"wp-block-image size-large\"><a href=\"https:\/\/i0.wp.com\/www.pigrecoemme.com\/blog\/wp-content\/uploads\/2018\/09\/presentazione-corso-di-fotografia-4.jpg?ssl=1\"><img data-recalc-dims=\"1\" loading=\"lazy\" decoding=\"async\" width=\"860\" height=\"430\" data-id=\"2221\" src=\"https:\/\/i0.wp.com\/www.pigrecoemme.com\/blog\/wp-content\/uploads\/2018\/09\/presentazione-corso-di-fotografia-4.jpg?resize=860%2C430&#038;ssl=1\" alt=\"\" class=\"wp-image-2221\" srcset=\"https:\/\/i0.wp.com\/www.pigrecoemme.com\/blog\/wp-content\/uploads\/2018\/09\/presentazione-corso-di-fotografia-4.jpg?resize=1024%2C512&amp;ssl=1 1024w, https:\/\/i0.wp.com\/www.pigrecoemme.com\/blog\/wp-content\/uploads\/2018\/09\/presentazione-corso-di-fotografia-4.jpg?resize=300%2C150&amp;ssl=1 300w, https:\/\/i0.wp.com\/www.pigrecoemme.com\/blog\/wp-content\/uploads\/2018\/09\/presentazione-corso-di-fotografia-4.jpg?resize=768%2C384&amp;ssl=1 768w, https:\/\/i0.wp.com\/www.pigrecoemme.com\/blog\/wp-content\/uploads\/2018\/09\/presentazione-corso-di-fotografia-4.jpg?resize=640%2C320&amp;ssl=1 640w, https:\/\/i0.wp.com\/www.pigrecoemme.com\/blog\/wp-content\/uploads\/2018\/09\/presentazione-corso-di-fotografia-4.jpg?w=1200&amp;ssl=1 1200w\" sizes=\"auto, (max-width: 860px) 100vw, 860px\" \/><\/a><\/figure>\n<\/figure>\n\n\n\n<h2 id=\"dove-e-quando\" class=\"wp-block-heading\">DOVE E QUANDO?<\/h2>\n\n\n\n<p class=\"wp-block-paragraph\">L\u2019incontro avr\u00e0 luogo gioved\u00ec 20 settembre 2018, dalle 15:00 alle 19:00, presso la sede della Scuola di cinema e fotografia Pigrecoemme (Piazza Portanova 11, Napoli).<\/p>\n\n\n\n<h2 id=\"come-partecipare-agli-incontri\" class=\"wp-block-heading\">COME PARTECIPARE AGLI INCONTRI<\/h2>\n\n\n\n<p class=\"wp-block-paragraph\">Fino a esaurimento posti l\u2019ingresso \u00e8 gratuito.<br \/>\u00c8 gradita la prenotazione al numero 081 5635188.<\/p>\n","protected":false},"excerpt":{"rendered":"<p>La ricerca in ambito fotografico \u00e8 fondamentale, a maggior ragione quando si ha bisogno costante di nuovi stimoli da riportare nell&#8217;attivit\u00e0 didattica. NON SOLO UNA PRESENTAZIONE DEL CORSO, MA ANCHE UN\u2019ESPERIENZA FOTOGRAFICA. L&#8217;evento a&hellip;<\/p>\n","protected":false},"author":4,"featured_media":3762,"comment_status":"open","ping_status":"open","sticky":false,"template":"","format":"standard","meta":{"_jetpack_newsletter_access":"","_jetpack_dont_email_post_to_subs":false,"_jetpack_newsletter_tier_id":0,"_jetpack_memberships_contains_paywalled_content":false,"_jetpack_feature_clip_id":0,"_jetpack_memberships_contains_paid_content":false,"footnotes":"","jetpack_post_was_ever_published":false},"categories":[21,1,1523],"tags":[1283,617],"class_list":["post-2215","post","type-post","status-publish","format-standard","has-post-thumbnail","hentry","category-fotografia","category-generale","category-incontri-fotografici","tag-fotografia","tag-michele-salvezza"],"yoast_head":"<!-- This site is optimized with the Yoast SEO plugin v28.3 - https:\/\/yoast.com\/product\/yoast-seo-wordpress\/ -->\n<title>Open Day: presentazione del corso di fotografia il 20 settembre<\/title>\n<meta name=\"description\" content=\"Fino a esaurimento posti l\u2019ingresso \u00e8 gratuito. \u00c8 gradita la prenotazione al numero 081 5635188.\" \/>\n<meta name=\"robots\" content=\"index, follow, max-snippet:-1, max-image-preview:large, max-video-preview:-1\" \/>\n<link rel=\"canonical\" href=\"https:\/\/www.pigrecoemme.com\/blog\/open-day-alla-pigrecoemme-il-20-settembre-presentazione-del-corso-di-fotografia\/\" \/>\n<meta property=\"og:locale\" content=\"it_IT\" \/>\n<meta property=\"og:type\" content=\"article\" \/>\n<meta property=\"og:title\" content=\"Open Day: presentazione del corso di fotografia il 20 settembre\" \/>\n<meta property=\"og:description\" content=\"Fino a esaurimento posti l\u2019ingresso \u00e8 gratuito. \u00c8 gradita la prenotazione al numero 081 5635188.\" \/>\n<meta property=\"og:url\" content=\"https:\/\/www.pigrecoemme.com\/blog\/open-day-alla-pigrecoemme-il-20-settembre-presentazione-del-corso-di-fotografia\/\" \/>\n<meta property=\"og:site_name\" content=\"Scuola di Cinema Pigrecoemme - Blog\" \/>\n<meta property=\"article:publisher\" content=\"https:\/\/www.facebook.com\/pigrecoemme\" \/>\n<meta property=\"article:author\" content=\"https:\/\/www.facebook.com\/pigrecoemme\" \/>\n<meta property=\"article:published_time\" content=\"2018-09-13T17:44:38+00:00\" \/>\n<meta property=\"article:modified_time\" content=\"2025-04-16T23:34:31+00:00\" \/>\n<meta property=\"og:image\" content=\"https:\/\/www.pigrecoemme.com\/blog\/wp-content\/uploads\/2018\/09\/corso-di-fotografia-napoli-presentazione.jpg\" \/>\n\t<meta property=\"og:image:width\" content=\"900\" \/>\n\t<meta property=\"og:image:height\" content=\"470\" \/>\n\t<meta property=\"og:image:type\" content=\"image\/jpeg\" \/>\n<meta name=\"author\" content=\"Pigrecoemme\" \/>\n<meta name=\"twitter:card\" content=\"summary_large_image\" \/>\n<meta name=\"twitter:creator\" content=\"@Pigrecoemme\" \/>\n<meta name=\"twitter:site\" content=\"@Pigrecoemme\" \/>\n<meta name=\"twitter:label1\" content=\"Scritto da\" \/>\n\t<meta name=\"twitter:data1\" content=\"Pigrecoemme\" \/>\n\t<meta name=\"twitter:label2\" content=\"Tempo di lettura stimato\" \/>\n\t<meta name=\"twitter:data2\" content=\"4 minuti\" \/>\n<script type=\"application\/ld+json\" class=\"yoast-schema-graph\">{\"@context\":\"https:\\\/\\\/schema.org\",\"@graph\":[{\"@type\":[\"Article\",\"BlogPosting\"],\"@id\":\"https:\\\/\\\/www.pigrecoemme.com\\\/blog\\\/open-day-alla-pigrecoemme-il-20-settembre-presentazione-del-corso-di-fotografia\\\/#article\",\"isPartOf\":{\"@id\":\"https:\\\/\\\/www.pigrecoemme.com\\\/blog\\\/open-day-alla-pigrecoemme-il-20-settembre-presentazione-del-corso-di-fotografia\\\/\"},\"author\":{\"name\":\"Pigrecoemme\",\"@id\":\"https:\\\/\\\/www.pigrecoemme.com\\\/blog\\\/#\\\/schema\\\/person\\\/8996ab5bfa68cec611b330ae4a389d44\"},\"headline\":\"Open day alla Pigrecoemme il 20 settembre: presentazione del corso di fotografia\",\"datePublished\":\"2018-09-13T17:44:38+00:00\",\"dateModified\":\"2025-04-16T23:34:31+00:00\",\"mainEntityOfPage\":{\"@id\":\"https:\\\/\\\/www.pigrecoemme.com\\\/blog\\\/open-day-alla-pigrecoemme-il-20-settembre-presentazione-del-corso-di-fotografia\\\/\"},\"wordCount\":285,\"commentCount\":0,\"publisher\":{\"@id\":\"https:\\\/\\\/www.pigrecoemme.com\\\/blog\\\/#organization\"},\"image\":{\"@id\":\"https:\\\/\\\/www.pigrecoemme.com\\\/blog\\\/open-day-alla-pigrecoemme-il-20-settembre-presentazione-del-corso-di-fotografia\\\/#primaryimage\"},\"thumbnailUrl\":\"https:\\\/\\\/i0.wp.com\\\/www.pigrecoemme.com\\\/blog\\\/wp-content\\\/uploads\\\/2025\\\/04\\\/corso-di-fotografia-napoli-presentazione.jpg?fit=900%2C470&ssl=1\",\"keywords\":[\"fotografia\",\"Michele Salvezza\"],\"articleSection\":[\"Fotografia\",\"Generale\",\"Incontri fotografici\"],\"inLanguage\":\"it-IT\",\"potentialAction\":[{\"@type\":\"CommentAction\",\"name\":\"Comment\",\"target\":[\"https:\\\/\\\/www.pigrecoemme.com\\\/blog\\\/open-day-alla-pigrecoemme-il-20-settembre-presentazione-del-corso-di-fotografia\\\/#respond\"]}]},{\"@type\":\"WebPage\",\"@id\":\"https:\\\/\\\/www.pigrecoemme.com\\\/blog\\\/open-day-alla-pigrecoemme-il-20-settembre-presentazione-del-corso-di-fotografia\\\/\",\"url\":\"https:\\\/\\\/www.pigrecoemme.com\\\/blog\\\/open-day-alla-pigrecoemme-il-20-settembre-presentazione-del-corso-di-fotografia\\\/\",\"name\":\"Open Day: presentazione del corso di fotografia il 20 settembre\",\"isPartOf\":{\"@id\":\"https:\\\/\\\/www.pigrecoemme.com\\\/blog\\\/#website\"},\"primaryImageOfPage\":{\"@id\":\"https:\\\/\\\/www.pigrecoemme.com\\\/blog\\\/open-day-alla-pigrecoemme-il-20-settembre-presentazione-del-corso-di-fotografia\\\/#primaryimage\"},\"image\":{\"@id\":\"https:\\\/\\\/www.pigrecoemme.com\\\/blog\\\/open-day-alla-pigrecoemme-il-20-settembre-presentazione-del-corso-di-fotografia\\\/#primaryimage\"},\"thumbnailUrl\":\"https:\\\/\\\/i0.wp.com\\\/www.pigrecoemme.com\\\/blog\\\/wp-content\\\/uploads\\\/2025\\\/04\\\/corso-di-fotografia-napoli-presentazione.jpg?fit=900%2C470&ssl=1\",\"datePublished\":\"2018-09-13T17:44:38+00:00\",\"dateModified\":\"2025-04-16T23:34:31+00:00\",\"description\":\"Fino a esaurimento posti l\u2019ingresso \u00e8 gratuito. \u00c8 gradita la prenotazione al numero 081 5635188.\",\"breadcrumb\":{\"@id\":\"https:\\\/\\\/www.pigrecoemme.com\\\/blog\\\/open-day-alla-pigrecoemme-il-20-settembre-presentazione-del-corso-di-fotografia\\\/#breadcrumb\"},\"inLanguage\":\"it-IT\",\"potentialAction\":[{\"@type\":\"ReadAction\",\"target\":[\"https:\\\/\\\/www.pigrecoemme.com\\\/blog\\\/open-day-alla-pigrecoemme-il-20-settembre-presentazione-del-corso-di-fotografia\\\/\"]}]},{\"@type\":\"ImageObject\",\"inLanguage\":\"it-IT\",\"@id\":\"https:\\\/\\\/www.pigrecoemme.com\\\/blog\\\/open-day-alla-pigrecoemme-il-20-settembre-presentazione-del-corso-di-fotografia\\\/#primaryimage\",\"url\":\"https:\\\/\\\/i0.wp.com\\\/www.pigrecoemme.com\\\/blog\\\/wp-content\\\/uploads\\\/2025\\\/04\\\/corso-di-fotografia-napoli-presentazione.jpg?fit=900%2C470&ssl=1\",\"contentUrl\":\"https:\\\/\\\/i0.wp.com\\\/www.pigrecoemme.com\\\/blog\\\/wp-content\\\/uploads\\\/2025\\\/04\\\/corso-di-fotografia-napoli-presentazione.jpg?fit=900%2C470&ssl=1\",\"width\":900,\"height\":470},{\"@type\":\"BreadcrumbList\",\"@id\":\"https:\\\/\\\/www.pigrecoemme.com\\\/blog\\\/open-day-alla-pigrecoemme-il-20-settembre-presentazione-del-corso-di-fotografia\\\/#breadcrumb\",\"itemListElement\":[{\"@type\":\"ListItem\",\"position\":1,\"name\":\"Home\",\"item\":\"https:\\\/\\\/www.pigrecoemme.com\\\/blog\\\/\"},{\"@type\":\"ListItem\",\"position\":2,\"name\":\"Open day alla Pigrecoemme il 20 settembre: presentazione del corso di fotografia\"}]},{\"@type\":\"WebSite\",\"@id\":\"https:\\\/\\\/www.pigrecoemme.com\\\/blog\\\/#website\",\"url\":\"https:\\\/\\\/www.pigrecoemme.com\\\/blog\\\/\",\"name\":\"Scuola di Cinema Pigrecoemme - Blog\",\"description\":\"Siamo la prima Scuola di Cinema e Fotografia di Napoli\",\"publisher\":{\"@id\":\"https:\\\/\\\/www.pigrecoemme.com\\\/blog\\\/#organization\"},\"potentialAction\":[{\"@type\":\"SearchAction\",\"target\":{\"@type\":\"EntryPoint\",\"urlTemplate\":\"https:\\\/\\\/www.pigrecoemme.com\\\/blog\\\/?s={search_term_string}\"},\"query-input\":{\"@type\":\"PropertyValueSpecification\",\"valueRequired\":true,\"valueName\":\"search_term_string\"}}],\"inLanguage\":\"it-IT\"},{\"@type\":\"Organization\",\"@id\":\"https:\\\/\\\/www.pigrecoemme.com\\\/blog\\\/#organization\",\"name\":\"Scuola di cinema e fotografia Pigrecoemme\",\"url\":\"https:\\\/\\\/www.pigrecoemme.com\\\/blog\\\/\",\"logo\":{\"@type\":\"ImageObject\",\"inLanguage\":\"it-IT\",\"@id\":\"https:\\\/\\\/www.pigrecoemme.com\\\/blog\\\/#\\\/schema\\\/logo\\\/image\\\/\",\"url\":\"https:\\\/\\\/i0.wp.com\\\/www.pigrecoemme.com\\\/blog\\\/wp-content\\\/uploads\\\/2018\\\/06\\\/logo-pigrecoemme-2018.png?fit=500%2C500&ssl=1\",\"contentUrl\":\"https:\\\/\\\/i0.wp.com\\\/www.pigrecoemme.com\\\/blog\\\/wp-content\\\/uploads\\\/2018\\\/06\\\/logo-pigrecoemme-2018.png?fit=500%2C500&ssl=1\",\"width\":500,\"height\":500,\"caption\":\"Scuola di cinema e fotografia Pigrecoemme\"},\"image\":{\"@id\":\"https:\\\/\\\/www.pigrecoemme.com\\\/blog\\\/#\\\/schema\\\/logo\\\/image\\\/\"},\"sameAs\":[\"https:\\\/\\\/www.facebook.com\\\/pigrecoemme\",\"https:\\\/\\\/x.com\\\/Pigrecoemme\",\"https:\\\/\\\/www.instagram.com\\\/pigrecoemme\\\/\",\"https:\\\/\\\/www.linkedin.com\\\/company\\\/pigrecoemme\\\/\",\"https:\\\/\\\/www.youtube.com\\\/pigrecoemme\"]},{\"@type\":\"Person\",\"@id\":\"https:\\\/\\\/www.pigrecoemme.com\\\/blog\\\/#\\\/schema\\\/person\\\/8996ab5bfa68cec611b330ae4a389d44\",\"name\":\"Pigrecoemme\",\"image\":{\"@type\":\"ImageObject\",\"inLanguage\":\"it-IT\",\"@id\":\"https:\\\/\\\/secure.gravatar.com\\\/avatar\\\/541a562fed7df6fa49262cb93f0f1135b8432ec77a1bc64fdb808f64f2a8287d?s=96&r=g\",\"url\":\"https:\\\/\\\/secure.gravatar.com\\\/avatar\\\/541a562fed7df6fa49262cb93f0f1135b8432ec77a1bc64fdb808f64f2a8287d?s=96&r=g\",\"contentUrl\":\"https:\\\/\\\/secure.gravatar.com\\\/avatar\\\/541a562fed7df6fa49262cb93f0f1135b8432ec77a1bc64fdb808f64f2a8287d?s=96&r=g\",\"caption\":\"Pigrecoemme\"},\"description\":\"Profilo redazionale. Pigrecoemme \u00e8 la prima scuola di cinema, televisione e fotografia di Napoli.\",\"sameAs\":[\"http:\\\/\\\/www.pigrecoemme.com\\\/\",\"https:\\\/\\\/www.facebook.com\\\/pigrecoemme\"],\"url\":\"https:\\\/\\\/www.pigrecoemme.com\\\/blog\\\/author\\\/pigrecoemme\\\/\"}]}<\/script>\n<!-- \/ Yoast SEO plugin. -->","yoast_head_json":{"title":"Open Day: presentazione del corso di fotografia il 20 settembre","description":"Fino a esaurimento posti l\u2019ingresso \u00e8 gratuito. \u00c8 gradita la prenotazione al numero 081 5635188.","robots":{"index":"index","follow":"follow","max-snippet":"max-snippet:-1","max-image-preview":"max-image-preview:large","max-video-preview":"max-video-preview:-1"},"canonical":"https:\/\/www.pigrecoemme.com\/blog\/open-day-alla-pigrecoemme-il-20-settembre-presentazione-del-corso-di-fotografia\/","og_locale":"it_IT","og_type":"article","og_title":"Open Day: presentazione del corso di fotografia il 20 settembre","og_description":"Fino a esaurimento posti l\u2019ingresso \u00e8 gratuito. \u00c8 gradita la prenotazione al numero 081 5635188.","og_url":"https:\/\/www.pigrecoemme.com\/blog\/open-day-alla-pigrecoemme-il-20-settembre-presentazione-del-corso-di-fotografia\/","og_site_name":"Scuola di Cinema Pigrecoemme - Blog","article_publisher":"https:\/\/www.facebook.com\/pigrecoemme","article_author":"https:\/\/www.facebook.com\/pigrecoemme","article_published_time":"2018-09-13T17:44:38+00:00","article_modified_time":"2025-04-16T23:34:31+00:00","og_image":[{"width":900,"height":470,"url":"https:\/\/www.pigrecoemme.com\/blog\/wp-content\/uploads\/2018\/09\/corso-di-fotografia-napoli-presentazione.jpg","type":"image\/jpeg"}],"author":"Pigrecoemme","twitter_card":"summary_large_image","twitter_creator":"@Pigrecoemme","twitter_site":"@Pigrecoemme","twitter_misc":{"Scritto da":"Pigrecoemme","Tempo di lettura stimato":"4 minuti"},"schema":{"@context":"https:\/\/schema.org","@graph":[{"@type":["Article","BlogPosting"],"@id":"https:\/\/www.pigrecoemme.com\/blog\/open-day-alla-pigrecoemme-il-20-settembre-presentazione-del-corso-di-fotografia\/#article","isPartOf":{"@id":"https:\/\/www.pigrecoemme.com\/blog\/open-day-alla-pigrecoemme-il-20-settembre-presentazione-del-corso-di-fotografia\/"},"author":{"name":"Pigrecoemme","@id":"https:\/\/www.pigrecoemme.com\/blog\/#\/schema\/person\/8996ab5bfa68cec611b330ae4a389d44"},"headline":"Open day alla Pigrecoemme il 20 settembre: presentazione del corso di fotografia","datePublished":"2018-09-13T17:44:38+00:00","dateModified":"2025-04-16T23:34:31+00:00","mainEntityOfPage":{"@id":"https:\/\/www.pigrecoemme.com\/blog\/open-day-alla-pigrecoemme-il-20-settembre-presentazione-del-corso-di-fotografia\/"},"wordCount":285,"commentCount":0,"publisher":{"@id":"https:\/\/www.pigrecoemme.com\/blog\/#organization"},"image":{"@id":"https:\/\/www.pigrecoemme.com\/blog\/open-day-alla-pigrecoemme-il-20-settembre-presentazione-del-corso-di-fotografia\/#primaryimage"},"thumbnailUrl":"https:\/\/i0.wp.com\/www.pigrecoemme.com\/blog\/wp-content\/uploads\/2025\/04\/corso-di-fotografia-napoli-presentazione.jpg?fit=900%2C470&ssl=1","keywords":["fotografia","Michele Salvezza"],"articleSection":["Fotografia","Generale","Incontri fotografici"],"inLanguage":"it-IT","potentialAction":[{"@type":"CommentAction","name":"Comment","target":["https:\/\/www.pigrecoemme.com\/blog\/open-day-alla-pigrecoemme-il-20-settembre-presentazione-del-corso-di-fotografia\/#respond"]}]},{"@type":"WebPage","@id":"https:\/\/www.pigrecoemme.com\/blog\/open-day-alla-pigrecoemme-il-20-settembre-presentazione-del-corso-di-fotografia\/","url":"https:\/\/www.pigrecoemme.com\/blog\/open-day-alla-pigrecoemme-il-20-settembre-presentazione-del-corso-di-fotografia\/","name":"Open Day: presentazione del corso di fotografia il 20 settembre","isPartOf":{"@id":"https:\/\/www.pigrecoemme.com\/blog\/#website"},"primaryImageOfPage":{"@id":"https:\/\/www.pigrecoemme.com\/blog\/open-day-alla-pigrecoemme-il-20-settembre-presentazione-del-corso-di-fotografia\/#primaryimage"},"image":{"@id":"https:\/\/www.pigrecoemme.com\/blog\/open-day-alla-pigrecoemme-il-20-settembre-presentazione-del-corso-di-fotografia\/#primaryimage"},"thumbnailUrl":"https:\/\/i0.wp.com\/www.pigrecoemme.com\/blog\/wp-content\/uploads\/2025\/04\/corso-di-fotografia-napoli-presentazione.jpg?fit=900%2C470&ssl=1","datePublished":"2018-09-13T17:44:38+00:00","dateModified":"2025-04-16T23:34:31+00:00","description":"Fino a esaurimento posti l\u2019ingresso \u00e8 gratuito. \u00c8 gradita la prenotazione al numero 081 5635188.","breadcrumb":{"@id":"https:\/\/www.pigrecoemme.com\/blog\/open-day-alla-pigrecoemme-il-20-settembre-presentazione-del-corso-di-fotografia\/#breadcrumb"},"inLanguage":"it-IT","potentialAction":[{"@type":"ReadAction","target":["https:\/\/www.pigrecoemme.com\/blog\/open-day-alla-pigrecoemme-il-20-settembre-presentazione-del-corso-di-fotografia\/"]}]},{"@type":"ImageObject","inLanguage":"it-IT","@id":"https:\/\/www.pigrecoemme.com\/blog\/open-day-alla-pigrecoemme-il-20-settembre-presentazione-del-corso-di-fotografia\/#primaryimage","url":"https:\/\/i0.wp.com\/www.pigrecoemme.com\/blog\/wp-content\/uploads\/2025\/04\/corso-di-fotografia-napoli-presentazione.jpg?fit=900%2C470&ssl=1","contentUrl":"https:\/\/i0.wp.com\/www.pigrecoemme.com\/blog\/wp-content\/uploads\/2025\/04\/corso-di-fotografia-napoli-presentazione.jpg?fit=900%2C470&ssl=1","width":900,"height":470},{"@type":"BreadcrumbList","@id":"https:\/\/www.pigrecoemme.com\/blog\/open-day-alla-pigrecoemme-il-20-settembre-presentazione-del-corso-di-fotografia\/#breadcrumb","itemListElement":[{"@type":"ListItem","position":1,"name":"Home","item":"https:\/\/www.pigrecoemme.com\/blog\/"},{"@type":"ListItem","position":2,"name":"Open day alla Pigrecoemme il 20 settembre: presentazione del corso di fotografia"}]},{"@type":"WebSite","@id":"https:\/\/www.pigrecoemme.com\/blog\/#website","url":"https:\/\/www.pigrecoemme.com\/blog\/","name":"Scuola di Cinema Pigrecoemme - Blog","description":"Siamo la prima Scuola di Cinema e Fotografia di Napoli","publisher":{"@id":"https:\/\/www.pigrecoemme.com\/blog\/#organization"},"potentialAction":[{"@type":"SearchAction","target":{"@type":"EntryPoint","urlTemplate":"https:\/\/www.pigrecoemme.com\/blog\/?s={search_term_string}"},"query-input":{"@type":"PropertyValueSpecification","valueRequired":true,"valueName":"search_term_string"}}],"inLanguage":"it-IT"},{"@type":"Organization","@id":"https:\/\/www.pigrecoemme.com\/blog\/#organization","name":"Scuola di cinema e fotografia Pigrecoemme","url":"https:\/\/www.pigrecoemme.com\/blog\/","logo":{"@type":"ImageObject","inLanguage":"it-IT","@id":"https:\/\/www.pigrecoemme.com\/blog\/#\/schema\/logo\/image\/","url":"https:\/\/i0.wp.com\/www.pigrecoemme.com\/blog\/wp-content\/uploads\/2018\/06\/logo-pigrecoemme-2018.png?fit=500%2C500&ssl=1","contentUrl":"https:\/\/i0.wp.com\/www.pigrecoemme.com\/blog\/wp-content\/uploads\/2018\/06\/logo-pigrecoemme-2018.png?fit=500%2C500&ssl=1","width":500,"height":500,"caption":"Scuola di cinema e fotografia Pigrecoemme"},"image":{"@id":"https:\/\/www.pigrecoemme.com\/blog\/#\/schema\/logo\/image\/"},"sameAs":["https:\/\/www.facebook.com\/pigrecoemme","https:\/\/x.com\/Pigrecoemme","https:\/\/www.instagram.com\/pigrecoemme\/","https:\/\/www.linkedin.com\/company\/pigrecoemme\/","https:\/\/www.youtube.com\/pigrecoemme"]},{"@type":"Person","@id":"https:\/\/www.pigrecoemme.com\/blog\/#\/schema\/person\/8996ab5bfa68cec611b330ae4a389d44","name":"Pigrecoemme","image":{"@type":"ImageObject","inLanguage":"it-IT","@id":"https:\/\/secure.gravatar.com\/avatar\/541a562fed7df6fa49262cb93f0f1135b8432ec77a1bc64fdb808f64f2a8287d?s=96&r=g","url":"https:\/\/secure.gravatar.com\/avatar\/541a562fed7df6fa49262cb93f0f1135b8432ec77a1bc64fdb808f64f2a8287d?s=96&r=g","contentUrl":"https:\/\/secure.gravatar.com\/avatar\/541a562fed7df6fa49262cb93f0f1135b8432ec77a1bc64fdb808f64f2a8287d?s=96&r=g","caption":"Pigrecoemme"},"description":"Profilo redazionale. Pigrecoemme \u00e8 la prima scuola di cinema, televisione e fotografia di Napoli.","sameAs":["http:\/\/www.pigrecoemme.com\/","https:\/\/www.facebook.com\/pigrecoemme"],"url":"https:\/\/www.pigrecoemme.com\/blog\/author\/pigrecoemme\/"}]}},"jetpack_sharing_enabled":true,"jetpack_likes_enabled":true,"jetpack-related-posts":[{"id":2772,"url":"https:\/\/www.pigrecoemme.com\/blog\/rivedi-la-presentazione-del-corso-online-di-fotografia\/","url_meta":{"origin":2215,"position":0},"title":"Rivedi la presentazione del corso online di fotografia","author":"Pigrecoemme","date":"30 Maggio 2020","format":false,"excerpt":"Il corso online di fotografia riparte il 4 giugno (qui tutte le informazioni). Qui potete rivedere la presentazione del corso che abbiamo fatto in live streaming su Facebook. Purtroppo la piattaforma di Mark Zuckerberg ha fatto un po' i capricci, e lo streaming si \u00e8 interrotto, quindi la presentazione \u00e8\u2026","rel":"","context":"In &quot;Fotografia&quot;","block_context":{"text":"Fotografia","link":"https:\/\/www.pigrecoemme.com\/blog\/fotografia\/"},"img":{"alt_text":"","src":"","width":0,"height":0},"classes":[]},{"id":3013,"url":"https:\/\/www.pigrecoemme.com\/blog\/il-corso-di-fotografia-riparte-il-4-giugno-2021\/","url_meta":{"origin":2215,"position":1},"title":"Il corso di fotografia riparte il 4 giugno 2021","author":"Pigrecoemme","date":"17 Maggio 2021","format":false,"excerpt":"Il corso di fotografia condotto da Michele Salvezza torna - in presenza - dal 4 giugno 2021. In questa edizione sar\u00e0 possibile partecipare solo ai primi due moduli, ma il modulo dedicato alla camera oscura e quello su Photoshop torneranno, dopo l'estate. A chi si rivolge questo corso di fotografia?\u2026","rel":"","context":"In &quot;Fotografia&quot;","block_context":{"text":"Fotografia","link":"https:\/\/www.pigrecoemme.com\/blog\/fotografia\/"},"img":{"alt_text":"corso di fotografia a napoli","src":"https:\/\/i0.wp.com\/www.pigrecoemme.com\/blog\/wp-content\/uploads\/2021\/05\/corso-di-fotografia-a-napoli.jpg?resize=350%2C200&ssl=1","width":350,"height":200,"srcset":"https:\/\/i0.wp.com\/www.pigrecoemme.com\/blog\/wp-content\/uploads\/2021\/05\/corso-di-fotografia-a-napoli.jpg?resize=350%2C200&ssl=1 1x, https:\/\/i0.wp.com\/www.pigrecoemme.com\/blog\/wp-content\/uploads\/2021\/05\/corso-di-fotografia-a-napoli.jpg?resize=525%2C300&ssl=1 1.5x, https:\/\/i0.wp.com\/www.pigrecoemme.com\/blog\/wp-content\/uploads\/2021\/05\/corso-di-fotografia-a-napoli.jpg?resize=700%2C400&ssl=1 2x, https:\/\/i0.wp.com\/www.pigrecoemme.com\/blog\/wp-content\/uploads\/2021\/05\/corso-di-fotografia-a-napoli.jpg?resize=1050%2C600&ssl=1 3x, https:\/\/i0.wp.com\/www.pigrecoemme.com\/blog\/wp-content\/uploads\/2021\/05\/corso-di-fotografia-a-napoli.jpg?resize=1400%2C800&ssl=1 4x"},"classes":[]},{"id":3705,"url":"https:\/\/www.pigrecoemme.com\/blog\/michele-rosiello-alla-presentazione-del-corso-di-recitazione-il-9-ottobre\/","url_meta":{"origin":2215,"position":2},"title":"Michele Rosiello alla presentazione del corso di recitazione il 9 ottobre.","author":"Pigrecoemme","date":"2 Ottobre 2024","format":false,"excerpt":"Mercoled\u00ec 9 ottobre 2024, alle 17:00 presso la sede della Scuola di Cinema Pigrecoemme in Piazza Portanova 11 a Napoli sar\u00e0 presentato il nuovo corso di recitazione 2024\/2025. In compagnia di Angelo Serio, coordinatore del percorso formativo, ci sar\u00e0 l\u2019attore (ed ex allievo della Pigrecoemme) Michele Rosiello, uno degli gli\u2026","rel":"","context":"In &quot;Generale&quot;","block_context":{"text":"Generale","link":"https:\/\/www.pigrecoemme.com\/blog\/generale\/"},"img":{"alt_text":"","src":"https:\/\/i0.wp.com\/www.pigrecoemme.com\/blog\/wp-content\/uploads\/2024\/10\/michele-rosiello-presentazione.jpg?resize=350%2C200&ssl=1","width":350,"height":200,"srcset":"https:\/\/i0.wp.com\/www.pigrecoemme.com\/blog\/wp-content\/uploads\/2024\/10\/michele-rosiello-presentazione.jpg?resize=350%2C200&ssl=1 1x, https:\/\/i0.wp.com\/www.pigrecoemme.com\/blog\/wp-content\/uploads\/2024\/10\/michele-rosiello-presentazione.jpg?resize=525%2C300&ssl=1 1.5x, https:\/\/i0.wp.com\/www.pigrecoemme.com\/blog\/wp-content\/uploads\/2024\/10\/michele-rosiello-presentazione.jpg?resize=700%2C400&ssl=1 2x, https:\/\/i0.wp.com\/www.pigrecoemme.com\/blog\/wp-content\/uploads\/2024\/10\/michele-rosiello-presentazione.jpg?resize=1050%2C600&ssl=1 3x"},"classes":[]},{"id":2397,"url":"https:\/\/www.pigrecoemme.com\/blog\/mostra-fotografica-santa-fede-rivelata\/","url_meta":{"origin":2215,"position":3},"title":"13 aprile: mostra fotografica Santa Fede Rivelata","author":"Pigrecoemme","date":"11 Aprile 2019","format":false,"excerpt":"Durante il corso di fotografia alla Pigrecoemme, abbiamo deciso di trasformare le canoniche uscite con la fotocamera in un vero e proprio piccolo progetto fotografico, tornando pi\u00f9 volte nello stesso luogo per esplorarlo attraverso la fotografia. Il luogo prescelto \u00e8 l'Oratorio di Santa Maria della Fede che originariamente fu pensato\u2026","rel":"","context":"In &quot;Eventi&quot;","block_context":{"text":"Eventi","link":"https:\/\/www.pigrecoemme.com\/blog\/eventi\/"},"img":{"alt_text":"mostra fotografica a napoli","src":"https:\/\/i0.wp.com\/www.pigrecoemme.com\/blog\/wp-content\/uploads\/2019\/04\/mostra-fotografica-napoli.jpg?resize=350%2C200","width":350,"height":200,"srcset":"https:\/\/i0.wp.com\/www.pigrecoemme.com\/blog\/wp-content\/uploads\/2019\/04\/mostra-fotografica-napoli.jpg?resize=350%2C200 1x, https:\/\/i0.wp.com\/www.pigrecoemme.com\/blog\/wp-content\/uploads\/2019\/04\/mostra-fotografica-napoli.jpg?resize=525%2C300 1.5x, https:\/\/i0.wp.com\/www.pigrecoemme.com\/blog\/wp-content\/uploads\/2019\/04\/mostra-fotografica-napoli.jpg?resize=700%2C400 2x, https:\/\/i0.wp.com\/www.pigrecoemme.com\/blog\/wp-content\/uploads\/2019\/04\/mostra-fotografica-napoli.jpg?resize=1050%2C600 3x, https:\/\/i0.wp.com\/www.pigrecoemme.com\/blog\/wp-content\/uploads\/2019\/04\/mostra-fotografica-napoli.jpg?resize=1400%2C800 4x"},"classes":[]},{"id":2768,"url":"https:\/\/www.pigrecoemme.com\/blog\/corso-di-fotografia-online-giugno-2020\/","url_meta":{"origin":2215,"position":4},"title":"Dal 4 giugno il corso di fotografia online","author":"Pigrecoemme","date":"27 Maggio 2020","format":false,"excerpt":"Alla nostra proposta didattica online, che ha gi\u00e0 visto riscuotere interesse e consensi con i corsi di critica cinematografica e montaggio con Adobe Premiere Pro, si aggiunge uno dei pezzi forti della nostra formazione tradizionale: il corso di fotografia condotto da Michele Salvezza, ripensato e rimodulato per essere svolto in\u2026","rel":"","context":"In &quot;Fotografia&quot;","block_context":{"text":"Fotografia","link":"https:\/\/www.pigrecoemme.com\/blog\/fotografia\/"},"img":{"alt_text":"corso online fotografia","src":"https:\/\/i0.wp.com\/www.pigrecoemme.com\/blog\/wp-content\/uploads\/2020\/05\/corso-online-fotografia.jpg?resize=350%2C200&ssl=1","width":350,"height":200,"srcset":"https:\/\/i0.wp.com\/www.pigrecoemme.com\/blog\/wp-content\/uploads\/2020\/05\/corso-online-fotografia.jpg?resize=350%2C200&ssl=1 1x, https:\/\/i0.wp.com\/www.pigrecoemme.com\/blog\/wp-content\/uploads\/2020\/05\/corso-online-fotografia.jpg?resize=525%2C300&ssl=1 1.5x, https:\/\/i0.wp.com\/www.pigrecoemme.com\/blog\/wp-content\/uploads\/2020\/05\/corso-online-fotografia.jpg?resize=700%2C400&ssl=1 2x, https:\/\/i0.wp.com\/www.pigrecoemme.com\/blog\/wp-content\/uploads\/2020\/05\/corso-online-fotografia.jpg?resize=1050%2C600&ssl=1 3x"},"classes":[]},{"id":243,"url":"https:\/\/www.pigrecoemme.com\/blog\/alla-feltrinelli-di-piazza-dei-martiri-giovedi-3-giugno-la-mostra-fotografica-effetti-collaterali\/","url_meta":{"origin":2215,"position":5},"title":"Alla Feltrinelli di Piazza dei Martiri, gioved\u00ec 3 giugno la mostra fotografica Effetti collaterali","author":"Corrado Morra","date":"1 Giugno 2010","format":false,"excerpt":"Gioved\u00ec 3 giugno, alle 18, inaugurazione della mostra fotografica Effetti collaterali, a cura di Gianni Pinnizzotto, docente del corso di Fotogiornalismo della Scuola di cinema e fotografia Pigrecoemme di Napoli.","rel":"","context":"In &quot;Eventi&quot;","block_context":{"text":"Eventi","link":"https:\/\/www.pigrecoemme.com\/blog\/eventi\/"},"img":{"alt_text":"","src":"https:\/\/i0.wp.com\/www.pigrecoemme.com\/blog\/wp-content\/uploads\/2010\/06\/bambino-palestinese2-300x201.jpg?resize=350%2C200","width":350,"height":200},"classes":[]}],"jetpack_featured_media_url":"https:\/\/i0.wp.com\/www.pigrecoemme.com\/blog\/wp-content\/uploads\/2025\/04\/corso-di-fotografia-napoli-presentazione.jpg?fit=900%2C470&ssl=1","_links":{"self":[{"href":"https:\/\/www.pigrecoemme.com\/blog\/wp-json\/wp\/v2\/posts\/2215","targetHints":{"allow":["GET"]}}],"collection":[{"href":"https:\/\/www.pigrecoemme.com\/blog\/wp-json\/wp\/v2\/posts"}],"about":[{"href":"https:\/\/www.pigrecoemme.com\/blog\/wp-json\/wp\/v2\/types\/post"}],"author":[{"embeddable":true,"href":"https:\/\/www.pigrecoemme.com\/blog\/wp-json\/wp\/v2\/users\/4"}],"replies":[{"embeddable":true,"href":"https:\/\/www.pigrecoemme.com\/blog\/wp-json\/wp\/v2\/comments?post=2215"}],"version-history":[{"count":5,"href":"https:\/\/www.pigrecoemme.com\/blog\/wp-json\/wp\/v2\/posts\/2215\/revisions"}],"predecessor-version":[{"id":3763,"href":"https:\/\/www.pigrecoemme.com\/blog\/wp-json\/wp\/v2\/posts\/2215\/revisions\/3763"}],"wp:featuredmedia":[{"embeddable":true,"href":"https:\/\/www.pigrecoemme.com\/blog\/wp-json\/wp\/v2\/media\/3762"}],"wp:attachment":[{"href":"https:\/\/www.pigrecoemme.com\/blog\/wp-json\/wp\/v2\/media?parent=2215"}],"wp:term":[{"taxonomy":"category","embeddable":true,"href":"https:\/\/www.pigrecoemme.com\/blog\/wp-json\/wp\/v2\/categories?post=2215"},{"taxonomy":"post_tag","embeddable":true,"href":"https:\/\/www.pigrecoemme.com\/blog\/wp-json\/wp\/v2\/tags?post=2215"}],"curies":[{"name":"wp","href":"https:\/\/api.w.org\/{rel}","templated":true}]}}