{"id":2205,"date":"2018-09-04T17:20:22","date_gmt":"2018-09-04T15:20:22","guid":{"rendered":"http:\/\/www.pigrecoemme.com\/blog\/?p=2205"},"modified":"2018-09-10T16:43:27","modified_gmt":"2018-09-10T14:43:27","slug":"situazione-critica-3-vincenzo-esposito-racconta-la-british-renaissance-degli-anni-80","status":"publish","type":"post","link":"https:\/\/www.pigrecoemme.com\/blog\/situazione-critica-3-vincenzo-esposito-racconta-la-british-renaissance-degli-anni-80\/","title":{"rendered":"Situazione Critica #3: Vincenzo Esposito racconta la &#8220;British Renaissance&#8221; degli anni &#8217;80."},"content":{"rendered":"<p><a href=\"https:\/\/www.pigrecoemme.com\/blog\/situazione-critica-3-vincenzo-esposito-racconta-la-british-renaissance-degli-anni-80\/\"><img data-recalc-dims=\"1\" loading=\"lazy\" decoding=\"async\" class=\"aligncenter wp-image-2206 size-full\" src=\"https:\/\/i0.wp.com\/www.pigrecoemme.com\/blog\/wp-content\/uploads\/2018\/09\/situazione-critica-3.jpg?resize=860%2C449&#038;ssl=1\" alt=\"situazione critica #3\" width=\"860\" height=\"449\" srcset=\"https:\/\/i0.wp.com\/www.pigrecoemme.com\/blog\/wp-content\/uploads\/2018\/09\/situazione-critica-3.jpg?w=900&amp;ssl=1 900w, https:\/\/i0.wp.com\/www.pigrecoemme.com\/blog\/wp-content\/uploads\/2018\/09\/situazione-critica-3.jpg?resize=300%2C157&amp;ssl=1 300w, https:\/\/i0.wp.com\/www.pigrecoemme.com\/blog\/wp-content\/uploads\/2018\/09\/situazione-critica-3.jpg?resize=768%2C401&amp;ssl=1 768w, https:\/\/i0.wp.com\/www.pigrecoemme.com\/blog\/wp-content\/uploads\/2018\/09\/situazione-critica-3.jpg?resize=640%2C334&amp;ssl=1 640w\" sizes=\"auto, (max-width: 860px) 100vw, 860px\" \/><\/a><\/p>\n<blockquote><p>Continua <a href=\"https:\/\/www.pigrecoemme.com\/blog\/tag\/situazione-critica\/\"><em><strong>Situazione Critica<\/strong><\/em><\/a>, la rassegna di incontri con cui la <a href=\"http:\/\/www.pigrecoemme.com\">Scuola di Cinema Pigrecoemme<\/a> festeggia i 18 anni di attivit\u00e0.<\/p><\/blockquote>\n<p><em>The British Renaissance<\/em> \u00e8 stato un fenomeno industriale e creativo che si \u00e8 sviluppato, in ambito cinematografico, nel Regno Unito nell&#8217;arco di un decennio o poco pi\u00f9: gli anni \u201880. Un periodo che ha coinciso, quasi perfettamente, con i tre governi di Margaret Thatcher (1979 \u2013 1990), caratterizzati da forti tensioni sociali e politiche, e segnati dalla recessione e dalla disoccupazione; per non parlare dei tumulti razziali che agitavano le grandi citt\u00e0 inglesi e delle guerre alla periferia dell\u2019Impero: una breve e lontana (la guerra nelle Isole Falkland), l\u2019altra vicina e infinita (quella in Irlanda del Nord, \u201cil Vietnam d\u2019Europa\u201d).<\/p>\n<p><!--more--><\/p>\n<h2>UN CINEMA CONTRO<\/h2>\n<p>In questo clima generale deprimente, in cui l\u2019unica fede era quella nel libero mercato, il cinema annunci\u00f2, invece, in controtendenza e fin dai primi anni di quel lungo decennio, un rinascimento (contro)culturale.<br \/>\nUna nuova leva registica (ma anche di sceneggiatori, attori, produttori, tecnici) ebbe modo di esordire, o di affermarsi, proprio in quell&#8217;epoca turbolenta, trovando la via del successo internazionale pur restando lontana dai lidi del <em>mainstream<\/em>: da Peter Greenaway a Stephen Frears, da Derek Jarman a Neil Jordan, da Mike Leigh e Ken Loach, solo per citare quelli che rappresentarono la punta dell\u2019iceberg.<br \/>\nIn realt\u00e0, la <em>Renaissance<\/em> non fu mai un movimento: questi autori avevano poco o nulla in comune, e proponevano stili e concezioni cinematografiche diverse tra loro. Ciononostante, li univa, oltre al paese di origine, una straordinaria vitalit\u00e0, la voglia di raccontare (talvolta sperimentando) l\u2019epoca di grande trasformazione che stavano vivendo, e l\u2019intenzione di stravolgere la tradizione cinematografica britannica.<\/p>\n<p>Gli Ottanta sono stati gli anni che hanno irrimediabilmente cambiato il volto dell\u2019Europa e dell\u2019Occidente; un passato molto prossimo, durante il quale si \u00e8 cominciato a plasmare il mondo in cui viviamo. Nessun\u2019altra cinematografia europea ha saputo inquadrare quel decennio con maggior precisione.<\/p>\n<p style=\"text-align: right;\">V.E.<\/p>\n<h2>DOPPIO INCONTRO GIOVED\u00cc 27 SETTEMBRE E\u00a0GIOVED\u00cc 4 OTTOBRE<\/h2>\n<p>In questi due incontri della rassegna <a href=\"https:\/\/www.pigrecoemme.com\/blog\/tag\/situazione-critica\/\"><em>Situazione critica<\/em><\/a>, <strong>il 27 settembre e il 4 ottobre 2018<\/strong>, dalle 16:00 alle 19:00, guidati dallo storico del cinema <strong>Vincenzo Esposito<\/strong>, guarderemo e riesamineremo il cinema britannico di quel periodo dal punto di vista estetico e politico, ricostruiremo le vicende storiche ed economiche che hanno rappresentato la cornice di quel prolifico rinascimento cinematografico, racconteremo le visioni di alcuni degli autori pi\u00f9 importanti, e lo faremo con la consapevolezza che quegli anni sono, in realt\u00e0, il nostro \u201ceterno presente\u201d.<\/p>\n<h2>COME PARTECIPARE AGLI INCONTRI<\/h2>\n<p>Fino a esaurimento posti l&#8217;ingresso \u00e8 gratuito.<\/p>\n<p>\u00c8 gradita la prenotazione al numero 081 5635188.<\/p>\n<p>Gli incontri si svolgeranno <strong>il 27 settembre e il 4 ottobre 2018<\/strong>, dalle 16:00 presso la sede della Scuola di cinema Pigrecoemme (Piazza Portanova 11, Napoli).<\/p>\n","protected":false},"excerpt":{"rendered":"<p>Continua Situazione Critica, la rassegna di incontri con cui la Scuola di Cinema Pigrecoemme festeggia i 18 anni di attivit\u00e0. The British Renaissance \u00e8 stato un fenomeno industriale e creativo che si \u00e8 sviluppato,&hellip;<\/p>\n","protected":false},"author":4,"featured_media":0,"comment_status":"open","ping_status":"open","sticky":false,"template":"","format":"standard","meta":{"_jetpack_newsletter_access":"","_jetpack_dont_email_post_to_subs":false,"_jetpack_newsletter_tier_id":0,"_jetpack_memberships_contains_paywalled_content":false,"_jetpack_feature_clip_id":0,"_jetpack_memberships_contains_paid_content":false,"footnotes":"","jetpack_post_was_ever_published":false},"categories":[950,11,1],"tags":[2028,344,2031,2034,2033,2032,2029,1998,2030,381],"class_list":["post-2205","post","type-post","status-publish","format-standard","hentry","category-analisi-e-critica-2","category-eventi","category-generale","tag-british-renaissance","tag-critica-cinematografica","tag-derek-jarman","tag-ken-loach","tag-mike-leigh","tag-neil-jordan","tag-peter-greenaway","tag-situazione-critica","tag-stephen-frears","tag-vincenzo-esposito"],"yoast_head":"<!-- This site is optimized with the Yoast SEO plugin v28.3 - https:\/\/yoast.com\/product\/yoast-seo-wordpress\/ -->\n<title>Situazione Critica #3: la &quot;British Renaissance&quot; degli anni &#039;80.<\/title>\n<meta name=\"description\" content=\"Doppio appuntamento alla Pigrecoemme il 27 settembre e il 4 ottobre 2018, dalle 16:00 alle 19:00. Ingresso gratuito.\" \/>\n<meta name=\"robots\" content=\"index, follow, max-snippet:-1, max-image-preview:large, max-video-preview:-1\" \/>\n<link rel=\"canonical\" href=\"https:\/\/www.pigrecoemme.com\/blog\/situazione-critica-3-vincenzo-esposito-racconta-la-british-renaissance-degli-anni-80\/\" \/>\n<meta property=\"og:locale\" content=\"it_IT\" \/>\n<meta property=\"og:type\" content=\"article\" \/>\n<meta property=\"og:title\" content=\"Situazione Critica #3: Vincenzo Esposito racconta la &quot;British Renaissance&quot; degli anni &#039;80.\" \/>\n<meta property=\"og:description\" content=\"Doppio appuntamento alla Pigrecoemme il 27 settembre e il 4 ottobre 2018, dalle 16:00 alle 19:00. Ingresso gratuito.\" \/>\n<meta property=\"og:url\" content=\"https:\/\/www.pigrecoemme.com\/blog\/situazione-critica-3-vincenzo-esposito-racconta-la-british-renaissance-degli-anni-80\/\" \/>\n<meta property=\"og:site_name\" content=\"Scuola di Cinema Pigrecoemme - Blog\" \/>\n<meta property=\"article:publisher\" content=\"https:\/\/www.facebook.com\/pigrecoemme\" \/>\n<meta property=\"article:author\" content=\"https:\/\/www.facebook.com\/pigrecoemme\" \/>\n<meta property=\"article:published_time\" content=\"2018-09-04T15:20:22+00:00\" \/>\n<meta property=\"article:modified_time\" content=\"2018-09-10T14:43:27+00:00\" \/>\n<meta property=\"og:image\" content=\"https:\/\/www.pigrecoemme.com\/blog\/wp-content\/uploads\/2018\/09\/situazione-critica-3.jpg\" \/>\n\t<meta property=\"og:image:width\" content=\"900\" \/>\n\t<meta property=\"og:image:height\" content=\"470\" \/>\n\t<meta property=\"og:image:type\" content=\"image\/jpeg\" \/>\n<meta name=\"author\" content=\"Pigrecoemme\" \/>\n<meta name=\"twitter:card\" content=\"summary_large_image\" \/>\n<meta name=\"twitter:creator\" content=\"@Pigrecoemme\" \/>\n<meta name=\"twitter:site\" content=\"@Pigrecoemme\" \/>\n<meta name=\"twitter:label1\" content=\"Scritto da\" \/>\n\t<meta name=\"twitter:data1\" content=\"Pigrecoemme\" \/>\n\t<meta name=\"twitter:label2\" content=\"Tempo di lettura stimato\" \/>\n\t<meta name=\"twitter:data2\" content=\"2 minuti\" \/>\n<script type=\"application\/ld+json\" class=\"yoast-schema-graph\">{\"@context\":\"https:\\\/\\\/schema.org\",\"@graph\":[{\"@type\":[\"Article\",\"BlogPosting\"],\"@id\":\"https:\\\/\\\/www.pigrecoemme.com\\\/blog\\\/situazione-critica-3-vincenzo-esposito-racconta-la-british-renaissance-degli-anni-80\\\/#article\",\"isPartOf\":{\"@id\":\"https:\\\/\\\/www.pigrecoemme.com\\\/blog\\\/situazione-critica-3-vincenzo-esposito-racconta-la-british-renaissance-degli-anni-80\\\/\"},\"author\":{\"name\":\"Pigrecoemme\",\"@id\":\"https:\\\/\\\/www.pigrecoemme.com\\\/blog\\\/#\\\/schema\\\/person\\\/8996ab5bfa68cec611b330ae4a389d44\"},\"headline\":\"Situazione Critica #3: Vincenzo Esposito racconta la &#8220;British Renaissance&#8221; degli anni &#8217;80.\",\"datePublished\":\"2018-09-04T15:20:22+00:00\",\"dateModified\":\"2018-09-10T14:43:27+00:00\",\"mainEntityOfPage\":{\"@id\":\"https:\\\/\\\/www.pigrecoemme.com\\\/blog\\\/situazione-critica-3-vincenzo-esposito-racconta-la-british-renaissance-degli-anni-80\\\/\"},\"wordCount\":458,\"commentCount\":0,\"publisher\":{\"@id\":\"https:\\\/\\\/www.pigrecoemme.com\\\/blog\\\/#organization\"},\"image\":{\"@id\":\"https:\\\/\\\/www.pigrecoemme.com\\\/blog\\\/situazione-critica-3-vincenzo-esposito-racconta-la-british-renaissance-degli-anni-80\\\/#primaryimage\"},\"thumbnailUrl\":\"http:\\\/\\\/www.pigrecoemme.com\\\/blog\\\/wp-content\\\/uploads\\\/2018\\\/09\\\/situazione-critica-3.jpg\",\"keywords\":[\"british renaissance\",\"critica cinematografica\",\"Derek Jarman\",\"Ken Loach\",\"Mike Leigh\",\"Neil Jordan\",\"Peter Greenaway\",\"situazione critica\",\"Stephen Frears\",\"vincenzo esposito\"],\"articleSection\":[\"Analisi e Critica\",\"Eventi\",\"Generale\"],\"inLanguage\":\"it-IT\",\"potentialAction\":[{\"@type\":\"CommentAction\",\"name\":\"Comment\",\"target\":[\"https:\\\/\\\/www.pigrecoemme.com\\\/blog\\\/situazione-critica-3-vincenzo-esposito-racconta-la-british-renaissance-degli-anni-80\\\/#respond\"]}]},{\"@type\":\"WebPage\",\"@id\":\"https:\\\/\\\/www.pigrecoemme.com\\\/blog\\\/situazione-critica-3-vincenzo-esposito-racconta-la-british-renaissance-degli-anni-80\\\/\",\"url\":\"https:\\\/\\\/www.pigrecoemme.com\\\/blog\\\/situazione-critica-3-vincenzo-esposito-racconta-la-british-renaissance-degli-anni-80\\\/\",\"name\":\"Situazione Critica #3: la \\\"British Renaissance\\\" degli anni '80.\",\"isPartOf\":{\"@id\":\"https:\\\/\\\/www.pigrecoemme.com\\\/blog\\\/#website\"},\"primaryImageOfPage\":{\"@id\":\"https:\\\/\\\/www.pigrecoemme.com\\\/blog\\\/situazione-critica-3-vincenzo-esposito-racconta-la-british-renaissance-degli-anni-80\\\/#primaryimage\"},\"image\":{\"@id\":\"https:\\\/\\\/www.pigrecoemme.com\\\/blog\\\/situazione-critica-3-vincenzo-esposito-racconta-la-british-renaissance-degli-anni-80\\\/#primaryimage\"},\"thumbnailUrl\":\"http:\\\/\\\/www.pigrecoemme.com\\\/blog\\\/wp-content\\\/uploads\\\/2018\\\/09\\\/situazione-critica-3.jpg\",\"datePublished\":\"2018-09-04T15:20:22+00:00\",\"dateModified\":\"2018-09-10T14:43:27+00:00\",\"description\":\"Doppio appuntamento alla Pigrecoemme il 27 settembre e il 4 ottobre 2018, dalle 16:00 alle 19:00. Ingresso gratuito.\",\"breadcrumb\":{\"@id\":\"https:\\\/\\\/www.pigrecoemme.com\\\/blog\\\/situazione-critica-3-vincenzo-esposito-racconta-la-british-renaissance-degli-anni-80\\\/#breadcrumb\"},\"inLanguage\":\"it-IT\",\"potentialAction\":[{\"@type\":\"ReadAction\",\"target\":[\"https:\\\/\\\/www.pigrecoemme.com\\\/blog\\\/situazione-critica-3-vincenzo-esposito-racconta-la-british-renaissance-degli-anni-80\\\/\"]}]},{\"@type\":\"ImageObject\",\"inLanguage\":\"it-IT\",\"@id\":\"https:\\\/\\\/www.pigrecoemme.com\\\/blog\\\/situazione-critica-3-vincenzo-esposito-racconta-la-british-renaissance-degli-anni-80\\\/#primaryimage\",\"url\":\"http:\\\/\\\/www.pigrecoemme.com\\\/blog\\\/wp-content\\\/uploads\\\/2018\\\/09\\\/situazione-critica-3.jpg\",\"contentUrl\":\"http:\\\/\\\/www.pigrecoemme.com\\\/blog\\\/wp-content\\\/uploads\\\/2018\\\/09\\\/situazione-critica-3.jpg\"},{\"@type\":\"BreadcrumbList\",\"@id\":\"https:\\\/\\\/www.pigrecoemme.com\\\/blog\\\/situazione-critica-3-vincenzo-esposito-racconta-la-british-renaissance-degli-anni-80\\\/#breadcrumb\",\"itemListElement\":[{\"@type\":\"ListItem\",\"position\":1,\"name\":\"Home\",\"item\":\"https:\\\/\\\/www.pigrecoemme.com\\\/blog\\\/\"},{\"@type\":\"ListItem\",\"position\":2,\"name\":\"Situazione Critica #3: Vincenzo Esposito racconta la &#8220;British Renaissance&#8221; degli anni &#8217;80.\"}]},{\"@type\":\"WebSite\",\"@id\":\"https:\\\/\\\/www.pigrecoemme.com\\\/blog\\\/#website\",\"url\":\"https:\\\/\\\/www.pigrecoemme.com\\\/blog\\\/\",\"name\":\"Scuola di Cinema Pigrecoemme - Blog\",\"description\":\"Siamo la prima Scuola di Cinema e Fotografia di Napoli\",\"publisher\":{\"@id\":\"https:\\\/\\\/www.pigrecoemme.com\\\/blog\\\/#organization\"},\"potentialAction\":[{\"@type\":\"SearchAction\",\"target\":{\"@type\":\"EntryPoint\",\"urlTemplate\":\"https:\\\/\\\/www.pigrecoemme.com\\\/blog\\\/?s={search_term_string}\"},\"query-input\":{\"@type\":\"PropertyValueSpecification\",\"valueRequired\":true,\"valueName\":\"search_term_string\"}}],\"inLanguage\":\"it-IT\"},{\"@type\":\"Organization\",\"@id\":\"https:\\\/\\\/www.pigrecoemme.com\\\/blog\\\/#organization\",\"name\":\"Scuola di cinema e fotografia Pigrecoemme\",\"url\":\"https:\\\/\\\/www.pigrecoemme.com\\\/blog\\\/\",\"logo\":{\"@type\":\"ImageObject\",\"inLanguage\":\"it-IT\",\"@id\":\"https:\\\/\\\/www.pigrecoemme.com\\\/blog\\\/#\\\/schema\\\/logo\\\/image\\\/\",\"url\":\"https:\\\/\\\/i0.wp.com\\\/www.pigrecoemme.com\\\/blog\\\/wp-content\\\/uploads\\\/2018\\\/06\\\/logo-pigrecoemme-2018.png?fit=500%2C500&ssl=1\",\"contentUrl\":\"https:\\\/\\\/i0.wp.com\\\/www.pigrecoemme.com\\\/blog\\\/wp-content\\\/uploads\\\/2018\\\/06\\\/logo-pigrecoemme-2018.png?fit=500%2C500&ssl=1\",\"width\":500,\"height\":500,\"caption\":\"Scuola di cinema e fotografia Pigrecoemme\"},\"image\":{\"@id\":\"https:\\\/\\\/www.pigrecoemme.com\\\/blog\\\/#\\\/schema\\\/logo\\\/image\\\/\"},\"sameAs\":[\"https:\\\/\\\/www.facebook.com\\\/pigrecoemme\",\"https:\\\/\\\/x.com\\\/Pigrecoemme\",\"https:\\\/\\\/www.instagram.com\\\/pigrecoemme\\\/\",\"https:\\\/\\\/www.linkedin.com\\\/company\\\/pigrecoemme\\\/\",\"https:\\\/\\\/www.youtube.com\\\/pigrecoemme\"]},{\"@type\":\"Person\",\"@id\":\"https:\\\/\\\/www.pigrecoemme.com\\\/blog\\\/#\\\/schema\\\/person\\\/8996ab5bfa68cec611b330ae4a389d44\",\"name\":\"Pigrecoemme\",\"image\":{\"@type\":\"ImageObject\",\"inLanguage\":\"it-IT\",\"@id\":\"https:\\\/\\\/secure.gravatar.com\\\/avatar\\\/541a562fed7df6fa49262cb93f0f1135b8432ec77a1bc64fdb808f64f2a8287d?s=96&r=g\",\"url\":\"https:\\\/\\\/secure.gravatar.com\\\/avatar\\\/541a562fed7df6fa49262cb93f0f1135b8432ec77a1bc64fdb808f64f2a8287d?s=96&r=g\",\"contentUrl\":\"https:\\\/\\\/secure.gravatar.com\\\/avatar\\\/541a562fed7df6fa49262cb93f0f1135b8432ec77a1bc64fdb808f64f2a8287d?s=96&r=g\",\"caption\":\"Pigrecoemme\"},\"description\":\"Profilo redazionale. Pigrecoemme \u00e8 la prima scuola di cinema, televisione e fotografia di Napoli.\",\"sameAs\":[\"http:\\\/\\\/www.pigrecoemme.com\\\/\",\"https:\\\/\\\/www.facebook.com\\\/pigrecoemme\"],\"url\":\"https:\\\/\\\/www.pigrecoemme.com\\\/blog\\\/author\\\/pigrecoemme\\\/\"}]}<\/script>\n<!-- \/ Yoast SEO plugin. -->","yoast_head_json":{"title":"Situazione Critica #3: la \"British Renaissance\" degli anni '80.","description":"Doppio appuntamento alla Pigrecoemme il 27 settembre e il 4 ottobre 2018, dalle 16:00 alle 19:00. Ingresso gratuito.","robots":{"index":"index","follow":"follow","max-snippet":"max-snippet:-1","max-image-preview":"max-image-preview:large","max-video-preview":"max-video-preview:-1"},"canonical":"https:\/\/www.pigrecoemme.com\/blog\/situazione-critica-3-vincenzo-esposito-racconta-la-british-renaissance-degli-anni-80\/","og_locale":"it_IT","og_type":"article","og_title":"Situazione Critica #3: Vincenzo Esposito racconta la \"British Renaissance\" degli anni '80.","og_description":"Doppio appuntamento alla Pigrecoemme il 27 settembre e il 4 ottobre 2018, dalle 16:00 alle 19:00. Ingresso gratuito.","og_url":"https:\/\/www.pigrecoemme.com\/blog\/situazione-critica-3-vincenzo-esposito-racconta-la-british-renaissance-degli-anni-80\/","og_site_name":"Scuola di Cinema Pigrecoemme - Blog","article_publisher":"https:\/\/www.facebook.com\/pigrecoemme","article_author":"https:\/\/www.facebook.com\/pigrecoemme","article_published_time":"2018-09-04T15:20:22+00:00","article_modified_time":"2018-09-10T14:43:27+00:00","og_image":[{"width":900,"height":470,"url":"https:\/\/www.pigrecoemme.com\/blog\/wp-content\/uploads\/2018\/09\/situazione-critica-3.jpg","type":"image\/jpeg"}],"author":"Pigrecoemme","twitter_card":"summary_large_image","twitter_creator":"@Pigrecoemme","twitter_site":"@Pigrecoemme","twitter_misc":{"Scritto da":"Pigrecoemme","Tempo di lettura stimato":"2 minuti"},"schema":{"@context":"https:\/\/schema.org","@graph":[{"@type":["Article","BlogPosting"],"@id":"https:\/\/www.pigrecoemme.com\/blog\/situazione-critica-3-vincenzo-esposito-racconta-la-british-renaissance-degli-anni-80\/#article","isPartOf":{"@id":"https:\/\/www.pigrecoemme.com\/blog\/situazione-critica-3-vincenzo-esposito-racconta-la-british-renaissance-degli-anni-80\/"},"author":{"name":"Pigrecoemme","@id":"https:\/\/www.pigrecoemme.com\/blog\/#\/schema\/person\/8996ab5bfa68cec611b330ae4a389d44"},"headline":"Situazione Critica #3: Vincenzo Esposito racconta la &#8220;British Renaissance&#8221; degli anni &#8217;80.","datePublished":"2018-09-04T15:20:22+00:00","dateModified":"2018-09-10T14:43:27+00:00","mainEntityOfPage":{"@id":"https:\/\/www.pigrecoemme.com\/blog\/situazione-critica-3-vincenzo-esposito-racconta-la-british-renaissance-degli-anni-80\/"},"wordCount":458,"commentCount":0,"publisher":{"@id":"https:\/\/www.pigrecoemme.com\/blog\/#organization"},"image":{"@id":"https:\/\/www.pigrecoemme.com\/blog\/situazione-critica-3-vincenzo-esposito-racconta-la-british-renaissance-degli-anni-80\/#primaryimage"},"thumbnailUrl":"http:\/\/www.pigrecoemme.com\/blog\/wp-content\/uploads\/2018\/09\/situazione-critica-3.jpg","keywords":["british renaissance","critica cinematografica","Derek Jarman","Ken Loach","Mike Leigh","Neil Jordan","Peter Greenaway","situazione critica","Stephen Frears","vincenzo esposito"],"articleSection":["Analisi e Critica","Eventi","Generale"],"inLanguage":"it-IT","potentialAction":[{"@type":"CommentAction","name":"Comment","target":["https:\/\/www.pigrecoemme.com\/blog\/situazione-critica-3-vincenzo-esposito-racconta-la-british-renaissance-degli-anni-80\/#respond"]}]},{"@type":"WebPage","@id":"https:\/\/www.pigrecoemme.com\/blog\/situazione-critica-3-vincenzo-esposito-racconta-la-british-renaissance-degli-anni-80\/","url":"https:\/\/www.pigrecoemme.com\/blog\/situazione-critica-3-vincenzo-esposito-racconta-la-british-renaissance-degli-anni-80\/","name":"Situazione Critica #3: la \"British Renaissance\" degli anni '80.","isPartOf":{"@id":"https:\/\/www.pigrecoemme.com\/blog\/#website"},"primaryImageOfPage":{"@id":"https:\/\/www.pigrecoemme.com\/blog\/situazione-critica-3-vincenzo-esposito-racconta-la-british-renaissance-degli-anni-80\/#primaryimage"},"image":{"@id":"https:\/\/www.pigrecoemme.com\/blog\/situazione-critica-3-vincenzo-esposito-racconta-la-british-renaissance-degli-anni-80\/#primaryimage"},"thumbnailUrl":"http:\/\/www.pigrecoemme.com\/blog\/wp-content\/uploads\/2018\/09\/situazione-critica-3.jpg","datePublished":"2018-09-04T15:20:22+00:00","dateModified":"2018-09-10T14:43:27+00:00","description":"Doppio appuntamento alla Pigrecoemme il 27 settembre e il 4 ottobre 2018, dalle 16:00 alle 19:00. Ingresso gratuito.","breadcrumb":{"@id":"https:\/\/www.pigrecoemme.com\/blog\/situazione-critica-3-vincenzo-esposito-racconta-la-british-renaissance-degli-anni-80\/#breadcrumb"},"inLanguage":"it-IT","potentialAction":[{"@type":"ReadAction","target":["https:\/\/www.pigrecoemme.com\/blog\/situazione-critica-3-vincenzo-esposito-racconta-la-british-renaissance-degli-anni-80\/"]}]},{"@type":"ImageObject","inLanguage":"it-IT","@id":"https:\/\/www.pigrecoemme.com\/blog\/situazione-critica-3-vincenzo-esposito-racconta-la-british-renaissance-degli-anni-80\/#primaryimage","url":"http:\/\/www.pigrecoemme.com\/blog\/wp-content\/uploads\/2018\/09\/situazione-critica-3.jpg","contentUrl":"http:\/\/www.pigrecoemme.com\/blog\/wp-content\/uploads\/2018\/09\/situazione-critica-3.jpg"},{"@type":"BreadcrumbList","@id":"https:\/\/www.pigrecoemme.com\/blog\/situazione-critica-3-vincenzo-esposito-racconta-la-british-renaissance-degli-anni-80\/#breadcrumb","itemListElement":[{"@type":"ListItem","position":1,"name":"Home","item":"https:\/\/www.pigrecoemme.com\/blog\/"},{"@type":"ListItem","position":2,"name":"Situazione Critica #3: Vincenzo Esposito racconta la &#8220;British Renaissance&#8221; degli anni &#8217;80."}]},{"@type":"WebSite","@id":"https:\/\/www.pigrecoemme.com\/blog\/#website","url":"https:\/\/www.pigrecoemme.com\/blog\/","name":"Scuola di Cinema Pigrecoemme - Blog","description":"Siamo la prima Scuola di Cinema e Fotografia di Napoli","publisher":{"@id":"https:\/\/www.pigrecoemme.com\/blog\/#organization"},"potentialAction":[{"@type":"SearchAction","target":{"@type":"EntryPoint","urlTemplate":"https:\/\/www.pigrecoemme.com\/blog\/?s={search_term_string}"},"query-input":{"@type":"PropertyValueSpecification","valueRequired":true,"valueName":"search_term_string"}}],"inLanguage":"it-IT"},{"@type":"Organization","@id":"https:\/\/www.pigrecoemme.com\/blog\/#organization","name":"Scuola di cinema e fotografia Pigrecoemme","url":"https:\/\/www.pigrecoemme.com\/blog\/","logo":{"@type":"ImageObject","inLanguage":"it-IT","@id":"https:\/\/www.pigrecoemme.com\/blog\/#\/schema\/logo\/image\/","url":"https:\/\/i0.wp.com\/www.pigrecoemme.com\/blog\/wp-content\/uploads\/2018\/06\/logo-pigrecoemme-2018.png?fit=500%2C500&ssl=1","contentUrl":"https:\/\/i0.wp.com\/www.pigrecoemme.com\/blog\/wp-content\/uploads\/2018\/06\/logo-pigrecoemme-2018.png?fit=500%2C500&ssl=1","width":500,"height":500,"caption":"Scuola di cinema e fotografia Pigrecoemme"},"image":{"@id":"https:\/\/www.pigrecoemme.com\/blog\/#\/schema\/logo\/image\/"},"sameAs":["https:\/\/www.facebook.com\/pigrecoemme","https:\/\/x.com\/Pigrecoemme","https:\/\/www.instagram.com\/pigrecoemme\/","https:\/\/www.linkedin.com\/company\/pigrecoemme\/","https:\/\/www.youtube.com\/pigrecoemme"]},{"@type":"Person","@id":"https:\/\/www.pigrecoemme.com\/blog\/#\/schema\/person\/8996ab5bfa68cec611b330ae4a389d44","name":"Pigrecoemme","image":{"@type":"ImageObject","inLanguage":"it-IT","@id":"https:\/\/secure.gravatar.com\/avatar\/541a562fed7df6fa49262cb93f0f1135b8432ec77a1bc64fdb808f64f2a8287d?s=96&r=g","url":"https:\/\/secure.gravatar.com\/avatar\/541a562fed7df6fa49262cb93f0f1135b8432ec77a1bc64fdb808f64f2a8287d?s=96&r=g","contentUrl":"https:\/\/secure.gravatar.com\/avatar\/541a562fed7df6fa49262cb93f0f1135b8432ec77a1bc64fdb808f64f2a8287d?s=96&r=g","caption":"Pigrecoemme"},"description":"Profilo redazionale. Pigrecoemme \u00e8 la prima scuola di cinema, televisione e fotografia di Napoli.","sameAs":["http:\/\/www.pigrecoemme.com\/","https:\/\/www.facebook.com\/pigrecoemme"],"url":"https:\/\/www.pigrecoemme.com\/blog\/author\/pigrecoemme\/"}]}},"jetpack_sharing_enabled":true,"jetpack_likes_enabled":true,"jetpack-related-posts":[{"id":2182,"url":"https:\/\/www.pigrecoemme.com\/blog\/situazione-critica-2-le-forme-dell-acqua-corrado-morra\/","url_meta":{"origin":2205,"position":0},"title":"Situazione critica #2: Le forme dell\u2019acqua. Il cinema come desiderio impossibile","author":"Giacomo Fabbrocino","date":"4 Giugno 2018","format":false,"excerpt":"La Scuola di Cinema Pigrecoemme celebra i suoi primi 18 anni con \u201cSituazione critica\u201d: una serie di incontri gratuiti e aperti a tutti sulla critica cinematografica e la promozione della settima arte. Il secondo appuntamento, con Corrado Morra, \u00e8 il 16 giugno 2018. Corrado Morra Il secondo incontro della rassegna\u2026","rel":"","context":"In &quot;Analisi e Critica&quot;","block_context":{"text":"Analisi e Critica","link":"https:\/\/www.pigrecoemme.com\/blog\/analisi-e-critica-2\/"},"img":{"alt_text":"Situazione critica 2","src":"https:\/\/i0.wp.com\/www.pigrecoemme.com\/blog\/wp-content\/uploads\/2018\/06\/situazione-critica-2-1920-1005.jpg?resize=350%2C200&ssl=1","width":350,"height":200,"srcset":"https:\/\/i0.wp.com\/www.pigrecoemme.com\/blog\/wp-content\/uploads\/2018\/06\/situazione-critica-2-1920-1005.jpg?resize=350%2C200&ssl=1 1x, https:\/\/i0.wp.com\/www.pigrecoemme.com\/blog\/wp-content\/uploads\/2018\/06\/situazione-critica-2-1920-1005.jpg?resize=525%2C300&ssl=1 1.5x, https:\/\/i0.wp.com\/www.pigrecoemme.com\/blog\/wp-content\/uploads\/2018\/06\/situazione-critica-2-1920-1005.jpg?resize=700%2C400&ssl=1 2x, https:\/\/i0.wp.com\/www.pigrecoemme.com\/blog\/wp-content\/uploads\/2018\/06\/situazione-critica-2-1920-1005.jpg?resize=1050%2C600&ssl=1 3x, https:\/\/i0.wp.com\/www.pigrecoemme.com\/blog\/wp-content\/uploads\/2018\/06\/situazione-critica-2-1920-1005.jpg?resize=1400%2C800&ssl=1 4x"},"classes":[]},{"id":2088,"url":"https:\/\/www.pigrecoemme.com\/blog\/situazione-critica-primo-appuntamento-5-maggio\/","url_meta":{"origin":2205,"position":1},"title":"Situazione critica: il primo appuntamento \u00e8 il 5 maggio","author":"Pigrecoemme","date":"19 Aprile 2018","format":false,"excerpt":"La Scuola di Cinema Pigrecoemme celebra 18 anni di attivit\u00e0 e propone \u201cSituazione critica\u201d: una serie di incontri sulla critica cinematografica e la promozione culturale della settima arte. Situazione critica \u00e8 il tentativo di fare il punto su quale sia, oggi, lo stato della cultura cinematografica e dell\u2019audiovisivo in genere,\u2026","rel":"","context":"In &quot;Analisi e Critica&quot;","block_context":{"text":"Analisi e Critica","link":"https:\/\/www.pigrecoemme.com\/blog\/analisi-e-critica-2\/"},"img":{"alt_text":"","src":"https:\/\/i0.wp.com\/www.pigrecoemme.com\/blog\/wp-content\/uploads\/2018\/04\/situazione-critica-quadrato-1.jpg?fit=900%2C900&ssl=1&resize=350%2C200","width":350,"height":200,"srcset":"https:\/\/i0.wp.com\/www.pigrecoemme.com\/blog\/wp-content\/uploads\/2018\/04\/situazione-critica-quadrato-1.jpg?fit=900%2C900&ssl=1&resize=350%2C200 1x, https:\/\/i0.wp.com\/www.pigrecoemme.com\/blog\/wp-content\/uploads\/2018\/04\/situazione-critica-quadrato-1.jpg?fit=900%2C900&ssl=1&resize=525%2C300 1.5x, https:\/\/i0.wp.com\/www.pigrecoemme.com\/blog\/wp-content\/uploads\/2018\/04\/situazione-critica-quadrato-1.jpg?fit=900%2C900&ssl=1&resize=700%2C400 2x"},"classes":[]},{"id":2892,"url":"https:\/\/www.pigrecoemme.com\/blog\/situazione-critica-14-cinema-post\/","url_meta":{"origin":2205,"position":2},"title":"Situazione Critica #14: Cinema\/Post","author":"Pigrecoemme","date":"13 Ottobre 2020","format":false,"excerpt":"situazione critica 14 b Il quattordicesimo appuntamento di Situazione Critica \u2013 l\u2019iniziativa della Scuola di cinema Pigrecoemme di Napoli cominciata a maggio 2018 \u2013 si terr\u00e0 on line, sulla piattaforma Zoom e in streaming su Facebook, sabato 24 ottobre 2020 a partire dalle 16:30. L'ospite Diego Del Pozzo parler\u00e0 con\u2026","rel":"","context":"In &quot;Analisi e Critica&quot;","block_context":{"text":"Analisi e Critica","link":"https:\/\/www.pigrecoemme.com\/blog\/analisi-e-critica-2\/"},"img":{"alt_text":"situazione critica 14 b","src":"https:\/\/i0.wp.com\/www.pigrecoemme.com\/blog\/wp-content\/uploads\/2021\/03\/situazione-critica-14-b.jpg?resize=350%2C200&ssl=1","width":350,"height":200,"srcset":"https:\/\/i0.wp.com\/www.pigrecoemme.com\/blog\/wp-content\/uploads\/2021\/03\/situazione-critica-14-b.jpg?resize=350%2C200&ssl=1 1x, https:\/\/i0.wp.com\/www.pigrecoemme.com\/blog\/wp-content\/uploads\/2021\/03\/situazione-critica-14-b.jpg?resize=525%2C300&ssl=1 1.5x, https:\/\/i0.wp.com\/www.pigrecoemme.com\/blog\/wp-content\/uploads\/2021\/03\/situazione-critica-14-b.jpg?resize=700%2C400&ssl=1 2x, https:\/\/i0.wp.com\/www.pigrecoemme.com\/blog\/wp-content\/uploads\/2021\/03\/situazione-critica-14-b.jpg?resize=1050%2C600&ssl=1 3x"},"classes":[]},{"id":2814,"url":"https:\/\/www.pigrecoemme.com\/blog\/due-nuovi-seminari-online-di-critica-cinematografica-in-partenza\/","url_meta":{"origin":2205,"position":3},"title":"Due nuovi seminari online di critica cinematografica in partenza","author":"Pigrecoemme","date":"5 Luglio 2020","format":false,"excerpt":"due seminari online Spronati dall'imprevedibile successo dei nostri corsi di critica online (poche cose ci hanno dato soddisfazione come i commenti al corso che hanno scritto su Facebook i nostri corsisti) abbiamo organizzato due nuovi seminari monografici brevi (quattro lezioni per ciascun seminario) studiati sia per chi ha gi\u00e0 seguito\u2026","rel":"","context":"In &quot;Analisi e Critica&quot;","block_context":{"text":"Analisi e Critica","link":"https:\/\/www.pigrecoemme.com\/blog\/analisi-e-critica-2\/"},"img":{"alt_text":"due seminari online","src":"https:\/\/i0.wp.com\/www.pigrecoemme.com\/blog\/wp-content\/uploads\/2020\/07\/due-seminari-online.jpg?resize=350%2C200&ssl=1","width":350,"height":200,"srcset":"https:\/\/i0.wp.com\/www.pigrecoemme.com\/blog\/wp-content\/uploads\/2020\/07\/due-seminari-online.jpg?resize=350%2C200&ssl=1 1x, https:\/\/i0.wp.com\/www.pigrecoemme.com\/blog\/wp-content\/uploads\/2020\/07\/due-seminari-online.jpg?resize=525%2C300&ssl=1 1.5x, https:\/\/i0.wp.com\/www.pigrecoemme.com\/blog\/wp-content\/uploads\/2020\/07\/due-seminari-online.jpg?resize=700%2C400&ssl=1 2x, https:\/\/i0.wp.com\/www.pigrecoemme.com\/blog\/wp-content\/uploads\/2020\/07\/due-seminari-online.jpg?resize=1050%2C600&ssl=1 3x, https:\/\/i0.wp.com\/www.pigrecoemme.com\/blog\/wp-content\/uploads\/2020\/07\/due-seminari-online.jpg?resize=1400%2C800&ssl=1 4x"},"classes":[]},{"id":2500,"url":"https:\/\/www.pigrecoemme.com\/blog\/situazione-critica-8-laudiovisivo-nellera-post-network\/","url_meta":{"origin":2205,"position":4},"title":"Situazione Critica #8: L\u2019audiovisivo nell&#8217;era post-network","author":"Pigrecoemme","date":"30 Settembre 2019","format":false,"excerpt":"\u00a0 L\u2019ottavo appuntamento di \"Situazione Critica\" - l\u2019iniziativa della scuola di cinema Pigrecoemme di Napoli cominciata a maggio 2018 per celebrare i nostri 18 anni di attivit\u00e0 - \u00a0si terr\u00e0 marted\u00ec 8 ottobre 2019 alle ore 16:30 e avr\u00e0 come oggetto l\u2019era post-network. Ne parleranno, con Rosario Gallone, il giornalista\u2026","rel":"","context":"In &quot;Analisi e Critica&quot;","block_context":{"text":"Analisi e Critica","link":"https:\/\/www.pigrecoemme.com\/blog\/analisi-e-critica-2\/"},"img":{"alt_text":"SITUAZIONE CRITICA #8: L\u2019audiovisivo nell'era post-network","src":"https:\/\/i0.wp.com\/www.pigrecoemme.com\/blog\/wp-content\/uploads\/2019\/09\/situazione-critica-8.jpg?resize=350%2C200","width":350,"height":200,"srcset":"https:\/\/i0.wp.com\/www.pigrecoemme.com\/blog\/wp-content\/uploads\/2019\/09\/situazione-critica-8.jpg?resize=350%2C200 1x, https:\/\/i0.wp.com\/www.pigrecoemme.com\/blog\/wp-content\/uploads\/2019\/09\/situazione-critica-8.jpg?resize=525%2C300 1.5x, https:\/\/i0.wp.com\/www.pigrecoemme.com\/blog\/wp-content\/uploads\/2019\/09\/situazione-critica-8.jpg?resize=700%2C400 2x"},"classes":[]},{"id":1197,"url":"https:\/\/www.pigrecoemme.com\/blog\/corso-di-analisi-e-critica-speciale-francesco-rosi\/","url_meta":{"origin":2205,"position":5},"title":"Corso di Analisi e critica Speciale Francesco Rosi","author":"Rosario Gallone","date":"14 Gennaio 2015","format":false,"excerpt":"\u00a0 Il corso di Analisi e Critica di Pigrecoemme che parte il prossimo 30 gennaio non sar\u00e0 come gli altri. E per due motivi: 1) per la prima volta abbiamo deciso di rendere\u00a0la seconda parte del corso, quella dedicata all'analisi di testi filmici, monografica. Non 4 monadi isolate, legate solo\u2026","rel":"","context":"In &quot;Scuola di cinema&quot;","block_context":{"text":"Scuola di cinema","link":"https:\/\/www.pigrecoemme.com\/blog\/scuola-di-cinema\/"},"img":{"alt_text":"corso-di-critica-cinematografica_rosi","src":"https:\/\/i0.wp.com\/www.pigrecoemme.com\/blog\/wp-content\/uploads\/2015\/01\/corso-di-critica-cinematografica_rosi.png?resize=350%2C200","width":350,"height":200,"srcset":"https:\/\/i0.wp.com\/www.pigrecoemme.com\/blog\/wp-content\/uploads\/2015\/01\/corso-di-critica-cinematografica_rosi.png?resize=350%2C200 1x, https:\/\/i0.wp.com\/www.pigrecoemme.com\/blog\/wp-content\/uploads\/2015\/01\/corso-di-critica-cinematografica_rosi.png?resize=525%2C300 1.5x"},"classes":[]}],"jetpack_featured_media_url":"","_links":{"self":[{"href":"https:\/\/www.pigrecoemme.com\/blog\/wp-json\/wp\/v2\/posts\/2205","targetHints":{"allow":["GET"]}}],"collection":[{"href":"https:\/\/www.pigrecoemme.com\/blog\/wp-json\/wp\/v2\/posts"}],"about":[{"href":"https:\/\/www.pigrecoemme.com\/blog\/wp-json\/wp\/v2\/types\/post"}],"author":[{"embeddable":true,"href":"https:\/\/www.pigrecoemme.com\/blog\/wp-json\/wp\/v2\/users\/4"}],"replies":[{"embeddable":true,"href":"https:\/\/www.pigrecoemme.com\/blog\/wp-json\/wp\/v2\/comments?post=2205"}],"version-history":[{"count":0,"href":"https:\/\/www.pigrecoemme.com\/blog\/wp-json\/wp\/v2\/posts\/2205\/revisions"}],"wp:attachment":[{"href":"https:\/\/www.pigrecoemme.com\/blog\/wp-json\/wp\/v2\/media?parent=2205"}],"wp:term":[{"taxonomy":"category","embeddable":true,"href":"https:\/\/www.pigrecoemme.com\/blog\/wp-json\/wp\/v2\/categories?post=2205"},{"taxonomy":"post_tag","embeddable":true,"href":"https:\/\/www.pigrecoemme.com\/blog\/wp-json\/wp\/v2\/tags?post=2205"}],"curies":[{"name":"wp","href":"https:\/\/api.w.org\/{rel}","templated":true}]}}